{"id":161898,"date":"2025-12-11T06:45:00","date_gmt":"2025-12-11T03:45:00","guid":{"rendered":"https:\/\/buletin.de\/bucuresti\/?p=161898"},"modified":"2025-12-10T23:38:01","modified_gmt":"2025-12-10T20:38:01","slug":"pinocchio-ajunge-la-sala-luceafarul-inainte-de-craciun","status":"publish","type":"post","link":"https:\/\/buletin.de\/bucuresti\/pinocchio-ajunge-la-sala-luceafarul-inainte-de-craciun\/","title":{"rendered":"\u201ePinocchio\u201d ajunge la Sala Luceaf\u0103rul, \u00eenainte de Cr\u0103ciun"},"content":{"rendered":"\n<p><strong>Spectacolul \u201ePinocchio\u201d se joac\u0103 la Sala Luceaf\u0103rul, \u00eenainte de s\u0103rb\u0103tori. Evenimentul are loc pe 14 decembrie, de la ora 10:00.<\/strong><\/p>\n\n\n\n<p><strong><em>\u00cen pragul s\u0103rb\u0103torilor, copiii \u00eel ajut\u0103 s\u0103 descopere adev\u0103rul, prietenia \u0219i curajul \u2014 devenind parte din poveste. Un spectacol pentru \u00eentreaga familie, potrivit pentru un \u00eenceput de s\u0103rb\u0103toare tr\u0103it cu z\u00e2mbete, emo\u021bie \u0219i dorin\u021be care prind via\u021b\u0103.<\/em><\/strong><\/p>\n\n\n\n<p>Atelierul de crea\u021bie este prezent, \u0219i \u00een acest weekend, \u00een foaier.<\/p>\n\n\n\n<p>Biletele le g\u0103si\u021bi aici: <a href=\"https:\/\/l.facebook.com\/l.php?u=https%3A%2F%2Fwww.ambilet.ro%2Fqfeel%2F%3Ffbclid%3DIwZXh0bgNhZW0CMTAAYnJpZBEwNDhzR1V5cWlmY0NobnI5ZHNydGMGYXBwX2lkEDIyMjAzOTE3ODgyMDA4OTIAAR7L7d3uaGBAuJ4iZL1wV3Ye3EBYJS17Xzs-Tlk-DRSVTxOxEr0GcKTialIFDw_aem_cIguzUxcpmYVf3CnAaVfsQ&amp;h=AT2ueazolZAnPydWSAzw9sMfICeB7ALNEDdcL_qkm0alObmgIJEukR0oJBHbJFpiQHktnTF-r8SnWLkVbbArs0yhGeOMv3KbKWqNFyR3DM78IDrnbMh1N0_7A4GseWeh2wi6nrwS2nIO35973afAKOD6AemBUw8MLahadOA&amp;__tn__=-UK-R&amp;c[0]=AT02QnXXBiNsED-4DkOumb7PheNfwl0N2CeALRE0H1ugG0pfCcJn5DAnXnCQgRZJkHMvVlY2UBzg_YWZzZhmXXT9QS_65eigZBqyaUc9fiQLrt5UE5ybxX2yPEEauakdg_Rcgw4JPpyUCzhYGePvPmcoQ0kj6S3SlKFkzEi62DcuO2efKmt72_3jUb2m71pTtWt7u74anyfJe40\" target=\"_blank\" rel=\"noreferrer noopener\">https:\/\/www.ambilet.ro\/qfeel\/<\/a><\/p>\n\n\n\n<h2 class=\"wp-block-heading\" id=\"h-ce-inva\u021ba-copiii-din-aceasta-povestea-lui-pinocchio\">Ce \u00eenva\u021b\u0103 copiii din aceast\u0103 povestea lui \u201ePinocchio\u201d <\/h2>\n\n\n\n<ul class=\"wp-block-list\">\n<li>minciuna are nasul lung\u2026 dar adev\u0103rul deschide inimi;<\/li>\n\n\n\n<li>gre\u0219elile sunt lec\u021bii din care putem cre\u0219te;<\/li>\n\n\n\n<li>iubirea \u0219i prietenia te pot transforma \u00een cea mai bun\u0103 versiune a ta;<\/li>\n\n\n\n<li>visurile devin realitate atunci c\u00e2nd munce\u0219ti cu sufletul;<\/li>\n<\/ul>\n\n\n\n<h2 class=\"wp-block-heading\" id=\"h-personajele-din-povestea-pinocchio\">Personajele din povestea \u201ePinocchio\u201d<\/h2>\n\n\n\n<ul class=\"wp-block-list\">\n<li>Pinocchio \u2013 curios, sincer \u0219i dornic s\u0103 descopere lumea;<\/li>\n\n\n\n<li>Geppetto \u2013 t\u00e2mplarul bun care \u00ee\u0219i dore\u0219te un fiu;<\/li>\n\n\n\n<li>Z\u00e2na Albastr\u0103 \u2013 ghidul magic care \u00eel ajut\u0103 pe Pinocchio s\u0103-\u0219i g\u0103seasc\u0103 drumul;<\/li>\n\n\n\n<li>Greiera\u0219ul \u2013 con\u0219tiin\u021ba sa, mereu pus pe sfaturi amuzante;<\/li>\n\n\n\n<li>Stromboli \u2013 p\u0103pu\u0219arul viclean;<\/li>\n\n\n\n<li>Vulpi\u021ba \u0219i Motanul \u2013 mae\u0219tri ai \u00eencurc\u0103turilor.<\/li>\n<\/ul>\n\n\n\n<p>V\u00e2rsta recomandat\u0103 pentru acest spectacol, care dureaz\u0103 aproximativ 50 de minute, este de peste doi ani.<\/p>\n\n\n\n<p><strong>\u00a0CITE\u0218TE \u0218I:<\/strong> <a href=\"https:\/\/buletin.de\/bucuresti\/programul-targului-de-craciun-bucuresti-din-piata-constitutiei-pentru-weekendul-12-14-decembrie\/\"><strong>Programul T\u00e2rgului de Cr\u0103ciun Bucure\u0219ti, din Pia\u021ba Constitu\u021biei, pentru weekendul 12 \u2013 14 decembrie<\/strong><\/a><\/p>\n\n\n\n<h2 class=\"wp-block-heading\" id=\"h-in-a\u0219teptarea-craciunului-ateliere-pentru-copii-la-muzeul-antipa\">\u201e\u00cen a\u0219teptarea Cr\u0103ciunului\u201d, ateliere pentru copii la Muzeul Antipa<\/h2>\n\n\n\n<p><strong>Muzeul Na\u021bional de Istorie Natural\u0103 \u201eGrigore Antipa\u201d&nbsp;organizeaz\u0103 \u0219i anul acesta la atelierul creativ&nbsp;\u201e\u00cen a\u0219teptarea Cr\u0103ciunului\u201d, edi\u021bia a V-a. Evenimentul are loc duminic\u0103, 21 decembrie 2025, \u00een&nbsp;Sala Atelier, \u00eentre orele&nbsp;10:15 \u0219i 11:45.<\/strong><\/p>\n\n\n\n<p>Copiii vor experimenta materialele de lucru, vor combina forme \u0219i texturi, vor decupa, picta, t\u0103ia \u0219i lipi. Toate obiectele realizate \u00een timpul atelierului vor putea fi luate acas\u0103 la finalul atelierului \u201e\u00cen a\u0219teptarea Cr\u0103ciunului\u201d.<\/p>\n\n\n\n<p>Atelierul este destinat copiilor cu v\u00e2rste cuprinse \u00eentre&nbsp;<strong>6 \u0219i 11 ani<\/strong>.<\/p>\n\n\n\n<p><strong>Taxa de participare:<\/strong><\/p>\n\n\n\n<ul class=\"wp-block-list\">\n<li><strong>80 lei\/participant;<\/strong><\/li>\n\n\n\n<li><strong>150 lei\/2 fra\u021bi.<\/strong><\/li>\n<\/ul>\n\n\n\n<p><strong>&nbsp;\u00censcrierea copiilor&nbsp;<\/strong>se face prin formularul&nbsp;<a href=\"https:\/\/antipa.ro\/rezervari\">https:\/\/antipa.ro\/rezervari<\/a>&nbsp;\u00een limita a 15 locuri\/grup\u0103.<\/p>\n\n\n\n<p>Dup\u0103 completarea formularului, participan\u021bii vor primi un email de confirmare a rezerv\u0103rii locului, iar apoi ve\u021bi putea achita taxa de participare prin&nbsp;<a href=\"https:\/\/antipa.bilet.ro\/\">https:\/\/antipa.bilet.ro<\/a>&nbsp;. Rezervarea locului se transmite doar dup\u0103 achitarea taxei de participare.<\/p>\n\n\n\n<p><strong>Pentru formarea unei grupe, la atelierul \u201e\u00cen a\u0219teptarea Cr\u0103ciunului\u201d<\/strong>,<strong>&nbsp;este necesar un num\u0103r de minimum \u0219ase participan\u021bi.<\/strong><\/p>\n\n\n\n<p><strong>\u00a0CITE\u0218TE \u0218I:<\/strong><\/p>\n","protected":false},"excerpt":{"rendered":"<p>Spectacolul \u201ePinocchio\u201d se joac\u0103 la Sala Luceaf\u0103rul, \u00eenainte de s\u0103rb\u0103tori. Evenimentul are loc pe 14 decembrie, de la ora 10:00. \u00cen pragul s\u0103rb\u0103torilor, copiii \u00eel ajut\u0103 s\u0103 descopere adev\u0103rul, prietenia \u0219i curajul \u2014 devenind parte din poveste. Un spectacol pentru \u00eentreaga familie, potrivit pentru un \u00eenceput de s\u0103rb\u0103toare tr\u0103it cu z\u00e2mbete, emo\u021bie \u0219i dorin\u021be care [&hellip;]<\/p>\n","protected":false},"author":49,"featured_media":161902,"comment_status":"closed","ping_status":"open","sticky":false,"template":"","format":"standard","meta":{"_acf_changed":false,"inline_featured_image":false,"ngg_post_thumbnail":0,"footnotes":""},"categories":[6994,81,62],"tags":[1031,25079,25080],"ppma_author":[22574],"class_list":["post-161898","post","type-post","status-publish","format-standard","has-post-thumbnail","hentry","category-stiri-2","category-cultura","category-stiri","tag-muzeul-antipa","tag-pinocchio","tag-sala-luceafarul-2"],"acf":[],"yoast_head":"<!-- This site is optimized with the Yoast SEO Premium plugin v25.3 (Yoast SEO v27.4) - https:\/\/yoast.com\/product\/yoast-seo-premium-wordpress\/ -->\n<title>\u201ePinocchio\u201d ajunge la Sala Luceaf\u0103rul, \u00eenainte de Cr\u0103ciun - Buletin de Bucure\u0219ti<\/title>\n<meta name=\"description\" content=\"Spectacolul \u201ePinocchio\u201d se joac\u0103 la Sala Luceaf\u0103rul, \u00eenainte de s\u0103rb\u0103tori. Evenimentul are pe 14 decembrie, de la ora 10:00.\" \/>\n<meta name=\"robots\" content=\"index, follow, max-snippet:-1, max-image-preview:large, max-video-preview:-1\" \/>\n<link rel=\"canonical\" href=\"https:\/\/buletin.de\/bucuresti\/pinocchio-ajunge-la-sala-luceafarul-inainte-de-craciun\/\" \/>\n<meta property=\"og:locale\" content=\"en_GB\" \/>\n<meta property=\"og:type\" content=\"article\" \/>\n<meta property=\"og:title\" content=\"\u201ePinocchio\u201d ajunge la Sala Luceaf\u0103rul, \u00eenainte de Cr\u0103ciun\" \/>\n<meta property=\"og:description\" content=\"Spectacolul \u201ePinocchio\u201d se joac\u0103 la Sala Luceaf\u0103rul, \u00eenainte de s\u0103rb\u0103tori. Evenimentul are pe 14 decembrie, de la ora 10:00.\" \/>\n<meta property=\"og:url\" content=\"https:\/\/buletin.de\/bucuresti\/pinocchio-ajunge-la-sala-luceafarul-inainte-de-craciun\/\" \/>\n<meta property=\"og:site_name\" content=\"Buletin de Bucure\u0219ti\" \/>\n<meta property=\"article:publisher\" content=\"https:\/\/www.facebook.com\/buletin.de.buc\" \/>\n<meta property=\"article:published_time\" content=\"2025-12-11T03:45:00+00:00\" \/>\n<meta property=\"og:image\" content=\"https:\/\/buletin.de\/bucuresti\/wp-content\/uploads\/2025\/12\/Martin-Original-Pinocchio-Lying.webp\" \/>\n\t<meta property=\"og:image:width\" content=\"2000\" \/>\n\t<meta property=\"og:image:height\" content=\"1269\" \/>\n\t<meta property=\"og:image:type\" content=\"image\/webp\" \/>\n<meta name=\"author\" content=\"Diana Matei\" \/>\n<meta name=\"twitter:card\" content=\"summary_large_image\" \/>\n<meta name=\"twitter:label1\" content=\"Written by\" \/>\n\t<meta name=\"twitter:data1\" content=\"Diana Matei\" \/>\n\t<meta name=\"twitter:label2\" content=\"Estimated reading time\" \/>\n\t<meta name=\"twitter:data2\" content=\"2 minutes\" \/>\n<script type=\"application\/ld+json\" class=\"yoast-schema-graph\">{\"@context\":\"https:\\\/\\\/schema.org\",\"@graph\":[{\"@type\":\"Article\",\"@id\":\"https:\\\/\\\/buletin.de\\\/bucuresti\\\/pinocchio-ajunge-la-sala-luceafarul-inainte-de-craciun\\\/#article\",\"isPartOf\":{\"@id\":\"https:\\\/\\\/buletin.de\\\/bucuresti\\\/pinocchio-ajunge-la-sala-luceafarul-inainte-de-craciun\\\/\"},\"author\":{\"name\":\"Diana Matei\",\"@id\":\"https:\\\/\\\/buletin.de\\\/bucuresti\\\/#\\\/schema\\\/person\\\/7e46040573290777280a0835d81ea4ea\"},\"headline\":\"\u201ePinocchio\u201d ajunge la Sala Luceaf\u0103rul, \u00eenainte de Cr\u0103ciun\",\"datePublished\":\"2025-12-11T03:45:00+00:00\",\"mainEntityOfPage\":{\"@id\":\"https:\\\/\\\/buletin.de\\\/bucuresti\\\/pinocchio-ajunge-la-sala-luceafarul-inainte-de-craciun\\\/\"},\"wordCount\":439,\"publisher\":{\"@id\":\"https:\\\/\\\/buletin.de\\\/bucuresti\\\/#organization\"},\"image\":{\"@id\":\"https:\\\/\\\/buletin.de\\\/bucuresti\\\/pinocchio-ajunge-la-sala-luceafarul-inainte-de-craciun\\\/#primaryimage\"},\"thumbnailUrl\":\"https:\\\/\\\/buletin.de\\\/bucuresti\\\/wp-content\\\/uploads\\\/2025\\\/12\\\/Martin-Original-Pinocchio-Lying.webp\",\"keywords\":[\"muzeul antipa\",\"Pinocchio\",\"Sala Luceafarul\"],\"articleSection\":[\"Articole\",\"Cultur\u0103\",\"\u0218tiri\"],\"inLanguage\":\"en-GB\",\"copyrightYear\":\"2025\",\"copyrightHolder\":{\"@id\":\"https:\\\/\\\/buletin.de\\\/bucuresti\\\/#organization\"}},{\"@type\":\"WebPage\",\"@id\":\"https:\\\/\\\/buletin.de\\\/bucuresti\\\/pinocchio-ajunge-la-sala-luceafarul-inainte-de-craciun\\\/\",\"url\":\"https:\\\/\\\/buletin.de\\\/bucuresti\\\/pinocchio-ajunge-la-sala-luceafarul-inainte-de-craciun\\\/\",\"name\":\"\u201ePinocchio\u201d ajunge la Sala Luceaf\u0103rul, \u00eenainte de Cr\u0103ciun - Buletin de Bucure\u0219ti\",\"isPartOf\":{\"@id\":\"https:\\\/\\\/buletin.de\\\/bucuresti\\\/#website\"},\"primaryImageOfPage\":{\"@id\":\"https:\\\/\\\/buletin.de\\\/bucuresti\\\/pinocchio-ajunge-la-sala-luceafarul-inainte-de-craciun\\\/#primaryimage\"},\"image\":{\"@id\":\"https:\\\/\\\/buletin.de\\\/bucuresti\\\/pinocchio-ajunge-la-sala-luceafarul-inainte-de-craciun\\\/#primaryimage\"},\"thumbnailUrl\":\"https:\\\/\\\/buletin.de\\\/bucuresti\\\/wp-content\\\/uploads\\\/2025\\\/12\\\/Martin-Original-Pinocchio-Lying.webp\",\"datePublished\":\"2025-12-11T03:45:00+00:00\",\"description\":\"Spectacolul \u201ePinocchio\u201d se joac\u0103 la Sala Luceaf\u0103rul, \u00eenainte de s\u0103rb\u0103tori. Evenimentul are pe 14 decembrie, de la ora 10:00.\",\"breadcrumb\":{\"@id\":\"https:\\\/\\\/buletin.de\\\/bucuresti\\\/pinocchio-ajunge-la-sala-luceafarul-inainte-de-craciun\\\/#breadcrumb\"},\"inLanguage\":\"en-GB\",\"potentialAction\":[{\"@type\":\"ReadAction\",\"target\":[\"https:\\\/\\\/buletin.de\\\/bucuresti\\\/pinocchio-ajunge-la-sala-luceafarul-inainte-de-craciun\\\/\"]}]},{\"@type\":\"ImageObject\",\"inLanguage\":\"en-GB\",\"@id\":\"https:\\\/\\\/buletin.de\\\/bucuresti\\\/pinocchio-ajunge-la-sala-luceafarul-inainte-de-craciun\\\/#primaryimage\",\"url\":\"https:\\\/\\\/buletin.de\\\/bucuresti\\\/wp-content\\\/uploads\\\/2025\\\/12\\\/Martin-Original-Pinocchio-Lying.webp\",\"contentUrl\":\"https:\\\/\\\/buletin.de\\\/bucuresti\\\/wp-content\\\/uploads\\\/2025\\\/12\\\/Martin-Original-Pinocchio-Lying.webp\",\"width\":2000,\"height\":1269,\"caption\":\"\u201ePinocchio\u201d ajunge la Sala Luceaf\u0103rul \u00eenainte de Cr\u0103ciun. FOTO: newyorker.com\"},{\"@type\":\"BreadcrumbList\",\"@id\":\"https:\\\/\\\/buletin.de\\\/bucuresti\\\/pinocchio-ajunge-la-sala-luceafarul-inainte-de-craciun\\\/#breadcrumb\",\"itemListElement\":[{\"@type\":\"ListItem\",\"position\":1,\"name\":\"Acas\u0103\",\"item\":\"https:\\\/\\\/buletin.de\\\/bucuresti\\\/\"},{\"@type\":\"ListItem\",\"position\":2,\"name\":\"\u201ePinocchio\u201d ajunge la Sala Luceaf\u0103rul, \u00eenainte de Cr\u0103ciun\"}]},{\"@type\":\"WebSite\",\"@id\":\"https:\\\/\\\/buletin.de\\\/bucuresti\\\/#website\",\"url\":\"https:\\\/\\\/buletin.de\\\/bucuresti\\\/\",\"name\":\"Buletin de Bucure\u0219ti\",\"description\":\"\u0218tiri \u0219i investiga\u021bii esen\u021biale din capital\u0103\",\"publisher\":{\"@id\":\"https:\\\/\\\/buletin.de\\\/bucuresti\\\/#organization\"},\"potentialAction\":[{\"@type\":\"SearchAction\",\"target\":{\"@type\":\"EntryPoint\",\"urlTemplate\":\"https:\\\/\\\/buletin.de\\\/bucuresti\\\/?s={search_term_string}\"},\"query-input\":{\"@type\":\"PropertyValueSpecification\",\"valueRequired\":true,\"valueName\":\"search_term_string\"}}],\"inLanguage\":\"en-GB\"},{\"@type\":\"Organization\",\"@id\":\"https:\\\/\\\/buletin.de\\\/bucuresti\\\/#organization\",\"name\":\"Buletin de Bucure\u0219ti\",\"url\":\"https:\\\/\\\/buletin.de\\\/bucuresti\\\/\",\"logo\":{\"@type\":\"ImageObject\",\"inLanguage\":\"en-GB\",\"@id\":\"https:\\\/\\\/buletin.de\\\/bucuresti\\\/#\\\/schema\\\/logo\\\/image\\\/\",\"url\":\"https:\\\/\\\/buletin.de\\\/bucuresti\\\/wp-content\\\/uploads\\\/logo-bdb-full-wide-vernil-transparent.png\",\"contentUrl\":\"https:\\\/\\\/buletin.de\\\/bucuresti\\\/wp-content\\\/uploads\\\/logo-bdb-full-wide-vernil-transparent.png\",\"width\":1782,\"height\":626,\"caption\":\"Buletin de Bucure\u0219ti\"},\"image\":{\"@id\":\"https:\\\/\\\/buletin.de\\\/bucuresti\\\/#\\\/schema\\\/logo\\\/image\\\/\"},\"sameAs\":[\"https:\\\/\\\/www.facebook.com\\\/buletin.de.buc\",\"https:\\\/\\\/www.instagram.com\\\/buletinde.bucuresti\\\/\"]},{\"@type\":\"Person\",\"@id\":\"https:\\\/\\\/buletin.de\\\/bucuresti\\\/#\\\/schema\\\/person\\\/7e46040573290777280a0835d81ea4ea\",\"name\":\"Diana Matei\",\"image\":{\"@type\":\"ImageObject\",\"inLanguage\":\"en-GB\",\"@id\":\"https:\\\/\\\/buletin.de\\\/bucuresti\\\/wp-content\\\/uploads\\\/9-2-96x96.jpg1e8590b30871d70e62ebcdaf2eff570c\",\"url\":\"https:\\\/\\\/buletin.de\\\/bucuresti\\\/wp-content\\\/uploads\\\/9-2-96x96.jpg\",\"contentUrl\":\"https:\\\/\\\/buletin.de\\\/bucuresti\\\/wp-content\\\/uploads\\\/9-2-96x96.jpg\",\"caption\":\"Diana Matei\"},\"url\":\"https:\\\/\\\/buletin.de\\\/bucuresti\\\/author\\\/dianamatei\\\/\"}]}<\/script>\n<!-- \/ Yoast SEO Premium plugin. -->","yoast_head_json":{"title":"\u201ePinocchio\u201d ajunge la Sala Luceaf\u0103rul, \u00eenainte de Cr\u0103ciun - Buletin de Bucure\u0219ti","description":"Spectacolul \u201ePinocchio\u201d se joac\u0103 la Sala Luceaf\u0103rul, \u00eenainte de s\u0103rb\u0103tori. Evenimentul are pe 14 decembrie, de la ora 10:00.","robots":{"index":"index","follow":"follow","max-snippet":"max-snippet:-1","max-image-preview":"max-image-preview:large","max-video-preview":"max-video-preview:-1"},"canonical":"https:\/\/buletin.de\/bucuresti\/pinocchio-ajunge-la-sala-luceafarul-inainte-de-craciun\/","og_locale":"en_GB","og_type":"article","og_title":"\u201ePinocchio\u201d ajunge la Sala Luceaf\u0103rul, \u00eenainte de Cr\u0103ciun","og_description":"Spectacolul \u201ePinocchio\u201d se joac\u0103 la Sala Luceaf\u0103rul, \u00eenainte de s\u0103rb\u0103tori. Evenimentul are pe 14 decembrie, de la ora 10:00.","og_url":"https:\/\/buletin.de\/bucuresti\/pinocchio-ajunge-la-sala-luceafarul-inainte-de-craciun\/","og_site_name":"Buletin de Bucure\u0219ti","article_publisher":"https:\/\/www.facebook.com\/buletin.de.buc","article_published_time":"2025-12-11T03:45:00+00:00","og_image":[{"width":2000,"height":1269,"url":"https:\/\/buletin.de\/bucuresti\/wp-content\/uploads\/2025\/12\/Martin-Original-Pinocchio-Lying.webp","type":"image\/webp"}],"author":"Diana Matei","twitter_card":"summary_large_image","twitter_misc":{"Written by":"Diana Matei","Estimated reading time":"2 minutes"},"schema":{"@context":"https:\/\/schema.org","@graph":[{"@type":"Article","@id":"https:\/\/buletin.de\/bucuresti\/pinocchio-ajunge-la-sala-luceafarul-inainte-de-craciun\/#article","isPartOf":{"@id":"https:\/\/buletin.de\/bucuresti\/pinocchio-ajunge-la-sala-luceafarul-inainte-de-craciun\/"},"author":{"name":"Diana Matei","@id":"https:\/\/buletin.de\/bucuresti\/#\/schema\/person\/7e46040573290777280a0835d81ea4ea"},"headline":"\u201ePinocchio\u201d ajunge la Sala Luceaf\u0103rul, \u00eenainte de Cr\u0103ciun","datePublished":"2025-12-11T03:45:00+00:00","mainEntityOfPage":{"@id":"https:\/\/buletin.de\/bucuresti\/pinocchio-ajunge-la-sala-luceafarul-inainte-de-craciun\/"},"wordCount":439,"publisher":{"@id":"https:\/\/buletin.de\/bucuresti\/#organization"},"image":{"@id":"https:\/\/buletin.de\/bucuresti\/pinocchio-ajunge-la-sala-luceafarul-inainte-de-craciun\/#primaryimage"},"thumbnailUrl":"https:\/\/buletin.de\/bucuresti\/wp-content\/uploads\/2025\/12\/Martin-Original-Pinocchio-Lying.webp","keywords":["muzeul antipa","Pinocchio","Sala Luceafarul"],"articleSection":["Articole","Cultur\u0103","\u0218tiri"],"inLanguage":"en-GB","copyrightYear":"2025","copyrightHolder":{"@id":"https:\/\/buletin.de\/bucuresti\/#organization"}},{"@type":"WebPage","@id":"https:\/\/buletin.de\/bucuresti\/pinocchio-ajunge-la-sala-luceafarul-inainte-de-craciun\/","url":"https:\/\/buletin.de\/bucuresti\/pinocchio-ajunge-la-sala-luceafarul-inainte-de-craciun\/","name":"\u201ePinocchio\u201d ajunge la Sala Luceaf\u0103rul, \u00eenainte de Cr\u0103ciun - Buletin de Bucure\u0219ti","isPartOf":{"@id":"https:\/\/buletin.de\/bucuresti\/#website"},"primaryImageOfPage":{"@id":"https:\/\/buletin.de\/bucuresti\/pinocchio-ajunge-la-sala-luceafarul-inainte-de-craciun\/#primaryimage"},"image":{"@id":"https:\/\/buletin.de\/bucuresti\/pinocchio-ajunge-la-sala-luceafarul-inainte-de-craciun\/#primaryimage"},"thumbnailUrl":"https:\/\/buletin.de\/bucuresti\/wp-content\/uploads\/2025\/12\/Martin-Original-Pinocchio-Lying.webp","datePublished":"2025-12-11T03:45:00+00:00","description":"Spectacolul \u201ePinocchio\u201d se joac\u0103 la Sala Luceaf\u0103rul, \u00eenainte de s\u0103rb\u0103tori. Evenimentul are pe 14 decembrie, de la ora 10:00.","breadcrumb":{"@id":"https:\/\/buletin.de\/bucuresti\/pinocchio-ajunge-la-sala-luceafarul-inainte-de-craciun\/#breadcrumb"},"inLanguage":"en-GB","potentialAction":[{"@type":"ReadAction","target":["https:\/\/buletin.de\/bucuresti\/pinocchio-ajunge-la-sala-luceafarul-inainte-de-craciun\/"]}]},{"@type":"ImageObject","inLanguage":"en-GB","@id":"https:\/\/buletin.de\/bucuresti\/pinocchio-ajunge-la-sala-luceafarul-inainte-de-craciun\/#primaryimage","url":"https:\/\/buletin.de\/bucuresti\/wp-content\/uploads\/2025\/12\/Martin-Original-Pinocchio-Lying.webp","contentUrl":"https:\/\/buletin.de\/bucuresti\/wp-content\/uploads\/2025\/12\/Martin-Original-Pinocchio-Lying.webp","width":2000,"height":1269,"caption":"\u201ePinocchio\u201d ajunge la Sala Luceaf\u0103rul \u00eenainte de Cr\u0103ciun. FOTO: newyorker.com"},{"@type":"BreadcrumbList","@id":"https:\/\/buletin.de\/bucuresti\/pinocchio-ajunge-la-sala-luceafarul-inainte-de-craciun\/#breadcrumb","itemListElement":[{"@type":"ListItem","position":1,"name":"Acas\u0103","item":"https:\/\/buletin.de\/bucuresti\/"},{"@type":"ListItem","position":2,"name":"\u201ePinocchio\u201d ajunge la Sala Luceaf\u0103rul, \u00eenainte de Cr\u0103ciun"}]},{"@type":"WebSite","@id":"https:\/\/buletin.de\/bucuresti\/#website","url":"https:\/\/buletin.de\/bucuresti\/","name":"Buletin de Bucure\u0219ti","description":"\u0218tiri \u0219i investiga\u021bii esen\u021biale din capital\u0103","publisher":{"@id":"https:\/\/buletin.de\/bucuresti\/#organization"},"potentialAction":[{"@type":"SearchAction","target":{"@type":"EntryPoint","urlTemplate":"https:\/\/buletin.de\/bucuresti\/?s={search_term_string}"},"query-input":{"@type":"PropertyValueSpecification","valueRequired":true,"valueName":"search_term_string"}}],"inLanguage":"en-GB"},{"@type":"Organization","@id":"https:\/\/buletin.de\/bucuresti\/#organization","name":"Buletin de Bucure\u0219ti","url":"https:\/\/buletin.de\/bucuresti\/","logo":{"@type":"ImageObject","inLanguage":"en-GB","@id":"https:\/\/buletin.de\/bucuresti\/#\/schema\/logo\/image\/","url":"https:\/\/buletin.de\/bucuresti\/wp-content\/uploads\/logo-bdb-full-wide-vernil-transparent.png","contentUrl":"https:\/\/buletin.de\/bucuresti\/wp-content\/uploads\/logo-bdb-full-wide-vernil-transparent.png","width":1782,"height":626,"caption":"Buletin de Bucure\u0219ti"},"image":{"@id":"https:\/\/buletin.de\/bucuresti\/#\/schema\/logo\/image\/"},"sameAs":["https:\/\/www.facebook.com\/buletin.de.buc","https:\/\/www.instagram.com\/buletinde.bucuresti\/"]},{"@type":"Person","@id":"https:\/\/buletin.de\/bucuresti\/#\/schema\/person\/7e46040573290777280a0835d81ea4ea","name":"Diana Matei","image":{"@type":"ImageObject","inLanguage":"en-GB","@id":"https:\/\/buletin.de\/bucuresti\/wp-content\/uploads\/9-2-96x96.jpg1e8590b30871d70e62ebcdaf2eff570c","url":"https:\/\/buletin.de\/bucuresti\/wp-content\/uploads\/9-2-96x96.jpg","contentUrl":"https:\/\/buletin.de\/bucuresti\/wp-content\/uploads\/9-2-96x96.jpg","caption":"Diana Matei"},"url":"https:\/\/buletin.de\/bucuresti\/author\/dianamatei\/"}]}},"authors":[{"term_id":22574,"user_id":49,"is_guest":0,"slug":"dianamatei","display_name":"Diana Matei","avatar_url":"https:\/\/buletin.de\/bucuresti\/wp-content\/uploads\/9-2-96x96.jpg","0":null,"1":"","2":"","3":"","4":"","5":"","6":"","7":"","8":""}],"_links":{"self":[{"href":"https:\/\/buletin.de\/bucuresti\/wp-json\/wp\/v2\/posts\/161898","targetHints":{"allow":["GET"]}}],"collection":[{"href":"https:\/\/buletin.de\/bucuresti\/wp-json\/wp\/v2\/posts"}],"about":[{"href":"https:\/\/buletin.de\/bucuresti\/wp-json\/wp\/v2\/types\/post"}],"author":[{"embeddable":true,"href":"https:\/\/buletin.de\/bucuresti\/wp-json\/wp\/v2\/users\/49"}],"replies":[{"embeddable":true,"href":"https:\/\/buletin.de\/bucuresti\/wp-json\/wp\/v2\/comments?post=161898"}],"version-history":[{"count":2,"href":"https:\/\/buletin.de\/bucuresti\/wp-json\/wp\/v2\/posts\/161898\/revisions"}],"predecessor-version":[{"id":161906,"href":"https:\/\/buletin.de\/bucuresti\/wp-json\/wp\/v2\/posts\/161898\/revisions\/161906"}],"wp:featuredmedia":[{"embeddable":true,"href":"https:\/\/buletin.de\/bucuresti\/wp-json\/wp\/v2\/media\/161902"}],"wp:attachment":[{"href":"https:\/\/buletin.de\/bucuresti\/wp-json\/wp\/v2\/media?parent=161898"}],"wp:term":[{"taxonomy":"category","embeddable":true,"href":"https:\/\/buletin.de\/bucuresti\/wp-json\/wp\/v2\/categories?post=161898"},{"taxonomy":"post_tag","embeddable":true,"href":"https:\/\/buletin.de\/bucuresti\/wp-json\/wp\/v2\/tags?post=161898"},{"taxonomy":"author","embeddable":true,"href":"https:\/\/buletin.de\/bucuresti\/wp-json\/wp\/v2\/ppma_author?post=161898"}],"curies":[{"name":"wp","href":"https:\/\/api.w.org\/{rel}","templated":true}]}}