{"id":161861,"date":"2025-12-10T20:51:40","date_gmt":"2025-12-10T17:51:40","guid":{"rendered":"https:\/\/buletin.de\/bucuresti\/?p=161861"},"modified":"2025-12-10T21:05:17","modified_gmt":"2025-12-10T18:05:17","slug":"cine-este-lia-savonea-personajul-principal-din-documentarul-recorder-promovata-la-inalta-curte-prin-concurs-organizat-in-afara-legii-sotul-sau-implicat-in-afaceri-imobiliare-in-chiajna-cu-conexiu","status":"publish","type":"post","link":"https:\/\/buletin.de\/bucuresti\/cine-este-lia-savonea-personajul-principal-din-documentarul-recorder-promovata-la-inalta-curte-prin-concurs-organizat-in-afara-legii-sotul-sau-implicat-in-afaceri-imobiliare-in-chiajna-cu-conexiu\/","title":{"rendered":"Cine este Lia Savonea, personajul principal din documentarul Recorder: promovat\u0103 la \u00cenalta Curte prin concurs organizat \u00een afara legii. So\u021bul s\u0103u, implicat \u00een afaceri imobiliare \u00een Chiajna, cu conexiuni cu interlopi"},"content":{"rendered":"\n<p><strong>\u0218efa \u00cenaltei Cur\u021bi de Casa\u021bie \u0219i Justi\u021bie este indicat\u0103 \u00een documentarul Recorder <a href=\"https:\/\/recorder.ro\/documentar-recorder-justitie-capturata\/\">Justi\u021bie Capturat\u0103 <\/a>ca fiind judec\u0103torul care controleaz\u0103 modul cum sunt solu\u021bionate dosarele de corup\u021bie \u00een favoarea inculpa\u021bilor bine pozi\u021biona\u021bi financiar. Cine este Lia Savonea.<\/strong><\/p>\n\n\n\n<p>\u201eEste arhicunoscut \u00een sistem c\u0103 \u00een ultimii ani s-a format un grup de influen\u021b\u0103 \u00een jurul Liei Savonea, care au ocupat mai multe pozi\u021bii importante \u0219i a folosit un sistem de recompense \u0219i pedepse, pentru a-\u0219i crea o re\u021bea de oameni fideli\u201d, acuz\u0103 un procuror DNA, sub protec\u021bia anonimatului. <\/p>\n\n\n\n<p>\u201e\u00cen sistemul judiciar, doamna Savonea este perceput\u0103 ca fiind liderul absolut al sistemului \u0219i are sub control Consiliul Superior al Magistraturii, Inspec\u021bia Judiciar\u0103, Sec\u021bia de cercetare special\u0103 a magistra\u021bilor. To\u021bi judec\u0103torii o consider\u0103 ca fiind conduc\u0103torul absolut al justi\u021biei din Rom\u00e2nia\u201d, a afirmat \u0219i judec\u0103torul Lauren\u021biu Be\u0219u, \u00een acela\u0219i documentar. <\/p>\n\n\n\n<h2 class=\"wp-block-heading\" id=\"h-cine-este-lia-savonea-concurs-organizat-cu-2-luni-mai-devreme-decat-prevede-legea\">Cine este Lia Savonea. Concurs organizat cu 2 luni mai devreme dec\u00e2t prevede legea<\/h2>\n\n\n\n<p><strong>Judec\u0103toarea Lia Savonea a intrat \u00een magistratur\u0103 \u00een 1999. A fost mai \u00eent\u00e2i judec\u0103tor la Judec\u0103toria Sectorului 6, apoi la Tribunalul Bucure\u0219ti \u0219i Curtea de Apel Bucure\u0219ti. \u00cen 2009 a devenit pre\u0219edinte al acestei instan\u021be. <\/strong><\/p>\n\n\n\n<p>\u00cen 2017, Lia Savonea a fost aleas\u0103 pentru un mandat de \u0219apte ani \u00een cadrul Consiliului Superior al Magistraturii (CSM), pe care l-a \u0219i condus ca pre\u0219edinte din 2019. \u00cen 2023 a promovat la Sec\u021bia Penal\u0103 a \u00cenaltei Cur\u021bii de Casa\u021bie \u0219i Justi\u021bie (ICCJ). Iar din 2025, a devenit pre\u0219edintele acestei instan\u021be supreme din Rom\u00e2nia. <\/p>\n\n\n\n<p>Concursul organizat anul acesta pentru alegerea sa ca \u0219ef al ICCJ a fost unul controversat. <\/p>\n\n\n\n<p><strong>La c\u00e2teva ore dup\u0103 alegerile preziden\u021biale c\u00e2\u0219tigate de Nicu\u0219or Dan, Consiliul Superior al Magistraturii (CSM) a anun\u021bat calendarul estimativ al procedurii de ocupare a pozi\u021biei de pre\u0219edinte al instan\u021bei supreme, de\u0219i mandatul \u0219efei \u00een func\u021bie expira abia \u00een septembrie. <\/strong><\/p>\n\n\n\n<p>\u00a0Legea privind statutul judec\u0103torilor \u0219i procurorilor prin demararea procedurii de alegere a pre\u0219edintelui ICCJ prevede c\u0103 procedura nu poate fi \u00eenceput\u0103 mai devreme de 60 de zile p\u00e2n\u0103 la momentul la care func\u021bia urmeaz\u0103 a se vacanta, a scris <a href=\"https:\/\/www.presshub.ro\/graba-suspecta-la-csm-pentru-numirea-noului-sef-al-instantei-supreme-374006\/\" target=\"_blank\" rel=\"noreferrer noopener\">PRESShub<\/a>. \u00cen schimb, CSM a \u00eenceput demersurile cu 120 de zile \u00eenainte. <\/p>\n\n\n\n<p>Concursul a fost c\u00e2\u0219tigat de Lia Savonea, care a fost \u0219i singura candidat\u0103. <\/p>\n\n\n\n<p>\u201eGraba sec\u021biei pentru judec\u0103tori a CSM este pus\u0103 pe temerea c\u0103 noua configura\u021bie politic\u0103 rezultat\u0103 \u00een urma alegerilor preziden\u021biale\u00a0<strong>ar putea modifica legea de numire a conducerii \u00ceCCJ, \u00een sensul c\u0103 aceast\u0103 prerogativ\u0103 ar putea s\u0103 se \u00eentoarc\u0103 la pre\u0219edintele Rom\u00e2niei,<\/strong>\u00a0a\u0219a cum a fost p\u00e2n\u0103 \u00een 2018, c\u00e2nd a fost modificat\u0103 prin legile justi\u021biei promovate de pesedistul Florin Iordache\u201d, explicau atunci surse judiciare pentru <strong>PRESShub<\/strong>.<\/p>\n\n\n\n<p><strong>CITE\u0218TE \u0218I:\u00a0<a href=\"https:\/\/buletin.de\/bucuresti\/schema-prin-care-a-fost-legalizat-cel-mai-mare-tun-imobiliar-din-istoria-capitalei-dosarul-lui-popoviciu-spalat-de-o-hidra-judiciara-recorder\/\" target=\"_blank\" rel=\"noreferrer noopener\">Schema prin care a fost legalizat cel mai mare tun imobiliar din istoria Capitalei: Dosarul lui Popoviciu, \u201esp\u0103lat\u201d de o hidr\u0103 judiciar\u0103 | Recorder<\/a><\/strong><\/p>\n\n\n\n<h2 class=\"wp-block-heading\" id=\"h-so\u021bul-implicat-in-afaceri-imobiliare-in-chiajna-cu-legaturi-cu-interlopi\">So\u021bul, implicat \u00een afaceri imobiliare \u00een Chiajna, cu leg\u0103turi cu interlopi<\/h2>\n\n\n\n<p><strong><a href=\"https:\/\/www.riseproject.ro\/investigations\/uncategorized\/secretul-imobiliar-al-unui-magistrat\/\" target=\"_blank\" rel=\"noreferrer noopener\">Rise Project <\/a>a scris \u00een 2023 c\u0103 so\u021bii Lia \u0219i Mihai Savonea \u00een 2006, \u00eempreun\u0103 cu un alt cuplu -Florian \u0219i Constan\u021ba Purcel, fratele \u0219i, respectiv, cumnata lui Mircea Minea, primarul comunei Chiajna de peste dou\u0103 decenii.<\/strong><\/p>\n\n\n\n<p>Au devenit atunci coproprietari pe un lot de 2500 de mp.&nbsp;Fiecare familie de\u021binea jum\u0103tate.<\/p>\n\n\n\n<p>C\u00e2\u021biva ani mai t\u00e2rziu, pe 28 octombrie 2011, acest teren trece \u00een proprietatea exclusiv\u0103 a Liei Savonea, printr-un act de partaj \u00eencheiat cu so\u021bul s\u0103u.\u00a0<\/p>\n\n\n\n<p>Mihai Savonea r\u0103m\u00e2ne proprietar exclusiv pe un alt lot de 1700 de mp, tot \u00een Chiajna, aproape de parc \u0219i actualul sediu al prim\u0103riei.<\/p>\n\n\n\n<p>Pe 17 aprilie 2018, Lia Savonea ob\u021bine o autoriza\u021bie de construire de la Prim\u0103ria Chiajna pentru un\u00a0<em>\u201eshowroom, birouri, garaje, spa\u021bii de depozitare, hotel anvelope\u201d<\/em>.\u00a0 Lucr\u0103rile erau estimate atunci la aproape 660.000 de lei (aproximativ\u00a0<a href=\"https:\/\/www.bnr.ro\/files\/xml\/nbrfxrates2018.htm\">142.000\u00a0<\/a>euro).<\/p>\n\n\n\n<p>Judec\u0103toarea \u0219i so\u021bii Purcel v\u00e2nd terenul \u00een 3 iulie 2018. Judec\u0103toarea l-a mandatat chiar pe so\u021bul ei s\u0103 semneze actele \u00een fa\u021ba notarului. A \u00eencasat 30.000 de euro pentru jum\u0103tate din teren, iar so\u021bii Purcel au primit, separat, aceea\u0219i sum\u0103.<\/p>\n\n\n\n<p>Pe terenul s\u0103u, Mihai Savonea devine partener cu Ionu\u021b Rare\u0219 Cojocaru, fiul unui fost magistrat, \u0219i so\u021bia lui, Anca Cristina Cojocaru, care aduce un milion de euro, bani cash pentru construc\u021bia unui bloc. <\/p>\n\n\n\n<p>Pe c\u00e2nd era partener de afaceri cu so\u021bul Liei Savonea, Ionu\u021b Rare\u0219 Cojocaru era \u0219i asociat \u00eentr-o companie cu Valentin Dibl\u0103, \u00een 2023 dat \u00een urm\u0103rire interna\u021bional\u0103 de Poli\u021bia Rom\u00e2n\u0103 pentru zeci de furturi \u00een Fran\u021ba.<br>(<a href=\"https:\/\/www.riseproject.ro\/investigations\/uncategorized\/secretul-imobiliar-al-unui-magistrat\/\" target=\"_blank\" rel=\"noreferrer noopener\">Detaliile \u00eentregii afaceri \u00een Rise Project)<\/a>.<\/p>\n\n\n\n<p><strong>CITE\u0218TE \u0218I:<a href=\"https:\/\/buletin.de\/bucuresti\/editorial-cine-i-a-salvat-de-fapt-pe-oprescu-vanghelie-si-popoviciu-justitia-este-capturata-dar-azi-nu-poate-fi-eliberata\/\" target=\"_blank\" rel=\"noreferrer noopener\"> EDITORIAL | Cine i-a salvat, de fapt, pe Oprescu, Vanghelie \u0219i Popoviciu. Justi\u021bia este capturat\u0103, dar azi nu poate fi eliberat\u0103<\/a><\/strong><\/p>\n\n\n\n<h2 class=\"wp-block-heading\" id=\"h-cine-este-alex-bodi-proxenetul-protejat-de-o-ruda-a-lui-mihai-\u0219i-lia-savonea\">Cine este Alex Bodi, proxenetul protejat de o rud\u0103 a lui Mihai \u0219i Lia Savonea<\/h2>\n\n\n\n<p><a href=\"https:\/\/www.presshub.ro\/familia-de-savonea-legaturile-extra-judiciare-ale-liei-s-presedinta-desemnata-a-instantei-supreme-378828\/\" target=\"_blank\" rel=\"noreferrer noopener\">PRESShub<\/a> a dezv\u0103luit la r\u00e2ndul s\u0103, \u00een iunie 2025, c\u0103 \u00een urm\u0103 cu 12 ani, o rud\u0103 a Liei Savonea, pre\u0219edinta desemnat\u0103 a instan\u021bei supreme, era angajat\u0103 consilier la Tribunalul Ilfov. Instan\u021ba era condus\u0103 de Roxana Petcu, actuala \u0219ef\u0103 a Inspec\u021biei Judiciare. <\/p>\n\n\n\n<p><strong>Dup\u0103 ani, nepoata Loredana Zalana devine manager economic al instan\u021bei, iar so\u021bul ei director adjunct \u00een CSM, c\u00e2t Lia e \u0219ef\u0103 a Consiliului. \u00cen 2021, so\u021bul judec\u0103toarei demareaz\u0103 o afacere cu o doamn\u0103 Coco\u0219, moment \u00een care interlopul Alex Bodi, angajatul lui Ovidiu Coco\u0219, rud\u0103 cu so\u021bul Liei Savonea, scap\u0103 de dosarul de proxenetism \u0219i cazul e trimis \u00eenapoi la procurori.<\/strong><\/p>\n\n\n\n<p><a href=\"https:\/\/spynews.ro\/actualitate\/stiri-interne\/afaceristul-misterios-care-la-angajat-pe-alex-bodi-cu-2300-de-euro-pe-luna-tranzactii-de-milioane-242936.html\">Presa a relatat<\/a>&nbsp;despre Ovidiu c\u0103 l-a angajat pe interlopul Alex Bodi la firma sa de imobiliare, imediat dup\u0103 ce a fost pus sub acuzare de procurorii DIICOT \u00eentr-un dosar de proxenetism, dup\u0103 ce ar fi torturat \u0219i drogat femei, ca s\u0103 produc\u0103 bani \u00een bordelurile din Germania.<\/p>\n\n\n\n<p>\u00cen ianuarie 2021, pe c\u00e2nd era \u00een arest la domiciliu, Bodi\u00a0<a href=\"https:\/\/www.cancan.ro\/alex-bodi-insista-sa-ia-legatura-cu-omul-sau-de-incredere-ce-raspuns-final-i-au-dat-magistratii-20346806\">a cerut instan\u021bei<\/a>\u00a0s\u0103 poat\u0103 lua leg\u0103tura cu Ovidiu Coco\u0219, omul pe numele c\u0103ruia \u0219i-ar fi trecut o mare parte din avere. <\/p>\n\n\n\n<p>Pentru publica\u021bia\u00a0<a href=\"https:\/\/publicrecord.ro\/2025\/02\/28\/conexiunile-unui-mercenar-horatiu-potra-vecin-cu-ministerul-apararii-relatii-cu-lumea-justitiei\/\">publicrecord<\/a>, Mihai Savonea, so\u021bul Liei, a recunoscut c\u0103 este rud\u0103 cu Ovidiu Coco\u0219, binef\u0103c\u0103torul lui Alex Bodi.\u00a0<\/p>\n","protected":false},"excerpt":{"rendered":"<p>\u0218efa \u00cenaltei Cur\u021bi de Casa\u021bie \u0219i Justi\u021bie este indicat\u0103 \u00een documentarul Recorder Justi\u021bie Capturat\u0103 ca fiind judec\u0103torul care controleaz\u0103 modul cum sunt solu\u021bionate dosarele de corup\u021bie \u00een favoarea inculpa\u021bilor bine pozi\u021biona\u021bi financiar. Cine este Lia Savonea. \u201eEste arhicunoscut \u00een sistem c\u0103 \u00een ultimii ani s-a format un grup de influen\u021b\u0103 \u00een jurul Liei Savonea, care [&hellip;]<\/p>\n","protected":false},"author":60,"featured_media":161865,"comment_status":"closed","ping_status":"open","sticky":false,"template":"","format":"standard","meta":{"_acf_changed":false,"inline_featured_image":false,"ngg_post_thumbnail":0,"footnotes":""},"categories":[6994,25061,5762],"tags":[25074,2579,8357,25071,3321],"ppma_author":[22582],"class_list":["post-161861","post","type-post","status-publish","format-standard","has-post-thumbnail","hentry","category-stiri-2","category-justitie","category-main","tag-documentar-recorder","tag-iccj","tag-inalta-curte-de-casatie-si-justitie","tag-lia-savonea","tag-recorder"],"acf":[],"yoast_head":"<!-- This site is optimized with the Yoast SEO Premium plugin v25.3 (Yoast SEO v27.4) - https:\/\/yoast.com\/product\/yoast-seo-premium-wordpress\/ -->\n<title>Cine este Lia Savonea, personajul principal din documentarul Recorder: promovat\u0103 la \u00cenalta Curte prin concurs organizat \u00een afara legii. So\u021bul s\u0103u, implicat \u00een afaceri imobiliare \u00een Chiajna, cu conexiuni cu interlopi - Buletin de Bucure\u0219ti<\/title>\n<meta name=\"description\" content=\"Cine este Lia Savonea, personajul principal din documentarul Recorder: promovat\u0103 la \u00cenalta Curte prin concurs organizat \u00een afara legii.\" \/>\n<meta name=\"robots\" content=\"index, follow, max-snippet:-1, max-image-preview:large, max-video-preview:-1\" \/>\n<link rel=\"canonical\" href=\"https:\/\/buletin.de\/bucuresti\/cine-este-lia-savonea-personajul-principal-din-documentarul-recorder-promovata-la-inalta-curte-prin-concurs-organizat-in-afara-legii-sotul-sau-implicat-in-afaceri-imobiliare-in-chiajna-cu-conexiu\/\" \/>\n<meta property=\"og:locale\" content=\"en_GB\" \/>\n<meta property=\"og:type\" content=\"article\" \/>\n<meta property=\"og:title\" content=\"Cine este Lia Savonea, personajul principal din documentarul Recorder: promovat\u0103 la \u00cenalta Curte prin concurs organizat \u00een afara legii. So\u021bul s\u0103u, implicat \u00een afaceri imobiliare \u00een Chiajna, cu conexiuni cu interlopi\" \/>\n<meta property=\"og:description\" content=\"Cine este Lia Savonea, personajul principal din documentarul Recorder: promovat\u0103 la \u00cenalta Curte prin concurs organizat \u00een afara legii.\" \/>\n<meta property=\"og:url\" content=\"https:\/\/buletin.de\/bucuresti\/cine-este-lia-savonea-personajul-principal-din-documentarul-recorder-promovata-la-inalta-curte-prin-concurs-organizat-in-afara-legii-sotul-sau-implicat-in-afaceri-imobiliare-in-chiajna-cu-conexiu\/\" \/>\n<meta property=\"og:site_name\" content=\"Buletin de Bucure\u0219ti\" \/>\n<meta property=\"article:publisher\" content=\"https:\/\/www.facebook.com\/buletin.de.buc\" \/>\n<meta property=\"article:published_time\" content=\"2025-12-10T17:51:40+00:00\" \/>\n<meta property=\"article:modified_time\" content=\"2025-12-10T18:05:17+00:00\" \/>\n<meta property=\"og:image\" content=\"https:\/\/buletin.de\/bucuresti\/wp-content\/uploads\/2025\/12\/liasavonea_INQUAM_Photos_Octav_Ganea.jpg\" \/>\n\t<meta property=\"og:image:width\" content=\"1200\" \/>\n\t<meta property=\"og:image:height\" content=\"800\" \/>\n\t<meta property=\"og:image:type\" content=\"image\/jpeg\" \/>\n<meta name=\"author\" content=\"R\u0103zvan Chiru\u021b\u0103\" \/>\n<meta name=\"twitter:card\" content=\"summary_large_image\" \/>\n<meta name=\"twitter:label1\" content=\"Written by\" \/>\n\t<meta name=\"twitter:data1\" content=\"R\u0103zvan Chiru\u021b\u0103\" \/>\n\t<meta name=\"twitter:label2\" content=\"Estimated reading time\" \/>\n\t<meta name=\"twitter:data2\" content=\"5 minutes\" \/>\n<script type=\"application\/ld+json\" class=\"yoast-schema-graph\">{\"@context\":\"https:\\\/\\\/schema.org\",\"@graph\":[{\"@type\":\"Article\",\"@id\":\"https:\\\/\\\/buletin.de\\\/bucuresti\\\/cine-este-lia-savonea-personajul-principal-din-documentarul-recorder-promovata-la-inalta-curte-prin-concurs-organizat-in-afara-legii-sotul-sau-implicat-in-afaceri-imobiliare-in-chiajna-cu-conexiu\\\/#article\",\"isPartOf\":{\"@id\":\"https:\\\/\\\/buletin.de\\\/bucuresti\\\/cine-este-lia-savonea-personajul-principal-din-documentarul-recorder-promovata-la-inalta-curte-prin-concurs-organizat-in-afara-legii-sotul-sau-implicat-in-afaceri-imobiliare-in-chiajna-cu-conexiu\\\/\"},\"author\":{\"name\":\"R\u0103zvan Chiru\u021b\u0103\",\"@id\":\"https:\\\/\\\/buletin.de\\\/bucuresti\\\/#\\\/schema\\\/person\\\/a76df728dfc913795a9d90e346b253bb\"},\"headline\":\"Cine este Lia Savonea, personajul principal din documentarul Recorder: promovat\u0103 la \u00cenalta Curte prin concurs organizat \u00een afara legii. So\u021bul s\u0103u, implicat \u00een afaceri imobiliare \u00een Chiajna, cu conexiuni cu interlopi\",\"datePublished\":\"2025-12-10T17:51:40+00:00\",\"dateModified\":\"2025-12-10T18:05:17+00:00\",\"mainEntityOfPage\":{\"@id\":\"https:\\\/\\\/buletin.de\\\/bucuresti\\\/cine-este-lia-savonea-personajul-principal-din-documentarul-recorder-promovata-la-inalta-curte-prin-concurs-organizat-in-afara-legii-sotul-sau-implicat-in-afaceri-imobiliare-in-chiajna-cu-conexiu\\\/\"},\"wordCount\":1087,\"publisher\":{\"@id\":\"https:\\\/\\\/buletin.de\\\/bucuresti\\\/#organization\"},\"image\":{\"@id\":\"https:\\\/\\\/buletin.de\\\/bucuresti\\\/cine-este-lia-savonea-personajul-principal-din-documentarul-recorder-promovata-la-inalta-curte-prin-concurs-organizat-in-afara-legii-sotul-sau-implicat-in-afaceri-imobiliare-in-chiajna-cu-conexiu\\\/#primaryimage\"},\"thumbnailUrl\":\"https:\\\/\\\/buletin.de\\\/bucuresti\\\/wp-content\\\/uploads\\\/2025\\\/12\\\/liasavonea_INQUAM_Photos_Octav_Ganea.jpg\",\"keywords\":[\"documentar recorder\",\"ICCJ\",\"inalta curte de casatie si justitie\",\"lia savonea\",\"recorder\"],\"articleSection\":[\"Articole\",\"Justi\u021bie\",\"Main\"],\"inLanguage\":\"en-GB\",\"copyrightYear\":\"2025\",\"copyrightHolder\":{\"@id\":\"https:\\\/\\\/buletin.de\\\/bucuresti\\\/#organization\"}},{\"@type\":\"WebPage\",\"@id\":\"https:\\\/\\\/buletin.de\\\/bucuresti\\\/cine-este-lia-savonea-personajul-principal-din-documentarul-recorder-promovata-la-inalta-curte-prin-concurs-organizat-in-afara-legii-sotul-sau-implicat-in-afaceri-imobiliare-in-chiajna-cu-conexiu\\\/\",\"url\":\"https:\\\/\\\/buletin.de\\\/bucuresti\\\/cine-este-lia-savonea-personajul-principal-din-documentarul-recorder-promovata-la-inalta-curte-prin-concurs-organizat-in-afara-legii-sotul-sau-implicat-in-afaceri-imobiliare-in-chiajna-cu-conexiu\\\/\",\"name\":\"Cine este Lia Savonea, personajul principal din documentarul Recorder: promovat\u0103 la \u00cenalta Curte prin concurs organizat \u00een afara legii. So\u021bul s\u0103u, implicat \u00een afaceri imobiliare \u00een Chiajna, cu conexiuni cu interlopi - Buletin de Bucure\u0219ti\",\"isPartOf\":{\"@id\":\"https:\\\/\\\/buletin.de\\\/bucuresti\\\/#website\"},\"primaryImageOfPage\":{\"@id\":\"https:\\\/\\\/buletin.de\\\/bucuresti\\\/cine-este-lia-savonea-personajul-principal-din-documentarul-recorder-promovata-la-inalta-curte-prin-concurs-organizat-in-afara-legii-sotul-sau-implicat-in-afaceri-imobiliare-in-chiajna-cu-conexiu\\\/#primaryimage\"},\"image\":{\"@id\":\"https:\\\/\\\/buletin.de\\\/bucuresti\\\/cine-este-lia-savonea-personajul-principal-din-documentarul-recorder-promovata-la-inalta-curte-prin-concurs-organizat-in-afara-legii-sotul-sau-implicat-in-afaceri-imobiliare-in-chiajna-cu-conexiu\\\/#primaryimage\"},\"thumbnailUrl\":\"https:\\\/\\\/buletin.de\\\/bucuresti\\\/wp-content\\\/uploads\\\/2025\\\/12\\\/liasavonea_INQUAM_Photos_Octav_Ganea.jpg\",\"datePublished\":\"2025-12-10T17:51:40+00:00\",\"dateModified\":\"2025-12-10T18:05:17+00:00\",\"description\":\"Cine este Lia Savonea, personajul principal din documentarul Recorder: promovat\u0103 la \u00cenalta Curte prin concurs organizat \u00een afara legii.\",\"breadcrumb\":{\"@id\":\"https:\\\/\\\/buletin.de\\\/bucuresti\\\/cine-este-lia-savonea-personajul-principal-din-documentarul-recorder-promovata-la-inalta-curte-prin-concurs-organizat-in-afara-legii-sotul-sau-implicat-in-afaceri-imobiliare-in-chiajna-cu-conexiu\\\/#breadcrumb\"},\"inLanguage\":\"en-GB\",\"potentialAction\":[{\"@type\":\"ReadAction\",\"target\":[\"https:\\\/\\\/buletin.de\\\/bucuresti\\\/cine-este-lia-savonea-personajul-principal-din-documentarul-recorder-promovata-la-inalta-curte-prin-concurs-organizat-in-afara-legii-sotul-sau-implicat-in-afaceri-imobiliare-in-chiajna-cu-conexiu\\\/\"]}]},{\"@type\":\"ImageObject\",\"inLanguage\":\"en-GB\",\"@id\":\"https:\\\/\\\/buletin.de\\\/bucuresti\\\/cine-este-lia-savonea-personajul-principal-din-documentarul-recorder-promovata-la-inalta-curte-prin-concurs-organizat-in-afara-legii-sotul-sau-implicat-in-afaceri-imobiliare-in-chiajna-cu-conexiu\\\/#primaryimage\",\"url\":\"https:\\\/\\\/buletin.de\\\/bucuresti\\\/wp-content\\\/uploads\\\/2025\\\/12\\\/liasavonea_INQUAM_Photos_Octav_Ganea.jpg\",\"contentUrl\":\"https:\\\/\\\/buletin.de\\\/bucuresti\\\/wp-content\\\/uploads\\\/2025\\\/12\\\/liasavonea_INQUAM_Photos_Octav_Ganea.jpg\",\"width\":1200,\"height\":800,\"caption\":\"Lia Savonea. Foto_INQUAM_Photos_Octav_Ganea\"},{\"@type\":\"BreadcrumbList\",\"@id\":\"https:\\\/\\\/buletin.de\\\/bucuresti\\\/cine-este-lia-savonea-personajul-principal-din-documentarul-recorder-promovata-la-inalta-curte-prin-concurs-organizat-in-afara-legii-sotul-sau-implicat-in-afaceri-imobiliare-in-chiajna-cu-conexiu\\\/#breadcrumb\",\"itemListElement\":[{\"@type\":\"ListItem\",\"position\":1,\"name\":\"Acas\u0103\",\"item\":\"https:\\\/\\\/buletin.de\\\/bucuresti\\\/\"},{\"@type\":\"ListItem\",\"position\":2,\"name\":\"Cine este Lia Savonea, personajul principal din documentarul Recorder: promovat\u0103 la \u00cenalta Curte prin concurs organizat \u00een afara legii. So\u021bul s\u0103u, implicat \u00een afaceri imobiliare \u00een Chiajna, cu conexiuni cu interlopi\"}]},{\"@type\":\"WebSite\",\"@id\":\"https:\\\/\\\/buletin.de\\\/bucuresti\\\/#website\",\"url\":\"https:\\\/\\\/buletin.de\\\/bucuresti\\\/\",\"name\":\"Buletin de Bucure\u0219ti\",\"description\":\"\u0218tiri \u0219i investiga\u021bii esen\u021biale din capital\u0103\",\"publisher\":{\"@id\":\"https:\\\/\\\/buletin.de\\\/bucuresti\\\/#organization\"},\"potentialAction\":[{\"@type\":\"SearchAction\",\"target\":{\"@type\":\"EntryPoint\",\"urlTemplate\":\"https:\\\/\\\/buletin.de\\\/bucuresti\\\/?s={search_term_string}\"},\"query-input\":{\"@type\":\"PropertyValueSpecification\",\"valueRequired\":true,\"valueName\":\"search_term_string\"}}],\"inLanguage\":\"en-GB\"},{\"@type\":\"Organization\",\"@id\":\"https:\\\/\\\/buletin.de\\\/bucuresti\\\/#organization\",\"name\":\"Buletin de Bucure\u0219ti\",\"url\":\"https:\\\/\\\/buletin.de\\\/bucuresti\\\/\",\"logo\":{\"@type\":\"ImageObject\",\"inLanguage\":\"en-GB\",\"@id\":\"https:\\\/\\\/buletin.de\\\/bucuresti\\\/#\\\/schema\\\/logo\\\/image\\\/\",\"url\":\"https:\\\/\\\/buletin.de\\\/bucuresti\\\/wp-content\\\/uploads\\\/logo-bdb-full-wide-vernil-transparent.png\",\"contentUrl\":\"https:\\\/\\\/buletin.de\\\/bucuresti\\\/wp-content\\\/uploads\\\/logo-bdb-full-wide-vernil-transparent.png\",\"width\":1782,\"height\":626,\"caption\":\"Buletin de Bucure\u0219ti\"},\"image\":{\"@id\":\"https:\\\/\\\/buletin.de\\\/bucuresti\\\/#\\\/schema\\\/logo\\\/image\\\/\"},\"sameAs\":[\"https:\\\/\\\/www.facebook.com\\\/buletin.de.buc\",\"https:\\\/\\\/www.instagram.com\\\/buletinde.bucuresti\\\/\"]},{\"@type\":\"Person\",\"@id\":\"https:\\\/\\\/buletin.de\\\/bucuresti\\\/#\\\/schema\\\/person\\\/a76df728dfc913795a9d90e346b253bb\",\"name\":\"R\u0103zvan Chiru\u021b\u0103\",\"image\":{\"@type\":\"ImageObject\",\"inLanguage\":\"en-GB\",\"@id\":\"https:\\\/\\\/buletin.de\\\/bucuresti\\\/wp-content\\\/uploads\\\/Razvan-Chiruta-96x96.jpge7143b996fd4241fbd6ee1f6b6b7b267\",\"url\":\"https:\\\/\\\/buletin.de\\\/bucuresti\\\/wp-content\\\/uploads\\\/Razvan-Chiruta-96x96.jpg\",\"contentUrl\":\"https:\\\/\\\/buletin.de\\\/bucuresti\\\/wp-content\\\/uploads\\\/Razvan-Chiruta-96x96.jpg\",\"caption\":\"R\u0103zvan Chiru\u021b\u0103\"},\"description\":\"R\u0103zvan Chiru\u021b\u0103 este redactor-\u0219ef adjunct din iulie 2024. A fost redactor-\u0219ef al PRESShub \u00eentre 2022 \u0219i iunie 2024. Anterior, a fost redactor-\u0219ef al Newsweek Rom\u00e2nia, din 2018 p\u00e2n\u0103 \u00een 2021, \u0219i al cotidianului Rom\u00e2nia liber\u0103, \u00eentre 2015 \u0219i 2017. Este absolvent de Jurnalism, \u00een cadrul Universit\u0103\u021bii \u201eAl.I.Cuza\u201d din Ia\u0219i, \u0219i a urmat un master \u00een Managementul institu\u021biilor mass-media (f\u0103r\u0103 diserta\u021bie) la Facultatea de Jurnalism \u0219i \u0218tiin\u021bele Comunic\u0103rii din cadrul Universit\u0103\u021bii din Bucure\u0219ti. \u0218i-a \u00eenceput cariera la Opinia studen\u021beasc\u0103, cunoscuta \u0219coal\u0103 de pres\u0103 din Ia\u0219i. A lucrat \u00een presa local\u0103, apoi a devenit corespondent pentru Ia\u0219i al cotidianului Evenimentul Zilei. Din 2004, a coordonat pentru \u0219ase luni sec\u021bia de coresponden\u021bi a Evenimentului Zilei. A mai lucrat la s\u0103pt\u0103m\u00e2nalul Prezent \u0219i a colaborat cu revistele Dilema Veche \u0219i Suplimentul de Cultur\u0103. Este co-autor \u00een volumele \u201eMass-media \u0219i democra\u021bia \u00een Rom\u00e2nia post-comunist\u0103\u201d (ed. a II-a), Ed. Institutul European, Ia\u0219i, 2013, \u0219i \u201eCOVID - 19. Dimensiuni ale gestionarii pandemiei\u201d, Editura Junimea, Ia\u0219i, 2020.\",\"url\":\"https:\\\/\\\/buletin.de\\\/bucuresti\\\/author\\\/razvan-chiruta\\\/\"}]}<\/script>\n<!-- \/ Yoast SEO Premium plugin. -->","yoast_head_json":{"title":"Cine este Lia Savonea, personajul principal din documentarul Recorder: promovat\u0103 la \u00cenalta Curte prin concurs organizat \u00een afara legii. So\u021bul s\u0103u, implicat \u00een afaceri imobiliare \u00een Chiajna, cu conexiuni cu interlopi - Buletin de Bucure\u0219ti","description":"Cine este Lia Savonea, personajul principal din documentarul Recorder: promovat\u0103 la \u00cenalta Curte prin concurs organizat \u00een afara legii.","robots":{"index":"index","follow":"follow","max-snippet":"max-snippet:-1","max-image-preview":"max-image-preview:large","max-video-preview":"max-video-preview:-1"},"canonical":"https:\/\/buletin.de\/bucuresti\/cine-este-lia-savonea-personajul-principal-din-documentarul-recorder-promovata-la-inalta-curte-prin-concurs-organizat-in-afara-legii-sotul-sau-implicat-in-afaceri-imobiliare-in-chiajna-cu-conexiu\/","og_locale":"en_GB","og_type":"article","og_title":"Cine este Lia Savonea, personajul principal din documentarul Recorder: promovat\u0103 la \u00cenalta Curte prin concurs organizat \u00een afara legii. So\u021bul s\u0103u, implicat \u00een afaceri imobiliare \u00een Chiajna, cu conexiuni cu interlopi","og_description":"Cine este Lia Savonea, personajul principal din documentarul Recorder: promovat\u0103 la \u00cenalta Curte prin concurs organizat \u00een afara legii.","og_url":"https:\/\/buletin.de\/bucuresti\/cine-este-lia-savonea-personajul-principal-din-documentarul-recorder-promovata-la-inalta-curte-prin-concurs-organizat-in-afara-legii-sotul-sau-implicat-in-afaceri-imobiliare-in-chiajna-cu-conexiu\/","og_site_name":"Buletin de Bucure\u0219ti","article_publisher":"https:\/\/www.facebook.com\/buletin.de.buc","article_published_time":"2025-12-10T17:51:40+00:00","article_modified_time":"2025-12-10T18:05:17+00:00","og_image":[{"width":1200,"height":800,"url":"https:\/\/buletin.de\/bucuresti\/wp-content\/uploads\/2025\/12\/liasavonea_INQUAM_Photos_Octav_Ganea.jpg","type":"image\/jpeg"}],"author":"R\u0103zvan Chiru\u021b\u0103","twitter_card":"summary_large_image","twitter_misc":{"Written by":"R\u0103zvan Chiru\u021b\u0103","Estimated reading time":"5 minutes"},"schema":{"@context":"https:\/\/schema.org","@graph":[{"@type":"Article","@id":"https:\/\/buletin.de\/bucuresti\/cine-este-lia-savonea-personajul-principal-din-documentarul-recorder-promovata-la-inalta-curte-prin-concurs-organizat-in-afara-legii-sotul-sau-implicat-in-afaceri-imobiliare-in-chiajna-cu-conexiu\/#article","isPartOf":{"@id":"https:\/\/buletin.de\/bucuresti\/cine-este-lia-savonea-personajul-principal-din-documentarul-recorder-promovata-la-inalta-curte-prin-concurs-organizat-in-afara-legii-sotul-sau-implicat-in-afaceri-imobiliare-in-chiajna-cu-conexiu\/"},"author":{"name":"R\u0103zvan Chiru\u021b\u0103","@id":"https:\/\/buletin.de\/bucuresti\/#\/schema\/person\/a76df728dfc913795a9d90e346b253bb"},"headline":"Cine este Lia Savonea, personajul principal din documentarul Recorder: promovat\u0103 la \u00cenalta Curte prin concurs organizat \u00een afara legii. So\u021bul s\u0103u, implicat \u00een afaceri imobiliare \u00een Chiajna, cu conexiuni cu interlopi","datePublished":"2025-12-10T17:51:40+00:00","dateModified":"2025-12-10T18:05:17+00:00","mainEntityOfPage":{"@id":"https:\/\/buletin.de\/bucuresti\/cine-este-lia-savonea-personajul-principal-din-documentarul-recorder-promovata-la-inalta-curte-prin-concurs-organizat-in-afara-legii-sotul-sau-implicat-in-afaceri-imobiliare-in-chiajna-cu-conexiu\/"},"wordCount":1087,"publisher":{"@id":"https:\/\/buletin.de\/bucuresti\/#organization"},"image":{"@id":"https:\/\/buletin.de\/bucuresti\/cine-este-lia-savonea-personajul-principal-din-documentarul-recorder-promovata-la-inalta-curte-prin-concurs-organizat-in-afara-legii-sotul-sau-implicat-in-afaceri-imobiliare-in-chiajna-cu-conexiu\/#primaryimage"},"thumbnailUrl":"https:\/\/buletin.de\/bucuresti\/wp-content\/uploads\/2025\/12\/liasavonea_INQUAM_Photos_Octav_Ganea.jpg","keywords":["documentar recorder","ICCJ","inalta curte de casatie si justitie","lia savonea","recorder"],"articleSection":["Articole","Justi\u021bie","Main"],"inLanguage":"en-GB","copyrightYear":"2025","copyrightHolder":{"@id":"https:\/\/buletin.de\/bucuresti\/#organization"}},{"@type":"WebPage","@id":"https:\/\/buletin.de\/bucuresti\/cine-este-lia-savonea-personajul-principal-din-documentarul-recorder-promovata-la-inalta-curte-prin-concurs-organizat-in-afara-legii-sotul-sau-implicat-in-afaceri-imobiliare-in-chiajna-cu-conexiu\/","url":"https:\/\/buletin.de\/bucuresti\/cine-este-lia-savonea-personajul-principal-din-documentarul-recorder-promovata-la-inalta-curte-prin-concurs-organizat-in-afara-legii-sotul-sau-implicat-in-afaceri-imobiliare-in-chiajna-cu-conexiu\/","name":"Cine este Lia Savonea, personajul principal din documentarul Recorder: promovat\u0103 la \u00cenalta Curte prin concurs organizat \u00een afara legii. So\u021bul s\u0103u, implicat \u00een afaceri imobiliare \u00een Chiajna, cu conexiuni cu interlopi - Buletin de Bucure\u0219ti","isPartOf":{"@id":"https:\/\/buletin.de\/bucuresti\/#website"},"primaryImageOfPage":{"@id":"https:\/\/buletin.de\/bucuresti\/cine-este-lia-savonea-personajul-principal-din-documentarul-recorder-promovata-la-inalta-curte-prin-concurs-organizat-in-afara-legii-sotul-sau-implicat-in-afaceri-imobiliare-in-chiajna-cu-conexiu\/#primaryimage"},"image":{"@id":"https:\/\/buletin.de\/bucuresti\/cine-este-lia-savonea-personajul-principal-din-documentarul-recorder-promovata-la-inalta-curte-prin-concurs-organizat-in-afara-legii-sotul-sau-implicat-in-afaceri-imobiliare-in-chiajna-cu-conexiu\/#primaryimage"},"thumbnailUrl":"https:\/\/buletin.de\/bucuresti\/wp-content\/uploads\/2025\/12\/liasavonea_INQUAM_Photos_Octav_Ganea.jpg","datePublished":"2025-12-10T17:51:40+00:00","dateModified":"2025-12-10T18:05:17+00:00","description":"Cine este Lia Savonea, personajul principal din documentarul Recorder: promovat\u0103 la \u00cenalta Curte prin concurs organizat \u00een afara legii.","breadcrumb":{"@id":"https:\/\/buletin.de\/bucuresti\/cine-este-lia-savonea-personajul-principal-din-documentarul-recorder-promovata-la-inalta-curte-prin-concurs-organizat-in-afara-legii-sotul-sau-implicat-in-afaceri-imobiliare-in-chiajna-cu-conexiu\/#breadcrumb"},"inLanguage":"en-GB","potentialAction":[{"@type":"ReadAction","target":["https:\/\/buletin.de\/bucuresti\/cine-este-lia-savonea-personajul-principal-din-documentarul-recorder-promovata-la-inalta-curte-prin-concurs-organizat-in-afara-legii-sotul-sau-implicat-in-afaceri-imobiliare-in-chiajna-cu-conexiu\/"]}]},{"@type":"ImageObject","inLanguage":"en-GB","@id":"https:\/\/buletin.de\/bucuresti\/cine-este-lia-savonea-personajul-principal-din-documentarul-recorder-promovata-la-inalta-curte-prin-concurs-organizat-in-afara-legii-sotul-sau-implicat-in-afaceri-imobiliare-in-chiajna-cu-conexiu\/#primaryimage","url":"https:\/\/buletin.de\/bucuresti\/wp-content\/uploads\/2025\/12\/liasavonea_INQUAM_Photos_Octav_Ganea.jpg","contentUrl":"https:\/\/buletin.de\/bucuresti\/wp-content\/uploads\/2025\/12\/liasavonea_INQUAM_Photos_Octav_Ganea.jpg","width":1200,"height":800,"caption":"Lia Savonea. Foto_INQUAM_Photos_Octav_Ganea"},{"@type":"BreadcrumbList","@id":"https:\/\/buletin.de\/bucuresti\/cine-este-lia-savonea-personajul-principal-din-documentarul-recorder-promovata-la-inalta-curte-prin-concurs-organizat-in-afara-legii-sotul-sau-implicat-in-afaceri-imobiliare-in-chiajna-cu-conexiu\/#breadcrumb","itemListElement":[{"@type":"ListItem","position":1,"name":"Acas\u0103","item":"https:\/\/buletin.de\/bucuresti\/"},{"@type":"ListItem","position":2,"name":"Cine este Lia Savonea, personajul principal din documentarul Recorder: promovat\u0103 la \u00cenalta Curte prin concurs organizat \u00een afara legii. So\u021bul s\u0103u, implicat \u00een afaceri imobiliare \u00een Chiajna, cu conexiuni cu interlopi"}]},{"@type":"WebSite","@id":"https:\/\/buletin.de\/bucuresti\/#website","url":"https:\/\/buletin.de\/bucuresti\/","name":"Buletin de Bucure\u0219ti","description":"\u0218tiri \u0219i investiga\u021bii esen\u021biale din capital\u0103","publisher":{"@id":"https:\/\/buletin.de\/bucuresti\/#organization"},"potentialAction":[{"@type":"SearchAction","target":{"@type":"EntryPoint","urlTemplate":"https:\/\/buletin.de\/bucuresti\/?s={search_term_string}"},"query-input":{"@type":"PropertyValueSpecification","valueRequired":true,"valueName":"search_term_string"}}],"inLanguage":"en-GB"},{"@type":"Organization","@id":"https:\/\/buletin.de\/bucuresti\/#organization","name":"Buletin de Bucure\u0219ti","url":"https:\/\/buletin.de\/bucuresti\/","logo":{"@type":"ImageObject","inLanguage":"en-GB","@id":"https:\/\/buletin.de\/bucuresti\/#\/schema\/logo\/image\/","url":"https:\/\/buletin.de\/bucuresti\/wp-content\/uploads\/logo-bdb-full-wide-vernil-transparent.png","contentUrl":"https:\/\/buletin.de\/bucuresti\/wp-content\/uploads\/logo-bdb-full-wide-vernil-transparent.png","width":1782,"height":626,"caption":"Buletin de Bucure\u0219ti"},"image":{"@id":"https:\/\/buletin.de\/bucuresti\/#\/schema\/logo\/image\/"},"sameAs":["https:\/\/www.facebook.com\/buletin.de.buc","https:\/\/www.instagram.com\/buletinde.bucuresti\/"]},{"@type":"Person","@id":"https:\/\/buletin.de\/bucuresti\/#\/schema\/person\/a76df728dfc913795a9d90e346b253bb","name":"R\u0103zvan Chiru\u021b\u0103","image":{"@type":"ImageObject","inLanguage":"en-GB","@id":"https:\/\/buletin.de\/bucuresti\/wp-content\/uploads\/Razvan-Chiruta-96x96.jpge7143b996fd4241fbd6ee1f6b6b7b267","url":"https:\/\/buletin.de\/bucuresti\/wp-content\/uploads\/Razvan-Chiruta-96x96.jpg","contentUrl":"https:\/\/buletin.de\/bucuresti\/wp-content\/uploads\/Razvan-Chiruta-96x96.jpg","caption":"R\u0103zvan Chiru\u021b\u0103"},"description":"R\u0103zvan Chiru\u021b\u0103 este redactor-\u0219ef adjunct din iulie 2024. A fost redactor-\u0219ef al PRESShub \u00eentre 2022 \u0219i iunie 2024. Anterior, a fost redactor-\u0219ef al Newsweek Rom\u00e2nia, din 2018 p\u00e2n\u0103 \u00een 2021, \u0219i al cotidianului Rom\u00e2nia liber\u0103, \u00eentre 2015 \u0219i 2017. Este absolvent de Jurnalism, \u00een cadrul Universit\u0103\u021bii \u201eAl.I.Cuza\u201d din Ia\u0219i, \u0219i a urmat un master \u00een Managementul institu\u021biilor mass-media (f\u0103r\u0103 diserta\u021bie) la Facultatea de Jurnalism \u0219i \u0218tiin\u021bele Comunic\u0103rii din cadrul Universit\u0103\u021bii din Bucure\u0219ti. \u0218i-a \u00eenceput cariera la Opinia studen\u021beasc\u0103, cunoscuta \u0219coal\u0103 de pres\u0103 din Ia\u0219i. A lucrat \u00een presa local\u0103, apoi a devenit corespondent pentru Ia\u0219i al cotidianului Evenimentul Zilei. Din 2004, a coordonat pentru \u0219ase luni sec\u021bia de coresponden\u021bi a Evenimentului Zilei. A mai lucrat la s\u0103pt\u0103m\u00e2nalul Prezent \u0219i a colaborat cu revistele Dilema Veche \u0219i Suplimentul de Cultur\u0103. Este co-autor \u00een volumele \u201eMass-media \u0219i democra\u021bia \u00een Rom\u00e2nia post-comunist\u0103\u201d (ed. a II-a), Ed. Institutul European, Ia\u0219i, 2013, \u0219i \u201eCOVID - 19. Dimensiuni ale gestionarii pandemiei\u201d, Editura Junimea, Ia\u0219i, 2020.","url":"https:\/\/buletin.de\/bucuresti\/author\/razvan-chiruta\/"}]}},"authors":[{"term_id":22582,"user_id":60,"is_guest":0,"slug":"razvan-chiruta","display_name":"R\u0103zvan Chiru\u021b\u0103","avatar_url":"https:\/\/buletin.de\/bucuresti\/wp-content\/uploads\/Razvan-Chiruta-96x96.jpg","0":null,"1":"","2":"","3":"","4":"","5":"","6":"","7":"","8":""}],"_links":{"self":[{"href":"https:\/\/buletin.de\/bucuresti\/wp-json\/wp\/v2\/posts\/161861","targetHints":{"allow":["GET"]}}],"collection":[{"href":"https:\/\/buletin.de\/bucuresti\/wp-json\/wp\/v2\/posts"}],"about":[{"href":"https:\/\/buletin.de\/bucuresti\/wp-json\/wp\/v2\/types\/post"}],"author":[{"embeddable":true,"href":"https:\/\/buletin.de\/bucuresti\/wp-json\/wp\/v2\/users\/60"}],"replies":[{"embeddable":true,"href":"https:\/\/buletin.de\/bucuresti\/wp-json\/wp\/v2\/comments?post=161861"}],"version-history":[{"count":3,"href":"https:\/\/buletin.de\/bucuresti\/wp-json\/wp\/v2\/posts\/161861\/revisions"}],"predecessor-version":[{"id":161872,"href":"https:\/\/buletin.de\/bucuresti\/wp-json\/wp\/v2\/posts\/161861\/revisions\/161872"}],"wp:featuredmedia":[{"embeddable":true,"href":"https:\/\/buletin.de\/bucuresti\/wp-json\/wp\/v2\/media\/161865"}],"wp:attachment":[{"href":"https:\/\/buletin.de\/bucuresti\/wp-json\/wp\/v2\/media?parent=161861"}],"wp:term":[{"taxonomy":"category","embeddable":true,"href":"https:\/\/buletin.de\/bucuresti\/wp-json\/wp\/v2\/categories?post=161861"},{"taxonomy":"post_tag","embeddable":true,"href":"https:\/\/buletin.de\/bucuresti\/wp-json\/wp\/v2\/tags?post=161861"},{"taxonomy":"author","embeddable":true,"href":"https:\/\/buletin.de\/bucuresti\/wp-json\/wp\/v2\/ppma_author?post=161861"}],"curies":[{"name":"wp","href":"https:\/\/api.w.org\/{rel}","templated":true}]}}