{"id":161850,"date":"2025-12-11T20:30:54","date_gmt":"2025-12-11T17:30:54","guid":{"rendered":"https:\/\/buletin.de\/bucuresti\/?p=161850"},"modified":"2025-12-11T20:30:55","modified_gmt":"2025-12-11T17:30:55","slug":"targ-de-craciun-la-muzeul-taranului-roman-in-acest-weekend","status":"publish","type":"post","link":"https:\/\/buletin.de\/bucuresti\/targ-de-craciun-la-muzeul-taranului-roman-in-acest-weekend\/","title":{"rendered":"T\u00e2rg de Cr\u0103ciun, la Muzeul \u021a\u0103ranului Rom\u00e2n, \u00een acest weekend"},"content":{"rendered":"\n<p><strong>\u00cen weekendul 12 &#8211; 14 decembrie, la Muzeul \u021a\u0103ranului Rom\u00e2n are loc un t\u00e2rg de Cr\u0103ciun unde vor fi produc\u0103tori cu preparate tradi\u021bionale, dar \u0219i artizani \u0219i me\u0219teri populari. <\/strong><\/p>\n\n\n\n<p>Evenimentul are loc \u00een zilele de 12, 13 \u0219i 14 decembrie, <strong>\u00eentre orele 10:00 \u0219i 18:00,<\/strong> \u00een curtea interioar\u0103 a muzeului, pe strada Monet\u0103riei, nr. 3. <strong>Intrarea este liber\u0103.<\/strong><\/p>\n\n\n\n<h2 class=\"wp-block-heading\" id=\"h-un-targ-de-craciun-este-organizat-la-muzeul-\u021baranului-roman\">Un t\u00e2rg de Cr\u0103ciun este organizat la Muzeul \u021a\u0103ranului Rom\u00e2n <\/h2>\n\n\n\n<p>La t\u00e2rgul organizat <a href=\"https:\/\/buletin.de\/bucuresti\/targul-sfantului-nicolae-la-muzeul-taranului-roman-in-weekend\/\" target=\"_blank\" rel=\"noreferrer noopener\">la Muzeul \u021a\u0103ranului Rom\u00e2n<\/a>, vizitatorii vor g\u0103si<strong> preparate tradi\u021bionale ale produc\u0103torilor<\/strong>, precum br\u00e2nzeturi proaspete, o gam\u0103 variat\u0103 de ca\u0219cavaluri din Hoghilag (jude\u021bul Sibiu), cozonaci bucovineni \u0219i pr\u0103jituri f\u0103cute dup\u0103 re\u021beta bunicu\u021belor din Maramure\u0219. <\/p>\n\n\n\n<p>De asemenea, produc\u0103torii vor expune turt\u0103 dulce, pl\u0103cinte \u0219i alivenci, miere de man\u0103 \u0219i \u0219erbeturi, dar \u0219i palinc\u0103 de gutui \u0219i \u021buic\u0103 de prune, zacusc\u0103, mur\u0103turi, dulce\u021buri, gemuri, sucuri naturale \u0219i fructe. <\/p>\n\n\n\n<p><strong>Me\u0219terii populari <\/strong>prezen\u021bi la t\u00e2rg vor expune icoane pe lemn \u0219i pe sticl\u0103, ceramic\u0103 pictat\u0103 cu motive tradi\u021bionale, m\u0103\u0219ti populare, ii, sumane \u0219i covoare \u021besute la r\u0103zboi, \u0219tergare \u0219i fe\u021be de mas\u0103 brodate manual, ulcioare \u0219i str\u0103chini de lut sm\u0103l\u021buit, mic mobilier \u0219i obiecte din lemn pentru gospod\u0103rie. <\/p>\n\n\n\n<p>\u00cen plus, <strong>artizanii<\/strong> vor aduce decora\u021biuni de iarn\u0103, ornamente de pom, lum\u00e2n\u0103ri parfumate cu uleiuri organice, bijuterii unicat din argint, \u00eempletituri de l\u00e2n\u0103 \u0219i tablouri din flori presate. <\/p>\n\n\n\n<p>Vizitatorii vor putea achizi\u021biona diverse <strong>daruri <\/strong>de s\u0103rb\u0103tori \u0219i vor avea la dispozi\u021bie inclusiv m\u00e2nc\u0103ruri calde, precum sarmale cu m\u0103m\u0103lig\u0103, pomana porcului \u0219i c\u00e2rna\u021bi proaspe\u021bi la gr\u0103tar. Vor fi \u0219i produse de post, precum ciorb\u0103 de praz \u0219i fasole frecat\u0103 cu glazur\u0103 de ceap\u0103. <\/p>\n\n\n\n<h2 class=\"wp-block-heading\" id=\"h-pia\u021ba-volanta-ajunge-in-doroban\u021bi-in-weekendul-12-14-decembrie\">Pia\u021ba volant\u0103 ajunge \u00een Doroban\u021bi, \u00een weekendul 12 &#8211; 14 decembrie <\/h2>\n\n\n\n<p>Tot \u00een acest weekend, pia\u021ba volant\u0103 ajunge \u00een zona Doroban\u021bi, unde vor fi prezen\u021bi 15 comercian\u021bi, cu produse preg\u0103tite dup\u0103 re\u021bete tradi\u021bionale. <\/p>\n\n\n\n<p>Pia\u021ba va fi amplasat\u0103 pe strada Moraru Octavian, \u00een apropiere de parcul George C\u0103linescu. \u00cen acest context, \u00eencep\u00e2nd de vineri, 12 decembrie, circula\u021bia auto va fi restric\u021bionat\u0103. Mai multe detalii despre program \u0219i produse disponibile <a href=\"https:\/\/buletin.de\/bucuresti\/piata-volanta-se-muta-in-dorobanti\/\" target=\"_blank\" rel=\"noreferrer noopener\">aici<\/a>. <\/p>\n\n\n\n<p>CITE\u0218TE \u0218I <a href=\"https:\/\/buletin.de\/bucuresti\/in-asteptarea-craciunului-ateliere-pentru-copii-la-muzeul-antipa\/\" target=\"_blank\" rel=\"noreferrer noopener\">\u201e\u00cen a\u0219teptarea Cr\u0103ciunului\u201d, ateliere pentru copii la Muzeul Antipa<\/a><\/p>\n\n\n\n<p><\/p>\n","protected":false},"excerpt":{"rendered":"<p>\u00cen weekendul 12 &#8211; 14 decembrie, la Muzeul \u021a\u0103ranului Rom\u00e2n are loc un t\u00e2rg de Cr\u0103ciun unde vor fi produc\u0103tori cu preparate tradi\u021bionale, dar \u0219i artizani \u0219i me\u0219teri populari. Evenimentul are loc \u00een zilele de 12, 13 \u0219i 14 decembrie, \u00eentre orele 10:00 \u0219i 18:00, \u00een curtea interioar\u0103 a muzeului, pe strada Monet\u0103riei, nr. 3. [&hellip;]<\/p>\n","protected":false},"author":65,"featured_media":161857,"comment_status":"closed","ping_status":"open","sticky":false,"template":"","format":"standard","meta":{"_acf_changed":false,"inline_featured_image":false,"ngg_post_thumbnail":0,"footnotes":""},"categories":[6994,1,62],"tags":[419,15174,3472],"ppma_author":[23912],"class_list":["post-161850","post","type-post","status-publish","format-standard","has-post-thumbnail","hentry","category-stiri-2","category-diverse","category-stiri","tag-craciun","tag-muzeul-taranului-roman","tag-targ-de-craciun"],"acf":[],"yoast_head":"<!-- This site is optimized with the Yoast SEO Premium plugin v25.3 (Yoast SEO v27.4) - https:\/\/yoast.com\/product\/yoast-seo-premium-wordpress\/ -->\n<title>T\u00e2rg de Cr\u0103ciun, la Muzeul \u021a\u0103ranului Rom\u00e2n, \u00een acest weekend - Buletin de Bucure\u0219ti<\/title>\n<meta name=\"description\" content=\"\u00cen weekendul 12 - 14 decembrie, la Muzeul \u021a\u0103ranului Rom\u00e2n are loc un t\u00e2rg de Cr\u0103ciun unde vor fi produc\u0103tori cu preparate tradi\u021bionale.\" \/>\n<meta name=\"robots\" content=\"index, follow, max-snippet:-1, max-image-preview:large, max-video-preview:-1\" \/>\n<link rel=\"canonical\" href=\"https:\/\/buletin.de\/bucuresti\/targ-de-craciun-la-muzeul-taranului-roman-in-acest-weekend\/\" \/>\n<meta property=\"og:locale\" content=\"en_GB\" \/>\n<meta property=\"og:type\" content=\"article\" \/>\n<meta property=\"og:title\" content=\"T\u00e2rg de Cr\u0103ciun, la Muzeul \u021a\u0103ranului Rom\u00e2n, \u00een acest weekend\" \/>\n<meta property=\"og:description\" content=\"\u00cen weekendul 12 - 14 decembrie, la Muzeul \u021a\u0103ranului Rom\u00e2n are loc un t\u00e2rg de Cr\u0103ciun unde vor fi produc\u0103tori cu preparate tradi\u021bionale.\" \/>\n<meta property=\"og:url\" content=\"https:\/\/buletin.de\/bucuresti\/targ-de-craciun-la-muzeul-taranului-roman-in-acest-weekend\/\" \/>\n<meta property=\"og:site_name\" content=\"Buletin de Bucure\u0219ti\" \/>\n<meta property=\"article:publisher\" content=\"https:\/\/www.facebook.com\/buletin.de.buc\" \/>\n<meta property=\"article:published_time\" content=\"2025-12-11T17:30:54+00:00\" \/>\n<meta property=\"article:modified_time\" content=\"2025-12-11T17:30:55+00:00\" \/>\n<meta property=\"og:image\" content=\"https:\/\/buletin.de\/bucuresti\/wp-content\/uploads\/2025\/12\/Targ-de-Craciun-Muzeul-Taranului-Roma.jpg\" \/>\n\t<meta property=\"og:image:width\" content=\"1200\" \/>\n\t<meta property=\"og:image:height\" content=\"650\" \/>\n\t<meta property=\"og:image:type\" content=\"image\/jpeg\" \/>\n<meta name=\"author\" content=\"Andreea St\u0103n\u0103r\u00eeng\u0103\" \/>\n<meta name=\"twitter:card\" content=\"summary_large_image\" \/>\n<meta name=\"twitter:label1\" content=\"Written by\" \/>\n\t<meta name=\"twitter:data1\" content=\"Andreea St\u0103n\u0103r\u00eeng\u0103\" \/>\n\t<meta name=\"twitter:label2\" content=\"Estimated reading time\" \/>\n\t<meta name=\"twitter:data2\" content=\"2 minutes\" \/>\n<script type=\"application\/ld+json\" class=\"yoast-schema-graph\">{\"@context\":\"https:\\\/\\\/schema.org\",\"@graph\":[{\"@type\":\"Article\",\"@id\":\"https:\\\/\\\/buletin.de\\\/bucuresti\\\/targ-de-craciun-la-muzeul-taranului-roman-in-acest-weekend\\\/#article\",\"isPartOf\":{\"@id\":\"https:\\\/\\\/buletin.de\\\/bucuresti\\\/targ-de-craciun-la-muzeul-taranului-roman-in-acest-weekend\\\/\"},\"author\":{\"name\":\"Andreea St\u0103n\u0103r\u00eeng\u0103\",\"@id\":\"https:\\\/\\\/buletin.de\\\/bucuresti\\\/#\\\/schema\\\/person\\\/81421a46fb84a0887cfd2238f5202586\"},\"headline\":\"T\u00e2rg de Cr\u0103ciun, la Muzeul \u021a\u0103ranului Rom\u00e2n, \u00een acest weekend\",\"datePublished\":\"2025-12-11T17:30:54+00:00\",\"dateModified\":\"2025-12-11T17:30:55+00:00\",\"mainEntityOfPage\":{\"@id\":\"https:\\\/\\\/buletin.de\\\/bucuresti\\\/targ-de-craciun-la-muzeul-taranului-roman-in-acest-weekend\\\/\"},\"wordCount\":407,\"publisher\":{\"@id\":\"https:\\\/\\\/buletin.de\\\/bucuresti\\\/#organization\"},\"image\":{\"@id\":\"https:\\\/\\\/buletin.de\\\/bucuresti\\\/targ-de-craciun-la-muzeul-taranului-roman-in-acest-weekend\\\/#primaryimage\"},\"thumbnailUrl\":\"https:\\\/\\\/buletin.de\\\/bucuresti\\\/wp-content\\\/uploads\\\/2025\\\/12\\\/Targ-de-Craciun-Muzeul-Taranului-Roma.jpg\",\"keywords\":[\"craciun\",\"Muzeul Taranului Roman\",\"targ de craciun\"],\"articleSection\":[\"Articole\",\"Diverse\",\"\u0218tiri\"],\"inLanguage\":\"en-GB\",\"copyrightYear\":\"2025\",\"copyrightHolder\":{\"@id\":\"https:\\\/\\\/buletin.de\\\/bucuresti\\\/#organization\"}},{\"@type\":\"WebPage\",\"@id\":\"https:\\\/\\\/buletin.de\\\/bucuresti\\\/targ-de-craciun-la-muzeul-taranului-roman-in-acest-weekend\\\/\",\"url\":\"https:\\\/\\\/buletin.de\\\/bucuresti\\\/targ-de-craciun-la-muzeul-taranului-roman-in-acest-weekend\\\/\",\"name\":\"T\u00e2rg de Cr\u0103ciun, la Muzeul \u021a\u0103ranului Rom\u00e2n, \u00een acest weekend - Buletin de Bucure\u0219ti\",\"isPartOf\":{\"@id\":\"https:\\\/\\\/buletin.de\\\/bucuresti\\\/#website\"},\"primaryImageOfPage\":{\"@id\":\"https:\\\/\\\/buletin.de\\\/bucuresti\\\/targ-de-craciun-la-muzeul-taranului-roman-in-acest-weekend\\\/#primaryimage\"},\"image\":{\"@id\":\"https:\\\/\\\/buletin.de\\\/bucuresti\\\/targ-de-craciun-la-muzeul-taranului-roman-in-acest-weekend\\\/#primaryimage\"},\"thumbnailUrl\":\"https:\\\/\\\/buletin.de\\\/bucuresti\\\/wp-content\\\/uploads\\\/2025\\\/12\\\/Targ-de-Craciun-Muzeul-Taranului-Roma.jpg\",\"datePublished\":\"2025-12-11T17:30:54+00:00\",\"dateModified\":\"2025-12-11T17:30:55+00:00\",\"description\":\"\u00cen weekendul 12 - 14 decembrie, la Muzeul \u021a\u0103ranului Rom\u00e2n are loc un t\u00e2rg de Cr\u0103ciun unde vor fi produc\u0103tori cu preparate tradi\u021bionale.\",\"breadcrumb\":{\"@id\":\"https:\\\/\\\/buletin.de\\\/bucuresti\\\/targ-de-craciun-la-muzeul-taranului-roman-in-acest-weekend\\\/#breadcrumb\"},\"inLanguage\":\"en-GB\",\"potentialAction\":[{\"@type\":\"ReadAction\",\"target\":[\"https:\\\/\\\/buletin.de\\\/bucuresti\\\/targ-de-craciun-la-muzeul-taranului-roman-in-acest-weekend\\\/\"]}]},{\"@type\":\"ImageObject\",\"inLanguage\":\"en-GB\",\"@id\":\"https:\\\/\\\/buletin.de\\\/bucuresti\\\/targ-de-craciun-la-muzeul-taranului-roman-in-acest-weekend\\\/#primaryimage\",\"url\":\"https:\\\/\\\/buletin.de\\\/bucuresti\\\/wp-content\\\/uploads\\\/2025\\\/12\\\/Targ-de-Craciun-Muzeul-Taranului-Roma.jpg\",\"contentUrl\":\"https:\\\/\\\/buletin.de\\\/bucuresti\\\/wp-content\\\/uploads\\\/2025\\\/12\\\/Targ-de-Craciun-Muzeul-Taranului-Roma.jpg\",\"width\":1200,\"height\":650,\"caption\":\"Un t\u00e2rg de Cr\u0103ciun este organizat la Muzeul \u021a\u0103ranului Rom\u00e2n, \u00een weekend. Foto: Facebook\\\/Fundatia Kogaion 115\"},{\"@type\":\"BreadcrumbList\",\"@id\":\"https:\\\/\\\/buletin.de\\\/bucuresti\\\/targ-de-craciun-la-muzeul-taranului-roman-in-acest-weekend\\\/#breadcrumb\",\"itemListElement\":[{\"@type\":\"ListItem\",\"position\":1,\"name\":\"Acas\u0103\",\"item\":\"https:\\\/\\\/buletin.de\\\/bucuresti\\\/\"},{\"@type\":\"ListItem\",\"position\":2,\"name\":\"T\u00e2rg de Cr\u0103ciun, la Muzeul \u021a\u0103ranului Rom\u00e2n, \u00een acest weekend\"}]},{\"@type\":\"WebSite\",\"@id\":\"https:\\\/\\\/buletin.de\\\/bucuresti\\\/#website\",\"url\":\"https:\\\/\\\/buletin.de\\\/bucuresti\\\/\",\"name\":\"Buletin de Bucure\u0219ti\",\"description\":\"\u0218tiri \u0219i investiga\u021bii esen\u021biale din capital\u0103\",\"publisher\":{\"@id\":\"https:\\\/\\\/buletin.de\\\/bucuresti\\\/#organization\"},\"potentialAction\":[{\"@type\":\"SearchAction\",\"target\":{\"@type\":\"EntryPoint\",\"urlTemplate\":\"https:\\\/\\\/buletin.de\\\/bucuresti\\\/?s={search_term_string}\"},\"query-input\":{\"@type\":\"PropertyValueSpecification\",\"valueRequired\":true,\"valueName\":\"search_term_string\"}}],\"inLanguage\":\"en-GB\"},{\"@type\":\"Organization\",\"@id\":\"https:\\\/\\\/buletin.de\\\/bucuresti\\\/#organization\",\"name\":\"Buletin de Bucure\u0219ti\",\"url\":\"https:\\\/\\\/buletin.de\\\/bucuresti\\\/\",\"logo\":{\"@type\":\"ImageObject\",\"inLanguage\":\"en-GB\",\"@id\":\"https:\\\/\\\/buletin.de\\\/bucuresti\\\/#\\\/schema\\\/logo\\\/image\\\/\",\"url\":\"https:\\\/\\\/buletin.de\\\/bucuresti\\\/wp-content\\\/uploads\\\/logo-bdb-full-wide-vernil-transparent.png\",\"contentUrl\":\"https:\\\/\\\/buletin.de\\\/bucuresti\\\/wp-content\\\/uploads\\\/logo-bdb-full-wide-vernil-transparent.png\",\"width\":1782,\"height\":626,\"caption\":\"Buletin de Bucure\u0219ti\"},\"image\":{\"@id\":\"https:\\\/\\\/buletin.de\\\/bucuresti\\\/#\\\/schema\\\/logo\\\/image\\\/\"},\"sameAs\":[\"https:\\\/\\\/www.facebook.com\\\/buletin.de.buc\",\"https:\\\/\\\/www.instagram.com\\\/buletinde.bucuresti\\\/\"]},{\"@type\":\"Person\",\"@id\":\"https:\\\/\\\/buletin.de\\\/bucuresti\\\/#\\\/schema\\\/person\\\/81421a46fb84a0887cfd2238f5202586\",\"name\":\"Andreea St\u0103n\u0103r\u00eeng\u0103\",\"image\":{\"@type\":\"ImageObject\",\"inLanguage\":\"en-GB\",\"@id\":\"https:\\\/\\\/secure.gravatar.com\\\/avatar\\\/dfa8d227a4388fad0f0bb03add04b5b176f4da34397dbb2eadc563b3d7162ce0?s=96&d=monsterid&r=g72784372b39ffe5a98a45288fe0d0e8a\",\"url\":\"https:\\\/\\\/secure.gravatar.com\\\/avatar\\\/dfa8d227a4388fad0f0bb03add04b5b176f4da34397dbb2eadc563b3d7162ce0?s=96&d=monsterid&r=g\",\"contentUrl\":\"https:\\\/\\\/secure.gravatar.com\\\/avatar\\\/dfa8d227a4388fad0f0bb03add04b5b176f4da34397dbb2eadc563b3d7162ce0?s=96&d=monsterid&r=g\",\"caption\":\"Andreea St\u0103n\u0103r\u00eeng\u0103\"},\"description\":\"Cu o experien\u021b\u0103 de peste 5 ani \u00een pres\u0103, face parte din echipa Buletin de Bucure\u0219ti din septembrie 2025. A colaborat cu c\u00e2teva publica\u021bii, printre care \u0219i Fanatik.ro, unde s-a ocupat de \u0219tiri de lifestyle \u0219i de actualitate. A f\u0103cut un pas c\u0103tre presa local\u0103 pentru a explora Bucure\u0219tiul \u0219i pove\u0219tile care merit\u0103 spuse.\",\"url\":\"https:\\\/\\\/buletin.de\\\/bucuresti\\\/author\\\/andreea-stanaranga\\\/\"}]}<\/script>\n<!-- \/ Yoast SEO Premium plugin. -->","yoast_head_json":{"title":"T\u00e2rg de Cr\u0103ciun, la Muzeul \u021a\u0103ranului Rom\u00e2n, \u00een acest weekend - Buletin de Bucure\u0219ti","description":"\u00cen weekendul 12 - 14 decembrie, la Muzeul \u021a\u0103ranului Rom\u00e2n are loc un t\u00e2rg de Cr\u0103ciun unde vor fi produc\u0103tori cu preparate tradi\u021bionale.","robots":{"index":"index","follow":"follow","max-snippet":"max-snippet:-1","max-image-preview":"max-image-preview:large","max-video-preview":"max-video-preview:-1"},"canonical":"https:\/\/buletin.de\/bucuresti\/targ-de-craciun-la-muzeul-taranului-roman-in-acest-weekend\/","og_locale":"en_GB","og_type":"article","og_title":"T\u00e2rg de Cr\u0103ciun, la Muzeul \u021a\u0103ranului Rom\u00e2n, \u00een acest weekend","og_description":"\u00cen weekendul 12 - 14 decembrie, la Muzeul \u021a\u0103ranului Rom\u00e2n are loc un t\u00e2rg de Cr\u0103ciun unde vor fi produc\u0103tori cu preparate tradi\u021bionale.","og_url":"https:\/\/buletin.de\/bucuresti\/targ-de-craciun-la-muzeul-taranului-roman-in-acest-weekend\/","og_site_name":"Buletin de Bucure\u0219ti","article_publisher":"https:\/\/www.facebook.com\/buletin.de.buc","article_published_time":"2025-12-11T17:30:54+00:00","article_modified_time":"2025-12-11T17:30:55+00:00","og_image":[{"width":1200,"height":650,"url":"https:\/\/buletin.de\/bucuresti\/wp-content\/uploads\/2025\/12\/Targ-de-Craciun-Muzeul-Taranului-Roma.jpg","type":"image\/jpeg"}],"author":"Andreea St\u0103n\u0103r\u00eeng\u0103","twitter_card":"summary_large_image","twitter_misc":{"Written by":"Andreea St\u0103n\u0103r\u00eeng\u0103","Estimated reading time":"2 minutes"},"schema":{"@context":"https:\/\/schema.org","@graph":[{"@type":"Article","@id":"https:\/\/buletin.de\/bucuresti\/targ-de-craciun-la-muzeul-taranului-roman-in-acest-weekend\/#article","isPartOf":{"@id":"https:\/\/buletin.de\/bucuresti\/targ-de-craciun-la-muzeul-taranului-roman-in-acest-weekend\/"},"author":{"name":"Andreea St\u0103n\u0103r\u00eeng\u0103","@id":"https:\/\/buletin.de\/bucuresti\/#\/schema\/person\/81421a46fb84a0887cfd2238f5202586"},"headline":"T\u00e2rg de Cr\u0103ciun, la Muzeul \u021a\u0103ranului Rom\u00e2n, \u00een acest weekend","datePublished":"2025-12-11T17:30:54+00:00","dateModified":"2025-12-11T17:30:55+00:00","mainEntityOfPage":{"@id":"https:\/\/buletin.de\/bucuresti\/targ-de-craciun-la-muzeul-taranului-roman-in-acest-weekend\/"},"wordCount":407,"publisher":{"@id":"https:\/\/buletin.de\/bucuresti\/#organization"},"image":{"@id":"https:\/\/buletin.de\/bucuresti\/targ-de-craciun-la-muzeul-taranului-roman-in-acest-weekend\/#primaryimage"},"thumbnailUrl":"https:\/\/buletin.de\/bucuresti\/wp-content\/uploads\/2025\/12\/Targ-de-Craciun-Muzeul-Taranului-Roma.jpg","keywords":["craciun","Muzeul Taranului Roman","targ de craciun"],"articleSection":["Articole","Diverse","\u0218tiri"],"inLanguage":"en-GB","copyrightYear":"2025","copyrightHolder":{"@id":"https:\/\/buletin.de\/bucuresti\/#organization"}},{"@type":"WebPage","@id":"https:\/\/buletin.de\/bucuresti\/targ-de-craciun-la-muzeul-taranului-roman-in-acest-weekend\/","url":"https:\/\/buletin.de\/bucuresti\/targ-de-craciun-la-muzeul-taranului-roman-in-acest-weekend\/","name":"T\u00e2rg de Cr\u0103ciun, la Muzeul \u021a\u0103ranului Rom\u00e2n, \u00een acest weekend - Buletin de Bucure\u0219ti","isPartOf":{"@id":"https:\/\/buletin.de\/bucuresti\/#website"},"primaryImageOfPage":{"@id":"https:\/\/buletin.de\/bucuresti\/targ-de-craciun-la-muzeul-taranului-roman-in-acest-weekend\/#primaryimage"},"image":{"@id":"https:\/\/buletin.de\/bucuresti\/targ-de-craciun-la-muzeul-taranului-roman-in-acest-weekend\/#primaryimage"},"thumbnailUrl":"https:\/\/buletin.de\/bucuresti\/wp-content\/uploads\/2025\/12\/Targ-de-Craciun-Muzeul-Taranului-Roma.jpg","datePublished":"2025-12-11T17:30:54+00:00","dateModified":"2025-12-11T17:30:55+00:00","description":"\u00cen weekendul 12 - 14 decembrie, la Muzeul \u021a\u0103ranului Rom\u00e2n are loc un t\u00e2rg de Cr\u0103ciun unde vor fi produc\u0103tori cu preparate tradi\u021bionale.","breadcrumb":{"@id":"https:\/\/buletin.de\/bucuresti\/targ-de-craciun-la-muzeul-taranului-roman-in-acest-weekend\/#breadcrumb"},"inLanguage":"en-GB","potentialAction":[{"@type":"ReadAction","target":["https:\/\/buletin.de\/bucuresti\/targ-de-craciun-la-muzeul-taranului-roman-in-acest-weekend\/"]}]},{"@type":"ImageObject","inLanguage":"en-GB","@id":"https:\/\/buletin.de\/bucuresti\/targ-de-craciun-la-muzeul-taranului-roman-in-acest-weekend\/#primaryimage","url":"https:\/\/buletin.de\/bucuresti\/wp-content\/uploads\/2025\/12\/Targ-de-Craciun-Muzeul-Taranului-Roma.jpg","contentUrl":"https:\/\/buletin.de\/bucuresti\/wp-content\/uploads\/2025\/12\/Targ-de-Craciun-Muzeul-Taranului-Roma.jpg","width":1200,"height":650,"caption":"Un t\u00e2rg de Cr\u0103ciun este organizat la Muzeul \u021a\u0103ranului Rom\u00e2n, \u00een weekend. Foto: Facebook\/Fundatia Kogaion 115"},{"@type":"BreadcrumbList","@id":"https:\/\/buletin.de\/bucuresti\/targ-de-craciun-la-muzeul-taranului-roman-in-acest-weekend\/#breadcrumb","itemListElement":[{"@type":"ListItem","position":1,"name":"Acas\u0103","item":"https:\/\/buletin.de\/bucuresti\/"},{"@type":"ListItem","position":2,"name":"T\u00e2rg de Cr\u0103ciun, la Muzeul \u021a\u0103ranului Rom\u00e2n, \u00een acest weekend"}]},{"@type":"WebSite","@id":"https:\/\/buletin.de\/bucuresti\/#website","url":"https:\/\/buletin.de\/bucuresti\/","name":"Buletin de Bucure\u0219ti","description":"\u0218tiri \u0219i investiga\u021bii esen\u021biale din capital\u0103","publisher":{"@id":"https:\/\/buletin.de\/bucuresti\/#organization"},"potentialAction":[{"@type":"SearchAction","target":{"@type":"EntryPoint","urlTemplate":"https:\/\/buletin.de\/bucuresti\/?s={search_term_string}"},"query-input":{"@type":"PropertyValueSpecification","valueRequired":true,"valueName":"search_term_string"}}],"inLanguage":"en-GB"},{"@type":"Organization","@id":"https:\/\/buletin.de\/bucuresti\/#organization","name":"Buletin de Bucure\u0219ti","url":"https:\/\/buletin.de\/bucuresti\/","logo":{"@type":"ImageObject","inLanguage":"en-GB","@id":"https:\/\/buletin.de\/bucuresti\/#\/schema\/logo\/image\/","url":"https:\/\/buletin.de\/bucuresti\/wp-content\/uploads\/logo-bdb-full-wide-vernil-transparent.png","contentUrl":"https:\/\/buletin.de\/bucuresti\/wp-content\/uploads\/logo-bdb-full-wide-vernil-transparent.png","width":1782,"height":626,"caption":"Buletin de Bucure\u0219ti"},"image":{"@id":"https:\/\/buletin.de\/bucuresti\/#\/schema\/logo\/image\/"},"sameAs":["https:\/\/www.facebook.com\/buletin.de.buc","https:\/\/www.instagram.com\/buletinde.bucuresti\/"]},{"@type":"Person","@id":"https:\/\/buletin.de\/bucuresti\/#\/schema\/person\/81421a46fb84a0887cfd2238f5202586","name":"Andreea St\u0103n\u0103r\u00eeng\u0103","image":{"@type":"ImageObject","inLanguage":"en-GB","@id":"https:\/\/secure.gravatar.com\/avatar\/dfa8d227a4388fad0f0bb03add04b5b176f4da34397dbb2eadc563b3d7162ce0?s=96&d=monsterid&r=g72784372b39ffe5a98a45288fe0d0e8a","url":"https:\/\/secure.gravatar.com\/avatar\/dfa8d227a4388fad0f0bb03add04b5b176f4da34397dbb2eadc563b3d7162ce0?s=96&d=monsterid&r=g","contentUrl":"https:\/\/secure.gravatar.com\/avatar\/dfa8d227a4388fad0f0bb03add04b5b176f4da34397dbb2eadc563b3d7162ce0?s=96&d=monsterid&r=g","caption":"Andreea St\u0103n\u0103r\u00eeng\u0103"},"description":"Cu o experien\u021b\u0103 de peste 5 ani \u00een pres\u0103, face parte din echipa Buletin de Bucure\u0219ti din septembrie 2025. A colaborat cu c\u00e2teva publica\u021bii, printre care \u0219i Fanatik.ro, unde s-a ocupat de \u0219tiri de lifestyle \u0219i de actualitate. A f\u0103cut un pas c\u0103tre presa local\u0103 pentru a explora Bucure\u0219tiul \u0219i pove\u0219tile care merit\u0103 spuse.","url":"https:\/\/buletin.de\/bucuresti\/author\/andreea-stanaranga\/"}]}},"authors":[{"term_id":23912,"user_id":65,"is_guest":0,"slug":"andreea-stanaranga","display_name":"Andreea St\u0103n\u0103r\u00eeng\u0103","avatar_url":"https:\/\/secure.gravatar.com\/avatar\/dfa8d227a4388fad0f0bb03add04b5b176f4da34397dbb2eadc563b3d7162ce0?s=96&d=monsterid&r=g","0":null,"1":"","2":"","3":"","4":"","5":"","6":"","7":"","8":""}],"_links":{"self":[{"href":"https:\/\/buletin.de\/bucuresti\/wp-json\/wp\/v2\/posts\/161850","targetHints":{"allow":["GET"]}}],"collection":[{"href":"https:\/\/buletin.de\/bucuresti\/wp-json\/wp\/v2\/posts"}],"about":[{"href":"https:\/\/buletin.de\/bucuresti\/wp-json\/wp\/v2\/types\/post"}],"author":[{"embeddable":true,"href":"https:\/\/buletin.de\/bucuresti\/wp-json\/wp\/v2\/users\/65"}],"replies":[{"embeddable":true,"href":"https:\/\/buletin.de\/bucuresti\/wp-json\/wp\/v2\/comments?post=161850"}],"version-history":[{"count":2,"href":"https:\/\/buletin.de\/bucuresti\/wp-json\/wp\/v2\/posts\/161850\/revisions"}],"predecessor-version":[{"id":161856,"href":"https:\/\/buletin.de\/bucuresti\/wp-json\/wp\/v2\/posts\/161850\/revisions\/161856"}],"wp:featuredmedia":[{"embeddable":true,"href":"https:\/\/buletin.de\/bucuresti\/wp-json\/wp\/v2\/media\/161857"}],"wp:attachment":[{"href":"https:\/\/buletin.de\/bucuresti\/wp-json\/wp\/v2\/media?parent=161850"}],"wp:term":[{"taxonomy":"category","embeddable":true,"href":"https:\/\/buletin.de\/bucuresti\/wp-json\/wp\/v2\/categories?post=161850"},{"taxonomy":"post_tag","embeddable":true,"href":"https:\/\/buletin.de\/bucuresti\/wp-json\/wp\/v2\/tags?post=161850"},{"taxonomy":"author","embeddable":true,"href":"https:\/\/buletin.de\/bucuresti\/wp-json\/wp\/v2\/ppma_author?post=161850"}],"curies":[{"name":"wp","href":"https:\/\/api.w.org\/{rel}","templated":true}]}}