{"id":161839,"date":"2025-12-10T15:42:32","date_gmt":"2025-12-10T12:42:32","guid":{"rendered":"https:\/\/buletin.de\/bucuresti\/?p=161839"},"modified":"2025-12-10T15:42:33","modified_gmt":"2025-12-10T12:42:33","slug":"tpbi-legatura-directa-intre-gara-basarab-gara-de-nord-si-autogara-filaret-traseul-liniei-196-se-prelungeste","status":"publish","type":"post","link":"https:\/\/buletin.de\/bucuresti\/tpbi-legatura-directa-intre-gara-basarab-gara-de-nord-si-autogara-filaret-traseul-liniei-196-se-prelungeste\/","title":{"rendered":"TPBI | Leg\u0103tur\u0103 direct\u0103 \u00eentre Gara Basarab-Gara de Nord \u0219i Autogara Filaret. Traseul liniei 196 se prelunge\u0219te"},"content":{"rendered":"\n<p><strong>Asocia\u021bia de Dezvoltare Intercomunitar\u0103 pentru Transport Public Bucure\u0219ti \u2013 Ilfov (TPBI) va asigura o leg\u0103tur\u0103 direct\u0103, \u00eentre Gara Basarab-Gara de Nord \u0219i Autogara Filaret. M<strong>\u0103<\/strong>sura intr\u0103 \u00een vigoare \u00eencep\u00e2nd de s\u00e2mb\u0103t\u0103, 13 decembrie 2025.<\/strong><\/p>\n\n\n\n<p>O dat\u0103 cu aceast\u0103 decizie, se prelunge\u0219te actualul traseu al liniei 196, din zona Chirigiu p\u00e2n\u0103 la autogar\u0103.<\/p>\n\n\n\n<h2 class=\"wp-block-heading\" id=\"h-legatura-directa-intre-gara-basarab-gara-de-nord-\u0219i-autogara-filaret-traseul-liniei-196\">Leg\u0103tur\u0103 direct\u0103 \u00eentre Gara Basarab-Gara de Nord \u0219i Autogara Filaret. Traseul liniei 196<\/h2>\n\n\n\n<ul class=\"wp-block-list\">\n<li>\u201eGara Basarab\u201d;<\/li>\n\n\n\n<li>Bd. Dinicu Golescu;<\/li>\n\n\n\n<li>Str. Witting;<\/li>\n\n\n\n<li>Calea Plevnei;<\/li>\n\n\n\n<li>Str. \u015etirbei Vod\u0103;<\/li>\n\n\n\n<li>Bd. Eroilor;<\/li>\n\n\n\n<li>Str. Bagdasar Dumitru;<\/li>\n\n\n\n<li>\u015eos. Panduri, Bd. Tudor Vladimirescu;<\/li>\n\n\n\n<li>Str. Odoarei;<\/li>\n\n\n\n<li>\u015eos. Viilor;<\/li>\n\n\n\n<li>Str. Fabrica de Chibrituri;<\/li>\n\n\n\n<li>Pia\u0163a G\u0103rii Filaret;<\/li>\n\n\n\n<li> \u201eAutogara Filaret\u201d.<\/li>\n<\/ul>\n\n\n\n<p>Linia 196 va \u00a0\u00eentoarce pe urm\u0103torul traseu:<\/p>\n\n\n\n<ul class=\"wp-block-list\">\n<li>Str. Doctor Constantin Istrati;<\/li>\n\n\n\n<li>\u015eos. Viilor;<\/li>\n\n\n\n<li>Str. Odoarei;<\/li>\n\n\n\n<li>Bd. Tudor Vladimirescu;<\/li>\n\n\n\n<li>\u015eos. Panduri;<\/li>\n\n\n\n<li>Str. Doctor Rainer Francisc Iosif;<\/li>\n\n\n\n<li>Bd. Eroilor;<\/li>\n\n\n\n<li>Splaiul Independen\u0163ei;<\/li>\n\n\n\n<li>Str. Constantin Noica;<\/li>\n\n\n\n<li>Str. Mircea Vulc\u0103nescu;<\/li>\n\n\n\n<li>Str. Baldovin P\u00e2rc\u0103labul;<\/li>\n\n\n\n<li>Str. G\u0103rii de Nord;<\/li>\n\n\n\n<li>Pia\u0163a G\u0103rii de Nord;<\/li>\n\n\n\n<li>Bd. Dinicu Golescu;<\/li>\n\n\n\n<li>\u201eGara Basarab\u201d.<\/li>\n<\/ul>\n\n\n\n<figure class=\"wp-block-image size-large\"><img fetchpriority=\"high\" decoding=\"async\" width=\"1000\" height=\"632\" src=\"data:image\/gif;base64,R0lGODlhAQABAAAAACH5BAEKAAEALAAAAAABAAEAAAICTAEAOw==\" data-src=\"https:\/\/buletin.de\/bucuresti\/wp-content\/uploads\/2025\/12\/196-site-1000x632.png\" alt=\"\" class=\"wp-image-161840 lazyload\" data-sizes=\"auto\" data-srcset=\"https:\/\/buletin.de\/bucuresti\/wp-content\/uploads\/2025\/12\/196-site-1000x632.png 1000w, https:\/\/buletin.de\/bucuresti\/wp-content\/uploads\/2025\/12\/196-site-300x190.png 300w, https:\/\/buletin.de\/bucuresti\/wp-content\/uploads\/2025\/12\/196-site-768x485.png 768w, https:\/\/buletin.de\/bucuresti\/wp-content\/uploads\/2025\/12\/196-site-1100x695.png 1100w, https:\/\/buletin.de\/bucuresti\/wp-content\/uploads\/2025\/12\/196-site-600x379.png 600w, https:\/\/buletin.de\/bucuresti\/wp-content\/uploads\/2025\/12\/196-site-20x13.png 20w, https:\/\/buletin.de\/bucuresti\/wp-content\/uploads\/2025\/12\/196-site.png 1146w\" sizes=\"(max-width: 1000px) 100vw, 1000px\" \/><figcaption class=\"wp-element-caption\">FOTO: TPBI<\/figcaption><\/figure>\n\n\n\n<p><strong>\u00a0CITE\u0218TE \u0218I:<\/strong><a href=\"https:\/\/buletin.de\/bucuresti\/schema-prin-care-a-fost-legalizat-cel-mai-mare-tun-imobiliar-din-istoria-capitalei-dosarul-lui-popoviciu-spalat-de-o-hidra-judiciara-recorder\/\"> <strong>Schema prin care a fost legalizat cel mai mare tun imobiliar din istoria Capitalei: Dosarul lui Popoviciu, \u201esp\u0103lat\u201d de o hidr\u0103 judiciar\u0103 | Recorder<\/strong><\/a><\/p>\n\n\n\n<h2 class=\"wp-block-heading\" id=\"h-liniile-100-\u0219i-442-reorganizate-in-zona-aeroportului-henri-coanda\">Liniile 100 \u0219i 442, reorganizate \u00een zona Aeroportului \u201eHenri Coand\u0103\u201d<\/h2>\n\n\n\n<p><strong>Lucr\u0103rile la Magistrala 6 de metrou reorganizeaz\u0103 traseele pentru liniile 100 \u0219i 442, din data de 8 decembrie. M\u0103sura intra \u00een vigoare de la ora 09:00.<\/strong><\/p>\n\n\n\n<p>Pentru a permite desf\u0103\u0219urarea lucr\u0103rilor de construire a sta\u021biei de metrou de pe Magistrala 6, din incinta Aeroportului Interna\u021bional \u201eHenri Coand\u0103\u201d, Asocia\u021bia de Dezvoltare Intercomunitar\u0103 pentru Transport Public Bucure\u0219ti \u2013 Ilfov (TPBI) reorganizeaz\u0103&nbsp;<strong>liniile 100 \u0219i 442<\/strong>&nbsp;\u00een zona terminalului.<\/p>\n\n\n\n<p><strong>\u00cencep\u00e2nd cu data de 08.12.2025, de la ora 09:00,&nbsp;<\/strong>va fi restric\u021bionat total traficul rutier pe bretelele de urcare c\u0103tre terminalul \u201ePlec\u0103ri\u201d, respectiv, de ie\u0219ire din terminalul \u201eSosiri\u201d.<\/p>\n\n\n\n<p>Transportul public din incinta aeroportului va fi reorganizat pe o arter\u0103 nou\u0103, amenajat\u0103 de constructor, prin dezafectarea unor locuri de parcare din vecin\u0103tatea cl\u0103dirii aeroportului.<\/p>\n\n\n\n<p>\u00cen aceste condi\u021bii, autobuzele&nbsp;de pe&nbsp;<strong>liniile 100 \u0219i 442<\/strong>&nbsp;vor circula \u00een ambele sensuri pe noua arter\u0103, ce va fi semnalizat\u0103 cu balize direc\u021bionale.<\/p>\n\n\n\n<p>Totodat\u0103, sta\u0163iile de la terminalul&nbsp;<strong>\u201ePlec\u0103ri\u201d&nbsp;<\/strong>vor fi relocate, pe&nbsp;prima band\u0103 de l\u00e2ng\u0103 cl\u0103direa aeroportului, potrivit&nbsp;<a href=\"https:\/\/tpbi.ro\/\">TPBI.<\/a><\/p>\n\n\n\n<p><strong>\u00a0CITE\u0218TE \u0218I:<\/strong> <a href=\"https:\/\/buletin.de\/bucuresti\/exemplul-care-intareste-documentarul-recorder-o-judecatoare-din-dosarul-de-coruptie-al-primarului-din-otopeni-a-fost-inlocuita-marti-dna-l-a-trimis-in-judecata-acum-trei-ani\/\"><strong>Exemplul care \u00eent\u0103re\u0219te documentarul Recorder: O judec\u0103toare din dosarul de corup\u021bie al primarului din Otopeni a fost \u00eenlocuit\u0103 mar\u021bi. DNA l-a trimis \u00een judecat\u0103 acum trei ani<\/strong><\/a><\/p>\n\n\n\n<p><\/p>\n","protected":false},"excerpt":{"rendered":"<p>Asocia\u021bia de Dezvoltare Intercomunitar\u0103 pentru Transport Public Bucure\u0219ti \u2013 Ilfov (TPBI) va asigura o leg\u0103tur\u0103 direct\u0103, \u00eentre Gara Basarab-Gara de Nord \u0219i Autogara Filaret. M\u0103sura intr\u0103 \u00een vigoare \u00eencep\u00e2nd de s\u00e2mb\u0103t\u0103, 13 decembrie 2025. O dat\u0103 cu aceast\u0103 decizie, se prelunge\u0219te actualul traseu al liniei 196, din zona Chirigiu p\u00e2n\u0103 la autogar\u0103. Leg\u0103tur\u0103 direct\u0103 \u00eentre [&hellip;]<\/p>\n","protected":false},"author":49,"featured_media":161846,"comment_status":"closed","ping_status":"open","sticky":false,"template":"","format":"standard","meta":{"_acf_changed":false,"inline_featured_image":false,"ngg_post_thumbnail":0,"footnotes":""},"categories":[6994,62,650],"tags":[25070,25069,16778,2842],"ppma_author":[22574],"class_list":["post-161839","post","type-post","status-publish","format-standard","has-post-thumbnail","hentry","category-stiri-2","category-stiri","category-transport","tag-autogara-filaret","tag-gara-basarab-gara-de-nord","tag-linia-196","tag-tpbi"],"acf":[],"yoast_head":"<!-- This site is optimized with the Yoast SEO Premium plugin v25.3 (Yoast SEO v27.4) - https:\/\/yoast.com\/product\/yoast-seo-premium-wordpress\/ -->\n<title>TPBI | Leg\u0103tur\u0103 direct\u0103 \u00eentre Gara Basarab-Gara de Nord \u0219i Autogara Filaret. Traseul liniei 196 se prelunge\u0219te - Buletin de Bucure\u0219ti<\/title>\n<meta name=\"description\" content=\"Leg\u0103tur\u0103 direct\u0103, \u00eentre Gara Basarab-Gara de Nord \u0219i Autogara Filaret. M\u0103sura intr\u0103 \u00een vigoare \u00eencep\u00e2nd de s\u00e2mb\u0103t\u0103, 13 decembrie 2025.\" \/>\n<meta name=\"robots\" content=\"index, follow, max-snippet:-1, max-image-preview:large, max-video-preview:-1\" \/>\n<link rel=\"canonical\" href=\"https:\/\/buletin.de\/bucuresti\/tpbi-legatura-directa-intre-gara-basarab-gara-de-nord-si-autogara-filaret-traseul-liniei-196-se-prelungeste\/\" \/>\n<meta property=\"og:locale\" content=\"en_GB\" \/>\n<meta property=\"og:type\" content=\"article\" \/>\n<meta property=\"og:title\" content=\"TPBI | Leg\u0103tur\u0103 direct\u0103 \u00eentre Gara Basarab-Gara de Nord \u0219i Autogara Filaret. Traseul liniei 196 se prelunge\u0219te\" \/>\n<meta property=\"og:description\" content=\"Leg\u0103tur\u0103 direct\u0103, \u00eentre Gara Basarab-Gara de Nord \u0219i Autogara Filaret. M\u0103sura intr\u0103 \u00een vigoare \u00eencep\u00e2nd de s\u00e2mb\u0103t\u0103, 13 decembrie 2025.\" \/>\n<meta property=\"og:url\" content=\"https:\/\/buletin.de\/bucuresti\/tpbi-legatura-directa-intre-gara-basarab-gara-de-nord-si-autogara-filaret-traseul-liniei-196-se-prelungeste\/\" \/>\n<meta property=\"og:site_name\" content=\"Buletin de Bucure\u0219ti\" \/>\n<meta property=\"article:publisher\" content=\"https:\/\/www.facebook.com\/buletin.de.buc\" \/>\n<meta property=\"article:published_time\" content=\"2025-12-10T12:42:32+00:00\" \/>\n<meta property=\"article:modified_time\" content=\"2025-12-10T12:42:33+00:00\" \/>\n<meta property=\"og:image\" content=\"https:\/\/buletin.de\/bucuresti\/wp-content\/uploads\/2025\/12\/6306-196-Dv_1.jpg\" \/>\n\t<meta property=\"og:image:width\" content=\"1340\" \/>\n\t<meta property=\"og:image:height\" content=\"1005\" \/>\n\t<meta property=\"og:image:type\" content=\"image\/jpeg\" \/>\n<meta name=\"author\" content=\"Diana Matei\" \/>\n<meta name=\"twitter:card\" content=\"summary_large_image\" \/>\n<meta name=\"twitter:label1\" content=\"Written by\" \/>\n\t<meta name=\"twitter:data1\" content=\"Diana Matei\" \/>\n\t<meta name=\"twitter:label2\" content=\"Estimated reading time\" \/>\n\t<meta name=\"twitter:data2\" content=\"3 minutes\" \/>\n<script type=\"application\/ld+json\" class=\"yoast-schema-graph\">{\"@context\":\"https:\\\/\\\/schema.org\",\"@graph\":[{\"@type\":\"Article\",\"@id\":\"https:\\\/\\\/buletin.de\\\/bucuresti\\\/tpbi-legatura-directa-intre-gara-basarab-gara-de-nord-si-autogara-filaret-traseul-liniei-196-se-prelungeste\\\/#article\",\"isPartOf\":{\"@id\":\"https:\\\/\\\/buletin.de\\\/bucuresti\\\/tpbi-legatura-directa-intre-gara-basarab-gara-de-nord-si-autogara-filaret-traseul-liniei-196-se-prelungeste\\\/\"},\"author\":{\"name\":\"Diana Matei\",\"@id\":\"https:\\\/\\\/buletin.de\\\/bucuresti\\\/#\\\/schema\\\/person\\\/7e46040573290777280a0835d81ea4ea\"},\"headline\":\"TPBI | Leg\u0103tur\u0103 direct\u0103 \u00eentre Gara Basarab-Gara de Nord \u0219i Autogara Filaret. Traseul liniei 196 se prelunge\u0219te\",\"datePublished\":\"2025-12-10T12:42:32+00:00\",\"dateModified\":\"2025-12-10T12:42:33+00:00\",\"mainEntityOfPage\":{\"@id\":\"https:\\\/\\\/buletin.de\\\/bucuresti\\\/tpbi-legatura-directa-intre-gara-basarab-gara-de-nord-si-autogara-filaret-traseul-liniei-196-se-prelungeste\\\/\"},\"wordCount\":434,\"publisher\":{\"@id\":\"https:\\\/\\\/buletin.de\\\/bucuresti\\\/#organization\"},\"image\":{\"@id\":\"https:\\\/\\\/buletin.de\\\/bucuresti\\\/tpbi-legatura-directa-intre-gara-basarab-gara-de-nord-si-autogara-filaret-traseul-liniei-196-se-prelungeste\\\/#primaryimage\"},\"thumbnailUrl\":\"https:\\\/\\\/buletin.de\\\/bucuresti\\\/wp-content\\\/uploads\\\/2025\\\/12\\\/6306-196-Dv_1.jpg\",\"keywords\":[\"Autogara Filaret\",\"Gara Basarab-Gara de Nord\",\"linia 196\",\"tpbi\"],\"articleSection\":[\"Articole\",\"\u0218tiri\",\"Transport\"],\"inLanguage\":\"en-GB\",\"copyrightYear\":\"2025\",\"copyrightHolder\":{\"@id\":\"https:\\\/\\\/buletin.de\\\/bucuresti\\\/#organization\"}},{\"@type\":\"WebPage\",\"@id\":\"https:\\\/\\\/buletin.de\\\/bucuresti\\\/tpbi-legatura-directa-intre-gara-basarab-gara-de-nord-si-autogara-filaret-traseul-liniei-196-se-prelungeste\\\/\",\"url\":\"https:\\\/\\\/buletin.de\\\/bucuresti\\\/tpbi-legatura-directa-intre-gara-basarab-gara-de-nord-si-autogara-filaret-traseul-liniei-196-se-prelungeste\\\/\",\"name\":\"TPBI | Leg\u0103tur\u0103 direct\u0103 \u00eentre Gara Basarab-Gara de Nord \u0219i Autogara Filaret. Traseul liniei 196 se prelunge\u0219te - Buletin de Bucure\u0219ti\",\"isPartOf\":{\"@id\":\"https:\\\/\\\/buletin.de\\\/bucuresti\\\/#website\"},\"primaryImageOfPage\":{\"@id\":\"https:\\\/\\\/buletin.de\\\/bucuresti\\\/tpbi-legatura-directa-intre-gara-basarab-gara-de-nord-si-autogara-filaret-traseul-liniei-196-se-prelungeste\\\/#primaryimage\"},\"image\":{\"@id\":\"https:\\\/\\\/buletin.de\\\/bucuresti\\\/tpbi-legatura-directa-intre-gara-basarab-gara-de-nord-si-autogara-filaret-traseul-liniei-196-se-prelungeste\\\/#primaryimage\"},\"thumbnailUrl\":\"https:\\\/\\\/buletin.de\\\/bucuresti\\\/wp-content\\\/uploads\\\/2025\\\/12\\\/6306-196-Dv_1.jpg\",\"datePublished\":\"2025-12-10T12:42:32+00:00\",\"dateModified\":\"2025-12-10T12:42:33+00:00\",\"description\":\"Leg\u0103tur\u0103 direct\u0103, \u00eentre Gara Basarab-Gara de Nord \u0219i Autogara Filaret. M\u0103sura intr\u0103 \u00een vigoare \u00eencep\u00e2nd de s\u00e2mb\u0103t\u0103, 13 decembrie 2025.\",\"breadcrumb\":{\"@id\":\"https:\\\/\\\/buletin.de\\\/bucuresti\\\/tpbi-legatura-directa-intre-gara-basarab-gara-de-nord-si-autogara-filaret-traseul-liniei-196-se-prelungeste\\\/#breadcrumb\"},\"inLanguage\":\"en-GB\",\"potentialAction\":[{\"@type\":\"ReadAction\",\"target\":[\"https:\\\/\\\/buletin.de\\\/bucuresti\\\/tpbi-legatura-directa-intre-gara-basarab-gara-de-nord-si-autogara-filaret-traseul-liniei-196-se-prelungeste\\\/\"]}]},{\"@type\":\"ImageObject\",\"inLanguage\":\"en-GB\",\"@id\":\"https:\\\/\\\/buletin.de\\\/bucuresti\\\/tpbi-legatura-directa-intre-gara-basarab-gara-de-nord-si-autogara-filaret-traseul-liniei-196-se-prelungeste\\\/#primaryimage\",\"url\":\"https:\\\/\\\/buletin.de\\\/bucuresti\\\/wp-content\\\/uploads\\\/2025\\\/12\\\/6306-196-Dv_1.jpg\",\"contentUrl\":\"https:\\\/\\\/buletin.de\\\/bucuresti\\\/wp-content\\\/uploads\\\/2025\\\/12\\\/6306-196-Dv_1.jpg\",\"width\":1340,\"height\":1005,\"caption\":\"TPBI | Leg\u0103tur\u0103 direct\u0103 \u00eentre Gara Basarab-Gara de Nord \u0219i Autogara Filaret. Traseul liniei 196 se prelunge\u0219te. FOTO: TPBI\"},{\"@type\":\"BreadcrumbList\",\"@id\":\"https:\\\/\\\/buletin.de\\\/bucuresti\\\/tpbi-legatura-directa-intre-gara-basarab-gara-de-nord-si-autogara-filaret-traseul-liniei-196-se-prelungeste\\\/#breadcrumb\",\"itemListElement\":[{\"@type\":\"ListItem\",\"position\":1,\"name\":\"Acas\u0103\",\"item\":\"https:\\\/\\\/buletin.de\\\/bucuresti\\\/\"},{\"@type\":\"ListItem\",\"position\":2,\"name\":\"TPBI | Leg\u0103tur\u0103 direct\u0103 \u00eentre Gara Basarab-Gara de Nord \u0219i Autogara Filaret. Traseul liniei 196 se prelunge\u0219te\"}]},{\"@type\":\"WebSite\",\"@id\":\"https:\\\/\\\/buletin.de\\\/bucuresti\\\/#website\",\"url\":\"https:\\\/\\\/buletin.de\\\/bucuresti\\\/\",\"name\":\"Buletin de Bucure\u0219ti\",\"description\":\"\u0218tiri \u0219i investiga\u021bii esen\u021biale din capital\u0103\",\"publisher\":{\"@id\":\"https:\\\/\\\/buletin.de\\\/bucuresti\\\/#organization\"},\"potentialAction\":[{\"@type\":\"SearchAction\",\"target\":{\"@type\":\"EntryPoint\",\"urlTemplate\":\"https:\\\/\\\/buletin.de\\\/bucuresti\\\/?s={search_term_string}\"},\"query-input\":{\"@type\":\"PropertyValueSpecification\",\"valueRequired\":true,\"valueName\":\"search_term_string\"}}],\"inLanguage\":\"en-GB\"},{\"@type\":\"Organization\",\"@id\":\"https:\\\/\\\/buletin.de\\\/bucuresti\\\/#organization\",\"name\":\"Buletin de Bucure\u0219ti\",\"url\":\"https:\\\/\\\/buletin.de\\\/bucuresti\\\/\",\"logo\":{\"@type\":\"ImageObject\",\"inLanguage\":\"en-GB\",\"@id\":\"https:\\\/\\\/buletin.de\\\/bucuresti\\\/#\\\/schema\\\/logo\\\/image\\\/\",\"url\":\"https:\\\/\\\/buletin.de\\\/bucuresti\\\/wp-content\\\/uploads\\\/logo-bdb-full-wide-vernil-transparent.png\",\"contentUrl\":\"https:\\\/\\\/buletin.de\\\/bucuresti\\\/wp-content\\\/uploads\\\/logo-bdb-full-wide-vernil-transparent.png\",\"width\":1782,\"height\":626,\"caption\":\"Buletin de Bucure\u0219ti\"},\"image\":{\"@id\":\"https:\\\/\\\/buletin.de\\\/bucuresti\\\/#\\\/schema\\\/logo\\\/image\\\/\"},\"sameAs\":[\"https:\\\/\\\/www.facebook.com\\\/buletin.de.buc\",\"https:\\\/\\\/www.instagram.com\\\/buletinde.bucuresti\\\/\"]},{\"@type\":\"Person\",\"@id\":\"https:\\\/\\\/buletin.de\\\/bucuresti\\\/#\\\/schema\\\/person\\\/7e46040573290777280a0835d81ea4ea\",\"name\":\"Diana Matei\",\"image\":{\"@type\":\"ImageObject\",\"inLanguage\":\"en-GB\",\"@id\":\"https:\\\/\\\/buletin.de\\\/bucuresti\\\/wp-content\\\/uploads\\\/9-2-96x96.jpg1e8590b30871d70e62ebcdaf2eff570c\",\"url\":\"https:\\\/\\\/buletin.de\\\/bucuresti\\\/wp-content\\\/uploads\\\/9-2-96x96.jpg\",\"contentUrl\":\"https:\\\/\\\/buletin.de\\\/bucuresti\\\/wp-content\\\/uploads\\\/9-2-96x96.jpg\",\"caption\":\"Diana Matei\"},\"url\":\"https:\\\/\\\/buletin.de\\\/bucuresti\\\/author\\\/dianamatei\\\/\"}]}<\/script>\n<!-- \/ Yoast SEO Premium plugin. -->","yoast_head_json":{"title":"TPBI | Leg\u0103tur\u0103 direct\u0103 \u00eentre Gara Basarab-Gara de Nord \u0219i Autogara Filaret. Traseul liniei 196 se prelunge\u0219te - Buletin de Bucure\u0219ti","description":"Leg\u0103tur\u0103 direct\u0103, \u00eentre Gara Basarab-Gara de Nord \u0219i Autogara Filaret. M\u0103sura intr\u0103 \u00een vigoare \u00eencep\u00e2nd de s\u00e2mb\u0103t\u0103, 13 decembrie 2025.","robots":{"index":"index","follow":"follow","max-snippet":"max-snippet:-1","max-image-preview":"max-image-preview:large","max-video-preview":"max-video-preview:-1"},"canonical":"https:\/\/buletin.de\/bucuresti\/tpbi-legatura-directa-intre-gara-basarab-gara-de-nord-si-autogara-filaret-traseul-liniei-196-se-prelungeste\/","og_locale":"en_GB","og_type":"article","og_title":"TPBI | Leg\u0103tur\u0103 direct\u0103 \u00eentre Gara Basarab-Gara de Nord \u0219i Autogara Filaret. Traseul liniei 196 se prelunge\u0219te","og_description":"Leg\u0103tur\u0103 direct\u0103, \u00eentre Gara Basarab-Gara de Nord \u0219i Autogara Filaret. M\u0103sura intr\u0103 \u00een vigoare \u00eencep\u00e2nd de s\u00e2mb\u0103t\u0103, 13 decembrie 2025.","og_url":"https:\/\/buletin.de\/bucuresti\/tpbi-legatura-directa-intre-gara-basarab-gara-de-nord-si-autogara-filaret-traseul-liniei-196-se-prelungeste\/","og_site_name":"Buletin de Bucure\u0219ti","article_publisher":"https:\/\/www.facebook.com\/buletin.de.buc","article_published_time":"2025-12-10T12:42:32+00:00","article_modified_time":"2025-12-10T12:42:33+00:00","og_image":[{"width":1340,"height":1005,"url":"https:\/\/buletin.de\/bucuresti\/wp-content\/uploads\/2025\/12\/6306-196-Dv_1.jpg","type":"image\/jpeg"}],"author":"Diana Matei","twitter_card":"summary_large_image","twitter_misc":{"Written by":"Diana Matei","Estimated reading time":"3 minutes"},"schema":{"@context":"https:\/\/schema.org","@graph":[{"@type":"Article","@id":"https:\/\/buletin.de\/bucuresti\/tpbi-legatura-directa-intre-gara-basarab-gara-de-nord-si-autogara-filaret-traseul-liniei-196-se-prelungeste\/#article","isPartOf":{"@id":"https:\/\/buletin.de\/bucuresti\/tpbi-legatura-directa-intre-gara-basarab-gara-de-nord-si-autogara-filaret-traseul-liniei-196-se-prelungeste\/"},"author":{"name":"Diana Matei","@id":"https:\/\/buletin.de\/bucuresti\/#\/schema\/person\/7e46040573290777280a0835d81ea4ea"},"headline":"TPBI | Leg\u0103tur\u0103 direct\u0103 \u00eentre Gara Basarab-Gara de Nord \u0219i Autogara Filaret. Traseul liniei 196 se prelunge\u0219te","datePublished":"2025-12-10T12:42:32+00:00","dateModified":"2025-12-10T12:42:33+00:00","mainEntityOfPage":{"@id":"https:\/\/buletin.de\/bucuresti\/tpbi-legatura-directa-intre-gara-basarab-gara-de-nord-si-autogara-filaret-traseul-liniei-196-se-prelungeste\/"},"wordCount":434,"publisher":{"@id":"https:\/\/buletin.de\/bucuresti\/#organization"},"image":{"@id":"https:\/\/buletin.de\/bucuresti\/tpbi-legatura-directa-intre-gara-basarab-gara-de-nord-si-autogara-filaret-traseul-liniei-196-se-prelungeste\/#primaryimage"},"thumbnailUrl":"https:\/\/buletin.de\/bucuresti\/wp-content\/uploads\/2025\/12\/6306-196-Dv_1.jpg","keywords":["Autogara Filaret","Gara Basarab-Gara de Nord","linia 196","tpbi"],"articleSection":["Articole","\u0218tiri","Transport"],"inLanguage":"en-GB","copyrightYear":"2025","copyrightHolder":{"@id":"https:\/\/buletin.de\/bucuresti\/#organization"}},{"@type":"WebPage","@id":"https:\/\/buletin.de\/bucuresti\/tpbi-legatura-directa-intre-gara-basarab-gara-de-nord-si-autogara-filaret-traseul-liniei-196-se-prelungeste\/","url":"https:\/\/buletin.de\/bucuresti\/tpbi-legatura-directa-intre-gara-basarab-gara-de-nord-si-autogara-filaret-traseul-liniei-196-se-prelungeste\/","name":"TPBI | Leg\u0103tur\u0103 direct\u0103 \u00eentre Gara Basarab-Gara de Nord \u0219i Autogara Filaret. Traseul liniei 196 se prelunge\u0219te - Buletin de Bucure\u0219ti","isPartOf":{"@id":"https:\/\/buletin.de\/bucuresti\/#website"},"primaryImageOfPage":{"@id":"https:\/\/buletin.de\/bucuresti\/tpbi-legatura-directa-intre-gara-basarab-gara-de-nord-si-autogara-filaret-traseul-liniei-196-se-prelungeste\/#primaryimage"},"image":{"@id":"https:\/\/buletin.de\/bucuresti\/tpbi-legatura-directa-intre-gara-basarab-gara-de-nord-si-autogara-filaret-traseul-liniei-196-se-prelungeste\/#primaryimage"},"thumbnailUrl":"https:\/\/buletin.de\/bucuresti\/wp-content\/uploads\/2025\/12\/6306-196-Dv_1.jpg","datePublished":"2025-12-10T12:42:32+00:00","dateModified":"2025-12-10T12:42:33+00:00","description":"Leg\u0103tur\u0103 direct\u0103, \u00eentre Gara Basarab-Gara de Nord \u0219i Autogara Filaret. M\u0103sura intr\u0103 \u00een vigoare \u00eencep\u00e2nd de s\u00e2mb\u0103t\u0103, 13 decembrie 2025.","breadcrumb":{"@id":"https:\/\/buletin.de\/bucuresti\/tpbi-legatura-directa-intre-gara-basarab-gara-de-nord-si-autogara-filaret-traseul-liniei-196-se-prelungeste\/#breadcrumb"},"inLanguage":"en-GB","potentialAction":[{"@type":"ReadAction","target":["https:\/\/buletin.de\/bucuresti\/tpbi-legatura-directa-intre-gara-basarab-gara-de-nord-si-autogara-filaret-traseul-liniei-196-se-prelungeste\/"]}]},{"@type":"ImageObject","inLanguage":"en-GB","@id":"https:\/\/buletin.de\/bucuresti\/tpbi-legatura-directa-intre-gara-basarab-gara-de-nord-si-autogara-filaret-traseul-liniei-196-se-prelungeste\/#primaryimage","url":"https:\/\/buletin.de\/bucuresti\/wp-content\/uploads\/2025\/12\/6306-196-Dv_1.jpg","contentUrl":"https:\/\/buletin.de\/bucuresti\/wp-content\/uploads\/2025\/12\/6306-196-Dv_1.jpg","width":1340,"height":1005,"caption":"TPBI | Leg\u0103tur\u0103 direct\u0103 \u00eentre Gara Basarab-Gara de Nord \u0219i Autogara Filaret. Traseul liniei 196 se prelunge\u0219te. FOTO: TPBI"},{"@type":"BreadcrumbList","@id":"https:\/\/buletin.de\/bucuresti\/tpbi-legatura-directa-intre-gara-basarab-gara-de-nord-si-autogara-filaret-traseul-liniei-196-se-prelungeste\/#breadcrumb","itemListElement":[{"@type":"ListItem","position":1,"name":"Acas\u0103","item":"https:\/\/buletin.de\/bucuresti\/"},{"@type":"ListItem","position":2,"name":"TPBI | Leg\u0103tur\u0103 direct\u0103 \u00eentre Gara Basarab-Gara de Nord \u0219i Autogara Filaret. Traseul liniei 196 se prelunge\u0219te"}]},{"@type":"WebSite","@id":"https:\/\/buletin.de\/bucuresti\/#website","url":"https:\/\/buletin.de\/bucuresti\/","name":"Buletin de Bucure\u0219ti","description":"\u0218tiri \u0219i investiga\u021bii esen\u021biale din capital\u0103","publisher":{"@id":"https:\/\/buletin.de\/bucuresti\/#organization"},"potentialAction":[{"@type":"SearchAction","target":{"@type":"EntryPoint","urlTemplate":"https:\/\/buletin.de\/bucuresti\/?s={search_term_string}"},"query-input":{"@type":"PropertyValueSpecification","valueRequired":true,"valueName":"search_term_string"}}],"inLanguage":"en-GB"},{"@type":"Organization","@id":"https:\/\/buletin.de\/bucuresti\/#organization","name":"Buletin de Bucure\u0219ti","url":"https:\/\/buletin.de\/bucuresti\/","logo":{"@type":"ImageObject","inLanguage":"en-GB","@id":"https:\/\/buletin.de\/bucuresti\/#\/schema\/logo\/image\/","url":"https:\/\/buletin.de\/bucuresti\/wp-content\/uploads\/logo-bdb-full-wide-vernil-transparent.png","contentUrl":"https:\/\/buletin.de\/bucuresti\/wp-content\/uploads\/logo-bdb-full-wide-vernil-transparent.png","width":1782,"height":626,"caption":"Buletin de Bucure\u0219ti"},"image":{"@id":"https:\/\/buletin.de\/bucuresti\/#\/schema\/logo\/image\/"},"sameAs":["https:\/\/www.facebook.com\/buletin.de.buc","https:\/\/www.instagram.com\/buletinde.bucuresti\/"]},{"@type":"Person","@id":"https:\/\/buletin.de\/bucuresti\/#\/schema\/person\/7e46040573290777280a0835d81ea4ea","name":"Diana Matei","image":{"@type":"ImageObject","inLanguage":"en-GB","@id":"https:\/\/buletin.de\/bucuresti\/wp-content\/uploads\/9-2-96x96.jpg1e8590b30871d70e62ebcdaf2eff570c","url":"https:\/\/buletin.de\/bucuresti\/wp-content\/uploads\/9-2-96x96.jpg","contentUrl":"https:\/\/buletin.de\/bucuresti\/wp-content\/uploads\/9-2-96x96.jpg","caption":"Diana Matei"},"url":"https:\/\/buletin.de\/bucuresti\/author\/dianamatei\/"}]}},"authors":[{"term_id":22574,"user_id":49,"is_guest":0,"slug":"dianamatei","display_name":"Diana Matei","avatar_url":"https:\/\/buletin.de\/bucuresti\/wp-content\/uploads\/9-2-96x96.jpg","0":null,"1":"","2":"","3":"","4":"","5":"","6":"","7":"","8":""}],"_links":{"self":[{"href":"https:\/\/buletin.de\/bucuresti\/wp-json\/wp\/v2\/posts\/161839","targetHints":{"allow":["GET"]}}],"collection":[{"href":"https:\/\/buletin.de\/bucuresti\/wp-json\/wp\/v2\/posts"}],"about":[{"href":"https:\/\/buletin.de\/bucuresti\/wp-json\/wp\/v2\/types\/post"}],"author":[{"embeddable":true,"href":"https:\/\/buletin.de\/bucuresti\/wp-json\/wp\/v2\/users\/49"}],"replies":[{"embeddable":true,"href":"https:\/\/buletin.de\/bucuresti\/wp-json\/wp\/v2\/comments?post=161839"}],"version-history":[{"count":1,"href":"https:\/\/buletin.de\/bucuresti\/wp-json\/wp\/v2\/posts\/161839\/revisions"}],"predecessor-version":[{"id":161847,"href":"https:\/\/buletin.de\/bucuresti\/wp-json\/wp\/v2\/posts\/161839\/revisions\/161847"}],"wp:featuredmedia":[{"embeddable":true,"href":"https:\/\/buletin.de\/bucuresti\/wp-json\/wp\/v2\/media\/161846"}],"wp:attachment":[{"href":"https:\/\/buletin.de\/bucuresti\/wp-json\/wp\/v2\/media?parent=161839"}],"wp:term":[{"taxonomy":"category","embeddable":true,"href":"https:\/\/buletin.de\/bucuresti\/wp-json\/wp\/v2\/categories?post=161839"},{"taxonomy":"post_tag","embeddable":true,"href":"https:\/\/buletin.de\/bucuresti\/wp-json\/wp\/v2\/tags?post=161839"},{"taxonomy":"author","embeddable":true,"href":"https:\/\/buletin.de\/bucuresti\/wp-json\/wp\/v2\/ppma_author?post=161839"}],"curies":[{"name":"wp","href":"https:\/\/api.w.org\/{rel}","templated":true}]}}