{"id":161833,"date":"2025-12-10T15:18:25","date_gmt":"2025-12-10T12:18:25","guid":{"rendered":"https:\/\/buletin.de\/bucuresti\/?p=161833"},"modified":"2025-12-10T21:45:48","modified_gmt":"2025-12-10T18:45:48","slug":"exemplul-care-intareste-documentarul-recorder-o-judecatoare-din-dosarul-de-coruptie-al-primarului-din-otopeni-a-fost-inlocuita-marti-dna-l-a-trimis-in-judecata-acum-trei-ani","status":"publish","type":"post","link":"https:\/\/buletin.de\/bucuresti\/exemplul-care-intareste-documentarul-recorder-o-judecatoare-din-dosarul-de-coruptie-al-primarului-din-otopeni-a-fost-inlocuita-marti-dna-l-a-trimis-in-judecata-acum-trei-ani\/","title":{"rendered":"Exemplul care \u00eent\u0103re\u0219te documentarul Recorder: O judec\u0103toare din dosarul de corup\u021bie al primarului din Otopeni a fost \u00eenlocuit\u0103 mar\u021bi. DNA l-a trimis \u00een judecat\u0103 acum trei ani"},"content":{"rendered":"\n<p><strong>Instabilitatea completelor de judecat\u0103, <a href=\"https:\/\/www.youtube.com\/watch?v=TpUDm4ay-B8\">adus\u0103 \u00een aten\u021bia public\u0103 de documentarul Recorder<\/a>, continu\u0103 s\u0103 loveasc\u0103 \u00een dosarele de mare corup\u021bie \u0219i ofer\u0103\u00a0avoca\u021bilor inculpa\u021bilor resursa cea mai de pre\u021b: timpul.<\/strong><\/p>\n\n\n\n<p><strong>Curtea de Apel Bucure\u0219ti a admis mar\u021bi, 9 decembrie 2025, cererea de ab\u021binere formulat\u0103 de judec\u0103toarea Ana Elena Dobre \u00een dosarul care vizeaz\u0103 m\u0103surile asigur\u0103torii impuse primarului din Otopeni, Silviu Constantin Gheorghe.<\/strong><\/p>\n\n\n\n<p>Decizia vine \u00eentr-un moment critic, exact c\u00e2nd procurorii DNA \u00eencearc\u0103 s\u0103 men\u021bin\u0103 sechestrul pe averile inculpa\u021bilor pentru a garanta recuperarea unui prejudiciu de aproape \u0219apte milioane de euro.<\/p>\n\n\n\n<p>Anterior, <strong>Buletin de Bucure\u0219ti <\/strong>a dezv\u0103luit c\u0103 Tribunalul Bucure\u0219ti, acolo unde se judec\u0103 fondul dosarului, refuz\u0103 s\u0103 comunice data la care intervine prescrip\u021bia r\u0103spunderii penale \u00een cel mai r\u0103sun\u0103tor scandal de corup\u021bie din Ilfov, cel al primarului ora\u0219ului Otopeni.<\/p>\n\n\n\n<p>Rocada de magistra\u021bi \u00een dosarul \u00een care se judec\u0103 sechestrul pe averea primarului din Otopeni a fost \u201eoficializat\u0103\u201d prin \u00eencheierea de \u0219edin\u021b\u0103 de mar\u021bi, 9 decembrie, \u00een dosarul care vizeaz\u0103 un \u201efurt\u201d de \u0219apte milioane de euro din bani publici, care a dus automat la o nou\u0103 am\u00e2nare a cauzei la termenul de ast\u0103zi, 10 decembrie.<\/p>\n\n\n\n<h2 class=\"wp-block-heading\" id=\"h-exemplul-care-intare\u0219te-documentarul-recorder\">Exemplul care \u00eent\u0103re\u0219te documentarul Recorder<\/h2>\n\n\n\n<p><strong>Situa\u021bia se suprapune peste cele dezv\u0103luite prin <a href=\"https:\/\/www.youtube.com\/watch?v=TpUDm4ay-B8\">documentarul Recorder\u201eJusti\u021bie capturat\u0103\u201d<\/a>, unde schimbarea judec\u0103torilor \u00een faze cheie ale procesului duce la reluarea procedurilor \u0219i \u00eempinge dosarele spre termenulul prescrip\u021biei.<\/strong><\/p>\n\n\n\n<p>Informa\u021biile de pe portalul instan\u021belor confirm\u0103 din nou blocajul, din cel mai de r\u0103sunet dosar de corup\u021bie din Ilfov. &nbsp;<\/p>\n\n\n\n<p>Sec\u021bia a II-a penal\u0103 a Cur\u021bii de Apel trebuia s\u0103 tran\u0219eze contesta\u021bia DNA \u00eempotriva deciziei Tribunalului de a ridica sechestrul averea edilului \u0219i a complicilor s\u0103i. \u00cen loc de o decizie final\u0103, instan\u021ba a consemnat retragerea magistratului care trebuia s\u0103 dea solu\u021bie.<\/p>\n\n\n\n<figure class=\"wp-block-image size-large\"><img fetchpriority=\"high\" decoding=\"async\" width=\"1000\" height=\"950\" src=\"data:image\/gif;base64,R0lGODlhAQABAAAAACH5BAEKAAEALAAAAAABAAEAAAICTAEAOw==\" data-src=\"https:\/\/buletin.de\/bucuresti\/wp-content\/uploads\/2025\/12\/Captura-de-ecran-2025-12-10-140200-1000x950.png\" alt=\"\" class=\"wp-image-161835 lazyload\" data-sizes=\"auto\" data-srcset=\"https:\/\/buletin.de\/bucuresti\/wp-content\/uploads\/2025\/12\/Captura-de-ecran-2025-12-10-140200-1000x950.png 1000w, https:\/\/buletin.de\/bucuresti\/wp-content\/uploads\/2025\/12\/Captura-de-ecran-2025-12-10-140200-300x285.png 300w, https:\/\/buletin.de\/bucuresti\/wp-content\/uploads\/2025\/12\/Captura-de-ecran-2025-12-10-140200-768x729.png 768w, https:\/\/buletin.de\/bucuresti\/wp-content\/uploads\/2025\/12\/Captura-de-ecran-2025-12-10-140200-24x24.png 24w, https:\/\/buletin.de\/bucuresti\/wp-content\/uploads\/2025\/12\/Captura-de-ecran-2025-12-10-140200-600x570.png 600w, https:\/\/buletin.de\/bucuresti\/wp-content\/uploads\/2025\/12\/Captura-de-ecran-2025-12-10-140200-20x19.png 20w, https:\/\/buletin.de\/bucuresti\/wp-content\/uploads\/2025\/12\/Captura-de-ecran-2025-12-10-140200.png 1051w\" sizes=\"(max-width: 1000px) 100vw, 1000px\" \/><\/figure>\n\n\n\n<p>Surse judiciare au indicat pentru Buletin de Bucure\u0219ti c\u0103 anul 2027 reprezint\u0103 borna de prescrip\u021bie a r\u0103spunderii penale.<\/p>\n\n\n\n<p>Orice sincop\u0103 procedural\u0103, cum este \u0219i aceast\u0103 \u00eenlocuire de judec\u0103tor, scade \u0219ansele ca statul s\u0103 ob\u021bin\u0103 o condamnare definitiv\u0103 \u00eenainte ca faptele s\u0103 se \u0219tearg\u0103 juridic. \u0218i implicit, \u00een cazul unei condamn\u0103ri cu confiscare extis\u0103, scad \u0219ansele recuper\u0103rii banilor cet\u0103\u021benilor.<\/p>\n\n\n\n<h2 class=\"wp-block-heading\" id=\"h-inca-un-exemplu-care-confirma-documentarul-recorder-tribunalul-bucure\u0219ti-a-eliberat-averea-inculpa\u021bilor-in-octombrie\">\u00cenc\u0103 un exemplu care confirm\u0103 documentarul Recorder: <strong>Tribunalul Bucure\u0219ti \u201ea eliberat\u201d averea inculpa\u021bilor \u00een octombrie<\/strong><\/h2>\n\n\n\n<p>Miza disputei de la Curtea de Apel este uria\u0219\u0103. Tribunalul Bucure\u0219ti a decis, la finalul lunii octombrie 2025, ridicarea m\u0103surilor asigur\u0103torii.<\/p>\n\n\n\n<p>Practic, judec\u0103torii au considerat c\u0103 inculpa\u021bii pot dispune liber de bunurile lor, de\u0219i procesul penal pentru \u201eabuz \u00een serviciu cu consecin\u021be deosebit de grave\u201d este departe de a fi finalizat.<\/p>\n\n\n\n<p>CITE\u0218TE \u0218I <strong><a href=\"https:\/\/buletin.de\/bucuresti\/instanta-a-ridicat-sechestrul-de-pe-averea-primarului-din-otopeni-dosarul-dna-tergiversat-de-lipsa-de-aparare\/\">Instan\u021ba a ridicat sechestrul de pe averea primarului din Otopeni. Dosarul DNA, tergiversat de \u201elipsa de ap\u0103rare\u201d<\/a><\/strong><\/p>\n\n\n\n<p><a href=\"https:\/\/buletin.de\/bucuresti\/instanta-a-ridicat-sechestrul-de-pe-averea-primarului-din-otopeni-dosarul-dna-tergiversat-de-lipsa-de-aparare\/\">Abia dup\u0103 ce Buletin de Bucure\u0219ti a scris despre subiect<\/a>, DNA a f\u0103cut contesta\u021bie. &nbsp;<\/p>\n\n\n\n<p>Sumele deblocate octombrie sunt considerabile \u0219i ridic\u0103 semne de \u00eentrebare \u0219i cu privire la modul \u00een care au fost f\u0103cute aceste \u201eeconomii&#8221; de milioane de euro ale inculpa\u021bilor.<\/p>\n\n\n\n<p>Ridicarea sechestrului \u00eenainte de o sentin\u021b\u0103 definitiv\u0103 permite \u00eenstr\u0103inarea rapid\u0103 a activelor.<\/p>\n\n\n\n<p>Spre exemplu, dac\u0103 DNA va ob\u021bine o condamnare peste doi ani, exist\u0103 riscul real ca autorit\u0103\u021bile s\u0103 nu mai aib\u0103 ce executa silit, iar prejudiciul s\u0103 r\u0103m\u00e2n\u0103 doar o cifr\u0103 \u00een rechizitoriu.<\/p>\n\n\n\n<h2 class=\"wp-block-heading\" id=\"h-mecanismul-fraudei-bani-reali-pentru-\u021bevi-imaginare\"><strong>Mecanismul fraudei: bani reali pentru \u021bevi imaginare<\/strong><\/h2>\n\n\n\n<p>Procesul treneaz\u0103 de trei ani, timp \u00een care detaliile jafului din bani publici aproape c\u0103 au fost uitate.<\/p>\n\n\n\n<p>Procurorii anticorup\u021bie descriau \u00een septembrie 2022 o schem\u0103 rudimentar\u0103, dar extrem de profitabil\u0103. \u00centre 2011 \u0219i 2017, primarul Silviu Gheorghe a semnat pl\u0103\u021bi pentru lucr\u0103ri de infrastructur\u0103 inexistente.<\/p>\n\n\n\n<p><strong>CITE\u0218TE \u0218I <a href=\"https:\/\/buletin.de\/bucuresti\/curtea-de-apel-valideaza-dosarul-dna-impotriva-primarului-din-otopeni-dupa-trei-ani-de-tergiversari-incepe-judecata-la-tribunalul-bucuresti\/\">Curtea de Apel valideaz\u0103 dosarul DNA \u00eempotriva primarului din Otopeni. Dup\u0103 trei ani de tergivers\u0103ri, \u00eencepe judecata la Tribunalul Bucure\u0219ti<\/a><\/strong><\/p>\n\n\n\n<p>Rechizitoriul arat\u0103 c\u0103 edilul a acceptat la plat\u0103 facturi pentru materiale, care nu au intrat niciodat\u0103 \u00een gestiunea prim\u0103riei, \u0219i pentru organiz\u0103ri de \u0219antier fictive. Un exemplu flagrant dateaz\u0103 din decembrie 2011, c\u00e2nd s-a aprobat plata a 21.750.000 lei. Din aceast\u0103 sum\u0103, peste 12 milioane de lei reprezentau materiale pentru o canalizare care nu s-a construit.<\/p>\n\n\n\n<p><strong>Situa\u021bia s-a repetat \u00een 2012, cu o semn\u0103tur\u0103 pentru alte 29 de milioane de lei.<\/strong><\/p>\n\n\n\n<p>Pentru a acoperi lipsa fizic\u0103 a lucr\u0103rilor din teren, inculpa\u021bii au recurs la falsificarea documentelor ani mai t\u00e2rziu. Un act adi\u021bional din 2017 a transformat din pix materialele neexistente \u00een \u201elucr\u0103ri de organizare de \u0219antier\u201d, care, la r\u00e2ndul lor, nu au fost executate.<\/p>\n\n\n\n<h2 class=\"wp-block-heading\" id=\"h-justi\u021bia-lucreaza-cu-frana-de-mana-trasa\"><strong>Justi\u021bia lucreaz\u0103 cu fr\u00e2na de m\u00e2n\u0103 tras\u0103<\/strong><\/h2>\n\n\n\n<p><strong>Istoricul dosarului primarului din Otopeni este, <a href=\"https:\/\/www.youtube.com\/watch?v=TpUDm4ay-B8\">la fel ca cele din documentarul Recorder<\/a>, o cronic\u0103 a ineficien\u021bei judiciare.<\/strong><\/p>\n\n\n\n<p>Rechizitoriul a z\u0103cut doi ani \u00een Camera Preliminar\u0103, procedur\u0103 care teoretic ar trebui s\u0103 fie un filtru rapid de legalitate.<\/p>\n\n\n\n<p>Abia \u00een august 2025, dup\u0103 ce s-a judecat legalitatea judec\u0103\u021bii, a \u00eenceput procesul pe fond, adic\u0103 pentru cele acuzate de procurorii anti-corup\u021bie.<\/p>\n\n\n\n<p>Imediat dup\u0103, au \u00eenceput am\u00e2n\u0103rile pe motive procedurale. Spre exemplu, termenul din 14 noiembrie 2025 s-a soldat cu o am\u00e2nare pentru \u201elipsa de ap\u0103rare\u201d.<\/p>\n\n\n\n<p>\u00centre timp, Tribunalul Bucure\u0219ti refuz\u0103 s\u0103 comunice o dat\u0103 clar\u0103 privind prescrip\u021bia, invoc\u00e2nd \u201eindependen\u021ba judec\u0103torului\u201d.<\/p>\n\n\n\n<p>Aceast\u0103 secretomanie institu\u021bional\u0103 serve\u0219te doar inculpa\u021bilor, care pot calcula, \u00een parelel, cu precizie, c\u00e2t timp mai trebuie s\u0103 tergiverseze procesul p\u00e2n\u0103 la impunitate.<\/p>\n\n\n\n<p>\u00cen plus, o situa\u021bie absurd\u0103 e pe cale s\u0103 se desf\u0103\u0219oare \u00een s\u0103lile de judecat\u0103. Prim\u0103ria Otopeni s-a constituit parte civil\u0103 pentru a recupera banii, dar juri\u0219tii care reprezint\u0103 ora\u0219ul din Nordul Capitalei sunt subordona\u021bi direct inculpatului Silviu Gheorghe.<\/p>\n\n\n\n<p>Edilul a c\u00e2\u0219tigat al optulea mandat de primar \u00een 2024, \u00een timp ce avea sechestru pe avere.<\/p>\n\n\n\n<p>Astfel, angaja\u021bii prim\u0103riei sunt pu\u0219i \u00een situa\u021bia de a lupta \u00een instan\u021b\u0103 \u00eempotriva \u0219efului care le semneaz\u0103 statele de plat\u0103.<\/p>\n\n\n\n<p><a href=\"https:\/\/buletin.de\/bucuresti\/primaria-otopeni-s-a-constituit-parte-civila-in-dosarul-dna-impotriva-primarului-silviu-gheorghe-edilul-acuzat-ca-a-deturnat-sapte-milioane-de-euro\/\">P\u00e2n\u0103 \u00een prezent, administra\u021bia local\u0103 nu a depus eforturi reale pentru a cuantifica \u0219i revendica prejudiciul, \u0219i a l\u0103sat asta pe umerii procurorilor.<\/a><\/p>\n\n\n\n<p>\u00cen timp ce actele se plimb\u0103 \u00eentre instan\u021be \u0219i judec\u0103torii se recuz\u0103, canalizarea din Otopeni r\u0103m\u00e2ne o problem\u0103 critic\u0103.<\/p>\n\n\n\n<p>Apele uzate ajung frecvent \u00een R\u00e2ul Pas\u0103rea, genereaz\u0103 o poluare masiv\u0103, \u00een timp ce banii cet\u0103\u021benilor aloca\u021bi pentru rezolvarea problemei au disp\u0103rut acum mul\u021bi ani \u00een conturile unor firme private.<\/p>\n\n\n\n<p><strong>CITE\u0218TE \u0218I <a href=\"https:\/\/buletin.de\/bucuresti\/curtea-de-conturi-bancul-prost-al-bancilor-din-parcurile-capitalei-alpab-nu-a-perceput-penalitati-pentru-deficiente-si-intarzieri-srl-ul-a-dat-institutia-in-judecata\/\">Curtea de Conturi | \u201eBancul prost\u201d al b\u0103ncilor din parcurile Capitalei. ALPAB nu a perceput penalit\u0103\u021bi pentru deficien\u021be \u0219i \u00eent\u00e2rzieri, SRL-ul a dat institu\u021bia \u00een judecat\u0103<\/a><\/strong><\/p>\n\n\n\n<p><\/p>\n","protected":false},"excerpt":{"rendered":"<p>Instabilitatea completelor de judecat\u0103, adus\u0103 \u00een aten\u021bia public\u0103 de documentarul Recorder, continu\u0103 s\u0103 loveasc\u0103 \u00een dosarele de mare corup\u021bie \u0219i ofer\u0103\u00a0avoca\u021bilor inculpa\u021bilor resursa cea mai de pre\u021b: timpul. Curtea de Apel Bucure\u0219ti a admis mar\u021bi, 9 decembrie 2025, cererea de ab\u021binere formulat\u0103 de judec\u0103toarea Ana Elena Dobre \u00een dosarul care vizeaz\u0103 m\u0103surile asigur\u0103torii impuse primarului [&hellip;]<\/p>\n","protected":false},"author":10,"featured_media":161838,"comment_status":"closed","ping_status":"open","sticky":false,"template":"","format":"standard","meta":{"_acf_changed":false,"inline_featured_image":false,"ngg_post_thumbnail":0,"footnotes":""},"categories":[6994,25061,5762],"tags":[1659,24813,4754,875,25068,25067,24521,4564,1570,24814,16484,25063,1472,405,25064],"ppma_author":[22575],"class_list":["post-161833","post","type-post","status-publish","format-standard","has-post-thumbnail","hentry","category-stiri-2","category-justitie","category-main","tag-abuz-in-serviciu","tag-coruptie-ilfov","tag-curtea-de-apel-bucuresti","tag-dna","tag-dosar-otopeni","tag-george-cristian-ciuca","tag-justitie","tag-nelu-iordache","tag-prejudiciu","tag-prescriptie","tag-primaria-otopeni","tag-sechestru-avere","tag-silviu-gheorghe","tag-tribunalul-bucuresti","tag-vlad-constantin"],"acf":[],"yoast_head":"<!-- This site is optimized with the Yoast SEO Premium plugin v25.3 (Yoast SEO v27.4) - https:\/\/yoast.com\/product\/yoast-seo-premium-wordpress\/ -->\n<title>Exemplul care \u00eent\u0103re\u0219te documentarul Recorder: O judec\u0103toare din dosarul de corup\u021bie al primarului din Otopeni a fost \u00eenlocuit\u0103 mar\u021bi. DNA l-a trimis \u00een judecat\u0103 acum trei ani - Buletin de Bucure\u0219ti<\/title>\n<meta name=\"description\" content=\"Instabilitatea completelor de judecat\u0103, adus\u0103 \u00een aten\u021bia public\u0103 de documentarul Recorder, continu\u0103 s\u0103 loveasc\u0103 \u00een dosare.\" \/>\n<meta name=\"robots\" content=\"index, follow, max-snippet:-1, max-image-preview:large, max-video-preview:-1\" \/>\n<link rel=\"canonical\" href=\"https:\/\/buletin.de\/bucuresti\/exemplul-care-intareste-documentarul-recorder-o-judecatoare-din-dosarul-de-coruptie-al-primarului-din-otopeni-a-fost-inlocuita-marti-dna-l-a-trimis-in-judecata-acum-trei-ani\/\" \/>\n<meta property=\"og:locale\" content=\"en_GB\" \/>\n<meta property=\"og:type\" content=\"article\" \/>\n<meta property=\"og:title\" content=\"Exemplul care \u00eent\u0103re\u0219te documentarul Recorder: O judec\u0103toare din dosarul de corup\u021bie al primarului din Otopeni a fost \u00eenlocuit\u0103 mar\u021bi. DNA l-a trimis \u00een judecat\u0103 acum trei ani\" \/>\n<meta property=\"og:description\" content=\"Instabilitatea completelor de judecat\u0103, adus\u0103 \u00een aten\u021bia public\u0103 de documentarul Recorder, continu\u0103 s\u0103 loveasc\u0103 \u00een dosare.\" \/>\n<meta property=\"og:url\" content=\"https:\/\/buletin.de\/bucuresti\/exemplul-care-intareste-documentarul-recorder-o-judecatoare-din-dosarul-de-coruptie-al-primarului-din-otopeni-a-fost-inlocuita-marti-dna-l-a-trimis-in-judecata-acum-trei-ani\/\" \/>\n<meta property=\"og:site_name\" content=\"Buletin de Bucure\u0219ti\" \/>\n<meta property=\"article:publisher\" content=\"https:\/\/www.facebook.com\/buletin.de.buc\" \/>\n<meta property=\"article:published_time\" content=\"2025-12-10T12:18:25+00:00\" \/>\n<meta property=\"article:modified_time\" content=\"2025-12-10T18:45:48+00:00\" \/>\n<meta property=\"og:image\" content=\"https:\/\/buletin.de\/bucuresti\/wp-content\/uploads\/2025\/12\/ID147541_INQUAM_Photos_George_Calin-scaled.jpg\" \/>\n\t<meta property=\"og:image:width\" content=\"2560\" \/>\n\t<meta property=\"og:image:height\" content=\"1756\" \/>\n\t<meta property=\"og:image:type\" content=\"image\/jpeg\" \/>\n<meta name=\"author\" content=\"C\u0103t\u0103lin Dosca\u0219\" \/>\n<meta name=\"twitter:card\" content=\"summary_large_image\" \/>\n<meta name=\"twitter:label1\" content=\"Written by\" \/>\n\t<meta name=\"twitter:data1\" content=\"C\u0103t\u0103lin Dosca\u0219\" \/>\n\t<meta name=\"twitter:label2\" content=\"Estimated reading time\" \/>\n\t<meta name=\"twitter:data2\" content=\"5 minutes\" \/>\n<script type=\"application\/ld+json\" class=\"yoast-schema-graph\">{\"@context\":\"https:\\\/\\\/schema.org\",\"@graph\":[{\"@type\":\"Article\",\"@id\":\"https:\\\/\\\/buletin.de\\\/bucuresti\\\/exemplul-care-intareste-documentarul-recorder-o-judecatoare-din-dosarul-de-coruptie-al-primarului-din-otopeni-a-fost-inlocuita-marti-dna-l-a-trimis-in-judecata-acum-trei-ani\\\/#article\",\"isPartOf\":{\"@id\":\"https:\\\/\\\/buletin.de\\\/bucuresti\\\/exemplul-care-intareste-documentarul-recorder-o-judecatoare-din-dosarul-de-coruptie-al-primarului-din-otopeni-a-fost-inlocuita-marti-dna-l-a-trimis-in-judecata-acum-trei-ani\\\/\"},\"author\":{\"name\":\"C\u0103t\u0103lin Dosca\u0219\",\"@id\":\"https:\\\/\\\/buletin.de\\\/bucuresti\\\/#\\\/schema\\\/person\\\/31117187ed4d0bdb0a4c7d6acc79d0f8\"},\"headline\":\"Exemplul care \u00eent\u0103re\u0219te documentarul Recorder: O judec\u0103toare din dosarul de corup\u021bie al primarului din Otopeni a fost \u00eenlocuit\u0103 mar\u021bi. DNA l-a trimis \u00een judecat\u0103 acum trei ani\",\"datePublished\":\"2025-12-10T12:18:25+00:00\",\"dateModified\":\"2025-12-10T18:45:48+00:00\",\"mainEntityOfPage\":{\"@id\":\"https:\\\/\\\/buletin.de\\\/bucuresti\\\/exemplul-care-intareste-documentarul-recorder-o-judecatoare-din-dosarul-de-coruptie-al-primarului-din-otopeni-a-fost-inlocuita-marti-dna-l-a-trimis-in-judecata-acum-trei-ani\\\/\"},\"wordCount\":1159,\"publisher\":{\"@id\":\"https:\\\/\\\/buletin.de\\\/bucuresti\\\/#organization\"},\"image\":{\"@id\":\"https:\\\/\\\/buletin.de\\\/bucuresti\\\/exemplul-care-intareste-documentarul-recorder-o-judecatoare-din-dosarul-de-coruptie-al-primarului-din-otopeni-a-fost-inlocuita-marti-dna-l-a-trimis-in-judecata-acum-trei-ani\\\/#primaryimage\"},\"thumbnailUrl\":\"https:\\\/\\\/buletin.de\\\/bucuresti\\\/wp-content\\\/uploads\\\/2025\\\/12\\\/ID147541_INQUAM_Photos_George_Calin-scaled.jpg\",\"keywords\":[\"abuz in serviciu\",\"coruptie Ilfov\",\"Curtea de Apel Bucure\u0219ti\",\"dna\",\"dosar Otopeni\",\"George Cristian Ciuc\u0103\",\"justi\u021bie\",\"nelu iordache\",\"prejudiciu\",\"prescriptie\",\"Primaria Otopeni\",\"sechestru avere\",\"silviu gheorghe\",\"tribunalul Bucuresti\",\"Vlad Constantin\"],\"articleSection\":[\"Articole\",\"Justi\u021bie\",\"Main\"],\"inLanguage\":\"en-GB\",\"copyrightYear\":\"2025\",\"copyrightHolder\":{\"@id\":\"https:\\\/\\\/buletin.de\\\/bucuresti\\\/#organization\"}},{\"@type\":\"WebPage\",\"@id\":\"https:\\\/\\\/buletin.de\\\/bucuresti\\\/exemplul-care-intareste-documentarul-recorder-o-judecatoare-din-dosarul-de-coruptie-al-primarului-din-otopeni-a-fost-inlocuita-marti-dna-l-a-trimis-in-judecata-acum-trei-ani\\\/\",\"url\":\"https:\\\/\\\/buletin.de\\\/bucuresti\\\/exemplul-care-intareste-documentarul-recorder-o-judecatoare-din-dosarul-de-coruptie-al-primarului-din-otopeni-a-fost-inlocuita-marti-dna-l-a-trimis-in-judecata-acum-trei-ani\\\/\",\"name\":\"Exemplul care \u00eent\u0103re\u0219te documentarul Recorder: O judec\u0103toare din dosarul de corup\u021bie al primarului din Otopeni a fost \u00eenlocuit\u0103 mar\u021bi. DNA l-a trimis \u00een judecat\u0103 acum trei ani - Buletin de Bucure\u0219ti\",\"isPartOf\":{\"@id\":\"https:\\\/\\\/buletin.de\\\/bucuresti\\\/#website\"},\"primaryImageOfPage\":{\"@id\":\"https:\\\/\\\/buletin.de\\\/bucuresti\\\/exemplul-care-intareste-documentarul-recorder-o-judecatoare-din-dosarul-de-coruptie-al-primarului-din-otopeni-a-fost-inlocuita-marti-dna-l-a-trimis-in-judecata-acum-trei-ani\\\/#primaryimage\"},\"image\":{\"@id\":\"https:\\\/\\\/buletin.de\\\/bucuresti\\\/exemplul-care-intareste-documentarul-recorder-o-judecatoare-din-dosarul-de-coruptie-al-primarului-din-otopeni-a-fost-inlocuita-marti-dna-l-a-trimis-in-judecata-acum-trei-ani\\\/#primaryimage\"},\"thumbnailUrl\":\"https:\\\/\\\/buletin.de\\\/bucuresti\\\/wp-content\\\/uploads\\\/2025\\\/12\\\/ID147541_INQUAM_Photos_George_Calin-scaled.jpg\",\"datePublished\":\"2025-12-10T12:18:25+00:00\",\"dateModified\":\"2025-12-10T18:45:48+00:00\",\"description\":\"Instabilitatea completelor de judecat\u0103, adus\u0103 \u00een aten\u021bia public\u0103 de documentarul Recorder, continu\u0103 s\u0103 loveasc\u0103 \u00een dosare.\",\"breadcrumb\":{\"@id\":\"https:\\\/\\\/buletin.de\\\/bucuresti\\\/exemplul-care-intareste-documentarul-recorder-o-judecatoare-din-dosarul-de-coruptie-al-primarului-din-otopeni-a-fost-inlocuita-marti-dna-l-a-trimis-in-judecata-acum-trei-ani\\\/#breadcrumb\"},\"inLanguage\":\"en-GB\",\"potentialAction\":[{\"@type\":\"ReadAction\",\"target\":[\"https:\\\/\\\/buletin.de\\\/bucuresti\\\/exemplul-care-intareste-documentarul-recorder-o-judecatoare-din-dosarul-de-coruptie-al-primarului-din-otopeni-a-fost-inlocuita-marti-dna-l-a-trimis-in-judecata-acum-trei-ani\\\/\"]}]},{\"@type\":\"ImageObject\",\"inLanguage\":\"en-GB\",\"@id\":\"https:\\\/\\\/buletin.de\\\/bucuresti\\\/exemplul-care-intareste-documentarul-recorder-o-judecatoare-din-dosarul-de-coruptie-al-primarului-din-otopeni-a-fost-inlocuita-marti-dna-l-a-trimis-in-judecata-acum-trei-ani\\\/#primaryimage\",\"url\":\"https:\\\/\\\/buletin.de\\\/bucuresti\\\/wp-content\\\/uploads\\\/2025\\\/12\\\/ID147541_INQUAM_Photos_George_Calin-scaled.jpg\",\"contentUrl\":\"https:\\\/\\\/buletin.de\\\/bucuresti\\\/wp-content\\\/uploads\\\/2025\\\/12\\\/ID147541_INQUAM_Photos_George_Calin-scaled.jpg\",\"width\":2560,\"height\":1756,\"caption\":\"Gheorghe Constantin Silviu, primarul din Otopeni si fostul prim-ministrul Ludovic Orban, \u00een 2020. FOTO: Inquam Photos\\\/ George C\u0103lin\"},{\"@type\":\"BreadcrumbList\",\"@id\":\"https:\\\/\\\/buletin.de\\\/bucuresti\\\/exemplul-care-intareste-documentarul-recorder-o-judecatoare-din-dosarul-de-coruptie-al-primarului-din-otopeni-a-fost-inlocuita-marti-dna-l-a-trimis-in-judecata-acum-trei-ani\\\/#breadcrumb\",\"itemListElement\":[{\"@type\":\"ListItem\",\"position\":1,\"name\":\"Acas\u0103\",\"item\":\"https:\\\/\\\/buletin.de\\\/bucuresti\\\/\"},{\"@type\":\"ListItem\",\"position\":2,\"name\":\"Exemplul care \u00eent\u0103re\u0219te documentarul Recorder: O judec\u0103toare din dosarul de corup\u021bie al primarului din Otopeni a fost \u00eenlocuit\u0103 mar\u021bi. DNA l-a trimis \u00een judecat\u0103 acum trei ani\"}]},{\"@type\":\"WebSite\",\"@id\":\"https:\\\/\\\/buletin.de\\\/bucuresti\\\/#website\",\"url\":\"https:\\\/\\\/buletin.de\\\/bucuresti\\\/\",\"name\":\"Buletin de Bucure\u0219ti\",\"description\":\"\u0218tiri \u0219i investiga\u021bii esen\u021biale din capital\u0103\",\"publisher\":{\"@id\":\"https:\\\/\\\/buletin.de\\\/bucuresti\\\/#organization\"},\"potentialAction\":[{\"@type\":\"SearchAction\",\"target\":{\"@type\":\"EntryPoint\",\"urlTemplate\":\"https:\\\/\\\/buletin.de\\\/bucuresti\\\/?s={search_term_string}\"},\"query-input\":{\"@type\":\"PropertyValueSpecification\",\"valueRequired\":true,\"valueName\":\"search_term_string\"}}],\"inLanguage\":\"en-GB\"},{\"@type\":\"Organization\",\"@id\":\"https:\\\/\\\/buletin.de\\\/bucuresti\\\/#organization\",\"name\":\"Buletin de Bucure\u0219ti\",\"url\":\"https:\\\/\\\/buletin.de\\\/bucuresti\\\/\",\"logo\":{\"@type\":\"ImageObject\",\"inLanguage\":\"en-GB\",\"@id\":\"https:\\\/\\\/buletin.de\\\/bucuresti\\\/#\\\/schema\\\/logo\\\/image\\\/\",\"url\":\"https:\\\/\\\/buletin.de\\\/bucuresti\\\/wp-content\\\/uploads\\\/logo-bdb-full-wide-vernil-transparent.png\",\"contentUrl\":\"https:\\\/\\\/buletin.de\\\/bucuresti\\\/wp-content\\\/uploads\\\/logo-bdb-full-wide-vernil-transparent.png\",\"width\":1782,\"height\":626,\"caption\":\"Buletin de Bucure\u0219ti\"},\"image\":{\"@id\":\"https:\\\/\\\/buletin.de\\\/bucuresti\\\/#\\\/schema\\\/logo\\\/image\\\/\"},\"sameAs\":[\"https:\\\/\\\/www.facebook.com\\\/buletin.de.buc\",\"https:\\\/\\\/www.instagram.com\\\/buletinde.bucuresti\\\/\"]},{\"@type\":\"Person\",\"@id\":\"https:\\\/\\\/buletin.de\\\/bucuresti\\\/#\\\/schema\\\/person\\\/31117187ed4d0bdb0a4c7d6acc79d0f8\",\"name\":\"C\u0103t\u0103lin Dosca\u0219\",\"image\":{\"@type\":\"ImageObject\",\"inLanguage\":\"en-GB\",\"@id\":\"https:\\\/\\\/buletin.de\\\/bucuresti\\\/wp-content\\\/uploads\\\/Catalin-Doscas-e1732731064764-96x96.jpga93e2943bb3b1c1f9ead823df6e6317a\",\"url\":\"https:\\\/\\\/buletin.de\\\/bucuresti\\\/wp-content\\\/uploads\\\/Catalin-Doscas-e1732731064764-96x96.jpg\",\"contentUrl\":\"https:\\\/\\\/buletin.de\\\/bucuresti\\\/wp-content\\\/uploads\\\/Catalin-Doscas-e1732731064764-96x96.jpg\",\"caption\":\"C\u0103t\u0103lin Dosca\u0219\"},\"description\":\"Reporter \u0219i redactor-\u0219ef Buletin de Bucure\u0219ti. Lucreaz\u0103 \u00een mass-media de la v\u00e2rsta de 15 ani, c\u00e2nd a publicat primele articole \u00een presa local\u0103 din Tecuci. \u00cen Bucure\u0219ti a lucrat \u00een redac\u021bii radio ca reporter, redactor \u0219i prezentator (StudentFM, Na\u021bionalFM, Radio Total, Smart FM), unde a acoperit domeniile politic, economic, social \u0219i externe. Ulterior, a fost editor-coordonator al postului Realitatea FM. Experien\u021ba \u00een jurnalismul online a dob\u00e2ndit-o la portalul B365.ro, unde a fost editor. \u00cen 2012 s-a angajat \u00een televiziune. La Realitatea TV a fost, pe r\u00e2nd, reporter la sec\u021bia Social, reporter special la emisiunea de reportaje \u0219i anchete \u201eReporterii Realit\u0103\u021bii\u201d, dar \u0219i editor al jurnalelor de \u0219tiri. Ulterior, a f\u0103cut parte din sec\u021bia de Investiga\u021bii de la Digi24 \u0219i a lucrat la campania \u201eRom\u00e2nia furat\u0103\u201d. A revenit \u00een presa scris\u0103 \u00een 2017, ca reporter special, \u00een cadrul unui proiect de repozi\u021bionare a tabloidului Libertatea \u00een cotidian generalist. Este jurnalist Buletin de Bucure\u0219ti din 2019.\",\"url\":\"https:\\\/\\\/buletin.de\\\/bucuresti\\\/author\\\/catalin\\\/\"}]}<\/script>\n<!-- \/ Yoast SEO Premium plugin. -->","yoast_head_json":{"title":"Exemplul care \u00eent\u0103re\u0219te documentarul Recorder: O judec\u0103toare din dosarul de corup\u021bie al primarului din Otopeni a fost \u00eenlocuit\u0103 mar\u021bi. DNA l-a trimis \u00een judecat\u0103 acum trei ani - Buletin de Bucure\u0219ti","description":"Instabilitatea completelor de judecat\u0103, adus\u0103 \u00een aten\u021bia public\u0103 de documentarul Recorder, continu\u0103 s\u0103 loveasc\u0103 \u00een dosare.","robots":{"index":"index","follow":"follow","max-snippet":"max-snippet:-1","max-image-preview":"max-image-preview:large","max-video-preview":"max-video-preview:-1"},"canonical":"https:\/\/buletin.de\/bucuresti\/exemplul-care-intareste-documentarul-recorder-o-judecatoare-din-dosarul-de-coruptie-al-primarului-din-otopeni-a-fost-inlocuita-marti-dna-l-a-trimis-in-judecata-acum-trei-ani\/","og_locale":"en_GB","og_type":"article","og_title":"Exemplul care \u00eent\u0103re\u0219te documentarul Recorder: O judec\u0103toare din dosarul de corup\u021bie al primarului din Otopeni a fost \u00eenlocuit\u0103 mar\u021bi. DNA l-a trimis \u00een judecat\u0103 acum trei ani","og_description":"Instabilitatea completelor de judecat\u0103, adus\u0103 \u00een aten\u021bia public\u0103 de documentarul Recorder, continu\u0103 s\u0103 loveasc\u0103 \u00een dosare.","og_url":"https:\/\/buletin.de\/bucuresti\/exemplul-care-intareste-documentarul-recorder-o-judecatoare-din-dosarul-de-coruptie-al-primarului-din-otopeni-a-fost-inlocuita-marti-dna-l-a-trimis-in-judecata-acum-trei-ani\/","og_site_name":"Buletin de Bucure\u0219ti","article_publisher":"https:\/\/www.facebook.com\/buletin.de.buc","article_published_time":"2025-12-10T12:18:25+00:00","article_modified_time":"2025-12-10T18:45:48+00:00","og_image":[{"width":2560,"height":1756,"url":"https:\/\/buletin.de\/bucuresti\/wp-content\/uploads\/2025\/12\/ID147541_INQUAM_Photos_George_Calin-scaled.jpg","type":"image\/jpeg"}],"author":"C\u0103t\u0103lin Dosca\u0219","twitter_card":"summary_large_image","twitter_misc":{"Written by":"C\u0103t\u0103lin Dosca\u0219","Estimated reading time":"5 minutes"},"schema":{"@context":"https:\/\/schema.org","@graph":[{"@type":"Article","@id":"https:\/\/buletin.de\/bucuresti\/exemplul-care-intareste-documentarul-recorder-o-judecatoare-din-dosarul-de-coruptie-al-primarului-din-otopeni-a-fost-inlocuita-marti-dna-l-a-trimis-in-judecata-acum-trei-ani\/#article","isPartOf":{"@id":"https:\/\/buletin.de\/bucuresti\/exemplul-care-intareste-documentarul-recorder-o-judecatoare-din-dosarul-de-coruptie-al-primarului-din-otopeni-a-fost-inlocuita-marti-dna-l-a-trimis-in-judecata-acum-trei-ani\/"},"author":{"name":"C\u0103t\u0103lin Dosca\u0219","@id":"https:\/\/buletin.de\/bucuresti\/#\/schema\/person\/31117187ed4d0bdb0a4c7d6acc79d0f8"},"headline":"Exemplul care \u00eent\u0103re\u0219te documentarul Recorder: O judec\u0103toare din dosarul de corup\u021bie al primarului din Otopeni a fost \u00eenlocuit\u0103 mar\u021bi. DNA l-a trimis \u00een judecat\u0103 acum trei ani","datePublished":"2025-12-10T12:18:25+00:00","dateModified":"2025-12-10T18:45:48+00:00","mainEntityOfPage":{"@id":"https:\/\/buletin.de\/bucuresti\/exemplul-care-intareste-documentarul-recorder-o-judecatoare-din-dosarul-de-coruptie-al-primarului-din-otopeni-a-fost-inlocuita-marti-dna-l-a-trimis-in-judecata-acum-trei-ani\/"},"wordCount":1159,"publisher":{"@id":"https:\/\/buletin.de\/bucuresti\/#organization"},"image":{"@id":"https:\/\/buletin.de\/bucuresti\/exemplul-care-intareste-documentarul-recorder-o-judecatoare-din-dosarul-de-coruptie-al-primarului-din-otopeni-a-fost-inlocuita-marti-dna-l-a-trimis-in-judecata-acum-trei-ani\/#primaryimage"},"thumbnailUrl":"https:\/\/buletin.de\/bucuresti\/wp-content\/uploads\/2025\/12\/ID147541_INQUAM_Photos_George_Calin-scaled.jpg","keywords":["abuz in serviciu","coruptie Ilfov","Curtea de Apel Bucure\u0219ti","dna","dosar Otopeni","George Cristian Ciuc\u0103","justi\u021bie","nelu iordache","prejudiciu","prescriptie","Primaria Otopeni","sechestru avere","silviu gheorghe","tribunalul Bucuresti","Vlad Constantin"],"articleSection":["Articole","Justi\u021bie","Main"],"inLanguage":"en-GB","copyrightYear":"2025","copyrightHolder":{"@id":"https:\/\/buletin.de\/bucuresti\/#organization"}},{"@type":"WebPage","@id":"https:\/\/buletin.de\/bucuresti\/exemplul-care-intareste-documentarul-recorder-o-judecatoare-din-dosarul-de-coruptie-al-primarului-din-otopeni-a-fost-inlocuita-marti-dna-l-a-trimis-in-judecata-acum-trei-ani\/","url":"https:\/\/buletin.de\/bucuresti\/exemplul-care-intareste-documentarul-recorder-o-judecatoare-din-dosarul-de-coruptie-al-primarului-din-otopeni-a-fost-inlocuita-marti-dna-l-a-trimis-in-judecata-acum-trei-ani\/","name":"Exemplul care \u00eent\u0103re\u0219te documentarul Recorder: O judec\u0103toare din dosarul de corup\u021bie al primarului din Otopeni a fost \u00eenlocuit\u0103 mar\u021bi. DNA l-a trimis \u00een judecat\u0103 acum trei ani - Buletin de Bucure\u0219ti","isPartOf":{"@id":"https:\/\/buletin.de\/bucuresti\/#website"},"primaryImageOfPage":{"@id":"https:\/\/buletin.de\/bucuresti\/exemplul-care-intareste-documentarul-recorder-o-judecatoare-din-dosarul-de-coruptie-al-primarului-din-otopeni-a-fost-inlocuita-marti-dna-l-a-trimis-in-judecata-acum-trei-ani\/#primaryimage"},"image":{"@id":"https:\/\/buletin.de\/bucuresti\/exemplul-care-intareste-documentarul-recorder-o-judecatoare-din-dosarul-de-coruptie-al-primarului-din-otopeni-a-fost-inlocuita-marti-dna-l-a-trimis-in-judecata-acum-trei-ani\/#primaryimage"},"thumbnailUrl":"https:\/\/buletin.de\/bucuresti\/wp-content\/uploads\/2025\/12\/ID147541_INQUAM_Photos_George_Calin-scaled.jpg","datePublished":"2025-12-10T12:18:25+00:00","dateModified":"2025-12-10T18:45:48+00:00","description":"Instabilitatea completelor de judecat\u0103, adus\u0103 \u00een aten\u021bia public\u0103 de documentarul Recorder, continu\u0103 s\u0103 loveasc\u0103 \u00een dosare.","breadcrumb":{"@id":"https:\/\/buletin.de\/bucuresti\/exemplul-care-intareste-documentarul-recorder-o-judecatoare-din-dosarul-de-coruptie-al-primarului-din-otopeni-a-fost-inlocuita-marti-dna-l-a-trimis-in-judecata-acum-trei-ani\/#breadcrumb"},"inLanguage":"en-GB","potentialAction":[{"@type":"ReadAction","target":["https:\/\/buletin.de\/bucuresti\/exemplul-care-intareste-documentarul-recorder-o-judecatoare-din-dosarul-de-coruptie-al-primarului-din-otopeni-a-fost-inlocuita-marti-dna-l-a-trimis-in-judecata-acum-trei-ani\/"]}]},{"@type":"ImageObject","inLanguage":"en-GB","@id":"https:\/\/buletin.de\/bucuresti\/exemplul-care-intareste-documentarul-recorder-o-judecatoare-din-dosarul-de-coruptie-al-primarului-din-otopeni-a-fost-inlocuita-marti-dna-l-a-trimis-in-judecata-acum-trei-ani\/#primaryimage","url":"https:\/\/buletin.de\/bucuresti\/wp-content\/uploads\/2025\/12\/ID147541_INQUAM_Photos_George_Calin-scaled.jpg","contentUrl":"https:\/\/buletin.de\/bucuresti\/wp-content\/uploads\/2025\/12\/ID147541_INQUAM_Photos_George_Calin-scaled.jpg","width":2560,"height":1756,"caption":"Gheorghe Constantin Silviu, primarul din Otopeni si fostul prim-ministrul Ludovic Orban, \u00een 2020. FOTO: Inquam Photos\/ George C\u0103lin"},{"@type":"BreadcrumbList","@id":"https:\/\/buletin.de\/bucuresti\/exemplul-care-intareste-documentarul-recorder-o-judecatoare-din-dosarul-de-coruptie-al-primarului-din-otopeni-a-fost-inlocuita-marti-dna-l-a-trimis-in-judecata-acum-trei-ani\/#breadcrumb","itemListElement":[{"@type":"ListItem","position":1,"name":"Acas\u0103","item":"https:\/\/buletin.de\/bucuresti\/"},{"@type":"ListItem","position":2,"name":"Exemplul care \u00eent\u0103re\u0219te documentarul Recorder: O judec\u0103toare din dosarul de corup\u021bie al primarului din Otopeni a fost \u00eenlocuit\u0103 mar\u021bi. DNA l-a trimis \u00een judecat\u0103 acum trei ani"}]},{"@type":"WebSite","@id":"https:\/\/buletin.de\/bucuresti\/#website","url":"https:\/\/buletin.de\/bucuresti\/","name":"Buletin de Bucure\u0219ti","description":"\u0218tiri \u0219i investiga\u021bii esen\u021biale din capital\u0103","publisher":{"@id":"https:\/\/buletin.de\/bucuresti\/#organization"},"potentialAction":[{"@type":"SearchAction","target":{"@type":"EntryPoint","urlTemplate":"https:\/\/buletin.de\/bucuresti\/?s={search_term_string}"},"query-input":{"@type":"PropertyValueSpecification","valueRequired":true,"valueName":"search_term_string"}}],"inLanguage":"en-GB"},{"@type":"Organization","@id":"https:\/\/buletin.de\/bucuresti\/#organization","name":"Buletin de Bucure\u0219ti","url":"https:\/\/buletin.de\/bucuresti\/","logo":{"@type":"ImageObject","inLanguage":"en-GB","@id":"https:\/\/buletin.de\/bucuresti\/#\/schema\/logo\/image\/","url":"https:\/\/buletin.de\/bucuresti\/wp-content\/uploads\/logo-bdb-full-wide-vernil-transparent.png","contentUrl":"https:\/\/buletin.de\/bucuresti\/wp-content\/uploads\/logo-bdb-full-wide-vernil-transparent.png","width":1782,"height":626,"caption":"Buletin de Bucure\u0219ti"},"image":{"@id":"https:\/\/buletin.de\/bucuresti\/#\/schema\/logo\/image\/"},"sameAs":["https:\/\/www.facebook.com\/buletin.de.buc","https:\/\/www.instagram.com\/buletinde.bucuresti\/"]},{"@type":"Person","@id":"https:\/\/buletin.de\/bucuresti\/#\/schema\/person\/31117187ed4d0bdb0a4c7d6acc79d0f8","name":"C\u0103t\u0103lin Dosca\u0219","image":{"@type":"ImageObject","inLanguage":"en-GB","@id":"https:\/\/buletin.de\/bucuresti\/wp-content\/uploads\/Catalin-Doscas-e1732731064764-96x96.jpga93e2943bb3b1c1f9ead823df6e6317a","url":"https:\/\/buletin.de\/bucuresti\/wp-content\/uploads\/Catalin-Doscas-e1732731064764-96x96.jpg","contentUrl":"https:\/\/buletin.de\/bucuresti\/wp-content\/uploads\/Catalin-Doscas-e1732731064764-96x96.jpg","caption":"C\u0103t\u0103lin Dosca\u0219"},"description":"Reporter \u0219i redactor-\u0219ef Buletin de Bucure\u0219ti. Lucreaz\u0103 \u00een mass-media de la v\u00e2rsta de 15 ani, c\u00e2nd a publicat primele articole \u00een presa local\u0103 din Tecuci. \u00cen Bucure\u0219ti a lucrat \u00een redac\u021bii radio ca reporter, redactor \u0219i prezentator (StudentFM, Na\u021bionalFM, Radio Total, Smart FM), unde a acoperit domeniile politic, economic, social \u0219i externe. Ulterior, a fost editor-coordonator al postului Realitatea FM. Experien\u021ba \u00een jurnalismul online a dob\u00e2ndit-o la portalul B365.ro, unde a fost editor. \u00cen 2012 s-a angajat \u00een televiziune. La Realitatea TV a fost, pe r\u00e2nd, reporter la sec\u021bia Social, reporter special la emisiunea de reportaje \u0219i anchete \u201eReporterii Realit\u0103\u021bii\u201d, dar \u0219i editor al jurnalelor de \u0219tiri. Ulterior, a f\u0103cut parte din sec\u021bia de Investiga\u021bii de la Digi24 \u0219i a lucrat la campania \u201eRom\u00e2nia furat\u0103\u201d. A revenit \u00een presa scris\u0103 \u00een 2017, ca reporter special, \u00een cadrul unui proiect de repozi\u021bionare a tabloidului Libertatea \u00een cotidian generalist. Este jurnalist Buletin de Bucure\u0219ti din 2019.","url":"https:\/\/buletin.de\/bucuresti\/author\/catalin\/"}]}},"authors":[{"term_id":22575,"user_id":10,"is_guest":0,"slug":"catalin","display_name":"C\u0103t\u0103lin Dosca\u0219","avatar_url":"https:\/\/buletin.de\/bucuresti\/wp-content\/uploads\/Catalin-Doscas-e1732731064764-96x96.jpg","0":null,"1":"","2":"","3":"","4":"","5":"","6":"","7":"","8":""}],"_links":{"self":[{"href":"https:\/\/buletin.de\/bucuresti\/wp-json\/wp\/v2\/posts\/161833","targetHints":{"allow":["GET"]}}],"collection":[{"href":"https:\/\/buletin.de\/bucuresti\/wp-json\/wp\/v2\/posts"}],"about":[{"href":"https:\/\/buletin.de\/bucuresti\/wp-json\/wp\/v2\/types\/post"}],"author":[{"embeddable":true,"href":"https:\/\/buletin.de\/bucuresti\/wp-json\/wp\/v2\/users\/10"}],"replies":[{"embeddable":true,"href":"https:\/\/buletin.de\/bucuresti\/wp-json\/wp\/v2\/comments?post=161833"}],"version-history":[{"count":3,"href":"https:\/\/buletin.de\/bucuresti\/wp-json\/wp\/v2\/posts\/161833\/revisions"}],"predecessor-version":[{"id":161845,"href":"https:\/\/buletin.de\/bucuresti\/wp-json\/wp\/v2\/posts\/161833\/revisions\/161845"}],"wp:featuredmedia":[{"embeddable":true,"href":"https:\/\/buletin.de\/bucuresti\/wp-json\/wp\/v2\/media\/161838"}],"wp:attachment":[{"href":"https:\/\/buletin.de\/bucuresti\/wp-json\/wp\/v2\/media?parent=161833"}],"wp:term":[{"taxonomy":"category","embeddable":true,"href":"https:\/\/buletin.de\/bucuresti\/wp-json\/wp\/v2\/categories?post=161833"},{"taxonomy":"post_tag","embeddable":true,"href":"https:\/\/buletin.de\/bucuresti\/wp-json\/wp\/v2\/tags?post=161833"},{"taxonomy":"author","embeddable":true,"href":"https:\/\/buletin.de\/bucuresti\/wp-json\/wp\/v2\/ppma_author?post=161833"}],"curies":[{"name":"wp","href":"https:\/\/api.w.org\/{rel}","templated":true}]}}