{"id":161793,"date":"2025-12-10T13:41:17","date_gmt":"2025-12-10T10:41:17","guid":{"rendered":"https:\/\/buletin.de\/bucuresti\/?p=161793"},"modified":"2025-12-10T13:41:18","modified_gmt":"2025-12-10T10:41:18","slug":"protest-pentru-independenta-justitiei-in-aceasta-seara-in-fata-sediului-csm","status":"publish","type":"post","link":"https:\/\/buletin.de\/bucuresti\/protest-pentru-independenta-justitiei-in-aceasta-seara-in-fata-sediului-csm\/","title":{"rendered":"Protest pentru independen\u021ba justi\u021biei, \u00een aceast\u0103 sear\u0103, \u00een fa\u021ba sediului CSM"},"content":{"rendered":"\n<p><strong>Ast\u0103zi, 10 decembrie 2025, are loc un protest pentru independen\u021ba justi\u021biei, de la ora 19:00, \u00een fa\u021ba sediului CSM (Consiliul Superior al Magistraturii). <\/strong><\/p>\n\n\n\n<p><em>\u201eIndependen\u021ba justi\u021biei este pus\u0103 \u00een pericol, av\u00e2nd consecin\u021be nefaste asupra democra\u021biei rom\u00e2ne. Legisla\u021bia favorizeaz\u0103 abuzurile \u0219i judec\u0103torii cinsti\u021bi sunt intimida\u021bi!\u201d<\/em>, se precizeaz\u0103 \u00een descrierea de pe <a href=\"https:\/\/www.facebook.com\/events\/s\/protest-pentru-independenta-ju\/1556279148890727\/?rdid=a7a4r4BITb19PuGu&amp;share_url=https%3A%2F%2Fwww.facebook.com%2Fshare%2F1BV5mnYpTD%2F#\" target=\"_blank\" rel=\"noreferrer noopener\">pagina <\/a>evenimentului. <\/p>\n\n\n\n<h2 class=\"wp-block-heading\" id=\"h-protest-pentru-independen\u021ba-justi\u021biei-de-la-ora-19-00\">Protest pentru independen\u021ba justi\u021biei, de la ora 19:00 <\/h2>\n\n\n\n<p>Prin acest protest, se cer, printre altele, <strong>schimbarea legisla\u021biei <\/strong>pentru a preveni abuzurile din justi\u021bie, precum eliminarea prescrip\u021biei pentru faptele de corup\u021bie sau eliminarea posibilit\u0103\u021bii ca magistra\u021bii s\u0103 aleag\u0103 procurorii care \u00eei ancheteaz\u0103. <\/p>\n\n\n\n<p>\u201eMai mult dec\u00e2t at\u00e2t, este important s\u0103 ne ar\u0103t\u0103m sus\u021binerea pentru aceast\u0103 cauz\u0103 pentru a oferi curaj magistra\u021bilor din \u021bar\u0103, care sunt majoritar integri, dar care din fric\u0103 fa\u021b\u0103 de administra\u021bia corupt\u0103, sunt redu\u0219i la t\u0103cere.\u201d, au mai precizat ini\u021biatorii protestului. <\/p>\n\n\n\n<p>Sediul CSM este situat pe <strong>Calea Plevnei, nr. 141B. <\/strong>Este vorba despre <strong>un protest spontan<\/strong>, \u00eempotriva abuzurilor din justi\u021bie, dup\u0103 apari\u021bia documentarului <a href=\"https:\/\/www.youtube.com\/watch?v=TpUDm4ay-B8\" target=\"_blank\" rel=\"noreferrer noopener\">Recorder <\/a>\u201eJusti\u021bie capturat\u0103\u201d. <\/p>\n\n\n\n<p>La scurt timp dup\u0103 publicarea materialului, au ap\u0103rut reac\u021biile utilizatorilor, \u00een mediul online, iar acum oamenii sunt chema\u021bi la protest. <\/p>\n\n\n\n<p>Investiga\u021bia scoate la suprafa\u021b\u0103 dosare \u00een care persoane care au conexiuni politice sau cu influen\u021b\u0103 economic\u0103 au ob\u021binut procese prelungite p\u00e2n\u0103 au fost prescrise. Materialul video adun\u0103 mai multe m\u0103rturii <strong>din interiorul sistemului de justi\u021bie. <\/strong><\/p>\n\n\n\n<p><em>\u201eCum am ajuns \u00een aceast\u0103 situa\u021bie? Acest documentar de dou\u0103 ore, care comprim\u0103 o munc\u0103 de investiga\u021bie de peste un an \u0219i jum\u0103tate, \u00eencearc\u0103 s\u0103 explice mecanismele complicate prin care sistemul judiciar, un pilon cheie al oric\u0103rui stat democratic, a ajuns s\u0103 fie capturat de un grup de interese format din magistra\u021bi \u0219i politicieni.\u201d<\/em>, au precizat cei de la <a href=\"https:\/\/recorder.ro\/documentar-recorder-justitie-capturata\/\" target=\"_blank\" rel=\"noreferrer noopener\">Recorder<\/a>. <\/p>\n\n\n\n<p id=\"p-9\">CITE\u0218TE \u0218I <a href=\"https:\/\/buletin.de\/bucuresti\/schema-prin-care-a-fost-legalizat-cel-mai-mare-tun-imobiliar-din-istoria-capitalei-dosarul-lui-popoviciu-spalat-de-o-hidra-judiciara-recorder\/\" target=\"_blank\" rel=\"noreferrer noopener\">Schema prin care a fost legalizat cel mai mare tun imobiliar din istoria Capitalei: Dosarul lui Popoviciu, \u201esp\u0103lat\u201d de o hidr\u0103 judiciar\u0103 | Recorder<\/a><\/p>\n","protected":false},"excerpt":{"rendered":"<p>Ast\u0103zi, 10 decembrie 2025, are loc un protest pentru independen\u021ba justi\u021biei, de la ora 19:00, \u00een fa\u021ba sediului CSM (Consiliul Superior al Magistraturii). \u201eIndependen\u021ba justi\u021biei este pus\u0103 \u00een pericol, av\u00e2nd consecin\u021be nefaste asupra democra\u021biei rom\u00e2ne. Legisla\u021bia favorizeaz\u0103 abuzurile \u0219i judec\u0103torii cinsti\u021bi sunt intimida\u021bi!\u201d, se precizeaz\u0103 \u00een descrierea de pe pagina evenimentului. Protest pentru independen\u021ba justi\u021biei, [&hellip;]<\/p>\n","protected":false},"author":65,"featured_media":161808,"comment_status":"closed","ping_status":"open","sticky":false,"template":"","format":"standard","meta":{"_acf_changed":false,"inline_featured_image":false,"ngg_post_thumbnail":0,"footnotes":""},"categories":[6994,9026,62],"tags":[12707,25060,114,25058],"ppma_author":[23912],"class_list":["post-161793","post","type-post","status-publish","format-standard","has-post-thumbnail","hentry","category-stiri-2","category-eveniment","category-stiri","tag-calea-plevnei","tag-consiliul-superior-al-magistraturii","tag-protest","tag-sediu-csm"],"acf":[],"yoast_head":"<!-- This site is optimized with the Yoast SEO Premium plugin v25.3 (Yoast SEO v27.5) - https:\/\/yoast.com\/product\/yoast-seo-premium-wordpress\/ -->\n<title>Protest pentru independen\u021ba justi\u021biei, \u00een aceast\u0103 sear\u0103, \u00een fa\u021ba sediului CSM - Buletin de Bucure\u0219ti<\/title>\n<meta name=\"description\" content=\"Ast\u0103zi, 10 decembrie 2025, are loc un protest pentru independen\u021ba justi\u021biei, de la ora 19:00, \u00een fa\u021ba sediului CSM.\" \/>\n<meta name=\"robots\" content=\"index, follow, max-snippet:-1, max-image-preview:large, max-video-preview:-1\" \/>\n<link rel=\"canonical\" href=\"https:\/\/buletin.de\/bucuresti\/protest-pentru-independenta-justitiei-in-aceasta-seara-in-fata-sediului-csm\/\" \/>\n<meta property=\"og:locale\" content=\"en_GB\" \/>\n<meta property=\"og:type\" content=\"article\" \/>\n<meta property=\"og:title\" content=\"Protest pentru independen\u021ba justi\u021biei, \u00een aceast\u0103 sear\u0103, \u00een fa\u021ba sediului CSM\" \/>\n<meta property=\"og:description\" content=\"Ast\u0103zi, 10 decembrie 2025, are loc un protest pentru independen\u021ba justi\u021biei, de la ora 19:00, \u00een fa\u021ba sediului CSM.\" \/>\n<meta property=\"og:url\" content=\"https:\/\/buletin.de\/bucuresti\/protest-pentru-independenta-justitiei-in-aceasta-seara-in-fata-sediului-csm\/\" \/>\n<meta property=\"og:site_name\" content=\"Buletin de Bucure\u0219ti\" \/>\n<meta property=\"article:publisher\" content=\"https:\/\/www.facebook.com\/buletin.de.buc\" \/>\n<meta property=\"article:published_time\" content=\"2025-12-10T10:41:17+00:00\" \/>\n<meta property=\"article:modified_time\" content=\"2025-12-10T10:41:18+00:00\" \/>\n<meta property=\"og:image\" content=\"https:\/\/buletin.de\/bucuresti\/wp-content\/uploads\/2025\/12\/ID216898_INQUAM_Photos_George_Calin-scaled.jpg\" \/>\n\t<meta property=\"og:image:width\" content=\"2560\" \/>\n\t<meta property=\"og:image:height\" content=\"1707\" \/>\n\t<meta property=\"og:image:type\" content=\"image\/jpeg\" \/>\n<meta name=\"author\" content=\"Andreea St\u0103n\u0103r\u00eeng\u0103\" \/>\n<meta name=\"twitter:card\" content=\"summary_large_image\" \/>\n<meta name=\"twitter:label1\" content=\"Written by\" \/>\n\t<meta name=\"twitter:data1\" content=\"Andreea St\u0103n\u0103r\u00eeng\u0103\" \/>\n\t<meta name=\"twitter:label2\" content=\"Estimated reading time\" \/>\n\t<meta name=\"twitter:data2\" content=\"2 minutes\" \/>\n<script type=\"application\/ld+json\" class=\"yoast-schema-graph\">{\"@context\":\"https:\\\/\\\/schema.org\",\"@graph\":[{\"@type\":\"Article\",\"@id\":\"https:\\\/\\\/buletin.de\\\/bucuresti\\\/protest-pentru-independenta-justitiei-in-aceasta-seara-in-fata-sediului-csm\\\/#article\",\"isPartOf\":{\"@id\":\"https:\\\/\\\/buletin.de\\\/bucuresti\\\/protest-pentru-independenta-justitiei-in-aceasta-seara-in-fata-sediului-csm\\\/\"},\"author\":{\"name\":\"Andreea St\u0103n\u0103r\u00eeng\u0103\",\"@id\":\"https:\\\/\\\/buletin.de\\\/bucuresti\\\/#\\\/schema\\\/person\\\/81421a46fb84a0887cfd2238f5202586\"},\"headline\":\"Protest pentru independen\u021ba justi\u021biei, \u00een aceast\u0103 sear\u0103, \u00een fa\u021ba sediului CSM\",\"datePublished\":\"2025-12-10T10:41:17+00:00\",\"dateModified\":\"2025-12-10T10:41:18+00:00\",\"mainEntityOfPage\":{\"@id\":\"https:\\\/\\\/buletin.de\\\/bucuresti\\\/protest-pentru-independenta-justitiei-in-aceasta-seara-in-fata-sediului-csm\\\/\"},\"wordCount\":358,\"publisher\":{\"@id\":\"https:\\\/\\\/buletin.de\\\/bucuresti\\\/#organization\"},\"image\":{\"@id\":\"https:\\\/\\\/buletin.de\\\/bucuresti\\\/protest-pentru-independenta-justitiei-in-aceasta-seara-in-fata-sediului-csm\\\/#primaryimage\"},\"thumbnailUrl\":\"https:\\\/\\\/buletin.de\\\/bucuresti\\\/wp-content\\\/uploads\\\/2025\\\/12\\\/ID216898_INQUAM_Photos_George_Calin-scaled.jpg\",\"keywords\":[\"Calea Plevnei\",\"Consiliul Superior al Magistraturii\",\"protest\",\"sediu csm\"],\"articleSection\":[\"Articole\",\"Eveniment\",\"\u0218tiri\"],\"inLanguage\":\"en-GB\",\"copyrightYear\":\"2025\",\"copyrightHolder\":{\"@id\":\"https:\\\/\\\/buletin.de\\\/bucuresti\\\/#organization\"}},{\"@type\":\"WebPage\",\"@id\":\"https:\\\/\\\/buletin.de\\\/bucuresti\\\/protest-pentru-independenta-justitiei-in-aceasta-seara-in-fata-sediului-csm\\\/\",\"url\":\"https:\\\/\\\/buletin.de\\\/bucuresti\\\/protest-pentru-independenta-justitiei-in-aceasta-seara-in-fata-sediului-csm\\\/\",\"name\":\"Protest pentru independen\u021ba justi\u021biei, \u00een aceast\u0103 sear\u0103, \u00een fa\u021ba sediului CSM - Buletin de Bucure\u0219ti\",\"isPartOf\":{\"@id\":\"https:\\\/\\\/buletin.de\\\/bucuresti\\\/#website\"},\"primaryImageOfPage\":{\"@id\":\"https:\\\/\\\/buletin.de\\\/bucuresti\\\/protest-pentru-independenta-justitiei-in-aceasta-seara-in-fata-sediului-csm\\\/#primaryimage\"},\"image\":{\"@id\":\"https:\\\/\\\/buletin.de\\\/bucuresti\\\/protest-pentru-independenta-justitiei-in-aceasta-seara-in-fata-sediului-csm\\\/#primaryimage\"},\"thumbnailUrl\":\"https:\\\/\\\/buletin.de\\\/bucuresti\\\/wp-content\\\/uploads\\\/2025\\\/12\\\/ID216898_INQUAM_Photos_George_Calin-scaled.jpg\",\"datePublished\":\"2025-12-10T10:41:17+00:00\",\"dateModified\":\"2025-12-10T10:41:18+00:00\",\"description\":\"Ast\u0103zi, 10 decembrie 2025, are loc un protest pentru independen\u021ba justi\u021biei, de la ora 19:00, \u00een fa\u021ba sediului CSM.\",\"breadcrumb\":{\"@id\":\"https:\\\/\\\/buletin.de\\\/bucuresti\\\/protest-pentru-independenta-justitiei-in-aceasta-seara-in-fata-sediului-csm\\\/#breadcrumb\"},\"inLanguage\":\"en-GB\",\"potentialAction\":[{\"@type\":\"ReadAction\",\"target\":[\"https:\\\/\\\/buletin.de\\\/bucuresti\\\/protest-pentru-independenta-justitiei-in-aceasta-seara-in-fata-sediului-csm\\\/\"]}]},{\"@type\":\"ImageObject\",\"inLanguage\":\"en-GB\",\"@id\":\"https:\\\/\\\/buletin.de\\\/bucuresti\\\/protest-pentru-independenta-justitiei-in-aceasta-seara-in-fata-sediului-csm\\\/#primaryimage\",\"url\":\"https:\\\/\\\/buletin.de\\\/bucuresti\\\/wp-content\\\/uploads\\\/2025\\\/12\\\/ID216898_INQUAM_Photos_George_Calin-scaled.jpg\",\"contentUrl\":\"https:\\\/\\\/buletin.de\\\/bucuresti\\\/wp-content\\\/uploads\\\/2025\\\/12\\\/ID216898_INQUAM_Photos_George_Calin-scaled.jpg\",\"width\":2560,\"height\":1707,\"caption\":\"Protest pentru independen\u021ba justi\u021biei. Foto: Inquam Photos \\\/ George C\u0103lin\"},{\"@type\":\"BreadcrumbList\",\"@id\":\"https:\\\/\\\/buletin.de\\\/bucuresti\\\/protest-pentru-independenta-justitiei-in-aceasta-seara-in-fata-sediului-csm\\\/#breadcrumb\",\"itemListElement\":[{\"@type\":\"ListItem\",\"position\":1,\"name\":\"Acas\u0103\",\"item\":\"https:\\\/\\\/buletin.de\\\/bucuresti\\\/\"},{\"@type\":\"ListItem\",\"position\":2,\"name\":\"Protest pentru independen\u021ba justi\u021biei, \u00een aceast\u0103 sear\u0103, \u00een fa\u021ba sediului CSM\"}]},{\"@type\":\"WebSite\",\"@id\":\"https:\\\/\\\/buletin.de\\\/bucuresti\\\/#website\",\"url\":\"https:\\\/\\\/buletin.de\\\/bucuresti\\\/\",\"name\":\"Buletin de Bucure\u0219ti\",\"description\":\"\u0218tiri \u0219i investiga\u021bii esen\u021biale din capital\u0103\",\"publisher\":{\"@id\":\"https:\\\/\\\/buletin.de\\\/bucuresti\\\/#organization\"},\"potentialAction\":[{\"@type\":\"SearchAction\",\"target\":{\"@type\":\"EntryPoint\",\"urlTemplate\":\"https:\\\/\\\/buletin.de\\\/bucuresti\\\/?s={search_term_string}\"},\"query-input\":{\"@type\":\"PropertyValueSpecification\",\"valueRequired\":true,\"valueName\":\"search_term_string\"}}],\"inLanguage\":\"en-GB\"},{\"@type\":\"Organization\",\"@id\":\"https:\\\/\\\/buletin.de\\\/bucuresti\\\/#organization\",\"name\":\"Buletin de Bucure\u0219ti\",\"url\":\"https:\\\/\\\/buletin.de\\\/bucuresti\\\/\",\"logo\":{\"@type\":\"ImageObject\",\"inLanguage\":\"en-GB\",\"@id\":\"https:\\\/\\\/buletin.de\\\/bucuresti\\\/#\\\/schema\\\/logo\\\/image\\\/\",\"url\":\"https:\\\/\\\/buletin.de\\\/bucuresti\\\/wp-content\\\/uploads\\\/logo-bdb-full-wide-vernil-transparent.png\",\"contentUrl\":\"https:\\\/\\\/buletin.de\\\/bucuresti\\\/wp-content\\\/uploads\\\/logo-bdb-full-wide-vernil-transparent.png\",\"width\":1782,\"height\":626,\"caption\":\"Buletin de Bucure\u0219ti\"},\"image\":{\"@id\":\"https:\\\/\\\/buletin.de\\\/bucuresti\\\/#\\\/schema\\\/logo\\\/image\\\/\"},\"sameAs\":[\"https:\\\/\\\/www.facebook.com\\\/buletin.de.buc\",\"https:\\\/\\\/www.instagram.com\\\/buletinde.bucuresti\\\/\"]},{\"@type\":\"Person\",\"@id\":\"https:\\\/\\\/buletin.de\\\/bucuresti\\\/#\\\/schema\\\/person\\\/81421a46fb84a0887cfd2238f5202586\",\"name\":\"Andreea St\u0103n\u0103r\u00eeng\u0103\",\"image\":{\"@type\":\"ImageObject\",\"inLanguage\":\"en-GB\",\"@id\":\"https:\\\/\\\/secure.gravatar.com\\\/avatar\\\/dfa8d227a4388fad0f0bb03add04b5b176f4da34397dbb2eadc563b3d7162ce0?s=96&d=monsterid&r=g72784372b39ffe5a98a45288fe0d0e8a\",\"url\":\"https:\\\/\\\/secure.gravatar.com\\\/avatar\\\/dfa8d227a4388fad0f0bb03add04b5b176f4da34397dbb2eadc563b3d7162ce0?s=96&d=monsterid&r=g\",\"contentUrl\":\"https:\\\/\\\/secure.gravatar.com\\\/avatar\\\/dfa8d227a4388fad0f0bb03add04b5b176f4da34397dbb2eadc563b3d7162ce0?s=96&d=monsterid&r=g\",\"caption\":\"Andreea St\u0103n\u0103r\u00eeng\u0103\"},\"description\":\"Cu o experien\u021b\u0103 de peste 5 ani \u00een pres\u0103, face parte din echipa Buletin de Bucure\u0219ti din septembrie 2025. A colaborat cu c\u00e2teva publica\u021bii, printre care \u0219i Fanatik.ro, unde s-a ocupat de \u0219tiri de lifestyle \u0219i de actualitate. A f\u0103cut un pas c\u0103tre presa local\u0103 pentru a explora Bucure\u0219tiul \u0219i pove\u0219tile care merit\u0103 spuse.\",\"url\":\"https:\\\/\\\/buletin.de\\\/bucuresti\\\/author\\\/andreea-stanaranga\\\/\"}]}<\/script>\n<!-- \/ Yoast SEO Premium plugin. -->","yoast_head_json":{"title":"Protest pentru independen\u021ba justi\u021biei, \u00een aceast\u0103 sear\u0103, \u00een fa\u021ba sediului CSM - Buletin de Bucure\u0219ti","description":"Ast\u0103zi, 10 decembrie 2025, are loc un protest pentru independen\u021ba justi\u021biei, de la ora 19:00, \u00een fa\u021ba sediului CSM.","robots":{"index":"index","follow":"follow","max-snippet":"max-snippet:-1","max-image-preview":"max-image-preview:large","max-video-preview":"max-video-preview:-1"},"canonical":"https:\/\/buletin.de\/bucuresti\/protest-pentru-independenta-justitiei-in-aceasta-seara-in-fata-sediului-csm\/","og_locale":"en_GB","og_type":"article","og_title":"Protest pentru independen\u021ba justi\u021biei, \u00een aceast\u0103 sear\u0103, \u00een fa\u021ba sediului CSM","og_description":"Ast\u0103zi, 10 decembrie 2025, are loc un protest pentru independen\u021ba justi\u021biei, de la ora 19:00, \u00een fa\u021ba sediului CSM.","og_url":"https:\/\/buletin.de\/bucuresti\/protest-pentru-independenta-justitiei-in-aceasta-seara-in-fata-sediului-csm\/","og_site_name":"Buletin de Bucure\u0219ti","article_publisher":"https:\/\/www.facebook.com\/buletin.de.buc","article_published_time":"2025-12-10T10:41:17+00:00","article_modified_time":"2025-12-10T10:41:18+00:00","og_image":[{"width":2560,"height":1707,"url":"https:\/\/buletin.de\/bucuresti\/wp-content\/uploads\/2025\/12\/ID216898_INQUAM_Photos_George_Calin-scaled.jpg","type":"image\/jpeg"}],"author":"Andreea St\u0103n\u0103r\u00eeng\u0103","twitter_card":"summary_large_image","twitter_misc":{"Written by":"Andreea St\u0103n\u0103r\u00eeng\u0103","Estimated reading time":"2 minutes"},"schema":{"@context":"https:\/\/schema.org","@graph":[{"@type":"Article","@id":"https:\/\/buletin.de\/bucuresti\/protest-pentru-independenta-justitiei-in-aceasta-seara-in-fata-sediului-csm\/#article","isPartOf":{"@id":"https:\/\/buletin.de\/bucuresti\/protest-pentru-independenta-justitiei-in-aceasta-seara-in-fata-sediului-csm\/"},"author":{"name":"Andreea St\u0103n\u0103r\u00eeng\u0103","@id":"https:\/\/buletin.de\/bucuresti\/#\/schema\/person\/81421a46fb84a0887cfd2238f5202586"},"headline":"Protest pentru independen\u021ba justi\u021biei, \u00een aceast\u0103 sear\u0103, \u00een fa\u021ba sediului CSM","datePublished":"2025-12-10T10:41:17+00:00","dateModified":"2025-12-10T10:41:18+00:00","mainEntityOfPage":{"@id":"https:\/\/buletin.de\/bucuresti\/protest-pentru-independenta-justitiei-in-aceasta-seara-in-fata-sediului-csm\/"},"wordCount":358,"publisher":{"@id":"https:\/\/buletin.de\/bucuresti\/#organization"},"image":{"@id":"https:\/\/buletin.de\/bucuresti\/protest-pentru-independenta-justitiei-in-aceasta-seara-in-fata-sediului-csm\/#primaryimage"},"thumbnailUrl":"https:\/\/buletin.de\/bucuresti\/wp-content\/uploads\/2025\/12\/ID216898_INQUAM_Photos_George_Calin-scaled.jpg","keywords":["Calea Plevnei","Consiliul Superior al Magistraturii","protest","sediu csm"],"articleSection":["Articole","Eveniment","\u0218tiri"],"inLanguage":"en-GB","copyrightYear":"2025","copyrightHolder":{"@id":"https:\/\/buletin.de\/bucuresti\/#organization"}},{"@type":"WebPage","@id":"https:\/\/buletin.de\/bucuresti\/protest-pentru-independenta-justitiei-in-aceasta-seara-in-fata-sediului-csm\/","url":"https:\/\/buletin.de\/bucuresti\/protest-pentru-independenta-justitiei-in-aceasta-seara-in-fata-sediului-csm\/","name":"Protest pentru independen\u021ba justi\u021biei, \u00een aceast\u0103 sear\u0103, \u00een fa\u021ba sediului CSM - Buletin de Bucure\u0219ti","isPartOf":{"@id":"https:\/\/buletin.de\/bucuresti\/#website"},"primaryImageOfPage":{"@id":"https:\/\/buletin.de\/bucuresti\/protest-pentru-independenta-justitiei-in-aceasta-seara-in-fata-sediului-csm\/#primaryimage"},"image":{"@id":"https:\/\/buletin.de\/bucuresti\/protest-pentru-independenta-justitiei-in-aceasta-seara-in-fata-sediului-csm\/#primaryimage"},"thumbnailUrl":"https:\/\/buletin.de\/bucuresti\/wp-content\/uploads\/2025\/12\/ID216898_INQUAM_Photos_George_Calin-scaled.jpg","datePublished":"2025-12-10T10:41:17+00:00","dateModified":"2025-12-10T10:41:18+00:00","description":"Ast\u0103zi, 10 decembrie 2025, are loc un protest pentru independen\u021ba justi\u021biei, de la ora 19:00, \u00een fa\u021ba sediului CSM.","breadcrumb":{"@id":"https:\/\/buletin.de\/bucuresti\/protest-pentru-independenta-justitiei-in-aceasta-seara-in-fata-sediului-csm\/#breadcrumb"},"inLanguage":"en-GB","potentialAction":[{"@type":"ReadAction","target":["https:\/\/buletin.de\/bucuresti\/protest-pentru-independenta-justitiei-in-aceasta-seara-in-fata-sediului-csm\/"]}]},{"@type":"ImageObject","inLanguage":"en-GB","@id":"https:\/\/buletin.de\/bucuresti\/protest-pentru-independenta-justitiei-in-aceasta-seara-in-fata-sediului-csm\/#primaryimage","url":"https:\/\/buletin.de\/bucuresti\/wp-content\/uploads\/2025\/12\/ID216898_INQUAM_Photos_George_Calin-scaled.jpg","contentUrl":"https:\/\/buletin.de\/bucuresti\/wp-content\/uploads\/2025\/12\/ID216898_INQUAM_Photos_George_Calin-scaled.jpg","width":2560,"height":1707,"caption":"Protest pentru independen\u021ba justi\u021biei. Foto: Inquam Photos \/ George C\u0103lin"},{"@type":"BreadcrumbList","@id":"https:\/\/buletin.de\/bucuresti\/protest-pentru-independenta-justitiei-in-aceasta-seara-in-fata-sediului-csm\/#breadcrumb","itemListElement":[{"@type":"ListItem","position":1,"name":"Acas\u0103","item":"https:\/\/buletin.de\/bucuresti\/"},{"@type":"ListItem","position":2,"name":"Protest pentru independen\u021ba justi\u021biei, \u00een aceast\u0103 sear\u0103, \u00een fa\u021ba sediului CSM"}]},{"@type":"WebSite","@id":"https:\/\/buletin.de\/bucuresti\/#website","url":"https:\/\/buletin.de\/bucuresti\/","name":"Buletin de Bucure\u0219ti","description":"\u0218tiri \u0219i investiga\u021bii esen\u021biale din capital\u0103","publisher":{"@id":"https:\/\/buletin.de\/bucuresti\/#organization"},"potentialAction":[{"@type":"SearchAction","target":{"@type":"EntryPoint","urlTemplate":"https:\/\/buletin.de\/bucuresti\/?s={search_term_string}"},"query-input":{"@type":"PropertyValueSpecification","valueRequired":true,"valueName":"search_term_string"}}],"inLanguage":"en-GB"},{"@type":"Organization","@id":"https:\/\/buletin.de\/bucuresti\/#organization","name":"Buletin de Bucure\u0219ti","url":"https:\/\/buletin.de\/bucuresti\/","logo":{"@type":"ImageObject","inLanguage":"en-GB","@id":"https:\/\/buletin.de\/bucuresti\/#\/schema\/logo\/image\/","url":"https:\/\/buletin.de\/bucuresti\/wp-content\/uploads\/logo-bdb-full-wide-vernil-transparent.png","contentUrl":"https:\/\/buletin.de\/bucuresti\/wp-content\/uploads\/logo-bdb-full-wide-vernil-transparent.png","width":1782,"height":626,"caption":"Buletin de Bucure\u0219ti"},"image":{"@id":"https:\/\/buletin.de\/bucuresti\/#\/schema\/logo\/image\/"},"sameAs":["https:\/\/www.facebook.com\/buletin.de.buc","https:\/\/www.instagram.com\/buletinde.bucuresti\/"]},{"@type":"Person","@id":"https:\/\/buletin.de\/bucuresti\/#\/schema\/person\/81421a46fb84a0887cfd2238f5202586","name":"Andreea St\u0103n\u0103r\u00eeng\u0103","image":{"@type":"ImageObject","inLanguage":"en-GB","@id":"https:\/\/secure.gravatar.com\/avatar\/dfa8d227a4388fad0f0bb03add04b5b176f4da34397dbb2eadc563b3d7162ce0?s=96&d=monsterid&r=g72784372b39ffe5a98a45288fe0d0e8a","url":"https:\/\/secure.gravatar.com\/avatar\/dfa8d227a4388fad0f0bb03add04b5b176f4da34397dbb2eadc563b3d7162ce0?s=96&d=monsterid&r=g","contentUrl":"https:\/\/secure.gravatar.com\/avatar\/dfa8d227a4388fad0f0bb03add04b5b176f4da34397dbb2eadc563b3d7162ce0?s=96&d=monsterid&r=g","caption":"Andreea St\u0103n\u0103r\u00eeng\u0103"},"description":"Cu o experien\u021b\u0103 de peste 5 ani \u00een pres\u0103, face parte din echipa Buletin de Bucure\u0219ti din septembrie 2025. A colaborat cu c\u00e2teva publica\u021bii, printre care \u0219i Fanatik.ro, unde s-a ocupat de \u0219tiri de lifestyle \u0219i de actualitate. A f\u0103cut un pas c\u0103tre presa local\u0103 pentru a explora Bucure\u0219tiul \u0219i pove\u0219tile care merit\u0103 spuse.","url":"https:\/\/buletin.de\/bucuresti\/author\/andreea-stanaranga\/"}]}},"authors":[{"term_id":23912,"user_id":65,"is_guest":0,"slug":"andreea-stanaranga","display_name":"Andreea St\u0103n\u0103r\u00eeng\u0103","avatar_url":"https:\/\/secure.gravatar.com\/avatar\/dfa8d227a4388fad0f0bb03add04b5b176f4da34397dbb2eadc563b3d7162ce0?s=96&d=monsterid&r=g","0":null,"1":"","2":"","3":"","4":"","5":"","6":"","7":"","8":""}],"_links":{"self":[{"href":"https:\/\/buletin.de\/bucuresti\/wp-json\/wp\/v2\/posts\/161793","targetHints":{"allow":["GET"]}}],"collection":[{"href":"https:\/\/buletin.de\/bucuresti\/wp-json\/wp\/v2\/posts"}],"about":[{"href":"https:\/\/buletin.de\/bucuresti\/wp-json\/wp\/v2\/types\/post"}],"author":[{"embeddable":true,"href":"https:\/\/buletin.de\/bucuresti\/wp-json\/wp\/v2\/users\/65"}],"replies":[{"embeddable":true,"href":"https:\/\/buletin.de\/bucuresti\/wp-json\/wp\/v2\/comments?post=161793"}],"version-history":[{"count":4,"href":"https:\/\/buletin.de\/bucuresti\/wp-json\/wp\/v2\/posts\/161793\/revisions"}],"predecessor-version":[{"id":161814,"href":"https:\/\/buletin.de\/bucuresti\/wp-json\/wp\/v2\/posts\/161793\/revisions\/161814"}],"wp:featuredmedia":[{"embeddable":true,"href":"https:\/\/buletin.de\/bucuresti\/wp-json\/wp\/v2\/media\/161808"}],"wp:attachment":[{"href":"https:\/\/buletin.de\/bucuresti\/wp-json\/wp\/v2\/media?parent=161793"}],"wp:term":[{"taxonomy":"category","embeddable":true,"href":"https:\/\/buletin.de\/bucuresti\/wp-json\/wp\/v2\/categories?post=161793"},{"taxonomy":"post_tag","embeddable":true,"href":"https:\/\/buletin.de\/bucuresti\/wp-json\/wp\/v2\/tags?post=161793"},{"taxonomy":"author","embeddable":true,"href":"https:\/\/buletin.de\/bucuresti\/wp-json\/wp\/v2\/ppma_author?post=161793"}],"curies":[{"name":"wp","href":"https:\/\/api.w.org\/{rel}","templated":true}]}}