{"id":161785,"date":"2025-12-10T21:17:04","date_gmt":"2025-12-10T18:17:04","guid":{"rendered":"https:\/\/buletin.de\/bucuresti\/?p=161785"},"modified":"2025-12-10T21:23:43","modified_gmt":"2025-12-10T18:23:43","slug":"concerte-la-west-side-christmas-market-pentru-in-weekendul-12-14-decembrie","status":"publish","type":"post","link":"https:\/\/buletin.de\/bucuresti\/concerte-la-west-side-christmas-market-pentru-in-weekendul-12-14-decembrie\/","title":{"rendered":"Concerte la West Side Christmas Market pentru \u00een weekendul 12-14 decembrie"},"content":{"rendered":"\n<p><strong>\u00cen weekendul 12-14 decembrie, au loc mai multe concerte la West Side Christmas Market, din parcul Drumul Taberei. Vor urca pe scen\u0103 arti\u0219ti cunoscu\u021bi, iar vizitatorii se pot bucura \u0219i de principalele atrac\u021bii \u0219i activit\u0103\u021bi. <\/strong><\/p>\n\n\n\n<p>T\u00e2rgul de Cr\u0103ciun din parcul Drumul Taberei, organizat de Prim\u0103ria Sectorului 6 \u0219i Untold Universe, a fost deschis pe 28 noiembrie \u0219i va r\u0103m\u00e2ne deschis p\u00e2n\u0103 dup\u0103 Cr\u0103ciun, pe 27 decembrie. <\/p>\n\n\n\n<h2 class=\"wp-block-heading\" id=\"h-ce-concerte-sunt-la-west-side-christmas-market\">Ce concerte sunt la West Side Christmas Market<\/h2>\n\n\n\n<p><strong>\u00cen weekendul 12 &#8211; 14 decembrie, vor sus\u021bine concerte live c\u00e2\u021biva arti\u0219ti cunoscu\u021bi. De la deschiderea t\u00e2rgului \u0219i p\u00e2n\u0103 acum au urcat deja pe scen\u0103 Andia, Breeze, Vunk, Fuego \u0219i Loredana.<\/strong><\/p>\n\n\n\n<p>Smiley ar fi trebuit s\u0103 sus\u021bin\u0103 un concert s\u00e2mb\u0103t\u0103, 6 decembrie, \u00eens\u0103 acesta a fost reprogramat pentru 20 decembrie, din cauza condi\u021biilor meteo nefavorabile. <\/p>\n\n\n\n<p><strong>\u00cen urm\u0103torul weekend<\/strong>, pe scen\u0103 vor urca urm\u0103torii arti\u0219ti, conform programului: <\/p>\n\n\n\n<ul class=\"wp-block-list\">\n<li><strong>Vineri, 12 decembrie:<\/strong> Vlad Corb; <\/li>\n\n\n\n<li><strong>S\u00e2mb\u0103t\u0103, 13 decembrie<\/strong>: Om la Lun\u0103; <\/li>\n\n\n\n<li><strong>Duminic\u0103, 14 decembrie: <\/strong>Alina Sorescu &amp; picii. <\/li>\n<\/ul>\n\n\n\n<p><strong>Concertele live de la West Side Christmas Market vor \u00eencepe la <mark style=\"background-color:rgba(0, 0, 0, 0)\" class=\"has-inline-color has-vivid-red-color\">19:30<\/mark> \u0219i dureaz\u0103 o or\u0103. <\/strong>T\u00e2rgul de Cr\u0103ciun din parcul Drumul Taberei are \u0219i o pagin\u0103 de <a href=\"https:\/\/www.facebook.com\/westsidechristmasmarket\" target=\"_blank\" rel=\"noreferrer noopener\">Facebook<\/a>, unde sunt postate toate evenimentele. <\/p>\n\n\n\n<p><strong>CITE\u0218TE \u0218I: <a href=\"https:\/\/buletin.de\/bucuresti\/programul-targului-de-craciun-bucuresti-din-piata-constitutiei-pentru-weekendul-12-14-decembrie\/\" target=\"_blank\" rel=\"noreferrer noopener\">Programul T\u00e2rgului de Cr\u0103ciun Bucure\u0219ti, din Pia\u021ba Constitu\u021biei, pentru weekendul 12 \u2013 14 decembrie<\/a><\/strong><\/p>\n\n\n\n<h2 class=\"wp-block-heading\" id=\"h-alte-atrac\u021bii-la-targul-din-drumul-tabarei\">Alte atrac\u021bii la t\u00e2rgul din Drumul Tabarei<\/h2>\n\n\n\n<p>P\u00e2n\u0103 pe 27 decembrie, vizitatorii pot vedea podul hobanat, amenajat cu o perdea de 200.000 de lumini\u021be, dar \u0219i patinoarul care are 750 de metri p\u0103tra\u021bi. Printre atrac\u021bii se num\u0103r\u0103 <strong>caruselul <\/strong>\u0219i<strong> roata panoramic\u0103 <\/strong>de 33 de metri, precum \u0219i<strong> C\u0103su\u021ba lui Mo\u0219 Cr\u0103ciun<\/strong>, unde au loc zilnic diverse ateliere \u0219i activit\u0103\u021bi. <\/p>\n\n\n\n<p>C\u0103su\u021ba lui Mo\u0219 Cr\u0103ciun are 100 de metri p\u0103tra\u021bi \u0219i este deschis\u0103 \u00eentre orele <strong>17:00 \u0219i 21:00<\/strong>, \u00een timpul s\u0103pt\u0103m\u00e2nii. \u00cen weekend \u0219i \u00een zilele de s\u0103rb\u0103toare, programul este <strong>12:00 &#8211; 21:00.<\/strong> Accesul este gratuit. <\/p>\n\n\n\n<p>La t\u00e2rg mai exist\u0103 \u0219i o teras\u0103 \u00eenc\u0103lzit\u0103, dar \u0219i 60 de c\u0103su\u021be de unde vizitatorii pot achizi\u021biona deserturi de sezon \u0219i vin fiert, precum \u0219i cadouri artizanale. Sunt amplasate 8 food truck-uri cu diferite feluri de m\u00e2ncare.<\/p>\n\n\n\n<p><strong>Pentru a putea ajunge la t\u00e2rgul de Cr\u0103ciun organizat \u00een parcul Drumul Taberei, folosind transportul public, vizitatorii au la dispozi\u021bie urm\u0103toarele op\u021biuni:<\/strong><\/p>\n\n\n\n<ul class=\"wp-block-list\">\n<li><strong>Metrou <\/strong>(sta\u021bia <strong>Parc Drumul Taberei<\/strong>, de pe Magistrala 5);<\/li>\n\n\n\n<li>Tramvaiul <strong>41<\/strong>;<\/li>\n\n\n\n<li>Troleibuzele <strong>69 <\/strong>\u0219i <strong>93<\/strong>; <\/li>\n\n\n\n<li>Autobuzele <strong>105, 138, 168, 221, 222, 232, 368<\/strong>.<\/li>\n<\/ul>\n\n\n\n<p><strong>CITE\u0218TE \u0218I <a href=\"https:\/\/buletin.de\/bucuresti\/programul-targului-de-craciun-bucuresti-din-piata-constitutiei-pentru-weekendul-12-14-decembrie\/\" target=\"_blank\" rel=\"noreferrer noopener\">Programul T\u00e2rgului de Cr\u0103ciun Bucure\u0219ti, din Pia\u021ba Constitu\u021biei, pentru weekendul 12 \u2013 14 decembrie<\/a><\/strong><\/p>\n","protected":false},"excerpt":{"rendered":"<p>\u00cen weekendul 12-14 decembrie, au loc mai multe concerte la West Side Christmas Market, din parcul Drumul Taberei. Vor urca pe scen\u0103 arti\u0219ti cunoscu\u021bi, iar vizitatorii se pot bucura \u0219i de principalele atrac\u021bii \u0219i activit\u0103\u021bi. T\u00e2rgul de Cr\u0103ciun din parcul Drumul Taberei, organizat de Prim\u0103ria Sectorului 6 \u0219i Untold Universe, a fost deschis pe 28 [&hellip;]<\/p>\n","protected":false},"author":65,"featured_media":161825,"comment_status":"closed","ping_status":"open","sticky":false,"template":"","format":"standard","meta":{"_acf_changed":false,"inline_featured_image":false,"ngg_post_thumbnail":0,"footnotes":""},"categories":[6994,24,62],"tags":[4847,1517,523,3472,8785],"ppma_author":[23912],"class_list":["post-161785","post","type-post","status-publish","format-standard","has-post-thumbnail","hentry","category-stiri-2","category-primarie","category-stiri","tag-concerte","tag-parc-drumul-taberei","tag-sector-6","tag-targ-de-craciun","tag-west-side-christmas-market"],"acf":[],"yoast_head":"<!-- This site is optimized with the Yoast SEO Premium plugin v25.3 (Yoast SEO v27.4) - https:\/\/yoast.com\/product\/yoast-seo-premium-wordpress\/ -->\n<title>Concerte la West Side Christmas Market pentru \u00een weekendul 12-14 decembrie - Buletin de Bucure\u0219ti<\/title>\n<meta name=\"description\" content=\"\u00cen weekendul 12-14 decembrie, au loc mai multe concerte la West Side Christmas Market, din parcul Drumul Taberei.\" \/>\n<meta name=\"robots\" content=\"index, follow, max-snippet:-1, max-image-preview:large, max-video-preview:-1\" \/>\n<link rel=\"canonical\" href=\"https:\/\/buletin.de\/bucuresti\/concerte-la-west-side-christmas-market-pentru-in-weekendul-12-14-decembrie\/\" \/>\n<meta property=\"og:locale\" content=\"en_GB\" \/>\n<meta property=\"og:type\" content=\"article\" \/>\n<meta property=\"og:title\" content=\"Concerte la West Side Christmas Market pentru \u00een weekendul 12-14 decembrie\" \/>\n<meta property=\"og:description\" content=\"\u00cen weekendul 12-14 decembrie, au loc mai multe concerte la West Side Christmas Market, din parcul Drumul Taberei.\" \/>\n<meta property=\"og:url\" content=\"https:\/\/buletin.de\/bucuresti\/concerte-la-west-side-christmas-market-pentru-in-weekendul-12-14-decembrie\/\" \/>\n<meta property=\"og:site_name\" content=\"Buletin de Bucure\u0219ti\" \/>\n<meta property=\"article:publisher\" content=\"https:\/\/www.facebook.com\/buletin.de.buc\" \/>\n<meta property=\"article:published_time\" content=\"2025-12-10T18:17:04+00:00\" \/>\n<meta property=\"article:modified_time\" content=\"2025-12-10T18:23:43+00:00\" \/>\n<meta property=\"og:image\" content=\"https:\/\/buletin.de\/bucuresti\/wp-content\/uploads\/2025\/12\/598364994_1278731750951426_8986084666830475104_n-e1765365428254.jpg\" \/>\n\t<meta property=\"og:image:width\" content=\"1600\" \/>\n\t<meta property=\"og:image:height\" content=\"816\" \/>\n\t<meta property=\"og:image:type\" content=\"image\/jpeg\" \/>\n<meta name=\"author\" content=\"Andreea St\u0103n\u0103r\u00eeng\u0103\" \/>\n<meta name=\"twitter:card\" content=\"summary_large_image\" \/>\n<meta name=\"twitter:label1\" content=\"Written by\" \/>\n\t<meta name=\"twitter:data1\" content=\"Andreea St\u0103n\u0103r\u00eeng\u0103\" \/>\n\t<meta name=\"twitter:label2\" content=\"Estimated reading time\" \/>\n\t<meta name=\"twitter:data2\" content=\"2 minutes\" \/>\n<script type=\"application\/ld+json\" class=\"yoast-schema-graph\">{\"@context\":\"https:\\\/\\\/schema.org\",\"@graph\":[{\"@type\":\"Article\",\"@id\":\"https:\\\/\\\/buletin.de\\\/bucuresti\\\/concerte-la-west-side-christmas-market-pentru-in-weekendul-12-14-decembrie\\\/#article\",\"isPartOf\":{\"@id\":\"https:\\\/\\\/buletin.de\\\/bucuresti\\\/concerte-la-west-side-christmas-market-pentru-in-weekendul-12-14-decembrie\\\/\"},\"author\":{\"name\":\"Andreea St\u0103n\u0103r\u00eeng\u0103\",\"@id\":\"https:\\\/\\\/buletin.de\\\/bucuresti\\\/#\\\/schema\\\/person\\\/81421a46fb84a0887cfd2238f5202586\"},\"headline\":\"Concerte la West Side Christmas Market pentru \u00een weekendul 12-14 decembrie\",\"datePublished\":\"2025-12-10T18:17:04+00:00\",\"dateModified\":\"2025-12-10T18:23:43+00:00\",\"mainEntityOfPage\":{\"@id\":\"https:\\\/\\\/buletin.de\\\/bucuresti\\\/concerte-la-west-side-christmas-market-pentru-in-weekendul-12-14-decembrie\\\/\"},\"wordCount\":447,\"publisher\":{\"@id\":\"https:\\\/\\\/buletin.de\\\/bucuresti\\\/#organization\"},\"image\":{\"@id\":\"https:\\\/\\\/buletin.de\\\/bucuresti\\\/concerte-la-west-side-christmas-market-pentru-in-weekendul-12-14-decembrie\\\/#primaryimage\"},\"thumbnailUrl\":\"https:\\\/\\\/buletin.de\\\/bucuresti\\\/wp-content\\\/uploads\\\/2025\\\/12\\\/598364994_1278731750951426_8986084666830475104_n-e1765365428254.jpg\",\"keywords\":[\"Concerte\",\"parc drumul taberei\",\"Sector 6\",\"targ de craciun\",\"West Side Christmas Market\"],\"articleSection\":[\"Articole\",\"Prim\u0103rie\",\"\u0218tiri\"],\"inLanguage\":\"en-GB\",\"copyrightYear\":\"2025\",\"copyrightHolder\":{\"@id\":\"https:\\\/\\\/buletin.de\\\/bucuresti\\\/#organization\"}},{\"@type\":\"WebPage\",\"@id\":\"https:\\\/\\\/buletin.de\\\/bucuresti\\\/concerte-la-west-side-christmas-market-pentru-in-weekendul-12-14-decembrie\\\/\",\"url\":\"https:\\\/\\\/buletin.de\\\/bucuresti\\\/concerte-la-west-side-christmas-market-pentru-in-weekendul-12-14-decembrie\\\/\",\"name\":\"Concerte la West Side Christmas Market pentru \u00een weekendul 12-14 decembrie - Buletin de Bucure\u0219ti\",\"isPartOf\":{\"@id\":\"https:\\\/\\\/buletin.de\\\/bucuresti\\\/#website\"},\"primaryImageOfPage\":{\"@id\":\"https:\\\/\\\/buletin.de\\\/bucuresti\\\/concerte-la-west-side-christmas-market-pentru-in-weekendul-12-14-decembrie\\\/#primaryimage\"},\"image\":{\"@id\":\"https:\\\/\\\/buletin.de\\\/bucuresti\\\/concerte-la-west-side-christmas-market-pentru-in-weekendul-12-14-decembrie\\\/#primaryimage\"},\"thumbnailUrl\":\"https:\\\/\\\/buletin.de\\\/bucuresti\\\/wp-content\\\/uploads\\\/2025\\\/12\\\/598364994_1278731750951426_8986084666830475104_n-e1765365428254.jpg\",\"datePublished\":\"2025-12-10T18:17:04+00:00\",\"dateModified\":\"2025-12-10T18:23:43+00:00\",\"description\":\"\u00cen weekendul 12-14 decembrie, au loc mai multe concerte la West Side Christmas Market, din parcul Drumul Taberei.\",\"breadcrumb\":{\"@id\":\"https:\\\/\\\/buletin.de\\\/bucuresti\\\/concerte-la-west-side-christmas-market-pentru-in-weekendul-12-14-decembrie\\\/#breadcrumb\"},\"inLanguage\":\"en-GB\",\"potentialAction\":[{\"@type\":\"ReadAction\",\"target\":[\"https:\\\/\\\/buletin.de\\\/bucuresti\\\/concerte-la-west-side-christmas-market-pentru-in-weekendul-12-14-decembrie\\\/\"]}]},{\"@type\":\"ImageObject\",\"inLanguage\":\"en-GB\",\"@id\":\"https:\\\/\\\/buletin.de\\\/bucuresti\\\/concerte-la-west-side-christmas-market-pentru-in-weekendul-12-14-decembrie\\\/#primaryimage\",\"url\":\"https:\\\/\\\/buletin.de\\\/bucuresti\\\/wp-content\\\/uploads\\\/2025\\\/12\\\/598364994_1278731750951426_8986084666830475104_n-e1765365428254.jpg\",\"contentUrl\":\"https:\\\/\\\/buletin.de\\\/bucuresti\\\/wp-content\\\/uploads\\\/2025\\\/12\\\/598364994_1278731750951426_8986084666830475104_n-e1765365428254.jpg\",\"width\":1600,\"height\":816,\"caption\":\"Programul concertelor la West Side Christmas Market, pentru acest weekend. Foto: Facebook: PS6\"},{\"@type\":\"BreadcrumbList\",\"@id\":\"https:\\\/\\\/buletin.de\\\/bucuresti\\\/concerte-la-west-side-christmas-market-pentru-in-weekendul-12-14-decembrie\\\/#breadcrumb\",\"itemListElement\":[{\"@type\":\"ListItem\",\"position\":1,\"name\":\"Acas\u0103\",\"item\":\"https:\\\/\\\/buletin.de\\\/bucuresti\\\/\"},{\"@type\":\"ListItem\",\"position\":2,\"name\":\"Concerte la West Side Christmas Market pentru \u00een weekendul 12-14 decembrie\"}]},{\"@type\":\"WebSite\",\"@id\":\"https:\\\/\\\/buletin.de\\\/bucuresti\\\/#website\",\"url\":\"https:\\\/\\\/buletin.de\\\/bucuresti\\\/\",\"name\":\"Buletin de Bucure\u0219ti\",\"description\":\"\u0218tiri \u0219i investiga\u021bii esen\u021biale din capital\u0103\",\"publisher\":{\"@id\":\"https:\\\/\\\/buletin.de\\\/bucuresti\\\/#organization\"},\"potentialAction\":[{\"@type\":\"SearchAction\",\"target\":{\"@type\":\"EntryPoint\",\"urlTemplate\":\"https:\\\/\\\/buletin.de\\\/bucuresti\\\/?s={search_term_string}\"},\"query-input\":{\"@type\":\"PropertyValueSpecification\",\"valueRequired\":true,\"valueName\":\"search_term_string\"}}],\"inLanguage\":\"en-GB\"},{\"@type\":\"Organization\",\"@id\":\"https:\\\/\\\/buletin.de\\\/bucuresti\\\/#organization\",\"name\":\"Buletin de Bucure\u0219ti\",\"url\":\"https:\\\/\\\/buletin.de\\\/bucuresti\\\/\",\"logo\":{\"@type\":\"ImageObject\",\"inLanguage\":\"en-GB\",\"@id\":\"https:\\\/\\\/buletin.de\\\/bucuresti\\\/#\\\/schema\\\/logo\\\/image\\\/\",\"url\":\"https:\\\/\\\/buletin.de\\\/bucuresti\\\/wp-content\\\/uploads\\\/logo-bdb-full-wide-vernil-transparent.png\",\"contentUrl\":\"https:\\\/\\\/buletin.de\\\/bucuresti\\\/wp-content\\\/uploads\\\/logo-bdb-full-wide-vernil-transparent.png\",\"width\":1782,\"height\":626,\"caption\":\"Buletin de Bucure\u0219ti\"},\"image\":{\"@id\":\"https:\\\/\\\/buletin.de\\\/bucuresti\\\/#\\\/schema\\\/logo\\\/image\\\/\"},\"sameAs\":[\"https:\\\/\\\/www.facebook.com\\\/buletin.de.buc\",\"https:\\\/\\\/www.instagram.com\\\/buletinde.bucuresti\\\/\"]},{\"@type\":\"Person\",\"@id\":\"https:\\\/\\\/buletin.de\\\/bucuresti\\\/#\\\/schema\\\/person\\\/81421a46fb84a0887cfd2238f5202586\",\"name\":\"Andreea St\u0103n\u0103r\u00eeng\u0103\",\"image\":{\"@type\":\"ImageObject\",\"inLanguage\":\"en-GB\",\"@id\":\"https:\\\/\\\/secure.gravatar.com\\\/avatar\\\/dfa8d227a4388fad0f0bb03add04b5b176f4da34397dbb2eadc563b3d7162ce0?s=96&d=monsterid&r=g72784372b39ffe5a98a45288fe0d0e8a\",\"url\":\"https:\\\/\\\/secure.gravatar.com\\\/avatar\\\/dfa8d227a4388fad0f0bb03add04b5b176f4da34397dbb2eadc563b3d7162ce0?s=96&d=monsterid&r=g\",\"contentUrl\":\"https:\\\/\\\/secure.gravatar.com\\\/avatar\\\/dfa8d227a4388fad0f0bb03add04b5b176f4da34397dbb2eadc563b3d7162ce0?s=96&d=monsterid&r=g\",\"caption\":\"Andreea St\u0103n\u0103r\u00eeng\u0103\"},\"description\":\"Cu o experien\u021b\u0103 de peste 5 ani \u00een pres\u0103, face parte din echipa Buletin de Bucure\u0219ti din septembrie 2025. A colaborat cu c\u00e2teva publica\u021bii, printre care \u0219i Fanatik.ro, unde s-a ocupat de \u0219tiri de lifestyle \u0219i de actualitate. A f\u0103cut un pas c\u0103tre presa local\u0103 pentru a explora Bucure\u0219tiul \u0219i pove\u0219tile care merit\u0103 spuse.\",\"url\":\"https:\\\/\\\/buletin.de\\\/bucuresti\\\/author\\\/andreea-stanaranga\\\/\"}]}<\/script>\n<!-- \/ Yoast SEO Premium plugin. -->","yoast_head_json":{"title":"Concerte la West Side Christmas Market pentru \u00een weekendul 12-14 decembrie - Buletin de Bucure\u0219ti","description":"\u00cen weekendul 12-14 decembrie, au loc mai multe concerte la West Side Christmas Market, din parcul Drumul Taberei.","robots":{"index":"index","follow":"follow","max-snippet":"max-snippet:-1","max-image-preview":"max-image-preview:large","max-video-preview":"max-video-preview:-1"},"canonical":"https:\/\/buletin.de\/bucuresti\/concerte-la-west-side-christmas-market-pentru-in-weekendul-12-14-decembrie\/","og_locale":"en_GB","og_type":"article","og_title":"Concerte la West Side Christmas Market pentru \u00een weekendul 12-14 decembrie","og_description":"\u00cen weekendul 12-14 decembrie, au loc mai multe concerte la West Side Christmas Market, din parcul Drumul Taberei.","og_url":"https:\/\/buletin.de\/bucuresti\/concerte-la-west-side-christmas-market-pentru-in-weekendul-12-14-decembrie\/","og_site_name":"Buletin de Bucure\u0219ti","article_publisher":"https:\/\/www.facebook.com\/buletin.de.buc","article_published_time":"2025-12-10T18:17:04+00:00","article_modified_time":"2025-12-10T18:23:43+00:00","og_image":[{"width":1600,"height":816,"url":"https:\/\/buletin.de\/bucuresti\/wp-content\/uploads\/2025\/12\/598364994_1278731750951426_8986084666830475104_n-e1765365428254.jpg","type":"image\/jpeg"}],"author":"Andreea St\u0103n\u0103r\u00eeng\u0103","twitter_card":"summary_large_image","twitter_misc":{"Written by":"Andreea St\u0103n\u0103r\u00eeng\u0103","Estimated reading time":"2 minutes"},"schema":{"@context":"https:\/\/schema.org","@graph":[{"@type":"Article","@id":"https:\/\/buletin.de\/bucuresti\/concerte-la-west-side-christmas-market-pentru-in-weekendul-12-14-decembrie\/#article","isPartOf":{"@id":"https:\/\/buletin.de\/bucuresti\/concerte-la-west-side-christmas-market-pentru-in-weekendul-12-14-decembrie\/"},"author":{"name":"Andreea St\u0103n\u0103r\u00eeng\u0103","@id":"https:\/\/buletin.de\/bucuresti\/#\/schema\/person\/81421a46fb84a0887cfd2238f5202586"},"headline":"Concerte la West Side Christmas Market pentru \u00een weekendul 12-14 decembrie","datePublished":"2025-12-10T18:17:04+00:00","dateModified":"2025-12-10T18:23:43+00:00","mainEntityOfPage":{"@id":"https:\/\/buletin.de\/bucuresti\/concerte-la-west-side-christmas-market-pentru-in-weekendul-12-14-decembrie\/"},"wordCount":447,"publisher":{"@id":"https:\/\/buletin.de\/bucuresti\/#organization"},"image":{"@id":"https:\/\/buletin.de\/bucuresti\/concerte-la-west-side-christmas-market-pentru-in-weekendul-12-14-decembrie\/#primaryimage"},"thumbnailUrl":"https:\/\/buletin.de\/bucuresti\/wp-content\/uploads\/2025\/12\/598364994_1278731750951426_8986084666830475104_n-e1765365428254.jpg","keywords":["Concerte","parc drumul taberei","Sector 6","targ de craciun","West Side Christmas Market"],"articleSection":["Articole","Prim\u0103rie","\u0218tiri"],"inLanguage":"en-GB","copyrightYear":"2025","copyrightHolder":{"@id":"https:\/\/buletin.de\/bucuresti\/#organization"}},{"@type":"WebPage","@id":"https:\/\/buletin.de\/bucuresti\/concerte-la-west-side-christmas-market-pentru-in-weekendul-12-14-decembrie\/","url":"https:\/\/buletin.de\/bucuresti\/concerte-la-west-side-christmas-market-pentru-in-weekendul-12-14-decembrie\/","name":"Concerte la West Side Christmas Market pentru \u00een weekendul 12-14 decembrie - Buletin de Bucure\u0219ti","isPartOf":{"@id":"https:\/\/buletin.de\/bucuresti\/#website"},"primaryImageOfPage":{"@id":"https:\/\/buletin.de\/bucuresti\/concerte-la-west-side-christmas-market-pentru-in-weekendul-12-14-decembrie\/#primaryimage"},"image":{"@id":"https:\/\/buletin.de\/bucuresti\/concerte-la-west-side-christmas-market-pentru-in-weekendul-12-14-decembrie\/#primaryimage"},"thumbnailUrl":"https:\/\/buletin.de\/bucuresti\/wp-content\/uploads\/2025\/12\/598364994_1278731750951426_8986084666830475104_n-e1765365428254.jpg","datePublished":"2025-12-10T18:17:04+00:00","dateModified":"2025-12-10T18:23:43+00:00","description":"\u00cen weekendul 12-14 decembrie, au loc mai multe concerte la West Side Christmas Market, din parcul Drumul Taberei.","breadcrumb":{"@id":"https:\/\/buletin.de\/bucuresti\/concerte-la-west-side-christmas-market-pentru-in-weekendul-12-14-decembrie\/#breadcrumb"},"inLanguage":"en-GB","potentialAction":[{"@type":"ReadAction","target":["https:\/\/buletin.de\/bucuresti\/concerte-la-west-side-christmas-market-pentru-in-weekendul-12-14-decembrie\/"]}]},{"@type":"ImageObject","inLanguage":"en-GB","@id":"https:\/\/buletin.de\/bucuresti\/concerte-la-west-side-christmas-market-pentru-in-weekendul-12-14-decembrie\/#primaryimage","url":"https:\/\/buletin.de\/bucuresti\/wp-content\/uploads\/2025\/12\/598364994_1278731750951426_8986084666830475104_n-e1765365428254.jpg","contentUrl":"https:\/\/buletin.de\/bucuresti\/wp-content\/uploads\/2025\/12\/598364994_1278731750951426_8986084666830475104_n-e1765365428254.jpg","width":1600,"height":816,"caption":"Programul concertelor la West Side Christmas Market, pentru acest weekend. Foto: Facebook: PS6"},{"@type":"BreadcrumbList","@id":"https:\/\/buletin.de\/bucuresti\/concerte-la-west-side-christmas-market-pentru-in-weekendul-12-14-decembrie\/#breadcrumb","itemListElement":[{"@type":"ListItem","position":1,"name":"Acas\u0103","item":"https:\/\/buletin.de\/bucuresti\/"},{"@type":"ListItem","position":2,"name":"Concerte la West Side Christmas Market pentru \u00een weekendul 12-14 decembrie"}]},{"@type":"WebSite","@id":"https:\/\/buletin.de\/bucuresti\/#website","url":"https:\/\/buletin.de\/bucuresti\/","name":"Buletin de Bucure\u0219ti","description":"\u0218tiri \u0219i investiga\u021bii esen\u021biale din capital\u0103","publisher":{"@id":"https:\/\/buletin.de\/bucuresti\/#organization"},"potentialAction":[{"@type":"SearchAction","target":{"@type":"EntryPoint","urlTemplate":"https:\/\/buletin.de\/bucuresti\/?s={search_term_string}"},"query-input":{"@type":"PropertyValueSpecification","valueRequired":true,"valueName":"search_term_string"}}],"inLanguage":"en-GB"},{"@type":"Organization","@id":"https:\/\/buletin.de\/bucuresti\/#organization","name":"Buletin de Bucure\u0219ti","url":"https:\/\/buletin.de\/bucuresti\/","logo":{"@type":"ImageObject","inLanguage":"en-GB","@id":"https:\/\/buletin.de\/bucuresti\/#\/schema\/logo\/image\/","url":"https:\/\/buletin.de\/bucuresti\/wp-content\/uploads\/logo-bdb-full-wide-vernil-transparent.png","contentUrl":"https:\/\/buletin.de\/bucuresti\/wp-content\/uploads\/logo-bdb-full-wide-vernil-transparent.png","width":1782,"height":626,"caption":"Buletin de Bucure\u0219ti"},"image":{"@id":"https:\/\/buletin.de\/bucuresti\/#\/schema\/logo\/image\/"},"sameAs":["https:\/\/www.facebook.com\/buletin.de.buc","https:\/\/www.instagram.com\/buletinde.bucuresti\/"]},{"@type":"Person","@id":"https:\/\/buletin.de\/bucuresti\/#\/schema\/person\/81421a46fb84a0887cfd2238f5202586","name":"Andreea St\u0103n\u0103r\u00eeng\u0103","image":{"@type":"ImageObject","inLanguage":"en-GB","@id":"https:\/\/secure.gravatar.com\/avatar\/dfa8d227a4388fad0f0bb03add04b5b176f4da34397dbb2eadc563b3d7162ce0?s=96&d=monsterid&r=g72784372b39ffe5a98a45288fe0d0e8a","url":"https:\/\/secure.gravatar.com\/avatar\/dfa8d227a4388fad0f0bb03add04b5b176f4da34397dbb2eadc563b3d7162ce0?s=96&d=monsterid&r=g","contentUrl":"https:\/\/secure.gravatar.com\/avatar\/dfa8d227a4388fad0f0bb03add04b5b176f4da34397dbb2eadc563b3d7162ce0?s=96&d=monsterid&r=g","caption":"Andreea St\u0103n\u0103r\u00eeng\u0103"},"description":"Cu o experien\u021b\u0103 de peste 5 ani \u00een pres\u0103, face parte din echipa Buletin de Bucure\u0219ti din septembrie 2025. A colaborat cu c\u00e2teva publica\u021bii, printre care \u0219i Fanatik.ro, unde s-a ocupat de \u0219tiri de lifestyle \u0219i de actualitate. A f\u0103cut un pas c\u0103tre presa local\u0103 pentru a explora Bucure\u0219tiul \u0219i pove\u0219tile care merit\u0103 spuse.","url":"https:\/\/buletin.de\/bucuresti\/author\/andreea-stanaranga\/"}]}},"authors":[{"term_id":23912,"user_id":65,"is_guest":0,"slug":"andreea-stanaranga","display_name":"Andreea St\u0103n\u0103r\u00eeng\u0103","avatar_url":"https:\/\/secure.gravatar.com\/avatar\/dfa8d227a4388fad0f0bb03add04b5b176f4da34397dbb2eadc563b3d7162ce0?s=96&d=monsterid&r=g","0":null,"1":"","2":"","3":"","4":"","5":"","6":"","7":"","8":""}],"_links":{"self":[{"href":"https:\/\/buletin.de\/bucuresti\/wp-json\/wp\/v2\/posts\/161785","targetHints":{"allow":["GET"]}}],"collection":[{"href":"https:\/\/buletin.de\/bucuresti\/wp-json\/wp\/v2\/posts"}],"about":[{"href":"https:\/\/buletin.de\/bucuresti\/wp-json\/wp\/v2\/types\/post"}],"author":[{"embeddable":true,"href":"https:\/\/buletin.de\/bucuresti\/wp-json\/wp\/v2\/users\/65"}],"replies":[{"embeddable":true,"href":"https:\/\/buletin.de\/bucuresti\/wp-json\/wp\/v2\/comments?post=161785"}],"version-history":[{"count":5,"href":"https:\/\/buletin.de\/bucuresti\/wp-json\/wp\/v2\/posts\/161785\/revisions"}],"predecessor-version":[{"id":161874,"href":"https:\/\/buletin.de\/bucuresti\/wp-json\/wp\/v2\/posts\/161785\/revisions\/161874"}],"wp:featuredmedia":[{"embeddable":true,"href":"https:\/\/buletin.de\/bucuresti\/wp-json\/wp\/v2\/media\/161825"}],"wp:attachment":[{"href":"https:\/\/buletin.de\/bucuresti\/wp-json\/wp\/v2\/media?parent=161785"}],"wp:term":[{"taxonomy":"category","embeddable":true,"href":"https:\/\/buletin.de\/bucuresti\/wp-json\/wp\/v2\/categories?post=161785"},{"taxonomy":"post_tag","embeddable":true,"href":"https:\/\/buletin.de\/bucuresti\/wp-json\/wp\/v2\/tags?post=161785"},{"taxonomy":"author","embeddable":true,"href":"https:\/\/buletin.de\/bucuresti\/wp-json\/wp\/v2\/ppma_author?post=161785"}],"curies":[{"name":"wp","href":"https:\/\/api.w.org\/{rel}","templated":true}]}}