{"id":161783,"date":"2025-12-10T13:09:30","date_gmt":"2025-12-10T10:09:30","guid":{"rendered":"https:\/\/buletin.de\/bucuresti\/?p=161783"},"modified":"2025-12-10T13:09:31","modified_gmt":"2025-12-10T10:09:31","slug":"in-asteptarea-craciunului-ateliere-pentru-copii-la-muzeul-antipa","status":"publish","type":"post","link":"https:\/\/buletin.de\/bucuresti\/in-asteptarea-craciunului-ateliere-pentru-copii-la-muzeul-antipa\/","title":{"rendered":"\u201e\u00cen a\u0219teptarea Cr\u0103ciunului\u201d, ateliere pentru copii la Muzeul Antipa"},"content":{"rendered":"\n<p><strong>Muzeul Na\u021bional de Istorie Natural\u0103 \u201eGrigore Antipa\u201d\u00a0organizeaz\u0103 \u0219i anul acesta la atelierul creativ\u00a0\u201e\u00cen a\u0219teptarea Cr\u0103ciunului\u201d, edi\u021bia a V-a. Evenimentul are loc duminic\u0103, 21 decembrie 2025, \u00een\u00a0Sala Atelier, \u00eentre orele\u00a010:15 \u0219i 11:45.<\/strong><\/p>\n\n\n\n<p>Copiii vor experimenta materialele de lucru, vor combina forme \u0219i texturi, vor decupa, picta, t\u0103ia \u0219i lipi. Toate obiectele realizate \u00een timpul atelierului vor putea fi luate acas\u0103 la finalul atelierului \u201e\u00cen a\u0219teptarea Cr\u0103ciunului\u201d.<\/p>\n\n\n\n<p>Atelierul este destinat copiilor cu v\u00e2rste cuprinse \u00eentre\u00a0<strong>6 \u0219i 11 ani<\/strong>.<\/p>\n\n\n\n<p><strong>Taxa de participare:<\/strong><\/p>\n\n\n\n<ul class=\"wp-block-list\">\n<li><strong>80 lei\/participant;<\/strong><\/li>\n\n\n\n<li><strong>150 lei\/2 fra\u021bi.<\/strong><\/li>\n<\/ul>\n\n\n\n<p><strong>&nbsp;\u00censcrierea copiilor&nbsp;<\/strong>se face prin formularul&nbsp;<a href=\"https:\/\/antipa.ro\/rezervari\">https:\/\/antipa.ro\/rezervari<\/a>&nbsp;\u00een limita a 15 locuri\/grup\u0103.<\/p>\n\n\n\n<p>Dup\u0103 completarea formularului, participan\u021bii vor primi un email de confirmare a rezerv\u0103rii locului, iar apoi ve\u021bi putea achita taxa de participare prin\u00a0<a href=\"https:\/\/antipa.bilet.ro\/\">https:\/\/antipa.bilet.ro<\/a>\u00a0. Rezervarea locului se transmite doar dup\u0103 achitarea taxei de participare.<\/p>\n\n\n\n<p><strong>Pentru formarea unei grupe, la atelierul \u201e\u00cen a\u0219teptarea Cr\u0103ciunului\u201d<\/strong>,<strong>  este necesar un num\u0103r de minimum \u0219ase participan\u021bi.<\/strong><\/p>\n\n\n\n<p><strong>\u00a0CITE\u0218TE \u0218I:<\/strong> <a href=\"https:\/\/buletin.de\/bucuresti\/hannah-oneill-prim-balerina-etoile-la-opera-ganier-din-paris-va-dansa-la-sala-palatului-in-balanchines-legacy\/\"><strong>Hannah O\u2019Neill, prim-balerin\u0103 \u00c9toile la Opera Ganier din Paris, va dansa la Sala Palatului, \u00een \u201eBalanchine\u2019s Legacy\u201d<\/strong><\/a><\/p>\n\n\n\n<h2 class=\"wp-block-heading\" id=\"h-cine-trage-sania-mo\u0219ului-ateliere-pentru-copii-la-muzeul-antipa\">\u201eCine trage sania Mo\u0219ului\u201d, ateliere pentru copii, la Muzeul Antipa<\/h2>\n\n\n\n<p><strong>Muzeul Na\u021bional de Istorie Natural\u0103 \u201eGrigore Antipa\u201d&nbsp;invit\u0103 copiii s\u0103 descopere ce \u00eei face pe renii Mo\u0219ului at\u00e2t de speciali \u0219i ce secrete ascund \u00een spatele coarnelor maiestoase. Cei mici pot participa la atelierul de science&amp;craft \u201eCine trage sania Mo\u0219ului\u201d<\/strong>.<\/p>\n\n\n\n<p>Atelierul se desf\u0103\u0219oar\u0103 vineri, 19 decembrie 2025, \u00een Sala Atelier a&nbsp;<strong>Muzeului Antipa<\/strong>, \u00eentre orele 16:00 \u2013 17:30.<\/p>\n\n\n\n<p><strong><em>Renii s-au dovedit a fi ajutoare des\u0103v\u00e2r\u0219ite, at\u00e2t pentru Mo\u0219ul, c\u00e2t \u0219i pentru popoarele din \u021binuturile \u00eenghe\u021bate, \u00eenc\u0103 din cele mai vechi timpuri. Dedica\u021bi, loiali \u0219i bine dota\u021bi pentru a supravie\u021bui \u00een condi\u021bii extreme, trag s\u0103nii prin troiene, migreaz\u0103 \u00een turme \u00een c\u0103utare de hran\u0103 \u0219i sunt esen\u021biali pentru traiul localnicilor.<\/em><\/strong><\/p>\n\n\n\n<p>Atelierul de science&amp;craft va cuprinde o parte de no\u021biuni introductive, \u00een care copiii vor explora lumea renilor printr-o scurt\u0103 vizit\u0103 prin muzeu \u0219i vor afla curiozit\u0103\u021bi legate de stilul lor de via\u021b\u0103. Apoi, vor face un peisaj personalizat din Laponia \u0219i vor putea colora \u0219i decora propriul ren din lemn.<\/p>\n\n\n\n<p>Vor pleca acas\u0103 \u0219i cu o&nbsp;<strong>surpriz\u0103 special\u0103<\/strong>: un puzzle tematic de Cr\u0103ciun \u0219i un kit pentru realizarea unei felicit\u0103ri, \u00een relief.<\/p>\n\n\n\n<p><strong>CITE\u0218TE \u0218I:<\/strong><a href=\"https:\/\/buletin.de\/bucuresti\/concert-de-colinde-la-palatul-parlamentului\/\"><strong>&nbsp;Concert de colinde, la Palatul Parlamentului<\/strong><\/a><\/p>\n\n\n\n<h2 class=\"wp-block-heading\" id=\"h-cine-trage-sania-mo\u0219ului-atelier-la-muzeul-antipa\">\u201e<strong>Cine trage sania Mo\u0219ului?<\/strong>\u201d, atelier la Muzeul Antipa<\/h2>\n\n\n\n<p><strong>Grupa de v\u00e2rst\u0103:<\/strong><\/p>\n\n\n\n<p>La ateliere pot participa copiii cu v\u00e2rste \u00eentre 6 \u0219i 11 ani.<\/p>\n\n\n\n<p><strong>Taxa de participare:<\/strong><\/p>\n\n\n\n<ul class=\"wp-block-list\">\n<li>75 lei\/participant;<\/li>\n\n\n\n<li>130 lei\/doi fra\u021bi;<\/li>\n\n\n\n<li>190 lei\/trei fra\u021bi.<\/li>\n<\/ul>\n\n\n\n<p>\u00censcrierea copiilor&nbsp;se face prin formularul&nbsp;<a href=\"https:\/\/antipa.ro\/rezervari\/\">https:\/\/antipa.ro\/rezervari\/<\/a>&nbsp;\u00een limita locurilor disponibile. Dup\u0103 completarea formularului de rezervare, participan\u021bii vor un email de confirmare a rezerv\u0103rii locului, apoi se va putea achita taxa de participare prin&nbsp;<a href=\"https:\/\/antipa.bilet.ro\/\">https:\/\/antipa.bilet.ro\/<\/a>.<\/p>\n\n\n\n<p>Rezervarea locului se transmite doar dup\u0103 achitarea taxei de participare.<\/p>\n\n\n\n<p>Pentru formarea unei grupe, este necesar un num\u0103r de minimum&nbsp;<strong>\u0219ase participan\u021bi<\/strong>.<\/p>\n\n\n\n<p><strong>CITE\u0218TE \u0218I:<\/strong>&nbsp;<a href=\"https:\/\/buletin.de\/bucuresti\/invitatie-la-vals-la-teatrul-de-revista-constantin-tanase\/\"><strong>\u201eInvita\u0163ie la Vals\u201d, la Teatrul de Revist\u0103 Constantin T\u0103nase<\/strong><\/a><\/p>\n","protected":false},"excerpt":{"rendered":"<p>Muzeul Na\u021bional de Istorie Natural\u0103 \u201eGrigore Antipa\u201d\u00a0organizeaz\u0103 \u0219i anul acesta la atelierul creativ\u00a0\u201e\u00cen a\u0219teptarea Cr\u0103ciunului\u201d, edi\u021bia a V-a. Evenimentul are loc duminic\u0103, 21 decembrie 2025, \u00een\u00a0Sala Atelier, \u00eentre orele\u00a010:15 \u0219i 11:45. Copiii vor experimenta materialele de lucru, vor combina forme \u0219i texturi, vor decupa, picta, t\u0103ia \u0219i lipi. Toate obiectele realizate \u00een timpul atelierului vor [&hellip;]<\/p>\n","protected":false},"author":49,"featured_media":161797,"comment_status":"closed","ping_status":"open","sticky":false,"template":"","format":"standard","meta":{"_acf_changed":false,"inline_featured_image":false,"ngg_post_thumbnail":0,"footnotes":""},"categories":[6994,81,62],"tags":[25054,25055,1031],"ppma_author":[22574],"class_list":["post-161783","post","type-post","status-publish","format-standard","has-post-thumbnail","hentry","category-stiri-2","category-cultura","category-stiri","tag-in-asteptarea-craciunului","tag-atelier-pentru-copii","tag-muzeul-antipa"],"acf":[],"yoast_head":"<!-- This site is optimized with the Yoast SEO Premium plugin v25.3 (Yoast SEO v27.4) - https:\/\/yoast.com\/product\/yoast-seo-premium-wordpress\/ -->\n<title>\u201e\u00cen a\u0219teptarea Cr\u0103ciunului\u201d, ateliere pentru copii la Muzeul Antipa - Buletin de Bucure\u0219ti<\/title>\n<meta name=\"description\" content=\"Muzeul Na\u021bional de Istorie Natural\u0103 \u201eGrigore Antipa\u201d\u00a0organizeaz\u0103 \u0219i anul acesta la atelierul creativ\u00a0\u201e\u00cen a\u0219teptarea Cr\u0103ciunului\u201d.\" \/>\n<meta name=\"robots\" content=\"index, follow, max-snippet:-1, max-image-preview:large, max-video-preview:-1\" \/>\n<link rel=\"canonical\" href=\"https:\/\/buletin.de\/bucuresti\/in-asteptarea-craciunului-ateliere-pentru-copii-la-muzeul-antipa\/\" \/>\n<meta property=\"og:locale\" content=\"en_GB\" \/>\n<meta property=\"og:type\" content=\"article\" \/>\n<meta property=\"og:title\" content=\"\u201e\u00cen a\u0219teptarea Cr\u0103ciunului\u201d, ateliere pentru copii la Muzeul Antipa\" \/>\n<meta property=\"og:description\" content=\"Muzeul Na\u021bional de Istorie Natural\u0103 \u201eGrigore Antipa\u201d\u00a0organizeaz\u0103 \u0219i anul acesta la atelierul creativ\u00a0\u201e\u00cen a\u0219teptarea Cr\u0103ciunului\u201d.\" \/>\n<meta property=\"og:url\" content=\"https:\/\/buletin.de\/bucuresti\/in-asteptarea-craciunului-ateliere-pentru-copii-la-muzeul-antipa\/\" \/>\n<meta property=\"og:site_name\" content=\"Buletin de Bucure\u0219ti\" \/>\n<meta property=\"article:publisher\" content=\"https:\/\/www.facebook.com\/buletin.de.buc\" \/>\n<meta property=\"article:published_time\" content=\"2025-12-10T10:09:30+00:00\" \/>\n<meta property=\"article:modified_time\" content=\"2025-12-10T10:09:31+00:00\" \/>\n<meta property=\"og:image\" content=\"https:\/\/buletin.de\/bucuresti\/wp-content\/uploads\/2025\/12\/ID198564_INQUAM_Photos_Octav_Ganea-1600x1067-1.jpg\" \/>\n\t<meta property=\"og:image:width\" content=\"1600\" \/>\n\t<meta property=\"og:image:height\" content=\"1067\" \/>\n\t<meta property=\"og:image:type\" content=\"image\/jpeg\" \/>\n<meta name=\"author\" content=\"Diana Matei\" \/>\n<meta name=\"twitter:card\" content=\"summary_large_image\" \/>\n<meta name=\"twitter:label1\" content=\"Written by\" \/>\n\t<meta name=\"twitter:data1\" content=\"Diana Matei\" \/>\n\t<meta name=\"twitter:label2\" content=\"Estimated reading time\" \/>\n\t<meta name=\"twitter:data2\" content=\"3 minutes\" \/>\n<script type=\"application\/ld+json\" class=\"yoast-schema-graph\">{\"@context\":\"https:\\\/\\\/schema.org\",\"@graph\":[{\"@type\":\"Article\",\"@id\":\"https:\\\/\\\/buletin.de\\\/bucuresti\\\/in-asteptarea-craciunului-ateliere-pentru-copii-la-muzeul-antipa\\\/#article\",\"isPartOf\":{\"@id\":\"https:\\\/\\\/buletin.de\\\/bucuresti\\\/in-asteptarea-craciunului-ateliere-pentru-copii-la-muzeul-antipa\\\/\"},\"author\":{\"name\":\"Diana Matei\",\"@id\":\"https:\\\/\\\/buletin.de\\\/bucuresti\\\/#\\\/schema\\\/person\\\/7e46040573290777280a0835d81ea4ea\"},\"headline\":\"\u201e\u00cen a\u0219teptarea Cr\u0103ciunului\u201d, ateliere pentru copii la Muzeul Antipa\",\"datePublished\":\"2025-12-10T10:09:30+00:00\",\"dateModified\":\"2025-12-10T10:09:31+00:00\",\"mainEntityOfPage\":{\"@id\":\"https:\\\/\\\/buletin.de\\\/bucuresti\\\/in-asteptarea-craciunului-ateliere-pentru-copii-la-muzeul-antipa\\\/\"},\"wordCount\":554,\"publisher\":{\"@id\":\"https:\\\/\\\/buletin.de\\\/bucuresti\\\/#organization\"},\"image\":{\"@id\":\"https:\\\/\\\/buletin.de\\\/bucuresti\\\/in-asteptarea-craciunului-ateliere-pentru-copii-la-muzeul-antipa\\\/#primaryimage\"},\"thumbnailUrl\":\"https:\\\/\\\/buletin.de\\\/bucuresti\\\/wp-content\\\/uploads\\\/2025\\\/12\\\/ID198564_INQUAM_Photos_Octav_Ganea-1600x1067-1.jpg\",\"keywords\":[\"\u201e\u00cen a\u0219teptarea Cr\u0103ciunului\u201d\",\"atelier pentru copii\",\"muzeul antipa\"],\"articleSection\":[\"Articole\",\"Cultur\u0103\",\"\u0218tiri\"],\"inLanguage\":\"en-GB\",\"copyrightYear\":\"2025\",\"copyrightHolder\":{\"@id\":\"https:\\\/\\\/buletin.de\\\/bucuresti\\\/#organization\"}},{\"@type\":\"WebPage\",\"@id\":\"https:\\\/\\\/buletin.de\\\/bucuresti\\\/in-asteptarea-craciunului-ateliere-pentru-copii-la-muzeul-antipa\\\/\",\"url\":\"https:\\\/\\\/buletin.de\\\/bucuresti\\\/in-asteptarea-craciunului-ateliere-pentru-copii-la-muzeul-antipa\\\/\",\"name\":\"\u201e\u00cen a\u0219teptarea Cr\u0103ciunului\u201d, ateliere pentru copii la Muzeul Antipa - Buletin de Bucure\u0219ti\",\"isPartOf\":{\"@id\":\"https:\\\/\\\/buletin.de\\\/bucuresti\\\/#website\"},\"primaryImageOfPage\":{\"@id\":\"https:\\\/\\\/buletin.de\\\/bucuresti\\\/in-asteptarea-craciunului-ateliere-pentru-copii-la-muzeul-antipa\\\/#primaryimage\"},\"image\":{\"@id\":\"https:\\\/\\\/buletin.de\\\/bucuresti\\\/in-asteptarea-craciunului-ateliere-pentru-copii-la-muzeul-antipa\\\/#primaryimage\"},\"thumbnailUrl\":\"https:\\\/\\\/buletin.de\\\/bucuresti\\\/wp-content\\\/uploads\\\/2025\\\/12\\\/ID198564_INQUAM_Photos_Octav_Ganea-1600x1067-1.jpg\",\"datePublished\":\"2025-12-10T10:09:30+00:00\",\"dateModified\":\"2025-12-10T10:09:31+00:00\",\"description\":\"Muzeul Na\u021bional de Istorie Natural\u0103 \u201eGrigore Antipa\u201d\u00a0organizeaz\u0103 \u0219i anul acesta la atelierul creativ\u00a0\u201e\u00cen a\u0219teptarea Cr\u0103ciunului\u201d.\",\"breadcrumb\":{\"@id\":\"https:\\\/\\\/buletin.de\\\/bucuresti\\\/in-asteptarea-craciunului-ateliere-pentru-copii-la-muzeul-antipa\\\/#breadcrumb\"},\"inLanguage\":\"en-GB\",\"potentialAction\":[{\"@type\":\"ReadAction\",\"target\":[\"https:\\\/\\\/buletin.de\\\/bucuresti\\\/in-asteptarea-craciunului-ateliere-pentru-copii-la-muzeul-antipa\\\/\"]}]},{\"@type\":\"ImageObject\",\"inLanguage\":\"en-GB\",\"@id\":\"https:\\\/\\\/buletin.de\\\/bucuresti\\\/in-asteptarea-craciunului-ateliere-pentru-copii-la-muzeul-antipa\\\/#primaryimage\",\"url\":\"https:\\\/\\\/buletin.de\\\/bucuresti\\\/wp-content\\\/uploads\\\/2025\\\/12\\\/ID198564_INQUAM_Photos_Octav_Ganea-1600x1067-1.jpg\",\"contentUrl\":\"https:\\\/\\\/buletin.de\\\/bucuresti\\\/wp-content\\\/uploads\\\/2025\\\/12\\\/ID198564_INQUAM_Photos_Octav_Ganea-1600x1067-1.jpg\",\"width\":1600,\"height\":1067,\"caption\":\"\u201e\u00cen a\u0219teptarea Cr\u0103ciunului\u201d, ateliere pentru copii la Muzeul Antipa. FOTO: Arhiva\"},{\"@type\":\"BreadcrumbList\",\"@id\":\"https:\\\/\\\/buletin.de\\\/bucuresti\\\/in-asteptarea-craciunului-ateliere-pentru-copii-la-muzeul-antipa\\\/#breadcrumb\",\"itemListElement\":[{\"@type\":\"ListItem\",\"position\":1,\"name\":\"Acas\u0103\",\"item\":\"https:\\\/\\\/buletin.de\\\/bucuresti\\\/\"},{\"@type\":\"ListItem\",\"position\":2,\"name\":\"\u201e\u00cen a\u0219teptarea Cr\u0103ciunului\u201d, ateliere pentru copii la Muzeul Antipa\"}]},{\"@type\":\"WebSite\",\"@id\":\"https:\\\/\\\/buletin.de\\\/bucuresti\\\/#website\",\"url\":\"https:\\\/\\\/buletin.de\\\/bucuresti\\\/\",\"name\":\"Buletin de Bucure\u0219ti\",\"description\":\"\u0218tiri \u0219i investiga\u021bii esen\u021biale din capital\u0103\",\"publisher\":{\"@id\":\"https:\\\/\\\/buletin.de\\\/bucuresti\\\/#organization\"},\"potentialAction\":[{\"@type\":\"SearchAction\",\"target\":{\"@type\":\"EntryPoint\",\"urlTemplate\":\"https:\\\/\\\/buletin.de\\\/bucuresti\\\/?s={search_term_string}\"},\"query-input\":{\"@type\":\"PropertyValueSpecification\",\"valueRequired\":true,\"valueName\":\"search_term_string\"}}],\"inLanguage\":\"en-GB\"},{\"@type\":\"Organization\",\"@id\":\"https:\\\/\\\/buletin.de\\\/bucuresti\\\/#organization\",\"name\":\"Buletin de Bucure\u0219ti\",\"url\":\"https:\\\/\\\/buletin.de\\\/bucuresti\\\/\",\"logo\":{\"@type\":\"ImageObject\",\"inLanguage\":\"en-GB\",\"@id\":\"https:\\\/\\\/buletin.de\\\/bucuresti\\\/#\\\/schema\\\/logo\\\/image\\\/\",\"url\":\"https:\\\/\\\/buletin.de\\\/bucuresti\\\/wp-content\\\/uploads\\\/logo-bdb-full-wide-vernil-transparent.png\",\"contentUrl\":\"https:\\\/\\\/buletin.de\\\/bucuresti\\\/wp-content\\\/uploads\\\/logo-bdb-full-wide-vernil-transparent.png\",\"width\":1782,\"height\":626,\"caption\":\"Buletin de Bucure\u0219ti\"},\"image\":{\"@id\":\"https:\\\/\\\/buletin.de\\\/bucuresti\\\/#\\\/schema\\\/logo\\\/image\\\/\"},\"sameAs\":[\"https:\\\/\\\/www.facebook.com\\\/buletin.de.buc\",\"https:\\\/\\\/www.instagram.com\\\/buletinde.bucuresti\\\/\"]},{\"@type\":\"Person\",\"@id\":\"https:\\\/\\\/buletin.de\\\/bucuresti\\\/#\\\/schema\\\/person\\\/7e46040573290777280a0835d81ea4ea\",\"name\":\"Diana Matei\",\"image\":{\"@type\":\"ImageObject\",\"inLanguage\":\"en-GB\",\"@id\":\"https:\\\/\\\/buletin.de\\\/bucuresti\\\/wp-content\\\/uploads\\\/9-2-96x96.jpg1e8590b30871d70e62ebcdaf2eff570c\",\"url\":\"https:\\\/\\\/buletin.de\\\/bucuresti\\\/wp-content\\\/uploads\\\/9-2-96x96.jpg\",\"contentUrl\":\"https:\\\/\\\/buletin.de\\\/bucuresti\\\/wp-content\\\/uploads\\\/9-2-96x96.jpg\",\"caption\":\"Diana Matei\"},\"url\":\"https:\\\/\\\/buletin.de\\\/bucuresti\\\/author\\\/dianamatei\\\/\"}]}<\/script>\n<!-- \/ Yoast SEO Premium plugin. -->","yoast_head_json":{"title":"\u201e\u00cen a\u0219teptarea Cr\u0103ciunului\u201d, ateliere pentru copii la Muzeul Antipa - Buletin de Bucure\u0219ti","description":"Muzeul Na\u021bional de Istorie Natural\u0103 \u201eGrigore Antipa\u201d\u00a0organizeaz\u0103 \u0219i anul acesta la atelierul creativ\u00a0\u201e\u00cen a\u0219teptarea Cr\u0103ciunului\u201d.","robots":{"index":"index","follow":"follow","max-snippet":"max-snippet:-1","max-image-preview":"max-image-preview:large","max-video-preview":"max-video-preview:-1"},"canonical":"https:\/\/buletin.de\/bucuresti\/in-asteptarea-craciunului-ateliere-pentru-copii-la-muzeul-antipa\/","og_locale":"en_GB","og_type":"article","og_title":"\u201e\u00cen a\u0219teptarea Cr\u0103ciunului\u201d, ateliere pentru copii la Muzeul Antipa","og_description":"Muzeul Na\u021bional de Istorie Natural\u0103 \u201eGrigore Antipa\u201d\u00a0organizeaz\u0103 \u0219i anul acesta la atelierul creativ\u00a0\u201e\u00cen a\u0219teptarea Cr\u0103ciunului\u201d.","og_url":"https:\/\/buletin.de\/bucuresti\/in-asteptarea-craciunului-ateliere-pentru-copii-la-muzeul-antipa\/","og_site_name":"Buletin de Bucure\u0219ti","article_publisher":"https:\/\/www.facebook.com\/buletin.de.buc","article_published_time":"2025-12-10T10:09:30+00:00","article_modified_time":"2025-12-10T10:09:31+00:00","og_image":[{"width":1600,"height":1067,"url":"https:\/\/buletin.de\/bucuresti\/wp-content\/uploads\/2025\/12\/ID198564_INQUAM_Photos_Octav_Ganea-1600x1067-1.jpg","type":"image\/jpeg"}],"author":"Diana Matei","twitter_card":"summary_large_image","twitter_misc":{"Written by":"Diana Matei","Estimated reading time":"3 minutes"},"schema":{"@context":"https:\/\/schema.org","@graph":[{"@type":"Article","@id":"https:\/\/buletin.de\/bucuresti\/in-asteptarea-craciunului-ateliere-pentru-copii-la-muzeul-antipa\/#article","isPartOf":{"@id":"https:\/\/buletin.de\/bucuresti\/in-asteptarea-craciunului-ateliere-pentru-copii-la-muzeul-antipa\/"},"author":{"name":"Diana Matei","@id":"https:\/\/buletin.de\/bucuresti\/#\/schema\/person\/7e46040573290777280a0835d81ea4ea"},"headline":"\u201e\u00cen a\u0219teptarea Cr\u0103ciunului\u201d, ateliere pentru copii la Muzeul Antipa","datePublished":"2025-12-10T10:09:30+00:00","dateModified":"2025-12-10T10:09:31+00:00","mainEntityOfPage":{"@id":"https:\/\/buletin.de\/bucuresti\/in-asteptarea-craciunului-ateliere-pentru-copii-la-muzeul-antipa\/"},"wordCount":554,"publisher":{"@id":"https:\/\/buletin.de\/bucuresti\/#organization"},"image":{"@id":"https:\/\/buletin.de\/bucuresti\/in-asteptarea-craciunului-ateliere-pentru-copii-la-muzeul-antipa\/#primaryimage"},"thumbnailUrl":"https:\/\/buletin.de\/bucuresti\/wp-content\/uploads\/2025\/12\/ID198564_INQUAM_Photos_Octav_Ganea-1600x1067-1.jpg","keywords":["\u201e\u00cen a\u0219teptarea Cr\u0103ciunului\u201d","atelier pentru copii","muzeul antipa"],"articleSection":["Articole","Cultur\u0103","\u0218tiri"],"inLanguage":"en-GB","copyrightYear":"2025","copyrightHolder":{"@id":"https:\/\/buletin.de\/bucuresti\/#organization"}},{"@type":"WebPage","@id":"https:\/\/buletin.de\/bucuresti\/in-asteptarea-craciunului-ateliere-pentru-copii-la-muzeul-antipa\/","url":"https:\/\/buletin.de\/bucuresti\/in-asteptarea-craciunului-ateliere-pentru-copii-la-muzeul-antipa\/","name":"\u201e\u00cen a\u0219teptarea Cr\u0103ciunului\u201d, ateliere pentru copii la Muzeul Antipa - Buletin de Bucure\u0219ti","isPartOf":{"@id":"https:\/\/buletin.de\/bucuresti\/#website"},"primaryImageOfPage":{"@id":"https:\/\/buletin.de\/bucuresti\/in-asteptarea-craciunului-ateliere-pentru-copii-la-muzeul-antipa\/#primaryimage"},"image":{"@id":"https:\/\/buletin.de\/bucuresti\/in-asteptarea-craciunului-ateliere-pentru-copii-la-muzeul-antipa\/#primaryimage"},"thumbnailUrl":"https:\/\/buletin.de\/bucuresti\/wp-content\/uploads\/2025\/12\/ID198564_INQUAM_Photos_Octav_Ganea-1600x1067-1.jpg","datePublished":"2025-12-10T10:09:30+00:00","dateModified":"2025-12-10T10:09:31+00:00","description":"Muzeul Na\u021bional de Istorie Natural\u0103 \u201eGrigore Antipa\u201d\u00a0organizeaz\u0103 \u0219i anul acesta la atelierul creativ\u00a0\u201e\u00cen a\u0219teptarea Cr\u0103ciunului\u201d.","breadcrumb":{"@id":"https:\/\/buletin.de\/bucuresti\/in-asteptarea-craciunului-ateliere-pentru-copii-la-muzeul-antipa\/#breadcrumb"},"inLanguage":"en-GB","potentialAction":[{"@type":"ReadAction","target":["https:\/\/buletin.de\/bucuresti\/in-asteptarea-craciunului-ateliere-pentru-copii-la-muzeul-antipa\/"]}]},{"@type":"ImageObject","inLanguage":"en-GB","@id":"https:\/\/buletin.de\/bucuresti\/in-asteptarea-craciunului-ateliere-pentru-copii-la-muzeul-antipa\/#primaryimage","url":"https:\/\/buletin.de\/bucuresti\/wp-content\/uploads\/2025\/12\/ID198564_INQUAM_Photos_Octav_Ganea-1600x1067-1.jpg","contentUrl":"https:\/\/buletin.de\/bucuresti\/wp-content\/uploads\/2025\/12\/ID198564_INQUAM_Photos_Octav_Ganea-1600x1067-1.jpg","width":1600,"height":1067,"caption":"\u201e\u00cen a\u0219teptarea Cr\u0103ciunului\u201d, ateliere pentru copii la Muzeul Antipa. FOTO: Arhiva"},{"@type":"BreadcrumbList","@id":"https:\/\/buletin.de\/bucuresti\/in-asteptarea-craciunului-ateliere-pentru-copii-la-muzeul-antipa\/#breadcrumb","itemListElement":[{"@type":"ListItem","position":1,"name":"Acas\u0103","item":"https:\/\/buletin.de\/bucuresti\/"},{"@type":"ListItem","position":2,"name":"\u201e\u00cen a\u0219teptarea Cr\u0103ciunului\u201d, ateliere pentru copii la Muzeul Antipa"}]},{"@type":"WebSite","@id":"https:\/\/buletin.de\/bucuresti\/#website","url":"https:\/\/buletin.de\/bucuresti\/","name":"Buletin de Bucure\u0219ti","description":"\u0218tiri \u0219i investiga\u021bii esen\u021biale din capital\u0103","publisher":{"@id":"https:\/\/buletin.de\/bucuresti\/#organization"},"potentialAction":[{"@type":"SearchAction","target":{"@type":"EntryPoint","urlTemplate":"https:\/\/buletin.de\/bucuresti\/?s={search_term_string}"},"query-input":{"@type":"PropertyValueSpecification","valueRequired":true,"valueName":"search_term_string"}}],"inLanguage":"en-GB"},{"@type":"Organization","@id":"https:\/\/buletin.de\/bucuresti\/#organization","name":"Buletin de Bucure\u0219ti","url":"https:\/\/buletin.de\/bucuresti\/","logo":{"@type":"ImageObject","inLanguage":"en-GB","@id":"https:\/\/buletin.de\/bucuresti\/#\/schema\/logo\/image\/","url":"https:\/\/buletin.de\/bucuresti\/wp-content\/uploads\/logo-bdb-full-wide-vernil-transparent.png","contentUrl":"https:\/\/buletin.de\/bucuresti\/wp-content\/uploads\/logo-bdb-full-wide-vernil-transparent.png","width":1782,"height":626,"caption":"Buletin de Bucure\u0219ti"},"image":{"@id":"https:\/\/buletin.de\/bucuresti\/#\/schema\/logo\/image\/"},"sameAs":["https:\/\/www.facebook.com\/buletin.de.buc","https:\/\/www.instagram.com\/buletinde.bucuresti\/"]},{"@type":"Person","@id":"https:\/\/buletin.de\/bucuresti\/#\/schema\/person\/7e46040573290777280a0835d81ea4ea","name":"Diana Matei","image":{"@type":"ImageObject","inLanguage":"en-GB","@id":"https:\/\/buletin.de\/bucuresti\/wp-content\/uploads\/9-2-96x96.jpg1e8590b30871d70e62ebcdaf2eff570c","url":"https:\/\/buletin.de\/bucuresti\/wp-content\/uploads\/9-2-96x96.jpg","contentUrl":"https:\/\/buletin.de\/bucuresti\/wp-content\/uploads\/9-2-96x96.jpg","caption":"Diana Matei"},"url":"https:\/\/buletin.de\/bucuresti\/author\/dianamatei\/"}]}},"authors":[{"term_id":22574,"user_id":49,"is_guest":0,"slug":"dianamatei","display_name":"Diana Matei","avatar_url":"https:\/\/buletin.de\/bucuresti\/wp-content\/uploads\/9-2-96x96.jpg","0":null,"1":"","2":"","3":"","4":"","5":"","6":"","7":"","8":""}],"_links":{"self":[{"href":"https:\/\/buletin.de\/bucuresti\/wp-json\/wp\/v2\/posts\/161783","targetHints":{"allow":["GET"]}}],"collection":[{"href":"https:\/\/buletin.de\/bucuresti\/wp-json\/wp\/v2\/posts"}],"about":[{"href":"https:\/\/buletin.de\/bucuresti\/wp-json\/wp\/v2\/types\/post"}],"author":[{"embeddable":true,"href":"https:\/\/buletin.de\/bucuresti\/wp-json\/wp\/v2\/users\/49"}],"replies":[{"embeddable":true,"href":"https:\/\/buletin.de\/bucuresti\/wp-json\/wp\/v2\/comments?post=161783"}],"version-history":[{"count":1,"href":"https:\/\/buletin.de\/bucuresti\/wp-json\/wp\/v2\/posts\/161783\/revisions"}],"predecessor-version":[{"id":161796,"href":"https:\/\/buletin.de\/bucuresti\/wp-json\/wp\/v2\/posts\/161783\/revisions\/161796"}],"wp:featuredmedia":[{"embeddable":true,"href":"https:\/\/buletin.de\/bucuresti\/wp-json\/wp\/v2\/media\/161797"}],"wp:attachment":[{"href":"https:\/\/buletin.de\/bucuresti\/wp-json\/wp\/v2\/media?parent=161783"}],"wp:term":[{"taxonomy":"category","embeddable":true,"href":"https:\/\/buletin.de\/bucuresti\/wp-json\/wp\/v2\/categories?post=161783"},{"taxonomy":"post_tag","embeddable":true,"href":"https:\/\/buletin.de\/bucuresti\/wp-json\/wp\/v2\/tags?post=161783"},{"taxonomy":"author","embeddable":true,"href":"https:\/\/buletin.de\/bucuresti\/wp-json\/wp\/v2\/ppma_author?post=161783"}],"curies":[{"name":"wp","href":"https:\/\/api.w.org\/{rel}","templated":true}]}}