{"id":161778,"date":"2025-12-10T12:54:25","date_gmt":"2025-12-10T09:54:25","guid":{"rendered":"https:\/\/buletin.de\/bucuresti\/?p=161778"},"modified":"2025-12-10T23:03:58","modified_gmt":"2025-12-10T20:03:58","slug":"editorial-cine-i-a-salvat-de-fapt-pe-oprescu-vanghelie-si-popoviciu-justitia-este-capturata-dar-azi-nu-poate-fi-eliberata","status":"publish","type":"post","link":"https:\/\/buletin.de\/bucuresti\/editorial-cine-i-a-salvat-de-fapt-pe-oprescu-vanghelie-si-popoviciu-justitia-este-capturata-dar-azi-nu-poate-fi-eliberata\/","title":{"rendered":"EDITORIAL | Cine i-a salvat, de fapt, pe Oprescu, Vanghelie \u0219i Popoviciu. Justi\u021bia este capturat\u0103, dar azi nu poate fi eliberat\u0103"},"content":{"rendered":"\n<p><strong>Justi\u021bia este capturat\u0103, \u00eentr-adev\u0103r. Dar r\u0103ul porne\u0219te de la politic\u0103. Fostul primar al Capitalei Sorin Oprescu, Marian Vanghelie, baronul de la 5, sau Puiu Popoviciu, autorul celui mai mare tun imobiliar din Capital\u0103, au fost sc\u0103pa\u021bi de magistra\u021bi controversa\u021bi. \u00cen spatele lor se afl\u0103 politicieni vero\u0219i, colegi de partid cu cei trei infractori.<\/strong><\/p>\n\n\n\n<p>Dup\u0103 ce Dragnea a provocat proteste masive schimb\u00e2nd legea cu toporul, prin acea OUG 13, cei care i-au urmat au \u00een\u021beles c\u0103 trebuie s\u0103 foloseasc\u0103 bisturiul tehnicalit\u0103\u021bilor.<\/p>\n\n\n\n<p>Au tot t\u0103iat \u0219i ciop\u00e2r\u021bit legile justi\u021biei pe chestiuni mici, tehnice, greu de \u00een\u021beles de public, care oricum era prea obosit s\u0103 stea tot timpul cu ochii pe Parlament.<\/p>\n\n\n\n<p><strong>CITE\u0218TE \u0218I: <a href=\"https:\/\/buletin.de\/bucuresti\/schema-prin-care-a-fost-legalizat-cel-mai-mare-tun-imobiliar-din-istoria-capitalei-dosarul-lui-popoviciu-spalat-de-o-hidra-judiciara-recorder\/\" target=\"_blank\" rel=\"noreferrer noopener\">Schema prin care a fost legalizat cel mai mare tun imobiliar din istoria Capitalei: Dosarul lui Popoviciu, \u201esp\u0103lat\u201d de o hidr\u0103 judiciar\u0103 | Recorder<\/a><\/strong><\/p>\n\n\n\n<p><strong>De exemplu, \u00een chestiunea prescrierii. <\/strong>Toat\u0103 lumea \u00eenjur\u0103 CCR, dar de fapt vinova\u021bi sunt PSD \u0219i PNL, care au am\u00e2nat enorm de mult s\u0103 reglementeze ceea ce ceruser\u0103 din timp judec\u0103torii constitu\u021bionali, un simplu articol de lege, tocmai pentru a-\u0219i salva colegii de partid de \u00eenchisoare.<\/p>\n\n\n\n<p>Dragnea a creat Sec\u021bia Special\u0103, prin care corup\u021bia din justi\u021bie a disp\u0103rut magic, pe h\u00e2rtie. Dar Dragnea nu mai are putere din 2019.<\/p>\n\n\n\n<p><strong>Iohannis, Ciolacu, Ciuc\u0103, St\u0103nescu, Bode, Predoiu, Grindeanu \u0219i ceilal\u021bi nu au avut nici un interes s\u0103 revin\u0103 la starea de dinainte, c\u00e2nd DNA \u00eei ancheta pe magistra\u021bi, sau s\u0103 creeze o alt\u0103 structur\u0103 cu adev\u0103rat puternic\u0103.<\/strong><\/p>\n\n\n\n<p>Le-a convenit \u0219i lor s\u0103 protejeze corup\u021bia din sistem. Le-a convenit c\u0103 justi\u021bia este capturat\u0103.<\/p>\n\n\n\n<p>Era de notorietate printre cei care urm\u0103resc via\u021ba politic\u0103 c\u0103 lui Iohannis \u00eei era foarte team\u0103 s\u0103 nu fie anchetat \u0219i judecat, dup\u0103 ce nu mai are imunitate preziden\u021bial\u0103, pe chestiunea caselor. Prin urmare, a contribuit activ la scoaterea din\u021bilor anchetatorilor.<\/p>\n\n\n\n<p><strong>Iohannis a fost, de fapt, un Dragnea care a lucrat mai rafinat.<\/strong><\/p>\n\n\n\n<p><strong>Lia Savonea a achitat oameni deja condamna\u021bi (cazul <a href=\"https:\/\/buletin.de\/bucuresti\/puiu-popoviciu-condamnat-initial-la-7-ani-de-inchisoare-prin-decizie-definitiva-a-fost-achitat-definitiv-in-dosarul-baneasa\/\" target=\"_blank\" rel=\"noreferrer noopener\">Popoviciu<\/a>), a salvat uciga\u0219i (cazul <a href=\"https:\/\/buletin.de\/bucuresti\/mario-iorgulescu-condamnat-la-15-ani-si-8-luni-de-inchisoare-decizia-nu-este-definitiva\/\" target=\"_blank\" rel=\"noreferrer noopener\">Iorgulescu<\/a>), i-a ajutat s\u0103 ias\u0103 mai repede din \u00eenchisoare pe Remus Truic\u0103, Sebastian Vl\u0103descu, Nicolae B\u0103nicioiu.<\/strong><\/p>\n\n\n\n<p>\u00centr-un stat func\u021bional, ar fi pornit m\u0103car o anchet\u0103 cu privire la aceast\u0103 serie incredibil\u0103 de \u201ecoinciden\u021be\u201d. M\u0103 g\u00e2ndesc c\u0103 nimeni nu crede c\u0103 Lia Savonea este doar un spirit caritabil, care elibereaz\u0103 oamenii din \u00eenchisoare din pasiune.<\/p>\n\n\n\n<p>Sunt foarte mul\u021bi magistra\u021bi cinsti\u021bi \u00een justi\u021bie (a\u0219 spune c\u0103 majoritatea chiar). Dar frica le-a fost indus\u0103 profund \u00een oase, dup\u0103 ce unii dintre colegii lor au fost exclu\u0219i din magistratur\u0103 doar pentru c\u0103 au avut curajul s\u0103 critice.<\/p>\n\n\n\n<p><strong><a href=\"https:\/\/www.presshub.ro\/judecatoarele-panioglu-si-gulutanu-nu-se-intorc-deocamdata-la-sectia-penala-a-curtii-de-apel-bucuresti-377050\/\" target=\"_blank\" rel=\"noreferrer noopener\">Judec\u0103toarea Daniela Panioglu,<\/a> men\u021bionat\u0103 \u0219i \u00een<a href=\"https:\/\/recorder.ro\/documentar-recorder-justitie-capturata\/\"> documentarul Recorder<\/a>, a fost de cinci ori exclus\u0103 din magistratur\u0103, doar pentru c\u0103 \u0219i-a f\u0103cut meseria.<\/strong><\/p>\n\n\n\n<p>A\u021bi v\u0103zut ce a spus \u00een acea investiga\u021bie \u0219i judec\u0103torul Lauren\u021biu Be\u0219u: s-a g\u00e2ndit mult dac\u0103 s\u0103 ias\u0103 \u00een fa\u021b\u0103, pentru c\u0103 \u0219tie ce consecin\u021be pot urma pentru cariera lui.<\/p>\n\n\n\n<p><strong>\u0218i tot \u00een acea investiga\u021bie, dou\u0103 magistrate au vorbit ascuns, protejat, incognito. Ceea ce ne arat\u0103 c\u00e2t de mare este frica multor magistra\u021bi.<\/strong><\/p>\n\n\n\n<p>Sunt convins c\u0103 ar ie\u0219i mai mul\u021bi s\u0103 vorbeasc\u0103 dac\u0103 ar sim\u021bi c\u0103 exist\u0103 m\u0103car un semnal c\u0103 se poate schimba ceva. Iar acel semnal ar fi trebuit s\u0103 vin\u0103 din politic\u0103.<\/p>\n\n\n\n<p>Din p\u0103cate \u00eens\u0103, toate mesajele pe care le primim noi, ca societate, \u0219i ei, ca magistra\u021bi afla\u021bi sub presiuni enorme, este c\u0103 politicul nu vrea s\u0103 schimbe nimic acum.<\/p>\n\n\n\n<p><strong>Pre\u0219edintele Rom\u00e2niei, marea speran\u021b\u0103 de schimbare a naivilor care suntem, este galant cu Lia Savonea \u0219i \u00eei transmite pe fa\u021b\u0103 c\u0103 poate s\u0103-\u0219i continue opera de distrugere a justi\u021biei \u0219i eliberare a infractorilor.<\/strong><\/p>\n\n\n\n<p><strong>Nicu\u0219or Dan a fost, din p\u0103cate, capturat de sistem chiar mai repede dec\u00e2t Klaus Iohannis.<\/strong><\/p>\n\n\n\n<p>\u0218i nu e capabil nici m\u0103car la nivel de discurs s\u0103 dea acel semnal a\u0219teptat de partea cinstit\u0103 a societ\u0103\u021bii.<\/p>\n\n\n\n<p>Ilie Bolojan este doar un contabil pus pe t\u0103ieri, care nu vede \u0219i nu \u00een\u021belege &#8211; deocamdat\u0103 cel pu\u021bin &#8211; dincolo de excell-uri cu cifre. Problemele din justi\u021bie, \u00een afar\u0103 de chestiunea pensiilor speciale, \u00eel dep\u0103\u0219esc complet.<\/p>\n\n\n\n<p>Grindeanu? Doar nu a\u0219tept\u0103m reform\u0103 de la complicele OUG 13, omul care era expus \u00een zeghe, al\u0103turi de Drangea, la protestele din 2017?<\/p>\n\n\n\n<p><strong>Grindeanu este fa\u021ba din politic\u0103 a infractorilor din justi\u021bie, este marioneta pe care o p\u0103pu\u0219eaz\u0103 Lia Savonea dup\u0103 propria pl\u0103cere.<\/strong><\/p>\n\n\n\n<p>AUR, POT, SOS?<\/p>\n\n\n\n<p>Doar cei din USR mai sunt interesa\u021bi de tema justi\u021biei, dar \u0219i aici pare c\u0103 este tot mai marginal\u0103, fiind mai preocupa\u021bi s\u0103 supravie\u021buiasc\u0103 atacurilor \u00een valuri ale PSD \u0219i propriei incompeten\u021be politice.<\/p>\n\n\n\n<p><strong>Justi\u021bia este capturat\u0103, iar concluzia documentarului Recorder este, din punctul meu de vedere, foarte trist\u0103: speran\u021b\u0103 exist\u0103, dovad\u0103 cei care au vorbit, dar este foarte pl\u0103p\u00e2nd\u0103, c\u00e2t timp doar doi oameni au fost dispu\u0219i s\u0103 ias\u0103 la vedere (Lascu \u0219i Be\u0219u, Crin Bologa \u0219i Andreea Chi\u0219 sunt la pensie, nu risc\u0103 nimic), iar restul se ascund \u00een umbr\u0103.<\/strong><\/p>\n\n\n\n<p>Felicit\u0103ri celor de la Recorder c\u0103 au reu\u0219it s\u0103 aduc\u0103 aceste voci \u0219i s\u0103 prezinte problemele din justi\u021bie \u00eentr-un limbaj at\u00e2t de clar.<\/p>\n\n\n\n<p>PS: Vreau s\u0103 \u00eel men\u021bionez aici \u0219i pe jurnalistul <a href=\"https:\/\/www.facebook.com\/profile.php?id=100000436186260\" target=\"_blank\" rel=\"noreferrer noopener\">Virgil Burl\u0103,<\/a> unul dintre pu\u021binii jurnali\u0219ti care mai scrie \u00een detaliu despre cum este capturat\u0103 justi\u021bia. De altfel, o parte din materialul Recorder se bazeaz\u0103 \u0219i pe dezv\u0103luirile f\u0103cute de el.<\/p>\n\n\n\n<p><\/p>\n","protected":false},"excerpt":{"rendered":"<p>Justi\u021bia este capturat\u0103, \u00eentr-adev\u0103r. Dar r\u0103ul porne\u0219te de la politic\u0103. Fostul primar al Capitalei Sorin Oprescu, Marian Vanghelie, baronul de la 5, sau Puiu Popoviciu, autorul celui mai mare tun imobiliar din Capital\u0103, au fost sc\u0103pa\u021bi de magistra\u021bi controversa\u021bi. \u00cen spatele lor se afl\u0103 politicieni vero\u0219i, colegi de partid cu cei trei infractori. Dup\u0103 ce [&hellip;]<\/p>\n","protected":false},"author":60,"featured_media":161789,"comment_status":"closed","ping_status":"open","sticky":false,"template":"","format":"standard","meta":{"_acf_changed":false,"inline_featured_image":false,"ngg_post_thumbnail":0,"footnotes":""},"categories":[6994,41,5762],"tags":[25072,24521,25071,24864,25052,3321,1252],"ppma_author":[22582],"class_list":["post-161778","post","type-post","status-publish","format-standard","has-post-thumbnail","hentry","category-stiri-2","category-editorial","category-main","tag-justitia-capturata","tag-justitie","tag-lia-savonea","tag-oprescu","tag-popoviciu","tag-recorder","tag-vanghelie"],"acf":[],"yoast_head":"<!-- This site is optimized with the Yoast SEO Premium plugin v25.3 (Yoast SEO v27.4) - https:\/\/yoast.com\/product\/yoast-seo-premium-wordpress\/ -->\n<title>EDITORIAL | Cine i-a salvat, de fapt, pe Oprescu, Vanghelie \u0219i Popoviciu. Justi\u021bia este capturat\u0103, dar azi nu poate fi eliberat\u0103 - Buletin de Bucure\u0219ti<\/title>\n<meta name=\"description\" content=\"Justi\u021bia este capturat\u0103, \u00eentr-adev\u0103r. Dar r\u0103ul porne\u0219te de la politic\u0103. Politicienii au schimbat legile \u0219i au pus botni\u021b\u0103 magistra\u021bilor.\" \/>\n<meta name=\"robots\" content=\"index, follow, max-snippet:-1, max-image-preview:large, max-video-preview:-1\" \/>\n<link rel=\"canonical\" href=\"https:\/\/buletin.de\/bucuresti\/editorial-cine-i-a-salvat-de-fapt-pe-oprescu-vanghelie-si-popoviciu-justitia-este-capturata-dar-azi-nu-poate-fi-eliberata\/\" \/>\n<meta property=\"og:locale\" content=\"en_GB\" \/>\n<meta property=\"og:type\" content=\"article\" \/>\n<meta property=\"og:title\" content=\"EDITORIAL | Cine i-a salvat, de fapt, pe Oprescu, Vanghelie \u0219i Popoviciu. Justi\u021bia este capturat\u0103, dar azi nu poate fi eliberat\u0103\" \/>\n<meta property=\"og:description\" content=\"Justi\u021bia este capturat\u0103, \u00eentr-adev\u0103r. Dar r\u0103ul porne\u0219te de la politic\u0103. Politicienii au schimbat legile \u0219i au pus botni\u021b\u0103 magistra\u021bilor.\" \/>\n<meta property=\"og:url\" content=\"https:\/\/buletin.de\/bucuresti\/editorial-cine-i-a-salvat-de-fapt-pe-oprescu-vanghelie-si-popoviciu-justitia-este-capturata-dar-azi-nu-poate-fi-eliberata\/\" \/>\n<meta property=\"og:site_name\" content=\"Buletin de Bucure\u0219ti\" \/>\n<meta property=\"article:publisher\" content=\"https:\/\/www.facebook.com\/buletin.de.buc\" \/>\n<meta property=\"article:published_time\" content=\"2025-12-10T09:54:25+00:00\" \/>\n<meta property=\"article:modified_time\" content=\"2025-12-10T20:03:58+00:00\" \/>\n<meta property=\"og:image\" content=\"https:\/\/buletin.de\/bucuresti\/wp-content\/uploads\/2025\/12\/justitiecapturata_INQUAM_Photos_Attila_Szabo.jpg\" \/>\n\t<meta property=\"og:image:width\" content=\"1200\" \/>\n\t<meta property=\"og:image:height\" content=\"800\" \/>\n\t<meta property=\"og:image:type\" content=\"image\/jpeg\" \/>\n<meta name=\"author\" content=\"R\u0103zvan Chiru\u021b\u0103\" \/>\n<meta name=\"twitter:card\" content=\"summary_large_image\" \/>\n<meta name=\"twitter:label1\" content=\"Written by\" \/>\n\t<meta name=\"twitter:data1\" content=\"R\u0103zvan Chiru\u021b\u0103\" \/>\n\t<meta name=\"twitter:label2\" content=\"Estimated reading time\" \/>\n\t<meta name=\"twitter:data2\" content=\"4 minutes\" \/>\n<script type=\"application\/ld+json\" class=\"yoast-schema-graph\">{\"@context\":\"https:\\\/\\\/schema.org\",\"@graph\":[{\"@type\":\"Article\",\"@id\":\"https:\\\/\\\/buletin.de\\\/bucuresti\\\/editorial-cine-i-a-salvat-de-fapt-pe-oprescu-vanghelie-si-popoviciu-justitia-este-capturata-dar-azi-nu-poate-fi-eliberata\\\/#article\",\"isPartOf\":{\"@id\":\"https:\\\/\\\/buletin.de\\\/bucuresti\\\/editorial-cine-i-a-salvat-de-fapt-pe-oprescu-vanghelie-si-popoviciu-justitia-este-capturata-dar-azi-nu-poate-fi-eliberata\\\/\"},\"author\":{\"name\":\"R\u0103zvan Chiru\u021b\u0103\",\"@id\":\"https:\\\/\\\/buletin.de\\\/bucuresti\\\/#\\\/schema\\\/person\\\/a76df728dfc913795a9d90e346b253bb\"},\"headline\":\"EDITORIAL | Cine i-a salvat, de fapt, pe Oprescu, Vanghelie \u0219i Popoviciu. Justi\u021bia este capturat\u0103, dar azi nu poate fi eliberat\u0103\",\"datePublished\":\"2025-12-10T09:54:25+00:00\",\"dateModified\":\"2025-12-10T20:03:58+00:00\",\"mainEntityOfPage\":{\"@id\":\"https:\\\/\\\/buletin.de\\\/bucuresti\\\/editorial-cine-i-a-salvat-de-fapt-pe-oprescu-vanghelie-si-popoviciu-justitia-este-capturata-dar-azi-nu-poate-fi-eliberata\\\/\"},\"wordCount\":989,\"publisher\":{\"@id\":\"https:\\\/\\\/buletin.de\\\/bucuresti\\\/#organization\"},\"image\":{\"@id\":\"https:\\\/\\\/buletin.de\\\/bucuresti\\\/editorial-cine-i-a-salvat-de-fapt-pe-oprescu-vanghelie-si-popoviciu-justitia-este-capturata-dar-azi-nu-poate-fi-eliberata\\\/#primaryimage\"},\"thumbnailUrl\":\"https:\\\/\\\/buletin.de\\\/bucuresti\\\/wp-content\\\/uploads\\\/2025\\\/12\\\/justitiecapturata_INQUAM_Photos_Attila_Szabo.jpg\",\"keywords\":[\"justitia capturata\",\"justi\u021bie\",\"lia savonea\",\"oprescu\",\"popoviciu\",\"recorder\",\"vanghelie\"],\"articleSection\":[\"Articole\",\"Editorial\",\"Main\"],\"inLanguage\":\"en-GB\",\"copyrightYear\":\"2025\",\"copyrightHolder\":{\"@id\":\"https:\\\/\\\/buletin.de\\\/bucuresti\\\/#organization\"}},{\"@type\":\"WebPage\",\"@id\":\"https:\\\/\\\/buletin.de\\\/bucuresti\\\/editorial-cine-i-a-salvat-de-fapt-pe-oprescu-vanghelie-si-popoviciu-justitia-este-capturata-dar-azi-nu-poate-fi-eliberata\\\/\",\"url\":\"https:\\\/\\\/buletin.de\\\/bucuresti\\\/editorial-cine-i-a-salvat-de-fapt-pe-oprescu-vanghelie-si-popoviciu-justitia-este-capturata-dar-azi-nu-poate-fi-eliberata\\\/\",\"name\":\"EDITORIAL | Cine i-a salvat, de fapt, pe Oprescu, Vanghelie \u0219i Popoviciu. Justi\u021bia este capturat\u0103, dar azi nu poate fi eliberat\u0103 - Buletin de Bucure\u0219ti\",\"isPartOf\":{\"@id\":\"https:\\\/\\\/buletin.de\\\/bucuresti\\\/#website\"},\"primaryImageOfPage\":{\"@id\":\"https:\\\/\\\/buletin.de\\\/bucuresti\\\/editorial-cine-i-a-salvat-de-fapt-pe-oprescu-vanghelie-si-popoviciu-justitia-este-capturata-dar-azi-nu-poate-fi-eliberata\\\/#primaryimage\"},\"image\":{\"@id\":\"https:\\\/\\\/buletin.de\\\/bucuresti\\\/editorial-cine-i-a-salvat-de-fapt-pe-oprescu-vanghelie-si-popoviciu-justitia-este-capturata-dar-azi-nu-poate-fi-eliberata\\\/#primaryimage\"},\"thumbnailUrl\":\"https:\\\/\\\/buletin.de\\\/bucuresti\\\/wp-content\\\/uploads\\\/2025\\\/12\\\/justitiecapturata_INQUAM_Photos_Attila_Szabo.jpg\",\"datePublished\":\"2025-12-10T09:54:25+00:00\",\"dateModified\":\"2025-12-10T20:03:58+00:00\",\"description\":\"Justi\u021bia este capturat\u0103, \u00eentr-adev\u0103r. Dar r\u0103ul porne\u0219te de la politic\u0103. Politicienii au schimbat legile \u0219i au pus botni\u021b\u0103 magistra\u021bilor.\",\"breadcrumb\":{\"@id\":\"https:\\\/\\\/buletin.de\\\/bucuresti\\\/editorial-cine-i-a-salvat-de-fapt-pe-oprescu-vanghelie-si-popoviciu-justitia-este-capturata-dar-azi-nu-poate-fi-eliberata\\\/#breadcrumb\"},\"inLanguage\":\"en-GB\",\"potentialAction\":[{\"@type\":\"ReadAction\",\"target\":[\"https:\\\/\\\/buletin.de\\\/bucuresti\\\/editorial-cine-i-a-salvat-de-fapt-pe-oprescu-vanghelie-si-popoviciu-justitia-este-capturata-dar-azi-nu-poate-fi-eliberata\\\/\"]}]},{\"@type\":\"ImageObject\",\"inLanguage\":\"en-GB\",\"@id\":\"https:\\\/\\\/buletin.de\\\/bucuresti\\\/editorial-cine-i-a-salvat-de-fapt-pe-oprescu-vanghelie-si-popoviciu-justitia-este-capturata-dar-azi-nu-poate-fi-eliberata\\\/#primaryimage\",\"url\":\"https:\\\/\\\/buletin.de\\\/bucuresti\\\/wp-content\\\/uploads\\\/2025\\\/12\\\/justitiecapturata_INQUAM_Photos_Attila_Szabo.jpg\",\"contentUrl\":\"https:\\\/\\\/buletin.de\\\/bucuresti\\\/wp-content\\\/uploads\\\/2025\\\/12\\\/justitiecapturata_INQUAM_Photos_Attila_Szabo.jpg\",\"width\":1200,\"height\":800,\"caption\":\"Foto: Inquam Photos \\\/ Attila Szabo\"},{\"@type\":\"BreadcrumbList\",\"@id\":\"https:\\\/\\\/buletin.de\\\/bucuresti\\\/editorial-cine-i-a-salvat-de-fapt-pe-oprescu-vanghelie-si-popoviciu-justitia-este-capturata-dar-azi-nu-poate-fi-eliberata\\\/#breadcrumb\",\"itemListElement\":[{\"@type\":\"ListItem\",\"position\":1,\"name\":\"Acas\u0103\",\"item\":\"https:\\\/\\\/buletin.de\\\/bucuresti\\\/\"},{\"@type\":\"ListItem\",\"position\":2,\"name\":\"EDITORIAL | Cine i-a salvat, de fapt, pe Oprescu, Vanghelie \u0219i Popoviciu. Justi\u021bia este capturat\u0103, dar azi nu poate fi eliberat\u0103\"}]},{\"@type\":\"WebSite\",\"@id\":\"https:\\\/\\\/buletin.de\\\/bucuresti\\\/#website\",\"url\":\"https:\\\/\\\/buletin.de\\\/bucuresti\\\/\",\"name\":\"Buletin de Bucure\u0219ti\",\"description\":\"\u0218tiri \u0219i investiga\u021bii esen\u021biale din capital\u0103\",\"publisher\":{\"@id\":\"https:\\\/\\\/buletin.de\\\/bucuresti\\\/#organization\"},\"potentialAction\":[{\"@type\":\"SearchAction\",\"target\":{\"@type\":\"EntryPoint\",\"urlTemplate\":\"https:\\\/\\\/buletin.de\\\/bucuresti\\\/?s={search_term_string}\"},\"query-input\":{\"@type\":\"PropertyValueSpecification\",\"valueRequired\":true,\"valueName\":\"search_term_string\"}}],\"inLanguage\":\"en-GB\"},{\"@type\":\"Organization\",\"@id\":\"https:\\\/\\\/buletin.de\\\/bucuresti\\\/#organization\",\"name\":\"Buletin de Bucure\u0219ti\",\"url\":\"https:\\\/\\\/buletin.de\\\/bucuresti\\\/\",\"logo\":{\"@type\":\"ImageObject\",\"inLanguage\":\"en-GB\",\"@id\":\"https:\\\/\\\/buletin.de\\\/bucuresti\\\/#\\\/schema\\\/logo\\\/image\\\/\",\"url\":\"https:\\\/\\\/buletin.de\\\/bucuresti\\\/wp-content\\\/uploads\\\/logo-bdb-full-wide-vernil-transparent.png\",\"contentUrl\":\"https:\\\/\\\/buletin.de\\\/bucuresti\\\/wp-content\\\/uploads\\\/logo-bdb-full-wide-vernil-transparent.png\",\"width\":1782,\"height\":626,\"caption\":\"Buletin de Bucure\u0219ti\"},\"image\":{\"@id\":\"https:\\\/\\\/buletin.de\\\/bucuresti\\\/#\\\/schema\\\/logo\\\/image\\\/\"},\"sameAs\":[\"https:\\\/\\\/www.facebook.com\\\/buletin.de.buc\",\"https:\\\/\\\/www.instagram.com\\\/buletinde.bucuresti\\\/\"]},{\"@type\":\"Person\",\"@id\":\"https:\\\/\\\/buletin.de\\\/bucuresti\\\/#\\\/schema\\\/person\\\/a76df728dfc913795a9d90e346b253bb\",\"name\":\"R\u0103zvan Chiru\u021b\u0103\",\"image\":{\"@type\":\"ImageObject\",\"inLanguage\":\"en-GB\",\"@id\":\"https:\\\/\\\/buletin.de\\\/bucuresti\\\/wp-content\\\/uploads\\\/Razvan-Chiruta-96x96.jpge7143b996fd4241fbd6ee1f6b6b7b267\",\"url\":\"https:\\\/\\\/buletin.de\\\/bucuresti\\\/wp-content\\\/uploads\\\/Razvan-Chiruta-96x96.jpg\",\"contentUrl\":\"https:\\\/\\\/buletin.de\\\/bucuresti\\\/wp-content\\\/uploads\\\/Razvan-Chiruta-96x96.jpg\",\"caption\":\"R\u0103zvan Chiru\u021b\u0103\"},\"description\":\"R\u0103zvan Chiru\u021b\u0103 este redactor-\u0219ef adjunct din iulie 2024. A fost redactor-\u0219ef al PRESShub \u00eentre 2022 \u0219i iunie 2024. Anterior, a fost redactor-\u0219ef al Newsweek Rom\u00e2nia, din 2018 p\u00e2n\u0103 \u00een 2021, \u0219i al cotidianului Rom\u00e2nia liber\u0103, \u00eentre 2015 \u0219i 2017. Este absolvent de Jurnalism, \u00een cadrul Universit\u0103\u021bii \u201eAl.I.Cuza\u201d din Ia\u0219i, \u0219i a urmat un master \u00een Managementul institu\u021biilor mass-media (f\u0103r\u0103 diserta\u021bie) la Facultatea de Jurnalism \u0219i \u0218tiin\u021bele Comunic\u0103rii din cadrul Universit\u0103\u021bii din Bucure\u0219ti. \u0218i-a \u00eenceput cariera la Opinia studen\u021beasc\u0103, cunoscuta \u0219coal\u0103 de pres\u0103 din Ia\u0219i. A lucrat \u00een presa local\u0103, apoi a devenit corespondent pentru Ia\u0219i al cotidianului Evenimentul Zilei. Din 2004, a coordonat pentru \u0219ase luni sec\u021bia de coresponden\u021bi a Evenimentului Zilei. A mai lucrat la s\u0103pt\u0103m\u00e2nalul Prezent \u0219i a colaborat cu revistele Dilema Veche \u0219i Suplimentul de Cultur\u0103. Este co-autor \u00een volumele \u201eMass-media \u0219i democra\u021bia \u00een Rom\u00e2nia post-comunist\u0103\u201d (ed. a II-a), Ed. Institutul European, Ia\u0219i, 2013, \u0219i \u201eCOVID - 19. Dimensiuni ale gestionarii pandemiei\u201d, Editura Junimea, Ia\u0219i, 2020.\",\"url\":\"https:\\\/\\\/buletin.de\\\/bucuresti\\\/author\\\/razvan-chiruta\\\/\"}]}<\/script>\n<!-- \/ Yoast SEO Premium plugin. -->","yoast_head_json":{"title":"EDITORIAL | Cine i-a salvat, de fapt, pe Oprescu, Vanghelie \u0219i Popoviciu. Justi\u021bia este capturat\u0103, dar azi nu poate fi eliberat\u0103 - Buletin de Bucure\u0219ti","description":"Justi\u021bia este capturat\u0103, \u00eentr-adev\u0103r. Dar r\u0103ul porne\u0219te de la politic\u0103. Politicienii au schimbat legile \u0219i au pus botni\u021b\u0103 magistra\u021bilor.","robots":{"index":"index","follow":"follow","max-snippet":"max-snippet:-1","max-image-preview":"max-image-preview:large","max-video-preview":"max-video-preview:-1"},"canonical":"https:\/\/buletin.de\/bucuresti\/editorial-cine-i-a-salvat-de-fapt-pe-oprescu-vanghelie-si-popoviciu-justitia-este-capturata-dar-azi-nu-poate-fi-eliberata\/","og_locale":"en_GB","og_type":"article","og_title":"EDITORIAL | Cine i-a salvat, de fapt, pe Oprescu, Vanghelie \u0219i Popoviciu. Justi\u021bia este capturat\u0103, dar azi nu poate fi eliberat\u0103","og_description":"Justi\u021bia este capturat\u0103, \u00eentr-adev\u0103r. Dar r\u0103ul porne\u0219te de la politic\u0103. Politicienii au schimbat legile \u0219i au pus botni\u021b\u0103 magistra\u021bilor.","og_url":"https:\/\/buletin.de\/bucuresti\/editorial-cine-i-a-salvat-de-fapt-pe-oprescu-vanghelie-si-popoviciu-justitia-este-capturata-dar-azi-nu-poate-fi-eliberata\/","og_site_name":"Buletin de Bucure\u0219ti","article_publisher":"https:\/\/www.facebook.com\/buletin.de.buc","article_published_time":"2025-12-10T09:54:25+00:00","article_modified_time":"2025-12-10T20:03:58+00:00","og_image":[{"width":1200,"height":800,"url":"https:\/\/buletin.de\/bucuresti\/wp-content\/uploads\/2025\/12\/justitiecapturata_INQUAM_Photos_Attila_Szabo.jpg","type":"image\/jpeg"}],"author":"R\u0103zvan Chiru\u021b\u0103","twitter_card":"summary_large_image","twitter_misc":{"Written by":"R\u0103zvan Chiru\u021b\u0103","Estimated reading time":"4 minutes"},"schema":{"@context":"https:\/\/schema.org","@graph":[{"@type":"Article","@id":"https:\/\/buletin.de\/bucuresti\/editorial-cine-i-a-salvat-de-fapt-pe-oprescu-vanghelie-si-popoviciu-justitia-este-capturata-dar-azi-nu-poate-fi-eliberata\/#article","isPartOf":{"@id":"https:\/\/buletin.de\/bucuresti\/editorial-cine-i-a-salvat-de-fapt-pe-oprescu-vanghelie-si-popoviciu-justitia-este-capturata-dar-azi-nu-poate-fi-eliberata\/"},"author":{"name":"R\u0103zvan Chiru\u021b\u0103","@id":"https:\/\/buletin.de\/bucuresti\/#\/schema\/person\/a76df728dfc913795a9d90e346b253bb"},"headline":"EDITORIAL | Cine i-a salvat, de fapt, pe Oprescu, Vanghelie \u0219i Popoviciu. Justi\u021bia este capturat\u0103, dar azi nu poate fi eliberat\u0103","datePublished":"2025-12-10T09:54:25+00:00","dateModified":"2025-12-10T20:03:58+00:00","mainEntityOfPage":{"@id":"https:\/\/buletin.de\/bucuresti\/editorial-cine-i-a-salvat-de-fapt-pe-oprescu-vanghelie-si-popoviciu-justitia-este-capturata-dar-azi-nu-poate-fi-eliberata\/"},"wordCount":989,"publisher":{"@id":"https:\/\/buletin.de\/bucuresti\/#organization"},"image":{"@id":"https:\/\/buletin.de\/bucuresti\/editorial-cine-i-a-salvat-de-fapt-pe-oprescu-vanghelie-si-popoviciu-justitia-este-capturata-dar-azi-nu-poate-fi-eliberata\/#primaryimage"},"thumbnailUrl":"https:\/\/buletin.de\/bucuresti\/wp-content\/uploads\/2025\/12\/justitiecapturata_INQUAM_Photos_Attila_Szabo.jpg","keywords":["justitia capturata","justi\u021bie","lia savonea","oprescu","popoviciu","recorder","vanghelie"],"articleSection":["Articole","Editorial","Main"],"inLanguage":"en-GB","copyrightYear":"2025","copyrightHolder":{"@id":"https:\/\/buletin.de\/bucuresti\/#organization"}},{"@type":"WebPage","@id":"https:\/\/buletin.de\/bucuresti\/editorial-cine-i-a-salvat-de-fapt-pe-oprescu-vanghelie-si-popoviciu-justitia-este-capturata-dar-azi-nu-poate-fi-eliberata\/","url":"https:\/\/buletin.de\/bucuresti\/editorial-cine-i-a-salvat-de-fapt-pe-oprescu-vanghelie-si-popoviciu-justitia-este-capturata-dar-azi-nu-poate-fi-eliberata\/","name":"EDITORIAL | Cine i-a salvat, de fapt, pe Oprescu, Vanghelie \u0219i Popoviciu. Justi\u021bia este capturat\u0103, dar azi nu poate fi eliberat\u0103 - Buletin de Bucure\u0219ti","isPartOf":{"@id":"https:\/\/buletin.de\/bucuresti\/#website"},"primaryImageOfPage":{"@id":"https:\/\/buletin.de\/bucuresti\/editorial-cine-i-a-salvat-de-fapt-pe-oprescu-vanghelie-si-popoviciu-justitia-este-capturata-dar-azi-nu-poate-fi-eliberata\/#primaryimage"},"image":{"@id":"https:\/\/buletin.de\/bucuresti\/editorial-cine-i-a-salvat-de-fapt-pe-oprescu-vanghelie-si-popoviciu-justitia-este-capturata-dar-azi-nu-poate-fi-eliberata\/#primaryimage"},"thumbnailUrl":"https:\/\/buletin.de\/bucuresti\/wp-content\/uploads\/2025\/12\/justitiecapturata_INQUAM_Photos_Attila_Szabo.jpg","datePublished":"2025-12-10T09:54:25+00:00","dateModified":"2025-12-10T20:03:58+00:00","description":"Justi\u021bia este capturat\u0103, \u00eentr-adev\u0103r. Dar r\u0103ul porne\u0219te de la politic\u0103. Politicienii au schimbat legile \u0219i au pus botni\u021b\u0103 magistra\u021bilor.","breadcrumb":{"@id":"https:\/\/buletin.de\/bucuresti\/editorial-cine-i-a-salvat-de-fapt-pe-oprescu-vanghelie-si-popoviciu-justitia-este-capturata-dar-azi-nu-poate-fi-eliberata\/#breadcrumb"},"inLanguage":"en-GB","potentialAction":[{"@type":"ReadAction","target":["https:\/\/buletin.de\/bucuresti\/editorial-cine-i-a-salvat-de-fapt-pe-oprescu-vanghelie-si-popoviciu-justitia-este-capturata-dar-azi-nu-poate-fi-eliberata\/"]}]},{"@type":"ImageObject","inLanguage":"en-GB","@id":"https:\/\/buletin.de\/bucuresti\/editorial-cine-i-a-salvat-de-fapt-pe-oprescu-vanghelie-si-popoviciu-justitia-este-capturata-dar-azi-nu-poate-fi-eliberata\/#primaryimage","url":"https:\/\/buletin.de\/bucuresti\/wp-content\/uploads\/2025\/12\/justitiecapturata_INQUAM_Photos_Attila_Szabo.jpg","contentUrl":"https:\/\/buletin.de\/bucuresti\/wp-content\/uploads\/2025\/12\/justitiecapturata_INQUAM_Photos_Attila_Szabo.jpg","width":1200,"height":800,"caption":"Foto: Inquam Photos \/ Attila Szabo"},{"@type":"BreadcrumbList","@id":"https:\/\/buletin.de\/bucuresti\/editorial-cine-i-a-salvat-de-fapt-pe-oprescu-vanghelie-si-popoviciu-justitia-este-capturata-dar-azi-nu-poate-fi-eliberata\/#breadcrumb","itemListElement":[{"@type":"ListItem","position":1,"name":"Acas\u0103","item":"https:\/\/buletin.de\/bucuresti\/"},{"@type":"ListItem","position":2,"name":"EDITORIAL | Cine i-a salvat, de fapt, pe Oprescu, Vanghelie \u0219i Popoviciu. Justi\u021bia este capturat\u0103, dar azi nu poate fi eliberat\u0103"}]},{"@type":"WebSite","@id":"https:\/\/buletin.de\/bucuresti\/#website","url":"https:\/\/buletin.de\/bucuresti\/","name":"Buletin de Bucure\u0219ti","description":"\u0218tiri \u0219i investiga\u021bii esen\u021biale din capital\u0103","publisher":{"@id":"https:\/\/buletin.de\/bucuresti\/#organization"},"potentialAction":[{"@type":"SearchAction","target":{"@type":"EntryPoint","urlTemplate":"https:\/\/buletin.de\/bucuresti\/?s={search_term_string}"},"query-input":{"@type":"PropertyValueSpecification","valueRequired":true,"valueName":"search_term_string"}}],"inLanguage":"en-GB"},{"@type":"Organization","@id":"https:\/\/buletin.de\/bucuresti\/#organization","name":"Buletin de Bucure\u0219ti","url":"https:\/\/buletin.de\/bucuresti\/","logo":{"@type":"ImageObject","inLanguage":"en-GB","@id":"https:\/\/buletin.de\/bucuresti\/#\/schema\/logo\/image\/","url":"https:\/\/buletin.de\/bucuresti\/wp-content\/uploads\/logo-bdb-full-wide-vernil-transparent.png","contentUrl":"https:\/\/buletin.de\/bucuresti\/wp-content\/uploads\/logo-bdb-full-wide-vernil-transparent.png","width":1782,"height":626,"caption":"Buletin de Bucure\u0219ti"},"image":{"@id":"https:\/\/buletin.de\/bucuresti\/#\/schema\/logo\/image\/"},"sameAs":["https:\/\/www.facebook.com\/buletin.de.buc","https:\/\/www.instagram.com\/buletinde.bucuresti\/"]},{"@type":"Person","@id":"https:\/\/buletin.de\/bucuresti\/#\/schema\/person\/a76df728dfc913795a9d90e346b253bb","name":"R\u0103zvan Chiru\u021b\u0103","image":{"@type":"ImageObject","inLanguage":"en-GB","@id":"https:\/\/buletin.de\/bucuresti\/wp-content\/uploads\/Razvan-Chiruta-96x96.jpge7143b996fd4241fbd6ee1f6b6b7b267","url":"https:\/\/buletin.de\/bucuresti\/wp-content\/uploads\/Razvan-Chiruta-96x96.jpg","contentUrl":"https:\/\/buletin.de\/bucuresti\/wp-content\/uploads\/Razvan-Chiruta-96x96.jpg","caption":"R\u0103zvan Chiru\u021b\u0103"},"description":"R\u0103zvan Chiru\u021b\u0103 este redactor-\u0219ef adjunct din iulie 2024. A fost redactor-\u0219ef al PRESShub \u00eentre 2022 \u0219i iunie 2024. Anterior, a fost redactor-\u0219ef al Newsweek Rom\u00e2nia, din 2018 p\u00e2n\u0103 \u00een 2021, \u0219i al cotidianului Rom\u00e2nia liber\u0103, \u00eentre 2015 \u0219i 2017. Este absolvent de Jurnalism, \u00een cadrul Universit\u0103\u021bii \u201eAl.I.Cuza\u201d din Ia\u0219i, \u0219i a urmat un master \u00een Managementul institu\u021biilor mass-media (f\u0103r\u0103 diserta\u021bie) la Facultatea de Jurnalism \u0219i \u0218tiin\u021bele Comunic\u0103rii din cadrul Universit\u0103\u021bii din Bucure\u0219ti. \u0218i-a \u00eenceput cariera la Opinia studen\u021beasc\u0103, cunoscuta \u0219coal\u0103 de pres\u0103 din Ia\u0219i. A lucrat \u00een presa local\u0103, apoi a devenit corespondent pentru Ia\u0219i al cotidianului Evenimentul Zilei. Din 2004, a coordonat pentru \u0219ase luni sec\u021bia de coresponden\u021bi a Evenimentului Zilei. A mai lucrat la s\u0103pt\u0103m\u00e2nalul Prezent \u0219i a colaborat cu revistele Dilema Veche \u0219i Suplimentul de Cultur\u0103. Este co-autor \u00een volumele \u201eMass-media \u0219i democra\u021bia \u00een Rom\u00e2nia post-comunist\u0103\u201d (ed. a II-a), Ed. Institutul European, Ia\u0219i, 2013, \u0219i \u201eCOVID - 19. Dimensiuni ale gestionarii pandemiei\u201d, Editura Junimea, Ia\u0219i, 2020.","url":"https:\/\/buletin.de\/bucuresti\/author\/razvan-chiruta\/"}]}},"authors":[{"term_id":22582,"user_id":60,"is_guest":0,"slug":"razvan-chiruta","display_name":"R\u0103zvan Chiru\u021b\u0103","avatar_url":"https:\/\/buletin.de\/bucuresti\/wp-content\/uploads\/Razvan-Chiruta-96x96.jpg","0":null,"1":"","2":"","3":"","4":"","5":"","6":"","7":"","8":""}],"_links":{"self":[{"href":"https:\/\/buletin.de\/bucuresti\/wp-json\/wp\/v2\/posts\/161778","targetHints":{"allow":["GET"]}}],"collection":[{"href":"https:\/\/buletin.de\/bucuresti\/wp-json\/wp\/v2\/posts"}],"about":[{"href":"https:\/\/buletin.de\/bucuresti\/wp-json\/wp\/v2\/types\/post"}],"author":[{"embeddable":true,"href":"https:\/\/buletin.de\/bucuresti\/wp-json\/wp\/v2\/users\/60"}],"replies":[{"embeddable":true,"href":"https:\/\/buletin.de\/bucuresti\/wp-json\/wp\/v2\/comments?post=161778"}],"version-history":[{"count":10,"href":"https:\/\/buletin.de\/bucuresti\/wp-json\/wp\/v2\/posts\/161778\/revisions"}],"predecessor-version":[{"id":161903,"href":"https:\/\/buletin.de\/bucuresti\/wp-json\/wp\/v2\/posts\/161778\/revisions\/161903"}],"wp:featuredmedia":[{"embeddable":true,"href":"https:\/\/buletin.de\/bucuresti\/wp-json\/wp\/v2\/media\/161789"}],"wp:attachment":[{"href":"https:\/\/buletin.de\/bucuresti\/wp-json\/wp\/v2\/media?parent=161778"}],"wp:term":[{"taxonomy":"category","embeddable":true,"href":"https:\/\/buletin.de\/bucuresti\/wp-json\/wp\/v2\/categories?post=161778"},{"taxonomy":"post_tag","embeddable":true,"href":"https:\/\/buletin.de\/bucuresti\/wp-json\/wp\/v2\/tags?post=161778"},{"taxonomy":"author","embeddable":true,"href":"https:\/\/buletin.de\/bucuresti\/wp-json\/wp\/v2\/ppma_author?post=161778"}],"curies":[{"name":"wp","href":"https:\/\/api.w.org\/{rel}","templated":true}]}}