{"id":161758,"date":"2025-12-10T14:46:30","date_gmt":"2025-12-10T11:46:30","guid":{"rendered":"https:\/\/buletin.de\/bucuresti\/?p=161758"},"modified":"2025-12-10T14:46:31","modified_gmt":"2025-12-10T11:46:31","slug":"programul-targului-de-craciun-bucuresti-din-piata-constitutiei-pentru-weekendul-12-14-decembrie","status":"publish","type":"post","link":"https:\/\/buletin.de\/bucuresti\/programul-targului-de-craciun-bucuresti-din-piata-constitutiei-pentru-weekendul-12-14-decembrie\/","title":{"rendered":"Programul T\u00e2rgului de Cr\u0103ciun Bucure\u0219ti, din Pia\u021ba Constitu\u021biei, pentru weekendul 12 &#8211; 14 decembrie"},"content":{"rendered":"\n<p><strong>Programul T\u00e2rgului de Cr\u0103ciun Bucure\u0219ti, din Pia\u021ba Constitu\u021biei, pentru weekendul 12 &#8211; 14 decembrie, include concerte live sus\u021binute de mai mul\u021bi arti\u0219ti cunoscu\u021bi, \u00een afar\u0103 de atrac\u021biile existente deja pentru vizitatori. <\/strong><\/p>\n\n\n\n<p><a href=\"https:\/\/buletin.de\/bucuresti\/targul-de-craciun-din-piata-constitutiei-se-deschide-sambata-care-sunt-atractiile-principale\/\" target=\"_blank\" rel=\"noreferrer noopener\">T\u00e2rgul de Cr\u0103ciun din Pia\u021ba Constitu\u021biei<\/a>, organizat de Prim\u0103ria Capitalei prin <a href=\"https:\/\/www.creart.ro\/\" target=\"_blank\" rel=\"noreferrer noopener\">CREART<\/a>, s-a deschis pe 29 noiembrie, iar bucure\u0219tenii \u0219i turi\u0219tii \u00eel vor putea vizita p\u00e2n\u0103 pe <strong>28 decembrie<\/strong>, inclusiv \u00een zilele de Cr\u0103ciun. Intrarea este liber\u0103. <\/p>\n\n\n\n<p>Printre atrac\u021biile t\u00e2rgului se num\u0103r\u0103 roata panoramic\u0103, c\u0103su\u021bele tradi\u021bionale, Casa lui Mo\u0219 Cr\u0103ciun \u0219i ateliere destinate tuturor vizitatorilor. <\/p>\n\n\n\n<h2 class=\"wp-block-heading\" id=\"h-programul-targului-de-craciun-bucure\u0219ti-din-acest-weekend\">Programul T\u00e2rgului de Cr\u0103ciun Bucure\u0219ti, din acest weekend <\/h2>\n\n\n\n<p>\u00cen dimine\u021bile de s\u00e2mb\u0103t\u0103 \u0219i duminic\u0103, pe scen\u0103 vor avea loc spectacole de teatru pentru cei mici. De vineri p\u00e2n\u0103 duminic\u0103, \u00een fiecare sear\u0103, vor fi g\u0103zduite concerte live. <\/p>\n\n\n\n<h5 class=\"wp-block-heading\" id=\"h-vineri-12-decembrie\">Vineri, 12 decembrie <\/h5>\n\n\n\n<p><strong>Zona tradi\u021bional\u0103 <\/strong><\/p>\n\n\n\n<ul class=\"wp-block-list\">\n<li><strong>18:30 &#8211; 19:00: <\/strong>Ansamblul de datini \u0219i obiceiuri \u201eMo\u0219oaiele\u201d din Luncavi\u021ba, jud. Tulcea; <\/li>\n\n\n\n<li><strong>19:00 &#8211; 19:30:<\/strong> Ansamblul de datini \u0219i obiceiuri \u201eCos\u0103ul\u201d, jud. Maramure\u0219; <\/li>\n\n\n\n<li><strong>19:30 &#8211; 20:15:<\/strong> Spectacolul \u201eIat\u0103 vin colind\u0103tori\u201d, sus\u021binut de Ansamblul Folcloric Profesionist \u201eCindrelul\u201d &#8211; Junii Sibiului\u201d \u0219i Ansamblul Folcloric \u201eCeata Junilor\u201d cu soli\u0219tii: Alina Bic\u0103, Ana Duminic\u0103, Andreea Vulcu, Traian Stoi\u021b\u0103 \u0219i Grupul \u201eAnghelos\u201d, Andreea Haisan, Gabriel Dumitru;<\/li>\n\n\n\n<li><strong>20:15 &#8211; 21:00:<\/strong> Alifantis &amp; Zan;<\/li>\n\n\n\n<li><strong>21:00 &#8211; 22:00:<\/strong> \u0218tefan Hru\u0219c\u0103. <\/li>\n<\/ul>\n\n\n\n<p><strong>Zona urban\u0103<\/strong><\/p>\n\n\n\n<ul class=\"wp-block-list\">\n<li><strong>16:00 &#8211; 19:00:<\/strong> DJ Mircea Matei <\/li>\n<\/ul>\n\n\n\n<h5 class=\"wp-block-heading\" id=\"h-sambata-13-decembrie\">S\u00e2mb\u0103t\u0103, 13 decembrie<\/h5>\n\n\n\n<p><strong>Zona tradi\u021bional\u0103<\/strong><\/p>\n\n\n\n<ul class=\"wp-block-list\">\n<li><strong>12:00 &#8211; 13:00:<\/strong> Spectacol de teatru pentru copii \u201eAlert\u0103 \u00een Laponia\u201d al Teatrului \u201eIon Creang\u0103\u201d; <\/li>\n\n\n\n<li><strong>17:00 &#8211; 17:40:<\/strong> Piticii lu&#8217; Soreasca;<\/li>\n\n\n\n<li><strong>19:00 &#8211; 20:00:<\/strong> Far Away From Earth; <\/li>\n\n\n\n<li><strong>20:00 &#8211; 21:00: <\/strong>Vunk; <\/li>\n\n\n\n<li><strong>21:00 &#8211; 22:00: <\/strong>Iris: Cristi Minculescu, Valter &amp; Boro. <\/li>\n<\/ul>\n\n\n\n<p><strong>Zona urban\u0103<\/strong><\/p>\n\n\n\n<ul class=\"wp-block-list\">\n<li><strong>16:00 &#8211; 19:00:<\/strong> DJ Mircea Matei. <\/li>\n<\/ul>\n\n\n\n<h5 class=\"wp-block-heading\" id=\"h-duminica-14-decembrie\">Duminic\u0103, 14 decembrie<\/h5>\n\n\n\n<p><strong>Zona tradi\u021bional\u0103<\/strong><\/p>\n\n\n\n<ul class=\"wp-block-list\">\n<li><strong>12:00 &#8211; 13:00:<\/strong> Spectacol de teatru pentru copii \u201eFreestyle Puppetry\u201d, Teatrul \u201e\u021a\u0103nd\u0103ric\u0103\u201d: <\/li>\n\n\n\n<li><strong>18:30 &#8211; 19:00: <\/strong>Xmas Classics by Daniel Laz\u0103r &amp; Ioana Uruc; <\/li>\n\n\n\n<li><strong>19:00 &#8211; 19:50:<\/strong> Jo;<\/li>\n\n\n\n<li><strong>19:50 &#8211; 20:00: <\/strong>Invitat special Iulia V\u00e2ntur, \u201eColinde, corinde\u201d; <\/li>\n\n\n\n<li><strong>20:00 &#8211; 21:00: <\/strong>Bere Gratis; <\/li>\n\n\n\n<li><strong>21:00 &#8211; 22:00: <\/strong>Voltaj. <\/li>\n<\/ul>\n\n\n\n<p><strong>Zona urban\u0103<\/strong><\/p>\n\n\n\n<ul class=\"wp-block-list\">\n<li><strong>16:00 &#8211; 19:00:<\/strong> DJ Mircea Matei. <\/li>\n<\/ul>\n\n\n\n<p>CITE\u0218TE \u0218I <a href=\"https:\/\/buletin.de\/bucuresti\/primaria-sectorului-2-vrea-sa-infiinteze-consiliul-local-al-tinerilor-buget-de-aproape-65-000-euro-pentru-patru-ani\/\" target=\"_blank\" rel=\"noreferrer noopener\">Prim\u0103ria Sectorului 2 vrea s\u0103 \u00eenfiin\u021beze \u201eConsiliul Local al Tinerilor\u201d. Buget de aproape 65.000 euro pentru patru ani<\/a><\/p>\n","protected":false},"excerpt":{"rendered":"<p>Programul T\u00e2rgului de Cr\u0103ciun Bucure\u0219ti, din Pia\u021ba Constitu\u021biei, pentru weekendul 12 &#8211; 14 decembrie, include concerte live sus\u021binute de mai mul\u021bi arti\u0219ti cunoscu\u021bi, \u00een afar\u0103 de atrac\u021biile existente deja pentru vizitatori. T\u00e2rgul de Cr\u0103ciun din Pia\u021ba Constitu\u021biei, organizat de Prim\u0103ria Capitalei prin CREART, s-a deschis pe 29 noiembrie, iar bucure\u0219tenii \u0219i turi\u0219tii \u00eel vor putea [&hellip;]<\/p>\n","protected":false},"author":65,"featured_media":161780,"comment_status":"closed","ping_status":"open","sticky":false,"template":"","format":"standard","meta":{"_acf_changed":false,"inline_featured_image":false,"ngg_post_thumbnail":0,"footnotes":""},"categories":[6994,24,62],"tags":[4847,2663,16798,416],"ppma_author":[23912],"class_list":["post-161758","post","type-post","status-publish","format-standard","has-post-thumbnail","hentry","category-stiri-2","category-primarie","category-stiri","tag-concerte","tag-piata-constitutiei","tag-program-targ-de-craciun","tag-targul-de-craciun"],"acf":[],"yoast_head":"<!-- This site is optimized with the Yoast SEO Premium plugin v25.3 (Yoast SEO v27.4) - https:\/\/yoast.com\/product\/yoast-seo-premium-wordpress\/ -->\n<title>Programul T\u00e2rgului de Cr\u0103ciun Bucure\u0219ti, din Pia\u021ba Constitu\u021biei, pentru weekendul 12 - 14 decembrie - Buletin de Bucure\u0219ti<\/title>\n<meta name=\"description\" content=\"Programul T\u00e2rgului de Cr\u0103ciun Bucure\u0219ti, din Pia\u021ba Constitu\u021biei, pentru weekendul 12 - 14 decembrie, include concerte live.\" \/>\n<meta name=\"robots\" content=\"index, follow, max-snippet:-1, max-image-preview:large, max-video-preview:-1\" \/>\n<link rel=\"canonical\" href=\"https:\/\/buletin.de\/bucuresti\/programul-targului-de-craciun-bucuresti-din-piata-constitutiei-pentru-weekendul-12-14-decembrie\/\" \/>\n<meta property=\"og:locale\" content=\"en_GB\" \/>\n<meta property=\"og:type\" content=\"article\" \/>\n<meta property=\"og:title\" content=\"Programul T\u00e2rgului de Cr\u0103ciun Bucure\u0219ti, din Pia\u021ba Constitu\u021biei, pentru weekendul 12 - 14 decembrie\" \/>\n<meta property=\"og:description\" content=\"Programul T\u00e2rgului de Cr\u0103ciun Bucure\u0219ti, din Pia\u021ba Constitu\u021biei, pentru weekendul 12 - 14 decembrie, include concerte live.\" \/>\n<meta property=\"og:url\" content=\"https:\/\/buletin.de\/bucuresti\/programul-targului-de-craciun-bucuresti-din-piata-constitutiei-pentru-weekendul-12-14-decembrie\/\" \/>\n<meta property=\"og:site_name\" content=\"Buletin de Bucure\u0219ti\" \/>\n<meta property=\"article:publisher\" content=\"https:\/\/www.facebook.com\/buletin.de.buc\" \/>\n<meta property=\"article:published_time\" content=\"2025-12-10T11:46:30+00:00\" \/>\n<meta property=\"article:modified_time\" content=\"2025-12-10T11:46:31+00:00\" \/>\n<meta property=\"og:image\" content=\"https:\/\/buletin.de\/bucuresti\/wp-content\/uploads\/2025\/12\/Programul-Targului-de-Craciun-Bucuresti-din-Piata-Constitutiei.jpg\" \/>\n\t<meta property=\"og:image:width\" content=\"1200\" \/>\n\t<meta property=\"og:image:height\" content=\"630\" \/>\n\t<meta property=\"og:image:type\" content=\"image\/jpeg\" \/>\n<meta name=\"author\" content=\"Andreea St\u0103n\u0103r\u00eeng\u0103\" \/>\n<meta name=\"twitter:card\" content=\"summary_large_image\" \/>\n<meta name=\"twitter:label1\" content=\"Written by\" \/>\n\t<meta name=\"twitter:data1\" content=\"Andreea St\u0103n\u0103r\u00eeng\u0103\" \/>\n\t<meta name=\"twitter:label2\" content=\"Estimated reading time\" \/>\n\t<meta name=\"twitter:data2\" content=\"2 minutes\" \/>\n<script type=\"application\/ld+json\" class=\"yoast-schema-graph\">{\"@context\":\"https:\\\/\\\/schema.org\",\"@graph\":[{\"@type\":\"Article\",\"@id\":\"https:\\\/\\\/buletin.de\\\/bucuresti\\\/programul-targului-de-craciun-bucuresti-din-piata-constitutiei-pentru-weekendul-12-14-decembrie\\\/#article\",\"isPartOf\":{\"@id\":\"https:\\\/\\\/buletin.de\\\/bucuresti\\\/programul-targului-de-craciun-bucuresti-din-piata-constitutiei-pentru-weekendul-12-14-decembrie\\\/\"},\"author\":{\"name\":\"Andreea St\u0103n\u0103r\u00eeng\u0103\",\"@id\":\"https:\\\/\\\/buletin.de\\\/bucuresti\\\/#\\\/schema\\\/person\\\/81421a46fb84a0887cfd2238f5202586\"},\"headline\":\"Programul T\u00e2rgului de Cr\u0103ciun Bucure\u0219ti, din Pia\u021ba Constitu\u021biei, pentru weekendul 12 &#8211; 14 decembrie\",\"datePublished\":\"2025-12-10T11:46:30+00:00\",\"dateModified\":\"2025-12-10T11:46:31+00:00\",\"mainEntityOfPage\":{\"@id\":\"https:\\\/\\\/buletin.de\\\/bucuresti\\\/programul-targului-de-craciun-bucuresti-din-piata-constitutiei-pentru-weekendul-12-14-decembrie\\\/\"},\"wordCount\":363,\"publisher\":{\"@id\":\"https:\\\/\\\/buletin.de\\\/bucuresti\\\/#organization\"},\"image\":{\"@id\":\"https:\\\/\\\/buletin.de\\\/bucuresti\\\/programul-targului-de-craciun-bucuresti-din-piata-constitutiei-pentru-weekendul-12-14-decembrie\\\/#primaryimage\"},\"thumbnailUrl\":\"https:\\\/\\\/buletin.de\\\/bucuresti\\\/wp-content\\\/uploads\\\/2025\\\/12\\\/Programul-Targului-de-Craciun-Bucuresti-din-Piata-Constitutiei.jpg\",\"keywords\":[\"Concerte\",\"piata constitutiei\",\"program targ de craciun\",\"targul de craciun\"],\"articleSection\":[\"Articole\",\"Prim\u0103rie\",\"\u0218tiri\"],\"inLanguage\":\"en-GB\",\"copyrightYear\":\"2025\",\"copyrightHolder\":{\"@id\":\"https:\\\/\\\/buletin.de\\\/bucuresti\\\/#organization\"}},{\"@type\":\"WebPage\",\"@id\":\"https:\\\/\\\/buletin.de\\\/bucuresti\\\/programul-targului-de-craciun-bucuresti-din-piata-constitutiei-pentru-weekendul-12-14-decembrie\\\/\",\"url\":\"https:\\\/\\\/buletin.de\\\/bucuresti\\\/programul-targului-de-craciun-bucuresti-din-piata-constitutiei-pentru-weekendul-12-14-decembrie\\\/\",\"name\":\"Programul T\u00e2rgului de Cr\u0103ciun Bucure\u0219ti, din Pia\u021ba Constitu\u021biei, pentru weekendul 12 - 14 decembrie - Buletin de Bucure\u0219ti\",\"isPartOf\":{\"@id\":\"https:\\\/\\\/buletin.de\\\/bucuresti\\\/#website\"},\"primaryImageOfPage\":{\"@id\":\"https:\\\/\\\/buletin.de\\\/bucuresti\\\/programul-targului-de-craciun-bucuresti-din-piata-constitutiei-pentru-weekendul-12-14-decembrie\\\/#primaryimage\"},\"image\":{\"@id\":\"https:\\\/\\\/buletin.de\\\/bucuresti\\\/programul-targului-de-craciun-bucuresti-din-piata-constitutiei-pentru-weekendul-12-14-decembrie\\\/#primaryimage\"},\"thumbnailUrl\":\"https:\\\/\\\/buletin.de\\\/bucuresti\\\/wp-content\\\/uploads\\\/2025\\\/12\\\/Programul-Targului-de-Craciun-Bucuresti-din-Piata-Constitutiei.jpg\",\"datePublished\":\"2025-12-10T11:46:30+00:00\",\"dateModified\":\"2025-12-10T11:46:31+00:00\",\"description\":\"Programul T\u00e2rgului de Cr\u0103ciun Bucure\u0219ti, din Pia\u021ba Constitu\u021biei, pentru weekendul 12 - 14 decembrie, include concerte live.\",\"breadcrumb\":{\"@id\":\"https:\\\/\\\/buletin.de\\\/bucuresti\\\/programul-targului-de-craciun-bucuresti-din-piata-constitutiei-pentru-weekendul-12-14-decembrie\\\/#breadcrumb\"},\"inLanguage\":\"en-GB\",\"potentialAction\":[{\"@type\":\"ReadAction\",\"target\":[\"https:\\\/\\\/buletin.de\\\/bucuresti\\\/programul-targului-de-craciun-bucuresti-din-piata-constitutiei-pentru-weekendul-12-14-decembrie\\\/\"]}]},{\"@type\":\"ImageObject\",\"inLanguage\":\"en-GB\",\"@id\":\"https:\\\/\\\/buletin.de\\\/bucuresti\\\/programul-targului-de-craciun-bucuresti-din-piata-constitutiei-pentru-weekendul-12-14-decembrie\\\/#primaryimage\",\"url\":\"https:\\\/\\\/buletin.de\\\/bucuresti\\\/wp-content\\\/uploads\\\/2025\\\/12\\\/Programul-Targului-de-Craciun-Bucuresti-din-Piata-Constitutiei.jpg\",\"contentUrl\":\"https:\\\/\\\/buletin.de\\\/bucuresti\\\/wp-content\\\/uploads\\\/2025\\\/12\\\/Programul-Targului-de-Craciun-Bucuresti-din-Piata-Constitutiei.jpg\",\"width\":1200,\"height\":630,\"caption\":\"Programul T\u00e2rgului de Cr\u0103ciun Bucure\u0219ti, din Pia\u021ba Constitu\u021biei, pentru acest weekend. Foto: Facebook\\\/PMB\"},{\"@type\":\"BreadcrumbList\",\"@id\":\"https:\\\/\\\/buletin.de\\\/bucuresti\\\/programul-targului-de-craciun-bucuresti-din-piata-constitutiei-pentru-weekendul-12-14-decembrie\\\/#breadcrumb\",\"itemListElement\":[{\"@type\":\"ListItem\",\"position\":1,\"name\":\"Acas\u0103\",\"item\":\"https:\\\/\\\/buletin.de\\\/bucuresti\\\/\"},{\"@type\":\"ListItem\",\"position\":2,\"name\":\"Programul T\u00e2rgului de Cr\u0103ciun Bucure\u0219ti, din Pia\u021ba Constitu\u021biei, pentru weekendul 12 &#8211; 14 decembrie\"}]},{\"@type\":\"WebSite\",\"@id\":\"https:\\\/\\\/buletin.de\\\/bucuresti\\\/#website\",\"url\":\"https:\\\/\\\/buletin.de\\\/bucuresti\\\/\",\"name\":\"Buletin de Bucure\u0219ti\",\"description\":\"\u0218tiri \u0219i investiga\u021bii esen\u021biale din capital\u0103\",\"publisher\":{\"@id\":\"https:\\\/\\\/buletin.de\\\/bucuresti\\\/#organization\"},\"potentialAction\":[{\"@type\":\"SearchAction\",\"target\":{\"@type\":\"EntryPoint\",\"urlTemplate\":\"https:\\\/\\\/buletin.de\\\/bucuresti\\\/?s={search_term_string}\"},\"query-input\":{\"@type\":\"PropertyValueSpecification\",\"valueRequired\":true,\"valueName\":\"search_term_string\"}}],\"inLanguage\":\"en-GB\"},{\"@type\":\"Organization\",\"@id\":\"https:\\\/\\\/buletin.de\\\/bucuresti\\\/#organization\",\"name\":\"Buletin de Bucure\u0219ti\",\"url\":\"https:\\\/\\\/buletin.de\\\/bucuresti\\\/\",\"logo\":{\"@type\":\"ImageObject\",\"inLanguage\":\"en-GB\",\"@id\":\"https:\\\/\\\/buletin.de\\\/bucuresti\\\/#\\\/schema\\\/logo\\\/image\\\/\",\"url\":\"https:\\\/\\\/buletin.de\\\/bucuresti\\\/wp-content\\\/uploads\\\/logo-bdb-full-wide-vernil-transparent.png\",\"contentUrl\":\"https:\\\/\\\/buletin.de\\\/bucuresti\\\/wp-content\\\/uploads\\\/logo-bdb-full-wide-vernil-transparent.png\",\"width\":1782,\"height\":626,\"caption\":\"Buletin de Bucure\u0219ti\"},\"image\":{\"@id\":\"https:\\\/\\\/buletin.de\\\/bucuresti\\\/#\\\/schema\\\/logo\\\/image\\\/\"},\"sameAs\":[\"https:\\\/\\\/www.facebook.com\\\/buletin.de.buc\",\"https:\\\/\\\/www.instagram.com\\\/buletinde.bucuresti\\\/\"]},{\"@type\":\"Person\",\"@id\":\"https:\\\/\\\/buletin.de\\\/bucuresti\\\/#\\\/schema\\\/person\\\/81421a46fb84a0887cfd2238f5202586\",\"name\":\"Andreea St\u0103n\u0103r\u00eeng\u0103\",\"image\":{\"@type\":\"ImageObject\",\"inLanguage\":\"en-GB\",\"@id\":\"https:\\\/\\\/secure.gravatar.com\\\/avatar\\\/dfa8d227a4388fad0f0bb03add04b5b176f4da34397dbb2eadc563b3d7162ce0?s=96&d=monsterid&r=g72784372b39ffe5a98a45288fe0d0e8a\",\"url\":\"https:\\\/\\\/secure.gravatar.com\\\/avatar\\\/dfa8d227a4388fad0f0bb03add04b5b176f4da34397dbb2eadc563b3d7162ce0?s=96&d=monsterid&r=g\",\"contentUrl\":\"https:\\\/\\\/secure.gravatar.com\\\/avatar\\\/dfa8d227a4388fad0f0bb03add04b5b176f4da34397dbb2eadc563b3d7162ce0?s=96&d=monsterid&r=g\",\"caption\":\"Andreea St\u0103n\u0103r\u00eeng\u0103\"},\"description\":\"Cu o experien\u021b\u0103 de peste 5 ani \u00een pres\u0103, face parte din echipa Buletin de Bucure\u0219ti din septembrie 2025. A colaborat cu c\u00e2teva publica\u021bii, printre care \u0219i Fanatik.ro, unde s-a ocupat de \u0219tiri de lifestyle \u0219i de actualitate. A f\u0103cut un pas c\u0103tre presa local\u0103 pentru a explora Bucure\u0219tiul \u0219i pove\u0219tile care merit\u0103 spuse.\",\"url\":\"https:\\\/\\\/buletin.de\\\/bucuresti\\\/author\\\/andreea-stanaranga\\\/\"}]}<\/script>\n<!-- \/ Yoast SEO Premium plugin. -->","yoast_head_json":{"title":"Programul T\u00e2rgului de Cr\u0103ciun Bucure\u0219ti, din Pia\u021ba Constitu\u021biei, pentru weekendul 12 - 14 decembrie - Buletin de Bucure\u0219ti","description":"Programul T\u00e2rgului de Cr\u0103ciun Bucure\u0219ti, din Pia\u021ba Constitu\u021biei, pentru weekendul 12 - 14 decembrie, include concerte live.","robots":{"index":"index","follow":"follow","max-snippet":"max-snippet:-1","max-image-preview":"max-image-preview:large","max-video-preview":"max-video-preview:-1"},"canonical":"https:\/\/buletin.de\/bucuresti\/programul-targului-de-craciun-bucuresti-din-piata-constitutiei-pentru-weekendul-12-14-decembrie\/","og_locale":"en_GB","og_type":"article","og_title":"Programul T\u00e2rgului de Cr\u0103ciun Bucure\u0219ti, din Pia\u021ba Constitu\u021biei, pentru weekendul 12 - 14 decembrie","og_description":"Programul T\u00e2rgului de Cr\u0103ciun Bucure\u0219ti, din Pia\u021ba Constitu\u021biei, pentru weekendul 12 - 14 decembrie, include concerte live.","og_url":"https:\/\/buletin.de\/bucuresti\/programul-targului-de-craciun-bucuresti-din-piata-constitutiei-pentru-weekendul-12-14-decembrie\/","og_site_name":"Buletin de Bucure\u0219ti","article_publisher":"https:\/\/www.facebook.com\/buletin.de.buc","article_published_time":"2025-12-10T11:46:30+00:00","article_modified_time":"2025-12-10T11:46:31+00:00","og_image":[{"width":1200,"height":630,"url":"https:\/\/buletin.de\/bucuresti\/wp-content\/uploads\/2025\/12\/Programul-Targului-de-Craciun-Bucuresti-din-Piata-Constitutiei.jpg","type":"image\/jpeg"}],"author":"Andreea St\u0103n\u0103r\u00eeng\u0103","twitter_card":"summary_large_image","twitter_misc":{"Written by":"Andreea St\u0103n\u0103r\u00eeng\u0103","Estimated reading time":"2 minutes"},"schema":{"@context":"https:\/\/schema.org","@graph":[{"@type":"Article","@id":"https:\/\/buletin.de\/bucuresti\/programul-targului-de-craciun-bucuresti-din-piata-constitutiei-pentru-weekendul-12-14-decembrie\/#article","isPartOf":{"@id":"https:\/\/buletin.de\/bucuresti\/programul-targului-de-craciun-bucuresti-din-piata-constitutiei-pentru-weekendul-12-14-decembrie\/"},"author":{"name":"Andreea St\u0103n\u0103r\u00eeng\u0103","@id":"https:\/\/buletin.de\/bucuresti\/#\/schema\/person\/81421a46fb84a0887cfd2238f5202586"},"headline":"Programul T\u00e2rgului de Cr\u0103ciun Bucure\u0219ti, din Pia\u021ba Constitu\u021biei, pentru weekendul 12 &#8211; 14 decembrie","datePublished":"2025-12-10T11:46:30+00:00","dateModified":"2025-12-10T11:46:31+00:00","mainEntityOfPage":{"@id":"https:\/\/buletin.de\/bucuresti\/programul-targului-de-craciun-bucuresti-din-piata-constitutiei-pentru-weekendul-12-14-decembrie\/"},"wordCount":363,"publisher":{"@id":"https:\/\/buletin.de\/bucuresti\/#organization"},"image":{"@id":"https:\/\/buletin.de\/bucuresti\/programul-targului-de-craciun-bucuresti-din-piata-constitutiei-pentru-weekendul-12-14-decembrie\/#primaryimage"},"thumbnailUrl":"https:\/\/buletin.de\/bucuresti\/wp-content\/uploads\/2025\/12\/Programul-Targului-de-Craciun-Bucuresti-din-Piata-Constitutiei.jpg","keywords":["Concerte","piata constitutiei","program targ de craciun","targul de craciun"],"articleSection":["Articole","Prim\u0103rie","\u0218tiri"],"inLanguage":"en-GB","copyrightYear":"2025","copyrightHolder":{"@id":"https:\/\/buletin.de\/bucuresti\/#organization"}},{"@type":"WebPage","@id":"https:\/\/buletin.de\/bucuresti\/programul-targului-de-craciun-bucuresti-din-piata-constitutiei-pentru-weekendul-12-14-decembrie\/","url":"https:\/\/buletin.de\/bucuresti\/programul-targului-de-craciun-bucuresti-din-piata-constitutiei-pentru-weekendul-12-14-decembrie\/","name":"Programul T\u00e2rgului de Cr\u0103ciun Bucure\u0219ti, din Pia\u021ba Constitu\u021biei, pentru weekendul 12 - 14 decembrie - Buletin de Bucure\u0219ti","isPartOf":{"@id":"https:\/\/buletin.de\/bucuresti\/#website"},"primaryImageOfPage":{"@id":"https:\/\/buletin.de\/bucuresti\/programul-targului-de-craciun-bucuresti-din-piata-constitutiei-pentru-weekendul-12-14-decembrie\/#primaryimage"},"image":{"@id":"https:\/\/buletin.de\/bucuresti\/programul-targului-de-craciun-bucuresti-din-piata-constitutiei-pentru-weekendul-12-14-decembrie\/#primaryimage"},"thumbnailUrl":"https:\/\/buletin.de\/bucuresti\/wp-content\/uploads\/2025\/12\/Programul-Targului-de-Craciun-Bucuresti-din-Piata-Constitutiei.jpg","datePublished":"2025-12-10T11:46:30+00:00","dateModified":"2025-12-10T11:46:31+00:00","description":"Programul T\u00e2rgului de Cr\u0103ciun Bucure\u0219ti, din Pia\u021ba Constitu\u021biei, pentru weekendul 12 - 14 decembrie, include concerte live.","breadcrumb":{"@id":"https:\/\/buletin.de\/bucuresti\/programul-targului-de-craciun-bucuresti-din-piata-constitutiei-pentru-weekendul-12-14-decembrie\/#breadcrumb"},"inLanguage":"en-GB","potentialAction":[{"@type":"ReadAction","target":["https:\/\/buletin.de\/bucuresti\/programul-targului-de-craciun-bucuresti-din-piata-constitutiei-pentru-weekendul-12-14-decembrie\/"]}]},{"@type":"ImageObject","inLanguage":"en-GB","@id":"https:\/\/buletin.de\/bucuresti\/programul-targului-de-craciun-bucuresti-din-piata-constitutiei-pentru-weekendul-12-14-decembrie\/#primaryimage","url":"https:\/\/buletin.de\/bucuresti\/wp-content\/uploads\/2025\/12\/Programul-Targului-de-Craciun-Bucuresti-din-Piata-Constitutiei.jpg","contentUrl":"https:\/\/buletin.de\/bucuresti\/wp-content\/uploads\/2025\/12\/Programul-Targului-de-Craciun-Bucuresti-din-Piata-Constitutiei.jpg","width":1200,"height":630,"caption":"Programul T\u00e2rgului de Cr\u0103ciun Bucure\u0219ti, din Pia\u021ba Constitu\u021biei, pentru acest weekend. Foto: Facebook\/PMB"},{"@type":"BreadcrumbList","@id":"https:\/\/buletin.de\/bucuresti\/programul-targului-de-craciun-bucuresti-din-piata-constitutiei-pentru-weekendul-12-14-decembrie\/#breadcrumb","itemListElement":[{"@type":"ListItem","position":1,"name":"Acas\u0103","item":"https:\/\/buletin.de\/bucuresti\/"},{"@type":"ListItem","position":2,"name":"Programul T\u00e2rgului de Cr\u0103ciun Bucure\u0219ti, din Pia\u021ba Constitu\u021biei, pentru weekendul 12 &#8211; 14 decembrie"}]},{"@type":"WebSite","@id":"https:\/\/buletin.de\/bucuresti\/#website","url":"https:\/\/buletin.de\/bucuresti\/","name":"Buletin de Bucure\u0219ti","description":"\u0218tiri \u0219i investiga\u021bii esen\u021biale din capital\u0103","publisher":{"@id":"https:\/\/buletin.de\/bucuresti\/#organization"},"potentialAction":[{"@type":"SearchAction","target":{"@type":"EntryPoint","urlTemplate":"https:\/\/buletin.de\/bucuresti\/?s={search_term_string}"},"query-input":{"@type":"PropertyValueSpecification","valueRequired":true,"valueName":"search_term_string"}}],"inLanguage":"en-GB"},{"@type":"Organization","@id":"https:\/\/buletin.de\/bucuresti\/#organization","name":"Buletin de Bucure\u0219ti","url":"https:\/\/buletin.de\/bucuresti\/","logo":{"@type":"ImageObject","inLanguage":"en-GB","@id":"https:\/\/buletin.de\/bucuresti\/#\/schema\/logo\/image\/","url":"https:\/\/buletin.de\/bucuresti\/wp-content\/uploads\/logo-bdb-full-wide-vernil-transparent.png","contentUrl":"https:\/\/buletin.de\/bucuresti\/wp-content\/uploads\/logo-bdb-full-wide-vernil-transparent.png","width":1782,"height":626,"caption":"Buletin de Bucure\u0219ti"},"image":{"@id":"https:\/\/buletin.de\/bucuresti\/#\/schema\/logo\/image\/"},"sameAs":["https:\/\/www.facebook.com\/buletin.de.buc","https:\/\/www.instagram.com\/buletinde.bucuresti\/"]},{"@type":"Person","@id":"https:\/\/buletin.de\/bucuresti\/#\/schema\/person\/81421a46fb84a0887cfd2238f5202586","name":"Andreea St\u0103n\u0103r\u00eeng\u0103","image":{"@type":"ImageObject","inLanguage":"en-GB","@id":"https:\/\/secure.gravatar.com\/avatar\/dfa8d227a4388fad0f0bb03add04b5b176f4da34397dbb2eadc563b3d7162ce0?s=96&d=monsterid&r=g72784372b39ffe5a98a45288fe0d0e8a","url":"https:\/\/secure.gravatar.com\/avatar\/dfa8d227a4388fad0f0bb03add04b5b176f4da34397dbb2eadc563b3d7162ce0?s=96&d=monsterid&r=g","contentUrl":"https:\/\/secure.gravatar.com\/avatar\/dfa8d227a4388fad0f0bb03add04b5b176f4da34397dbb2eadc563b3d7162ce0?s=96&d=monsterid&r=g","caption":"Andreea St\u0103n\u0103r\u00eeng\u0103"},"description":"Cu o experien\u021b\u0103 de peste 5 ani \u00een pres\u0103, face parte din echipa Buletin de Bucure\u0219ti din septembrie 2025. A colaborat cu c\u00e2teva publica\u021bii, printre care \u0219i Fanatik.ro, unde s-a ocupat de \u0219tiri de lifestyle \u0219i de actualitate. A f\u0103cut un pas c\u0103tre presa local\u0103 pentru a explora Bucure\u0219tiul \u0219i pove\u0219tile care merit\u0103 spuse.","url":"https:\/\/buletin.de\/bucuresti\/author\/andreea-stanaranga\/"}]}},"authors":[{"term_id":23912,"user_id":65,"is_guest":0,"slug":"andreea-stanaranga","display_name":"Andreea St\u0103n\u0103r\u00eeng\u0103","avatar_url":"https:\/\/secure.gravatar.com\/avatar\/dfa8d227a4388fad0f0bb03add04b5b176f4da34397dbb2eadc563b3d7162ce0?s=96&d=monsterid&r=g","0":null,"1":"","2":"","3":"","4":"","5":"","6":"","7":"","8":""}],"_links":{"self":[{"href":"https:\/\/buletin.de\/bucuresti\/wp-json\/wp\/v2\/posts\/161758","targetHints":{"allow":["GET"]}}],"collection":[{"href":"https:\/\/buletin.de\/bucuresti\/wp-json\/wp\/v2\/posts"}],"about":[{"href":"https:\/\/buletin.de\/bucuresti\/wp-json\/wp\/v2\/types\/post"}],"author":[{"embeddable":true,"href":"https:\/\/buletin.de\/bucuresti\/wp-json\/wp\/v2\/users\/65"}],"replies":[{"embeddable":true,"href":"https:\/\/buletin.de\/bucuresti\/wp-json\/wp\/v2\/comments?post=161758"}],"version-history":[{"count":4,"href":"https:\/\/buletin.de\/bucuresti\/wp-json\/wp\/v2\/posts\/161758\/revisions"}],"predecessor-version":[{"id":161781,"href":"https:\/\/buletin.de\/bucuresti\/wp-json\/wp\/v2\/posts\/161758\/revisions\/161781"}],"wp:featuredmedia":[{"embeddable":true,"href":"https:\/\/buletin.de\/bucuresti\/wp-json\/wp\/v2\/media\/161780"}],"wp:attachment":[{"href":"https:\/\/buletin.de\/bucuresti\/wp-json\/wp\/v2\/media?parent=161758"}],"wp:term":[{"taxonomy":"category","embeddable":true,"href":"https:\/\/buletin.de\/bucuresti\/wp-json\/wp\/v2\/categories?post=161758"},{"taxonomy":"post_tag","embeddable":true,"href":"https:\/\/buletin.de\/bucuresti\/wp-json\/wp\/v2\/tags?post=161758"},{"taxonomy":"author","embeddable":true,"href":"https:\/\/buletin.de\/bucuresti\/wp-json\/wp\/v2\/ppma_author?post=161758"}],"curies":[{"name":"wp","href":"https:\/\/api.w.org\/{rel}","templated":true}]}}