{"id":161755,"date":"2025-12-10T11:49:19","date_gmt":"2025-12-10T08:49:19","guid":{"rendered":"https:\/\/buletin.de\/bucuresti\/?p=161755"},"modified":"2025-12-11T06:14:17","modified_gmt":"2025-12-11T03:14:17","slug":"schema-prin-care-a-fost-legalizat-cel-mai-mare-tun-imobiliar-din-istoria-capitalei-dosarul-lui-popoviciu-spalat-de-o-hidra-judiciara-recorder","status":"publish","type":"post","link":"https:\/\/buletin.de\/bucuresti\/schema-prin-care-a-fost-legalizat-cel-mai-mare-tun-imobiliar-din-istoria-capitalei-dosarul-lui-popoviciu-spalat-de-o-hidra-judiciara-recorder\/","title":{"rendered":"Schema prin care a fost legalizat cel mai mare tun imobiliar din istoria Capitalei: Dosarul lui Popoviciu, \u201esp\u0103lat\u201d de o hidr\u0103 judiciar\u0103 | Recorder"},"content":{"rendered":"\n<p><strong>O investiga\u021bie publicat\u0103 de jurnali\u0219tii de la <a href=\"https:\/\/youtu.be\/TpUDm4ay-B8?si=AmDpoI7D6WyzuNfz\" target=\"_blank\" rel=\"noreferrer noopener\">Recorder<\/a> demonstreaz\u0103 mecanismul prin care o sentin\u021b\u0103 definitiv\u0103 de \u0219apte ani de \u00eenchisoare a fost anulat\u0103, iar 224 de hectare de teren din nordul Capitalei au devenit, legal, afacere privat\u0103. Recorder arat\u0103 cum, prin dosarul lui Puiu Popoviciu, oameni de la v\u00e2rful justi\u021biei din Rom\u00e2nia au creat un precedent periculos \u0219i au pus bazele unui mecanism care a \u0219ters cu buretele mai multe condamn\u0103ri definitive \u0219i tergiverseaz\u0103 dosare aflate \u00een curs, inclusiv cele cu violen\u021b\u0103.<\/strong><\/p>\n\n\n\n<p>Decizia instan\u021belor din Rom\u00e2nia de a anula pedeapsa de \u0219apte ani de \u00eenchisoare primit\u0103 de Puiu Popoviciu \u00een 2017 este cea mai elocvent\u0103 poz\u0103 la minut a justi\u021biei din Rom\u00e2nia, arat\u0103 <a href=\"https:\/\/recorder.ro\/documentar-recorder-justitie-capturata\/\" target=\"_blank\" rel=\"noreferrer noopener\">Recorder<\/a>.<\/p>\n\n\n\n<p>Dup\u0103 ani de zile petrecu\u021bi la Londra, unde a sfidat mandatele de extr\u0103dare, omul de afaceri a ob\u021binut rejudecarea dosarului \u201eB\u0103neasa\u201d.<\/p>\n\n\n\n<p>Rezultatul final al acestui demers juridic complex a fost achitarea pe motiv c\u0103 \u201efapta nu exist\u0103\u201d. Terenurile Universit\u0103\u021bii de \u0218tiin\u021be Agronomice \u0219i Medicin\u0103 Veterinar\u0103 (USAMV), v\u00e2ndute cu 1 dolar pe metru p\u0103trat, \u0219i pe care s-a construit cel mai mare complex comercial din Rom\u00e2nia, de\u0219i statul rom\u00e2n a reclamat ini\u021bial un prejudiciu uria\u0219, r\u0103m\u00e2n o afacere privat\u0103 pentru care nimeni nu va pl\u0103ti.<\/p>\n\n\n\n<p><strong>CITE\u0218TE \u0218I <a href=\"https:\/\/buletin.de\/bucuresti\/exemplul-care-intareste-documentarul-recorder-o-judecatoare-din-dosarul-de-coruptie-al-primarului-din-otopeni-a-fost-inlocuita-marti-dna-l-a-trimis-in-judecata-acum-trei-ani\/\">Exemplul care \u00eent\u0103re\u0219te documentarul Recorder: O judec\u0103toare din dosarul de corup\u021bie al primarului din Otopeni a fost \u00eenlocuit\u0103 mar\u021bi. DNA l-a trimis \u00een judecat\u0103 acum trei ani<\/a><\/strong><\/p>\n\n\n\n<h2 class=\"wp-block-heading\" id=\"h-dosarul-lui-popoviciu-\u0219i-mecanismul-hridei-salvatoare-explicat-de-recorder\">Dosarul lui Popoviciu \u0219i<strong> mecanismul \u201ehridei\u201d salvatoare, explicat de Recorder<\/strong><\/h2>\n\n\n\n<p><strong>Succesul lui Puiu Popoviciu \u00een instan\u021b\u0103 nu s-a bazat pe o simpl\u0103 ap\u0103rare, ci pe exploatarea vulnerabilit\u0103\u021bilor sistemice, noteaz\u0103 jurnali\u0219tii de la Recorder.<\/strong><\/p>\n\n\n\n<p>Curtea de Apel Bucure\u0219ti a suspendat executarea pedepsei, a reanalizat fondul \u0219i a decis diametral opus fa\u021b\u0103 de instan\u021ba care pronun\u021base condamnarea definitiv\u0103. Ceea ce \u00een 2017 era o fraud\u0103 dovedit\u0103 cu terenuri publice, cu dovezi solide, \u00een 2024 a devenit o tranzac\u021bie comercial\u0103 legitim\u0103 \u00een ochii magistra\u021bilor.<\/p>\n\n\n\n<p><strong>Cazul Popoviciu nu este singular, ci simptomatic pentru un sistem judiciar m\u0103cinat de inconsecven\u021b\u0103, se mai arat\u0103 \u00een documentarul Recorder.<\/strong><\/p>\n\n\n\n<p>\u00cen timp ce dosarul \u201eB\u0103neasa\u201d a fost cur\u0103\u021bat prin revizuire, alte dosare de mare corup\u021bie s-au pr\u0103bu\u0219it sub greutatea prescrip\u021biei. Fostul primar al Sectorului 5, Marian Vanghelie, a sc\u0103pat recent de o condamnare de aproape 12 ani de \u00eenchisoare. Faptele de luare de mit\u0103 \u0219i abuz \u00een serviciu, probate de procurorii DNA inclusiv cu tehnic\u0103 de supraveghere, s-au prescris din cauza tergivers\u0103rii proceselor \u0219i a deciziilor Cur\u021bii Constitu\u021bionale. Justi\u021bia a constatat infrac\u021biunile, dar a ridicat din umeri \u00een privin\u021ba pedepsei. Prejudiciile r\u0103m\u00e2n nerecuperate, iar infractorii sunt liberi.<\/p>\n\n\n\n<h2 class=\"wp-block-heading\" id=\"h-corup\u021bia-mica-\u0219i-lipsa-de-eficien\u021ba-la-nivel-local\"><strong>Corup\u021bia mic\u0103 \u0219i lipsa de eficien\u021b\u0103 la nivel local<\/strong><\/h2>\n\n\n\n<p>Paralizia sistemului se manifest\u0103 \u0219i \u00een dosarele de impact local, nu doar \u00een marile tunuri imobiliare. Buletin de Bucure\u0219ti a scris de situa\u021bia de la Poli\u021bia Local\u0103 Sector 1, unde achizi\u021biile publice au devenit surs\u0103 de profit ilicit. \u00centr-un dosar viz\u00e2nd cump\u0103rarea de uniforme la suprapre\u021b, Direc\u021bia Na\u021bional\u0103 Anticorup\u021bie a trimis inculpa\u021bii \u00een judecat\u0103 la aproape un an de la perchezi\u021bii.<\/p>\n\n\n\n<p><a href=\"https:\/\/buletin.de\/bucuresti\/dosarul-uniformelor-de-la-politia-locala-sector-1-trimis-in-judecata-la-aproape-un-an-de-la-perchezitii-un-inculpat-convins-de-dna-sa-vorbeasca-despre-prejudiciul-de-peste-100-000\/\" target=\"_blank\" rel=\"noreferrer noopener\">Ancheta a scos la iveal\u0103 c\u0103 s-au f\u0103cut pl\u0103\u021bi integrale pentru bunuri care nu au fost livrate \u00een totalitate, prejudiciul estimat dep\u0103\u0219ind 100.000 de euro<\/a>. \u00cen cazul SRI, dosarul disjuns pe aceea\u0219i spe\u021b\u0103, a fost clasat.<\/p>\n\n\n\n<p>Tabloul conturat de documentarul Recorder \u0219i completat de realitatea dosarelor locale arat\u0103 o justi\u021bie care func\u021bioneaz\u0103 cu sincope. Marile dosare, cu prejudicii de sute de milioane de euro, beneficiaz\u0103 de porti\u021be legislative, avoca\u021bi de top \u0219i clemen\u021b\u0103 procedural\u0103.<\/p>\n\n\n\n<p>\u0218i dosarele mai mici, de\u0219i instrumentate, se lovesc de acelea\u0219i bariere birocratice care \u00eent\u00e2rzie recuperarea banilor publici. Iar acela\u0219i mecanism se \u00eent\u00e2mpl\u0103 \u0219i \u00een cazul infrac\u021biunilor cu violen\u021b\u0103, cum ar fi t\u00e2lh\u0103riile \u0219i violurile.<\/p>\n\n\n\n<p><strong>Urm\u0103re\u0219te documentarul Recorder aici:<\/strong><\/p>\n\n\n\n<figure class=\"wp-block-embed is-type-video is-provider-youtube wp-block-embed-youtube wp-embed-aspect-16-9 wp-has-aspect-ratio\"><div class=\"wp-block-embed__wrapper\">\n<iframe title=\"DOCUMENTAR RECORDER. Justi\u021bie capturat\u0103\" width=\"1200\" height=\"675\" src=\"https:\/\/www.youtube.com\/embed\/TpUDm4ay-B8?feature=oembed\" frameborder=\"0\" allow=\"accelerometer; autoplay; clipboard-write; encrypted-media; gyroscope; picture-in-picture; web-share\" referrerpolicy=\"strict-origin-when-cross-origin\" allowfullscreen><\/iframe>\n<\/div><\/figure>\n\n\n\n<p><strong>CITE\u0218TE \u0218I <a href=\"https:\/\/buletin.de\/bucuresti\/sector-1-reorganizare-a-primariei-dispare-directia-de-impozite-si-taxe-si-se-reduce-numarul-de-posturi\/\">Sector 1 | Reorganizare a Prim\u0103riei: se desfiin\u021beaz\u0103 Direc\u021bia de Impozite \u0219i Taxe \u0219i se reduce num\u0103rul de posturi<\/a><\/strong><\/p>\n","protected":false},"excerpt":{"rendered":"<p>O investiga\u021bie publicat\u0103 de jurnali\u0219tii de la Recorder demonstreaz\u0103 mecanismul prin care o sentin\u021b\u0103 definitiv\u0103 de \u0219apte ani de \u00eenchisoare a fost anulat\u0103, iar 224 de hectare de teren din nordul Capitalei au devenit, legal, afacere privat\u0103. Recorder arat\u0103 cum, prin dosarul lui Puiu Popoviciu, oameni de la v\u00e2rful justi\u021biei din Rom\u00e2nia au creat un [&hellip;]<\/p>\n","protected":false},"author":1,"featured_media":161760,"comment_status":"closed","ping_status":"open","sticky":false,"template":"","format":"standard","meta":{"_acf_changed":false,"inline_featured_image":false,"ngg_post_thumbnail":0,"footnotes":""},"categories":[6994,9026,5762],"tags":[2638,6290,25051,25052,25053,25050,1252],"ppma_author":[22583],"class_list":["post-161755","post","type-post","status-publish","format-standard","has-post-thumbnail","hentry","category-stiri-2","category-eveniment","category-main","tag-coruptie","tag-dosare","tag-justitie-2","tag-popoviciu","tag-prescriere","tag-savonea","tag-vanghelie"],"acf":[],"yoast_head":"<!-- This site is optimized with the Yoast SEO Premium plugin v25.3 (Yoast SEO v27.4) - https:\/\/yoast.com\/product\/yoast-seo-premium-wordpress\/ -->\n<title>Schema prin care a fost legalizat cel mai mare tun imobiliar din istoria Capitalei: Dosarul lui Popoviciu, \u201esp\u0103lat\u201d de o hidr\u0103 judiciar\u0103 | Recorder - Buletin de Bucure\u0219ti<\/title>\n<meta name=\"description\" content=\"Recorder arat\u0103 cum, prin dosarul lui Puiu Popoviciu, oameni de la v\u00e2rful justi\u021biei din Rom\u00e2nia au creat un precedent periculos.\" \/>\n<meta name=\"robots\" content=\"index, follow, max-snippet:-1, max-image-preview:large, max-video-preview:-1\" \/>\n<link rel=\"canonical\" href=\"https:\/\/buletin.de\/bucuresti\/schema-prin-care-a-fost-legalizat-cel-mai-mare-tun-imobiliar-din-istoria-capitalei-dosarul-lui-popoviciu-spalat-de-o-hidra-judiciara-recorder\/\" \/>\n<meta property=\"og:locale\" content=\"en_GB\" \/>\n<meta property=\"og:type\" content=\"article\" \/>\n<meta property=\"og:title\" content=\"Schema prin care a fost legalizat cel mai mare tun imobiliar din istoria Capitalei: Dosarul lui Popoviciu, \u201esp\u0103lat\u201d de o hidr\u0103 judiciar\u0103 | Recorder\" \/>\n<meta property=\"og:description\" content=\"Recorder arat\u0103 cum, prin dosarul lui Puiu Popoviciu, oameni de la v\u00e2rful justi\u021biei din Rom\u00e2nia au creat un precedent periculos.\" \/>\n<meta property=\"og:url\" content=\"https:\/\/buletin.de\/bucuresti\/schema-prin-care-a-fost-legalizat-cel-mai-mare-tun-imobiliar-din-istoria-capitalei-dosarul-lui-popoviciu-spalat-de-o-hidra-judiciara-recorder\/\" \/>\n<meta property=\"og:site_name\" content=\"Buletin de Bucure\u0219ti\" \/>\n<meta property=\"article:publisher\" content=\"https:\/\/www.facebook.com\/buletin.de.buc\" \/>\n<meta property=\"article:published_time\" content=\"2025-12-10T08:49:19+00:00\" \/>\n<meta property=\"article:modified_time\" content=\"2025-12-11T03:14:17+00:00\" \/>\n<meta property=\"og:image\" content=\"https:\/\/buletin.de\/bucuresti\/wp-content\/uploads\/2025\/12\/ID325276_INQUAM_Photos_Pana_Tudor-scaled.jpg\" \/>\n\t<meta property=\"og:image:width\" content=\"2560\" \/>\n\t<meta property=\"og:image:height\" content=\"1707\" \/>\n\t<meta property=\"og:image:type\" content=\"image\/jpeg\" \/>\n<meta name=\"author\" content=\"Redac\u021bia Buletin de Bucure\u0219ti\" \/>\n<meta name=\"twitter:card\" content=\"summary_large_image\" \/>\n<meta name=\"twitter:label1\" content=\"Written by\" \/>\n\t<meta name=\"twitter:data1\" content=\"Redac\u021bia Buletin de Bucure\u0219ti\" \/>\n\t<meta name=\"twitter:label2\" content=\"Estimated reading time\" \/>\n\t<meta name=\"twitter:data2\" content=\"3 minutes\" \/>\n<script type=\"application\/ld+json\" class=\"yoast-schema-graph\">{\"@context\":\"https:\\\/\\\/schema.org\",\"@graph\":[{\"@type\":\"Article\",\"@id\":\"https:\\\/\\\/buletin.de\\\/bucuresti\\\/schema-prin-care-a-fost-legalizat-cel-mai-mare-tun-imobiliar-din-istoria-capitalei-dosarul-lui-popoviciu-spalat-de-o-hidra-judiciara-recorder\\\/#article\",\"isPartOf\":{\"@id\":\"https:\\\/\\\/buletin.de\\\/bucuresti\\\/schema-prin-care-a-fost-legalizat-cel-mai-mare-tun-imobiliar-din-istoria-capitalei-dosarul-lui-popoviciu-spalat-de-o-hidra-judiciara-recorder\\\/\"},\"author\":{\"name\":\"Redac\u021bia Buletin de Bucure\u0219ti\",\"@id\":\"https:\\\/\\\/buletin.de\\\/bucuresti\\\/#\\\/schema\\\/person\\\/2bbcf854e5f2419a13804af574d06ab1\"},\"headline\":\"Schema prin care a fost legalizat cel mai mare tun imobiliar din istoria Capitalei: Dosarul lui Popoviciu, \u201esp\u0103lat\u201d de o hidr\u0103 judiciar\u0103 | Recorder\",\"datePublished\":\"2025-12-10T08:49:19+00:00\",\"dateModified\":\"2025-12-11T03:14:17+00:00\",\"mainEntityOfPage\":{\"@id\":\"https:\\\/\\\/buletin.de\\\/bucuresti\\\/schema-prin-care-a-fost-legalizat-cel-mai-mare-tun-imobiliar-din-istoria-capitalei-dosarul-lui-popoviciu-spalat-de-o-hidra-judiciara-recorder\\\/\"},\"wordCount\":730,\"publisher\":{\"@id\":\"https:\\\/\\\/buletin.de\\\/bucuresti\\\/#organization\"},\"image\":{\"@id\":\"https:\\\/\\\/buletin.de\\\/bucuresti\\\/schema-prin-care-a-fost-legalizat-cel-mai-mare-tun-imobiliar-din-istoria-capitalei-dosarul-lui-popoviciu-spalat-de-o-hidra-judiciara-recorder\\\/#primaryimage\"},\"thumbnailUrl\":\"https:\\\/\\\/buletin.de\\\/bucuresti\\\/wp-content\\\/uploads\\\/2025\\\/12\\\/ID325276_INQUAM_Photos_Pana_Tudor-scaled.jpg\",\"keywords\":[\"coruptie\",\"dosare\",\"justitie\",\"popoviciu\",\"prescriere\",\"savonea\",\"vanghelie\"],\"articleSection\":[\"Articole\",\"Eveniment\",\"Main\"],\"inLanguage\":\"en-GB\",\"copyrightYear\":\"2025\",\"copyrightHolder\":{\"@id\":\"https:\\\/\\\/buletin.de\\\/bucuresti\\\/#organization\"}},{\"@type\":\"WebPage\",\"@id\":\"https:\\\/\\\/buletin.de\\\/bucuresti\\\/schema-prin-care-a-fost-legalizat-cel-mai-mare-tun-imobiliar-din-istoria-capitalei-dosarul-lui-popoviciu-spalat-de-o-hidra-judiciara-recorder\\\/\",\"url\":\"https:\\\/\\\/buletin.de\\\/bucuresti\\\/schema-prin-care-a-fost-legalizat-cel-mai-mare-tun-imobiliar-din-istoria-capitalei-dosarul-lui-popoviciu-spalat-de-o-hidra-judiciara-recorder\\\/\",\"name\":\"Schema prin care a fost legalizat cel mai mare tun imobiliar din istoria Capitalei: Dosarul lui Popoviciu, \u201esp\u0103lat\u201d de o hidr\u0103 judiciar\u0103 | Recorder - Buletin de Bucure\u0219ti\",\"isPartOf\":{\"@id\":\"https:\\\/\\\/buletin.de\\\/bucuresti\\\/#website\"},\"primaryImageOfPage\":{\"@id\":\"https:\\\/\\\/buletin.de\\\/bucuresti\\\/schema-prin-care-a-fost-legalizat-cel-mai-mare-tun-imobiliar-din-istoria-capitalei-dosarul-lui-popoviciu-spalat-de-o-hidra-judiciara-recorder\\\/#primaryimage\"},\"image\":{\"@id\":\"https:\\\/\\\/buletin.de\\\/bucuresti\\\/schema-prin-care-a-fost-legalizat-cel-mai-mare-tun-imobiliar-din-istoria-capitalei-dosarul-lui-popoviciu-spalat-de-o-hidra-judiciara-recorder\\\/#primaryimage\"},\"thumbnailUrl\":\"https:\\\/\\\/buletin.de\\\/bucuresti\\\/wp-content\\\/uploads\\\/2025\\\/12\\\/ID325276_INQUAM_Photos_Pana_Tudor-scaled.jpg\",\"datePublished\":\"2025-12-10T08:49:19+00:00\",\"dateModified\":\"2025-12-11T03:14:17+00:00\",\"description\":\"Recorder arat\u0103 cum, prin dosarul lui Puiu Popoviciu, oameni de la v\u00e2rful justi\u021biei din Rom\u00e2nia au creat un precedent periculos.\",\"breadcrumb\":{\"@id\":\"https:\\\/\\\/buletin.de\\\/bucuresti\\\/schema-prin-care-a-fost-legalizat-cel-mai-mare-tun-imobiliar-din-istoria-capitalei-dosarul-lui-popoviciu-spalat-de-o-hidra-judiciara-recorder\\\/#breadcrumb\"},\"inLanguage\":\"en-GB\",\"potentialAction\":[{\"@type\":\"ReadAction\",\"target\":[\"https:\\\/\\\/buletin.de\\\/bucuresti\\\/schema-prin-care-a-fost-legalizat-cel-mai-mare-tun-imobiliar-din-istoria-capitalei-dosarul-lui-popoviciu-spalat-de-o-hidra-judiciara-recorder\\\/\"]}]},{\"@type\":\"ImageObject\",\"inLanguage\":\"en-GB\",\"@id\":\"https:\\\/\\\/buletin.de\\\/bucuresti\\\/schema-prin-care-a-fost-legalizat-cel-mai-mare-tun-imobiliar-din-istoria-capitalei-dosarul-lui-popoviciu-spalat-de-o-hidra-judiciara-recorder\\\/#primaryimage\",\"url\":\"https:\\\/\\\/buletin.de\\\/bucuresti\\\/wp-content\\\/uploads\\\/2025\\\/12\\\/ID325276_INQUAM_Photos_Pana_Tudor-scaled.jpg\",\"contentUrl\":\"https:\\\/\\\/buletin.de\\\/bucuresti\\\/wp-content\\\/uploads\\\/2025\\\/12\\\/ID325276_INQUAM_Photos_Pana_Tudor-scaled.jpg\",\"width\":2560,\"height\":1707,\"caption\":\"Dosarul lui Popoviciu, \u201esp\u0103lat\u201d de o hidr\u0103 judiciar\u0103. FOTO: Inquam Photos\\\/Pan\u0103 Tudor\"},{\"@type\":\"BreadcrumbList\",\"@id\":\"https:\\\/\\\/buletin.de\\\/bucuresti\\\/schema-prin-care-a-fost-legalizat-cel-mai-mare-tun-imobiliar-din-istoria-capitalei-dosarul-lui-popoviciu-spalat-de-o-hidra-judiciara-recorder\\\/#breadcrumb\",\"itemListElement\":[{\"@type\":\"ListItem\",\"position\":1,\"name\":\"Acas\u0103\",\"item\":\"https:\\\/\\\/buletin.de\\\/bucuresti\\\/\"},{\"@type\":\"ListItem\",\"position\":2,\"name\":\"Schema prin care a fost legalizat cel mai mare tun imobiliar din istoria Capitalei: Dosarul lui Popoviciu, \u201esp\u0103lat\u201d de o hidr\u0103 judiciar\u0103 | Recorder\"}]},{\"@type\":\"WebSite\",\"@id\":\"https:\\\/\\\/buletin.de\\\/bucuresti\\\/#website\",\"url\":\"https:\\\/\\\/buletin.de\\\/bucuresti\\\/\",\"name\":\"Buletin de Bucure\u0219ti\",\"description\":\"\u0218tiri \u0219i investiga\u021bii esen\u021biale din capital\u0103\",\"publisher\":{\"@id\":\"https:\\\/\\\/buletin.de\\\/bucuresti\\\/#organization\"},\"potentialAction\":[{\"@type\":\"SearchAction\",\"target\":{\"@type\":\"EntryPoint\",\"urlTemplate\":\"https:\\\/\\\/buletin.de\\\/bucuresti\\\/?s={search_term_string}\"},\"query-input\":{\"@type\":\"PropertyValueSpecification\",\"valueRequired\":true,\"valueName\":\"search_term_string\"}}],\"inLanguage\":\"en-GB\"},{\"@type\":\"Organization\",\"@id\":\"https:\\\/\\\/buletin.de\\\/bucuresti\\\/#organization\",\"name\":\"Buletin de Bucure\u0219ti\",\"url\":\"https:\\\/\\\/buletin.de\\\/bucuresti\\\/\",\"logo\":{\"@type\":\"ImageObject\",\"inLanguage\":\"en-GB\",\"@id\":\"https:\\\/\\\/buletin.de\\\/bucuresti\\\/#\\\/schema\\\/logo\\\/image\\\/\",\"url\":\"https:\\\/\\\/buletin.de\\\/bucuresti\\\/wp-content\\\/uploads\\\/logo-bdb-full-wide-vernil-transparent.png\",\"contentUrl\":\"https:\\\/\\\/buletin.de\\\/bucuresti\\\/wp-content\\\/uploads\\\/logo-bdb-full-wide-vernil-transparent.png\",\"width\":1782,\"height\":626,\"caption\":\"Buletin de Bucure\u0219ti\"},\"image\":{\"@id\":\"https:\\\/\\\/buletin.de\\\/bucuresti\\\/#\\\/schema\\\/logo\\\/image\\\/\"},\"sameAs\":[\"https:\\\/\\\/www.facebook.com\\\/buletin.de.buc\",\"https:\\\/\\\/www.instagram.com\\\/buletinde.bucuresti\\\/\"]},{\"@type\":\"Person\",\"@id\":\"https:\\\/\\\/buletin.de\\\/bucuresti\\\/#\\\/schema\\\/person\\\/2bbcf854e5f2419a13804af574d06ab1\",\"name\":\"Redac\u021bia Buletin de Bucure\u0219ti\",\"image\":{\"@type\":\"ImageObject\",\"inLanguage\":\"en-GB\",\"@id\":\"https:\\\/\\\/secure.gravatar.com\\\/avatar\\\/18c5342381ed1a08620e6280424e3e5efc958618f5d67c522c9e44c1bc6f9226?s=96&d=monsterid&r=g60c7cd0ad92c68c049fcd4bb3504d609\",\"url\":\"https:\\\/\\\/secure.gravatar.com\\\/avatar\\\/18c5342381ed1a08620e6280424e3e5efc958618f5d67c522c9e44c1bc6f9226?s=96&d=monsterid&r=g\",\"contentUrl\":\"https:\\\/\\\/secure.gravatar.com\\\/avatar\\\/18c5342381ed1a08620e6280424e3e5efc958618f5d67c522c9e44c1bc6f9226?s=96&d=monsterid&r=g\",\"caption\":\"Redac\u021bia Buletin de Bucure\u0219ti\"},\"description\":\"Buletin de Bucure\u0219ti exist\u0103 din vara anului 2019.\",\"url\":\"https:\\\/\\\/buletin.de\\\/bucuresti\\\/author\\\/adminbuletin\\\/\"}]}<\/script>\n<!-- \/ Yoast SEO Premium plugin. -->","yoast_head_json":{"title":"Schema prin care a fost legalizat cel mai mare tun imobiliar din istoria Capitalei: Dosarul lui Popoviciu, \u201esp\u0103lat\u201d de o hidr\u0103 judiciar\u0103 | Recorder - Buletin de Bucure\u0219ti","description":"Recorder arat\u0103 cum, prin dosarul lui Puiu Popoviciu, oameni de la v\u00e2rful justi\u021biei din Rom\u00e2nia au creat un precedent periculos.","robots":{"index":"index","follow":"follow","max-snippet":"max-snippet:-1","max-image-preview":"max-image-preview:large","max-video-preview":"max-video-preview:-1"},"canonical":"https:\/\/buletin.de\/bucuresti\/schema-prin-care-a-fost-legalizat-cel-mai-mare-tun-imobiliar-din-istoria-capitalei-dosarul-lui-popoviciu-spalat-de-o-hidra-judiciara-recorder\/","og_locale":"en_GB","og_type":"article","og_title":"Schema prin care a fost legalizat cel mai mare tun imobiliar din istoria Capitalei: Dosarul lui Popoviciu, \u201esp\u0103lat\u201d de o hidr\u0103 judiciar\u0103 | Recorder","og_description":"Recorder arat\u0103 cum, prin dosarul lui Puiu Popoviciu, oameni de la v\u00e2rful justi\u021biei din Rom\u00e2nia au creat un precedent periculos.","og_url":"https:\/\/buletin.de\/bucuresti\/schema-prin-care-a-fost-legalizat-cel-mai-mare-tun-imobiliar-din-istoria-capitalei-dosarul-lui-popoviciu-spalat-de-o-hidra-judiciara-recorder\/","og_site_name":"Buletin de Bucure\u0219ti","article_publisher":"https:\/\/www.facebook.com\/buletin.de.buc","article_published_time":"2025-12-10T08:49:19+00:00","article_modified_time":"2025-12-11T03:14:17+00:00","og_image":[{"width":2560,"height":1707,"url":"https:\/\/buletin.de\/bucuresti\/wp-content\/uploads\/2025\/12\/ID325276_INQUAM_Photos_Pana_Tudor-scaled.jpg","type":"image\/jpeg"}],"author":"Redac\u021bia Buletin de Bucure\u0219ti","twitter_card":"summary_large_image","twitter_misc":{"Written by":"Redac\u021bia Buletin de Bucure\u0219ti","Estimated reading time":"3 minutes"},"schema":{"@context":"https:\/\/schema.org","@graph":[{"@type":"Article","@id":"https:\/\/buletin.de\/bucuresti\/schema-prin-care-a-fost-legalizat-cel-mai-mare-tun-imobiliar-din-istoria-capitalei-dosarul-lui-popoviciu-spalat-de-o-hidra-judiciara-recorder\/#article","isPartOf":{"@id":"https:\/\/buletin.de\/bucuresti\/schema-prin-care-a-fost-legalizat-cel-mai-mare-tun-imobiliar-din-istoria-capitalei-dosarul-lui-popoviciu-spalat-de-o-hidra-judiciara-recorder\/"},"author":{"name":"Redac\u021bia Buletin de Bucure\u0219ti","@id":"https:\/\/buletin.de\/bucuresti\/#\/schema\/person\/2bbcf854e5f2419a13804af574d06ab1"},"headline":"Schema prin care a fost legalizat cel mai mare tun imobiliar din istoria Capitalei: Dosarul lui Popoviciu, \u201esp\u0103lat\u201d de o hidr\u0103 judiciar\u0103 | Recorder","datePublished":"2025-12-10T08:49:19+00:00","dateModified":"2025-12-11T03:14:17+00:00","mainEntityOfPage":{"@id":"https:\/\/buletin.de\/bucuresti\/schema-prin-care-a-fost-legalizat-cel-mai-mare-tun-imobiliar-din-istoria-capitalei-dosarul-lui-popoviciu-spalat-de-o-hidra-judiciara-recorder\/"},"wordCount":730,"publisher":{"@id":"https:\/\/buletin.de\/bucuresti\/#organization"},"image":{"@id":"https:\/\/buletin.de\/bucuresti\/schema-prin-care-a-fost-legalizat-cel-mai-mare-tun-imobiliar-din-istoria-capitalei-dosarul-lui-popoviciu-spalat-de-o-hidra-judiciara-recorder\/#primaryimage"},"thumbnailUrl":"https:\/\/buletin.de\/bucuresti\/wp-content\/uploads\/2025\/12\/ID325276_INQUAM_Photos_Pana_Tudor-scaled.jpg","keywords":["coruptie","dosare","justitie","popoviciu","prescriere","savonea","vanghelie"],"articleSection":["Articole","Eveniment","Main"],"inLanguage":"en-GB","copyrightYear":"2025","copyrightHolder":{"@id":"https:\/\/buletin.de\/bucuresti\/#organization"}},{"@type":"WebPage","@id":"https:\/\/buletin.de\/bucuresti\/schema-prin-care-a-fost-legalizat-cel-mai-mare-tun-imobiliar-din-istoria-capitalei-dosarul-lui-popoviciu-spalat-de-o-hidra-judiciara-recorder\/","url":"https:\/\/buletin.de\/bucuresti\/schema-prin-care-a-fost-legalizat-cel-mai-mare-tun-imobiliar-din-istoria-capitalei-dosarul-lui-popoviciu-spalat-de-o-hidra-judiciara-recorder\/","name":"Schema prin care a fost legalizat cel mai mare tun imobiliar din istoria Capitalei: Dosarul lui Popoviciu, \u201esp\u0103lat\u201d de o hidr\u0103 judiciar\u0103 | Recorder - Buletin de Bucure\u0219ti","isPartOf":{"@id":"https:\/\/buletin.de\/bucuresti\/#website"},"primaryImageOfPage":{"@id":"https:\/\/buletin.de\/bucuresti\/schema-prin-care-a-fost-legalizat-cel-mai-mare-tun-imobiliar-din-istoria-capitalei-dosarul-lui-popoviciu-spalat-de-o-hidra-judiciara-recorder\/#primaryimage"},"image":{"@id":"https:\/\/buletin.de\/bucuresti\/schema-prin-care-a-fost-legalizat-cel-mai-mare-tun-imobiliar-din-istoria-capitalei-dosarul-lui-popoviciu-spalat-de-o-hidra-judiciara-recorder\/#primaryimage"},"thumbnailUrl":"https:\/\/buletin.de\/bucuresti\/wp-content\/uploads\/2025\/12\/ID325276_INQUAM_Photos_Pana_Tudor-scaled.jpg","datePublished":"2025-12-10T08:49:19+00:00","dateModified":"2025-12-11T03:14:17+00:00","description":"Recorder arat\u0103 cum, prin dosarul lui Puiu Popoviciu, oameni de la v\u00e2rful justi\u021biei din Rom\u00e2nia au creat un precedent periculos.","breadcrumb":{"@id":"https:\/\/buletin.de\/bucuresti\/schema-prin-care-a-fost-legalizat-cel-mai-mare-tun-imobiliar-din-istoria-capitalei-dosarul-lui-popoviciu-spalat-de-o-hidra-judiciara-recorder\/#breadcrumb"},"inLanguage":"en-GB","potentialAction":[{"@type":"ReadAction","target":["https:\/\/buletin.de\/bucuresti\/schema-prin-care-a-fost-legalizat-cel-mai-mare-tun-imobiliar-din-istoria-capitalei-dosarul-lui-popoviciu-spalat-de-o-hidra-judiciara-recorder\/"]}]},{"@type":"ImageObject","inLanguage":"en-GB","@id":"https:\/\/buletin.de\/bucuresti\/schema-prin-care-a-fost-legalizat-cel-mai-mare-tun-imobiliar-din-istoria-capitalei-dosarul-lui-popoviciu-spalat-de-o-hidra-judiciara-recorder\/#primaryimage","url":"https:\/\/buletin.de\/bucuresti\/wp-content\/uploads\/2025\/12\/ID325276_INQUAM_Photos_Pana_Tudor-scaled.jpg","contentUrl":"https:\/\/buletin.de\/bucuresti\/wp-content\/uploads\/2025\/12\/ID325276_INQUAM_Photos_Pana_Tudor-scaled.jpg","width":2560,"height":1707,"caption":"Dosarul lui Popoviciu, \u201esp\u0103lat\u201d de o hidr\u0103 judiciar\u0103. FOTO: Inquam Photos\/Pan\u0103 Tudor"},{"@type":"BreadcrumbList","@id":"https:\/\/buletin.de\/bucuresti\/schema-prin-care-a-fost-legalizat-cel-mai-mare-tun-imobiliar-din-istoria-capitalei-dosarul-lui-popoviciu-spalat-de-o-hidra-judiciara-recorder\/#breadcrumb","itemListElement":[{"@type":"ListItem","position":1,"name":"Acas\u0103","item":"https:\/\/buletin.de\/bucuresti\/"},{"@type":"ListItem","position":2,"name":"Schema prin care a fost legalizat cel mai mare tun imobiliar din istoria Capitalei: Dosarul lui Popoviciu, \u201esp\u0103lat\u201d de o hidr\u0103 judiciar\u0103 | Recorder"}]},{"@type":"WebSite","@id":"https:\/\/buletin.de\/bucuresti\/#website","url":"https:\/\/buletin.de\/bucuresti\/","name":"Buletin de Bucure\u0219ti","description":"\u0218tiri \u0219i investiga\u021bii esen\u021biale din capital\u0103","publisher":{"@id":"https:\/\/buletin.de\/bucuresti\/#organization"},"potentialAction":[{"@type":"SearchAction","target":{"@type":"EntryPoint","urlTemplate":"https:\/\/buletin.de\/bucuresti\/?s={search_term_string}"},"query-input":{"@type":"PropertyValueSpecification","valueRequired":true,"valueName":"search_term_string"}}],"inLanguage":"en-GB"},{"@type":"Organization","@id":"https:\/\/buletin.de\/bucuresti\/#organization","name":"Buletin de Bucure\u0219ti","url":"https:\/\/buletin.de\/bucuresti\/","logo":{"@type":"ImageObject","inLanguage":"en-GB","@id":"https:\/\/buletin.de\/bucuresti\/#\/schema\/logo\/image\/","url":"https:\/\/buletin.de\/bucuresti\/wp-content\/uploads\/logo-bdb-full-wide-vernil-transparent.png","contentUrl":"https:\/\/buletin.de\/bucuresti\/wp-content\/uploads\/logo-bdb-full-wide-vernil-transparent.png","width":1782,"height":626,"caption":"Buletin de Bucure\u0219ti"},"image":{"@id":"https:\/\/buletin.de\/bucuresti\/#\/schema\/logo\/image\/"},"sameAs":["https:\/\/www.facebook.com\/buletin.de.buc","https:\/\/www.instagram.com\/buletinde.bucuresti\/"]},{"@type":"Person","@id":"https:\/\/buletin.de\/bucuresti\/#\/schema\/person\/2bbcf854e5f2419a13804af574d06ab1","name":"Redac\u021bia Buletin de Bucure\u0219ti","image":{"@type":"ImageObject","inLanguage":"en-GB","@id":"https:\/\/secure.gravatar.com\/avatar\/18c5342381ed1a08620e6280424e3e5efc958618f5d67c522c9e44c1bc6f9226?s=96&d=monsterid&r=g60c7cd0ad92c68c049fcd4bb3504d609","url":"https:\/\/secure.gravatar.com\/avatar\/18c5342381ed1a08620e6280424e3e5efc958618f5d67c522c9e44c1bc6f9226?s=96&d=monsterid&r=g","contentUrl":"https:\/\/secure.gravatar.com\/avatar\/18c5342381ed1a08620e6280424e3e5efc958618f5d67c522c9e44c1bc6f9226?s=96&d=monsterid&r=g","caption":"Redac\u021bia Buletin de Bucure\u0219ti"},"description":"Buletin de Bucure\u0219ti exist\u0103 din vara anului 2019.","url":"https:\/\/buletin.de\/bucuresti\/author\/adminbuletin\/"}]}},"authors":[{"term_id":22583,"user_id":1,"is_guest":0,"slug":"adminbuletin","display_name":"Redac\u021bia Buletin de Bucure\u0219ti","avatar_url":"https:\/\/secure.gravatar.com\/avatar\/18c5342381ed1a08620e6280424e3e5efc958618f5d67c522c9e44c1bc6f9226?s=96&d=monsterid&r=g","0":null,"1":"","2":"","3":"","4":"","5":"","6":"","7":"","8":""}],"_links":{"self":[{"href":"https:\/\/buletin.de\/bucuresti\/wp-json\/wp\/v2\/posts\/161755","targetHints":{"allow":["GET"]}}],"collection":[{"href":"https:\/\/buletin.de\/bucuresti\/wp-json\/wp\/v2\/posts"}],"about":[{"href":"https:\/\/buletin.de\/bucuresti\/wp-json\/wp\/v2\/types\/post"}],"author":[{"embeddable":true,"href":"https:\/\/buletin.de\/bucuresti\/wp-json\/wp\/v2\/users\/1"}],"replies":[{"embeddable":true,"href":"https:\/\/buletin.de\/bucuresti\/wp-json\/wp\/v2\/comments?post=161755"}],"version-history":[{"count":6,"href":"https:\/\/buletin.de\/bucuresti\/wp-json\/wp\/v2\/posts\/161755\/revisions"}],"predecessor-version":[{"id":161907,"href":"https:\/\/buletin.de\/bucuresti\/wp-json\/wp\/v2\/posts\/161755\/revisions\/161907"}],"wp:featuredmedia":[{"embeddable":true,"href":"https:\/\/buletin.de\/bucuresti\/wp-json\/wp\/v2\/media\/161760"}],"wp:attachment":[{"href":"https:\/\/buletin.de\/bucuresti\/wp-json\/wp\/v2\/media?parent=161755"}],"wp:term":[{"taxonomy":"category","embeddable":true,"href":"https:\/\/buletin.de\/bucuresti\/wp-json\/wp\/v2\/categories?post=161755"},{"taxonomy":"post_tag","embeddable":true,"href":"https:\/\/buletin.de\/bucuresti\/wp-json\/wp\/v2\/tags?post=161755"},{"taxonomy":"author","embeddable":true,"href":"https:\/\/buletin.de\/bucuresti\/wp-json\/wp\/v2\/ppma_author?post=161755"}],"curies":[{"name":"wp","href":"https:\/\/api.w.org\/{rel}","templated":true}]}}