{"id":161732,"date":"2025-12-09T19:33:08","date_gmt":"2025-12-09T16:33:08","guid":{"rendered":"https:\/\/buletin.de\/bucuresti\/?p=161732"},"modified":"2025-12-14T12:39:30","modified_gmt":"2025-12-14T09:39:30","slug":"tramvaiul-nu-a-revenit-pe-linia-5-contrar-promisiunii-pmb","status":"publish","type":"post","link":"https:\/\/buletin.de\/bucuresti\/tramvaiul-nu-a-revenit-pe-linia-5-contrar-promisiunii-pmb\/","title":{"rendered":"Tramvaiul nu a revenit pe linia 5, contrar promisiunii Prim\u0103riei Capitalei. Linia este \u00eenchis\u0103 de 8 ani"},"content":{"rendered":"\n<p><strong>Primarul general interimar Stelian Bujduveanu anun\u021base, \u00eentr-o declara\u021bie pentru Buletin de Bucure\u0219ti, c\u0103 tramvaiul va reveni pe linia 5 de mar\u021bi, 9 decembrie. Dar acest lucru nu s-a \u00eent\u00e2mplat. <\/strong><\/p>\n\n\n\n<p><strong>CITE\u0218TE \u0218I: <a href=\"https:\/\/buletin.de\/bucuresti\/a-doua-amanare-pentru-redeschiderea-liniei-5-tbpi-nu-mai-ofera-acum-nici-un-alt-termen-club-feroviar\/\" target=\"_blank\" rel=\"noreferrer noopener\">A treia am\u00e2nare pentru redeschiderea liniei 5. TBPI nu mai ofer\u0103 acum nici un alt termen | Club feroviar<\/a><\/strong><\/p>\n\n\n\n<p><strong>La fa\u021ba locului, semafoarele destinate tramvaielor sunt \u00eenc\u0103 acoperite, iar \u00een zona Barbu V\u0103c\u0103rescu \u2013 Alexandru \u0218erb\u0103nescu linia este ocupat\u0103 de autoturisme, care folosesc linia de tramvai ca band\u0103 de circula\u021bie.<\/strong><\/p>\n\n\n\n<p>\u00cen ciuda termenului <a href=\"https:\/\/buletin.de\/bucuresti\/oficial-linia-5-de-tramvai-va-fi-redeschisa-pe-9-decembrie\/\" target=\"_blank\" rel=\"noreferrer noopener\">comunicat s\u0103pt\u0103m\u00e2na trecut\u0103<\/a>, primarul interimar nu a oferit deocamdat\u0103 o explica\u021bie pentru \u00eent\u00e2rziere. Am solicitat un punct de vedere de la <a href=\"https:\/\/www.pmb.ro\/\">PMB<\/a>, \u00eens\u0103 p\u00e2n\u0103 la momentul public\u0103rii nu am primit niciun r\u0103spuns.<\/p>\n\n\n\n<figure class=\"wp-block-gallery has-nested-images columns-default is-cropped wp-block-gallery-1 is-layout-flex wp-block-gallery-is-layout-flex\">\n<figure class=\"wp-block-image size-full\"><a href=\"https:\/\/buletin.de\/bucuresti\/wp-content\/uploads\/2025\/12\/WhatsApp-Image-2025-12-09-at-18.13.25.jpeg\"><img fetchpriority=\"high\" decoding=\"async\" width=\"2048\" height=\"1536\" data-id=\"161738\" src=\"data:image\/gif;base64,R0lGODlhAQABAAAAACH5BAEKAAEALAAAAAABAAEAAAICTAEAOw==\" data-src=\"https:\/\/buletin.de\/bucuresti\/wp-content\/uploads\/2025\/12\/WhatsApp-Image-2025-12-09-at-18.13.25.jpeg\" alt=\"\" class=\"wp-image-161738 lazyload\" data-sizes=\"auto\" data-srcset=\"https:\/\/buletin.de\/bucuresti\/wp-content\/uploads\/2025\/12\/WhatsApp-Image-2025-12-09-at-18.13.25.jpeg 2048w, https:\/\/buletin.de\/bucuresti\/wp-content\/uploads\/2025\/12\/WhatsApp-Image-2025-12-09-at-18.13.25-300x225.jpeg 300w, https:\/\/buletin.de\/bucuresti\/wp-content\/uploads\/2025\/12\/WhatsApp-Image-2025-12-09-at-18.13.25-1000x750.jpeg 1000w, https:\/\/buletin.de\/bucuresti\/wp-content\/uploads\/2025\/12\/WhatsApp-Image-2025-12-09-at-18.13.25-768x576.jpeg 768w, https:\/\/buletin.de\/bucuresti\/wp-content\/uploads\/2025\/12\/WhatsApp-Image-2025-12-09-at-18.13.25-1536x1152.jpeg 1536w, https:\/\/buletin.de\/bucuresti\/wp-content\/uploads\/2025\/12\/WhatsApp-Image-2025-12-09-at-18.13.25-1600x1200.jpeg 1600w, https:\/\/buletin.de\/bucuresti\/wp-content\/uploads\/2025\/12\/WhatsApp-Image-2025-12-09-at-18.13.25-1100x825.jpeg 1100w, https:\/\/buletin.de\/bucuresti\/wp-content\/uploads\/2025\/12\/WhatsApp-Image-2025-12-09-at-18.13.25-600x450.jpeg 600w, https:\/\/buletin.de\/bucuresti\/wp-content\/uploads\/2025\/12\/WhatsApp-Image-2025-12-09-at-18.13.25-20x15.jpeg 20w\" sizes=\"(max-width: 2048px) 100vw, 2048px\" \/><\/a><\/figure>\n\n\n\n<figure class=\"wp-block-image size-full\"><a href=\"https:\/\/buletin.de\/bucuresti\/wp-content\/uploads\/2025\/12\/WhatsApp-Image-2025-12-09-at-18.13.23.jpeg\"><img decoding=\"async\" width=\"2048\" height=\"1536\" data-id=\"161739\" src=\"data:image\/gif;base64,R0lGODlhAQABAAAAACH5BAEKAAEALAAAAAABAAEAAAICTAEAOw==\" data-src=\"https:\/\/buletin.de\/bucuresti\/wp-content\/uploads\/2025\/12\/WhatsApp-Image-2025-12-09-at-18.13.23.jpeg\" alt=\"tramvaiul, linia, \u0219i\" class=\"wp-image-161739 lazyload\" data-sizes=\"auto\" data-srcset=\"https:\/\/buletin.de\/bucuresti\/wp-content\/uploads\/2025\/12\/WhatsApp-Image-2025-12-09-at-18.13.23.jpeg 2048w, https:\/\/buletin.de\/bucuresti\/wp-content\/uploads\/2025\/12\/WhatsApp-Image-2025-12-09-at-18.13.23-300x225.jpeg 300w, https:\/\/buletin.de\/bucuresti\/wp-content\/uploads\/2025\/12\/WhatsApp-Image-2025-12-09-at-18.13.23-1000x750.jpeg 1000w, https:\/\/buletin.de\/bucuresti\/wp-content\/uploads\/2025\/12\/WhatsApp-Image-2025-12-09-at-18.13.23-768x576.jpeg 768w, https:\/\/buletin.de\/bucuresti\/wp-content\/uploads\/2025\/12\/WhatsApp-Image-2025-12-09-at-18.13.23-1536x1152.jpeg 1536w, https:\/\/buletin.de\/bucuresti\/wp-content\/uploads\/2025\/12\/WhatsApp-Image-2025-12-09-at-18.13.23-1600x1200.jpeg 1600w, https:\/\/buletin.de\/bucuresti\/wp-content\/uploads\/2025\/12\/WhatsApp-Image-2025-12-09-at-18.13.23-1100x825.jpeg 1100w, https:\/\/buletin.de\/bucuresti\/wp-content\/uploads\/2025\/12\/WhatsApp-Image-2025-12-09-at-18.13.23-600x450.jpeg 600w, https:\/\/buletin.de\/bucuresti\/wp-content\/uploads\/2025\/12\/WhatsApp-Image-2025-12-09-at-18.13.23-20x15.jpeg 20w\" sizes=\"(max-width: 2048px) 100vw, 2048px\" \/><\/a><\/figure>\n<figcaption class=\"blocks-gallery-caption wp-element-caption\">Semafoarele sunt \u00eenc\u0103 acoperite pe linia 5. Foto C\u0103t\u0103lin Anghel-Dimache<\/figcaption><\/figure>\n\n\n\n<p>Declara\u021bia ini\u021bial\u0103 a lui Bujduveanu, pentru Buletin de Bucure\u0219ti, indica faptul c\u0103 deschiderea fusese deja am\u00e2nat\u0103 o dat\u0103, de la 5 decembrie la 9 decembrie, din cauza unei substan\u021be aplicate pe infrastructura c\u0103ii, care necesita timp suplimentar de fixare.<\/p>\n\n\n\n<p>Primarul interimar spunea atunci c\u0103 prefer\u0103 o nou\u0103 dat\u0103 ferm\u0103 \u201epentru a redeschide linia \u00een condi\u021bii normale de func\u021bionare\u201d.<\/p>\n\n\n\n<p>Pe teren, \u00eens\u0103, lucr\u0103rile par \u00eenc\u0103 \u00een desf\u0103\u0219urare \u00een anumite puncte ale traseului, inclusiv la peroane.<\/p>\n\n\n\n<p><strong>CITE\u0218TE \u0218I: <a href=\"https:\/\/buletin.de\/bucuresti\/oficial-linia-5-de-tramvai-va-fi-redeschisa-pe-9-decembrie\/\">OFICIAL | Linia 5 de tramvai va fi redeschis\u0103 pe 9 decembrie<\/a><\/strong><\/p>\n\n\n\n<h2 class=\"wp-block-heading\" id=\"h-tramvaiul-de-pe-linia-5-a-trecut-de-probele-de-dupa-finalizarea-\u0219antierului\">Tramvaiul de pe linia 5 a trecut de probele de dup\u0103 finalizarea \u0219antierului<\/h2>\n\n\n\n<p>Probele tehnice pentru tramvaiul de pe linia 5, de la strada Barbu V\u0103c\u0103rescu la strada C\u0103pitan Aviator Alexandru \u0218erb\u0103nescu, s-au \u00eencheiat cu succes s\u0103pt\u0103m\u00e2na trecut\u0103.<\/p>\n\n\n\n<p>Acesta a fost ultimul pas \u00eenainte ca traseul s\u0103 fie redeschis circula\u021biei. A fost folosit ca tramvai de prob\u0103 un vehicul V3A modernizat la Uzina de Repara\u021bii Atelierele Centrale.<\/p>\n\n\n\n<h2 class=\"wp-block-heading\" id=\"h-primaria-inca-nu-a-platit-datoriile\">Prim\u0103ria \u00eenc\u0103 nu a pl\u0103tit datoriile<\/h2>\n\n\n\n<p>Buletin de Bucure\u0219ti a scris anterior \u0219i despre datoriile restante ale PMB c\u0103tre constructor, de peste 15 milioane de euro. Patronul Mari Vila Com declara s\u0103pt\u0103m\u00e2na trecut\u0103 c\u0103 prim\u0103ria nu a achitat \u00eenc\u0103 integral lucr\u0103rile.<\/p>\n\n\n\n<p><strong>El spunea c\u0103 termenul \u00eenaintat de prim\u0103rie pentru plata datoriei a fost octombrie.<\/strong><\/p>\n\n\n\n<p><em>\u201eAu mai dat c\u00e2te 5 milioane, din august, c\u00e2te cinci. S-au mai apropiat. Sper\u0103m acum s\u0103 ia fondurile europene,&nbsp;<strong>ca s\u0103 ne pl\u0103teasc\u0103 integral<\/strong>\u201d<\/em>, a spus constructorul.<\/p>\n\n\n\n<h2 class=\"wp-block-heading\" id=\"h-linia-inchisa-de-8-ani\">Linia, \u00eenchis\u0103 de 8 ani<\/h2>\n\n\n\n<p>Circula\u021bia tramvaielor liniei 5 \u00eentre B\u0103neasa \u2013 Barbu Vac\u0103rescu \u2013 Terminal Sf. Gheorghe a fost sistat\u0103 \u00een septembrie 2017.<\/p>\n\n\n\n<p>Reabilitarea liniei, care leag\u0103 Pia\u021ba Sf\u00e2ntul Gheorghe de Aeroportul B\u0103neasa \u0219i deserve\u0219te cartierele Floreasca, Avia\u021biei, Pipera \u0219i B\u0103neasa, a \u00eenceput \u00een februarie 2024.<\/p>\n\n\n\n<p>Lucr\u0103rile la linia 5 ar fi trebuit s\u0103 fie finalizate \u00een februarie 2025.<\/p>\n\n\n\n<p>Potrivit primarului interimar, modernizarea a inclus refacerea c\u0103ii de rulare, demolarea vechilor peroane \u0219i construirea a cel pu\u021bin 15 peroane noi, echipate cu ad\u0103posturi, camere video \u0219i sisteme de siguran\u021b\u0103.<\/p>\n\n\n\n<p>De asemenea, re\u021beaua de iluminat public a fost ref\u0103cut\u0103 cu becuri LED, iar semafoarele de pe bulevardele Barbu V\u0103c\u0103rescu \u0219i Alexandru \u0218erb\u0103nescu au fost relocate.<\/p>\n\n\n\n<p><strong>CITE\u0218TE \u0218I: <a href=\"https:\/\/buletin.de\/bucuresti\/radiografia-magistralei-6-otopeni-la-ce-statie-lucrarile-sunt-cele-mai-avansate\/\">Radiografia Magistralei 6 Otopeni. La ce sta\u021bie lucr\u0103rile sunt cele mai avansate<\/a><\/strong><\/p>\n","protected":false},"excerpt":{"rendered":"<p>Primarul general interimar Stelian Bujduveanu anun\u021base, \u00eentr-o declara\u021bie pentru Buletin de Bucure\u0219ti, c\u0103 tramvaiul va reveni pe linia 5 de mar\u021bi, 9 decembrie. Dar acest lucru nu s-a \u00eent\u00e2mplat. CITE\u0218TE \u0218I: A treia am\u00e2nare pentru redeschiderea liniei 5. TBPI nu mai ofer\u0103 acum nici un alt termen | Club feroviar La fa\u021ba locului, semafoarele destinate [&hellip;]<\/p>\n","protected":false},"author":59,"featured_media":161737,"comment_status":"closed","ping_status":"open","sticky":false,"template":"","format":"standard","meta":{"_acf_changed":false,"inline_featured_image":false,"ngg_post_thumbnail":0,"footnotes":""},"categories":[6994,5762,24,650],"tags":[4226,25102,25101,10511],"ppma_author":[22572],"class_list":["post-161732","post","type-post","status-publish","format-standard","has-post-thumbnail","hentry","category-stiri-2","category-main","category-primarie","category-transport","tag-linia-5","tag-probe-linia-5","tag-redeschidere-linia-5","tag-tramvaiul-corporatistilor"],"acf":[],"yoast_head":"<!-- This site is optimized with the Yoast SEO Premium plugin v25.3 (Yoast SEO v27.4) - https:\/\/yoast.com\/product\/yoast-seo-premium-wordpress\/ -->\n<title>Tramvaiul nu a revenit pe linia 5, contrar promisiunii Prim\u0103riei Capitalei. Linia este \u00eenchis\u0103 de 8 ani - Buletin de Bucure\u0219ti<\/title>\n<meta name=\"description\" content=\"Tramvaiul nu a revenit pe Linia 5, contrar promisiunii Prim\u0103riei Capitalei. Semafoarele destinate tramvaielor sunt \u00eenc\u0103 acoperite.\" \/>\n<meta name=\"robots\" content=\"index, follow, max-snippet:-1, max-image-preview:large, max-video-preview:-1\" \/>\n<link rel=\"canonical\" href=\"https:\/\/buletin.de\/bucuresti\/tramvaiul-nu-a-revenit-pe-linia-5-contrar-promisiunii-pmb\/\" \/>\n<meta property=\"og:locale\" content=\"en_GB\" \/>\n<meta property=\"og:type\" content=\"article\" \/>\n<meta property=\"og:title\" content=\"Tramvaiul nu a revenit pe linia 5, contrar promisiunii Prim\u0103riei Capitalei. Linia este \u00eenchis\u0103 de 8 ani\" \/>\n<meta property=\"og:description\" content=\"Tramvaiul nu a revenit pe Linia 5, contrar promisiunii Prim\u0103riei Capitalei. Semafoarele destinate tramvaielor sunt \u00eenc\u0103 acoperite.\" \/>\n<meta property=\"og:url\" content=\"https:\/\/buletin.de\/bucuresti\/tramvaiul-nu-a-revenit-pe-linia-5-contrar-promisiunii-pmb\/\" \/>\n<meta property=\"og:site_name\" content=\"Buletin de Bucure\u0219ti\" \/>\n<meta property=\"article:publisher\" content=\"https:\/\/www.facebook.com\/buletin.de.buc\" \/>\n<meta property=\"article:published_time\" content=\"2025-12-09T16:33:08+00:00\" \/>\n<meta property=\"article:modified_time\" content=\"2025-12-14T09:39:30+00:00\" \/>\n<meta property=\"og:image\" content=\"https:\/\/buletin.de\/bucuresti\/wp-content\/uploads\/2025\/12\/WhatsApp-Image-2025-12-09-at-18.13.24.jpeg\" \/>\n\t<meta property=\"og:image:width\" content=\"2048\" \/>\n\t<meta property=\"og:image:height\" content=\"1536\" \/>\n\t<meta property=\"og:image:type\" content=\"image\/jpeg\" \/>\n<meta name=\"author\" content=\"C\u0103t\u0103lin Anghel-Dimache\" \/>\n<meta name=\"twitter:card\" content=\"summary_large_image\" \/>\n<meta name=\"twitter:label1\" content=\"Written by\" \/>\n\t<meta name=\"twitter:data1\" content=\"C\u0103t\u0103lin Anghel-Dimache\" \/>\n\t<meta name=\"twitter:label2\" content=\"Estimated reading time\" \/>\n\t<meta name=\"twitter:data2\" content=\"3 minutes\" \/>\n<script type=\"application\/ld+json\" class=\"yoast-schema-graph\">{\"@context\":\"https:\\\/\\\/schema.org\",\"@graph\":[{\"@type\":\"Article\",\"@id\":\"https:\\\/\\\/buletin.de\\\/bucuresti\\\/tramvaiul-nu-a-revenit-pe-linia-5-contrar-promisiunii-pmb\\\/#article\",\"isPartOf\":{\"@id\":\"https:\\\/\\\/buletin.de\\\/bucuresti\\\/tramvaiul-nu-a-revenit-pe-linia-5-contrar-promisiunii-pmb\\\/\"},\"author\":{\"name\":\"C\u0103t\u0103lin Anghel-Dimache\",\"@id\":\"https:\\\/\\\/buletin.de\\\/bucuresti\\\/#\\\/schema\\\/person\\\/0ac9db30080482be87c7386a30f98796\"},\"headline\":\"Tramvaiul nu a revenit pe linia 5, contrar promisiunii Prim\u0103riei Capitalei. Linia este \u00eenchis\u0103 de 8 ani\",\"datePublished\":\"2025-12-09T16:33:08+00:00\",\"dateModified\":\"2025-12-14T09:39:30+00:00\",\"mainEntityOfPage\":{\"@id\":\"https:\\\/\\\/buletin.de\\\/bucuresti\\\/tramvaiul-nu-a-revenit-pe-linia-5-contrar-promisiunii-pmb\\\/\"},\"wordCount\":561,\"publisher\":{\"@id\":\"https:\\\/\\\/buletin.de\\\/bucuresti\\\/#organization\"},\"image\":{\"@id\":\"https:\\\/\\\/buletin.de\\\/bucuresti\\\/tramvaiul-nu-a-revenit-pe-linia-5-contrar-promisiunii-pmb\\\/#primaryimage\"},\"thumbnailUrl\":\"https:\\\/\\\/buletin.de\\\/bucuresti\\\/wp-content\\\/uploads\\\/2025\\\/12\\\/WhatsApp-Image-2025-12-09-at-18.13.24.jpeg\",\"keywords\":[\"linia 5\",\"probe linia 5\",\"redeschidere linia 5\",\"tramvaiul corporatistilor\"],\"articleSection\":[\"Articole\",\"Main\",\"Prim\u0103rie\",\"Transport\"],\"inLanguage\":\"en-GB\",\"copyrightYear\":\"2025\",\"copyrightHolder\":{\"@id\":\"https:\\\/\\\/buletin.de\\\/bucuresti\\\/#organization\"}},{\"@type\":\"WebPage\",\"@id\":\"https:\\\/\\\/buletin.de\\\/bucuresti\\\/tramvaiul-nu-a-revenit-pe-linia-5-contrar-promisiunii-pmb\\\/\",\"url\":\"https:\\\/\\\/buletin.de\\\/bucuresti\\\/tramvaiul-nu-a-revenit-pe-linia-5-contrar-promisiunii-pmb\\\/\",\"name\":\"Tramvaiul nu a revenit pe linia 5, contrar promisiunii Prim\u0103riei Capitalei. Linia este \u00eenchis\u0103 de 8 ani - Buletin de Bucure\u0219ti\",\"isPartOf\":{\"@id\":\"https:\\\/\\\/buletin.de\\\/bucuresti\\\/#website\"},\"primaryImageOfPage\":{\"@id\":\"https:\\\/\\\/buletin.de\\\/bucuresti\\\/tramvaiul-nu-a-revenit-pe-linia-5-contrar-promisiunii-pmb\\\/#primaryimage\"},\"image\":{\"@id\":\"https:\\\/\\\/buletin.de\\\/bucuresti\\\/tramvaiul-nu-a-revenit-pe-linia-5-contrar-promisiunii-pmb\\\/#primaryimage\"},\"thumbnailUrl\":\"https:\\\/\\\/buletin.de\\\/bucuresti\\\/wp-content\\\/uploads\\\/2025\\\/12\\\/WhatsApp-Image-2025-12-09-at-18.13.24.jpeg\",\"datePublished\":\"2025-12-09T16:33:08+00:00\",\"dateModified\":\"2025-12-14T09:39:30+00:00\",\"description\":\"Tramvaiul nu a revenit pe Linia 5, contrar promisiunii Prim\u0103riei Capitalei. Semafoarele destinate tramvaielor sunt \u00eenc\u0103 acoperite.\",\"breadcrumb\":{\"@id\":\"https:\\\/\\\/buletin.de\\\/bucuresti\\\/tramvaiul-nu-a-revenit-pe-linia-5-contrar-promisiunii-pmb\\\/#breadcrumb\"},\"inLanguage\":\"en-GB\",\"potentialAction\":[{\"@type\":\"ReadAction\",\"target\":[\"https:\\\/\\\/buletin.de\\\/bucuresti\\\/tramvaiul-nu-a-revenit-pe-linia-5-contrar-promisiunii-pmb\\\/\"]}]},{\"@type\":\"ImageObject\",\"inLanguage\":\"en-GB\",\"@id\":\"https:\\\/\\\/buletin.de\\\/bucuresti\\\/tramvaiul-nu-a-revenit-pe-linia-5-contrar-promisiunii-pmb\\\/#primaryimage\",\"url\":\"https:\\\/\\\/buletin.de\\\/bucuresti\\\/wp-content\\\/uploads\\\/2025\\\/12\\\/WhatsApp-Image-2025-12-09-at-18.13.24.jpeg\",\"contentUrl\":\"https:\\\/\\\/buletin.de\\\/bucuresti\\\/wp-content\\\/uploads\\\/2025\\\/12\\\/WhatsApp-Image-2025-12-09-at-18.13.24.jpeg\",\"width\":2048,\"height\":1536,\"caption\":\"Tramvaiul 5 nu a revenit pe traseu, contrar promisiunii PMB. Foto: C\u0103t\u0103lin Anghel-Dimache\"},{\"@type\":\"BreadcrumbList\",\"@id\":\"https:\\\/\\\/buletin.de\\\/bucuresti\\\/tramvaiul-nu-a-revenit-pe-linia-5-contrar-promisiunii-pmb\\\/#breadcrumb\",\"itemListElement\":[{\"@type\":\"ListItem\",\"position\":1,\"name\":\"Acas\u0103\",\"item\":\"https:\\\/\\\/buletin.de\\\/bucuresti\\\/\"},{\"@type\":\"ListItem\",\"position\":2,\"name\":\"Tramvaiul nu a revenit pe linia 5, contrar promisiunii Prim\u0103riei Capitalei. Linia este \u00eenchis\u0103 de 8 ani\"}]},{\"@type\":\"WebSite\",\"@id\":\"https:\\\/\\\/buletin.de\\\/bucuresti\\\/#website\",\"url\":\"https:\\\/\\\/buletin.de\\\/bucuresti\\\/\",\"name\":\"Buletin de Bucure\u0219ti\",\"description\":\"\u0218tiri \u0219i investiga\u021bii esen\u021biale din capital\u0103\",\"publisher\":{\"@id\":\"https:\\\/\\\/buletin.de\\\/bucuresti\\\/#organization\"},\"potentialAction\":[{\"@type\":\"SearchAction\",\"target\":{\"@type\":\"EntryPoint\",\"urlTemplate\":\"https:\\\/\\\/buletin.de\\\/bucuresti\\\/?s={search_term_string}\"},\"query-input\":{\"@type\":\"PropertyValueSpecification\",\"valueRequired\":true,\"valueName\":\"search_term_string\"}}],\"inLanguage\":\"en-GB\"},{\"@type\":\"Organization\",\"@id\":\"https:\\\/\\\/buletin.de\\\/bucuresti\\\/#organization\",\"name\":\"Buletin de Bucure\u0219ti\",\"url\":\"https:\\\/\\\/buletin.de\\\/bucuresti\\\/\",\"logo\":{\"@type\":\"ImageObject\",\"inLanguage\":\"en-GB\",\"@id\":\"https:\\\/\\\/buletin.de\\\/bucuresti\\\/#\\\/schema\\\/logo\\\/image\\\/\",\"url\":\"https:\\\/\\\/buletin.de\\\/bucuresti\\\/wp-content\\\/uploads\\\/logo-bdb-full-wide-vernil-transparent.png\",\"contentUrl\":\"https:\\\/\\\/buletin.de\\\/bucuresti\\\/wp-content\\\/uploads\\\/logo-bdb-full-wide-vernil-transparent.png\",\"width\":1782,\"height\":626,\"caption\":\"Buletin de Bucure\u0219ti\"},\"image\":{\"@id\":\"https:\\\/\\\/buletin.de\\\/bucuresti\\\/#\\\/schema\\\/logo\\\/image\\\/\"},\"sameAs\":[\"https:\\\/\\\/www.facebook.com\\\/buletin.de.buc\",\"https:\\\/\\\/www.instagram.com\\\/buletinde.bucuresti\\\/\"]},{\"@type\":\"Person\",\"@id\":\"https:\\\/\\\/buletin.de\\\/bucuresti\\\/#\\\/schema\\\/person\\\/0ac9db30080482be87c7386a30f98796\",\"name\":\"C\u0103t\u0103lin Anghel-Dimache\",\"image\":{\"@type\":\"ImageObject\",\"inLanguage\":\"en-GB\",\"@id\":\"https:\\\/\\\/buletin.de\\\/bucuresti\\\/wp-content\\\/uploads\\\/Catalin-Anghel-Dimache-96x96.jpgbd9e43c5b25186d5b8e917ac61ad86c4\",\"url\":\"https:\\\/\\\/buletin.de\\\/bucuresti\\\/wp-content\\\/uploads\\\/Catalin-Anghel-Dimache-96x96.jpg\",\"contentUrl\":\"https:\\\/\\\/buletin.de\\\/bucuresti\\\/wp-content\\\/uploads\\\/Catalin-Anghel-Dimache-96x96.jpg\",\"caption\":\"C\u0103t\u0103lin Anghel-Dimache\"},\"description\":\"A absolvit Facultatea de Jurnalism \u0219i \u0218tiin\u021bele Comunic\u0103rii a Universit\u0103\u021bii din Bucure\u0219ti \u00een 2024. Scrie despre mediu \u0219i teme sociale, dar \u0219i despre cum se reflect\u0103 ele \u00een via\u021ba cotidian\u0103 a bucure\u0219tenilor, cu un ochi atent la pove\u0219tile personale din spatele titlurilor. N\u0103scut \u0219i crescut \u00een Bucure\u0219ti, a f\u0103cut un pas c\u0103tre presa local\u0103, din pasiune pentru ora\u0219ul s\u0103u \u0219i oamenii din el.\",\"url\":\"https:\\\/\\\/buletin.de\\\/bucuresti\\\/author\\\/catalin-anghel-dimache\\\/\"}]}<\/script>\n<!-- \/ Yoast SEO Premium plugin. -->","yoast_head_json":{"title":"Tramvaiul nu a revenit pe linia 5, contrar promisiunii Prim\u0103riei Capitalei. Linia este \u00eenchis\u0103 de 8 ani - Buletin de Bucure\u0219ti","description":"Tramvaiul nu a revenit pe Linia 5, contrar promisiunii Prim\u0103riei Capitalei. Semafoarele destinate tramvaielor sunt \u00eenc\u0103 acoperite.","robots":{"index":"index","follow":"follow","max-snippet":"max-snippet:-1","max-image-preview":"max-image-preview:large","max-video-preview":"max-video-preview:-1"},"canonical":"https:\/\/buletin.de\/bucuresti\/tramvaiul-nu-a-revenit-pe-linia-5-contrar-promisiunii-pmb\/","og_locale":"en_GB","og_type":"article","og_title":"Tramvaiul nu a revenit pe linia 5, contrar promisiunii Prim\u0103riei Capitalei. Linia este \u00eenchis\u0103 de 8 ani","og_description":"Tramvaiul nu a revenit pe Linia 5, contrar promisiunii Prim\u0103riei Capitalei. Semafoarele destinate tramvaielor sunt \u00eenc\u0103 acoperite.","og_url":"https:\/\/buletin.de\/bucuresti\/tramvaiul-nu-a-revenit-pe-linia-5-contrar-promisiunii-pmb\/","og_site_name":"Buletin de Bucure\u0219ti","article_publisher":"https:\/\/www.facebook.com\/buletin.de.buc","article_published_time":"2025-12-09T16:33:08+00:00","article_modified_time":"2025-12-14T09:39:30+00:00","og_image":[{"width":2048,"height":1536,"url":"https:\/\/buletin.de\/bucuresti\/wp-content\/uploads\/2025\/12\/WhatsApp-Image-2025-12-09-at-18.13.24.jpeg","type":"image\/jpeg"}],"author":"C\u0103t\u0103lin Anghel-Dimache","twitter_card":"summary_large_image","twitter_misc":{"Written by":"C\u0103t\u0103lin Anghel-Dimache","Estimated reading time":"3 minutes"},"schema":{"@context":"https:\/\/schema.org","@graph":[{"@type":"Article","@id":"https:\/\/buletin.de\/bucuresti\/tramvaiul-nu-a-revenit-pe-linia-5-contrar-promisiunii-pmb\/#article","isPartOf":{"@id":"https:\/\/buletin.de\/bucuresti\/tramvaiul-nu-a-revenit-pe-linia-5-contrar-promisiunii-pmb\/"},"author":{"name":"C\u0103t\u0103lin Anghel-Dimache","@id":"https:\/\/buletin.de\/bucuresti\/#\/schema\/person\/0ac9db30080482be87c7386a30f98796"},"headline":"Tramvaiul nu a revenit pe linia 5, contrar promisiunii Prim\u0103riei Capitalei. Linia este \u00eenchis\u0103 de 8 ani","datePublished":"2025-12-09T16:33:08+00:00","dateModified":"2025-12-14T09:39:30+00:00","mainEntityOfPage":{"@id":"https:\/\/buletin.de\/bucuresti\/tramvaiul-nu-a-revenit-pe-linia-5-contrar-promisiunii-pmb\/"},"wordCount":561,"publisher":{"@id":"https:\/\/buletin.de\/bucuresti\/#organization"},"image":{"@id":"https:\/\/buletin.de\/bucuresti\/tramvaiul-nu-a-revenit-pe-linia-5-contrar-promisiunii-pmb\/#primaryimage"},"thumbnailUrl":"https:\/\/buletin.de\/bucuresti\/wp-content\/uploads\/2025\/12\/WhatsApp-Image-2025-12-09-at-18.13.24.jpeg","keywords":["linia 5","probe linia 5","redeschidere linia 5","tramvaiul corporatistilor"],"articleSection":["Articole","Main","Prim\u0103rie","Transport"],"inLanguage":"en-GB","copyrightYear":"2025","copyrightHolder":{"@id":"https:\/\/buletin.de\/bucuresti\/#organization"}},{"@type":"WebPage","@id":"https:\/\/buletin.de\/bucuresti\/tramvaiul-nu-a-revenit-pe-linia-5-contrar-promisiunii-pmb\/","url":"https:\/\/buletin.de\/bucuresti\/tramvaiul-nu-a-revenit-pe-linia-5-contrar-promisiunii-pmb\/","name":"Tramvaiul nu a revenit pe linia 5, contrar promisiunii Prim\u0103riei Capitalei. Linia este \u00eenchis\u0103 de 8 ani - Buletin de Bucure\u0219ti","isPartOf":{"@id":"https:\/\/buletin.de\/bucuresti\/#website"},"primaryImageOfPage":{"@id":"https:\/\/buletin.de\/bucuresti\/tramvaiul-nu-a-revenit-pe-linia-5-contrar-promisiunii-pmb\/#primaryimage"},"image":{"@id":"https:\/\/buletin.de\/bucuresti\/tramvaiul-nu-a-revenit-pe-linia-5-contrar-promisiunii-pmb\/#primaryimage"},"thumbnailUrl":"https:\/\/buletin.de\/bucuresti\/wp-content\/uploads\/2025\/12\/WhatsApp-Image-2025-12-09-at-18.13.24.jpeg","datePublished":"2025-12-09T16:33:08+00:00","dateModified":"2025-12-14T09:39:30+00:00","description":"Tramvaiul nu a revenit pe Linia 5, contrar promisiunii Prim\u0103riei Capitalei. Semafoarele destinate tramvaielor sunt \u00eenc\u0103 acoperite.","breadcrumb":{"@id":"https:\/\/buletin.de\/bucuresti\/tramvaiul-nu-a-revenit-pe-linia-5-contrar-promisiunii-pmb\/#breadcrumb"},"inLanguage":"en-GB","potentialAction":[{"@type":"ReadAction","target":["https:\/\/buletin.de\/bucuresti\/tramvaiul-nu-a-revenit-pe-linia-5-contrar-promisiunii-pmb\/"]}]},{"@type":"ImageObject","inLanguage":"en-GB","@id":"https:\/\/buletin.de\/bucuresti\/tramvaiul-nu-a-revenit-pe-linia-5-contrar-promisiunii-pmb\/#primaryimage","url":"https:\/\/buletin.de\/bucuresti\/wp-content\/uploads\/2025\/12\/WhatsApp-Image-2025-12-09-at-18.13.24.jpeg","contentUrl":"https:\/\/buletin.de\/bucuresti\/wp-content\/uploads\/2025\/12\/WhatsApp-Image-2025-12-09-at-18.13.24.jpeg","width":2048,"height":1536,"caption":"Tramvaiul 5 nu a revenit pe traseu, contrar promisiunii PMB. Foto: C\u0103t\u0103lin Anghel-Dimache"},{"@type":"BreadcrumbList","@id":"https:\/\/buletin.de\/bucuresti\/tramvaiul-nu-a-revenit-pe-linia-5-contrar-promisiunii-pmb\/#breadcrumb","itemListElement":[{"@type":"ListItem","position":1,"name":"Acas\u0103","item":"https:\/\/buletin.de\/bucuresti\/"},{"@type":"ListItem","position":2,"name":"Tramvaiul nu a revenit pe linia 5, contrar promisiunii Prim\u0103riei Capitalei. Linia este \u00eenchis\u0103 de 8 ani"}]},{"@type":"WebSite","@id":"https:\/\/buletin.de\/bucuresti\/#website","url":"https:\/\/buletin.de\/bucuresti\/","name":"Buletin de Bucure\u0219ti","description":"\u0218tiri \u0219i investiga\u021bii esen\u021biale din capital\u0103","publisher":{"@id":"https:\/\/buletin.de\/bucuresti\/#organization"},"potentialAction":[{"@type":"SearchAction","target":{"@type":"EntryPoint","urlTemplate":"https:\/\/buletin.de\/bucuresti\/?s={search_term_string}"},"query-input":{"@type":"PropertyValueSpecification","valueRequired":true,"valueName":"search_term_string"}}],"inLanguage":"en-GB"},{"@type":"Organization","@id":"https:\/\/buletin.de\/bucuresti\/#organization","name":"Buletin de Bucure\u0219ti","url":"https:\/\/buletin.de\/bucuresti\/","logo":{"@type":"ImageObject","inLanguage":"en-GB","@id":"https:\/\/buletin.de\/bucuresti\/#\/schema\/logo\/image\/","url":"https:\/\/buletin.de\/bucuresti\/wp-content\/uploads\/logo-bdb-full-wide-vernil-transparent.png","contentUrl":"https:\/\/buletin.de\/bucuresti\/wp-content\/uploads\/logo-bdb-full-wide-vernil-transparent.png","width":1782,"height":626,"caption":"Buletin de Bucure\u0219ti"},"image":{"@id":"https:\/\/buletin.de\/bucuresti\/#\/schema\/logo\/image\/"},"sameAs":["https:\/\/www.facebook.com\/buletin.de.buc","https:\/\/www.instagram.com\/buletinde.bucuresti\/"]},{"@type":"Person","@id":"https:\/\/buletin.de\/bucuresti\/#\/schema\/person\/0ac9db30080482be87c7386a30f98796","name":"C\u0103t\u0103lin Anghel-Dimache","image":{"@type":"ImageObject","inLanguage":"en-GB","@id":"https:\/\/buletin.de\/bucuresti\/wp-content\/uploads\/Catalin-Anghel-Dimache-96x96.jpgbd9e43c5b25186d5b8e917ac61ad86c4","url":"https:\/\/buletin.de\/bucuresti\/wp-content\/uploads\/Catalin-Anghel-Dimache-96x96.jpg","contentUrl":"https:\/\/buletin.de\/bucuresti\/wp-content\/uploads\/Catalin-Anghel-Dimache-96x96.jpg","caption":"C\u0103t\u0103lin Anghel-Dimache"},"description":"A absolvit Facultatea de Jurnalism \u0219i \u0218tiin\u021bele Comunic\u0103rii a Universit\u0103\u021bii din Bucure\u0219ti \u00een 2024. Scrie despre mediu \u0219i teme sociale, dar \u0219i despre cum se reflect\u0103 ele \u00een via\u021ba cotidian\u0103 a bucure\u0219tenilor, cu un ochi atent la pove\u0219tile personale din spatele titlurilor. N\u0103scut \u0219i crescut \u00een Bucure\u0219ti, a f\u0103cut un pas c\u0103tre presa local\u0103, din pasiune pentru ora\u0219ul s\u0103u \u0219i oamenii din el.","url":"https:\/\/buletin.de\/bucuresti\/author\/catalin-anghel-dimache\/"}]}},"authors":[{"term_id":22572,"user_id":59,"is_guest":0,"slug":"catalin-anghel-dimache","display_name":"C\u0103t\u0103lin Anghel-Dimache","avatar_url":"https:\/\/buletin.de\/bucuresti\/wp-content\/uploads\/Catalin-Anghel-Dimache-96x96.jpg","0":null,"1":"","2":"","3":"","4":"","5":"","6":"","7":"","8":""}],"_links":{"self":[{"href":"https:\/\/buletin.de\/bucuresti\/wp-json\/wp\/v2\/posts\/161732","targetHints":{"allow":["GET"]}}],"collection":[{"href":"https:\/\/buletin.de\/bucuresti\/wp-json\/wp\/v2\/posts"}],"about":[{"href":"https:\/\/buletin.de\/bucuresti\/wp-json\/wp\/v2\/types\/post"}],"author":[{"embeddable":true,"href":"https:\/\/buletin.de\/bucuresti\/wp-json\/wp\/v2\/users\/59"}],"replies":[{"embeddable":true,"href":"https:\/\/buletin.de\/bucuresti\/wp-json\/wp\/v2\/comments?post=161732"}],"version-history":[{"count":6,"href":"https:\/\/buletin.de\/bucuresti\/wp-json\/wp\/v2\/posts\/161732\/revisions"}],"predecessor-version":[{"id":162424,"href":"https:\/\/buletin.de\/bucuresti\/wp-json\/wp\/v2\/posts\/161732\/revisions\/162424"}],"wp:featuredmedia":[{"embeddable":true,"href":"https:\/\/buletin.de\/bucuresti\/wp-json\/wp\/v2\/media\/161737"}],"wp:attachment":[{"href":"https:\/\/buletin.de\/bucuresti\/wp-json\/wp\/v2\/media?parent=161732"}],"wp:term":[{"taxonomy":"category","embeddable":true,"href":"https:\/\/buletin.de\/bucuresti\/wp-json\/wp\/v2\/categories?post=161732"},{"taxonomy":"post_tag","embeddable":true,"href":"https:\/\/buletin.de\/bucuresti\/wp-json\/wp\/v2\/tags?post=161732"},{"taxonomy":"author","embeddable":true,"href":"https:\/\/buletin.de\/bucuresti\/wp-json\/wp\/v2\/ppma_author?post=161732"}],"curies":[{"name":"wp","href":"https:\/\/api.w.org\/{rel}","templated":true}]}}