{"id":161695,"date":"2025-12-09T22:37:47","date_gmt":"2025-12-09T19:37:47","guid":{"rendered":"https:\/\/buletin.de\/bucuresti\/?p=161695"},"modified":"2025-12-11T12:05:33","modified_gmt":"2025-12-11T09:05:33","slug":"sector-1-reorganizare-a-primariei-dispare-directia-de-impozite-si-taxe-si-se-reduce-numarul-de-posturi","status":"publish","type":"post","link":"https:\/\/buletin.de\/bucuresti\/sector-1-reorganizare-a-primariei-dispare-directia-de-impozite-si-taxe-si-se-reduce-numarul-de-posturi\/","title":{"rendered":"Sector 1 | Reorganizare a Prim\u0103riei: se desfiin\u021beaz\u0103 Direc\u021bia de Impozite \u0219i Taxe \u0219i se reduce num\u0103rul de posturi"},"content":{"rendered":"\n<p><strong>Direc\u021bia de Impozite \u0219i Taxe Locale Sector 1 va fi desfiin\u021bat\u0103, dac\u0103 o hot\u0103r\u00e2re \u00een acest sens va fi aprobat\u0103 de c\u0103tre Consiliul Local \u00een \u0219edin\u021ba din 11 decembrie. <\/strong><\/p>\n\n\n\n<h2 class=\"wp-block-heading\" id=\"h-update-reorganizarea-a-fost-aprobata-de-consiliul-local\">UPDATE: Reorganizarea a fost aprobat\u0103 de Consiliul Local<\/h2>\n\n\n\n<p>Desfiin\u021barea Direc\u021biei de Impozite \u0219i Taxe Locale Sector 1 a fost aprobat\u0103 \u00een \u0219edin\u021ba de joi, 11 decembrie, cu 20 de voturi pentru, o ab\u021binere \u0219i 5 voturi \u00eempotriv\u0103.<\/p>\n\n\n\n<p>A fost prelungit termenul p\u00e2n\u0103 la care se va face transferul c\u0103tre aparatul de specialitate al primarului: 60 de zile de la data aprob\u0103rii procedurii. <\/p>\n\n\n\n<p>Ini\u021bial, era stabilit un termen foarte scurt, p\u00e2n\u0103 la finalul acestui an.<\/p>\n\n\n\n<hr class=\"wp-block-separator has-alpha-channel-opacity\"\/>\n\n\n\n<p>Decizia de desfiin\u021bare a fost luat\u0103, potrivit motiv\u0103rii incluse \u00een document pentru c\u0103 anumite departamente \u00ee\u0219i dublau activitatea \u0219i pentru reducerea posturilor, conform cerin\u021belor impuse de Guvernul Bolojan. <\/p>\n\n\n\n<p>\u00cen prezent, \u00een cadrul Prim\u0103riei Sectorului 1 \u0219i \u00een institu\u021biile subordonate sunt aprobate un num\u0103r de 1.049 de posturi. <\/p>\n\n\n\n<p>\u201eAplic\u00e2nd reducerea de 10% potrivit dispozi\u0163iilor cuprinse la art. XVII alin. (8) din Legea nr. 296\/2023 (doar pentru posturile de la punctul 1 din Ordonan\u0163a de Urgen\u0163\u0103 a Guvernului nr. 63\/2010 \u2014 670 posturi) rezult\u0103 un num\u0103r de 603 posturi.<\/p>\n\n\n\n<p>Pe cale de consecin\u0163\u0103, pentru anul 2025, num\u0103rul maxim al posturilor la nivelul Sectorului 1 al Municipiului Bucure\u0219ti este de 982 posturi, cu exceptia celor din cadrul capitolelor bugetare \u00cenv\u0103\u021b\u0103m\u00e2nt, Asigur\u0103ri, Asisten\u0163\u0103 Social\u0103 \u0219i S\u0103n\u0103tate pentru care sunt stabilite standarde prin alte acte normative care cuprind inclusiv normativul de personal\u201d, se arat\u0103 \u00een <a href=\"https:\/\/primarias1ro-my.sharepoint.com\/personal\/secretariat_primarias1_ro\/_layouts\/15\/onedrive.aspx?ga=1&amp;id=%2Fpersonal%2Fsecretariat%5Fprimarias1%5Fro%2FDocuments%2FMateriale%20sedinta%20CLS%2011%2E12%2E2025%20SITE%2F2%2E%20K2%2D393%5Fscan%20PH%20RS%5FAN%2Epdf&amp;parent=%2Fpersonal%2Fsecretariat%5Fprimarias1%5Fro%2FDocuments%2FMateriale%20sedinta%20CLS%2011%2E12%2E2025%20SITE\" target=\"_blank\" rel=\"noreferrer noopener\">proiectul de hot\u0103r\u00e2re propus Consiliului Local<\/a>. <\/p>\n\n\n\n<p><strong>CITE\u0218TE \u0218I: <a href=\"https:\/\/buletin.de\/bucuresti\/tramvaiul-nu-a-revenit-pe-linia-5-contrar-promisiunii-pmb\/\" target=\"_blank\" rel=\"noreferrer noopener\">Tramvaiul nu a revenit pe Linia 5, contrar promisiunii Prim\u0103riei Capitalei. \u0218antierul dureaz\u0103 de 8 ani<\/a><\/strong><\/p>\n\n\n\n<h2 class=\"wp-block-heading\" id=\"h-ce-se-intampla-cu-direc\u021bia-de-impozite-\u0219i-taxe-locale-sector-1\">Ce se \u00eent\u00e2mpl\u0103 cu Direc\u021bia de Impozite \u0219i Taxe Locale Sector 1<\/h2>\n\n\n\n<p><strong>Dup\u0103 desfiin\u021bare, Direc\u021bia de Impozite \u0219i Taxe Locale va fi preluat\u0103 \u00een cadrul aparatului de specialitate a primarului. Transferul ar trebui s\u0103 aib\u0103 loc foarte rapid, p\u00e2n\u0103 pe 31 decembrie anul acesta.<\/strong><\/p>\n\n\n\n<p>\u201ePatrimoniul, arhiva, dosarele existente pe rolul instantelor de judecat\u0103 privind litigiile, prevederile bugetare, execu\u0163ia bugetar\u0103 p\u00e2n\u0103 la data reorganiz\u0103rii \u015fi orice alte bunuri ale Direc\u0163iei Generale de Impozite \u0219i Taxe Locale a Sectorului 1 se preiau de c\u0103tre structurile de specialitate din cadrul aparatului de specialitate al Primarului Sectorului 1 prin protocoale de predarepreluare \u00eencheiate p\u00e2n\u0103 la data de 31.12.2025.<\/p>\n\n\n\n<p>(2) Procedurile \u0219i acordurile cadru aflate \u00een derulare la nivelul Direc\u0163iei Generale de Impozite \u015fi Taxe Locale a Sectorului 1, precum \u015fi drepturile \u015fi obliga\u0163iile contractuale neexecutate, se preiau de aparatul de specialitate al Primarului Sectorului 1. Actele \u00eendeplinite anterior r\u0103m\u00e2n valabile\u201d, se mai arat\u0103 \u00een document. <\/p>\n\n\n\n<p>Proiectul de hot\u0103r\u00e2re prevede c\u0103 pentru pentru litigiile aflate pe rolul instantelor judec\u0103tore\u015fti, indiferent de faza de judecat\u0103, Primarul Sectorului 1 prin aparatul de specialitate va prelua, de asemenea, toate drepturile \u015fi obliga\u0163iile Direc\u0163iei Generale de Impozite si Taxe Locale a Sectorului 1 \u015fi dob\u00e2nde\u015fte calitatea procesual\u0103 a acesteia, \u00eencep\u00e2nd cu data \u00eencheierii protocoalelor de predare-primire a dosarelor existente pe rolul instan\u021belor de judecat\u0103 privind litigiile.<\/p>\n\n\n\n<p>\u201e<strong>Operatorilor economici care au contracte aflate \u00een derulare cu Direc\u0163ia General\u0103 de Impozite \u0219i Taxe Locale a Sectorului 1, li se va comunica prezenta hot\u0103r\u00e2re, \u00een vederea \u00een\u0219tiin\u021b\u0103rii necesita\u0163ii \u00eencheierii unui act adi\u021bional, ulterior intr\u0103rii \u00een vigoare a p<\/strong>rezentei hot\u0103r\u00e2ri.<\/p>\n\n\n\n<p>Art. 6. &#8211; (1) P\u00e2n\u0103 la \u00eencheierea protocoalelor prev\u0103zute la art. 3 alin.(1) finan\u021barea Direc\u0163iei Generale de Impozite si Taxe Locale a Sectorului 1 care se desfiin\u021beaz\u0103 prin desfiin\u021barea personalit\u0103\u021bii juridice se asigur\u0103 din bugetul existent \u00eenainte de reorganizarea aparatului de specialitate al Primarului Sectorului 1.<\/p>\n\n\n\n<p>Art. 7. &#8211; (1) Aplicarea procedurilor legale fiec\u0103rei categorii de personal, ce decurg din reorganizarea aparatului de specialitate al Primarului Sectorului 1 \u015fi din desfiin\u021barea Direc\u0163iei Generale Impozite si Taxe Locale a Sectorului 1, se realizeaz\u0103 p\u00e2n\u0103 cel t\u00e2rziu la data de 31.12.2025, cu respectarea legisla\u0163iei aplicabile func\u0163ionarilor publici, respectiv Ordonan\u0163a de Urgen\u0163\u0103 a Guvernului nr. 57\/2019 privind Codul administrativ, cu modific\u0103rile \u015fi complet\u0103rile ulterioare \u015fi a personalului angajat \u00een baza unui contract individual de munc\u0103, respectiv Legea nr. 53\/2003 privind Codul muncii, republicat\u0103, cu modific\u0103rile \u0219i complet\u0103rile ulterioare\u201d, mai prevede proiectul de hot\u0103r\u00e2re ce va fi dezb\u0103tut \u00een cadrul \u0219edin\u021bei din 11 decembrie.<\/p>\n\n\n\n<p><strong>CITE\u0218TE \u0218I: <a href=\"https:\/\/buletin.de\/bucuresti\/tribunalul-ilfov-sediu-de-120-000-de-euro-pe-luna-in-cladirea-simbol-a-imperiului-lui-sebastian-ghita-magistratii-de-la-buftea-au-dat-in-judecata-ministerul-justitiei\/\" target=\"_blank\" rel=\"noreferrer noopener\">Tribunalul Ilfov, sediu de 120.000 de euro pe lun\u0103 \u00een cl\u0103direa-simbol a \u201eimperiului\u201d lui Sebastian Ghi\u021b\u0103. Magistra\u021bii de la Buftea au dat \u00een judecat\u0103 Ministerul Justi\u021biei<\/a><\/strong><\/p>\n\n\n\n<p><\/p>\n","protected":false},"excerpt":{"rendered":"<p>Direc\u021bia de Impozite \u0219i Taxe Locale Sector 1 va fi desfiin\u021bat\u0103, dac\u0103 o hot\u0103r\u00e2re \u00een acest sens va fi aprobat\u0103 de c\u0103tre Consiliul Local \u00een \u0219edin\u021ba din 11 decembrie. UPDATE: Reorganizarea a fost aprobat\u0103 de Consiliul Local Desfiin\u021barea Direc\u021biei de Impozite \u0219i Taxe Locale Sector 1 a fost aprobat\u0103 \u00een \u0219edin\u021ba de joi, 11 decembrie, [&hellip;]<\/p>\n","protected":false},"author":60,"featured_media":161743,"comment_status":"closed","ping_status":"open","sticky":false,"template":"","format":"standard","meta":{"_acf_changed":false,"inline_featured_image":false,"ngg_post_thumbnail":0,"footnotes":""},"categories":[6994,5762,24],"tags":[25047,25048,25049,2181],"ppma_author":[22582],"class_list":["post-161695","post","type-post","status-publish","format-standard","has-post-thumbnail","hentry","category-stiri-2","category-main","category-primarie","tag-directia-impozite","tag-impozite-si-taxe","tag-se-desfiinteaza","tag-taxe-locale"],"acf":[],"yoast_head":"<!-- This site is optimized with the Yoast SEO Premium plugin v25.3 (Yoast SEO v27.4) - https:\/\/yoast.com\/product\/yoast-seo-premium-wordpress\/ -->\n<title>Sector 1 | Reorganizare a Prim\u0103riei: se desfiin\u021beaz\u0103 Direc\u021bia de Impozite \u0219i Taxe \u0219i se reduce num\u0103rul de posturi - Buletin de Bucure\u0219ti<\/title>\n<meta name=\"description\" content=\"Direc\u021bia de Impozite \u0219i Taxe Locale Sector 1 va fi desfiin\u021bat\u0103, dac\u0103 o hot\u0103r\u00e2re \u00een acest sens va fi aprobat\u0103 de c\u0103tre Consiliul Local.\" \/>\n<meta name=\"robots\" content=\"index, follow, max-snippet:-1, max-image-preview:large, max-video-preview:-1\" \/>\n<link rel=\"canonical\" href=\"https:\/\/buletin.de\/bucuresti\/sector-1-reorganizare-a-primariei-dispare-directia-de-impozite-si-taxe-si-se-reduce-numarul-de-posturi\/\" \/>\n<meta property=\"og:locale\" content=\"en_GB\" \/>\n<meta property=\"og:type\" content=\"article\" \/>\n<meta property=\"og:title\" content=\"Sector 1 | Reorganizare a Prim\u0103riei: se desfiin\u021beaz\u0103 Direc\u021bia de Impozite \u0219i Taxe \u0219i se reduce num\u0103rul de posturi\" \/>\n<meta property=\"og:description\" content=\"Direc\u021bia de Impozite \u0219i Taxe Locale Sector 1 va fi desfiin\u021bat\u0103, dac\u0103 o hot\u0103r\u00e2re \u00een acest sens va fi aprobat\u0103 de c\u0103tre Consiliul Local.\" \/>\n<meta property=\"og:url\" content=\"https:\/\/buletin.de\/bucuresti\/sector-1-reorganizare-a-primariei-dispare-directia-de-impozite-si-taxe-si-se-reduce-numarul-de-posturi\/\" \/>\n<meta property=\"og:site_name\" content=\"Buletin de Bucure\u0219ti\" \/>\n<meta property=\"article:publisher\" content=\"https:\/\/www.facebook.com\/buletin.de.buc\" \/>\n<meta property=\"article:published_time\" content=\"2025-12-09T19:37:47+00:00\" \/>\n<meta property=\"article:modified_time\" content=\"2025-12-11T09:05:33+00:00\" \/>\n<meta property=\"og:image\" content=\"https:\/\/buletin.de\/bucuresti\/wp-content\/uploads\/2025\/12\/primaria-banu-manta-sec1-1-scaled-1.jpg\" \/>\n\t<meta property=\"og:image:width\" content=\"2560\" \/>\n\t<meta property=\"og:image:height\" content=\"1707\" \/>\n\t<meta property=\"og:image:type\" content=\"image\/jpeg\" \/>\n<meta name=\"author\" content=\"R\u0103zvan Chiru\u021b\u0103\" \/>\n<meta name=\"twitter:card\" content=\"summary_large_image\" \/>\n<meta name=\"twitter:label1\" content=\"Written by\" \/>\n\t<meta name=\"twitter:data1\" content=\"R\u0103zvan Chiru\u021b\u0103\" \/>\n\t<meta name=\"twitter:label2\" content=\"Estimated reading time\" \/>\n\t<meta name=\"twitter:data2\" content=\"4 minutes\" \/>\n<script type=\"application\/ld+json\" class=\"yoast-schema-graph\">{\"@context\":\"https:\\\/\\\/schema.org\",\"@graph\":[{\"@type\":\"Article\",\"@id\":\"https:\\\/\\\/buletin.de\\\/bucuresti\\\/sector-1-reorganizare-a-primariei-dispare-directia-de-impozite-si-taxe-si-se-reduce-numarul-de-posturi\\\/#article\",\"isPartOf\":{\"@id\":\"https:\\\/\\\/buletin.de\\\/bucuresti\\\/sector-1-reorganizare-a-primariei-dispare-directia-de-impozite-si-taxe-si-se-reduce-numarul-de-posturi\\\/\"},\"author\":{\"name\":\"R\u0103zvan Chiru\u021b\u0103\",\"@id\":\"https:\\\/\\\/buletin.de\\\/bucuresti\\\/#\\\/schema\\\/person\\\/a76df728dfc913795a9d90e346b253bb\"},\"headline\":\"Sector 1 | Reorganizare a Prim\u0103riei: se desfiin\u021beaz\u0103 Direc\u021bia de Impozite \u0219i Taxe \u0219i se reduce num\u0103rul de posturi\",\"datePublished\":\"2025-12-09T19:37:47+00:00\",\"dateModified\":\"2025-12-11T09:05:33+00:00\",\"mainEntityOfPage\":{\"@id\":\"https:\\\/\\\/buletin.de\\\/bucuresti\\\/sector-1-reorganizare-a-primariei-dispare-directia-de-impozite-si-taxe-si-se-reduce-numarul-de-posturi\\\/\"},\"wordCount\":774,\"publisher\":{\"@id\":\"https:\\\/\\\/buletin.de\\\/bucuresti\\\/#organization\"},\"image\":{\"@id\":\"https:\\\/\\\/buletin.de\\\/bucuresti\\\/sector-1-reorganizare-a-primariei-dispare-directia-de-impozite-si-taxe-si-se-reduce-numarul-de-posturi\\\/#primaryimage\"},\"thumbnailUrl\":\"https:\\\/\\\/buletin.de\\\/bucuresti\\\/wp-content\\\/uploads\\\/2025\\\/12\\\/primaria-banu-manta-sec1-1-scaled-1.jpg\",\"keywords\":[\"directia impozite\",\"impozite si taxe\",\"se desfiinteaza\",\"taxe locale\"],\"articleSection\":[\"Articole\",\"Main\",\"Prim\u0103rie\"],\"inLanguage\":\"en-GB\",\"copyrightYear\":\"2025\",\"copyrightHolder\":{\"@id\":\"https:\\\/\\\/buletin.de\\\/bucuresti\\\/#organization\"}},{\"@type\":\"WebPage\",\"@id\":\"https:\\\/\\\/buletin.de\\\/bucuresti\\\/sector-1-reorganizare-a-primariei-dispare-directia-de-impozite-si-taxe-si-se-reduce-numarul-de-posturi\\\/\",\"url\":\"https:\\\/\\\/buletin.de\\\/bucuresti\\\/sector-1-reorganizare-a-primariei-dispare-directia-de-impozite-si-taxe-si-se-reduce-numarul-de-posturi\\\/\",\"name\":\"Sector 1 | Reorganizare a Prim\u0103riei: se desfiin\u021beaz\u0103 Direc\u021bia de Impozite \u0219i Taxe \u0219i se reduce num\u0103rul de posturi - Buletin de Bucure\u0219ti\",\"isPartOf\":{\"@id\":\"https:\\\/\\\/buletin.de\\\/bucuresti\\\/#website\"},\"primaryImageOfPage\":{\"@id\":\"https:\\\/\\\/buletin.de\\\/bucuresti\\\/sector-1-reorganizare-a-primariei-dispare-directia-de-impozite-si-taxe-si-se-reduce-numarul-de-posturi\\\/#primaryimage\"},\"image\":{\"@id\":\"https:\\\/\\\/buletin.de\\\/bucuresti\\\/sector-1-reorganizare-a-primariei-dispare-directia-de-impozite-si-taxe-si-se-reduce-numarul-de-posturi\\\/#primaryimage\"},\"thumbnailUrl\":\"https:\\\/\\\/buletin.de\\\/bucuresti\\\/wp-content\\\/uploads\\\/2025\\\/12\\\/primaria-banu-manta-sec1-1-scaled-1.jpg\",\"datePublished\":\"2025-12-09T19:37:47+00:00\",\"dateModified\":\"2025-12-11T09:05:33+00:00\",\"description\":\"Direc\u021bia de Impozite \u0219i Taxe Locale Sector 1 va fi desfiin\u021bat\u0103, dac\u0103 o hot\u0103r\u00e2re \u00een acest sens va fi aprobat\u0103 de c\u0103tre Consiliul Local.\",\"breadcrumb\":{\"@id\":\"https:\\\/\\\/buletin.de\\\/bucuresti\\\/sector-1-reorganizare-a-primariei-dispare-directia-de-impozite-si-taxe-si-se-reduce-numarul-de-posturi\\\/#breadcrumb\"},\"inLanguage\":\"en-GB\",\"potentialAction\":[{\"@type\":\"ReadAction\",\"target\":[\"https:\\\/\\\/buletin.de\\\/bucuresti\\\/sector-1-reorganizare-a-primariei-dispare-directia-de-impozite-si-taxe-si-se-reduce-numarul-de-posturi\\\/\"]}]},{\"@type\":\"ImageObject\",\"inLanguage\":\"en-GB\",\"@id\":\"https:\\\/\\\/buletin.de\\\/bucuresti\\\/sector-1-reorganizare-a-primariei-dispare-directia-de-impozite-si-taxe-si-se-reduce-numarul-de-posturi\\\/#primaryimage\",\"url\":\"https:\\\/\\\/buletin.de\\\/bucuresti\\\/wp-content\\\/uploads\\\/2025\\\/12\\\/primaria-banu-manta-sec1-1-scaled-1.jpg\",\"contentUrl\":\"https:\\\/\\\/buletin.de\\\/bucuresti\\\/wp-content\\\/uploads\\\/2025\\\/12\\\/primaria-banu-manta-sec1-1-scaled-1.jpg\",\"width\":2560,\"height\":1707,\"caption\":\"Prim\u0103ria Sectorului 1\"},{\"@type\":\"BreadcrumbList\",\"@id\":\"https:\\\/\\\/buletin.de\\\/bucuresti\\\/sector-1-reorganizare-a-primariei-dispare-directia-de-impozite-si-taxe-si-se-reduce-numarul-de-posturi\\\/#breadcrumb\",\"itemListElement\":[{\"@type\":\"ListItem\",\"position\":1,\"name\":\"Acas\u0103\",\"item\":\"https:\\\/\\\/buletin.de\\\/bucuresti\\\/\"},{\"@type\":\"ListItem\",\"position\":2,\"name\":\"Sector 1 | Reorganizare a Prim\u0103riei: se desfiin\u021beaz\u0103 Direc\u021bia de Impozite \u0219i Taxe \u0219i se reduce num\u0103rul de posturi\"}]},{\"@type\":\"WebSite\",\"@id\":\"https:\\\/\\\/buletin.de\\\/bucuresti\\\/#website\",\"url\":\"https:\\\/\\\/buletin.de\\\/bucuresti\\\/\",\"name\":\"Buletin de Bucure\u0219ti\",\"description\":\"\u0218tiri \u0219i investiga\u021bii esen\u021biale din capital\u0103\",\"publisher\":{\"@id\":\"https:\\\/\\\/buletin.de\\\/bucuresti\\\/#organization\"},\"potentialAction\":[{\"@type\":\"SearchAction\",\"target\":{\"@type\":\"EntryPoint\",\"urlTemplate\":\"https:\\\/\\\/buletin.de\\\/bucuresti\\\/?s={search_term_string}\"},\"query-input\":{\"@type\":\"PropertyValueSpecification\",\"valueRequired\":true,\"valueName\":\"search_term_string\"}}],\"inLanguage\":\"en-GB\"},{\"@type\":\"Organization\",\"@id\":\"https:\\\/\\\/buletin.de\\\/bucuresti\\\/#organization\",\"name\":\"Buletin de Bucure\u0219ti\",\"url\":\"https:\\\/\\\/buletin.de\\\/bucuresti\\\/\",\"logo\":{\"@type\":\"ImageObject\",\"inLanguage\":\"en-GB\",\"@id\":\"https:\\\/\\\/buletin.de\\\/bucuresti\\\/#\\\/schema\\\/logo\\\/image\\\/\",\"url\":\"https:\\\/\\\/buletin.de\\\/bucuresti\\\/wp-content\\\/uploads\\\/logo-bdb-full-wide-vernil-transparent.png\",\"contentUrl\":\"https:\\\/\\\/buletin.de\\\/bucuresti\\\/wp-content\\\/uploads\\\/logo-bdb-full-wide-vernil-transparent.png\",\"width\":1782,\"height\":626,\"caption\":\"Buletin de Bucure\u0219ti\"},\"image\":{\"@id\":\"https:\\\/\\\/buletin.de\\\/bucuresti\\\/#\\\/schema\\\/logo\\\/image\\\/\"},\"sameAs\":[\"https:\\\/\\\/www.facebook.com\\\/buletin.de.buc\",\"https:\\\/\\\/www.instagram.com\\\/buletinde.bucuresti\\\/\"]},{\"@type\":\"Person\",\"@id\":\"https:\\\/\\\/buletin.de\\\/bucuresti\\\/#\\\/schema\\\/person\\\/a76df728dfc913795a9d90e346b253bb\",\"name\":\"R\u0103zvan Chiru\u021b\u0103\",\"image\":{\"@type\":\"ImageObject\",\"inLanguage\":\"en-GB\",\"@id\":\"https:\\\/\\\/buletin.de\\\/bucuresti\\\/wp-content\\\/uploads\\\/Razvan-Chiruta-96x96.jpge7143b996fd4241fbd6ee1f6b6b7b267\",\"url\":\"https:\\\/\\\/buletin.de\\\/bucuresti\\\/wp-content\\\/uploads\\\/Razvan-Chiruta-96x96.jpg\",\"contentUrl\":\"https:\\\/\\\/buletin.de\\\/bucuresti\\\/wp-content\\\/uploads\\\/Razvan-Chiruta-96x96.jpg\",\"caption\":\"R\u0103zvan Chiru\u021b\u0103\"},\"description\":\"R\u0103zvan Chiru\u021b\u0103 este redactor-\u0219ef adjunct din iulie 2024. A fost redactor-\u0219ef al PRESShub \u00eentre 2022 \u0219i iunie 2024. Anterior, a fost redactor-\u0219ef al Newsweek Rom\u00e2nia, din 2018 p\u00e2n\u0103 \u00een 2021, \u0219i al cotidianului Rom\u00e2nia liber\u0103, \u00eentre 2015 \u0219i 2017. Este absolvent de Jurnalism, \u00een cadrul Universit\u0103\u021bii \u201eAl.I.Cuza\u201d din Ia\u0219i, \u0219i a urmat un master \u00een Managementul institu\u021biilor mass-media (f\u0103r\u0103 diserta\u021bie) la Facultatea de Jurnalism \u0219i \u0218tiin\u021bele Comunic\u0103rii din cadrul Universit\u0103\u021bii din Bucure\u0219ti. \u0218i-a \u00eenceput cariera la Opinia studen\u021beasc\u0103, cunoscuta \u0219coal\u0103 de pres\u0103 din Ia\u0219i. A lucrat \u00een presa local\u0103, apoi a devenit corespondent pentru Ia\u0219i al cotidianului Evenimentul Zilei. Din 2004, a coordonat pentru \u0219ase luni sec\u021bia de coresponden\u021bi a Evenimentului Zilei. A mai lucrat la s\u0103pt\u0103m\u00e2nalul Prezent \u0219i a colaborat cu revistele Dilema Veche \u0219i Suplimentul de Cultur\u0103. Este co-autor \u00een volumele \u201eMass-media \u0219i democra\u021bia \u00een Rom\u00e2nia post-comunist\u0103\u201d (ed. a II-a), Ed. Institutul European, Ia\u0219i, 2013, \u0219i \u201eCOVID - 19. Dimensiuni ale gestionarii pandemiei\u201d, Editura Junimea, Ia\u0219i, 2020.\",\"url\":\"https:\\\/\\\/buletin.de\\\/bucuresti\\\/author\\\/razvan-chiruta\\\/\"}]}<\/script>\n<!-- \/ Yoast SEO Premium plugin. -->","yoast_head_json":{"title":"Sector 1 | Reorganizare a Prim\u0103riei: se desfiin\u021beaz\u0103 Direc\u021bia de Impozite \u0219i Taxe \u0219i se reduce num\u0103rul de posturi - Buletin de Bucure\u0219ti","description":"Direc\u021bia de Impozite \u0219i Taxe Locale Sector 1 va fi desfiin\u021bat\u0103, dac\u0103 o hot\u0103r\u00e2re \u00een acest sens va fi aprobat\u0103 de c\u0103tre Consiliul Local.","robots":{"index":"index","follow":"follow","max-snippet":"max-snippet:-1","max-image-preview":"max-image-preview:large","max-video-preview":"max-video-preview:-1"},"canonical":"https:\/\/buletin.de\/bucuresti\/sector-1-reorganizare-a-primariei-dispare-directia-de-impozite-si-taxe-si-se-reduce-numarul-de-posturi\/","og_locale":"en_GB","og_type":"article","og_title":"Sector 1 | Reorganizare a Prim\u0103riei: se desfiin\u021beaz\u0103 Direc\u021bia de Impozite \u0219i Taxe \u0219i se reduce num\u0103rul de posturi","og_description":"Direc\u021bia de Impozite \u0219i Taxe Locale Sector 1 va fi desfiin\u021bat\u0103, dac\u0103 o hot\u0103r\u00e2re \u00een acest sens va fi aprobat\u0103 de c\u0103tre Consiliul Local.","og_url":"https:\/\/buletin.de\/bucuresti\/sector-1-reorganizare-a-primariei-dispare-directia-de-impozite-si-taxe-si-se-reduce-numarul-de-posturi\/","og_site_name":"Buletin de Bucure\u0219ti","article_publisher":"https:\/\/www.facebook.com\/buletin.de.buc","article_published_time":"2025-12-09T19:37:47+00:00","article_modified_time":"2025-12-11T09:05:33+00:00","og_image":[{"width":2560,"height":1707,"url":"https:\/\/buletin.de\/bucuresti\/wp-content\/uploads\/2025\/12\/primaria-banu-manta-sec1-1-scaled-1.jpg","type":"image\/jpeg"}],"author":"R\u0103zvan Chiru\u021b\u0103","twitter_card":"summary_large_image","twitter_misc":{"Written by":"R\u0103zvan Chiru\u021b\u0103","Estimated reading time":"4 minutes"},"schema":{"@context":"https:\/\/schema.org","@graph":[{"@type":"Article","@id":"https:\/\/buletin.de\/bucuresti\/sector-1-reorganizare-a-primariei-dispare-directia-de-impozite-si-taxe-si-se-reduce-numarul-de-posturi\/#article","isPartOf":{"@id":"https:\/\/buletin.de\/bucuresti\/sector-1-reorganizare-a-primariei-dispare-directia-de-impozite-si-taxe-si-se-reduce-numarul-de-posturi\/"},"author":{"name":"R\u0103zvan Chiru\u021b\u0103","@id":"https:\/\/buletin.de\/bucuresti\/#\/schema\/person\/a76df728dfc913795a9d90e346b253bb"},"headline":"Sector 1 | Reorganizare a Prim\u0103riei: se desfiin\u021beaz\u0103 Direc\u021bia de Impozite \u0219i Taxe \u0219i se reduce num\u0103rul de posturi","datePublished":"2025-12-09T19:37:47+00:00","dateModified":"2025-12-11T09:05:33+00:00","mainEntityOfPage":{"@id":"https:\/\/buletin.de\/bucuresti\/sector-1-reorganizare-a-primariei-dispare-directia-de-impozite-si-taxe-si-se-reduce-numarul-de-posturi\/"},"wordCount":774,"publisher":{"@id":"https:\/\/buletin.de\/bucuresti\/#organization"},"image":{"@id":"https:\/\/buletin.de\/bucuresti\/sector-1-reorganizare-a-primariei-dispare-directia-de-impozite-si-taxe-si-se-reduce-numarul-de-posturi\/#primaryimage"},"thumbnailUrl":"https:\/\/buletin.de\/bucuresti\/wp-content\/uploads\/2025\/12\/primaria-banu-manta-sec1-1-scaled-1.jpg","keywords":["directia impozite","impozite si taxe","se desfiinteaza","taxe locale"],"articleSection":["Articole","Main","Prim\u0103rie"],"inLanguage":"en-GB","copyrightYear":"2025","copyrightHolder":{"@id":"https:\/\/buletin.de\/bucuresti\/#organization"}},{"@type":"WebPage","@id":"https:\/\/buletin.de\/bucuresti\/sector-1-reorganizare-a-primariei-dispare-directia-de-impozite-si-taxe-si-se-reduce-numarul-de-posturi\/","url":"https:\/\/buletin.de\/bucuresti\/sector-1-reorganizare-a-primariei-dispare-directia-de-impozite-si-taxe-si-se-reduce-numarul-de-posturi\/","name":"Sector 1 | Reorganizare a Prim\u0103riei: se desfiin\u021beaz\u0103 Direc\u021bia de Impozite \u0219i Taxe \u0219i se reduce num\u0103rul de posturi - Buletin de Bucure\u0219ti","isPartOf":{"@id":"https:\/\/buletin.de\/bucuresti\/#website"},"primaryImageOfPage":{"@id":"https:\/\/buletin.de\/bucuresti\/sector-1-reorganizare-a-primariei-dispare-directia-de-impozite-si-taxe-si-se-reduce-numarul-de-posturi\/#primaryimage"},"image":{"@id":"https:\/\/buletin.de\/bucuresti\/sector-1-reorganizare-a-primariei-dispare-directia-de-impozite-si-taxe-si-se-reduce-numarul-de-posturi\/#primaryimage"},"thumbnailUrl":"https:\/\/buletin.de\/bucuresti\/wp-content\/uploads\/2025\/12\/primaria-banu-manta-sec1-1-scaled-1.jpg","datePublished":"2025-12-09T19:37:47+00:00","dateModified":"2025-12-11T09:05:33+00:00","description":"Direc\u021bia de Impozite \u0219i Taxe Locale Sector 1 va fi desfiin\u021bat\u0103, dac\u0103 o hot\u0103r\u00e2re \u00een acest sens va fi aprobat\u0103 de c\u0103tre Consiliul Local.","breadcrumb":{"@id":"https:\/\/buletin.de\/bucuresti\/sector-1-reorganizare-a-primariei-dispare-directia-de-impozite-si-taxe-si-se-reduce-numarul-de-posturi\/#breadcrumb"},"inLanguage":"en-GB","potentialAction":[{"@type":"ReadAction","target":["https:\/\/buletin.de\/bucuresti\/sector-1-reorganizare-a-primariei-dispare-directia-de-impozite-si-taxe-si-se-reduce-numarul-de-posturi\/"]}]},{"@type":"ImageObject","inLanguage":"en-GB","@id":"https:\/\/buletin.de\/bucuresti\/sector-1-reorganizare-a-primariei-dispare-directia-de-impozite-si-taxe-si-se-reduce-numarul-de-posturi\/#primaryimage","url":"https:\/\/buletin.de\/bucuresti\/wp-content\/uploads\/2025\/12\/primaria-banu-manta-sec1-1-scaled-1.jpg","contentUrl":"https:\/\/buletin.de\/bucuresti\/wp-content\/uploads\/2025\/12\/primaria-banu-manta-sec1-1-scaled-1.jpg","width":2560,"height":1707,"caption":"Prim\u0103ria Sectorului 1"},{"@type":"BreadcrumbList","@id":"https:\/\/buletin.de\/bucuresti\/sector-1-reorganizare-a-primariei-dispare-directia-de-impozite-si-taxe-si-se-reduce-numarul-de-posturi\/#breadcrumb","itemListElement":[{"@type":"ListItem","position":1,"name":"Acas\u0103","item":"https:\/\/buletin.de\/bucuresti\/"},{"@type":"ListItem","position":2,"name":"Sector 1 | Reorganizare a Prim\u0103riei: se desfiin\u021beaz\u0103 Direc\u021bia de Impozite \u0219i Taxe \u0219i se reduce num\u0103rul de posturi"}]},{"@type":"WebSite","@id":"https:\/\/buletin.de\/bucuresti\/#website","url":"https:\/\/buletin.de\/bucuresti\/","name":"Buletin de Bucure\u0219ti","description":"\u0218tiri \u0219i investiga\u021bii esen\u021biale din capital\u0103","publisher":{"@id":"https:\/\/buletin.de\/bucuresti\/#organization"},"potentialAction":[{"@type":"SearchAction","target":{"@type":"EntryPoint","urlTemplate":"https:\/\/buletin.de\/bucuresti\/?s={search_term_string}"},"query-input":{"@type":"PropertyValueSpecification","valueRequired":true,"valueName":"search_term_string"}}],"inLanguage":"en-GB"},{"@type":"Organization","@id":"https:\/\/buletin.de\/bucuresti\/#organization","name":"Buletin de Bucure\u0219ti","url":"https:\/\/buletin.de\/bucuresti\/","logo":{"@type":"ImageObject","inLanguage":"en-GB","@id":"https:\/\/buletin.de\/bucuresti\/#\/schema\/logo\/image\/","url":"https:\/\/buletin.de\/bucuresti\/wp-content\/uploads\/logo-bdb-full-wide-vernil-transparent.png","contentUrl":"https:\/\/buletin.de\/bucuresti\/wp-content\/uploads\/logo-bdb-full-wide-vernil-transparent.png","width":1782,"height":626,"caption":"Buletin de Bucure\u0219ti"},"image":{"@id":"https:\/\/buletin.de\/bucuresti\/#\/schema\/logo\/image\/"},"sameAs":["https:\/\/www.facebook.com\/buletin.de.buc","https:\/\/www.instagram.com\/buletinde.bucuresti\/"]},{"@type":"Person","@id":"https:\/\/buletin.de\/bucuresti\/#\/schema\/person\/a76df728dfc913795a9d90e346b253bb","name":"R\u0103zvan Chiru\u021b\u0103","image":{"@type":"ImageObject","inLanguage":"en-GB","@id":"https:\/\/buletin.de\/bucuresti\/wp-content\/uploads\/Razvan-Chiruta-96x96.jpge7143b996fd4241fbd6ee1f6b6b7b267","url":"https:\/\/buletin.de\/bucuresti\/wp-content\/uploads\/Razvan-Chiruta-96x96.jpg","contentUrl":"https:\/\/buletin.de\/bucuresti\/wp-content\/uploads\/Razvan-Chiruta-96x96.jpg","caption":"R\u0103zvan Chiru\u021b\u0103"},"description":"R\u0103zvan Chiru\u021b\u0103 este redactor-\u0219ef adjunct din iulie 2024. A fost redactor-\u0219ef al PRESShub \u00eentre 2022 \u0219i iunie 2024. Anterior, a fost redactor-\u0219ef al Newsweek Rom\u00e2nia, din 2018 p\u00e2n\u0103 \u00een 2021, \u0219i al cotidianului Rom\u00e2nia liber\u0103, \u00eentre 2015 \u0219i 2017. Este absolvent de Jurnalism, \u00een cadrul Universit\u0103\u021bii \u201eAl.I.Cuza\u201d din Ia\u0219i, \u0219i a urmat un master \u00een Managementul institu\u021biilor mass-media (f\u0103r\u0103 diserta\u021bie) la Facultatea de Jurnalism \u0219i \u0218tiin\u021bele Comunic\u0103rii din cadrul Universit\u0103\u021bii din Bucure\u0219ti. \u0218i-a \u00eenceput cariera la Opinia studen\u021beasc\u0103, cunoscuta \u0219coal\u0103 de pres\u0103 din Ia\u0219i. A lucrat \u00een presa local\u0103, apoi a devenit corespondent pentru Ia\u0219i al cotidianului Evenimentul Zilei. Din 2004, a coordonat pentru \u0219ase luni sec\u021bia de coresponden\u021bi a Evenimentului Zilei. A mai lucrat la s\u0103pt\u0103m\u00e2nalul Prezent \u0219i a colaborat cu revistele Dilema Veche \u0219i Suplimentul de Cultur\u0103. Este co-autor \u00een volumele \u201eMass-media \u0219i democra\u021bia \u00een Rom\u00e2nia post-comunist\u0103\u201d (ed. a II-a), Ed. Institutul European, Ia\u0219i, 2013, \u0219i \u201eCOVID - 19. Dimensiuni ale gestionarii pandemiei\u201d, Editura Junimea, Ia\u0219i, 2020.","url":"https:\/\/buletin.de\/bucuresti\/author\/razvan-chiruta\/"}]}},"authors":[{"term_id":22582,"user_id":60,"is_guest":0,"slug":"razvan-chiruta","display_name":"R\u0103zvan Chiru\u021b\u0103","avatar_url":"https:\/\/buletin.de\/bucuresti\/wp-content\/uploads\/Razvan-Chiruta-96x96.jpg","0":null,"1":"","2":"","3":"","4":"","5":"","6":"","7":"","8":""}],"_links":{"self":[{"href":"https:\/\/buletin.de\/bucuresti\/wp-json\/wp\/v2\/posts\/161695","targetHints":{"allow":["GET"]}}],"collection":[{"href":"https:\/\/buletin.de\/bucuresti\/wp-json\/wp\/v2\/posts"}],"about":[{"href":"https:\/\/buletin.de\/bucuresti\/wp-json\/wp\/v2\/types\/post"}],"author":[{"embeddable":true,"href":"https:\/\/buletin.de\/bucuresti\/wp-json\/wp\/v2\/users\/60"}],"replies":[{"embeddable":true,"href":"https:\/\/buletin.de\/bucuresti\/wp-json\/wp\/v2\/comments?post=161695"}],"version-history":[{"count":9,"href":"https:\/\/buletin.de\/bucuresti\/wp-json\/wp\/v2\/posts\/161695\/revisions"}],"predecessor-version":[{"id":161951,"href":"https:\/\/buletin.de\/bucuresti\/wp-json\/wp\/v2\/posts\/161695\/revisions\/161951"}],"wp:featuredmedia":[{"embeddable":true,"href":"https:\/\/buletin.de\/bucuresti\/wp-json\/wp\/v2\/media\/161743"}],"wp:attachment":[{"href":"https:\/\/buletin.de\/bucuresti\/wp-json\/wp\/v2\/media?parent=161695"}],"wp:term":[{"taxonomy":"category","embeddable":true,"href":"https:\/\/buletin.de\/bucuresti\/wp-json\/wp\/v2\/categories?post=161695"},{"taxonomy":"post_tag","embeddable":true,"href":"https:\/\/buletin.de\/bucuresti\/wp-json\/wp\/v2\/tags?post=161695"},{"taxonomy":"author","embeddable":true,"href":"https:\/\/buletin.de\/bucuresti\/wp-json\/wp\/v2\/ppma_author?post=161695"}],"curies":[{"name":"wp","href":"https:\/\/api.w.org\/{rel}","templated":true}]}}