{"id":161685,"date":"2025-12-09T17:55:29","date_gmt":"2025-12-09T14:55:29","guid":{"rendered":"https:\/\/buletin.de\/bucuresti\/?p=161685"},"modified":"2025-12-09T19:05:18","modified_gmt":"2025-12-09T16:05:18","slug":"radiografia-magistralei-6-otopeni-la-ce-statie-lucrarile-sunt-cele-mai-avansate","status":"publish","type":"post","link":"https:\/\/buletin.de\/bucuresti\/radiografia-magistralei-6-otopeni-la-ce-statie-lucrarile-sunt-cele-mai-avansate\/","title":{"rendered":"Radiografia Magistralei 6 Otopeni. La ce sta\u021bie lucr\u0103rile sunt cele mai avansate"},"content":{"rendered":"\n<p><strong>Metrorex a prezentat radiografia Magistralei 6 (M6), pentru luna noiembrie. Noua magistral\u0103 va lega zona 1 Mai de Aeroportul \u201eHenri Coand\u0103\u201d Otopeni \u0219i are dou\u0103 sec\u021biuni, cea de sud (tronsonul 1 Mai \u2013 Tokyo) \u0219i cea de nord (tronsonul Tokyo \u2013 Aeroport Otopeni).<\/strong><\/p>\n\n\n\n<p>Potrivit jurnalului de \u0219antier, lucr\u0103rile la viitoarea Magistral\u0103 6 au \u00eenregistrat, \u00een penultima lun\u0103 din an, evolu\u021bii considerabile pe ambele sec\u021biuni. <\/p>\n\n\n\n<p>Noua magistral\u0103 va avea un traseu de 14,2 kilometri \u0219i 12 sta\u021bii. Lucr\u0103rile ar putea fi gata, cel mai devreme, \u00een anul 2028. <\/p>\n\n\n\n<h2 class=\"wp-block-heading\" id=\"h-radiografia-magistralei-6-otopeni-stadiul-lucrarilor-pentru-sec\u021biunea-sud\">Radiografia Magistralei 6 Otopeni: stadiul lucr\u0103rilor pentru Sec\u021biunea Sud<\/h2>\n\n\n\n<p><a href=\"https:\/\/buletin.de\/bucuresti\/metrorex-anunta-stadiul-lucrarilor-la-magistrala-6-progrese-semnificative-pe-tronsonul-1-mai-tokyo\/\" target=\"_blank\" rel=\"noreferrer noopener\">Pe <strong>tronsonul sudic (1 Mai &#8211; Tokyo)<\/strong><\/a>, la finalul lunii noiembrie, TBM Sf\u00e2nta Maria a ajuns la 1.730 de metri excava\u021bi \u0219i 1.149 inele montate, iar TBM Sf\u00e2nta Ana a atins 1.227 de metri \u0219i a montaj 813 inele, de la \u00eenceperea excav\u0103rii. <\/p>\n\n\n\n<p>La viitoarea sta\u021bie de metrou <strong>Tokyo<\/strong>, volumul excava\u021biilor a dep\u0103\u0219it 50.000 de metri cubi \u0219i s-au turnat peste 8.500 de metri cubi de beton. Structura de rezisten\u021b\u0103 a ajuns la un grad de realizare de<strong> 61%. <\/strong><\/p>\n\n\n\n<p>\u00cen cazul viitoarei sta\u021bii <strong>Aeroport B\u0103neasa<\/strong>, s-ai finalizat to\u021bi cei 150 de pilo\u021bi pentru Accesul Am, to\u021bi cei 1787 de pilo\u021bi pentru Accesul B. Totodat\u0103, s-au excavat 52.000 de metri cubi \u0219i s-au betonat peste 9.300 de metri cubi. Procentul de realizare a structurii de rezisten\u021b\u0103 este de <strong>79%. <\/strong><\/p>\n\n\n\n<p>S-au realizat 143 de pilo\u021bi din 194, pentru viitoarea sta\u021bie de metrou<strong> Gara B\u0103neasa<\/strong>, \u0219i s-au betonat 7.000 de metri cubi. Structura de rezisten\u021b\u0103 a ajuns la un procent de realizare de <strong>69%.<\/strong> <\/p>\n\n\n\n<p>La viitoarea sta\u021bie de metrou <strong>Pia\u021ba Montreal<\/strong>, au fost excava\u021bi peste 23.000 de metri cubi \u0219i s-au betonat peste 3.800 de metri cubi. Procentul de realizare a structurii de rezisten\u021b\u0103 este de <strong>66%<\/strong>. <\/p>\n\n\n\n<h2 class=\"wp-block-heading\" id=\"h-progres-\u0219i-in-cazul-celorlalte-sta\u021bii\">Progres \u0219i \u00een cazul celorlalte sta\u021bii <\/h2>\n\n\n\n<p>Datele prezentate de <a href=\"https:\/\/www.facebook.com\/metrorexoficial.ro\/posts\/1252485563581299?ref=embed_post\" target=\"_blank\" rel=\"noreferrer noopener\">Metrorex <\/a>mai arat\u0103 c\u0103, la viitoarea sta\u021bie <strong>Expozi\u021biei<\/strong>, s-au executat to\u021bi cei 186 de pilo\u021bi pentru Accesul B \u0219i to\u021bi cei 118 pilo\u021bi pentru Accesul C. Tot aici, s-au excavat peste 45.000 de metri cubi \u0219i s-au betonat peste 8.500 de metri cubi. Structura de rezisten\u021b\u0103 a ajuns la un procent de realizare de <strong>69%. <\/strong><\/p>\n\n\n\n<p>De asemenea, pentru viitoarea sta\u021bie de metrou <strong>Pajura<\/strong>, s-au executat 79 de panouri de pere\u021bi mula\u021bi din 86, 220 de pilo\u021bi din 252 pentru Accesul A, 145 de pilo\u021bi din 444 pentru Accesul B, precum \u0219i 124 de pilo\u021bi din 243 pentru Accesul C. S-au excavat peste 3.000 de metri cubi \u0219i s-au betonat 128 de metri cubi. Procentul de realizare a structurii de rezisten\u021b\u0103 este de<strong> 45%<\/strong>. <\/p>\n\n\n\n<p>La sta\u021bia de metrou <strong>1 Mai<\/strong> (existent\u0103) se execut\u0103 relocarea utilit\u0103\u021bilor neprev\u0103zute \u0219i elementele structurale necesare jonc\u021biunii cu Magistrala 4. Aici, s-au executat 155 de metri grind\u0103 de ghidaj, 14 pere\u021bi mula\u021bi pentru Linia 2 Nord \u0219i s-au betonat 53 de metri cubi. Structura de rezisten\u021b\u0103 a fost realizat\u0103 \u00een procent de <strong>22%.<\/strong><\/p>\n\n\n\n<figure class=\"wp-block-embed is-type-video is-provider-youtube wp-block-embed-youtube wp-embed-aspect-16-9 wp-has-aspect-ratio\"><div class=\"wp-block-embed__wrapper\">\n<div class=\"jlvid_container\"><iframe title=\"Jurnal de \u0219antier M6, noiembrie 2025\" width=\"1200\" height=\"675\" src=\"https:\/\/www.youtube.com\/embed\/8_GGr41yJAM?feature=oembed\" frameborder=\"0\" allow=\"accelerometer; autoplay; clipboard-write; encrypted-media; gyroscope; picture-in-picture; web-share\" referrerpolicy=\"strict-origin-when-cross-origin\" allowfullscreen><\/iframe><\/div>\n<\/div><\/figure>\n\n\n\n<h2 class=\"wp-block-heading\" id=\"h-stadiul-lucrarilor-la-sec\u021biunea-nord\">Stadiul lucr\u0103rilor la Sec\u021biunea Nord<\/h2>\n\n\n\n<p>Lucr\u0103rile avanseaz\u0103 \u0219i la Sec\u021biunea Nord (tronsonul Tokyo &#8211; Aeroport Otopeni). La viitoarea sta\u021bie de metrou <strong>Washington<\/strong> s-a executat forajul pentru PMA 2, p\u00e2n\u0103 la <strong>ad\u00e2ncimea de 240 de metri. <\/strong><\/p>\n\n\n\n<p>Pentru viitoarea sta\u021bie <strong>Paris<\/strong>, s-au realizat lucr\u0103ri de s\u0103p\u0103tur\u0103 pentru grinzi de ghidaj (90 m\u00b3), evacuare p\u0103m\u00e2nt (50 m\u00b3) \u0219i umplutur\u0103 (40 m\u00b3). Grinda de ghidaj aferent\u0103 Accesului A, pe o lungime de 95 ml, a fost finalizat\u0103 integral (100%). Pentru grinda de ghidaj a sta\u021biei, s-a atins un stadiu de 40%. Procentul de realizare a structurii de rezisten\u021b\u0103 este de <strong>45%. <\/strong><\/p>\n\n\n\n<p>La viitoarea sta\u021bie <strong>Bruxelles<\/strong>, s-au finalizat 169 ml de grinzi pentru pere\u021bii mula\u021bi \u0219i 22 de grinzi pentru baretele sta\u021biei (94,6 ml), cu un volum de 228 m\u00b3 de p\u0103m\u00e2nt evacuat. Structura de rezisten\u021b\u0103 a ajuns la un procent de realizare de <strong>38%. <\/strong><\/p>\n\n\n\n<p>\u00cen ceea ce prive\u0219te viitoarea sta\u021bie <strong>Otopeni<\/strong>, execu\u021bia grinzii de ghidaj sta\u021bie este realizat\u0103 \u00een propor\u021bie de 95%, iar cea a grinzii de ghidaj barete de 60%. Sprijinirea berlinez\u0103 a fost realizat\u0103 integral, \u00een timp ce s\u0103p\u0103tura deschis\u0103 p\u00e2n\u0103 la cota platformei de lucru a ajuns la 95%. <\/p>\n\n\n\n<p>Execu\u021bia pere\u021bilor mula\u021bi a ajuns la 30%. La aceast\u0103 sta\u021bie, structura de rezisten\u021b\u0103 a fost realizat\u0103 \u00een propor\u021bie de <strong>55%. <\/strong><\/p>\n\n\n\n<p>La sta\u021bia <strong>Ion I.C. Br\u0103tianu<\/strong>, betonul de egalizare \u0219i hidroizola\u021bia radierului au fost finalizate integral. Structura de rezisten\u021b\u0103 a ajuns la <strong>72%<\/strong> dup\u0103 turnarea plotului 2 al radierului. <\/p>\n\n\n\n<p>Pentru viitoarea sta\u021bie <strong>Aeroport Otopeni<\/strong>, excava\u021biile la radierul PLOT 9 au ajuns la 4.800 metri cubi, iar platforma de lucru de la PLOT 7 este \u00een curs de cobor\u00e2re. Structura de rezisten\u021b\u0103 a ajuns la un procent de realizare de <strong>58<\/strong>%. <\/p>\n\n\n\n<p>CITE\u0218TE \u0218I <a href=\"https:\/\/buletin.de\/bucuresti\/restrictii-de-trafic-pe-autostrada-a1-pentru-lucrari\/\" target=\"_blank\" rel=\"noreferrer noopener\">Restric\u021bii de trafic pe autostrada A1, pentru lucr\u0103ri<\/a><\/p>\n","protected":false},"excerpt":{"rendered":"<p>Metrorex a prezentat radiografia Magistralei 6 (M6), pentru luna noiembrie. Noua magistral\u0103 va lega zona 1 Mai de Aeroportul \u201eHenri Coand\u0103\u201d Otopeni \u0219i are dou\u0103 sec\u021biuni, cea de sud (tronsonul 1 Mai \u2013 Tokyo) \u0219i cea de nord (tronsonul Tokyo \u2013 Aeroport Otopeni). Potrivit jurnalului de \u0219antier, lucr\u0103rile la viitoarea Magistral\u0103 6 au \u00eenregistrat, \u00een [&hellip;]<\/p>\n","protected":false},"author":65,"featured_media":161701,"comment_status":"closed","ping_status":"open","sticky":false,"template":"","format":"standard","meta":{"_acf_changed":false,"inline_featured_image":false,"ngg_post_thumbnail":0,"footnotes":""},"categories":[6994,62,650],"tags":[19587,2173,6880,377,8551],"ppma_author":[23912],"class_list":["post-161685","post","type-post","status-publish","format-standard","has-post-thumbnail","hentry","category-stiri-2","category-stiri","category-transport","tag-lucrari-magistrala-6","tag-m6","tag-magistrala-6","tag-metrorex","tag-stadiul-lucrarilor"],"acf":[],"yoast_head":"<!-- This site is optimized with the Yoast SEO Premium plugin v25.3 (Yoast SEO v27.4) - https:\/\/yoast.com\/product\/yoast-seo-premium-wordpress\/ -->\n<title>Radiografia Magistralei 6 Otopeni. La ce sta\u021bie lucr\u0103rile sunt cele mai avansate - Buletin de Bucure\u0219ti<\/title>\n<meta name=\"description\" content=\"Metrorex a prezentat radiografia Magistralei 6, cea care va lega Bucure\u0219tiul de Aeroportul \u201eHenri Coand\u0103\u201d Otopeni.\" \/>\n<meta name=\"robots\" content=\"index, follow, max-snippet:-1, max-image-preview:large, max-video-preview:-1\" \/>\n<link rel=\"canonical\" href=\"https:\/\/buletin.de\/bucuresti\/radiografia-magistralei-6-otopeni-la-ce-statie-lucrarile-sunt-cele-mai-avansate\/\" \/>\n<meta property=\"og:locale\" content=\"en_GB\" \/>\n<meta property=\"og:type\" content=\"article\" \/>\n<meta property=\"og:title\" content=\"Radiografia Magistralei 6 Otopeni. La ce sta\u021bie lucr\u0103rile sunt cele mai avansate\" \/>\n<meta property=\"og:description\" content=\"Metrorex a prezentat radiografia Magistralei 6, cea care va lega Bucure\u0219tiul de Aeroportul \u201eHenri Coand\u0103\u201d Otopeni.\" \/>\n<meta property=\"og:url\" content=\"https:\/\/buletin.de\/bucuresti\/radiografia-magistralei-6-otopeni-la-ce-statie-lucrarile-sunt-cele-mai-avansate\/\" \/>\n<meta property=\"og:site_name\" content=\"Buletin de Bucure\u0219ti\" \/>\n<meta property=\"article:publisher\" content=\"https:\/\/www.facebook.com\/buletin.de.buc\" \/>\n<meta property=\"article:published_time\" content=\"2025-12-09T14:55:29+00:00\" \/>\n<meta property=\"article:modified_time\" content=\"2025-12-09T16:05:18+00:00\" \/>\n<meta property=\"og:image\" content=\"https:\/\/buletin.de\/bucuresti\/wp-content\/uploads\/2025\/12\/Stadiul-lucrarilor-la-Magistrala-6-.jpg\" \/>\n\t<meta property=\"og:image:width\" content=\"1200\" \/>\n\t<meta property=\"og:image:height\" content=\"655\" \/>\n\t<meta property=\"og:image:type\" content=\"image\/jpeg\" \/>\n<meta name=\"author\" content=\"Andreea St\u0103n\u0103r\u00eeng\u0103\" \/>\n<meta name=\"twitter:card\" content=\"summary_large_image\" \/>\n<meta name=\"twitter:label1\" content=\"Written by\" \/>\n\t<meta name=\"twitter:data1\" content=\"Andreea St\u0103n\u0103r\u00eeng\u0103\" \/>\n\t<meta name=\"twitter:label2\" content=\"Estimated reading time\" \/>\n\t<meta name=\"twitter:data2\" content=\"4 minutes\" \/>\n<script type=\"application\/ld+json\" class=\"yoast-schema-graph\">{\"@context\":\"https:\\\/\\\/schema.org\",\"@graph\":[{\"@type\":\"Article\",\"@id\":\"https:\\\/\\\/buletin.de\\\/bucuresti\\\/radiografia-magistralei-6-otopeni-la-ce-statie-lucrarile-sunt-cele-mai-avansate\\\/#article\",\"isPartOf\":{\"@id\":\"https:\\\/\\\/buletin.de\\\/bucuresti\\\/radiografia-magistralei-6-otopeni-la-ce-statie-lucrarile-sunt-cele-mai-avansate\\\/\"},\"author\":{\"name\":\"Andreea St\u0103n\u0103r\u00eeng\u0103\",\"@id\":\"https:\\\/\\\/buletin.de\\\/bucuresti\\\/#\\\/schema\\\/person\\\/81421a46fb84a0887cfd2238f5202586\"},\"headline\":\"Radiografia Magistralei 6 Otopeni. La ce sta\u021bie lucr\u0103rile sunt cele mai avansate\",\"datePublished\":\"2025-12-09T14:55:29+00:00\",\"dateModified\":\"2025-12-09T16:05:18+00:00\",\"mainEntityOfPage\":{\"@id\":\"https:\\\/\\\/buletin.de\\\/bucuresti\\\/radiografia-magistralei-6-otopeni-la-ce-statie-lucrarile-sunt-cele-mai-avansate\\\/\"},\"wordCount\":794,\"publisher\":{\"@id\":\"https:\\\/\\\/buletin.de\\\/bucuresti\\\/#organization\"},\"image\":{\"@id\":\"https:\\\/\\\/buletin.de\\\/bucuresti\\\/radiografia-magistralei-6-otopeni-la-ce-statie-lucrarile-sunt-cele-mai-avansate\\\/#primaryimage\"},\"thumbnailUrl\":\"https:\\\/\\\/buletin.de\\\/bucuresti\\\/wp-content\\\/uploads\\\/2025\\\/12\\\/Stadiul-lucrarilor-la-Magistrala-6-.jpg\",\"keywords\":[\"lucrari magistrala 6\",\"m6\",\"magistrala 6\",\"metrorex\",\"stadiul lucrarilor\"],\"articleSection\":[\"Articole\",\"\u0218tiri\",\"Transport\"],\"inLanguage\":\"en-GB\",\"copyrightYear\":\"2025\",\"copyrightHolder\":{\"@id\":\"https:\\\/\\\/buletin.de\\\/bucuresti\\\/#organization\"}},{\"@type\":\"WebPage\",\"@id\":\"https:\\\/\\\/buletin.de\\\/bucuresti\\\/radiografia-magistralei-6-otopeni-la-ce-statie-lucrarile-sunt-cele-mai-avansate\\\/\",\"url\":\"https:\\\/\\\/buletin.de\\\/bucuresti\\\/radiografia-magistralei-6-otopeni-la-ce-statie-lucrarile-sunt-cele-mai-avansate\\\/\",\"name\":\"Radiografia Magistralei 6 Otopeni. La ce sta\u021bie lucr\u0103rile sunt cele mai avansate - Buletin de Bucure\u0219ti\",\"isPartOf\":{\"@id\":\"https:\\\/\\\/buletin.de\\\/bucuresti\\\/#website\"},\"primaryImageOfPage\":{\"@id\":\"https:\\\/\\\/buletin.de\\\/bucuresti\\\/radiografia-magistralei-6-otopeni-la-ce-statie-lucrarile-sunt-cele-mai-avansate\\\/#primaryimage\"},\"image\":{\"@id\":\"https:\\\/\\\/buletin.de\\\/bucuresti\\\/radiografia-magistralei-6-otopeni-la-ce-statie-lucrarile-sunt-cele-mai-avansate\\\/#primaryimage\"},\"thumbnailUrl\":\"https:\\\/\\\/buletin.de\\\/bucuresti\\\/wp-content\\\/uploads\\\/2025\\\/12\\\/Stadiul-lucrarilor-la-Magistrala-6-.jpg\",\"datePublished\":\"2025-12-09T14:55:29+00:00\",\"dateModified\":\"2025-12-09T16:05:18+00:00\",\"description\":\"Metrorex a prezentat radiografia Magistralei 6, cea care va lega Bucure\u0219tiul de Aeroportul \u201eHenri Coand\u0103\u201d Otopeni.\",\"breadcrumb\":{\"@id\":\"https:\\\/\\\/buletin.de\\\/bucuresti\\\/radiografia-magistralei-6-otopeni-la-ce-statie-lucrarile-sunt-cele-mai-avansate\\\/#breadcrumb\"},\"inLanguage\":\"en-GB\",\"potentialAction\":[{\"@type\":\"ReadAction\",\"target\":[\"https:\\\/\\\/buletin.de\\\/bucuresti\\\/radiografia-magistralei-6-otopeni-la-ce-statie-lucrarile-sunt-cele-mai-avansate\\\/\"]}]},{\"@type\":\"ImageObject\",\"inLanguage\":\"en-GB\",\"@id\":\"https:\\\/\\\/buletin.de\\\/bucuresti\\\/radiografia-magistralei-6-otopeni-la-ce-statie-lucrarile-sunt-cele-mai-avansate\\\/#primaryimage\",\"url\":\"https:\\\/\\\/buletin.de\\\/bucuresti\\\/wp-content\\\/uploads\\\/2025\\\/12\\\/Stadiul-lucrarilor-la-Magistrala-6-.jpg\",\"contentUrl\":\"https:\\\/\\\/buletin.de\\\/bucuresti\\\/wp-content\\\/uploads\\\/2025\\\/12\\\/Stadiul-lucrarilor-la-Magistrala-6-.jpg\",\"width\":1200,\"height\":655,\"caption\":\"Stadiul lucr\u0103rilor la Magistrala 6, pentru luna noiembrie. Foto: Capturi YouTube Magistrala 6\"},{\"@type\":\"BreadcrumbList\",\"@id\":\"https:\\\/\\\/buletin.de\\\/bucuresti\\\/radiografia-magistralei-6-otopeni-la-ce-statie-lucrarile-sunt-cele-mai-avansate\\\/#breadcrumb\",\"itemListElement\":[{\"@type\":\"ListItem\",\"position\":1,\"name\":\"Acas\u0103\",\"item\":\"https:\\\/\\\/buletin.de\\\/bucuresti\\\/\"},{\"@type\":\"ListItem\",\"position\":2,\"name\":\"Radiografia Magistralei 6 Otopeni. La ce sta\u021bie lucr\u0103rile sunt cele mai avansate\"}]},{\"@type\":\"WebSite\",\"@id\":\"https:\\\/\\\/buletin.de\\\/bucuresti\\\/#website\",\"url\":\"https:\\\/\\\/buletin.de\\\/bucuresti\\\/\",\"name\":\"Buletin de Bucure\u0219ti\",\"description\":\"\u0218tiri \u0219i investiga\u021bii esen\u021biale din capital\u0103\",\"publisher\":{\"@id\":\"https:\\\/\\\/buletin.de\\\/bucuresti\\\/#organization\"},\"potentialAction\":[{\"@type\":\"SearchAction\",\"target\":{\"@type\":\"EntryPoint\",\"urlTemplate\":\"https:\\\/\\\/buletin.de\\\/bucuresti\\\/?s={search_term_string}\"},\"query-input\":{\"@type\":\"PropertyValueSpecification\",\"valueRequired\":true,\"valueName\":\"search_term_string\"}}],\"inLanguage\":\"en-GB\"},{\"@type\":\"Organization\",\"@id\":\"https:\\\/\\\/buletin.de\\\/bucuresti\\\/#organization\",\"name\":\"Buletin de Bucure\u0219ti\",\"url\":\"https:\\\/\\\/buletin.de\\\/bucuresti\\\/\",\"logo\":{\"@type\":\"ImageObject\",\"inLanguage\":\"en-GB\",\"@id\":\"https:\\\/\\\/buletin.de\\\/bucuresti\\\/#\\\/schema\\\/logo\\\/image\\\/\",\"url\":\"https:\\\/\\\/buletin.de\\\/bucuresti\\\/wp-content\\\/uploads\\\/logo-bdb-full-wide-vernil-transparent.png\",\"contentUrl\":\"https:\\\/\\\/buletin.de\\\/bucuresti\\\/wp-content\\\/uploads\\\/logo-bdb-full-wide-vernil-transparent.png\",\"width\":1782,\"height\":626,\"caption\":\"Buletin de Bucure\u0219ti\"},\"image\":{\"@id\":\"https:\\\/\\\/buletin.de\\\/bucuresti\\\/#\\\/schema\\\/logo\\\/image\\\/\"},\"sameAs\":[\"https:\\\/\\\/www.facebook.com\\\/buletin.de.buc\",\"https:\\\/\\\/www.instagram.com\\\/buletinde.bucuresti\\\/\"]},{\"@type\":\"Person\",\"@id\":\"https:\\\/\\\/buletin.de\\\/bucuresti\\\/#\\\/schema\\\/person\\\/81421a46fb84a0887cfd2238f5202586\",\"name\":\"Andreea St\u0103n\u0103r\u00eeng\u0103\",\"image\":{\"@type\":\"ImageObject\",\"inLanguage\":\"en-GB\",\"@id\":\"https:\\\/\\\/secure.gravatar.com\\\/avatar\\\/dfa8d227a4388fad0f0bb03add04b5b176f4da34397dbb2eadc563b3d7162ce0?s=96&d=monsterid&r=g72784372b39ffe5a98a45288fe0d0e8a\",\"url\":\"https:\\\/\\\/secure.gravatar.com\\\/avatar\\\/dfa8d227a4388fad0f0bb03add04b5b176f4da34397dbb2eadc563b3d7162ce0?s=96&d=monsterid&r=g\",\"contentUrl\":\"https:\\\/\\\/secure.gravatar.com\\\/avatar\\\/dfa8d227a4388fad0f0bb03add04b5b176f4da34397dbb2eadc563b3d7162ce0?s=96&d=monsterid&r=g\",\"caption\":\"Andreea St\u0103n\u0103r\u00eeng\u0103\"},\"description\":\"Cu o experien\u021b\u0103 de peste 5 ani \u00een pres\u0103, face parte din echipa Buletin de Bucure\u0219ti din septembrie 2025. A colaborat cu c\u00e2teva publica\u021bii, printre care \u0219i Fanatik.ro, unde s-a ocupat de \u0219tiri de lifestyle \u0219i de actualitate. A f\u0103cut un pas c\u0103tre presa local\u0103 pentru a explora Bucure\u0219tiul \u0219i pove\u0219tile care merit\u0103 spuse.\",\"url\":\"https:\\\/\\\/buletin.de\\\/bucuresti\\\/author\\\/andreea-stanaranga\\\/\"}]}<\/script>\n<!-- \/ Yoast SEO Premium plugin. -->","yoast_head_json":{"title":"Radiografia Magistralei 6 Otopeni. La ce sta\u021bie lucr\u0103rile sunt cele mai avansate - Buletin de Bucure\u0219ti","description":"Metrorex a prezentat radiografia Magistralei 6, cea care va lega Bucure\u0219tiul de Aeroportul \u201eHenri Coand\u0103\u201d Otopeni.","robots":{"index":"index","follow":"follow","max-snippet":"max-snippet:-1","max-image-preview":"max-image-preview:large","max-video-preview":"max-video-preview:-1"},"canonical":"https:\/\/buletin.de\/bucuresti\/radiografia-magistralei-6-otopeni-la-ce-statie-lucrarile-sunt-cele-mai-avansate\/","og_locale":"en_GB","og_type":"article","og_title":"Radiografia Magistralei 6 Otopeni. La ce sta\u021bie lucr\u0103rile sunt cele mai avansate","og_description":"Metrorex a prezentat radiografia Magistralei 6, cea care va lega Bucure\u0219tiul de Aeroportul \u201eHenri Coand\u0103\u201d Otopeni.","og_url":"https:\/\/buletin.de\/bucuresti\/radiografia-magistralei-6-otopeni-la-ce-statie-lucrarile-sunt-cele-mai-avansate\/","og_site_name":"Buletin de Bucure\u0219ti","article_publisher":"https:\/\/www.facebook.com\/buletin.de.buc","article_published_time":"2025-12-09T14:55:29+00:00","article_modified_time":"2025-12-09T16:05:18+00:00","og_image":[{"width":1200,"height":655,"url":"https:\/\/buletin.de\/bucuresti\/wp-content\/uploads\/2025\/12\/Stadiul-lucrarilor-la-Magistrala-6-.jpg","type":"image\/jpeg"}],"author":"Andreea St\u0103n\u0103r\u00eeng\u0103","twitter_card":"summary_large_image","twitter_misc":{"Written by":"Andreea St\u0103n\u0103r\u00eeng\u0103","Estimated reading time":"4 minutes"},"schema":{"@context":"https:\/\/schema.org","@graph":[{"@type":"Article","@id":"https:\/\/buletin.de\/bucuresti\/radiografia-magistralei-6-otopeni-la-ce-statie-lucrarile-sunt-cele-mai-avansate\/#article","isPartOf":{"@id":"https:\/\/buletin.de\/bucuresti\/radiografia-magistralei-6-otopeni-la-ce-statie-lucrarile-sunt-cele-mai-avansate\/"},"author":{"name":"Andreea St\u0103n\u0103r\u00eeng\u0103","@id":"https:\/\/buletin.de\/bucuresti\/#\/schema\/person\/81421a46fb84a0887cfd2238f5202586"},"headline":"Radiografia Magistralei 6 Otopeni. La ce sta\u021bie lucr\u0103rile sunt cele mai avansate","datePublished":"2025-12-09T14:55:29+00:00","dateModified":"2025-12-09T16:05:18+00:00","mainEntityOfPage":{"@id":"https:\/\/buletin.de\/bucuresti\/radiografia-magistralei-6-otopeni-la-ce-statie-lucrarile-sunt-cele-mai-avansate\/"},"wordCount":794,"publisher":{"@id":"https:\/\/buletin.de\/bucuresti\/#organization"},"image":{"@id":"https:\/\/buletin.de\/bucuresti\/radiografia-magistralei-6-otopeni-la-ce-statie-lucrarile-sunt-cele-mai-avansate\/#primaryimage"},"thumbnailUrl":"https:\/\/buletin.de\/bucuresti\/wp-content\/uploads\/2025\/12\/Stadiul-lucrarilor-la-Magistrala-6-.jpg","keywords":["lucrari magistrala 6","m6","magistrala 6","metrorex","stadiul lucrarilor"],"articleSection":["Articole","\u0218tiri","Transport"],"inLanguage":"en-GB","copyrightYear":"2025","copyrightHolder":{"@id":"https:\/\/buletin.de\/bucuresti\/#organization"}},{"@type":"WebPage","@id":"https:\/\/buletin.de\/bucuresti\/radiografia-magistralei-6-otopeni-la-ce-statie-lucrarile-sunt-cele-mai-avansate\/","url":"https:\/\/buletin.de\/bucuresti\/radiografia-magistralei-6-otopeni-la-ce-statie-lucrarile-sunt-cele-mai-avansate\/","name":"Radiografia Magistralei 6 Otopeni. La ce sta\u021bie lucr\u0103rile sunt cele mai avansate - Buletin de Bucure\u0219ti","isPartOf":{"@id":"https:\/\/buletin.de\/bucuresti\/#website"},"primaryImageOfPage":{"@id":"https:\/\/buletin.de\/bucuresti\/radiografia-magistralei-6-otopeni-la-ce-statie-lucrarile-sunt-cele-mai-avansate\/#primaryimage"},"image":{"@id":"https:\/\/buletin.de\/bucuresti\/radiografia-magistralei-6-otopeni-la-ce-statie-lucrarile-sunt-cele-mai-avansate\/#primaryimage"},"thumbnailUrl":"https:\/\/buletin.de\/bucuresti\/wp-content\/uploads\/2025\/12\/Stadiul-lucrarilor-la-Magistrala-6-.jpg","datePublished":"2025-12-09T14:55:29+00:00","dateModified":"2025-12-09T16:05:18+00:00","description":"Metrorex a prezentat radiografia Magistralei 6, cea care va lega Bucure\u0219tiul de Aeroportul \u201eHenri Coand\u0103\u201d Otopeni.","breadcrumb":{"@id":"https:\/\/buletin.de\/bucuresti\/radiografia-magistralei-6-otopeni-la-ce-statie-lucrarile-sunt-cele-mai-avansate\/#breadcrumb"},"inLanguage":"en-GB","potentialAction":[{"@type":"ReadAction","target":["https:\/\/buletin.de\/bucuresti\/radiografia-magistralei-6-otopeni-la-ce-statie-lucrarile-sunt-cele-mai-avansate\/"]}]},{"@type":"ImageObject","inLanguage":"en-GB","@id":"https:\/\/buletin.de\/bucuresti\/radiografia-magistralei-6-otopeni-la-ce-statie-lucrarile-sunt-cele-mai-avansate\/#primaryimage","url":"https:\/\/buletin.de\/bucuresti\/wp-content\/uploads\/2025\/12\/Stadiul-lucrarilor-la-Magistrala-6-.jpg","contentUrl":"https:\/\/buletin.de\/bucuresti\/wp-content\/uploads\/2025\/12\/Stadiul-lucrarilor-la-Magistrala-6-.jpg","width":1200,"height":655,"caption":"Stadiul lucr\u0103rilor la Magistrala 6, pentru luna noiembrie. Foto: Capturi YouTube Magistrala 6"},{"@type":"BreadcrumbList","@id":"https:\/\/buletin.de\/bucuresti\/radiografia-magistralei-6-otopeni-la-ce-statie-lucrarile-sunt-cele-mai-avansate\/#breadcrumb","itemListElement":[{"@type":"ListItem","position":1,"name":"Acas\u0103","item":"https:\/\/buletin.de\/bucuresti\/"},{"@type":"ListItem","position":2,"name":"Radiografia Magistralei 6 Otopeni. La ce sta\u021bie lucr\u0103rile sunt cele mai avansate"}]},{"@type":"WebSite","@id":"https:\/\/buletin.de\/bucuresti\/#website","url":"https:\/\/buletin.de\/bucuresti\/","name":"Buletin de Bucure\u0219ti","description":"\u0218tiri \u0219i investiga\u021bii esen\u021biale din capital\u0103","publisher":{"@id":"https:\/\/buletin.de\/bucuresti\/#organization"},"potentialAction":[{"@type":"SearchAction","target":{"@type":"EntryPoint","urlTemplate":"https:\/\/buletin.de\/bucuresti\/?s={search_term_string}"},"query-input":{"@type":"PropertyValueSpecification","valueRequired":true,"valueName":"search_term_string"}}],"inLanguage":"en-GB"},{"@type":"Organization","@id":"https:\/\/buletin.de\/bucuresti\/#organization","name":"Buletin de Bucure\u0219ti","url":"https:\/\/buletin.de\/bucuresti\/","logo":{"@type":"ImageObject","inLanguage":"en-GB","@id":"https:\/\/buletin.de\/bucuresti\/#\/schema\/logo\/image\/","url":"https:\/\/buletin.de\/bucuresti\/wp-content\/uploads\/logo-bdb-full-wide-vernil-transparent.png","contentUrl":"https:\/\/buletin.de\/bucuresti\/wp-content\/uploads\/logo-bdb-full-wide-vernil-transparent.png","width":1782,"height":626,"caption":"Buletin de Bucure\u0219ti"},"image":{"@id":"https:\/\/buletin.de\/bucuresti\/#\/schema\/logo\/image\/"},"sameAs":["https:\/\/www.facebook.com\/buletin.de.buc","https:\/\/www.instagram.com\/buletinde.bucuresti\/"]},{"@type":"Person","@id":"https:\/\/buletin.de\/bucuresti\/#\/schema\/person\/81421a46fb84a0887cfd2238f5202586","name":"Andreea St\u0103n\u0103r\u00eeng\u0103","image":{"@type":"ImageObject","inLanguage":"en-GB","@id":"https:\/\/secure.gravatar.com\/avatar\/dfa8d227a4388fad0f0bb03add04b5b176f4da34397dbb2eadc563b3d7162ce0?s=96&d=monsterid&r=g72784372b39ffe5a98a45288fe0d0e8a","url":"https:\/\/secure.gravatar.com\/avatar\/dfa8d227a4388fad0f0bb03add04b5b176f4da34397dbb2eadc563b3d7162ce0?s=96&d=monsterid&r=g","contentUrl":"https:\/\/secure.gravatar.com\/avatar\/dfa8d227a4388fad0f0bb03add04b5b176f4da34397dbb2eadc563b3d7162ce0?s=96&d=monsterid&r=g","caption":"Andreea St\u0103n\u0103r\u00eeng\u0103"},"description":"Cu o experien\u021b\u0103 de peste 5 ani \u00een pres\u0103, face parte din echipa Buletin de Bucure\u0219ti din septembrie 2025. A colaborat cu c\u00e2teva publica\u021bii, printre care \u0219i Fanatik.ro, unde s-a ocupat de \u0219tiri de lifestyle \u0219i de actualitate. A f\u0103cut un pas c\u0103tre presa local\u0103 pentru a explora Bucure\u0219tiul \u0219i pove\u0219tile care merit\u0103 spuse.","url":"https:\/\/buletin.de\/bucuresti\/author\/andreea-stanaranga\/"}]}},"authors":[{"term_id":23912,"user_id":65,"is_guest":0,"slug":"andreea-stanaranga","display_name":"Andreea St\u0103n\u0103r\u00eeng\u0103","avatar_url":"https:\/\/secure.gravatar.com\/avatar\/dfa8d227a4388fad0f0bb03add04b5b176f4da34397dbb2eadc563b3d7162ce0?s=96&d=monsterid&r=g","0":null,"1":"","2":"","3":"","4":"","5":"","6":"","7":"","8":""}],"_links":{"self":[{"href":"https:\/\/buletin.de\/bucuresti\/wp-json\/wp\/v2\/posts\/161685","targetHints":{"allow":["GET"]}}],"collection":[{"href":"https:\/\/buletin.de\/bucuresti\/wp-json\/wp\/v2\/posts"}],"about":[{"href":"https:\/\/buletin.de\/bucuresti\/wp-json\/wp\/v2\/types\/post"}],"author":[{"embeddable":true,"href":"https:\/\/buletin.de\/bucuresti\/wp-json\/wp\/v2\/users\/65"}],"replies":[{"embeddable":true,"href":"https:\/\/buletin.de\/bucuresti\/wp-json\/wp\/v2\/comments?post=161685"}],"version-history":[{"count":7,"href":"https:\/\/buletin.de\/bucuresti\/wp-json\/wp\/v2\/posts\/161685\/revisions"}],"predecessor-version":[{"id":161723,"href":"https:\/\/buletin.de\/bucuresti\/wp-json\/wp\/v2\/posts\/161685\/revisions\/161723"}],"wp:featuredmedia":[{"embeddable":true,"href":"https:\/\/buletin.de\/bucuresti\/wp-json\/wp\/v2\/media\/161701"}],"wp:attachment":[{"href":"https:\/\/buletin.de\/bucuresti\/wp-json\/wp\/v2\/media?parent=161685"}],"wp:term":[{"taxonomy":"category","embeddable":true,"href":"https:\/\/buletin.de\/bucuresti\/wp-json\/wp\/v2\/categories?post=161685"},{"taxonomy":"post_tag","embeddable":true,"href":"https:\/\/buletin.de\/bucuresti\/wp-json\/wp\/v2\/tags?post=161685"},{"taxonomy":"author","embeddable":true,"href":"https:\/\/buletin.de\/bucuresti\/wp-json\/wp\/v2\/ppma_author?post=161685"}],"curies":[{"name":"wp","href":"https:\/\/api.w.org\/{rel}","templated":true}]}}