{"id":161677,"date":"2025-12-09T16:17:55","date_gmt":"2025-12-09T13:17:55","guid":{"rendered":"https:\/\/buletin.de\/bucuresti\/?p=161677"},"modified":"2025-12-09T17:54:10","modified_gmt":"2025-12-09T14:54:10","slug":"primaria-sectorului-2-vrea-sa-infiinteze-consiliul-local-al-tinerilor-buget-de-aproape-65-000-euro-pentru-patru-ani","status":"publish","type":"post","link":"https:\/\/buletin.de\/bucuresti\/primaria-sectorului-2-vrea-sa-infiinteze-consiliul-local-al-tinerilor-buget-de-aproape-65-000-euro-pentru-patru-ani\/","title":{"rendered":"Prim\u0103ria Sectorului 2 vrea s\u0103 \u00eenfiin\u021beze \u201eConsiliul Local al Tinerilor\u201d. Buget de aproape 65.000 euro pentru patru ani"},"content":{"rendered":"\n<p><strong>Prim\u0103ria Sectorului 2 vrea s\u0103 \u00eenfiin\u021beze \u201eConsiliul Local al Tinerilor\u201d, o structur\u0103 consultativ\u0103 format\u0103 din adolescen\u021bi cu v\u00e2rste cuprinse \u00eentre 16-18 ani.<\/strong> <\/p>\n\n\n\n<p><strong>Proiectul se afl\u0103 \u00een consultare public\u0103 \u0219i ar urma s\u0103 se deruleze pe o perioad\u0103 de patru ani. Bugetul total estimat se ridic\u0103 la 320.000 lei, deci aproape 65.000 euro, repartizat egal \u00eentre dou\u0103 mandate.<\/strong><\/p>\n\n\n\n<p>Cet\u0103\u021benii interesa\u021bi pot trimite opinii \u0219i sugestii referitoare la proiect, at\u00e2t online, c\u00e2t \u0219i la sediul prim\u0103riei, p\u00e2n\u0103 pe 24 decembrie.<\/p>\n\n\n\n<h2 class=\"wp-block-heading\" id=\"h-consiliul-local-al-tinerilor-din-sectorul-2-cine-va-putea-aplica\">Consiliul Local al Tinerilor din Sectorul 2. Cine va putea aplica<\/h2>\n\n\n\n<p>\u00cen Consiliul Local al Tinerilor se vor putea \u00eenscrie adolescen\u021bi cu v\u00e2rste cuprinse \u00eentre 16 \u0219i 18 ani, care au domiciliul sau re\u0219edin\u021ba pe raza Sectorului 2 \u0219i care manifest\u0103 interes pentru implicarea civic\u0103. Minorii vor avea nevoie de acordul p\u0103rin\u021bilor pentru a aplica.<\/p>\n\n\n\n<p>Candidatura se depune prin completarea unui formular online, \u00eenso\u0163it de un material video de prezentare, se arat\u0103 \u00een <a href=\"https:\/\/cl.ps2.ro\/index.php\/consiliul-local\/proiecte-supuse-dezbaterii-publice\/346-proiect-de-hotarare-privind-proiectul-consiliul-local-al-tinerilor-sector-2\" target=\"_blank\" rel=\"noreferrer noopener\">documentul consultat de Buletin de Bucure\u0219ti<\/a>.<\/p>\n\n\n\n<p>Comisia de selec\u021bie ar urma s\u0103 fie format\u0103 din membri ai Direc\u021biei Generale de Asisten\u021b\u0103 Social\u0103 \u0219i Protec\u021bia Copilului (DGASPC) \u0219i ai ONG-urilor care activeaz\u0103 \u00een domeniu, conform autorit\u0103\u021bii locale.<\/p>\n\n\n\n<p><strong>Din Consiliul Local al Tinerilor ar urma s\u0103 fac\u0103 parte at\u00e2t tineri selecta\u0163i din unit\u0103\u0163ile de \u00eenv\u0103\u0163\u0103m\u00e2nt, precum \u015fi din centrele de plasament din Sectorul 2, astfel \u00eenc\u00e2t s\u0103 fie asigurat\u0103 reprezentarea tuturor categoriilor de adolescen\u0163i din comunitate.<\/strong><\/p>\n\n\n\n<p>Tinerii selecta\u021bi ar urma s\u0103 fie investi\u021bi oficial \u00een calitate de membrii ai Consiliului Local al Tinerilor din Sectorul 2, moment care va marca \u00eenceputul unui mandat de doi ani, se mai precizeaz\u0103 \u00een proiectul de hot\u0103r\u00e2re.<\/p>\n\n\n\n<h2 class=\"wp-block-heading\" id=\"h-cum-va-func\u021biona-consiliul-buget-de-aproape-65-000-euro\">Cum va func\u021biona Consiliul? Buget de aproape 65.000 euro<\/h2>\n\n\n\n<p><strong>Activitatea consiliului va fi coordonat\u0103 de un Birou Executiv, format din 5-7 membrii care vor prelua responsabilitatea organiz\u0103rii \u00eent\u00e2lnirilor, coordon\u0103rii activit\u0103\u0163ilor \u015fi asigur\u0103rii leg\u0103turii cu reprezentan\u0163ii DGASPC Sector 2.<\/strong><\/p>\n\n\n\n<p>Dup\u0103 formarea consiliului, ar urma s\u0103 fie organizate sesiuni de formare, ateliere, evenimente \u015fi vizite institu\u0163ionale, care s\u0103 ofere tinerilor oportunitatea de a cunoa\u015fte institu\u0163iile publice \u0219i mecanismele de func\u0163ionare ale administra\u0163iei locale, sus\u021bine Prim\u0103ria Sectorului 2.<\/p>\n\n\n\n<p>Institu\u021bia propune ca proiectul s\u0103 fie derulat timp de patru ani, echivalentul a dou\u0103 mandate, cu posibilitatea de prelungire, \u00een func\u021bie de rezultatele ob\u021binute. Bugetul estimat pentru cei patru ani este de circa 65.000 euro.<\/p>\n\n\n\n<p>Prin \u00eenfiin\u021barea noii structuri, prim\u0103ria \u00ee\u0219i propune s\u0103 ofere adolescen\u021bilor o modalitate prin care s\u0103 se implice \u00een comunitate \u0219i s\u0103 \u00eenve\u021be cum func\u021bioneaz\u0103 administra\u021bia local\u0103.<\/p>\n\n\n\n<p><em>\u201eProiectul \u201eConsiliul Local al Tinerilor &#8211; Sector 2&#8243; are ca scop crearea unui cadru organizat prin care adolescen\u0163ii s\u0103 poat\u0103 participa activ la via\u0163a comunit\u0103\u0163ii, s\u0103 fie consulta\u0163i \u00een privin\u0163a problemelor care \u00eei privesc \u015fi s\u0103 \u00ee\u015fi dezvolte competen\u0163ele civice, sociale \u015fi personale. <\/em><\/p>\n\n\n\n<p><em>Prin intermediul acestei structuri, tinerii dob\u00e2ndesc oportunitatea de a \u00een\u0163elege modul de func\u0163ionare al<br>administra\u0163iei publice locale, de a formula opinii, propuneri \u015fi ini\u0163iative \u0219i de a contribui la \u00eembun\u0103t\u0103\u0163irea vie\u0163ii comunitare prin proiecte educative, civice, culturale sau de voluntariat.\u201d<\/em>,  se mai precizeaz\u0103 \u00een documentul consultat de reporterii BdB.<\/p>\n\n\n\n<p>Dac\u0103 proiectul va fi aprobat de Consiliul Local al Sectorului 2, urmeaz\u0103 ca Regulamentul de organizare \u015fi func\u0163ionare al \u201eConsiliul Local al Tinerilor &#8211; Sector 2&#8243;  s\u0103 fie elaborat de c\u0103tre DGASPC Sector 2 \u00een termen de maximum 30 de zile de la data intr\u0103rii \u00een vigoare a hot\u0103r\u00e2rii.<\/p>\n\n\n\n<p><strong>CITE\u0218TE \u0218I:<\/strong> <a href=\"https:\/\/buletin.de\/bucuresti\/sector-2-primaria-organizeaza-nuntile-de-argint-aur-si-diamant-ale-seniorilor-cu-un-buget-de-30-000-de-euro\/\"><strong>Sector 2 | Prim\u0103ria organizeaz\u0103 \u201enun\u021bile de argint, aur \u0219i diamant\u201d ale seniorilor cu un buget de 30.000 de euro<\/strong><\/a><\/p>\n","protected":false},"excerpt":{"rendered":"<p>Prim\u0103ria Sectorului 2 vrea s\u0103 \u00eenfiin\u021beze \u201eConsiliul Local al Tinerilor\u201d, o structur\u0103 consultativ\u0103 format\u0103 din adolescen\u021bi cu v\u00e2rste cuprinse \u00eentre 16-18 ani. Proiectul se afl\u0103 \u00een consultare public\u0103 \u0219i ar urma s\u0103 se deruleze pe o perioad\u0103 de patru ani. Bugetul total estimat se ridic\u0103 la 320.000 lei, deci aproape 65.000 euro, repartizat egal \u00eentre [&hellip;]<\/p>\n","protected":false},"author":55,"featured_media":161689,"comment_status":"closed","ping_status":"open","sticky":false,"template":"","format":"standard","meta":{"_acf_changed":false,"inline_featured_image":false,"ngg_post_thumbnail":0,"footnotes":""},"categories":[6994,5762,24],"tags":[25044,282,25043,229],"ppma_author":[22573],"class_list":["post-161677","post","type-post","status-publish","format-standard","has-post-thumbnail","hentry","category-stiri-2","category-main","category-primarie","tag-adminstratie-publica","tag-bani-publici","tag-consiliul-local-al-tinerilor","tag-sector-2"],"acf":[],"yoast_head":"<!-- This site is optimized with the Yoast SEO Premium plugin v25.3 (Yoast SEO v27.4) - https:\/\/yoast.com\/product\/yoast-seo-premium-wordpress\/ -->\n<title>Prim\u0103ria Sectorului 2 vrea s\u0103 \u00eenfiin\u021beze \u201eConsiliul Local al Tinerilor\u201d. Buget de aproape 65.000 euro pentru patru ani - Buletin de Bucure\u0219ti<\/title>\n<meta name=\"description\" content=\"Prim\u0103ria Sectorului 2 vrea s\u0103 \u00eenfiin\u021beze \u201eConsiliul Local al Tinerilor\u201d, o structur\u0103 consultativ\u0103 format\u0103 din adolescen\u021bi.\" \/>\n<meta name=\"robots\" content=\"index, follow, max-snippet:-1, max-image-preview:large, max-video-preview:-1\" \/>\n<link rel=\"canonical\" href=\"https:\/\/buletin.de\/bucuresti\/primaria-sectorului-2-vrea-sa-infiinteze-consiliul-local-al-tinerilor-buget-de-aproape-65-000-euro-pentru-patru-ani\/\" \/>\n<meta property=\"og:locale\" content=\"en_GB\" \/>\n<meta property=\"og:type\" content=\"article\" \/>\n<meta property=\"og:title\" content=\"Prim\u0103ria Sectorului 2 vrea s\u0103 \u00eenfiin\u021beze \u201eConsiliul Local al Tinerilor\u201d. Buget de aproape 65.000 euro pentru patru ani\" \/>\n<meta property=\"og:description\" content=\"Prim\u0103ria Sectorului 2 vrea s\u0103 \u00eenfiin\u021beze \u201eConsiliul Local al Tinerilor\u201d, o structur\u0103 consultativ\u0103 format\u0103 din adolescen\u021bi.\" \/>\n<meta property=\"og:url\" content=\"https:\/\/buletin.de\/bucuresti\/primaria-sectorului-2-vrea-sa-infiinteze-consiliul-local-al-tinerilor-buget-de-aproape-65-000-euro-pentru-patru-ani\/\" \/>\n<meta property=\"og:site_name\" content=\"Buletin de Bucure\u0219ti\" \/>\n<meta property=\"article:publisher\" content=\"https:\/\/www.facebook.com\/buletin.de.buc\" \/>\n<meta property=\"article:published_time\" content=\"2025-12-09T13:17:55+00:00\" \/>\n<meta property=\"article:modified_time\" content=\"2025-12-09T14:54:10+00:00\" \/>\n<meta property=\"og:image\" content=\"https:\/\/buletin.de\/bucuresti\/wp-content\/uploads\/2025\/12\/john-2FPjlAyMQTA-unsplash-scaled.jpg\" \/>\n\t<meta property=\"og:image:width\" content=\"2560\" \/>\n\t<meta property=\"og:image:height\" content=\"1707\" \/>\n\t<meta property=\"og:image:type\" content=\"image\/jpeg\" \/>\n<meta name=\"author\" content=\"Andreea Tudor\" \/>\n<meta name=\"twitter:card\" content=\"summary_large_image\" \/>\n<meta name=\"twitter:label1\" content=\"Written by\" \/>\n\t<meta name=\"twitter:data1\" content=\"Andreea Tudor\" \/>\n\t<meta name=\"twitter:label2\" content=\"Estimated reading time\" \/>\n\t<meta name=\"twitter:data2\" content=\"3 minutes\" \/>\n<script type=\"application\/ld+json\" class=\"yoast-schema-graph\">{\"@context\":\"https:\\\/\\\/schema.org\",\"@graph\":[{\"@type\":\"Article\",\"@id\":\"https:\\\/\\\/buletin.de\\\/bucuresti\\\/primaria-sectorului-2-vrea-sa-infiinteze-consiliul-local-al-tinerilor-buget-de-aproape-65-000-euro-pentru-patru-ani\\\/#article\",\"isPartOf\":{\"@id\":\"https:\\\/\\\/buletin.de\\\/bucuresti\\\/primaria-sectorului-2-vrea-sa-infiinteze-consiliul-local-al-tinerilor-buget-de-aproape-65-000-euro-pentru-patru-ani\\\/\"},\"author\":{\"name\":\"Andreea Tudor\",\"@id\":\"https:\\\/\\\/buletin.de\\\/bucuresti\\\/#\\\/schema\\\/person\\\/150590659efde715459d159da012f501\"},\"headline\":\"Prim\u0103ria Sectorului 2 vrea s\u0103 \u00eenfiin\u021beze \u201eConsiliul Local al Tinerilor\u201d. Buget de aproape 65.000 euro pentru patru ani\",\"datePublished\":\"2025-12-09T13:17:55+00:00\",\"dateModified\":\"2025-12-09T14:54:10+00:00\",\"mainEntityOfPage\":{\"@id\":\"https:\\\/\\\/buletin.de\\\/bucuresti\\\/primaria-sectorului-2-vrea-sa-infiinteze-consiliul-local-al-tinerilor-buget-de-aproape-65-000-euro-pentru-patru-ani\\\/\"},\"wordCount\":635,\"publisher\":{\"@id\":\"https:\\\/\\\/buletin.de\\\/bucuresti\\\/#organization\"},\"image\":{\"@id\":\"https:\\\/\\\/buletin.de\\\/bucuresti\\\/primaria-sectorului-2-vrea-sa-infiinteze-consiliul-local-al-tinerilor-buget-de-aproape-65-000-euro-pentru-patru-ani\\\/#primaryimage\"},\"thumbnailUrl\":\"https:\\\/\\\/buletin.de\\\/bucuresti\\\/wp-content\\\/uploads\\\/2025\\\/12\\\/john-2FPjlAyMQTA-unsplash-scaled.jpg\",\"keywords\":[\"adminstratie publica\",\"bani publici\",\"consiliul local al tinerilor\",\"Sector 2\"],\"articleSection\":[\"Articole\",\"Main\",\"Prim\u0103rie\"],\"inLanguage\":\"en-GB\",\"copyrightYear\":\"2025\",\"copyrightHolder\":{\"@id\":\"https:\\\/\\\/buletin.de\\\/bucuresti\\\/#organization\"}},{\"@type\":\"WebPage\",\"@id\":\"https:\\\/\\\/buletin.de\\\/bucuresti\\\/primaria-sectorului-2-vrea-sa-infiinteze-consiliul-local-al-tinerilor-buget-de-aproape-65-000-euro-pentru-patru-ani\\\/\",\"url\":\"https:\\\/\\\/buletin.de\\\/bucuresti\\\/primaria-sectorului-2-vrea-sa-infiinteze-consiliul-local-al-tinerilor-buget-de-aproape-65-000-euro-pentru-patru-ani\\\/\",\"name\":\"Prim\u0103ria Sectorului 2 vrea s\u0103 \u00eenfiin\u021beze \u201eConsiliul Local al Tinerilor\u201d. Buget de aproape 65.000 euro pentru patru ani - Buletin de Bucure\u0219ti\",\"isPartOf\":{\"@id\":\"https:\\\/\\\/buletin.de\\\/bucuresti\\\/#website\"},\"primaryImageOfPage\":{\"@id\":\"https:\\\/\\\/buletin.de\\\/bucuresti\\\/primaria-sectorului-2-vrea-sa-infiinteze-consiliul-local-al-tinerilor-buget-de-aproape-65-000-euro-pentru-patru-ani\\\/#primaryimage\"},\"image\":{\"@id\":\"https:\\\/\\\/buletin.de\\\/bucuresti\\\/primaria-sectorului-2-vrea-sa-infiinteze-consiliul-local-al-tinerilor-buget-de-aproape-65-000-euro-pentru-patru-ani\\\/#primaryimage\"},\"thumbnailUrl\":\"https:\\\/\\\/buletin.de\\\/bucuresti\\\/wp-content\\\/uploads\\\/2025\\\/12\\\/john-2FPjlAyMQTA-unsplash-scaled.jpg\",\"datePublished\":\"2025-12-09T13:17:55+00:00\",\"dateModified\":\"2025-12-09T14:54:10+00:00\",\"description\":\"Prim\u0103ria Sectorului 2 vrea s\u0103 \u00eenfiin\u021beze \u201eConsiliul Local al Tinerilor\u201d, o structur\u0103 consultativ\u0103 format\u0103 din adolescen\u021bi.\",\"breadcrumb\":{\"@id\":\"https:\\\/\\\/buletin.de\\\/bucuresti\\\/primaria-sectorului-2-vrea-sa-infiinteze-consiliul-local-al-tinerilor-buget-de-aproape-65-000-euro-pentru-patru-ani\\\/#breadcrumb\"},\"inLanguage\":\"en-GB\",\"potentialAction\":[{\"@type\":\"ReadAction\",\"target\":[\"https:\\\/\\\/buletin.de\\\/bucuresti\\\/primaria-sectorului-2-vrea-sa-infiinteze-consiliul-local-al-tinerilor-buget-de-aproape-65-000-euro-pentru-patru-ani\\\/\"]}]},{\"@type\":\"ImageObject\",\"inLanguage\":\"en-GB\",\"@id\":\"https:\\\/\\\/buletin.de\\\/bucuresti\\\/primaria-sectorului-2-vrea-sa-infiinteze-consiliul-local-al-tinerilor-buget-de-aproape-65-000-euro-pentru-patru-ani\\\/#primaryimage\",\"url\":\"https:\\\/\\\/buletin.de\\\/bucuresti\\\/wp-content\\\/uploads\\\/2025\\\/12\\\/john-2FPjlAyMQTA-unsplash-scaled.jpg\",\"contentUrl\":\"https:\\\/\\\/buletin.de\\\/bucuresti\\\/wp-content\\\/uploads\\\/2025\\\/12\\\/john-2FPjlAyMQTA-unsplash-scaled.jpg\",\"width\":2560,\"height\":1707,\"caption\":\"Prim\u0103ria Sectorului 2 vrea s\u0103 \u00eenfiin\u021beze \u201eConsiliul Local al Tinerilor\u201d. Buget de aproape 65.000 euro pentru patru ani. Foto: Unsplash\"},{\"@type\":\"BreadcrumbList\",\"@id\":\"https:\\\/\\\/buletin.de\\\/bucuresti\\\/primaria-sectorului-2-vrea-sa-infiinteze-consiliul-local-al-tinerilor-buget-de-aproape-65-000-euro-pentru-patru-ani\\\/#breadcrumb\",\"itemListElement\":[{\"@type\":\"ListItem\",\"position\":1,\"name\":\"Acas\u0103\",\"item\":\"https:\\\/\\\/buletin.de\\\/bucuresti\\\/\"},{\"@type\":\"ListItem\",\"position\":2,\"name\":\"Prim\u0103ria Sectorului 2 vrea s\u0103 \u00eenfiin\u021beze \u201eConsiliul Local al Tinerilor\u201d. Buget de aproape 65.000 euro pentru patru ani\"}]},{\"@type\":\"WebSite\",\"@id\":\"https:\\\/\\\/buletin.de\\\/bucuresti\\\/#website\",\"url\":\"https:\\\/\\\/buletin.de\\\/bucuresti\\\/\",\"name\":\"Buletin de Bucure\u0219ti\",\"description\":\"\u0218tiri \u0219i investiga\u021bii esen\u021biale din capital\u0103\",\"publisher\":{\"@id\":\"https:\\\/\\\/buletin.de\\\/bucuresti\\\/#organization\"},\"potentialAction\":[{\"@type\":\"SearchAction\",\"target\":{\"@type\":\"EntryPoint\",\"urlTemplate\":\"https:\\\/\\\/buletin.de\\\/bucuresti\\\/?s={search_term_string}\"},\"query-input\":{\"@type\":\"PropertyValueSpecification\",\"valueRequired\":true,\"valueName\":\"search_term_string\"}}],\"inLanguage\":\"en-GB\"},{\"@type\":\"Organization\",\"@id\":\"https:\\\/\\\/buletin.de\\\/bucuresti\\\/#organization\",\"name\":\"Buletin de Bucure\u0219ti\",\"url\":\"https:\\\/\\\/buletin.de\\\/bucuresti\\\/\",\"logo\":{\"@type\":\"ImageObject\",\"inLanguage\":\"en-GB\",\"@id\":\"https:\\\/\\\/buletin.de\\\/bucuresti\\\/#\\\/schema\\\/logo\\\/image\\\/\",\"url\":\"https:\\\/\\\/buletin.de\\\/bucuresti\\\/wp-content\\\/uploads\\\/logo-bdb-full-wide-vernil-transparent.png\",\"contentUrl\":\"https:\\\/\\\/buletin.de\\\/bucuresti\\\/wp-content\\\/uploads\\\/logo-bdb-full-wide-vernil-transparent.png\",\"width\":1782,\"height\":626,\"caption\":\"Buletin de Bucure\u0219ti\"},\"image\":{\"@id\":\"https:\\\/\\\/buletin.de\\\/bucuresti\\\/#\\\/schema\\\/logo\\\/image\\\/\"},\"sameAs\":[\"https:\\\/\\\/www.facebook.com\\\/buletin.de.buc\",\"https:\\\/\\\/www.instagram.com\\\/buletinde.bucuresti\\\/\"]},{\"@type\":\"Person\",\"@id\":\"https:\\\/\\\/buletin.de\\\/bucuresti\\\/#\\\/schema\\\/person\\\/150590659efde715459d159da012f501\",\"name\":\"Andreea Tudor\",\"image\":{\"@type\":\"ImageObject\",\"inLanguage\":\"en-GB\",\"@id\":\"https:\\\/\\\/secure.gravatar.com\\\/avatar\\\/a88705a186ab0b67f3349bcbced506c09e37256fbaad0e7f3bd1a79b4599f589?s=96&d=monsterid&r=g79290610aa1a65c2b86eebc2ca5aee8f\",\"url\":\"https:\\\/\\\/secure.gravatar.com\\\/avatar\\\/a88705a186ab0b67f3349bcbced506c09e37256fbaad0e7f3bd1a79b4599f589?s=96&d=monsterid&r=g\",\"contentUrl\":\"https:\\\/\\\/secure.gravatar.com\\\/avatar\\\/a88705a186ab0b67f3349bcbced506c09e37256fbaad0e7f3bd1a79b4599f589?s=96&d=monsterid&r=g\",\"caption\":\"Andreea Tudor\"},\"description\":\"N\u0103scut\u0103 \u0219i crescut\u0103 \u00een Bucure\u0219ti, sus\u021bin\u0103toare a presei independente. A\u0219a am ajuns redactor la Buletin de Bucure\u0219ti. Fiind eu, \u00eens\u0103mi, parte a sistemului de \u00eenv\u0103\u021b\u0103m\u00e2nt rom\u00e2nesc \u0219i pasionat\u0103 de domeniul social, pun sub lup\u0103 tot ceea ce se \u00eent\u00e2mpl\u0103 \u00een sfera educa\u021biei. Cred cu t\u0103rie c\u0103 presa \u201epentru cet\u0103\u021beni\u201d este presa independent\u0103. Oamenii au nevoie de o informare corect\u0103 pentru a \u00een\u021belege pe deplin ce se \u00eent\u00e2mpl\u0103 \u00een jurul lor \u0219i pentru a lua ac\u021biune \u00eempotriva nedrept\u0103\u021bilor.\",\"url\":\"https:\\\/\\\/buletin.de\\\/bucuresti\\\/author\\\/andreeatudor\\\/\"}]}<\/script>\n<!-- \/ Yoast SEO Premium plugin. -->","yoast_head_json":{"title":"Prim\u0103ria Sectorului 2 vrea s\u0103 \u00eenfiin\u021beze \u201eConsiliul Local al Tinerilor\u201d. Buget de aproape 65.000 euro pentru patru ani - Buletin de Bucure\u0219ti","description":"Prim\u0103ria Sectorului 2 vrea s\u0103 \u00eenfiin\u021beze \u201eConsiliul Local al Tinerilor\u201d, o structur\u0103 consultativ\u0103 format\u0103 din adolescen\u021bi.","robots":{"index":"index","follow":"follow","max-snippet":"max-snippet:-1","max-image-preview":"max-image-preview:large","max-video-preview":"max-video-preview:-1"},"canonical":"https:\/\/buletin.de\/bucuresti\/primaria-sectorului-2-vrea-sa-infiinteze-consiliul-local-al-tinerilor-buget-de-aproape-65-000-euro-pentru-patru-ani\/","og_locale":"en_GB","og_type":"article","og_title":"Prim\u0103ria Sectorului 2 vrea s\u0103 \u00eenfiin\u021beze \u201eConsiliul Local al Tinerilor\u201d. Buget de aproape 65.000 euro pentru patru ani","og_description":"Prim\u0103ria Sectorului 2 vrea s\u0103 \u00eenfiin\u021beze \u201eConsiliul Local al Tinerilor\u201d, o structur\u0103 consultativ\u0103 format\u0103 din adolescen\u021bi.","og_url":"https:\/\/buletin.de\/bucuresti\/primaria-sectorului-2-vrea-sa-infiinteze-consiliul-local-al-tinerilor-buget-de-aproape-65-000-euro-pentru-patru-ani\/","og_site_name":"Buletin de Bucure\u0219ti","article_publisher":"https:\/\/www.facebook.com\/buletin.de.buc","article_published_time":"2025-12-09T13:17:55+00:00","article_modified_time":"2025-12-09T14:54:10+00:00","og_image":[{"width":2560,"height":1707,"url":"https:\/\/buletin.de\/bucuresti\/wp-content\/uploads\/2025\/12\/john-2FPjlAyMQTA-unsplash-scaled.jpg","type":"image\/jpeg"}],"author":"Andreea Tudor","twitter_card":"summary_large_image","twitter_misc":{"Written by":"Andreea Tudor","Estimated reading time":"3 minutes"},"schema":{"@context":"https:\/\/schema.org","@graph":[{"@type":"Article","@id":"https:\/\/buletin.de\/bucuresti\/primaria-sectorului-2-vrea-sa-infiinteze-consiliul-local-al-tinerilor-buget-de-aproape-65-000-euro-pentru-patru-ani\/#article","isPartOf":{"@id":"https:\/\/buletin.de\/bucuresti\/primaria-sectorului-2-vrea-sa-infiinteze-consiliul-local-al-tinerilor-buget-de-aproape-65-000-euro-pentru-patru-ani\/"},"author":{"name":"Andreea Tudor","@id":"https:\/\/buletin.de\/bucuresti\/#\/schema\/person\/150590659efde715459d159da012f501"},"headline":"Prim\u0103ria Sectorului 2 vrea s\u0103 \u00eenfiin\u021beze \u201eConsiliul Local al Tinerilor\u201d. Buget de aproape 65.000 euro pentru patru ani","datePublished":"2025-12-09T13:17:55+00:00","dateModified":"2025-12-09T14:54:10+00:00","mainEntityOfPage":{"@id":"https:\/\/buletin.de\/bucuresti\/primaria-sectorului-2-vrea-sa-infiinteze-consiliul-local-al-tinerilor-buget-de-aproape-65-000-euro-pentru-patru-ani\/"},"wordCount":635,"publisher":{"@id":"https:\/\/buletin.de\/bucuresti\/#organization"},"image":{"@id":"https:\/\/buletin.de\/bucuresti\/primaria-sectorului-2-vrea-sa-infiinteze-consiliul-local-al-tinerilor-buget-de-aproape-65-000-euro-pentru-patru-ani\/#primaryimage"},"thumbnailUrl":"https:\/\/buletin.de\/bucuresti\/wp-content\/uploads\/2025\/12\/john-2FPjlAyMQTA-unsplash-scaled.jpg","keywords":["adminstratie publica","bani publici","consiliul local al tinerilor","Sector 2"],"articleSection":["Articole","Main","Prim\u0103rie"],"inLanguage":"en-GB","copyrightYear":"2025","copyrightHolder":{"@id":"https:\/\/buletin.de\/bucuresti\/#organization"}},{"@type":"WebPage","@id":"https:\/\/buletin.de\/bucuresti\/primaria-sectorului-2-vrea-sa-infiinteze-consiliul-local-al-tinerilor-buget-de-aproape-65-000-euro-pentru-patru-ani\/","url":"https:\/\/buletin.de\/bucuresti\/primaria-sectorului-2-vrea-sa-infiinteze-consiliul-local-al-tinerilor-buget-de-aproape-65-000-euro-pentru-patru-ani\/","name":"Prim\u0103ria Sectorului 2 vrea s\u0103 \u00eenfiin\u021beze \u201eConsiliul Local al Tinerilor\u201d. Buget de aproape 65.000 euro pentru patru ani - Buletin de Bucure\u0219ti","isPartOf":{"@id":"https:\/\/buletin.de\/bucuresti\/#website"},"primaryImageOfPage":{"@id":"https:\/\/buletin.de\/bucuresti\/primaria-sectorului-2-vrea-sa-infiinteze-consiliul-local-al-tinerilor-buget-de-aproape-65-000-euro-pentru-patru-ani\/#primaryimage"},"image":{"@id":"https:\/\/buletin.de\/bucuresti\/primaria-sectorului-2-vrea-sa-infiinteze-consiliul-local-al-tinerilor-buget-de-aproape-65-000-euro-pentru-patru-ani\/#primaryimage"},"thumbnailUrl":"https:\/\/buletin.de\/bucuresti\/wp-content\/uploads\/2025\/12\/john-2FPjlAyMQTA-unsplash-scaled.jpg","datePublished":"2025-12-09T13:17:55+00:00","dateModified":"2025-12-09T14:54:10+00:00","description":"Prim\u0103ria Sectorului 2 vrea s\u0103 \u00eenfiin\u021beze \u201eConsiliul Local al Tinerilor\u201d, o structur\u0103 consultativ\u0103 format\u0103 din adolescen\u021bi.","breadcrumb":{"@id":"https:\/\/buletin.de\/bucuresti\/primaria-sectorului-2-vrea-sa-infiinteze-consiliul-local-al-tinerilor-buget-de-aproape-65-000-euro-pentru-patru-ani\/#breadcrumb"},"inLanguage":"en-GB","potentialAction":[{"@type":"ReadAction","target":["https:\/\/buletin.de\/bucuresti\/primaria-sectorului-2-vrea-sa-infiinteze-consiliul-local-al-tinerilor-buget-de-aproape-65-000-euro-pentru-patru-ani\/"]}]},{"@type":"ImageObject","inLanguage":"en-GB","@id":"https:\/\/buletin.de\/bucuresti\/primaria-sectorului-2-vrea-sa-infiinteze-consiliul-local-al-tinerilor-buget-de-aproape-65-000-euro-pentru-patru-ani\/#primaryimage","url":"https:\/\/buletin.de\/bucuresti\/wp-content\/uploads\/2025\/12\/john-2FPjlAyMQTA-unsplash-scaled.jpg","contentUrl":"https:\/\/buletin.de\/bucuresti\/wp-content\/uploads\/2025\/12\/john-2FPjlAyMQTA-unsplash-scaled.jpg","width":2560,"height":1707,"caption":"Prim\u0103ria Sectorului 2 vrea s\u0103 \u00eenfiin\u021beze \u201eConsiliul Local al Tinerilor\u201d. Buget de aproape 65.000 euro pentru patru ani. Foto: Unsplash"},{"@type":"BreadcrumbList","@id":"https:\/\/buletin.de\/bucuresti\/primaria-sectorului-2-vrea-sa-infiinteze-consiliul-local-al-tinerilor-buget-de-aproape-65-000-euro-pentru-patru-ani\/#breadcrumb","itemListElement":[{"@type":"ListItem","position":1,"name":"Acas\u0103","item":"https:\/\/buletin.de\/bucuresti\/"},{"@type":"ListItem","position":2,"name":"Prim\u0103ria Sectorului 2 vrea s\u0103 \u00eenfiin\u021beze \u201eConsiliul Local al Tinerilor\u201d. Buget de aproape 65.000 euro pentru patru ani"}]},{"@type":"WebSite","@id":"https:\/\/buletin.de\/bucuresti\/#website","url":"https:\/\/buletin.de\/bucuresti\/","name":"Buletin de Bucure\u0219ti","description":"\u0218tiri \u0219i investiga\u021bii esen\u021biale din capital\u0103","publisher":{"@id":"https:\/\/buletin.de\/bucuresti\/#organization"},"potentialAction":[{"@type":"SearchAction","target":{"@type":"EntryPoint","urlTemplate":"https:\/\/buletin.de\/bucuresti\/?s={search_term_string}"},"query-input":{"@type":"PropertyValueSpecification","valueRequired":true,"valueName":"search_term_string"}}],"inLanguage":"en-GB"},{"@type":"Organization","@id":"https:\/\/buletin.de\/bucuresti\/#organization","name":"Buletin de Bucure\u0219ti","url":"https:\/\/buletin.de\/bucuresti\/","logo":{"@type":"ImageObject","inLanguage":"en-GB","@id":"https:\/\/buletin.de\/bucuresti\/#\/schema\/logo\/image\/","url":"https:\/\/buletin.de\/bucuresti\/wp-content\/uploads\/logo-bdb-full-wide-vernil-transparent.png","contentUrl":"https:\/\/buletin.de\/bucuresti\/wp-content\/uploads\/logo-bdb-full-wide-vernil-transparent.png","width":1782,"height":626,"caption":"Buletin de Bucure\u0219ti"},"image":{"@id":"https:\/\/buletin.de\/bucuresti\/#\/schema\/logo\/image\/"},"sameAs":["https:\/\/www.facebook.com\/buletin.de.buc","https:\/\/www.instagram.com\/buletinde.bucuresti\/"]},{"@type":"Person","@id":"https:\/\/buletin.de\/bucuresti\/#\/schema\/person\/150590659efde715459d159da012f501","name":"Andreea Tudor","image":{"@type":"ImageObject","inLanguage":"en-GB","@id":"https:\/\/secure.gravatar.com\/avatar\/a88705a186ab0b67f3349bcbced506c09e37256fbaad0e7f3bd1a79b4599f589?s=96&d=monsterid&r=g79290610aa1a65c2b86eebc2ca5aee8f","url":"https:\/\/secure.gravatar.com\/avatar\/a88705a186ab0b67f3349bcbced506c09e37256fbaad0e7f3bd1a79b4599f589?s=96&d=monsterid&r=g","contentUrl":"https:\/\/secure.gravatar.com\/avatar\/a88705a186ab0b67f3349bcbced506c09e37256fbaad0e7f3bd1a79b4599f589?s=96&d=monsterid&r=g","caption":"Andreea Tudor"},"description":"N\u0103scut\u0103 \u0219i crescut\u0103 \u00een Bucure\u0219ti, sus\u021bin\u0103toare a presei independente. A\u0219a am ajuns redactor la Buletin de Bucure\u0219ti. Fiind eu, \u00eens\u0103mi, parte a sistemului de \u00eenv\u0103\u021b\u0103m\u00e2nt rom\u00e2nesc \u0219i pasionat\u0103 de domeniul social, pun sub lup\u0103 tot ceea ce se \u00eent\u00e2mpl\u0103 \u00een sfera educa\u021biei. Cred cu t\u0103rie c\u0103 presa \u201epentru cet\u0103\u021beni\u201d este presa independent\u0103. Oamenii au nevoie de o informare corect\u0103 pentru a \u00een\u021belege pe deplin ce se \u00eent\u00e2mpl\u0103 \u00een jurul lor \u0219i pentru a lua ac\u021biune \u00eempotriva nedrept\u0103\u021bilor.","url":"https:\/\/buletin.de\/bucuresti\/author\/andreeatudor\/"}]}},"authors":[{"term_id":22573,"user_id":55,"is_guest":0,"slug":"andreeatudor","display_name":"Andreea Tudor","avatar_url":"https:\/\/secure.gravatar.com\/avatar\/a88705a186ab0b67f3349bcbced506c09e37256fbaad0e7f3bd1a79b4599f589?s=96&d=monsterid&r=g","0":null,"1":"","2":"","3":"","4":"","5":"","6":"","7":"","8":""}],"_links":{"self":[{"href":"https:\/\/buletin.de\/bucuresti\/wp-json\/wp\/v2\/posts\/161677","targetHints":{"allow":["GET"]}}],"collection":[{"href":"https:\/\/buletin.de\/bucuresti\/wp-json\/wp\/v2\/posts"}],"about":[{"href":"https:\/\/buletin.de\/bucuresti\/wp-json\/wp\/v2\/types\/post"}],"author":[{"embeddable":true,"href":"https:\/\/buletin.de\/bucuresti\/wp-json\/wp\/v2\/users\/55"}],"replies":[{"embeddable":true,"href":"https:\/\/buletin.de\/bucuresti\/wp-json\/wp\/v2\/comments?post=161677"}],"version-history":[{"count":6,"href":"https:\/\/buletin.de\/bucuresti\/wp-json\/wp\/v2\/posts\/161677\/revisions"}],"predecessor-version":[{"id":161707,"href":"https:\/\/buletin.de\/bucuresti\/wp-json\/wp\/v2\/posts\/161677\/revisions\/161707"}],"wp:featuredmedia":[{"embeddable":true,"href":"https:\/\/buletin.de\/bucuresti\/wp-json\/wp\/v2\/media\/161689"}],"wp:attachment":[{"href":"https:\/\/buletin.de\/bucuresti\/wp-json\/wp\/v2\/media?parent=161677"}],"wp:term":[{"taxonomy":"category","embeddable":true,"href":"https:\/\/buletin.de\/bucuresti\/wp-json\/wp\/v2\/categories?post=161677"},{"taxonomy":"post_tag","embeddable":true,"href":"https:\/\/buletin.de\/bucuresti\/wp-json\/wp\/v2\/tags?post=161677"},{"taxonomy":"author","embeddable":true,"href":"https:\/\/buletin.de\/bucuresti\/wp-json\/wp\/v2\/ppma_author?post=161677"}],"curies":[{"name":"wp","href":"https:\/\/api.w.org\/{rel}","templated":true}]}}