{"id":161667,"date":"2025-12-09T14:23:33","date_gmt":"2025-12-09T11:23:33","guid":{"rendered":"https:\/\/buletin.de\/bucuresti\/?p=161667"},"modified":"2025-12-09T19:51:18","modified_gmt":"2025-12-09T16:51:18","slug":"termoficare-numarul-de-blocuri-fara-apa-calda-si-caldura-si-deficit-de-agent-termic-a-crescut-la-1-600","status":"publish","type":"post","link":"https:\/\/buletin.de\/bucuresti\/termoficare-numarul-de-blocuri-fara-apa-calda-si-caldura-si-deficit-de-agent-termic-a-crescut-la-1-600\/","title":{"rendered":"TERMOFICARE | Num\u0103rul de blocuri f\u0103r\u0103 ap\u0103 cald\u0103 \u0219i c\u0103ldur\u0103 \u0219i deficit de agent termic a crescut la 1.600"},"content":{"rendered":"\n<p><strong>Peste 1.600 de blocuri din Bucure\u0219ti au r\u0103mas f\u0103r\u0103 ap\u0103 cald\u0103 \u0219i c\u0103ldur\u0103 sau primesc agent termic la temperaturi reduse p\u00e2n\u0103 cel pu\u021bin pe 12 decembrie. Termoenergetica anun\u021b\u0103 c\u0103 pentru cele mai multe imobile, situa\u021bia se va rezolva mar\u021bi \u0219i miercuri.<\/strong><\/p>\n\n\n\n<p>\u00cen acest moment, potrivit aplica\u021biei Termoalert, 1.288 de blocuri nu au deloc ap\u0103 cald\u0103 \u0219i c\u0103ldur\u0103, \u00een timp ce pentru 321 agentul termic ajunge la temperaturi sc\u0103zute. <\/p>\n\n\n\n<p><strong>Sistemul func\u021bioneaz\u0103 la doar 83% din capacitatea sa. <\/strong>Oprirea a fost cauzat\u0103 de lucr\u0103rile de repara\u021bii a conducetelor, care au \u00eenceput luni\u00een mai multe zone din Capital\u0103. Interven\u021biile au durate diferite de realizare, \u00een func\u021bie de complexitatea fiec\u0103rei lucr\u0103ri. Sunt afectate blocuri din toate sectoarele.<\/p>\n\n\n\n<p>\u201e\u201eAcest acest sistem a func\u021bionat continuu timp de 2-3 s\u0103pt\u0103m\u00e2ni, dar \u00een continuare exist\u0103 zone sensibile, care permanent au fost monitorizate, \u0219i pentru a preveni avariile majore &#8211; s\u0103 nu uit\u0103m c\u0103 se apropie s\u0103rb\u0103torile de iarn\u0103 &#8211; a fost necesar\u0103 oprirea \u00een anumite zone ale Bucure\u0219tiului, pentru a evita cu adev\u0103rat o avarie major\u0103 care ar periclita func\u021bionarea la mult, mult mai multe blocuri\u201d, a explicat Adela Ciudoescu, director \u00een cadrul Termoenergetica, pentru <a href=\"https:\/\/www.digi24.ro\/stiri\/actualitate\/social\/termoenergetica-explica-lucrarile-care-au-lasat-1-000-de-blocuri-fara-caldura-se-apropie-sarbatorile-evitam-o-avarie-majora-3538547\">Digi24<\/a>.<\/p>\n\n\n\n<p><strong>CITE\u0218TE \u0218I&nbsp;<a href=\"https:\/\/buletin.de\/bucuresti\/reguli-noi-la-aeroportul-otopeni-santierul-m6-restrictioneaza-accesul-la-terminalul-plecari\/\" target=\"_blank\" rel=\"noreferrer noopener\">Reguli noi la Aeroportul Otopeni. \u0218antierul M6 restric\u021bioneaz\u0103 accesul la Terminalul \u201ePlec\u0103ri\u201d<\/a><\/strong><\/p>\n\n\n\n<h2 class=\"wp-block-heading\" id=\"h-blocuri-fara-apa-calda-\u0219i-caldura-unde-revine-agentul-termic-de-astazi\">Blocuri f\u0103r\u0103 ap\u0103 cald\u0103 \u0219i c\u0103ldur\u0103. Unde revine agentul termic de ast\u0103zi<\/h2>\n\n\n\n<p><strong>O parte dintre imobilele vor fi reconectate la sistemul de termoficare din 9 decembrei. Printre acestea, se num\u0103r\u0103 cl\u0103diri din Sectorul 6, Sectorul 1 \u0219i Sectorul 2. <\/strong><\/p>\n\n\n\n<p>Cel mai t\u00e2rziu vor primi ap\u0103 cald\u0103 \u0219i c\u0103ldur\u0103 blocurile din Sectorul 4. <a href=\"https:\/\/cmteb.ro\/functionare_sistem_termoficare.php\" target=\"_blank\" rel=\"noreferrer noopener\">Vezi aici lista complet\u0103<\/a>.<\/p>\n\n\n\n<p>\u201eEchipele lucreaz\u0103 continuu. Pe \u0218oseaua Iancului, \u00een seara asta \u00eencerc\u0103m \u00eencepem \u00eenc\u0103rcarea instala\u021biei. Zona de Sector 4, pe l\u00e2ng\u0103 faptul c\u0103 se intervine pe zona de avarii, avem \u0219i tronsoane noi de conduct\u0103 modernizat\u0103 care se integreaz\u0103 \u00een sistem. Undeva m\u00e2ine se va pune totul \u00een func\u021biune. Etapizat, p\u00e2n\u0103 la finalul s\u0103pt\u0103m\u00e2nii, toate blocurile vor fi alimentate cu agent termic\u201d, a explicat Adela Ciudoescu. <\/p>\n\n\n\n<p>Reprezentanta Termoenergetica a sus\u021binut c\u0103 \u00een perioada urm\u0103toare nu vor mai fi sincope, datorit\u0103 acestor repara\u021bii efectuate acum, care vor permite ca sistemul s\u0103 func\u021bioneze continuu pe o perioad\u0103 c\u00e2t mai \u00eendelungat\u0103. <\/p>\n\n\n\n<p>\u201eAvarii de moment vor mai exista, asta nu pot s\u0103 neg, iar pe zona de partea de lucr\u0103ri, de investi\u021bii se va lucra doar acolo unde exist\u0103 conducte provizorii\u201d, a precizat directoarea Termoenergetica, pentru Digi24. <\/p>\n\n\n\n<p>Sectorul 2 se num\u0103r\u0103 printre cele mai afectate de probleme la sistemul de termoficare, \u00een special \u0218oseaua Iancului, \u0219oseaua Pantelimon \u0219i Bulevardul Lacul Tei.<\/p>\n\n\n\n<p><strong>CITE\u0218TE \u0218I: <a href=\"https:\/\/buletin.de\/bucuresti\/termoficare-lucrarile-de-reparatii-lasa-aproape-1-200-de-blocuri-fara-apa-calda-si-caldura\/\" target=\"_blank\" rel=\"noreferrer noopener\">TERMOFICARE | Lucr\u0103rile de repara\u021bii las\u0103 aproape 1.200 de blocuri f\u0103r\u0103 ap\u0103 cald\u0103 \u0219i c\u0103ldur\u0103<\/a><\/strong><\/p>\n","protected":false},"excerpt":{"rendered":"<p>Peste 1.600 de blocuri din Bucure\u0219ti au r\u0103mas f\u0103r\u0103 ap\u0103 cald\u0103 \u0219i c\u0103ldur\u0103 sau primesc agent termic la temperaturi reduse p\u00e2n\u0103 cel pu\u021bin pe 12 decembrie. Termoenergetica anun\u021b\u0103 c\u0103 pentru cele mai multe imobile, situa\u021bia se va rezolva mar\u021bi \u0219i miercuri. \u00cen acest moment, potrivit aplica\u021biei Termoalert, 1.288 de blocuri nu au deloc ap\u0103 cald\u0103 [&hellip;]<\/p>\n","protected":false},"author":60,"featured_media":161671,"comment_status":"closed","ping_status":"open","sticky":false,"template":"","format":"standard","meta":{"_acf_changed":false,"inline_featured_image":false,"ngg_post_thumbnail":0,"footnotes":""},"categories":[6994,5762,6214],"tags":[19560,415,248,439,533,288],"ppma_author":[22582],"class_list":["post-161667","post","type-post","status-publish","format-standard","has-post-thumbnail","hentry","category-stiri-2","category-main","category-termo","tag-agent-termic-oprit","tag-apa-calda","tag-caldura","tag-lucrari","tag-termoenergetica","tag-termoficare"],"acf":[],"yoast_head":"<!-- This site is optimized with the Yoast SEO Premium plugin v25.3 (Yoast SEO v27.4) - https:\/\/yoast.com\/product\/yoast-seo-premium-wordpress\/ -->\n<title>TERMOFICARE | Num\u0103rul de blocuri f\u0103r\u0103 ap\u0103 cald\u0103 \u0219i c\u0103ldur\u0103 \u0219i deficit de agent termic a crescut la 1.600 - Buletin de Bucure\u0219ti<\/title>\n<meta name=\"description\" content=\"Peste 1.600 de blocuri au r\u0103mas f\u0103r\u0103 ap\u0103 cald\u0103 \u0219i c\u0103ldur\u0103 sau primesc agent termic la temperaturi reduse p\u00e2n\u0103 cel pu\u021bin pe 12 decembrie.\" \/>\n<meta name=\"robots\" content=\"index, follow, max-snippet:-1, max-image-preview:large, max-video-preview:-1\" \/>\n<link rel=\"canonical\" href=\"https:\/\/buletin.de\/bucuresti\/termoficare-numarul-de-blocuri-fara-apa-calda-si-caldura-si-deficit-de-agent-termic-a-crescut-la-1-600\/\" \/>\n<meta property=\"og:locale\" content=\"en_GB\" \/>\n<meta property=\"og:type\" content=\"article\" \/>\n<meta property=\"og:title\" content=\"TERMOFICARE | Num\u0103rul de blocuri f\u0103r\u0103 ap\u0103 cald\u0103 \u0219i c\u0103ldur\u0103 \u0219i deficit de agent termic a crescut la 1.600\" \/>\n<meta property=\"og:description\" content=\"Peste 1.600 de blocuri au r\u0103mas f\u0103r\u0103 ap\u0103 cald\u0103 \u0219i c\u0103ldur\u0103 sau primesc agent termic la temperaturi reduse p\u00e2n\u0103 cel pu\u021bin pe 12 decembrie.\" \/>\n<meta property=\"og:url\" content=\"https:\/\/buletin.de\/bucuresti\/termoficare-numarul-de-blocuri-fara-apa-calda-si-caldura-si-deficit-de-agent-termic-a-crescut-la-1-600\/\" \/>\n<meta property=\"og:site_name\" content=\"Buletin de Bucure\u0219ti\" \/>\n<meta property=\"article:publisher\" content=\"https:\/\/www.facebook.com\/buletin.de.buc\" \/>\n<meta property=\"article:published_time\" content=\"2025-12-09T11:23:33+00:00\" \/>\n<meta property=\"article:modified_time\" content=\"2025-12-09T16:51:18+00:00\" \/>\n<meta property=\"og:image\" content=\"https:\/\/buletin.de\/bucuresti\/wp-content\/uploads\/2025\/12\/faraapacaldadecembrie-e1765279408813.jpg\" \/>\n\t<meta property=\"og:image:width\" content=\"1200\" \/>\n\t<meta property=\"og:image:height\" content=\"912\" \/>\n\t<meta property=\"og:image:type\" content=\"image\/jpeg\" \/>\n<meta name=\"author\" content=\"R\u0103zvan Chiru\u021b\u0103\" \/>\n<meta name=\"twitter:card\" content=\"summary_large_image\" \/>\n<meta name=\"twitter:label1\" content=\"Written by\" \/>\n\t<meta name=\"twitter:data1\" content=\"R\u0103zvan Chiru\u021b\u0103\" \/>\n\t<meta name=\"twitter:label2\" content=\"Estimated reading time\" \/>\n\t<meta name=\"twitter:data2\" content=\"3 minutes\" \/>\n<script type=\"application\/ld+json\" class=\"yoast-schema-graph\">{\"@context\":\"https:\\\/\\\/schema.org\",\"@graph\":[{\"@type\":\"Article\",\"@id\":\"https:\\\/\\\/buletin.de\\\/bucuresti\\\/termoficare-numarul-de-blocuri-fara-apa-calda-si-caldura-si-deficit-de-agent-termic-a-crescut-la-1-600\\\/#article\",\"isPartOf\":{\"@id\":\"https:\\\/\\\/buletin.de\\\/bucuresti\\\/termoficare-numarul-de-blocuri-fara-apa-calda-si-caldura-si-deficit-de-agent-termic-a-crescut-la-1-600\\\/\"},\"author\":{\"name\":\"R\u0103zvan Chiru\u021b\u0103\",\"@id\":\"https:\\\/\\\/buletin.de\\\/bucuresti\\\/#\\\/schema\\\/person\\\/a76df728dfc913795a9d90e346b253bb\"},\"headline\":\"TERMOFICARE | Num\u0103rul de blocuri f\u0103r\u0103 ap\u0103 cald\u0103 \u0219i c\u0103ldur\u0103 \u0219i deficit de agent termic a crescut la 1.600\",\"datePublished\":\"2025-12-09T11:23:33+00:00\",\"dateModified\":\"2025-12-09T16:51:18+00:00\",\"mainEntityOfPage\":{\"@id\":\"https:\\\/\\\/buletin.de\\\/bucuresti\\\/termoficare-numarul-de-blocuri-fara-apa-calda-si-caldura-si-deficit-de-agent-termic-a-crescut-la-1-600\\\/\"},\"wordCount\":499,\"publisher\":{\"@id\":\"https:\\\/\\\/buletin.de\\\/bucuresti\\\/#organization\"},\"image\":{\"@id\":\"https:\\\/\\\/buletin.de\\\/bucuresti\\\/termoficare-numarul-de-blocuri-fara-apa-calda-si-caldura-si-deficit-de-agent-termic-a-crescut-la-1-600\\\/#primaryimage\"},\"thumbnailUrl\":\"https:\\\/\\\/buletin.de\\\/bucuresti\\\/wp-content\\\/uploads\\\/2025\\\/12\\\/faraapacaldadecembrie-e1765279408813.jpg\",\"keywords\":[\"agent termic oprit\",\"apa calda\",\"caldura\",\"lucrari\",\"termoenergetica\",\"termoficare\"],\"articleSection\":[\"Articole\",\"Main\",\"Termoficare\"],\"inLanguage\":\"en-GB\",\"copyrightYear\":\"2025\",\"copyrightHolder\":{\"@id\":\"https:\\\/\\\/buletin.de\\\/bucuresti\\\/#organization\"}},{\"@type\":\"WebPage\",\"@id\":\"https:\\\/\\\/buletin.de\\\/bucuresti\\\/termoficare-numarul-de-blocuri-fara-apa-calda-si-caldura-si-deficit-de-agent-termic-a-crescut-la-1-600\\\/\",\"url\":\"https:\\\/\\\/buletin.de\\\/bucuresti\\\/termoficare-numarul-de-blocuri-fara-apa-calda-si-caldura-si-deficit-de-agent-termic-a-crescut-la-1-600\\\/\",\"name\":\"TERMOFICARE | Num\u0103rul de blocuri f\u0103r\u0103 ap\u0103 cald\u0103 \u0219i c\u0103ldur\u0103 \u0219i deficit de agent termic a crescut la 1.600 - Buletin de Bucure\u0219ti\",\"isPartOf\":{\"@id\":\"https:\\\/\\\/buletin.de\\\/bucuresti\\\/#website\"},\"primaryImageOfPage\":{\"@id\":\"https:\\\/\\\/buletin.de\\\/bucuresti\\\/termoficare-numarul-de-blocuri-fara-apa-calda-si-caldura-si-deficit-de-agent-termic-a-crescut-la-1-600\\\/#primaryimage\"},\"image\":{\"@id\":\"https:\\\/\\\/buletin.de\\\/bucuresti\\\/termoficare-numarul-de-blocuri-fara-apa-calda-si-caldura-si-deficit-de-agent-termic-a-crescut-la-1-600\\\/#primaryimage\"},\"thumbnailUrl\":\"https:\\\/\\\/buletin.de\\\/bucuresti\\\/wp-content\\\/uploads\\\/2025\\\/12\\\/faraapacaldadecembrie-e1765279408813.jpg\",\"datePublished\":\"2025-12-09T11:23:33+00:00\",\"dateModified\":\"2025-12-09T16:51:18+00:00\",\"description\":\"Peste 1.600 de blocuri au r\u0103mas f\u0103r\u0103 ap\u0103 cald\u0103 \u0219i c\u0103ldur\u0103 sau primesc agent termic la temperaturi reduse p\u00e2n\u0103 cel pu\u021bin pe 12 decembrie.\",\"breadcrumb\":{\"@id\":\"https:\\\/\\\/buletin.de\\\/bucuresti\\\/termoficare-numarul-de-blocuri-fara-apa-calda-si-caldura-si-deficit-de-agent-termic-a-crescut-la-1-600\\\/#breadcrumb\"},\"inLanguage\":\"en-GB\",\"potentialAction\":[{\"@type\":\"ReadAction\",\"target\":[\"https:\\\/\\\/buletin.de\\\/bucuresti\\\/termoficare-numarul-de-blocuri-fara-apa-calda-si-caldura-si-deficit-de-agent-termic-a-crescut-la-1-600\\\/\"]}]},{\"@type\":\"ImageObject\",\"inLanguage\":\"en-GB\",\"@id\":\"https:\\\/\\\/buletin.de\\\/bucuresti\\\/termoficare-numarul-de-blocuri-fara-apa-calda-si-caldura-si-deficit-de-agent-termic-a-crescut-la-1-600\\\/#primaryimage\",\"url\":\"https:\\\/\\\/buletin.de\\\/bucuresti\\\/wp-content\\\/uploads\\\/2025\\\/12\\\/faraapacaldadecembrie-e1765279408813.jpg\",\"contentUrl\":\"https:\\\/\\\/buletin.de\\\/bucuresti\\\/wp-content\\\/uploads\\\/2025\\\/12\\\/faraapacaldadecembrie-e1765279408813.jpg\",\"width\":1200,\"height\":912,\"caption\":\"Foto Termoenergetica\"},{\"@type\":\"BreadcrumbList\",\"@id\":\"https:\\\/\\\/buletin.de\\\/bucuresti\\\/termoficare-numarul-de-blocuri-fara-apa-calda-si-caldura-si-deficit-de-agent-termic-a-crescut-la-1-600\\\/#breadcrumb\",\"itemListElement\":[{\"@type\":\"ListItem\",\"position\":1,\"name\":\"Acas\u0103\",\"item\":\"https:\\\/\\\/buletin.de\\\/bucuresti\\\/\"},{\"@type\":\"ListItem\",\"position\":2,\"name\":\"TERMOFICARE | Num\u0103rul de blocuri f\u0103r\u0103 ap\u0103 cald\u0103 \u0219i c\u0103ldur\u0103 \u0219i deficit de agent termic a crescut la 1.600\"}]},{\"@type\":\"WebSite\",\"@id\":\"https:\\\/\\\/buletin.de\\\/bucuresti\\\/#website\",\"url\":\"https:\\\/\\\/buletin.de\\\/bucuresti\\\/\",\"name\":\"Buletin de Bucure\u0219ti\",\"description\":\"\u0218tiri \u0219i investiga\u021bii esen\u021biale din capital\u0103\",\"publisher\":{\"@id\":\"https:\\\/\\\/buletin.de\\\/bucuresti\\\/#organization\"},\"potentialAction\":[{\"@type\":\"SearchAction\",\"target\":{\"@type\":\"EntryPoint\",\"urlTemplate\":\"https:\\\/\\\/buletin.de\\\/bucuresti\\\/?s={search_term_string}\"},\"query-input\":{\"@type\":\"PropertyValueSpecification\",\"valueRequired\":true,\"valueName\":\"search_term_string\"}}],\"inLanguage\":\"en-GB\"},{\"@type\":\"Organization\",\"@id\":\"https:\\\/\\\/buletin.de\\\/bucuresti\\\/#organization\",\"name\":\"Buletin de Bucure\u0219ti\",\"url\":\"https:\\\/\\\/buletin.de\\\/bucuresti\\\/\",\"logo\":{\"@type\":\"ImageObject\",\"inLanguage\":\"en-GB\",\"@id\":\"https:\\\/\\\/buletin.de\\\/bucuresti\\\/#\\\/schema\\\/logo\\\/image\\\/\",\"url\":\"https:\\\/\\\/buletin.de\\\/bucuresti\\\/wp-content\\\/uploads\\\/logo-bdb-full-wide-vernil-transparent.png\",\"contentUrl\":\"https:\\\/\\\/buletin.de\\\/bucuresti\\\/wp-content\\\/uploads\\\/logo-bdb-full-wide-vernil-transparent.png\",\"width\":1782,\"height\":626,\"caption\":\"Buletin de Bucure\u0219ti\"},\"image\":{\"@id\":\"https:\\\/\\\/buletin.de\\\/bucuresti\\\/#\\\/schema\\\/logo\\\/image\\\/\"},\"sameAs\":[\"https:\\\/\\\/www.facebook.com\\\/buletin.de.buc\",\"https:\\\/\\\/www.instagram.com\\\/buletinde.bucuresti\\\/\"]},{\"@type\":\"Person\",\"@id\":\"https:\\\/\\\/buletin.de\\\/bucuresti\\\/#\\\/schema\\\/person\\\/a76df728dfc913795a9d90e346b253bb\",\"name\":\"R\u0103zvan Chiru\u021b\u0103\",\"image\":{\"@type\":\"ImageObject\",\"inLanguage\":\"en-GB\",\"@id\":\"https:\\\/\\\/buletin.de\\\/bucuresti\\\/wp-content\\\/uploads\\\/Razvan-Chiruta-96x96.jpge7143b996fd4241fbd6ee1f6b6b7b267\",\"url\":\"https:\\\/\\\/buletin.de\\\/bucuresti\\\/wp-content\\\/uploads\\\/Razvan-Chiruta-96x96.jpg\",\"contentUrl\":\"https:\\\/\\\/buletin.de\\\/bucuresti\\\/wp-content\\\/uploads\\\/Razvan-Chiruta-96x96.jpg\",\"caption\":\"R\u0103zvan Chiru\u021b\u0103\"},\"description\":\"R\u0103zvan Chiru\u021b\u0103 este redactor-\u0219ef adjunct din iulie 2024. A fost redactor-\u0219ef al PRESShub \u00eentre 2022 \u0219i iunie 2024. Anterior, a fost redactor-\u0219ef al Newsweek Rom\u00e2nia, din 2018 p\u00e2n\u0103 \u00een 2021, \u0219i al cotidianului Rom\u00e2nia liber\u0103, \u00eentre 2015 \u0219i 2017. Este absolvent de Jurnalism, \u00een cadrul Universit\u0103\u021bii \u201eAl.I.Cuza\u201d din Ia\u0219i, \u0219i a urmat un master \u00een Managementul institu\u021biilor mass-media (f\u0103r\u0103 diserta\u021bie) la Facultatea de Jurnalism \u0219i \u0218tiin\u021bele Comunic\u0103rii din cadrul Universit\u0103\u021bii din Bucure\u0219ti. \u0218i-a \u00eenceput cariera la Opinia studen\u021beasc\u0103, cunoscuta \u0219coal\u0103 de pres\u0103 din Ia\u0219i. A lucrat \u00een presa local\u0103, apoi a devenit corespondent pentru Ia\u0219i al cotidianului Evenimentul Zilei. Din 2004, a coordonat pentru \u0219ase luni sec\u021bia de coresponden\u021bi a Evenimentului Zilei. A mai lucrat la s\u0103pt\u0103m\u00e2nalul Prezent \u0219i a colaborat cu revistele Dilema Veche \u0219i Suplimentul de Cultur\u0103. Este co-autor \u00een volumele \u201eMass-media \u0219i democra\u021bia \u00een Rom\u00e2nia post-comunist\u0103\u201d (ed. a II-a), Ed. Institutul European, Ia\u0219i, 2013, \u0219i \u201eCOVID - 19. Dimensiuni ale gestionarii pandemiei\u201d, Editura Junimea, Ia\u0219i, 2020.\",\"url\":\"https:\\\/\\\/buletin.de\\\/bucuresti\\\/author\\\/razvan-chiruta\\\/\"}]}<\/script>\n<!-- \/ Yoast SEO Premium plugin. -->","yoast_head_json":{"title":"TERMOFICARE | Num\u0103rul de blocuri f\u0103r\u0103 ap\u0103 cald\u0103 \u0219i c\u0103ldur\u0103 \u0219i deficit de agent termic a crescut la 1.600 - Buletin de Bucure\u0219ti","description":"Peste 1.600 de blocuri au r\u0103mas f\u0103r\u0103 ap\u0103 cald\u0103 \u0219i c\u0103ldur\u0103 sau primesc agent termic la temperaturi reduse p\u00e2n\u0103 cel pu\u021bin pe 12 decembrie.","robots":{"index":"index","follow":"follow","max-snippet":"max-snippet:-1","max-image-preview":"max-image-preview:large","max-video-preview":"max-video-preview:-1"},"canonical":"https:\/\/buletin.de\/bucuresti\/termoficare-numarul-de-blocuri-fara-apa-calda-si-caldura-si-deficit-de-agent-termic-a-crescut-la-1-600\/","og_locale":"en_GB","og_type":"article","og_title":"TERMOFICARE | Num\u0103rul de blocuri f\u0103r\u0103 ap\u0103 cald\u0103 \u0219i c\u0103ldur\u0103 \u0219i deficit de agent termic a crescut la 1.600","og_description":"Peste 1.600 de blocuri au r\u0103mas f\u0103r\u0103 ap\u0103 cald\u0103 \u0219i c\u0103ldur\u0103 sau primesc agent termic la temperaturi reduse p\u00e2n\u0103 cel pu\u021bin pe 12 decembrie.","og_url":"https:\/\/buletin.de\/bucuresti\/termoficare-numarul-de-blocuri-fara-apa-calda-si-caldura-si-deficit-de-agent-termic-a-crescut-la-1-600\/","og_site_name":"Buletin de Bucure\u0219ti","article_publisher":"https:\/\/www.facebook.com\/buletin.de.buc","article_published_time":"2025-12-09T11:23:33+00:00","article_modified_time":"2025-12-09T16:51:18+00:00","og_image":[{"width":1200,"height":912,"url":"https:\/\/buletin.de\/bucuresti\/wp-content\/uploads\/2025\/12\/faraapacaldadecembrie-e1765279408813.jpg","type":"image\/jpeg"}],"author":"R\u0103zvan Chiru\u021b\u0103","twitter_card":"summary_large_image","twitter_misc":{"Written by":"R\u0103zvan Chiru\u021b\u0103","Estimated reading time":"3 minutes"},"schema":{"@context":"https:\/\/schema.org","@graph":[{"@type":"Article","@id":"https:\/\/buletin.de\/bucuresti\/termoficare-numarul-de-blocuri-fara-apa-calda-si-caldura-si-deficit-de-agent-termic-a-crescut-la-1-600\/#article","isPartOf":{"@id":"https:\/\/buletin.de\/bucuresti\/termoficare-numarul-de-blocuri-fara-apa-calda-si-caldura-si-deficit-de-agent-termic-a-crescut-la-1-600\/"},"author":{"name":"R\u0103zvan Chiru\u021b\u0103","@id":"https:\/\/buletin.de\/bucuresti\/#\/schema\/person\/a76df728dfc913795a9d90e346b253bb"},"headline":"TERMOFICARE | Num\u0103rul de blocuri f\u0103r\u0103 ap\u0103 cald\u0103 \u0219i c\u0103ldur\u0103 \u0219i deficit de agent termic a crescut la 1.600","datePublished":"2025-12-09T11:23:33+00:00","dateModified":"2025-12-09T16:51:18+00:00","mainEntityOfPage":{"@id":"https:\/\/buletin.de\/bucuresti\/termoficare-numarul-de-blocuri-fara-apa-calda-si-caldura-si-deficit-de-agent-termic-a-crescut-la-1-600\/"},"wordCount":499,"publisher":{"@id":"https:\/\/buletin.de\/bucuresti\/#organization"},"image":{"@id":"https:\/\/buletin.de\/bucuresti\/termoficare-numarul-de-blocuri-fara-apa-calda-si-caldura-si-deficit-de-agent-termic-a-crescut-la-1-600\/#primaryimage"},"thumbnailUrl":"https:\/\/buletin.de\/bucuresti\/wp-content\/uploads\/2025\/12\/faraapacaldadecembrie-e1765279408813.jpg","keywords":["agent termic oprit","apa calda","caldura","lucrari","termoenergetica","termoficare"],"articleSection":["Articole","Main","Termoficare"],"inLanguage":"en-GB","copyrightYear":"2025","copyrightHolder":{"@id":"https:\/\/buletin.de\/bucuresti\/#organization"}},{"@type":"WebPage","@id":"https:\/\/buletin.de\/bucuresti\/termoficare-numarul-de-blocuri-fara-apa-calda-si-caldura-si-deficit-de-agent-termic-a-crescut-la-1-600\/","url":"https:\/\/buletin.de\/bucuresti\/termoficare-numarul-de-blocuri-fara-apa-calda-si-caldura-si-deficit-de-agent-termic-a-crescut-la-1-600\/","name":"TERMOFICARE | Num\u0103rul de blocuri f\u0103r\u0103 ap\u0103 cald\u0103 \u0219i c\u0103ldur\u0103 \u0219i deficit de agent termic a crescut la 1.600 - Buletin de Bucure\u0219ti","isPartOf":{"@id":"https:\/\/buletin.de\/bucuresti\/#website"},"primaryImageOfPage":{"@id":"https:\/\/buletin.de\/bucuresti\/termoficare-numarul-de-blocuri-fara-apa-calda-si-caldura-si-deficit-de-agent-termic-a-crescut-la-1-600\/#primaryimage"},"image":{"@id":"https:\/\/buletin.de\/bucuresti\/termoficare-numarul-de-blocuri-fara-apa-calda-si-caldura-si-deficit-de-agent-termic-a-crescut-la-1-600\/#primaryimage"},"thumbnailUrl":"https:\/\/buletin.de\/bucuresti\/wp-content\/uploads\/2025\/12\/faraapacaldadecembrie-e1765279408813.jpg","datePublished":"2025-12-09T11:23:33+00:00","dateModified":"2025-12-09T16:51:18+00:00","description":"Peste 1.600 de blocuri au r\u0103mas f\u0103r\u0103 ap\u0103 cald\u0103 \u0219i c\u0103ldur\u0103 sau primesc agent termic la temperaturi reduse p\u00e2n\u0103 cel pu\u021bin pe 12 decembrie.","breadcrumb":{"@id":"https:\/\/buletin.de\/bucuresti\/termoficare-numarul-de-blocuri-fara-apa-calda-si-caldura-si-deficit-de-agent-termic-a-crescut-la-1-600\/#breadcrumb"},"inLanguage":"en-GB","potentialAction":[{"@type":"ReadAction","target":["https:\/\/buletin.de\/bucuresti\/termoficare-numarul-de-blocuri-fara-apa-calda-si-caldura-si-deficit-de-agent-termic-a-crescut-la-1-600\/"]}]},{"@type":"ImageObject","inLanguage":"en-GB","@id":"https:\/\/buletin.de\/bucuresti\/termoficare-numarul-de-blocuri-fara-apa-calda-si-caldura-si-deficit-de-agent-termic-a-crescut-la-1-600\/#primaryimage","url":"https:\/\/buletin.de\/bucuresti\/wp-content\/uploads\/2025\/12\/faraapacaldadecembrie-e1765279408813.jpg","contentUrl":"https:\/\/buletin.de\/bucuresti\/wp-content\/uploads\/2025\/12\/faraapacaldadecembrie-e1765279408813.jpg","width":1200,"height":912,"caption":"Foto Termoenergetica"},{"@type":"BreadcrumbList","@id":"https:\/\/buletin.de\/bucuresti\/termoficare-numarul-de-blocuri-fara-apa-calda-si-caldura-si-deficit-de-agent-termic-a-crescut-la-1-600\/#breadcrumb","itemListElement":[{"@type":"ListItem","position":1,"name":"Acas\u0103","item":"https:\/\/buletin.de\/bucuresti\/"},{"@type":"ListItem","position":2,"name":"TERMOFICARE | Num\u0103rul de blocuri f\u0103r\u0103 ap\u0103 cald\u0103 \u0219i c\u0103ldur\u0103 \u0219i deficit de agent termic a crescut la 1.600"}]},{"@type":"WebSite","@id":"https:\/\/buletin.de\/bucuresti\/#website","url":"https:\/\/buletin.de\/bucuresti\/","name":"Buletin de Bucure\u0219ti","description":"\u0218tiri \u0219i investiga\u021bii esen\u021biale din capital\u0103","publisher":{"@id":"https:\/\/buletin.de\/bucuresti\/#organization"},"potentialAction":[{"@type":"SearchAction","target":{"@type":"EntryPoint","urlTemplate":"https:\/\/buletin.de\/bucuresti\/?s={search_term_string}"},"query-input":{"@type":"PropertyValueSpecification","valueRequired":true,"valueName":"search_term_string"}}],"inLanguage":"en-GB"},{"@type":"Organization","@id":"https:\/\/buletin.de\/bucuresti\/#organization","name":"Buletin de Bucure\u0219ti","url":"https:\/\/buletin.de\/bucuresti\/","logo":{"@type":"ImageObject","inLanguage":"en-GB","@id":"https:\/\/buletin.de\/bucuresti\/#\/schema\/logo\/image\/","url":"https:\/\/buletin.de\/bucuresti\/wp-content\/uploads\/logo-bdb-full-wide-vernil-transparent.png","contentUrl":"https:\/\/buletin.de\/bucuresti\/wp-content\/uploads\/logo-bdb-full-wide-vernil-transparent.png","width":1782,"height":626,"caption":"Buletin de Bucure\u0219ti"},"image":{"@id":"https:\/\/buletin.de\/bucuresti\/#\/schema\/logo\/image\/"},"sameAs":["https:\/\/www.facebook.com\/buletin.de.buc","https:\/\/www.instagram.com\/buletinde.bucuresti\/"]},{"@type":"Person","@id":"https:\/\/buletin.de\/bucuresti\/#\/schema\/person\/a76df728dfc913795a9d90e346b253bb","name":"R\u0103zvan Chiru\u021b\u0103","image":{"@type":"ImageObject","inLanguage":"en-GB","@id":"https:\/\/buletin.de\/bucuresti\/wp-content\/uploads\/Razvan-Chiruta-96x96.jpge7143b996fd4241fbd6ee1f6b6b7b267","url":"https:\/\/buletin.de\/bucuresti\/wp-content\/uploads\/Razvan-Chiruta-96x96.jpg","contentUrl":"https:\/\/buletin.de\/bucuresti\/wp-content\/uploads\/Razvan-Chiruta-96x96.jpg","caption":"R\u0103zvan Chiru\u021b\u0103"},"description":"R\u0103zvan Chiru\u021b\u0103 este redactor-\u0219ef adjunct din iulie 2024. A fost redactor-\u0219ef al PRESShub \u00eentre 2022 \u0219i iunie 2024. Anterior, a fost redactor-\u0219ef al Newsweek Rom\u00e2nia, din 2018 p\u00e2n\u0103 \u00een 2021, \u0219i al cotidianului Rom\u00e2nia liber\u0103, \u00eentre 2015 \u0219i 2017. Este absolvent de Jurnalism, \u00een cadrul Universit\u0103\u021bii \u201eAl.I.Cuza\u201d din Ia\u0219i, \u0219i a urmat un master \u00een Managementul institu\u021biilor mass-media (f\u0103r\u0103 diserta\u021bie) la Facultatea de Jurnalism \u0219i \u0218tiin\u021bele Comunic\u0103rii din cadrul Universit\u0103\u021bii din Bucure\u0219ti. \u0218i-a \u00eenceput cariera la Opinia studen\u021beasc\u0103, cunoscuta \u0219coal\u0103 de pres\u0103 din Ia\u0219i. A lucrat \u00een presa local\u0103, apoi a devenit corespondent pentru Ia\u0219i al cotidianului Evenimentul Zilei. Din 2004, a coordonat pentru \u0219ase luni sec\u021bia de coresponden\u021bi a Evenimentului Zilei. A mai lucrat la s\u0103pt\u0103m\u00e2nalul Prezent \u0219i a colaborat cu revistele Dilema Veche \u0219i Suplimentul de Cultur\u0103. Este co-autor \u00een volumele \u201eMass-media \u0219i democra\u021bia \u00een Rom\u00e2nia post-comunist\u0103\u201d (ed. a II-a), Ed. Institutul European, Ia\u0219i, 2013, \u0219i \u201eCOVID - 19. Dimensiuni ale gestionarii pandemiei\u201d, Editura Junimea, Ia\u0219i, 2020.","url":"https:\/\/buletin.de\/bucuresti\/author\/razvan-chiruta\/"}]}},"authors":[{"term_id":22582,"user_id":60,"is_guest":0,"slug":"razvan-chiruta","display_name":"R\u0103zvan Chiru\u021b\u0103","avatar_url":"https:\/\/buletin.de\/bucuresti\/wp-content\/uploads\/Razvan-Chiruta-96x96.jpg","0":null,"1":"","2":"","3":"","4":"","5":"","6":"","7":"","8":""}],"_links":{"self":[{"href":"https:\/\/buletin.de\/bucuresti\/wp-json\/wp\/v2\/posts\/161667","targetHints":{"allow":["GET"]}}],"collection":[{"href":"https:\/\/buletin.de\/bucuresti\/wp-json\/wp\/v2\/posts"}],"about":[{"href":"https:\/\/buletin.de\/bucuresti\/wp-json\/wp\/v2\/types\/post"}],"author":[{"embeddable":true,"href":"https:\/\/buletin.de\/bucuresti\/wp-json\/wp\/v2\/users\/60"}],"replies":[{"embeddable":true,"href":"https:\/\/buletin.de\/bucuresti\/wp-json\/wp\/v2\/comments?post=161667"}],"version-history":[{"count":5,"href":"https:\/\/buletin.de\/bucuresti\/wp-json\/wp\/v2\/posts\/161667\/revisions"}],"predecessor-version":[{"id":161694,"href":"https:\/\/buletin.de\/bucuresti\/wp-json\/wp\/v2\/posts\/161667\/revisions\/161694"}],"wp:featuredmedia":[{"embeddable":true,"href":"https:\/\/buletin.de\/bucuresti\/wp-json\/wp\/v2\/media\/161671"}],"wp:attachment":[{"href":"https:\/\/buletin.de\/bucuresti\/wp-json\/wp\/v2\/media?parent=161667"}],"wp:term":[{"taxonomy":"category","embeddable":true,"href":"https:\/\/buletin.de\/bucuresti\/wp-json\/wp\/v2\/categories?post=161667"},{"taxonomy":"post_tag","embeddable":true,"href":"https:\/\/buletin.de\/bucuresti\/wp-json\/wp\/v2\/tags?post=161667"},{"taxonomy":"author","embeddable":true,"href":"https:\/\/buletin.de\/bucuresti\/wp-json\/wp\/v2\/ppma_author?post=161667"}],"curies":[{"name":"wp","href":"https:\/\/api.w.org\/{rel}","templated":true}]}}