{"id":161649,"date":"2025-12-09T11:42:58","date_gmt":"2025-12-09T08:42:58","guid":{"rendered":"https:\/\/buletin.de\/bucuresti\/?p=161649"},"modified":"2025-12-09T11:45:30","modified_gmt":"2025-12-09T08:45:30","slug":"restrictii-de-trafic-pe-autostrada-a1-pentru-lucrari","status":"publish","type":"post","link":"https:\/\/buletin.de\/bucuresti\/restrictii-de-trafic-pe-autostrada-a1-pentru-lucrari\/","title":{"rendered":"Restric\u021bii de trafic pe autostrada A1, pentru lucr\u0103ri"},"content":{"rendered":"\n<p><strong>Centrul Infotrafic din Inspectoratul General al Poli\u021biei Rom\u00e2ne\u00a0a anun\u021bat c\u0103 mar\u021bi vor fi restric\u021bii importante de trafic pe autostrada A1, pentru efectuarea unor lucr\u0103ri de repara\u021bii.<\/strong><\/p>\n\n\n\n<p>\u201eAst\u0103zi, \u00eentre orele 08:00 \u2013 17:00, pe Autostrada A1, pe sensul dinspre Bucure\u0219ti c\u0103tre Pite\u0219ti, pe tronsoanele kilometrice 25+500 metri \u2013 27+800 metri, 36 &#8211; 38+850 metri, 41 &#8211; 42+500 metri \u0219i 78 &#8211; 80, este restric\u021bionat\u0103 circula\u021bia pe prima band\u0103 pentru aplicarea de marcaje rutiere\u201d, a men\u021bionat <a href=\"https:\/\/politiaromana.ro\/ro\/info-trafic\/restrictii-de-trafic-pe-autostrazile-a1-si-a4-pentru-efectuarea-de-lucrari\" target=\"_blank\" rel=\"noreferrer noopener\">Centrul Infotrafic<\/a>.<\/p>\n\n\n\n<p>Conduc\u0103torii auto sunt sf\u0103tui\u021bi s\u0103 circule cu vitez\u0103 redus\u0103 \u00een zonele cu restric\u021bii de trafic pe autostrada A1, s\u0103 respecte semnifica\u021bia semnaliz\u0103rii temporare, asigur\u00e2ndu-se foarte bine \u00eenainte de schimbarea benzii de circula\u021bie, semnaliz\u00e2nd din timp efectuarea acestei manevre!<\/p>\n\n\n\n<p>Centrul Infotrafic mai anun\u021b\u0103 \u0219i c\u0103 \u00eentre orele 08:30 \u2013 15:00, pe Autostrada A4, pe sensul dinspre Agigea c\u0103tre Ovidiu, \u00eentre kilometrii 13+300 metri \u2013 12+400 metri, se restric\u021bioneaz\u0103 circula\u021bia pe banda a doua pentru a permite efectuarea lucr\u0103rilor de cur\u0103\u021bare a rigolei mediane.<\/p>\n\n\n\n<p><strong>CITE\u0218TE \u0218I: <a href=\"https:\/\/buletin.de\/bucuresti\/12-din-numarul-de-vehicule-electrice-inmatriculate-in-capitala-reteaua-de-statii-incarcare-deficitara\/\" target=\"_blank\" rel=\"noreferrer noopener\">12% din num\u0103rul de vehicule electrice din \u021bar\u0103, \u00eenmatriculate \u00een Capital\u0103. Re\u021beaua de sta\u021bii \u00eenc\u0103rcare, deficitar\u0103<\/a><\/strong><\/p>\n","protected":false},"excerpt":{"rendered":"<p>Centrul Infotrafic din Inspectoratul General al Poli\u021biei Rom\u00e2ne\u00a0a anun\u021bat c\u0103 mar\u021bi vor fi restric\u021bii importante de trafic pe autostrada A1, pentru efectuarea unor lucr\u0103ri de repara\u021bii. \u201eAst\u0103zi, \u00eentre orele 08:00 \u2013 17:00, pe Autostrada A1, pe sensul dinspre Bucure\u0219ti c\u0103tre Pite\u0219ti, pe tronsoanele kilometrice 25+500 metri \u2013 27+800 metri, 36 &#8211; 38+850 metri, 41 &#8211; [&hellip;]<\/p>\n","protected":false},"author":1,"featured_media":161654,"comment_status":"closed","ping_status":"open","sticky":false,"template":"","format":"standard","meta":{"_acf_changed":false,"inline_featured_image":false,"ngg_post_thumbnail":0,"footnotes":""},"categories":[6994,9026,62],"tags":[14486,11424,25042],"ppma_author":[22583],"class_list":["post-161649","post","type-post","status-publish","format-standard","has-post-thumbnail","hentry","category-stiri-2","category-eveniment","category-stiri","tag-autostrada-a1","tag-restrictii-de-trafic","tag-restrictii-lucrari"],"acf":[],"yoast_head":"<!-- This site is optimized with the Yoast SEO Premium plugin v25.3 (Yoast SEO v27.4) - https:\/\/yoast.com\/product\/yoast-seo-premium-wordpress\/ -->\n<title>Restric\u021bii de trafic pe autostrada A1, pentru lucr\u0103ri - Buletin de Bucure\u0219ti<\/title>\n<meta name=\"description\" content=\"Centrul Infotrafic din Inspectoratul General al Poli\u021biei Rom\u00e2ne\u00a0a anun\u021bat c\u0103 mar\u021bi vor fi restric\u021bii importante de trafic pe autostrada A1.\" \/>\n<meta name=\"robots\" content=\"index, follow, max-snippet:-1, max-image-preview:large, max-video-preview:-1\" \/>\n<link rel=\"canonical\" href=\"https:\/\/buletin.de\/bucuresti\/restrictii-de-trafic-pe-autostrada-a1-pentru-lucrari\/\" \/>\n<meta property=\"og:locale\" content=\"en_GB\" \/>\n<meta property=\"og:type\" content=\"article\" \/>\n<meta property=\"og:title\" content=\"Restric\u021bii de trafic pe autostrada A1, pentru lucr\u0103ri\" \/>\n<meta property=\"og:description\" content=\"Centrul Infotrafic din Inspectoratul General al Poli\u021biei Rom\u00e2ne\u00a0a anun\u021bat c\u0103 mar\u021bi vor fi restric\u021bii importante de trafic pe autostrada A1.\" \/>\n<meta property=\"og:url\" content=\"https:\/\/buletin.de\/bucuresti\/restrictii-de-trafic-pe-autostrada-a1-pentru-lucrari\/\" \/>\n<meta property=\"og:site_name\" content=\"Buletin de Bucure\u0219ti\" \/>\n<meta property=\"article:publisher\" content=\"https:\/\/www.facebook.com\/buletin.de.buc\" \/>\n<meta property=\"article:published_time\" content=\"2025-12-09T08:42:58+00:00\" \/>\n<meta property=\"article:modified_time\" content=\"2025-12-09T08:45:30+00:00\" \/>\n<meta property=\"og:image\" content=\"https:\/\/buletin.de\/bucuresti\/wp-content\/uploads\/2025\/12\/bucurestipitestia1.png\" \/>\n\t<meta property=\"og:image:width\" content=\"1312\" \/>\n\t<meta property=\"og:image:height\" content=\"667\" \/>\n\t<meta property=\"og:image:type\" content=\"image\/png\" \/>\n<meta name=\"author\" content=\"Redac\u021bia Buletin de Bucure\u0219ti\" \/>\n<meta name=\"twitter:card\" content=\"summary_large_image\" \/>\n<meta name=\"twitter:label1\" content=\"Written by\" \/>\n\t<meta name=\"twitter:data1\" content=\"Redac\u021bia Buletin de Bucure\u0219ti\" \/>\n\t<meta name=\"twitter:label2\" content=\"Estimated reading time\" \/>\n\t<meta name=\"twitter:data2\" content=\"1 minute\" \/>\n<script type=\"application\/ld+json\" class=\"yoast-schema-graph\">{\"@context\":\"https:\\\/\\\/schema.org\",\"@graph\":[{\"@type\":\"Article\",\"@id\":\"https:\\\/\\\/buletin.de\\\/bucuresti\\\/restrictii-de-trafic-pe-autostrada-a1-pentru-lucrari\\\/#article\",\"isPartOf\":{\"@id\":\"https:\\\/\\\/buletin.de\\\/bucuresti\\\/restrictii-de-trafic-pe-autostrada-a1-pentru-lucrari\\\/\"},\"author\":{\"name\":\"Redac\u021bia Buletin de Bucure\u0219ti\",\"@id\":\"https:\\\/\\\/buletin.de\\\/bucuresti\\\/#\\\/schema\\\/person\\\/2bbcf854e5f2419a13804af574d06ab1\"},\"headline\":\"Restric\u021bii de trafic pe autostrada A1, pentru lucr\u0103ri\",\"datePublished\":\"2025-12-09T08:42:58+00:00\",\"dateModified\":\"2025-12-09T08:45:30+00:00\",\"mainEntityOfPage\":{\"@id\":\"https:\\\/\\\/buletin.de\\\/bucuresti\\\/restrictii-de-trafic-pe-autostrada-a1-pentru-lucrari\\\/\"},\"wordCount\":201,\"publisher\":{\"@id\":\"https:\\\/\\\/buletin.de\\\/bucuresti\\\/#organization\"},\"image\":{\"@id\":\"https:\\\/\\\/buletin.de\\\/bucuresti\\\/restrictii-de-trafic-pe-autostrada-a1-pentru-lucrari\\\/#primaryimage\"},\"thumbnailUrl\":\"https:\\\/\\\/buletin.de\\\/bucuresti\\\/wp-content\\\/uploads\\\/2025\\\/12\\\/bucurestipitestia1.png\",\"keywords\":[\"autostrada A1\",\"restrictii de trafic\",\"restric\u021bii lucrari\"],\"articleSection\":[\"Articole\",\"Eveniment\",\"\u0218tiri\"],\"inLanguage\":\"en-GB\",\"copyrightYear\":\"2025\",\"copyrightHolder\":{\"@id\":\"https:\\\/\\\/buletin.de\\\/bucuresti\\\/#organization\"}},{\"@type\":\"WebPage\",\"@id\":\"https:\\\/\\\/buletin.de\\\/bucuresti\\\/restrictii-de-trafic-pe-autostrada-a1-pentru-lucrari\\\/\",\"url\":\"https:\\\/\\\/buletin.de\\\/bucuresti\\\/restrictii-de-trafic-pe-autostrada-a1-pentru-lucrari\\\/\",\"name\":\"Restric\u021bii de trafic pe autostrada A1, pentru lucr\u0103ri - Buletin de Bucure\u0219ti\",\"isPartOf\":{\"@id\":\"https:\\\/\\\/buletin.de\\\/bucuresti\\\/#website\"},\"primaryImageOfPage\":{\"@id\":\"https:\\\/\\\/buletin.de\\\/bucuresti\\\/restrictii-de-trafic-pe-autostrada-a1-pentru-lucrari\\\/#primaryimage\"},\"image\":{\"@id\":\"https:\\\/\\\/buletin.de\\\/bucuresti\\\/restrictii-de-trafic-pe-autostrada-a1-pentru-lucrari\\\/#primaryimage\"},\"thumbnailUrl\":\"https:\\\/\\\/buletin.de\\\/bucuresti\\\/wp-content\\\/uploads\\\/2025\\\/12\\\/bucurestipitestia1.png\",\"datePublished\":\"2025-12-09T08:42:58+00:00\",\"dateModified\":\"2025-12-09T08:45:30+00:00\",\"description\":\"Centrul Infotrafic din Inspectoratul General al Poli\u021biei Rom\u00e2ne\u00a0a anun\u021bat c\u0103 mar\u021bi vor fi restric\u021bii importante de trafic pe autostrada A1.\",\"breadcrumb\":{\"@id\":\"https:\\\/\\\/buletin.de\\\/bucuresti\\\/restrictii-de-trafic-pe-autostrada-a1-pentru-lucrari\\\/#breadcrumb\"},\"inLanguage\":\"en-GB\",\"potentialAction\":[{\"@type\":\"ReadAction\",\"target\":[\"https:\\\/\\\/buletin.de\\\/bucuresti\\\/restrictii-de-trafic-pe-autostrada-a1-pentru-lucrari\\\/\"]}]},{\"@type\":\"ImageObject\",\"inLanguage\":\"en-GB\",\"@id\":\"https:\\\/\\\/buletin.de\\\/bucuresti\\\/restrictii-de-trafic-pe-autostrada-a1-pentru-lucrari\\\/#primaryimage\",\"url\":\"https:\\\/\\\/buletin.de\\\/bucuresti\\\/wp-content\\\/uploads\\\/2025\\\/12\\\/bucurestipitestia1.png\",\"contentUrl\":\"https:\\\/\\\/buletin.de\\\/bucuresti\\\/wp-content\\\/uploads\\\/2025\\\/12\\\/bucurestipitestia1.png\",\"width\":1312,\"height\":667,\"caption\":\"Restric\u021bii de trafic pe autostrada A1\"},{\"@type\":\"BreadcrumbList\",\"@id\":\"https:\\\/\\\/buletin.de\\\/bucuresti\\\/restrictii-de-trafic-pe-autostrada-a1-pentru-lucrari\\\/#breadcrumb\",\"itemListElement\":[{\"@type\":\"ListItem\",\"position\":1,\"name\":\"Acas\u0103\",\"item\":\"https:\\\/\\\/buletin.de\\\/bucuresti\\\/\"},{\"@type\":\"ListItem\",\"position\":2,\"name\":\"Restric\u021bii de trafic pe autostrada A1, pentru lucr\u0103ri\"}]},{\"@type\":\"WebSite\",\"@id\":\"https:\\\/\\\/buletin.de\\\/bucuresti\\\/#website\",\"url\":\"https:\\\/\\\/buletin.de\\\/bucuresti\\\/\",\"name\":\"Buletin de Bucure\u0219ti\",\"description\":\"\u0218tiri \u0219i investiga\u021bii esen\u021biale din capital\u0103\",\"publisher\":{\"@id\":\"https:\\\/\\\/buletin.de\\\/bucuresti\\\/#organization\"},\"potentialAction\":[{\"@type\":\"SearchAction\",\"target\":{\"@type\":\"EntryPoint\",\"urlTemplate\":\"https:\\\/\\\/buletin.de\\\/bucuresti\\\/?s={search_term_string}\"},\"query-input\":{\"@type\":\"PropertyValueSpecification\",\"valueRequired\":true,\"valueName\":\"search_term_string\"}}],\"inLanguage\":\"en-GB\"},{\"@type\":\"Organization\",\"@id\":\"https:\\\/\\\/buletin.de\\\/bucuresti\\\/#organization\",\"name\":\"Buletin de Bucure\u0219ti\",\"url\":\"https:\\\/\\\/buletin.de\\\/bucuresti\\\/\",\"logo\":{\"@type\":\"ImageObject\",\"inLanguage\":\"en-GB\",\"@id\":\"https:\\\/\\\/buletin.de\\\/bucuresti\\\/#\\\/schema\\\/logo\\\/image\\\/\",\"url\":\"https:\\\/\\\/buletin.de\\\/bucuresti\\\/wp-content\\\/uploads\\\/logo-bdb-full-wide-vernil-transparent.png\",\"contentUrl\":\"https:\\\/\\\/buletin.de\\\/bucuresti\\\/wp-content\\\/uploads\\\/logo-bdb-full-wide-vernil-transparent.png\",\"width\":1782,\"height\":626,\"caption\":\"Buletin de Bucure\u0219ti\"},\"image\":{\"@id\":\"https:\\\/\\\/buletin.de\\\/bucuresti\\\/#\\\/schema\\\/logo\\\/image\\\/\"},\"sameAs\":[\"https:\\\/\\\/www.facebook.com\\\/buletin.de.buc\",\"https:\\\/\\\/www.instagram.com\\\/buletinde.bucuresti\\\/\"]},{\"@type\":\"Person\",\"@id\":\"https:\\\/\\\/buletin.de\\\/bucuresti\\\/#\\\/schema\\\/person\\\/2bbcf854e5f2419a13804af574d06ab1\",\"name\":\"Redac\u021bia Buletin de Bucure\u0219ti\",\"image\":{\"@type\":\"ImageObject\",\"inLanguage\":\"en-GB\",\"@id\":\"https:\\\/\\\/secure.gravatar.com\\\/avatar\\\/18c5342381ed1a08620e6280424e3e5efc958618f5d67c522c9e44c1bc6f9226?s=96&d=monsterid&r=g60c7cd0ad92c68c049fcd4bb3504d609\",\"url\":\"https:\\\/\\\/secure.gravatar.com\\\/avatar\\\/18c5342381ed1a08620e6280424e3e5efc958618f5d67c522c9e44c1bc6f9226?s=96&d=monsterid&r=g\",\"contentUrl\":\"https:\\\/\\\/secure.gravatar.com\\\/avatar\\\/18c5342381ed1a08620e6280424e3e5efc958618f5d67c522c9e44c1bc6f9226?s=96&d=monsterid&r=g\",\"caption\":\"Redac\u021bia Buletin de Bucure\u0219ti\"},\"description\":\"Buletin de Bucure\u0219ti exist\u0103 din vara anului 2019.\",\"url\":\"https:\\\/\\\/buletin.de\\\/bucuresti\\\/author\\\/adminbuletin\\\/\"}]}<\/script>\n<!-- \/ Yoast SEO Premium plugin. -->","yoast_head_json":{"title":"Restric\u021bii de trafic pe autostrada A1, pentru lucr\u0103ri - Buletin de Bucure\u0219ti","description":"Centrul Infotrafic din Inspectoratul General al Poli\u021biei Rom\u00e2ne\u00a0a anun\u021bat c\u0103 mar\u021bi vor fi restric\u021bii importante de trafic pe autostrada A1.","robots":{"index":"index","follow":"follow","max-snippet":"max-snippet:-1","max-image-preview":"max-image-preview:large","max-video-preview":"max-video-preview:-1"},"canonical":"https:\/\/buletin.de\/bucuresti\/restrictii-de-trafic-pe-autostrada-a1-pentru-lucrari\/","og_locale":"en_GB","og_type":"article","og_title":"Restric\u021bii de trafic pe autostrada A1, pentru lucr\u0103ri","og_description":"Centrul Infotrafic din Inspectoratul General al Poli\u021biei Rom\u00e2ne\u00a0a anun\u021bat c\u0103 mar\u021bi vor fi restric\u021bii importante de trafic pe autostrada A1.","og_url":"https:\/\/buletin.de\/bucuresti\/restrictii-de-trafic-pe-autostrada-a1-pentru-lucrari\/","og_site_name":"Buletin de Bucure\u0219ti","article_publisher":"https:\/\/www.facebook.com\/buletin.de.buc","article_published_time":"2025-12-09T08:42:58+00:00","article_modified_time":"2025-12-09T08:45:30+00:00","og_image":[{"width":1312,"height":667,"url":"https:\/\/buletin.de\/bucuresti\/wp-content\/uploads\/2025\/12\/bucurestipitestia1.png","type":"image\/png"}],"author":"Redac\u021bia Buletin de Bucure\u0219ti","twitter_card":"summary_large_image","twitter_misc":{"Written by":"Redac\u021bia Buletin de Bucure\u0219ti","Estimated reading time":"1 minute"},"schema":{"@context":"https:\/\/schema.org","@graph":[{"@type":"Article","@id":"https:\/\/buletin.de\/bucuresti\/restrictii-de-trafic-pe-autostrada-a1-pentru-lucrari\/#article","isPartOf":{"@id":"https:\/\/buletin.de\/bucuresti\/restrictii-de-trafic-pe-autostrada-a1-pentru-lucrari\/"},"author":{"name":"Redac\u021bia Buletin de Bucure\u0219ti","@id":"https:\/\/buletin.de\/bucuresti\/#\/schema\/person\/2bbcf854e5f2419a13804af574d06ab1"},"headline":"Restric\u021bii de trafic pe autostrada A1, pentru lucr\u0103ri","datePublished":"2025-12-09T08:42:58+00:00","dateModified":"2025-12-09T08:45:30+00:00","mainEntityOfPage":{"@id":"https:\/\/buletin.de\/bucuresti\/restrictii-de-trafic-pe-autostrada-a1-pentru-lucrari\/"},"wordCount":201,"publisher":{"@id":"https:\/\/buletin.de\/bucuresti\/#organization"},"image":{"@id":"https:\/\/buletin.de\/bucuresti\/restrictii-de-trafic-pe-autostrada-a1-pentru-lucrari\/#primaryimage"},"thumbnailUrl":"https:\/\/buletin.de\/bucuresti\/wp-content\/uploads\/2025\/12\/bucurestipitestia1.png","keywords":["autostrada A1","restrictii de trafic","restric\u021bii lucrari"],"articleSection":["Articole","Eveniment","\u0218tiri"],"inLanguage":"en-GB","copyrightYear":"2025","copyrightHolder":{"@id":"https:\/\/buletin.de\/bucuresti\/#organization"}},{"@type":"WebPage","@id":"https:\/\/buletin.de\/bucuresti\/restrictii-de-trafic-pe-autostrada-a1-pentru-lucrari\/","url":"https:\/\/buletin.de\/bucuresti\/restrictii-de-trafic-pe-autostrada-a1-pentru-lucrari\/","name":"Restric\u021bii de trafic pe autostrada A1, pentru lucr\u0103ri - Buletin de Bucure\u0219ti","isPartOf":{"@id":"https:\/\/buletin.de\/bucuresti\/#website"},"primaryImageOfPage":{"@id":"https:\/\/buletin.de\/bucuresti\/restrictii-de-trafic-pe-autostrada-a1-pentru-lucrari\/#primaryimage"},"image":{"@id":"https:\/\/buletin.de\/bucuresti\/restrictii-de-trafic-pe-autostrada-a1-pentru-lucrari\/#primaryimage"},"thumbnailUrl":"https:\/\/buletin.de\/bucuresti\/wp-content\/uploads\/2025\/12\/bucurestipitestia1.png","datePublished":"2025-12-09T08:42:58+00:00","dateModified":"2025-12-09T08:45:30+00:00","description":"Centrul Infotrafic din Inspectoratul General al Poli\u021biei Rom\u00e2ne\u00a0a anun\u021bat c\u0103 mar\u021bi vor fi restric\u021bii importante de trafic pe autostrada A1.","breadcrumb":{"@id":"https:\/\/buletin.de\/bucuresti\/restrictii-de-trafic-pe-autostrada-a1-pentru-lucrari\/#breadcrumb"},"inLanguage":"en-GB","potentialAction":[{"@type":"ReadAction","target":["https:\/\/buletin.de\/bucuresti\/restrictii-de-trafic-pe-autostrada-a1-pentru-lucrari\/"]}]},{"@type":"ImageObject","inLanguage":"en-GB","@id":"https:\/\/buletin.de\/bucuresti\/restrictii-de-trafic-pe-autostrada-a1-pentru-lucrari\/#primaryimage","url":"https:\/\/buletin.de\/bucuresti\/wp-content\/uploads\/2025\/12\/bucurestipitestia1.png","contentUrl":"https:\/\/buletin.de\/bucuresti\/wp-content\/uploads\/2025\/12\/bucurestipitestia1.png","width":1312,"height":667,"caption":"Restric\u021bii de trafic pe autostrada A1"},{"@type":"BreadcrumbList","@id":"https:\/\/buletin.de\/bucuresti\/restrictii-de-trafic-pe-autostrada-a1-pentru-lucrari\/#breadcrumb","itemListElement":[{"@type":"ListItem","position":1,"name":"Acas\u0103","item":"https:\/\/buletin.de\/bucuresti\/"},{"@type":"ListItem","position":2,"name":"Restric\u021bii de trafic pe autostrada A1, pentru lucr\u0103ri"}]},{"@type":"WebSite","@id":"https:\/\/buletin.de\/bucuresti\/#website","url":"https:\/\/buletin.de\/bucuresti\/","name":"Buletin de Bucure\u0219ti","description":"\u0218tiri \u0219i investiga\u021bii esen\u021biale din capital\u0103","publisher":{"@id":"https:\/\/buletin.de\/bucuresti\/#organization"},"potentialAction":[{"@type":"SearchAction","target":{"@type":"EntryPoint","urlTemplate":"https:\/\/buletin.de\/bucuresti\/?s={search_term_string}"},"query-input":{"@type":"PropertyValueSpecification","valueRequired":true,"valueName":"search_term_string"}}],"inLanguage":"en-GB"},{"@type":"Organization","@id":"https:\/\/buletin.de\/bucuresti\/#organization","name":"Buletin de Bucure\u0219ti","url":"https:\/\/buletin.de\/bucuresti\/","logo":{"@type":"ImageObject","inLanguage":"en-GB","@id":"https:\/\/buletin.de\/bucuresti\/#\/schema\/logo\/image\/","url":"https:\/\/buletin.de\/bucuresti\/wp-content\/uploads\/logo-bdb-full-wide-vernil-transparent.png","contentUrl":"https:\/\/buletin.de\/bucuresti\/wp-content\/uploads\/logo-bdb-full-wide-vernil-transparent.png","width":1782,"height":626,"caption":"Buletin de Bucure\u0219ti"},"image":{"@id":"https:\/\/buletin.de\/bucuresti\/#\/schema\/logo\/image\/"},"sameAs":["https:\/\/www.facebook.com\/buletin.de.buc","https:\/\/www.instagram.com\/buletinde.bucuresti\/"]},{"@type":"Person","@id":"https:\/\/buletin.de\/bucuresti\/#\/schema\/person\/2bbcf854e5f2419a13804af574d06ab1","name":"Redac\u021bia Buletin de Bucure\u0219ti","image":{"@type":"ImageObject","inLanguage":"en-GB","@id":"https:\/\/secure.gravatar.com\/avatar\/18c5342381ed1a08620e6280424e3e5efc958618f5d67c522c9e44c1bc6f9226?s=96&d=monsterid&r=g60c7cd0ad92c68c049fcd4bb3504d609","url":"https:\/\/secure.gravatar.com\/avatar\/18c5342381ed1a08620e6280424e3e5efc958618f5d67c522c9e44c1bc6f9226?s=96&d=monsterid&r=g","contentUrl":"https:\/\/secure.gravatar.com\/avatar\/18c5342381ed1a08620e6280424e3e5efc958618f5d67c522c9e44c1bc6f9226?s=96&d=monsterid&r=g","caption":"Redac\u021bia Buletin de Bucure\u0219ti"},"description":"Buletin de Bucure\u0219ti exist\u0103 din vara anului 2019.","url":"https:\/\/buletin.de\/bucuresti\/author\/adminbuletin\/"}]}},"authors":[{"term_id":22583,"user_id":1,"is_guest":0,"slug":"adminbuletin","display_name":"Redac\u021bia Buletin de Bucure\u0219ti","avatar_url":"https:\/\/secure.gravatar.com\/avatar\/18c5342381ed1a08620e6280424e3e5efc958618f5d67c522c9e44c1bc6f9226?s=96&d=monsterid&r=g","0":null,"1":"","2":"","3":"","4":"","5":"","6":"","7":"","8":""}],"_links":{"self":[{"href":"https:\/\/buletin.de\/bucuresti\/wp-json\/wp\/v2\/posts\/161649","targetHints":{"allow":["GET"]}}],"collection":[{"href":"https:\/\/buletin.de\/bucuresti\/wp-json\/wp\/v2\/posts"}],"about":[{"href":"https:\/\/buletin.de\/bucuresti\/wp-json\/wp\/v2\/types\/post"}],"author":[{"embeddable":true,"href":"https:\/\/buletin.de\/bucuresti\/wp-json\/wp\/v2\/users\/1"}],"replies":[{"embeddable":true,"href":"https:\/\/buletin.de\/bucuresti\/wp-json\/wp\/v2\/comments?post=161649"}],"version-history":[{"count":4,"href":"https:\/\/buletin.de\/bucuresti\/wp-json\/wp\/v2\/posts\/161649\/revisions"}],"predecessor-version":[{"id":161659,"href":"https:\/\/buletin.de\/bucuresti\/wp-json\/wp\/v2\/posts\/161649\/revisions\/161659"}],"wp:featuredmedia":[{"embeddable":true,"href":"https:\/\/buletin.de\/bucuresti\/wp-json\/wp\/v2\/media\/161654"}],"wp:attachment":[{"href":"https:\/\/buletin.de\/bucuresti\/wp-json\/wp\/v2\/media?parent=161649"}],"wp:term":[{"taxonomy":"category","embeddable":true,"href":"https:\/\/buletin.de\/bucuresti\/wp-json\/wp\/v2\/categories?post=161649"},{"taxonomy":"post_tag","embeddable":true,"href":"https:\/\/buletin.de\/bucuresti\/wp-json\/wp\/v2\/tags?post=161649"},{"taxonomy":"author","embeddable":true,"href":"https:\/\/buletin.de\/bucuresti\/wp-json\/wp\/v2\/ppma_author?post=161649"}],"curies":[{"name":"wp","href":"https:\/\/api.w.org\/{rel}","templated":true}]}}