{"id":161646,"date":"2025-12-09T13:08:49","date_gmt":"2025-12-09T10:08:49","guid":{"rendered":"https:\/\/buletin.de\/bucuresti\/?p=161646"},"modified":"2025-12-09T17:55:44","modified_gmt":"2025-12-09T14:55:44","slug":"parcul-de-5-hectare-din-popesti-leordeni-respins-la-vot-in-consiliul-local","status":"publish","type":"post","link":"https:\/\/buletin.de\/bucuresti\/parcul-de-5-hectare-din-popesti-leordeni-respins-la-vot-in-consiliul-local\/","title":{"rendered":"Parcul de 5 hectare din Pope\u0219ti-Leordeni, respins la vot \u00een Consiliul Local"},"content":{"rendered":"\n<p><strong>Proiectul de hot\u0103r\u00e2re care prevedea demararea procedurilor necesare pentru a construi parcul de 5 hectare \u00een Pope\u0219ti-Leordeni, \u00een zona nou\u0103 a ora\u0219ului, a fost respins la vot \u00een ultima \u0219edin\u021b\u0103 a Consiliului Local.<\/strong><\/p>\n\n\n\n<p>Acest proiect presupunea aprobarea \u00eentocmirii studiului de fezabilitate \u0219i a indicatorilor tehnico-economici pentru realizarea parcului. <\/p>\n\n\n\n<p><a href=\"https:\/\/buletin.de\/bucuresti\/sector-2-parcurile-promise-in-cartierele-andronache-si-ion-creanga-nu-vor-fi-amenajate-anul-acesta-noul-termen-dat-de-primarie\/\" target=\"_blank\" rel=\"noreferrer noopener\">Parcul urma s\u0103 fie amplasat<\/a> pe <strong>un teren aflat \u00eentre str\u0103zile Viilor, Solsti\u021biului \u0219i \u0218colii<\/strong>, pe o suprafa\u021b\u0103 minim\u0103 de 5 hectare, liber\u0103 de sarcini \u0219i compatibil\u0103 cu amenajarea unui spa\u021biu verde de mari dimensiuni, conform <a href=\"https:\/\/molppl.ro\/proiect-de-hotarare\/2025\/9311\" target=\"_blank\" rel=\"noreferrer noopener\">documenta\u021biei <\/a>proiectului. <\/p>\n\n\n\n<p>Pentru identificarea terenului \u0219i elaborarea documenta\u021biei ar fi fost realizate din <strong>fonduri locale<\/strong>. Ulterior, Prim\u0103riei i-ar fi revenit responsabilitatea implement\u0103rii etapelor tehnice prev\u0103zute de legisla\u021bia \u00een vigoare.<\/p>\n\n\n\n<h2 class=\"wp-block-heading\" id=\"h-parcul-de-5-hectare-din-pope\u0219ti-leordeni-a-fost-respins-in-ultima-\u0219edin\u021ba-a-consiliului-local\">Parcul de 5 hectare din Pope\u0219ti-Leordeni a fost respins \u00een ultima \u0219edin\u021b\u0103 a Consiliului Local <\/h2>\n\n\n\n<p> Ini\u021biatorii proiectului au explicat necesitarea amenaj\u0103rii unui parc de 5 hectare \u00een noua zon\u0103 a ora\u0219ului. Conform raportului de specialitate ata\u0219at proiectului, au fost luate \u00een calcul ritmul crescut al urbaniz\u0103rii, precum \u0219i \u00eembun\u0103t\u0103\u021birea calit\u0103\u021bii aerului, prin extinderea spa\u021biilor verzi. <\/p>\n\n\n\n<p><em>\u201eCa \u015fi majoritatea localit\u0103\u021bilor cu popula\u021bie numeroas\u0103 \u015fi dens\u0103, ora\u015ful Pope\u0219ti-Leordeni se confrunt\u0103 cu probleme legate de calitatea mediului, printre cele mai importante fiind poluarea aerului ca urmare a emisiilor de substan\u021be nocive din diverse surse existente la nivel urban, generarea de de\u015feuri, nivelul crescut al zgomotului.\u201d<\/em>, se men\u021bioneaz\u0103 \u00een <a href=\"https:\/\/molppl.ro\/app\/files\/2025\/ph\/2025-02-17--9311\/raps-66800-20251119.pdf\" target=\"_blank\" rel=\"noreferrer noopener\">raportul de specialitate<\/a>. <\/p>\n\n\n\n<p>A mai fost men\u021bionat\u0103 importan\u021ba spa\u021biilor verzi pentru \u00eembun\u0103t\u0103\u021birea calit\u0103\u021bii aerului respirat de cet\u0103\u021beni. Totodat\u0103, acest aspect aduce beneficii \u0219i asupra calit\u0103\u021bii vie\u021bii, \u00een general. <\/p>\n\n\n\n<p><strong>Un astfel de parc ar r\u0103spunde nevoilor tuturor categoriilor de reziden\u021bi (copii, tineri, adul\u021bi, v\u00e2rstnici), \u00een func\u021bie de nevoie, prin locuri de joac\u0103, zone de promenad\u0103 \u0219i alergare, spa\u021bii de relaxare, precum \u0219i plaje verzi pentru picnic, zone pentru sport u\u0219or, zone umbrite pentru odihn\u0103 \u0219i coridoare verzi pentru mers pe jos\/biciclet\u0103, dup\u0103 cum se mai precizeaz\u0103 \u00een raport. <\/strong><\/p>\n\n\n\n<p>Propunerea nu a \u00eentrunit, \u00eens\u0103, num\u0103rul necesar de voturi pentru a fi adoptat\u0103, astfel c\u0103, deocamdat\u0103, proiectul ce vizeaz\u0103 parcul de 5 hectare din Pope\u0219ti-Leordeni r\u0103m\u00e2ne blocat. <\/p>\n\n\n\n<p>CITE\u0218TE \u0218I <a href=\"https:\/\/buletin.de\/bucuresti\/12-din-numarul-de-vehicule-electrice-inmatriculate-in-capitala-reteaua-de-statii-incarcare-deficitara\/\" target=\"_blank\" rel=\"noreferrer noopener\">12% din num\u0103rul de vehicule electrice din \u021bar\u0103, \u00eenmatriculate \u00een Capital\u0103. Re\u021beaua de sta\u021bii \u00eenc\u0103rcare, deficitar\u0103<\/a><\/p>\n","protected":false},"excerpt":{"rendered":"<p>Proiectul de hot\u0103r\u00e2re care prevedea demararea procedurilor necesare pentru a construi parcul de 5 hectare \u00een Pope\u0219ti-Leordeni, \u00een zona nou\u0103 a ora\u0219ului, a fost respins la vot \u00een ultima \u0219edin\u021b\u0103 a Consiliului Local. Acest proiect presupunea aprobarea \u00eentocmirii studiului de fezabilitate \u0219i a indicatorilor tehnico-economici pentru realizarea parcului. Parcul urma s\u0103 fie amplasat pe un [&hellip;]<\/p>\n","protected":false},"author":65,"featured_media":161664,"comment_status":"closed","ping_status":"open","sticky":false,"template":"","format":"standard","meta":{"_acf_changed":false,"inline_featured_image":false,"ngg_post_thumbnail":0,"footnotes":""},"categories":[6994,1432,5762],"tags":[820,3121,1802,521,9599],"ppma_author":[23912],"class_list":["post-161646","post","type-post","status-publish","format-standard","has-post-thumbnail","hentry","category-stiri-2","category-buletin-de-ilfov","category-main","tag-ilfov","tag-parc","tag-popesti-leordeni","tag-proiect","tag-sedinta-cvorum-consiliu-local-sector-3"],"acf":[],"yoast_head":"<!-- This site is optimized with the Yoast SEO Premium plugin v25.3 (Yoast SEO v27.4) - https:\/\/yoast.com\/product\/yoast-seo-premium-wordpress\/ -->\n<title>Parcul de 5 hectare din Pope\u0219ti-Leordeni, respins la vot \u00een Consiliul Local - Buletin de Bucure\u0219ti<\/title>\n<meta name=\"description\" content=\"Parcul de 5 hectare \u00een Pope\u0219ti-Leordeni, \u00een zona nou\u0103 a ora\u0219ului, a fost respins la vot \u00een ultima \u0219edin\u021b\u0103 a Consiliului Local.\" \/>\n<meta name=\"robots\" content=\"index, follow, max-snippet:-1, max-image-preview:large, max-video-preview:-1\" \/>\n<link rel=\"canonical\" href=\"https:\/\/buletin.de\/bucuresti\/parcul-de-5-hectare-din-popesti-leordeni-respins-la-vot-in-consiliul-local\/\" \/>\n<meta property=\"og:locale\" content=\"en_GB\" \/>\n<meta property=\"og:type\" content=\"article\" \/>\n<meta property=\"og:title\" content=\"Parcul de 5 hectare din Pope\u0219ti-Leordeni, respins la vot \u00een Consiliul Local\" \/>\n<meta property=\"og:description\" content=\"Parcul de 5 hectare \u00een Pope\u0219ti-Leordeni, \u00een zona nou\u0103 a ora\u0219ului, a fost respins la vot \u00een ultima \u0219edin\u021b\u0103 a Consiliului Local.\" \/>\n<meta property=\"og:url\" content=\"https:\/\/buletin.de\/bucuresti\/parcul-de-5-hectare-din-popesti-leordeni-respins-la-vot-in-consiliul-local\/\" \/>\n<meta property=\"og:site_name\" content=\"Buletin de Bucure\u0219ti\" \/>\n<meta property=\"article:publisher\" content=\"https:\/\/www.facebook.com\/buletin.de.buc\" \/>\n<meta property=\"article:published_time\" content=\"2025-12-09T10:08:49+00:00\" \/>\n<meta property=\"article:modified_time\" content=\"2025-12-09T14:55:44+00:00\" \/>\n<meta property=\"og:image\" content=\"https:\/\/buletin.de\/bucuresti\/wp-content\/uploads\/2025\/12\/Popesti-Leordeni.jpg\" \/>\n\t<meta property=\"og:image:width\" content=\"1200\" \/>\n\t<meta property=\"og:image:height\" content=\"686\" \/>\n\t<meta property=\"og:image:type\" content=\"image\/jpeg\" \/>\n<meta name=\"author\" content=\"Andreea St\u0103n\u0103r\u00eeng\u0103\" \/>\n<meta name=\"twitter:card\" content=\"summary_large_image\" \/>\n<meta name=\"twitter:label1\" content=\"Written by\" \/>\n\t<meta name=\"twitter:data1\" content=\"Andreea St\u0103n\u0103r\u00eeng\u0103\" \/>\n\t<meta name=\"twitter:label2\" content=\"Estimated reading time\" \/>\n\t<meta name=\"twitter:data2\" content=\"2 minutes\" \/>\n<script type=\"application\/ld+json\" class=\"yoast-schema-graph\">{\"@context\":\"https:\\\/\\\/schema.org\",\"@graph\":[{\"@type\":\"Article\",\"@id\":\"https:\\\/\\\/buletin.de\\\/bucuresti\\\/parcul-de-5-hectare-din-popesti-leordeni-respins-la-vot-in-consiliul-local\\\/#article\",\"isPartOf\":{\"@id\":\"https:\\\/\\\/buletin.de\\\/bucuresti\\\/parcul-de-5-hectare-din-popesti-leordeni-respins-la-vot-in-consiliul-local\\\/\"},\"author\":{\"name\":\"Andreea St\u0103n\u0103r\u00eeng\u0103\",\"@id\":\"https:\\\/\\\/buletin.de\\\/bucuresti\\\/#\\\/schema\\\/person\\\/81421a46fb84a0887cfd2238f5202586\"},\"headline\":\"Parcul de 5 hectare din Pope\u0219ti-Leordeni, respins la vot \u00een Consiliul Local\",\"datePublished\":\"2025-12-09T10:08:49+00:00\",\"dateModified\":\"2025-12-09T14:55:44+00:00\",\"mainEntityOfPage\":{\"@id\":\"https:\\\/\\\/buletin.de\\\/bucuresti\\\/parcul-de-5-hectare-din-popesti-leordeni-respins-la-vot-in-consiliul-local\\\/\"},\"wordCount\":412,\"publisher\":{\"@id\":\"https:\\\/\\\/buletin.de\\\/bucuresti\\\/#organization\"},\"image\":{\"@id\":\"https:\\\/\\\/buletin.de\\\/bucuresti\\\/parcul-de-5-hectare-din-popesti-leordeni-respins-la-vot-in-consiliul-local\\\/#primaryimage\"},\"thumbnailUrl\":\"https:\\\/\\\/buletin.de\\\/bucuresti\\\/wp-content\\\/uploads\\\/2025\\\/12\\\/Popesti-Leordeni.jpg\",\"keywords\":[\"Ilfov\",\"Parc\",\"popesti leordeni\",\"proiect\",\"sedinta cvorum consiliu local sector 3\"],\"articleSection\":[\"Articole\",\"Buletin de Ilfov\",\"Main\"],\"inLanguage\":\"en-GB\",\"copyrightYear\":\"2025\",\"copyrightHolder\":{\"@id\":\"https:\\\/\\\/buletin.de\\\/bucuresti\\\/#organization\"}},{\"@type\":\"WebPage\",\"@id\":\"https:\\\/\\\/buletin.de\\\/bucuresti\\\/parcul-de-5-hectare-din-popesti-leordeni-respins-la-vot-in-consiliul-local\\\/\",\"url\":\"https:\\\/\\\/buletin.de\\\/bucuresti\\\/parcul-de-5-hectare-din-popesti-leordeni-respins-la-vot-in-consiliul-local\\\/\",\"name\":\"Parcul de 5 hectare din Pope\u0219ti-Leordeni, respins la vot \u00een Consiliul Local - Buletin de Bucure\u0219ti\",\"isPartOf\":{\"@id\":\"https:\\\/\\\/buletin.de\\\/bucuresti\\\/#website\"},\"primaryImageOfPage\":{\"@id\":\"https:\\\/\\\/buletin.de\\\/bucuresti\\\/parcul-de-5-hectare-din-popesti-leordeni-respins-la-vot-in-consiliul-local\\\/#primaryimage\"},\"image\":{\"@id\":\"https:\\\/\\\/buletin.de\\\/bucuresti\\\/parcul-de-5-hectare-din-popesti-leordeni-respins-la-vot-in-consiliul-local\\\/#primaryimage\"},\"thumbnailUrl\":\"https:\\\/\\\/buletin.de\\\/bucuresti\\\/wp-content\\\/uploads\\\/2025\\\/12\\\/Popesti-Leordeni.jpg\",\"datePublished\":\"2025-12-09T10:08:49+00:00\",\"dateModified\":\"2025-12-09T14:55:44+00:00\",\"description\":\"Parcul de 5 hectare \u00een Pope\u0219ti-Leordeni, \u00een zona nou\u0103 a ora\u0219ului, a fost respins la vot \u00een ultima \u0219edin\u021b\u0103 a Consiliului Local.\",\"breadcrumb\":{\"@id\":\"https:\\\/\\\/buletin.de\\\/bucuresti\\\/parcul-de-5-hectare-din-popesti-leordeni-respins-la-vot-in-consiliul-local\\\/#breadcrumb\"},\"inLanguage\":\"en-GB\",\"potentialAction\":[{\"@type\":\"ReadAction\",\"target\":[\"https:\\\/\\\/buletin.de\\\/bucuresti\\\/parcul-de-5-hectare-din-popesti-leordeni-respins-la-vot-in-consiliul-local\\\/\"]}]},{\"@type\":\"ImageObject\",\"inLanguage\":\"en-GB\",\"@id\":\"https:\\\/\\\/buletin.de\\\/bucuresti\\\/parcul-de-5-hectare-din-popesti-leordeni-respins-la-vot-in-consiliul-local\\\/#primaryimage\",\"url\":\"https:\\\/\\\/buletin.de\\\/bucuresti\\\/wp-content\\\/uploads\\\/2025\\\/12\\\/Popesti-Leordeni.jpg\",\"contentUrl\":\"https:\\\/\\\/buletin.de\\\/bucuresti\\\/wp-content\\\/uploads\\\/2025\\\/12\\\/Popesti-Leordeni.jpg\",\"width\":1200,\"height\":686,\"caption\":\"Parcul de 5 hectare din Pope\u0219ti-Leordeni a fost respins la vot \u00een Consiliul Local. Foto: popesti-leordeni.ro\"},{\"@type\":\"BreadcrumbList\",\"@id\":\"https:\\\/\\\/buletin.de\\\/bucuresti\\\/parcul-de-5-hectare-din-popesti-leordeni-respins-la-vot-in-consiliul-local\\\/#breadcrumb\",\"itemListElement\":[{\"@type\":\"ListItem\",\"position\":1,\"name\":\"Acas\u0103\",\"item\":\"https:\\\/\\\/buletin.de\\\/bucuresti\\\/\"},{\"@type\":\"ListItem\",\"position\":2,\"name\":\"Parcul de 5 hectare din Pope\u0219ti-Leordeni, respins la vot \u00een Consiliul Local\"}]},{\"@type\":\"WebSite\",\"@id\":\"https:\\\/\\\/buletin.de\\\/bucuresti\\\/#website\",\"url\":\"https:\\\/\\\/buletin.de\\\/bucuresti\\\/\",\"name\":\"Buletin de Bucure\u0219ti\",\"description\":\"\u0218tiri \u0219i investiga\u021bii esen\u021biale din capital\u0103\",\"publisher\":{\"@id\":\"https:\\\/\\\/buletin.de\\\/bucuresti\\\/#organization\"},\"potentialAction\":[{\"@type\":\"SearchAction\",\"target\":{\"@type\":\"EntryPoint\",\"urlTemplate\":\"https:\\\/\\\/buletin.de\\\/bucuresti\\\/?s={search_term_string}\"},\"query-input\":{\"@type\":\"PropertyValueSpecification\",\"valueRequired\":true,\"valueName\":\"search_term_string\"}}],\"inLanguage\":\"en-GB\"},{\"@type\":\"Organization\",\"@id\":\"https:\\\/\\\/buletin.de\\\/bucuresti\\\/#organization\",\"name\":\"Buletin de Bucure\u0219ti\",\"url\":\"https:\\\/\\\/buletin.de\\\/bucuresti\\\/\",\"logo\":{\"@type\":\"ImageObject\",\"inLanguage\":\"en-GB\",\"@id\":\"https:\\\/\\\/buletin.de\\\/bucuresti\\\/#\\\/schema\\\/logo\\\/image\\\/\",\"url\":\"https:\\\/\\\/buletin.de\\\/bucuresti\\\/wp-content\\\/uploads\\\/logo-bdb-full-wide-vernil-transparent.png\",\"contentUrl\":\"https:\\\/\\\/buletin.de\\\/bucuresti\\\/wp-content\\\/uploads\\\/logo-bdb-full-wide-vernil-transparent.png\",\"width\":1782,\"height\":626,\"caption\":\"Buletin de Bucure\u0219ti\"},\"image\":{\"@id\":\"https:\\\/\\\/buletin.de\\\/bucuresti\\\/#\\\/schema\\\/logo\\\/image\\\/\"},\"sameAs\":[\"https:\\\/\\\/www.facebook.com\\\/buletin.de.buc\",\"https:\\\/\\\/www.instagram.com\\\/buletinde.bucuresti\\\/\"]},{\"@type\":\"Person\",\"@id\":\"https:\\\/\\\/buletin.de\\\/bucuresti\\\/#\\\/schema\\\/person\\\/81421a46fb84a0887cfd2238f5202586\",\"name\":\"Andreea St\u0103n\u0103r\u00eeng\u0103\",\"image\":{\"@type\":\"ImageObject\",\"inLanguage\":\"en-GB\",\"@id\":\"https:\\\/\\\/secure.gravatar.com\\\/avatar\\\/dfa8d227a4388fad0f0bb03add04b5b176f4da34397dbb2eadc563b3d7162ce0?s=96&d=monsterid&r=g72784372b39ffe5a98a45288fe0d0e8a\",\"url\":\"https:\\\/\\\/secure.gravatar.com\\\/avatar\\\/dfa8d227a4388fad0f0bb03add04b5b176f4da34397dbb2eadc563b3d7162ce0?s=96&d=monsterid&r=g\",\"contentUrl\":\"https:\\\/\\\/secure.gravatar.com\\\/avatar\\\/dfa8d227a4388fad0f0bb03add04b5b176f4da34397dbb2eadc563b3d7162ce0?s=96&d=monsterid&r=g\",\"caption\":\"Andreea St\u0103n\u0103r\u00eeng\u0103\"},\"description\":\"Cu o experien\u021b\u0103 de peste 5 ani \u00een pres\u0103, face parte din echipa Buletin de Bucure\u0219ti din septembrie 2025. A colaborat cu c\u00e2teva publica\u021bii, printre care \u0219i Fanatik.ro, unde s-a ocupat de \u0219tiri de lifestyle \u0219i de actualitate. A f\u0103cut un pas c\u0103tre presa local\u0103 pentru a explora Bucure\u0219tiul \u0219i pove\u0219tile care merit\u0103 spuse.\",\"url\":\"https:\\\/\\\/buletin.de\\\/bucuresti\\\/author\\\/andreea-stanaranga\\\/\"}]}<\/script>\n<!-- \/ Yoast SEO Premium plugin. -->","yoast_head_json":{"title":"Parcul de 5 hectare din Pope\u0219ti-Leordeni, respins la vot \u00een Consiliul Local - Buletin de Bucure\u0219ti","description":"Parcul de 5 hectare \u00een Pope\u0219ti-Leordeni, \u00een zona nou\u0103 a ora\u0219ului, a fost respins la vot \u00een ultima \u0219edin\u021b\u0103 a Consiliului Local.","robots":{"index":"index","follow":"follow","max-snippet":"max-snippet:-1","max-image-preview":"max-image-preview:large","max-video-preview":"max-video-preview:-1"},"canonical":"https:\/\/buletin.de\/bucuresti\/parcul-de-5-hectare-din-popesti-leordeni-respins-la-vot-in-consiliul-local\/","og_locale":"en_GB","og_type":"article","og_title":"Parcul de 5 hectare din Pope\u0219ti-Leordeni, respins la vot \u00een Consiliul Local","og_description":"Parcul de 5 hectare \u00een Pope\u0219ti-Leordeni, \u00een zona nou\u0103 a ora\u0219ului, a fost respins la vot \u00een ultima \u0219edin\u021b\u0103 a Consiliului Local.","og_url":"https:\/\/buletin.de\/bucuresti\/parcul-de-5-hectare-din-popesti-leordeni-respins-la-vot-in-consiliul-local\/","og_site_name":"Buletin de Bucure\u0219ti","article_publisher":"https:\/\/www.facebook.com\/buletin.de.buc","article_published_time":"2025-12-09T10:08:49+00:00","article_modified_time":"2025-12-09T14:55:44+00:00","og_image":[{"width":1200,"height":686,"url":"https:\/\/buletin.de\/bucuresti\/wp-content\/uploads\/2025\/12\/Popesti-Leordeni.jpg","type":"image\/jpeg"}],"author":"Andreea St\u0103n\u0103r\u00eeng\u0103","twitter_card":"summary_large_image","twitter_misc":{"Written by":"Andreea St\u0103n\u0103r\u00eeng\u0103","Estimated reading time":"2 minutes"},"schema":{"@context":"https:\/\/schema.org","@graph":[{"@type":"Article","@id":"https:\/\/buletin.de\/bucuresti\/parcul-de-5-hectare-din-popesti-leordeni-respins-la-vot-in-consiliul-local\/#article","isPartOf":{"@id":"https:\/\/buletin.de\/bucuresti\/parcul-de-5-hectare-din-popesti-leordeni-respins-la-vot-in-consiliul-local\/"},"author":{"name":"Andreea St\u0103n\u0103r\u00eeng\u0103","@id":"https:\/\/buletin.de\/bucuresti\/#\/schema\/person\/81421a46fb84a0887cfd2238f5202586"},"headline":"Parcul de 5 hectare din Pope\u0219ti-Leordeni, respins la vot \u00een Consiliul Local","datePublished":"2025-12-09T10:08:49+00:00","dateModified":"2025-12-09T14:55:44+00:00","mainEntityOfPage":{"@id":"https:\/\/buletin.de\/bucuresti\/parcul-de-5-hectare-din-popesti-leordeni-respins-la-vot-in-consiliul-local\/"},"wordCount":412,"publisher":{"@id":"https:\/\/buletin.de\/bucuresti\/#organization"},"image":{"@id":"https:\/\/buletin.de\/bucuresti\/parcul-de-5-hectare-din-popesti-leordeni-respins-la-vot-in-consiliul-local\/#primaryimage"},"thumbnailUrl":"https:\/\/buletin.de\/bucuresti\/wp-content\/uploads\/2025\/12\/Popesti-Leordeni.jpg","keywords":["Ilfov","Parc","popesti leordeni","proiect","sedinta cvorum consiliu local sector 3"],"articleSection":["Articole","Buletin de Ilfov","Main"],"inLanguage":"en-GB","copyrightYear":"2025","copyrightHolder":{"@id":"https:\/\/buletin.de\/bucuresti\/#organization"}},{"@type":"WebPage","@id":"https:\/\/buletin.de\/bucuresti\/parcul-de-5-hectare-din-popesti-leordeni-respins-la-vot-in-consiliul-local\/","url":"https:\/\/buletin.de\/bucuresti\/parcul-de-5-hectare-din-popesti-leordeni-respins-la-vot-in-consiliul-local\/","name":"Parcul de 5 hectare din Pope\u0219ti-Leordeni, respins la vot \u00een Consiliul Local - Buletin de Bucure\u0219ti","isPartOf":{"@id":"https:\/\/buletin.de\/bucuresti\/#website"},"primaryImageOfPage":{"@id":"https:\/\/buletin.de\/bucuresti\/parcul-de-5-hectare-din-popesti-leordeni-respins-la-vot-in-consiliul-local\/#primaryimage"},"image":{"@id":"https:\/\/buletin.de\/bucuresti\/parcul-de-5-hectare-din-popesti-leordeni-respins-la-vot-in-consiliul-local\/#primaryimage"},"thumbnailUrl":"https:\/\/buletin.de\/bucuresti\/wp-content\/uploads\/2025\/12\/Popesti-Leordeni.jpg","datePublished":"2025-12-09T10:08:49+00:00","dateModified":"2025-12-09T14:55:44+00:00","description":"Parcul de 5 hectare \u00een Pope\u0219ti-Leordeni, \u00een zona nou\u0103 a ora\u0219ului, a fost respins la vot \u00een ultima \u0219edin\u021b\u0103 a Consiliului Local.","breadcrumb":{"@id":"https:\/\/buletin.de\/bucuresti\/parcul-de-5-hectare-din-popesti-leordeni-respins-la-vot-in-consiliul-local\/#breadcrumb"},"inLanguage":"en-GB","potentialAction":[{"@type":"ReadAction","target":["https:\/\/buletin.de\/bucuresti\/parcul-de-5-hectare-din-popesti-leordeni-respins-la-vot-in-consiliul-local\/"]}]},{"@type":"ImageObject","inLanguage":"en-GB","@id":"https:\/\/buletin.de\/bucuresti\/parcul-de-5-hectare-din-popesti-leordeni-respins-la-vot-in-consiliul-local\/#primaryimage","url":"https:\/\/buletin.de\/bucuresti\/wp-content\/uploads\/2025\/12\/Popesti-Leordeni.jpg","contentUrl":"https:\/\/buletin.de\/bucuresti\/wp-content\/uploads\/2025\/12\/Popesti-Leordeni.jpg","width":1200,"height":686,"caption":"Parcul de 5 hectare din Pope\u0219ti-Leordeni a fost respins la vot \u00een Consiliul Local. Foto: popesti-leordeni.ro"},{"@type":"BreadcrumbList","@id":"https:\/\/buletin.de\/bucuresti\/parcul-de-5-hectare-din-popesti-leordeni-respins-la-vot-in-consiliul-local\/#breadcrumb","itemListElement":[{"@type":"ListItem","position":1,"name":"Acas\u0103","item":"https:\/\/buletin.de\/bucuresti\/"},{"@type":"ListItem","position":2,"name":"Parcul de 5 hectare din Pope\u0219ti-Leordeni, respins la vot \u00een Consiliul Local"}]},{"@type":"WebSite","@id":"https:\/\/buletin.de\/bucuresti\/#website","url":"https:\/\/buletin.de\/bucuresti\/","name":"Buletin de Bucure\u0219ti","description":"\u0218tiri \u0219i investiga\u021bii esen\u021biale din capital\u0103","publisher":{"@id":"https:\/\/buletin.de\/bucuresti\/#organization"},"potentialAction":[{"@type":"SearchAction","target":{"@type":"EntryPoint","urlTemplate":"https:\/\/buletin.de\/bucuresti\/?s={search_term_string}"},"query-input":{"@type":"PropertyValueSpecification","valueRequired":true,"valueName":"search_term_string"}}],"inLanguage":"en-GB"},{"@type":"Organization","@id":"https:\/\/buletin.de\/bucuresti\/#organization","name":"Buletin de Bucure\u0219ti","url":"https:\/\/buletin.de\/bucuresti\/","logo":{"@type":"ImageObject","inLanguage":"en-GB","@id":"https:\/\/buletin.de\/bucuresti\/#\/schema\/logo\/image\/","url":"https:\/\/buletin.de\/bucuresti\/wp-content\/uploads\/logo-bdb-full-wide-vernil-transparent.png","contentUrl":"https:\/\/buletin.de\/bucuresti\/wp-content\/uploads\/logo-bdb-full-wide-vernil-transparent.png","width":1782,"height":626,"caption":"Buletin de Bucure\u0219ti"},"image":{"@id":"https:\/\/buletin.de\/bucuresti\/#\/schema\/logo\/image\/"},"sameAs":["https:\/\/www.facebook.com\/buletin.de.buc","https:\/\/www.instagram.com\/buletinde.bucuresti\/"]},{"@type":"Person","@id":"https:\/\/buletin.de\/bucuresti\/#\/schema\/person\/81421a46fb84a0887cfd2238f5202586","name":"Andreea St\u0103n\u0103r\u00eeng\u0103","image":{"@type":"ImageObject","inLanguage":"en-GB","@id":"https:\/\/secure.gravatar.com\/avatar\/dfa8d227a4388fad0f0bb03add04b5b176f4da34397dbb2eadc563b3d7162ce0?s=96&d=monsterid&r=g72784372b39ffe5a98a45288fe0d0e8a","url":"https:\/\/secure.gravatar.com\/avatar\/dfa8d227a4388fad0f0bb03add04b5b176f4da34397dbb2eadc563b3d7162ce0?s=96&d=monsterid&r=g","contentUrl":"https:\/\/secure.gravatar.com\/avatar\/dfa8d227a4388fad0f0bb03add04b5b176f4da34397dbb2eadc563b3d7162ce0?s=96&d=monsterid&r=g","caption":"Andreea St\u0103n\u0103r\u00eeng\u0103"},"description":"Cu o experien\u021b\u0103 de peste 5 ani \u00een pres\u0103, face parte din echipa Buletin de Bucure\u0219ti din septembrie 2025. A colaborat cu c\u00e2teva publica\u021bii, printre care \u0219i Fanatik.ro, unde s-a ocupat de \u0219tiri de lifestyle \u0219i de actualitate. A f\u0103cut un pas c\u0103tre presa local\u0103 pentru a explora Bucure\u0219tiul \u0219i pove\u0219tile care merit\u0103 spuse.","url":"https:\/\/buletin.de\/bucuresti\/author\/andreea-stanaranga\/"}]}},"authors":[{"term_id":23912,"user_id":65,"is_guest":0,"slug":"andreea-stanaranga","display_name":"Andreea St\u0103n\u0103r\u00eeng\u0103","avatar_url":"https:\/\/secure.gravatar.com\/avatar\/dfa8d227a4388fad0f0bb03add04b5b176f4da34397dbb2eadc563b3d7162ce0?s=96&d=monsterid&r=g","0":null,"1":"","2":"","3":"","4":"","5":"","6":"","7":"","8":""}],"_links":{"self":[{"href":"https:\/\/buletin.de\/bucuresti\/wp-json\/wp\/v2\/posts\/161646","targetHints":{"allow":["GET"]}}],"collection":[{"href":"https:\/\/buletin.de\/bucuresti\/wp-json\/wp\/v2\/posts"}],"about":[{"href":"https:\/\/buletin.de\/bucuresti\/wp-json\/wp\/v2\/types\/post"}],"author":[{"embeddable":true,"href":"https:\/\/buletin.de\/bucuresti\/wp-json\/wp\/v2\/users\/65"}],"replies":[{"embeddable":true,"href":"https:\/\/buletin.de\/bucuresti\/wp-json\/wp\/v2\/comments?post=161646"}],"version-history":[{"count":4,"href":"https:\/\/buletin.de\/bucuresti\/wp-json\/wp\/v2\/posts\/161646\/revisions"}],"predecessor-version":[{"id":161666,"href":"https:\/\/buletin.de\/bucuresti\/wp-json\/wp\/v2\/posts\/161646\/revisions\/161666"}],"wp:featuredmedia":[{"embeddable":true,"href":"https:\/\/buletin.de\/bucuresti\/wp-json\/wp\/v2\/media\/161664"}],"wp:attachment":[{"href":"https:\/\/buletin.de\/bucuresti\/wp-json\/wp\/v2\/media?parent=161646"}],"wp:term":[{"taxonomy":"category","embeddable":true,"href":"https:\/\/buletin.de\/bucuresti\/wp-json\/wp\/v2\/categories?post=161646"},{"taxonomy":"post_tag","embeddable":true,"href":"https:\/\/buletin.de\/bucuresti\/wp-json\/wp\/v2\/tags?post=161646"},{"taxonomy":"author","embeddable":true,"href":"https:\/\/buletin.de\/bucuresti\/wp-json\/wp\/v2\/ppma_author?post=161646"}],"curies":[{"name":"wp","href":"https:\/\/api.w.org\/{rel}","templated":true}]}}