{"id":161642,"date":"2025-12-09T10:56:17","date_gmt":"2025-12-09T07:56:17","guid":{"rendered":"https:\/\/buletin.de\/bucuresti\/?p=161642"},"modified":"2025-12-09T19:10:32","modified_gmt":"2025-12-09T16:10:32","slug":"tribunalul-ilfov-sediu-de-120-000-de-euro-pe-luna-in-cladirea-simbol-a-imperiului-lui-sebastian-ghita-magistratii-de-la-buftea-au-dat-in-judecata-ministerul-justitiei","status":"publish","type":"post","link":"https:\/\/buletin.de\/bucuresti\/tribunalul-ilfov-sediu-de-120-000-de-euro-pe-luna-in-cladirea-simbol-a-imperiului-lui-sebastian-ghita-magistratii-de-la-buftea-au-dat-in-judecata-ministerul-justitiei\/","title":{"rendered":"Tribunalul Ilfov, sediu de 120.000 de euro pe lun\u0103 \u00een cl\u0103direa-simbol a \u201eimperiului\u201d lui Sebastian Ghi\u021b\u0103.\u00a0Magistra\u021bii de la Buftea au dat \u00een judecat\u0103 Ministerul Justi\u021biei"},"content":{"rendered":"\n<p><strong>Tribunalul Ilfov a ac\u021bionat \u00een instan\u021b\u0103 Ministerul Justi\u021biei \u00eentr-un dosar de contencios administrativ, solicit\u00e2nd obligarea institu\u021biei guvernamentale la plata fondurilor necesare pentru noul s\u0103u sediu, scrie <a href=\"https:\/\/www.g4media.ro\/cotcarie-imobiliara-tribunalul-ilfov-plateste-la-noul-sediu-chirie-cu-50-mai-mare-decit-pretul-pietei-iar-contractul-e-secret-directoarea-economica-a-instantei-e-nepoata-liei-savonea-sefa-inaltei.html\">G4Media<\/a>. Litigiul ascunde o situa\u021bie tensionat\u0103 privind \u00eenchirierea a 5.000 de metri p\u0103tra\u021bi \u00een complexul Green Gate, o cl\u0103dire de birouri din Bucure\u0219ti cu leg\u0103turi istorice \u00een zona de influen\u021b\u0103 a fugarului Sebastian Ghi\u021b\u0103.<\/strong><\/p>\n\n\n\n<p>Conflictul a izbucnit dup\u0103 ce conducerea Tribunalului a finalizat procedura de selec\u021bie a noului spa\u021biu, la un pre\u021b considerat prohibitiv de finan\u021bator, adic\u0103 Ministerul Justi\u021biei. Dosarul a fost \u00eenregistrat pe rolul Cur\u021bii de Apel Bucure\u0219ti la data de 16 octombrie, av\u00e2nd ca obiect \u201eobliga\u021bia de a face\u201d, o formulare juridic\u0103 ce mascheaz\u0103 o disput\u0103 financiar\u0103 de propor\u021bii \u00eentre dou\u0103 institu\u021bii ale statului, noteaz\u0103 <a href=\"https:\/\/www.g4media.ro\/cotcarie-imobiliara-tribunalul-ilfov-plateste-la-noul-sediu-chirie-cu-50-mai-mare-decit-pretul-pietei-iar-contractul-e-secret-directoarea-economica-a-instantei-e-nepoata-liei-savonea-sefa-inaltei.html\">G4Media.ro<\/a><\/p>\n\n\n\n<p>Ministerul Justi\u021biei, \u00een calitate de ordonator principal de credite, a oferit un aviz de principiu \u00een luna aprilie. Surse din cadrul institu\u021biei, citate de <a href=\"https:\/\/www.g4media.ro\/cotcarie-imobiliara-tribunalul-ilfov-plateste-la-noul-sediu-chirie-cu-50-mai-mare-decit-pretul-pietei-iar-contractul-e-secret-directoarea-economica-a-instantei-e-nepoata-liei-savonea-sefa-inaltei.html\">G4Media<\/a> precizeaz\u0103 \u00eens\u0103 c\u0103 aprobarea a fost condi\u021bionat\u0103 strict de existen\u021ba fondurilor bugetare disponibile. Aceast\u0103 condi\u021bionalitate a devenit punctul nevralgic al \u00eenchirierii, \u00een contextul \u00een care rectificarea bugetar\u0103 ulterioar\u0103 nu a acoperit necesarul solicitat.<\/p>\n\n\n\n<p>Pe 3 octombrie, Tribunalul Ilfov a emis un comunicat oficial \u00een care anun\u021ba finalizarea procedurii de \u00eenchiriere. Pre\u0219edintele instan\u021bei a aprobat Raportul procedurii de atribuire, stabilind oferta c\u00e2\u0219tig\u0103toare, \u0219i a solicitat public executivului s\u0103 vireze banii.<\/p>\n\n\n\n<p>Ministerul nu a r\u0103spuns solicit\u0103rii de a semna contractul pentru chiria de lux, fapt ce a determinat instan\u021ba ilfovean\u0103 s\u0103 deschid\u0103 procesul dou\u0103 s\u0103pt\u0103m\u00e2ni mai t\u00e2rziu.<\/p>\n\n\n\n<h2 class=\"wp-block-heading\" id=\"h-tribunalul-ilfov-se-muta-umbra-teamnet-\u0219i-a-afacerilor-de-stat\"><strong>Tribunalul Ilfov se mut\u0103: Umbra Teamnet \u0219i a afacerilor de stat<\/strong><\/h2>\n\n\n\n<p><a href=\"https:\/\/buletin.de\/bucuresti\/tribunalul-ilfov-se-muta-in-cladirea-simbol-a-imperiului-lui-sebastian-ghita\/\">\u00cen noiembrie, Buletin de Bucure\u0219ti dezv\u0103luia c\u0103 birourile dorite de Justi\u021bia ilfovean\u0103 sunt \u00eentr-un loc cu o greutate simbolic\u0103 a corup\u021biei: complexul Green Gate<\/a>.\u00a0 <\/p>\n\n\n\n<p>Cl\u0103direa este asociat\u0103, \u00een memoria public\u0103 \u0219i \u00een documentele de pres\u0103, cu Sebastian Ghi\u021b\u0103, fost deputat \u0219i om de afaceri fugit din \u021bar\u0103, trimis \u00een judecat\u0103 \u00een mai multe dosare penale.<\/p>\n\n\n\n<p>Leg\u0103tura direct\u0103 a cl\u0103dirii cu trecutul penal este dat\u0103 de compania Teamnet International S.A., una dintre firmele majore fondate de Ghi\u021b\u0103. Ani de zile, pe fa\u021bada cl\u0103dirii ap\u0103rea numele Teamnet. \u00centre timp compania a fost redenumit\u0103, ca urmare a problemelor financiare \u0219i judiciare.<\/p>\n\n\n\n<p>Teamnet a avut o cifr\u0103 de afaceri impresionant\u0103, de p\u00e2n\u0103 la 185 de milioane de euro, \u0219i a fost unul dintre pilonii re\u021belei care a prosperat din contracte masive cu institu\u021biile de stat, potrivit unei investiga\u021bii Rom\u00e2nia Furat\u0103 din 2015.<\/p>\n\n\n\n<p>De\u0219i Ghi\u021b\u0103 a declarat c\u0103 \u0219i-a v\u00e2ndut ac\u021biunile \u00eenainte de a intra \u00een politic\u0103, firmele lui \u2013 Asesoft International, Teamnet \u0219i 2K TELECOM \u2013 au continuat s\u0103 primeasc\u0103 milioane de euro de la stat.<\/p>\n\n\n\n<p>Teamnet, al\u0103turi de Asesoft International, a \u00eencasat 2,5 milioane de euro de la Ministerul Afacerilor Externe \u00een 2010 pentru implementarea unui sistem informatic de gestionare a vizelor.<\/p>\n\n\n\n<p>\u00centre 2012 \u0219i 2014, cele dou\u0103 companii ar fi emis facturi de aproape 20 de milioane de euro c\u0103tre SIVECO S.A., o alt\u0103 firm\u0103 abonat\u0103 la contracte cu statul, suspectat\u0103 la r\u00e2ndul ei de fapte de corup\u021bie. Fostul deputat \u0219i om de afaceri este fugit \u00een Serbia de mai mul\u021bi ani.<\/p>\n\n\n\n<p><strong>CITE\u0218TE \u0218I <a href=\"https:\/\/buletin.de\/bucuresti\/12-din-numarul-de-vehicule-electrice-inmatriculate-in-capitala-reteaua-de-statii-incarcare-deficitara\/\">12% din num\u0103rul de vehicule electrice din \u021bar\u0103, \u00eenmatriculate \u00een Capital\u0103. Re\u021beaua de sta\u021bii \u00eenc\u0103rcare, deficitar\u0103<\/a><\/strong><\/p>\n\n\n\n<p><\/p>\n","protected":false},"excerpt":{"rendered":"<p>Tribunalul Ilfov a ac\u021bionat \u00een instan\u021b\u0103 Ministerul Justi\u021biei \u00eentr-un dosar de contencios administrativ, solicit\u00e2nd obligarea institu\u021biei guvernamentale la plata fondurilor necesare pentru noul s\u0103u sediu, scrie G4Media. Litigiul ascunde o situa\u021bie tensionat\u0103 privind \u00eenchirierea a 5.000 de metri p\u0103tra\u021bi \u00een complexul Green Gate, o cl\u0103dire de birouri din Bucure\u0219ti cu leg\u0103turi istorice \u00een zona de [&hellip;]<\/p>\n","protected":false},"author":10,"featured_media":161644,"comment_status":"closed","ping_status":"open","sticky":false,"template":"","format":"standard","meta":{"_acf_changed":false,"inline_featured_image":false,"ngg_post_thumbnail":0,"footnotes":""},"categories":[6994,9026,5762],"tags":[3612,164,820,1449],"ppma_author":[22575],"class_list":["post-161642","post","type-post","status-publish","format-standard","has-post-thumbnail","hentry","category-stiri-2","category-eveniment","category-main","tag-chirie","tag-cladire","tag-ilfov","tag-tribunal"],"acf":[],"yoast_head":"<!-- This site is optimized with the Yoast SEO Premium plugin v25.3 (Yoast SEO v27.4) - https:\/\/yoast.com\/product\/yoast-seo-premium-wordpress\/ -->\n<title>Tribunalul Ilfov, sediu de 120.000 de euro pe lun\u0103 \u00een cl\u0103direa-simbol a \u201eimperiului\u201d lui Sebastian Ghi\u021b\u0103.\u00a0Magistra\u021bii de la Buftea au dat \u00een judecat\u0103 Ministerul Justi\u021biei - Buletin de Bucure\u0219ti<\/title>\n<meta name=\"description\" content=\"Tribunalul Ilfov a ac\u021bionat \u00een instan\u021b\u0103 Ministerul Justi\u021biei, pentru obligarea la plata fondurilor necesare pentru noul s\u0103u sediu.\" \/>\n<meta name=\"robots\" content=\"index, follow, max-snippet:-1, max-image-preview:large, max-video-preview:-1\" \/>\n<link rel=\"canonical\" href=\"https:\/\/buletin.de\/bucuresti\/tribunalul-ilfov-sediu-de-120-000-de-euro-pe-luna-in-cladirea-simbol-a-imperiului-lui-sebastian-ghita-magistratii-de-la-buftea-au-dat-in-judecata-ministerul-justitiei\/\" \/>\n<meta property=\"og:locale\" content=\"en_GB\" \/>\n<meta property=\"og:type\" content=\"article\" \/>\n<meta property=\"og:title\" content=\"Tribunalul Ilfov, sediu de 120.000 de euro pe lun\u0103 \u00een cl\u0103direa-simbol a \u201eimperiului\u201d lui Sebastian Ghi\u021b\u0103.\u00a0Magistra\u021bii de la Buftea au dat \u00een judecat\u0103 Ministerul Justi\u021biei\" \/>\n<meta property=\"og:description\" content=\"Tribunalul Ilfov a ac\u021bionat \u00een instan\u021b\u0103 Ministerul Justi\u021biei, pentru obligarea la plata fondurilor necesare pentru noul s\u0103u sediu.\" \/>\n<meta property=\"og:url\" content=\"https:\/\/buletin.de\/bucuresti\/tribunalul-ilfov-sediu-de-120-000-de-euro-pe-luna-in-cladirea-simbol-a-imperiului-lui-sebastian-ghita-magistratii-de-la-buftea-au-dat-in-judecata-ministerul-justitiei\/\" \/>\n<meta property=\"og:site_name\" content=\"Buletin de Bucure\u0219ti\" \/>\n<meta property=\"article:publisher\" content=\"https:\/\/www.facebook.com\/buletin.de.buc\" \/>\n<meta property=\"article:published_time\" content=\"2025-12-09T07:56:17+00:00\" \/>\n<meta property=\"article:modified_time\" content=\"2025-12-09T16:10:32+00:00\" \/>\n<meta property=\"og:image\" content=\"https:\/\/buletin.de\/bucuresti\/wp-content\/uploads\/2025\/12\/Captura-de-ecran-2025-11-10-074625-1600x781-1.png\" \/>\n\t<meta property=\"og:image:width\" content=\"1600\" \/>\n\t<meta property=\"og:image:height\" content=\"781\" \/>\n\t<meta property=\"og:image:type\" content=\"image\/png\" \/>\n<meta name=\"author\" content=\"C\u0103t\u0103lin Dosca\u0219\" \/>\n<meta name=\"twitter:card\" content=\"summary_large_image\" \/>\n<meta name=\"twitter:label1\" content=\"Written by\" \/>\n\t<meta name=\"twitter:data1\" content=\"C\u0103t\u0103lin Dosca\u0219\" \/>\n\t<meta name=\"twitter:label2\" content=\"Estimated reading time\" \/>\n\t<meta name=\"twitter:data2\" content=\"3 minutes\" \/>\n<script type=\"application\/ld+json\" class=\"yoast-schema-graph\">{\"@context\":\"https:\\\/\\\/schema.org\",\"@graph\":[{\"@type\":\"Article\",\"@id\":\"https:\\\/\\\/buletin.de\\\/bucuresti\\\/tribunalul-ilfov-sediu-de-120-000-de-euro-pe-luna-in-cladirea-simbol-a-imperiului-lui-sebastian-ghita-magistratii-de-la-buftea-au-dat-in-judecata-ministerul-justitiei\\\/#article\",\"isPartOf\":{\"@id\":\"https:\\\/\\\/buletin.de\\\/bucuresti\\\/tribunalul-ilfov-sediu-de-120-000-de-euro-pe-luna-in-cladirea-simbol-a-imperiului-lui-sebastian-ghita-magistratii-de-la-buftea-au-dat-in-judecata-ministerul-justitiei\\\/\"},\"author\":{\"name\":\"C\u0103t\u0103lin Dosca\u0219\",\"@id\":\"https:\\\/\\\/buletin.de\\\/bucuresti\\\/#\\\/schema\\\/person\\\/31117187ed4d0bdb0a4c7d6acc79d0f8\"},\"headline\":\"Tribunalul Ilfov, sediu de 120.000 de euro pe lun\u0103 \u00een cl\u0103direa-simbol a \u201eimperiului\u201d lui Sebastian Ghi\u021b\u0103.\u00a0Magistra\u021bii de la Buftea au dat \u00een judecat\u0103 Ministerul Justi\u021biei\",\"datePublished\":\"2025-12-09T07:56:17+00:00\",\"dateModified\":\"2025-12-09T16:10:32+00:00\",\"mainEntityOfPage\":{\"@id\":\"https:\\\/\\\/buletin.de\\\/bucuresti\\\/tribunalul-ilfov-sediu-de-120-000-de-euro-pe-luna-in-cladirea-simbol-a-imperiului-lui-sebastian-ghita-magistratii-de-la-buftea-au-dat-in-judecata-ministerul-justitiei\\\/\"},\"wordCount\":610,\"publisher\":{\"@id\":\"https:\\\/\\\/buletin.de\\\/bucuresti\\\/#organization\"},\"image\":{\"@id\":\"https:\\\/\\\/buletin.de\\\/bucuresti\\\/tribunalul-ilfov-sediu-de-120-000-de-euro-pe-luna-in-cladirea-simbol-a-imperiului-lui-sebastian-ghita-magistratii-de-la-buftea-au-dat-in-judecata-ministerul-justitiei\\\/#primaryimage\"},\"thumbnailUrl\":\"https:\\\/\\\/buletin.de\\\/bucuresti\\\/wp-content\\\/uploads\\\/2025\\\/12\\\/Captura-de-ecran-2025-11-10-074625-1600x781-1.png\",\"keywords\":[\"chirie\",\"cladire\",\"Ilfov\",\"tribunal\"],\"articleSection\":[\"Articole\",\"Eveniment\",\"Main\"],\"inLanguage\":\"en-GB\",\"copyrightYear\":\"2025\",\"copyrightHolder\":{\"@id\":\"https:\\\/\\\/buletin.de\\\/bucuresti\\\/#organization\"}},{\"@type\":\"WebPage\",\"@id\":\"https:\\\/\\\/buletin.de\\\/bucuresti\\\/tribunalul-ilfov-sediu-de-120-000-de-euro-pe-luna-in-cladirea-simbol-a-imperiului-lui-sebastian-ghita-magistratii-de-la-buftea-au-dat-in-judecata-ministerul-justitiei\\\/\",\"url\":\"https:\\\/\\\/buletin.de\\\/bucuresti\\\/tribunalul-ilfov-sediu-de-120-000-de-euro-pe-luna-in-cladirea-simbol-a-imperiului-lui-sebastian-ghita-magistratii-de-la-buftea-au-dat-in-judecata-ministerul-justitiei\\\/\",\"name\":\"Tribunalul Ilfov, sediu de 120.000 de euro pe lun\u0103 \u00een cl\u0103direa-simbol a \u201eimperiului\u201d lui Sebastian Ghi\u021b\u0103.\u00a0Magistra\u021bii de la Buftea au dat \u00een judecat\u0103 Ministerul Justi\u021biei - Buletin de Bucure\u0219ti\",\"isPartOf\":{\"@id\":\"https:\\\/\\\/buletin.de\\\/bucuresti\\\/#website\"},\"primaryImageOfPage\":{\"@id\":\"https:\\\/\\\/buletin.de\\\/bucuresti\\\/tribunalul-ilfov-sediu-de-120-000-de-euro-pe-luna-in-cladirea-simbol-a-imperiului-lui-sebastian-ghita-magistratii-de-la-buftea-au-dat-in-judecata-ministerul-justitiei\\\/#primaryimage\"},\"image\":{\"@id\":\"https:\\\/\\\/buletin.de\\\/bucuresti\\\/tribunalul-ilfov-sediu-de-120-000-de-euro-pe-luna-in-cladirea-simbol-a-imperiului-lui-sebastian-ghita-magistratii-de-la-buftea-au-dat-in-judecata-ministerul-justitiei\\\/#primaryimage\"},\"thumbnailUrl\":\"https:\\\/\\\/buletin.de\\\/bucuresti\\\/wp-content\\\/uploads\\\/2025\\\/12\\\/Captura-de-ecran-2025-11-10-074625-1600x781-1.png\",\"datePublished\":\"2025-12-09T07:56:17+00:00\",\"dateModified\":\"2025-12-09T16:10:32+00:00\",\"description\":\"Tribunalul Ilfov a ac\u021bionat \u00een instan\u021b\u0103 Ministerul Justi\u021biei, pentru obligarea la plata fondurilor necesare pentru noul s\u0103u sediu.\",\"breadcrumb\":{\"@id\":\"https:\\\/\\\/buletin.de\\\/bucuresti\\\/tribunalul-ilfov-sediu-de-120-000-de-euro-pe-luna-in-cladirea-simbol-a-imperiului-lui-sebastian-ghita-magistratii-de-la-buftea-au-dat-in-judecata-ministerul-justitiei\\\/#breadcrumb\"},\"inLanguage\":\"en-GB\",\"potentialAction\":[{\"@type\":\"ReadAction\",\"target\":[\"https:\\\/\\\/buletin.de\\\/bucuresti\\\/tribunalul-ilfov-sediu-de-120-000-de-euro-pe-luna-in-cladirea-simbol-a-imperiului-lui-sebastian-ghita-magistratii-de-la-buftea-au-dat-in-judecata-ministerul-justitiei\\\/\"]}]},{\"@type\":\"ImageObject\",\"inLanguage\":\"en-GB\",\"@id\":\"https:\\\/\\\/buletin.de\\\/bucuresti\\\/tribunalul-ilfov-sediu-de-120-000-de-euro-pe-luna-in-cladirea-simbol-a-imperiului-lui-sebastian-ghita-magistratii-de-la-buftea-au-dat-in-judecata-ministerul-justitiei\\\/#primaryimage\",\"url\":\"https:\\\/\\\/buletin.de\\\/bucuresti\\\/wp-content\\\/uploads\\\/2025\\\/12\\\/Captura-de-ecran-2025-11-10-074625-1600x781-1.png\",\"contentUrl\":\"https:\\\/\\\/buletin.de\\\/bucuresti\\\/wp-content\\\/uploads\\\/2025\\\/12\\\/Captura-de-ecran-2025-11-10-074625-1600x781-1.png\",\"width\":1600,\"height\":781,\"caption\":\"Tribunalul Ilfov\"},{\"@type\":\"BreadcrumbList\",\"@id\":\"https:\\\/\\\/buletin.de\\\/bucuresti\\\/tribunalul-ilfov-sediu-de-120-000-de-euro-pe-luna-in-cladirea-simbol-a-imperiului-lui-sebastian-ghita-magistratii-de-la-buftea-au-dat-in-judecata-ministerul-justitiei\\\/#breadcrumb\",\"itemListElement\":[{\"@type\":\"ListItem\",\"position\":1,\"name\":\"Acas\u0103\",\"item\":\"https:\\\/\\\/buletin.de\\\/bucuresti\\\/\"},{\"@type\":\"ListItem\",\"position\":2,\"name\":\"Tribunalul Ilfov, sediu de 120.000 de euro pe lun\u0103 \u00een cl\u0103direa-simbol a \u201eimperiului\u201d lui Sebastian Ghi\u021b\u0103.\u00a0Magistra\u021bii de la Buftea au dat \u00een judecat\u0103 Ministerul Justi\u021biei\"}]},{\"@type\":\"WebSite\",\"@id\":\"https:\\\/\\\/buletin.de\\\/bucuresti\\\/#website\",\"url\":\"https:\\\/\\\/buletin.de\\\/bucuresti\\\/\",\"name\":\"Buletin de Bucure\u0219ti\",\"description\":\"\u0218tiri \u0219i investiga\u021bii esen\u021biale din capital\u0103\",\"publisher\":{\"@id\":\"https:\\\/\\\/buletin.de\\\/bucuresti\\\/#organization\"},\"potentialAction\":[{\"@type\":\"SearchAction\",\"target\":{\"@type\":\"EntryPoint\",\"urlTemplate\":\"https:\\\/\\\/buletin.de\\\/bucuresti\\\/?s={search_term_string}\"},\"query-input\":{\"@type\":\"PropertyValueSpecification\",\"valueRequired\":true,\"valueName\":\"search_term_string\"}}],\"inLanguage\":\"en-GB\"},{\"@type\":\"Organization\",\"@id\":\"https:\\\/\\\/buletin.de\\\/bucuresti\\\/#organization\",\"name\":\"Buletin de Bucure\u0219ti\",\"url\":\"https:\\\/\\\/buletin.de\\\/bucuresti\\\/\",\"logo\":{\"@type\":\"ImageObject\",\"inLanguage\":\"en-GB\",\"@id\":\"https:\\\/\\\/buletin.de\\\/bucuresti\\\/#\\\/schema\\\/logo\\\/image\\\/\",\"url\":\"https:\\\/\\\/buletin.de\\\/bucuresti\\\/wp-content\\\/uploads\\\/logo-bdb-full-wide-vernil-transparent.png\",\"contentUrl\":\"https:\\\/\\\/buletin.de\\\/bucuresti\\\/wp-content\\\/uploads\\\/logo-bdb-full-wide-vernil-transparent.png\",\"width\":1782,\"height\":626,\"caption\":\"Buletin de Bucure\u0219ti\"},\"image\":{\"@id\":\"https:\\\/\\\/buletin.de\\\/bucuresti\\\/#\\\/schema\\\/logo\\\/image\\\/\"},\"sameAs\":[\"https:\\\/\\\/www.facebook.com\\\/buletin.de.buc\",\"https:\\\/\\\/www.instagram.com\\\/buletinde.bucuresti\\\/\"]},{\"@type\":\"Person\",\"@id\":\"https:\\\/\\\/buletin.de\\\/bucuresti\\\/#\\\/schema\\\/person\\\/31117187ed4d0bdb0a4c7d6acc79d0f8\",\"name\":\"C\u0103t\u0103lin Dosca\u0219\",\"image\":{\"@type\":\"ImageObject\",\"inLanguage\":\"en-GB\",\"@id\":\"https:\\\/\\\/buletin.de\\\/bucuresti\\\/wp-content\\\/uploads\\\/Catalin-Doscas-e1732731064764-96x96.jpga93e2943bb3b1c1f9ead823df6e6317a\",\"url\":\"https:\\\/\\\/buletin.de\\\/bucuresti\\\/wp-content\\\/uploads\\\/Catalin-Doscas-e1732731064764-96x96.jpg\",\"contentUrl\":\"https:\\\/\\\/buletin.de\\\/bucuresti\\\/wp-content\\\/uploads\\\/Catalin-Doscas-e1732731064764-96x96.jpg\",\"caption\":\"C\u0103t\u0103lin Dosca\u0219\"},\"description\":\"Reporter \u0219i redactor-\u0219ef Buletin de Bucure\u0219ti. Lucreaz\u0103 \u00een mass-media de la v\u00e2rsta de 15 ani, c\u00e2nd a publicat primele articole \u00een presa local\u0103 din Tecuci. \u00cen Bucure\u0219ti a lucrat \u00een redac\u021bii radio ca reporter, redactor \u0219i prezentator (StudentFM, Na\u021bionalFM, Radio Total, Smart FM), unde a acoperit domeniile politic, economic, social \u0219i externe. Ulterior, a fost editor-coordonator al postului Realitatea FM. Experien\u021ba \u00een jurnalismul online a dob\u00e2ndit-o la portalul B365.ro, unde a fost editor. \u00cen 2012 s-a angajat \u00een televiziune. La Realitatea TV a fost, pe r\u00e2nd, reporter la sec\u021bia Social, reporter special la emisiunea de reportaje \u0219i anchete \u201eReporterii Realit\u0103\u021bii\u201d, dar \u0219i editor al jurnalelor de \u0219tiri. Ulterior, a f\u0103cut parte din sec\u021bia de Investiga\u021bii de la Digi24 \u0219i a lucrat la campania \u201eRom\u00e2nia furat\u0103\u201d. A revenit \u00een presa scris\u0103 \u00een 2017, ca reporter special, \u00een cadrul unui proiect de repozi\u021bionare a tabloidului Libertatea \u00een cotidian generalist. Este jurnalist Buletin de Bucure\u0219ti din 2019.\",\"url\":\"https:\\\/\\\/buletin.de\\\/bucuresti\\\/author\\\/catalin\\\/\"}]}<\/script>\n<!-- \/ Yoast SEO Premium plugin. -->","yoast_head_json":{"title":"Tribunalul Ilfov, sediu de 120.000 de euro pe lun\u0103 \u00een cl\u0103direa-simbol a \u201eimperiului\u201d lui Sebastian Ghi\u021b\u0103.\u00a0Magistra\u021bii de la Buftea au dat \u00een judecat\u0103 Ministerul Justi\u021biei - Buletin de Bucure\u0219ti","description":"Tribunalul Ilfov a ac\u021bionat \u00een instan\u021b\u0103 Ministerul Justi\u021biei, pentru obligarea la plata fondurilor necesare pentru noul s\u0103u sediu.","robots":{"index":"index","follow":"follow","max-snippet":"max-snippet:-1","max-image-preview":"max-image-preview:large","max-video-preview":"max-video-preview:-1"},"canonical":"https:\/\/buletin.de\/bucuresti\/tribunalul-ilfov-sediu-de-120-000-de-euro-pe-luna-in-cladirea-simbol-a-imperiului-lui-sebastian-ghita-magistratii-de-la-buftea-au-dat-in-judecata-ministerul-justitiei\/","og_locale":"en_GB","og_type":"article","og_title":"Tribunalul Ilfov, sediu de 120.000 de euro pe lun\u0103 \u00een cl\u0103direa-simbol a \u201eimperiului\u201d lui Sebastian Ghi\u021b\u0103.\u00a0Magistra\u021bii de la Buftea au dat \u00een judecat\u0103 Ministerul Justi\u021biei","og_description":"Tribunalul Ilfov a ac\u021bionat \u00een instan\u021b\u0103 Ministerul Justi\u021biei, pentru obligarea la plata fondurilor necesare pentru noul s\u0103u sediu.","og_url":"https:\/\/buletin.de\/bucuresti\/tribunalul-ilfov-sediu-de-120-000-de-euro-pe-luna-in-cladirea-simbol-a-imperiului-lui-sebastian-ghita-magistratii-de-la-buftea-au-dat-in-judecata-ministerul-justitiei\/","og_site_name":"Buletin de Bucure\u0219ti","article_publisher":"https:\/\/www.facebook.com\/buletin.de.buc","article_published_time":"2025-12-09T07:56:17+00:00","article_modified_time":"2025-12-09T16:10:32+00:00","og_image":[{"width":1600,"height":781,"url":"https:\/\/buletin.de\/bucuresti\/wp-content\/uploads\/2025\/12\/Captura-de-ecran-2025-11-10-074625-1600x781-1.png","type":"image\/png"}],"author":"C\u0103t\u0103lin Dosca\u0219","twitter_card":"summary_large_image","twitter_misc":{"Written by":"C\u0103t\u0103lin Dosca\u0219","Estimated reading time":"3 minutes"},"schema":{"@context":"https:\/\/schema.org","@graph":[{"@type":"Article","@id":"https:\/\/buletin.de\/bucuresti\/tribunalul-ilfov-sediu-de-120-000-de-euro-pe-luna-in-cladirea-simbol-a-imperiului-lui-sebastian-ghita-magistratii-de-la-buftea-au-dat-in-judecata-ministerul-justitiei\/#article","isPartOf":{"@id":"https:\/\/buletin.de\/bucuresti\/tribunalul-ilfov-sediu-de-120-000-de-euro-pe-luna-in-cladirea-simbol-a-imperiului-lui-sebastian-ghita-magistratii-de-la-buftea-au-dat-in-judecata-ministerul-justitiei\/"},"author":{"name":"C\u0103t\u0103lin Dosca\u0219","@id":"https:\/\/buletin.de\/bucuresti\/#\/schema\/person\/31117187ed4d0bdb0a4c7d6acc79d0f8"},"headline":"Tribunalul Ilfov, sediu de 120.000 de euro pe lun\u0103 \u00een cl\u0103direa-simbol a \u201eimperiului\u201d lui Sebastian Ghi\u021b\u0103.\u00a0Magistra\u021bii de la Buftea au dat \u00een judecat\u0103 Ministerul Justi\u021biei","datePublished":"2025-12-09T07:56:17+00:00","dateModified":"2025-12-09T16:10:32+00:00","mainEntityOfPage":{"@id":"https:\/\/buletin.de\/bucuresti\/tribunalul-ilfov-sediu-de-120-000-de-euro-pe-luna-in-cladirea-simbol-a-imperiului-lui-sebastian-ghita-magistratii-de-la-buftea-au-dat-in-judecata-ministerul-justitiei\/"},"wordCount":610,"publisher":{"@id":"https:\/\/buletin.de\/bucuresti\/#organization"},"image":{"@id":"https:\/\/buletin.de\/bucuresti\/tribunalul-ilfov-sediu-de-120-000-de-euro-pe-luna-in-cladirea-simbol-a-imperiului-lui-sebastian-ghita-magistratii-de-la-buftea-au-dat-in-judecata-ministerul-justitiei\/#primaryimage"},"thumbnailUrl":"https:\/\/buletin.de\/bucuresti\/wp-content\/uploads\/2025\/12\/Captura-de-ecran-2025-11-10-074625-1600x781-1.png","keywords":["chirie","cladire","Ilfov","tribunal"],"articleSection":["Articole","Eveniment","Main"],"inLanguage":"en-GB","copyrightYear":"2025","copyrightHolder":{"@id":"https:\/\/buletin.de\/bucuresti\/#organization"}},{"@type":"WebPage","@id":"https:\/\/buletin.de\/bucuresti\/tribunalul-ilfov-sediu-de-120-000-de-euro-pe-luna-in-cladirea-simbol-a-imperiului-lui-sebastian-ghita-magistratii-de-la-buftea-au-dat-in-judecata-ministerul-justitiei\/","url":"https:\/\/buletin.de\/bucuresti\/tribunalul-ilfov-sediu-de-120-000-de-euro-pe-luna-in-cladirea-simbol-a-imperiului-lui-sebastian-ghita-magistratii-de-la-buftea-au-dat-in-judecata-ministerul-justitiei\/","name":"Tribunalul Ilfov, sediu de 120.000 de euro pe lun\u0103 \u00een cl\u0103direa-simbol a \u201eimperiului\u201d lui Sebastian Ghi\u021b\u0103.\u00a0Magistra\u021bii de la Buftea au dat \u00een judecat\u0103 Ministerul Justi\u021biei - Buletin de Bucure\u0219ti","isPartOf":{"@id":"https:\/\/buletin.de\/bucuresti\/#website"},"primaryImageOfPage":{"@id":"https:\/\/buletin.de\/bucuresti\/tribunalul-ilfov-sediu-de-120-000-de-euro-pe-luna-in-cladirea-simbol-a-imperiului-lui-sebastian-ghita-magistratii-de-la-buftea-au-dat-in-judecata-ministerul-justitiei\/#primaryimage"},"image":{"@id":"https:\/\/buletin.de\/bucuresti\/tribunalul-ilfov-sediu-de-120-000-de-euro-pe-luna-in-cladirea-simbol-a-imperiului-lui-sebastian-ghita-magistratii-de-la-buftea-au-dat-in-judecata-ministerul-justitiei\/#primaryimage"},"thumbnailUrl":"https:\/\/buletin.de\/bucuresti\/wp-content\/uploads\/2025\/12\/Captura-de-ecran-2025-11-10-074625-1600x781-1.png","datePublished":"2025-12-09T07:56:17+00:00","dateModified":"2025-12-09T16:10:32+00:00","description":"Tribunalul Ilfov a ac\u021bionat \u00een instan\u021b\u0103 Ministerul Justi\u021biei, pentru obligarea la plata fondurilor necesare pentru noul s\u0103u sediu.","breadcrumb":{"@id":"https:\/\/buletin.de\/bucuresti\/tribunalul-ilfov-sediu-de-120-000-de-euro-pe-luna-in-cladirea-simbol-a-imperiului-lui-sebastian-ghita-magistratii-de-la-buftea-au-dat-in-judecata-ministerul-justitiei\/#breadcrumb"},"inLanguage":"en-GB","potentialAction":[{"@type":"ReadAction","target":["https:\/\/buletin.de\/bucuresti\/tribunalul-ilfov-sediu-de-120-000-de-euro-pe-luna-in-cladirea-simbol-a-imperiului-lui-sebastian-ghita-magistratii-de-la-buftea-au-dat-in-judecata-ministerul-justitiei\/"]}]},{"@type":"ImageObject","inLanguage":"en-GB","@id":"https:\/\/buletin.de\/bucuresti\/tribunalul-ilfov-sediu-de-120-000-de-euro-pe-luna-in-cladirea-simbol-a-imperiului-lui-sebastian-ghita-magistratii-de-la-buftea-au-dat-in-judecata-ministerul-justitiei\/#primaryimage","url":"https:\/\/buletin.de\/bucuresti\/wp-content\/uploads\/2025\/12\/Captura-de-ecran-2025-11-10-074625-1600x781-1.png","contentUrl":"https:\/\/buletin.de\/bucuresti\/wp-content\/uploads\/2025\/12\/Captura-de-ecran-2025-11-10-074625-1600x781-1.png","width":1600,"height":781,"caption":"Tribunalul Ilfov"},{"@type":"BreadcrumbList","@id":"https:\/\/buletin.de\/bucuresti\/tribunalul-ilfov-sediu-de-120-000-de-euro-pe-luna-in-cladirea-simbol-a-imperiului-lui-sebastian-ghita-magistratii-de-la-buftea-au-dat-in-judecata-ministerul-justitiei\/#breadcrumb","itemListElement":[{"@type":"ListItem","position":1,"name":"Acas\u0103","item":"https:\/\/buletin.de\/bucuresti\/"},{"@type":"ListItem","position":2,"name":"Tribunalul Ilfov, sediu de 120.000 de euro pe lun\u0103 \u00een cl\u0103direa-simbol a \u201eimperiului\u201d lui Sebastian Ghi\u021b\u0103.\u00a0Magistra\u021bii de la Buftea au dat \u00een judecat\u0103 Ministerul Justi\u021biei"}]},{"@type":"WebSite","@id":"https:\/\/buletin.de\/bucuresti\/#website","url":"https:\/\/buletin.de\/bucuresti\/","name":"Buletin de Bucure\u0219ti","description":"\u0218tiri \u0219i investiga\u021bii esen\u021biale din capital\u0103","publisher":{"@id":"https:\/\/buletin.de\/bucuresti\/#organization"},"potentialAction":[{"@type":"SearchAction","target":{"@type":"EntryPoint","urlTemplate":"https:\/\/buletin.de\/bucuresti\/?s={search_term_string}"},"query-input":{"@type":"PropertyValueSpecification","valueRequired":true,"valueName":"search_term_string"}}],"inLanguage":"en-GB"},{"@type":"Organization","@id":"https:\/\/buletin.de\/bucuresti\/#organization","name":"Buletin de Bucure\u0219ti","url":"https:\/\/buletin.de\/bucuresti\/","logo":{"@type":"ImageObject","inLanguage":"en-GB","@id":"https:\/\/buletin.de\/bucuresti\/#\/schema\/logo\/image\/","url":"https:\/\/buletin.de\/bucuresti\/wp-content\/uploads\/logo-bdb-full-wide-vernil-transparent.png","contentUrl":"https:\/\/buletin.de\/bucuresti\/wp-content\/uploads\/logo-bdb-full-wide-vernil-transparent.png","width":1782,"height":626,"caption":"Buletin de Bucure\u0219ti"},"image":{"@id":"https:\/\/buletin.de\/bucuresti\/#\/schema\/logo\/image\/"},"sameAs":["https:\/\/www.facebook.com\/buletin.de.buc","https:\/\/www.instagram.com\/buletinde.bucuresti\/"]},{"@type":"Person","@id":"https:\/\/buletin.de\/bucuresti\/#\/schema\/person\/31117187ed4d0bdb0a4c7d6acc79d0f8","name":"C\u0103t\u0103lin Dosca\u0219","image":{"@type":"ImageObject","inLanguage":"en-GB","@id":"https:\/\/buletin.de\/bucuresti\/wp-content\/uploads\/Catalin-Doscas-e1732731064764-96x96.jpga93e2943bb3b1c1f9ead823df6e6317a","url":"https:\/\/buletin.de\/bucuresti\/wp-content\/uploads\/Catalin-Doscas-e1732731064764-96x96.jpg","contentUrl":"https:\/\/buletin.de\/bucuresti\/wp-content\/uploads\/Catalin-Doscas-e1732731064764-96x96.jpg","caption":"C\u0103t\u0103lin Dosca\u0219"},"description":"Reporter \u0219i redactor-\u0219ef Buletin de Bucure\u0219ti. Lucreaz\u0103 \u00een mass-media de la v\u00e2rsta de 15 ani, c\u00e2nd a publicat primele articole \u00een presa local\u0103 din Tecuci. \u00cen Bucure\u0219ti a lucrat \u00een redac\u021bii radio ca reporter, redactor \u0219i prezentator (StudentFM, Na\u021bionalFM, Radio Total, Smart FM), unde a acoperit domeniile politic, economic, social \u0219i externe. Ulterior, a fost editor-coordonator al postului Realitatea FM. Experien\u021ba \u00een jurnalismul online a dob\u00e2ndit-o la portalul B365.ro, unde a fost editor. \u00cen 2012 s-a angajat \u00een televiziune. La Realitatea TV a fost, pe r\u00e2nd, reporter la sec\u021bia Social, reporter special la emisiunea de reportaje \u0219i anchete \u201eReporterii Realit\u0103\u021bii\u201d, dar \u0219i editor al jurnalelor de \u0219tiri. Ulterior, a f\u0103cut parte din sec\u021bia de Investiga\u021bii de la Digi24 \u0219i a lucrat la campania \u201eRom\u00e2nia furat\u0103\u201d. A revenit \u00een presa scris\u0103 \u00een 2017, ca reporter special, \u00een cadrul unui proiect de repozi\u021bionare a tabloidului Libertatea \u00een cotidian generalist. Este jurnalist Buletin de Bucure\u0219ti din 2019.","url":"https:\/\/buletin.de\/bucuresti\/author\/catalin\/"}]}},"authors":[{"term_id":22575,"user_id":10,"is_guest":0,"slug":"catalin","display_name":"C\u0103t\u0103lin Dosca\u0219","avatar_url":"https:\/\/buletin.de\/bucuresti\/wp-content\/uploads\/Catalin-Doscas-e1732731064764-96x96.jpg","0":null,"1":"","2":"","3":"","4":"","5":"","6":"","7":"","8":""}],"_links":{"self":[{"href":"https:\/\/buletin.de\/bucuresti\/wp-json\/wp\/v2\/posts\/161642","targetHints":{"allow":["GET"]}}],"collection":[{"href":"https:\/\/buletin.de\/bucuresti\/wp-json\/wp\/v2\/posts"}],"about":[{"href":"https:\/\/buletin.de\/bucuresti\/wp-json\/wp\/v2\/types\/post"}],"author":[{"embeddable":true,"href":"https:\/\/buletin.de\/bucuresti\/wp-json\/wp\/v2\/users\/10"}],"replies":[{"embeddable":true,"href":"https:\/\/buletin.de\/bucuresti\/wp-json\/wp\/v2\/comments?post=161642"}],"version-history":[{"count":1,"href":"https:\/\/buletin.de\/bucuresti\/wp-json\/wp\/v2\/posts\/161642\/revisions"}],"predecessor-version":[{"id":161645,"href":"https:\/\/buletin.de\/bucuresti\/wp-json\/wp\/v2\/posts\/161642\/revisions\/161645"}],"wp:featuredmedia":[{"embeddable":true,"href":"https:\/\/buletin.de\/bucuresti\/wp-json\/wp\/v2\/media\/161644"}],"wp:attachment":[{"href":"https:\/\/buletin.de\/bucuresti\/wp-json\/wp\/v2\/media?parent=161642"}],"wp:term":[{"taxonomy":"category","embeddable":true,"href":"https:\/\/buletin.de\/bucuresti\/wp-json\/wp\/v2\/categories?post=161642"},{"taxonomy":"post_tag","embeddable":true,"href":"https:\/\/buletin.de\/bucuresti\/wp-json\/wp\/v2\/tags?post=161642"},{"taxonomy":"author","embeddable":true,"href":"https:\/\/buletin.de\/bucuresti\/wp-json\/wp\/v2\/ppma_author?post=161642"}],"curies":[{"name":"wp","href":"https:\/\/api.w.org\/{rel}","templated":true}]}}