{"id":161632,"date":"2025-12-09T00:30:04","date_gmt":"2025-12-08T21:30:04","guid":{"rendered":"https:\/\/buletin.de\/bucuresti\/?p=161632"},"modified":"2025-12-09T18:39:04","modified_gmt":"2025-12-09T15:39:04","slug":"sector-1-alte-8-cladiri-neingrijite-vor-fi-supraimpozitate-cu-pana-la-200","status":"publish","type":"post","link":"https:\/\/buletin.de\/bucuresti\/sector-1-alte-8-cladiri-neingrijite-vor-fi-supraimpozitate-cu-pana-la-200\/","title":{"rendered":"Sector 1 | Alte 8 cl\u0103diri ne\u00eengrijite vor fi supraimpozitate cu p\u00e2n\u0103 la 300%"},"content":{"rendered":"\n<p><strong>Consiliul Local Sector 1 va vota \u00een \u0219edin\u021ba de joi, 11 decembrie, supraimpozitarea a \u00eenc\u0103 8 cl\u0103diri ne\u00eengrijite \u0219i degradate, care \u00eei pun \u00een pericol pe cei care trec pe l\u00e2ng\u0103 ele. Decizia vine la o lun\u0103 dup\u0103 ce o m\u0103sur\u0103 similar\u0103 a fost luat\u0103 pentru 15 imobile.<\/strong><\/p>\n\n\n\n<p>\u201ePentru aceste imobile, aflate preponderent \u00een zona central\u0103 a Bucure\u0219tiului, proprietarii vor pl\u0103ti impozite de dou\u0103 p\u00e2n\u0103 la patru ori mai mari\u201d, <a href=\"https:\/\/primariasector1.ro\/alte-8-cladiri-degradate-intra-pe-lista-supraimpozitarilor\/\" target=\"_blank\" rel=\"noreferrer noopener\">a precizat Prim\u0103ria Sectorului 1.<\/a><\/p>\n\n\n\n<h2 class=\"wp-block-heading\" id=\"h-care-sunt-cele-8-cladiri-neingrijite-ce-vor-fi-supraimpozitate\">Care sunt cele 8 cl\u0103diri ne\u00eengrijite ce vor fi supraimpozitate<\/h2>\n\n\n\n<p>Iat\u0103 care sunt adresele imobilelor \u0219i major\u0103rile de impozit aplicabile pentru urm\u0103torul an fiscal:<\/p>\n\n\n\n<ul class=\"wp-block-list\">\n<li>Strada Oslo nr. 12 \u2014 majorare impozit cu 100% pentru trei proprietari;<\/li>\n\n\n\n<li>Strada Frumoas\u0103 nr. 29 \u2014 majorare impozit cu 100% pentru doi proprietari;<\/li>\n\n\n\n<li>Strada Constantin D. Aricescu nr. 8 Bis \u2014 majorare impozit cu 300% pentru un proprietar;<\/li>\n\n\n\n<li>Calea Grivi\u021bei nr. 60\u201362 \u2014 majorare impozit cu 200% pentru un proprietar;<\/li>\n\n\n\n<li>Strada Roma nr. 43 Bis \u2014 majorare impozit cu 100% pentru un proprietar;<\/li>\n\n\n\n<li>Strada Amiral Vasile Urseanu nr. 10 \u2014 majorare impozit cu 200% pentru doi proprietari;<\/li>\n\n\n\n<li>Strada Sevastopol nr. 32 \u2014 majorare impozit cu 100% pentru un proprietar.<\/li>\n\n\n\n<li>Strada Atlasului nr. 14 \u2014 majorare impozit cu 200% pentru un proprietar.<\/li>\n<\/ul>\n\n\n\n<p>\u201eCl\u0103direa situat\u0103 \u00een Bucure\u015fti, Sectorul 1, \u2026., se \u00eencadreaz\u0103 \u00een categoria cl\u0103dirilor ne\u00eengrijite prin constatarea st\u0103rii tehnice nesatisf\u0103c\u0103toare, \u00een baza criteriilor stabilite prin prevederile Hot\u0103r\u00e2rii Consiliului Local al Sectorului 1 nr. 91\/28.05.2020, prin care a fost aprobat Regulamentul privind stabilirea condi\u0163iilor de majorare a impozitului pe cl\u0103dirile \u015fi terenurile ne\u00eengrijite situate pe teritoriul administrativ al Sectorului 1 al Municipiului Bucure\u015fti\u201d, se arat\u0103 \u00een<a href=\"https:\/\/primariasector1.ro\/wp-content\/uploads\/2025\/12\/20-Proiectul-Ordinii-de-Zi-ordinara-11.12.2025-ora-.10.00-AN.pdf\" target=\"_blank\" rel=\"noreferrer noopener\">\u00a0proiectele de hot\u0103r\u00e2re <\/a>prin care se m\u0103resc impozitele, ce vor fi dezb\u0103tute pe 11 decembrie.<\/p>\n\n\n\n<p>Luna trecut\u0103, Consiliul Local al Sectorului 1 a luat aceea\u0219i decizie pentru alte 15 cl\u0103diri ne\u00eengrijite.<\/p>\n\n\n\n<p><strong>CITE\u0218TE \u0218I: <a href=\"https:\/\/buletin.de\/bucuresti\/sector-1-16-cladiri-vor-avea-impozit-marit-cu-pana-la-500-pentru-ca-proprietarii-nu-le-repara-lista-completa\/\" target=\"_blank\" rel=\"noreferrer noopener\">Sector 1 | 15 cl\u0103diri vor avea impozit m\u0103rit cu p\u00e2n\u0103 la 500% pentru c\u0103 proprietarii nu le repar\u0103. Lista complet\u0103<\/a><\/strong><\/p>\n","protected":false},"excerpt":{"rendered":"<p>Consiliul Local Sector 1 va vota \u00een \u0219edin\u021ba de joi, 11 decembrie, supraimpozitarea a \u00eenc\u0103 8 cl\u0103diri ne\u00eengrijite \u0219i degradate, care \u00eei pun \u00een pericol pe cei care trec pe l\u00e2ng\u0103 ele. Decizia vine la o lun\u0103 dup\u0103 ce o m\u0103sur\u0103 similar\u0103 a fost luat\u0103 pentru 15 imobile. \u201ePentru aceste imobile, aflate preponderent \u00een zona [&hellip;]<\/p>\n","protected":false},"author":1,"featured_media":161635,"comment_status":"closed","ping_status":"open","sticky":false,"template":"","format":"standard","meta":{"_acf_changed":false,"inline_featured_image":false,"ngg_post_thumbnail":0,"footnotes":""},"categories":[6994,5762,24],"tags":[25040,15592,8270,15593,308],"ppma_author":[22583],"class_list":["post-161632","post","type-post","status-publish","format-standard","has-post-thumbnail","hentry","category-stiri-2","category-main","category-primarie","tag-cladiri-neingrijite","tag-impozit-400","tag-impozit-majorat","tag-impozit-marit","tag-sector-1"],"acf":[],"yoast_head":"<!-- This site is optimized with the Yoast SEO Premium plugin v25.3 (Yoast SEO v27.4) - https:\/\/yoast.com\/product\/yoast-seo-premium-wordpress\/ -->\n<title>Sector 1 | Alte 8 cl\u0103diri ne\u00eengrijite vor fi supraimpozitate cu p\u00e2n\u0103 la 300% - Buletin de Bucure\u0219ti<\/title>\n<meta name=\"description\" content=\"Consiliul Local Sector 1 va vota \u00een \u0219edin\u021ba de joi, 11 decembrie, supraimpozitarea a \u00eenc\u0103 8 cl\u0103diri ne\u00eengrijite \u0219i degradate.\" \/>\n<meta name=\"robots\" content=\"index, follow, max-snippet:-1, max-image-preview:large, max-video-preview:-1\" \/>\n<link rel=\"canonical\" href=\"https:\/\/buletin.de\/bucuresti\/sector-1-alte-8-cladiri-neingrijite-vor-fi-supraimpozitate-cu-pana-la-200\/\" \/>\n<meta property=\"og:locale\" content=\"en_GB\" \/>\n<meta property=\"og:type\" content=\"article\" \/>\n<meta property=\"og:title\" content=\"Sector 1 | Alte 8 cl\u0103diri ne\u00eengrijite vor fi supraimpozitate cu p\u00e2n\u0103 la 300%\" \/>\n<meta property=\"og:description\" content=\"Consiliul Local Sector 1 va vota \u00een \u0219edin\u021ba de joi, 11 decembrie, supraimpozitarea a \u00eenc\u0103 8 cl\u0103diri ne\u00eengrijite \u0219i degradate.\" \/>\n<meta property=\"og:url\" content=\"https:\/\/buletin.de\/bucuresti\/sector-1-alte-8-cladiri-neingrijite-vor-fi-supraimpozitate-cu-pana-la-200\/\" \/>\n<meta property=\"og:site_name\" content=\"Buletin de Bucure\u0219ti\" \/>\n<meta property=\"article:publisher\" content=\"https:\/\/www.facebook.com\/buletin.de.buc\" \/>\n<meta property=\"article:published_time\" content=\"2025-12-08T21:30:04+00:00\" \/>\n<meta property=\"article:modified_time\" content=\"2025-12-09T15:39:04+00:00\" \/>\n<meta property=\"og:image\" content=\"https:\/\/buletin.de\/bucuresti\/wp-content\/uploads\/2025\/12\/cladirineingrijite.jpeg\" \/>\n\t<meta property=\"og:image:width\" content=\"652\" \/>\n\t<meta property=\"og:image:height\" content=\"386\" \/>\n\t<meta property=\"og:image:type\" content=\"image\/jpeg\" \/>\n<meta name=\"author\" content=\"Redac\u021bia Buletin de Bucure\u0219ti\" \/>\n<meta name=\"twitter:card\" content=\"summary_large_image\" \/>\n<meta name=\"twitter:label1\" content=\"Written by\" \/>\n\t<meta name=\"twitter:data1\" content=\"Redac\u021bia Buletin de Bucure\u0219ti\" \/>\n\t<meta name=\"twitter:label2\" content=\"Estimated reading time\" \/>\n\t<meta name=\"twitter:data2\" content=\"2 minutes\" \/>\n<script type=\"application\/ld+json\" class=\"yoast-schema-graph\">{\"@context\":\"https:\\\/\\\/schema.org\",\"@graph\":[{\"@type\":\"Article\",\"@id\":\"https:\\\/\\\/buletin.de\\\/bucuresti\\\/sector-1-alte-8-cladiri-neingrijite-vor-fi-supraimpozitate-cu-pana-la-200\\\/#article\",\"isPartOf\":{\"@id\":\"https:\\\/\\\/buletin.de\\\/bucuresti\\\/sector-1-alte-8-cladiri-neingrijite-vor-fi-supraimpozitate-cu-pana-la-200\\\/\"},\"author\":{\"name\":\"Redac\u021bia Buletin de Bucure\u0219ti\",\"@id\":\"https:\\\/\\\/buletin.de\\\/bucuresti\\\/#\\\/schema\\\/person\\\/2bbcf854e5f2419a13804af574d06ab1\"},\"headline\":\"Sector 1 | Alte 8 cl\u0103diri ne\u00eengrijite vor fi supraimpozitate cu p\u00e2n\u0103 la 300%\",\"datePublished\":\"2025-12-08T21:30:04+00:00\",\"dateModified\":\"2025-12-09T15:39:04+00:00\",\"mainEntityOfPage\":{\"@id\":\"https:\\\/\\\/buletin.de\\\/bucuresti\\\/sector-1-alte-8-cladiri-neingrijite-vor-fi-supraimpozitate-cu-pana-la-200\\\/\"},\"wordCount\":327,\"publisher\":{\"@id\":\"https:\\\/\\\/buletin.de\\\/bucuresti\\\/#organization\"},\"image\":{\"@id\":\"https:\\\/\\\/buletin.de\\\/bucuresti\\\/sector-1-alte-8-cladiri-neingrijite-vor-fi-supraimpozitate-cu-pana-la-200\\\/#primaryimage\"},\"thumbnailUrl\":\"https:\\\/\\\/buletin.de\\\/bucuresti\\\/wp-content\\\/uploads\\\/2025\\\/12\\\/cladirineingrijite.jpeg\",\"keywords\":[\"cladiri neingrijite\",\"impozit 400%\",\"impozit majorat\",\"impozit marit\",\"Sector 1\"],\"articleSection\":[\"Articole\",\"Main\",\"Prim\u0103rie\"],\"inLanguage\":\"en-GB\",\"copyrightYear\":\"2025\",\"copyrightHolder\":{\"@id\":\"https:\\\/\\\/buletin.de\\\/bucuresti\\\/#organization\"}},{\"@type\":\"WebPage\",\"@id\":\"https:\\\/\\\/buletin.de\\\/bucuresti\\\/sector-1-alte-8-cladiri-neingrijite-vor-fi-supraimpozitate-cu-pana-la-200\\\/\",\"url\":\"https:\\\/\\\/buletin.de\\\/bucuresti\\\/sector-1-alte-8-cladiri-neingrijite-vor-fi-supraimpozitate-cu-pana-la-200\\\/\",\"name\":\"Sector 1 | Alte 8 cl\u0103diri ne\u00eengrijite vor fi supraimpozitate cu p\u00e2n\u0103 la 300% - Buletin de Bucure\u0219ti\",\"isPartOf\":{\"@id\":\"https:\\\/\\\/buletin.de\\\/bucuresti\\\/#website\"},\"primaryImageOfPage\":{\"@id\":\"https:\\\/\\\/buletin.de\\\/bucuresti\\\/sector-1-alte-8-cladiri-neingrijite-vor-fi-supraimpozitate-cu-pana-la-200\\\/#primaryimage\"},\"image\":{\"@id\":\"https:\\\/\\\/buletin.de\\\/bucuresti\\\/sector-1-alte-8-cladiri-neingrijite-vor-fi-supraimpozitate-cu-pana-la-200\\\/#primaryimage\"},\"thumbnailUrl\":\"https:\\\/\\\/buletin.de\\\/bucuresti\\\/wp-content\\\/uploads\\\/2025\\\/12\\\/cladirineingrijite.jpeg\",\"datePublished\":\"2025-12-08T21:30:04+00:00\",\"dateModified\":\"2025-12-09T15:39:04+00:00\",\"description\":\"Consiliul Local Sector 1 va vota \u00een \u0219edin\u021ba de joi, 11 decembrie, supraimpozitarea a \u00eenc\u0103 8 cl\u0103diri ne\u00eengrijite \u0219i degradate.\",\"breadcrumb\":{\"@id\":\"https:\\\/\\\/buletin.de\\\/bucuresti\\\/sector-1-alte-8-cladiri-neingrijite-vor-fi-supraimpozitate-cu-pana-la-200\\\/#breadcrumb\"},\"inLanguage\":\"en-GB\",\"potentialAction\":[{\"@type\":\"ReadAction\",\"target\":[\"https:\\\/\\\/buletin.de\\\/bucuresti\\\/sector-1-alte-8-cladiri-neingrijite-vor-fi-supraimpozitate-cu-pana-la-200\\\/\"]}]},{\"@type\":\"ImageObject\",\"inLanguage\":\"en-GB\",\"@id\":\"https:\\\/\\\/buletin.de\\\/bucuresti\\\/sector-1-alte-8-cladiri-neingrijite-vor-fi-supraimpozitate-cu-pana-la-200\\\/#primaryimage\",\"url\":\"https:\\\/\\\/buletin.de\\\/bucuresti\\\/wp-content\\\/uploads\\\/2025\\\/12\\\/cladirineingrijite.jpeg\",\"contentUrl\":\"https:\\\/\\\/buletin.de\\\/bucuresti\\\/wp-content\\\/uploads\\\/2025\\\/12\\\/cladirineingrijite.jpeg\",\"width\":652,\"height\":386,\"caption\":\"Cl\u0103diri ne\u00eengrijite. Foto PS 1\"},{\"@type\":\"BreadcrumbList\",\"@id\":\"https:\\\/\\\/buletin.de\\\/bucuresti\\\/sector-1-alte-8-cladiri-neingrijite-vor-fi-supraimpozitate-cu-pana-la-200\\\/#breadcrumb\",\"itemListElement\":[{\"@type\":\"ListItem\",\"position\":1,\"name\":\"Acas\u0103\",\"item\":\"https:\\\/\\\/buletin.de\\\/bucuresti\\\/\"},{\"@type\":\"ListItem\",\"position\":2,\"name\":\"Sector 1 | Alte 8 cl\u0103diri ne\u00eengrijite vor fi supraimpozitate cu p\u00e2n\u0103 la 300%\"}]},{\"@type\":\"WebSite\",\"@id\":\"https:\\\/\\\/buletin.de\\\/bucuresti\\\/#website\",\"url\":\"https:\\\/\\\/buletin.de\\\/bucuresti\\\/\",\"name\":\"Buletin de Bucure\u0219ti\",\"description\":\"\u0218tiri \u0219i investiga\u021bii esen\u021biale din capital\u0103\",\"publisher\":{\"@id\":\"https:\\\/\\\/buletin.de\\\/bucuresti\\\/#organization\"},\"potentialAction\":[{\"@type\":\"SearchAction\",\"target\":{\"@type\":\"EntryPoint\",\"urlTemplate\":\"https:\\\/\\\/buletin.de\\\/bucuresti\\\/?s={search_term_string}\"},\"query-input\":{\"@type\":\"PropertyValueSpecification\",\"valueRequired\":true,\"valueName\":\"search_term_string\"}}],\"inLanguage\":\"en-GB\"},{\"@type\":\"Organization\",\"@id\":\"https:\\\/\\\/buletin.de\\\/bucuresti\\\/#organization\",\"name\":\"Buletin de Bucure\u0219ti\",\"url\":\"https:\\\/\\\/buletin.de\\\/bucuresti\\\/\",\"logo\":{\"@type\":\"ImageObject\",\"inLanguage\":\"en-GB\",\"@id\":\"https:\\\/\\\/buletin.de\\\/bucuresti\\\/#\\\/schema\\\/logo\\\/image\\\/\",\"url\":\"https:\\\/\\\/buletin.de\\\/bucuresti\\\/wp-content\\\/uploads\\\/logo-bdb-full-wide-vernil-transparent.png\",\"contentUrl\":\"https:\\\/\\\/buletin.de\\\/bucuresti\\\/wp-content\\\/uploads\\\/logo-bdb-full-wide-vernil-transparent.png\",\"width\":1782,\"height\":626,\"caption\":\"Buletin de Bucure\u0219ti\"},\"image\":{\"@id\":\"https:\\\/\\\/buletin.de\\\/bucuresti\\\/#\\\/schema\\\/logo\\\/image\\\/\"},\"sameAs\":[\"https:\\\/\\\/www.facebook.com\\\/buletin.de.buc\",\"https:\\\/\\\/www.instagram.com\\\/buletinde.bucuresti\\\/\"]},{\"@type\":\"Person\",\"@id\":\"https:\\\/\\\/buletin.de\\\/bucuresti\\\/#\\\/schema\\\/person\\\/2bbcf854e5f2419a13804af574d06ab1\",\"name\":\"Redac\u021bia Buletin de Bucure\u0219ti\",\"image\":{\"@type\":\"ImageObject\",\"inLanguage\":\"en-GB\",\"@id\":\"https:\\\/\\\/secure.gravatar.com\\\/avatar\\\/18c5342381ed1a08620e6280424e3e5efc958618f5d67c522c9e44c1bc6f9226?s=96&d=monsterid&r=g60c7cd0ad92c68c049fcd4bb3504d609\",\"url\":\"https:\\\/\\\/secure.gravatar.com\\\/avatar\\\/18c5342381ed1a08620e6280424e3e5efc958618f5d67c522c9e44c1bc6f9226?s=96&d=monsterid&r=g\",\"contentUrl\":\"https:\\\/\\\/secure.gravatar.com\\\/avatar\\\/18c5342381ed1a08620e6280424e3e5efc958618f5d67c522c9e44c1bc6f9226?s=96&d=monsterid&r=g\",\"caption\":\"Redac\u021bia Buletin de Bucure\u0219ti\"},\"description\":\"Buletin de Bucure\u0219ti exist\u0103 din vara anului 2019.\",\"url\":\"https:\\\/\\\/buletin.de\\\/bucuresti\\\/author\\\/adminbuletin\\\/\"}]}<\/script>\n<!-- \/ Yoast SEO Premium plugin. -->","yoast_head_json":{"title":"Sector 1 | Alte 8 cl\u0103diri ne\u00eengrijite vor fi supraimpozitate cu p\u00e2n\u0103 la 300% - Buletin de Bucure\u0219ti","description":"Consiliul Local Sector 1 va vota \u00een \u0219edin\u021ba de joi, 11 decembrie, supraimpozitarea a \u00eenc\u0103 8 cl\u0103diri ne\u00eengrijite \u0219i degradate.","robots":{"index":"index","follow":"follow","max-snippet":"max-snippet:-1","max-image-preview":"max-image-preview:large","max-video-preview":"max-video-preview:-1"},"canonical":"https:\/\/buletin.de\/bucuresti\/sector-1-alte-8-cladiri-neingrijite-vor-fi-supraimpozitate-cu-pana-la-200\/","og_locale":"en_GB","og_type":"article","og_title":"Sector 1 | Alte 8 cl\u0103diri ne\u00eengrijite vor fi supraimpozitate cu p\u00e2n\u0103 la 300%","og_description":"Consiliul Local Sector 1 va vota \u00een \u0219edin\u021ba de joi, 11 decembrie, supraimpozitarea a \u00eenc\u0103 8 cl\u0103diri ne\u00eengrijite \u0219i degradate.","og_url":"https:\/\/buletin.de\/bucuresti\/sector-1-alte-8-cladiri-neingrijite-vor-fi-supraimpozitate-cu-pana-la-200\/","og_site_name":"Buletin de Bucure\u0219ti","article_publisher":"https:\/\/www.facebook.com\/buletin.de.buc","article_published_time":"2025-12-08T21:30:04+00:00","article_modified_time":"2025-12-09T15:39:04+00:00","og_image":[{"width":652,"height":386,"url":"https:\/\/buletin.de\/bucuresti\/wp-content\/uploads\/2025\/12\/cladirineingrijite.jpeg","type":"image\/jpeg"}],"author":"Redac\u021bia Buletin de Bucure\u0219ti","twitter_card":"summary_large_image","twitter_misc":{"Written by":"Redac\u021bia Buletin de Bucure\u0219ti","Estimated reading time":"2 minutes"},"schema":{"@context":"https:\/\/schema.org","@graph":[{"@type":"Article","@id":"https:\/\/buletin.de\/bucuresti\/sector-1-alte-8-cladiri-neingrijite-vor-fi-supraimpozitate-cu-pana-la-200\/#article","isPartOf":{"@id":"https:\/\/buletin.de\/bucuresti\/sector-1-alte-8-cladiri-neingrijite-vor-fi-supraimpozitate-cu-pana-la-200\/"},"author":{"name":"Redac\u021bia Buletin de Bucure\u0219ti","@id":"https:\/\/buletin.de\/bucuresti\/#\/schema\/person\/2bbcf854e5f2419a13804af574d06ab1"},"headline":"Sector 1 | Alte 8 cl\u0103diri ne\u00eengrijite vor fi supraimpozitate cu p\u00e2n\u0103 la 300%","datePublished":"2025-12-08T21:30:04+00:00","dateModified":"2025-12-09T15:39:04+00:00","mainEntityOfPage":{"@id":"https:\/\/buletin.de\/bucuresti\/sector-1-alte-8-cladiri-neingrijite-vor-fi-supraimpozitate-cu-pana-la-200\/"},"wordCount":327,"publisher":{"@id":"https:\/\/buletin.de\/bucuresti\/#organization"},"image":{"@id":"https:\/\/buletin.de\/bucuresti\/sector-1-alte-8-cladiri-neingrijite-vor-fi-supraimpozitate-cu-pana-la-200\/#primaryimage"},"thumbnailUrl":"https:\/\/buletin.de\/bucuresti\/wp-content\/uploads\/2025\/12\/cladirineingrijite.jpeg","keywords":["cladiri neingrijite","impozit 400%","impozit majorat","impozit marit","Sector 1"],"articleSection":["Articole","Main","Prim\u0103rie"],"inLanguage":"en-GB","copyrightYear":"2025","copyrightHolder":{"@id":"https:\/\/buletin.de\/bucuresti\/#organization"}},{"@type":"WebPage","@id":"https:\/\/buletin.de\/bucuresti\/sector-1-alte-8-cladiri-neingrijite-vor-fi-supraimpozitate-cu-pana-la-200\/","url":"https:\/\/buletin.de\/bucuresti\/sector-1-alte-8-cladiri-neingrijite-vor-fi-supraimpozitate-cu-pana-la-200\/","name":"Sector 1 | Alte 8 cl\u0103diri ne\u00eengrijite vor fi supraimpozitate cu p\u00e2n\u0103 la 300% - Buletin de Bucure\u0219ti","isPartOf":{"@id":"https:\/\/buletin.de\/bucuresti\/#website"},"primaryImageOfPage":{"@id":"https:\/\/buletin.de\/bucuresti\/sector-1-alte-8-cladiri-neingrijite-vor-fi-supraimpozitate-cu-pana-la-200\/#primaryimage"},"image":{"@id":"https:\/\/buletin.de\/bucuresti\/sector-1-alte-8-cladiri-neingrijite-vor-fi-supraimpozitate-cu-pana-la-200\/#primaryimage"},"thumbnailUrl":"https:\/\/buletin.de\/bucuresti\/wp-content\/uploads\/2025\/12\/cladirineingrijite.jpeg","datePublished":"2025-12-08T21:30:04+00:00","dateModified":"2025-12-09T15:39:04+00:00","description":"Consiliul Local Sector 1 va vota \u00een \u0219edin\u021ba de joi, 11 decembrie, supraimpozitarea a \u00eenc\u0103 8 cl\u0103diri ne\u00eengrijite \u0219i degradate.","breadcrumb":{"@id":"https:\/\/buletin.de\/bucuresti\/sector-1-alte-8-cladiri-neingrijite-vor-fi-supraimpozitate-cu-pana-la-200\/#breadcrumb"},"inLanguage":"en-GB","potentialAction":[{"@type":"ReadAction","target":["https:\/\/buletin.de\/bucuresti\/sector-1-alte-8-cladiri-neingrijite-vor-fi-supraimpozitate-cu-pana-la-200\/"]}]},{"@type":"ImageObject","inLanguage":"en-GB","@id":"https:\/\/buletin.de\/bucuresti\/sector-1-alte-8-cladiri-neingrijite-vor-fi-supraimpozitate-cu-pana-la-200\/#primaryimage","url":"https:\/\/buletin.de\/bucuresti\/wp-content\/uploads\/2025\/12\/cladirineingrijite.jpeg","contentUrl":"https:\/\/buletin.de\/bucuresti\/wp-content\/uploads\/2025\/12\/cladirineingrijite.jpeg","width":652,"height":386,"caption":"Cl\u0103diri ne\u00eengrijite. Foto PS 1"},{"@type":"BreadcrumbList","@id":"https:\/\/buletin.de\/bucuresti\/sector-1-alte-8-cladiri-neingrijite-vor-fi-supraimpozitate-cu-pana-la-200\/#breadcrumb","itemListElement":[{"@type":"ListItem","position":1,"name":"Acas\u0103","item":"https:\/\/buletin.de\/bucuresti\/"},{"@type":"ListItem","position":2,"name":"Sector 1 | Alte 8 cl\u0103diri ne\u00eengrijite vor fi supraimpozitate cu p\u00e2n\u0103 la 300%"}]},{"@type":"WebSite","@id":"https:\/\/buletin.de\/bucuresti\/#website","url":"https:\/\/buletin.de\/bucuresti\/","name":"Buletin de Bucure\u0219ti","description":"\u0218tiri \u0219i investiga\u021bii esen\u021biale din capital\u0103","publisher":{"@id":"https:\/\/buletin.de\/bucuresti\/#organization"},"potentialAction":[{"@type":"SearchAction","target":{"@type":"EntryPoint","urlTemplate":"https:\/\/buletin.de\/bucuresti\/?s={search_term_string}"},"query-input":{"@type":"PropertyValueSpecification","valueRequired":true,"valueName":"search_term_string"}}],"inLanguage":"en-GB"},{"@type":"Organization","@id":"https:\/\/buletin.de\/bucuresti\/#organization","name":"Buletin de Bucure\u0219ti","url":"https:\/\/buletin.de\/bucuresti\/","logo":{"@type":"ImageObject","inLanguage":"en-GB","@id":"https:\/\/buletin.de\/bucuresti\/#\/schema\/logo\/image\/","url":"https:\/\/buletin.de\/bucuresti\/wp-content\/uploads\/logo-bdb-full-wide-vernil-transparent.png","contentUrl":"https:\/\/buletin.de\/bucuresti\/wp-content\/uploads\/logo-bdb-full-wide-vernil-transparent.png","width":1782,"height":626,"caption":"Buletin de Bucure\u0219ti"},"image":{"@id":"https:\/\/buletin.de\/bucuresti\/#\/schema\/logo\/image\/"},"sameAs":["https:\/\/www.facebook.com\/buletin.de.buc","https:\/\/www.instagram.com\/buletinde.bucuresti\/"]},{"@type":"Person","@id":"https:\/\/buletin.de\/bucuresti\/#\/schema\/person\/2bbcf854e5f2419a13804af574d06ab1","name":"Redac\u021bia Buletin de Bucure\u0219ti","image":{"@type":"ImageObject","inLanguage":"en-GB","@id":"https:\/\/secure.gravatar.com\/avatar\/18c5342381ed1a08620e6280424e3e5efc958618f5d67c522c9e44c1bc6f9226?s=96&d=monsterid&r=g60c7cd0ad92c68c049fcd4bb3504d609","url":"https:\/\/secure.gravatar.com\/avatar\/18c5342381ed1a08620e6280424e3e5efc958618f5d67c522c9e44c1bc6f9226?s=96&d=monsterid&r=g","contentUrl":"https:\/\/secure.gravatar.com\/avatar\/18c5342381ed1a08620e6280424e3e5efc958618f5d67c522c9e44c1bc6f9226?s=96&d=monsterid&r=g","caption":"Redac\u021bia Buletin de Bucure\u0219ti"},"description":"Buletin de Bucure\u0219ti exist\u0103 din vara anului 2019.","url":"https:\/\/buletin.de\/bucuresti\/author\/adminbuletin\/"}]}},"authors":[{"term_id":22583,"user_id":1,"is_guest":0,"slug":"adminbuletin","display_name":"Redac\u021bia Buletin de Bucure\u0219ti","avatar_url":"https:\/\/secure.gravatar.com\/avatar\/18c5342381ed1a08620e6280424e3e5efc958618f5d67c522c9e44c1bc6f9226?s=96&d=monsterid&r=g","0":null,"1":"","2":"","3":"","4":"","5":"","6":"","7":"","8":""}],"_links":{"self":[{"href":"https:\/\/buletin.de\/bucuresti\/wp-json\/wp\/v2\/posts\/161632","targetHints":{"allow":["GET"]}}],"collection":[{"href":"https:\/\/buletin.de\/bucuresti\/wp-json\/wp\/v2\/posts"}],"about":[{"href":"https:\/\/buletin.de\/bucuresti\/wp-json\/wp\/v2\/types\/post"}],"author":[{"embeddable":true,"href":"https:\/\/buletin.de\/bucuresti\/wp-json\/wp\/v2\/users\/1"}],"replies":[{"embeddable":true,"href":"https:\/\/buletin.de\/bucuresti\/wp-json\/wp\/v2\/comments?post=161632"}],"version-history":[{"count":6,"href":"https:\/\/buletin.de\/bucuresti\/wp-json\/wp\/v2\/posts\/161632\/revisions"}],"predecessor-version":[{"id":161714,"href":"https:\/\/buletin.de\/bucuresti\/wp-json\/wp\/v2\/posts\/161632\/revisions\/161714"}],"wp:featuredmedia":[{"embeddable":true,"href":"https:\/\/buletin.de\/bucuresti\/wp-json\/wp\/v2\/media\/161635"}],"wp:attachment":[{"href":"https:\/\/buletin.de\/bucuresti\/wp-json\/wp\/v2\/media?parent=161632"}],"wp:term":[{"taxonomy":"category","embeddable":true,"href":"https:\/\/buletin.de\/bucuresti\/wp-json\/wp\/v2\/categories?post=161632"},{"taxonomy":"post_tag","embeddable":true,"href":"https:\/\/buletin.de\/bucuresti\/wp-json\/wp\/v2\/tags?post=161632"},{"taxonomy":"author","embeddable":true,"href":"https:\/\/buletin.de\/bucuresti\/wp-json\/wp\/v2\/ppma_author?post=161632"}],"curies":[{"name":"wp","href":"https:\/\/api.w.org\/{rel}","templated":true}]}}