{"id":161625,"date":"2025-12-09T07:00:00","date_gmt":"2025-12-09T04:00:00","guid":{"rendered":"https:\/\/buletin.de\/bucuresti\/?p=161625"},"modified":"2025-12-08T22:17:22","modified_gmt":"2025-12-08T19:17:22","slug":"best-of-vienna-concert-de-craciun-la-teatrul-national","status":"publish","type":"post","link":"https:\/\/buletin.de\/bucuresti\/best-of-vienna-concert-de-craciun-la-teatrul-national\/","title":{"rendered":"Best of Vienna, concert de Cr\u0103ciun la Teatrul Na\u021bional"},"content":{"rendered":"\n<p><strong>Orchestr\u0103 Johann Strauss Ensemble, condus\u0103 de Russell McGregor revine \u00een \u021bara noastr\u0103, pentru un nou spectacol \u201eBest of Vienna\u201d. Muzicienii revin anual \u00een Rom\u00e2nia, de 21 de ani.<\/strong><\/p>\n\n\n\n<p>Sub numele <strong>\u201eBest of Vienna\u201d<\/strong>, turneul na\u021bional din 2025 \u00eencepe pe 15 decembrie la Bucure\u0219ti, pe scena Teatrului Na\u021bional.<\/p>\n\n\n\n<p><strong><em>Programul concertului va cuprinde lucr\u0103ri de muzic\u0103 clasic\u0103 ce apar\u021bin celor mai mari compozitori ai tuturor timpurilor, iar celebrele valsuri vieneze, nelipsite din repertoriul abordat de Johann Strauss Ensemble, vor contura tabloul \u00eenc\u00e2nt\u0103tor al unei seri magice de iarn\u0103. <\/em><\/strong><\/p>\n\n\n\n<p>Turneul na\u021bional ajunge apoi la Craiova, Bra\u0219ov, Sibiu, Ploie\u0219ti, T\u00e2rgu-Mures, Bistri\u021ba \u0219i R\u00e2mnicu-V\u00e2lcea.<\/p>\n\n\n\n<p>Biletele se pot cumpara<a href=\"https:\/\/roticket.ro\/spectacole\/best-of-vienna-by-russell-mcgregor-johann-strauss-ensemble\/?fbclid=IwY2xjawOhW6JleHRuA2FlbQIxMABicmlkETA0OHNHVXlxaWZjQ2hucjlkc3J0YwZhcHBfaWQQMjIyMDM5MTc4ODIwMDg5MgABHimQZFqh9pnV7pdcvIttyXf8Lxjd019-nZ1BwKiWrc9qAKhT_a1E5yJZnuy8_aem_bK9GTcZCHt3iLXkr4oQ4lw\"><strong> AICI.<\/strong><\/a><\/p>\n\n\n\n<p><strong>\u00a0CITE\u0218TE \u0218I:<\/strong> <a href=\"https:\/\/buletin.de\/bucuresti\/robert-negoita-dupa-scrutin-daniel-plateste-greselile-altora-mesaj-transant-pentru-ciprian-ciucu-privind-deblocarea-proiectelor-de-infrastructura\/\"><strong>Robert Negoi\u021b\u0103, dup\u0103 scrutin: \u201eDaniel pl\u0103te\u0219te gre\u0219elile altora\u201d. Mesaj tran\u0219ant pentru Ciprian Ciucu privind deblocarea proiectelor de infrastructur\u0103<\/strong><\/a><\/p>\n\n\n\n<h2 class=\"wp-block-heading\" id=\"h-despre-orchestra-johann-strauss-ensemble\">Despre orchestra Johann Strauss Ensemble<\/h2>\n\n\n\n<p>Istoria orchestrei Johann Strauss Ensemble \u00eencepe \u00een anul 1985, c\u00e2nd a fost fondat\u0103 de c\u0103tre membrii ai Bruckner Orchester din Linz. Orchestra \u00eei datoreaz\u0103 o mare parte din evolu\u021bia profesional\u0103, violonistului \u0219i dirijorului Russell McGregor, care s-a al\u0103turat ansamblului \u00een 2004. Respect\u00e2nd tradi\u021bia concertelor Strauss din secolul XIX, acesta dirijeaz\u0103 \u00een stilul Stehgeiger, adic\u0103 din pozi\u021bia de solist. <\/p>\n\n\n\n<figure class=\"wp-block-embed is-type-video is-provider-youtube wp-block-embed-youtube wp-embed-aspect-16-9 wp-has-aspect-ratio\"><div class=\"wp-block-embed__wrapper\">\n<div class=\"jlvid_container\"><iframe title=\"Johann Strauss Ensemble &amp; Russell Mcgregor - Roses From The South waltz(Plovdiv, Bulgaria, 19.12.23)\" width=\"1200\" height=\"675\" src=\"https:\/\/www.youtube.com\/embed\/Y77syelQioQ?feature=oembed\" frameborder=\"0\" allow=\"accelerometer; autoplay; clipboard-write; encrypted-media; gyroscope; picture-in-picture; web-share\" referrerpolicy=\"strict-origin-when-cross-origin\" allowfullscreen><\/iframe><\/div>\n<\/div><\/figure>\n\n\n\n<p>McGregor s-a n\u0103scut \u00een Oxford, dar a crescut \u00een Melbourne, Australia, unde la v\u00e2rsta de 7 ani a \u00eenceput s\u0103 studieze vioara. Din 1992 Russell locuie\u0219te \u00een Viena, iar din 1997 este concertmaestru \u0219i dirijor al orchestrei Palatului Sch\u00f6brunn. Vioara la care c\u00e2nt\u0103 a fost fabricat\u0103 \u00een anul 1697 de c\u0103tre Carlo Giuseppe Testore, aceasta fiind \u201csora mai mic\u0103\u201d a celebrei viole a lui Wolfgang Amadeus Mozart.<\/p>\n\n\n\n<p>\u00cenc\u0103 de la \u00eenceput, Johann Strauss Ensemble a \u00eencercat s\u0103 \u00ee\u0219i dezvolte repertoriul \u00eentr-un mod care combin\u0103 numeroasele lucr\u0103ri muzicale ale familiei Strauss, cu compozi\u021bii noi. <\/p>\n\n\n\n<p><strong>\u00a0CITE\u0218TE \u0218I:<\/strong> <a href=\"https:\/\/buletin.de\/bucuresti\/lords-of-the-sound-the-music-of-hans-zimmer-la-sala-palatului-anul-viitor\/\"><strong>Lords of the Sound \u2013 The Music of Hans Zimmer, la Sala Palatului, anul viitor<\/strong><\/a><\/p>\n\n\n\n<p> <\/p>\n\n\n\n<p><br><\/p>\n\n\n\n<p><\/p>\n","protected":false},"excerpt":{"rendered":"<p>Orchestr\u0103 Johann Strauss Ensemble, condus\u0103 de Russell McGregor revine \u00een \u021bara noastr\u0103, pentru un nou spectacol \u201eBest of Vienna\u201d. Muzicienii revin anual \u00een Rom\u00e2nia, de 21 de ani. Sub numele \u201eBest of Vienna\u201d, turneul na\u021bional din 2025 \u00eencepe pe 15 decembrie la Bucure\u0219ti, pe scena Teatrului Na\u021bional. Programul concertului va cuprinde lucr\u0103ri de muzic\u0103 clasic\u0103 [&hellip;]<\/p>\n","protected":false},"author":49,"featured_media":161628,"comment_status":"closed","ping_status":"open","sticky":false,"template":"","format":"standard","meta":{"_acf_changed":false,"inline_featured_image":false,"ngg_post_thumbnail":0,"footnotes":""},"categories":[6994,81,62],"tags":[25037,25039,16177],"ppma_author":[22574],"class_list":["post-161625","post","type-post","status-publish","format-standard","has-post-thumbnail","hentry","category-stiri-2","category-cultura","category-stiri","tag-best-of-vienna","tag-johann-strauss-ensemble","tag-teatrul-national-2"],"acf":[],"yoast_head":"<!-- This site is optimized with the Yoast SEO Premium plugin v25.3 (Yoast SEO v27.4) - https:\/\/yoast.com\/product\/yoast-seo-premium-wordpress\/ -->\n<title>Best of Vienna, concert de Cr\u0103ciun la Teatrul Na\u021bional - Buletin de Bucure\u0219ti<\/title>\n<meta name=\"description\" content=\"Orchestr\u0103 Johann Strauss Ensemble, condus\u0103 de Russell McGregor revine \u00een \u021bara noastr\u0103, pentru un nou spectacol \u201eBest of Vienna\u201d.\" \/>\n<meta name=\"robots\" content=\"index, follow, max-snippet:-1, max-image-preview:large, max-video-preview:-1\" \/>\n<link rel=\"canonical\" href=\"https:\/\/buletin.de\/bucuresti\/best-of-vienna-concert-de-craciun-la-teatrul-national\/\" \/>\n<meta property=\"og:locale\" content=\"en_GB\" \/>\n<meta property=\"og:type\" content=\"article\" \/>\n<meta property=\"og:title\" content=\"Best of Vienna, concert de Cr\u0103ciun la Teatrul Na\u021bional\" \/>\n<meta property=\"og:description\" content=\"Orchestr\u0103 Johann Strauss Ensemble, condus\u0103 de Russell McGregor revine \u00een \u021bara noastr\u0103, pentru un nou spectacol \u201eBest of Vienna\u201d.\" \/>\n<meta property=\"og:url\" content=\"https:\/\/buletin.de\/bucuresti\/best-of-vienna-concert-de-craciun-la-teatrul-national\/\" \/>\n<meta property=\"og:site_name\" content=\"Buletin de Bucure\u0219ti\" \/>\n<meta property=\"article:publisher\" content=\"https:\/\/www.facebook.com\/buletin.de.buc\" \/>\n<meta property=\"article:published_time\" content=\"2025-12-09T04:00:00+00:00\" \/>\n<meta property=\"og:image\" content=\"https:\/\/buletin.de\/bucuresti\/wp-content\/uploads\/2025\/12\/475784588_1141547130667618_3176204119107614244_n.jpg\" \/>\n\t<meta property=\"og:image:width\" content=\"2048\" \/>\n\t<meta property=\"og:image:height\" content=\"1207\" \/>\n\t<meta property=\"og:image:type\" content=\"image\/jpeg\" \/>\n<meta name=\"author\" content=\"Diana Matei\" \/>\n<meta name=\"twitter:card\" content=\"summary_large_image\" \/>\n<meta name=\"twitter:label1\" content=\"Written by\" \/>\n\t<meta name=\"twitter:data1\" content=\"Diana Matei\" \/>\n\t<meta name=\"twitter:label2\" content=\"Estimated reading time\" \/>\n\t<meta name=\"twitter:data2\" content=\"2 minutes\" \/>\n<script type=\"application\/ld+json\" class=\"yoast-schema-graph\">{\"@context\":\"https:\\\/\\\/schema.org\",\"@graph\":[{\"@type\":\"Article\",\"@id\":\"https:\\\/\\\/buletin.de\\\/bucuresti\\\/best-of-vienna-concert-de-craciun-la-teatrul-national\\\/#article\",\"isPartOf\":{\"@id\":\"https:\\\/\\\/buletin.de\\\/bucuresti\\\/best-of-vienna-concert-de-craciun-la-teatrul-national\\\/\"},\"author\":{\"name\":\"Diana Matei\",\"@id\":\"https:\\\/\\\/buletin.de\\\/bucuresti\\\/#\\\/schema\\\/person\\\/7e46040573290777280a0835d81ea4ea\"},\"headline\":\"Best of Vienna, concert de Cr\u0103ciun la Teatrul Na\u021bional\",\"datePublished\":\"2025-12-09T04:00:00+00:00\",\"mainEntityOfPage\":{\"@id\":\"https:\\\/\\\/buletin.de\\\/bucuresti\\\/best-of-vienna-concert-de-craciun-la-teatrul-national\\\/\"},\"wordCount\":349,\"publisher\":{\"@id\":\"https:\\\/\\\/buletin.de\\\/bucuresti\\\/#organization\"},\"image\":{\"@id\":\"https:\\\/\\\/buletin.de\\\/bucuresti\\\/best-of-vienna-concert-de-craciun-la-teatrul-national\\\/#primaryimage\"},\"thumbnailUrl\":\"https:\\\/\\\/buletin.de\\\/bucuresti\\\/wp-content\\\/uploads\\\/2025\\\/12\\\/475784588_1141547130667618_3176204119107614244_n.jpg\",\"keywords\":[\"Best of Vienna\",\"Johann Strauss Ensemble\",\"Teatrul Na\u021bional\"],\"articleSection\":[\"Articole\",\"Cultur\u0103\",\"\u0218tiri\"],\"inLanguage\":\"en-GB\",\"copyrightYear\":\"2025\",\"copyrightHolder\":{\"@id\":\"https:\\\/\\\/buletin.de\\\/bucuresti\\\/#organization\"}},{\"@type\":\"WebPage\",\"@id\":\"https:\\\/\\\/buletin.de\\\/bucuresti\\\/best-of-vienna-concert-de-craciun-la-teatrul-national\\\/\",\"url\":\"https:\\\/\\\/buletin.de\\\/bucuresti\\\/best-of-vienna-concert-de-craciun-la-teatrul-national\\\/\",\"name\":\"Best of Vienna, concert de Cr\u0103ciun la Teatrul Na\u021bional - Buletin de Bucure\u0219ti\",\"isPartOf\":{\"@id\":\"https:\\\/\\\/buletin.de\\\/bucuresti\\\/#website\"},\"primaryImageOfPage\":{\"@id\":\"https:\\\/\\\/buletin.de\\\/bucuresti\\\/best-of-vienna-concert-de-craciun-la-teatrul-national\\\/#primaryimage\"},\"image\":{\"@id\":\"https:\\\/\\\/buletin.de\\\/bucuresti\\\/best-of-vienna-concert-de-craciun-la-teatrul-national\\\/#primaryimage\"},\"thumbnailUrl\":\"https:\\\/\\\/buletin.de\\\/bucuresti\\\/wp-content\\\/uploads\\\/2025\\\/12\\\/475784588_1141547130667618_3176204119107614244_n.jpg\",\"datePublished\":\"2025-12-09T04:00:00+00:00\",\"description\":\"Orchestr\u0103 Johann Strauss Ensemble, condus\u0103 de Russell McGregor revine \u00een \u021bara noastr\u0103, pentru un nou spectacol \u201eBest of Vienna\u201d.\",\"breadcrumb\":{\"@id\":\"https:\\\/\\\/buletin.de\\\/bucuresti\\\/best-of-vienna-concert-de-craciun-la-teatrul-national\\\/#breadcrumb\"},\"inLanguage\":\"en-GB\",\"potentialAction\":[{\"@type\":\"ReadAction\",\"target\":[\"https:\\\/\\\/buletin.de\\\/bucuresti\\\/best-of-vienna-concert-de-craciun-la-teatrul-national\\\/\"]}]},{\"@type\":\"ImageObject\",\"inLanguage\":\"en-GB\",\"@id\":\"https:\\\/\\\/buletin.de\\\/bucuresti\\\/best-of-vienna-concert-de-craciun-la-teatrul-national\\\/#primaryimage\",\"url\":\"https:\\\/\\\/buletin.de\\\/bucuresti\\\/wp-content\\\/uploads\\\/2025\\\/12\\\/475784588_1141547130667618_3176204119107614244_n.jpg\",\"contentUrl\":\"https:\\\/\\\/buletin.de\\\/bucuresti\\\/wp-content\\\/uploads\\\/2025\\\/12\\\/475784588_1141547130667618_3176204119107614244_n.jpg\",\"width\":2048,\"height\":1207,\"caption\":\"Best of Vienna, concert de Cr\u0103ciun la Teatrul Na\u021bional. FOTO:Johann Strauss Ensemble & Russell McGregor\\\/ Facebook\"},{\"@type\":\"BreadcrumbList\",\"@id\":\"https:\\\/\\\/buletin.de\\\/bucuresti\\\/best-of-vienna-concert-de-craciun-la-teatrul-national\\\/#breadcrumb\",\"itemListElement\":[{\"@type\":\"ListItem\",\"position\":1,\"name\":\"Acas\u0103\",\"item\":\"https:\\\/\\\/buletin.de\\\/bucuresti\\\/\"},{\"@type\":\"ListItem\",\"position\":2,\"name\":\"Best of Vienna, concert de Cr\u0103ciun la Teatrul Na\u021bional\"}]},{\"@type\":\"WebSite\",\"@id\":\"https:\\\/\\\/buletin.de\\\/bucuresti\\\/#website\",\"url\":\"https:\\\/\\\/buletin.de\\\/bucuresti\\\/\",\"name\":\"Buletin de Bucure\u0219ti\",\"description\":\"\u0218tiri \u0219i investiga\u021bii esen\u021biale din capital\u0103\",\"publisher\":{\"@id\":\"https:\\\/\\\/buletin.de\\\/bucuresti\\\/#organization\"},\"potentialAction\":[{\"@type\":\"SearchAction\",\"target\":{\"@type\":\"EntryPoint\",\"urlTemplate\":\"https:\\\/\\\/buletin.de\\\/bucuresti\\\/?s={search_term_string}\"},\"query-input\":{\"@type\":\"PropertyValueSpecification\",\"valueRequired\":true,\"valueName\":\"search_term_string\"}}],\"inLanguage\":\"en-GB\"},{\"@type\":\"Organization\",\"@id\":\"https:\\\/\\\/buletin.de\\\/bucuresti\\\/#organization\",\"name\":\"Buletin de Bucure\u0219ti\",\"url\":\"https:\\\/\\\/buletin.de\\\/bucuresti\\\/\",\"logo\":{\"@type\":\"ImageObject\",\"inLanguage\":\"en-GB\",\"@id\":\"https:\\\/\\\/buletin.de\\\/bucuresti\\\/#\\\/schema\\\/logo\\\/image\\\/\",\"url\":\"https:\\\/\\\/buletin.de\\\/bucuresti\\\/wp-content\\\/uploads\\\/logo-bdb-full-wide-vernil-transparent.png\",\"contentUrl\":\"https:\\\/\\\/buletin.de\\\/bucuresti\\\/wp-content\\\/uploads\\\/logo-bdb-full-wide-vernil-transparent.png\",\"width\":1782,\"height\":626,\"caption\":\"Buletin de Bucure\u0219ti\"},\"image\":{\"@id\":\"https:\\\/\\\/buletin.de\\\/bucuresti\\\/#\\\/schema\\\/logo\\\/image\\\/\"},\"sameAs\":[\"https:\\\/\\\/www.facebook.com\\\/buletin.de.buc\",\"https:\\\/\\\/www.instagram.com\\\/buletinde.bucuresti\\\/\"]},{\"@type\":\"Person\",\"@id\":\"https:\\\/\\\/buletin.de\\\/bucuresti\\\/#\\\/schema\\\/person\\\/7e46040573290777280a0835d81ea4ea\",\"name\":\"Diana Matei\",\"image\":{\"@type\":\"ImageObject\",\"inLanguage\":\"en-GB\",\"@id\":\"https:\\\/\\\/buletin.de\\\/bucuresti\\\/wp-content\\\/uploads\\\/9-2-96x96.jpg1e8590b30871d70e62ebcdaf2eff570c\",\"url\":\"https:\\\/\\\/buletin.de\\\/bucuresti\\\/wp-content\\\/uploads\\\/9-2-96x96.jpg\",\"contentUrl\":\"https:\\\/\\\/buletin.de\\\/bucuresti\\\/wp-content\\\/uploads\\\/9-2-96x96.jpg\",\"caption\":\"Diana Matei\"},\"url\":\"https:\\\/\\\/buletin.de\\\/bucuresti\\\/author\\\/dianamatei\\\/\"}]}<\/script>\n<!-- \/ Yoast SEO Premium plugin. -->","yoast_head_json":{"title":"Best of Vienna, concert de Cr\u0103ciun la Teatrul Na\u021bional - Buletin de Bucure\u0219ti","description":"Orchestr\u0103 Johann Strauss Ensemble, condus\u0103 de Russell McGregor revine \u00een \u021bara noastr\u0103, pentru un nou spectacol \u201eBest of Vienna\u201d.","robots":{"index":"index","follow":"follow","max-snippet":"max-snippet:-1","max-image-preview":"max-image-preview:large","max-video-preview":"max-video-preview:-1"},"canonical":"https:\/\/buletin.de\/bucuresti\/best-of-vienna-concert-de-craciun-la-teatrul-national\/","og_locale":"en_GB","og_type":"article","og_title":"Best of Vienna, concert de Cr\u0103ciun la Teatrul Na\u021bional","og_description":"Orchestr\u0103 Johann Strauss Ensemble, condus\u0103 de Russell McGregor revine \u00een \u021bara noastr\u0103, pentru un nou spectacol \u201eBest of Vienna\u201d.","og_url":"https:\/\/buletin.de\/bucuresti\/best-of-vienna-concert-de-craciun-la-teatrul-national\/","og_site_name":"Buletin de Bucure\u0219ti","article_publisher":"https:\/\/www.facebook.com\/buletin.de.buc","article_published_time":"2025-12-09T04:00:00+00:00","og_image":[{"width":2048,"height":1207,"url":"https:\/\/buletin.de\/bucuresti\/wp-content\/uploads\/2025\/12\/475784588_1141547130667618_3176204119107614244_n.jpg","type":"image\/jpeg"}],"author":"Diana Matei","twitter_card":"summary_large_image","twitter_misc":{"Written by":"Diana Matei","Estimated reading time":"2 minutes"},"schema":{"@context":"https:\/\/schema.org","@graph":[{"@type":"Article","@id":"https:\/\/buletin.de\/bucuresti\/best-of-vienna-concert-de-craciun-la-teatrul-national\/#article","isPartOf":{"@id":"https:\/\/buletin.de\/bucuresti\/best-of-vienna-concert-de-craciun-la-teatrul-national\/"},"author":{"name":"Diana Matei","@id":"https:\/\/buletin.de\/bucuresti\/#\/schema\/person\/7e46040573290777280a0835d81ea4ea"},"headline":"Best of Vienna, concert de Cr\u0103ciun la Teatrul Na\u021bional","datePublished":"2025-12-09T04:00:00+00:00","mainEntityOfPage":{"@id":"https:\/\/buletin.de\/bucuresti\/best-of-vienna-concert-de-craciun-la-teatrul-national\/"},"wordCount":349,"publisher":{"@id":"https:\/\/buletin.de\/bucuresti\/#organization"},"image":{"@id":"https:\/\/buletin.de\/bucuresti\/best-of-vienna-concert-de-craciun-la-teatrul-national\/#primaryimage"},"thumbnailUrl":"https:\/\/buletin.de\/bucuresti\/wp-content\/uploads\/2025\/12\/475784588_1141547130667618_3176204119107614244_n.jpg","keywords":["Best of Vienna","Johann Strauss Ensemble","Teatrul Na\u021bional"],"articleSection":["Articole","Cultur\u0103","\u0218tiri"],"inLanguage":"en-GB","copyrightYear":"2025","copyrightHolder":{"@id":"https:\/\/buletin.de\/bucuresti\/#organization"}},{"@type":"WebPage","@id":"https:\/\/buletin.de\/bucuresti\/best-of-vienna-concert-de-craciun-la-teatrul-national\/","url":"https:\/\/buletin.de\/bucuresti\/best-of-vienna-concert-de-craciun-la-teatrul-national\/","name":"Best of Vienna, concert de Cr\u0103ciun la Teatrul Na\u021bional - Buletin de Bucure\u0219ti","isPartOf":{"@id":"https:\/\/buletin.de\/bucuresti\/#website"},"primaryImageOfPage":{"@id":"https:\/\/buletin.de\/bucuresti\/best-of-vienna-concert-de-craciun-la-teatrul-national\/#primaryimage"},"image":{"@id":"https:\/\/buletin.de\/bucuresti\/best-of-vienna-concert-de-craciun-la-teatrul-national\/#primaryimage"},"thumbnailUrl":"https:\/\/buletin.de\/bucuresti\/wp-content\/uploads\/2025\/12\/475784588_1141547130667618_3176204119107614244_n.jpg","datePublished":"2025-12-09T04:00:00+00:00","description":"Orchestr\u0103 Johann Strauss Ensemble, condus\u0103 de Russell McGregor revine \u00een \u021bara noastr\u0103, pentru un nou spectacol \u201eBest of Vienna\u201d.","breadcrumb":{"@id":"https:\/\/buletin.de\/bucuresti\/best-of-vienna-concert-de-craciun-la-teatrul-national\/#breadcrumb"},"inLanguage":"en-GB","potentialAction":[{"@type":"ReadAction","target":["https:\/\/buletin.de\/bucuresti\/best-of-vienna-concert-de-craciun-la-teatrul-national\/"]}]},{"@type":"ImageObject","inLanguage":"en-GB","@id":"https:\/\/buletin.de\/bucuresti\/best-of-vienna-concert-de-craciun-la-teatrul-national\/#primaryimage","url":"https:\/\/buletin.de\/bucuresti\/wp-content\/uploads\/2025\/12\/475784588_1141547130667618_3176204119107614244_n.jpg","contentUrl":"https:\/\/buletin.de\/bucuresti\/wp-content\/uploads\/2025\/12\/475784588_1141547130667618_3176204119107614244_n.jpg","width":2048,"height":1207,"caption":"Best of Vienna, concert de Cr\u0103ciun la Teatrul Na\u021bional. FOTO:Johann Strauss Ensemble & Russell McGregor\/ Facebook"},{"@type":"BreadcrumbList","@id":"https:\/\/buletin.de\/bucuresti\/best-of-vienna-concert-de-craciun-la-teatrul-national\/#breadcrumb","itemListElement":[{"@type":"ListItem","position":1,"name":"Acas\u0103","item":"https:\/\/buletin.de\/bucuresti\/"},{"@type":"ListItem","position":2,"name":"Best of Vienna, concert de Cr\u0103ciun la Teatrul Na\u021bional"}]},{"@type":"WebSite","@id":"https:\/\/buletin.de\/bucuresti\/#website","url":"https:\/\/buletin.de\/bucuresti\/","name":"Buletin de Bucure\u0219ti","description":"\u0218tiri \u0219i investiga\u021bii esen\u021biale din capital\u0103","publisher":{"@id":"https:\/\/buletin.de\/bucuresti\/#organization"},"potentialAction":[{"@type":"SearchAction","target":{"@type":"EntryPoint","urlTemplate":"https:\/\/buletin.de\/bucuresti\/?s={search_term_string}"},"query-input":{"@type":"PropertyValueSpecification","valueRequired":true,"valueName":"search_term_string"}}],"inLanguage":"en-GB"},{"@type":"Organization","@id":"https:\/\/buletin.de\/bucuresti\/#organization","name":"Buletin de Bucure\u0219ti","url":"https:\/\/buletin.de\/bucuresti\/","logo":{"@type":"ImageObject","inLanguage":"en-GB","@id":"https:\/\/buletin.de\/bucuresti\/#\/schema\/logo\/image\/","url":"https:\/\/buletin.de\/bucuresti\/wp-content\/uploads\/logo-bdb-full-wide-vernil-transparent.png","contentUrl":"https:\/\/buletin.de\/bucuresti\/wp-content\/uploads\/logo-bdb-full-wide-vernil-transparent.png","width":1782,"height":626,"caption":"Buletin de Bucure\u0219ti"},"image":{"@id":"https:\/\/buletin.de\/bucuresti\/#\/schema\/logo\/image\/"},"sameAs":["https:\/\/www.facebook.com\/buletin.de.buc","https:\/\/www.instagram.com\/buletinde.bucuresti\/"]},{"@type":"Person","@id":"https:\/\/buletin.de\/bucuresti\/#\/schema\/person\/7e46040573290777280a0835d81ea4ea","name":"Diana Matei","image":{"@type":"ImageObject","inLanguage":"en-GB","@id":"https:\/\/buletin.de\/bucuresti\/wp-content\/uploads\/9-2-96x96.jpg1e8590b30871d70e62ebcdaf2eff570c","url":"https:\/\/buletin.de\/bucuresti\/wp-content\/uploads\/9-2-96x96.jpg","contentUrl":"https:\/\/buletin.de\/bucuresti\/wp-content\/uploads\/9-2-96x96.jpg","caption":"Diana Matei"},"url":"https:\/\/buletin.de\/bucuresti\/author\/dianamatei\/"}]}},"authors":[{"term_id":22574,"user_id":49,"is_guest":0,"slug":"dianamatei","display_name":"Diana Matei","avatar_url":"https:\/\/buletin.de\/bucuresti\/wp-content\/uploads\/9-2-96x96.jpg","0":null,"1":"","2":"","3":"","4":"","5":"","6":"","7":"","8":""}],"_links":{"self":[{"href":"https:\/\/buletin.de\/bucuresti\/wp-json\/wp\/v2\/posts\/161625","targetHints":{"allow":["GET"]}}],"collection":[{"href":"https:\/\/buletin.de\/bucuresti\/wp-json\/wp\/v2\/posts"}],"about":[{"href":"https:\/\/buletin.de\/bucuresti\/wp-json\/wp\/v2\/types\/post"}],"author":[{"embeddable":true,"href":"https:\/\/buletin.de\/bucuresti\/wp-json\/wp\/v2\/users\/49"}],"replies":[{"embeddable":true,"href":"https:\/\/buletin.de\/bucuresti\/wp-json\/wp\/v2\/comments?post=161625"}],"version-history":[{"count":1,"href":"https:\/\/buletin.de\/bucuresti\/wp-json\/wp\/v2\/posts\/161625\/revisions"}],"predecessor-version":[{"id":161629,"href":"https:\/\/buletin.de\/bucuresti\/wp-json\/wp\/v2\/posts\/161625\/revisions\/161629"}],"wp:featuredmedia":[{"embeddable":true,"href":"https:\/\/buletin.de\/bucuresti\/wp-json\/wp\/v2\/media\/161628"}],"wp:attachment":[{"href":"https:\/\/buletin.de\/bucuresti\/wp-json\/wp\/v2\/media?parent=161625"}],"wp:term":[{"taxonomy":"category","embeddable":true,"href":"https:\/\/buletin.de\/bucuresti\/wp-json\/wp\/v2\/categories?post=161625"},{"taxonomy":"post_tag","embeddable":true,"href":"https:\/\/buletin.de\/bucuresti\/wp-json\/wp\/v2\/tags?post=161625"},{"taxonomy":"author","embeddable":true,"href":"https:\/\/buletin.de\/bucuresti\/wp-json\/wp\/v2\/ppma_author?post=161625"}],"curies":[{"name":"wp","href":"https:\/\/api.w.org\/{rel}","templated":true}]}}