{"id":161603,"date":"2025-12-08T19:32:15","date_gmt":"2025-12-08T16:32:15","guid":{"rendered":"https:\/\/buletin.de\/bucuresti\/?p=161603"},"modified":"2025-12-09T14:24:35","modified_gmt":"2025-12-09T11:24:35","slug":"robert-negoita-dupa-scrutin-daniel-plateste-greselile-altora-mesaj-transant-pentru-ciprian-ciucu-privind-deblocarea-proiectelor-de-infrastructura","status":"publish","type":"post","link":"https:\/\/buletin.de\/bucuresti\/robert-negoita-dupa-scrutin-daniel-plateste-greselile-altora-mesaj-transant-pentru-ciprian-ciucu-privind-deblocarea-proiectelor-de-infrastructura\/","title":{"rendered":"Robert Negoi\u021b\u0103, dup\u0103 scrutin: \u201eDaniel pl\u0103te\u0219te gre\u0219elile altora\u201d. Mesaj tran\u0219ant pentru Ciprian Ciucu privind deblocarea proiectelor de infrastructur\u0103"},"content":{"rendered":"\n<p><strong>Primarul Sectorului 3, Robert Negoi\u021b\u0103, a comentat rezultatele scrutinului de duminic\u0103 sub spectrul unei nemul\u021bumiri fa\u021b\u0103 de pierderea suferit\u0103 de candidatul social-democrat, Daniel B\u0103lu\u021b\u0103, care s-a situat pe locul 3 \u00een preferin\u021bele bucure\u0219tenilor. <\/strong> <strong>Edilul pune e\u0219ecul pe seama unui context politic mai larg, nu a performan\u021bei individuale, \u0219i lanseaz\u0103 deja primele cereri administrative pentru Ciprian Ciucu. <\/strong><\/p>\n\n\n\n<p><strong>Deblocarea proiectelor de infrastructur\u0103, cerut\u0103 noului primar general al Capitalei, vizeaz\u0103 o tentativ\u0103 mai veche a administra\u021biei de sector de a prelua \u00een administrare artere vitale precum Bulevardul Unirii, Splaiul Unirii, Bulevardul Nicolae Grigorescu \u0219i \u0218oseaua Mihai Bravu.<\/strong><\/p>\n\n\n\n<p>Robert Negoi\u021b\u0103 a declarat pentru Buletin de Bucure\u0219ti c\u0103 rezultatul votului este nedrept pentru candidatul PSD, Daniel B\u0103lu\u021b\u0103, pe care \u00eel consider\u0103 o victim\u0103 colateral\u0103.<\/p>\n\n\n\n<p>\u201e<em>Chiar nu merita Daniel s\u0103 piard\u0103. E un administrator bun, a demonstrat-o \u0219i la Sectorul 4. \u00cemi pare r\u0103u c\u0103 s-a \u00eent\u00e2mplat a\u0219a. P\u0103rerea mea este c\u0103 pl\u0103te\u0219te gre\u0219elile altora<\/em>\u201d, a precizat primarul <a href=\"https:\/\/www.primarie3.ro\/\">Sectorului 3<\/a> pentru Buletin de Bucure\u0219ti.<\/p>\n\n\n\n<p>Totodat\u0103 Robert Negoi\u021b\u0103 a negat, cel pu\u021bin declarativ, orice inten\u021bie de a candida pentru func\u021bia de primar general \u00een 2028. \u00centrebat despre planurile sale politice pe termen lung, acesta a r\u0103spuns scurt: \u201e<em>Momentan nu-mi doresc altceva. Vedem. Mai sunt trei ani p\u00e2n\u0103 atunci<\/em>\u201d.<\/p>\n\n\n\n<p><strong>CITE\u0218TE \u0218I <a href=\"https:\/\/buletin.de\/bucuresti\/prefectul-capitalei-andrei-nistor-exista-posibilitatea-ca-alegerile-din-sectorul-6-sa-se-tina-la-termen-in-2028\/\">Prefectul Capitalei, Andrei Nistor: \u201eExist\u0103 posibilitatea ca alegerile din Sectorul 6 s\u0103 se \u021bin\u0103 la termen, \u00een 2028\u201d<\/a><\/strong><\/p>\n\n\n\n<h2 class=\"wp-block-heading\" id=\"h-cererile-lui-negoi\u021ba-pentru-ciprian-ciucu\"><strong>Cererile lui Negoi\u021b\u0103 pentru Ciprian Ciucu<\/strong><\/h2>\n\n\n\n<p><strong>Mesajul de felicitare adresat c\u00e2\u0219tig\u0103torului, Ciprian Ciucu a venit \u201ela pachet\u201d cu o solicitare explicit\u0103 de a repune pe tapet proiectele de infrastructur\u0103 blocate \u00een mandatul lui Nicu\u0219or Dan.<\/strong><\/p>\n\n\n\n<p>\u201e<em>Mult succes \u00eei doresc lui Ciprian, s\u0103 fac\u0103 o treab\u0103 bun\u0103 \u0219i s\u0103 deblocheze proiectele<\/em>\u201d, a transmis Negoi\u021b\u0103.<\/p>\n\n\n\n<p>\u00centrebat care sunt, concret, investi\u021biile oprite la care face referire, edilul a invocat \u201e<em>fluidizarea traficului \u0219i \u00eembun\u0103t\u0103\u021birea aerului pe care \u00eel respir\u0103m<\/em>\u201d, o trimitere direct\u0103 la planurile sale de a construi pasaje rutiere pe bulevardele administrate de Prim\u0103ria General\u0103.<\/p>\n\n\n\n<p><strong>CITE\u0218TE \u0218I: <a href=\"https:\/\/buletin.de\/bucuresti\/anca-alexandrescu-pe-locul-al-doilea-l-a-depasit-pe-daniel-baluta-dupa-numararea-a-885-din-voturi\/\" target=\"_blank\" rel=\"noreferrer noopener\">Anca Alexandrescu pe locul al doilea, \u00een cursa pentru Prim\u0103ria Capitalei. I-a dep\u0103\u0219it pe Daniel B\u0103lu\u021b\u0103 \u0219i C\u0103t\u0103lin Drul\u0103<\/a><\/strong><\/p>\n\n\n\n<h2 class=\"wp-block-heading\" id=\"h-istoricul-unui-conflict-administrativ-prelungit\"><strong>Istoricul unui conflict administrativ prelungit<\/strong><\/h2>\n\n\n\n<p>Declara\u021biile actuale se suprapun peste un conflict institu\u021bional vechi \u00eentre Prim\u0103ria Sectorului 3 \u0219i Consiliul General al Municipiului Bucure\u0219ti (CGMB).<\/p>\n\n\n\n<p><a href=\"https:\/\/buletin.de\/bucuresti\/razboiul-bulevardelor-intre-n-dan-si-r-negoita-miza-bd-unirii-splaiul-unirii-si-tronsoane-din-nicolae-grigorescu-si-mihai-bravu\/\">\u00cen aprilie 2024, Buletin de Bucure\u0219ti scria despre tentativa administra\u021biei de sector de a prelua \u00een administrare artere vitale precum Bulevardul Unirii, Splaiul Unirii, Bulevardul Nicolae Grigorescu \u0219i \u0218oseaua Mihai Bravu.<\/a><\/p>\n\n\n\n<p>Planul viza construc\u021bia de pasaje rutiere subterane \u0219i supraterane, precum \u0219i reabilitarea carosabilului. Totu\u0219i, proiectele au e\u0219uat repetat \u00een \u0219edin\u021bele CGMB. \u00cen prim\u0103vara acestui an, consilierii generali au scos de pe ordinea de zi transferul acestor bulevarde din cauza lipsei rapoartelor de specialitate.<\/p>\n\n\n\n<p>Administra\u021bia local\u0103 a Sectorului 3 viza preluarea tronsonului din Bulevardul Unirii cuprins \u00eentre Pia\u021ba Alba Iulia \u0219i Pia\u021ba Unirii, precum \u0219i a Splaiului Unirii. Inten\u021bia declarat\u0103 includea reamenajarea malurilor D\u00e2mbovi\u021bei, refacerea trotuarelor \u0219i amenajarea unei piste de biciclete. <\/p>\n\n\n\n<p>Un proiect similar, care propunea un Plan Urbanistic Zonal \u00een parteneriat cu Ministerul Dezvolt\u0103rii, a picat la vot dup\u0103 ce consilierii PSD s-au ab\u021binut, iar liberalii au absentat.<\/p>\n\n\n\n<h2 class=\"wp-block-heading\" id=\"h-pasaje-supraterane-printre-blocuri\"><strong>Pasaje supraterane printre blocuri<\/strong><\/h2>\n\n\n\n<p>Viziunea lui Robert Negoi\u021b\u0103 pentru fluidizarea traficului implic\u0103 interven\u021bii majore \u00een structura urban\u0103. Pe Bulevardul Nicolae Grigorescu, institu\u021bia propune ridicarea a trei pasaje rutiere supraterane. Justificarea din referatul de aprobare indic\u0103 blocaje majore \u00een intersec\u021biile cu str\u0103zile Constantin Br\u00e2ncu\u0219i, Liviu Rebreanu \u0219i Camil Ressu.<\/p>\n\n\n\n<p>\u201e<em>O solu\u021bie pe care o propunem este construirea unor pasaje rutiere supraterane care s\u0103 traverseze cele trei noduri rutiere \u0219i care s\u0103 preia traficul dintre cele dou\u0103 sectoare limitrofe, iar la sol s\u0103 se deruleze circula\u021bia local\u0103<\/em>\u201d, se arat\u0103 \u00een proiectul de hot\u0103r\u00e2re ini\u021biat de Sectorul 3.<\/p>\n\n\n\n<p>Simultan, pe axa \u0218oseaua Mihai Bravu \u2013 Calea Vitan, planul include dou\u0103 pasaje rutiere subterane, un pasaj pietonal subteran \u0219i extinderea carosabilului la dou\u0103 benzi pe Calea Dude\u0219ti.<\/p>\n\n\n\n<p><strong>CITE\u0218TE \u0218I <a href=\"https:\/\/buletin.de\/bucuresti\/daniel-baluta-la-un-pas-sa-piarda-sectorul-4-diferenta-de-035-intre-el-si-ciprian-ciucu\/\">Daniel B\u0103lu\u021b\u0103, la un pas \u201es\u0103 piard\u0103\u201d Sectorul 4. Diferen\u021b\u0103 de 0,35% \u00eentre el \u0219i Ciprian Ciucu<\/a><\/strong><\/p>\n","protected":false},"excerpt":{"rendered":"<p>Primarul Sectorului 3, Robert Negoi\u021b\u0103, a comentat rezultatele scrutinului de duminic\u0103 sub spectrul unei nemul\u021bumiri fa\u021b\u0103 de pierderea suferit\u0103 de candidatul social-democrat, Daniel B\u0103lu\u021b\u0103, care s-a situat pe locul 3 \u00een preferin\u021bele bucure\u0219tenilor. Edilul pune e\u0219ecul pe seama unui context politic mai larg, nu a performan\u021bei individuale, \u0219i lanseaz\u0103 deja primele cereri administrative pentru Ciprian [&hellip;]<\/p>\n","protected":false},"author":10,"featured_media":119194,"comment_status":"closed","ping_status":"open","sticky":false,"template":"","format":"standard","meta":{"_acf_changed":false,"inline_featured_image":false,"ngg_post_thumbnail":0,"footnotes":""},"categories":[6994,5762,9025,24],"tags":[349,4397,1114,1391,3979],"ppma_author":[22575],"class_list":["post-161603","post","type-post","status-publish","format-standard","has-post-thumbnail","hentry","category-stiri-2","category-main","category-politic","category-primarie","tag-baluta","tag-bulevarde","tag-ciucu","tag-negoita","tag-proiecte"],"acf":[],"yoast_head":"<!-- This site is optimized with the Yoast SEO Premium plugin v25.3 (Yoast SEO v27.4) - https:\/\/yoast.com\/product\/yoast-seo-premium-wordpress\/ -->\n<title>Robert Negoi\u021b\u0103, dup\u0103 scrutin: \u201eDaniel pl\u0103te\u0219te gre\u0219elile altora\u201d. Mesaj tran\u0219ant pentru Ciprian Ciucu privind deblocarea proiectelor de infrastructur\u0103 - Buletin de Bucure\u0219ti<\/title>\n<meta name=\"description\" content=\"Robert Negoi\u021b\u0103 depl\u00e2nge e\u0219ecul electoral al lui Daniel B\u0103lu\u021b\u0103 \u0219i lanseaz\u0103 deja primele cereri administrative pentru Ciprian Ciucu.\" \/>\n<meta name=\"robots\" content=\"index, follow, max-snippet:-1, max-image-preview:large, max-video-preview:-1\" \/>\n<link rel=\"canonical\" href=\"https:\/\/buletin.de\/bucuresti\/robert-negoita-dupa-scrutin-daniel-plateste-greselile-altora-mesaj-transant-pentru-ciprian-ciucu-privind-deblocarea-proiectelor-de-infrastructura\/\" \/>\n<meta property=\"og:locale\" content=\"en_GB\" \/>\n<meta property=\"og:type\" content=\"article\" \/>\n<meta property=\"og:title\" content=\"Robert Negoi\u021b\u0103, dup\u0103 scrutin: \u201eDaniel pl\u0103te\u0219te gre\u0219elile altora\u201d. Mesaj tran\u0219ant pentru Ciprian Ciucu privind deblocarea proiectelor de infrastructur\u0103\" \/>\n<meta property=\"og:description\" content=\"Robert Negoi\u021b\u0103 depl\u00e2nge e\u0219ecul electoral al lui Daniel B\u0103lu\u021b\u0103 \u0219i lanseaz\u0103 deja primele cereri administrative pentru Ciprian Ciucu.\" \/>\n<meta property=\"og:url\" content=\"https:\/\/buletin.de\/bucuresti\/robert-negoita-dupa-scrutin-daniel-plateste-greselile-altora-mesaj-transant-pentru-ciprian-ciucu-privind-deblocarea-proiectelor-de-infrastructura\/\" \/>\n<meta property=\"og:site_name\" content=\"Buletin de Bucure\u0219ti\" \/>\n<meta property=\"article:publisher\" content=\"https:\/\/www.facebook.com\/buletin.de.buc\" \/>\n<meta property=\"article:published_time\" content=\"2025-12-08T16:32:15+00:00\" \/>\n<meta property=\"article:modified_time\" content=\"2025-12-09T11:24:35+00:00\" \/>\n<meta property=\"og:image\" content=\"https:\/\/buletin.de\/bucuresti\/wp-content\/uploads\/ID291762_INQUAM_Photos__.jpg\" \/>\n\t<meta property=\"og:image:width\" content=\"2000\" \/>\n\t<meta property=\"og:image:height\" content=\"1333\" \/>\n\t<meta property=\"og:image:type\" content=\"image\/jpeg\" \/>\n<meta name=\"author\" content=\"C\u0103t\u0103lin Dosca\u0219\" \/>\n<meta name=\"twitter:card\" content=\"summary_large_image\" \/>\n<meta name=\"twitter:label1\" content=\"Written by\" \/>\n\t<meta name=\"twitter:data1\" content=\"C\u0103t\u0103lin Dosca\u0219\" \/>\n\t<meta name=\"twitter:label2\" content=\"Estimated reading time\" \/>\n\t<meta name=\"twitter:data2\" content=\"4 minutes\" \/>\n<script type=\"application\/ld+json\" class=\"yoast-schema-graph\">{\"@context\":\"https:\\\/\\\/schema.org\",\"@graph\":[{\"@type\":\"Article\",\"@id\":\"https:\\\/\\\/buletin.de\\\/bucuresti\\\/robert-negoita-dupa-scrutin-daniel-plateste-greselile-altora-mesaj-transant-pentru-ciprian-ciucu-privind-deblocarea-proiectelor-de-infrastructura\\\/#article\",\"isPartOf\":{\"@id\":\"https:\\\/\\\/buletin.de\\\/bucuresti\\\/robert-negoita-dupa-scrutin-daniel-plateste-greselile-altora-mesaj-transant-pentru-ciprian-ciucu-privind-deblocarea-proiectelor-de-infrastructura\\\/\"},\"author\":{\"name\":\"C\u0103t\u0103lin Dosca\u0219\",\"@id\":\"https:\\\/\\\/buletin.de\\\/bucuresti\\\/#\\\/schema\\\/person\\\/31117187ed4d0bdb0a4c7d6acc79d0f8\"},\"headline\":\"Robert Negoi\u021b\u0103, dup\u0103 scrutin: \u201eDaniel pl\u0103te\u0219te gre\u0219elile altora\u201d. Mesaj tran\u0219ant pentru Ciprian Ciucu privind deblocarea proiectelor de infrastructur\u0103\",\"datePublished\":\"2025-12-08T16:32:15+00:00\",\"dateModified\":\"2025-12-09T11:24:35+00:00\",\"mainEntityOfPage\":{\"@id\":\"https:\\\/\\\/buletin.de\\\/bucuresti\\\/robert-negoita-dupa-scrutin-daniel-plateste-greselile-altora-mesaj-transant-pentru-ciprian-ciucu-privind-deblocarea-proiectelor-de-infrastructura\\\/\"},\"wordCount\":719,\"publisher\":{\"@id\":\"https:\\\/\\\/buletin.de\\\/bucuresti\\\/#organization\"},\"image\":{\"@id\":\"https:\\\/\\\/buletin.de\\\/bucuresti\\\/robert-negoita-dupa-scrutin-daniel-plateste-greselile-altora-mesaj-transant-pentru-ciprian-ciucu-privind-deblocarea-proiectelor-de-infrastructura\\\/#primaryimage\"},\"thumbnailUrl\":\"https:\\\/\\\/buletin.de\\\/bucuresti\\\/wp-content\\\/uploads\\\/ID291762_INQUAM_Photos__.jpg\",\"keywords\":[\"baluta\",\"bulevarde\",\"ciucu\",\"negoita\",\"proiecte\"],\"articleSection\":[\"Articole\",\"Main\",\"Politic\",\"Prim\u0103rie\"],\"inLanguage\":\"en-GB\",\"copyrightYear\":\"2025\",\"copyrightHolder\":{\"@id\":\"https:\\\/\\\/buletin.de\\\/bucuresti\\\/#organization\"}},{\"@type\":\"WebPage\",\"@id\":\"https:\\\/\\\/buletin.de\\\/bucuresti\\\/robert-negoita-dupa-scrutin-daniel-plateste-greselile-altora-mesaj-transant-pentru-ciprian-ciucu-privind-deblocarea-proiectelor-de-infrastructura\\\/\",\"url\":\"https:\\\/\\\/buletin.de\\\/bucuresti\\\/robert-negoita-dupa-scrutin-daniel-plateste-greselile-altora-mesaj-transant-pentru-ciprian-ciucu-privind-deblocarea-proiectelor-de-infrastructura\\\/\",\"name\":\"Robert Negoi\u021b\u0103, dup\u0103 scrutin: \u201eDaniel pl\u0103te\u0219te gre\u0219elile altora\u201d. Mesaj tran\u0219ant pentru Ciprian Ciucu privind deblocarea proiectelor de infrastructur\u0103 - Buletin de Bucure\u0219ti\",\"isPartOf\":{\"@id\":\"https:\\\/\\\/buletin.de\\\/bucuresti\\\/#website\"},\"primaryImageOfPage\":{\"@id\":\"https:\\\/\\\/buletin.de\\\/bucuresti\\\/robert-negoita-dupa-scrutin-daniel-plateste-greselile-altora-mesaj-transant-pentru-ciprian-ciucu-privind-deblocarea-proiectelor-de-infrastructura\\\/#primaryimage\"},\"image\":{\"@id\":\"https:\\\/\\\/buletin.de\\\/bucuresti\\\/robert-negoita-dupa-scrutin-daniel-plateste-greselile-altora-mesaj-transant-pentru-ciprian-ciucu-privind-deblocarea-proiectelor-de-infrastructura\\\/#primaryimage\"},\"thumbnailUrl\":\"https:\\\/\\\/buletin.de\\\/bucuresti\\\/wp-content\\\/uploads\\\/ID291762_INQUAM_Photos__.jpg\",\"datePublished\":\"2025-12-08T16:32:15+00:00\",\"dateModified\":\"2025-12-09T11:24:35+00:00\",\"description\":\"Robert Negoi\u021b\u0103 depl\u00e2nge e\u0219ecul electoral al lui Daniel B\u0103lu\u021b\u0103 \u0219i lanseaz\u0103 deja primele cereri administrative pentru Ciprian Ciucu.\",\"breadcrumb\":{\"@id\":\"https:\\\/\\\/buletin.de\\\/bucuresti\\\/robert-negoita-dupa-scrutin-daniel-plateste-greselile-altora-mesaj-transant-pentru-ciprian-ciucu-privind-deblocarea-proiectelor-de-infrastructura\\\/#breadcrumb\"},\"inLanguage\":\"en-GB\",\"potentialAction\":[{\"@type\":\"ReadAction\",\"target\":[\"https:\\\/\\\/buletin.de\\\/bucuresti\\\/robert-negoita-dupa-scrutin-daniel-plateste-greselile-altora-mesaj-transant-pentru-ciprian-ciucu-privind-deblocarea-proiectelor-de-infrastructura\\\/\"]}]},{\"@type\":\"ImageObject\",\"inLanguage\":\"en-GB\",\"@id\":\"https:\\\/\\\/buletin.de\\\/bucuresti\\\/robert-negoita-dupa-scrutin-daniel-plateste-greselile-altora-mesaj-transant-pentru-ciprian-ciucu-privind-deblocarea-proiectelor-de-infrastructura\\\/#primaryimage\",\"url\":\"https:\\\/\\\/buletin.de\\\/bucuresti\\\/wp-content\\\/uploads\\\/ID291762_INQUAM_Photos__.jpg\",\"contentUrl\":\"https:\\\/\\\/buletin.de\\\/bucuresti\\\/wp-content\\\/uploads\\\/ID291762_INQUAM_Photos__.jpg\",\"width\":2000,\"height\":1333,\"caption\":\"Robert Negoi\u021b\u0103, dup\u0103 scrutin: \u201eDaniel pl\u0103te\u0219te gre\u0219elile altora\u201d. FOTO: Inquam Photos \\\/ M\u0103lina Norocea\"},{\"@type\":\"BreadcrumbList\",\"@id\":\"https:\\\/\\\/buletin.de\\\/bucuresti\\\/robert-negoita-dupa-scrutin-daniel-plateste-greselile-altora-mesaj-transant-pentru-ciprian-ciucu-privind-deblocarea-proiectelor-de-infrastructura\\\/#breadcrumb\",\"itemListElement\":[{\"@type\":\"ListItem\",\"position\":1,\"name\":\"Acas\u0103\",\"item\":\"https:\\\/\\\/buletin.de\\\/bucuresti\\\/\"},{\"@type\":\"ListItem\",\"position\":2,\"name\":\"Robert Negoi\u021b\u0103, dup\u0103 scrutin: \u201eDaniel pl\u0103te\u0219te gre\u0219elile altora\u201d. Mesaj tran\u0219ant pentru Ciprian Ciucu privind deblocarea proiectelor de infrastructur\u0103\"}]},{\"@type\":\"WebSite\",\"@id\":\"https:\\\/\\\/buletin.de\\\/bucuresti\\\/#website\",\"url\":\"https:\\\/\\\/buletin.de\\\/bucuresti\\\/\",\"name\":\"Buletin de Bucure\u0219ti\",\"description\":\"\u0218tiri \u0219i investiga\u021bii esen\u021biale din capital\u0103\",\"publisher\":{\"@id\":\"https:\\\/\\\/buletin.de\\\/bucuresti\\\/#organization\"},\"potentialAction\":[{\"@type\":\"SearchAction\",\"target\":{\"@type\":\"EntryPoint\",\"urlTemplate\":\"https:\\\/\\\/buletin.de\\\/bucuresti\\\/?s={search_term_string}\"},\"query-input\":{\"@type\":\"PropertyValueSpecification\",\"valueRequired\":true,\"valueName\":\"search_term_string\"}}],\"inLanguage\":\"en-GB\"},{\"@type\":\"Organization\",\"@id\":\"https:\\\/\\\/buletin.de\\\/bucuresti\\\/#organization\",\"name\":\"Buletin de Bucure\u0219ti\",\"url\":\"https:\\\/\\\/buletin.de\\\/bucuresti\\\/\",\"logo\":{\"@type\":\"ImageObject\",\"inLanguage\":\"en-GB\",\"@id\":\"https:\\\/\\\/buletin.de\\\/bucuresti\\\/#\\\/schema\\\/logo\\\/image\\\/\",\"url\":\"https:\\\/\\\/buletin.de\\\/bucuresti\\\/wp-content\\\/uploads\\\/logo-bdb-full-wide-vernil-transparent.png\",\"contentUrl\":\"https:\\\/\\\/buletin.de\\\/bucuresti\\\/wp-content\\\/uploads\\\/logo-bdb-full-wide-vernil-transparent.png\",\"width\":1782,\"height\":626,\"caption\":\"Buletin de Bucure\u0219ti\"},\"image\":{\"@id\":\"https:\\\/\\\/buletin.de\\\/bucuresti\\\/#\\\/schema\\\/logo\\\/image\\\/\"},\"sameAs\":[\"https:\\\/\\\/www.facebook.com\\\/buletin.de.buc\",\"https:\\\/\\\/www.instagram.com\\\/buletinde.bucuresti\\\/\"]},{\"@type\":\"Person\",\"@id\":\"https:\\\/\\\/buletin.de\\\/bucuresti\\\/#\\\/schema\\\/person\\\/31117187ed4d0bdb0a4c7d6acc79d0f8\",\"name\":\"C\u0103t\u0103lin Dosca\u0219\",\"image\":{\"@type\":\"ImageObject\",\"inLanguage\":\"en-GB\",\"@id\":\"https:\\\/\\\/buletin.de\\\/bucuresti\\\/wp-content\\\/uploads\\\/Catalin-Doscas-e1732731064764-96x96.jpga93e2943bb3b1c1f9ead823df6e6317a\",\"url\":\"https:\\\/\\\/buletin.de\\\/bucuresti\\\/wp-content\\\/uploads\\\/Catalin-Doscas-e1732731064764-96x96.jpg\",\"contentUrl\":\"https:\\\/\\\/buletin.de\\\/bucuresti\\\/wp-content\\\/uploads\\\/Catalin-Doscas-e1732731064764-96x96.jpg\",\"caption\":\"C\u0103t\u0103lin Dosca\u0219\"},\"description\":\"Reporter \u0219i redactor-\u0219ef Buletin de Bucure\u0219ti. Lucreaz\u0103 \u00een mass-media de la v\u00e2rsta de 15 ani, c\u00e2nd a publicat primele articole \u00een presa local\u0103 din Tecuci. \u00cen Bucure\u0219ti a lucrat \u00een redac\u021bii radio ca reporter, redactor \u0219i prezentator (StudentFM, Na\u021bionalFM, Radio Total, Smart FM), unde a acoperit domeniile politic, economic, social \u0219i externe. Ulterior, a fost editor-coordonator al postului Realitatea FM. Experien\u021ba \u00een jurnalismul online a dob\u00e2ndit-o la portalul B365.ro, unde a fost editor. \u00cen 2012 s-a angajat \u00een televiziune. La Realitatea TV a fost, pe r\u00e2nd, reporter la sec\u021bia Social, reporter special la emisiunea de reportaje \u0219i anchete \u201eReporterii Realit\u0103\u021bii\u201d, dar \u0219i editor al jurnalelor de \u0219tiri. Ulterior, a f\u0103cut parte din sec\u021bia de Investiga\u021bii de la Digi24 \u0219i a lucrat la campania \u201eRom\u00e2nia furat\u0103\u201d. A revenit \u00een presa scris\u0103 \u00een 2017, ca reporter special, \u00een cadrul unui proiect de repozi\u021bionare a tabloidului Libertatea \u00een cotidian generalist. Este jurnalist Buletin de Bucure\u0219ti din 2019.\",\"url\":\"https:\\\/\\\/buletin.de\\\/bucuresti\\\/author\\\/catalin\\\/\"}]}<\/script>\n<!-- \/ Yoast SEO Premium plugin. -->","yoast_head_json":{"title":"Robert Negoi\u021b\u0103, dup\u0103 scrutin: \u201eDaniel pl\u0103te\u0219te gre\u0219elile altora\u201d. Mesaj tran\u0219ant pentru Ciprian Ciucu privind deblocarea proiectelor de infrastructur\u0103 - Buletin de Bucure\u0219ti","description":"Robert Negoi\u021b\u0103 depl\u00e2nge e\u0219ecul electoral al lui Daniel B\u0103lu\u021b\u0103 \u0219i lanseaz\u0103 deja primele cereri administrative pentru Ciprian Ciucu.","robots":{"index":"index","follow":"follow","max-snippet":"max-snippet:-1","max-image-preview":"max-image-preview:large","max-video-preview":"max-video-preview:-1"},"canonical":"https:\/\/buletin.de\/bucuresti\/robert-negoita-dupa-scrutin-daniel-plateste-greselile-altora-mesaj-transant-pentru-ciprian-ciucu-privind-deblocarea-proiectelor-de-infrastructura\/","og_locale":"en_GB","og_type":"article","og_title":"Robert Negoi\u021b\u0103, dup\u0103 scrutin: \u201eDaniel pl\u0103te\u0219te gre\u0219elile altora\u201d. Mesaj tran\u0219ant pentru Ciprian Ciucu privind deblocarea proiectelor de infrastructur\u0103","og_description":"Robert Negoi\u021b\u0103 depl\u00e2nge e\u0219ecul electoral al lui Daniel B\u0103lu\u021b\u0103 \u0219i lanseaz\u0103 deja primele cereri administrative pentru Ciprian Ciucu.","og_url":"https:\/\/buletin.de\/bucuresti\/robert-negoita-dupa-scrutin-daniel-plateste-greselile-altora-mesaj-transant-pentru-ciprian-ciucu-privind-deblocarea-proiectelor-de-infrastructura\/","og_site_name":"Buletin de Bucure\u0219ti","article_publisher":"https:\/\/www.facebook.com\/buletin.de.buc","article_published_time":"2025-12-08T16:32:15+00:00","article_modified_time":"2025-12-09T11:24:35+00:00","og_image":[{"width":2000,"height":1333,"url":"https:\/\/buletin.de\/bucuresti\/wp-content\/uploads\/ID291762_INQUAM_Photos__.jpg","type":"image\/jpeg"}],"author":"C\u0103t\u0103lin Dosca\u0219","twitter_card":"summary_large_image","twitter_misc":{"Written by":"C\u0103t\u0103lin Dosca\u0219","Estimated reading time":"4 minutes"},"schema":{"@context":"https:\/\/schema.org","@graph":[{"@type":"Article","@id":"https:\/\/buletin.de\/bucuresti\/robert-negoita-dupa-scrutin-daniel-plateste-greselile-altora-mesaj-transant-pentru-ciprian-ciucu-privind-deblocarea-proiectelor-de-infrastructura\/#article","isPartOf":{"@id":"https:\/\/buletin.de\/bucuresti\/robert-negoita-dupa-scrutin-daniel-plateste-greselile-altora-mesaj-transant-pentru-ciprian-ciucu-privind-deblocarea-proiectelor-de-infrastructura\/"},"author":{"name":"C\u0103t\u0103lin Dosca\u0219","@id":"https:\/\/buletin.de\/bucuresti\/#\/schema\/person\/31117187ed4d0bdb0a4c7d6acc79d0f8"},"headline":"Robert Negoi\u021b\u0103, dup\u0103 scrutin: \u201eDaniel pl\u0103te\u0219te gre\u0219elile altora\u201d. Mesaj tran\u0219ant pentru Ciprian Ciucu privind deblocarea proiectelor de infrastructur\u0103","datePublished":"2025-12-08T16:32:15+00:00","dateModified":"2025-12-09T11:24:35+00:00","mainEntityOfPage":{"@id":"https:\/\/buletin.de\/bucuresti\/robert-negoita-dupa-scrutin-daniel-plateste-greselile-altora-mesaj-transant-pentru-ciprian-ciucu-privind-deblocarea-proiectelor-de-infrastructura\/"},"wordCount":719,"publisher":{"@id":"https:\/\/buletin.de\/bucuresti\/#organization"},"image":{"@id":"https:\/\/buletin.de\/bucuresti\/robert-negoita-dupa-scrutin-daniel-plateste-greselile-altora-mesaj-transant-pentru-ciprian-ciucu-privind-deblocarea-proiectelor-de-infrastructura\/#primaryimage"},"thumbnailUrl":"https:\/\/buletin.de\/bucuresti\/wp-content\/uploads\/ID291762_INQUAM_Photos__.jpg","keywords":["baluta","bulevarde","ciucu","negoita","proiecte"],"articleSection":["Articole","Main","Politic","Prim\u0103rie"],"inLanguage":"en-GB","copyrightYear":"2025","copyrightHolder":{"@id":"https:\/\/buletin.de\/bucuresti\/#organization"}},{"@type":"WebPage","@id":"https:\/\/buletin.de\/bucuresti\/robert-negoita-dupa-scrutin-daniel-plateste-greselile-altora-mesaj-transant-pentru-ciprian-ciucu-privind-deblocarea-proiectelor-de-infrastructura\/","url":"https:\/\/buletin.de\/bucuresti\/robert-negoita-dupa-scrutin-daniel-plateste-greselile-altora-mesaj-transant-pentru-ciprian-ciucu-privind-deblocarea-proiectelor-de-infrastructura\/","name":"Robert Negoi\u021b\u0103, dup\u0103 scrutin: \u201eDaniel pl\u0103te\u0219te gre\u0219elile altora\u201d. Mesaj tran\u0219ant pentru Ciprian Ciucu privind deblocarea proiectelor de infrastructur\u0103 - Buletin de Bucure\u0219ti","isPartOf":{"@id":"https:\/\/buletin.de\/bucuresti\/#website"},"primaryImageOfPage":{"@id":"https:\/\/buletin.de\/bucuresti\/robert-negoita-dupa-scrutin-daniel-plateste-greselile-altora-mesaj-transant-pentru-ciprian-ciucu-privind-deblocarea-proiectelor-de-infrastructura\/#primaryimage"},"image":{"@id":"https:\/\/buletin.de\/bucuresti\/robert-negoita-dupa-scrutin-daniel-plateste-greselile-altora-mesaj-transant-pentru-ciprian-ciucu-privind-deblocarea-proiectelor-de-infrastructura\/#primaryimage"},"thumbnailUrl":"https:\/\/buletin.de\/bucuresti\/wp-content\/uploads\/ID291762_INQUAM_Photos__.jpg","datePublished":"2025-12-08T16:32:15+00:00","dateModified":"2025-12-09T11:24:35+00:00","description":"Robert Negoi\u021b\u0103 depl\u00e2nge e\u0219ecul electoral al lui Daniel B\u0103lu\u021b\u0103 \u0219i lanseaz\u0103 deja primele cereri administrative pentru Ciprian Ciucu.","breadcrumb":{"@id":"https:\/\/buletin.de\/bucuresti\/robert-negoita-dupa-scrutin-daniel-plateste-greselile-altora-mesaj-transant-pentru-ciprian-ciucu-privind-deblocarea-proiectelor-de-infrastructura\/#breadcrumb"},"inLanguage":"en-GB","potentialAction":[{"@type":"ReadAction","target":["https:\/\/buletin.de\/bucuresti\/robert-negoita-dupa-scrutin-daniel-plateste-greselile-altora-mesaj-transant-pentru-ciprian-ciucu-privind-deblocarea-proiectelor-de-infrastructura\/"]}]},{"@type":"ImageObject","inLanguage":"en-GB","@id":"https:\/\/buletin.de\/bucuresti\/robert-negoita-dupa-scrutin-daniel-plateste-greselile-altora-mesaj-transant-pentru-ciprian-ciucu-privind-deblocarea-proiectelor-de-infrastructura\/#primaryimage","url":"https:\/\/buletin.de\/bucuresti\/wp-content\/uploads\/ID291762_INQUAM_Photos__.jpg","contentUrl":"https:\/\/buletin.de\/bucuresti\/wp-content\/uploads\/ID291762_INQUAM_Photos__.jpg","width":2000,"height":1333,"caption":"Robert Negoi\u021b\u0103, dup\u0103 scrutin: \u201eDaniel pl\u0103te\u0219te gre\u0219elile altora\u201d. FOTO: Inquam Photos \/ M\u0103lina Norocea"},{"@type":"BreadcrumbList","@id":"https:\/\/buletin.de\/bucuresti\/robert-negoita-dupa-scrutin-daniel-plateste-greselile-altora-mesaj-transant-pentru-ciprian-ciucu-privind-deblocarea-proiectelor-de-infrastructura\/#breadcrumb","itemListElement":[{"@type":"ListItem","position":1,"name":"Acas\u0103","item":"https:\/\/buletin.de\/bucuresti\/"},{"@type":"ListItem","position":2,"name":"Robert Negoi\u021b\u0103, dup\u0103 scrutin: \u201eDaniel pl\u0103te\u0219te gre\u0219elile altora\u201d. Mesaj tran\u0219ant pentru Ciprian Ciucu privind deblocarea proiectelor de infrastructur\u0103"}]},{"@type":"WebSite","@id":"https:\/\/buletin.de\/bucuresti\/#website","url":"https:\/\/buletin.de\/bucuresti\/","name":"Buletin de Bucure\u0219ti","description":"\u0218tiri \u0219i investiga\u021bii esen\u021biale din capital\u0103","publisher":{"@id":"https:\/\/buletin.de\/bucuresti\/#organization"},"potentialAction":[{"@type":"SearchAction","target":{"@type":"EntryPoint","urlTemplate":"https:\/\/buletin.de\/bucuresti\/?s={search_term_string}"},"query-input":{"@type":"PropertyValueSpecification","valueRequired":true,"valueName":"search_term_string"}}],"inLanguage":"en-GB"},{"@type":"Organization","@id":"https:\/\/buletin.de\/bucuresti\/#organization","name":"Buletin de Bucure\u0219ti","url":"https:\/\/buletin.de\/bucuresti\/","logo":{"@type":"ImageObject","inLanguage":"en-GB","@id":"https:\/\/buletin.de\/bucuresti\/#\/schema\/logo\/image\/","url":"https:\/\/buletin.de\/bucuresti\/wp-content\/uploads\/logo-bdb-full-wide-vernil-transparent.png","contentUrl":"https:\/\/buletin.de\/bucuresti\/wp-content\/uploads\/logo-bdb-full-wide-vernil-transparent.png","width":1782,"height":626,"caption":"Buletin de Bucure\u0219ti"},"image":{"@id":"https:\/\/buletin.de\/bucuresti\/#\/schema\/logo\/image\/"},"sameAs":["https:\/\/www.facebook.com\/buletin.de.buc","https:\/\/www.instagram.com\/buletinde.bucuresti\/"]},{"@type":"Person","@id":"https:\/\/buletin.de\/bucuresti\/#\/schema\/person\/31117187ed4d0bdb0a4c7d6acc79d0f8","name":"C\u0103t\u0103lin Dosca\u0219","image":{"@type":"ImageObject","inLanguage":"en-GB","@id":"https:\/\/buletin.de\/bucuresti\/wp-content\/uploads\/Catalin-Doscas-e1732731064764-96x96.jpga93e2943bb3b1c1f9ead823df6e6317a","url":"https:\/\/buletin.de\/bucuresti\/wp-content\/uploads\/Catalin-Doscas-e1732731064764-96x96.jpg","contentUrl":"https:\/\/buletin.de\/bucuresti\/wp-content\/uploads\/Catalin-Doscas-e1732731064764-96x96.jpg","caption":"C\u0103t\u0103lin Dosca\u0219"},"description":"Reporter \u0219i redactor-\u0219ef Buletin de Bucure\u0219ti. Lucreaz\u0103 \u00een mass-media de la v\u00e2rsta de 15 ani, c\u00e2nd a publicat primele articole \u00een presa local\u0103 din Tecuci. \u00cen Bucure\u0219ti a lucrat \u00een redac\u021bii radio ca reporter, redactor \u0219i prezentator (StudentFM, Na\u021bionalFM, Radio Total, Smart FM), unde a acoperit domeniile politic, economic, social \u0219i externe. Ulterior, a fost editor-coordonator al postului Realitatea FM. Experien\u021ba \u00een jurnalismul online a dob\u00e2ndit-o la portalul B365.ro, unde a fost editor. \u00cen 2012 s-a angajat \u00een televiziune. La Realitatea TV a fost, pe r\u00e2nd, reporter la sec\u021bia Social, reporter special la emisiunea de reportaje \u0219i anchete \u201eReporterii Realit\u0103\u021bii\u201d, dar \u0219i editor al jurnalelor de \u0219tiri. Ulterior, a f\u0103cut parte din sec\u021bia de Investiga\u021bii de la Digi24 \u0219i a lucrat la campania \u201eRom\u00e2nia furat\u0103\u201d. A revenit \u00een presa scris\u0103 \u00een 2017, ca reporter special, \u00een cadrul unui proiect de repozi\u021bionare a tabloidului Libertatea \u00een cotidian generalist. Este jurnalist Buletin de Bucure\u0219ti din 2019.","url":"https:\/\/buletin.de\/bucuresti\/author\/catalin\/"}]}},"authors":[{"term_id":22575,"user_id":10,"is_guest":0,"slug":"catalin","display_name":"C\u0103t\u0103lin Dosca\u0219","avatar_url":"https:\/\/buletin.de\/bucuresti\/wp-content\/uploads\/Catalin-Doscas-e1732731064764-96x96.jpg","0":null,"1":"","2":"","3":"","4":"","5":"","6":"","7":"","8":""}],"_links":{"self":[{"href":"https:\/\/buletin.de\/bucuresti\/wp-json\/wp\/v2\/posts\/161603","targetHints":{"allow":["GET"]}}],"collection":[{"href":"https:\/\/buletin.de\/bucuresti\/wp-json\/wp\/v2\/posts"}],"about":[{"href":"https:\/\/buletin.de\/bucuresti\/wp-json\/wp\/v2\/types\/post"}],"author":[{"embeddable":true,"href":"https:\/\/buletin.de\/bucuresti\/wp-json\/wp\/v2\/users\/10"}],"replies":[{"embeddable":true,"href":"https:\/\/buletin.de\/bucuresti\/wp-json\/wp\/v2\/comments?post=161603"}],"version-history":[{"count":3,"href":"https:\/\/buletin.de\/bucuresti\/wp-json\/wp\/v2\/posts\/161603\/revisions"}],"predecessor-version":[{"id":161631,"href":"https:\/\/buletin.de\/bucuresti\/wp-json\/wp\/v2\/posts\/161603\/revisions\/161631"}],"wp:featuredmedia":[{"embeddable":true,"href":"https:\/\/buletin.de\/bucuresti\/wp-json\/wp\/v2\/media\/119194"}],"wp:attachment":[{"href":"https:\/\/buletin.de\/bucuresti\/wp-json\/wp\/v2\/media?parent=161603"}],"wp:term":[{"taxonomy":"category","embeddable":true,"href":"https:\/\/buletin.de\/bucuresti\/wp-json\/wp\/v2\/categories?post=161603"},{"taxonomy":"post_tag","embeddable":true,"href":"https:\/\/buletin.de\/bucuresti\/wp-json\/wp\/v2\/tags?post=161603"},{"taxonomy":"author","embeddable":true,"href":"https:\/\/buletin.de\/bucuresti\/wp-json\/wp\/v2\/ppma_author?post=161603"}],"curies":[{"name":"wp","href":"https:\/\/api.w.org\/{rel}","templated":true}]}}