{"id":161590,"date":"2025-12-09T06:30:00","date_gmt":"2025-12-09T03:30:00","guid":{"rendered":"https:\/\/buletin.de\/bucuresti\/?p=161590"},"modified":"2025-12-08T19:54:45","modified_gmt":"2025-12-08T16:54:45","slug":"expozitia-tematica-de-la-realismul-socialist-la-comunismul-national-la-palatul-sutu","status":"publish","type":"post","link":"https:\/\/buletin.de\/bucuresti\/expozitia-tematica-de-la-realismul-socialist-la-comunismul-national-la-palatul-sutu\/","title":{"rendered":"Expozi\u021bia tematic\u0103 \u201eDe la realismul socialist la comunismul na\u021bional\u201d, la Palatul Su\u021bu"},"content":{"rendered":"\n<p><strong>Pe 12 decembrie, Muzeul Municipiului Bucure\u0219ti invit\u0103 publicul la vernisajul expozi\u021biei tematice \u201eDe la realismul socialist la comunismul na\u021bional\u201d, de la ora 17:00, la Palatul Su\u021bu. Expozi\u021bia propune o incursiune \u00een transform\u0103rile artei rom\u00e2ne\u0219ti din a doua jum\u0103tate a secolului al XX-lea.<\/strong><\/p>\n\n\n\n<p>Expozi\u021bia reune\u0219te lucr\u0103ri din colec\u021bia Pinacotecii Bucure\u0219ti \u0219i piese din alte colec\u021bii ale Muzeului Municipiului Bucure\u0219ti, contur\u00e2nd o perspectiv\u0103 complex\u0103, interdisciplinar\u0103, \u00een care istoria \u0219i antropologia completeaz\u0103 lectura artistic\u0103.<\/p>\n\n\n\n<p>Publicul va putea descoperi opere semnate de Max Herman Maxy, Jules Perahim, Adina Paula Moscu, Henri Catargi, Micaela Eleutheriade, Alexandru Ciucurencu, al\u0103turi de arti\u0219tii afirma\u021bi \u00een perioada comunismului, precum Corneliu Baba, Sabin B\u0103la\u0219a, Ovidiu \u0219i Sultana Maitec, dar \u0219i nume mai pu\u021bin cunoscute, precum Eugen Palade sau Constantin Ni\u021bescu.\u00a0<\/p>\n\n\n\n<p><strong>CITE\u0218TE \u0218I:<\/strong> <a href=\"https:\/\/buletin.de\/bucuresti\/oficial-ciprian-ciucu-este-noul-primar-general-al-bucurestiului\/\"><strong>OFICIAL | Ciprian Ciucu este noul primar general al Bucure\u0219tiului<\/strong><\/a><\/p>\n\n\n\n<h2 class=\"wp-block-heading\" id=\"h-de-la-realismul-socialist-la-comunismul-na\u021bional-doua-etape-pentru-arta-romaneasca\">\u201eDe la realismul socialist la comunismul na\u021bional\u201d. Doua etape pentru arta rom\u00e2neasc\u0103<\/h2>\n\n\n\n<p>Arta rom\u00e2neasc\u0103 a traversat dou\u0103 mari etape distincte, separate de schimb\u0103rile radicale aduse de cel de-al Doilea R\u0103zboi Mondial \u0219i de instaurarea regimului comunist. <\/p>\n\n\n\n<p>Dac\u0103 \u00eenainte de 1944 arti\u0219tii beneficiau de libertate creativ\u0103, dup\u0103 r\u0103zboi criteriile estetice au fost redefinite de noile direc\u021bii ideologice. Realismul socialist a impus teme \u0219i reprezent\u0103ri considerate adecvate noii viziuni politice, determin\u00e2nd o reorientare for\u021bat\u0103 a creatorilor: unii s-au adaptat, al\u021bii au fost marginaliza\u021bi, iar o parte au ales exilul pentru a-\u0219i p\u0103stra independen\u021ba artistic\u0103.<\/p>\n\n\n\n<p>Cea de-a doua mare etap\u0103, marcat\u0103 de consolidarea comunismului na\u021bional \u00een anii \u201960-\u201980, a adus un nou tip de instrumentalizare a imaginii artistice. Promovarea cultului personalit\u0103\u021bii \u0219i reinterpretarea istoriei au influen\u021bat profund temele, stilurile \u0219i ierarhiile din arta plastic\u0103 rom\u00e2neasc\u0103. \u00cen acest context, arti\u0219ti consacra\u021bi sau debutan\u021bi au fost \u00eempin\u0219i s\u0103 r\u0103spund\u0103 cerin\u021belor politice prin lucr\u0103ri figurative, descriptive \u0219i conforme ideologiei oficiale.<\/p>\n\n\n\n<p><strong>CITE\u0218TE \u0218I:<\/strong> <a href=\"https:\/\/buletin.de\/bucuresti\/un-candidat-a-iesit-pe-locul-6-in-alegerile-pentru-primaria-capitalei-desi-s-a-retras-din-cursa-candidatul-pot-a-luat-mai-putine-voturi-decat-candidatul-retras\/\"><strong>Un candidat a ie\u0219it pe locul 6 \u00een alegerile pentru Prim\u0103ria Capitalei, de\u0219i s-a retras din curs\u0103. Candidatul POT a luat mai pu\u021bine voturi dec\u00e2t candidatul retras<\/strong><\/a><\/p>\n\n\n\n<p> <\/p>\n\n\n\n<p> <\/p>\n\n\n\n<p><\/p>\n","protected":false},"excerpt":{"rendered":"<p>Pe 12 decembrie, Muzeul Municipiului Bucure\u0219ti invit\u0103 publicul la vernisajul expozi\u021biei tematice \u201eDe la realismul socialist la comunismul na\u021bional\u201d, de la ora 17:00, la Palatul Su\u021bu. Expozi\u021bia propune o incursiune \u00een transform\u0103rile artei rom\u00e2ne\u0219ti din a doua jum\u0103tate a secolului al XX-lea. Expozi\u021bia reune\u0219te lucr\u0103ri din colec\u021bia Pinacotecii Bucure\u0219ti \u0219i piese din alte colec\u021bii ale [&hellip;]<\/p>\n","protected":false},"author":49,"featured_media":161596,"comment_status":"closed","ping_status":"open","sticky":false,"template":"","format":"standard","meta":{"_acf_changed":false,"inline_featured_image":false,"ngg_post_thumbnail":0,"footnotes":""},"categories":[6994,81,62],"tags":[25035,6789,20810],"ppma_author":[22574],"class_list":["post-161590","post","type-post","status-publish","format-standard","has-post-thumbnail","hentry","category-stiri-2","category-cultura","category-stiri","tag-de-la-realismul-socialist-la-comunismul-national","tag-muzeul-municipiului-bucuresti","tag-palatul-sutu-2"],"acf":[],"yoast_head":"<!-- This site is optimized with the Yoast SEO Premium plugin v25.3 (Yoast SEO v27.4) - https:\/\/yoast.com\/product\/yoast-seo-premium-wordpress\/ -->\n<title>Expozi\u021bia tematic\u0103 \u201eDe la realismul socialist la comunismul na\u021bional\u201d, la Palatul Su\u021bu - Buletin de Bucure\u0219ti<\/title>\n<meta name=\"description\" content=\"Muzeul Municipiului Bucure\u0219ti invit\u0103 publicul la vernisajul expozi\u021biei tematice \u201eDe la realismul socialist la comunismul na\u021bional\u201d.\" \/>\n<meta name=\"robots\" content=\"index, follow, max-snippet:-1, max-image-preview:large, max-video-preview:-1\" \/>\n<link rel=\"canonical\" href=\"https:\/\/buletin.de\/bucuresti\/expozitia-tematica-de-la-realismul-socialist-la-comunismul-national-la-palatul-sutu\/\" \/>\n<meta property=\"og:locale\" content=\"en_GB\" \/>\n<meta property=\"og:type\" content=\"article\" \/>\n<meta property=\"og:title\" content=\"Expozi\u021bia tematic\u0103 \u201eDe la realismul socialist la comunismul na\u021bional\u201d, la Palatul Su\u021bu\" \/>\n<meta property=\"og:description\" content=\"Muzeul Municipiului Bucure\u0219ti invit\u0103 publicul la vernisajul expozi\u021biei tematice \u201eDe la realismul socialist la comunismul na\u021bional\u201d.\" \/>\n<meta property=\"og:url\" content=\"https:\/\/buletin.de\/bucuresti\/expozitia-tematica-de-la-realismul-socialist-la-comunismul-national-la-palatul-sutu\/\" \/>\n<meta property=\"og:site_name\" content=\"Buletin de Bucure\u0219ti\" \/>\n<meta property=\"article:publisher\" content=\"https:\/\/www.facebook.com\/buletin.de.buc\" \/>\n<meta property=\"article:published_time\" content=\"2025-12-09T03:30:00+00:00\" \/>\n<meta property=\"og:image\" content=\"https:\/\/buletin.de\/bucuresti\/wp-content\/uploads\/2025\/12\/Afis-realism-1200x600-1.jpg\" \/>\n\t<meta property=\"og:image:width\" content=\"1200\" \/>\n\t<meta property=\"og:image:height\" content=\"600\" \/>\n\t<meta property=\"og:image:type\" content=\"image\/jpeg\" \/>\n<meta name=\"author\" content=\"Diana Matei\" \/>\n<meta name=\"twitter:card\" content=\"summary_large_image\" \/>\n<meta name=\"twitter:label1\" content=\"Written by\" \/>\n\t<meta name=\"twitter:data1\" content=\"Diana Matei\" \/>\n\t<meta name=\"twitter:label2\" content=\"Estimated reading time\" \/>\n\t<meta name=\"twitter:data2\" content=\"2 minutes\" \/>\n<script type=\"application\/ld+json\" class=\"yoast-schema-graph\">{\"@context\":\"https:\\\/\\\/schema.org\",\"@graph\":[{\"@type\":\"Article\",\"@id\":\"https:\\\/\\\/buletin.de\\\/bucuresti\\\/expozitia-tematica-de-la-realismul-socialist-la-comunismul-national-la-palatul-sutu\\\/#article\",\"isPartOf\":{\"@id\":\"https:\\\/\\\/buletin.de\\\/bucuresti\\\/expozitia-tematica-de-la-realismul-socialist-la-comunismul-national-la-palatul-sutu\\\/\"},\"author\":{\"name\":\"Diana Matei\",\"@id\":\"https:\\\/\\\/buletin.de\\\/bucuresti\\\/#\\\/schema\\\/person\\\/7e46040573290777280a0835d81ea4ea\"},\"headline\":\"Expozi\u021bia tematic\u0103 \u201eDe la realismul socialist la comunismul na\u021bional\u201d, la Palatul Su\u021bu\",\"datePublished\":\"2025-12-09T03:30:00+00:00\",\"mainEntityOfPage\":{\"@id\":\"https:\\\/\\\/buletin.de\\\/bucuresti\\\/expozitia-tematica-de-la-realismul-socialist-la-comunismul-national-la-palatul-sutu\\\/\"},\"wordCount\":384,\"publisher\":{\"@id\":\"https:\\\/\\\/buletin.de\\\/bucuresti\\\/#organization\"},\"image\":{\"@id\":\"https:\\\/\\\/buletin.de\\\/bucuresti\\\/expozitia-tematica-de-la-realismul-socialist-la-comunismul-national-la-palatul-sutu\\\/#primaryimage\"},\"thumbnailUrl\":\"https:\\\/\\\/buletin.de\\\/bucuresti\\\/wp-content\\\/uploads\\\/2025\\\/12\\\/Afis-realism-1200x600-1.jpg\",\"keywords\":[\"De la realismul socialist la comunismul na\u021bional\",\"Muzeul Municipiului Bucure\u0219ti\",\"Palatul Su\u021bu\"],\"articleSection\":[\"Articole\",\"Cultur\u0103\",\"\u0218tiri\"],\"inLanguage\":\"en-GB\",\"copyrightYear\":\"2025\",\"copyrightHolder\":{\"@id\":\"https:\\\/\\\/buletin.de\\\/bucuresti\\\/#organization\"}},{\"@type\":\"WebPage\",\"@id\":\"https:\\\/\\\/buletin.de\\\/bucuresti\\\/expozitia-tematica-de-la-realismul-socialist-la-comunismul-national-la-palatul-sutu\\\/\",\"url\":\"https:\\\/\\\/buletin.de\\\/bucuresti\\\/expozitia-tematica-de-la-realismul-socialist-la-comunismul-national-la-palatul-sutu\\\/\",\"name\":\"Expozi\u021bia tematic\u0103 \u201eDe la realismul socialist la comunismul na\u021bional\u201d, la Palatul Su\u021bu - Buletin de Bucure\u0219ti\",\"isPartOf\":{\"@id\":\"https:\\\/\\\/buletin.de\\\/bucuresti\\\/#website\"},\"primaryImageOfPage\":{\"@id\":\"https:\\\/\\\/buletin.de\\\/bucuresti\\\/expozitia-tematica-de-la-realismul-socialist-la-comunismul-national-la-palatul-sutu\\\/#primaryimage\"},\"image\":{\"@id\":\"https:\\\/\\\/buletin.de\\\/bucuresti\\\/expozitia-tematica-de-la-realismul-socialist-la-comunismul-national-la-palatul-sutu\\\/#primaryimage\"},\"thumbnailUrl\":\"https:\\\/\\\/buletin.de\\\/bucuresti\\\/wp-content\\\/uploads\\\/2025\\\/12\\\/Afis-realism-1200x600-1.jpg\",\"datePublished\":\"2025-12-09T03:30:00+00:00\",\"description\":\"Muzeul Municipiului Bucure\u0219ti invit\u0103 publicul la vernisajul expozi\u021biei tematice \u201eDe la realismul socialist la comunismul na\u021bional\u201d.\",\"breadcrumb\":{\"@id\":\"https:\\\/\\\/buletin.de\\\/bucuresti\\\/expozitia-tematica-de-la-realismul-socialist-la-comunismul-national-la-palatul-sutu\\\/#breadcrumb\"},\"inLanguage\":\"en-GB\",\"potentialAction\":[{\"@type\":\"ReadAction\",\"target\":[\"https:\\\/\\\/buletin.de\\\/bucuresti\\\/expozitia-tematica-de-la-realismul-socialist-la-comunismul-national-la-palatul-sutu\\\/\"]}]},{\"@type\":\"ImageObject\",\"inLanguage\":\"en-GB\",\"@id\":\"https:\\\/\\\/buletin.de\\\/bucuresti\\\/expozitia-tematica-de-la-realismul-socialist-la-comunismul-national-la-palatul-sutu\\\/#primaryimage\",\"url\":\"https:\\\/\\\/buletin.de\\\/bucuresti\\\/wp-content\\\/uploads\\\/2025\\\/12\\\/Afis-realism-1200x600-1.jpg\",\"contentUrl\":\"https:\\\/\\\/buletin.de\\\/bucuresti\\\/wp-content\\\/uploads\\\/2025\\\/12\\\/Afis-realism-1200x600-1.jpg\",\"width\":1200,\"height\":600,\"caption\":\"Expozi\u021bia tematic\u0103 \u201eDe la realismul socialist la comunismul na\u021bional\u201d, la Palatul Su\u021bu. FOTO: MMB\"},{\"@type\":\"BreadcrumbList\",\"@id\":\"https:\\\/\\\/buletin.de\\\/bucuresti\\\/expozitia-tematica-de-la-realismul-socialist-la-comunismul-national-la-palatul-sutu\\\/#breadcrumb\",\"itemListElement\":[{\"@type\":\"ListItem\",\"position\":1,\"name\":\"Acas\u0103\",\"item\":\"https:\\\/\\\/buletin.de\\\/bucuresti\\\/\"},{\"@type\":\"ListItem\",\"position\":2,\"name\":\"Expozi\u021bia tematic\u0103 \u201eDe la realismul socialist la comunismul na\u021bional\u201d, la Palatul Su\u021bu\"}]},{\"@type\":\"WebSite\",\"@id\":\"https:\\\/\\\/buletin.de\\\/bucuresti\\\/#website\",\"url\":\"https:\\\/\\\/buletin.de\\\/bucuresti\\\/\",\"name\":\"Buletin de Bucure\u0219ti\",\"description\":\"\u0218tiri \u0219i investiga\u021bii esen\u021biale din capital\u0103\",\"publisher\":{\"@id\":\"https:\\\/\\\/buletin.de\\\/bucuresti\\\/#organization\"},\"potentialAction\":[{\"@type\":\"SearchAction\",\"target\":{\"@type\":\"EntryPoint\",\"urlTemplate\":\"https:\\\/\\\/buletin.de\\\/bucuresti\\\/?s={search_term_string}\"},\"query-input\":{\"@type\":\"PropertyValueSpecification\",\"valueRequired\":true,\"valueName\":\"search_term_string\"}}],\"inLanguage\":\"en-GB\"},{\"@type\":\"Organization\",\"@id\":\"https:\\\/\\\/buletin.de\\\/bucuresti\\\/#organization\",\"name\":\"Buletin de Bucure\u0219ti\",\"url\":\"https:\\\/\\\/buletin.de\\\/bucuresti\\\/\",\"logo\":{\"@type\":\"ImageObject\",\"inLanguage\":\"en-GB\",\"@id\":\"https:\\\/\\\/buletin.de\\\/bucuresti\\\/#\\\/schema\\\/logo\\\/image\\\/\",\"url\":\"https:\\\/\\\/buletin.de\\\/bucuresti\\\/wp-content\\\/uploads\\\/logo-bdb-full-wide-vernil-transparent.png\",\"contentUrl\":\"https:\\\/\\\/buletin.de\\\/bucuresti\\\/wp-content\\\/uploads\\\/logo-bdb-full-wide-vernil-transparent.png\",\"width\":1782,\"height\":626,\"caption\":\"Buletin de Bucure\u0219ti\"},\"image\":{\"@id\":\"https:\\\/\\\/buletin.de\\\/bucuresti\\\/#\\\/schema\\\/logo\\\/image\\\/\"},\"sameAs\":[\"https:\\\/\\\/www.facebook.com\\\/buletin.de.buc\",\"https:\\\/\\\/www.instagram.com\\\/buletinde.bucuresti\\\/\"]},{\"@type\":\"Person\",\"@id\":\"https:\\\/\\\/buletin.de\\\/bucuresti\\\/#\\\/schema\\\/person\\\/7e46040573290777280a0835d81ea4ea\",\"name\":\"Diana Matei\",\"image\":{\"@type\":\"ImageObject\",\"inLanguage\":\"en-GB\",\"@id\":\"https:\\\/\\\/buletin.de\\\/bucuresti\\\/wp-content\\\/uploads\\\/9-2-96x96.jpg1e8590b30871d70e62ebcdaf2eff570c\",\"url\":\"https:\\\/\\\/buletin.de\\\/bucuresti\\\/wp-content\\\/uploads\\\/9-2-96x96.jpg\",\"contentUrl\":\"https:\\\/\\\/buletin.de\\\/bucuresti\\\/wp-content\\\/uploads\\\/9-2-96x96.jpg\",\"caption\":\"Diana Matei\"},\"url\":\"https:\\\/\\\/buletin.de\\\/bucuresti\\\/author\\\/dianamatei\\\/\"}]}<\/script>\n<!-- \/ Yoast SEO Premium plugin. -->","yoast_head_json":{"title":"Expozi\u021bia tematic\u0103 \u201eDe la realismul socialist la comunismul na\u021bional\u201d, la Palatul Su\u021bu - Buletin de Bucure\u0219ti","description":"Muzeul Municipiului Bucure\u0219ti invit\u0103 publicul la vernisajul expozi\u021biei tematice \u201eDe la realismul socialist la comunismul na\u021bional\u201d.","robots":{"index":"index","follow":"follow","max-snippet":"max-snippet:-1","max-image-preview":"max-image-preview:large","max-video-preview":"max-video-preview:-1"},"canonical":"https:\/\/buletin.de\/bucuresti\/expozitia-tematica-de-la-realismul-socialist-la-comunismul-national-la-palatul-sutu\/","og_locale":"en_GB","og_type":"article","og_title":"Expozi\u021bia tematic\u0103 \u201eDe la realismul socialist la comunismul na\u021bional\u201d, la Palatul Su\u021bu","og_description":"Muzeul Municipiului Bucure\u0219ti invit\u0103 publicul la vernisajul expozi\u021biei tematice \u201eDe la realismul socialist la comunismul na\u021bional\u201d.","og_url":"https:\/\/buletin.de\/bucuresti\/expozitia-tematica-de-la-realismul-socialist-la-comunismul-national-la-palatul-sutu\/","og_site_name":"Buletin de Bucure\u0219ti","article_publisher":"https:\/\/www.facebook.com\/buletin.de.buc","article_published_time":"2025-12-09T03:30:00+00:00","og_image":[{"width":1200,"height":600,"url":"https:\/\/buletin.de\/bucuresti\/wp-content\/uploads\/2025\/12\/Afis-realism-1200x600-1.jpg","type":"image\/jpeg"}],"author":"Diana Matei","twitter_card":"summary_large_image","twitter_misc":{"Written by":"Diana Matei","Estimated reading time":"2 minutes"},"schema":{"@context":"https:\/\/schema.org","@graph":[{"@type":"Article","@id":"https:\/\/buletin.de\/bucuresti\/expozitia-tematica-de-la-realismul-socialist-la-comunismul-national-la-palatul-sutu\/#article","isPartOf":{"@id":"https:\/\/buletin.de\/bucuresti\/expozitia-tematica-de-la-realismul-socialist-la-comunismul-national-la-palatul-sutu\/"},"author":{"name":"Diana Matei","@id":"https:\/\/buletin.de\/bucuresti\/#\/schema\/person\/7e46040573290777280a0835d81ea4ea"},"headline":"Expozi\u021bia tematic\u0103 \u201eDe la realismul socialist la comunismul na\u021bional\u201d, la Palatul Su\u021bu","datePublished":"2025-12-09T03:30:00+00:00","mainEntityOfPage":{"@id":"https:\/\/buletin.de\/bucuresti\/expozitia-tematica-de-la-realismul-socialist-la-comunismul-national-la-palatul-sutu\/"},"wordCount":384,"publisher":{"@id":"https:\/\/buletin.de\/bucuresti\/#organization"},"image":{"@id":"https:\/\/buletin.de\/bucuresti\/expozitia-tematica-de-la-realismul-socialist-la-comunismul-national-la-palatul-sutu\/#primaryimage"},"thumbnailUrl":"https:\/\/buletin.de\/bucuresti\/wp-content\/uploads\/2025\/12\/Afis-realism-1200x600-1.jpg","keywords":["De la realismul socialist la comunismul na\u021bional","Muzeul Municipiului Bucure\u0219ti","Palatul Su\u021bu"],"articleSection":["Articole","Cultur\u0103","\u0218tiri"],"inLanguage":"en-GB","copyrightYear":"2025","copyrightHolder":{"@id":"https:\/\/buletin.de\/bucuresti\/#organization"}},{"@type":"WebPage","@id":"https:\/\/buletin.de\/bucuresti\/expozitia-tematica-de-la-realismul-socialist-la-comunismul-national-la-palatul-sutu\/","url":"https:\/\/buletin.de\/bucuresti\/expozitia-tematica-de-la-realismul-socialist-la-comunismul-national-la-palatul-sutu\/","name":"Expozi\u021bia tematic\u0103 \u201eDe la realismul socialist la comunismul na\u021bional\u201d, la Palatul Su\u021bu - Buletin de Bucure\u0219ti","isPartOf":{"@id":"https:\/\/buletin.de\/bucuresti\/#website"},"primaryImageOfPage":{"@id":"https:\/\/buletin.de\/bucuresti\/expozitia-tematica-de-la-realismul-socialist-la-comunismul-national-la-palatul-sutu\/#primaryimage"},"image":{"@id":"https:\/\/buletin.de\/bucuresti\/expozitia-tematica-de-la-realismul-socialist-la-comunismul-national-la-palatul-sutu\/#primaryimage"},"thumbnailUrl":"https:\/\/buletin.de\/bucuresti\/wp-content\/uploads\/2025\/12\/Afis-realism-1200x600-1.jpg","datePublished":"2025-12-09T03:30:00+00:00","description":"Muzeul Municipiului Bucure\u0219ti invit\u0103 publicul la vernisajul expozi\u021biei tematice \u201eDe la realismul socialist la comunismul na\u021bional\u201d.","breadcrumb":{"@id":"https:\/\/buletin.de\/bucuresti\/expozitia-tematica-de-la-realismul-socialist-la-comunismul-national-la-palatul-sutu\/#breadcrumb"},"inLanguage":"en-GB","potentialAction":[{"@type":"ReadAction","target":["https:\/\/buletin.de\/bucuresti\/expozitia-tematica-de-la-realismul-socialist-la-comunismul-national-la-palatul-sutu\/"]}]},{"@type":"ImageObject","inLanguage":"en-GB","@id":"https:\/\/buletin.de\/bucuresti\/expozitia-tematica-de-la-realismul-socialist-la-comunismul-national-la-palatul-sutu\/#primaryimage","url":"https:\/\/buletin.de\/bucuresti\/wp-content\/uploads\/2025\/12\/Afis-realism-1200x600-1.jpg","contentUrl":"https:\/\/buletin.de\/bucuresti\/wp-content\/uploads\/2025\/12\/Afis-realism-1200x600-1.jpg","width":1200,"height":600,"caption":"Expozi\u021bia tematic\u0103 \u201eDe la realismul socialist la comunismul na\u021bional\u201d, la Palatul Su\u021bu. FOTO: MMB"},{"@type":"BreadcrumbList","@id":"https:\/\/buletin.de\/bucuresti\/expozitia-tematica-de-la-realismul-socialist-la-comunismul-national-la-palatul-sutu\/#breadcrumb","itemListElement":[{"@type":"ListItem","position":1,"name":"Acas\u0103","item":"https:\/\/buletin.de\/bucuresti\/"},{"@type":"ListItem","position":2,"name":"Expozi\u021bia tematic\u0103 \u201eDe la realismul socialist la comunismul na\u021bional\u201d, la Palatul Su\u021bu"}]},{"@type":"WebSite","@id":"https:\/\/buletin.de\/bucuresti\/#website","url":"https:\/\/buletin.de\/bucuresti\/","name":"Buletin de Bucure\u0219ti","description":"\u0218tiri \u0219i investiga\u021bii esen\u021biale din capital\u0103","publisher":{"@id":"https:\/\/buletin.de\/bucuresti\/#organization"},"potentialAction":[{"@type":"SearchAction","target":{"@type":"EntryPoint","urlTemplate":"https:\/\/buletin.de\/bucuresti\/?s={search_term_string}"},"query-input":{"@type":"PropertyValueSpecification","valueRequired":true,"valueName":"search_term_string"}}],"inLanguage":"en-GB"},{"@type":"Organization","@id":"https:\/\/buletin.de\/bucuresti\/#organization","name":"Buletin de Bucure\u0219ti","url":"https:\/\/buletin.de\/bucuresti\/","logo":{"@type":"ImageObject","inLanguage":"en-GB","@id":"https:\/\/buletin.de\/bucuresti\/#\/schema\/logo\/image\/","url":"https:\/\/buletin.de\/bucuresti\/wp-content\/uploads\/logo-bdb-full-wide-vernil-transparent.png","contentUrl":"https:\/\/buletin.de\/bucuresti\/wp-content\/uploads\/logo-bdb-full-wide-vernil-transparent.png","width":1782,"height":626,"caption":"Buletin de Bucure\u0219ti"},"image":{"@id":"https:\/\/buletin.de\/bucuresti\/#\/schema\/logo\/image\/"},"sameAs":["https:\/\/www.facebook.com\/buletin.de.buc","https:\/\/www.instagram.com\/buletinde.bucuresti\/"]},{"@type":"Person","@id":"https:\/\/buletin.de\/bucuresti\/#\/schema\/person\/7e46040573290777280a0835d81ea4ea","name":"Diana Matei","image":{"@type":"ImageObject","inLanguage":"en-GB","@id":"https:\/\/buletin.de\/bucuresti\/wp-content\/uploads\/9-2-96x96.jpg1e8590b30871d70e62ebcdaf2eff570c","url":"https:\/\/buletin.de\/bucuresti\/wp-content\/uploads\/9-2-96x96.jpg","contentUrl":"https:\/\/buletin.de\/bucuresti\/wp-content\/uploads\/9-2-96x96.jpg","caption":"Diana Matei"},"url":"https:\/\/buletin.de\/bucuresti\/author\/dianamatei\/"}]}},"authors":[{"term_id":22574,"user_id":49,"is_guest":0,"slug":"dianamatei","display_name":"Diana Matei","avatar_url":"https:\/\/buletin.de\/bucuresti\/wp-content\/uploads\/9-2-96x96.jpg","0":null,"1":"","2":"","3":"","4":"","5":"","6":"","7":"","8":""}],"_links":{"self":[{"href":"https:\/\/buletin.de\/bucuresti\/wp-json\/wp\/v2\/posts\/161590","targetHints":{"allow":["GET"]}}],"collection":[{"href":"https:\/\/buletin.de\/bucuresti\/wp-json\/wp\/v2\/posts"}],"about":[{"href":"https:\/\/buletin.de\/bucuresti\/wp-json\/wp\/v2\/types\/post"}],"author":[{"embeddable":true,"href":"https:\/\/buletin.de\/bucuresti\/wp-json\/wp\/v2\/users\/49"}],"replies":[{"embeddable":true,"href":"https:\/\/buletin.de\/bucuresti\/wp-json\/wp\/v2\/comments?post=161590"}],"version-history":[{"count":2,"href":"https:\/\/buletin.de\/bucuresti\/wp-json\/wp\/v2\/posts\/161590\/revisions"}],"predecessor-version":[{"id":161616,"href":"https:\/\/buletin.de\/bucuresti\/wp-json\/wp\/v2\/posts\/161590\/revisions\/161616"}],"wp:featuredmedia":[{"embeddable":true,"href":"https:\/\/buletin.de\/bucuresti\/wp-json\/wp\/v2\/media\/161596"}],"wp:attachment":[{"href":"https:\/\/buletin.de\/bucuresti\/wp-json\/wp\/v2\/media?parent=161590"}],"wp:term":[{"taxonomy":"category","embeddable":true,"href":"https:\/\/buletin.de\/bucuresti\/wp-json\/wp\/v2\/categories?post=161590"},{"taxonomy":"post_tag","embeddable":true,"href":"https:\/\/buletin.de\/bucuresti\/wp-json\/wp\/v2\/tags?post=161590"},{"taxonomy":"author","embeddable":true,"href":"https:\/\/buletin.de\/bucuresti\/wp-json\/wp\/v2\/ppma_author?post=161590"}],"curies":[{"name":"wp","href":"https:\/\/api.w.org\/{rel}","templated":true}]}}