{"id":161584,"date":"2025-12-09T05:30:00","date_gmt":"2025-12-09T02:30:00","guid":{"rendered":"https:\/\/buletin.de\/bucuresti\/?p=161584"},"modified":"2025-12-08T22:16:14","modified_gmt":"2025-12-08T19:16:14","slug":"cfr-calatori-anunta-noul-mers-al-trenurilor-pentru-2025-2026-noi-rute-internationale-din-bucuresti","status":"publish","type":"post","link":"https:\/\/buletin.de\/bucuresti\/cfr-calatori-anunta-noul-mers-al-trenurilor-pentru-2025-2026-noi-rute-internationale-din-bucuresti\/","title":{"rendered":"CFR C\u0103l\u0103tori anun\u021b\u0103 noul Mers al Trenurilor pentru 2025 &#8211; 2026. Noi rute interna\u021bionale din Bucure\u0219ti"},"content":{"rendered":"\n<p><strong>Compania CFR C\u0103l\u0103tori a anun\u021bat noul Mers al Trenurilor, pentru 2025 &#8211; 2026, care va intra \u00een vigoare \u00eencep\u00e2nd cu data de 14 decembrie 2025 \u0219i valabil p\u00e2n\u0103 pe 12 decembrie 2026. <\/strong><\/p>\n\n\n\n<p>\u00cen fiecare zi, compania va asigura circula\u021bia a peste 1150 de trenuri, \u00een func\u021bie de perioada din an. Este vorba despre 52 de trenuri \u00een trafic interna\u021bional, 20 Intercity, 112 Interregio, 26 de trenuri sezoniere \u0219i 962 de trenuri Regio, pentru a acoperi transportul feroviar la nivel na\u021bional. <\/p>\n\n\n\n<p>Noul plan reflect\u0103 investi\u021biile realizate \u00een modernizarea serviciului de transport feroviar, introducerea materialului rulant nou \u0219i operarea unor trenuri suplimentare pentru a r\u0103spunde mai bine cererii de mobilitate la nivel na\u021bional \u0219i interna\u021bional. <\/p>\n\n\n\n<h2 class=\"wp-block-heading\" id=\"h-noul-mers-al-trenurilor-pentru-2025-2026\">Noul Mers al Trenurilor pentru 2025 &#8211; 2026<\/h2>\n\n\n\n<p>\u00centr-un <a href=\"https:\/\/www.cfrcalatori.ro\/comunicate\/trecerea-la-noul-mers-al-trenurilor-2025-2026\/?fbclid=IwY2xjawOjl2hleHRuA2FlbQIxMABicmlkETBkOXZUSXhUOFRSTVQ4a29pc3J0YwZhcHBfaWQQMjIyMDM5MTc4ODIwMDg5MgABHv3P3k9WaYBeU2E77IrXYbEp8TIJN9MuN0kudYEiRBovzcgVXt4Gr3Q7i275_aem_YKmAuODMR1FWFZoE4SFk2Q\" target=\"_blank\" rel=\"noreferrer noopener\">comunicat<\/a>, CFR C\u0103l\u0103tori a anun\u021bat nout\u0103\u021bi privind<strong> leg\u0103turile directe \u00eentre Budapesta \u0219i Bucure\u0219ti.<\/strong> \u00cencep\u00e2nd cu noul mers al trenurilor, trenurile <strong>IR 72 <\/strong>\u0219i <strong>IR 73 <\/strong>vor circula pe rela\u021bia direct\u0103 dintre <strong>Budapeste Keleti &#8211; Bucure\u0219ti Nord<\/strong>, extinz\u00e2nd traseul actual care se \u00eencheia la Craiova. Modificarea va asigura o leg\u0103tur\u0103 direct\u0103 cu capitala Rom\u00e2niei. <\/p>\n\n\n\n<p>De asemenea, trenurile <strong>IR 346 <\/strong>\u0219i <strong>IR 347 <\/strong>vor circula din nou p\u00e2n\u0103 la<strong> Viena Westbahnhof<\/strong>, pe un traseu direct, via Budapesta Kelenfold, \u00een loc de Budapesta Keleti. \u00cen plus, rela\u021bia Baia Mare &#8211; Viena Westbahnhof va continua s\u0103 fie deservit\u0103 de trenurile Some\u0219 687\/686, pentru fluidizarea circula\u021biei \u0219i facilitarea accesului pasagerilor la conexiuni interna\u021bionale rapide \u0219i eficiente c\u0103tre diverse destina\u021bii europene. <\/p>\n\n\n\n<p><a href=\"https:\/\/buletin.de\/bucuresti\/cfr-calatori-renunta-la-cateva-trenuri-intercity-pe-rutele-bucuresti-suceava-si-bucuresti-iasi-club-feroviar\/\" target=\"_blank\" rel=\"noreferrer noopener\">CFR C\u0103l\u0103tori <\/a>introduce<strong> noi trenuri sezoniere pe ruta Bucure\u0219ti &#8211; Giurgiu &#8211; Ruse<\/strong>, pentru sezonul estival 2026. Este vorba despre <strong>4 trenuri noi<\/strong> pe rela\u021bia Bucure\u0219ti Nord &#8211; Bucure\u0219ti Progresu &#8211; Giurgiu &#8211; Ruse \u0219i retur, care contribuie la dezvoltarea mobilit\u0103\u021bii transfrontaliere, precum \u0219i la consolidarea leg\u0103turilor regionale. <\/p>\n\n\n\n<p>Parteneriatul cu compania feroviar\u0103 Ucrainean\u0103 UZ va continua \u00een noul mers prin <strong>men\u021binerea grupei de vagoane    Kiev \u2013 Ungheni \u2013 Bucure\u0219ti Nord \u0219i retur<\/strong>, grupa direct\u0103 a trenului Prietenia 401\/402, pentru a oferi o conexiune stabil\u0103 \u00eentre Rom\u00e2nia \u0219i Ucraina. <\/p>\n\n\n\n<p>Mai mult, \u00een contextul ader\u0103rii Rom\u00e2niei la spa\u021biul Schengen, <strong>vor fi reduse sta\u021bion\u0103rile trenurilor interna\u021bionale<\/strong>, ca urmare a elimin\u0103rii controlului documentelor.<\/p>\n\n\n\n<h2 class=\"wp-block-heading\" id=\"h-modernizare-in-ceea-ce-prive\u0219te-traficul-intern\">Modernizare \u00een ceea ce prive\u0219te traficul intern <\/h2>\n\n\n\n<p>Noul Mers al Trenurilor va aduce schimb\u0103ri \u0219i \u00een traficul intern, prin introducerea de material rulant modern, printre altele. <\/p>\n\n\n\n<p>Vor continua <strong>livr\u0103rile de vagoane \u0219i locomotive modernizate prin PNRR<\/strong> &#8211; dotate cu Wi-Fi, sisteme de informare, climatizare \u0219i facilit\u0103\u021bi pentru persoane cu mobilizare redus\u0103. <strong>O parte dintre trenurile Interegio vor fi reclasificate \u00een intercity. <\/strong><\/p>\n\n\n\n<p><strong>Noile rame electrice Alstom Coradia Stream <\/strong>vor intra treptat \u00een circula\u021bie pe unele rute foarte solicitate, cum ar fi Bucure\u0219ti &#8211; Constan\u021ba, Bucure\u0219ti &#8211; Craiova sau Bucure\u0219ti &#8211; Arad. P\u00e2n\u0103 la \u00eenceputul anului 2026, vor fi operate <strong>11 unit\u0103\u021bi. <\/strong><\/p>\n\n\n\n<p>Tot anul viitor sunt programate \u0219i <strong>rame PESA, pe ruta Bucure\u0219ti &#8211; Buz\u0103u &#8211; Adjud<\/strong>. Este vorba de 7 astfel de trenuri, aflate \u00een prezent \u00een proces de testare \u0219i recep\u021bie.<\/p>\n\n\n\n<p>Compania a anun\u021bat c\u0103 procesul de modernizare a parcului feroviar va r\u0103m\u00e2ne unul continuu, pe m\u0103sur\u0103 ce noile garnituri vor \u00eenlocui materialul rulant cu uzur\u0103 ridicat\u0103. <\/p>\n\n\n\n<h2 class=\"wp-block-heading\" id=\"h-oferte-pentru-pasagerii-cfr-calatori\">Oferte pentru pasagerii CFR C\u0103l\u0103tori <\/h2>\n\n\n\n<p>\u00cen continuare, pasagerii vor beneficia de <strong>mai multe reduceri tarifare<\/strong>, precum cardul TrenPlus \u0219i oferta dus-\u00eentors, dar \u0219i achizi\u021bia cu anticipa\u021bie. Toate detaliile sunt disponibile pe <a href=\"https:\/\/www.cfrcalatori.ro\/\">site-ul CFR C\u0103l\u0103tori<\/a>, la sec\u021biunea \u201eTrafic Intern\u201d. <\/p>\n\n\n\n<p>\u00cen ceea ce prive\u0219te traficul interna\u021bional, c\u0103l\u0103torii au la dispozi\u021bie <strong>oferte comerciale \u00een func\u021bie de destina\u021bie <\/strong>(Ungaria, Austria, Germania, Polonia, Cehia, Slovacia \u0219i Moldova), dar \u0219i oferta Interrail care poate fi considerat\u0103 un abonament feroviar interna\u021bional pentru c\u0103l\u0103toria \u00een mai multe \u021b\u0103ri europene sau numai \u00eentr-o singur\u0103 \u021bar\u0103. Mai multe detalii pot fi g\u0103site pe site-ul CFR C\u0103l\u0103tori, sec\u021biunea \u201eTrafic Interna\u021bional\u201d. <\/p>\n\n\n\n<p><strong>Biletele pot fi achizi\u021bionate prin urm\u0103toarele canale: <\/strong><\/p>\n\n\n\n<ul class=\"wp-block-list\">\n<li>online, de pe <a href=\"http:\/\/www.cfrcalatori.ro\/\">www.cfrcalatori.ro<\/a>;<\/li>\n\n\n\n<li>din aplica\u021bia mobil\u0103 \u201cCFR C\u0103l\u0103tori bilete online\u201d;<\/li>\n\n\n\n<li>de la automatele de v\u00e2nzare bilete din g\u0103ri;<\/li>\n\n\n\n<li>de la casele de bilete din g\u0103ri \u0219i agen\u021bii de voiaj CFR C\u0103l\u0103tori.<\/li>\n<\/ul>\n\n\n\n<p>Compania le reaminte\u0219te c\u0103l\u0103torilor c\u0103 trebuie s\u0103 de\u021bin\u0103 bilet valabil \u00eenainte de a urca \u00een tren, pentru a evita taxarea suplimentar\u0103 la bord \u0219i aplicarea amenzilor prev\u0103zute de reglement\u0103rile \u00een vigoare. <\/p>\n\n\n\n<p>CITE\u0218TE \u0218I <a href=\"https:\/\/buletin.de\/bucuresti\/reguli-noi-la-aeroportul-otopeni-santierul-m6-restrictioneaza-accesul-la-terminalul-plecari\/\" target=\"_blank\" rel=\"noreferrer noopener\">Reguli noi la Aeroportul Otopeni. \u0218antierul M6 restric\u021bioneaz\u0103 accesul la Terminalul \u201ePlec\u0103ri\u201d<\/a><\/p>\n","protected":false},"excerpt":{"rendered":"<p>Compania CFR C\u0103l\u0103tori a anun\u021bat noul Mers al Trenurilor, pentru 2025 &#8211; 2026, care va intra \u00een vigoare \u00eencep\u00e2nd cu data de 14 decembrie 2025 \u0219i valabil p\u00e2n\u0103 pe 12 decembrie 2026. \u00cen fiecare zi, compania va asigura circula\u021bia a peste 1150 de trenuri, \u00een func\u021bie de perioada din an. Este vorba despre 52 de [&hellip;]<\/p>\n","protected":false},"author":65,"featured_media":161593,"comment_status":"closed","ping_status":"open","sticky":false,"template":"","format":"standard","meta":{"_acf_changed":false,"inline_featured_image":false,"ngg_post_thumbnail":0,"footnotes":""},"categories":[6994,62,650],"tags":[4383,1941,23740,2440],"ppma_author":[23912],"class_list":["post-161584","post","type-post","status-publish","format-standard","has-post-thumbnail","hentry","category-stiri-2","category-stiri","category-transport","tag-cfr-calatori","tag-gara-de-nord","tag-schimbari-in-mersul-trenurilor","tag-trenuri"],"acf":[],"yoast_head":"<!-- This site is optimized with the Yoast SEO Premium plugin v25.3 (Yoast SEO v27.4) - https:\/\/yoast.com\/product\/yoast-seo-premium-wordpress\/ -->\n<title>CFR C\u0103l\u0103tori anun\u021b\u0103 noul Mers al Trenurilor pentru 2025 - 2026. Noi rute interna\u021bionale din Bucure\u0219ti - Buletin de Bucure\u0219ti<\/title>\n<meta name=\"description\" content=\"Compania CFR C\u0103l\u0103tori a anun\u021bat noul Mers al Trenurilor, pentru 2025 - 2026, care va intra \u00een vigoare \u00eencep\u00e2nd cu data de 14 decembrie 2025.\" \/>\n<meta name=\"robots\" content=\"index, follow, max-snippet:-1, max-image-preview:large, max-video-preview:-1\" \/>\n<link rel=\"canonical\" href=\"https:\/\/buletin.de\/bucuresti\/cfr-calatori-anunta-noul-mers-al-trenurilor-pentru-2025-2026-noi-rute-internationale-din-bucuresti\/\" \/>\n<meta property=\"og:locale\" content=\"en_GB\" \/>\n<meta property=\"og:type\" content=\"article\" \/>\n<meta property=\"og:title\" content=\"CFR C\u0103l\u0103tori anun\u021b\u0103 noul Mers al Trenurilor pentru 2025 - 2026. Noi rute interna\u021bionale din Bucure\u0219ti\" \/>\n<meta property=\"og:description\" content=\"Compania CFR C\u0103l\u0103tori a anun\u021bat noul Mers al Trenurilor, pentru 2025 - 2026, care va intra \u00een vigoare \u00eencep\u00e2nd cu data de 14 decembrie 2025.\" \/>\n<meta property=\"og:url\" content=\"https:\/\/buletin.de\/bucuresti\/cfr-calatori-anunta-noul-mers-al-trenurilor-pentru-2025-2026-noi-rute-internationale-din-bucuresti\/\" \/>\n<meta property=\"og:site_name\" content=\"Buletin de Bucure\u0219ti\" \/>\n<meta property=\"article:publisher\" content=\"https:\/\/www.facebook.com\/buletin.de.buc\" \/>\n<meta property=\"article:published_time\" content=\"2025-12-09T02:30:00+00:00\" \/>\n<meta property=\"og:image\" content=\"https:\/\/buletin.de\/bucuresti\/wp-content\/uploads\/2025\/12\/ID186355_INQUAM_Photos_George_Calin-scaled.jpg\" \/>\n\t<meta property=\"og:image:width\" content=\"2560\" \/>\n\t<meta property=\"og:image:height\" content=\"1707\" \/>\n\t<meta property=\"og:image:type\" content=\"image\/jpeg\" \/>\n<meta name=\"author\" content=\"Andreea St\u0103n\u0103r\u00eeng\u0103\" \/>\n<meta name=\"twitter:card\" content=\"summary_large_image\" \/>\n<meta name=\"twitter:label1\" content=\"Written by\" \/>\n\t<meta name=\"twitter:data1\" content=\"Andreea St\u0103n\u0103r\u00eeng\u0103\" \/>\n\t<meta name=\"twitter:label2\" content=\"Estimated reading time\" \/>\n\t<meta name=\"twitter:data2\" content=\"4 minutes\" \/>\n<script type=\"application\/ld+json\" class=\"yoast-schema-graph\">{\"@context\":\"https:\\\/\\\/schema.org\",\"@graph\":[{\"@type\":\"Article\",\"@id\":\"https:\\\/\\\/buletin.de\\\/bucuresti\\\/cfr-calatori-anunta-noul-mers-al-trenurilor-pentru-2025-2026-noi-rute-internationale-din-bucuresti\\\/#article\",\"isPartOf\":{\"@id\":\"https:\\\/\\\/buletin.de\\\/bucuresti\\\/cfr-calatori-anunta-noul-mers-al-trenurilor-pentru-2025-2026-noi-rute-internationale-din-bucuresti\\\/\"},\"author\":{\"name\":\"Andreea St\u0103n\u0103r\u00eeng\u0103\",\"@id\":\"https:\\\/\\\/buletin.de\\\/bucuresti\\\/#\\\/schema\\\/person\\\/81421a46fb84a0887cfd2238f5202586\"},\"headline\":\"CFR C\u0103l\u0103tori anun\u021b\u0103 noul Mers al Trenurilor pentru 2025 &#8211; 2026. Noi rute interna\u021bionale din Bucure\u0219ti\",\"datePublished\":\"2025-12-09T02:30:00+00:00\",\"mainEntityOfPage\":{\"@id\":\"https:\\\/\\\/buletin.de\\\/bucuresti\\\/cfr-calatori-anunta-noul-mers-al-trenurilor-pentru-2025-2026-noi-rute-internationale-din-bucuresti\\\/\"},\"wordCount\":789,\"publisher\":{\"@id\":\"https:\\\/\\\/buletin.de\\\/bucuresti\\\/#organization\"},\"image\":{\"@id\":\"https:\\\/\\\/buletin.de\\\/bucuresti\\\/cfr-calatori-anunta-noul-mers-al-trenurilor-pentru-2025-2026-noi-rute-internationale-din-bucuresti\\\/#primaryimage\"},\"thumbnailUrl\":\"https:\\\/\\\/buletin.de\\\/bucuresti\\\/wp-content\\\/uploads\\\/2025\\\/12\\\/ID186355_INQUAM_Photos_George_Calin-scaled.jpg\",\"keywords\":[\"CFR C\u0103l\u0103tori\",\"gara de nord\",\"schimbari in mersul trenurilor\",\"trenuri\"],\"articleSection\":[\"Articole\",\"\u0218tiri\",\"Transport\"],\"inLanguage\":\"en-GB\",\"copyrightYear\":\"2025\",\"copyrightHolder\":{\"@id\":\"https:\\\/\\\/buletin.de\\\/bucuresti\\\/#organization\"}},{\"@type\":\"WebPage\",\"@id\":\"https:\\\/\\\/buletin.de\\\/bucuresti\\\/cfr-calatori-anunta-noul-mers-al-trenurilor-pentru-2025-2026-noi-rute-internationale-din-bucuresti\\\/\",\"url\":\"https:\\\/\\\/buletin.de\\\/bucuresti\\\/cfr-calatori-anunta-noul-mers-al-trenurilor-pentru-2025-2026-noi-rute-internationale-din-bucuresti\\\/\",\"name\":\"CFR C\u0103l\u0103tori anun\u021b\u0103 noul Mers al Trenurilor pentru 2025 - 2026. Noi rute interna\u021bionale din Bucure\u0219ti - Buletin de Bucure\u0219ti\",\"isPartOf\":{\"@id\":\"https:\\\/\\\/buletin.de\\\/bucuresti\\\/#website\"},\"primaryImageOfPage\":{\"@id\":\"https:\\\/\\\/buletin.de\\\/bucuresti\\\/cfr-calatori-anunta-noul-mers-al-trenurilor-pentru-2025-2026-noi-rute-internationale-din-bucuresti\\\/#primaryimage\"},\"image\":{\"@id\":\"https:\\\/\\\/buletin.de\\\/bucuresti\\\/cfr-calatori-anunta-noul-mers-al-trenurilor-pentru-2025-2026-noi-rute-internationale-din-bucuresti\\\/#primaryimage\"},\"thumbnailUrl\":\"https:\\\/\\\/buletin.de\\\/bucuresti\\\/wp-content\\\/uploads\\\/2025\\\/12\\\/ID186355_INQUAM_Photos_George_Calin-scaled.jpg\",\"datePublished\":\"2025-12-09T02:30:00+00:00\",\"description\":\"Compania CFR C\u0103l\u0103tori a anun\u021bat noul Mers al Trenurilor, pentru 2025 - 2026, care va intra \u00een vigoare \u00eencep\u00e2nd cu data de 14 decembrie 2025.\",\"breadcrumb\":{\"@id\":\"https:\\\/\\\/buletin.de\\\/bucuresti\\\/cfr-calatori-anunta-noul-mers-al-trenurilor-pentru-2025-2026-noi-rute-internationale-din-bucuresti\\\/#breadcrumb\"},\"inLanguage\":\"en-GB\",\"potentialAction\":[{\"@type\":\"ReadAction\",\"target\":[\"https:\\\/\\\/buletin.de\\\/bucuresti\\\/cfr-calatori-anunta-noul-mers-al-trenurilor-pentru-2025-2026-noi-rute-internationale-din-bucuresti\\\/\"]}]},{\"@type\":\"ImageObject\",\"inLanguage\":\"en-GB\",\"@id\":\"https:\\\/\\\/buletin.de\\\/bucuresti\\\/cfr-calatori-anunta-noul-mers-al-trenurilor-pentru-2025-2026-noi-rute-internationale-din-bucuresti\\\/#primaryimage\",\"url\":\"https:\\\/\\\/buletin.de\\\/bucuresti\\\/wp-content\\\/uploads\\\/2025\\\/12\\\/ID186355_INQUAM_Photos_George_Calin-scaled.jpg\",\"contentUrl\":\"https:\\\/\\\/buletin.de\\\/bucuresti\\\/wp-content\\\/uploads\\\/2025\\\/12\\\/ID186355_INQUAM_Photos_George_Calin-scaled.jpg\",\"width\":2560,\"height\":1707,\"caption\":\"CFR C\u0103l\u0103tori a anun\u021bat noul mers al trenurilor. Foto: Inquam Photos \\\/ George C\u0103lin\"},{\"@type\":\"BreadcrumbList\",\"@id\":\"https:\\\/\\\/buletin.de\\\/bucuresti\\\/cfr-calatori-anunta-noul-mers-al-trenurilor-pentru-2025-2026-noi-rute-internationale-din-bucuresti\\\/#breadcrumb\",\"itemListElement\":[{\"@type\":\"ListItem\",\"position\":1,\"name\":\"Acas\u0103\",\"item\":\"https:\\\/\\\/buletin.de\\\/bucuresti\\\/\"},{\"@type\":\"ListItem\",\"position\":2,\"name\":\"CFR C\u0103l\u0103tori anun\u021b\u0103 noul Mers al Trenurilor pentru 2025 &#8211; 2026. Noi rute interna\u021bionale din Bucure\u0219ti\"}]},{\"@type\":\"WebSite\",\"@id\":\"https:\\\/\\\/buletin.de\\\/bucuresti\\\/#website\",\"url\":\"https:\\\/\\\/buletin.de\\\/bucuresti\\\/\",\"name\":\"Buletin de Bucure\u0219ti\",\"description\":\"\u0218tiri \u0219i investiga\u021bii esen\u021biale din capital\u0103\",\"publisher\":{\"@id\":\"https:\\\/\\\/buletin.de\\\/bucuresti\\\/#organization\"},\"potentialAction\":[{\"@type\":\"SearchAction\",\"target\":{\"@type\":\"EntryPoint\",\"urlTemplate\":\"https:\\\/\\\/buletin.de\\\/bucuresti\\\/?s={search_term_string}\"},\"query-input\":{\"@type\":\"PropertyValueSpecification\",\"valueRequired\":true,\"valueName\":\"search_term_string\"}}],\"inLanguage\":\"en-GB\"},{\"@type\":\"Organization\",\"@id\":\"https:\\\/\\\/buletin.de\\\/bucuresti\\\/#organization\",\"name\":\"Buletin de Bucure\u0219ti\",\"url\":\"https:\\\/\\\/buletin.de\\\/bucuresti\\\/\",\"logo\":{\"@type\":\"ImageObject\",\"inLanguage\":\"en-GB\",\"@id\":\"https:\\\/\\\/buletin.de\\\/bucuresti\\\/#\\\/schema\\\/logo\\\/image\\\/\",\"url\":\"https:\\\/\\\/buletin.de\\\/bucuresti\\\/wp-content\\\/uploads\\\/logo-bdb-full-wide-vernil-transparent.png\",\"contentUrl\":\"https:\\\/\\\/buletin.de\\\/bucuresti\\\/wp-content\\\/uploads\\\/logo-bdb-full-wide-vernil-transparent.png\",\"width\":1782,\"height\":626,\"caption\":\"Buletin de Bucure\u0219ti\"},\"image\":{\"@id\":\"https:\\\/\\\/buletin.de\\\/bucuresti\\\/#\\\/schema\\\/logo\\\/image\\\/\"},\"sameAs\":[\"https:\\\/\\\/www.facebook.com\\\/buletin.de.buc\",\"https:\\\/\\\/www.instagram.com\\\/buletinde.bucuresti\\\/\"]},{\"@type\":\"Person\",\"@id\":\"https:\\\/\\\/buletin.de\\\/bucuresti\\\/#\\\/schema\\\/person\\\/81421a46fb84a0887cfd2238f5202586\",\"name\":\"Andreea St\u0103n\u0103r\u00eeng\u0103\",\"image\":{\"@type\":\"ImageObject\",\"inLanguage\":\"en-GB\",\"@id\":\"https:\\\/\\\/secure.gravatar.com\\\/avatar\\\/dfa8d227a4388fad0f0bb03add04b5b176f4da34397dbb2eadc563b3d7162ce0?s=96&d=monsterid&r=g72784372b39ffe5a98a45288fe0d0e8a\",\"url\":\"https:\\\/\\\/secure.gravatar.com\\\/avatar\\\/dfa8d227a4388fad0f0bb03add04b5b176f4da34397dbb2eadc563b3d7162ce0?s=96&d=monsterid&r=g\",\"contentUrl\":\"https:\\\/\\\/secure.gravatar.com\\\/avatar\\\/dfa8d227a4388fad0f0bb03add04b5b176f4da34397dbb2eadc563b3d7162ce0?s=96&d=monsterid&r=g\",\"caption\":\"Andreea St\u0103n\u0103r\u00eeng\u0103\"},\"description\":\"Cu o experien\u021b\u0103 de peste 5 ani \u00een pres\u0103, face parte din echipa Buletin de Bucure\u0219ti din septembrie 2025. A colaborat cu c\u00e2teva publica\u021bii, printre care \u0219i Fanatik.ro, unde s-a ocupat de \u0219tiri de lifestyle \u0219i de actualitate. A f\u0103cut un pas c\u0103tre presa local\u0103 pentru a explora Bucure\u0219tiul \u0219i pove\u0219tile care merit\u0103 spuse.\",\"url\":\"https:\\\/\\\/buletin.de\\\/bucuresti\\\/author\\\/andreea-stanaranga\\\/\"}]}<\/script>\n<!-- \/ Yoast SEO Premium plugin. -->","yoast_head_json":{"title":"CFR C\u0103l\u0103tori anun\u021b\u0103 noul Mers al Trenurilor pentru 2025 - 2026. Noi rute interna\u021bionale din Bucure\u0219ti - Buletin de Bucure\u0219ti","description":"Compania CFR C\u0103l\u0103tori a anun\u021bat noul Mers al Trenurilor, pentru 2025 - 2026, care va intra \u00een vigoare \u00eencep\u00e2nd cu data de 14 decembrie 2025.","robots":{"index":"index","follow":"follow","max-snippet":"max-snippet:-1","max-image-preview":"max-image-preview:large","max-video-preview":"max-video-preview:-1"},"canonical":"https:\/\/buletin.de\/bucuresti\/cfr-calatori-anunta-noul-mers-al-trenurilor-pentru-2025-2026-noi-rute-internationale-din-bucuresti\/","og_locale":"en_GB","og_type":"article","og_title":"CFR C\u0103l\u0103tori anun\u021b\u0103 noul Mers al Trenurilor pentru 2025 - 2026. Noi rute interna\u021bionale din Bucure\u0219ti","og_description":"Compania CFR C\u0103l\u0103tori a anun\u021bat noul Mers al Trenurilor, pentru 2025 - 2026, care va intra \u00een vigoare \u00eencep\u00e2nd cu data de 14 decembrie 2025.","og_url":"https:\/\/buletin.de\/bucuresti\/cfr-calatori-anunta-noul-mers-al-trenurilor-pentru-2025-2026-noi-rute-internationale-din-bucuresti\/","og_site_name":"Buletin de Bucure\u0219ti","article_publisher":"https:\/\/www.facebook.com\/buletin.de.buc","article_published_time":"2025-12-09T02:30:00+00:00","og_image":[{"width":2560,"height":1707,"url":"https:\/\/buletin.de\/bucuresti\/wp-content\/uploads\/2025\/12\/ID186355_INQUAM_Photos_George_Calin-scaled.jpg","type":"image\/jpeg"}],"author":"Andreea St\u0103n\u0103r\u00eeng\u0103","twitter_card":"summary_large_image","twitter_misc":{"Written by":"Andreea St\u0103n\u0103r\u00eeng\u0103","Estimated reading time":"4 minutes"},"schema":{"@context":"https:\/\/schema.org","@graph":[{"@type":"Article","@id":"https:\/\/buletin.de\/bucuresti\/cfr-calatori-anunta-noul-mers-al-trenurilor-pentru-2025-2026-noi-rute-internationale-din-bucuresti\/#article","isPartOf":{"@id":"https:\/\/buletin.de\/bucuresti\/cfr-calatori-anunta-noul-mers-al-trenurilor-pentru-2025-2026-noi-rute-internationale-din-bucuresti\/"},"author":{"name":"Andreea St\u0103n\u0103r\u00eeng\u0103","@id":"https:\/\/buletin.de\/bucuresti\/#\/schema\/person\/81421a46fb84a0887cfd2238f5202586"},"headline":"CFR C\u0103l\u0103tori anun\u021b\u0103 noul Mers al Trenurilor pentru 2025 &#8211; 2026. Noi rute interna\u021bionale din Bucure\u0219ti","datePublished":"2025-12-09T02:30:00+00:00","mainEntityOfPage":{"@id":"https:\/\/buletin.de\/bucuresti\/cfr-calatori-anunta-noul-mers-al-trenurilor-pentru-2025-2026-noi-rute-internationale-din-bucuresti\/"},"wordCount":789,"publisher":{"@id":"https:\/\/buletin.de\/bucuresti\/#organization"},"image":{"@id":"https:\/\/buletin.de\/bucuresti\/cfr-calatori-anunta-noul-mers-al-trenurilor-pentru-2025-2026-noi-rute-internationale-din-bucuresti\/#primaryimage"},"thumbnailUrl":"https:\/\/buletin.de\/bucuresti\/wp-content\/uploads\/2025\/12\/ID186355_INQUAM_Photos_George_Calin-scaled.jpg","keywords":["CFR C\u0103l\u0103tori","gara de nord","schimbari in mersul trenurilor","trenuri"],"articleSection":["Articole","\u0218tiri","Transport"],"inLanguage":"en-GB","copyrightYear":"2025","copyrightHolder":{"@id":"https:\/\/buletin.de\/bucuresti\/#organization"}},{"@type":"WebPage","@id":"https:\/\/buletin.de\/bucuresti\/cfr-calatori-anunta-noul-mers-al-trenurilor-pentru-2025-2026-noi-rute-internationale-din-bucuresti\/","url":"https:\/\/buletin.de\/bucuresti\/cfr-calatori-anunta-noul-mers-al-trenurilor-pentru-2025-2026-noi-rute-internationale-din-bucuresti\/","name":"CFR C\u0103l\u0103tori anun\u021b\u0103 noul Mers al Trenurilor pentru 2025 - 2026. Noi rute interna\u021bionale din Bucure\u0219ti - Buletin de Bucure\u0219ti","isPartOf":{"@id":"https:\/\/buletin.de\/bucuresti\/#website"},"primaryImageOfPage":{"@id":"https:\/\/buletin.de\/bucuresti\/cfr-calatori-anunta-noul-mers-al-trenurilor-pentru-2025-2026-noi-rute-internationale-din-bucuresti\/#primaryimage"},"image":{"@id":"https:\/\/buletin.de\/bucuresti\/cfr-calatori-anunta-noul-mers-al-trenurilor-pentru-2025-2026-noi-rute-internationale-din-bucuresti\/#primaryimage"},"thumbnailUrl":"https:\/\/buletin.de\/bucuresti\/wp-content\/uploads\/2025\/12\/ID186355_INQUAM_Photos_George_Calin-scaled.jpg","datePublished":"2025-12-09T02:30:00+00:00","description":"Compania CFR C\u0103l\u0103tori a anun\u021bat noul Mers al Trenurilor, pentru 2025 - 2026, care va intra \u00een vigoare \u00eencep\u00e2nd cu data de 14 decembrie 2025.","breadcrumb":{"@id":"https:\/\/buletin.de\/bucuresti\/cfr-calatori-anunta-noul-mers-al-trenurilor-pentru-2025-2026-noi-rute-internationale-din-bucuresti\/#breadcrumb"},"inLanguage":"en-GB","potentialAction":[{"@type":"ReadAction","target":["https:\/\/buletin.de\/bucuresti\/cfr-calatori-anunta-noul-mers-al-trenurilor-pentru-2025-2026-noi-rute-internationale-din-bucuresti\/"]}]},{"@type":"ImageObject","inLanguage":"en-GB","@id":"https:\/\/buletin.de\/bucuresti\/cfr-calatori-anunta-noul-mers-al-trenurilor-pentru-2025-2026-noi-rute-internationale-din-bucuresti\/#primaryimage","url":"https:\/\/buletin.de\/bucuresti\/wp-content\/uploads\/2025\/12\/ID186355_INQUAM_Photos_George_Calin-scaled.jpg","contentUrl":"https:\/\/buletin.de\/bucuresti\/wp-content\/uploads\/2025\/12\/ID186355_INQUAM_Photos_George_Calin-scaled.jpg","width":2560,"height":1707,"caption":"CFR C\u0103l\u0103tori a anun\u021bat noul mers al trenurilor. Foto: Inquam Photos \/ George C\u0103lin"},{"@type":"BreadcrumbList","@id":"https:\/\/buletin.de\/bucuresti\/cfr-calatori-anunta-noul-mers-al-trenurilor-pentru-2025-2026-noi-rute-internationale-din-bucuresti\/#breadcrumb","itemListElement":[{"@type":"ListItem","position":1,"name":"Acas\u0103","item":"https:\/\/buletin.de\/bucuresti\/"},{"@type":"ListItem","position":2,"name":"CFR C\u0103l\u0103tori anun\u021b\u0103 noul Mers al Trenurilor pentru 2025 &#8211; 2026. Noi rute interna\u021bionale din Bucure\u0219ti"}]},{"@type":"WebSite","@id":"https:\/\/buletin.de\/bucuresti\/#website","url":"https:\/\/buletin.de\/bucuresti\/","name":"Buletin de Bucure\u0219ti","description":"\u0218tiri \u0219i investiga\u021bii esen\u021biale din capital\u0103","publisher":{"@id":"https:\/\/buletin.de\/bucuresti\/#organization"},"potentialAction":[{"@type":"SearchAction","target":{"@type":"EntryPoint","urlTemplate":"https:\/\/buletin.de\/bucuresti\/?s={search_term_string}"},"query-input":{"@type":"PropertyValueSpecification","valueRequired":true,"valueName":"search_term_string"}}],"inLanguage":"en-GB"},{"@type":"Organization","@id":"https:\/\/buletin.de\/bucuresti\/#organization","name":"Buletin de Bucure\u0219ti","url":"https:\/\/buletin.de\/bucuresti\/","logo":{"@type":"ImageObject","inLanguage":"en-GB","@id":"https:\/\/buletin.de\/bucuresti\/#\/schema\/logo\/image\/","url":"https:\/\/buletin.de\/bucuresti\/wp-content\/uploads\/logo-bdb-full-wide-vernil-transparent.png","contentUrl":"https:\/\/buletin.de\/bucuresti\/wp-content\/uploads\/logo-bdb-full-wide-vernil-transparent.png","width":1782,"height":626,"caption":"Buletin de Bucure\u0219ti"},"image":{"@id":"https:\/\/buletin.de\/bucuresti\/#\/schema\/logo\/image\/"},"sameAs":["https:\/\/www.facebook.com\/buletin.de.buc","https:\/\/www.instagram.com\/buletinde.bucuresti\/"]},{"@type":"Person","@id":"https:\/\/buletin.de\/bucuresti\/#\/schema\/person\/81421a46fb84a0887cfd2238f5202586","name":"Andreea St\u0103n\u0103r\u00eeng\u0103","image":{"@type":"ImageObject","inLanguage":"en-GB","@id":"https:\/\/secure.gravatar.com\/avatar\/dfa8d227a4388fad0f0bb03add04b5b176f4da34397dbb2eadc563b3d7162ce0?s=96&d=monsterid&r=g72784372b39ffe5a98a45288fe0d0e8a","url":"https:\/\/secure.gravatar.com\/avatar\/dfa8d227a4388fad0f0bb03add04b5b176f4da34397dbb2eadc563b3d7162ce0?s=96&d=monsterid&r=g","contentUrl":"https:\/\/secure.gravatar.com\/avatar\/dfa8d227a4388fad0f0bb03add04b5b176f4da34397dbb2eadc563b3d7162ce0?s=96&d=monsterid&r=g","caption":"Andreea St\u0103n\u0103r\u00eeng\u0103"},"description":"Cu o experien\u021b\u0103 de peste 5 ani \u00een pres\u0103, face parte din echipa Buletin de Bucure\u0219ti din septembrie 2025. A colaborat cu c\u00e2teva publica\u021bii, printre care \u0219i Fanatik.ro, unde s-a ocupat de \u0219tiri de lifestyle \u0219i de actualitate. A f\u0103cut un pas c\u0103tre presa local\u0103 pentru a explora Bucure\u0219tiul \u0219i pove\u0219tile care merit\u0103 spuse.","url":"https:\/\/buletin.de\/bucuresti\/author\/andreea-stanaranga\/"}]}},"authors":[{"term_id":23912,"user_id":65,"is_guest":0,"slug":"andreea-stanaranga","display_name":"Andreea St\u0103n\u0103r\u00eeng\u0103","avatar_url":"https:\/\/secure.gravatar.com\/avatar\/dfa8d227a4388fad0f0bb03add04b5b176f4da34397dbb2eadc563b3d7162ce0?s=96&d=monsterid&r=g","0":null,"1":"","2":"","3":"","4":"","5":"","6":"","7":"","8":""}],"_links":{"self":[{"href":"https:\/\/buletin.de\/bucuresti\/wp-json\/wp\/v2\/posts\/161584","targetHints":{"allow":["GET"]}}],"collection":[{"href":"https:\/\/buletin.de\/bucuresti\/wp-json\/wp\/v2\/posts"}],"about":[{"href":"https:\/\/buletin.de\/bucuresti\/wp-json\/wp\/v2\/types\/post"}],"author":[{"embeddable":true,"href":"https:\/\/buletin.de\/bucuresti\/wp-json\/wp\/v2\/users\/65"}],"replies":[{"embeddable":true,"href":"https:\/\/buletin.de\/bucuresti\/wp-json\/wp\/v2\/comments?post=161584"}],"version-history":[{"count":4,"href":"https:\/\/buletin.de\/bucuresti\/wp-json\/wp\/v2\/posts\/161584\/revisions"}],"predecessor-version":[{"id":161601,"href":"https:\/\/buletin.de\/bucuresti\/wp-json\/wp\/v2\/posts\/161584\/revisions\/161601"}],"wp:featuredmedia":[{"embeddable":true,"href":"https:\/\/buletin.de\/bucuresti\/wp-json\/wp\/v2\/media\/161593"}],"wp:attachment":[{"href":"https:\/\/buletin.de\/bucuresti\/wp-json\/wp\/v2\/media?parent=161584"}],"wp:term":[{"taxonomy":"category","embeddable":true,"href":"https:\/\/buletin.de\/bucuresti\/wp-json\/wp\/v2\/categories?post=161584"},{"taxonomy":"post_tag","embeddable":true,"href":"https:\/\/buletin.de\/bucuresti\/wp-json\/wp\/v2\/tags?post=161584"},{"taxonomy":"author","embeddable":true,"href":"https:\/\/buletin.de\/bucuresti\/wp-json\/wp\/v2\/ppma_author?post=161584"}],"curies":[{"name":"wp","href":"https:\/\/api.w.org\/{rel}","templated":true}]}}