{"id":161572,"date":"2025-12-08T14:35:51","date_gmt":"2025-12-08T11:35:51","guid":{"rendered":"https:\/\/buletin.de\/bucuresti\/?p=161572"},"modified":"2025-12-08T19:26:09","modified_gmt":"2025-12-08T16:26:09","slug":"termoficare-lucrarile-de-reparatii-lasa-aproape-1-200-de-blocuri-fara-apa-calda-si-caldura","status":"publish","type":"post","link":"https:\/\/buletin.de\/bucuresti\/termoficare-lucrarile-de-reparatii-lasa-aproape-1-200-de-blocuri-fara-apa-calda-si-caldura\/","title":{"rendered":"TERMOFICARE | Lucr\u0103rile de repara\u021bii las\u0103 aproape 1.200 de blocuri f\u0103r\u0103 ap\u0103 cald\u0103 \u0219i c\u0103ldur\u0103"},"content":{"rendered":"\n<p><strong>Compania Municipal\u0103 Termoenergetica Bucure\u0219ti a anun\u021bat lucr\u0103ri de repara\u021bii a conductelor, motiv pentru care aproape 1.200 de blocuri au r\u0103mas f\u0103r\u0103 ap\u0103 cald\u0103 \u0219i c\u0103ldur\u0103. <\/strong><\/p>\n\n\n\n<p>Lucr\u0103rile au loc \u00eencep\u00e2nd de ast\u0103zi, \u00een mai multe zone din Capital\u0103. Interven\u021biile au durate diferite de realizare, \u00een func\u021bie de complexitatea fiec\u0103rei lucr\u0103ri. Sectoarele 1 \u0219i 5 nu sunt vizate. <\/p>\n\n\n\n<p>Anun\u021bul lucr\u0103rilor vine dup\u0103 ce, cu o sear\u0103 \u00eenainte, <a href=\"https:\/\/buletin.de\/bucuresti\/termoficare-peste-100-de-blocuri-fara-agent-termic-desi-sistemul-functioneaza-la-99\/\" target=\"_blank\" rel=\"noreferrer noopener\">sistemul func\u021biona la capacitate de 99%<\/a>, cu peste 100 de blocuri afectate de func\u021bionarea deficitar\u0103 a agentului termic. <\/p>\n\n\n\n<h2 class=\"wp-block-heading\" id=\"h-aproape-1-200-de-blocuri-fara-apa-calda-\u0219i-caldura-din-cauza-lucrarilor-efectuate-de-termoenergetica\">Aproape 1.200 de blocuri f\u0103r\u0103 ap\u0103 cald\u0103 \u0219i c\u0103ldur\u0103, din cauza lucr\u0103rilor efectuate de Termoenergetica<\/h2>\n\n\n\n<h5 class=\"wp-block-heading\" id=\"h-sectorul-2\">Sectorul 2 <\/h5>\n\n\n\n<p>Sectorul 2 se num\u0103r\u0103 printre cele mai afectate din Capital\u0103. Aici, au loc lucr\u0103ri la re\u021beaua termic\u0103 primar\u0103, la o conduct\u0103 Dn 200.500 mm, pe <strong>\u0218oseaua Iancului<\/strong>.<\/p>\n\n\n\n<p>Este vorba despre lucr\u0103ri de repara\u021bie a conductelor, care impun sistarea agentului termic c\u0103tre <strong>9 puncte termice (109 blocuri)<\/strong> \u00een intervalul <strong>8 decembrie 2025, ora 09:00 &#8211; 9 decembrie 2025, 23:00.<\/strong><\/p>\n\n\n\n<p>Au loc lucr\u0103ri \u0219i pe<strong> \u0218oseaua Pantelimon \u0219i Strada Cristescu Dina<\/strong>, la o conduct\u0103  Dn 400\/500 mm, iar furnizarea agentului termic c\u0103tre 6 puncte termice va fi sistat\u0103. <strong>\u00centre 8 decembrie 2025, ora 09:00, \u0219i 10 decembrie 2025, ora 23:00, 96 de blocuri nu au ap\u0103 cald\u0103 \u0219i c\u0103ldur\u0103.<\/strong> <\/p>\n\n\n\n<p><a href=\"https:\/\/www.facebook.com\/photo\/?fbid=875281468352434&amp;set=a.172603608620227\" target=\"_blank\" rel=\"noreferrer noopener\">Termoenergetica <\/a>a anun\u021bat lucr\u0103ri \u0219i pe <strong>Bulevardul Lacul Tei<\/strong>, la o conduct\u0103 Dn 400mm. Se fac lucr\u0103ri de modernizare \u00een cadrul POIM  &#8211; Lot 1 &#8211; Obiectiv 6, iar furnizarea agentului termic c\u0103tre 9 puncte termice va fi sistat\u0103 \u00een intervalul <strong>8 decembrie 2025, ora 09:00 &#8211; 10 decembrie 2025, ora 23:00<\/strong>. Sunt afectate <strong>104 blocuri \u0219i o industrie. <\/strong><\/p>\n\n\n\n<p>\u00cen toate cele trei cazuri enumerate mai sus, conductele au fost puse \u00een func\u021bionare \u00een anul <strong>1974<\/strong>. <\/p>\n\n\n\n<p>Tot \u00een Sectorul 2, au loc lucr\u0103ri de modernizare \u00een cadrul POIM &#8211; Lot 1 \u2013 Obiectiv 6, la o conduct\u0103 Dn 400\/600mm, pe <strong>Bulevardul Lacul Tei.<\/strong> Lucr\u0103rile impun sistarea furniz\u0103rii agentului termic c\u0103tre 6 puncte termice care alimenteaz\u0103 <strong>94 de blocuri<\/strong>, \u00een perioada<strong> 8 decembrie 2025, ora 09:00 &#8211; 11 decembrie 2025, ora 23:00<\/strong>. Conducta din aceast\u0103 zon\u0103 a fost pus\u0103 \u00een func\u021biune \u00een 1969. <\/p>\n\n\n\n<h5 class=\"wp-block-heading\" id=\"h-sectorul-3\">Sectorul 3 <\/h5>\n\n\n\n<p>Termoenergetica efectueaz\u0103 lucr\u0103ri de repara\u021bie la o conduct\u0103 Dn 600mm, pe <strong>Bulevardul Octavian Goga <\/strong>din Sectorul 3. \u00cen acest context, se impune sistarea furniz\u0103rii agentului termic c\u0103tre 4 puncte termice (<strong>57 de blocuri<\/strong>), <strong>\u00eentre 10 decembrie 2025, ora 09:00 \u0219i 11 decembrie 2025, ora 23:00. <\/strong>Anul \u00een care conducta din aceast\u0103 zon\u0103 a fost pus\u0103 \u00een func\u021biune este 1994.<\/p>\n\n\n\n<p>Au loc lucr\u0103ri de repara\u021bie \u0219i pe <strong>Strada Liviu Rebreanu<\/strong>, la o conduct\u0103 Dn 600mm. Agentul termic c\u0103tre 8 puncte termice va fi oprit \u00een intervalul<strong> 8 decembrie 2025, ora 09:00 &#8211; 9 decembrie 2025, ora 23:00. Este vorba despre 107 blocuri care au r\u0103mas f\u0103r\u0103 ap\u0103 cald\u0103 \u0219i c\u0103ldur\u0103.<\/strong> Conducta din aceast\u0103 zon\u0103 a fost pus\u0103 \u00een func\u021biune \u00een 2014.<\/p>\n\n\n\n<h5 class=\"wp-block-heading\" id=\"h-sectorul-4\">Sectorul 4<\/h5>\n\n\n\n<p>\u00cen Sectorul 4, au loc lucr\u0103ri de repara\u021bie la o conduct\u0103 Dn 500mm, pe <strong>Strada V.V Stanciu, Strada C.R. Motru \u0219i Calea V\u0103c\u0103re\u0219ti.<\/strong> Agentul termic va fi oprit \u00een 6 puncte termice (<strong>129 de blocuri \u0219i doi agen\u021bi economici<\/strong>) \u00eentre <strong>10 decembrie 2025, ora 08:00 &#8211; 12 decembrie 2025, ora 23:00.<\/strong> Conducta din aceast\u0103 zon\u0103 func\u021bioneaz\u0103 din anul 1992. <\/p>\n\n\n\n<p>Au loc lucr\u0103ri inclusiv<strong> \u00eentre Strada Maria T\u0103nase \u0219i Bulevardul \u0218incai. <\/strong>Este vorba despre lucr\u0103ri de  dezafectare a provizoratului \u00een cadrul POIM &#8211; Lot 5 \u2013 Obiectiv 23 \u0219i se vor monta vane de sectorizare \u00een c\u0103minul CFC4. <\/p>\n\n\n\n<p>Aceste lucr\u0103ri impun sistarea furniz\u0103rii agentului termic c\u0103tre 4 puncte termice (<strong>35 de blocuri<\/strong>), <strong>\u00eentre 8 \u0219i 10 decembrie 2025<\/strong>. Conducta din aceast\u0103 zon\u0103 a fost pus\u0103 \u00een func\u021biune \u00een 1969. <\/p>\n\n\n\n<p>Pe<strong> Strada Ion Iriceanu<\/strong>, se efectueaz\u0103 lucr\u0103ri de repara\u021bie la o conduct\u0103 Dn 1100mm, care impun sistarea furniz\u0103rii agentului termic c\u0103tre <strong>11 puncte termice (228 de blocuri) <\/strong>\u00eentre <strong>8 decembrie 2025, ora 08:00 \u0219i 12 decembrie 2025, ora 23:00. <\/strong>Anul \u00een care conducta din aceast\u0103 zon\u0103 a fost pus\u0103 \u00een func\u021biune este 1987. <\/p>\n\n\n\n<p>De asemenea, pe <strong>Strada Luic\u0103 \u0219i Strada Topora\u0219i <\/strong>au loc lucr\u0103ri pentru integrarea tronsoanelor de conduct\u0103 nou executate \u00eentre c\u0103minele CS24-CS21, la o conduct\u0103 Dn 800mm. \u00cen plus, se efectueaz\u0103 \u0219i lucr\u0103ri pentru echiparea c\u0103minului CS24 \u00een cadrul POIM &#8211; LOT 4 \u2013 Obiectiv 19. <\/p>\n\n\n\n<p>\u00cen contextul realiz\u0103rii acestor lucr\u0103ri, se impune sistarea furniz\u0103rii agentului termic pentru ap\u0103 cald\u0103 \u0219i c\u0103ldur\u0103 c\u0103tre <strong>17 puncte termice (237 de blocuri \u0219i 10 module)<\/strong> \u00eentre <strong>9 decembrie 2025 \u0219i 12 decembrie 2025, ora 23:00. <\/strong>Conducta din aceast\u0103 zon\u0103 a fost pus\u0103 \u00een func\u021biune \u00een 1987. <\/p>\n\n\n\n<h5 class=\"wp-block-heading\" id=\"h-sectorul-6\">Sectorul 6<\/h5>\n\n\n\n<p>\u00cen Sectorul 6, au loc lucr\u0103ri de remediere a unei avarii, la o conduct\u0103 Dn 1000mm, pe Bulevardul Timi\u0219oara. Acestea impun sistarea furniz\u0103rii agentului termic f\u0103r\u0103 a afecta niciun consumator, \u00een intervalul 8 decembrie 2025, ora 09:00 &#8211; 9 decembrie 2025, ora 23:00. <\/p>\n\n\n\n<p>Conducta corespunz\u0103toare tronsonului men\u021bionat a fost pus\u0103 \u00een func\u021biune \u00een anul 1982. <\/p>\n\n\n\n<p>Pentru mai multe informa\u021bii, clien\u021bii au la dispozi\u021bie mesajele pre\u00eenregistrate la num\u0103rul de telefon <strong>031.9442<\/strong> sau alte detalii la<strong> 0800.820.002<\/strong>, precum \u0219i prin aplica\u021bia <strong>Termoalert<\/strong>.<\/p>\n\n\n\n<p><strong>CITE\u0218TE \u0218I <a href=\"https:\/\/buletin.de\/bucuresti\/reguli-noi-la-aeroportul-otopeni-santierul-m6-restrictioneaza-accesul-la-terminalul-plecari\/\" target=\"_blank\" rel=\"noreferrer noopener\">Reguli noi la Aeroportul Otopeni. \u0218antierul M6 restric\u021bioneaz\u0103 accesul la Terminalul \u201ePlec\u0103ri\u201d<\/a><\/strong><\/p>\n","protected":false},"excerpt":{"rendered":"<p>Compania Municipal\u0103 Termoenergetica Bucure\u0219ti a anun\u021bat lucr\u0103ri de repara\u021bii a conductelor, motiv pentru care aproape 1.200 de blocuri au r\u0103mas f\u0103r\u0103 ap\u0103 cald\u0103 \u0219i c\u0103ldur\u0103. Lucr\u0103rile au loc \u00eencep\u00e2nd de ast\u0103zi, \u00een mai multe zone din Capital\u0103. Interven\u021biile au durate diferite de realizare, \u00een func\u021bie de complexitatea fiec\u0103rei lucr\u0103ri. Sectoarele 1 \u0219i 5 nu sunt [&hellip;]<\/p>\n","protected":false},"author":65,"featured_media":161580,"comment_status":"closed","ping_status":"open","sticky":false,"template":"","format":"standard","meta":{"_acf_changed":false,"inline_featured_image":false,"ngg_post_thumbnail":0,"footnotes":""},"categories":[6994,62,6214],"tags":[19560,415,248,439,533,288],"ppma_author":[23912],"class_list":["post-161572","post","type-post","status-publish","format-standard","has-post-thumbnail","hentry","category-stiri-2","category-stiri","category-termo","tag-agent-termic-oprit","tag-apa-calda","tag-caldura","tag-lucrari","tag-termoenergetica","tag-termoficare"],"acf":[],"yoast_head":"<!-- This site is optimized with the Yoast SEO Premium plugin v25.3 (Yoast SEO v27.4) - https:\/\/yoast.com\/product\/yoast-seo-premium-wordpress\/ -->\n<title>TERMOFICARE | Lucr\u0103rile de repara\u021bii las\u0103 aproape 1.200 de blocuri f\u0103r\u0103 ap\u0103 cald\u0103 \u0219i c\u0103ldur\u0103 - Buletin de Bucure\u0219ti<\/title>\n<meta name=\"description\" content=\"Termoenergetica a anun\u021bat lucr\u0103ri de repara\u021bii a conductelor, motiv pentru care aproape 1.200 de blocuri au r\u0103mas f\u0103r\u0103 ap\u0103 cald\u0103 \u0219i c\u0103ldur\u0103.\" \/>\n<meta name=\"robots\" content=\"index, follow, max-snippet:-1, max-image-preview:large, max-video-preview:-1\" \/>\n<link rel=\"canonical\" href=\"https:\/\/buletin.de\/bucuresti\/termoficare-lucrarile-de-reparatii-lasa-aproape-1-200-de-blocuri-fara-apa-calda-si-caldura\/\" \/>\n<meta property=\"og:locale\" content=\"en_GB\" \/>\n<meta property=\"og:type\" content=\"article\" \/>\n<meta property=\"og:title\" content=\"TERMOFICARE | Lucr\u0103rile de repara\u021bii las\u0103 aproape 1.200 de blocuri f\u0103r\u0103 ap\u0103 cald\u0103 \u0219i c\u0103ldur\u0103\" \/>\n<meta property=\"og:description\" content=\"Termoenergetica a anun\u021bat lucr\u0103ri de repara\u021bii a conductelor, motiv pentru care aproape 1.200 de blocuri au r\u0103mas f\u0103r\u0103 ap\u0103 cald\u0103 \u0219i c\u0103ldur\u0103.\" \/>\n<meta property=\"og:url\" content=\"https:\/\/buletin.de\/bucuresti\/termoficare-lucrarile-de-reparatii-lasa-aproape-1-200-de-blocuri-fara-apa-calda-si-caldura\/\" \/>\n<meta property=\"og:site_name\" content=\"Buletin de Bucure\u0219ti\" \/>\n<meta property=\"article:publisher\" content=\"https:\/\/www.facebook.com\/buletin.de.buc\" \/>\n<meta property=\"article:published_time\" content=\"2025-12-08T11:35:51+00:00\" \/>\n<meta property=\"article:modified_time\" content=\"2025-12-08T16:26:09+00:00\" \/>\n<meta property=\"og:image\" content=\"https:\/\/buletin.de\/bucuresti\/wp-content\/uploads\/2025\/12\/552823952_813804427833472_1013398783523981696_n-1.jpg\" \/>\n\t<meta property=\"og:image:width\" content=\"1200\" \/>\n\t<meta property=\"og:image:height\" content=\"784\" \/>\n\t<meta property=\"og:image:type\" content=\"image\/jpeg\" \/>\n<meta name=\"author\" content=\"Andreea St\u0103n\u0103r\u00eeng\u0103\" \/>\n<meta name=\"twitter:card\" content=\"summary_large_image\" \/>\n<meta name=\"twitter:label1\" content=\"Written by\" \/>\n\t<meta name=\"twitter:data1\" content=\"Andreea St\u0103n\u0103r\u00eeng\u0103\" \/>\n\t<meta name=\"twitter:label2\" content=\"Estimated reading time\" \/>\n\t<meta name=\"twitter:data2\" content=\"4 minutes\" \/>\n<script type=\"application\/ld+json\" class=\"yoast-schema-graph\">{\"@context\":\"https:\\\/\\\/schema.org\",\"@graph\":[{\"@type\":\"Article\",\"@id\":\"https:\\\/\\\/buletin.de\\\/bucuresti\\\/termoficare-lucrarile-de-reparatii-lasa-aproape-1-200-de-blocuri-fara-apa-calda-si-caldura\\\/#article\",\"isPartOf\":{\"@id\":\"https:\\\/\\\/buletin.de\\\/bucuresti\\\/termoficare-lucrarile-de-reparatii-lasa-aproape-1-200-de-blocuri-fara-apa-calda-si-caldura\\\/\"},\"author\":{\"name\":\"Andreea St\u0103n\u0103r\u00eeng\u0103\",\"@id\":\"https:\\\/\\\/buletin.de\\\/bucuresti\\\/#\\\/schema\\\/person\\\/81421a46fb84a0887cfd2238f5202586\"},\"headline\":\"TERMOFICARE | Lucr\u0103rile de repara\u021bii las\u0103 aproape 1.200 de blocuri f\u0103r\u0103 ap\u0103 cald\u0103 \u0219i c\u0103ldur\u0103\",\"datePublished\":\"2025-12-08T11:35:51+00:00\",\"dateModified\":\"2025-12-08T16:26:09+00:00\",\"mainEntityOfPage\":{\"@id\":\"https:\\\/\\\/buletin.de\\\/bucuresti\\\/termoficare-lucrarile-de-reparatii-lasa-aproape-1-200-de-blocuri-fara-apa-calda-si-caldura\\\/\"},\"wordCount\":839,\"publisher\":{\"@id\":\"https:\\\/\\\/buletin.de\\\/bucuresti\\\/#organization\"},\"image\":{\"@id\":\"https:\\\/\\\/buletin.de\\\/bucuresti\\\/termoficare-lucrarile-de-reparatii-lasa-aproape-1-200-de-blocuri-fara-apa-calda-si-caldura\\\/#primaryimage\"},\"thumbnailUrl\":\"https:\\\/\\\/buletin.de\\\/bucuresti\\\/wp-content\\\/uploads\\\/2025\\\/12\\\/552823952_813804427833472_1013398783523981696_n-1.jpg\",\"keywords\":[\"agent termic oprit\",\"apa calda\",\"caldura\",\"lucrari\",\"termoenergetica\",\"termoficare\"],\"articleSection\":[\"Articole\",\"\u0218tiri\",\"Termoficare\"],\"inLanguage\":\"en-GB\",\"copyrightYear\":\"2025\",\"copyrightHolder\":{\"@id\":\"https:\\\/\\\/buletin.de\\\/bucuresti\\\/#organization\"}},{\"@type\":\"WebPage\",\"@id\":\"https:\\\/\\\/buletin.de\\\/bucuresti\\\/termoficare-lucrarile-de-reparatii-lasa-aproape-1-200-de-blocuri-fara-apa-calda-si-caldura\\\/\",\"url\":\"https:\\\/\\\/buletin.de\\\/bucuresti\\\/termoficare-lucrarile-de-reparatii-lasa-aproape-1-200-de-blocuri-fara-apa-calda-si-caldura\\\/\",\"name\":\"TERMOFICARE | Lucr\u0103rile de repara\u021bii las\u0103 aproape 1.200 de blocuri f\u0103r\u0103 ap\u0103 cald\u0103 \u0219i c\u0103ldur\u0103 - Buletin de Bucure\u0219ti\",\"isPartOf\":{\"@id\":\"https:\\\/\\\/buletin.de\\\/bucuresti\\\/#website\"},\"primaryImageOfPage\":{\"@id\":\"https:\\\/\\\/buletin.de\\\/bucuresti\\\/termoficare-lucrarile-de-reparatii-lasa-aproape-1-200-de-blocuri-fara-apa-calda-si-caldura\\\/#primaryimage\"},\"image\":{\"@id\":\"https:\\\/\\\/buletin.de\\\/bucuresti\\\/termoficare-lucrarile-de-reparatii-lasa-aproape-1-200-de-blocuri-fara-apa-calda-si-caldura\\\/#primaryimage\"},\"thumbnailUrl\":\"https:\\\/\\\/buletin.de\\\/bucuresti\\\/wp-content\\\/uploads\\\/2025\\\/12\\\/552823952_813804427833472_1013398783523981696_n-1.jpg\",\"datePublished\":\"2025-12-08T11:35:51+00:00\",\"dateModified\":\"2025-12-08T16:26:09+00:00\",\"description\":\"Termoenergetica a anun\u021bat lucr\u0103ri de repara\u021bii a conductelor, motiv pentru care aproape 1.200 de blocuri au r\u0103mas f\u0103r\u0103 ap\u0103 cald\u0103 \u0219i c\u0103ldur\u0103.\",\"breadcrumb\":{\"@id\":\"https:\\\/\\\/buletin.de\\\/bucuresti\\\/termoficare-lucrarile-de-reparatii-lasa-aproape-1-200-de-blocuri-fara-apa-calda-si-caldura\\\/#breadcrumb\"},\"inLanguage\":\"en-GB\",\"potentialAction\":[{\"@type\":\"ReadAction\",\"target\":[\"https:\\\/\\\/buletin.de\\\/bucuresti\\\/termoficare-lucrarile-de-reparatii-lasa-aproape-1-200-de-blocuri-fara-apa-calda-si-caldura\\\/\"]}]},{\"@type\":\"ImageObject\",\"inLanguage\":\"en-GB\",\"@id\":\"https:\\\/\\\/buletin.de\\\/bucuresti\\\/termoficare-lucrarile-de-reparatii-lasa-aproape-1-200-de-blocuri-fara-apa-calda-si-caldura\\\/#primaryimage\",\"url\":\"https:\\\/\\\/buletin.de\\\/bucuresti\\\/wp-content\\\/uploads\\\/2025\\\/12\\\/552823952_813804427833472_1013398783523981696_n-1.jpg\",\"contentUrl\":\"https:\\\/\\\/buletin.de\\\/bucuresti\\\/wp-content\\\/uploads\\\/2025\\\/12\\\/552823952_813804427833472_1013398783523981696_n-1.jpg\",\"width\":1200,\"height\":784,\"caption\":\"Aproape 1.200 de blocuri f\u0103r\u0103 ap\u0103 cald\u0103 \u0219i c\u0103ldur\u0103, din cauza lucr\u0103rilor de repara\u021bii. Foto: Facebook\\\/Termoenergetica\"},{\"@type\":\"BreadcrumbList\",\"@id\":\"https:\\\/\\\/buletin.de\\\/bucuresti\\\/termoficare-lucrarile-de-reparatii-lasa-aproape-1-200-de-blocuri-fara-apa-calda-si-caldura\\\/#breadcrumb\",\"itemListElement\":[{\"@type\":\"ListItem\",\"position\":1,\"name\":\"Acas\u0103\",\"item\":\"https:\\\/\\\/buletin.de\\\/bucuresti\\\/\"},{\"@type\":\"ListItem\",\"position\":2,\"name\":\"TERMOFICARE | Lucr\u0103rile de repara\u021bii las\u0103 aproape 1.200 de blocuri f\u0103r\u0103 ap\u0103 cald\u0103 \u0219i c\u0103ldur\u0103\"}]},{\"@type\":\"WebSite\",\"@id\":\"https:\\\/\\\/buletin.de\\\/bucuresti\\\/#website\",\"url\":\"https:\\\/\\\/buletin.de\\\/bucuresti\\\/\",\"name\":\"Buletin de Bucure\u0219ti\",\"description\":\"\u0218tiri \u0219i investiga\u021bii esen\u021biale din capital\u0103\",\"publisher\":{\"@id\":\"https:\\\/\\\/buletin.de\\\/bucuresti\\\/#organization\"},\"potentialAction\":[{\"@type\":\"SearchAction\",\"target\":{\"@type\":\"EntryPoint\",\"urlTemplate\":\"https:\\\/\\\/buletin.de\\\/bucuresti\\\/?s={search_term_string}\"},\"query-input\":{\"@type\":\"PropertyValueSpecification\",\"valueRequired\":true,\"valueName\":\"search_term_string\"}}],\"inLanguage\":\"en-GB\"},{\"@type\":\"Organization\",\"@id\":\"https:\\\/\\\/buletin.de\\\/bucuresti\\\/#organization\",\"name\":\"Buletin de Bucure\u0219ti\",\"url\":\"https:\\\/\\\/buletin.de\\\/bucuresti\\\/\",\"logo\":{\"@type\":\"ImageObject\",\"inLanguage\":\"en-GB\",\"@id\":\"https:\\\/\\\/buletin.de\\\/bucuresti\\\/#\\\/schema\\\/logo\\\/image\\\/\",\"url\":\"https:\\\/\\\/buletin.de\\\/bucuresti\\\/wp-content\\\/uploads\\\/logo-bdb-full-wide-vernil-transparent.png\",\"contentUrl\":\"https:\\\/\\\/buletin.de\\\/bucuresti\\\/wp-content\\\/uploads\\\/logo-bdb-full-wide-vernil-transparent.png\",\"width\":1782,\"height\":626,\"caption\":\"Buletin de Bucure\u0219ti\"},\"image\":{\"@id\":\"https:\\\/\\\/buletin.de\\\/bucuresti\\\/#\\\/schema\\\/logo\\\/image\\\/\"},\"sameAs\":[\"https:\\\/\\\/www.facebook.com\\\/buletin.de.buc\",\"https:\\\/\\\/www.instagram.com\\\/buletinde.bucuresti\\\/\"]},{\"@type\":\"Person\",\"@id\":\"https:\\\/\\\/buletin.de\\\/bucuresti\\\/#\\\/schema\\\/person\\\/81421a46fb84a0887cfd2238f5202586\",\"name\":\"Andreea St\u0103n\u0103r\u00eeng\u0103\",\"image\":{\"@type\":\"ImageObject\",\"inLanguage\":\"en-GB\",\"@id\":\"https:\\\/\\\/secure.gravatar.com\\\/avatar\\\/dfa8d227a4388fad0f0bb03add04b5b176f4da34397dbb2eadc563b3d7162ce0?s=96&d=monsterid&r=g72784372b39ffe5a98a45288fe0d0e8a\",\"url\":\"https:\\\/\\\/secure.gravatar.com\\\/avatar\\\/dfa8d227a4388fad0f0bb03add04b5b176f4da34397dbb2eadc563b3d7162ce0?s=96&d=monsterid&r=g\",\"contentUrl\":\"https:\\\/\\\/secure.gravatar.com\\\/avatar\\\/dfa8d227a4388fad0f0bb03add04b5b176f4da34397dbb2eadc563b3d7162ce0?s=96&d=monsterid&r=g\",\"caption\":\"Andreea St\u0103n\u0103r\u00eeng\u0103\"},\"description\":\"Cu o experien\u021b\u0103 de peste 5 ani \u00een pres\u0103, face parte din echipa Buletin de Bucure\u0219ti din septembrie 2025. A colaborat cu c\u00e2teva publica\u021bii, printre care \u0219i Fanatik.ro, unde s-a ocupat de \u0219tiri de lifestyle \u0219i de actualitate. A f\u0103cut un pas c\u0103tre presa local\u0103 pentru a explora Bucure\u0219tiul \u0219i pove\u0219tile care merit\u0103 spuse.\",\"url\":\"https:\\\/\\\/buletin.de\\\/bucuresti\\\/author\\\/andreea-stanaranga\\\/\"}]}<\/script>\n<!-- \/ Yoast SEO Premium plugin. -->","yoast_head_json":{"title":"TERMOFICARE | Lucr\u0103rile de repara\u021bii las\u0103 aproape 1.200 de blocuri f\u0103r\u0103 ap\u0103 cald\u0103 \u0219i c\u0103ldur\u0103 - Buletin de Bucure\u0219ti","description":"Termoenergetica a anun\u021bat lucr\u0103ri de repara\u021bii a conductelor, motiv pentru care aproape 1.200 de blocuri au r\u0103mas f\u0103r\u0103 ap\u0103 cald\u0103 \u0219i c\u0103ldur\u0103.","robots":{"index":"index","follow":"follow","max-snippet":"max-snippet:-1","max-image-preview":"max-image-preview:large","max-video-preview":"max-video-preview:-1"},"canonical":"https:\/\/buletin.de\/bucuresti\/termoficare-lucrarile-de-reparatii-lasa-aproape-1-200-de-blocuri-fara-apa-calda-si-caldura\/","og_locale":"en_GB","og_type":"article","og_title":"TERMOFICARE | Lucr\u0103rile de repara\u021bii las\u0103 aproape 1.200 de blocuri f\u0103r\u0103 ap\u0103 cald\u0103 \u0219i c\u0103ldur\u0103","og_description":"Termoenergetica a anun\u021bat lucr\u0103ri de repara\u021bii a conductelor, motiv pentru care aproape 1.200 de blocuri au r\u0103mas f\u0103r\u0103 ap\u0103 cald\u0103 \u0219i c\u0103ldur\u0103.","og_url":"https:\/\/buletin.de\/bucuresti\/termoficare-lucrarile-de-reparatii-lasa-aproape-1-200-de-blocuri-fara-apa-calda-si-caldura\/","og_site_name":"Buletin de Bucure\u0219ti","article_publisher":"https:\/\/www.facebook.com\/buletin.de.buc","article_published_time":"2025-12-08T11:35:51+00:00","article_modified_time":"2025-12-08T16:26:09+00:00","og_image":[{"width":1200,"height":784,"url":"https:\/\/buletin.de\/bucuresti\/wp-content\/uploads\/2025\/12\/552823952_813804427833472_1013398783523981696_n-1.jpg","type":"image\/jpeg"}],"author":"Andreea St\u0103n\u0103r\u00eeng\u0103","twitter_card":"summary_large_image","twitter_misc":{"Written by":"Andreea St\u0103n\u0103r\u00eeng\u0103","Estimated reading time":"4 minutes"},"schema":{"@context":"https:\/\/schema.org","@graph":[{"@type":"Article","@id":"https:\/\/buletin.de\/bucuresti\/termoficare-lucrarile-de-reparatii-lasa-aproape-1-200-de-blocuri-fara-apa-calda-si-caldura\/#article","isPartOf":{"@id":"https:\/\/buletin.de\/bucuresti\/termoficare-lucrarile-de-reparatii-lasa-aproape-1-200-de-blocuri-fara-apa-calda-si-caldura\/"},"author":{"name":"Andreea St\u0103n\u0103r\u00eeng\u0103","@id":"https:\/\/buletin.de\/bucuresti\/#\/schema\/person\/81421a46fb84a0887cfd2238f5202586"},"headline":"TERMOFICARE | Lucr\u0103rile de repara\u021bii las\u0103 aproape 1.200 de blocuri f\u0103r\u0103 ap\u0103 cald\u0103 \u0219i c\u0103ldur\u0103","datePublished":"2025-12-08T11:35:51+00:00","dateModified":"2025-12-08T16:26:09+00:00","mainEntityOfPage":{"@id":"https:\/\/buletin.de\/bucuresti\/termoficare-lucrarile-de-reparatii-lasa-aproape-1-200-de-blocuri-fara-apa-calda-si-caldura\/"},"wordCount":839,"publisher":{"@id":"https:\/\/buletin.de\/bucuresti\/#organization"},"image":{"@id":"https:\/\/buletin.de\/bucuresti\/termoficare-lucrarile-de-reparatii-lasa-aproape-1-200-de-blocuri-fara-apa-calda-si-caldura\/#primaryimage"},"thumbnailUrl":"https:\/\/buletin.de\/bucuresti\/wp-content\/uploads\/2025\/12\/552823952_813804427833472_1013398783523981696_n-1.jpg","keywords":["agent termic oprit","apa calda","caldura","lucrari","termoenergetica","termoficare"],"articleSection":["Articole","\u0218tiri","Termoficare"],"inLanguage":"en-GB","copyrightYear":"2025","copyrightHolder":{"@id":"https:\/\/buletin.de\/bucuresti\/#organization"}},{"@type":"WebPage","@id":"https:\/\/buletin.de\/bucuresti\/termoficare-lucrarile-de-reparatii-lasa-aproape-1-200-de-blocuri-fara-apa-calda-si-caldura\/","url":"https:\/\/buletin.de\/bucuresti\/termoficare-lucrarile-de-reparatii-lasa-aproape-1-200-de-blocuri-fara-apa-calda-si-caldura\/","name":"TERMOFICARE | Lucr\u0103rile de repara\u021bii las\u0103 aproape 1.200 de blocuri f\u0103r\u0103 ap\u0103 cald\u0103 \u0219i c\u0103ldur\u0103 - Buletin de Bucure\u0219ti","isPartOf":{"@id":"https:\/\/buletin.de\/bucuresti\/#website"},"primaryImageOfPage":{"@id":"https:\/\/buletin.de\/bucuresti\/termoficare-lucrarile-de-reparatii-lasa-aproape-1-200-de-blocuri-fara-apa-calda-si-caldura\/#primaryimage"},"image":{"@id":"https:\/\/buletin.de\/bucuresti\/termoficare-lucrarile-de-reparatii-lasa-aproape-1-200-de-blocuri-fara-apa-calda-si-caldura\/#primaryimage"},"thumbnailUrl":"https:\/\/buletin.de\/bucuresti\/wp-content\/uploads\/2025\/12\/552823952_813804427833472_1013398783523981696_n-1.jpg","datePublished":"2025-12-08T11:35:51+00:00","dateModified":"2025-12-08T16:26:09+00:00","description":"Termoenergetica a anun\u021bat lucr\u0103ri de repara\u021bii a conductelor, motiv pentru care aproape 1.200 de blocuri au r\u0103mas f\u0103r\u0103 ap\u0103 cald\u0103 \u0219i c\u0103ldur\u0103.","breadcrumb":{"@id":"https:\/\/buletin.de\/bucuresti\/termoficare-lucrarile-de-reparatii-lasa-aproape-1-200-de-blocuri-fara-apa-calda-si-caldura\/#breadcrumb"},"inLanguage":"en-GB","potentialAction":[{"@type":"ReadAction","target":["https:\/\/buletin.de\/bucuresti\/termoficare-lucrarile-de-reparatii-lasa-aproape-1-200-de-blocuri-fara-apa-calda-si-caldura\/"]}]},{"@type":"ImageObject","inLanguage":"en-GB","@id":"https:\/\/buletin.de\/bucuresti\/termoficare-lucrarile-de-reparatii-lasa-aproape-1-200-de-blocuri-fara-apa-calda-si-caldura\/#primaryimage","url":"https:\/\/buletin.de\/bucuresti\/wp-content\/uploads\/2025\/12\/552823952_813804427833472_1013398783523981696_n-1.jpg","contentUrl":"https:\/\/buletin.de\/bucuresti\/wp-content\/uploads\/2025\/12\/552823952_813804427833472_1013398783523981696_n-1.jpg","width":1200,"height":784,"caption":"Aproape 1.200 de blocuri f\u0103r\u0103 ap\u0103 cald\u0103 \u0219i c\u0103ldur\u0103, din cauza lucr\u0103rilor de repara\u021bii. Foto: Facebook\/Termoenergetica"},{"@type":"BreadcrumbList","@id":"https:\/\/buletin.de\/bucuresti\/termoficare-lucrarile-de-reparatii-lasa-aproape-1-200-de-blocuri-fara-apa-calda-si-caldura\/#breadcrumb","itemListElement":[{"@type":"ListItem","position":1,"name":"Acas\u0103","item":"https:\/\/buletin.de\/bucuresti\/"},{"@type":"ListItem","position":2,"name":"TERMOFICARE | Lucr\u0103rile de repara\u021bii las\u0103 aproape 1.200 de blocuri f\u0103r\u0103 ap\u0103 cald\u0103 \u0219i c\u0103ldur\u0103"}]},{"@type":"WebSite","@id":"https:\/\/buletin.de\/bucuresti\/#website","url":"https:\/\/buletin.de\/bucuresti\/","name":"Buletin de Bucure\u0219ti","description":"\u0218tiri \u0219i investiga\u021bii esen\u021biale din capital\u0103","publisher":{"@id":"https:\/\/buletin.de\/bucuresti\/#organization"},"potentialAction":[{"@type":"SearchAction","target":{"@type":"EntryPoint","urlTemplate":"https:\/\/buletin.de\/bucuresti\/?s={search_term_string}"},"query-input":{"@type":"PropertyValueSpecification","valueRequired":true,"valueName":"search_term_string"}}],"inLanguage":"en-GB"},{"@type":"Organization","@id":"https:\/\/buletin.de\/bucuresti\/#organization","name":"Buletin de Bucure\u0219ti","url":"https:\/\/buletin.de\/bucuresti\/","logo":{"@type":"ImageObject","inLanguage":"en-GB","@id":"https:\/\/buletin.de\/bucuresti\/#\/schema\/logo\/image\/","url":"https:\/\/buletin.de\/bucuresti\/wp-content\/uploads\/logo-bdb-full-wide-vernil-transparent.png","contentUrl":"https:\/\/buletin.de\/bucuresti\/wp-content\/uploads\/logo-bdb-full-wide-vernil-transparent.png","width":1782,"height":626,"caption":"Buletin de Bucure\u0219ti"},"image":{"@id":"https:\/\/buletin.de\/bucuresti\/#\/schema\/logo\/image\/"},"sameAs":["https:\/\/www.facebook.com\/buletin.de.buc","https:\/\/www.instagram.com\/buletinde.bucuresti\/"]},{"@type":"Person","@id":"https:\/\/buletin.de\/bucuresti\/#\/schema\/person\/81421a46fb84a0887cfd2238f5202586","name":"Andreea St\u0103n\u0103r\u00eeng\u0103","image":{"@type":"ImageObject","inLanguage":"en-GB","@id":"https:\/\/secure.gravatar.com\/avatar\/dfa8d227a4388fad0f0bb03add04b5b176f4da34397dbb2eadc563b3d7162ce0?s=96&d=monsterid&r=g72784372b39ffe5a98a45288fe0d0e8a","url":"https:\/\/secure.gravatar.com\/avatar\/dfa8d227a4388fad0f0bb03add04b5b176f4da34397dbb2eadc563b3d7162ce0?s=96&d=monsterid&r=g","contentUrl":"https:\/\/secure.gravatar.com\/avatar\/dfa8d227a4388fad0f0bb03add04b5b176f4da34397dbb2eadc563b3d7162ce0?s=96&d=monsterid&r=g","caption":"Andreea St\u0103n\u0103r\u00eeng\u0103"},"description":"Cu o experien\u021b\u0103 de peste 5 ani \u00een pres\u0103, face parte din echipa Buletin de Bucure\u0219ti din septembrie 2025. A colaborat cu c\u00e2teva publica\u021bii, printre care \u0219i Fanatik.ro, unde s-a ocupat de \u0219tiri de lifestyle \u0219i de actualitate. A f\u0103cut un pas c\u0103tre presa local\u0103 pentru a explora Bucure\u0219tiul \u0219i pove\u0219tile care merit\u0103 spuse.","url":"https:\/\/buletin.de\/bucuresti\/author\/andreea-stanaranga\/"}]}},"authors":[{"term_id":23912,"user_id":65,"is_guest":0,"slug":"andreea-stanaranga","display_name":"Andreea St\u0103n\u0103r\u00eeng\u0103","avatar_url":"https:\/\/secure.gravatar.com\/avatar\/dfa8d227a4388fad0f0bb03add04b5b176f4da34397dbb2eadc563b3d7162ce0?s=96&d=monsterid&r=g","0":null,"1":"","2":"","3":"","4":"","5":"","6":"","7":"","8":""}],"_links":{"self":[{"href":"https:\/\/buletin.de\/bucuresti\/wp-json\/wp\/v2\/posts\/161572","targetHints":{"allow":["GET"]}}],"collection":[{"href":"https:\/\/buletin.de\/bucuresti\/wp-json\/wp\/v2\/posts"}],"about":[{"href":"https:\/\/buletin.de\/bucuresti\/wp-json\/wp\/v2\/types\/post"}],"author":[{"embeddable":true,"href":"https:\/\/buletin.de\/bucuresti\/wp-json\/wp\/v2\/users\/65"}],"replies":[{"embeddable":true,"href":"https:\/\/buletin.de\/bucuresti\/wp-json\/wp\/v2\/comments?post=161572"}],"version-history":[{"count":8,"href":"https:\/\/buletin.de\/bucuresti\/wp-json\/wp\/v2\/posts\/161572\/revisions"}],"predecessor-version":[{"id":161611,"href":"https:\/\/buletin.de\/bucuresti\/wp-json\/wp\/v2\/posts\/161572\/revisions\/161611"}],"wp:featuredmedia":[{"embeddable":true,"href":"https:\/\/buletin.de\/bucuresti\/wp-json\/wp\/v2\/media\/161580"}],"wp:attachment":[{"href":"https:\/\/buletin.de\/bucuresti\/wp-json\/wp\/v2\/media?parent=161572"}],"wp:term":[{"taxonomy":"category","embeddable":true,"href":"https:\/\/buletin.de\/bucuresti\/wp-json\/wp\/v2\/categories?post=161572"},{"taxonomy":"post_tag","embeddable":true,"href":"https:\/\/buletin.de\/bucuresti\/wp-json\/wp\/v2\/tags?post=161572"},{"taxonomy":"author","embeddable":true,"href":"https:\/\/buletin.de\/bucuresti\/wp-json\/wp\/v2\/ppma_author?post=161572"}],"curies":[{"name":"wp","href":"https:\/\/api.w.org\/{rel}","templated":true}]}}