{"id":161563,"date":"2025-12-08T13:17:45","date_gmt":"2025-12-08T10:17:45","guid":{"rendered":"https:\/\/buletin.de\/bucuresti\/?p=161563"},"modified":"2025-12-08T19:28:00","modified_gmt":"2025-12-08T16:28:00","slug":"reguli-noi-la-aeroportul-otopeni-santierul-m6-restrictioneaza-accesul-la-terminalul-plecari","status":"publish","type":"post","link":"https:\/\/buletin.de\/bucuresti\/reguli-noi-la-aeroportul-otopeni-santierul-m6-restrictioneaza-accesul-la-terminalul-plecari\/","title":{"rendered":"Reguli noi la Aeroportul Otopeni. \u0218antierul M6 restric\u021bioneaz\u0103 accesul la Terminalul \u201ePlec\u0103ri\u201d"},"content":{"rendered":"\n<p><strong>Au fost impuse reguli noi de trafic la Aeroportul Otopeni, \u00een contextul \u00een care \u0219antierul M6 restric\u021bioneaz\u0103 accesul la Terminalul \u201ePlec\u0103ri\u201d de ast\u0103zi, 8 decembrie 2025.<\/strong><\/p>\n\n\n\n<p>Accesul din DN1 c\u0103tre terminalele \u201ePlec\u0103ri\u201d \u0219i \u201eSosiri\u201d ale <a href=\"https:\/\/www.bucharestairports.ro\/\">Aeroportului Interna\u021bional \u201eHenri Coand\u0103\u201d <\/a>a fost reconfigurat, din cauza extinderii zonei de lucr\u0103ri la viitoarea sta\u021bie de metrou \u201eAeroport Otopeni\u201d.<\/p>\n\n\n\n<h2 class=\"wp-block-heading\" id=\"h-ce-reguli-noi-sunt-impuse-la-aeroportul-otopeni\">Ce reguli noi sunt impuse la Aeroportul Otopeni<\/h2>\n\n\n\n<p>Constructorul lucr\u0103rilor de la metrou a amenajat noi artere pentru fluxurile auto din fa\u021ba aeroportului, inclusiv prin dezafectarea anumitor zone din parcarea public\u0103 de pasageri. <\/p>\n\n\n\n<p>Odat\u0103 cu <a href=\"https:\/\/buletin.de\/bucuresti\/noi-restrictii-de-circulatie-pe-dn1-din-cauza-lucrarilor-la-magistrala-6\/\" target=\"_blank\" rel=\"noreferrer noopener\">impunerea noilor restric\u021bii<\/a>, <strong>oprirea \u0219i sta\u021bionarea autovehiculelor pasagerilor \u0219i a mijloacelor de transport \u00een comun pe banda auto, din fa\u021ba Terminalului \u201ePlec\u0103ri\u201d, nu mai sunt permise. <\/strong><\/p>\n\n\n\n<p>De asemenea, pentru minimizarea disconfortului pasagerilor, au fost create fluxuri speciale de debarcare pentru c\u0103l\u0103torii care ajung la aeroport cu mijloace de transport \u00een comun, taxi sau autovehicule proprii. <\/p>\n\n\n\n<p><strong>Astfel, zona de debarcare a pasagerilor se afl\u0103 \u00een parcarea din fa\u021ba Terminalului \u201ePlec\u0103ri\u201d. Autobuzele \u0219i microbuzele vor utiliza exclusiv estacada Terminalului \u201eSosiri\u201d. Parcarea destinat\u0103 autocarelor \u0219i microbuzelor, aflat\u0103 la baza turnului de control, de l\u00e2ng\u0103 Terminalul \u201ePlec\u0103ri\u201d, a fost \u00eenchis\u0103. <\/strong><\/p>\n\n\n\n<figure class=\"wp-block-image size-full\"><img fetchpriority=\"high\" decoding=\"async\" width=\"898\" height=\"886\" src=\"data:image\/gif;base64,R0lGODlhAQABAAAAACH5BAEKAAEALAAAAAABAAEAAAICTAEAOw==\" data-src=\"https:\/\/buletin.de\/bucuresti\/wp-content\/uploads\/2025\/12\/ba550538-fa7a-4943-b7ca-4700afd0c81d.jpg\" alt=\"\" class=\"wp-image-161568 lazyload\" data-sizes=\"auto\" data-srcset=\"https:\/\/buletin.de\/bucuresti\/wp-content\/uploads\/2025\/12\/ba550538-fa7a-4943-b7ca-4700afd0c81d.jpg 898w, https:\/\/buletin.de\/bucuresti\/wp-content\/uploads\/2025\/12\/ba550538-fa7a-4943-b7ca-4700afd0c81d-300x296.jpg 300w, https:\/\/buletin.de\/bucuresti\/wp-content\/uploads\/2025\/12\/ba550538-fa7a-4943-b7ca-4700afd0c81d-768x758.jpg 768w, https:\/\/buletin.de\/bucuresti\/wp-content\/uploads\/2025\/12\/ba550538-fa7a-4943-b7ca-4700afd0c81d-24x24.jpg 24w, https:\/\/buletin.de\/bucuresti\/wp-content\/uploads\/2025\/12\/ba550538-fa7a-4943-b7ca-4700afd0c81d-48x48.jpg 48w, https:\/\/buletin.de\/bucuresti\/wp-content\/uploads\/2025\/12\/ba550538-fa7a-4943-b7ca-4700afd0c81d-96x96.jpg 96w, https:\/\/buletin.de\/bucuresti\/wp-content\/uploads\/2025\/12\/ba550538-fa7a-4943-b7ca-4700afd0c81d-600x592.jpg 600w, https:\/\/buletin.de\/bucuresti\/wp-content\/uploads\/2025\/12\/ba550538-fa7a-4943-b7ca-4700afd0c81d-20x20.jpg 20w\" sizes=\"(max-width: 898px) 100vw, 898px\" \/><figcaption class=\"wp-element-caption\">Restric\u021bii de trafic \u00een zona Aeroportului Otopeni. Foto: CNAB<\/figcaption><\/figure>\n\n\n\n<p>Pentru ca traficul auto s\u0103 se desf\u0103\u0219oare \u00een condi\u021bii de siguran\u021b\u0103 \u00een fa\u021ba aeroportului, conduc\u0103torii auto sunt ruga\u021bi s\u0103 respecte restric\u021biile de circula\u021bie impuse \u0219i semnaliz\u0103rile rutiere temporare. Accesul este semnalizat corespunz\u0103tor, iar personalul autorizat va sprijini dirijarea vehiculelor. <\/p>\n\n\n\n<p>Totodat\u0103, pasagerilor li se recomand\u0103 alocarea unui timp suplimentar pentru deplasare, \u021bin\u00e2nd cont de modific\u0103rile temporare ale fluxurilor de circula\u021bie din fa\u021ba aeroportului. <\/p>\n\n\n\n<h2 class=\"wp-block-heading\" id=\"h-cate-sta\u021bii-va-avea-noua-magistrala-de-metrou\">C\u00e2te sta\u021bii va avea noua magistral\u0103 de metrou <\/h2>\n\n\n\n<p><a href=\"https:\/\/buletin.de\/bucuresti\/metrorex-anunta-stadiul-lucrarilor-la-magistrala-6-progrese-semnificative-pe-tronsonul-1-mai-tokyo\/\" target=\"_blank\" rel=\"noreferrer noopener\">Magistrala 6 <\/a>este cea care va lega zona 1 Mai de Aeroportul \u201eHenri Coand\u0103\u201d Otopeni, iar lucr\u0103rile au \u00eenceput de la finalul anului 2023. Noua magistral\u0103 va avea dou\u0103 sec\u021biuni, cea de sud (tronsonul 1 Mai \u2013 Tokyo) \u0219i cea de nord (tronsonul Tokyo \u2013 Aeroport Otopeni).<\/p>\n\n\n\n<p>Lungimea traseului noii magistrale va avea 14,2 kilometri, iar aceasta va avea 12 sta\u021bii \u00een total: Pajura, Expozi\u021biei, Pia\u021ba Montreal, Gara B\u0103neasa, Aeroport B\u0103neasa, Tokyo, Washington, Paris, Bruxelles, Otopeni, Ion I. C. Br\u0103tianu, Aeroport Otopeni.<\/p>\n\n\n\n<p>Lucr\u0103rile pentru magistrala care va lega Bucure\u0219tiul de Aeroportul Otopeni ar putea fi gata \u00een anul 2028, \u00een cel mai optimist scenariu. <\/p>\n\n\n\n<p><strong>CITE\u0218TE \u0218I <a href=\"https:\/\/buletin.de\/bucuresti\/oficial-linia-5-de-tramvai-va-fi-redeschisa-pe-9-decembrie\/\" target=\"_blank\" rel=\"noreferrer noopener\">OFICIAL | Linia 5 de tramvai va fi redeschis\u0103 pe 9 decembrie<\/a><\/strong><\/p>\n\n\n\n<p><\/p>\n","protected":false},"excerpt":{"rendered":"<p>Au fost impuse reguli noi de trafic la Aeroportul Otopeni, \u00een contextul \u00een care \u0219antierul M6 restric\u021bioneaz\u0103 accesul la Terminalul \u201ePlec\u0103ri\u201d de ast\u0103zi, 8 decembrie 2025. Accesul din DN1 c\u0103tre terminalele \u201ePlec\u0103ri\u201d \u0219i \u201eSosiri\u201d ale Aeroportului Interna\u021bional \u201eHenri Coand\u0103\u201d a fost reconfigurat, din cauza extinderii zonei de lucr\u0103ri la viitoarea sta\u021bie de metrou \u201eAeroport Otopeni\u201d. [&hellip;]<\/p>\n","protected":false},"author":65,"featured_media":161569,"comment_status":"closed","ping_status":"open","sticky":false,"template":"","format":"standard","meta":{"_acf_changed":false,"inline_featured_image":false,"ngg_post_thumbnail":0,"footnotes":""},"categories":[6994,62,650],"tags":[24188,19587,6880,4494],"ppma_author":[23912],"class_list":["post-161563","post","type-post","status-publish","format-standard","has-post-thumbnail","hentry","category-stiri-2","category-stiri","category-transport","tag-aeroport-henri-coanda-2","tag-lucrari-magistrala-6","tag-magistrala-6","tag-restrictii-de-circulatie"],"acf":[],"yoast_head":"<!-- This site is optimized with the Yoast SEO Premium plugin v25.3 (Yoast SEO v27.4) - https:\/\/yoast.com\/product\/yoast-seo-premium-wordpress\/ -->\n<title>Reguli noi la Aeroportul Otopeni. \u0218antierul M6 restric\u021bioneaz\u0103 accesul la Terminalul \u201ePlec\u0103ri\u201d - Buletin de Bucure\u0219ti<\/title>\n<meta name=\"description\" content=\"Au fost impuse reguli noi la Aeroportul Otopeni, \u00een contextul \u00een care \u0219antierul M6 restric\u021bioneaz\u0103 accesul la Terminalul \u201ePlec\u0103ri\u201d de ast\u0103zi\" \/>\n<meta name=\"robots\" content=\"index, follow, max-snippet:-1, max-image-preview:large, max-video-preview:-1\" \/>\n<link rel=\"canonical\" href=\"https:\/\/buletin.de\/bucuresti\/reguli-noi-la-aeroportul-otopeni-santierul-m6-restrictioneaza-accesul-la-terminalul-plecari\/\" \/>\n<meta property=\"og:locale\" content=\"en_GB\" \/>\n<meta property=\"og:type\" content=\"article\" \/>\n<meta property=\"og:title\" content=\"Reguli noi la Aeroportul Otopeni. \u0218antierul M6 restric\u021bioneaz\u0103 accesul la Terminalul \u201ePlec\u0103ri\u201d\" \/>\n<meta property=\"og:description\" content=\"Au fost impuse reguli noi la Aeroportul Otopeni, \u00een contextul \u00een care \u0219antierul M6 restric\u021bioneaz\u0103 accesul la Terminalul \u201ePlec\u0103ri\u201d de ast\u0103zi\" \/>\n<meta property=\"og:url\" content=\"https:\/\/buletin.de\/bucuresti\/reguli-noi-la-aeroportul-otopeni-santierul-m6-restrictioneaza-accesul-la-terminalul-plecari\/\" \/>\n<meta property=\"og:site_name\" content=\"Buletin de Bucure\u0219ti\" \/>\n<meta property=\"article:publisher\" content=\"https:\/\/www.facebook.com\/buletin.de.buc\" \/>\n<meta property=\"article:published_time\" content=\"2025-12-08T10:17:45+00:00\" \/>\n<meta property=\"article:modified_time\" content=\"2025-12-08T16:28:00+00:00\" \/>\n<meta property=\"og:image\" content=\"https:\/\/buletin.de\/bucuresti\/wp-content\/uploads\/2025\/12\/Reguli-noi-la-Aeroportul-Otopeni-restrictii-.jpg\" \/>\n\t<meta property=\"og:image:width\" content=\"1200\" \/>\n\t<meta property=\"og:image:height\" content=\"655\" \/>\n\t<meta property=\"og:image:type\" content=\"image\/jpeg\" \/>\n<meta name=\"author\" content=\"Andreea St\u0103n\u0103r\u00eeng\u0103\" \/>\n<meta name=\"twitter:card\" content=\"summary_large_image\" \/>\n<meta name=\"twitter:label1\" content=\"Written by\" \/>\n\t<meta name=\"twitter:data1\" content=\"Andreea St\u0103n\u0103r\u00eeng\u0103\" \/>\n\t<meta name=\"twitter:label2\" content=\"Estimated reading time\" \/>\n\t<meta name=\"twitter:data2\" content=\"3 minutes\" \/>\n<script type=\"application\/ld+json\" class=\"yoast-schema-graph\">{\"@context\":\"https:\\\/\\\/schema.org\",\"@graph\":[{\"@type\":\"Article\",\"@id\":\"https:\\\/\\\/buletin.de\\\/bucuresti\\\/reguli-noi-la-aeroportul-otopeni-santierul-m6-restrictioneaza-accesul-la-terminalul-plecari\\\/#article\",\"isPartOf\":{\"@id\":\"https:\\\/\\\/buletin.de\\\/bucuresti\\\/reguli-noi-la-aeroportul-otopeni-santierul-m6-restrictioneaza-accesul-la-terminalul-plecari\\\/\"},\"author\":{\"name\":\"Andreea St\u0103n\u0103r\u00eeng\u0103\",\"@id\":\"https:\\\/\\\/buletin.de\\\/bucuresti\\\/#\\\/schema\\\/person\\\/81421a46fb84a0887cfd2238f5202586\"},\"headline\":\"Reguli noi la Aeroportul Otopeni. \u0218antierul M6 restric\u021bioneaz\u0103 accesul la Terminalul \u201ePlec\u0103ri\u201d\",\"datePublished\":\"2025-12-08T10:17:45+00:00\",\"dateModified\":\"2025-12-08T16:28:00+00:00\",\"mainEntityOfPage\":{\"@id\":\"https:\\\/\\\/buletin.de\\\/bucuresti\\\/reguli-noi-la-aeroportul-otopeni-santierul-m6-restrictioneaza-accesul-la-terminalul-plecari\\\/\"},\"wordCount\":430,\"publisher\":{\"@id\":\"https:\\\/\\\/buletin.de\\\/bucuresti\\\/#organization\"},\"image\":{\"@id\":\"https:\\\/\\\/buletin.de\\\/bucuresti\\\/reguli-noi-la-aeroportul-otopeni-santierul-m6-restrictioneaza-accesul-la-terminalul-plecari\\\/#primaryimage\"},\"thumbnailUrl\":\"https:\\\/\\\/buletin.de\\\/bucuresti\\\/wp-content\\\/uploads\\\/2025\\\/12\\\/Reguli-noi-la-Aeroportul-Otopeni-restrictii-.jpg\",\"keywords\":[\"Aeroport \u201eHenri Coand\u0103\u201d\",\"lucrari magistrala 6\",\"magistrala 6\",\"restrictii de circulatie\"],\"articleSection\":[\"Articole\",\"\u0218tiri\",\"Transport\"],\"inLanguage\":\"en-GB\",\"copyrightYear\":\"2025\",\"copyrightHolder\":{\"@id\":\"https:\\\/\\\/buletin.de\\\/bucuresti\\\/#organization\"}},{\"@type\":\"WebPage\",\"@id\":\"https:\\\/\\\/buletin.de\\\/bucuresti\\\/reguli-noi-la-aeroportul-otopeni-santierul-m6-restrictioneaza-accesul-la-terminalul-plecari\\\/\",\"url\":\"https:\\\/\\\/buletin.de\\\/bucuresti\\\/reguli-noi-la-aeroportul-otopeni-santierul-m6-restrictioneaza-accesul-la-terminalul-plecari\\\/\",\"name\":\"Reguli noi la Aeroportul Otopeni. \u0218antierul M6 restric\u021bioneaz\u0103 accesul la Terminalul \u201ePlec\u0103ri\u201d - Buletin de Bucure\u0219ti\",\"isPartOf\":{\"@id\":\"https:\\\/\\\/buletin.de\\\/bucuresti\\\/#website\"},\"primaryImageOfPage\":{\"@id\":\"https:\\\/\\\/buletin.de\\\/bucuresti\\\/reguli-noi-la-aeroportul-otopeni-santierul-m6-restrictioneaza-accesul-la-terminalul-plecari\\\/#primaryimage\"},\"image\":{\"@id\":\"https:\\\/\\\/buletin.de\\\/bucuresti\\\/reguli-noi-la-aeroportul-otopeni-santierul-m6-restrictioneaza-accesul-la-terminalul-plecari\\\/#primaryimage\"},\"thumbnailUrl\":\"https:\\\/\\\/buletin.de\\\/bucuresti\\\/wp-content\\\/uploads\\\/2025\\\/12\\\/Reguli-noi-la-Aeroportul-Otopeni-restrictii-.jpg\",\"datePublished\":\"2025-12-08T10:17:45+00:00\",\"dateModified\":\"2025-12-08T16:28:00+00:00\",\"description\":\"Au fost impuse reguli noi la Aeroportul Otopeni, \u00een contextul \u00een care \u0219antierul M6 restric\u021bioneaz\u0103 accesul la Terminalul \u201ePlec\u0103ri\u201d de ast\u0103zi\",\"breadcrumb\":{\"@id\":\"https:\\\/\\\/buletin.de\\\/bucuresti\\\/reguli-noi-la-aeroportul-otopeni-santierul-m6-restrictioneaza-accesul-la-terminalul-plecari\\\/#breadcrumb\"},\"inLanguage\":\"en-GB\",\"potentialAction\":[{\"@type\":\"ReadAction\",\"target\":[\"https:\\\/\\\/buletin.de\\\/bucuresti\\\/reguli-noi-la-aeroportul-otopeni-santierul-m6-restrictioneaza-accesul-la-terminalul-plecari\\\/\"]}]},{\"@type\":\"ImageObject\",\"inLanguage\":\"en-GB\",\"@id\":\"https:\\\/\\\/buletin.de\\\/bucuresti\\\/reguli-noi-la-aeroportul-otopeni-santierul-m6-restrictioneaza-accesul-la-terminalul-plecari\\\/#primaryimage\",\"url\":\"https:\\\/\\\/buletin.de\\\/bucuresti\\\/wp-content\\\/uploads\\\/2025\\\/12\\\/Reguli-noi-la-Aeroportul-Otopeni-restrictii-.jpg\",\"contentUrl\":\"https:\\\/\\\/buletin.de\\\/bucuresti\\\/wp-content\\\/uploads\\\/2025\\\/12\\\/Reguli-noi-la-Aeroportul-Otopeni-restrictii-.jpg\",\"width\":1200,\"height\":655,\"caption\":\"Noi restric\u021bii de circula\u021bie la Aeroportul Otopeni. Foto: CNAB\"},{\"@type\":\"BreadcrumbList\",\"@id\":\"https:\\\/\\\/buletin.de\\\/bucuresti\\\/reguli-noi-la-aeroportul-otopeni-santierul-m6-restrictioneaza-accesul-la-terminalul-plecari\\\/#breadcrumb\",\"itemListElement\":[{\"@type\":\"ListItem\",\"position\":1,\"name\":\"Acas\u0103\",\"item\":\"https:\\\/\\\/buletin.de\\\/bucuresti\\\/\"},{\"@type\":\"ListItem\",\"position\":2,\"name\":\"Reguli noi la Aeroportul Otopeni. \u0218antierul M6 restric\u021bioneaz\u0103 accesul la Terminalul \u201ePlec\u0103ri\u201d\"}]},{\"@type\":\"WebSite\",\"@id\":\"https:\\\/\\\/buletin.de\\\/bucuresti\\\/#website\",\"url\":\"https:\\\/\\\/buletin.de\\\/bucuresti\\\/\",\"name\":\"Buletin de Bucure\u0219ti\",\"description\":\"\u0218tiri \u0219i investiga\u021bii esen\u021biale din capital\u0103\",\"publisher\":{\"@id\":\"https:\\\/\\\/buletin.de\\\/bucuresti\\\/#organization\"},\"potentialAction\":[{\"@type\":\"SearchAction\",\"target\":{\"@type\":\"EntryPoint\",\"urlTemplate\":\"https:\\\/\\\/buletin.de\\\/bucuresti\\\/?s={search_term_string}\"},\"query-input\":{\"@type\":\"PropertyValueSpecification\",\"valueRequired\":true,\"valueName\":\"search_term_string\"}}],\"inLanguage\":\"en-GB\"},{\"@type\":\"Organization\",\"@id\":\"https:\\\/\\\/buletin.de\\\/bucuresti\\\/#organization\",\"name\":\"Buletin de Bucure\u0219ti\",\"url\":\"https:\\\/\\\/buletin.de\\\/bucuresti\\\/\",\"logo\":{\"@type\":\"ImageObject\",\"inLanguage\":\"en-GB\",\"@id\":\"https:\\\/\\\/buletin.de\\\/bucuresti\\\/#\\\/schema\\\/logo\\\/image\\\/\",\"url\":\"https:\\\/\\\/buletin.de\\\/bucuresti\\\/wp-content\\\/uploads\\\/logo-bdb-full-wide-vernil-transparent.png\",\"contentUrl\":\"https:\\\/\\\/buletin.de\\\/bucuresti\\\/wp-content\\\/uploads\\\/logo-bdb-full-wide-vernil-transparent.png\",\"width\":1782,\"height\":626,\"caption\":\"Buletin de Bucure\u0219ti\"},\"image\":{\"@id\":\"https:\\\/\\\/buletin.de\\\/bucuresti\\\/#\\\/schema\\\/logo\\\/image\\\/\"},\"sameAs\":[\"https:\\\/\\\/www.facebook.com\\\/buletin.de.buc\",\"https:\\\/\\\/www.instagram.com\\\/buletinde.bucuresti\\\/\"]},{\"@type\":\"Person\",\"@id\":\"https:\\\/\\\/buletin.de\\\/bucuresti\\\/#\\\/schema\\\/person\\\/81421a46fb84a0887cfd2238f5202586\",\"name\":\"Andreea St\u0103n\u0103r\u00eeng\u0103\",\"image\":{\"@type\":\"ImageObject\",\"inLanguage\":\"en-GB\",\"@id\":\"https:\\\/\\\/secure.gravatar.com\\\/avatar\\\/dfa8d227a4388fad0f0bb03add04b5b176f4da34397dbb2eadc563b3d7162ce0?s=96&d=monsterid&r=g72784372b39ffe5a98a45288fe0d0e8a\",\"url\":\"https:\\\/\\\/secure.gravatar.com\\\/avatar\\\/dfa8d227a4388fad0f0bb03add04b5b176f4da34397dbb2eadc563b3d7162ce0?s=96&d=monsterid&r=g\",\"contentUrl\":\"https:\\\/\\\/secure.gravatar.com\\\/avatar\\\/dfa8d227a4388fad0f0bb03add04b5b176f4da34397dbb2eadc563b3d7162ce0?s=96&d=monsterid&r=g\",\"caption\":\"Andreea St\u0103n\u0103r\u00eeng\u0103\"},\"description\":\"Cu o experien\u021b\u0103 de peste 5 ani \u00een pres\u0103, face parte din echipa Buletin de Bucure\u0219ti din septembrie 2025. A colaborat cu c\u00e2teva publica\u021bii, printre care \u0219i Fanatik.ro, unde s-a ocupat de \u0219tiri de lifestyle \u0219i de actualitate. A f\u0103cut un pas c\u0103tre presa local\u0103 pentru a explora Bucure\u0219tiul \u0219i pove\u0219tile care merit\u0103 spuse.\",\"url\":\"https:\\\/\\\/buletin.de\\\/bucuresti\\\/author\\\/andreea-stanaranga\\\/\"}]}<\/script>\n<!-- \/ Yoast SEO Premium plugin. -->","yoast_head_json":{"title":"Reguli noi la Aeroportul Otopeni. \u0218antierul M6 restric\u021bioneaz\u0103 accesul la Terminalul \u201ePlec\u0103ri\u201d - Buletin de Bucure\u0219ti","description":"Au fost impuse reguli noi la Aeroportul Otopeni, \u00een contextul \u00een care \u0219antierul M6 restric\u021bioneaz\u0103 accesul la Terminalul \u201ePlec\u0103ri\u201d de ast\u0103zi","robots":{"index":"index","follow":"follow","max-snippet":"max-snippet:-1","max-image-preview":"max-image-preview:large","max-video-preview":"max-video-preview:-1"},"canonical":"https:\/\/buletin.de\/bucuresti\/reguli-noi-la-aeroportul-otopeni-santierul-m6-restrictioneaza-accesul-la-terminalul-plecari\/","og_locale":"en_GB","og_type":"article","og_title":"Reguli noi la Aeroportul Otopeni. \u0218antierul M6 restric\u021bioneaz\u0103 accesul la Terminalul \u201ePlec\u0103ri\u201d","og_description":"Au fost impuse reguli noi la Aeroportul Otopeni, \u00een contextul \u00een care \u0219antierul M6 restric\u021bioneaz\u0103 accesul la Terminalul \u201ePlec\u0103ri\u201d de ast\u0103zi","og_url":"https:\/\/buletin.de\/bucuresti\/reguli-noi-la-aeroportul-otopeni-santierul-m6-restrictioneaza-accesul-la-terminalul-plecari\/","og_site_name":"Buletin de Bucure\u0219ti","article_publisher":"https:\/\/www.facebook.com\/buletin.de.buc","article_published_time":"2025-12-08T10:17:45+00:00","article_modified_time":"2025-12-08T16:28:00+00:00","og_image":[{"width":1200,"height":655,"url":"https:\/\/buletin.de\/bucuresti\/wp-content\/uploads\/2025\/12\/Reguli-noi-la-Aeroportul-Otopeni-restrictii-.jpg","type":"image\/jpeg"}],"author":"Andreea St\u0103n\u0103r\u00eeng\u0103","twitter_card":"summary_large_image","twitter_misc":{"Written by":"Andreea St\u0103n\u0103r\u00eeng\u0103","Estimated reading time":"3 minutes"},"schema":{"@context":"https:\/\/schema.org","@graph":[{"@type":"Article","@id":"https:\/\/buletin.de\/bucuresti\/reguli-noi-la-aeroportul-otopeni-santierul-m6-restrictioneaza-accesul-la-terminalul-plecari\/#article","isPartOf":{"@id":"https:\/\/buletin.de\/bucuresti\/reguli-noi-la-aeroportul-otopeni-santierul-m6-restrictioneaza-accesul-la-terminalul-plecari\/"},"author":{"name":"Andreea St\u0103n\u0103r\u00eeng\u0103","@id":"https:\/\/buletin.de\/bucuresti\/#\/schema\/person\/81421a46fb84a0887cfd2238f5202586"},"headline":"Reguli noi la Aeroportul Otopeni. \u0218antierul M6 restric\u021bioneaz\u0103 accesul la Terminalul \u201ePlec\u0103ri\u201d","datePublished":"2025-12-08T10:17:45+00:00","dateModified":"2025-12-08T16:28:00+00:00","mainEntityOfPage":{"@id":"https:\/\/buletin.de\/bucuresti\/reguli-noi-la-aeroportul-otopeni-santierul-m6-restrictioneaza-accesul-la-terminalul-plecari\/"},"wordCount":430,"publisher":{"@id":"https:\/\/buletin.de\/bucuresti\/#organization"},"image":{"@id":"https:\/\/buletin.de\/bucuresti\/reguli-noi-la-aeroportul-otopeni-santierul-m6-restrictioneaza-accesul-la-terminalul-plecari\/#primaryimage"},"thumbnailUrl":"https:\/\/buletin.de\/bucuresti\/wp-content\/uploads\/2025\/12\/Reguli-noi-la-Aeroportul-Otopeni-restrictii-.jpg","keywords":["Aeroport \u201eHenri Coand\u0103\u201d","lucrari magistrala 6","magistrala 6","restrictii de circulatie"],"articleSection":["Articole","\u0218tiri","Transport"],"inLanguage":"en-GB","copyrightYear":"2025","copyrightHolder":{"@id":"https:\/\/buletin.de\/bucuresti\/#organization"}},{"@type":"WebPage","@id":"https:\/\/buletin.de\/bucuresti\/reguli-noi-la-aeroportul-otopeni-santierul-m6-restrictioneaza-accesul-la-terminalul-plecari\/","url":"https:\/\/buletin.de\/bucuresti\/reguli-noi-la-aeroportul-otopeni-santierul-m6-restrictioneaza-accesul-la-terminalul-plecari\/","name":"Reguli noi la Aeroportul Otopeni. \u0218antierul M6 restric\u021bioneaz\u0103 accesul la Terminalul \u201ePlec\u0103ri\u201d - Buletin de Bucure\u0219ti","isPartOf":{"@id":"https:\/\/buletin.de\/bucuresti\/#website"},"primaryImageOfPage":{"@id":"https:\/\/buletin.de\/bucuresti\/reguli-noi-la-aeroportul-otopeni-santierul-m6-restrictioneaza-accesul-la-terminalul-plecari\/#primaryimage"},"image":{"@id":"https:\/\/buletin.de\/bucuresti\/reguli-noi-la-aeroportul-otopeni-santierul-m6-restrictioneaza-accesul-la-terminalul-plecari\/#primaryimage"},"thumbnailUrl":"https:\/\/buletin.de\/bucuresti\/wp-content\/uploads\/2025\/12\/Reguli-noi-la-Aeroportul-Otopeni-restrictii-.jpg","datePublished":"2025-12-08T10:17:45+00:00","dateModified":"2025-12-08T16:28:00+00:00","description":"Au fost impuse reguli noi la Aeroportul Otopeni, \u00een contextul \u00een care \u0219antierul M6 restric\u021bioneaz\u0103 accesul la Terminalul \u201ePlec\u0103ri\u201d de ast\u0103zi","breadcrumb":{"@id":"https:\/\/buletin.de\/bucuresti\/reguli-noi-la-aeroportul-otopeni-santierul-m6-restrictioneaza-accesul-la-terminalul-plecari\/#breadcrumb"},"inLanguage":"en-GB","potentialAction":[{"@type":"ReadAction","target":["https:\/\/buletin.de\/bucuresti\/reguli-noi-la-aeroportul-otopeni-santierul-m6-restrictioneaza-accesul-la-terminalul-plecari\/"]}]},{"@type":"ImageObject","inLanguage":"en-GB","@id":"https:\/\/buletin.de\/bucuresti\/reguli-noi-la-aeroportul-otopeni-santierul-m6-restrictioneaza-accesul-la-terminalul-plecari\/#primaryimage","url":"https:\/\/buletin.de\/bucuresti\/wp-content\/uploads\/2025\/12\/Reguli-noi-la-Aeroportul-Otopeni-restrictii-.jpg","contentUrl":"https:\/\/buletin.de\/bucuresti\/wp-content\/uploads\/2025\/12\/Reguli-noi-la-Aeroportul-Otopeni-restrictii-.jpg","width":1200,"height":655,"caption":"Noi restric\u021bii de circula\u021bie la Aeroportul Otopeni. Foto: CNAB"},{"@type":"BreadcrumbList","@id":"https:\/\/buletin.de\/bucuresti\/reguli-noi-la-aeroportul-otopeni-santierul-m6-restrictioneaza-accesul-la-terminalul-plecari\/#breadcrumb","itemListElement":[{"@type":"ListItem","position":1,"name":"Acas\u0103","item":"https:\/\/buletin.de\/bucuresti\/"},{"@type":"ListItem","position":2,"name":"Reguli noi la Aeroportul Otopeni. \u0218antierul M6 restric\u021bioneaz\u0103 accesul la Terminalul \u201ePlec\u0103ri\u201d"}]},{"@type":"WebSite","@id":"https:\/\/buletin.de\/bucuresti\/#website","url":"https:\/\/buletin.de\/bucuresti\/","name":"Buletin de Bucure\u0219ti","description":"\u0218tiri \u0219i investiga\u021bii esen\u021biale din capital\u0103","publisher":{"@id":"https:\/\/buletin.de\/bucuresti\/#organization"},"potentialAction":[{"@type":"SearchAction","target":{"@type":"EntryPoint","urlTemplate":"https:\/\/buletin.de\/bucuresti\/?s={search_term_string}"},"query-input":{"@type":"PropertyValueSpecification","valueRequired":true,"valueName":"search_term_string"}}],"inLanguage":"en-GB"},{"@type":"Organization","@id":"https:\/\/buletin.de\/bucuresti\/#organization","name":"Buletin de Bucure\u0219ti","url":"https:\/\/buletin.de\/bucuresti\/","logo":{"@type":"ImageObject","inLanguage":"en-GB","@id":"https:\/\/buletin.de\/bucuresti\/#\/schema\/logo\/image\/","url":"https:\/\/buletin.de\/bucuresti\/wp-content\/uploads\/logo-bdb-full-wide-vernil-transparent.png","contentUrl":"https:\/\/buletin.de\/bucuresti\/wp-content\/uploads\/logo-bdb-full-wide-vernil-transparent.png","width":1782,"height":626,"caption":"Buletin de Bucure\u0219ti"},"image":{"@id":"https:\/\/buletin.de\/bucuresti\/#\/schema\/logo\/image\/"},"sameAs":["https:\/\/www.facebook.com\/buletin.de.buc","https:\/\/www.instagram.com\/buletinde.bucuresti\/"]},{"@type":"Person","@id":"https:\/\/buletin.de\/bucuresti\/#\/schema\/person\/81421a46fb84a0887cfd2238f5202586","name":"Andreea St\u0103n\u0103r\u00eeng\u0103","image":{"@type":"ImageObject","inLanguage":"en-GB","@id":"https:\/\/secure.gravatar.com\/avatar\/dfa8d227a4388fad0f0bb03add04b5b176f4da34397dbb2eadc563b3d7162ce0?s=96&d=monsterid&r=g72784372b39ffe5a98a45288fe0d0e8a","url":"https:\/\/secure.gravatar.com\/avatar\/dfa8d227a4388fad0f0bb03add04b5b176f4da34397dbb2eadc563b3d7162ce0?s=96&d=monsterid&r=g","contentUrl":"https:\/\/secure.gravatar.com\/avatar\/dfa8d227a4388fad0f0bb03add04b5b176f4da34397dbb2eadc563b3d7162ce0?s=96&d=monsterid&r=g","caption":"Andreea St\u0103n\u0103r\u00eeng\u0103"},"description":"Cu o experien\u021b\u0103 de peste 5 ani \u00een pres\u0103, face parte din echipa Buletin de Bucure\u0219ti din septembrie 2025. A colaborat cu c\u00e2teva publica\u021bii, printre care \u0219i Fanatik.ro, unde s-a ocupat de \u0219tiri de lifestyle \u0219i de actualitate. A f\u0103cut un pas c\u0103tre presa local\u0103 pentru a explora Bucure\u0219tiul \u0219i pove\u0219tile care merit\u0103 spuse.","url":"https:\/\/buletin.de\/bucuresti\/author\/andreea-stanaranga\/"}]}},"authors":[{"term_id":23912,"user_id":65,"is_guest":0,"slug":"andreea-stanaranga","display_name":"Andreea St\u0103n\u0103r\u00eeng\u0103","avatar_url":"https:\/\/secure.gravatar.com\/avatar\/dfa8d227a4388fad0f0bb03add04b5b176f4da34397dbb2eadc563b3d7162ce0?s=96&d=monsterid&r=g","0":null,"1":"","2":"","3":"","4":"","5":"","6":"","7":"","8":""}],"_links":{"self":[{"href":"https:\/\/buletin.de\/bucuresti\/wp-json\/wp\/v2\/posts\/161563","targetHints":{"allow":["GET"]}}],"collection":[{"href":"https:\/\/buletin.de\/bucuresti\/wp-json\/wp\/v2\/posts"}],"about":[{"href":"https:\/\/buletin.de\/bucuresti\/wp-json\/wp\/v2\/types\/post"}],"author":[{"embeddable":true,"href":"https:\/\/buletin.de\/bucuresti\/wp-json\/wp\/v2\/users\/65"}],"replies":[{"embeddable":true,"href":"https:\/\/buletin.de\/bucuresti\/wp-json\/wp\/v2\/comments?post=161563"}],"version-history":[{"count":4,"href":"https:\/\/buletin.de\/bucuresti\/wp-json\/wp\/v2\/posts\/161563\/revisions"}],"predecessor-version":[{"id":161613,"href":"https:\/\/buletin.de\/bucuresti\/wp-json\/wp\/v2\/posts\/161563\/revisions\/161613"}],"wp:featuredmedia":[{"embeddable":true,"href":"https:\/\/buletin.de\/bucuresti\/wp-json\/wp\/v2\/media\/161569"}],"wp:attachment":[{"href":"https:\/\/buletin.de\/bucuresti\/wp-json\/wp\/v2\/media?parent=161563"}],"wp:term":[{"taxonomy":"category","embeddable":true,"href":"https:\/\/buletin.de\/bucuresti\/wp-json\/wp\/v2\/categories?post=161563"},{"taxonomy":"post_tag","embeddable":true,"href":"https:\/\/buletin.de\/bucuresti\/wp-json\/wp\/v2\/tags?post=161563"},{"taxonomy":"author","embeddable":true,"href":"https:\/\/buletin.de\/bucuresti\/wp-json\/wp\/v2\/ppma_author?post=161563"}],"curies":[{"name":"wp","href":"https:\/\/api.w.org\/{rel}","templated":true}]}}