{"id":161555,"date":"2025-12-08T11:25:33","date_gmt":"2025-12-08T08:25:33","guid":{"rendered":"https:\/\/buletin.de\/bucuresti\/?p=161555"},"modified":"2025-12-08T12:06:46","modified_gmt":"2025-12-08T09:06:46","slug":"prefectul-capitalei-andrei-nistor-exista-posibilitatea-ca-alegerile-din-sectorul-6-sa-se-tina-la-termen-in-2028","status":"publish","type":"post","link":"https:\/\/buletin.de\/bucuresti\/prefectul-capitalei-andrei-nistor-exista-posibilitatea-ca-alegerile-din-sectorul-6-sa-se-tina-la-termen-in-2028\/","title":{"rendered":"Prefectul Capitalei, Andrei Nistor: \u201eExist\u0103 posibilitatea ca alegerile din Sectorul 6 s\u0103 se \u021bin\u0103 la termen, \u00een 2028\u201d"},"content":{"rendered":"\n<p><strong>Locuitorii din Drumul Taberei, Militari \u0219i Cr\u00e2nga\u0219i ar putea fi condu\u0219i de un primar interimar pentru urm\u0103torii trei ani, \u00een ciuda prevederilor legale care impun organizarea de alegeri par\u021biale. Prefectul Capitalei, Andrei Nistor, a declarat pentru Buletin de Bucure\u0219ti c\u0103 scenariul \u00een care Guvernul nu va organiza alegerile din Sectorul 6 p\u00e2n\u0103 \u00een 2028 este unul plauzibil. <\/strong><\/p>\n\n\n\n<p><strong>Situa\u021bia survine dup\u0103 victoria lui Ciprian Ciucu \u00een cursa pentru Prim\u0103ria General\u0103, fapt ce duce la vacantarea postului de <a href=\"https:\/\/www.primarie6.ro\/\" target=\"_blank\" rel=\"noreferrer noopener\">primar al Sectorului 6<\/a>.<\/strong><\/p>\n\n\n\n<p>De\u0219i Codul Administrativ prevede termene clare pentru situa\u021biile de vacantare a func\u021biei de primar, reprezentantul Guvernului \u00een teritoriu introduce variabila voin\u021bei politice de la Palatul Victoria. Nistor invoc\u0103 aspecte financiare \u0219i logistice care ar putea c\u00e2nt\u0103ri mai greu dec\u00e2t obligativitatea legii.<\/p>\n\n\n\n<p>\u201e<em>Alegerile pentru Sectorul 6, \u00een urma vacant\u0103rii, ar trebui organizate \u00een maxim 90 de zile. Exist\u0103 posibilitatea ca termenul s\u0103 fie dep\u0103\u0219it, exist\u0103 chiar posibilitatea ca acestea s\u0103 se \u021bin\u0103 abia la termen, \u00een 2028, \u00een func\u021bie de voin\u021ba Guvernului, dac\u0103 lu\u0103m \u00een calcul costurile \u0219i logistica necesar\u0103. <\/em><\/p>\n\n\n\n<p><em>Din punctul de vedere al Institu\u021biei Prefectului, vom face toate demersurile necesare pentru organizarea \u00een termenul legal<\/em>\u201d, a precizat pentru Buletin de Bucure\u0219ti, prefectul Capitalei, Andrei Nistor.<\/p>\n\n\n\n<p><strong>CITE\u0218TE \u0218I: <a href=\"https:\/\/buletin.de\/bucuresti\/vid-de-putere-la-sectorul-6-dupa-victoria-lui-ciprian-ciucu-cine-preia-interimatul\/\" target=\"_blank\" rel=\"noreferrer noopener\">Vid de putere la Sectorul 6 dup\u0103 victoria lui Ciprian Ciucu. Cine preia interimatul<\/a><\/strong><\/p>\n\n\n\n<h2 class=\"wp-block-heading\" id=\"h-fara-alegerile-din-sectorul-6-interimatul-se-poate-prelungi-peste-limita-legala\">F\u0103r\u0103 alegerile din Sectorul 6<strong>, interimatul se poate prelungi peste limita legal\u0103<\/strong><\/h2>\n\n\n\n<p>Legea impune ca, odat\u0103 ce Ciprian Ciucu depune jur\u0103m\u00e2ntul pentru func\u021bia de Primar General \u0219i postul de la sector devine vacant, Guvernul s\u0103 stabileasc\u0103 data alegerilor. Istoricul administrativ recent din Bucure\u0219ti arat\u0103 \u00eens\u0103 c\u0103 aceste termene sunt adesea ignorate de Executiv.<\/p>\n\n\n\n<p>CITE\u0218TE \u0218I <a href=\"https:\/\/buletin.de\/bucuresti\/viceprimarul-promovat-tot-mai-intens-de-ciprian-ciucu-a-castigat-peste-60-000-de-euro-din-trei-functii-publice-paul-moldovan-si-sotia-peste-100-000-de-euro-anual-de-la-bugetul-de-stat\/\"><strong>Viceprimarul promovat tot mai intens de Ciprian Ciucu a c\u00e2\u0219tigat peste 60.000 de euro din trei func\u021bii publice. Paul Moldovan \u0219i so\u021bia, peste 100.000 de euro anual, de la bugetul de stat<\/strong><\/a><\/p>\n\n\n\n<p>Dac\u0103 Guvernul Bolojan decide s\u0103 nu aloce bugetul necesar, Sectorul 6 va intra \u00eentr-o zon\u0103 gri, condus de un interimar desemnat prin negocieri de culise \u00een Consiliul Local, \u0219i nu prin vot popular.<\/p>\n\n\n\n<h2 class=\"wp-block-heading\" id=\"h-cine-preia-fraiele-in-sectorul-6\"><strong>Cine preia fr\u00e2iele \u00een Sectorul 6<\/strong><\/h2>\n\n\n\n<p>P\u00e2n\u0103 la o eventual\u0103 decizie a Guvernului privind data alegerilor, conducerea prim\u0103riei va fi asigurat\u0103 de unul dintre viceprimari. Procedura implic\u0103 votul secret al Consiliului Local pentru desemnarea celui care va prelua atribu\u021biile de primar. Calculele politice indic\u0103 faptul c\u0103 Ciprian Ciucu va \u00eencerca s\u0103 \u00ee\u0219i conserve controlul asupra sectorului prin propulsarea lui Paul Moldovan.<\/p>\n\n\n\n<p>Actual viceprimar \u0219i pre\u0219edinte al filialei PNL Sector 6, Moldovan este v\u0103zut drept succesorul natural al lui Ciucu \u0219i beneficiaz\u0103 de sus\u021binerea politic\u0103 a acestuia.<\/p>\n\n\n\n<p><strong>CITE\u0218TE \u0218I:<a href=\"https:\/\/buletin.de\/bucuresti\/mostenitorii-lui-daniel-baluta-si-ciprian-ciucu-pe-cine-ar-lasa-interimar-la-sector-daca-ar-castiga-cursa-pentru-primaria-capitalei\/\" target=\"_blank\" rel=\"noreferrer noopener\"> \u201eMo\u0219tenitorii\u201d lui Daniel B\u0103lu\u021b\u0103 \u015fi Ciprian Ciucu. Pe cine ar las\u0103 interimar la sector, dac\u0103 ar c\u00e2\u015ftig\u0103 cursa pentru Prim\u0103ria Capitalei<\/a><\/strong><\/p>\n\n\n\n<h2 class=\"wp-block-heading\" id=\"h-procedura-de-vacantare-\u0219i-jocurile-de-putere\"><strong>Procedura de vacantare \u0219i jocurile de putere<\/strong><\/h2>\n\n\n\n<p>Calendarul institu\u021bional prevede c\u0103 Ciprian Ciucu nu poate de\u021bine simultan func\u021bia de primar general \u0219i pe cea de primar de sector. \u00cen momentul depunerii jur\u0103m\u00e2ntului pentru noul mandat la Prim\u0103ria Capitalei, prefectul este obligat s\u0103 emit\u0103 ordinul de constatare a \u00eencet\u0103rii mandatului la Sectorul 6.<\/p>\n\n\n\n<p>Dac\u0103 Executivul va considera c\u0103 un nou r\u00e2nd de alegeri este prea costisitor sau riscant politic, cet\u0103\u021benii vor avea un primar numit, nu ales, pentru restul mandatului, p\u00e2n\u0103 \u00een 2028.<\/p>\n\n\n\n<p><strong>CITE\u0218TE \u0218I <a href=\"https:\/\/buletin.de\/bucuresti\/daniel-baluta-la-un-pas-sa-piarda-sectorul-4-diferenta-de-035-intre-el-si-ciprian-ciucu\/\">Daniel B\u0103lu\u021b\u0103, la un pas \u201es\u0103 piard\u0103\u201d Sectorul 4. Diferen\u021b\u0103 de 0,35% \u00eentre el \u0219i Ciprian Ciucu<\/a><\/strong><\/p>\n","protected":false},"excerpt":{"rendered":"<p>Locuitorii din Drumul Taberei, Militari \u0219i Cr\u00e2nga\u0219i ar putea fi condu\u0219i de un primar interimar pentru urm\u0103torii trei ani, \u00een ciuda prevederilor legale care impun organizarea de alegeri par\u021biale. Prefectul Capitalei, Andrei Nistor, a declarat pentru Buletin de Bucure\u0219ti c\u0103 scenariul \u00een care Guvernul nu va organiza alegerile din Sectorul 6 p\u00e2n\u0103 \u00een 2028 este [&hellip;]<\/p>\n","protected":false},"author":10,"featured_media":161560,"comment_status":"closed","ping_status":"open","sticky":false,"template":"","format":"standard","meta":{"_acf_changed":false,"inline_featured_image":false,"ngg_post_thumbnail":0,"footnotes":""},"categories":[6994,5762,9025,24],"tags":[363,23866,667,25032,1948],"ppma_author":[22575],"class_list":["post-161555","post","type-post","status-publish","format-standard","has-post-thumbnail","hentry","category-stiri-2","category-main","category-politic","category-primarie","tag-alegeri","tag-andrei-nistor","tag-guvern","tag-prefect-capitala","tag-sectorul-6"],"acf":[],"yoast_head":"<!-- This site is optimized with the Yoast SEO Premium plugin v25.3 (Yoast SEO v27.4) - https:\/\/yoast.com\/product\/yoast-seo-premium-wordpress\/ -->\n<title>Prefectul Capitalei, Andrei Nistor: \u201eExist\u0103 posibilitatea ca alegerile din Sectorul 6 s\u0103 se \u021bin\u0103 la termen, \u00een 2028\u201d - Buletin de Bucure\u0219ti<\/title>\n<meta name=\"description\" content=\"Prefectul Capitalei a declarat pentru Buletin de Bucure\u0219ti c\u0103 sunt \u0219anse ca alegerile din Sectorul 6 s\u0103 nu mai fie organizate p\u00e2n\u0103 \u00een 2028.\" \/>\n<meta name=\"robots\" content=\"index, follow, max-snippet:-1, max-image-preview:large, max-video-preview:-1\" \/>\n<link rel=\"canonical\" href=\"https:\/\/buletin.de\/bucuresti\/prefectul-capitalei-andrei-nistor-exista-posibilitatea-ca-alegerile-din-sectorul-6-sa-se-tina-la-termen-in-2028\/\" \/>\n<meta property=\"og:locale\" content=\"en_GB\" \/>\n<meta property=\"og:type\" content=\"article\" \/>\n<meta property=\"og:title\" content=\"Prefectul Capitalei, Andrei Nistor: \u201eExist\u0103 posibilitatea ca alegerile din Sectorul 6 s\u0103 se \u021bin\u0103 la termen, \u00een 2028\u201d\" \/>\n<meta property=\"og:description\" content=\"Prefectul Capitalei a declarat pentru Buletin de Bucure\u0219ti c\u0103 sunt \u0219anse ca alegerile din Sectorul 6 s\u0103 nu mai fie organizate p\u00e2n\u0103 \u00een 2028.\" \/>\n<meta property=\"og:url\" content=\"https:\/\/buletin.de\/bucuresti\/prefectul-capitalei-andrei-nistor-exista-posibilitatea-ca-alegerile-din-sectorul-6-sa-se-tina-la-termen-in-2028\/\" \/>\n<meta property=\"og:site_name\" content=\"Buletin de Bucure\u0219ti\" \/>\n<meta property=\"article:publisher\" content=\"https:\/\/www.facebook.com\/buletin.de.buc\" \/>\n<meta property=\"article:published_time\" content=\"2025-12-08T08:25:33+00:00\" \/>\n<meta property=\"article:modified_time\" content=\"2025-12-08T09:06:46+00:00\" \/>\n<meta property=\"og:image\" content=\"https:\/\/buletin.de\/bucuresti\/wp-content\/uploads\/2025\/12\/ID322114_INQUAM_Photos_Octav_Ganea-scaled.jpg\" \/>\n\t<meta property=\"og:image:width\" content=\"2560\" \/>\n\t<meta property=\"og:image:height\" content=\"1707\" \/>\n\t<meta property=\"og:image:type\" content=\"image\/jpeg\" \/>\n<meta name=\"author\" content=\"C\u0103t\u0103lin Dosca\u0219\" \/>\n<meta name=\"twitter:card\" content=\"summary_large_image\" \/>\n<meta name=\"twitter:label1\" content=\"Written by\" \/>\n\t<meta name=\"twitter:data1\" content=\"C\u0103t\u0103lin Dosca\u0219\" \/>\n\t<meta name=\"twitter:label2\" content=\"Estimated reading time\" \/>\n\t<meta name=\"twitter:data2\" content=\"3 minutes\" \/>\n<script type=\"application\/ld+json\" class=\"yoast-schema-graph\">{\"@context\":\"https:\\\/\\\/schema.org\",\"@graph\":[{\"@type\":\"Article\",\"@id\":\"https:\\\/\\\/buletin.de\\\/bucuresti\\\/prefectul-capitalei-andrei-nistor-exista-posibilitatea-ca-alegerile-din-sectorul-6-sa-se-tina-la-termen-in-2028\\\/#article\",\"isPartOf\":{\"@id\":\"https:\\\/\\\/buletin.de\\\/bucuresti\\\/prefectul-capitalei-andrei-nistor-exista-posibilitatea-ca-alegerile-din-sectorul-6-sa-se-tina-la-termen-in-2028\\\/\"},\"author\":{\"name\":\"C\u0103t\u0103lin Dosca\u0219\",\"@id\":\"https:\\\/\\\/buletin.de\\\/bucuresti\\\/#\\\/schema\\\/person\\\/31117187ed4d0bdb0a4c7d6acc79d0f8\"},\"headline\":\"Prefectul Capitalei, Andrei Nistor: \u201eExist\u0103 posibilitatea ca alegerile din Sectorul 6 s\u0103 se \u021bin\u0103 la termen, \u00een 2028\u201d\",\"datePublished\":\"2025-12-08T08:25:33+00:00\",\"dateModified\":\"2025-12-08T09:06:46+00:00\",\"mainEntityOfPage\":{\"@id\":\"https:\\\/\\\/buletin.de\\\/bucuresti\\\/prefectul-capitalei-andrei-nistor-exista-posibilitatea-ca-alegerile-din-sectorul-6-sa-se-tina-la-termen-in-2028\\\/\"},\"wordCount\":598,\"publisher\":{\"@id\":\"https:\\\/\\\/buletin.de\\\/bucuresti\\\/#organization\"},\"image\":{\"@id\":\"https:\\\/\\\/buletin.de\\\/bucuresti\\\/prefectul-capitalei-andrei-nistor-exista-posibilitatea-ca-alegerile-din-sectorul-6-sa-se-tina-la-termen-in-2028\\\/#primaryimage\"},\"thumbnailUrl\":\"https:\\\/\\\/buletin.de\\\/bucuresti\\\/wp-content\\\/uploads\\\/2025\\\/12\\\/ID322114_INQUAM_Photos_Octav_Ganea-scaled.jpg\",\"keywords\":[\"alegeri\",\"andrei nistor\",\"guvern\",\"prefect capitala\",\"sectorul 6\"],\"articleSection\":[\"Articole\",\"Main\",\"Politic\",\"Prim\u0103rie\"],\"inLanguage\":\"en-GB\",\"copyrightYear\":\"2025\",\"copyrightHolder\":{\"@id\":\"https:\\\/\\\/buletin.de\\\/bucuresti\\\/#organization\"}},{\"@type\":\"WebPage\",\"@id\":\"https:\\\/\\\/buletin.de\\\/bucuresti\\\/prefectul-capitalei-andrei-nistor-exista-posibilitatea-ca-alegerile-din-sectorul-6-sa-se-tina-la-termen-in-2028\\\/\",\"url\":\"https:\\\/\\\/buletin.de\\\/bucuresti\\\/prefectul-capitalei-andrei-nistor-exista-posibilitatea-ca-alegerile-din-sectorul-6-sa-se-tina-la-termen-in-2028\\\/\",\"name\":\"Prefectul Capitalei, Andrei Nistor: \u201eExist\u0103 posibilitatea ca alegerile din Sectorul 6 s\u0103 se \u021bin\u0103 la termen, \u00een 2028\u201d - Buletin de Bucure\u0219ti\",\"isPartOf\":{\"@id\":\"https:\\\/\\\/buletin.de\\\/bucuresti\\\/#website\"},\"primaryImageOfPage\":{\"@id\":\"https:\\\/\\\/buletin.de\\\/bucuresti\\\/prefectul-capitalei-andrei-nistor-exista-posibilitatea-ca-alegerile-din-sectorul-6-sa-se-tina-la-termen-in-2028\\\/#primaryimage\"},\"image\":{\"@id\":\"https:\\\/\\\/buletin.de\\\/bucuresti\\\/prefectul-capitalei-andrei-nistor-exista-posibilitatea-ca-alegerile-din-sectorul-6-sa-se-tina-la-termen-in-2028\\\/#primaryimage\"},\"thumbnailUrl\":\"https:\\\/\\\/buletin.de\\\/bucuresti\\\/wp-content\\\/uploads\\\/2025\\\/12\\\/ID322114_INQUAM_Photos_Octav_Ganea-scaled.jpg\",\"datePublished\":\"2025-12-08T08:25:33+00:00\",\"dateModified\":\"2025-12-08T09:06:46+00:00\",\"description\":\"Prefectul Capitalei a declarat pentru Buletin de Bucure\u0219ti c\u0103 sunt \u0219anse ca alegerile din Sectorul 6 s\u0103 nu mai fie organizate p\u00e2n\u0103 \u00een 2028.\",\"breadcrumb\":{\"@id\":\"https:\\\/\\\/buletin.de\\\/bucuresti\\\/prefectul-capitalei-andrei-nistor-exista-posibilitatea-ca-alegerile-din-sectorul-6-sa-se-tina-la-termen-in-2028\\\/#breadcrumb\"},\"inLanguage\":\"en-GB\",\"potentialAction\":[{\"@type\":\"ReadAction\",\"target\":[\"https:\\\/\\\/buletin.de\\\/bucuresti\\\/prefectul-capitalei-andrei-nistor-exista-posibilitatea-ca-alegerile-din-sectorul-6-sa-se-tina-la-termen-in-2028\\\/\"]}]},{\"@type\":\"ImageObject\",\"inLanguage\":\"en-GB\",\"@id\":\"https:\\\/\\\/buletin.de\\\/bucuresti\\\/prefectul-capitalei-andrei-nistor-exista-posibilitatea-ca-alegerile-din-sectorul-6-sa-se-tina-la-termen-in-2028\\\/#primaryimage\",\"url\":\"https:\\\/\\\/buletin.de\\\/bucuresti\\\/wp-content\\\/uploads\\\/2025\\\/12\\\/ID322114_INQUAM_Photos_Octav_Ganea-scaled.jpg\",\"contentUrl\":\"https:\\\/\\\/buletin.de\\\/bucuresti\\\/wp-content\\\/uploads\\\/2025\\\/12\\\/ID322114_INQUAM_Photos_Octav_Ganea-scaled.jpg\",\"width\":2560,\"height\":1707,\"caption\":\"Foto: _INQUAM_Photos_Octav_Ganea\"},{\"@type\":\"BreadcrumbList\",\"@id\":\"https:\\\/\\\/buletin.de\\\/bucuresti\\\/prefectul-capitalei-andrei-nistor-exista-posibilitatea-ca-alegerile-din-sectorul-6-sa-se-tina-la-termen-in-2028\\\/#breadcrumb\",\"itemListElement\":[{\"@type\":\"ListItem\",\"position\":1,\"name\":\"Acas\u0103\",\"item\":\"https:\\\/\\\/buletin.de\\\/bucuresti\\\/\"},{\"@type\":\"ListItem\",\"position\":2,\"name\":\"Prefectul Capitalei, Andrei Nistor: \u201eExist\u0103 posibilitatea ca alegerile din Sectorul 6 s\u0103 se \u021bin\u0103 la termen, \u00een 2028\u201d\"}]},{\"@type\":\"WebSite\",\"@id\":\"https:\\\/\\\/buletin.de\\\/bucuresti\\\/#website\",\"url\":\"https:\\\/\\\/buletin.de\\\/bucuresti\\\/\",\"name\":\"Buletin de Bucure\u0219ti\",\"description\":\"\u0218tiri \u0219i investiga\u021bii esen\u021biale din capital\u0103\",\"publisher\":{\"@id\":\"https:\\\/\\\/buletin.de\\\/bucuresti\\\/#organization\"},\"potentialAction\":[{\"@type\":\"SearchAction\",\"target\":{\"@type\":\"EntryPoint\",\"urlTemplate\":\"https:\\\/\\\/buletin.de\\\/bucuresti\\\/?s={search_term_string}\"},\"query-input\":{\"@type\":\"PropertyValueSpecification\",\"valueRequired\":true,\"valueName\":\"search_term_string\"}}],\"inLanguage\":\"en-GB\"},{\"@type\":\"Organization\",\"@id\":\"https:\\\/\\\/buletin.de\\\/bucuresti\\\/#organization\",\"name\":\"Buletin de Bucure\u0219ti\",\"url\":\"https:\\\/\\\/buletin.de\\\/bucuresti\\\/\",\"logo\":{\"@type\":\"ImageObject\",\"inLanguage\":\"en-GB\",\"@id\":\"https:\\\/\\\/buletin.de\\\/bucuresti\\\/#\\\/schema\\\/logo\\\/image\\\/\",\"url\":\"https:\\\/\\\/buletin.de\\\/bucuresti\\\/wp-content\\\/uploads\\\/logo-bdb-full-wide-vernil-transparent.png\",\"contentUrl\":\"https:\\\/\\\/buletin.de\\\/bucuresti\\\/wp-content\\\/uploads\\\/logo-bdb-full-wide-vernil-transparent.png\",\"width\":1782,\"height\":626,\"caption\":\"Buletin de Bucure\u0219ti\"},\"image\":{\"@id\":\"https:\\\/\\\/buletin.de\\\/bucuresti\\\/#\\\/schema\\\/logo\\\/image\\\/\"},\"sameAs\":[\"https:\\\/\\\/www.facebook.com\\\/buletin.de.buc\",\"https:\\\/\\\/www.instagram.com\\\/buletinde.bucuresti\\\/\"]},{\"@type\":\"Person\",\"@id\":\"https:\\\/\\\/buletin.de\\\/bucuresti\\\/#\\\/schema\\\/person\\\/31117187ed4d0bdb0a4c7d6acc79d0f8\",\"name\":\"C\u0103t\u0103lin Dosca\u0219\",\"image\":{\"@type\":\"ImageObject\",\"inLanguage\":\"en-GB\",\"@id\":\"https:\\\/\\\/buletin.de\\\/bucuresti\\\/wp-content\\\/uploads\\\/Catalin-Doscas-e1732731064764-96x96.jpga93e2943bb3b1c1f9ead823df6e6317a\",\"url\":\"https:\\\/\\\/buletin.de\\\/bucuresti\\\/wp-content\\\/uploads\\\/Catalin-Doscas-e1732731064764-96x96.jpg\",\"contentUrl\":\"https:\\\/\\\/buletin.de\\\/bucuresti\\\/wp-content\\\/uploads\\\/Catalin-Doscas-e1732731064764-96x96.jpg\",\"caption\":\"C\u0103t\u0103lin Dosca\u0219\"},\"description\":\"Reporter \u0219i redactor-\u0219ef Buletin de Bucure\u0219ti. Lucreaz\u0103 \u00een mass-media de la v\u00e2rsta de 15 ani, c\u00e2nd a publicat primele articole \u00een presa local\u0103 din Tecuci. \u00cen Bucure\u0219ti a lucrat \u00een redac\u021bii radio ca reporter, redactor \u0219i prezentator (StudentFM, Na\u021bionalFM, Radio Total, Smart FM), unde a acoperit domeniile politic, economic, social \u0219i externe. Ulterior, a fost editor-coordonator al postului Realitatea FM. Experien\u021ba \u00een jurnalismul online a dob\u00e2ndit-o la portalul B365.ro, unde a fost editor. \u00cen 2012 s-a angajat \u00een televiziune. La Realitatea TV a fost, pe r\u00e2nd, reporter la sec\u021bia Social, reporter special la emisiunea de reportaje \u0219i anchete \u201eReporterii Realit\u0103\u021bii\u201d, dar \u0219i editor al jurnalelor de \u0219tiri. Ulterior, a f\u0103cut parte din sec\u021bia de Investiga\u021bii de la Digi24 \u0219i a lucrat la campania \u201eRom\u00e2nia furat\u0103\u201d. A revenit \u00een presa scris\u0103 \u00een 2017, ca reporter special, \u00een cadrul unui proiect de repozi\u021bionare a tabloidului Libertatea \u00een cotidian generalist. Este jurnalist Buletin de Bucure\u0219ti din 2019.\",\"url\":\"https:\\\/\\\/buletin.de\\\/bucuresti\\\/author\\\/catalin\\\/\"}]}<\/script>\n<!-- \/ Yoast SEO Premium plugin. -->","yoast_head_json":{"title":"Prefectul Capitalei, Andrei Nistor: \u201eExist\u0103 posibilitatea ca alegerile din Sectorul 6 s\u0103 se \u021bin\u0103 la termen, \u00een 2028\u201d - Buletin de Bucure\u0219ti","description":"Prefectul Capitalei a declarat pentru Buletin de Bucure\u0219ti c\u0103 sunt \u0219anse ca alegerile din Sectorul 6 s\u0103 nu mai fie organizate p\u00e2n\u0103 \u00een 2028.","robots":{"index":"index","follow":"follow","max-snippet":"max-snippet:-1","max-image-preview":"max-image-preview:large","max-video-preview":"max-video-preview:-1"},"canonical":"https:\/\/buletin.de\/bucuresti\/prefectul-capitalei-andrei-nistor-exista-posibilitatea-ca-alegerile-din-sectorul-6-sa-se-tina-la-termen-in-2028\/","og_locale":"en_GB","og_type":"article","og_title":"Prefectul Capitalei, Andrei Nistor: \u201eExist\u0103 posibilitatea ca alegerile din Sectorul 6 s\u0103 se \u021bin\u0103 la termen, \u00een 2028\u201d","og_description":"Prefectul Capitalei a declarat pentru Buletin de Bucure\u0219ti c\u0103 sunt \u0219anse ca alegerile din Sectorul 6 s\u0103 nu mai fie organizate p\u00e2n\u0103 \u00een 2028.","og_url":"https:\/\/buletin.de\/bucuresti\/prefectul-capitalei-andrei-nistor-exista-posibilitatea-ca-alegerile-din-sectorul-6-sa-se-tina-la-termen-in-2028\/","og_site_name":"Buletin de Bucure\u0219ti","article_publisher":"https:\/\/www.facebook.com\/buletin.de.buc","article_published_time":"2025-12-08T08:25:33+00:00","article_modified_time":"2025-12-08T09:06:46+00:00","og_image":[{"width":2560,"height":1707,"url":"https:\/\/buletin.de\/bucuresti\/wp-content\/uploads\/2025\/12\/ID322114_INQUAM_Photos_Octav_Ganea-scaled.jpg","type":"image\/jpeg"}],"author":"C\u0103t\u0103lin Dosca\u0219","twitter_card":"summary_large_image","twitter_misc":{"Written by":"C\u0103t\u0103lin Dosca\u0219","Estimated reading time":"3 minutes"},"schema":{"@context":"https:\/\/schema.org","@graph":[{"@type":"Article","@id":"https:\/\/buletin.de\/bucuresti\/prefectul-capitalei-andrei-nistor-exista-posibilitatea-ca-alegerile-din-sectorul-6-sa-se-tina-la-termen-in-2028\/#article","isPartOf":{"@id":"https:\/\/buletin.de\/bucuresti\/prefectul-capitalei-andrei-nistor-exista-posibilitatea-ca-alegerile-din-sectorul-6-sa-se-tina-la-termen-in-2028\/"},"author":{"name":"C\u0103t\u0103lin Dosca\u0219","@id":"https:\/\/buletin.de\/bucuresti\/#\/schema\/person\/31117187ed4d0bdb0a4c7d6acc79d0f8"},"headline":"Prefectul Capitalei, Andrei Nistor: \u201eExist\u0103 posibilitatea ca alegerile din Sectorul 6 s\u0103 se \u021bin\u0103 la termen, \u00een 2028\u201d","datePublished":"2025-12-08T08:25:33+00:00","dateModified":"2025-12-08T09:06:46+00:00","mainEntityOfPage":{"@id":"https:\/\/buletin.de\/bucuresti\/prefectul-capitalei-andrei-nistor-exista-posibilitatea-ca-alegerile-din-sectorul-6-sa-se-tina-la-termen-in-2028\/"},"wordCount":598,"publisher":{"@id":"https:\/\/buletin.de\/bucuresti\/#organization"},"image":{"@id":"https:\/\/buletin.de\/bucuresti\/prefectul-capitalei-andrei-nistor-exista-posibilitatea-ca-alegerile-din-sectorul-6-sa-se-tina-la-termen-in-2028\/#primaryimage"},"thumbnailUrl":"https:\/\/buletin.de\/bucuresti\/wp-content\/uploads\/2025\/12\/ID322114_INQUAM_Photos_Octav_Ganea-scaled.jpg","keywords":["alegeri","andrei nistor","guvern","prefect capitala","sectorul 6"],"articleSection":["Articole","Main","Politic","Prim\u0103rie"],"inLanguage":"en-GB","copyrightYear":"2025","copyrightHolder":{"@id":"https:\/\/buletin.de\/bucuresti\/#organization"}},{"@type":"WebPage","@id":"https:\/\/buletin.de\/bucuresti\/prefectul-capitalei-andrei-nistor-exista-posibilitatea-ca-alegerile-din-sectorul-6-sa-se-tina-la-termen-in-2028\/","url":"https:\/\/buletin.de\/bucuresti\/prefectul-capitalei-andrei-nistor-exista-posibilitatea-ca-alegerile-din-sectorul-6-sa-se-tina-la-termen-in-2028\/","name":"Prefectul Capitalei, Andrei Nistor: \u201eExist\u0103 posibilitatea ca alegerile din Sectorul 6 s\u0103 se \u021bin\u0103 la termen, \u00een 2028\u201d - Buletin de Bucure\u0219ti","isPartOf":{"@id":"https:\/\/buletin.de\/bucuresti\/#website"},"primaryImageOfPage":{"@id":"https:\/\/buletin.de\/bucuresti\/prefectul-capitalei-andrei-nistor-exista-posibilitatea-ca-alegerile-din-sectorul-6-sa-se-tina-la-termen-in-2028\/#primaryimage"},"image":{"@id":"https:\/\/buletin.de\/bucuresti\/prefectul-capitalei-andrei-nistor-exista-posibilitatea-ca-alegerile-din-sectorul-6-sa-se-tina-la-termen-in-2028\/#primaryimage"},"thumbnailUrl":"https:\/\/buletin.de\/bucuresti\/wp-content\/uploads\/2025\/12\/ID322114_INQUAM_Photos_Octav_Ganea-scaled.jpg","datePublished":"2025-12-08T08:25:33+00:00","dateModified":"2025-12-08T09:06:46+00:00","description":"Prefectul Capitalei a declarat pentru Buletin de Bucure\u0219ti c\u0103 sunt \u0219anse ca alegerile din Sectorul 6 s\u0103 nu mai fie organizate p\u00e2n\u0103 \u00een 2028.","breadcrumb":{"@id":"https:\/\/buletin.de\/bucuresti\/prefectul-capitalei-andrei-nistor-exista-posibilitatea-ca-alegerile-din-sectorul-6-sa-se-tina-la-termen-in-2028\/#breadcrumb"},"inLanguage":"en-GB","potentialAction":[{"@type":"ReadAction","target":["https:\/\/buletin.de\/bucuresti\/prefectul-capitalei-andrei-nistor-exista-posibilitatea-ca-alegerile-din-sectorul-6-sa-se-tina-la-termen-in-2028\/"]}]},{"@type":"ImageObject","inLanguage":"en-GB","@id":"https:\/\/buletin.de\/bucuresti\/prefectul-capitalei-andrei-nistor-exista-posibilitatea-ca-alegerile-din-sectorul-6-sa-se-tina-la-termen-in-2028\/#primaryimage","url":"https:\/\/buletin.de\/bucuresti\/wp-content\/uploads\/2025\/12\/ID322114_INQUAM_Photos_Octav_Ganea-scaled.jpg","contentUrl":"https:\/\/buletin.de\/bucuresti\/wp-content\/uploads\/2025\/12\/ID322114_INQUAM_Photos_Octav_Ganea-scaled.jpg","width":2560,"height":1707,"caption":"Foto: _INQUAM_Photos_Octav_Ganea"},{"@type":"BreadcrumbList","@id":"https:\/\/buletin.de\/bucuresti\/prefectul-capitalei-andrei-nistor-exista-posibilitatea-ca-alegerile-din-sectorul-6-sa-se-tina-la-termen-in-2028\/#breadcrumb","itemListElement":[{"@type":"ListItem","position":1,"name":"Acas\u0103","item":"https:\/\/buletin.de\/bucuresti\/"},{"@type":"ListItem","position":2,"name":"Prefectul Capitalei, Andrei Nistor: \u201eExist\u0103 posibilitatea ca alegerile din Sectorul 6 s\u0103 se \u021bin\u0103 la termen, \u00een 2028\u201d"}]},{"@type":"WebSite","@id":"https:\/\/buletin.de\/bucuresti\/#website","url":"https:\/\/buletin.de\/bucuresti\/","name":"Buletin de Bucure\u0219ti","description":"\u0218tiri \u0219i investiga\u021bii esen\u021biale din capital\u0103","publisher":{"@id":"https:\/\/buletin.de\/bucuresti\/#organization"},"potentialAction":[{"@type":"SearchAction","target":{"@type":"EntryPoint","urlTemplate":"https:\/\/buletin.de\/bucuresti\/?s={search_term_string}"},"query-input":{"@type":"PropertyValueSpecification","valueRequired":true,"valueName":"search_term_string"}}],"inLanguage":"en-GB"},{"@type":"Organization","@id":"https:\/\/buletin.de\/bucuresti\/#organization","name":"Buletin de Bucure\u0219ti","url":"https:\/\/buletin.de\/bucuresti\/","logo":{"@type":"ImageObject","inLanguage":"en-GB","@id":"https:\/\/buletin.de\/bucuresti\/#\/schema\/logo\/image\/","url":"https:\/\/buletin.de\/bucuresti\/wp-content\/uploads\/logo-bdb-full-wide-vernil-transparent.png","contentUrl":"https:\/\/buletin.de\/bucuresti\/wp-content\/uploads\/logo-bdb-full-wide-vernil-transparent.png","width":1782,"height":626,"caption":"Buletin de Bucure\u0219ti"},"image":{"@id":"https:\/\/buletin.de\/bucuresti\/#\/schema\/logo\/image\/"},"sameAs":["https:\/\/www.facebook.com\/buletin.de.buc","https:\/\/www.instagram.com\/buletinde.bucuresti\/"]},{"@type":"Person","@id":"https:\/\/buletin.de\/bucuresti\/#\/schema\/person\/31117187ed4d0bdb0a4c7d6acc79d0f8","name":"C\u0103t\u0103lin Dosca\u0219","image":{"@type":"ImageObject","inLanguage":"en-GB","@id":"https:\/\/buletin.de\/bucuresti\/wp-content\/uploads\/Catalin-Doscas-e1732731064764-96x96.jpga93e2943bb3b1c1f9ead823df6e6317a","url":"https:\/\/buletin.de\/bucuresti\/wp-content\/uploads\/Catalin-Doscas-e1732731064764-96x96.jpg","contentUrl":"https:\/\/buletin.de\/bucuresti\/wp-content\/uploads\/Catalin-Doscas-e1732731064764-96x96.jpg","caption":"C\u0103t\u0103lin Dosca\u0219"},"description":"Reporter \u0219i redactor-\u0219ef Buletin de Bucure\u0219ti. Lucreaz\u0103 \u00een mass-media de la v\u00e2rsta de 15 ani, c\u00e2nd a publicat primele articole \u00een presa local\u0103 din Tecuci. \u00cen Bucure\u0219ti a lucrat \u00een redac\u021bii radio ca reporter, redactor \u0219i prezentator (StudentFM, Na\u021bionalFM, Radio Total, Smart FM), unde a acoperit domeniile politic, economic, social \u0219i externe. Ulterior, a fost editor-coordonator al postului Realitatea FM. Experien\u021ba \u00een jurnalismul online a dob\u00e2ndit-o la portalul B365.ro, unde a fost editor. \u00cen 2012 s-a angajat \u00een televiziune. La Realitatea TV a fost, pe r\u00e2nd, reporter la sec\u021bia Social, reporter special la emisiunea de reportaje \u0219i anchete \u201eReporterii Realit\u0103\u021bii\u201d, dar \u0219i editor al jurnalelor de \u0219tiri. Ulterior, a f\u0103cut parte din sec\u021bia de Investiga\u021bii de la Digi24 \u0219i a lucrat la campania \u201eRom\u00e2nia furat\u0103\u201d. A revenit \u00een presa scris\u0103 \u00een 2017, ca reporter special, \u00een cadrul unui proiect de repozi\u021bionare a tabloidului Libertatea \u00een cotidian generalist. Este jurnalist Buletin de Bucure\u0219ti din 2019.","url":"https:\/\/buletin.de\/bucuresti\/author\/catalin\/"}]}},"authors":[{"term_id":22575,"user_id":10,"is_guest":0,"slug":"catalin","display_name":"C\u0103t\u0103lin Dosca\u0219","avatar_url":"https:\/\/buletin.de\/bucuresti\/wp-content\/uploads\/Catalin-Doscas-e1732731064764-96x96.jpg","0":null,"1":"","2":"","3":"","4":"","5":"","6":"","7":"","8":""}],"_links":{"self":[{"href":"https:\/\/buletin.de\/bucuresti\/wp-json\/wp\/v2\/posts\/161555","targetHints":{"allow":["GET"]}}],"collection":[{"href":"https:\/\/buletin.de\/bucuresti\/wp-json\/wp\/v2\/posts"}],"about":[{"href":"https:\/\/buletin.de\/bucuresti\/wp-json\/wp\/v2\/types\/post"}],"author":[{"embeddable":true,"href":"https:\/\/buletin.de\/bucuresti\/wp-json\/wp\/v2\/users\/10"}],"replies":[{"embeddable":true,"href":"https:\/\/buletin.de\/bucuresti\/wp-json\/wp\/v2\/comments?post=161555"}],"version-history":[{"count":2,"href":"https:\/\/buletin.de\/bucuresti\/wp-json\/wp\/v2\/posts\/161555\/revisions"}],"predecessor-version":[{"id":161562,"href":"https:\/\/buletin.de\/bucuresti\/wp-json\/wp\/v2\/posts\/161555\/revisions\/161562"}],"wp:featuredmedia":[{"embeddable":true,"href":"https:\/\/buletin.de\/bucuresti\/wp-json\/wp\/v2\/media\/161560"}],"wp:attachment":[{"href":"https:\/\/buletin.de\/bucuresti\/wp-json\/wp\/v2\/media?parent=161555"}],"wp:term":[{"taxonomy":"category","embeddable":true,"href":"https:\/\/buletin.de\/bucuresti\/wp-json\/wp\/v2\/categories?post=161555"},{"taxonomy":"post_tag","embeddable":true,"href":"https:\/\/buletin.de\/bucuresti\/wp-json\/wp\/v2\/tags?post=161555"},{"taxonomy":"author","embeddable":true,"href":"https:\/\/buletin.de\/bucuresti\/wp-json\/wp\/v2\/ppma_author?post=161555"}],"curies":[{"name":"wp","href":"https:\/\/api.w.org\/{rel}","templated":true}]}}