{"id":161336,"date":"2025-12-10T12:55:27","date_gmt":"2025-12-10T09:55:27","guid":{"rendered":"https:\/\/buletin.de\/bucuresti\/?p=161336"},"modified":"2025-12-10T12:55:28","modified_gmt":"2025-12-10T09:55:28","slug":"curtea-de-conturi-bancul-prost-al-bancilor-din-parcurile-capitalei-alpab-nu-a-perceput-penalitati-pentru-deficiente-si-intarzieri-srl-ul-a-dat-institutia-in-judecata","status":"publish","type":"post","link":"https:\/\/buletin.de\/bucuresti\/curtea-de-conturi-bancul-prost-al-bancilor-din-parcurile-capitalei-alpab-nu-a-perceput-penalitati-pentru-deficiente-si-intarzieri-srl-ul-a-dat-institutia-in-judecata\/","title":{"rendered":"Curtea de Conturi | \u201eBancul prost\u201d al b\u0103ncilor din parcurile Capitalei. ALPAB nu a perceput penalit\u0103\u021bi pentru deficien\u021be \u0219i \u00eent\u00e2rzieri, SRL-ul a dat institu\u021bia \u00een judecat\u0103"},"content":{"rendered":"\n<p><strong>Administra\u0163ia Lacuri, Parcuri \u015fi Agrement Bucure\u015fti (ALPAB) este \u00een litigiu cu Grand Taorom SRL, firma de la care a achizi\u021bionat 800 de b\u0103nci pentru parcurile Capitalei, \u00een 2023. <\/strong><\/p>\n\n\n\n<p><strong>Conflictul juridic are loc dup\u0103 ce ALPAB nu a perceput penalit\u0103\u021bi pentru \u00eent\u00e2rzierile survenite \u00een livrarea pieselor de mobilier urban, dar SRL-ul a dat \u00een judecat\u0103 institu\u021bia din subordinea Prim\u0103riei Capitalei. <\/strong><\/p>\n\n\n\n<p><strong>Motivul: ALPAB a refuzat s\u0103 achite \u00eentreaga valoare a contractului, dup\u0103 ce mai bine de o treime din b\u0103nci au fost livrate cu deficien\u021be pe care furnizorul ar fi refuzat s\u0103 le \u00eendrepte, se arat\u0103 \u00eentr-un raport recent al Cur\u021bii de Conturi.<\/strong><\/p>\n\n\n\n<p><strong>Printre problemele reclamate de ALPAB se num\u0103r\u0103: \u201ecr\u0103p\u0103turi ap\u0103rute \u00een riglele de lemn, decojirea vopselei aplicate pe b\u0103nci \u0219i \u0219uruburi lips\u0103\u201d.<\/strong><\/p>\n\n\n\n<h2 class=\"wp-block-heading\" id=\"h-licita\u021bie-pentru-bancile-din-parcurile-capitalei-srl-ul-ca\u0219tigator-oferta-neconforma\">Licita\u021bie pentru b\u0103ncile din parcurile Capitalei. SRL-ul c\u00e2\u0219tig\u0103tor, ofert\u0103 neconform\u0103<\/h2>\n\n\n\n<p>\u00cen urm\u0103 cu doi ani, ALPAB a lansat o licita\u021bie public\u0103 pentru a cump\u0103ra noi piese de mobilier urban pentru parcurile Capitalei. O parte din produsele achizi\u021bionate nu au fost recep\u021bionate nici p\u00e2n\u0103 \u00een prezent.<\/p>\n\n\n\n<p>Contractul a fost \u00eemp\u0103r\u021bit \u00een \u0219ase loturi, dintre care unul viza achizi\u021bia a 800 de b\u0103nci din lemn, cu structur\u0103 de o\u021bel.<\/p>\n\n\n\n<p>Contractul pentru acest lot a fost c\u00e2\u0219tigat de Grand Taorom SRL, cu toate c\u0103 oferta era neconform\u0103 \u0219i nu putea fi admis\u0103, potrivit Cur\u021bii de Conturi:<\/p>\n\n\n\n<p><em>\u201e(&#8230;) Persoanele cu atribu\u021bii din cadrul A.L.P.A.B. au declarat c\u00e2\u0219tig\u0103toare oferta, \u00een condi\u021biile \u00een care aceasta<strong> nu putea fi admis\u0103 deoarece era neconform\u0103 din punct de vedere tehnic<\/strong> cu cerin\u021bele caietului de sarcini prin <strong>neprezentarea certific\u0103rilor europene <\/strong>care confirm\u0103 calitatea materialelor \u0219i a procesului de fabricare a produselor, fiind astfel \u00eenc\u0103lcate prevederile art. 207 alin. (1) din Legea nr. 98\/2016 privind achizi\u021biile publice, cu modific\u0103rile \u0219i complet\u0103rile ulterioare.\u201d<\/em>, precizeaz\u0103 institu\u021bia \u00een urma misiunii de control.<\/p>\n\n\n\n<p>Fapta reprezint\u0103 contraven\u021bie \u0219i se sanc\u021bioneaz\u0103 cu amend\u0103 cuprins\u0103 \u00eentre 5.000 \u0219i 30.000 lei, se precizeaz\u0103 \u00een <a href=\"https:\/\/www.curteadeconturi.ro\/rapoarte-audit\/rapoarte-conformitate\/raport-de-audit-de-conformitate-nr-77497-14-11-2025-administratia-lacuri-parcuri-si-agrement-bucuresti\">raportul consultat de Buletin de Bucure\u0219ti<\/a>.<\/p>\n\n\n\n<h2 class=\"wp-block-heading\" id=\"h-peste-300-de-banci-livrate-cu-intarzieri-\u0219i-deficien\u021be\">Peste 300 de b\u0103nci, livrate cu \u00eent\u00e2rzieri \u0219i deficien\u021be<\/h2>\n\n\n\n<p>Contractul avea o durat\u0103 de trei luni de la data semn\u0103rii, dintre care o lun\u0103 era destinat\u0103 livr\u0103rii celor 800 de b\u0103nci. <\/p>\n\n\n\n<p><strong>Prima livrare a avut loc \u00een data de 25 octombrie 2023, \u00een condi\u021biile \u00een care SRL-ul avea obliga\u021bia furniz\u0103rii tuturor pieselor de mobilier p\u00e2n\u0103 la 14 octombrie.<\/strong><\/p>\n\n\n\n<p>Contractul a fost prelungit cu dou\u0103 s\u0103pt\u0103m\u00e2ni, prin act adi\u021bional, adic\u0103 p\u00e2n\u0103 pe 31 decembrie 2023, iar data limit\u0103 pentru livrarea tuturor produselor a fost stabilit\u0103 pe 15 decembrie.<\/p>\n\n\n\n<p>\u00cen ciuda prelungirii contractului, Grand Taorom SRL a livrat doar 469 din cele 800 b\u0103nci ce ar fi trebuit amplasate \u00een parcurile Capitalei p\u00e2n\u0103 la finalul lunii decembrie.<\/p>\n\n\n\n<p><strong>Restul de 331 au fost livrate dup\u0103 expirarea contractului, \u00eens\u0103 nu au fost recep\u021bionate nici m\u0103car anul acesta. ALPAB a refuzat s\u0103 pl\u0103teasc\u0103 produsele facturate \u00een 2024, din cauza deficien\u021belor constatate la recep\u021bie: \u201ecr\u0103p\u0103turi ap\u0103rute \u00een riglele de lemn, decojirea vopselei aplicate pe b\u0103nci \u0219i \u0219uruburi lips\u0103\u201d.<\/strong><\/p>\n\n\n\n<p>Conform raportului Cur\u0163ii de Conturi, problemele nu au fost remediate \u00een totalitate.<\/p>\n\n\n\n<h2 class=\"wp-block-heading\" id=\"h-alpab-nu-a-perceput-penalita\u021bi-srl-ul-a-dat-institu\u021bia-in-judecata\">ALPAB nu a perceput penalit\u0103\u021bi, SRL-ul a dat institu\u021bia \u00een judecat\u0103<\/h2>\n\n\n\n<p><strong>ALPAB avea dreptul de a solicita penalit\u0103\u021bi de 0,01%\/ zi din valoarea f\u0103r\u0103 TVA  a produselor nelivrate \u00een termen, \u00eens\u0103 nu a urm\u0103rit \u00eencasarea acestor venituri. <\/strong><\/p>\n\n\n\n<p>Conform unui calcul al Cur\u021bii de Conturi, penalit\u0103\u021bile se ridic\u0103 la peste 19.000 lei, pentru perioada decembrie 2023-septembrie 2025.<\/p>\n\n\n\n<figure class=\"wp-block-image size-large\"><img fetchpriority=\"high\" decoding=\"async\" width=\"1000\" height=\"268\" src=\"data:image\/gif;base64,R0lGODlhAQABAAAAACH5BAEKAAEALAAAAAABAAEAAAICTAEAOw==\" data-src=\"https:\/\/buletin.de\/bucuresti\/wp-content\/uploads\/2025\/12\/image_2025-12-09_181047079-1000x268.png\" alt=\"\" class=\"wp-image-161727 lazyload\" data-sizes=\"auto\" data-srcset=\"https:\/\/buletin.de\/bucuresti\/wp-content\/uploads\/2025\/12\/image_2025-12-09_181047079-1000x268.png 1000w, https:\/\/buletin.de\/bucuresti\/wp-content\/uploads\/2025\/12\/image_2025-12-09_181047079-300x80.png 300w, https:\/\/buletin.de\/bucuresti\/wp-content\/uploads\/2025\/12\/image_2025-12-09_181047079-768x206.png 768w, https:\/\/buletin.de\/bucuresti\/wp-content\/uploads\/2025\/12\/image_2025-12-09_181047079-1100x295.png 1100w, https:\/\/buletin.de\/bucuresti\/wp-content\/uploads\/2025\/12\/image_2025-12-09_181047079-600x161.png 600w, https:\/\/buletin.de\/bucuresti\/wp-content\/uploads\/2025\/12\/image_2025-12-09_181047079-20x5.png 20w, https:\/\/buletin.de\/bucuresti\/wp-content\/uploads\/2025\/12\/image_2025-12-09_181047079.png 1198w\" sizes=\"(max-width: 1000px) 100vw, 1000px\" \/><\/figure>\n\n\n\n<p><strong>\u00cen schimb, SRL-ul a dat ALPAB \u00een judecat\u0103, solicit\u00e2nd ca institu\u021bia s\u0103 fie obligat\u0103 s\u0103 pl\u0103teasc\u0103 peste 350.000 lei, valoarea crean\u021bei neachitate, plus penalit\u0103\u021bi de 0,01% pentru fiecare zi de \u00eent\u00e2rziere.<\/strong><\/p>\n\n\n\n<p>Urm\u0103toarea \u0219edin\u021b\u0103 de judecat\u0103 va avea loc pe 18 februarie 2026, la Tribunalul Bucure\u0219ti.<\/p>\n\n\n\n<p><strong>CITE\u0218TE \u0218I:<\/strong> <a href=\"https:\/\/buletin.de\/bucuresti\/alpab-cumpara-documentatie-peisagistica-aproape-50-000-de-euro-firma-vizata-de-directia-nationala-anticoruptie\/\"><strong>ALPAB cump\u0103r\u0103 \u201edocumenta\u021bie peisagistic\u0103\u201d cu aproape 50.000 de euro de la o firm\u0103 vizat\u0103 de DNA. Institu\u021bia face trimitere la Registrul Verde neconform emis de Prim\u0103ria Capitalei<\/strong><\/a><\/p>\n\n\n\n<p><\/p>\n","protected":false},"excerpt":{"rendered":"<p>Administra\u0163ia Lacuri, Parcuri \u015fi Agrement Bucure\u015fti (ALPAB) este \u00een litigiu cu Grand Taorom SRL, firma de la care a achizi\u021bionat 800 de b\u0103nci pentru parcurile Capitalei, \u00een 2023. Conflictul juridic are loc dup\u0103 ce ALPAB nu a perceput penalit\u0103\u021bi pentru \u00eent\u00e2rzierile survenite \u00een livrarea pieselor de mobilier urban, dar SRL-ul a dat \u00een judecat\u0103 institu\u021bia [&hellip;]<\/p>\n","protected":false},"author":55,"featured_media":161728,"comment_status":"closed","ping_status":"open","sticky":false,"template":"","format":"standard","meta":{"_acf_changed":false,"inline_featured_image":false,"ngg_post_thumbnail":0,"footnotes":""},"categories":[6994,5762,24],"tags":[1097,689,282,518,25046,12744,3208,25045,22850,76],"ppma_author":[22573],"class_list":["post-161336","post","type-post","status-publish","format-standard","has-post-thumbnail","hentry","category-stiri-2","category-main","category-primarie","tag-alpab","tag-banci","tag-bani-publici","tag-curtea-de-conturi","tag-grand-taorom-srl","tag-licitatie-publica","tag-litigiu","tag-parcurile-capitalei","tag-penalitati","tag-spatii-verzi"],"acf":[],"yoast_head":"<!-- This site is optimized with the Yoast SEO Premium plugin v25.3 (Yoast SEO v27.4) - https:\/\/yoast.com\/product\/yoast-seo-premium-wordpress\/ -->\n<title>Curtea de Conturi | \u201eBancul prost\u201d al b\u0103ncilor din parcurile Capitalei. ALPAB nu a perceput penalit\u0103\u021bi pentru deficien\u021be \u0219i \u00eent\u00e2rzieri, SRL-ul a dat institu\u021bia \u00een judecat\u0103 - Buletin de Bucure\u0219ti<\/title>\n<meta name=\"description\" content=\"ALPAB este \u00een litigiu cu Grand Taorom SRL, firma de la care a achizi\u021bionat 800 de b\u0103nci pentru parcurile Capitalei, \u00een 2023.\" \/>\n<meta name=\"robots\" content=\"index, follow, max-snippet:-1, max-image-preview:large, max-video-preview:-1\" \/>\n<link rel=\"canonical\" href=\"https:\/\/buletin.de\/bucuresti\/curtea-de-conturi-bancul-prost-al-bancilor-din-parcurile-capitalei-alpab-nu-a-perceput-penalitati-pentru-deficiente-si-intarzieri-srl-ul-a-dat-institutia-in-judecata\/\" \/>\n<meta property=\"og:locale\" content=\"en_GB\" \/>\n<meta property=\"og:type\" content=\"article\" \/>\n<meta property=\"og:title\" content=\"Curtea de Conturi | \u201eBancul prost\u201d al b\u0103ncilor din parcurile Capitalei. ALPAB nu a perceput penalit\u0103\u021bi pentru deficien\u021be \u0219i \u00eent\u00e2rzieri, SRL-ul a dat institu\u021bia \u00een judecat\u0103\" \/>\n<meta property=\"og:description\" content=\"ALPAB este \u00een litigiu cu Grand Taorom SRL, firma de la care a achizi\u021bionat 800 de b\u0103nci pentru parcurile Capitalei, \u00een 2023.\" \/>\n<meta property=\"og:url\" content=\"https:\/\/buletin.de\/bucuresti\/curtea-de-conturi-bancul-prost-al-bancilor-din-parcurile-capitalei-alpab-nu-a-perceput-penalitati-pentru-deficiente-si-intarzieri-srl-ul-a-dat-institutia-in-judecata\/\" \/>\n<meta property=\"og:site_name\" content=\"Buletin de Bucure\u0219ti\" \/>\n<meta property=\"article:publisher\" content=\"https:\/\/www.facebook.com\/buletin.de.buc\" \/>\n<meta property=\"article:published_time\" content=\"2025-12-10T09:55:27+00:00\" \/>\n<meta property=\"article:modified_time\" content=\"2025-12-10T09:55:28+00:00\" \/>\n<meta property=\"og:image\" content=\"https:\/\/buletin.de\/bucuresti\/wp-content\/uploads\/2025\/12\/banci3-1.jpg\" \/>\n\t<meta property=\"og:image:width\" content=\"719\" \/>\n\t<meta property=\"og:image:height\" content=\"419\" \/>\n\t<meta property=\"og:image:type\" content=\"image\/jpeg\" \/>\n<meta name=\"author\" content=\"Andreea Tudor\" \/>\n<meta name=\"twitter:card\" content=\"summary_large_image\" \/>\n<meta name=\"twitter:label1\" content=\"Written by\" \/>\n\t<meta name=\"twitter:data1\" content=\"Andreea Tudor\" \/>\n\t<meta name=\"twitter:label2\" content=\"Estimated reading time\" \/>\n\t<meta name=\"twitter:data2\" content=\"4 minutes\" \/>\n<script type=\"application\/ld+json\" class=\"yoast-schema-graph\">{\"@context\":\"https:\\\/\\\/schema.org\",\"@graph\":[{\"@type\":\"Article\",\"@id\":\"https:\\\/\\\/buletin.de\\\/bucuresti\\\/curtea-de-conturi-bancul-prost-al-bancilor-din-parcurile-capitalei-alpab-nu-a-perceput-penalitati-pentru-deficiente-si-intarzieri-srl-ul-a-dat-institutia-in-judecata\\\/#article\",\"isPartOf\":{\"@id\":\"https:\\\/\\\/buletin.de\\\/bucuresti\\\/curtea-de-conturi-bancul-prost-al-bancilor-din-parcurile-capitalei-alpab-nu-a-perceput-penalitati-pentru-deficiente-si-intarzieri-srl-ul-a-dat-institutia-in-judecata\\\/\"},\"author\":{\"name\":\"Andreea Tudor\",\"@id\":\"https:\\\/\\\/buletin.de\\\/bucuresti\\\/#\\\/schema\\\/person\\\/150590659efde715459d159da012f501\"},\"headline\":\"Curtea de Conturi | \u201eBancul prost\u201d al b\u0103ncilor din parcurile Capitalei. ALPAB nu a perceput penalit\u0103\u021bi pentru deficien\u021be \u0219i \u00eent\u00e2rzieri, SRL-ul a dat institu\u021bia \u00een judecat\u0103\",\"datePublished\":\"2025-12-10T09:55:27+00:00\",\"dateModified\":\"2025-12-10T09:55:28+00:00\",\"mainEntityOfPage\":{\"@id\":\"https:\\\/\\\/buletin.de\\\/bucuresti\\\/curtea-de-conturi-bancul-prost-al-bancilor-din-parcurile-capitalei-alpab-nu-a-perceput-penalitati-pentru-deficiente-si-intarzieri-srl-ul-a-dat-institutia-in-judecata\\\/\"},\"wordCount\":715,\"publisher\":{\"@id\":\"https:\\\/\\\/buletin.de\\\/bucuresti\\\/#organization\"},\"image\":{\"@id\":\"https:\\\/\\\/buletin.de\\\/bucuresti\\\/curtea-de-conturi-bancul-prost-al-bancilor-din-parcurile-capitalei-alpab-nu-a-perceput-penalitati-pentru-deficiente-si-intarzieri-srl-ul-a-dat-institutia-in-judecata\\\/#primaryimage\"},\"thumbnailUrl\":\"https:\\\/\\\/buletin.de\\\/bucuresti\\\/wp-content\\\/uploads\\\/2025\\\/12\\\/banci3-1.jpg\",\"keywords\":[\"alpab\",\"banci\",\"bani publici\",\"curtea de conturi\",\"grand taorom srl\",\"licitatie publica\",\"litigiu\",\"parcurile capitalei\",\"penalitati\",\"spatii verzi\"],\"articleSection\":[\"Articole\",\"Main\",\"Prim\u0103rie\"],\"inLanguage\":\"en-GB\",\"copyrightYear\":\"2025\",\"copyrightHolder\":{\"@id\":\"https:\\\/\\\/buletin.de\\\/bucuresti\\\/#organization\"}},{\"@type\":\"WebPage\",\"@id\":\"https:\\\/\\\/buletin.de\\\/bucuresti\\\/curtea-de-conturi-bancul-prost-al-bancilor-din-parcurile-capitalei-alpab-nu-a-perceput-penalitati-pentru-deficiente-si-intarzieri-srl-ul-a-dat-institutia-in-judecata\\\/\",\"url\":\"https:\\\/\\\/buletin.de\\\/bucuresti\\\/curtea-de-conturi-bancul-prost-al-bancilor-din-parcurile-capitalei-alpab-nu-a-perceput-penalitati-pentru-deficiente-si-intarzieri-srl-ul-a-dat-institutia-in-judecata\\\/\",\"name\":\"Curtea de Conturi | \u201eBancul prost\u201d al b\u0103ncilor din parcurile Capitalei. ALPAB nu a perceput penalit\u0103\u021bi pentru deficien\u021be \u0219i \u00eent\u00e2rzieri, SRL-ul a dat institu\u021bia \u00een judecat\u0103 - Buletin de Bucure\u0219ti\",\"isPartOf\":{\"@id\":\"https:\\\/\\\/buletin.de\\\/bucuresti\\\/#website\"},\"primaryImageOfPage\":{\"@id\":\"https:\\\/\\\/buletin.de\\\/bucuresti\\\/curtea-de-conturi-bancul-prost-al-bancilor-din-parcurile-capitalei-alpab-nu-a-perceput-penalitati-pentru-deficiente-si-intarzieri-srl-ul-a-dat-institutia-in-judecata\\\/#primaryimage\"},\"image\":{\"@id\":\"https:\\\/\\\/buletin.de\\\/bucuresti\\\/curtea-de-conturi-bancul-prost-al-bancilor-din-parcurile-capitalei-alpab-nu-a-perceput-penalitati-pentru-deficiente-si-intarzieri-srl-ul-a-dat-institutia-in-judecata\\\/#primaryimage\"},\"thumbnailUrl\":\"https:\\\/\\\/buletin.de\\\/bucuresti\\\/wp-content\\\/uploads\\\/2025\\\/12\\\/banci3-1.jpg\",\"datePublished\":\"2025-12-10T09:55:27+00:00\",\"dateModified\":\"2025-12-10T09:55:28+00:00\",\"description\":\"ALPAB este \u00een litigiu cu Grand Taorom SRL, firma de la care a achizi\u021bionat 800 de b\u0103nci pentru parcurile Capitalei, \u00een 2023.\",\"breadcrumb\":{\"@id\":\"https:\\\/\\\/buletin.de\\\/bucuresti\\\/curtea-de-conturi-bancul-prost-al-bancilor-din-parcurile-capitalei-alpab-nu-a-perceput-penalitati-pentru-deficiente-si-intarzieri-srl-ul-a-dat-institutia-in-judecata\\\/#breadcrumb\"},\"inLanguage\":\"en-GB\",\"potentialAction\":[{\"@type\":\"ReadAction\",\"target\":[\"https:\\\/\\\/buletin.de\\\/bucuresti\\\/curtea-de-conturi-bancul-prost-al-bancilor-din-parcurile-capitalei-alpab-nu-a-perceput-penalitati-pentru-deficiente-si-intarzieri-srl-ul-a-dat-institutia-in-judecata\\\/\"]}]},{\"@type\":\"ImageObject\",\"inLanguage\":\"en-GB\",\"@id\":\"https:\\\/\\\/buletin.de\\\/bucuresti\\\/curtea-de-conturi-bancul-prost-al-bancilor-din-parcurile-capitalei-alpab-nu-a-perceput-penalitati-pentru-deficiente-si-intarzieri-srl-ul-a-dat-institutia-in-judecata\\\/#primaryimage\",\"url\":\"https:\\\/\\\/buletin.de\\\/bucuresti\\\/wp-content\\\/uploads\\\/2025\\\/12\\\/banci3-1.jpg\",\"contentUrl\":\"https:\\\/\\\/buletin.de\\\/bucuresti\\\/wp-content\\\/uploads\\\/2025\\\/12\\\/banci3-1.jpg\",\"width\":719,\"height\":419,\"caption\":\"\u201eBancul prost\u201d al b\u0103ncilor din parcurile Capitalei. ALPAB nu a perceput penalit\u0103\u0163i, SRL-ul a dat institu\u021bia \u00een judecat\u0103. Foto: arhiv\u0103\"},{\"@type\":\"BreadcrumbList\",\"@id\":\"https:\\\/\\\/buletin.de\\\/bucuresti\\\/curtea-de-conturi-bancul-prost-al-bancilor-din-parcurile-capitalei-alpab-nu-a-perceput-penalitati-pentru-deficiente-si-intarzieri-srl-ul-a-dat-institutia-in-judecata\\\/#breadcrumb\",\"itemListElement\":[{\"@type\":\"ListItem\",\"position\":1,\"name\":\"Acas\u0103\",\"item\":\"https:\\\/\\\/buletin.de\\\/bucuresti\\\/\"},{\"@type\":\"ListItem\",\"position\":2,\"name\":\"Curtea de Conturi | \u201eBancul prost\u201d al b\u0103ncilor din parcurile Capitalei. ALPAB nu a perceput penalit\u0103\u021bi pentru deficien\u021be \u0219i \u00eent\u00e2rzieri, SRL-ul a dat institu\u021bia \u00een judecat\u0103\"}]},{\"@type\":\"WebSite\",\"@id\":\"https:\\\/\\\/buletin.de\\\/bucuresti\\\/#website\",\"url\":\"https:\\\/\\\/buletin.de\\\/bucuresti\\\/\",\"name\":\"Buletin de Bucure\u0219ti\",\"description\":\"\u0218tiri \u0219i investiga\u021bii esen\u021biale din capital\u0103\",\"publisher\":{\"@id\":\"https:\\\/\\\/buletin.de\\\/bucuresti\\\/#organization\"},\"potentialAction\":[{\"@type\":\"SearchAction\",\"target\":{\"@type\":\"EntryPoint\",\"urlTemplate\":\"https:\\\/\\\/buletin.de\\\/bucuresti\\\/?s={search_term_string}\"},\"query-input\":{\"@type\":\"PropertyValueSpecification\",\"valueRequired\":true,\"valueName\":\"search_term_string\"}}],\"inLanguage\":\"en-GB\"},{\"@type\":\"Organization\",\"@id\":\"https:\\\/\\\/buletin.de\\\/bucuresti\\\/#organization\",\"name\":\"Buletin de Bucure\u0219ti\",\"url\":\"https:\\\/\\\/buletin.de\\\/bucuresti\\\/\",\"logo\":{\"@type\":\"ImageObject\",\"inLanguage\":\"en-GB\",\"@id\":\"https:\\\/\\\/buletin.de\\\/bucuresti\\\/#\\\/schema\\\/logo\\\/image\\\/\",\"url\":\"https:\\\/\\\/buletin.de\\\/bucuresti\\\/wp-content\\\/uploads\\\/logo-bdb-full-wide-vernil-transparent.png\",\"contentUrl\":\"https:\\\/\\\/buletin.de\\\/bucuresti\\\/wp-content\\\/uploads\\\/logo-bdb-full-wide-vernil-transparent.png\",\"width\":1782,\"height\":626,\"caption\":\"Buletin de Bucure\u0219ti\"},\"image\":{\"@id\":\"https:\\\/\\\/buletin.de\\\/bucuresti\\\/#\\\/schema\\\/logo\\\/image\\\/\"},\"sameAs\":[\"https:\\\/\\\/www.facebook.com\\\/buletin.de.buc\",\"https:\\\/\\\/www.instagram.com\\\/buletinde.bucuresti\\\/\"]},{\"@type\":\"Person\",\"@id\":\"https:\\\/\\\/buletin.de\\\/bucuresti\\\/#\\\/schema\\\/person\\\/150590659efde715459d159da012f501\",\"name\":\"Andreea Tudor\",\"image\":{\"@type\":\"ImageObject\",\"inLanguage\":\"en-GB\",\"@id\":\"https:\\\/\\\/secure.gravatar.com\\\/avatar\\\/a88705a186ab0b67f3349bcbced506c09e37256fbaad0e7f3bd1a79b4599f589?s=96&d=monsterid&r=g79290610aa1a65c2b86eebc2ca5aee8f\",\"url\":\"https:\\\/\\\/secure.gravatar.com\\\/avatar\\\/a88705a186ab0b67f3349bcbced506c09e37256fbaad0e7f3bd1a79b4599f589?s=96&d=monsterid&r=g\",\"contentUrl\":\"https:\\\/\\\/secure.gravatar.com\\\/avatar\\\/a88705a186ab0b67f3349bcbced506c09e37256fbaad0e7f3bd1a79b4599f589?s=96&d=monsterid&r=g\",\"caption\":\"Andreea Tudor\"},\"description\":\"N\u0103scut\u0103 \u0219i crescut\u0103 \u00een Bucure\u0219ti, sus\u021bin\u0103toare a presei independente. A\u0219a am ajuns redactor la Buletin de Bucure\u0219ti. Fiind eu, \u00eens\u0103mi, parte a sistemului de \u00eenv\u0103\u021b\u0103m\u00e2nt rom\u00e2nesc \u0219i pasionat\u0103 de domeniul social, pun sub lup\u0103 tot ceea ce se \u00eent\u00e2mpl\u0103 \u00een sfera educa\u021biei. Cred cu t\u0103rie c\u0103 presa \u201epentru cet\u0103\u021beni\u201d este presa independent\u0103. Oamenii au nevoie de o informare corect\u0103 pentru a \u00een\u021belege pe deplin ce se \u00eent\u00e2mpl\u0103 \u00een jurul lor \u0219i pentru a lua ac\u021biune \u00eempotriva nedrept\u0103\u021bilor.\",\"url\":\"https:\\\/\\\/buletin.de\\\/bucuresti\\\/author\\\/andreeatudor\\\/\"}]}<\/script>\n<!-- \/ Yoast SEO Premium plugin. -->","yoast_head_json":{"title":"Curtea de Conturi | \u201eBancul prost\u201d al b\u0103ncilor din parcurile Capitalei. ALPAB nu a perceput penalit\u0103\u021bi pentru deficien\u021be \u0219i \u00eent\u00e2rzieri, SRL-ul a dat institu\u021bia \u00een judecat\u0103 - Buletin de Bucure\u0219ti","description":"ALPAB este \u00een litigiu cu Grand Taorom SRL, firma de la care a achizi\u021bionat 800 de b\u0103nci pentru parcurile Capitalei, \u00een 2023.","robots":{"index":"index","follow":"follow","max-snippet":"max-snippet:-1","max-image-preview":"max-image-preview:large","max-video-preview":"max-video-preview:-1"},"canonical":"https:\/\/buletin.de\/bucuresti\/curtea-de-conturi-bancul-prost-al-bancilor-din-parcurile-capitalei-alpab-nu-a-perceput-penalitati-pentru-deficiente-si-intarzieri-srl-ul-a-dat-institutia-in-judecata\/","og_locale":"en_GB","og_type":"article","og_title":"Curtea de Conturi | \u201eBancul prost\u201d al b\u0103ncilor din parcurile Capitalei. ALPAB nu a perceput penalit\u0103\u021bi pentru deficien\u021be \u0219i \u00eent\u00e2rzieri, SRL-ul a dat institu\u021bia \u00een judecat\u0103","og_description":"ALPAB este \u00een litigiu cu Grand Taorom SRL, firma de la care a achizi\u021bionat 800 de b\u0103nci pentru parcurile Capitalei, \u00een 2023.","og_url":"https:\/\/buletin.de\/bucuresti\/curtea-de-conturi-bancul-prost-al-bancilor-din-parcurile-capitalei-alpab-nu-a-perceput-penalitati-pentru-deficiente-si-intarzieri-srl-ul-a-dat-institutia-in-judecata\/","og_site_name":"Buletin de Bucure\u0219ti","article_publisher":"https:\/\/www.facebook.com\/buletin.de.buc","article_published_time":"2025-12-10T09:55:27+00:00","article_modified_time":"2025-12-10T09:55:28+00:00","og_image":[{"width":719,"height":419,"url":"https:\/\/buletin.de\/bucuresti\/wp-content\/uploads\/2025\/12\/banci3-1.jpg","type":"image\/jpeg"}],"author":"Andreea Tudor","twitter_card":"summary_large_image","twitter_misc":{"Written by":"Andreea Tudor","Estimated reading time":"4 minutes"},"schema":{"@context":"https:\/\/schema.org","@graph":[{"@type":"Article","@id":"https:\/\/buletin.de\/bucuresti\/curtea-de-conturi-bancul-prost-al-bancilor-din-parcurile-capitalei-alpab-nu-a-perceput-penalitati-pentru-deficiente-si-intarzieri-srl-ul-a-dat-institutia-in-judecata\/#article","isPartOf":{"@id":"https:\/\/buletin.de\/bucuresti\/curtea-de-conturi-bancul-prost-al-bancilor-din-parcurile-capitalei-alpab-nu-a-perceput-penalitati-pentru-deficiente-si-intarzieri-srl-ul-a-dat-institutia-in-judecata\/"},"author":{"name":"Andreea Tudor","@id":"https:\/\/buletin.de\/bucuresti\/#\/schema\/person\/150590659efde715459d159da012f501"},"headline":"Curtea de Conturi | \u201eBancul prost\u201d al b\u0103ncilor din parcurile Capitalei. ALPAB nu a perceput penalit\u0103\u021bi pentru deficien\u021be \u0219i \u00eent\u00e2rzieri, SRL-ul a dat institu\u021bia \u00een judecat\u0103","datePublished":"2025-12-10T09:55:27+00:00","dateModified":"2025-12-10T09:55:28+00:00","mainEntityOfPage":{"@id":"https:\/\/buletin.de\/bucuresti\/curtea-de-conturi-bancul-prost-al-bancilor-din-parcurile-capitalei-alpab-nu-a-perceput-penalitati-pentru-deficiente-si-intarzieri-srl-ul-a-dat-institutia-in-judecata\/"},"wordCount":715,"publisher":{"@id":"https:\/\/buletin.de\/bucuresti\/#organization"},"image":{"@id":"https:\/\/buletin.de\/bucuresti\/curtea-de-conturi-bancul-prost-al-bancilor-din-parcurile-capitalei-alpab-nu-a-perceput-penalitati-pentru-deficiente-si-intarzieri-srl-ul-a-dat-institutia-in-judecata\/#primaryimage"},"thumbnailUrl":"https:\/\/buletin.de\/bucuresti\/wp-content\/uploads\/2025\/12\/banci3-1.jpg","keywords":["alpab","banci","bani publici","curtea de conturi","grand taorom srl","licitatie publica","litigiu","parcurile capitalei","penalitati","spatii verzi"],"articleSection":["Articole","Main","Prim\u0103rie"],"inLanguage":"en-GB","copyrightYear":"2025","copyrightHolder":{"@id":"https:\/\/buletin.de\/bucuresti\/#organization"}},{"@type":"WebPage","@id":"https:\/\/buletin.de\/bucuresti\/curtea-de-conturi-bancul-prost-al-bancilor-din-parcurile-capitalei-alpab-nu-a-perceput-penalitati-pentru-deficiente-si-intarzieri-srl-ul-a-dat-institutia-in-judecata\/","url":"https:\/\/buletin.de\/bucuresti\/curtea-de-conturi-bancul-prost-al-bancilor-din-parcurile-capitalei-alpab-nu-a-perceput-penalitati-pentru-deficiente-si-intarzieri-srl-ul-a-dat-institutia-in-judecata\/","name":"Curtea de Conturi | \u201eBancul prost\u201d al b\u0103ncilor din parcurile Capitalei. ALPAB nu a perceput penalit\u0103\u021bi pentru deficien\u021be \u0219i \u00eent\u00e2rzieri, SRL-ul a dat institu\u021bia \u00een judecat\u0103 - Buletin de Bucure\u0219ti","isPartOf":{"@id":"https:\/\/buletin.de\/bucuresti\/#website"},"primaryImageOfPage":{"@id":"https:\/\/buletin.de\/bucuresti\/curtea-de-conturi-bancul-prost-al-bancilor-din-parcurile-capitalei-alpab-nu-a-perceput-penalitati-pentru-deficiente-si-intarzieri-srl-ul-a-dat-institutia-in-judecata\/#primaryimage"},"image":{"@id":"https:\/\/buletin.de\/bucuresti\/curtea-de-conturi-bancul-prost-al-bancilor-din-parcurile-capitalei-alpab-nu-a-perceput-penalitati-pentru-deficiente-si-intarzieri-srl-ul-a-dat-institutia-in-judecata\/#primaryimage"},"thumbnailUrl":"https:\/\/buletin.de\/bucuresti\/wp-content\/uploads\/2025\/12\/banci3-1.jpg","datePublished":"2025-12-10T09:55:27+00:00","dateModified":"2025-12-10T09:55:28+00:00","description":"ALPAB este \u00een litigiu cu Grand Taorom SRL, firma de la care a achizi\u021bionat 800 de b\u0103nci pentru parcurile Capitalei, \u00een 2023.","breadcrumb":{"@id":"https:\/\/buletin.de\/bucuresti\/curtea-de-conturi-bancul-prost-al-bancilor-din-parcurile-capitalei-alpab-nu-a-perceput-penalitati-pentru-deficiente-si-intarzieri-srl-ul-a-dat-institutia-in-judecata\/#breadcrumb"},"inLanguage":"en-GB","potentialAction":[{"@type":"ReadAction","target":["https:\/\/buletin.de\/bucuresti\/curtea-de-conturi-bancul-prost-al-bancilor-din-parcurile-capitalei-alpab-nu-a-perceput-penalitati-pentru-deficiente-si-intarzieri-srl-ul-a-dat-institutia-in-judecata\/"]}]},{"@type":"ImageObject","inLanguage":"en-GB","@id":"https:\/\/buletin.de\/bucuresti\/curtea-de-conturi-bancul-prost-al-bancilor-din-parcurile-capitalei-alpab-nu-a-perceput-penalitati-pentru-deficiente-si-intarzieri-srl-ul-a-dat-institutia-in-judecata\/#primaryimage","url":"https:\/\/buletin.de\/bucuresti\/wp-content\/uploads\/2025\/12\/banci3-1.jpg","contentUrl":"https:\/\/buletin.de\/bucuresti\/wp-content\/uploads\/2025\/12\/banci3-1.jpg","width":719,"height":419,"caption":"\u201eBancul prost\u201d al b\u0103ncilor din parcurile Capitalei. ALPAB nu a perceput penalit\u0103\u0163i, SRL-ul a dat institu\u021bia \u00een judecat\u0103. Foto: arhiv\u0103"},{"@type":"BreadcrumbList","@id":"https:\/\/buletin.de\/bucuresti\/curtea-de-conturi-bancul-prost-al-bancilor-din-parcurile-capitalei-alpab-nu-a-perceput-penalitati-pentru-deficiente-si-intarzieri-srl-ul-a-dat-institutia-in-judecata\/#breadcrumb","itemListElement":[{"@type":"ListItem","position":1,"name":"Acas\u0103","item":"https:\/\/buletin.de\/bucuresti\/"},{"@type":"ListItem","position":2,"name":"Curtea de Conturi | \u201eBancul prost\u201d al b\u0103ncilor din parcurile Capitalei. ALPAB nu a perceput penalit\u0103\u021bi pentru deficien\u021be \u0219i \u00eent\u00e2rzieri, SRL-ul a dat institu\u021bia \u00een judecat\u0103"}]},{"@type":"WebSite","@id":"https:\/\/buletin.de\/bucuresti\/#website","url":"https:\/\/buletin.de\/bucuresti\/","name":"Buletin de Bucure\u0219ti","description":"\u0218tiri \u0219i investiga\u021bii esen\u021biale din capital\u0103","publisher":{"@id":"https:\/\/buletin.de\/bucuresti\/#organization"},"potentialAction":[{"@type":"SearchAction","target":{"@type":"EntryPoint","urlTemplate":"https:\/\/buletin.de\/bucuresti\/?s={search_term_string}"},"query-input":{"@type":"PropertyValueSpecification","valueRequired":true,"valueName":"search_term_string"}}],"inLanguage":"en-GB"},{"@type":"Organization","@id":"https:\/\/buletin.de\/bucuresti\/#organization","name":"Buletin de Bucure\u0219ti","url":"https:\/\/buletin.de\/bucuresti\/","logo":{"@type":"ImageObject","inLanguage":"en-GB","@id":"https:\/\/buletin.de\/bucuresti\/#\/schema\/logo\/image\/","url":"https:\/\/buletin.de\/bucuresti\/wp-content\/uploads\/logo-bdb-full-wide-vernil-transparent.png","contentUrl":"https:\/\/buletin.de\/bucuresti\/wp-content\/uploads\/logo-bdb-full-wide-vernil-transparent.png","width":1782,"height":626,"caption":"Buletin de Bucure\u0219ti"},"image":{"@id":"https:\/\/buletin.de\/bucuresti\/#\/schema\/logo\/image\/"},"sameAs":["https:\/\/www.facebook.com\/buletin.de.buc","https:\/\/www.instagram.com\/buletinde.bucuresti\/"]},{"@type":"Person","@id":"https:\/\/buletin.de\/bucuresti\/#\/schema\/person\/150590659efde715459d159da012f501","name":"Andreea Tudor","image":{"@type":"ImageObject","inLanguage":"en-GB","@id":"https:\/\/secure.gravatar.com\/avatar\/a88705a186ab0b67f3349bcbced506c09e37256fbaad0e7f3bd1a79b4599f589?s=96&d=monsterid&r=g79290610aa1a65c2b86eebc2ca5aee8f","url":"https:\/\/secure.gravatar.com\/avatar\/a88705a186ab0b67f3349bcbced506c09e37256fbaad0e7f3bd1a79b4599f589?s=96&d=monsterid&r=g","contentUrl":"https:\/\/secure.gravatar.com\/avatar\/a88705a186ab0b67f3349bcbced506c09e37256fbaad0e7f3bd1a79b4599f589?s=96&d=monsterid&r=g","caption":"Andreea Tudor"},"description":"N\u0103scut\u0103 \u0219i crescut\u0103 \u00een Bucure\u0219ti, sus\u021bin\u0103toare a presei independente. A\u0219a am ajuns redactor la Buletin de Bucure\u0219ti. Fiind eu, \u00eens\u0103mi, parte a sistemului de \u00eenv\u0103\u021b\u0103m\u00e2nt rom\u00e2nesc \u0219i pasionat\u0103 de domeniul social, pun sub lup\u0103 tot ceea ce se \u00eent\u00e2mpl\u0103 \u00een sfera educa\u021biei. Cred cu t\u0103rie c\u0103 presa \u201epentru cet\u0103\u021beni\u201d este presa independent\u0103. Oamenii au nevoie de o informare corect\u0103 pentru a \u00een\u021belege pe deplin ce se \u00eent\u00e2mpl\u0103 \u00een jurul lor \u0219i pentru a lua ac\u021biune \u00eempotriva nedrept\u0103\u021bilor.","url":"https:\/\/buletin.de\/bucuresti\/author\/andreeatudor\/"}]}},"authors":[{"term_id":22573,"user_id":55,"is_guest":0,"slug":"andreeatudor","display_name":"Andreea Tudor","avatar_url":"https:\/\/secure.gravatar.com\/avatar\/a88705a186ab0b67f3349bcbced506c09e37256fbaad0e7f3bd1a79b4599f589?s=96&d=monsterid&r=g","0":null,"1":"","2":"","3":"","4":"","5":"","6":"","7":"","8":""}],"_links":{"self":[{"href":"https:\/\/buletin.de\/bucuresti\/wp-json\/wp\/v2\/posts\/161336","targetHints":{"allow":["GET"]}}],"collection":[{"href":"https:\/\/buletin.de\/bucuresti\/wp-json\/wp\/v2\/posts"}],"about":[{"href":"https:\/\/buletin.de\/bucuresti\/wp-json\/wp\/v2\/types\/post"}],"author":[{"embeddable":true,"href":"https:\/\/buletin.de\/bucuresti\/wp-json\/wp\/v2\/users\/55"}],"replies":[{"embeddable":true,"href":"https:\/\/buletin.de\/bucuresti\/wp-json\/wp\/v2\/comments?post=161336"}],"version-history":[{"count":14,"href":"https:\/\/buletin.de\/bucuresti\/wp-json\/wp\/v2\/posts\/161336\/revisions"}],"predecessor-version":[{"id":161790,"href":"https:\/\/buletin.de\/bucuresti\/wp-json\/wp\/v2\/posts\/161336\/revisions\/161790"}],"wp:featuredmedia":[{"embeddable":true,"href":"https:\/\/buletin.de\/bucuresti\/wp-json\/wp\/v2\/media\/161728"}],"wp:attachment":[{"href":"https:\/\/buletin.de\/bucuresti\/wp-json\/wp\/v2\/media?parent=161336"}],"wp:term":[{"taxonomy":"category","embeddable":true,"href":"https:\/\/buletin.de\/bucuresti\/wp-json\/wp\/v2\/categories?post=161336"},{"taxonomy":"post_tag","embeddable":true,"href":"https:\/\/buletin.de\/bucuresti\/wp-json\/wp\/v2\/tags?post=161336"},{"taxonomy":"author","embeddable":true,"href":"https:\/\/buletin.de\/bucuresti\/wp-json\/wp\/v2\/ppma_author?post=161336"}],"curies":[{"name":"wp","href":"https:\/\/api.w.org\/{rel}","templated":true}]}}