{"id":161313,"date":"2025-12-09T09:20:17","date_gmt":"2025-12-09T06:20:17","guid":{"rendered":"https:\/\/buletin.de\/bucuresti\/?p=161313"},"modified":"2025-12-09T09:36:29","modified_gmt":"2025-12-09T06:36:29","slug":"12-din-numarul-de-vehicule-electrice-inmatriculate-in-capitala-reteaua-de-statii-incarcare-deficitara","status":"publish","type":"post","link":"https:\/\/buletin.de\/bucuresti\/12-din-numarul-de-vehicule-electrice-inmatriculate-in-capitala-reteaua-de-statii-incarcare-deficitara\/","title":{"rendered":"12% din num\u0103rul de vehicule electrice din \u021bar\u0103, \u00eenmatriculate \u00een Capital\u0103. Re\u021beaua de sta\u021bii \u00eenc\u0103rcare, deficitar\u0103"},"content":{"rendered":"\n<p><strong>12% din num\u0103rul de vehicule electrice sunt \u00eenmatriculate \u00een Capital\u0103, potrivit celei mai recente versiuni a Planului de Mobilitate Urban\u0103 Durabil\u0103 (<a href=\"https:\/\/www.pmb.ro\/\">PMUD 2.0<\/a>). Acela\u0219i document arat\u0103 c\u0103 re\u021beaua de sta\u021bii de \u00eenc\u0103rcare este deficitar\u0103.<\/strong><\/p>\n\n\n\n<p>Informa\u021bia potrivit c\u0103reia re\u021beaua de sta\u021bii de \u00eenc\u0103rcare este deficitar\u0103 vine \u00een contextul \u00een care la nivelul regiunii Bucure\u0219ti-Ilfov se identific\u0103 440 astfel de facilita\u021bi. Dintre acestea 160 se afl\u0103 \u00een Ilfov, iar restul de 280 se situeaz\u0103 \u00een Capital\u0103.<\/p>\n\n\n\n<p>\u00cen Bucure\u015fti, din punct de vedere al accesibilit\u0103\u021bii <strong>cel mai bine stau zonele Tineretului, Avia\u021biei \u0219i B\u0103neasa, \u00een vreme ce \u00een zone precum Cartierul Armenesc, Trapezului sau Progresul<\/strong> au un grad de acces mai sc\u0103zut la infrastructura de \u00eenc\u0103rcare a vehiculelor.<\/p>\n\n\n\n<p><em>\u201dCea mai accentuat\u0103 concentrare a sta\u021biilor publice \u0219i cu putere ridicat\u0103 se reg\u0103se\u0219te \u00een partea de Nord a Capitalei, aceasta fiind de altfel \u0219i cea mai dezvoltat\u0103 parte a municipiului. De asemenea, cartierele de locuin\u021be colective sunt deservite de aceste facilit\u0103\u021bi, doar dac\u0103 acestea se afl\u0103 \u00een imediata vecin\u0103tate a unor unit\u0103\u021bi comerciale\u201d<\/em> mai arat\u0103 documentul.<\/p>\n\n\n\n<p>\u00cen ceea ce prive\u0219te vehiculele electrice din Capital\u0103, cre\u0219terea num\u0103rului este pus\u0103 pe seama tichetelor \u00een valoare de 9.000 de lei acordate prin intermediul programului \u201eEco-voucher \u00een schimbul unui autovehicul uzat&#8221;, \u00eencep\u00e2nd cu 2018. Atunci, de aceast\u0103 sum\u0103 au beneficiat 4.193 de locuitori care \u0219i-au putut achizi\u021biona ma\u0219ini electrice, trotinete, electronice \u0219i electrocasnice.<\/p>\n\n\n\n<p>De asemenea, pentru dezvoltarea infrastructurii de \u00eenc\u0103rcare, autorit\u0103\u021bile au \u00een vedere amplasarea a \u00eenc\u0103 40 de sta\u021bii electrice \u00een loca\u021bii precum Bd. Timi\u0219oara, Lipscani, Pia\u021ba Amzei, Gara de Nord ori Universitate. Lucr\u0103rile vor \u00eencepe dup\u0103 eliberarea unui aviz \u00een acest sens.<\/p>\n\n\n\n<p><strong>CITE\u0218TE \u0218I: <a href=\"https:\/\/buletin.de\/bucuresti\/oate-targurile-de-craciun-din-bucuresti-harta-interactiva-si-program\/\">Toate t\u00e2rgurile de Cr\u0103ciun din Bucure\u0219ti: harta interactiv\u0103 \u0219i program<\/a><\/strong><\/p>\n\n\n\n<h2 class=\"wp-block-heading\" id=\"h-problemele-mari-de-acoperire-la-granitele-capitalei-\u0219i-ilfovului\">Problemele mari de acoperire, la grani\u0163ele Capitalei \u0219i Ilfovului<\/h2>\n\n\n\n<p>Zona Otopeni, arterele DN5(ie\u015firea c\u0103tre Giurgiu) \u0219i A1 beneficiaz\u0103 de o infrastructur\u0103 distribuit\u0103 par\u021bial omogen\u0103. \u00cen contrapatid\u0103, potrivit PMUD 2.0, zona de Vest este foarte slab deservit\u0103, iar zonele de Sud \u0219i de Est ale autostr\u0103zii A0, de centur\u0103, sunt \u0219i ele \u00een aceea\u0219i situa\u021bie.<\/p>\n\n\n\n<p>Cel mai r\u0103u la capitolul acoperire s\u0103 \u00eens\u0103 autostrada A3, care se afl\u0103<em> \u201e\u00een cea mai mare nevoie de sta\u021bii de \u00eencarcare, av\u00e2nd \u00een vedere prezen\u021ba numero\u0219ilor naveti\u0219ti pe direc\u021bia Ploie\u0219ti \u2013 Bucure\u0219ti \u0219i lipsa infrastructurii de \u00eencarcare\u201d<\/em>. <\/p>\n\n\n\n<p>Potrivit planului, \u00een aceea\u0219i situa\u021bie precar\u0103 se afl\u0103 \u0219i segmentul DN1 cuprins \u00eentre T\u00e2nc\u0103be\u0219ti \u0219i grani\u021ba cu jude\u021bul Prahova, unde infrastructura lipse\u0219te cu des\u0103v\u00e2r\u0219ire. Excep\u021bie face \u00eens\u0103 zona B\u0103neasa-Snagov Plaza, bogat vascularizat\u0103 cu re\u021bele de sta\u021bii de \u00eenc\u0103rcare.<\/p>\n\n\n\n<p><strong>CITE\u0218TE \u0218I: <a href=\"https:\/\/buletin.de\/bucuresti\/generatia-z-la-primul-vot-din-viata-despre-educatia-civica-in-scoli-am-vota-mai-informat-si-nu-dupa-vibe-ul-pe-care-ti-l-da-candidatul-ce-vezi-pe-tiktok-si-youtube\/\">Genera\u021bia Z, la primul vot din via\u021b\u0103, despre educa\u021bia civic\u0103 \u00een \u0219coli: \u201eAm vota mai informat \u0219i nu dup\u0103 vibe-ul pe care \u021bi-l d\u0103 candidatul, pe TikTok \u015fi Youtube\u201d<\/a><\/strong><\/p>\n","protected":false},"excerpt":{"rendered":"<p>12% din num\u0103rul de vehicule electrice sunt \u00eenmatriculate \u00een Capital\u0103, potrivit celei mai recente versiuni a Planului de Mobilitate Urban\u0103 Durabil\u0103 (PMUD 2.0). Acela\u0219i document arat\u0103 c\u0103 re\u021beaua de sta\u021bii de \u00eenc\u0103rcare este deficitar\u0103. Informa\u021bia potrivit c\u0103reia re\u021beaua de sta\u021bii de \u00eenc\u0103rcare este deficitar\u0103 vine \u00een contextul \u00een care la nivelul regiunii Bucure\u0219ti-Ilfov se identific\u0103 [&hellip;]<\/p>\n","protected":false},"author":61,"featured_media":161640,"comment_status":"closed","ping_status":"open","sticky":false,"template":"","format":"standard","meta":{"_acf_changed":false,"inline_featured_image":false,"ngg_post_thumbnail":0,"footnotes":""},"categories":[6994,5762,650],"tags":[1465,9,820,4696,25022,2972,3889],"ppma_author":[22577],"class_list":["post-161313","post","type-post","status-publish","format-standard","has-post-thumbnail","hentry","category-stiri-2","category-main","category-transport","tag-a0","tag-bucuresti","tag-ilfov","tag-masini-electrice","tag-pmud-2-0","tag-statii-de-incarcare","tag-vehicule-electrice"],"acf":[],"yoast_head":"<!-- This site is optimized with the Yoast SEO Premium plugin v25.3 (Yoast SEO v27.4) - https:\/\/yoast.com\/product\/yoast-seo-premium-wordpress\/ -->\n<title>12% din num\u0103rul de vehicule electrice din \u021bar\u0103, \u00eenmatriculate \u00een Capital\u0103. Re\u021beaua de sta\u021bii \u00eenc\u0103rcare, deficitar\u0103 - Buletin de Bucure\u0219ti<\/title>\n<meta name=\"description\" content=\"12% din num\u0103rul de vehicule electrice sunt \u00eenmatriculate \u00een Capital\u0103, potrivit celei mai recente versiuni a PMUD.\" \/>\n<meta name=\"robots\" content=\"index, follow, max-snippet:-1, max-image-preview:large, max-video-preview:-1\" \/>\n<link rel=\"canonical\" href=\"https:\/\/buletin.de\/bucuresti\/12-din-numarul-de-vehicule-electrice-inmatriculate-in-capitala-reteaua-de-statii-incarcare-deficitara\/\" \/>\n<meta property=\"og:locale\" content=\"en_GB\" \/>\n<meta property=\"og:type\" content=\"article\" \/>\n<meta property=\"og:title\" content=\"12% din num\u0103rul de vehicule electrice din \u021bar\u0103, \u00eenmatriculate \u00een Capital\u0103. Re\u021beaua de sta\u021bii \u00eenc\u0103rcare, deficitar\u0103\" \/>\n<meta property=\"og:description\" content=\"12% din num\u0103rul de vehicule electrice sunt \u00eenmatriculate \u00een Capital\u0103, potrivit celei mai recente versiuni a PMUD.\" \/>\n<meta property=\"og:url\" content=\"https:\/\/buletin.de\/bucuresti\/12-din-numarul-de-vehicule-electrice-inmatriculate-in-capitala-reteaua-de-statii-incarcare-deficitara\/\" \/>\n<meta property=\"og:site_name\" content=\"Buletin de Bucure\u0219ti\" \/>\n<meta property=\"article:publisher\" content=\"https:\/\/www.facebook.com\/buletin.de.buc\" \/>\n<meta property=\"article:published_time\" content=\"2025-12-09T06:20:17+00:00\" \/>\n<meta property=\"article:modified_time\" content=\"2025-12-09T06:36:29+00:00\" \/>\n<meta property=\"og:image\" content=\"https:\/\/buletin.de\/bucuresti\/wp-content\/uploads\/2025\/12\/ID204888_INQUAM_Photos_Octav_Ganea-scaled.jpg\" \/>\n\t<meta property=\"og:image:width\" content=\"2560\" \/>\n\t<meta property=\"og:image:height\" content=\"1707\" \/>\n\t<meta property=\"og:image:type\" content=\"image\/jpeg\" \/>\n<meta name=\"author\" content=\"Alexandru Stan\" \/>\n<meta name=\"twitter:card\" content=\"summary_large_image\" \/>\n<meta name=\"twitter:label1\" content=\"Written by\" \/>\n\t<meta name=\"twitter:data1\" content=\"Alexandru Stan\" \/>\n\t<meta name=\"twitter:label2\" content=\"Estimated reading time\" \/>\n\t<meta name=\"twitter:data2\" content=\"3 minutes\" \/>\n<script type=\"application\/ld+json\" class=\"yoast-schema-graph\">{\"@context\":\"https:\\\/\\\/schema.org\",\"@graph\":[{\"@type\":\"Article\",\"@id\":\"https:\\\/\\\/buletin.de\\\/bucuresti\\\/12-din-numarul-de-vehicule-electrice-inmatriculate-in-capitala-reteaua-de-statii-incarcare-deficitara\\\/#article\",\"isPartOf\":{\"@id\":\"https:\\\/\\\/buletin.de\\\/bucuresti\\\/12-din-numarul-de-vehicule-electrice-inmatriculate-in-capitala-reteaua-de-statii-incarcare-deficitara\\\/\"},\"author\":{\"name\":\"Alexandru Stan\",\"@id\":\"https:\\\/\\\/buletin.de\\\/bucuresti\\\/#\\\/schema\\\/person\\\/104a46bbe8be6e336fecf63974383951\"},\"headline\":\"12% din num\u0103rul de vehicule electrice din \u021bar\u0103, \u00eenmatriculate \u00een Capital\u0103. Re\u021beaua de sta\u021bii \u00eenc\u0103rcare, deficitar\u0103\",\"datePublished\":\"2025-12-09T06:20:17+00:00\",\"dateModified\":\"2025-12-09T06:36:29+00:00\",\"mainEntityOfPage\":{\"@id\":\"https:\\\/\\\/buletin.de\\\/bucuresti\\\/12-din-numarul-de-vehicule-electrice-inmatriculate-in-capitala-reteaua-de-statii-incarcare-deficitara\\\/\"},\"wordCount\":524,\"publisher\":{\"@id\":\"https:\\\/\\\/buletin.de\\\/bucuresti\\\/#organization\"},\"image\":{\"@id\":\"https:\\\/\\\/buletin.de\\\/bucuresti\\\/12-din-numarul-de-vehicule-electrice-inmatriculate-in-capitala-reteaua-de-statii-incarcare-deficitara\\\/#primaryimage\"},\"thumbnailUrl\":\"https:\\\/\\\/buletin.de\\\/bucuresti\\\/wp-content\\\/uploads\\\/2025\\\/12\\\/ID204888_INQUAM_Photos_Octav_Ganea-scaled.jpg\",\"keywords\":[\"A0\",\"bucuresti\",\"Ilfov\",\"masini electrice\",\"pmud 2.0\",\"statii de incarcare\",\"vehicule electrice\"],\"articleSection\":[\"Articole\",\"Main\",\"Transport\"],\"inLanguage\":\"en-GB\",\"copyrightYear\":\"2025\",\"copyrightHolder\":{\"@id\":\"https:\\\/\\\/buletin.de\\\/bucuresti\\\/#organization\"}},{\"@type\":\"WebPage\",\"@id\":\"https:\\\/\\\/buletin.de\\\/bucuresti\\\/12-din-numarul-de-vehicule-electrice-inmatriculate-in-capitala-reteaua-de-statii-incarcare-deficitara\\\/\",\"url\":\"https:\\\/\\\/buletin.de\\\/bucuresti\\\/12-din-numarul-de-vehicule-electrice-inmatriculate-in-capitala-reteaua-de-statii-incarcare-deficitara\\\/\",\"name\":\"12% din num\u0103rul de vehicule electrice din \u021bar\u0103, \u00eenmatriculate \u00een Capital\u0103. Re\u021beaua de sta\u021bii \u00eenc\u0103rcare, deficitar\u0103 - Buletin de Bucure\u0219ti\",\"isPartOf\":{\"@id\":\"https:\\\/\\\/buletin.de\\\/bucuresti\\\/#website\"},\"primaryImageOfPage\":{\"@id\":\"https:\\\/\\\/buletin.de\\\/bucuresti\\\/12-din-numarul-de-vehicule-electrice-inmatriculate-in-capitala-reteaua-de-statii-incarcare-deficitara\\\/#primaryimage\"},\"image\":{\"@id\":\"https:\\\/\\\/buletin.de\\\/bucuresti\\\/12-din-numarul-de-vehicule-electrice-inmatriculate-in-capitala-reteaua-de-statii-incarcare-deficitara\\\/#primaryimage\"},\"thumbnailUrl\":\"https:\\\/\\\/buletin.de\\\/bucuresti\\\/wp-content\\\/uploads\\\/2025\\\/12\\\/ID204888_INQUAM_Photos_Octav_Ganea-scaled.jpg\",\"datePublished\":\"2025-12-09T06:20:17+00:00\",\"dateModified\":\"2025-12-09T06:36:29+00:00\",\"description\":\"12% din num\u0103rul de vehicule electrice sunt \u00eenmatriculate \u00een Capital\u0103, potrivit celei mai recente versiuni a PMUD.\",\"breadcrumb\":{\"@id\":\"https:\\\/\\\/buletin.de\\\/bucuresti\\\/12-din-numarul-de-vehicule-electrice-inmatriculate-in-capitala-reteaua-de-statii-incarcare-deficitara\\\/#breadcrumb\"},\"inLanguage\":\"en-GB\",\"potentialAction\":[{\"@type\":\"ReadAction\",\"target\":[\"https:\\\/\\\/buletin.de\\\/bucuresti\\\/12-din-numarul-de-vehicule-electrice-inmatriculate-in-capitala-reteaua-de-statii-incarcare-deficitara\\\/\"]}]},{\"@type\":\"ImageObject\",\"inLanguage\":\"en-GB\",\"@id\":\"https:\\\/\\\/buletin.de\\\/bucuresti\\\/12-din-numarul-de-vehicule-electrice-inmatriculate-in-capitala-reteaua-de-statii-incarcare-deficitara\\\/#primaryimage\",\"url\":\"https:\\\/\\\/buletin.de\\\/bucuresti\\\/wp-content\\\/uploads\\\/2025\\\/12\\\/ID204888_INQUAM_Photos_Octav_Ganea-scaled.jpg\",\"contentUrl\":\"https:\\\/\\\/buletin.de\\\/bucuresti\\\/wp-content\\\/uploads\\\/2025\\\/12\\\/ID204888_INQUAM_Photos_Octav_Ganea-scaled.jpg\",\"width\":2560,\"height\":1707},{\"@type\":\"BreadcrumbList\",\"@id\":\"https:\\\/\\\/buletin.de\\\/bucuresti\\\/12-din-numarul-de-vehicule-electrice-inmatriculate-in-capitala-reteaua-de-statii-incarcare-deficitara\\\/#breadcrumb\",\"itemListElement\":[{\"@type\":\"ListItem\",\"position\":1,\"name\":\"Acas\u0103\",\"item\":\"https:\\\/\\\/buletin.de\\\/bucuresti\\\/\"},{\"@type\":\"ListItem\",\"position\":2,\"name\":\"12% din num\u0103rul de vehicule electrice din \u021bar\u0103, \u00eenmatriculate \u00een Capital\u0103. Re\u021beaua de sta\u021bii \u00eenc\u0103rcare, deficitar\u0103\"}]},{\"@type\":\"WebSite\",\"@id\":\"https:\\\/\\\/buletin.de\\\/bucuresti\\\/#website\",\"url\":\"https:\\\/\\\/buletin.de\\\/bucuresti\\\/\",\"name\":\"Buletin de Bucure\u0219ti\",\"description\":\"\u0218tiri \u0219i investiga\u021bii esen\u021biale din capital\u0103\",\"publisher\":{\"@id\":\"https:\\\/\\\/buletin.de\\\/bucuresti\\\/#organization\"},\"potentialAction\":[{\"@type\":\"SearchAction\",\"target\":{\"@type\":\"EntryPoint\",\"urlTemplate\":\"https:\\\/\\\/buletin.de\\\/bucuresti\\\/?s={search_term_string}\"},\"query-input\":{\"@type\":\"PropertyValueSpecification\",\"valueRequired\":true,\"valueName\":\"search_term_string\"}}],\"inLanguage\":\"en-GB\"},{\"@type\":\"Organization\",\"@id\":\"https:\\\/\\\/buletin.de\\\/bucuresti\\\/#organization\",\"name\":\"Buletin de Bucure\u0219ti\",\"url\":\"https:\\\/\\\/buletin.de\\\/bucuresti\\\/\",\"logo\":{\"@type\":\"ImageObject\",\"inLanguage\":\"en-GB\",\"@id\":\"https:\\\/\\\/buletin.de\\\/bucuresti\\\/#\\\/schema\\\/logo\\\/image\\\/\",\"url\":\"https:\\\/\\\/buletin.de\\\/bucuresti\\\/wp-content\\\/uploads\\\/logo-bdb-full-wide-vernil-transparent.png\",\"contentUrl\":\"https:\\\/\\\/buletin.de\\\/bucuresti\\\/wp-content\\\/uploads\\\/logo-bdb-full-wide-vernil-transparent.png\",\"width\":1782,\"height\":626,\"caption\":\"Buletin de Bucure\u0219ti\"},\"image\":{\"@id\":\"https:\\\/\\\/buletin.de\\\/bucuresti\\\/#\\\/schema\\\/logo\\\/image\\\/\"},\"sameAs\":[\"https:\\\/\\\/www.facebook.com\\\/buletin.de.buc\",\"https:\\\/\\\/www.instagram.com\\\/buletinde.bucuresti\\\/\"]},{\"@type\":\"Person\",\"@id\":\"https:\\\/\\\/buletin.de\\\/bucuresti\\\/#\\\/schema\\\/person\\\/104a46bbe8be6e336fecf63974383951\",\"name\":\"Alexandru Stan\",\"image\":{\"@type\":\"ImageObject\",\"inLanguage\":\"en-GB\",\"@id\":\"https:\\\/\\\/buletin.de\\\/bucuresti\\\/wp-content\\\/uploads\\\/2025\\\/12\\\/IMG-20251216-WA0045-e1766134343668-96x96.jpgd0ca12809ae3e1d27116a2afe8926544\",\"url\":\"https:\\\/\\\/buletin.de\\\/bucuresti\\\/wp-content\\\/uploads\\\/2025\\\/12\\\/IMG-20251216-WA0045-e1766134343668-96x96.jpg\",\"contentUrl\":\"https:\\\/\\\/buletin.de\\\/bucuresti\\\/wp-content\\\/uploads\\\/2025\\\/12\\\/IMG-20251216-WA0045-e1766134343668-96x96.jpg\",\"caption\":\"Alexandru Stan\"},\"description\":\"Sunt elev la un colegiu de prestigiu din Capital\u0103 \u0219i reporter la Buletin de Bucure\u0219ti. M-am n\u0103scut \u0219i am crescut cu m\u00e2ndrie \u00een Capital\u0103, ora\u0219 al pove\u0219tilor, al tramvaiului tras de cai \u0219i al c\u0103su\u021belor cu porti\u021b\u0103 \u0219i ci\u0219mea. Prin articolele mele, m\u0103 str\u0103duiesc s\u0103 descriu cu acurate\u021be via\u021ba din Bucure\u0219ti pe ecranele cititorilor no\u0219tri \u0219i \u00eencerc totodat\u0103 s\u0103 fac accesibile subiecte de interes general tuturor, de la mic la mare.\",\"url\":\"https:\\\/\\\/buletin.de\\\/bucuresti\\\/author\\\/alexandru-stan\\\/\"}]}<\/script>\n<!-- \/ Yoast SEO Premium plugin. -->","yoast_head_json":{"title":"12% din num\u0103rul de vehicule electrice din \u021bar\u0103, \u00eenmatriculate \u00een Capital\u0103. Re\u021beaua de sta\u021bii \u00eenc\u0103rcare, deficitar\u0103 - Buletin de Bucure\u0219ti","description":"12% din num\u0103rul de vehicule electrice sunt \u00eenmatriculate \u00een Capital\u0103, potrivit celei mai recente versiuni a PMUD.","robots":{"index":"index","follow":"follow","max-snippet":"max-snippet:-1","max-image-preview":"max-image-preview:large","max-video-preview":"max-video-preview:-1"},"canonical":"https:\/\/buletin.de\/bucuresti\/12-din-numarul-de-vehicule-electrice-inmatriculate-in-capitala-reteaua-de-statii-incarcare-deficitara\/","og_locale":"en_GB","og_type":"article","og_title":"12% din num\u0103rul de vehicule electrice din \u021bar\u0103, \u00eenmatriculate \u00een Capital\u0103. Re\u021beaua de sta\u021bii \u00eenc\u0103rcare, deficitar\u0103","og_description":"12% din num\u0103rul de vehicule electrice sunt \u00eenmatriculate \u00een Capital\u0103, potrivit celei mai recente versiuni a PMUD.","og_url":"https:\/\/buletin.de\/bucuresti\/12-din-numarul-de-vehicule-electrice-inmatriculate-in-capitala-reteaua-de-statii-incarcare-deficitara\/","og_site_name":"Buletin de Bucure\u0219ti","article_publisher":"https:\/\/www.facebook.com\/buletin.de.buc","article_published_time":"2025-12-09T06:20:17+00:00","article_modified_time":"2025-12-09T06:36:29+00:00","og_image":[{"width":2560,"height":1707,"url":"https:\/\/buletin.de\/bucuresti\/wp-content\/uploads\/2025\/12\/ID204888_INQUAM_Photos_Octav_Ganea-scaled.jpg","type":"image\/jpeg"}],"author":"Alexandru Stan","twitter_card":"summary_large_image","twitter_misc":{"Written by":"Alexandru Stan","Estimated reading time":"3 minutes"},"schema":{"@context":"https:\/\/schema.org","@graph":[{"@type":"Article","@id":"https:\/\/buletin.de\/bucuresti\/12-din-numarul-de-vehicule-electrice-inmatriculate-in-capitala-reteaua-de-statii-incarcare-deficitara\/#article","isPartOf":{"@id":"https:\/\/buletin.de\/bucuresti\/12-din-numarul-de-vehicule-electrice-inmatriculate-in-capitala-reteaua-de-statii-incarcare-deficitara\/"},"author":{"name":"Alexandru Stan","@id":"https:\/\/buletin.de\/bucuresti\/#\/schema\/person\/104a46bbe8be6e336fecf63974383951"},"headline":"12% din num\u0103rul de vehicule electrice din \u021bar\u0103, \u00eenmatriculate \u00een Capital\u0103. Re\u021beaua de sta\u021bii \u00eenc\u0103rcare, deficitar\u0103","datePublished":"2025-12-09T06:20:17+00:00","dateModified":"2025-12-09T06:36:29+00:00","mainEntityOfPage":{"@id":"https:\/\/buletin.de\/bucuresti\/12-din-numarul-de-vehicule-electrice-inmatriculate-in-capitala-reteaua-de-statii-incarcare-deficitara\/"},"wordCount":524,"publisher":{"@id":"https:\/\/buletin.de\/bucuresti\/#organization"},"image":{"@id":"https:\/\/buletin.de\/bucuresti\/12-din-numarul-de-vehicule-electrice-inmatriculate-in-capitala-reteaua-de-statii-incarcare-deficitara\/#primaryimage"},"thumbnailUrl":"https:\/\/buletin.de\/bucuresti\/wp-content\/uploads\/2025\/12\/ID204888_INQUAM_Photos_Octav_Ganea-scaled.jpg","keywords":["A0","bucuresti","Ilfov","masini electrice","pmud 2.0","statii de incarcare","vehicule electrice"],"articleSection":["Articole","Main","Transport"],"inLanguage":"en-GB","copyrightYear":"2025","copyrightHolder":{"@id":"https:\/\/buletin.de\/bucuresti\/#organization"}},{"@type":"WebPage","@id":"https:\/\/buletin.de\/bucuresti\/12-din-numarul-de-vehicule-electrice-inmatriculate-in-capitala-reteaua-de-statii-incarcare-deficitara\/","url":"https:\/\/buletin.de\/bucuresti\/12-din-numarul-de-vehicule-electrice-inmatriculate-in-capitala-reteaua-de-statii-incarcare-deficitara\/","name":"12% din num\u0103rul de vehicule electrice din \u021bar\u0103, \u00eenmatriculate \u00een Capital\u0103. Re\u021beaua de sta\u021bii \u00eenc\u0103rcare, deficitar\u0103 - Buletin de Bucure\u0219ti","isPartOf":{"@id":"https:\/\/buletin.de\/bucuresti\/#website"},"primaryImageOfPage":{"@id":"https:\/\/buletin.de\/bucuresti\/12-din-numarul-de-vehicule-electrice-inmatriculate-in-capitala-reteaua-de-statii-incarcare-deficitara\/#primaryimage"},"image":{"@id":"https:\/\/buletin.de\/bucuresti\/12-din-numarul-de-vehicule-electrice-inmatriculate-in-capitala-reteaua-de-statii-incarcare-deficitara\/#primaryimage"},"thumbnailUrl":"https:\/\/buletin.de\/bucuresti\/wp-content\/uploads\/2025\/12\/ID204888_INQUAM_Photos_Octav_Ganea-scaled.jpg","datePublished":"2025-12-09T06:20:17+00:00","dateModified":"2025-12-09T06:36:29+00:00","description":"12% din num\u0103rul de vehicule electrice sunt \u00eenmatriculate \u00een Capital\u0103, potrivit celei mai recente versiuni a PMUD.","breadcrumb":{"@id":"https:\/\/buletin.de\/bucuresti\/12-din-numarul-de-vehicule-electrice-inmatriculate-in-capitala-reteaua-de-statii-incarcare-deficitara\/#breadcrumb"},"inLanguage":"en-GB","potentialAction":[{"@type":"ReadAction","target":["https:\/\/buletin.de\/bucuresti\/12-din-numarul-de-vehicule-electrice-inmatriculate-in-capitala-reteaua-de-statii-incarcare-deficitara\/"]}]},{"@type":"ImageObject","inLanguage":"en-GB","@id":"https:\/\/buletin.de\/bucuresti\/12-din-numarul-de-vehicule-electrice-inmatriculate-in-capitala-reteaua-de-statii-incarcare-deficitara\/#primaryimage","url":"https:\/\/buletin.de\/bucuresti\/wp-content\/uploads\/2025\/12\/ID204888_INQUAM_Photos_Octav_Ganea-scaled.jpg","contentUrl":"https:\/\/buletin.de\/bucuresti\/wp-content\/uploads\/2025\/12\/ID204888_INQUAM_Photos_Octav_Ganea-scaled.jpg","width":2560,"height":1707},{"@type":"BreadcrumbList","@id":"https:\/\/buletin.de\/bucuresti\/12-din-numarul-de-vehicule-electrice-inmatriculate-in-capitala-reteaua-de-statii-incarcare-deficitara\/#breadcrumb","itemListElement":[{"@type":"ListItem","position":1,"name":"Acas\u0103","item":"https:\/\/buletin.de\/bucuresti\/"},{"@type":"ListItem","position":2,"name":"12% din num\u0103rul de vehicule electrice din \u021bar\u0103, \u00eenmatriculate \u00een Capital\u0103. Re\u021beaua de sta\u021bii \u00eenc\u0103rcare, deficitar\u0103"}]},{"@type":"WebSite","@id":"https:\/\/buletin.de\/bucuresti\/#website","url":"https:\/\/buletin.de\/bucuresti\/","name":"Buletin de Bucure\u0219ti","description":"\u0218tiri \u0219i investiga\u021bii esen\u021biale din capital\u0103","publisher":{"@id":"https:\/\/buletin.de\/bucuresti\/#organization"},"potentialAction":[{"@type":"SearchAction","target":{"@type":"EntryPoint","urlTemplate":"https:\/\/buletin.de\/bucuresti\/?s={search_term_string}"},"query-input":{"@type":"PropertyValueSpecification","valueRequired":true,"valueName":"search_term_string"}}],"inLanguage":"en-GB"},{"@type":"Organization","@id":"https:\/\/buletin.de\/bucuresti\/#organization","name":"Buletin de Bucure\u0219ti","url":"https:\/\/buletin.de\/bucuresti\/","logo":{"@type":"ImageObject","inLanguage":"en-GB","@id":"https:\/\/buletin.de\/bucuresti\/#\/schema\/logo\/image\/","url":"https:\/\/buletin.de\/bucuresti\/wp-content\/uploads\/logo-bdb-full-wide-vernil-transparent.png","contentUrl":"https:\/\/buletin.de\/bucuresti\/wp-content\/uploads\/logo-bdb-full-wide-vernil-transparent.png","width":1782,"height":626,"caption":"Buletin de Bucure\u0219ti"},"image":{"@id":"https:\/\/buletin.de\/bucuresti\/#\/schema\/logo\/image\/"},"sameAs":["https:\/\/www.facebook.com\/buletin.de.buc","https:\/\/www.instagram.com\/buletinde.bucuresti\/"]},{"@type":"Person","@id":"https:\/\/buletin.de\/bucuresti\/#\/schema\/person\/104a46bbe8be6e336fecf63974383951","name":"Alexandru Stan","image":{"@type":"ImageObject","inLanguage":"en-GB","@id":"https:\/\/buletin.de\/bucuresti\/wp-content\/uploads\/2025\/12\/IMG-20251216-WA0045-e1766134343668-96x96.jpgd0ca12809ae3e1d27116a2afe8926544","url":"https:\/\/buletin.de\/bucuresti\/wp-content\/uploads\/2025\/12\/IMG-20251216-WA0045-e1766134343668-96x96.jpg","contentUrl":"https:\/\/buletin.de\/bucuresti\/wp-content\/uploads\/2025\/12\/IMG-20251216-WA0045-e1766134343668-96x96.jpg","caption":"Alexandru Stan"},"description":"Sunt elev la un colegiu de prestigiu din Capital\u0103 \u0219i reporter la Buletin de Bucure\u0219ti. M-am n\u0103scut \u0219i am crescut cu m\u00e2ndrie \u00een Capital\u0103, ora\u0219 al pove\u0219tilor, al tramvaiului tras de cai \u0219i al c\u0103su\u021belor cu porti\u021b\u0103 \u0219i ci\u0219mea. Prin articolele mele, m\u0103 str\u0103duiesc s\u0103 descriu cu acurate\u021be via\u021ba din Bucure\u0219ti pe ecranele cititorilor no\u0219tri \u0219i \u00eencerc totodat\u0103 s\u0103 fac accesibile subiecte de interes general tuturor, de la mic la mare.","url":"https:\/\/buletin.de\/bucuresti\/author\/alexandru-stan\/"}]}},"authors":[{"term_id":22577,"user_id":61,"is_guest":0,"slug":"alexandru-stan","display_name":"Alexandru Stan","avatar_url":"https:\/\/buletin.de\/bucuresti\/wp-content\/uploads\/2025\/12\/IMG-20251216-WA0045-e1766134343668-96x96.jpg","0":null,"1":"","2":"","3":"","4":"","5":"","6":"","7":"","8":""}],"_links":{"self":[{"href":"https:\/\/buletin.de\/bucuresti\/wp-json\/wp\/v2\/posts\/161313","targetHints":{"allow":["GET"]}}],"collection":[{"href":"https:\/\/buletin.de\/bucuresti\/wp-json\/wp\/v2\/posts"}],"about":[{"href":"https:\/\/buletin.de\/bucuresti\/wp-json\/wp\/v2\/types\/post"}],"author":[{"embeddable":true,"href":"https:\/\/buletin.de\/bucuresti\/wp-json\/wp\/v2\/users\/61"}],"replies":[{"embeddable":true,"href":"https:\/\/buletin.de\/bucuresti\/wp-json\/wp\/v2\/comments?post=161313"}],"version-history":[{"count":7,"href":"https:\/\/buletin.de\/bucuresti\/wp-json\/wp\/v2\/posts\/161313\/revisions"}],"predecessor-version":[{"id":161641,"href":"https:\/\/buletin.de\/bucuresti\/wp-json\/wp\/v2\/posts\/161313\/revisions\/161641"}],"wp:featuredmedia":[{"embeddable":true,"href":"https:\/\/buletin.de\/bucuresti\/wp-json\/wp\/v2\/media\/161640"}],"wp:attachment":[{"href":"https:\/\/buletin.de\/bucuresti\/wp-json\/wp\/v2\/media?parent=161313"}],"wp:term":[{"taxonomy":"category","embeddable":true,"href":"https:\/\/buletin.de\/bucuresti\/wp-json\/wp\/v2\/categories?post=161313"},{"taxonomy":"post_tag","embeddable":true,"href":"https:\/\/buletin.de\/bucuresti\/wp-json\/wp\/v2\/tags?post=161313"},{"taxonomy":"author","embeddable":true,"href":"https:\/\/buletin.de\/bucuresti\/wp-json\/wp\/v2\/ppma_author?post=161313"}],"curies":[{"name":"wp","href":"https:\/\/api.w.org\/{rel}","templated":true}]}}