{"id":160793,"date":"2025-12-04T16:32:58","date_gmt":"2025-12-04T13:32:58","guid":{"rendered":"https:\/\/buletin.de\/bucuresti\/?p=160793"},"modified":"2025-12-04T16:32:59","modified_gmt":"2025-12-04T13:32:59","slug":"pmb-semneaza-contracte-pentru-transport-in-valoare-de-aproape-2-miliarde-de-lei","status":"publish","type":"post","link":"https:\/\/buletin.de\/bucuresti\/pmb-semneaza-contracte-pentru-transport-in-valoare-de-aproape-2-miliarde-de-lei\/","title":{"rendered":"PMB semneaz\u0103 contracte pentru transport \u00een valoare de aproape 2 miliarde de lei"},"content":{"rendered":"\n<p><strong>Joi dup\u0103-amiaz\u0103, Prim\u0103ria Capitalei va semna contracte pentru transport \u00een valoare de aproape 2 miliarde de lei, cu reprezentan\u021bii ADR Bucure\u0219ti\u2013Ilfov. <\/strong><\/p>\n\n\n\n<p>Este vorba despre contracte de finan\u021bare nerambursabil\u0103, prin Programul Regional Bucure\u0219ti\u2013Ilfov 2021 &#8211; 2027. Valoarea acestora este de <strong>1,96 miliarde de lei. <\/strong><\/p>\n\n\n\n<p>Finan\u021barea va permite achizi\u021bia a 100 de troleibuze moderne \u0219i nepoluante \u0219i a 63 de tramvaie noi, precum \u0219i extinderea re\u021belei de tramvai pe Prelungirea Ghencea \u0219i achizi\u021bia a 16 tramvaie, prin realizarea unei noi linii de 5,8 km (cale dubl\u0103). <\/p>\n\n\n\n<p>Totodat\u0103, prin aceast\u0103 investi\u021bie, se va realiza modernizarea a aproximativ 50 de kilometri de linii de tramvai, dar \u0219i a depourilor Titan \u0219i Colentina. <\/p>\n\n\n\n<p><em>&#8220;Investi\u021biile vor contribui la modernizarea mobilit\u0103\u021bii urbane, reducerea polu\u0103rii \u0219i \u00eembun\u0103t\u0103\u021birea serviciilor de transport public pentru locuitorii Capitalei<\/em>\u201d, au declarat reprezentan\u021bii <a href=\"https:\/\/www.pmb.ro\/\" target=\"_blank\" rel=\"noreferrer noopener\">Prim\u0103riei Capitalei<\/a>.<\/p>\n\n\n\n<h2 class=\"wp-block-heading\" id=\"h-contracte-pentru-transport-la-ce-proiecte-se-lucreaza\">Contracte pentru transport: la ce proiecte se lucreaz\u0103<\/h2>\n\n\n\n<p>Contractele pentru modernizarea celor 50 de kilometri de linie de tramvai au fost deja semnate. Pe urm\u0103toarele locuri, s-a dat ordin de \u00eencepere \u0219i se lucreaz\u0103: <\/p>\n\n\n\n<ul class=\"wp-block-list\">\n<li><strong>Lotul 1<\/strong>: \u201eReabilitare sistem rutier pe Bd. Th. Pallady, Bd. 1 Decembrie 1918, Bd. Basarabia, Calea C\u0103l\u0103ra\u0219ilor, Bd. Corneliu Coposu, Bucla Titan\u201d, cel mai mare dintre toate (18 km lungime). Valoarea contractului cu Porr Rom\u00e2nia este de 745 de milioane de lei (peste 140 de milioane de euro);<\/li>\n\n\n\n<li><strong>Lotul 3<\/strong>: \u201eReabilitare sistem rutier pe arterele str. Barbu V\u0103c\u0103rescu \u0219i str. C\u0103pitan Av. Alexandru \u0218erb\u0103nescu, de la \u0218os. \u0218tefan cel Mare la Podul B\u0103neasa\u201d, cu o lungime a traseului de 4,25 km cale dubl\u0103 linie curent\u0103. Valoarea contractului semnat cu Mari Vila Com \u2013 Luxten Lighting Company SA \u2013 Electromontaj SA este de 134 de milioane de lei semnat cu Prim\u0103ria Capitalei;<\/li>\n\n\n\n<li><strong>Lotul 9<\/strong>: \u201eReabilitare sistem rutier pe Bd. Chi\u0219in\u0103u\u201d, care presupune reabilitarea a 825 de metri cale dubl\u0103 de tramvai. Contractul are o valoare de 24,8 milioane de lei \u0219i a fost semnat cu Mari Vila Com;<\/li>\n\n\n\n<li><strong>Lotul 10<\/strong>: \u201eReabilitare sistem rutier pe B-dul Basarabia de la intersec\u021bia cu B-dul 1 Decembrie 1918 p\u00e2n\u0103 la cap\u0103t terminal Republica\u201d, cu lungimea de 1,2 km cale dubl\u0103 linie curent\u0103. Contractul are o valoare de 39,8 milioane de lei, semnat cu Mari Vila Com;<\/li>\n\n\n\n<li><strong>Lotul 11<\/strong>: \u201eReabilitare sistem rutier pe Bulevardul Expozi\u021biei, Strada Aviator Popi\u0219teanu, Strada Pu\u021bul lui Cr\u0103ciun, Strada Dornei \u0219i Strada Cl\u0103bucet\u201d, cu o lungime a traseului de 2 km cale dubl\u0103 linie curent\u0103. Contractul a fost semnat cu Porr Rom\u00e2nia \u0219i are o valoare de 63,9 milioane de lei. <\/li>\n<\/ul>\n\n\n\n<p>CITE\u0218TE \u0218I <a href=\"https:\/\/buletin.de\/bucuresti\/drujbele-anti-craciun-din-sectorul-3-brazi-batrani-pusi-la-pamant-in-apropierea-parcului-ior\/\" target=\"_blank\" rel=\"noreferrer noopener\">Drujbele \u201eanti-Cr\u0103ciun\u201d din Sectorul 3. Brazi b\u0103tr\u00e2ni, pu\u0219i la p\u0103m\u00e2nt, \u00een apropierea parcului IOR<\/a><\/p>\n","protected":false},"excerpt":{"rendered":"<p>Joi dup\u0103-amiaz\u0103, Prim\u0103ria Capitalei va semna contracte pentru transport \u00een valoare de aproape 2 miliarde de lei, cu reprezentan\u021bii ADR Bucure\u0219ti\u2013Ilfov. Este vorba despre contracte de finan\u021bare nerambursabil\u0103, prin Programul Regional Bucure\u0219ti\u2013Ilfov 2021 &#8211; 2027. Valoarea acestora este de 1,96 miliarde de lei. Finan\u021barea va permite achizi\u021bia a 100 de troleibuze moderne \u0219i nepoluante \u0219i [&hellip;]<\/p>\n","protected":false},"author":65,"featured_media":160814,"comment_status":"closed","ping_status":"open","sticky":false,"template":"","format":"standard","meta":{"_acf_changed":false,"inline_featured_image":false,"ngg_post_thumbnail":0,"footnotes":""},"categories":[6994,24,62,650],"tags":[50,104,401],"ppma_author":[23912],"class_list":["post-160793","post","type-post","status-publish","format-standard","has-post-thumbnail","hentry","category-stiri-2","category-primarie","category-stiri","category-transport","tag-contracte","tag-pmb","tag-transport"],"acf":[],"yoast_head":"<!-- This site is optimized with the Yoast SEO Premium plugin v25.3 (Yoast SEO v27.5) - https:\/\/yoast.com\/product\/yoast-seo-premium-wordpress\/ -->\n<title>PMB semneaz\u0103 contracte pentru transport \u00een valoare de aproape 2 miliarde de lei - Buletin de Bucure\u0219ti<\/title>\n<meta name=\"description\" content=\"Joi dup\u0103-amiaz\u0103, Prim\u0103ria Capitalei va semna contracte pentru transport \u00een valoare de aproape 2 miliarde de lei.\" \/>\n<meta name=\"robots\" content=\"index, follow, max-snippet:-1, max-image-preview:large, max-video-preview:-1\" \/>\n<link rel=\"canonical\" href=\"https:\/\/buletin.de\/bucuresti\/pmb-semneaza-contracte-pentru-transport-in-valoare-de-aproape-2-miliarde-de-lei\/\" \/>\n<meta property=\"og:locale\" content=\"en_GB\" \/>\n<meta property=\"og:type\" content=\"article\" \/>\n<meta property=\"og:title\" content=\"PMB semneaz\u0103 contracte pentru transport \u00een valoare de aproape 2 miliarde de lei\" \/>\n<meta property=\"og:description\" content=\"Joi dup\u0103-amiaz\u0103, Prim\u0103ria Capitalei va semna contracte pentru transport \u00een valoare de aproape 2 miliarde de lei.\" \/>\n<meta property=\"og:url\" content=\"https:\/\/buletin.de\/bucuresti\/pmb-semneaza-contracte-pentru-transport-in-valoare-de-aproape-2-miliarde-de-lei\/\" \/>\n<meta property=\"og:site_name\" content=\"Buletin de Bucure\u0219ti\" \/>\n<meta property=\"article:publisher\" content=\"https:\/\/www.facebook.com\/buletin.de.buc\" \/>\n<meta property=\"article:published_time\" content=\"2025-12-04T13:32:58+00:00\" \/>\n<meta property=\"article:modified_time\" content=\"2025-12-04T13:32:59+00:00\" \/>\n<meta property=\"og:image\" content=\"https:\/\/buletin.de\/bucuresti\/wp-content\/uploads\/2025\/12\/ID283526_INQUAM_Photos_Bogdan_Buda-scaled.jpg\" \/>\n\t<meta property=\"og:image:width\" content=\"2560\" \/>\n\t<meta property=\"og:image:height\" content=\"1706\" \/>\n\t<meta property=\"og:image:type\" content=\"image\/jpeg\" \/>\n<meta name=\"author\" content=\"Andreea St\u0103n\u0103r\u00eeng\u0103\" \/>\n<meta name=\"twitter:card\" content=\"summary_large_image\" \/>\n<meta name=\"twitter:label1\" content=\"Written by\" \/>\n\t<meta name=\"twitter:data1\" content=\"Andreea St\u0103n\u0103r\u00eeng\u0103\" \/>\n\t<meta name=\"twitter:label2\" content=\"Estimated reading time\" \/>\n\t<meta name=\"twitter:data2\" content=\"3 minutes\" \/>\n<script type=\"application\/ld+json\" class=\"yoast-schema-graph\">{\"@context\":\"https:\\\/\\\/schema.org\",\"@graph\":[{\"@type\":\"Article\",\"@id\":\"https:\\\/\\\/buletin.de\\\/bucuresti\\\/pmb-semneaza-contracte-pentru-transport-in-valoare-de-aproape-2-miliarde-de-lei\\\/#article\",\"isPartOf\":{\"@id\":\"https:\\\/\\\/buletin.de\\\/bucuresti\\\/pmb-semneaza-contracte-pentru-transport-in-valoare-de-aproape-2-miliarde-de-lei\\\/\"},\"author\":{\"name\":\"Andreea St\u0103n\u0103r\u00eeng\u0103\",\"@id\":\"https:\\\/\\\/buletin.de\\\/bucuresti\\\/#\\\/schema\\\/person\\\/81421a46fb84a0887cfd2238f5202586\"},\"headline\":\"PMB semneaz\u0103 contracte pentru transport \u00een valoare de aproape 2 miliarde de lei\",\"datePublished\":\"2025-12-04T13:32:58+00:00\",\"dateModified\":\"2025-12-04T13:32:59+00:00\",\"mainEntityOfPage\":{\"@id\":\"https:\\\/\\\/buletin.de\\\/bucuresti\\\/pmb-semneaza-contracte-pentru-transport-in-valoare-de-aproape-2-miliarde-de-lei\\\/\"},\"wordCount\":448,\"publisher\":{\"@id\":\"https:\\\/\\\/buletin.de\\\/bucuresti\\\/#organization\"},\"image\":{\"@id\":\"https:\\\/\\\/buletin.de\\\/bucuresti\\\/pmb-semneaza-contracte-pentru-transport-in-valoare-de-aproape-2-miliarde-de-lei\\\/#primaryimage\"},\"thumbnailUrl\":\"https:\\\/\\\/buletin.de\\\/bucuresti\\\/wp-content\\\/uploads\\\/2025\\\/12\\\/ID283526_INQUAM_Photos_Bogdan_Buda-scaled.jpg\",\"keywords\":[\"contracte\",\"pmb\",\"transport\"],\"articleSection\":[\"Articole\",\"Prim\u0103rie\",\"\u0218tiri\",\"Transport\"],\"inLanguage\":\"en-GB\",\"copyrightYear\":\"2025\",\"copyrightHolder\":{\"@id\":\"https:\\\/\\\/buletin.de\\\/bucuresti\\\/#organization\"}},{\"@type\":\"WebPage\",\"@id\":\"https:\\\/\\\/buletin.de\\\/bucuresti\\\/pmb-semneaza-contracte-pentru-transport-in-valoare-de-aproape-2-miliarde-de-lei\\\/\",\"url\":\"https:\\\/\\\/buletin.de\\\/bucuresti\\\/pmb-semneaza-contracte-pentru-transport-in-valoare-de-aproape-2-miliarde-de-lei\\\/\",\"name\":\"PMB semneaz\u0103 contracte pentru transport \u00een valoare de aproape 2 miliarde de lei - Buletin de Bucure\u0219ti\",\"isPartOf\":{\"@id\":\"https:\\\/\\\/buletin.de\\\/bucuresti\\\/#website\"},\"primaryImageOfPage\":{\"@id\":\"https:\\\/\\\/buletin.de\\\/bucuresti\\\/pmb-semneaza-contracte-pentru-transport-in-valoare-de-aproape-2-miliarde-de-lei\\\/#primaryimage\"},\"image\":{\"@id\":\"https:\\\/\\\/buletin.de\\\/bucuresti\\\/pmb-semneaza-contracte-pentru-transport-in-valoare-de-aproape-2-miliarde-de-lei\\\/#primaryimage\"},\"thumbnailUrl\":\"https:\\\/\\\/buletin.de\\\/bucuresti\\\/wp-content\\\/uploads\\\/2025\\\/12\\\/ID283526_INQUAM_Photos_Bogdan_Buda-scaled.jpg\",\"datePublished\":\"2025-12-04T13:32:58+00:00\",\"dateModified\":\"2025-12-04T13:32:59+00:00\",\"description\":\"Joi dup\u0103-amiaz\u0103, Prim\u0103ria Capitalei va semna contracte pentru transport \u00een valoare de aproape 2 miliarde de lei.\",\"breadcrumb\":{\"@id\":\"https:\\\/\\\/buletin.de\\\/bucuresti\\\/pmb-semneaza-contracte-pentru-transport-in-valoare-de-aproape-2-miliarde-de-lei\\\/#breadcrumb\"},\"inLanguage\":\"en-GB\",\"potentialAction\":[{\"@type\":\"ReadAction\",\"target\":[\"https:\\\/\\\/buletin.de\\\/bucuresti\\\/pmb-semneaza-contracte-pentru-transport-in-valoare-de-aproape-2-miliarde-de-lei\\\/\"]}]},{\"@type\":\"ImageObject\",\"inLanguage\":\"en-GB\",\"@id\":\"https:\\\/\\\/buletin.de\\\/bucuresti\\\/pmb-semneaza-contracte-pentru-transport-in-valoare-de-aproape-2-miliarde-de-lei\\\/#primaryimage\",\"url\":\"https:\\\/\\\/buletin.de\\\/bucuresti\\\/wp-content\\\/uploads\\\/2025\\\/12\\\/ID283526_INQUAM_Photos_Bogdan_Buda-scaled.jpg\",\"contentUrl\":\"https:\\\/\\\/buletin.de\\\/bucuresti\\\/wp-content\\\/uploads\\\/2025\\\/12\\\/ID283526_INQUAM_Photos_Bogdan_Buda-scaled.jpg\",\"width\":2560,\"height\":1706,\"caption\":\"Prim\u0103ria Capitalei semneaz\u0103 contracte pentru transport. Foto: Inquam Photos \\\/ Bogdan Buda\"},{\"@type\":\"BreadcrumbList\",\"@id\":\"https:\\\/\\\/buletin.de\\\/bucuresti\\\/pmb-semneaza-contracte-pentru-transport-in-valoare-de-aproape-2-miliarde-de-lei\\\/#breadcrumb\",\"itemListElement\":[{\"@type\":\"ListItem\",\"position\":1,\"name\":\"Acas\u0103\",\"item\":\"https:\\\/\\\/buletin.de\\\/bucuresti\\\/\"},{\"@type\":\"ListItem\",\"position\":2,\"name\":\"PMB semneaz\u0103 contracte pentru transport \u00een valoare de aproape 2 miliarde de lei\"}]},{\"@type\":\"WebSite\",\"@id\":\"https:\\\/\\\/buletin.de\\\/bucuresti\\\/#website\",\"url\":\"https:\\\/\\\/buletin.de\\\/bucuresti\\\/\",\"name\":\"Buletin de Bucure\u0219ti\",\"description\":\"\u0218tiri \u0219i investiga\u021bii esen\u021biale din capital\u0103\",\"publisher\":{\"@id\":\"https:\\\/\\\/buletin.de\\\/bucuresti\\\/#organization\"},\"potentialAction\":[{\"@type\":\"SearchAction\",\"target\":{\"@type\":\"EntryPoint\",\"urlTemplate\":\"https:\\\/\\\/buletin.de\\\/bucuresti\\\/?s={search_term_string}\"},\"query-input\":{\"@type\":\"PropertyValueSpecification\",\"valueRequired\":true,\"valueName\":\"search_term_string\"}}],\"inLanguage\":\"en-GB\"},{\"@type\":\"Organization\",\"@id\":\"https:\\\/\\\/buletin.de\\\/bucuresti\\\/#organization\",\"name\":\"Buletin de Bucure\u0219ti\",\"url\":\"https:\\\/\\\/buletin.de\\\/bucuresti\\\/\",\"logo\":{\"@type\":\"ImageObject\",\"inLanguage\":\"en-GB\",\"@id\":\"https:\\\/\\\/buletin.de\\\/bucuresti\\\/#\\\/schema\\\/logo\\\/image\\\/\",\"url\":\"https:\\\/\\\/buletin.de\\\/bucuresti\\\/wp-content\\\/uploads\\\/logo-bdb-full-wide-vernil-transparent.png\",\"contentUrl\":\"https:\\\/\\\/buletin.de\\\/bucuresti\\\/wp-content\\\/uploads\\\/logo-bdb-full-wide-vernil-transparent.png\",\"width\":1782,\"height\":626,\"caption\":\"Buletin de Bucure\u0219ti\"},\"image\":{\"@id\":\"https:\\\/\\\/buletin.de\\\/bucuresti\\\/#\\\/schema\\\/logo\\\/image\\\/\"},\"sameAs\":[\"https:\\\/\\\/www.facebook.com\\\/buletin.de.buc\",\"https:\\\/\\\/www.instagram.com\\\/buletinde.bucuresti\\\/\"]},{\"@type\":\"Person\",\"@id\":\"https:\\\/\\\/buletin.de\\\/bucuresti\\\/#\\\/schema\\\/person\\\/81421a46fb84a0887cfd2238f5202586\",\"name\":\"Andreea St\u0103n\u0103r\u00eeng\u0103\",\"image\":{\"@type\":\"ImageObject\",\"inLanguage\":\"en-GB\",\"@id\":\"https:\\\/\\\/secure.gravatar.com\\\/avatar\\\/dfa8d227a4388fad0f0bb03add04b5b176f4da34397dbb2eadc563b3d7162ce0?s=96&d=monsterid&r=g72784372b39ffe5a98a45288fe0d0e8a\",\"url\":\"https:\\\/\\\/secure.gravatar.com\\\/avatar\\\/dfa8d227a4388fad0f0bb03add04b5b176f4da34397dbb2eadc563b3d7162ce0?s=96&d=monsterid&r=g\",\"contentUrl\":\"https:\\\/\\\/secure.gravatar.com\\\/avatar\\\/dfa8d227a4388fad0f0bb03add04b5b176f4da34397dbb2eadc563b3d7162ce0?s=96&d=monsterid&r=g\",\"caption\":\"Andreea St\u0103n\u0103r\u00eeng\u0103\"},\"description\":\"Cu o experien\u021b\u0103 de peste 5 ani \u00een pres\u0103, face parte din echipa Buletin de Bucure\u0219ti din septembrie 2025. A colaborat cu c\u00e2teva publica\u021bii, printre care \u0219i Fanatik.ro, unde s-a ocupat de \u0219tiri de lifestyle \u0219i de actualitate. A f\u0103cut un pas c\u0103tre presa local\u0103 pentru a explora Bucure\u0219tiul \u0219i pove\u0219tile care merit\u0103 spuse.\",\"url\":\"https:\\\/\\\/buletin.de\\\/bucuresti\\\/author\\\/andreea-stanaranga\\\/\"}]}<\/script>\n<!-- \/ Yoast SEO Premium plugin. -->","yoast_head_json":{"title":"PMB semneaz\u0103 contracte pentru transport \u00een valoare de aproape 2 miliarde de lei - Buletin de Bucure\u0219ti","description":"Joi dup\u0103-amiaz\u0103, Prim\u0103ria Capitalei va semna contracte pentru transport \u00een valoare de aproape 2 miliarde de lei.","robots":{"index":"index","follow":"follow","max-snippet":"max-snippet:-1","max-image-preview":"max-image-preview:large","max-video-preview":"max-video-preview:-1"},"canonical":"https:\/\/buletin.de\/bucuresti\/pmb-semneaza-contracte-pentru-transport-in-valoare-de-aproape-2-miliarde-de-lei\/","og_locale":"en_GB","og_type":"article","og_title":"PMB semneaz\u0103 contracte pentru transport \u00een valoare de aproape 2 miliarde de lei","og_description":"Joi dup\u0103-amiaz\u0103, Prim\u0103ria Capitalei va semna contracte pentru transport \u00een valoare de aproape 2 miliarde de lei.","og_url":"https:\/\/buletin.de\/bucuresti\/pmb-semneaza-contracte-pentru-transport-in-valoare-de-aproape-2-miliarde-de-lei\/","og_site_name":"Buletin de Bucure\u0219ti","article_publisher":"https:\/\/www.facebook.com\/buletin.de.buc","article_published_time":"2025-12-04T13:32:58+00:00","article_modified_time":"2025-12-04T13:32:59+00:00","og_image":[{"width":2560,"height":1706,"url":"https:\/\/buletin.de\/bucuresti\/wp-content\/uploads\/2025\/12\/ID283526_INQUAM_Photos_Bogdan_Buda-scaled.jpg","type":"image\/jpeg"}],"author":"Andreea St\u0103n\u0103r\u00eeng\u0103","twitter_card":"summary_large_image","twitter_misc":{"Written by":"Andreea St\u0103n\u0103r\u00eeng\u0103","Estimated reading time":"3 minutes"},"schema":{"@context":"https:\/\/schema.org","@graph":[{"@type":"Article","@id":"https:\/\/buletin.de\/bucuresti\/pmb-semneaza-contracte-pentru-transport-in-valoare-de-aproape-2-miliarde-de-lei\/#article","isPartOf":{"@id":"https:\/\/buletin.de\/bucuresti\/pmb-semneaza-contracte-pentru-transport-in-valoare-de-aproape-2-miliarde-de-lei\/"},"author":{"name":"Andreea St\u0103n\u0103r\u00eeng\u0103","@id":"https:\/\/buletin.de\/bucuresti\/#\/schema\/person\/81421a46fb84a0887cfd2238f5202586"},"headline":"PMB semneaz\u0103 contracte pentru transport \u00een valoare de aproape 2 miliarde de lei","datePublished":"2025-12-04T13:32:58+00:00","dateModified":"2025-12-04T13:32:59+00:00","mainEntityOfPage":{"@id":"https:\/\/buletin.de\/bucuresti\/pmb-semneaza-contracte-pentru-transport-in-valoare-de-aproape-2-miliarde-de-lei\/"},"wordCount":448,"publisher":{"@id":"https:\/\/buletin.de\/bucuresti\/#organization"},"image":{"@id":"https:\/\/buletin.de\/bucuresti\/pmb-semneaza-contracte-pentru-transport-in-valoare-de-aproape-2-miliarde-de-lei\/#primaryimage"},"thumbnailUrl":"https:\/\/buletin.de\/bucuresti\/wp-content\/uploads\/2025\/12\/ID283526_INQUAM_Photos_Bogdan_Buda-scaled.jpg","keywords":["contracte","pmb","transport"],"articleSection":["Articole","Prim\u0103rie","\u0218tiri","Transport"],"inLanguage":"en-GB","copyrightYear":"2025","copyrightHolder":{"@id":"https:\/\/buletin.de\/bucuresti\/#organization"}},{"@type":"WebPage","@id":"https:\/\/buletin.de\/bucuresti\/pmb-semneaza-contracte-pentru-transport-in-valoare-de-aproape-2-miliarde-de-lei\/","url":"https:\/\/buletin.de\/bucuresti\/pmb-semneaza-contracte-pentru-transport-in-valoare-de-aproape-2-miliarde-de-lei\/","name":"PMB semneaz\u0103 contracte pentru transport \u00een valoare de aproape 2 miliarde de lei - Buletin de Bucure\u0219ti","isPartOf":{"@id":"https:\/\/buletin.de\/bucuresti\/#website"},"primaryImageOfPage":{"@id":"https:\/\/buletin.de\/bucuresti\/pmb-semneaza-contracte-pentru-transport-in-valoare-de-aproape-2-miliarde-de-lei\/#primaryimage"},"image":{"@id":"https:\/\/buletin.de\/bucuresti\/pmb-semneaza-contracte-pentru-transport-in-valoare-de-aproape-2-miliarde-de-lei\/#primaryimage"},"thumbnailUrl":"https:\/\/buletin.de\/bucuresti\/wp-content\/uploads\/2025\/12\/ID283526_INQUAM_Photos_Bogdan_Buda-scaled.jpg","datePublished":"2025-12-04T13:32:58+00:00","dateModified":"2025-12-04T13:32:59+00:00","description":"Joi dup\u0103-amiaz\u0103, Prim\u0103ria Capitalei va semna contracte pentru transport \u00een valoare de aproape 2 miliarde de lei.","breadcrumb":{"@id":"https:\/\/buletin.de\/bucuresti\/pmb-semneaza-contracte-pentru-transport-in-valoare-de-aproape-2-miliarde-de-lei\/#breadcrumb"},"inLanguage":"en-GB","potentialAction":[{"@type":"ReadAction","target":["https:\/\/buletin.de\/bucuresti\/pmb-semneaza-contracte-pentru-transport-in-valoare-de-aproape-2-miliarde-de-lei\/"]}]},{"@type":"ImageObject","inLanguage":"en-GB","@id":"https:\/\/buletin.de\/bucuresti\/pmb-semneaza-contracte-pentru-transport-in-valoare-de-aproape-2-miliarde-de-lei\/#primaryimage","url":"https:\/\/buletin.de\/bucuresti\/wp-content\/uploads\/2025\/12\/ID283526_INQUAM_Photos_Bogdan_Buda-scaled.jpg","contentUrl":"https:\/\/buletin.de\/bucuresti\/wp-content\/uploads\/2025\/12\/ID283526_INQUAM_Photos_Bogdan_Buda-scaled.jpg","width":2560,"height":1706,"caption":"Prim\u0103ria Capitalei semneaz\u0103 contracte pentru transport. Foto: Inquam Photos \/ Bogdan Buda"},{"@type":"BreadcrumbList","@id":"https:\/\/buletin.de\/bucuresti\/pmb-semneaza-contracte-pentru-transport-in-valoare-de-aproape-2-miliarde-de-lei\/#breadcrumb","itemListElement":[{"@type":"ListItem","position":1,"name":"Acas\u0103","item":"https:\/\/buletin.de\/bucuresti\/"},{"@type":"ListItem","position":2,"name":"PMB semneaz\u0103 contracte pentru transport \u00een valoare de aproape 2 miliarde de lei"}]},{"@type":"WebSite","@id":"https:\/\/buletin.de\/bucuresti\/#website","url":"https:\/\/buletin.de\/bucuresti\/","name":"Buletin de Bucure\u0219ti","description":"\u0218tiri \u0219i investiga\u021bii esen\u021biale din capital\u0103","publisher":{"@id":"https:\/\/buletin.de\/bucuresti\/#organization"},"potentialAction":[{"@type":"SearchAction","target":{"@type":"EntryPoint","urlTemplate":"https:\/\/buletin.de\/bucuresti\/?s={search_term_string}"},"query-input":{"@type":"PropertyValueSpecification","valueRequired":true,"valueName":"search_term_string"}}],"inLanguage":"en-GB"},{"@type":"Organization","@id":"https:\/\/buletin.de\/bucuresti\/#organization","name":"Buletin de Bucure\u0219ti","url":"https:\/\/buletin.de\/bucuresti\/","logo":{"@type":"ImageObject","inLanguage":"en-GB","@id":"https:\/\/buletin.de\/bucuresti\/#\/schema\/logo\/image\/","url":"https:\/\/buletin.de\/bucuresti\/wp-content\/uploads\/logo-bdb-full-wide-vernil-transparent.png","contentUrl":"https:\/\/buletin.de\/bucuresti\/wp-content\/uploads\/logo-bdb-full-wide-vernil-transparent.png","width":1782,"height":626,"caption":"Buletin de Bucure\u0219ti"},"image":{"@id":"https:\/\/buletin.de\/bucuresti\/#\/schema\/logo\/image\/"},"sameAs":["https:\/\/www.facebook.com\/buletin.de.buc","https:\/\/www.instagram.com\/buletinde.bucuresti\/"]},{"@type":"Person","@id":"https:\/\/buletin.de\/bucuresti\/#\/schema\/person\/81421a46fb84a0887cfd2238f5202586","name":"Andreea St\u0103n\u0103r\u00eeng\u0103","image":{"@type":"ImageObject","inLanguage":"en-GB","@id":"https:\/\/secure.gravatar.com\/avatar\/dfa8d227a4388fad0f0bb03add04b5b176f4da34397dbb2eadc563b3d7162ce0?s=96&d=monsterid&r=g72784372b39ffe5a98a45288fe0d0e8a","url":"https:\/\/secure.gravatar.com\/avatar\/dfa8d227a4388fad0f0bb03add04b5b176f4da34397dbb2eadc563b3d7162ce0?s=96&d=monsterid&r=g","contentUrl":"https:\/\/secure.gravatar.com\/avatar\/dfa8d227a4388fad0f0bb03add04b5b176f4da34397dbb2eadc563b3d7162ce0?s=96&d=monsterid&r=g","caption":"Andreea St\u0103n\u0103r\u00eeng\u0103"},"description":"Cu o experien\u021b\u0103 de peste 5 ani \u00een pres\u0103, face parte din echipa Buletin de Bucure\u0219ti din septembrie 2025. A colaborat cu c\u00e2teva publica\u021bii, printre care \u0219i Fanatik.ro, unde s-a ocupat de \u0219tiri de lifestyle \u0219i de actualitate. A f\u0103cut un pas c\u0103tre presa local\u0103 pentru a explora Bucure\u0219tiul \u0219i pove\u0219tile care merit\u0103 spuse.","url":"https:\/\/buletin.de\/bucuresti\/author\/andreea-stanaranga\/"}]}},"authors":[{"term_id":23912,"user_id":65,"is_guest":0,"slug":"andreea-stanaranga","display_name":"Andreea St\u0103n\u0103r\u00eeng\u0103","avatar_url":"https:\/\/secure.gravatar.com\/avatar\/dfa8d227a4388fad0f0bb03add04b5b176f4da34397dbb2eadc563b3d7162ce0?s=96&d=monsterid&r=g","0":null,"1":"","2":"","3":"","4":"","5":"","6":"","7":"","8":""}],"_links":{"self":[{"href":"https:\/\/buletin.de\/bucuresti\/wp-json\/wp\/v2\/posts\/160793","targetHints":{"allow":["GET"]}}],"collection":[{"href":"https:\/\/buletin.de\/bucuresti\/wp-json\/wp\/v2\/posts"}],"about":[{"href":"https:\/\/buletin.de\/bucuresti\/wp-json\/wp\/v2\/types\/post"}],"author":[{"embeddable":true,"href":"https:\/\/buletin.de\/bucuresti\/wp-json\/wp\/v2\/users\/65"}],"replies":[{"embeddable":true,"href":"https:\/\/buletin.de\/bucuresti\/wp-json\/wp\/v2\/comments?post=160793"}],"version-history":[{"count":6,"href":"https:\/\/buletin.de\/bucuresti\/wp-json\/wp\/v2\/posts\/160793\/revisions"}],"predecessor-version":[{"id":160844,"href":"https:\/\/buletin.de\/bucuresti\/wp-json\/wp\/v2\/posts\/160793\/revisions\/160844"}],"wp:featuredmedia":[{"embeddable":true,"href":"https:\/\/buletin.de\/bucuresti\/wp-json\/wp\/v2\/media\/160814"}],"wp:attachment":[{"href":"https:\/\/buletin.de\/bucuresti\/wp-json\/wp\/v2\/media?parent=160793"}],"wp:term":[{"taxonomy":"category","embeddable":true,"href":"https:\/\/buletin.de\/bucuresti\/wp-json\/wp\/v2\/categories?post=160793"},{"taxonomy":"post_tag","embeddable":true,"href":"https:\/\/buletin.de\/bucuresti\/wp-json\/wp\/v2\/tags?post=160793"},{"taxonomy":"author","embeddable":true,"href":"https:\/\/buletin.de\/bucuresti\/wp-json\/wp\/v2\/ppma_author?post=160793"}],"curies":[{"name":"wp","href":"https:\/\/api.w.org\/{rel}","templated":true}]}}