{"id":160657,"date":"2025-12-03T20:56:48","date_gmt":"2025-12-03T17:56:48","guid":{"rendered":"https:\/\/buletin.de\/bucuresti\/?p=160657"},"modified":"2025-12-03T20:59:34","modified_gmt":"2025-12-03T17:59:34","slug":"carta-alba-a-sectorului-1-strazi-pietonale-si-coridoare-verzi-printre-solutiile-propuse-de-comunitate-pentru-rezilienta-climatica","status":"publish","type":"post","link":"https:\/\/buletin.de\/bucuresti\/carta-alba-a-sectorului-1-strazi-pietonale-si-coridoare-verzi-printre-solutiile-propuse-de-comunitate-pentru-rezilienta-climatica\/","title":{"rendered":"\u201eCarta Alb\u0103 a Sectorului 1\u201d: str\u0103zi pietonale \u0219i coridoare verzi, printre solu\u021biile propuse de comunitate pentru rezilien\u021ba climatic\u0103"},"content":{"rendered":"\n<p><strong>Asocia\u021bia <a href=\"https:\/\/www.ecopolis.org.ro\/agora\">Ecopolis<\/a> a lansat \u201eCarta Alb\u0103 a Rezilien\u021bei Climatice\u201d, un document strategic care contureaz\u0103 62 de piste de ac\u021biune pentru ca Sectorul 1 s\u0103 se transforme \u00eentr-un \u201esector-parc, un sector r\u0103coros \u0219i un sector al mobilit\u0103\u021bii inteligente\u201d.<\/strong><\/p>\n\n\n\n<p>Documentul a fost elaborat cu ajutorul comunit\u0103\u021bii, \u00een urma unui proces participativ desf\u0103\u0219urat \u00een cinci zone ale sectorului, la care au luat parte peste 150 de cet\u0103\u021beni, profesioni\u0219ti, activi\u0219ti \u0219i reprezentan\u021bi ai prim\u0103riei.<\/p>\n\n\n\n<h2 class=\"wp-block-heading\" id=\"h-harta-climatica-a-sectorului-1\">Harta Climatic\u0103 a Sectorului 1<\/h2>\n\n\n\n<p><strong>Un element central al documentului este \u201eHarta Climatic\u0103 a Sectorului 1\u201d, o cartografiere a vulnerabilit\u0103\u021bilor (c\u0103ldur\u0103 excesiv\u0103, trafic, inunda\u021bii, deficit de vegeta\u021bie) \u0219i a resurselor (spa\u021bii verzi, cur\u021bi de \u0219coli, infrastructuri existente, lideri comunitari) <strong> Sectorului 1<\/strong>.<\/strong><\/p>\n\n\n\n<iframe src=\"https:\/\/www.google.com\/maps\/d\/embed?mid=1Edq4pLDVsecJW_u7jxp11LvGrDpc5jw&#038;ehbc=2E312F\" width=\"640\" height=\"480\"><\/iframe>\n\n\n\n<h2 class=\"wp-block-heading\" id=\"h-62-de-piste-de-ac\u021biune-propuse-pentru-urmatorii-zece-ani\">62 de piste de ac\u021biune propuse pentru urm\u0103torii zece ani<\/h2>\n\n\n\n<p><strong>Carta Alb\u0103 reprezint\u0103 o analiz\u0103 climatic\u0103 detaliat\u0103 a Sectorului 1, realizat\u0103 cu ajutorul comunit\u0103\u021bii, pornind de la observa\u021biile, ideile \u0219i nevoile cet\u0103\u021benilor, \u00een colaborare cu exper\u0163i \u015fi reprezentan\u0163i ai autorit\u0103\u0163ii locale. <\/strong><\/p>\n\n\n\n<p>Documentul propune <strong>62 de piste de ac\u021biune<\/strong>, grupate \u00een \u0219ase domenii esen\u021biale:<\/p>\n\n\n\n<ul class=\"wp-block-list\">\n<li>Urbanism, construc\u0163ii \u015fi energie<\/li>\n\n\n\n<li>Spa\u0163ii verzi \u015fi infrastructur\u0103 verde<\/li>\n\n\n\n<li>Mobilitate urban\u0103<\/li>\n\n\n\n<li>Proiecte punctuale \u015fi situri strategice<\/li>\n\n\n\n<li>Guvernan\u0163\u0103, politici \u015fi instrumente<\/li>\n\n\n\n<li>Social, s\u0103n\u0103tate, educa\u0163ie \u015fi echitate<\/li>\n<\/ul>\n\n\n\n<h2 class=\"wp-block-heading\" id=\"h-carta-alba-a-rezilientei-climatice-a-sectorului-1\">Carta Alb\u0103 a Rezilien\u0163ei Climatice a Sectorului 1<\/h2>\n\n\n\n<p><strong>Principalele m\u0103suri propuse vizeaz\u0103 cre\u015fterea suprafe\u0163ei de spa\u0163ii verzi, descurajarea traficului auto \u015fi sprijinirea persoanelor vulnerabile pe timpul furtunilor ori a perioadelor caniculare.<\/strong><\/p>\n\n\n\n<p>Spre exemplu, se propune implicarea comunit\u0103\u0163ii prin crearea unui program pentru \u201emini-p\u0103duri urbane cet\u0103\u021bene\u0219ti\u201d sau pentru adop\u021bii de spa\u021bii verzi.<\/p>\n\n\n\n<p>Printre sugestiile referitoare la infrastructura verde se num\u0103r\u0103 \u0219i transformarea platformelor industriale abandonate \u00een gr\u0103dini \u0219i spa\u021bii verzi comunitare sau crearea unui coridor verde prin conectarea zonelor Grivi\u021bei\u2013Titulescu\u2013Victoriei\u2013Berzei \u0219i Kog\u0103lniceanu\u2013Ci\u0219migiu\u2013Brezoianu.<\/p>\n\n\n\n<p>Referitor la mobilitate, sunt propuse beneficii fiscale pentru neutilizarea ma\u015finii, taxarea suplimentar\u0103 a locurilor de parcare sau eliberarea trotuarelor de autoturisme.<\/p>\n\n\n\n<p>\u00cen acela\u015fi timp, se recomand\u0103 pietonalizarea Str\u0103zii Delavrancea, tronsonul dintre bd. Mihalache \u0219i str. Mincu, pe timpul weekendului \u015fi instituirea unui limite de vitez\u0103 de 20 kilometri pe or\u0103.<\/p>\n\n\n\n<p>Pentru protec\u0163ia cet\u0103\u0163enilor sunt propuse puncte de prim ajutor climatic sau crearea unui centru cu facilit\u0103\u021bi de baz\u0103 pentru persoanele f\u0103r\u0103 ad\u0103post.<\/p>\n\n\n\n<p><strong>Carta Alb\u0103 a Rezilien\u0163ei Climatice a Sectorului 1 poate fi consultat\u0103<a href=\"https:\/\/www.ecopolis.org.ro\/agora\"> AICI<\/a> \u00een integralitate.<\/strong><\/p>\n\n\n\n<p><strong>CITE\u015eTE \u015eI:<a href=\"https:\/\/buletin.de\/bucuresti\/solutii-pentru-un-oras-mai-verde-peste-150-de-cetateni-din-sectorul-1-au-participat-la-agora-climatica\"> Solu\u021bii pentru un ora\u0219 mai verde. Peste 150 de cet\u0103\u021beni din Sectorul 1 au participat la \u201eAgora Climatic\u0103\u201d<\/a><\/strong><\/p>\n","protected":false},"excerpt":{"rendered":"<p>Asocia\u021bia Ecopolis a lansat \u201eCarta Alb\u0103 a Rezilien\u021bei Climatice\u201d, un document strategic care contureaz\u0103 62 de piste de ac\u021biune pentru ca Sectorul 1 s\u0103 se transforme \u00eentr-un \u201esector-parc, un sector r\u0103coros \u0219i un sector al mobilit\u0103\u021bii inteligente\u201d. Documentul a fost elaborat cu ajutorul comunit\u0103\u021bii, \u00een urma unui proces participativ desf\u0103\u0219urat \u00een cinci zone ale sectorului, [&hellip;]<\/p>\n","protected":false},"author":55,"featured_media":160675,"comment_status":"closed","ping_status":"open","sticky":false,"template":"","format":"standard","meta":{"_acf_changed":false,"inline_featured_image":false,"ngg_post_thumbnail":0,"footnotes":""},"categories":[6994,109,24,62],"tags":[24972,5644,475,14348,24971,13813,308,76,24974,24973],"ppma_author":[22573],"class_list":["post-160657","post","type-post","status-publish","format-standard","has-post-thumbnail","hentry","category-stiri-2","category-mediu","category-primarie","category-stiri","tag-carta-alba","tag-ecopolis","tag-mediu","tag-mobilitate","tag-rezilienta-climatica","tag-schimbari-climatice-2","tag-sector-1","tag-spatii-verzi","tag-sprijin-social","tag-transport-sustenabil"],"acf":[],"yoast_head":"<!-- This site is optimized with the Yoast SEO Premium plugin v25.3 (Yoast SEO v27.4) - https:\/\/yoast.com\/product\/yoast-seo-premium-wordpress\/ -->\n<title>\u201eCarta Alb\u0103 a Sectorului 1\u201d: str\u0103zi pietonale \u0219i coridoare verzi, printre solu\u021biile propuse de comunitate pentru rezilien\u021ba climatic\u0103 - Buletin de Bucure\u0219ti<\/title>\n<meta name=\"description\" content=\"\u201eCarta Alb\u0103 a Sectorului 1\u201d: str\u0103zi pietonale \u0219i coridoare verzi, printre solu\u021biile propuse de comunitate pentru rezilien\u021ba climatic\u0103.\" \/>\n<meta name=\"robots\" content=\"index, follow, max-snippet:-1, max-image-preview:large, max-video-preview:-1\" \/>\n<link rel=\"canonical\" href=\"https:\/\/buletin.de\/bucuresti\/carta-alba-a-sectorului-1-strazi-pietonale-si-coridoare-verzi-printre-solutiile-propuse-de-comunitate-pentru-rezilienta-climatica\/\" \/>\n<meta property=\"og:locale\" content=\"en_GB\" \/>\n<meta property=\"og:type\" content=\"article\" \/>\n<meta property=\"og:title\" content=\"\u201eCarta Alb\u0103 a Sectorului 1\u201d: str\u0103zi pietonale \u0219i coridoare verzi, printre solu\u021biile propuse de comunitate pentru rezilien\u021ba climatic\u0103\" \/>\n<meta property=\"og:description\" content=\"\u201eCarta Alb\u0103 a Sectorului 1\u201d: str\u0103zi pietonale \u0219i coridoare verzi, printre solu\u021biile propuse de comunitate pentru rezilien\u021ba climatic\u0103.\" \/>\n<meta property=\"og:url\" content=\"https:\/\/buletin.de\/bucuresti\/carta-alba-a-sectorului-1-strazi-pietonale-si-coridoare-verzi-printre-solutiile-propuse-de-comunitate-pentru-rezilienta-climatica\/\" \/>\n<meta property=\"og:site_name\" content=\"Buletin de Bucure\u0219ti\" \/>\n<meta property=\"article:publisher\" content=\"https:\/\/www.facebook.com\/buletin.de.buc\" \/>\n<meta property=\"article:published_time\" content=\"2025-12-03T17:56:48+00:00\" \/>\n<meta property=\"article:modified_time\" content=\"2025-12-03T17:59:34+00:00\" \/>\n<meta property=\"og:image\" content=\"https:\/\/buletin.de\/bucuresti\/wp-content\/uploads\/2025\/12\/image_2025-12-03_195414546.png\" \/>\n\t<meta property=\"og:image:width\" content=\"1086\" \/>\n\t<meta property=\"og:image:height\" content=\"569\" \/>\n\t<meta property=\"og:image:type\" content=\"image\/png\" \/>\n<meta name=\"author\" content=\"Andreea Tudor\" \/>\n<meta name=\"twitter:card\" content=\"summary_large_image\" \/>\n<meta name=\"twitter:label1\" content=\"Written by\" \/>\n\t<meta name=\"twitter:data1\" content=\"Andreea Tudor\" \/>\n\t<meta name=\"twitter:label2\" content=\"Estimated reading time\" \/>\n\t<meta name=\"twitter:data2\" content=\"2 minutes\" \/>\n<script type=\"application\/ld+json\" class=\"yoast-schema-graph\">{\"@context\":\"https:\\\/\\\/schema.org\",\"@graph\":[{\"@type\":\"Article\",\"@id\":\"https:\\\/\\\/buletin.de\\\/bucuresti\\\/carta-alba-a-sectorului-1-strazi-pietonale-si-coridoare-verzi-printre-solutiile-propuse-de-comunitate-pentru-rezilienta-climatica\\\/#article\",\"isPartOf\":{\"@id\":\"https:\\\/\\\/buletin.de\\\/bucuresti\\\/carta-alba-a-sectorului-1-strazi-pietonale-si-coridoare-verzi-printre-solutiile-propuse-de-comunitate-pentru-rezilienta-climatica\\\/\"},\"author\":{\"name\":\"Andreea Tudor\",\"@id\":\"https:\\\/\\\/buletin.de\\\/bucuresti\\\/#\\\/schema\\\/person\\\/150590659efde715459d159da012f501\"},\"headline\":\"\u201eCarta Alb\u0103 a Sectorului 1\u201d: str\u0103zi pietonale \u0219i coridoare verzi, printre solu\u021biile propuse de comunitate pentru rezilien\u021ba climatic\u0103\",\"datePublished\":\"2025-12-03T17:56:48+00:00\",\"dateModified\":\"2025-12-03T17:59:34+00:00\",\"mainEntityOfPage\":{\"@id\":\"https:\\\/\\\/buletin.de\\\/bucuresti\\\/carta-alba-a-sectorului-1-strazi-pietonale-si-coridoare-verzi-printre-solutiile-propuse-de-comunitate-pentru-rezilienta-climatica\\\/\"},\"wordCount\":449,\"publisher\":{\"@id\":\"https:\\\/\\\/buletin.de\\\/bucuresti\\\/#organization\"},\"image\":{\"@id\":\"https:\\\/\\\/buletin.de\\\/bucuresti\\\/carta-alba-a-sectorului-1-strazi-pietonale-si-coridoare-verzi-printre-solutiile-propuse-de-comunitate-pentru-rezilienta-climatica\\\/#primaryimage\"},\"thumbnailUrl\":\"https:\\\/\\\/buletin.de\\\/bucuresti\\\/wp-content\\\/uploads\\\/2025\\\/12\\\/image_2025-12-03_195414546.png\",\"keywords\":[\"carta alba\",\"ecopolis\",\"mediu\",\"mobilitate\",\"rezilienta climatica\",\"schimbari climatice\",\"Sector 1\",\"spatii verzi\",\"sprijin social\",\"transport sustenabil\"],\"articleSection\":[\"Articole\",\"Mediu\",\"Prim\u0103rie\",\"\u0218tiri\"],\"inLanguage\":\"en-GB\",\"copyrightYear\":\"2025\",\"copyrightHolder\":{\"@id\":\"https:\\\/\\\/buletin.de\\\/bucuresti\\\/#organization\"}},{\"@type\":\"WebPage\",\"@id\":\"https:\\\/\\\/buletin.de\\\/bucuresti\\\/carta-alba-a-sectorului-1-strazi-pietonale-si-coridoare-verzi-printre-solutiile-propuse-de-comunitate-pentru-rezilienta-climatica\\\/\",\"url\":\"https:\\\/\\\/buletin.de\\\/bucuresti\\\/carta-alba-a-sectorului-1-strazi-pietonale-si-coridoare-verzi-printre-solutiile-propuse-de-comunitate-pentru-rezilienta-climatica\\\/\",\"name\":\"\u201eCarta Alb\u0103 a Sectorului 1\u201d: str\u0103zi pietonale \u0219i coridoare verzi, printre solu\u021biile propuse de comunitate pentru rezilien\u021ba climatic\u0103 - Buletin de Bucure\u0219ti\",\"isPartOf\":{\"@id\":\"https:\\\/\\\/buletin.de\\\/bucuresti\\\/#website\"},\"primaryImageOfPage\":{\"@id\":\"https:\\\/\\\/buletin.de\\\/bucuresti\\\/carta-alba-a-sectorului-1-strazi-pietonale-si-coridoare-verzi-printre-solutiile-propuse-de-comunitate-pentru-rezilienta-climatica\\\/#primaryimage\"},\"image\":{\"@id\":\"https:\\\/\\\/buletin.de\\\/bucuresti\\\/carta-alba-a-sectorului-1-strazi-pietonale-si-coridoare-verzi-printre-solutiile-propuse-de-comunitate-pentru-rezilienta-climatica\\\/#primaryimage\"},\"thumbnailUrl\":\"https:\\\/\\\/buletin.de\\\/bucuresti\\\/wp-content\\\/uploads\\\/2025\\\/12\\\/image_2025-12-03_195414546.png\",\"datePublished\":\"2025-12-03T17:56:48+00:00\",\"dateModified\":\"2025-12-03T17:59:34+00:00\",\"description\":\"\u201eCarta Alb\u0103 a Sectorului 1\u201d: str\u0103zi pietonale \u0219i coridoare verzi, printre solu\u021biile propuse de comunitate pentru rezilien\u021ba climatic\u0103.\",\"breadcrumb\":{\"@id\":\"https:\\\/\\\/buletin.de\\\/bucuresti\\\/carta-alba-a-sectorului-1-strazi-pietonale-si-coridoare-verzi-printre-solutiile-propuse-de-comunitate-pentru-rezilienta-climatica\\\/#breadcrumb\"},\"inLanguage\":\"en-GB\",\"potentialAction\":[{\"@type\":\"ReadAction\",\"target\":[\"https:\\\/\\\/buletin.de\\\/bucuresti\\\/carta-alba-a-sectorului-1-strazi-pietonale-si-coridoare-verzi-printre-solutiile-propuse-de-comunitate-pentru-rezilienta-climatica\\\/\"]}]},{\"@type\":\"ImageObject\",\"inLanguage\":\"en-GB\",\"@id\":\"https:\\\/\\\/buletin.de\\\/bucuresti\\\/carta-alba-a-sectorului-1-strazi-pietonale-si-coridoare-verzi-printre-solutiile-propuse-de-comunitate-pentru-rezilienta-climatica\\\/#primaryimage\",\"url\":\"https:\\\/\\\/buletin.de\\\/bucuresti\\\/wp-content\\\/uploads\\\/2025\\\/12\\\/image_2025-12-03_195414546.png\",\"contentUrl\":\"https:\\\/\\\/buletin.de\\\/bucuresti\\\/wp-content\\\/uploads\\\/2025\\\/12\\\/image_2025-12-03_195414546.png\",\"width\":1086,\"height\":569,\"caption\":\"\u201eCarta Alb\u0103 a Sectorului 1\u201d: str\u0103zi pietonale \u0219i coridoare verzi, printre solu\u021biile propuse de comunitate pentru rezilien\u021ba climatic\u0103. Foto: Ecopolis\"},{\"@type\":\"BreadcrumbList\",\"@id\":\"https:\\\/\\\/buletin.de\\\/bucuresti\\\/carta-alba-a-sectorului-1-strazi-pietonale-si-coridoare-verzi-printre-solutiile-propuse-de-comunitate-pentru-rezilienta-climatica\\\/#breadcrumb\",\"itemListElement\":[{\"@type\":\"ListItem\",\"position\":1,\"name\":\"Acas\u0103\",\"item\":\"https:\\\/\\\/buletin.de\\\/bucuresti\\\/\"},{\"@type\":\"ListItem\",\"position\":2,\"name\":\"\u201eCarta Alb\u0103 a Sectorului 1\u201d: str\u0103zi pietonale \u0219i coridoare verzi, printre solu\u021biile propuse de comunitate pentru rezilien\u021ba climatic\u0103\"}]},{\"@type\":\"WebSite\",\"@id\":\"https:\\\/\\\/buletin.de\\\/bucuresti\\\/#website\",\"url\":\"https:\\\/\\\/buletin.de\\\/bucuresti\\\/\",\"name\":\"Buletin de Bucure\u0219ti\",\"description\":\"\u0218tiri \u0219i investiga\u021bii esen\u021biale din capital\u0103\",\"publisher\":{\"@id\":\"https:\\\/\\\/buletin.de\\\/bucuresti\\\/#organization\"},\"potentialAction\":[{\"@type\":\"SearchAction\",\"target\":{\"@type\":\"EntryPoint\",\"urlTemplate\":\"https:\\\/\\\/buletin.de\\\/bucuresti\\\/?s={search_term_string}\"},\"query-input\":{\"@type\":\"PropertyValueSpecification\",\"valueRequired\":true,\"valueName\":\"search_term_string\"}}],\"inLanguage\":\"en-GB\"},{\"@type\":\"Organization\",\"@id\":\"https:\\\/\\\/buletin.de\\\/bucuresti\\\/#organization\",\"name\":\"Buletin de Bucure\u0219ti\",\"url\":\"https:\\\/\\\/buletin.de\\\/bucuresti\\\/\",\"logo\":{\"@type\":\"ImageObject\",\"inLanguage\":\"en-GB\",\"@id\":\"https:\\\/\\\/buletin.de\\\/bucuresti\\\/#\\\/schema\\\/logo\\\/image\\\/\",\"url\":\"https:\\\/\\\/buletin.de\\\/bucuresti\\\/wp-content\\\/uploads\\\/logo-bdb-full-wide-vernil-transparent.png\",\"contentUrl\":\"https:\\\/\\\/buletin.de\\\/bucuresti\\\/wp-content\\\/uploads\\\/logo-bdb-full-wide-vernil-transparent.png\",\"width\":1782,\"height\":626,\"caption\":\"Buletin de Bucure\u0219ti\"},\"image\":{\"@id\":\"https:\\\/\\\/buletin.de\\\/bucuresti\\\/#\\\/schema\\\/logo\\\/image\\\/\"},\"sameAs\":[\"https:\\\/\\\/www.facebook.com\\\/buletin.de.buc\",\"https:\\\/\\\/www.instagram.com\\\/buletinde.bucuresti\\\/\"]},{\"@type\":\"Person\",\"@id\":\"https:\\\/\\\/buletin.de\\\/bucuresti\\\/#\\\/schema\\\/person\\\/150590659efde715459d159da012f501\",\"name\":\"Andreea Tudor\",\"image\":{\"@type\":\"ImageObject\",\"inLanguage\":\"en-GB\",\"@id\":\"https:\\\/\\\/secure.gravatar.com\\\/avatar\\\/a88705a186ab0b67f3349bcbced506c09e37256fbaad0e7f3bd1a79b4599f589?s=96&d=monsterid&r=g79290610aa1a65c2b86eebc2ca5aee8f\",\"url\":\"https:\\\/\\\/secure.gravatar.com\\\/avatar\\\/a88705a186ab0b67f3349bcbced506c09e37256fbaad0e7f3bd1a79b4599f589?s=96&d=monsterid&r=g\",\"contentUrl\":\"https:\\\/\\\/secure.gravatar.com\\\/avatar\\\/a88705a186ab0b67f3349bcbced506c09e37256fbaad0e7f3bd1a79b4599f589?s=96&d=monsterid&r=g\",\"caption\":\"Andreea Tudor\"},\"description\":\"N\u0103scut\u0103 \u0219i crescut\u0103 \u00een Bucure\u0219ti, sus\u021bin\u0103toare a presei independente. A\u0219a am ajuns redactor la Buletin de Bucure\u0219ti. Fiind eu, \u00eens\u0103mi, parte a sistemului de \u00eenv\u0103\u021b\u0103m\u00e2nt rom\u00e2nesc \u0219i pasionat\u0103 de domeniul social, pun sub lup\u0103 tot ceea ce se \u00eent\u00e2mpl\u0103 \u00een sfera educa\u021biei. Cred cu t\u0103rie c\u0103 presa \u201epentru cet\u0103\u021beni\u201d este presa independent\u0103. Oamenii au nevoie de o informare corect\u0103 pentru a \u00een\u021belege pe deplin ce se \u00eent\u00e2mpl\u0103 \u00een jurul lor \u0219i pentru a lua ac\u021biune \u00eempotriva nedrept\u0103\u021bilor.\",\"url\":\"https:\\\/\\\/buletin.de\\\/bucuresti\\\/author\\\/andreeatudor\\\/\"}]}<\/script>\n<!-- \/ Yoast SEO Premium plugin. -->","yoast_head_json":{"title":"\u201eCarta Alb\u0103 a Sectorului 1\u201d: str\u0103zi pietonale \u0219i coridoare verzi, printre solu\u021biile propuse de comunitate pentru rezilien\u021ba climatic\u0103 - Buletin de Bucure\u0219ti","description":"\u201eCarta Alb\u0103 a Sectorului 1\u201d: str\u0103zi pietonale \u0219i coridoare verzi, printre solu\u021biile propuse de comunitate pentru rezilien\u021ba climatic\u0103.","robots":{"index":"index","follow":"follow","max-snippet":"max-snippet:-1","max-image-preview":"max-image-preview:large","max-video-preview":"max-video-preview:-1"},"canonical":"https:\/\/buletin.de\/bucuresti\/carta-alba-a-sectorului-1-strazi-pietonale-si-coridoare-verzi-printre-solutiile-propuse-de-comunitate-pentru-rezilienta-climatica\/","og_locale":"en_GB","og_type":"article","og_title":"\u201eCarta Alb\u0103 a Sectorului 1\u201d: str\u0103zi pietonale \u0219i coridoare verzi, printre solu\u021biile propuse de comunitate pentru rezilien\u021ba climatic\u0103","og_description":"\u201eCarta Alb\u0103 a Sectorului 1\u201d: str\u0103zi pietonale \u0219i coridoare verzi, printre solu\u021biile propuse de comunitate pentru rezilien\u021ba climatic\u0103.","og_url":"https:\/\/buletin.de\/bucuresti\/carta-alba-a-sectorului-1-strazi-pietonale-si-coridoare-verzi-printre-solutiile-propuse-de-comunitate-pentru-rezilienta-climatica\/","og_site_name":"Buletin de Bucure\u0219ti","article_publisher":"https:\/\/www.facebook.com\/buletin.de.buc","article_published_time":"2025-12-03T17:56:48+00:00","article_modified_time":"2025-12-03T17:59:34+00:00","og_image":[{"width":1086,"height":569,"url":"https:\/\/buletin.de\/bucuresti\/wp-content\/uploads\/2025\/12\/image_2025-12-03_195414546.png","type":"image\/png"}],"author":"Andreea Tudor","twitter_card":"summary_large_image","twitter_misc":{"Written by":"Andreea Tudor","Estimated reading time":"2 minutes"},"schema":{"@context":"https:\/\/schema.org","@graph":[{"@type":"Article","@id":"https:\/\/buletin.de\/bucuresti\/carta-alba-a-sectorului-1-strazi-pietonale-si-coridoare-verzi-printre-solutiile-propuse-de-comunitate-pentru-rezilienta-climatica\/#article","isPartOf":{"@id":"https:\/\/buletin.de\/bucuresti\/carta-alba-a-sectorului-1-strazi-pietonale-si-coridoare-verzi-printre-solutiile-propuse-de-comunitate-pentru-rezilienta-climatica\/"},"author":{"name":"Andreea Tudor","@id":"https:\/\/buletin.de\/bucuresti\/#\/schema\/person\/150590659efde715459d159da012f501"},"headline":"\u201eCarta Alb\u0103 a Sectorului 1\u201d: str\u0103zi pietonale \u0219i coridoare verzi, printre solu\u021biile propuse de comunitate pentru rezilien\u021ba climatic\u0103","datePublished":"2025-12-03T17:56:48+00:00","dateModified":"2025-12-03T17:59:34+00:00","mainEntityOfPage":{"@id":"https:\/\/buletin.de\/bucuresti\/carta-alba-a-sectorului-1-strazi-pietonale-si-coridoare-verzi-printre-solutiile-propuse-de-comunitate-pentru-rezilienta-climatica\/"},"wordCount":449,"publisher":{"@id":"https:\/\/buletin.de\/bucuresti\/#organization"},"image":{"@id":"https:\/\/buletin.de\/bucuresti\/carta-alba-a-sectorului-1-strazi-pietonale-si-coridoare-verzi-printre-solutiile-propuse-de-comunitate-pentru-rezilienta-climatica\/#primaryimage"},"thumbnailUrl":"https:\/\/buletin.de\/bucuresti\/wp-content\/uploads\/2025\/12\/image_2025-12-03_195414546.png","keywords":["carta alba","ecopolis","mediu","mobilitate","rezilienta climatica","schimbari climatice","Sector 1","spatii verzi","sprijin social","transport sustenabil"],"articleSection":["Articole","Mediu","Prim\u0103rie","\u0218tiri"],"inLanguage":"en-GB","copyrightYear":"2025","copyrightHolder":{"@id":"https:\/\/buletin.de\/bucuresti\/#organization"}},{"@type":"WebPage","@id":"https:\/\/buletin.de\/bucuresti\/carta-alba-a-sectorului-1-strazi-pietonale-si-coridoare-verzi-printre-solutiile-propuse-de-comunitate-pentru-rezilienta-climatica\/","url":"https:\/\/buletin.de\/bucuresti\/carta-alba-a-sectorului-1-strazi-pietonale-si-coridoare-verzi-printre-solutiile-propuse-de-comunitate-pentru-rezilienta-climatica\/","name":"\u201eCarta Alb\u0103 a Sectorului 1\u201d: str\u0103zi pietonale \u0219i coridoare verzi, printre solu\u021biile propuse de comunitate pentru rezilien\u021ba climatic\u0103 - Buletin de Bucure\u0219ti","isPartOf":{"@id":"https:\/\/buletin.de\/bucuresti\/#website"},"primaryImageOfPage":{"@id":"https:\/\/buletin.de\/bucuresti\/carta-alba-a-sectorului-1-strazi-pietonale-si-coridoare-verzi-printre-solutiile-propuse-de-comunitate-pentru-rezilienta-climatica\/#primaryimage"},"image":{"@id":"https:\/\/buletin.de\/bucuresti\/carta-alba-a-sectorului-1-strazi-pietonale-si-coridoare-verzi-printre-solutiile-propuse-de-comunitate-pentru-rezilienta-climatica\/#primaryimage"},"thumbnailUrl":"https:\/\/buletin.de\/bucuresti\/wp-content\/uploads\/2025\/12\/image_2025-12-03_195414546.png","datePublished":"2025-12-03T17:56:48+00:00","dateModified":"2025-12-03T17:59:34+00:00","description":"\u201eCarta Alb\u0103 a Sectorului 1\u201d: str\u0103zi pietonale \u0219i coridoare verzi, printre solu\u021biile propuse de comunitate pentru rezilien\u021ba climatic\u0103.","breadcrumb":{"@id":"https:\/\/buletin.de\/bucuresti\/carta-alba-a-sectorului-1-strazi-pietonale-si-coridoare-verzi-printre-solutiile-propuse-de-comunitate-pentru-rezilienta-climatica\/#breadcrumb"},"inLanguage":"en-GB","potentialAction":[{"@type":"ReadAction","target":["https:\/\/buletin.de\/bucuresti\/carta-alba-a-sectorului-1-strazi-pietonale-si-coridoare-verzi-printre-solutiile-propuse-de-comunitate-pentru-rezilienta-climatica\/"]}]},{"@type":"ImageObject","inLanguage":"en-GB","@id":"https:\/\/buletin.de\/bucuresti\/carta-alba-a-sectorului-1-strazi-pietonale-si-coridoare-verzi-printre-solutiile-propuse-de-comunitate-pentru-rezilienta-climatica\/#primaryimage","url":"https:\/\/buletin.de\/bucuresti\/wp-content\/uploads\/2025\/12\/image_2025-12-03_195414546.png","contentUrl":"https:\/\/buletin.de\/bucuresti\/wp-content\/uploads\/2025\/12\/image_2025-12-03_195414546.png","width":1086,"height":569,"caption":"\u201eCarta Alb\u0103 a Sectorului 1\u201d: str\u0103zi pietonale \u0219i coridoare verzi, printre solu\u021biile propuse de comunitate pentru rezilien\u021ba climatic\u0103. Foto: Ecopolis"},{"@type":"BreadcrumbList","@id":"https:\/\/buletin.de\/bucuresti\/carta-alba-a-sectorului-1-strazi-pietonale-si-coridoare-verzi-printre-solutiile-propuse-de-comunitate-pentru-rezilienta-climatica\/#breadcrumb","itemListElement":[{"@type":"ListItem","position":1,"name":"Acas\u0103","item":"https:\/\/buletin.de\/bucuresti\/"},{"@type":"ListItem","position":2,"name":"\u201eCarta Alb\u0103 a Sectorului 1\u201d: str\u0103zi pietonale \u0219i coridoare verzi, printre solu\u021biile propuse de comunitate pentru rezilien\u021ba climatic\u0103"}]},{"@type":"WebSite","@id":"https:\/\/buletin.de\/bucuresti\/#website","url":"https:\/\/buletin.de\/bucuresti\/","name":"Buletin de Bucure\u0219ti","description":"\u0218tiri \u0219i investiga\u021bii esen\u021biale din capital\u0103","publisher":{"@id":"https:\/\/buletin.de\/bucuresti\/#organization"},"potentialAction":[{"@type":"SearchAction","target":{"@type":"EntryPoint","urlTemplate":"https:\/\/buletin.de\/bucuresti\/?s={search_term_string}"},"query-input":{"@type":"PropertyValueSpecification","valueRequired":true,"valueName":"search_term_string"}}],"inLanguage":"en-GB"},{"@type":"Organization","@id":"https:\/\/buletin.de\/bucuresti\/#organization","name":"Buletin de Bucure\u0219ti","url":"https:\/\/buletin.de\/bucuresti\/","logo":{"@type":"ImageObject","inLanguage":"en-GB","@id":"https:\/\/buletin.de\/bucuresti\/#\/schema\/logo\/image\/","url":"https:\/\/buletin.de\/bucuresti\/wp-content\/uploads\/logo-bdb-full-wide-vernil-transparent.png","contentUrl":"https:\/\/buletin.de\/bucuresti\/wp-content\/uploads\/logo-bdb-full-wide-vernil-transparent.png","width":1782,"height":626,"caption":"Buletin de Bucure\u0219ti"},"image":{"@id":"https:\/\/buletin.de\/bucuresti\/#\/schema\/logo\/image\/"},"sameAs":["https:\/\/www.facebook.com\/buletin.de.buc","https:\/\/www.instagram.com\/buletinde.bucuresti\/"]},{"@type":"Person","@id":"https:\/\/buletin.de\/bucuresti\/#\/schema\/person\/150590659efde715459d159da012f501","name":"Andreea Tudor","image":{"@type":"ImageObject","inLanguage":"en-GB","@id":"https:\/\/secure.gravatar.com\/avatar\/a88705a186ab0b67f3349bcbced506c09e37256fbaad0e7f3bd1a79b4599f589?s=96&d=monsterid&r=g79290610aa1a65c2b86eebc2ca5aee8f","url":"https:\/\/secure.gravatar.com\/avatar\/a88705a186ab0b67f3349bcbced506c09e37256fbaad0e7f3bd1a79b4599f589?s=96&d=monsterid&r=g","contentUrl":"https:\/\/secure.gravatar.com\/avatar\/a88705a186ab0b67f3349bcbced506c09e37256fbaad0e7f3bd1a79b4599f589?s=96&d=monsterid&r=g","caption":"Andreea Tudor"},"description":"N\u0103scut\u0103 \u0219i crescut\u0103 \u00een Bucure\u0219ti, sus\u021bin\u0103toare a presei independente. A\u0219a am ajuns redactor la Buletin de Bucure\u0219ti. Fiind eu, \u00eens\u0103mi, parte a sistemului de \u00eenv\u0103\u021b\u0103m\u00e2nt rom\u00e2nesc \u0219i pasionat\u0103 de domeniul social, pun sub lup\u0103 tot ceea ce se \u00eent\u00e2mpl\u0103 \u00een sfera educa\u021biei. Cred cu t\u0103rie c\u0103 presa \u201epentru cet\u0103\u021beni\u201d este presa independent\u0103. Oamenii au nevoie de o informare corect\u0103 pentru a \u00een\u021belege pe deplin ce se \u00eent\u00e2mpl\u0103 \u00een jurul lor \u0219i pentru a lua ac\u021biune \u00eempotriva nedrept\u0103\u021bilor.","url":"https:\/\/buletin.de\/bucuresti\/author\/andreeatudor\/"}]}},"authors":[{"term_id":22573,"user_id":55,"is_guest":0,"slug":"andreeatudor","display_name":"Andreea Tudor","avatar_url":"https:\/\/secure.gravatar.com\/avatar\/a88705a186ab0b67f3349bcbced506c09e37256fbaad0e7f3bd1a79b4599f589?s=96&d=monsterid&r=g","0":null,"1":"","2":"","3":"","4":"","5":"","6":"","7":"","8":""}],"_links":{"self":[{"href":"https:\/\/buletin.de\/bucuresti\/wp-json\/wp\/v2\/posts\/160657","targetHints":{"allow":["GET"]}}],"collection":[{"href":"https:\/\/buletin.de\/bucuresti\/wp-json\/wp\/v2\/posts"}],"about":[{"href":"https:\/\/buletin.de\/bucuresti\/wp-json\/wp\/v2\/types\/post"}],"author":[{"embeddable":true,"href":"https:\/\/buletin.de\/bucuresti\/wp-json\/wp\/v2\/users\/55"}],"replies":[{"embeddable":true,"href":"https:\/\/buletin.de\/bucuresti\/wp-json\/wp\/v2\/comments?post=160657"}],"version-history":[{"count":6,"href":"https:\/\/buletin.de\/bucuresti\/wp-json\/wp\/v2\/posts\/160657\/revisions"}],"predecessor-version":[{"id":160678,"href":"https:\/\/buletin.de\/bucuresti\/wp-json\/wp\/v2\/posts\/160657\/revisions\/160678"}],"wp:featuredmedia":[{"embeddable":true,"href":"https:\/\/buletin.de\/bucuresti\/wp-json\/wp\/v2\/media\/160675"}],"wp:attachment":[{"href":"https:\/\/buletin.de\/bucuresti\/wp-json\/wp\/v2\/media?parent=160657"}],"wp:term":[{"taxonomy":"category","embeddable":true,"href":"https:\/\/buletin.de\/bucuresti\/wp-json\/wp\/v2\/categories?post=160657"},{"taxonomy":"post_tag","embeddable":true,"href":"https:\/\/buletin.de\/bucuresti\/wp-json\/wp\/v2\/tags?post=160657"},{"taxonomy":"author","embeddable":true,"href":"https:\/\/buletin.de\/bucuresti\/wp-json\/wp\/v2\/ppma_author?post=160657"}],"curies":[{"name":"wp","href":"https:\/\/api.w.org\/{rel}","templated":true}]}}