{"id":16047,"date":"2020-12-02T12:49:46","date_gmt":"2020-12-02T09:49:46","guid":{"rendered":"https:\/\/buletin.de\/bucuresti\/?p=16047"},"modified":"2020-12-02T12:58:42","modified_gmt":"2020-12-02T09:58:42","slug":"comisiile-de-specialitate-validate-astazi-in-gcmb-alegerea-viceprimarilor-este-amanata-din-cauza-unor-contestatii-in-instanta","status":"publish","type":"post","link":"https:\/\/buletin.de\/bucuresti\/comisiile-de-specialitate-validate-astazi-in-gcmb-alegerea-viceprimarilor-este-amanata-din-cauza-unor-contestatii-in-instanta\/","title":{"rendered":"Comisiile de specialitate, validate ast\u0103zi \u00een CGMB. Alegerea viceprimarilor este am\u00e2nat\u0103 din cauza unor contesta\u021bii \u00een instan\u021b\u0103"},"content":{"rendered":"\n<p><strong>Cea de-a doua \u0219edin\u021b\u0103 a noului Consiliului General al Capitalei, care are loc ast\u0103zi, are doar dou\u0103 puncte prev\u0103zute pe ordinea de zi. Alegerea viceprimarilor \u00eenc\u0103 nu poate avea loc din cauza ca \u00een instan\u021b\u0103 au fost depuse mai multe contesta\u021bii la validarea mandatelor de consilieri suplean\u021bi.<\/strong><\/p>\n\n\n\n<p>Pe ordinea de zi sunt un proiect de hot\u0103r\u00e2re privind alegerea pre\u0219edintelui de \u0219edin\u021b\u0103 si un proiect privind constituirea comisiilor de specialitate ale Consiliului General.<\/p>\n\n\n\n<p>C\u00e2t prive\u0219te alegerea celor doi viceprimari, votul celor 55 de ale\u0219i este pus \u00een a\u0219teptare.<\/p>\n\n\n\n<p>\u201c<em>E vorba de o ordonan<\/em>\u021b\u0103<em> de urgen\u021b\u0103 care spune ca viceprimarii nu pot fi vota\u021bi p\u00e2n\u0103 c\u00e2nd nu sunt valida\u021bi to\u021bi consilierii<\/em>\u201d, a explicat consilierul general Vlad Voiculescu propus de USR-PLUS spre a fi validat de majoritatea din CGMB pentru aceast\u0103 func\u021bie.<\/p>\n\n\n\n<p>Din partea PNL, ar urma s\u0103 fie votat de GCMB pentru func\u021bia de viceprimar consilierul general Stelian Bujduveanu.<\/p>\n\n\n\n<h2 class=\"wp-block-heading\"><strong>O doamn\u0103 misterioas\u0103<\/strong><\/h2>\n\n\n\n<p>P\u00e2n\u0103 acum, validarea mandatelor de consilieri suplean\u021bi, \u00een urma retragerii de pe listele de consilieri a mai multor ale\u0219i, inclusiv a fostului primar general Gabriela Firea, a fost atacat\u0103 de trei ori la Judec\u0103toria Sectorului 1.<\/p>\n\n\n\n<p>Primul termen a fost pe 2 noiembrie iar de atunci au mai fost \u00eenc\u0103 patru termene pentru validarea noilor consilieri.<\/p>\n\n\n\n<p>Trei dintre aceste termene au fost stabilite ca urmare a unor contesta\u021bii. Pe 13 noiembrie instan\u021ba a acceptat primul apel formulat de Veronica Bunescu care, ulterior, a mai f\u0103cut \u00eenc\u0103 dou\u0103 contesta\u021bii cu privire la \u00eendreptarea unor erori materiale.<\/p>\n\n\n\n<p>La ultima solu\u021bie pronun\u021bat\u0103 de Judec\u0103toria Sectorului 1, Veronica Bunescu a f\u0103cut din nou apel \u00een ultima zi din termenul legal de trei zile.<\/p>\n\n\n\n<p>Pe 26 noiembrie, cu o zi \u00eenainte de mini-vacan\u021ba de 1 decembrie, instan\u021ba a r\u0103mas \u00een pronun\u021bare.<\/p>\n\n\n\n<p>Din cei 55 de consilieri generali, doar 45 au fost valida\u021bi de instan\u021ba \u0219i au depus jur\u0103m\u00e2ntul \u00een sedin\u021ba extraordinar\u0103 din 29 octombrie, la mai bine de o lun\u0103 de la alegerile locale.<\/p>\n\n\n\n<p>Motivul l-a reprezentat tot o serie de contesta\u021bii cu privire la validarea mandatului de primar general al lui Nicu\u0219or Dan.<\/p>\n\n\n\n<p>FOTO: Inquam Photos<\/p>\n","protected":false},"excerpt":{"rendered":"<p>Cea de-a doua \u0219edin\u021b\u0103 a noului Consiliului General al Capitalei, care are loc ast\u0103zi, are doar dou\u0103 puncte prev\u0103zute pe ordinea de zi. Alegerea viceprimarilor \u00eenc\u0103 nu poate avea loc din cauza ca \u00een instan\u021b\u0103 au fost depuse mai multe contesta\u021bii la validarea mandatelor de consilieri suplean\u021bi. Pe ordinea de zi sunt un proiect de [&hellip;]<\/p>\n","protected":false},"author":10,"featured_media":16049,"comment_status":"closed","ping_status":"open","sticky":false,"template":"","format":"standard","meta":{"_acf_changed":false,"inline_featured_image":false,"ngg_post_thumbnail":0,"footnotes":""},"categories":[24],"tags":[104],"ppma_author":[22575],"class_list":["post-16047","post","type-post","status-publish","format-standard","has-post-thumbnail","hentry","category-primarie","tag-pmb"],"acf":[],"yoast_head":"<!-- This site is optimized with the Yoast SEO Premium plugin v25.3 (Yoast SEO v27.4) - https:\/\/yoast.com\/product\/yoast-seo-premium-wordpress\/ -->\n<title>Comisiile de specialitate, validate ast\u0103zi \u00een CGMB. Alegerea viceprimarilor este am\u00e2nat\u0103 din cauza unor contesta\u021bii \u00een instan\u021b\u0103 - Buletin de Bucure\u0219ti<\/title>\n<meta name=\"robots\" content=\"index, follow, max-snippet:-1, max-image-preview:large, max-video-preview:-1\" \/>\n<link rel=\"canonical\" href=\"https:\/\/buletin.de\/bucuresti\/comisiile-de-specialitate-validate-astazi-in-gcmb-alegerea-viceprimarilor-este-amanata-din-cauza-unor-contestatii-in-instanta\/\" \/>\n<meta property=\"og:locale\" content=\"en_GB\" \/>\n<meta property=\"og:type\" content=\"article\" \/>\n<meta property=\"og:title\" content=\"Comisiile de specialitate, validate ast\u0103zi \u00een CGMB. Alegerea viceprimarilor este am\u00e2nat\u0103 din cauza unor contesta\u021bii \u00een instan\u021b\u0103\" \/>\n<meta property=\"og:description\" content=\"Cea de-a doua \u0219edin\u021b\u0103 a noului Consiliului General al Capitalei, care are loc ast\u0103zi, are doar dou\u0103 puncte prev\u0103zute pe ordinea de zi. Alegerea viceprimarilor \u00eenc\u0103 nu poate avea loc din cauza ca \u00een instan\u021b\u0103 au fost depuse mai multe contesta\u021bii la validarea mandatelor de consilieri suplean\u021bi. Pe ordinea de zi sunt un proiect de [&hellip;]\" \/>\n<meta property=\"og:url\" content=\"https:\/\/buletin.de\/bucuresti\/comisiile-de-specialitate-validate-astazi-in-gcmb-alegerea-viceprimarilor-este-amanata-din-cauza-unor-contestatii-in-instanta\/\" \/>\n<meta property=\"og:site_name\" content=\"Buletin de Bucure\u0219ti\" \/>\n<meta property=\"article:publisher\" content=\"https:\/\/www.facebook.com\/buletin.de.buc\" \/>\n<meta property=\"article:published_time\" content=\"2020-12-02T09:49:46+00:00\" \/>\n<meta property=\"article:modified_time\" content=\"2020-12-02T09:58:42+00:00\" \/>\n<meta property=\"og:image\" content=\"https:\/\/buletin.de\/bucuresti\/wp-content\/uploads\/ID151325_INQUAM_Photos_Octav_Ganea-1-scaled.jpg\" \/>\n\t<meta property=\"og:image:width\" content=\"2560\" \/>\n\t<meta property=\"og:image:height\" content=\"1707\" \/>\n\t<meta property=\"og:image:type\" content=\"image\/jpeg\" \/>\n<meta name=\"author\" content=\"C\u0103t\u0103lin Dosca\u0219\" \/>\n<meta name=\"twitter:card\" content=\"summary_large_image\" \/>\n<meta name=\"twitter:label1\" content=\"Written by\" \/>\n\t<meta name=\"twitter:data1\" content=\"C\u0103t\u0103lin Dosca\u0219\" \/>\n\t<meta name=\"twitter:label2\" content=\"Estimated reading time\" \/>\n\t<meta name=\"twitter:data2\" content=\"2 minutes\" \/>\n<script type=\"application\/ld+json\" class=\"yoast-schema-graph\">{\"@context\":\"https:\\\/\\\/schema.org\",\"@graph\":[{\"@type\":\"Article\",\"@id\":\"https:\\\/\\\/buletin.de\\\/bucuresti\\\/comisiile-de-specialitate-validate-astazi-in-gcmb-alegerea-viceprimarilor-este-amanata-din-cauza-unor-contestatii-in-instanta\\\/#article\",\"isPartOf\":{\"@id\":\"https:\\\/\\\/buletin.de\\\/bucuresti\\\/comisiile-de-specialitate-validate-astazi-in-gcmb-alegerea-viceprimarilor-este-amanata-din-cauza-unor-contestatii-in-instanta\\\/\"},\"author\":{\"name\":\"C\u0103t\u0103lin Dosca\u0219\",\"@id\":\"https:\\\/\\\/buletin.de\\\/bucuresti\\\/#\\\/schema\\\/person\\\/31117187ed4d0bdb0a4c7d6acc79d0f8\"},\"headline\":\"Comisiile de specialitate, validate ast\u0103zi \u00een CGMB. Alegerea viceprimarilor este am\u00e2nat\u0103 din cauza unor contesta\u021bii \u00een instan\u021b\u0103\",\"datePublished\":\"2020-12-02T09:49:46+00:00\",\"dateModified\":\"2020-12-02T09:58:42+00:00\",\"mainEntityOfPage\":{\"@id\":\"https:\\\/\\\/buletin.de\\\/bucuresti\\\/comisiile-de-specialitate-validate-astazi-in-gcmb-alegerea-viceprimarilor-este-amanata-din-cauza-unor-contestatii-in-instanta\\\/\"},\"wordCount\":393,\"publisher\":{\"@id\":\"https:\\\/\\\/buletin.de\\\/bucuresti\\\/#organization\"},\"image\":{\"@id\":\"https:\\\/\\\/buletin.de\\\/bucuresti\\\/comisiile-de-specialitate-validate-astazi-in-gcmb-alegerea-viceprimarilor-este-amanata-din-cauza-unor-contestatii-in-instanta\\\/#primaryimage\"},\"thumbnailUrl\":\"https:\\\/\\\/buletin.de\\\/bucuresti\\\/wp-content\\\/uploads\\\/ID151325_INQUAM_Photos_Octav_Ganea-1-scaled.jpg\",\"keywords\":[\"pmb\"],\"articleSection\":[\"Prim\u0103rie\"],\"inLanguage\":\"en-GB\",\"copyrightYear\":\"2020\",\"copyrightHolder\":{\"@id\":\"https:\\\/\\\/buletin.de\\\/bucuresti\\\/#organization\"}},{\"@type\":\"WebPage\",\"@id\":\"https:\\\/\\\/buletin.de\\\/bucuresti\\\/comisiile-de-specialitate-validate-astazi-in-gcmb-alegerea-viceprimarilor-este-amanata-din-cauza-unor-contestatii-in-instanta\\\/\",\"url\":\"https:\\\/\\\/buletin.de\\\/bucuresti\\\/comisiile-de-specialitate-validate-astazi-in-gcmb-alegerea-viceprimarilor-este-amanata-din-cauza-unor-contestatii-in-instanta\\\/\",\"name\":\"Comisiile de specialitate, validate ast\u0103zi \u00een CGMB. Alegerea viceprimarilor este am\u00e2nat\u0103 din cauza unor contesta\u021bii \u00een instan\u021b\u0103 - Buletin de Bucure\u0219ti\",\"isPartOf\":{\"@id\":\"https:\\\/\\\/buletin.de\\\/bucuresti\\\/#website\"},\"primaryImageOfPage\":{\"@id\":\"https:\\\/\\\/buletin.de\\\/bucuresti\\\/comisiile-de-specialitate-validate-astazi-in-gcmb-alegerea-viceprimarilor-este-amanata-din-cauza-unor-contestatii-in-instanta\\\/#primaryimage\"},\"image\":{\"@id\":\"https:\\\/\\\/buletin.de\\\/bucuresti\\\/comisiile-de-specialitate-validate-astazi-in-gcmb-alegerea-viceprimarilor-este-amanata-din-cauza-unor-contestatii-in-instanta\\\/#primaryimage\"},\"thumbnailUrl\":\"https:\\\/\\\/buletin.de\\\/bucuresti\\\/wp-content\\\/uploads\\\/ID151325_INQUAM_Photos_Octav_Ganea-1-scaled.jpg\",\"datePublished\":\"2020-12-02T09:49:46+00:00\",\"dateModified\":\"2020-12-02T09:58:42+00:00\",\"breadcrumb\":{\"@id\":\"https:\\\/\\\/buletin.de\\\/bucuresti\\\/comisiile-de-specialitate-validate-astazi-in-gcmb-alegerea-viceprimarilor-este-amanata-din-cauza-unor-contestatii-in-instanta\\\/#breadcrumb\"},\"inLanguage\":\"en-GB\",\"potentialAction\":[{\"@type\":\"ReadAction\",\"target\":[\"https:\\\/\\\/buletin.de\\\/bucuresti\\\/comisiile-de-specialitate-validate-astazi-in-gcmb-alegerea-viceprimarilor-este-amanata-din-cauza-unor-contestatii-in-instanta\\\/\"]}]},{\"@type\":\"ImageObject\",\"inLanguage\":\"en-GB\",\"@id\":\"https:\\\/\\\/buletin.de\\\/bucuresti\\\/comisiile-de-specialitate-validate-astazi-in-gcmb-alegerea-viceprimarilor-este-amanata-din-cauza-unor-contestatii-in-instanta\\\/#primaryimage\",\"url\":\"https:\\\/\\\/buletin.de\\\/bucuresti\\\/wp-content\\\/uploads\\\/ID151325_INQUAM_Photos_Octav_Ganea-1-scaled.jpg\",\"contentUrl\":\"https:\\\/\\\/buletin.de\\\/bucuresti\\\/wp-content\\\/uploads\\\/ID151325_INQUAM_Photos_Octav_Ganea-1-scaled.jpg\",\"width\":2560,\"height\":1707},{\"@type\":\"BreadcrumbList\",\"@id\":\"https:\\\/\\\/buletin.de\\\/bucuresti\\\/comisiile-de-specialitate-validate-astazi-in-gcmb-alegerea-viceprimarilor-este-amanata-din-cauza-unor-contestatii-in-instanta\\\/#breadcrumb\",\"itemListElement\":[{\"@type\":\"ListItem\",\"position\":1,\"name\":\"Acas\u0103\",\"item\":\"https:\\\/\\\/buletin.de\\\/bucuresti\\\/\"},{\"@type\":\"ListItem\",\"position\":2,\"name\":\"Comisiile de specialitate, validate ast\u0103zi \u00een CGMB. Alegerea viceprimarilor este am\u00e2nat\u0103 din cauza unor contesta\u021bii \u00een instan\u021b\u0103\"}]},{\"@type\":\"WebSite\",\"@id\":\"https:\\\/\\\/buletin.de\\\/bucuresti\\\/#website\",\"url\":\"https:\\\/\\\/buletin.de\\\/bucuresti\\\/\",\"name\":\"Buletin de Bucure\u0219ti\",\"description\":\"\u0218tiri \u0219i investiga\u021bii esen\u021biale din capital\u0103\",\"publisher\":{\"@id\":\"https:\\\/\\\/buletin.de\\\/bucuresti\\\/#organization\"},\"potentialAction\":[{\"@type\":\"SearchAction\",\"target\":{\"@type\":\"EntryPoint\",\"urlTemplate\":\"https:\\\/\\\/buletin.de\\\/bucuresti\\\/?s={search_term_string}\"},\"query-input\":{\"@type\":\"PropertyValueSpecification\",\"valueRequired\":true,\"valueName\":\"search_term_string\"}}],\"inLanguage\":\"en-GB\"},{\"@type\":\"Organization\",\"@id\":\"https:\\\/\\\/buletin.de\\\/bucuresti\\\/#organization\",\"name\":\"Buletin de Bucure\u0219ti\",\"url\":\"https:\\\/\\\/buletin.de\\\/bucuresti\\\/\",\"logo\":{\"@type\":\"ImageObject\",\"inLanguage\":\"en-GB\",\"@id\":\"https:\\\/\\\/buletin.de\\\/bucuresti\\\/#\\\/schema\\\/logo\\\/image\\\/\",\"url\":\"https:\\\/\\\/buletin.de\\\/bucuresti\\\/wp-content\\\/uploads\\\/logo-bdb-full-wide-vernil-transparent.png\",\"contentUrl\":\"https:\\\/\\\/buletin.de\\\/bucuresti\\\/wp-content\\\/uploads\\\/logo-bdb-full-wide-vernil-transparent.png\",\"width\":1782,\"height\":626,\"caption\":\"Buletin de Bucure\u0219ti\"},\"image\":{\"@id\":\"https:\\\/\\\/buletin.de\\\/bucuresti\\\/#\\\/schema\\\/logo\\\/image\\\/\"},\"sameAs\":[\"https:\\\/\\\/www.facebook.com\\\/buletin.de.buc\",\"https:\\\/\\\/www.instagram.com\\\/buletinde.bucuresti\\\/\"]},{\"@type\":\"Person\",\"@id\":\"https:\\\/\\\/buletin.de\\\/bucuresti\\\/#\\\/schema\\\/person\\\/31117187ed4d0bdb0a4c7d6acc79d0f8\",\"name\":\"C\u0103t\u0103lin Dosca\u0219\",\"image\":{\"@type\":\"ImageObject\",\"inLanguage\":\"en-GB\",\"@id\":\"https:\\\/\\\/buletin.de\\\/bucuresti\\\/wp-content\\\/uploads\\\/Catalin-Doscas-e1732731064764-96x96.jpga93e2943bb3b1c1f9ead823df6e6317a\",\"url\":\"https:\\\/\\\/buletin.de\\\/bucuresti\\\/wp-content\\\/uploads\\\/Catalin-Doscas-e1732731064764-96x96.jpg\",\"contentUrl\":\"https:\\\/\\\/buletin.de\\\/bucuresti\\\/wp-content\\\/uploads\\\/Catalin-Doscas-e1732731064764-96x96.jpg\",\"caption\":\"C\u0103t\u0103lin Dosca\u0219\"},\"description\":\"Reporter \u0219i redactor-\u0219ef Buletin de Bucure\u0219ti. Lucreaz\u0103 \u00een mass-media de la v\u00e2rsta de 15 ani, c\u00e2nd a publicat primele articole \u00een presa local\u0103 din Tecuci. \u00cen Bucure\u0219ti a lucrat \u00een redac\u021bii radio ca reporter, redactor \u0219i prezentator (StudentFM, Na\u021bionalFM, Radio Total, Smart FM), unde a acoperit domeniile politic, economic, social \u0219i externe. Ulterior, a fost editor-coordonator al postului Realitatea FM. Experien\u021ba \u00een jurnalismul online a dob\u00e2ndit-o la portalul B365.ro, unde a fost editor. \u00cen 2012 s-a angajat \u00een televiziune. La Realitatea TV a fost, pe r\u00e2nd, reporter la sec\u021bia Social, reporter special la emisiunea de reportaje \u0219i anchete \u201eReporterii Realit\u0103\u021bii\u201d, dar \u0219i editor al jurnalelor de \u0219tiri. Ulterior, a f\u0103cut parte din sec\u021bia de Investiga\u021bii de la Digi24 \u0219i a lucrat la campania \u201eRom\u00e2nia furat\u0103\u201d. A revenit \u00een presa scris\u0103 \u00een 2017, ca reporter special, \u00een cadrul unui proiect de repozi\u021bionare a tabloidului Libertatea \u00een cotidian generalist. Este jurnalist Buletin de Bucure\u0219ti din 2019.\",\"url\":\"https:\\\/\\\/buletin.de\\\/bucuresti\\\/author\\\/catalin\\\/\"}]}<\/script>\n<!-- \/ Yoast SEO Premium plugin. -->","yoast_head_json":{"title":"Comisiile de specialitate, validate ast\u0103zi \u00een CGMB. Alegerea viceprimarilor este am\u00e2nat\u0103 din cauza unor contesta\u021bii \u00een instan\u021b\u0103 - Buletin de Bucure\u0219ti","robots":{"index":"index","follow":"follow","max-snippet":"max-snippet:-1","max-image-preview":"max-image-preview:large","max-video-preview":"max-video-preview:-1"},"canonical":"https:\/\/buletin.de\/bucuresti\/comisiile-de-specialitate-validate-astazi-in-gcmb-alegerea-viceprimarilor-este-amanata-din-cauza-unor-contestatii-in-instanta\/","og_locale":"en_GB","og_type":"article","og_title":"Comisiile de specialitate, validate ast\u0103zi \u00een CGMB. Alegerea viceprimarilor este am\u00e2nat\u0103 din cauza unor contesta\u021bii \u00een instan\u021b\u0103","og_description":"Cea de-a doua \u0219edin\u021b\u0103 a noului Consiliului General al Capitalei, care are loc ast\u0103zi, are doar dou\u0103 puncte prev\u0103zute pe ordinea de zi. Alegerea viceprimarilor \u00eenc\u0103 nu poate avea loc din cauza ca \u00een instan\u021b\u0103 au fost depuse mai multe contesta\u021bii la validarea mandatelor de consilieri suplean\u021bi. Pe ordinea de zi sunt un proiect de [&hellip;]","og_url":"https:\/\/buletin.de\/bucuresti\/comisiile-de-specialitate-validate-astazi-in-gcmb-alegerea-viceprimarilor-este-amanata-din-cauza-unor-contestatii-in-instanta\/","og_site_name":"Buletin de Bucure\u0219ti","article_publisher":"https:\/\/www.facebook.com\/buletin.de.buc","article_published_time":"2020-12-02T09:49:46+00:00","article_modified_time":"2020-12-02T09:58:42+00:00","og_image":[{"width":2560,"height":1707,"url":"https:\/\/buletin.de\/bucuresti\/wp-content\/uploads\/ID151325_INQUAM_Photos_Octav_Ganea-1-scaled.jpg","type":"image\/jpeg"}],"author":"C\u0103t\u0103lin Dosca\u0219","twitter_card":"summary_large_image","twitter_misc":{"Written by":"C\u0103t\u0103lin Dosca\u0219","Estimated reading time":"2 minutes"},"schema":{"@context":"https:\/\/schema.org","@graph":[{"@type":"Article","@id":"https:\/\/buletin.de\/bucuresti\/comisiile-de-specialitate-validate-astazi-in-gcmb-alegerea-viceprimarilor-este-amanata-din-cauza-unor-contestatii-in-instanta\/#article","isPartOf":{"@id":"https:\/\/buletin.de\/bucuresti\/comisiile-de-specialitate-validate-astazi-in-gcmb-alegerea-viceprimarilor-este-amanata-din-cauza-unor-contestatii-in-instanta\/"},"author":{"name":"C\u0103t\u0103lin Dosca\u0219","@id":"https:\/\/buletin.de\/bucuresti\/#\/schema\/person\/31117187ed4d0bdb0a4c7d6acc79d0f8"},"headline":"Comisiile de specialitate, validate ast\u0103zi \u00een CGMB. Alegerea viceprimarilor este am\u00e2nat\u0103 din cauza unor contesta\u021bii \u00een instan\u021b\u0103","datePublished":"2020-12-02T09:49:46+00:00","dateModified":"2020-12-02T09:58:42+00:00","mainEntityOfPage":{"@id":"https:\/\/buletin.de\/bucuresti\/comisiile-de-specialitate-validate-astazi-in-gcmb-alegerea-viceprimarilor-este-amanata-din-cauza-unor-contestatii-in-instanta\/"},"wordCount":393,"publisher":{"@id":"https:\/\/buletin.de\/bucuresti\/#organization"},"image":{"@id":"https:\/\/buletin.de\/bucuresti\/comisiile-de-specialitate-validate-astazi-in-gcmb-alegerea-viceprimarilor-este-amanata-din-cauza-unor-contestatii-in-instanta\/#primaryimage"},"thumbnailUrl":"https:\/\/buletin.de\/bucuresti\/wp-content\/uploads\/ID151325_INQUAM_Photos_Octav_Ganea-1-scaled.jpg","keywords":["pmb"],"articleSection":["Prim\u0103rie"],"inLanguage":"en-GB","copyrightYear":"2020","copyrightHolder":{"@id":"https:\/\/buletin.de\/bucuresti\/#organization"}},{"@type":"WebPage","@id":"https:\/\/buletin.de\/bucuresti\/comisiile-de-specialitate-validate-astazi-in-gcmb-alegerea-viceprimarilor-este-amanata-din-cauza-unor-contestatii-in-instanta\/","url":"https:\/\/buletin.de\/bucuresti\/comisiile-de-specialitate-validate-astazi-in-gcmb-alegerea-viceprimarilor-este-amanata-din-cauza-unor-contestatii-in-instanta\/","name":"Comisiile de specialitate, validate ast\u0103zi \u00een CGMB. Alegerea viceprimarilor este am\u00e2nat\u0103 din cauza unor contesta\u021bii \u00een instan\u021b\u0103 - Buletin de Bucure\u0219ti","isPartOf":{"@id":"https:\/\/buletin.de\/bucuresti\/#website"},"primaryImageOfPage":{"@id":"https:\/\/buletin.de\/bucuresti\/comisiile-de-specialitate-validate-astazi-in-gcmb-alegerea-viceprimarilor-este-amanata-din-cauza-unor-contestatii-in-instanta\/#primaryimage"},"image":{"@id":"https:\/\/buletin.de\/bucuresti\/comisiile-de-specialitate-validate-astazi-in-gcmb-alegerea-viceprimarilor-este-amanata-din-cauza-unor-contestatii-in-instanta\/#primaryimage"},"thumbnailUrl":"https:\/\/buletin.de\/bucuresti\/wp-content\/uploads\/ID151325_INQUAM_Photos_Octav_Ganea-1-scaled.jpg","datePublished":"2020-12-02T09:49:46+00:00","dateModified":"2020-12-02T09:58:42+00:00","breadcrumb":{"@id":"https:\/\/buletin.de\/bucuresti\/comisiile-de-specialitate-validate-astazi-in-gcmb-alegerea-viceprimarilor-este-amanata-din-cauza-unor-contestatii-in-instanta\/#breadcrumb"},"inLanguage":"en-GB","potentialAction":[{"@type":"ReadAction","target":["https:\/\/buletin.de\/bucuresti\/comisiile-de-specialitate-validate-astazi-in-gcmb-alegerea-viceprimarilor-este-amanata-din-cauza-unor-contestatii-in-instanta\/"]}]},{"@type":"ImageObject","inLanguage":"en-GB","@id":"https:\/\/buletin.de\/bucuresti\/comisiile-de-specialitate-validate-astazi-in-gcmb-alegerea-viceprimarilor-este-amanata-din-cauza-unor-contestatii-in-instanta\/#primaryimage","url":"https:\/\/buletin.de\/bucuresti\/wp-content\/uploads\/ID151325_INQUAM_Photos_Octav_Ganea-1-scaled.jpg","contentUrl":"https:\/\/buletin.de\/bucuresti\/wp-content\/uploads\/ID151325_INQUAM_Photos_Octav_Ganea-1-scaled.jpg","width":2560,"height":1707},{"@type":"BreadcrumbList","@id":"https:\/\/buletin.de\/bucuresti\/comisiile-de-specialitate-validate-astazi-in-gcmb-alegerea-viceprimarilor-este-amanata-din-cauza-unor-contestatii-in-instanta\/#breadcrumb","itemListElement":[{"@type":"ListItem","position":1,"name":"Acas\u0103","item":"https:\/\/buletin.de\/bucuresti\/"},{"@type":"ListItem","position":2,"name":"Comisiile de specialitate, validate ast\u0103zi \u00een CGMB. Alegerea viceprimarilor este am\u00e2nat\u0103 din cauza unor contesta\u021bii \u00een instan\u021b\u0103"}]},{"@type":"WebSite","@id":"https:\/\/buletin.de\/bucuresti\/#website","url":"https:\/\/buletin.de\/bucuresti\/","name":"Buletin de Bucure\u0219ti","description":"\u0218tiri \u0219i investiga\u021bii esen\u021biale din capital\u0103","publisher":{"@id":"https:\/\/buletin.de\/bucuresti\/#organization"},"potentialAction":[{"@type":"SearchAction","target":{"@type":"EntryPoint","urlTemplate":"https:\/\/buletin.de\/bucuresti\/?s={search_term_string}"},"query-input":{"@type":"PropertyValueSpecification","valueRequired":true,"valueName":"search_term_string"}}],"inLanguage":"en-GB"},{"@type":"Organization","@id":"https:\/\/buletin.de\/bucuresti\/#organization","name":"Buletin de Bucure\u0219ti","url":"https:\/\/buletin.de\/bucuresti\/","logo":{"@type":"ImageObject","inLanguage":"en-GB","@id":"https:\/\/buletin.de\/bucuresti\/#\/schema\/logo\/image\/","url":"https:\/\/buletin.de\/bucuresti\/wp-content\/uploads\/logo-bdb-full-wide-vernil-transparent.png","contentUrl":"https:\/\/buletin.de\/bucuresti\/wp-content\/uploads\/logo-bdb-full-wide-vernil-transparent.png","width":1782,"height":626,"caption":"Buletin de Bucure\u0219ti"},"image":{"@id":"https:\/\/buletin.de\/bucuresti\/#\/schema\/logo\/image\/"},"sameAs":["https:\/\/www.facebook.com\/buletin.de.buc","https:\/\/www.instagram.com\/buletinde.bucuresti\/"]},{"@type":"Person","@id":"https:\/\/buletin.de\/bucuresti\/#\/schema\/person\/31117187ed4d0bdb0a4c7d6acc79d0f8","name":"C\u0103t\u0103lin Dosca\u0219","image":{"@type":"ImageObject","inLanguage":"en-GB","@id":"https:\/\/buletin.de\/bucuresti\/wp-content\/uploads\/Catalin-Doscas-e1732731064764-96x96.jpga93e2943bb3b1c1f9ead823df6e6317a","url":"https:\/\/buletin.de\/bucuresti\/wp-content\/uploads\/Catalin-Doscas-e1732731064764-96x96.jpg","contentUrl":"https:\/\/buletin.de\/bucuresti\/wp-content\/uploads\/Catalin-Doscas-e1732731064764-96x96.jpg","caption":"C\u0103t\u0103lin Dosca\u0219"},"description":"Reporter \u0219i redactor-\u0219ef Buletin de Bucure\u0219ti. Lucreaz\u0103 \u00een mass-media de la v\u00e2rsta de 15 ani, c\u00e2nd a publicat primele articole \u00een presa local\u0103 din Tecuci. \u00cen Bucure\u0219ti a lucrat \u00een redac\u021bii radio ca reporter, redactor \u0219i prezentator (StudentFM, Na\u021bionalFM, Radio Total, Smart FM), unde a acoperit domeniile politic, economic, social \u0219i externe. Ulterior, a fost editor-coordonator al postului Realitatea FM. Experien\u021ba \u00een jurnalismul online a dob\u00e2ndit-o la portalul B365.ro, unde a fost editor. \u00cen 2012 s-a angajat \u00een televiziune. La Realitatea TV a fost, pe r\u00e2nd, reporter la sec\u021bia Social, reporter special la emisiunea de reportaje \u0219i anchete \u201eReporterii Realit\u0103\u021bii\u201d, dar \u0219i editor al jurnalelor de \u0219tiri. Ulterior, a f\u0103cut parte din sec\u021bia de Investiga\u021bii de la Digi24 \u0219i a lucrat la campania \u201eRom\u00e2nia furat\u0103\u201d. A revenit \u00een presa scris\u0103 \u00een 2017, ca reporter special, \u00een cadrul unui proiect de repozi\u021bionare a tabloidului Libertatea \u00een cotidian generalist. Este jurnalist Buletin de Bucure\u0219ti din 2019.","url":"https:\/\/buletin.de\/bucuresti\/author\/catalin\/"}]}},"authors":[{"term_id":22575,"user_id":10,"is_guest":0,"slug":"catalin","display_name":"C\u0103t\u0103lin Dosca\u0219","avatar_url":"https:\/\/buletin.de\/bucuresti\/wp-content\/uploads\/Catalin-Doscas-e1732731064764-96x96.jpg","0":null,"1":"","2":"","3":"","4":"","5":"","6":"","7":"","8":""}],"_links":{"self":[{"href":"https:\/\/buletin.de\/bucuresti\/wp-json\/wp\/v2\/posts\/16047","targetHints":{"allow":["GET"]}}],"collection":[{"href":"https:\/\/buletin.de\/bucuresti\/wp-json\/wp\/v2\/posts"}],"about":[{"href":"https:\/\/buletin.de\/bucuresti\/wp-json\/wp\/v2\/types\/post"}],"author":[{"embeddable":true,"href":"https:\/\/buletin.de\/bucuresti\/wp-json\/wp\/v2\/users\/10"}],"replies":[{"embeddable":true,"href":"https:\/\/buletin.de\/bucuresti\/wp-json\/wp\/v2\/comments?post=16047"}],"version-history":[{"count":4,"href":"https:\/\/buletin.de\/bucuresti\/wp-json\/wp\/v2\/posts\/16047\/revisions"}],"predecessor-version":[{"id":16053,"href":"https:\/\/buletin.de\/bucuresti\/wp-json\/wp\/v2\/posts\/16047\/revisions\/16053"}],"wp:featuredmedia":[{"embeddable":true,"href":"https:\/\/buletin.de\/bucuresti\/wp-json\/wp\/v2\/media\/16049"}],"wp:attachment":[{"href":"https:\/\/buletin.de\/bucuresti\/wp-json\/wp\/v2\/media?parent=16047"}],"wp:term":[{"taxonomy":"category","embeddable":true,"href":"https:\/\/buletin.de\/bucuresti\/wp-json\/wp\/v2\/categories?post=16047"},{"taxonomy":"post_tag","embeddable":true,"href":"https:\/\/buletin.de\/bucuresti\/wp-json\/wp\/v2\/tags?post=16047"},{"taxonomy":"author","embeddable":true,"href":"https:\/\/buletin.de\/bucuresti\/wp-json\/wp\/v2\/ppma_author?post=16047"}],"curies":[{"name":"wp","href":"https:\/\/api.w.org\/{rel}","templated":true}]}}