{"id":159985,"date":"2025-11-30T12:37:00","date_gmt":"2025-11-30T09:37:00","guid":{"rendered":"https:\/\/buletin.de\/bucuresti\/?p=159985"},"modified":"2025-11-30T12:37:01","modified_gmt":"2025-11-30T09:37:01","slug":"targul-cadourilor-de-craciun-si-antique-market-iii-la-romexpo-in-perioada-4-7-decembrie","status":"publish","type":"post","link":"https:\/\/buletin.de\/bucuresti\/targul-cadourilor-de-craciun-si-antique-market-iii-la-romexpo-in-perioada-4-7-decembrie\/","title":{"rendered":"T\u00e2rgul Cadourilor de Cr\u0103ciun \u0219i Antique Market III, la Romexpo, \u00een perioada 4 &#8211; 7 decembrie"},"content":{"rendered":"\n<p><strong>\u00cen perioada 4 &#8211; 7 decembrie, la Romexpo au loc T\u00e2rgul Cadourilor de Cr\u0103ciun \u0219i Antique Market III, \u00een Pavilionul C2. Vor avea loc evenimente ce reunesc art\u0103, antichit\u0103\u021bi \u0219i produse de sezon, iar vizitatorii vor descoperi obiecte cu valoare istoric\u0103, dar \u0219i contemporane. <\/strong><\/p>\n\n\n\n<p>Timp de patru zile, vor fi mai mul\u021bi expozan\u021bi (anticari, galerii \u0219i colec\u021bionari) care vor prezenta lucr\u0103ri de art\u0103 \u0219i mobilier de epoc\u0103, dar \u0219i ceasuri, por\u021belanuri, argint\u0103rie, h\u0103r\u021bi, manuscrise \u0219i diferite obiecte decorative sau de colec\u021bie. <\/p>\n\n\n\n<h2 class=\"wp-block-heading\" id=\"h-ce-po\u021bi-gasi-la-targul-cadourilor-de-craciun-\u0219i-antique-market-iii\">Ce po\u021bi g\u0103si la T\u00e2rgul Cadourilor de Cr\u0103ciun \u0219i Antique Market III<\/h2>\n\n\n\n<p><strong>Antique Market III <\/strong>pune accent pe trei idei principale: autenticitate, calitate \u0219i informare corect\u0103. Expozan\u021bii ofer\u0103 informa\u021bii despre provenien\u021ba pieselor, modul de \u00eentre\u021binere, diferen\u021bele subtile dintre stiluri \u0219i perioade, dar \u0219i recomand\u0103ri \u00een leg\u0103tur\u0103 cu integrarea obiectelor \u00een amenaj\u0103ri actuale sau solu\u021bii de restaurare. <\/p>\n\n\n\n<p>Evenimentul este dedicat at\u00e2t publicului larg, care dore\u0219te o incursiune \u00een lumea artei, c\u00e2t \u0219i colec\u021bionarilor, care vor g\u0103si diverse piese \u0219i pot avea discu\u021bii cu speciali\u0219ti. <\/p>\n\n\n\n<p>De asemenea, la <strong>T\u00e2rgul Cadourilor de Cr\u0103ciun<\/strong>, vizitatorii vor g\u0103si produse de design, artizanat contemporan, decora\u021biuni de sezon \u0219i diverse propuneri de cadouri. Sunt disponibile at\u00e2t cadouri cu istorie, c\u00e2t \u0219i actuale, potrivite pentru mai multe gusturi, potrivit <a href=\"https:\/\/romexpo.ro\/2025\/11\/26\/antique-market-iii-si-targul-cadourilor-de-craciun-4-7-decembrie-romexpo-pavilion-c2\/\" target=\"_blank\" rel=\"noreferrer noopener\">paginii <\/a>dedicate evenimentului. <\/p>\n\n\n\n<p><strong>T\u00e2rgurile vor fi deschise \u00eentre 4 decembrie, ora 10:00 \u0219i 7 decembrie, ora 16:00, \u00een Pavilionul C2 de la Romexpo. \u00centre 4 \u0219i 6 decembrie, programul este 10:00 &#8211; 18:00, iar pe 7 decembrie este 10:00 &#8211; 16:00.<\/strong> <strong>Intrarea este gratuit\u0103. <\/strong><\/p>\n\n\n\n<h2 class=\"wp-block-heading\" id=\"h-craciunul-nordului-la-romexpo-pana-pe-4-ianuarie-2026\">Cr\u0103ciunul Nordului, la Romexpo p\u00e2n\u0103 pe 4 ianuarie 2026 <\/h2>\n\n\n\n<p>Pe 28 noiembrie, la Romepo s-a deschis t\u00e2rgul <strong>\u201eCr\u0103ciunul Nordului\u201d<\/strong>, unde vizitatorii se pot bucura, timp de mai bine de o lun\u0103, de diverse atrac\u021bii. Printre acestea se num\u0103r\u0103 patinoarul acoperit, roata panoramic\u0103 \u0219i parcul de distrac\u021bii. <\/p>\n\n\n\n<p>Totodat\u0103, organizatorii au preg\u0103tit ateliere pentru copii \u0219i adul\u021bi, dar \u0219i activit\u0103\u021bi tematice \u0219i concerte live pe parcursul evenimentului. C\u0103su\u021ba lui Mo\u0219 Cr\u0103ciun \u0219i Traseul Spiridu\u0219ilor sunt doar c\u00e2teva dintre atrac\u021biile potrivite pentru cei mici. <\/p>\n\n\n\n<p>\u00cen plus, vizitatorii au la dispozi\u021bie \u0219i un t\u00e2rg de brazi, care include selec\u021bii naturale \u0219i decora\u021biuni de sezon. Vizitatorii vor mai g\u0103si produse locale, preparate tradi\u021bionale \u0219i suveniruri \u00een \u201ePia\u021ba volant\u0103\u201d. Exist\u0103 \u0219i o zon\u0103 de \u201eFood Court\u201d. <\/p>\n\n\n\n<p><strong>\u201eCr\u0103ciunul Nordului\u201d este deschis zilnic, \u00een intervalul orar 11:00 &#8211; 22:00. S\u00e2mb\u0103ta \u0219i duminica, t\u00e2rgul se deschide de la 10:00. Intrarea este liber\u0103. <\/strong><\/p>\n\n\n\n<p>CITE\u0218TE \u0218I <a href=\"https:\/\/buletin.de\/bucuresti\/craciunul-nordului-se-deschide-la-romexpo-din-28-noiembrie\/\" target=\"_blank\" rel=\"noreferrer noopener\">Cr\u0103ciunul Nordului se deschide la Romexpo, din 28 noiembrie<\/a><\/p>\n","protected":false},"excerpt":{"rendered":"<p>\u00cen perioada 4 &#8211; 7 decembrie, la Romexpo au loc T\u00e2rgul Cadourilor de Cr\u0103ciun \u0219i Antique Market III, \u00een Pavilionul C2. Vor avea loc evenimente ce reunesc art\u0103, antichit\u0103\u021bi \u0219i produse de sezon, iar vizitatorii vor descoperi obiecte cu valoare istoric\u0103, dar \u0219i contemporane. Timp de patru zile, vor fi mai mul\u021bi expozan\u021bi (anticari, galerii [&hellip;]<\/p>\n","protected":false},"author":65,"featured_media":159996,"comment_status":"closed","ping_status":"open","sticky":false,"template":"","format":"standard","meta":{"_acf_changed":false,"inline_featured_image":false,"ngg_post_thumbnail":0,"footnotes":""},"categories":[6994,1,62],"tags":[24889,24622,2824,24888],"ppma_author":[23912],"class_list":["post-159985","post","type-post","status-publish","format-standard","has-post-thumbnail","hentry","category-stiri-2","category-diverse","category-stiri","tag-antique-market","tag-craciun-2025","tag-romexpo","tag-targul-cadourilor-de-craciun"],"acf":[],"yoast_head":"<!-- This site is optimized with the Yoast SEO Premium plugin v25.3 (Yoast SEO v27.4) - https:\/\/yoast.com\/product\/yoast-seo-premium-wordpress\/ -->\n<title>T\u00e2rgul Cadourilor de Cr\u0103ciun \u0219i Antique Market III, la Romexpo, \u00een perioada 4 - 7 decembrie - Buletin de Bucure\u0219ti<\/title>\n<meta name=\"description\" content=\"\u00cen perioada 4 - 7 decembrie, la Romexpo au loc T\u00e2rgul Cadourilor de Cr\u0103ciun \u0219i Antique Market III, \u00een Pavilionul C2.\" \/>\n<meta name=\"robots\" content=\"index, follow, max-snippet:-1, max-image-preview:large, max-video-preview:-1\" \/>\n<link rel=\"canonical\" href=\"https:\/\/buletin.de\/bucuresti\/targul-cadourilor-de-craciun-si-antique-market-iii-la-romexpo-in-perioada-4-7-decembrie\/\" \/>\n<meta property=\"og:locale\" content=\"en_GB\" \/>\n<meta property=\"og:type\" content=\"article\" \/>\n<meta property=\"og:title\" content=\"T\u00e2rgul Cadourilor de Cr\u0103ciun \u0219i Antique Market III, la Romexpo, \u00een perioada 4 - 7 decembrie\" \/>\n<meta property=\"og:description\" content=\"\u00cen perioada 4 - 7 decembrie, la Romexpo au loc T\u00e2rgul Cadourilor de Cr\u0103ciun \u0219i Antique Market III, \u00een Pavilionul C2.\" \/>\n<meta property=\"og:url\" content=\"https:\/\/buletin.de\/bucuresti\/targul-cadourilor-de-craciun-si-antique-market-iii-la-romexpo-in-perioada-4-7-decembrie\/\" \/>\n<meta property=\"og:site_name\" content=\"Buletin de Bucure\u0219ti\" \/>\n<meta property=\"article:publisher\" content=\"https:\/\/www.facebook.com\/buletin.de.buc\" \/>\n<meta property=\"article:published_time\" content=\"2025-11-30T09:37:00+00:00\" \/>\n<meta property=\"article:modified_time\" content=\"2025-11-30T09:37:01+00:00\" \/>\n<meta property=\"og:image\" content=\"https:\/\/buletin.de\/bucuresti\/wp-content\/uploads\/2025\/11\/Targul-Cadourilor-de-Craciun-si-Antique-Market-III-la-Romexpo.jpg\" \/>\n\t<meta property=\"og:image:width\" content=\"1200\" \/>\n\t<meta property=\"og:image:height\" content=\"655\" \/>\n\t<meta property=\"og:image:type\" content=\"image\/jpeg\" \/>\n<meta name=\"author\" content=\"Andreea St\u0103n\u0103r\u00eeng\u0103\" \/>\n<meta name=\"twitter:card\" content=\"summary_large_image\" \/>\n<meta name=\"twitter:label1\" content=\"Written by\" \/>\n\t<meta name=\"twitter:data1\" content=\"Andreea St\u0103n\u0103r\u00eeng\u0103\" \/>\n\t<meta name=\"twitter:label2\" content=\"Estimated reading time\" \/>\n\t<meta name=\"twitter:data2\" content=\"2 minutes\" \/>\n<script type=\"application\/ld+json\" class=\"yoast-schema-graph\">{\"@context\":\"https:\\\/\\\/schema.org\",\"@graph\":[{\"@type\":\"Article\",\"@id\":\"https:\\\/\\\/buletin.de\\\/bucuresti\\\/targul-cadourilor-de-craciun-si-antique-market-iii-la-romexpo-in-perioada-4-7-decembrie\\\/#article\",\"isPartOf\":{\"@id\":\"https:\\\/\\\/buletin.de\\\/bucuresti\\\/targul-cadourilor-de-craciun-si-antique-market-iii-la-romexpo-in-perioada-4-7-decembrie\\\/\"},\"author\":{\"name\":\"Andreea St\u0103n\u0103r\u00eeng\u0103\",\"@id\":\"https:\\\/\\\/buletin.de\\\/bucuresti\\\/#\\\/schema\\\/person\\\/81421a46fb84a0887cfd2238f5202586\"},\"headline\":\"T\u00e2rgul Cadourilor de Cr\u0103ciun \u0219i Antique Market III, la Romexpo, \u00een perioada 4 &#8211; 7 decembrie\",\"datePublished\":\"2025-11-30T09:37:00+00:00\",\"dateModified\":\"2025-11-30T09:37:01+00:00\",\"mainEntityOfPage\":{\"@id\":\"https:\\\/\\\/buletin.de\\\/bucuresti\\\/targul-cadourilor-de-craciun-si-antique-market-iii-la-romexpo-in-perioada-4-7-decembrie\\\/\"},\"wordCount\":464,\"publisher\":{\"@id\":\"https:\\\/\\\/buletin.de\\\/bucuresti\\\/#organization\"},\"image\":{\"@id\":\"https:\\\/\\\/buletin.de\\\/bucuresti\\\/targul-cadourilor-de-craciun-si-antique-market-iii-la-romexpo-in-perioada-4-7-decembrie\\\/#primaryimage\"},\"thumbnailUrl\":\"https:\\\/\\\/buletin.de\\\/bucuresti\\\/wp-content\\\/uploads\\\/2025\\\/11\\\/Targul-Cadourilor-de-Craciun-si-Antique-Market-III-la-Romexpo.jpg\",\"keywords\":[\"Antique Market\",\"craciun 2025\",\"romexpo\",\"T\u00e2rgul Cadourilor de Cr\u0103ciun\"],\"articleSection\":[\"Articole\",\"Diverse\",\"\u0218tiri\"],\"inLanguage\":\"en-GB\",\"copyrightYear\":\"2025\",\"copyrightHolder\":{\"@id\":\"https:\\\/\\\/buletin.de\\\/bucuresti\\\/#organization\"}},{\"@type\":\"WebPage\",\"@id\":\"https:\\\/\\\/buletin.de\\\/bucuresti\\\/targul-cadourilor-de-craciun-si-antique-market-iii-la-romexpo-in-perioada-4-7-decembrie\\\/\",\"url\":\"https:\\\/\\\/buletin.de\\\/bucuresti\\\/targul-cadourilor-de-craciun-si-antique-market-iii-la-romexpo-in-perioada-4-7-decembrie\\\/\",\"name\":\"T\u00e2rgul Cadourilor de Cr\u0103ciun \u0219i Antique Market III, la Romexpo, \u00een perioada 4 - 7 decembrie - Buletin de Bucure\u0219ti\",\"isPartOf\":{\"@id\":\"https:\\\/\\\/buletin.de\\\/bucuresti\\\/#website\"},\"primaryImageOfPage\":{\"@id\":\"https:\\\/\\\/buletin.de\\\/bucuresti\\\/targul-cadourilor-de-craciun-si-antique-market-iii-la-romexpo-in-perioada-4-7-decembrie\\\/#primaryimage\"},\"image\":{\"@id\":\"https:\\\/\\\/buletin.de\\\/bucuresti\\\/targul-cadourilor-de-craciun-si-antique-market-iii-la-romexpo-in-perioada-4-7-decembrie\\\/#primaryimage\"},\"thumbnailUrl\":\"https:\\\/\\\/buletin.de\\\/bucuresti\\\/wp-content\\\/uploads\\\/2025\\\/11\\\/Targul-Cadourilor-de-Craciun-si-Antique-Market-III-la-Romexpo.jpg\",\"datePublished\":\"2025-11-30T09:37:00+00:00\",\"dateModified\":\"2025-11-30T09:37:01+00:00\",\"description\":\"\u00cen perioada 4 - 7 decembrie, la Romexpo au loc T\u00e2rgul Cadourilor de Cr\u0103ciun \u0219i Antique Market III, \u00een Pavilionul C2.\",\"breadcrumb\":{\"@id\":\"https:\\\/\\\/buletin.de\\\/bucuresti\\\/targul-cadourilor-de-craciun-si-antique-market-iii-la-romexpo-in-perioada-4-7-decembrie\\\/#breadcrumb\"},\"inLanguage\":\"en-GB\",\"potentialAction\":[{\"@type\":\"ReadAction\",\"target\":[\"https:\\\/\\\/buletin.de\\\/bucuresti\\\/targul-cadourilor-de-craciun-si-antique-market-iii-la-romexpo-in-perioada-4-7-decembrie\\\/\"]}]},{\"@type\":\"ImageObject\",\"inLanguage\":\"en-GB\",\"@id\":\"https:\\\/\\\/buletin.de\\\/bucuresti\\\/targul-cadourilor-de-craciun-si-antique-market-iii-la-romexpo-in-perioada-4-7-decembrie\\\/#primaryimage\",\"url\":\"https:\\\/\\\/buletin.de\\\/bucuresti\\\/wp-content\\\/uploads\\\/2025\\\/11\\\/Targul-Cadourilor-de-Craciun-si-Antique-Market-III-la-Romexpo.jpg\",\"contentUrl\":\"https:\\\/\\\/buletin.de\\\/bucuresti\\\/wp-content\\\/uploads\\\/2025\\\/11\\\/Targul-Cadourilor-de-Craciun-si-Antique-Market-III-la-Romexpo.jpg\",\"width\":1200,\"height\":655,\"caption\":\"T\u00e2rgul Cadourilor de Cr\u0103ciun \u0219i Antique Market III, \u00eentre 4 \u0219i 7 decembrie. Foto: Facebook\\\/Romexpo\"},{\"@type\":\"BreadcrumbList\",\"@id\":\"https:\\\/\\\/buletin.de\\\/bucuresti\\\/targul-cadourilor-de-craciun-si-antique-market-iii-la-romexpo-in-perioada-4-7-decembrie\\\/#breadcrumb\",\"itemListElement\":[{\"@type\":\"ListItem\",\"position\":1,\"name\":\"Acas\u0103\",\"item\":\"https:\\\/\\\/buletin.de\\\/bucuresti\\\/\"},{\"@type\":\"ListItem\",\"position\":2,\"name\":\"T\u00e2rgul Cadourilor de Cr\u0103ciun \u0219i Antique Market III, la Romexpo, \u00een perioada 4 &#8211; 7 decembrie\"}]},{\"@type\":\"WebSite\",\"@id\":\"https:\\\/\\\/buletin.de\\\/bucuresti\\\/#website\",\"url\":\"https:\\\/\\\/buletin.de\\\/bucuresti\\\/\",\"name\":\"Buletin de Bucure\u0219ti\",\"description\":\"\u0218tiri \u0219i investiga\u021bii esen\u021biale din capital\u0103\",\"publisher\":{\"@id\":\"https:\\\/\\\/buletin.de\\\/bucuresti\\\/#organization\"},\"potentialAction\":[{\"@type\":\"SearchAction\",\"target\":{\"@type\":\"EntryPoint\",\"urlTemplate\":\"https:\\\/\\\/buletin.de\\\/bucuresti\\\/?s={search_term_string}\"},\"query-input\":{\"@type\":\"PropertyValueSpecification\",\"valueRequired\":true,\"valueName\":\"search_term_string\"}}],\"inLanguage\":\"en-GB\"},{\"@type\":\"Organization\",\"@id\":\"https:\\\/\\\/buletin.de\\\/bucuresti\\\/#organization\",\"name\":\"Buletin de Bucure\u0219ti\",\"url\":\"https:\\\/\\\/buletin.de\\\/bucuresti\\\/\",\"logo\":{\"@type\":\"ImageObject\",\"inLanguage\":\"en-GB\",\"@id\":\"https:\\\/\\\/buletin.de\\\/bucuresti\\\/#\\\/schema\\\/logo\\\/image\\\/\",\"url\":\"https:\\\/\\\/buletin.de\\\/bucuresti\\\/wp-content\\\/uploads\\\/logo-bdb-full-wide-vernil-transparent.png\",\"contentUrl\":\"https:\\\/\\\/buletin.de\\\/bucuresti\\\/wp-content\\\/uploads\\\/logo-bdb-full-wide-vernil-transparent.png\",\"width\":1782,\"height\":626,\"caption\":\"Buletin de Bucure\u0219ti\"},\"image\":{\"@id\":\"https:\\\/\\\/buletin.de\\\/bucuresti\\\/#\\\/schema\\\/logo\\\/image\\\/\"},\"sameAs\":[\"https:\\\/\\\/www.facebook.com\\\/buletin.de.buc\",\"https:\\\/\\\/www.instagram.com\\\/buletinde.bucuresti\\\/\"]},{\"@type\":\"Person\",\"@id\":\"https:\\\/\\\/buletin.de\\\/bucuresti\\\/#\\\/schema\\\/person\\\/81421a46fb84a0887cfd2238f5202586\",\"name\":\"Andreea St\u0103n\u0103r\u00eeng\u0103\",\"image\":{\"@type\":\"ImageObject\",\"inLanguage\":\"en-GB\",\"@id\":\"https:\\\/\\\/secure.gravatar.com\\\/avatar\\\/dfa8d227a4388fad0f0bb03add04b5b176f4da34397dbb2eadc563b3d7162ce0?s=96&d=monsterid&r=g72784372b39ffe5a98a45288fe0d0e8a\",\"url\":\"https:\\\/\\\/secure.gravatar.com\\\/avatar\\\/dfa8d227a4388fad0f0bb03add04b5b176f4da34397dbb2eadc563b3d7162ce0?s=96&d=monsterid&r=g\",\"contentUrl\":\"https:\\\/\\\/secure.gravatar.com\\\/avatar\\\/dfa8d227a4388fad0f0bb03add04b5b176f4da34397dbb2eadc563b3d7162ce0?s=96&d=monsterid&r=g\",\"caption\":\"Andreea St\u0103n\u0103r\u00eeng\u0103\"},\"description\":\"Cu o experien\u021b\u0103 de peste 5 ani \u00een pres\u0103, face parte din echipa Buletin de Bucure\u0219ti din septembrie 2025. A colaborat cu c\u00e2teva publica\u021bii, printre care \u0219i Fanatik.ro, unde s-a ocupat de \u0219tiri de lifestyle \u0219i de actualitate. A f\u0103cut un pas c\u0103tre presa local\u0103 pentru a explora Bucure\u0219tiul \u0219i pove\u0219tile care merit\u0103 spuse.\",\"url\":\"https:\\\/\\\/buletin.de\\\/bucuresti\\\/author\\\/andreea-stanaranga\\\/\"}]}<\/script>\n<!-- \/ Yoast SEO Premium plugin. -->","yoast_head_json":{"title":"T\u00e2rgul Cadourilor de Cr\u0103ciun \u0219i Antique Market III, la Romexpo, \u00een perioada 4 - 7 decembrie - Buletin de Bucure\u0219ti","description":"\u00cen perioada 4 - 7 decembrie, la Romexpo au loc T\u00e2rgul Cadourilor de Cr\u0103ciun \u0219i Antique Market III, \u00een Pavilionul C2.","robots":{"index":"index","follow":"follow","max-snippet":"max-snippet:-1","max-image-preview":"max-image-preview:large","max-video-preview":"max-video-preview:-1"},"canonical":"https:\/\/buletin.de\/bucuresti\/targul-cadourilor-de-craciun-si-antique-market-iii-la-romexpo-in-perioada-4-7-decembrie\/","og_locale":"en_GB","og_type":"article","og_title":"T\u00e2rgul Cadourilor de Cr\u0103ciun \u0219i Antique Market III, la Romexpo, \u00een perioada 4 - 7 decembrie","og_description":"\u00cen perioada 4 - 7 decembrie, la Romexpo au loc T\u00e2rgul Cadourilor de Cr\u0103ciun \u0219i Antique Market III, \u00een Pavilionul C2.","og_url":"https:\/\/buletin.de\/bucuresti\/targul-cadourilor-de-craciun-si-antique-market-iii-la-romexpo-in-perioada-4-7-decembrie\/","og_site_name":"Buletin de Bucure\u0219ti","article_publisher":"https:\/\/www.facebook.com\/buletin.de.buc","article_published_time":"2025-11-30T09:37:00+00:00","article_modified_time":"2025-11-30T09:37:01+00:00","og_image":[{"width":1200,"height":655,"url":"https:\/\/buletin.de\/bucuresti\/wp-content\/uploads\/2025\/11\/Targul-Cadourilor-de-Craciun-si-Antique-Market-III-la-Romexpo.jpg","type":"image\/jpeg"}],"author":"Andreea St\u0103n\u0103r\u00eeng\u0103","twitter_card":"summary_large_image","twitter_misc":{"Written by":"Andreea St\u0103n\u0103r\u00eeng\u0103","Estimated reading time":"2 minutes"},"schema":{"@context":"https:\/\/schema.org","@graph":[{"@type":"Article","@id":"https:\/\/buletin.de\/bucuresti\/targul-cadourilor-de-craciun-si-antique-market-iii-la-romexpo-in-perioada-4-7-decembrie\/#article","isPartOf":{"@id":"https:\/\/buletin.de\/bucuresti\/targul-cadourilor-de-craciun-si-antique-market-iii-la-romexpo-in-perioada-4-7-decembrie\/"},"author":{"name":"Andreea St\u0103n\u0103r\u00eeng\u0103","@id":"https:\/\/buletin.de\/bucuresti\/#\/schema\/person\/81421a46fb84a0887cfd2238f5202586"},"headline":"T\u00e2rgul Cadourilor de Cr\u0103ciun \u0219i Antique Market III, la Romexpo, \u00een perioada 4 &#8211; 7 decembrie","datePublished":"2025-11-30T09:37:00+00:00","dateModified":"2025-11-30T09:37:01+00:00","mainEntityOfPage":{"@id":"https:\/\/buletin.de\/bucuresti\/targul-cadourilor-de-craciun-si-antique-market-iii-la-romexpo-in-perioada-4-7-decembrie\/"},"wordCount":464,"publisher":{"@id":"https:\/\/buletin.de\/bucuresti\/#organization"},"image":{"@id":"https:\/\/buletin.de\/bucuresti\/targul-cadourilor-de-craciun-si-antique-market-iii-la-romexpo-in-perioada-4-7-decembrie\/#primaryimage"},"thumbnailUrl":"https:\/\/buletin.de\/bucuresti\/wp-content\/uploads\/2025\/11\/Targul-Cadourilor-de-Craciun-si-Antique-Market-III-la-Romexpo.jpg","keywords":["Antique Market","craciun 2025","romexpo","T\u00e2rgul Cadourilor de Cr\u0103ciun"],"articleSection":["Articole","Diverse","\u0218tiri"],"inLanguage":"en-GB","copyrightYear":"2025","copyrightHolder":{"@id":"https:\/\/buletin.de\/bucuresti\/#organization"}},{"@type":"WebPage","@id":"https:\/\/buletin.de\/bucuresti\/targul-cadourilor-de-craciun-si-antique-market-iii-la-romexpo-in-perioada-4-7-decembrie\/","url":"https:\/\/buletin.de\/bucuresti\/targul-cadourilor-de-craciun-si-antique-market-iii-la-romexpo-in-perioada-4-7-decembrie\/","name":"T\u00e2rgul Cadourilor de Cr\u0103ciun \u0219i Antique Market III, la Romexpo, \u00een perioada 4 - 7 decembrie - Buletin de Bucure\u0219ti","isPartOf":{"@id":"https:\/\/buletin.de\/bucuresti\/#website"},"primaryImageOfPage":{"@id":"https:\/\/buletin.de\/bucuresti\/targul-cadourilor-de-craciun-si-antique-market-iii-la-romexpo-in-perioada-4-7-decembrie\/#primaryimage"},"image":{"@id":"https:\/\/buletin.de\/bucuresti\/targul-cadourilor-de-craciun-si-antique-market-iii-la-romexpo-in-perioada-4-7-decembrie\/#primaryimage"},"thumbnailUrl":"https:\/\/buletin.de\/bucuresti\/wp-content\/uploads\/2025\/11\/Targul-Cadourilor-de-Craciun-si-Antique-Market-III-la-Romexpo.jpg","datePublished":"2025-11-30T09:37:00+00:00","dateModified":"2025-11-30T09:37:01+00:00","description":"\u00cen perioada 4 - 7 decembrie, la Romexpo au loc T\u00e2rgul Cadourilor de Cr\u0103ciun \u0219i Antique Market III, \u00een Pavilionul C2.","breadcrumb":{"@id":"https:\/\/buletin.de\/bucuresti\/targul-cadourilor-de-craciun-si-antique-market-iii-la-romexpo-in-perioada-4-7-decembrie\/#breadcrumb"},"inLanguage":"en-GB","potentialAction":[{"@type":"ReadAction","target":["https:\/\/buletin.de\/bucuresti\/targul-cadourilor-de-craciun-si-antique-market-iii-la-romexpo-in-perioada-4-7-decembrie\/"]}]},{"@type":"ImageObject","inLanguage":"en-GB","@id":"https:\/\/buletin.de\/bucuresti\/targul-cadourilor-de-craciun-si-antique-market-iii-la-romexpo-in-perioada-4-7-decembrie\/#primaryimage","url":"https:\/\/buletin.de\/bucuresti\/wp-content\/uploads\/2025\/11\/Targul-Cadourilor-de-Craciun-si-Antique-Market-III-la-Romexpo.jpg","contentUrl":"https:\/\/buletin.de\/bucuresti\/wp-content\/uploads\/2025\/11\/Targul-Cadourilor-de-Craciun-si-Antique-Market-III-la-Romexpo.jpg","width":1200,"height":655,"caption":"T\u00e2rgul Cadourilor de Cr\u0103ciun \u0219i Antique Market III, \u00eentre 4 \u0219i 7 decembrie. Foto: Facebook\/Romexpo"},{"@type":"BreadcrumbList","@id":"https:\/\/buletin.de\/bucuresti\/targul-cadourilor-de-craciun-si-antique-market-iii-la-romexpo-in-perioada-4-7-decembrie\/#breadcrumb","itemListElement":[{"@type":"ListItem","position":1,"name":"Acas\u0103","item":"https:\/\/buletin.de\/bucuresti\/"},{"@type":"ListItem","position":2,"name":"T\u00e2rgul Cadourilor de Cr\u0103ciun \u0219i Antique Market III, la Romexpo, \u00een perioada 4 &#8211; 7 decembrie"}]},{"@type":"WebSite","@id":"https:\/\/buletin.de\/bucuresti\/#website","url":"https:\/\/buletin.de\/bucuresti\/","name":"Buletin de Bucure\u0219ti","description":"\u0218tiri \u0219i investiga\u021bii esen\u021biale din capital\u0103","publisher":{"@id":"https:\/\/buletin.de\/bucuresti\/#organization"},"potentialAction":[{"@type":"SearchAction","target":{"@type":"EntryPoint","urlTemplate":"https:\/\/buletin.de\/bucuresti\/?s={search_term_string}"},"query-input":{"@type":"PropertyValueSpecification","valueRequired":true,"valueName":"search_term_string"}}],"inLanguage":"en-GB"},{"@type":"Organization","@id":"https:\/\/buletin.de\/bucuresti\/#organization","name":"Buletin de Bucure\u0219ti","url":"https:\/\/buletin.de\/bucuresti\/","logo":{"@type":"ImageObject","inLanguage":"en-GB","@id":"https:\/\/buletin.de\/bucuresti\/#\/schema\/logo\/image\/","url":"https:\/\/buletin.de\/bucuresti\/wp-content\/uploads\/logo-bdb-full-wide-vernil-transparent.png","contentUrl":"https:\/\/buletin.de\/bucuresti\/wp-content\/uploads\/logo-bdb-full-wide-vernil-transparent.png","width":1782,"height":626,"caption":"Buletin de Bucure\u0219ti"},"image":{"@id":"https:\/\/buletin.de\/bucuresti\/#\/schema\/logo\/image\/"},"sameAs":["https:\/\/www.facebook.com\/buletin.de.buc","https:\/\/www.instagram.com\/buletinde.bucuresti\/"]},{"@type":"Person","@id":"https:\/\/buletin.de\/bucuresti\/#\/schema\/person\/81421a46fb84a0887cfd2238f5202586","name":"Andreea St\u0103n\u0103r\u00eeng\u0103","image":{"@type":"ImageObject","inLanguage":"en-GB","@id":"https:\/\/secure.gravatar.com\/avatar\/dfa8d227a4388fad0f0bb03add04b5b176f4da34397dbb2eadc563b3d7162ce0?s=96&d=monsterid&r=g72784372b39ffe5a98a45288fe0d0e8a","url":"https:\/\/secure.gravatar.com\/avatar\/dfa8d227a4388fad0f0bb03add04b5b176f4da34397dbb2eadc563b3d7162ce0?s=96&d=monsterid&r=g","contentUrl":"https:\/\/secure.gravatar.com\/avatar\/dfa8d227a4388fad0f0bb03add04b5b176f4da34397dbb2eadc563b3d7162ce0?s=96&d=monsterid&r=g","caption":"Andreea St\u0103n\u0103r\u00eeng\u0103"},"description":"Cu o experien\u021b\u0103 de peste 5 ani \u00een pres\u0103, face parte din echipa Buletin de Bucure\u0219ti din septembrie 2025. A colaborat cu c\u00e2teva publica\u021bii, printre care \u0219i Fanatik.ro, unde s-a ocupat de \u0219tiri de lifestyle \u0219i de actualitate. A f\u0103cut un pas c\u0103tre presa local\u0103 pentru a explora Bucure\u0219tiul \u0219i pove\u0219tile care merit\u0103 spuse.","url":"https:\/\/buletin.de\/bucuresti\/author\/andreea-stanaranga\/"}]}},"authors":[{"term_id":23912,"user_id":65,"is_guest":0,"slug":"andreea-stanaranga","display_name":"Andreea St\u0103n\u0103r\u00eeng\u0103","avatar_url":"https:\/\/secure.gravatar.com\/avatar\/dfa8d227a4388fad0f0bb03add04b5b176f4da34397dbb2eadc563b3d7162ce0?s=96&d=monsterid&r=g","0":null,"1":"","2":"","3":"","4":"","5":"","6":"","7":"","8":""}],"_links":{"self":[{"href":"https:\/\/buletin.de\/bucuresti\/wp-json\/wp\/v2\/posts\/159985","targetHints":{"allow":["GET"]}}],"collection":[{"href":"https:\/\/buletin.de\/bucuresti\/wp-json\/wp\/v2\/posts"}],"about":[{"href":"https:\/\/buletin.de\/bucuresti\/wp-json\/wp\/v2\/types\/post"}],"author":[{"embeddable":true,"href":"https:\/\/buletin.de\/bucuresti\/wp-json\/wp\/v2\/users\/65"}],"replies":[{"embeddable":true,"href":"https:\/\/buletin.de\/bucuresti\/wp-json\/wp\/v2\/comments?post=159985"}],"version-history":[{"count":4,"href":"https:\/\/buletin.de\/bucuresti\/wp-json\/wp\/v2\/posts\/159985\/revisions"}],"predecessor-version":[{"id":159998,"href":"https:\/\/buletin.de\/bucuresti\/wp-json\/wp\/v2\/posts\/159985\/revisions\/159998"}],"wp:featuredmedia":[{"embeddable":true,"href":"https:\/\/buletin.de\/bucuresti\/wp-json\/wp\/v2\/media\/159996"}],"wp:attachment":[{"href":"https:\/\/buletin.de\/bucuresti\/wp-json\/wp\/v2\/media?parent=159985"}],"wp:term":[{"taxonomy":"category","embeddable":true,"href":"https:\/\/buletin.de\/bucuresti\/wp-json\/wp\/v2\/categories?post=159985"},{"taxonomy":"post_tag","embeddable":true,"href":"https:\/\/buletin.de\/bucuresti\/wp-json\/wp\/v2\/tags?post=159985"},{"taxonomy":"author","embeddable":true,"href":"https:\/\/buletin.de\/bucuresti\/wp-json\/wp\/v2\/ppma_author?post=159985"}],"curies":[{"name":"wp","href":"https:\/\/api.w.org\/{rel}","templated":true}]}}