{"id":158371,"date":"2025-11-20T02:07:00","date_gmt":"2025-11-19T23:07:00","guid":{"rendered":"https:\/\/buletin.de\/bucuresti\/?p=158371"},"modified":"2025-11-20T09:38:49","modified_gmt":"2025-11-20T06:38:49","slug":"primaria-capitalei-actualizeaza-preturile-medii-la-produsele-agricole-pentru-2026","status":"publish","type":"post","link":"https:\/\/buletin.de\/bucuresti\/primaria-capitalei-actualizeaza-preturile-medii-la-produsele-agricole-pentru-2026\/","title":{"rendered":"Prim\u0103ria Capitalei actualizeaz\u0103 pre\u021burile medii la produsele agricole pentru 2026"},"content":{"rendered":"\n<p><strong>Un proiect prin care sunt stabilite pre\u021burile medii la produsele agricole, pentru anul 2026, urmeaz\u0103 s\u0103 fie dezb\u0103tut \u00een \u0219edin\u021ba din 27 noiembrie a Consiliului General al Municipiului Bucure\u0219ti. <\/strong><\/p>\n\n\n\n<p>Pre\u021burile sunt folosite pentru calcularea impozitelor pe veniturile din arend\u0103. Dac\u0103 va fi aprobat\u0103, hot\u0103r\u00e2rea va fi transmis\u0103 la ANAF.<\/p>\n\n\n\n<h2 class=\"wp-block-heading\" id=\"h-pre\u021burile-medii-la-produsele-agricole-pentru-2026\">Pre\u021burile medii la produsele agricole pentru 2026<\/h2>\n\n\n\n<p>Potrivit referatului de aprobare \u0219i raportului Direc\u021biei Generale Economice &#8211; Direc\u021bia Venituri, proiectul stabile\u0219te c\u0103 <strong>pre\u021bul mediu pentru gr\u00e2u va fi de 1 leu\/kg, iar pentru porumb de 0,90 lei\/kg, \u00een anul fiscal 2026<\/strong>. Propunerea vine din partea Direc\u021biei pentru Agricultur\u0103 a Municipiului Bucure\u0219ti. <\/p>\n\n\n\n<p><a href=\"https:\/\/buletin.de\/bucuresti\/proiectul-pentru-extinderea-tramvaiului-41-de-pe-prelungirea-ghencea-avanseaza-pmb-cere-terenul-de-la-stat-pentru-lucrare\/\" target=\"_blank\" rel=\"noreferrer noopener\">Autorit\u0103\u021bile locale<\/a> trebuie s\u0103 stabileasc\u0103 anual aceste valori, \u00eenainte de \u00eenceputul noului an fiscal, pentru ca administra\u021bia fiscal\u0103 s\u0103 le poat\u0103 aplica la nivelul Municipiului Bucure\u0219ti, potrivit Codului Fiscal. <\/p>\n\n\n\n<p>Aceste tarife sunt necesare pentru calcularea echivalentului \u00een bani al arendei exprimate \u00een produse agricole, atunci c\u00e2nd proprietarii de terenuri \u00eenchiriaz\u0103 suprafe\u021be agricole \u0219i primesc plata \u00een natur\u0103. <\/p>\n\n\n\n<p>\u201ePotrivit dispozi\u0163iilor art. 84 alin. 5) din Legea nr. 227\/2015 privind Codul fiscal, cu modific\u0103rile \u015fi complet\u0103rile ulterioare, \u00een vederea impozit\u0103rii, \u00een situa\u0163ia \u00een care arenda se exprim\u0103 \u00een natur\u0103, evaluarea \u00een lei se face pe baza pre\u0163urilor medii ale produselor agricole, stabilit\u0103 prin hot\u0103r\u00e2re a Consiliului General al Municipiului Bucure\u015fti, ca urmare a propunerilor direc\u0163iilor teritoriale de specialitate ale Ministerului Agriculturii \u015fi Dezvolt\u0103rii Rurale, hot\u0103r\u00e2re ce trebuie emis\u0103 \u00eenainte de \u00eenceperea anului fiscal.\u201d, se arat\u0103 <a href=\"https:\/\/doc.pmb.ro\/consiliu\/sedinte\/561\/oz\/13022.pdf\" target=\"_blank\" rel=\"noreferrer noopener\">documenta\u021bia <\/a>proiectului de hot\u0103r\u00e2re aflat pe masa CGMB.<\/p>\n\n\n\n<p>Dup\u0103 adoptare, hot\u0103r\u00e2rea va fi transmis\u0103 c\u0103tre Direc\u021bia General\u0103 Regional\u0103 a Finan\u021belor Publice Bucure\u0219ti, care va informa unit\u0103\u021bile fiscale din subordine. <\/p>\n\n\n\n<p>Proiectul privind stabilirea pre\u021buirilor medii ale produselor agricole a primit avizele necesare din partea comisiilor de specialitate ale CGMB \u0219i urmeaz\u0103 s\u0103 fie supus la vot pe 27 noiembrie. <\/p>\n\n\n\n<h2 class=\"wp-block-heading\" id=\"h-pre\u021bul-mediu-din-2025\">Pre\u021bul mediu din 2025 <\/h2>\n\n\n\n<p><strong>La data de 30.06.2025, pre\u021bul mediu \u00een cazul principalelor produse agricole a fost de 0,97 lei\/kg la gr\u00e2u \u0219i 0,87 lei\/kg la porumb. <\/strong><\/p>\n\n\n\n<p><em>\u201eAv\u00e2nd ca referin\u021b\u0103 pre\u021burile sus men\u021bionate \u0219i lu\u00e2nd \u00een considerare prognoza BNR a infla\u021biei de 3,7% pentru anul 2026, propunerea noastr\u0103 privind pre\u021bul mediu pentru anul 2026 este: 1,00 lei\/kg la gr\u00e2u \u0219i 0,90 lei\/kg la porumb.\u201d<\/em>, se arat\u0103 \u00een documentul din partea Direc\u021biei pentru Agricultur\u0103 a Municipiului Bucure\u0219ti, ata\u0219at proiectul de hot\u0103r\u00e2re. <\/p>\n\n\n\n<p><strong>CITE\u0218TE \u0218i <a href=\"https:\/\/buletin.de\/bucuresti\/primaria-capitalei-cheltuie-8-milioane-de-lei-pentru-inchirierea-luminitelor-de-sarbatori-alte-15-milioane-de-lei-se-duc-pe-targul-de-craciun-spotmedia\/\" target=\"_blank\" rel=\"noreferrer noopener\">Prim\u0103ria Capitalei cheltuie 8 milioane de lei pentru \u00eenchirierea lumini\u021belor de s\u0103rb\u0103tori. Alte 15 milioane de lei se duc pe t\u00e2rgul de Cr\u0103ciun | Spotmedia<\/a><\/strong><\/p>\n\n\n\n<p><\/p>\n","protected":false},"excerpt":{"rendered":"<p>Un proiect prin care sunt stabilite pre\u021burile medii la produsele agricole, pentru anul 2026, urmeaz\u0103 s\u0103 fie dezb\u0103tut \u00een \u0219edin\u021ba din 27 noiembrie a Consiliului General al Municipiului Bucure\u0219ti. Pre\u021burile sunt folosite pentru calcularea impozitelor pe veniturile din arend\u0103. Dac\u0103 va fi aprobat\u0103, hot\u0103r\u00e2rea va fi transmis\u0103 la ANAF. Pre\u021burile medii la produsele agricole pentru [&hellip;]<\/p>\n","protected":false},"author":65,"featured_media":158398,"comment_status":"closed","ping_status":"open","sticky":false,"template":"","format":"standard","meta":{"_acf_changed":false,"inline_featured_image":false,"ngg_post_thumbnail":0,"footnotes":""},"categories":[6994,5762,24],"tags":[148,104,1639,24759,3566],"ppma_author":[23912],"class_list":["post-158371","post","type-post","status-publish","format-standard","has-post-thumbnail","hentry","category-stiri-2","category-main","category-primarie","tag-cgmb","tag-pmb","tag-preturi","tag-produse-agricole","tag-sedinta-consiliu-general"],"acf":[],"yoast_head":"<!-- This site is optimized with the Yoast SEO Premium plugin v25.3 (Yoast SEO v27.5) - https:\/\/yoast.com\/product\/yoast-seo-premium-wordpress\/ -->\n<title>Prim\u0103ria Capitalei actualizeaz\u0103 pre\u021burile medii la produsele agricole pentru 2026 - Buletin de Bucure\u0219ti<\/title>\n<meta name=\"description\" content=\"Un proiect prin care sunt stabilite pre\u021burile medii la produsele agricole, pentru anul 2026, urmeaz\u0103 s\u0103 fie dezb\u0103tut de CGMB.\" \/>\n<meta name=\"robots\" content=\"index, follow, max-snippet:-1, max-image-preview:large, max-video-preview:-1\" \/>\n<link rel=\"canonical\" href=\"https:\/\/buletin.de\/bucuresti\/primaria-capitalei-actualizeaza-preturile-medii-la-produsele-agricole-pentru-2026\/\" \/>\n<meta property=\"og:locale\" content=\"en_GB\" \/>\n<meta property=\"og:type\" content=\"article\" \/>\n<meta property=\"og:title\" content=\"Prim\u0103ria Capitalei actualizeaz\u0103 pre\u021burile medii la produsele agricole pentru 2026\" \/>\n<meta property=\"og:description\" content=\"Un proiect prin care sunt stabilite pre\u021burile medii la produsele agricole, pentru anul 2026, urmeaz\u0103 s\u0103 fie dezb\u0103tut de CGMB.\" \/>\n<meta property=\"og:url\" content=\"https:\/\/buletin.de\/bucuresti\/primaria-capitalei-actualizeaza-preturile-medii-la-produsele-agricole-pentru-2026\/\" \/>\n<meta property=\"og:site_name\" content=\"Buletin de Bucure\u0219ti\" \/>\n<meta property=\"article:publisher\" content=\"https:\/\/www.facebook.com\/buletin.de.buc\" \/>\n<meta property=\"article:published_time\" content=\"2025-11-19T23:07:00+00:00\" \/>\n<meta property=\"article:modified_time\" content=\"2025-11-20T06:38:49+00:00\" \/>\n<meta property=\"og:image\" content=\"https:\/\/buletin.de\/bucuresti\/wp-content\/uploads\/2025\/11\/annie-spratt-kr_88BakygA-unsplash-e1763550345999.jpg\" \/>\n\t<meta property=\"og:image:width\" content=\"1920\" \/>\n\t<meta property=\"og:image:height\" content=\"1053\" \/>\n\t<meta property=\"og:image:type\" content=\"image\/jpeg\" \/>\n<meta name=\"author\" content=\"Andreea St\u0103n\u0103r\u00eeng\u0103\" \/>\n<meta name=\"twitter:card\" content=\"summary_large_image\" \/>\n<meta name=\"twitter:label1\" content=\"Written by\" \/>\n\t<meta name=\"twitter:data1\" content=\"Andreea St\u0103n\u0103r\u00eeng\u0103\" \/>\n\t<meta name=\"twitter:label2\" content=\"Estimated reading time\" \/>\n\t<meta name=\"twitter:data2\" content=\"2 minutes\" \/>\n<script type=\"application\/ld+json\" class=\"yoast-schema-graph\">{\"@context\":\"https:\\\/\\\/schema.org\",\"@graph\":[{\"@type\":\"Article\",\"@id\":\"https:\\\/\\\/buletin.de\\\/bucuresti\\\/primaria-capitalei-actualizeaza-preturile-medii-la-produsele-agricole-pentru-2026\\\/#article\",\"isPartOf\":{\"@id\":\"https:\\\/\\\/buletin.de\\\/bucuresti\\\/primaria-capitalei-actualizeaza-preturile-medii-la-produsele-agricole-pentru-2026\\\/\"},\"author\":{\"name\":\"Andreea St\u0103n\u0103r\u00eeng\u0103\",\"@id\":\"https:\\\/\\\/buletin.de\\\/bucuresti\\\/#\\\/schema\\\/person\\\/81421a46fb84a0887cfd2238f5202586\"},\"headline\":\"Prim\u0103ria Capitalei actualizeaz\u0103 pre\u021burile medii la produsele agricole pentru 2026\",\"datePublished\":\"2025-11-19T23:07:00+00:00\",\"dateModified\":\"2025-11-20T06:38:49+00:00\",\"mainEntityOfPage\":{\"@id\":\"https:\\\/\\\/buletin.de\\\/bucuresti\\\/primaria-capitalei-actualizeaza-preturile-medii-la-produsele-agricole-pentru-2026\\\/\"},\"wordCount\":459,\"publisher\":{\"@id\":\"https:\\\/\\\/buletin.de\\\/bucuresti\\\/#organization\"},\"image\":{\"@id\":\"https:\\\/\\\/buletin.de\\\/bucuresti\\\/primaria-capitalei-actualizeaza-preturile-medii-la-produsele-agricole-pentru-2026\\\/#primaryimage\"},\"thumbnailUrl\":\"https:\\\/\\\/buletin.de\\\/bucuresti\\\/wp-content\\\/uploads\\\/2025\\\/11\\\/annie-spratt-kr_88BakygA-unsplash-e1763550345999.jpg\",\"keywords\":[\"cgmb\",\"pmb\",\"preturi\",\"produse agricole\",\"sedinta consiliu general\"],\"articleSection\":[\"Articole\",\"Main\",\"Prim\u0103rie\"],\"inLanguage\":\"en-GB\",\"copyrightYear\":\"2025\",\"copyrightHolder\":{\"@id\":\"https:\\\/\\\/buletin.de\\\/bucuresti\\\/#organization\"}},{\"@type\":\"WebPage\",\"@id\":\"https:\\\/\\\/buletin.de\\\/bucuresti\\\/primaria-capitalei-actualizeaza-preturile-medii-la-produsele-agricole-pentru-2026\\\/\",\"url\":\"https:\\\/\\\/buletin.de\\\/bucuresti\\\/primaria-capitalei-actualizeaza-preturile-medii-la-produsele-agricole-pentru-2026\\\/\",\"name\":\"Prim\u0103ria Capitalei actualizeaz\u0103 pre\u021burile medii la produsele agricole pentru 2026 - Buletin de Bucure\u0219ti\",\"isPartOf\":{\"@id\":\"https:\\\/\\\/buletin.de\\\/bucuresti\\\/#website\"},\"primaryImageOfPage\":{\"@id\":\"https:\\\/\\\/buletin.de\\\/bucuresti\\\/primaria-capitalei-actualizeaza-preturile-medii-la-produsele-agricole-pentru-2026\\\/#primaryimage\"},\"image\":{\"@id\":\"https:\\\/\\\/buletin.de\\\/bucuresti\\\/primaria-capitalei-actualizeaza-preturile-medii-la-produsele-agricole-pentru-2026\\\/#primaryimage\"},\"thumbnailUrl\":\"https:\\\/\\\/buletin.de\\\/bucuresti\\\/wp-content\\\/uploads\\\/2025\\\/11\\\/annie-spratt-kr_88BakygA-unsplash-e1763550345999.jpg\",\"datePublished\":\"2025-11-19T23:07:00+00:00\",\"dateModified\":\"2025-11-20T06:38:49+00:00\",\"description\":\"Un proiect prin care sunt stabilite pre\u021burile medii la produsele agricole, pentru anul 2026, urmeaz\u0103 s\u0103 fie dezb\u0103tut de CGMB.\",\"breadcrumb\":{\"@id\":\"https:\\\/\\\/buletin.de\\\/bucuresti\\\/primaria-capitalei-actualizeaza-preturile-medii-la-produsele-agricole-pentru-2026\\\/#breadcrumb\"},\"inLanguage\":\"en-GB\",\"potentialAction\":[{\"@type\":\"ReadAction\",\"target\":[\"https:\\\/\\\/buletin.de\\\/bucuresti\\\/primaria-capitalei-actualizeaza-preturile-medii-la-produsele-agricole-pentru-2026\\\/\"]}]},{\"@type\":\"ImageObject\",\"inLanguage\":\"en-GB\",\"@id\":\"https:\\\/\\\/buletin.de\\\/bucuresti\\\/primaria-capitalei-actualizeaza-preturile-medii-la-produsele-agricole-pentru-2026\\\/#primaryimage\",\"url\":\"https:\\\/\\\/buletin.de\\\/bucuresti\\\/wp-content\\\/uploads\\\/2025\\\/11\\\/annie-spratt-kr_88BakygA-unsplash-e1763550345999.jpg\",\"contentUrl\":\"https:\\\/\\\/buletin.de\\\/bucuresti\\\/wp-content\\\/uploads\\\/2025\\\/11\\\/annie-spratt-kr_88BakygA-unsplash-e1763550345999.jpg\",\"width\":1920,\"height\":1053,\"caption\":\"Pre\u021burile medii la produsele agricole, stabilite de PMB pentru 2026. Foto: Unsplash\"},{\"@type\":\"BreadcrumbList\",\"@id\":\"https:\\\/\\\/buletin.de\\\/bucuresti\\\/primaria-capitalei-actualizeaza-preturile-medii-la-produsele-agricole-pentru-2026\\\/#breadcrumb\",\"itemListElement\":[{\"@type\":\"ListItem\",\"position\":1,\"name\":\"Acas\u0103\",\"item\":\"https:\\\/\\\/buletin.de\\\/bucuresti\\\/\"},{\"@type\":\"ListItem\",\"position\":2,\"name\":\"Prim\u0103ria Capitalei actualizeaz\u0103 pre\u021burile medii la produsele agricole pentru 2026\"}]},{\"@type\":\"WebSite\",\"@id\":\"https:\\\/\\\/buletin.de\\\/bucuresti\\\/#website\",\"url\":\"https:\\\/\\\/buletin.de\\\/bucuresti\\\/\",\"name\":\"Buletin de Bucure\u0219ti\",\"description\":\"\u0218tiri \u0219i investiga\u021bii esen\u021biale din capital\u0103\",\"publisher\":{\"@id\":\"https:\\\/\\\/buletin.de\\\/bucuresti\\\/#organization\"},\"potentialAction\":[{\"@type\":\"SearchAction\",\"target\":{\"@type\":\"EntryPoint\",\"urlTemplate\":\"https:\\\/\\\/buletin.de\\\/bucuresti\\\/?s={search_term_string}\"},\"query-input\":{\"@type\":\"PropertyValueSpecification\",\"valueRequired\":true,\"valueName\":\"search_term_string\"}}],\"inLanguage\":\"en-GB\"},{\"@type\":\"Organization\",\"@id\":\"https:\\\/\\\/buletin.de\\\/bucuresti\\\/#organization\",\"name\":\"Buletin de Bucure\u0219ti\",\"url\":\"https:\\\/\\\/buletin.de\\\/bucuresti\\\/\",\"logo\":{\"@type\":\"ImageObject\",\"inLanguage\":\"en-GB\",\"@id\":\"https:\\\/\\\/buletin.de\\\/bucuresti\\\/#\\\/schema\\\/logo\\\/image\\\/\",\"url\":\"https:\\\/\\\/buletin.de\\\/bucuresti\\\/wp-content\\\/uploads\\\/logo-bdb-full-wide-vernil-transparent.png\",\"contentUrl\":\"https:\\\/\\\/buletin.de\\\/bucuresti\\\/wp-content\\\/uploads\\\/logo-bdb-full-wide-vernil-transparent.png\",\"width\":1782,\"height\":626,\"caption\":\"Buletin de Bucure\u0219ti\"},\"image\":{\"@id\":\"https:\\\/\\\/buletin.de\\\/bucuresti\\\/#\\\/schema\\\/logo\\\/image\\\/\"},\"sameAs\":[\"https:\\\/\\\/www.facebook.com\\\/buletin.de.buc\",\"https:\\\/\\\/www.instagram.com\\\/buletinde.bucuresti\\\/\"]},{\"@type\":\"Person\",\"@id\":\"https:\\\/\\\/buletin.de\\\/bucuresti\\\/#\\\/schema\\\/person\\\/81421a46fb84a0887cfd2238f5202586\",\"name\":\"Andreea St\u0103n\u0103r\u00eeng\u0103\",\"image\":{\"@type\":\"ImageObject\",\"inLanguage\":\"en-GB\",\"@id\":\"https:\\\/\\\/secure.gravatar.com\\\/avatar\\\/dfa8d227a4388fad0f0bb03add04b5b176f4da34397dbb2eadc563b3d7162ce0?s=96&d=monsterid&r=g72784372b39ffe5a98a45288fe0d0e8a\",\"url\":\"https:\\\/\\\/secure.gravatar.com\\\/avatar\\\/dfa8d227a4388fad0f0bb03add04b5b176f4da34397dbb2eadc563b3d7162ce0?s=96&d=monsterid&r=g\",\"contentUrl\":\"https:\\\/\\\/secure.gravatar.com\\\/avatar\\\/dfa8d227a4388fad0f0bb03add04b5b176f4da34397dbb2eadc563b3d7162ce0?s=96&d=monsterid&r=g\",\"caption\":\"Andreea St\u0103n\u0103r\u00eeng\u0103\"},\"description\":\"Cu o experien\u021b\u0103 de peste 5 ani \u00een pres\u0103, face parte din echipa Buletin de Bucure\u0219ti din septembrie 2025. A colaborat cu c\u00e2teva publica\u021bii, printre care \u0219i Fanatik.ro, unde s-a ocupat de \u0219tiri de lifestyle \u0219i de actualitate. A f\u0103cut un pas c\u0103tre presa local\u0103 pentru a explora Bucure\u0219tiul \u0219i pove\u0219tile care merit\u0103 spuse.\",\"url\":\"https:\\\/\\\/buletin.de\\\/bucuresti\\\/author\\\/andreea-stanaranga\\\/\"}]}<\/script>\n<!-- \/ Yoast SEO Premium plugin. -->","yoast_head_json":{"title":"Prim\u0103ria Capitalei actualizeaz\u0103 pre\u021burile medii la produsele agricole pentru 2026 - Buletin de Bucure\u0219ti","description":"Un proiect prin care sunt stabilite pre\u021burile medii la produsele agricole, pentru anul 2026, urmeaz\u0103 s\u0103 fie dezb\u0103tut de CGMB.","robots":{"index":"index","follow":"follow","max-snippet":"max-snippet:-1","max-image-preview":"max-image-preview:large","max-video-preview":"max-video-preview:-1"},"canonical":"https:\/\/buletin.de\/bucuresti\/primaria-capitalei-actualizeaza-preturile-medii-la-produsele-agricole-pentru-2026\/","og_locale":"en_GB","og_type":"article","og_title":"Prim\u0103ria Capitalei actualizeaz\u0103 pre\u021burile medii la produsele agricole pentru 2026","og_description":"Un proiect prin care sunt stabilite pre\u021burile medii la produsele agricole, pentru anul 2026, urmeaz\u0103 s\u0103 fie dezb\u0103tut de CGMB.","og_url":"https:\/\/buletin.de\/bucuresti\/primaria-capitalei-actualizeaza-preturile-medii-la-produsele-agricole-pentru-2026\/","og_site_name":"Buletin de Bucure\u0219ti","article_publisher":"https:\/\/www.facebook.com\/buletin.de.buc","article_published_time":"2025-11-19T23:07:00+00:00","article_modified_time":"2025-11-20T06:38:49+00:00","og_image":[{"width":1920,"height":1053,"url":"https:\/\/buletin.de\/bucuresti\/wp-content\/uploads\/2025\/11\/annie-spratt-kr_88BakygA-unsplash-e1763550345999.jpg","type":"image\/jpeg"}],"author":"Andreea St\u0103n\u0103r\u00eeng\u0103","twitter_card":"summary_large_image","twitter_misc":{"Written by":"Andreea St\u0103n\u0103r\u00eeng\u0103","Estimated reading time":"2 minutes"},"schema":{"@context":"https:\/\/schema.org","@graph":[{"@type":"Article","@id":"https:\/\/buletin.de\/bucuresti\/primaria-capitalei-actualizeaza-preturile-medii-la-produsele-agricole-pentru-2026\/#article","isPartOf":{"@id":"https:\/\/buletin.de\/bucuresti\/primaria-capitalei-actualizeaza-preturile-medii-la-produsele-agricole-pentru-2026\/"},"author":{"name":"Andreea St\u0103n\u0103r\u00eeng\u0103","@id":"https:\/\/buletin.de\/bucuresti\/#\/schema\/person\/81421a46fb84a0887cfd2238f5202586"},"headline":"Prim\u0103ria Capitalei actualizeaz\u0103 pre\u021burile medii la produsele agricole pentru 2026","datePublished":"2025-11-19T23:07:00+00:00","dateModified":"2025-11-20T06:38:49+00:00","mainEntityOfPage":{"@id":"https:\/\/buletin.de\/bucuresti\/primaria-capitalei-actualizeaza-preturile-medii-la-produsele-agricole-pentru-2026\/"},"wordCount":459,"publisher":{"@id":"https:\/\/buletin.de\/bucuresti\/#organization"},"image":{"@id":"https:\/\/buletin.de\/bucuresti\/primaria-capitalei-actualizeaza-preturile-medii-la-produsele-agricole-pentru-2026\/#primaryimage"},"thumbnailUrl":"https:\/\/buletin.de\/bucuresti\/wp-content\/uploads\/2025\/11\/annie-spratt-kr_88BakygA-unsplash-e1763550345999.jpg","keywords":["cgmb","pmb","preturi","produse agricole","sedinta consiliu general"],"articleSection":["Articole","Main","Prim\u0103rie"],"inLanguage":"en-GB","copyrightYear":"2025","copyrightHolder":{"@id":"https:\/\/buletin.de\/bucuresti\/#organization"}},{"@type":"WebPage","@id":"https:\/\/buletin.de\/bucuresti\/primaria-capitalei-actualizeaza-preturile-medii-la-produsele-agricole-pentru-2026\/","url":"https:\/\/buletin.de\/bucuresti\/primaria-capitalei-actualizeaza-preturile-medii-la-produsele-agricole-pentru-2026\/","name":"Prim\u0103ria Capitalei actualizeaz\u0103 pre\u021burile medii la produsele agricole pentru 2026 - Buletin de Bucure\u0219ti","isPartOf":{"@id":"https:\/\/buletin.de\/bucuresti\/#website"},"primaryImageOfPage":{"@id":"https:\/\/buletin.de\/bucuresti\/primaria-capitalei-actualizeaza-preturile-medii-la-produsele-agricole-pentru-2026\/#primaryimage"},"image":{"@id":"https:\/\/buletin.de\/bucuresti\/primaria-capitalei-actualizeaza-preturile-medii-la-produsele-agricole-pentru-2026\/#primaryimage"},"thumbnailUrl":"https:\/\/buletin.de\/bucuresti\/wp-content\/uploads\/2025\/11\/annie-spratt-kr_88BakygA-unsplash-e1763550345999.jpg","datePublished":"2025-11-19T23:07:00+00:00","dateModified":"2025-11-20T06:38:49+00:00","description":"Un proiect prin care sunt stabilite pre\u021burile medii la produsele agricole, pentru anul 2026, urmeaz\u0103 s\u0103 fie dezb\u0103tut de CGMB.","breadcrumb":{"@id":"https:\/\/buletin.de\/bucuresti\/primaria-capitalei-actualizeaza-preturile-medii-la-produsele-agricole-pentru-2026\/#breadcrumb"},"inLanguage":"en-GB","potentialAction":[{"@type":"ReadAction","target":["https:\/\/buletin.de\/bucuresti\/primaria-capitalei-actualizeaza-preturile-medii-la-produsele-agricole-pentru-2026\/"]}]},{"@type":"ImageObject","inLanguage":"en-GB","@id":"https:\/\/buletin.de\/bucuresti\/primaria-capitalei-actualizeaza-preturile-medii-la-produsele-agricole-pentru-2026\/#primaryimage","url":"https:\/\/buletin.de\/bucuresti\/wp-content\/uploads\/2025\/11\/annie-spratt-kr_88BakygA-unsplash-e1763550345999.jpg","contentUrl":"https:\/\/buletin.de\/bucuresti\/wp-content\/uploads\/2025\/11\/annie-spratt-kr_88BakygA-unsplash-e1763550345999.jpg","width":1920,"height":1053,"caption":"Pre\u021burile medii la produsele agricole, stabilite de PMB pentru 2026. Foto: Unsplash"},{"@type":"BreadcrumbList","@id":"https:\/\/buletin.de\/bucuresti\/primaria-capitalei-actualizeaza-preturile-medii-la-produsele-agricole-pentru-2026\/#breadcrumb","itemListElement":[{"@type":"ListItem","position":1,"name":"Acas\u0103","item":"https:\/\/buletin.de\/bucuresti\/"},{"@type":"ListItem","position":2,"name":"Prim\u0103ria Capitalei actualizeaz\u0103 pre\u021burile medii la produsele agricole pentru 2026"}]},{"@type":"WebSite","@id":"https:\/\/buletin.de\/bucuresti\/#website","url":"https:\/\/buletin.de\/bucuresti\/","name":"Buletin de Bucure\u0219ti","description":"\u0218tiri \u0219i investiga\u021bii esen\u021biale din capital\u0103","publisher":{"@id":"https:\/\/buletin.de\/bucuresti\/#organization"},"potentialAction":[{"@type":"SearchAction","target":{"@type":"EntryPoint","urlTemplate":"https:\/\/buletin.de\/bucuresti\/?s={search_term_string}"},"query-input":{"@type":"PropertyValueSpecification","valueRequired":true,"valueName":"search_term_string"}}],"inLanguage":"en-GB"},{"@type":"Organization","@id":"https:\/\/buletin.de\/bucuresti\/#organization","name":"Buletin de Bucure\u0219ti","url":"https:\/\/buletin.de\/bucuresti\/","logo":{"@type":"ImageObject","inLanguage":"en-GB","@id":"https:\/\/buletin.de\/bucuresti\/#\/schema\/logo\/image\/","url":"https:\/\/buletin.de\/bucuresti\/wp-content\/uploads\/logo-bdb-full-wide-vernil-transparent.png","contentUrl":"https:\/\/buletin.de\/bucuresti\/wp-content\/uploads\/logo-bdb-full-wide-vernil-transparent.png","width":1782,"height":626,"caption":"Buletin de Bucure\u0219ti"},"image":{"@id":"https:\/\/buletin.de\/bucuresti\/#\/schema\/logo\/image\/"},"sameAs":["https:\/\/www.facebook.com\/buletin.de.buc","https:\/\/www.instagram.com\/buletinde.bucuresti\/"]},{"@type":"Person","@id":"https:\/\/buletin.de\/bucuresti\/#\/schema\/person\/81421a46fb84a0887cfd2238f5202586","name":"Andreea St\u0103n\u0103r\u00eeng\u0103","image":{"@type":"ImageObject","inLanguage":"en-GB","@id":"https:\/\/secure.gravatar.com\/avatar\/dfa8d227a4388fad0f0bb03add04b5b176f4da34397dbb2eadc563b3d7162ce0?s=96&d=monsterid&r=g72784372b39ffe5a98a45288fe0d0e8a","url":"https:\/\/secure.gravatar.com\/avatar\/dfa8d227a4388fad0f0bb03add04b5b176f4da34397dbb2eadc563b3d7162ce0?s=96&d=monsterid&r=g","contentUrl":"https:\/\/secure.gravatar.com\/avatar\/dfa8d227a4388fad0f0bb03add04b5b176f4da34397dbb2eadc563b3d7162ce0?s=96&d=monsterid&r=g","caption":"Andreea St\u0103n\u0103r\u00eeng\u0103"},"description":"Cu o experien\u021b\u0103 de peste 5 ani \u00een pres\u0103, face parte din echipa Buletin de Bucure\u0219ti din septembrie 2025. A colaborat cu c\u00e2teva publica\u021bii, printre care \u0219i Fanatik.ro, unde s-a ocupat de \u0219tiri de lifestyle \u0219i de actualitate. A f\u0103cut un pas c\u0103tre presa local\u0103 pentru a explora Bucure\u0219tiul \u0219i pove\u0219tile care merit\u0103 spuse.","url":"https:\/\/buletin.de\/bucuresti\/author\/andreea-stanaranga\/"}]}},"authors":[{"term_id":23912,"user_id":65,"is_guest":0,"slug":"andreea-stanaranga","display_name":"Andreea St\u0103n\u0103r\u00eeng\u0103","avatar_url":"https:\/\/secure.gravatar.com\/avatar\/dfa8d227a4388fad0f0bb03add04b5b176f4da34397dbb2eadc563b3d7162ce0?s=96&d=monsterid&r=g","0":null,"1":"","2":"","3":"","4":"","5":"","6":"","7":"","8":""}],"_links":{"self":[{"href":"https:\/\/buletin.de\/bucuresti\/wp-json\/wp\/v2\/posts\/158371","targetHints":{"allow":["GET"]}}],"collection":[{"href":"https:\/\/buletin.de\/bucuresti\/wp-json\/wp\/v2\/posts"}],"about":[{"href":"https:\/\/buletin.de\/bucuresti\/wp-json\/wp\/v2\/types\/post"}],"author":[{"embeddable":true,"href":"https:\/\/buletin.de\/bucuresti\/wp-json\/wp\/v2\/users\/65"}],"replies":[{"embeddable":true,"href":"https:\/\/buletin.de\/bucuresti\/wp-json\/wp\/v2\/comments?post=158371"}],"version-history":[{"count":6,"href":"https:\/\/buletin.de\/bucuresti\/wp-json\/wp\/v2\/posts\/158371\/revisions"}],"predecessor-version":[{"id":158481,"href":"https:\/\/buletin.de\/bucuresti\/wp-json\/wp\/v2\/posts\/158371\/revisions\/158481"}],"wp:featuredmedia":[{"embeddable":true,"href":"https:\/\/buletin.de\/bucuresti\/wp-json\/wp\/v2\/media\/158398"}],"wp:attachment":[{"href":"https:\/\/buletin.de\/bucuresti\/wp-json\/wp\/v2\/media?parent=158371"}],"wp:term":[{"taxonomy":"category","embeddable":true,"href":"https:\/\/buletin.de\/bucuresti\/wp-json\/wp\/v2\/categories?post=158371"},{"taxonomy":"post_tag","embeddable":true,"href":"https:\/\/buletin.de\/bucuresti\/wp-json\/wp\/v2\/tags?post=158371"},{"taxonomy":"author","embeddable":true,"href":"https:\/\/buletin.de\/bucuresti\/wp-json\/wp\/v2\/ppma_author?post=158371"}],"curies":[{"name":"wp","href":"https:\/\/api.w.org\/{rel}","templated":true}]}}