{"id":15833,"date":"2020-11-26T15:03:16","date_gmt":"2020-11-26T12:03:16","guid":{"rendered":"https:\/\/buletin.de\/bucuresti\/?p=15833"},"modified":"2020-11-26T15:03:16","modified_gmt":"2020-11-26T12:03:16","slug":"politia-locala-sector-1-o-supravegheaza-pe-clotilde-armand-dar-nu-are-idee-cum-ajung-filmarile-la-dan-tudorache-fostul-primar-a-zis-ca-le-a-vazut-pe-net","status":"publish","type":"post","link":"https:\/\/buletin.de\/bucuresti\/politia-locala-sector-1-o-supravegheaza-pe-clotilde-armand-dar-nu-are-idee-cum-ajung-filmarile-la-dan-tudorache-fostul-primar-a-zis-ca-le-a-vazut-pe-net\/","title":{"rendered":"Poli\u021bia Local\u0103 Sector 1 o supravegheaz\u0103 pe Clotilde Armand, dar nu are idee cum ajung film\u0103rile la Dan Tudorache. Fostul primar a zis c\u0103 le-a v\u0103zut \u201epe net\u201d"},"content":{"rendered":"\n<p><strong>O \u00eenregistrare cu Clotilde Armand surprins\u0103 de una dintre camerele de supraveghere care apar\u021bin Poli\u021biei Locale Sector 1 a fost distribuit\u0103, \u00een urm\u0103 cu o s\u0103pt\u0103m\u00e2n\u0103, pe pagina de Facebook a fostului primar al sectorului 1. Directorul adjunct al poli\u021biei ne-a transmis c\u0103 nu \u0219tie cum au ajuns film\u0103rile la Dan Tudorache, \u00eens\u0103 a fost demarat\u0103 o anchet\u0103. Tudorache, \u00een schimb, sus\u021bine c\u0103 videoul \u201e<em>a fost descoperit pe net de altcineva<\/em>\u201d.<\/strong><\/p>\n\n\n\n<p>18 noiembrie, ora 10:29. Fostul primar Dan Tudorache public\u0103 pe Facebook un video cu Clotilde Armand al\u0103turi de mai multe persoane prin care o acuz\u0103 de faptul c\u0103 face controale cu Daniel Dobo\u0219, \u201e<em>un personaj cel pu\u021bin controversat, care a fost condamnat de justi\u021bia german\u0103 la 15 ani de \u00eenchisoare pentru dou\u0103 crime comise \u00een 1992<\/em>\u201d.<\/p>\n\n\n\n<iframe src=\"https:\/\/www.facebook.com\/plugins\/video.php?href=https%3A%2F%2Fwww.facebook.com%2Fdan.tudorache.psd.1%2Fvideos%2F3342171525861392%2F&#038;show_text=0&#038;width=560\" width=\"560\" height=\"252\" style=\"border:none;overflow:hidden\" scrolling=\"no\" frameborder=\"0\" allowfullscreen=\"true\" allow=\"autoplay; clipboard-write; encrypted-media; picture-in-picture; web-share\" allowFullScreen=\"true\"><\/iframe>\n\n\n\n<p>\u00cenregistrarea video postat\u0103 de Tudorache a fost f\u0103cut\u0103 de Poli\u021bia Local\u0103 Sector 1, cu o camer\u0103 de supraveghere amplasat\u0103 chiar la sediul lor. La momentul respectiv, Dan Tudorache nu mai de\u021binea func\u021bia de primar \u0219i, deci, nu ar fi trebuit s\u0103 aib\u0103 acces la \u00eenregistr\u0103rile f\u0103cute de poli\u021bie. Poli\u021bia, \u00een schimb, nu are idee cum au ajuns imaginile la fostul primar.<\/p>\n\n\n\n<blockquote class=\"wp-block-quote is-layout-flow wp-block-quote-is-layout-flow\"><p>\u201eTotodat\u0103, v\u0103 inform\u0103m c\u0103 la momentul redact\u0103rii prezentei nu cunoa\u0219tem modalitatea prin care domnul Tudorache Daniel a intrat \u00een posesia imaginilor \u00een cauz\u0103, \u00eens\u0103 la nivel institu\u021bional a fost demarat\u0103 procedura verific\u0103rii administrative, care este \u00eenc\u0103 \u00een curs de desf\u0103\u0219urare, iar \u00een func\u021bie de rezultatul verific\u0103rilor se vor propune m\u0103suri de sanc\u021bionare, conform prevederilor legale, pentru persoanele care se fac vinovate de s\u0103v\u00e2r\u0219irea abaterilor disciplinare.\u201d <\/p><cite>Director General Adjunct State R\u0103zvan Florin<\/cite><\/blockquote>\n\n\n\n<p>Dan Tudorache ne-a spus c\u0103 filmule\u021bul a fost descoperit pe internet de altcineva \u0219i c\u0103 nu este singurul care se ocup\u0103 de administrarea paginii lui de Facebook.<\/p>\n\n\n\n<p><\/p>\n\n\n\n<p><\/p>\n\n\n\n<p><\/p>\n\n\n\n<div class=\"wp-block-group has-background\" style=\"background:linear-gradient(135deg,rgb(238,238,238) 90%,rgb(169,184,195) 100%)\"><div class=\"wp-block-group__inner-container is-layout-flow wp-block-group-is-layout-flow\">\n<p><\/p>\n\n\n\n<p>Reporter: Pe 18 noiembrie a\u021bi publicat pe Facebook un filmule\u021b cu Clotilde Armand \u0219i Daniel Dobo\u0219. Cum a\u021bi ob\u021binut \u00eenregistrarea video de la Poli\u021bia Local\u0103 Sector 1?<\/p>\n\n\n\n<p>Dan Tudorache: <em>De pe net am v\u0103zut-o.<\/em><\/p>\n\n\n\n<p>R: De unde mai exact pe net?<\/p>\n\n\n\n<p>D.T.: <em>Nu m\u0103 ocup eu de Facebook.<\/em><\/p>\n\n\n\n<p>R: Adic\u0103 altcineva posteaz\u0103 pe pagina dumneavoastr\u0103 de Facebook?<\/p>\n\n\n\n<p>D.T: <em>Nu eram singurul care interveneam pe pagin\u0103.<\/em><\/p>\n\n\n\n<p>R: \u0218i acel filmule\u021b a fost postat de dumnevoastr\u0103 sau de altcineva?<\/p>\n\n\n\n<p>D.T: <em>A fost descoperit pe net de altcineva. Eu m\u0103 descurc mai greu cu netul.<\/em><\/p>\n\n\n\n<p>R: Deci nu \u0219ti\u021bi unde? Pute\u021bi sa \u00eentreba\u021bi? Cine e persoana care l-a publicat?<\/p>\n\n\n\n<p>D.T: <em>Nu-mi mai r\u0103spunde nimeni la telefon acum!<\/em><\/p>\n\n\n\n<p>R: Persoana care a postat este angajat\u0103 la prim\u0103rie sau la o institu\u021bie subordonat\u0103 prim\u0103riei sector 1?<\/p>\n\n\n\n<p>D.T: <em>Nu.<\/em><\/p>\n\n\n\n<p><\/p>\n<\/div><\/div>\n\n\n\n<p><\/p>\n\n\n\n<p><\/p>\n\n\n\n<p><\/p>\n\n\n\n<p><\/p>\n\n\n\n<p>Cu dou\u0103 zile \u00eenainte de publicarea acestui video, tot Dan Tudorache a rostogolit pe re\u021belele sociale o informa\u021bie cum c\u0103 Daniel Dobo\u0219 ar urma s\u0103 fie viitorul \u0219ef al Poli\u021biei Locale Sector 1 \u0219i consilierul personal al actualului primar. <\/p>\n\n\n\n<div class=\"fb-post\" data-href=\"https:\/\/www.facebook.com\/dan.tudorache.psd.1\/posts\/1734070163430775\" data-show-text=\"true\" data-width=\"\"><blockquote cite=\"https:\/\/www.facebook.com\/dan.tudorache.psd.1\/posts\/1734070163430775\" class=\"fb-xfbml-parse-ignore\"><p>Cred c\u0103 am elucidat misterul pulanului g\u0103sit \u00een prim\u0103rie de primarul validat.\n\nB\u0103nuiala mea este c\u0103, foarte probabil,&#8230;<\/p>Publicat\u0103 de <a href=\"https:\/\/www.facebook.com\/dan.tudorache.psd.1\/\">Dan Tudorache<\/a> pe&nbsp;<a href=\"https:\/\/www.facebook.com\/dan.tudorache.psd.1\/posts\/1734070163430775\">Luni, 16 noiembrie 2020<\/a><\/blockquote><\/div>\n\n\n\n<p><\/p>\n\n\n\n<p><\/p>\n\n\n\n<p>Clotilde Armand a infirmat informa\u021bia pe 18 noiembrie, chiar \u00eenainte s\u0103 apar\u0103 filmule\u021bul pe Facebook: \u201e<em>Daniel Dobo\u0219 nu este consilierul meu, nu a fost \u0219i nu va fi.<\/em>\u201d<\/p>\n\n\n\n<div class=\"fb-post\" data-href=\"https:\/\/www.facebook.com\/clotildearmand.ro\/posts\/3477615158981181\" data-show-text=\"true\" data-width=\"\"><blockquote cite=\"https:\/\/www.facebook.com\/clotildearmand.ro\/posts\/3477615158981181\" class=\"fb-xfbml-parse-ignore\"><p>Daniel Dobo\u0219 nu este consilierul meu, nu a fost \u0219i nu va fi. Fi\u021bi foarte aten\u021bi: Tot ce a\u021bi citit despre aceast\u0103 tem\u0103 \u00een&#8230;<\/p>Publicat\u0103 de <a href=\"https:\/\/www.facebook.com\/clotildearmand.ro\/\">Clotilde Armand<\/a> pe&nbsp;<a href=\"https:\/\/www.facebook.com\/clotildearmand.ro\/posts\/3477615158981181\">Mar\u0163i, 17 noiembrie 2020<\/a><\/blockquote><\/div>\n\n\n\n<p><\/p>\n\n\n\n<p>Conform consilierul USR, Oliver P\u0103iu\u0219i, pozi\u021bia de \u0219ef al Poli\u021biei Locale Sector 1 va fi ob\u021binut\u0103 prin concurs.<\/p>\n\n\n\n<blockquote class=\"wp-block-quote is-layout-flow wp-block-quote-is-layout-flow\"><p>\u201eVa fi un concurs pentru aceast\u0103 pozi\u021bie. Timp de 6 luni o s\u0103 lucr\u0103m la organigrama prim\u0103riei. Va fi o dezbatere public\u0103.\u201d<\/p><cite>Oliver P\u0103iu\u0219i<\/cite><\/blockquote>\n\n\n\n<p>La \u00eenceputul lunii septembrie, <a href=\"https:\/\/justnews.ro\/draft-acte-de-politie-politica-cum-erau-monitorizati-lideri-ai-opozitiei-la-protestele-pasnice-anticoruptie-din-februarie-2017\/?fbclid=IwAR1UeZqfO358vkLdAsexbooN_oRkgSU0rps-x4cm7okIoiSaHAyOBoaE_pY\">o investiga\u021bie justnews.ro<\/a> a ar\u0103tat cum Clotilde Armand, pe atunci candidata opozi\u021biei la Prim\u0103ria Sectorului 1, ar fi fost urm\u0103rit\u0103 \u0219i filat\u0103 de Poli\u021bia Local\u0103 Sectorul 1, la ordinul lui Tudorache, \u00een timpul protestelor anticorup\u021bie din 2017.<\/p>\n\n\n\n<p><\/p>\n\n\n\n<p>Surs\u0103 cover: Captur\u0103 de ecran din filmule\u021bul de pe Facebook Dan Tudorache<\/p>\n","protected":false},"excerpt":{"rendered":"<p>O \u00eenregistrare cu Clotilde Armand surprins\u0103 de una dintre camerele de supraveghere care apar\u021bin Poli\u021biei Locale Sector 1 a fost distribuit\u0103, \u00een urm\u0103 cu o s\u0103pt\u0103m\u00e2n\u0103, pe pagina de Facebook a fostului primar al sectorului 1. Directorul adjunct al poli\u021biei ne-a transmis c\u0103 nu \u0219tie cum au ajuns film\u0103rile la Dan Tudorache, \u00eens\u0103 a fost [&hellip;]<\/p>\n","protected":false},"author":6,"featured_media":15836,"comment_status":"closed","ping_status":"open","sticky":false,"template":"","format":"standard","meta":{"_acf_changed":false,"inline_featured_image":false,"ngg_post_thumbnail":0,"footnotes":""},"categories":[24,62],"tags":[1487,663,1069,1837],"ppma_author":[22588],"class_list":["post-15833","post","type-post","status-publish","format-standard","has-post-thumbnail","hentry","category-primarie","category-stiri","tag-clotilde-armand","tag-dan-tudorache","tag-politia-locala-sector-1","tag-supraveghere"],"acf":[],"yoast_head":"<!-- This site is optimized with the Yoast SEO Premium plugin v25.3 (Yoast SEO v27.4) - https:\/\/yoast.com\/product\/yoast-seo-premium-wordpress\/ -->\n<title>Poli\u021bia Local\u0103 Sector 1 o supravegheaz\u0103 pe Clotilde Armand, dar nu are idee cum ajung film\u0103rile la Dan Tudorache. Fostul primar a zis c\u0103 le-a v\u0103zut \u201epe net\u201d - Buletin de Bucure\u0219ti<\/title>\n<meta name=\"robots\" content=\"index, follow, max-snippet:-1, max-image-preview:large, max-video-preview:-1\" \/>\n<link rel=\"canonical\" href=\"https:\/\/buletin.de\/bucuresti\/politia-locala-sector-1-o-supravegheaza-pe-clotilde-armand-dar-nu-are-idee-cum-ajung-filmarile-la-dan-tudorache-fostul-primar-a-zis-ca-le-a-vazut-pe-net\/\" \/>\n<meta property=\"og:locale\" content=\"en_GB\" \/>\n<meta property=\"og:type\" content=\"article\" \/>\n<meta property=\"og:title\" content=\"Poli\u021bia Local\u0103 Sector 1 o supravegheaz\u0103 pe Clotilde Armand, dar nu are idee cum ajung film\u0103rile la Dan Tudorache. Fostul primar a zis c\u0103 le-a v\u0103zut \u201epe net\u201d\" \/>\n<meta property=\"og:description\" content=\"O \u00eenregistrare cu Clotilde Armand surprins\u0103 de una dintre camerele de supraveghere care apar\u021bin Poli\u021biei Locale Sector 1 a fost distribuit\u0103, \u00een urm\u0103 cu o s\u0103pt\u0103m\u00e2n\u0103, pe pagina de Facebook a fostului primar al sectorului 1. Directorul adjunct al poli\u021biei ne-a transmis c\u0103 nu \u0219tie cum au ajuns film\u0103rile la Dan Tudorache, \u00eens\u0103 a fost [&hellip;]\" \/>\n<meta property=\"og:url\" content=\"https:\/\/buletin.de\/bucuresti\/politia-locala-sector-1-o-supravegheaza-pe-clotilde-armand-dar-nu-are-idee-cum-ajung-filmarile-la-dan-tudorache-fostul-primar-a-zis-ca-le-a-vazut-pe-net\/\" \/>\n<meta property=\"og:site_name\" content=\"Buletin de Bucure\u0219ti\" \/>\n<meta property=\"article:publisher\" content=\"https:\/\/www.facebook.com\/buletin.de.buc\" \/>\n<meta property=\"article:published_time\" content=\"2020-11-26T12:03:16+00:00\" \/>\n<meta property=\"og:image\" content=\"https:\/\/buletin.de\/bucuresti\/wp-content\/uploads\/Screenshot_4-19-900x404.png\" \/>\n\t<meta property=\"og:image:width\" content=\"900\" \/>\n\t<meta property=\"og:image:height\" content=\"404\" \/>\n\t<meta property=\"og:image:type\" content=\"image\/png\" \/>\n<meta name=\"author\" content=\"Bianca Albu\" \/>\n<meta name=\"twitter:card\" content=\"summary_large_image\" \/>\n<meta name=\"twitter:label1\" content=\"Written by\" \/>\n\t<meta name=\"twitter:data1\" content=\"Bianca Albu\" \/>\n\t<meta name=\"twitter:label2\" content=\"Estimated reading time\" \/>\n\t<meta name=\"twitter:data2\" content=\"4 minutes\" \/>\n<script type=\"application\/ld+json\" class=\"yoast-schema-graph\">{\"@context\":\"https:\\\/\\\/schema.org\",\"@graph\":[{\"@type\":\"Article\",\"@id\":\"https:\\\/\\\/buletin.de\\\/bucuresti\\\/politia-locala-sector-1-o-supravegheaza-pe-clotilde-armand-dar-nu-are-idee-cum-ajung-filmarile-la-dan-tudorache-fostul-primar-a-zis-ca-le-a-vazut-pe-net\\\/#article\",\"isPartOf\":{\"@id\":\"https:\\\/\\\/buletin.de\\\/bucuresti\\\/politia-locala-sector-1-o-supravegheaza-pe-clotilde-armand-dar-nu-are-idee-cum-ajung-filmarile-la-dan-tudorache-fostul-primar-a-zis-ca-le-a-vazut-pe-net\\\/\"},\"author\":{\"name\":\"Bianca Albu\",\"@id\":\"https:\\\/\\\/buletin.de\\\/bucuresti\\\/#\\\/schema\\\/person\\\/295dc2228d2dc79294d636619468dc7f\"},\"headline\":\"Poli\u021bia Local\u0103 Sector 1 o supravegheaz\u0103 pe Clotilde Armand, dar nu are idee cum ajung film\u0103rile la Dan Tudorache. Fostul primar a zis c\u0103 le-a v\u0103zut \u201epe net\u201d\",\"datePublished\":\"2020-11-26T12:03:16+00:00\",\"mainEntityOfPage\":{\"@id\":\"https:\\\/\\\/buletin.de\\\/bucuresti\\\/politia-locala-sector-1-o-supravegheaza-pe-clotilde-armand-dar-nu-are-idee-cum-ajung-filmarile-la-dan-tudorache-fostul-primar-a-zis-ca-le-a-vazut-pe-net\\\/\"},\"wordCount\":734,\"publisher\":{\"@id\":\"https:\\\/\\\/buletin.de\\\/bucuresti\\\/#organization\"},\"image\":{\"@id\":\"https:\\\/\\\/buletin.de\\\/bucuresti\\\/politia-locala-sector-1-o-supravegheaza-pe-clotilde-armand-dar-nu-are-idee-cum-ajung-filmarile-la-dan-tudorache-fostul-primar-a-zis-ca-le-a-vazut-pe-net\\\/#primaryimage\"},\"thumbnailUrl\":\"https:\\\/\\\/buletin.de\\\/bucuresti\\\/wp-content\\\/uploads\\\/Screenshot_4-19.png\",\"keywords\":[\"clotilde armand\",\"dan tudorache\",\"politia locala sector 1\",\"supraveghere\"],\"articleSection\":[\"Prim\u0103rie\",\"\u0218tiri\"],\"inLanguage\":\"en-GB\",\"copyrightYear\":\"2020\",\"copyrightHolder\":{\"@id\":\"https:\\\/\\\/buletin.de\\\/bucuresti\\\/#organization\"}},{\"@type\":\"WebPage\",\"@id\":\"https:\\\/\\\/buletin.de\\\/bucuresti\\\/politia-locala-sector-1-o-supravegheaza-pe-clotilde-armand-dar-nu-are-idee-cum-ajung-filmarile-la-dan-tudorache-fostul-primar-a-zis-ca-le-a-vazut-pe-net\\\/\",\"url\":\"https:\\\/\\\/buletin.de\\\/bucuresti\\\/politia-locala-sector-1-o-supravegheaza-pe-clotilde-armand-dar-nu-are-idee-cum-ajung-filmarile-la-dan-tudorache-fostul-primar-a-zis-ca-le-a-vazut-pe-net\\\/\",\"name\":\"Poli\u021bia Local\u0103 Sector 1 o supravegheaz\u0103 pe Clotilde Armand, dar nu are idee cum ajung film\u0103rile la Dan Tudorache. Fostul primar a zis c\u0103 le-a v\u0103zut \u201epe net\u201d - Buletin de Bucure\u0219ti\",\"isPartOf\":{\"@id\":\"https:\\\/\\\/buletin.de\\\/bucuresti\\\/#website\"},\"primaryImageOfPage\":{\"@id\":\"https:\\\/\\\/buletin.de\\\/bucuresti\\\/politia-locala-sector-1-o-supravegheaza-pe-clotilde-armand-dar-nu-are-idee-cum-ajung-filmarile-la-dan-tudorache-fostul-primar-a-zis-ca-le-a-vazut-pe-net\\\/#primaryimage\"},\"image\":{\"@id\":\"https:\\\/\\\/buletin.de\\\/bucuresti\\\/politia-locala-sector-1-o-supravegheaza-pe-clotilde-armand-dar-nu-are-idee-cum-ajung-filmarile-la-dan-tudorache-fostul-primar-a-zis-ca-le-a-vazut-pe-net\\\/#primaryimage\"},\"thumbnailUrl\":\"https:\\\/\\\/buletin.de\\\/bucuresti\\\/wp-content\\\/uploads\\\/Screenshot_4-19.png\",\"datePublished\":\"2020-11-26T12:03:16+00:00\",\"breadcrumb\":{\"@id\":\"https:\\\/\\\/buletin.de\\\/bucuresti\\\/politia-locala-sector-1-o-supravegheaza-pe-clotilde-armand-dar-nu-are-idee-cum-ajung-filmarile-la-dan-tudorache-fostul-primar-a-zis-ca-le-a-vazut-pe-net\\\/#breadcrumb\"},\"inLanguage\":\"en-GB\",\"potentialAction\":[{\"@type\":\"ReadAction\",\"target\":[\"https:\\\/\\\/buletin.de\\\/bucuresti\\\/politia-locala-sector-1-o-supravegheaza-pe-clotilde-armand-dar-nu-are-idee-cum-ajung-filmarile-la-dan-tudorache-fostul-primar-a-zis-ca-le-a-vazut-pe-net\\\/\"]}]},{\"@type\":\"ImageObject\",\"inLanguage\":\"en-GB\",\"@id\":\"https:\\\/\\\/buletin.de\\\/bucuresti\\\/politia-locala-sector-1-o-supravegheaza-pe-clotilde-armand-dar-nu-are-idee-cum-ajung-filmarile-la-dan-tudorache-fostul-primar-a-zis-ca-le-a-vazut-pe-net\\\/#primaryimage\",\"url\":\"https:\\\/\\\/buletin.de\\\/bucuresti\\\/wp-content\\\/uploads\\\/Screenshot_4-19.png\",\"contentUrl\":\"https:\\\/\\\/buletin.de\\\/bucuresti\\\/wp-content\\\/uploads\\\/Screenshot_4-19.png\",\"width\":1906,\"height\":855},{\"@type\":\"BreadcrumbList\",\"@id\":\"https:\\\/\\\/buletin.de\\\/bucuresti\\\/politia-locala-sector-1-o-supravegheaza-pe-clotilde-armand-dar-nu-are-idee-cum-ajung-filmarile-la-dan-tudorache-fostul-primar-a-zis-ca-le-a-vazut-pe-net\\\/#breadcrumb\",\"itemListElement\":[{\"@type\":\"ListItem\",\"position\":1,\"name\":\"Acas\u0103\",\"item\":\"https:\\\/\\\/buletin.de\\\/bucuresti\\\/\"},{\"@type\":\"ListItem\",\"position\":2,\"name\":\"Poli\u021bia Local\u0103 Sector 1 o supravegheaz\u0103 pe Clotilde Armand, dar nu are idee cum ajung film\u0103rile la Dan Tudorache. Fostul primar a zis c\u0103 le-a v\u0103zut \u201epe net\u201d\"}]},{\"@type\":\"WebSite\",\"@id\":\"https:\\\/\\\/buletin.de\\\/bucuresti\\\/#website\",\"url\":\"https:\\\/\\\/buletin.de\\\/bucuresti\\\/\",\"name\":\"Buletin de Bucure\u0219ti\",\"description\":\"\u0218tiri \u0219i investiga\u021bii esen\u021biale din capital\u0103\",\"publisher\":{\"@id\":\"https:\\\/\\\/buletin.de\\\/bucuresti\\\/#organization\"},\"potentialAction\":[{\"@type\":\"SearchAction\",\"target\":{\"@type\":\"EntryPoint\",\"urlTemplate\":\"https:\\\/\\\/buletin.de\\\/bucuresti\\\/?s={search_term_string}\"},\"query-input\":{\"@type\":\"PropertyValueSpecification\",\"valueRequired\":true,\"valueName\":\"search_term_string\"}}],\"inLanguage\":\"en-GB\"},{\"@type\":\"Organization\",\"@id\":\"https:\\\/\\\/buletin.de\\\/bucuresti\\\/#organization\",\"name\":\"Buletin de Bucure\u0219ti\",\"url\":\"https:\\\/\\\/buletin.de\\\/bucuresti\\\/\",\"logo\":{\"@type\":\"ImageObject\",\"inLanguage\":\"en-GB\",\"@id\":\"https:\\\/\\\/buletin.de\\\/bucuresti\\\/#\\\/schema\\\/logo\\\/image\\\/\",\"url\":\"https:\\\/\\\/buletin.de\\\/bucuresti\\\/wp-content\\\/uploads\\\/logo-bdb-full-wide-vernil-transparent.png\",\"contentUrl\":\"https:\\\/\\\/buletin.de\\\/bucuresti\\\/wp-content\\\/uploads\\\/logo-bdb-full-wide-vernil-transparent.png\",\"width\":1782,\"height\":626,\"caption\":\"Buletin de Bucure\u0219ti\"},\"image\":{\"@id\":\"https:\\\/\\\/buletin.de\\\/bucuresti\\\/#\\\/schema\\\/logo\\\/image\\\/\"},\"sameAs\":[\"https:\\\/\\\/www.facebook.com\\\/buletin.de.buc\",\"https:\\\/\\\/www.instagram.com\\\/buletinde.bucuresti\\\/\"]},{\"@type\":\"Person\",\"@id\":\"https:\\\/\\\/buletin.de\\\/bucuresti\\\/#\\\/schema\\\/person\\\/295dc2228d2dc79294d636619468dc7f\",\"name\":\"Bianca Albu\",\"image\":{\"@type\":\"ImageObject\",\"inLanguage\":\"en-GB\",\"@id\":\"https:\\\/\\\/secure.gravatar.com\\\/avatar\\\/3df2e34e20f529e6fd7be4311ee1f7c4ec4aa886971590baf6fa214b15743516?s=96&d=monsterid&r=gf541c715eeec409ce8101252a3c0d8a7\",\"url\":\"https:\\\/\\\/secure.gravatar.com\\\/avatar\\\/3df2e34e20f529e6fd7be4311ee1f7c4ec4aa886971590baf6fa214b15743516?s=96&d=monsterid&r=g\",\"contentUrl\":\"https:\\\/\\\/secure.gravatar.com\\\/avatar\\\/3df2e34e20f529e6fd7be4311ee1f7c4ec4aa886971590baf6fa214b15743516?s=96&d=monsterid&r=g\",\"caption\":\"Bianca Albu\"},\"description\":\"Reporter\",\"url\":\"https:\\\/\\\/buletin.de\\\/bucuresti\\\/author\\\/biancaalbu\\\/\"}]}<\/script>\n<!-- \/ Yoast SEO Premium plugin. -->","yoast_head_json":{"title":"Poli\u021bia Local\u0103 Sector 1 o supravegheaz\u0103 pe Clotilde Armand, dar nu are idee cum ajung film\u0103rile la Dan Tudorache. Fostul primar a zis c\u0103 le-a v\u0103zut \u201epe net\u201d - Buletin de Bucure\u0219ti","robots":{"index":"index","follow":"follow","max-snippet":"max-snippet:-1","max-image-preview":"max-image-preview:large","max-video-preview":"max-video-preview:-1"},"canonical":"https:\/\/buletin.de\/bucuresti\/politia-locala-sector-1-o-supravegheaza-pe-clotilde-armand-dar-nu-are-idee-cum-ajung-filmarile-la-dan-tudorache-fostul-primar-a-zis-ca-le-a-vazut-pe-net\/","og_locale":"en_GB","og_type":"article","og_title":"Poli\u021bia Local\u0103 Sector 1 o supravegheaz\u0103 pe Clotilde Armand, dar nu are idee cum ajung film\u0103rile la Dan Tudorache. Fostul primar a zis c\u0103 le-a v\u0103zut \u201epe net\u201d","og_description":"O \u00eenregistrare cu Clotilde Armand surprins\u0103 de una dintre camerele de supraveghere care apar\u021bin Poli\u021biei Locale Sector 1 a fost distribuit\u0103, \u00een urm\u0103 cu o s\u0103pt\u0103m\u00e2n\u0103, pe pagina de Facebook a fostului primar al sectorului 1. Directorul adjunct al poli\u021biei ne-a transmis c\u0103 nu \u0219tie cum au ajuns film\u0103rile la Dan Tudorache, \u00eens\u0103 a fost [&hellip;]","og_url":"https:\/\/buletin.de\/bucuresti\/politia-locala-sector-1-o-supravegheaza-pe-clotilde-armand-dar-nu-are-idee-cum-ajung-filmarile-la-dan-tudorache-fostul-primar-a-zis-ca-le-a-vazut-pe-net\/","og_site_name":"Buletin de Bucure\u0219ti","article_publisher":"https:\/\/www.facebook.com\/buletin.de.buc","article_published_time":"2020-11-26T12:03:16+00:00","og_image":[{"width":900,"height":404,"url":"https:\/\/buletin.de\/bucuresti\/wp-content\/uploads\/Screenshot_4-19-900x404.png","type":"image\/png"}],"author":"Bianca Albu","twitter_card":"summary_large_image","twitter_misc":{"Written by":"Bianca Albu","Estimated reading time":"4 minutes"},"schema":{"@context":"https:\/\/schema.org","@graph":[{"@type":"Article","@id":"https:\/\/buletin.de\/bucuresti\/politia-locala-sector-1-o-supravegheaza-pe-clotilde-armand-dar-nu-are-idee-cum-ajung-filmarile-la-dan-tudorache-fostul-primar-a-zis-ca-le-a-vazut-pe-net\/#article","isPartOf":{"@id":"https:\/\/buletin.de\/bucuresti\/politia-locala-sector-1-o-supravegheaza-pe-clotilde-armand-dar-nu-are-idee-cum-ajung-filmarile-la-dan-tudorache-fostul-primar-a-zis-ca-le-a-vazut-pe-net\/"},"author":{"name":"Bianca Albu","@id":"https:\/\/buletin.de\/bucuresti\/#\/schema\/person\/295dc2228d2dc79294d636619468dc7f"},"headline":"Poli\u021bia Local\u0103 Sector 1 o supravegheaz\u0103 pe Clotilde Armand, dar nu are idee cum ajung film\u0103rile la Dan Tudorache. Fostul primar a zis c\u0103 le-a v\u0103zut \u201epe net\u201d","datePublished":"2020-11-26T12:03:16+00:00","mainEntityOfPage":{"@id":"https:\/\/buletin.de\/bucuresti\/politia-locala-sector-1-o-supravegheaza-pe-clotilde-armand-dar-nu-are-idee-cum-ajung-filmarile-la-dan-tudorache-fostul-primar-a-zis-ca-le-a-vazut-pe-net\/"},"wordCount":734,"publisher":{"@id":"https:\/\/buletin.de\/bucuresti\/#organization"},"image":{"@id":"https:\/\/buletin.de\/bucuresti\/politia-locala-sector-1-o-supravegheaza-pe-clotilde-armand-dar-nu-are-idee-cum-ajung-filmarile-la-dan-tudorache-fostul-primar-a-zis-ca-le-a-vazut-pe-net\/#primaryimage"},"thumbnailUrl":"https:\/\/buletin.de\/bucuresti\/wp-content\/uploads\/Screenshot_4-19.png","keywords":["clotilde armand","dan tudorache","politia locala sector 1","supraveghere"],"articleSection":["Prim\u0103rie","\u0218tiri"],"inLanguage":"en-GB","copyrightYear":"2020","copyrightHolder":{"@id":"https:\/\/buletin.de\/bucuresti\/#organization"}},{"@type":"WebPage","@id":"https:\/\/buletin.de\/bucuresti\/politia-locala-sector-1-o-supravegheaza-pe-clotilde-armand-dar-nu-are-idee-cum-ajung-filmarile-la-dan-tudorache-fostul-primar-a-zis-ca-le-a-vazut-pe-net\/","url":"https:\/\/buletin.de\/bucuresti\/politia-locala-sector-1-o-supravegheaza-pe-clotilde-armand-dar-nu-are-idee-cum-ajung-filmarile-la-dan-tudorache-fostul-primar-a-zis-ca-le-a-vazut-pe-net\/","name":"Poli\u021bia Local\u0103 Sector 1 o supravegheaz\u0103 pe Clotilde Armand, dar nu are idee cum ajung film\u0103rile la Dan Tudorache. Fostul primar a zis c\u0103 le-a v\u0103zut \u201epe net\u201d - Buletin de Bucure\u0219ti","isPartOf":{"@id":"https:\/\/buletin.de\/bucuresti\/#website"},"primaryImageOfPage":{"@id":"https:\/\/buletin.de\/bucuresti\/politia-locala-sector-1-o-supravegheaza-pe-clotilde-armand-dar-nu-are-idee-cum-ajung-filmarile-la-dan-tudorache-fostul-primar-a-zis-ca-le-a-vazut-pe-net\/#primaryimage"},"image":{"@id":"https:\/\/buletin.de\/bucuresti\/politia-locala-sector-1-o-supravegheaza-pe-clotilde-armand-dar-nu-are-idee-cum-ajung-filmarile-la-dan-tudorache-fostul-primar-a-zis-ca-le-a-vazut-pe-net\/#primaryimage"},"thumbnailUrl":"https:\/\/buletin.de\/bucuresti\/wp-content\/uploads\/Screenshot_4-19.png","datePublished":"2020-11-26T12:03:16+00:00","breadcrumb":{"@id":"https:\/\/buletin.de\/bucuresti\/politia-locala-sector-1-o-supravegheaza-pe-clotilde-armand-dar-nu-are-idee-cum-ajung-filmarile-la-dan-tudorache-fostul-primar-a-zis-ca-le-a-vazut-pe-net\/#breadcrumb"},"inLanguage":"en-GB","potentialAction":[{"@type":"ReadAction","target":["https:\/\/buletin.de\/bucuresti\/politia-locala-sector-1-o-supravegheaza-pe-clotilde-armand-dar-nu-are-idee-cum-ajung-filmarile-la-dan-tudorache-fostul-primar-a-zis-ca-le-a-vazut-pe-net\/"]}]},{"@type":"ImageObject","inLanguage":"en-GB","@id":"https:\/\/buletin.de\/bucuresti\/politia-locala-sector-1-o-supravegheaza-pe-clotilde-armand-dar-nu-are-idee-cum-ajung-filmarile-la-dan-tudorache-fostul-primar-a-zis-ca-le-a-vazut-pe-net\/#primaryimage","url":"https:\/\/buletin.de\/bucuresti\/wp-content\/uploads\/Screenshot_4-19.png","contentUrl":"https:\/\/buletin.de\/bucuresti\/wp-content\/uploads\/Screenshot_4-19.png","width":1906,"height":855},{"@type":"BreadcrumbList","@id":"https:\/\/buletin.de\/bucuresti\/politia-locala-sector-1-o-supravegheaza-pe-clotilde-armand-dar-nu-are-idee-cum-ajung-filmarile-la-dan-tudorache-fostul-primar-a-zis-ca-le-a-vazut-pe-net\/#breadcrumb","itemListElement":[{"@type":"ListItem","position":1,"name":"Acas\u0103","item":"https:\/\/buletin.de\/bucuresti\/"},{"@type":"ListItem","position":2,"name":"Poli\u021bia Local\u0103 Sector 1 o supravegheaz\u0103 pe Clotilde Armand, dar nu are idee cum ajung film\u0103rile la Dan Tudorache. Fostul primar a zis c\u0103 le-a v\u0103zut \u201epe net\u201d"}]},{"@type":"WebSite","@id":"https:\/\/buletin.de\/bucuresti\/#website","url":"https:\/\/buletin.de\/bucuresti\/","name":"Buletin de Bucure\u0219ti","description":"\u0218tiri \u0219i investiga\u021bii esen\u021biale din capital\u0103","publisher":{"@id":"https:\/\/buletin.de\/bucuresti\/#organization"},"potentialAction":[{"@type":"SearchAction","target":{"@type":"EntryPoint","urlTemplate":"https:\/\/buletin.de\/bucuresti\/?s={search_term_string}"},"query-input":{"@type":"PropertyValueSpecification","valueRequired":true,"valueName":"search_term_string"}}],"inLanguage":"en-GB"},{"@type":"Organization","@id":"https:\/\/buletin.de\/bucuresti\/#organization","name":"Buletin de Bucure\u0219ti","url":"https:\/\/buletin.de\/bucuresti\/","logo":{"@type":"ImageObject","inLanguage":"en-GB","@id":"https:\/\/buletin.de\/bucuresti\/#\/schema\/logo\/image\/","url":"https:\/\/buletin.de\/bucuresti\/wp-content\/uploads\/logo-bdb-full-wide-vernil-transparent.png","contentUrl":"https:\/\/buletin.de\/bucuresti\/wp-content\/uploads\/logo-bdb-full-wide-vernil-transparent.png","width":1782,"height":626,"caption":"Buletin de Bucure\u0219ti"},"image":{"@id":"https:\/\/buletin.de\/bucuresti\/#\/schema\/logo\/image\/"},"sameAs":["https:\/\/www.facebook.com\/buletin.de.buc","https:\/\/www.instagram.com\/buletinde.bucuresti\/"]},{"@type":"Person","@id":"https:\/\/buletin.de\/bucuresti\/#\/schema\/person\/295dc2228d2dc79294d636619468dc7f","name":"Bianca Albu","image":{"@type":"ImageObject","inLanguage":"en-GB","@id":"https:\/\/secure.gravatar.com\/avatar\/3df2e34e20f529e6fd7be4311ee1f7c4ec4aa886971590baf6fa214b15743516?s=96&d=monsterid&r=gf541c715eeec409ce8101252a3c0d8a7","url":"https:\/\/secure.gravatar.com\/avatar\/3df2e34e20f529e6fd7be4311ee1f7c4ec4aa886971590baf6fa214b15743516?s=96&d=monsterid&r=g","contentUrl":"https:\/\/secure.gravatar.com\/avatar\/3df2e34e20f529e6fd7be4311ee1f7c4ec4aa886971590baf6fa214b15743516?s=96&d=monsterid&r=g","caption":"Bianca Albu"},"description":"Reporter","url":"https:\/\/buletin.de\/bucuresti\/author\/biancaalbu\/"}]}},"authors":[{"term_id":22588,"user_id":6,"is_guest":0,"slug":"biancaalbu","display_name":"Bianca Albu","avatar_url":"https:\/\/secure.gravatar.com\/avatar\/3df2e34e20f529e6fd7be4311ee1f7c4ec4aa886971590baf6fa214b15743516?s=96&d=monsterid&r=g","0":null,"1":"","2":"","3":"","4":"","5":"","6":"","7":"","8":""}],"_links":{"self":[{"href":"https:\/\/buletin.de\/bucuresti\/wp-json\/wp\/v2\/posts\/15833","targetHints":{"allow":["GET"]}}],"collection":[{"href":"https:\/\/buletin.de\/bucuresti\/wp-json\/wp\/v2\/posts"}],"about":[{"href":"https:\/\/buletin.de\/bucuresti\/wp-json\/wp\/v2\/types\/post"}],"author":[{"embeddable":true,"href":"https:\/\/buletin.de\/bucuresti\/wp-json\/wp\/v2\/users\/6"}],"replies":[{"embeddable":true,"href":"https:\/\/buletin.de\/bucuresti\/wp-json\/wp\/v2\/comments?post=15833"}],"version-history":[{"count":16,"href":"https:\/\/buletin.de\/bucuresti\/wp-json\/wp\/v2\/posts\/15833\/revisions"}],"predecessor-version":[{"id":15870,"href":"https:\/\/buletin.de\/bucuresti\/wp-json\/wp\/v2\/posts\/15833\/revisions\/15870"}],"wp:featuredmedia":[{"embeddable":true,"href":"https:\/\/buletin.de\/bucuresti\/wp-json\/wp\/v2\/media\/15836"}],"wp:attachment":[{"href":"https:\/\/buletin.de\/bucuresti\/wp-json\/wp\/v2\/media?parent=15833"}],"wp:term":[{"taxonomy":"category","embeddable":true,"href":"https:\/\/buletin.de\/bucuresti\/wp-json\/wp\/v2\/categories?post=15833"},{"taxonomy":"post_tag","embeddable":true,"href":"https:\/\/buletin.de\/bucuresti\/wp-json\/wp\/v2\/tags?post=15833"},{"taxonomy":"author","embeddable":true,"href":"https:\/\/buletin.de\/bucuresti\/wp-json\/wp\/v2\/ppma_author?post=15833"}],"curies":[{"name":"wp","href":"https:\/\/api.w.org\/{rel}","templated":true}]}}