{"id":158013,"date":"2025-11-18T09:08:39","date_gmt":"2025-11-18T06:08:39","guid":{"rendered":"https:\/\/buletin.de\/bucuresti\/?p=158013"},"modified":"2025-11-18T09:08:40","modified_gmt":"2025-11-18T06:08:40","slug":"solutii-pentru-un-oras-mai-verde-peste-150-de-cetateni-din-sectorul-1-au-participat-la-agora-climatica","status":"publish","type":"post","link":"https:\/\/buletin.de\/bucuresti\/solutii-pentru-un-oras-mai-verde-peste-150-de-cetateni-din-sectorul-1-au-participat-la-agora-climatica\/","title":{"rendered":"Solu\u021bii pentru un ora\u0219 mai verde. Peste 150 de cet\u0103\u021beni din Sectorul 1 au participat la \u201eAgora Climatic\u0103&#8221;"},"content":{"rendered":"\n<p><strong>\u00cen Sectorul 1, peste 150 de locuitori au propus solu\u021bii pentru un ora\u0219 mai verde, prin participarea la \u201eAgora Climatic\u0103\u201d. Ini\u021biativ\u0103 apar\u021bine organiza\u021biei <a href=\"https:\/\/www.ecopolis.org.ro\/agora\/\" target=\"_blank\" rel=\"noreferrer noopener\">Ecopolis<\/a>, \u0219i a fost realizat\u0103 cu sprijinul Prim\u0103riei Sectorului 1, pentru elaborarea primei Carte Albe a Rezilien\u021bei Climatice.<\/strong><\/p>\n\n\n\n<p>Documentul va fi prezentat public pe <strong>3 decembrie 2025, ora 10:00<\/strong>, \u00een Sala de Consiliu a Prim\u0103riei. Au participat despre cet\u0103\u021beni din cartierele Grivi\u021ba-Domenii, Bucure\u0219tii Noi, Kiseleff, Ci\u0219migiu \u0219i Amzei. <\/p>\n\n\n\n<h2 class=\"wp-block-heading\" id=\"h-peste-150-de-locuitori-din-sectorul-1-au-participat-la-agora-climatica\">Peste 150 de locuitori din Sectorul 1 au participat la Agora Climatic\u0103 <\/h2>\n\n\n\n<p>\u00cempreun\u0103 cu exper\u021bi \u00een s\u0103n\u0103tate, biodiversitate, calitatea aerului,<a href=\"https:\/\/buletin.de\/bucuresti\/poluarea-cu-nanoparticule-de-pana-la-20-ori-mai-mare-decat-limita-recomandata-in-centrul-capitalei-cele-mai-nocive-particule-ignorate-de-autoritati\/\" target=\"_blank\" rel=\"noreferrer noopener\"> schimb\u0103ri climatice<\/a> \u0219i sociologie, cet\u0103\u021benii din Sectorul 1 au cartografiat vulnerabilit\u0103\u021bile din fiecare cartier \u0219i au formulat primele direc\u021bii de interven\u021bie pentru un sector mai verde, dar \u0219i mai rezilient. <\/p>\n\n\n\n<p><strong>Acest proces a reprezentat o premier\u0103 \u00een Rom\u00e2nia \u0219i i-a ajutat pe locuitori s\u0103 \u00een\u021beleag\u0103 mai bine cum sunt afecta\u021bi de schimb\u0103rile climatice, formul\u00e2nd solu\u021bii punctuale. <\/strong><\/p>\n\n\n\n<p>Printre solu\u021biile dezb\u0103tute se num\u0103r\u0103 \u00eenverzirea cur\u021bilor \u0219colilor \u0219i crearea unor zone de r\u0103coare, dar \u0219i eficientizarea energetic\u0103 a locuin\u021belor, spa\u021bii ter\u021be \u0219i dezvoltarea unor modele de organizare comunitar\u0103 pentru administrarea spa\u021biilor verzi.<\/p>\n\n\n\n<p>La trei dintre cele cinci agore a participat \u0219i primarul Sectorului 1, George Tu\u021b\u0103. De asemenea, au fost prezen\u021bi reprezenta\u021bi ai Consiliului Local, ai Consiliului General \u0219i func\u021bionari din cadrul prim\u0103riilor la fiecare \u00eent\u00e2lnire.<\/p>\n\n\n\n<h2 class=\"wp-block-heading\" id=\"h-ceta\u021benii-invita\u021bi-sa-completeze-un-chestionar\">Cet\u0103\u021benii, invita\u021bi s\u0103 completeze un chestionar <\/h2>\n\n\n\n<p>P\u00e2n\u0103 pe 28 noiembrie 2025, to\u021bi cet\u0103\u021benii interesa\u021bi sunt invita\u021bi s\u0103 contribuie la configurarea Cartei Albe a Rezilien\u021bei Climatice prin<strong> completarea chestionarului online Vocea Cartierelor<\/strong>, la <a href=\"https:\/\/docs.google.com\/forms\/d\/e\/1FAIpQLScwqw4wotQqwmlc4GU6vXEQvO6vucbc7J8V19tqR-I0KLpgYg\/viewform\">acest link<\/a>. <\/p>\n\n\n\n<p><em>\u201ePrin <strong>Agora Climatic\u0103: Vocea Cartierelor<\/strong>\u00a0ne propunem s\u0103 cartografiem modurile \u00een care\u00a0cet\u0103\u021benii din Sectorul 1 resimt\u00a0<strong>schimb\u0103rile climatice <\/strong>&#8211;\u00a0\u00a0de la <strong>provoc\u0103ri <\/strong>(c\u0103ldur\u0103, inunda\u021bii, calitatea aerului) p\u00e2n\u0103 la\u00a0<strong>atuuri <\/strong>existente\u00a0\u00een cartiere (spa\u021bii verzi s\u0103n\u0103toase, arbori maturi\/seculari, locuri umbrite), dar \u0219i\u00a0<strong>resurse sociale<\/strong>\u00a0(oportunit\u0103\u021bi de voluntariat, re\u021bele active de vecini)\u201d,<\/em> se precizeaz\u0103 \u00een descrierea chestionarului.<\/p>\n\n\n\n<p>\u00cent\u00e2lnirile au fost organizate \u00eempreun\u0103 cu grupurile de ini\u021biativ\u0103 civic\u0103 locale, respectiv P\u0103rin\u021bi de Cire\u0219ari, Ini\u021biativa Civic\u0103 Bucure\u0219tii Noi, Grupul de Ini\u021biativ\u0103 civic\u0103 Kiseleff, Grupul de ini\u021biativ\u0103 civic\u0103 Ci\u0219migiu \u0219i Platforma de mediu pentru Bucure\u0219ti. <\/p>\n\n\n\n<p>CITE\u0218TE \u0218I <a href=\"https:\/\/buletin.de\/bucuresti\/taierile-ilegale-din-sectorul-3-continua-pe-un-fost-teren-al-mariei-cocoru-amenzile-au-fost-majorate-pana-la-3-000-lei-pentru-un-arbore\/\" target=\"_blank\" rel=\"noreferrer noopener\">T\u0103ierile ilegale din Sectorul 3 continu\u0103, pe un fost teren al Mariei Cocoru. Amenzile au fost majorate p\u00e2n\u0103 la 3.000 lei pentru un arbore<\/a><\/p>\n","protected":false},"excerpt":{"rendered":"<p>\u00cen Sectorul 1, peste 150 de locuitori au propus solu\u021bii pentru un ora\u0219 mai verde, prin participarea la \u201eAgora Climatic\u0103\u201d. Ini\u021biativ\u0103 apar\u021bine organiza\u021biei Ecopolis, \u0219i a fost realizat\u0103 cu sprijinul Prim\u0103riei Sectorului 1, pentru elaborarea primei Carte Albe a Rezilien\u021bei Climatice. Documentul va fi prezentat public pe 3 decembrie 2025, ora 10:00, \u00een Sala de [&hellip;]<\/p>\n","protected":false},"author":65,"featured_media":158056,"comment_status":"closed","ping_status":"open","sticky":false,"template":"","format":"standard","meta":{"_acf_changed":false,"inline_featured_image":false,"ngg_post_thumbnail":0,"footnotes":""},"categories":[6994,5762,109],"tags":[5644,475,13813,308],"ppma_author":[23912],"class_list":["post-158013","post","type-post","status-publish","format-standard","has-post-thumbnail","hentry","category-stiri-2","category-main","category-mediu","tag-ecopolis","tag-mediu","tag-schimbari-climatice-2","tag-sector-1"],"acf":[],"yoast_head":"<!-- This site is optimized with the Yoast SEO Premium plugin v25.3 (Yoast SEO v27.4) - https:\/\/yoast.com\/product\/yoast-seo-premium-wordpress\/ -->\n<title>Solu\u021bii pentru un ora\u0219 mai verde. Peste 150 de cet\u0103\u021beni din Sectorul 1 au participat la \u201eAgora Climatic\u0103&quot; - Buletin de Bucure\u0219ti<\/title>\n<meta name=\"description\" content=\"\u00cen Sectorul 1, peste 150 de locuitori au propus solu\u021bii pentru un ora\u0219 mai verde, prin participarea la \u201eAgora Climatic\u0103\u201d.\" \/>\n<meta name=\"robots\" content=\"index, follow, max-snippet:-1, max-image-preview:large, max-video-preview:-1\" \/>\n<link rel=\"canonical\" href=\"https:\/\/buletin.de\/bucuresti\/solutii-pentru-un-oras-mai-verde-peste-150-de-cetateni-din-sectorul-1-au-participat-la-agora-climatica\/\" \/>\n<meta property=\"og:locale\" content=\"en_GB\" \/>\n<meta property=\"og:type\" content=\"article\" \/>\n<meta property=\"og:title\" content=\"Solu\u021bii pentru un ora\u0219 mai verde. Peste 150 de cet\u0103\u021beni din Sectorul 1 au participat la \u201eAgora Climatic\u0103&quot;\" \/>\n<meta property=\"og:description\" content=\"\u00cen Sectorul 1, peste 150 de locuitori au propus solu\u021bii pentru un ora\u0219 mai verde, prin participarea la \u201eAgora Climatic\u0103\u201d.\" \/>\n<meta property=\"og:url\" content=\"https:\/\/buletin.de\/bucuresti\/solutii-pentru-un-oras-mai-verde-peste-150-de-cetateni-din-sectorul-1-au-participat-la-agora-climatica\/\" \/>\n<meta property=\"og:site_name\" content=\"Buletin de Bucure\u0219ti\" \/>\n<meta property=\"article:publisher\" content=\"https:\/\/www.facebook.com\/buletin.de.buc\" \/>\n<meta property=\"article:published_time\" content=\"2025-11-18T06:08:39+00:00\" \/>\n<meta property=\"article:modified_time\" content=\"2025-11-18T06:08:40+00:00\" \/>\n<meta property=\"og:image\" content=\"https:\/\/buletin.de\/bucuresti\/wp-content\/uploads\/2025\/11\/Peste-150-de-locuitori-Sector-1-Agora-Climatica-.jpg\" \/>\n\t<meta property=\"og:image:width\" content=\"1200\" \/>\n\t<meta property=\"og:image:height\" content=\"650\" \/>\n\t<meta property=\"og:image:type\" content=\"image\/jpeg\" \/>\n<meta name=\"author\" content=\"Andreea St\u0103n\u0103r\u00eeng\u0103\" \/>\n<meta name=\"twitter:card\" content=\"summary_large_image\" \/>\n<meta name=\"twitter:label1\" content=\"Written by\" \/>\n\t<meta name=\"twitter:data1\" content=\"Andreea St\u0103n\u0103r\u00eeng\u0103\" \/>\n\t<meta name=\"twitter:label2\" content=\"Estimated reading time\" \/>\n\t<meta name=\"twitter:data2\" content=\"2 minutes\" \/>\n<script type=\"application\/ld+json\" class=\"yoast-schema-graph\">{\"@context\":\"https:\\\/\\\/schema.org\",\"@graph\":[{\"@type\":\"Article\",\"@id\":\"https:\\\/\\\/buletin.de\\\/bucuresti\\\/solutii-pentru-un-oras-mai-verde-peste-150-de-cetateni-din-sectorul-1-au-participat-la-agora-climatica\\\/#article\",\"isPartOf\":{\"@id\":\"https:\\\/\\\/buletin.de\\\/bucuresti\\\/solutii-pentru-un-oras-mai-verde-peste-150-de-cetateni-din-sectorul-1-au-participat-la-agora-climatica\\\/\"},\"author\":{\"name\":\"Andreea St\u0103n\u0103r\u00eeng\u0103\",\"@id\":\"https:\\\/\\\/buletin.de\\\/bucuresti\\\/#\\\/schema\\\/person\\\/81421a46fb84a0887cfd2238f5202586\"},\"headline\":\"Solu\u021bii pentru un ora\u0219 mai verde. Peste 150 de cet\u0103\u021beni din Sectorul 1 au participat la \u201eAgora Climatic\u0103&#8221;\",\"datePublished\":\"2025-11-18T06:08:39+00:00\",\"dateModified\":\"2025-11-18T06:08:40+00:00\",\"mainEntityOfPage\":{\"@id\":\"https:\\\/\\\/buletin.de\\\/bucuresti\\\/solutii-pentru-un-oras-mai-verde-peste-150-de-cetateni-din-sectorul-1-au-participat-la-agora-climatica\\\/\"},\"wordCount\":441,\"publisher\":{\"@id\":\"https:\\\/\\\/buletin.de\\\/bucuresti\\\/#organization\"},\"image\":{\"@id\":\"https:\\\/\\\/buletin.de\\\/bucuresti\\\/solutii-pentru-un-oras-mai-verde-peste-150-de-cetateni-din-sectorul-1-au-participat-la-agora-climatica\\\/#primaryimage\"},\"thumbnailUrl\":\"https:\\\/\\\/buletin.de\\\/bucuresti\\\/wp-content\\\/uploads\\\/2025\\\/11\\\/Peste-150-de-locuitori-Sector-1-Agora-Climatica-.jpg\",\"keywords\":[\"ecopolis\",\"mediu\",\"schimbari climatice\",\"Sector 1\"],\"articleSection\":[\"Articole\",\"Main\",\"Mediu\"],\"inLanguage\":\"en-GB\",\"copyrightYear\":\"2025\",\"copyrightHolder\":{\"@id\":\"https:\\\/\\\/buletin.de\\\/bucuresti\\\/#organization\"}},{\"@type\":\"WebPage\",\"@id\":\"https:\\\/\\\/buletin.de\\\/bucuresti\\\/solutii-pentru-un-oras-mai-verde-peste-150-de-cetateni-din-sectorul-1-au-participat-la-agora-climatica\\\/\",\"url\":\"https:\\\/\\\/buletin.de\\\/bucuresti\\\/solutii-pentru-un-oras-mai-verde-peste-150-de-cetateni-din-sectorul-1-au-participat-la-agora-climatica\\\/\",\"name\":\"Solu\u021bii pentru un ora\u0219 mai verde. Peste 150 de cet\u0103\u021beni din Sectorul 1 au participat la \u201eAgora Climatic\u0103\\\" - Buletin de Bucure\u0219ti\",\"isPartOf\":{\"@id\":\"https:\\\/\\\/buletin.de\\\/bucuresti\\\/#website\"},\"primaryImageOfPage\":{\"@id\":\"https:\\\/\\\/buletin.de\\\/bucuresti\\\/solutii-pentru-un-oras-mai-verde-peste-150-de-cetateni-din-sectorul-1-au-participat-la-agora-climatica\\\/#primaryimage\"},\"image\":{\"@id\":\"https:\\\/\\\/buletin.de\\\/bucuresti\\\/solutii-pentru-un-oras-mai-verde-peste-150-de-cetateni-din-sectorul-1-au-participat-la-agora-climatica\\\/#primaryimage\"},\"thumbnailUrl\":\"https:\\\/\\\/buletin.de\\\/bucuresti\\\/wp-content\\\/uploads\\\/2025\\\/11\\\/Peste-150-de-locuitori-Sector-1-Agora-Climatica-.jpg\",\"datePublished\":\"2025-11-18T06:08:39+00:00\",\"dateModified\":\"2025-11-18T06:08:40+00:00\",\"description\":\"\u00cen Sectorul 1, peste 150 de locuitori au propus solu\u021bii pentru un ora\u0219 mai verde, prin participarea la \u201eAgora Climatic\u0103\u201d.\",\"breadcrumb\":{\"@id\":\"https:\\\/\\\/buletin.de\\\/bucuresti\\\/solutii-pentru-un-oras-mai-verde-peste-150-de-cetateni-din-sectorul-1-au-participat-la-agora-climatica\\\/#breadcrumb\"},\"inLanguage\":\"en-GB\",\"potentialAction\":[{\"@type\":\"ReadAction\",\"target\":[\"https:\\\/\\\/buletin.de\\\/bucuresti\\\/solutii-pentru-un-oras-mai-verde-peste-150-de-cetateni-din-sectorul-1-au-participat-la-agora-climatica\\\/\"]}]},{\"@type\":\"ImageObject\",\"inLanguage\":\"en-GB\",\"@id\":\"https:\\\/\\\/buletin.de\\\/bucuresti\\\/solutii-pentru-un-oras-mai-verde-peste-150-de-cetateni-din-sectorul-1-au-participat-la-agora-climatica\\\/#primaryimage\",\"url\":\"https:\\\/\\\/buletin.de\\\/bucuresti\\\/wp-content\\\/uploads\\\/2025\\\/11\\\/Peste-150-de-locuitori-Sector-1-Agora-Climatica-.jpg\",\"contentUrl\":\"https:\\\/\\\/buletin.de\\\/bucuresti\\\/wp-content\\\/uploads\\\/2025\\\/11\\\/Peste-150-de-locuitori-Sector-1-Agora-Climatica-.jpg\",\"width\":1200,\"height\":650,\"caption\":\"Cet\u0103\u021benii din Sectorul 1 au propus solu\u021bii pentru un ora\u0219 mai verde. Foto: Facebook\\\/Ecopolis\"},{\"@type\":\"BreadcrumbList\",\"@id\":\"https:\\\/\\\/buletin.de\\\/bucuresti\\\/solutii-pentru-un-oras-mai-verde-peste-150-de-cetateni-din-sectorul-1-au-participat-la-agora-climatica\\\/#breadcrumb\",\"itemListElement\":[{\"@type\":\"ListItem\",\"position\":1,\"name\":\"Acas\u0103\",\"item\":\"https:\\\/\\\/buletin.de\\\/bucuresti\\\/\"},{\"@type\":\"ListItem\",\"position\":2,\"name\":\"Solu\u021bii pentru un ora\u0219 mai verde. Peste 150 de cet\u0103\u021beni din Sectorul 1 au participat la \u201eAgora Climatic\u0103&#8221;\"}]},{\"@type\":\"WebSite\",\"@id\":\"https:\\\/\\\/buletin.de\\\/bucuresti\\\/#website\",\"url\":\"https:\\\/\\\/buletin.de\\\/bucuresti\\\/\",\"name\":\"Buletin de Bucure\u0219ti\",\"description\":\"\u0218tiri \u0219i investiga\u021bii esen\u021biale din capital\u0103\",\"publisher\":{\"@id\":\"https:\\\/\\\/buletin.de\\\/bucuresti\\\/#organization\"},\"potentialAction\":[{\"@type\":\"SearchAction\",\"target\":{\"@type\":\"EntryPoint\",\"urlTemplate\":\"https:\\\/\\\/buletin.de\\\/bucuresti\\\/?s={search_term_string}\"},\"query-input\":{\"@type\":\"PropertyValueSpecification\",\"valueRequired\":true,\"valueName\":\"search_term_string\"}}],\"inLanguage\":\"en-GB\"},{\"@type\":\"Organization\",\"@id\":\"https:\\\/\\\/buletin.de\\\/bucuresti\\\/#organization\",\"name\":\"Buletin de Bucure\u0219ti\",\"url\":\"https:\\\/\\\/buletin.de\\\/bucuresti\\\/\",\"logo\":{\"@type\":\"ImageObject\",\"inLanguage\":\"en-GB\",\"@id\":\"https:\\\/\\\/buletin.de\\\/bucuresti\\\/#\\\/schema\\\/logo\\\/image\\\/\",\"url\":\"https:\\\/\\\/buletin.de\\\/bucuresti\\\/wp-content\\\/uploads\\\/logo-bdb-full-wide-vernil-transparent.png\",\"contentUrl\":\"https:\\\/\\\/buletin.de\\\/bucuresti\\\/wp-content\\\/uploads\\\/logo-bdb-full-wide-vernil-transparent.png\",\"width\":1782,\"height\":626,\"caption\":\"Buletin de Bucure\u0219ti\"},\"image\":{\"@id\":\"https:\\\/\\\/buletin.de\\\/bucuresti\\\/#\\\/schema\\\/logo\\\/image\\\/\"},\"sameAs\":[\"https:\\\/\\\/www.facebook.com\\\/buletin.de.buc\",\"https:\\\/\\\/www.instagram.com\\\/buletinde.bucuresti\\\/\"]},{\"@type\":\"Person\",\"@id\":\"https:\\\/\\\/buletin.de\\\/bucuresti\\\/#\\\/schema\\\/person\\\/81421a46fb84a0887cfd2238f5202586\",\"name\":\"Andreea St\u0103n\u0103r\u00eeng\u0103\",\"image\":{\"@type\":\"ImageObject\",\"inLanguage\":\"en-GB\",\"@id\":\"https:\\\/\\\/secure.gravatar.com\\\/avatar\\\/dfa8d227a4388fad0f0bb03add04b5b176f4da34397dbb2eadc563b3d7162ce0?s=96&d=monsterid&r=g72784372b39ffe5a98a45288fe0d0e8a\",\"url\":\"https:\\\/\\\/secure.gravatar.com\\\/avatar\\\/dfa8d227a4388fad0f0bb03add04b5b176f4da34397dbb2eadc563b3d7162ce0?s=96&d=monsterid&r=g\",\"contentUrl\":\"https:\\\/\\\/secure.gravatar.com\\\/avatar\\\/dfa8d227a4388fad0f0bb03add04b5b176f4da34397dbb2eadc563b3d7162ce0?s=96&d=monsterid&r=g\",\"caption\":\"Andreea St\u0103n\u0103r\u00eeng\u0103\"},\"description\":\"Cu o experien\u021b\u0103 de peste 5 ani \u00een pres\u0103, face parte din echipa Buletin de Bucure\u0219ti din septembrie 2025. A colaborat cu c\u00e2teva publica\u021bii, printre care \u0219i Fanatik.ro, unde s-a ocupat de \u0219tiri de lifestyle \u0219i de actualitate. A f\u0103cut un pas c\u0103tre presa local\u0103 pentru a explora Bucure\u0219tiul \u0219i pove\u0219tile care merit\u0103 spuse.\",\"url\":\"https:\\\/\\\/buletin.de\\\/bucuresti\\\/author\\\/andreea-stanaranga\\\/\"}]}<\/script>\n<!-- \/ Yoast SEO Premium plugin. -->","yoast_head_json":{"title":"Solu\u021bii pentru un ora\u0219 mai verde. Peste 150 de cet\u0103\u021beni din Sectorul 1 au participat la \u201eAgora Climatic\u0103\" - Buletin de Bucure\u0219ti","description":"\u00cen Sectorul 1, peste 150 de locuitori au propus solu\u021bii pentru un ora\u0219 mai verde, prin participarea la \u201eAgora Climatic\u0103\u201d.","robots":{"index":"index","follow":"follow","max-snippet":"max-snippet:-1","max-image-preview":"max-image-preview:large","max-video-preview":"max-video-preview:-1"},"canonical":"https:\/\/buletin.de\/bucuresti\/solutii-pentru-un-oras-mai-verde-peste-150-de-cetateni-din-sectorul-1-au-participat-la-agora-climatica\/","og_locale":"en_GB","og_type":"article","og_title":"Solu\u021bii pentru un ora\u0219 mai verde. Peste 150 de cet\u0103\u021beni din Sectorul 1 au participat la \u201eAgora Climatic\u0103\"","og_description":"\u00cen Sectorul 1, peste 150 de locuitori au propus solu\u021bii pentru un ora\u0219 mai verde, prin participarea la \u201eAgora Climatic\u0103\u201d.","og_url":"https:\/\/buletin.de\/bucuresti\/solutii-pentru-un-oras-mai-verde-peste-150-de-cetateni-din-sectorul-1-au-participat-la-agora-climatica\/","og_site_name":"Buletin de Bucure\u0219ti","article_publisher":"https:\/\/www.facebook.com\/buletin.de.buc","article_published_time":"2025-11-18T06:08:39+00:00","article_modified_time":"2025-11-18T06:08:40+00:00","og_image":[{"width":1200,"height":650,"url":"https:\/\/buletin.de\/bucuresti\/wp-content\/uploads\/2025\/11\/Peste-150-de-locuitori-Sector-1-Agora-Climatica-.jpg","type":"image\/jpeg"}],"author":"Andreea St\u0103n\u0103r\u00eeng\u0103","twitter_card":"summary_large_image","twitter_misc":{"Written by":"Andreea St\u0103n\u0103r\u00eeng\u0103","Estimated reading time":"2 minutes"},"schema":{"@context":"https:\/\/schema.org","@graph":[{"@type":"Article","@id":"https:\/\/buletin.de\/bucuresti\/solutii-pentru-un-oras-mai-verde-peste-150-de-cetateni-din-sectorul-1-au-participat-la-agora-climatica\/#article","isPartOf":{"@id":"https:\/\/buletin.de\/bucuresti\/solutii-pentru-un-oras-mai-verde-peste-150-de-cetateni-din-sectorul-1-au-participat-la-agora-climatica\/"},"author":{"name":"Andreea St\u0103n\u0103r\u00eeng\u0103","@id":"https:\/\/buletin.de\/bucuresti\/#\/schema\/person\/81421a46fb84a0887cfd2238f5202586"},"headline":"Solu\u021bii pentru un ora\u0219 mai verde. Peste 150 de cet\u0103\u021beni din Sectorul 1 au participat la \u201eAgora Climatic\u0103&#8221;","datePublished":"2025-11-18T06:08:39+00:00","dateModified":"2025-11-18T06:08:40+00:00","mainEntityOfPage":{"@id":"https:\/\/buletin.de\/bucuresti\/solutii-pentru-un-oras-mai-verde-peste-150-de-cetateni-din-sectorul-1-au-participat-la-agora-climatica\/"},"wordCount":441,"publisher":{"@id":"https:\/\/buletin.de\/bucuresti\/#organization"},"image":{"@id":"https:\/\/buletin.de\/bucuresti\/solutii-pentru-un-oras-mai-verde-peste-150-de-cetateni-din-sectorul-1-au-participat-la-agora-climatica\/#primaryimage"},"thumbnailUrl":"https:\/\/buletin.de\/bucuresti\/wp-content\/uploads\/2025\/11\/Peste-150-de-locuitori-Sector-1-Agora-Climatica-.jpg","keywords":["ecopolis","mediu","schimbari climatice","Sector 1"],"articleSection":["Articole","Main","Mediu"],"inLanguage":"en-GB","copyrightYear":"2025","copyrightHolder":{"@id":"https:\/\/buletin.de\/bucuresti\/#organization"}},{"@type":"WebPage","@id":"https:\/\/buletin.de\/bucuresti\/solutii-pentru-un-oras-mai-verde-peste-150-de-cetateni-din-sectorul-1-au-participat-la-agora-climatica\/","url":"https:\/\/buletin.de\/bucuresti\/solutii-pentru-un-oras-mai-verde-peste-150-de-cetateni-din-sectorul-1-au-participat-la-agora-climatica\/","name":"Solu\u021bii pentru un ora\u0219 mai verde. Peste 150 de cet\u0103\u021beni din Sectorul 1 au participat la \u201eAgora Climatic\u0103\" - Buletin de Bucure\u0219ti","isPartOf":{"@id":"https:\/\/buletin.de\/bucuresti\/#website"},"primaryImageOfPage":{"@id":"https:\/\/buletin.de\/bucuresti\/solutii-pentru-un-oras-mai-verde-peste-150-de-cetateni-din-sectorul-1-au-participat-la-agora-climatica\/#primaryimage"},"image":{"@id":"https:\/\/buletin.de\/bucuresti\/solutii-pentru-un-oras-mai-verde-peste-150-de-cetateni-din-sectorul-1-au-participat-la-agora-climatica\/#primaryimage"},"thumbnailUrl":"https:\/\/buletin.de\/bucuresti\/wp-content\/uploads\/2025\/11\/Peste-150-de-locuitori-Sector-1-Agora-Climatica-.jpg","datePublished":"2025-11-18T06:08:39+00:00","dateModified":"2025-11-18T06:08:40+00:00","description":"\u00cen Sectorul 1, peste 150 de locuitori au propus solu\u021bii pentru un ora\u0219 mai verde, prin participarea la \u201eAgora Climatic\u0103\u201d.","breadcrumb":{"@id":"https:\/\/buletin.de\/bucuresti\/solutii-pentru-un-oras-mai-verde-peste-150-de-cetateni-din-sectorul-1-au-participat-la-agora-climatica\/#breadcrumb"},"inLanguage":"en-GB","potentialAction":[{"@type":"ReadAction","target":["https:\/\/buletin.de\/bucuresti\/solutii-pentru-un-oras-mai-verde-peste-150-de-cetateni-din-sectorul-1-au-participat-la-agora-climatica\/"]}]},{"@type":"ImageObject","inLanguage":"en-GB","@id":"https:\/\/buletin.de\/bucuresti\/solutii-pentru-un-oras-mai-verde-peste-150-de-cetateni-din-sectorul-1-au-participat-la-agora-climatica\/#primaryimage","url":"https:\/\/buletin.de\/bucuresti\/wp-content\/uploads\/2025\/11\/Peste-150-de-locuitori-Sector-1-Agora-Climatica-.jpg","contentUrl":"https:\/\/buletin.de\/bucuresti\/wp-content\/uploads\/2025\/11\/Peste-150-de-locuitori-Sector-1-Agora-Climatica-.jpg","width":1200,"height":650,"caption":"Cet\u0103\u021benii din Sectorul 1 au propus solu\u021bii pentru un ora\u0219 mai verde. Foto: Facebook\/Ecopolis"},{"@type":"BreadcrumbList","@id":"https:\/\/buletin.de\/bucuresti\/solutii-pentru-un-oras-mai-verde-peste-150-de-cetateni-din-sectorul-1-au-participat-la-agora-climatica\/#breadcrumb","itemListElement":[{"@type":"ListItem","position":1,"name":"Acas\u0103","item":"https:\/\/buletin.de\/bucuresti\/"},{"@type":"ListItem","position":2,"name":"Solu\u021bii pentru un ora\u0219 mai verde. Peste 150 de cet\u0103\u021beni din Sectorul 1 au participat la \u201eAgora Climatic\u0103&#8221;"}]},{"@type":"WebSite","@id":"https:\/\/buletin.de\/bucuresti\/#website","url":"https:\/\/buletin.de\/bucuresti\/","name":"Buletin de Bucure\u0219ti","description":"\u0218tiri \u0219i investiga\u021bii esen\u021biale din capital\u0103","publisher":{"@id":"https:\/\/buletin.de\/bucuresti\/#organization"},"potentialAction":[{"@type":"SearchAction","target":{"@type":"EntryPoint","urlTemplate":"https:\/\/buletin.de\/bucuresti\/?s={search_term_string}"},"query-input":{"@type":"PropertyValueSpecification","valueRequired":true,"valueName":"search_term_string"}}],"inLanguage":"en-GB"},{"@type":"Organization","@id":"https:\/\/buletin.de\/bucuresti\/#organization","name":"Buletin de Bucure\u0219ti","url":"https:\/\/buletin.de\/bucuresti\/","logo":{"@type":"ImageObject","inLanguage":"en-GB","@id":"https:\/\/buletin.de\/bucuresti\/#\/schema\/logo\/image\/","url":"https:\/\/buletin.de\/bucuresti\/wp-content\/uploads\/logo-bdb-full-wide-vernil-transparent.png","contentUrl":"https:\/\/buletin.de\/bucuresti\/wp-content\/uploads\/logo-bdb-full-wide-vernil-transparent.png","width":1782,"height":626,"caption":"Buletin de Bucure\u0219ti"},"image":{"@id":"https:\/\/buletin.de\/bucuresti\/#\/schema\/logo\/image\/"},"sameAs":["https:\/\/www.facebook.com\/buletin.de.buc","https:\/\/www.instagram.com\/buletinde.bucuresti\/"]},{"@type":"Person","@id":"https:\/\/buletin.de\/bucuresti\/#\/schema\/person\/81421a46fb84a0887cfd2238f5202586","name":"Andreea St\u0103n\u0103r\u00eeng\u0103","image":{"@type":"ImageObject","inLanguage":"en-GB","@id":"https:\/\/secure.gravatar.com\/avatar\/dfa8d227a4388fad0f0bb03add04b5b176f4da34397dbb2eadc563b3d7162ce0?s=96&d=monsterid&r=g72784372b39ffe5a98a45288fe0d0e8a","url":"https:\/\/secure.gravatar.com\/avatar\/dfa8d227a4388fad0f0bb03add04b5b176f4da34397dbb2eadc563b3d7162ce0?s=96&d=monsterid&r=g","contentUrl":"https:\/\/secure.gravatar.com\/avatar\/dfa8d227a4388fad0f0bb03add04b5b176f4da34397dbb2eadc563b3d7162ce0?s=96&d=monsterid&r=g","caption":"Andreea St\u0103n\u0103r\u00eeng\u0103"},"description":"Cu o experien\u021b\u0103 de peste 5 ani \u00een pres\u0103, face parte din echipa Buletin de Bucure\u0219ti din septembrie 2025. A colaborat cu c\u00e2teva publica\u021bii, printre care \u0219i Fanatik.ro, unde s-a ocupat de \u0219tiri de lifestyle \u0219i de actualitate. A f\u0103cut un pas c\u0103tre presa local\u0103 pentru a explora Bucure\u0219tiul \u0219i pove\u0219tile care merit\u0103 spuse.","url":"https:\/\/buletin.de\/bucuresti\/author\/andreea-stanaranga\/"}]}},"authors":[{"term_id":23912,"user_id":65,"is_guest":0,"slug":"andreea-stanaranga","display_name":"Andreea St\u0103n\u0103r\u00eeng\u0103","avatar_url":"https:\/\/secure.gravatar.com\/avatar\/dfa8d227a4388fad0f0bb03add04b5b176f4da34397dbb2eadc563b3d7162ce0?s=96&d=monsterid&r=g","0":null,"1":"","2":"","3":"","4":"","5":"","6":"","7":"","8":""}],"_links":{"self":[{"href":"https:\/\/buletin.de\/bucuresti\/wp-json\/wp\/v2\/posts\/158013","targetHints":{"allow":["GET"]}}],"collection":[{"href":"https:\/\/buletin.de\/bucuresti\/wp-json\/wp\/v2\/posts"}],"about":[{"href":"https:\/\/buletin.de\/bucuresti\/wp-json\/wp\/v2\/types\/post"}],"author":[{"embeddable":true,"href":"https:\/\/buletin.de\/bucuresti\/wp-json\/wp\/v2\/users\/65"}],"replies":[{"embeddable":true,"href":"https:\/\/buletin.de\/bucuresti\/wp-json\/wp\/v2\/comments?post=158013"}],"version-history":[{"count":8,"href":"https:\/\/buletin.de\/bucuresti\/wp-json\/wp\/v2\/posts\/158013\/revisions"}],"predecessor-version":[{"id":158159,"href":"https:\/\/buletin.de\/bucuresti\/wp-json\/wp\/v2\/posts\/158013\/revisions\/158159"}],"wp:featuredmedia":[{"embeddable":true,"href":"https:\/\/buletin.de\/bucuresti\/wp-json\/wp\/v2\/media\/158056"}],"wp:attachment":[{"href":"https:\/\/buletin.de\/bucuresti\/wp-json\/wp\/v2\/media?parent=158013"}],"wp:term":[{"taxonomy":"category","embeddable":true,"href":"https:\/\/buletin.de\/bucuresti\/wp-json\/wp\/v2\/categories?post=158013"},{"taxonomy":"post_tag","embeddable":true,"href":"https:\/\/buletin.de\/bucuresti\/wp-json\/wp\/v2\/tags?post=158013"},{"taxonomy":"author","embeddable":true,"href":"https:\/\/buletin.de\/bucuresti\/wp-json\/wp\/v2\/ppma_author?post=158013"}],"curies":[{"name":"wp","href":"https:\/\/api.w.org\/{rel}","templated":true}]}}