{"id":15783,"date":"2020-11-25T19:47:24","date_gmt":"2020-11-25T16:47:24","guid":{"rendered":"https:\/\/buletin.de\/bucuresti\/?p=15783"},"modified":"2020-11-25T23:25:08","modified_gmt":"2020-11-25T20:25:08","slug":"razboi-intre-gabriel-firea-si-clotilde-armand-miza-tabletele-de-la-colegiul-goethe","status":"publish","type":"post","link":"https:\/\/buletin.de\/bucuresti\/razboi-intre-gabriel-firea-si-clotilde-armand-miza-tabletele-de-la-colegiul-goethe\/","title":{"rendered":"R\u0103zboi \u00eentre Gabriela Firea \u0219i Clotilde Armand | Miza, bugetul de la Colegiul Goethe"},"content":{"rendered":"\n<p>Update<\/p>\n\n\n\n<p>Clotilde Armand a l\u0103murit, ast\u0103 sear\u0103, printr-o postare pe Facebook, de ce a disp\u0103rut comentariul s\u0103u de pe pagina Gabrielei Firea. A fost \u0219ters.<\/p>\n\n\n\n<p>&#8220;Am l\u0103sat \u0219i eu acest comentariu pasager spre l\u0103muriera unui titlu fals \u0219i a disp\u0103rut <img decoding=\"async\" height=\"16\" width=\"16\" alt=\"?\" src=\"data:image\/gif;base64,R0lGODlhAQABAAAAACH5BAEKAAEALAAAAAABAAEAAAICTAEAOw==\" class=\"lazyload\" data-src=\"https:\/\/static.xx.fbcdn.net\/images\/emoji.php\/v9\/tcb\/1\/16\/1f641.png\"> Sper c\u0103 n-am sup\u0103rat pe nimeni.Oamei buni, nu mai crede\u021bi toate redac\u021biile de fake news.&#8221;<\/p>\n\n\n\n<div class=\"fb-post\" data-href=\"https:\/\/www.facebook.com\/c.m.b.armand\/posts\/1565032847218137\" data-show-text=\"true\" data-width=\"\"><blockquote cite=\"https:\/\/www.facebook.com\/c.m.b.armand\/posts\/1565032847218137\" class=\"fb-xfbml-parse-ignore\"><p>Am l\u0103sat \u0219i eu acest comentariu pasager spre l\u0103muriera unui titlu fals \u0219i a disp\u0103rut \ud83d\ude41 Sper c\u0103 n-am sup\u0103rat pe nimeni.\nOamei buni, nu mai crede\u021bi toate redac\u021biile de fake news.<\/p>Publicat\u0103 de <a href=\"#\" role=\"button\">Clotilde Armand<\/a> pe&nbsp;<a href=\"https:\/\/www.facebook.com\/c.m.b.armand\/posts\/1565032847218137\">Miercuri, 25 noiembrie 2020<\/a><\/blockquote><\/div>\n\n\n\n<p><\/p>\n\n\n\n<p><\/p>\n\n\n\n<p>Un r\u0103zboi al declara\u021biilor a izbucnit, ast\u0103zi, pe Facebook, \u00eentre primarul Sector 1, Clotilde Armand \u0219i fostul edil general, Gabriela Firea. Conflictul a plecat de la decizia edilului Sector 1 de t\u0103ia o parte din bugetul Colegiului German Goethe, lucru anun\u021bat de conducerea liceului, comitetului de p\u0103rin\u021bi.<\/p>\n\n\n\n<p>Gabriela Firea a postat pe pagina sa de Facebook, un link c\u0103tre un articol \u00een care se vorbea despre t\u0103ierile de fonduri de la Colegiului German Goethe. A \u00eenso\u021bit postarea de un comentariu propriu. <\/p>\n\n\n\n<p><em>&#8220;Unde este Rom\u00e2nia educat\u0103? Unde sunt investi\u021biile promise? Iat\u0103 decizii groaznice ale guvern\u0103rii <a href=\"https:\/\/www.facebook.com\/hashtag\/dedreapta?__cft__[0]=AZVSeQ5-TSeU_7Sy4eedbNSdRyYaDCvF5Qbwu2Ex-k9AFrdBiISqOptj7YoDD1A-GqwWyVoxTS5SiV_Gbg_E8oaSWBk5Jik1uOJXCfp35yutCJQJUSCPvaDNZwSlIqxARiXaDFMxf23W8mTgicieCn8u&amp;__tn__=*NK-R\">#DeDreapta<\/a><a href=\"https:\/\/www.facebook.com\/hashtag\/nulepas%C4%83deoameni?__cft__[0]=AZVSeQ5-TSeU_7Sy4eedbNSdRyYaDCvF5Qbwu2Ex-k9AFrdBiISqOptj7YoDD1A-GqwWyVoxTS5SiV_Gbg_E8oaSWBk5Jik1uOJXCfp35yutCJQJUSCPvaDNZwSlIqxARiXaDFMxf23W8mTgicieCn8u&amp;__tn__=*NK-R\">#NuLePas\u0103DeOameni<\/a>&#8220;<\/em><\/p>\n\n\n\n<div class=\"fb-post\" data-href=\"https:\/\/www.facebook.com\/gabifirea\/posts\/3767109633351816\" data-show-text=\"true\" data-width=\"\"><blockquote cite=\"https:\/\/www.facebook.com\/gabifirea\/posts\/3767109633351816\" class=\"fb-xfbml-parse-ignore\"><p>Unde este Rom\u00e2nia educat\u0103? Unde sunt investi\u021biile promise? Iat\u0103 decizii groaznice ale guvern\u0103rii #DeDreapta\n#NuLePas\u0103DeOameni<\/p>Publicat\u0103 de <a href=\"https:\/\/www.facebook.com\/gabifirea\/\">Gabriela Firea<\/a> pe&nbsp;<a href=\"https:\/\/www.facebook.com\/gabifirea\/posts\/3767109633351816\">Miercuri, 25 noiembrie 2020<\/a><\/blockquote><\/div>\n\n\n\n<p>Imediat, a venit \u0219i replica primarului Sector 1, Clotilde Armand, sub forma unui comentariu la postarea Gabrielei Firea. \u00centre timp, postarea Clotildei Armand a disparut.<\/p>\n\n\n\n<p>&#8220;<em>Stimabil\u0103 doamn\u0103 candidat, a\u021bi face tare bine s\u0103-l \u00eentreba\u021bi pe colegul dvs, de list\u0103 ce a f\u0103cut cu 1 miliarde de lei. P\u00e2n\u0103 r\u0103spnde domnia lui \u00eentreb\u0103rii v\u0103 anun\u021b c\u0103 a l\u0103sat bugetul prim\u0103riei sectorului 1 aproape gol. A\u0219a e c\u00e2nd e\u0219ti socialist iubitor de diamante. Sau de festivaluri \u0219i statui. Dar eu voi remedia ceea ce fal\u0219ii sociali\u0219ti au stricat. V\u0103 doresc succes \u00een campania electoral\u0103 \u0219i v\u0103 rog frumos s\u0103 \u00eenceta\u021bi cu ipocrizia&#8221;,<\/em> a scris Clotilde Armand.<\/p>\n\n\n\n<figure class=\"wp-block-image size-large\"><img fetchpriority=\"high\" decoding=\"async\" width=\"399\" height=\"374\" src=\"data:image\/gif;base64,R0lGODlhAQABAAAAACH5BAEKAAEALAAAAAABAAEAAAICTAEAOw==\" data-src=\"https:\/\/buletin.de\/bucuresti\/wp-content\/uploads\/image-331.png\" alt=\"\" class=\"wp-image-15787 lazyload\" data-sizes=\"auto\" data-srcset=\"https:\/\/buletin.de\/bucuresti\/wp-content\/uploads\/image-331.png 399w, https:\/\/buletin.de\/bucuresti\/wp-content\/uploads\/image-331-300x281.png 300w\" sizes=\"(max-width: 399px) 100vw, 399px\" \/><\/figure>\n\n\n\n<p>Conflictul s-a iscat dup\u0103 ce, \u00een spa\u021biu public a ap\u0103rut o comunicare a Comitetului Reprezentativ al P\u0103rin\u021bilor de la Colegiului German Goethe c\u0103tre restul p\u0103rin\u021bilor. \u00cen aceasta, se specifica c\u0103 bugetul \u0219colii a fost redus, prin disponibilizarea unor sume c\u0103tre bugetul local, \u00een total 3 miliarde de lei vechi, conform conducerii.<\/p>\n\n\n\n<figure class=\"wp-block-image size-large is-resized\"><img decoding=\"async\" src=\"data:image\/gif;base64,R0lGODlhAQABAAAAACH5BAEKAAEALAAAAAABAAEAAAICTAEAOw==\" data-src=\"https:\/\/buletin.de\/bucuresti\/wp-content\/uploads\/WhatsApp-Image-2020-11-25-at-17.34.59.jpeg\" alt=\"\" class=\"wp-image-15788 lazyload\" width=\"580\" height=\"109\" data-sizes=\"auto\" data-srcset=\"https:\/\/buletin.de\/bucuresti\/wp-content\/uploads\/WhatsApp-Image-2020-11-25-at-17.34.59.jpeg 798w, https:\/\/buletin.de\/bucuresti\/wp-content\/uploads\/WhatsApp-Image-2020-11-25-at-17.34.59-300x56.jpeg 300w, https:\/\/buletin.de\/bucuresti\/wp-content\/uploads\/WhatsApp-Image-2020-11-25-at-17.34.59-768x144.jpeg 768w, https:\/\/buletin.de\/bucuresti\/wp-content\/uploads\/WhatsApp-Image-2020-11-25-at-17.34.59-550x103.jpeg 550w, https:\/\/buletin.de\/bucuresti\/wp-content\/uploads\/WhatsApp-Image-2020-11-25-at-17.34.59-600x113.jpeg 600w\" sizes=\"(max-width: 580px) 100vw, 580px\" \/><\/figure>\n\n\n\n<p>Prim\u0103ria Sector 1 a adus l\u0103muriri, printr-o postare pe Facebook privind m\u0103surile luate de noul primar.<\/p>\n\n\n\n<p>&#8220;<em>\u00cen acest moment, la nivelul bugetului Sectorului 1 exist\u0103 o diferen\u021b\u0103 \u00eentre cheltuielile bugetate \u0219i veniturile reale de ordinul a 1 miliard de lei. Aceast\u0103 situa\u021bie nu poate fi rezolvat\u0103 dec\u00e2t prin reducerea de fonduri de la toate structurile aflate \u00een subordinea Prim\u0103riei sau Consiliului Local Sector 1<\/em>.<\/p>\n\n\n\n<p><em>\u201dVremea dezm\u0103\u021bului \u0219i populismului bugetar din cel mai bogat sector al Capitalei a trecut. Eu voi remedia ceea ce fal\u0219ii sociali\u0219ti au stricat \u0219i, de acum \u00eencolo, voi aloca fonduri ra\u021bional doar c\u0103tre proiecte esen\u021biale pentru dezvoltarea comunit\u0103\u021bii locale. A venit vremea s\u0103 reconstruim Sectorul 1, s\u0103 cheltuim responsabil banii existen\u021bi \u0219i s\u0103 spunem stop pilelor, corup\u021biei \u0219i birocra\u021biei\u201d<\/em>, a declarat primarul Clotilde Armand.<\/p>\n\n\n\n<p>Colegiului German Goethe este unul dintre liceele de top ale Capitalei. Bugetul s\u0103u a fost generos an de an.<\/p>\n\n\n\n<p>Clotilde Armand a anun\u021bat zilele trecute c\u0103 la Prim\u0103ria Sector 1 e \u00een plin\u0103 desf\u0103\u0219urare un audit pentru a afla cum a fost cheltuit bugetul \u00een mandatul predecesorului s\u0103u, Dan Tudorache.<\/p>\n\n\n\n<p>Foto Inquam Photos\/George Calin<\/p>\n","protected":false},"excerpt":{"rendered":"<p>Update Clotilde Armand a l\u0103murit, ast\u0103 sear\u0103, printr-o postare pe Facebook, de ce a disp\u0103rut comentariul s\u0103u de pe pagina Gabrielei Firea. A fost \u0219ters. &#8220;Am l\u0103sat \u0219i eu acest comentariu pasager spre l\u0103muriera unui titlu fals \u0219i a disp\u0103rut Sper c\u0103 n-am sup\u0103rat pe nimeni.Oamei buni, nu mai crede\u021bi toate redac\u021biile de fake news.&#8221; [&hellip;]<\/p>\n","protected":false},"author":18,"featured_media":15791,"comment_status":"closed","ping_status":"open","sticky":false,"template":"","format":"standard","meta":{"_acf_changed":false,"inline_featured_image":false,"ngg_post_thumbnail":0,"footnotes":""},"categories":[1],"tags":[],"ppma_author":[22579],"class_list":["post-15783","post","type-post","status-publish","format-standard","has-post-thumbnail","hentry","category-diverse"],"acf":[],"yoast_head":"<!-- This site is optimized with the Yoast SEO Premium plugin v25.3 (Yoast SEO v27.4) - https:\/\/yoast.com\/product\/yoast-seo-premium-wordpress\/ -->\n<title>R\u0103zboi \u00eentre Gabriela Firea \u0219i Clotilde Armand | Miza, bugetul de la Colegiul Goethe - Buletin de Bucure\u0219ti<\/title>\n<meta name=\"robots\" content=\"index, follow, max-snippet:-1, max-image-preview:large, max-video-preview:-1\" \/>\n<link rel=\"canonical\" href=\"https:\/\/buletin.de\/bucuresti\/razboi-intre-gabriel-firea-si-clotilde-armand-miza-tabletele-de-la-colegiul-goethe\/\" \/>\n<meta property=\"og:locale\" content=\"en_GB\" \/>\n<meta property=\"og:type\" content=\"article\" \/>\n<meta property=\"og:title\" content=\"R\u0103zboi \u00eentre Gabriela Firea \u0219i Clotilde Armand | Miza, bugetul de la Colegiul Goethe\" \/>\n<meta property=\"og:description\" content=\"Update Clotilde Armand a l\u0103murit, ast\u0103 sear\u0103, printr-o postare pe Facebook, de ce a disp\u0103rut comentariul s\u0103u de pe pagina Gabrielei Firea. A fost \u0219ters. &#8220;Am l\u0103sat \u0219i eu acest comentariu pasager spre l\u0103muriera unui titlu fals \u0219i a disp\u0103rut Sper c\u0103 n-am sup\u0103rat pe nimeni.Oamei buni, nu mai crede\u021bi toate redac\u021biile de fake news.&#8221; [&hellip;]\" \/>\n<meta property=\"og:url\" content=\"https:\/\/buletin.de\/bucuresti\/razboi-intre-gabriel-firea-si-clotilde-armand-miza-tabletele-de-la-colegiul-goethe\/\" \/>\n<meta property=\"og:site_name\" content=\"Buletin de Bucure\u0219ti\" \/>\n<meta property=\"article:publisher\" content=\"https:\/\/www.facebook.com\/buletin.de.buc\" \/>\n<meta property=\"article:published_time\" content=\"2020-11-25T16:47:24+00:00\" \/>\n<meta property=\"article:modified_time\" content=\"2020-11-25T20:25:08+00:00\" \/>\n<meta property=\"og:image\" content=\"https:\/\/buletin.de\/bucuresti\/wp-content\/uploads\/inquam-photo-bucuresti-deschidere-an-scolar-theodor-paleologu-120161.jpg\" \/>\n\t<meta property=\"og:image:width\" content=\"900\" \/>\n\t<meta property=\"og:image:height\" content=\"600\" \/>\n\t<meta property=\"og:image:type\" content=\"image\/jpeg\" \/>\n<meta name=\"author\" content=\"Teodora Stroe\" \/>\n<meta name=\"twitter:card\" content=\"summary_large_image\" \/>\n<meta name=\"twitter:label1\" content=\"Written by\" \/>\n\t<meta name=\"twitter:data1\" content=\"Teodora Stroe\" \/>\n\t<meta name=\"twitter:label2\" content=\"Estimated reading time\" \/>\n\t<meta name=\"twitter:data2\" content=\"3 minutes\" \/>\n<script type=\"application\/ld+json\" class=\"yoast-schema-graph\">{\"@context\":\"https:\\\/\\\/schema.org\",\"@graph\":[{\"@type\":\"Article\",\"@id\":\"https:\\\/\\\/buletin.de\\\/bucuresti\\\/razboi-intre-gabriel-firea-si-clotilde-armand-miza-tabletele-de-la-colegiul-goethe\\\/#article\",\"isPartOf\":{\"@id\":\"https:\\\/\\\/buletin.de\\\/bucuresti\\\/razboi-intre-gabriel-firea-si-clotilde-armand-miza-tabletele-de-la-colegiul-goethe\\\/\"},\"author\":{\"name\":\"Teodora Stroe\",\"@id\":\"https:\\\/\\\/buletin.de\\\/bucuresti\\\/#\\\/schema\\\/person\\\/d369d7ddc775abece205795e0b804614\"},\"headline\":\"R\u0103zboi \u00eentre Gabriela Firea \u0219i Clotilde Armand | Miza, bugetul de la Colegiul Goethe\",\"datePublished\":\"2020-11-25T16:47:24+00:00\",\"dateModified\":\"2020-11-25T20:25:08+00:00\",\"mainEntityOfPage\":{\"@id\":\"https:\\\/\\\/buletin.de\\\/bucuresti\\\/razboi-intre-gabriel-firea-si-clotilde-armand-miza-tabletele-de-la-colegiul-goethe\\\/\"},\"wordCount\":630,\"publisher\":{\"@id\":\"https:\\\/\\\/buletin.de\\\/bucuresti\\\/#organization\"},\"image\":{\"@id\":\"https:\\\/\\\/buletin.de\\\/bucuresti\\\/razboi-intre-gabriel-firea-si-clotilde-armand-miza-tabletele-de-la-colegiul-goethe\\\/#primaryimage\"},\"thumbnailUrl\":\"https:\\\/\\\/buletin.de\\\/bucuresti\\\/wp-content\\\/uploads\\\/inquam-photo-bucuresti-deschidere-an-scolar-theodor-paleologu-120161.jpg\",\"articleSection\":[\"Diverse\"],\"inLanguage\":\"en-GB\",\"copyrightYear\":\"2020\",\"copyrightHolder\":{\"@id\":\"https:\\\/\\\/buletin.de\\\/bucuresti\\\/#organization\"}},{\"@type\":\"WebPage\",\"@id\":\"https:\\\/\\\/buletin.de\\\/bucuresti\\\/razboi-intre-gabriel-firea-si-clotilde-armand-miza-tabletele-de-la-colegiul-goethe\\\/\",\"url\":\"https:\\\/\\\/buletin.de\\\/bucuresti\\\/razboi-intre-gabriel-firea-si-clotilde-armand-miza-tabletele-de-la-colegiul-goethe\\\/\",\"name\":\"R\u0103zboi \u00eentre Gabriela Firea \u0219i Clotilde Armand | Miza, bugetul de la Colegiul Goethe - Buletin de Bucure\u0219ti\",\"isPartOf\":{\"@id\":\"https:\\\/\\\/buletin.de\\\/bucuresti\\\/#website\"},\"primaryImageOfPage\":{\"@id\":\"https:\\\/\\\/buletin.de\\\/bucuresti\\\/razboi-intre-gabriel-firea-si-clotilde-armand-miza-tabletele-de-la-colegiul-goethe\\\/#primaryimage\"},\"image\":{\"@id\":\"https:\\\/\\\/buletin.de\\\/bucuresti\\\/razboi-intre-gabriel-firea-si-clotilde-armand-miza-tabletele-de-la-colegiul-goethe\\\/#primaryimage\"},\"thumbnailUrl\":\"https:\\\/\\\/buletin.de\\\/bucuresti\\\/wp-content\\\/uploads\\\/inquam-photo-bucuresti-deschidere-an-scolar-theodor-paleologu-120161.jpg\",\"datePublished\":\"2020-11-25T16:47:24+00:00\",\"dateModified\":\"2020-11-25T20:25:08+00:00\",\"breadcrumb\":{\"@id\":\"https:\\\/\\\/buletin.de\\\/bucuresti\\\/razboi-intre-gabriel-firea-si-clotilde-armand-miza-tabletele-de-la-colegiul-goethe\\\/#breadcrumb\"},\"inLanguage\":\"en-GB\",\"potentialAction\":[{\"@type\":\"ReadAction\",\"target\":[\"https:\\\/\\\/buletin.de\\\/bucuresti\\\/razboi-intre-gabriel-firea-si-clotilde-armand-miza-tabletele-de-la-colegiul-goethe\\\/\"]}]},{\"@type\":\"ImageObject\",\"inLanguage\":\"en-GB\",\"@id\":\"https:\\\/\\\/buletin.de\\\/bucuresti\\\/razboi-intre-gabriel-firea-si-clotilde-armand-miza-tabletele-de-la-colegiul-goethe\\\/#primaryimage\",\"url\":\"https:\\\/\\\/buletin.de\\\/bucuresti\\\/wp-content\\\/uploads\\\/inquam-photo-bucuresti-deschidere-an-scolar-theodor-paleologu-120161.jpg\",\"contentUrl\":\"https:\\\/\\\/buletin.de\\\/bucuresti\\\/wp-content\\\/uploads\\\/inquam-photo-bucuresti-deschidere-an-scolar-theodor-paleologu-120161.jpg\",\"width\":900,\"height\":600},{\"@type\":\"BreadcrumbList\",\"@id\":\"https:\\\/\\\/buletin.de\\\/bucuresti\\\/razboi-intre-gabriel-firea-si-clotilde-armand-miza-tabletele-de-la-colegiul-goethe\\\/#breadcrumb\",\"itemListElement\":[{\"@type\":\"ListItem\",\"position\":1,\"name\":\"Acas\u0103\",\"item\":\"https:\\\/\\\/buletin.de\\\/bucuresti\\\/\"},{\"@type\":\"ListItem\",\"position\":2,\"name\":\"R\u0103zboi \u00eentre Gabriela Firea \u0219i Clotilde Armand | Miza, bugetul de la Colegiul Goethe\"}]},{\"@type\":\"WebSite\",\"@id\":\"https:\\\/\\\/buletin.de\\\/bucuresti\\\/#website\",\"url\":\"https:\\\/\\\/buletin.de\\\/bucuresti\\\/\",\"name\":\"Buletin de Bucure\u0219ti\",\"description\":\"\u0218tiri \u0219i investiga\u021bii esen\u021biale din capital\u0103\",\"publisher\":{\"@id\":\"https:\\\/\\\/buletin.de\\\/bucuresti\\\/#organization\"},\"potentialAction\":[{\"@type\":\"SearchAction\",\"target\":{\"@type\":\"EntryPoint\",\"urlTemplate\":\"https:\\\/\\\/buletin.de\\\/bucuresti\\\/?s={search_term_string}\"},\"query-input\":{\"@type\":\"PropertyValueSpecification\",\"valueRequired\":true,\"valueName\":\"search_term_string\"}}],\"inLanguage\":\"en-GB\"},{\"@type\":\"Organization\",\"@id\":\"https:\\\/\\\/buletin.de\\\/bucuresti\\\/#organization\",\"name\":\"Buletin de Bucure\u0219ti\",\"url\":\"https:\\\/\\\/buletin.de\\\/bucuresti\\\/\",\"logo\":{\"@type\":\"ImageObject\",\"inLanguage\":\"en-GB\",\"@id\":\"https:\\\/\\\/buletin.de\\\/bucuresti\\\/#\\\/schema\\\/logo\\\/image\\\/\",\"url\":\"https:\\\/\\\/buletin.de\\\/bucuresti\\\/wp-content\\\/uploads\\\/logo-bdb-full-wide-vernil-transparent.png\",\"contentUrl\":\"https:\\\/\\\/buletin.de\\\/bucuresti\\\/wp-content\\\/uploads\\\/logo-bdb-full-wide-vernil-transparent.png\",\"width\":1782,\"height\":626,\"caption\":\"Buletin de Bucure\u0219ti\"},\"image\":{\"@id\":\"https:\\\/\\\/buletin.de\\\/bucuresti\\\/#\\\/schema\\\/logo\\\/image\\\/\"},\"sameAs\":[\"https:\\\/\\\/www.facebook.com\\\/buletin.de.buc\",\"https:\\\/\\\/www.instagram.com\\\/buletinde.bucuresti\\\/\"]},{\"@type\":\"Person\",\"@id\":\"https:\\\/\\\/buletin.de\\\/bucuresti\\\/#\\\/schema\\\/person\\\/d369d7ddc775abece205795e0b804614\",\"name\":\"Teodora Stroe\",\"image\":{\"@type\":\"ImageObject\",\"inLanguage\":\"en-GB\",\"@id\":\"https:\\\/\\\/secure.gravatar.com\\\/avatar\\\/2560b4cd9f5f1bc100b123158e657d75584bd1c3e1d9c69285720b9457c1b78d?s=96&d=monsterid&r=gc104800242ba5f2d78dd5d7dc4df08b6\",\"url\":\"https:\\\/\\\/secure.gravatar.com\\\/avatar\\\/2560b4cd9f5f1bc100b123158e657d75584bd1c3e1d9c69285720b9457c1b78d?s=96&d=monsterid&r=g\",\"contentUrl\":\"https:\\\/\\\/secure.gravatar.com\\\/avatar\\\/2560b4cd9f5f1bc100b123158e657d75584bd1c3e1d9c69285720b9457c1b78d?s=96&d=monsterid&r=g\",\"caption\":\"Teodora Stroe\"},\"url\":\"https:\\\/\\\/buletin.de\\\/bucuresti\\\/author\\\/simonacarlugea\\\/\"}]}<\/script>\n<!-- \/ Yoast SEO Premium plugin. -->","yoast_head_json":{"title":"R\u0103zboi \u00eentre Gabriela Firea \u0219i Clotilde Armand | Miza, bugetul de la Colegiul Goethe - Buletin de Bucure\u0219ti","robots":{"index":"index","follow":"follow","max-snippet":"max-snippet:-1","max-image-preview":"max-image-preview:large","max-video-preview":"max-video-preview:-1"},"canonical":"https:\/\/buletin.de\/bucuresti\/razboi-intre-gabriel-firea-si-clotilde-armand-miza-tabletele-de-la-colegiul-goethe\/","og_locale":"en_GB","og_type":"article","og_title":"R\u0103zboi \u00eentre Gabriela Firea \u0219i Clotilde Armand | Miza, bugetul de la Colegiul Goethe","og_description":"Update Clotilde Armand a l\u0103murit, ast\u0103 sear\u0103, printr-o postare pe Facebook, de ce a disp\u0103rut comentariul s\u0103u de pe pagina Gabrielei Firea. A fost \u0219ters. &#8220;Am l\u0103sat \u0219i eu acest comentariu pasager spre l\u0103muriera unui titlu fals \u0219i a disp\u0103rut Sper c\u0103 n-am sup\u0103rat pe nimeni.Oamei buni, nu mai crede\u021bi toate redac\u021biile de fake news.&#8221; [&hellip;]","og_url":"https:\/\/buletin.de\/bucuresti\/razboi-intre-gabriel-firea-si-clotilde-armand-miza-tabletele-de-la-colegiul-goethe\/","og_site_name":"Buletin de Bucure\u0219ti","article_publisher":"https:\/\/www.facebook.com\/buletin.de.buc","article_published_time":"2020-11-25T16:47:24+00:00","article_modified_time":"2020-11-25T20:25:08+00:00","og_image":[{"width":900,"height":600,"url":"https:\/\/buletin.de\/bucuresti\/wp-content\/uploads\/inquam-photo-bucuresti-deschidere-an-scolar-theodor-paleologu-120161.jpg","type":"image\/jpeg"}],"author":"Teodora Stroe","twitter_card":"summary_large_image","twitter_misc":{"Written by":"Teodora Stroe","Estimated reading time":"3 minutes"},"schema":{"@context":"https:\/\/schema.org","@graph":[{"@type":"Article","@id":"https:\/\/buletin.de\/bucuresti\/razboi-intre-gabriel-firea-si-clotilde-armand-miza-tabletele-de-la-colegiul-goethe\/#article","isPartOf":{"@id":"https:\/\/buletin.de\/bucuresti\/razboi-intre-gabriel-firea-si-clotilde-armand-miza-tabletele-de-la-colegiul-goethe\/"},"author":{"name":"Teodora Stroe","@id":"https:\/\/buletin.de\/bucuresti\/#\/schema\/person\/d369d7ddc775abece205795e0b804614"},"headline":"R\u0103zboi \u00eentre Gabriela Firea \u0219i Clotilde Armand | Miza, bugetul de la Colegiul Goethe","datePublished":"2020-11-25T16:47:24+00:00","dateModified":"2020-11-25T20:25:08+00:00","mainEntityOfPage":{"@id":"https:\/\/buletin.de\/bucuresti\/razboi-intre-gabriel-firea-si-clotilde-armand-miza-tabletele-de-la-colegiul-goethe\/"},"wordCount":630,"publisher":{"@id":"https:\/\/buletin.de\/bucuresti\/#organization"},"image":{"@id":"https:\/\/buletin.de\/bucuresti\/razboi-intre-gabriel-firea-si-clotilde-armand-miza-tabletele-de-la-colegiul-goethe\/#primaryimage"},"thumbnailUrl":"https:\/\/buletin.de\/bucuresti\/wp-content\/uploads\/inquam-photo-bucuresti-deschidere-an-scolar-theodor-paleologu-120161.jpg","articleSection":["Diverse"],"inLanguage":"en-GB","copyrightYear":"2020","copyrightHolder":{"@id":"https:\/\/buletin.de\/bucuresti\/#organization"}},{"@type":"WebPage","@id":"https:\/\/buletin.de\/bucuresti\/razboi-intre-gabriel-firea-si-clotilde-armand-miza-tabletele-de-la-colegiul-goethe\/","url":"https:\/\/buletin.de\/bucuresti\/razboi-intre-gabriel-firea-si-clotilde-armand-miza-tabletele-de-la-colegiul-goethe\/","name":"R\u0103zboi \u00eentre Gabriela Firea \u0219i Clotilde Armand | Miza, bugetul de la Colegiul Goethe - Buletin de Bucure\u0219ti","isPartOf":{"@id":"https:\/\/buletin.de\/bucuresti\/#website"},"primaryImageOfPage":{"@id":"https:\/\/buletin.de\/bucuresti\/razboi-intre-gabriel-firea-si-clotilde-armand-miza-tabletele-de-la-colegiul-goethe\/#primaryimage"},"image":{"@id":"https:\/\/buletin.de\/bucuresti\/razboi-intre-gabriel-firea-si-clotilde-armand-miza-tabletele-de-la-colegiul-goethe\/#primaryimage"},"thumbnailUrl":"https:\/\/buletin.de\/bucuresti\/wp-content\/uploads\/inquam-photo-bucuresti-deschidere-an-scolar-theodor-paleologu-120161.jpg","datePublished":"2020-11-25T16:47:24+00:00","dateModified":"2020-11-25T20:25:08+00:00","breadcrumb":{"@id":"https:\/\/buletin.de\/bucuresti\/razboi-intre-gabriel-firea-si-clotilde-armand-miza-tabletele-de-la-colegiul-goethe\/#breadcrumb"},"inLanguage":"en-GB","potentialAction":[{"@type":"ReadAction","target":["https:\/\/buletin.de\/bucuresti\/razboi-intre-gabriel-firea-si-clotilde-armand-miza-tabletele-de-la-colegiul-goethe\/"]}]},{"@type":"ImageObject","inLanguage":"en-GB","@id":"https:\/\/buletin.de\/bucuresti\/razboi-intre-gabriel-firea-si-clotilde-armand-miza-tabletele-de-la-colegiul-goethe\/#primaryimage","url":"https:\/\/buletin.de\/bucuresti\/wp-content\/uploads\/inquam-photo-bucuresti-deschidere-an-scolar-theodor-paleologu-120161.jpg","contentUrl":"https:\/\/buletin.de\/bucuresti\/wp-content\/uploads\/inquam-photo-bucuresti-deschidere-an-scolar-theodor-paleologu-120161.jpg","width":900,"height":600},{"@type":"BreadcrumbList","@id":"https:\/\/buletin.de\/bucuresti\/razboi-intre-gabriel-firea-si-clotilde-armand-miza-tabletele-de-la-colegiul-goethe\/#breadcrumb","itemListElement":[{"@type":"ListItem","position":1,"name":"Acas\u0103","item":"https:\/\/buletin.de\/bucuresti\/"},{"@type":"ListItem","position":2,"name":"R\u0103zboi \u00eentre Gabriela Firea \u0219i Clotilde Armand | Miza, bugetul de la Colegiul Goethe"}]},{"@type":"WebSite","@id":"https:\/\/buletin.de\/bucuresti\/#website","url":"https:\/\/buletin.de\/bucuresti\/","name":"Buletin de Bucure\u0219ti","description":"\u0218tiri \u0219i investiga\u021bii esen\u021biale din capital\u0103","publisher":{"@id":"https:\/\/buletin.de\/bucuresti\/#organization"},"potentialAction":[{"@type":"SearchAction","target":{"@type":"EntryPoint","urlTemplate":"https:\/\/buletin.de\/bucuresti\/?s={search_term_string}"},"query-input":{"@type":"PropertyValueSpecification","valueRequired":true,"valueName":"search_term_string"}}],"inLanguage":"en-GB"},{"@type":"Organization","@id":"https:\/\/buletin.de\/bucuresti\/#organization","name":"Buletin de Bucure\u0219ti","url":"https:\/\/buletin.de\/bucuresti\/","logo":{"@type":"ImageObject","inLanguage":"en-GB","@id":"https:\/\/buletin.de\/bucuresti\/#\/schema\/logo\/image\/","url":"https:\/\/buletin.de\/bucuresti\/wp-content\/uploads\/logo-bdb-full-wide-vernil-transparent.png","contentUrl":"https:\/\/buletin.de\/bucuresti\/wp-content\/uploads\/logo-bdb-full-wide-vernil-transparent.png","width":1782,"height":626,"caption":"Buletin de Bucure\u0219ti"},"image":{"@id":"https:\/\/buletin.de\/bucuresti\/#\/schema\/logo\/image\/"},"sameAs":["https:\/\/www.facebook.com\/buletin.de.buc","https:\/\/www.instagram.com\/buletinde.bucuresti\/"]},{"@type":"Person","@id":"https:\/\/buletin.de\/bucuresti\/#\/schema\/person\/d369d7ddc775abece205795e0b804614","name":"Teodora Stroe","image":{"@type":"ImageObject","inLanguage":"en-GB","@id":"https:\/\/secure.gravatar.com\/avatar\/2560b4cd9f5f1bc100b123158e657d75584bd1c3e1d9c69285720b9457c1b78d?s=96&d=monsterid&r=gc104800242ba5f2d78dd5d7dc4df08b6","url":"https:\/\/secure.gravatar.com\/avatar\/2560b4cd9f5f1bc100b123158e657d75584bd1c3e1d9c69285720b9457c1b78d?s=96&d=monsterid&r=g","contentUrl":"https:\/\/secure.gravatar.com\/avatar\/2560b4cd9f5f1bc100b123158e657d75584bd1c3e1d9c69285720b9457c1b78d?s=96&d=monsterid&r=g","caption":"Teodora Stroe"},"url":"https:\/\/buletin.de\/bucuresti\/author\/simonacarlugea\/"}]}},"authors":[{"term_id":22579,"user_id":18,"is_guest":0,"slug":"simonacarlugea","display_name":"Teodora Stroe","avatar_url":"https:\/\/secure.gravatar.com\/avatar\/2560b4cd9f5f1bc100b123158e657d75584bd1c3e1d9c69285720b9457c1b78d?s=96&d=monsterid&r=g","0":null,"1":"","2":"","3":"","4":"","5":"","6":"","7":"","8":""}],"_links":{"self":[{"href":"https:\/\/buletin.de\/bucuresti\/wp-json\/wp\/v2\/posts\/15783","targetHints":{"allow":["GET"]}}],"collection":[{"href":"https:\/\/buletin.de\/bucuresti\/wp-json\/wp\/v2\/posts"}],"about":[{"href":"https:\/\/buletin.de\/bucuresti\/wp-json\/wp\/v2\/types\/post"}],"author":[{"embeddable":true,"href":"https:\/\/buletin.de\/bucuresti\/wp-json\/wp\/v2\/users\/18"}],"replies":[{"embeddable":true,"href":"https:\/\/buletin.de\/bucuresti\/wp-json\/wp\/v2\/comments?post=15783"}],"version-history":[{"count":8,"href":"https:\/\/buletin.de\/bucuresti\/wp-json\/wp\/v2\/posts\/15783\/revisions"}],"predecessor-version":[{"id":15813,"href":"https:\/\/buletin.de\/bucuresti\/wp-json\/wp\/v2\/posts\/15783\/revisions\/15813"}],"wp:featuredmedia":[{"embeddable":true,"href":"https:\/\/buletin.de\/bucuresti\/wp-json\/wp\/v2\/media\/15791"}],"wp:attachment":[{"href":"https:\/\/buletin.de\/bucuresti\/wp-json\/wp\/v2\/media?parent=15783"}],"wp:term":[{"taxonomy":"category","embeddable":true,"href":"https:\/\/buletin.de\/bucuresti\/wp-json\/wp\/v2\/categories?post=15783"},{"taxonomy":"post_tag","embeddable":true,"href":"https:\/\/buletin.de\/bucuresti\/wp-json\/wp\/v2\/tags?post=15783"},{"taxonomy":"author","embeddable":true,"href":"https:\/\/buletin.de\/bucuresti\/wp-json\/wp\/v2\/ppma_author?post=15783"}],"curies":[{"name":"wp","href":"https:\/\/api.w.org\/{rel}","templated":true}]}}