{"id":15782,"date":"2020-11-26T08:58:39","date_gmt":"2020-11-26T05:58:39","guid":{"rendered":"https:\/\/buletin.de\/bucuresti\/?p=15782"},"modified":"2020-11-26T11:27:56","modified_gmt":"2020-11-26T08:27:56","slug":"elevii-din-sectorul-5-nu-au-primit-nici-acum-tabletele-promise-de-daniel-florea-in-aprilie","status":"publish","type":"post","link":"https:\/\/buletin.de\/bucuresti\/elevii-din-sectorul-5-nu-au-primit-nici-acum-tabletele-promise-de-daniel-florea-in-aprilie\/","title":{"rendered":"Elevii din Sectorul 5 nu au primit nici acum tabletele promise de Daniel Florea \u00een aprilie"},"content":{"rendered":"\n<p><strong>Economat Sectorul 5 a livrat abia \u00een aceast\u0103 s\u0103pt\u0103m\u00e2n\u0103 \u00een licee \u0219i \u00een \u0219colile generale <a href=\"https:\/\/buletin.de\/bucuresti\/licitatia-tabletelor-de-10-milioane-de-euro-promise-de-daniel-florea-in-campania-electorala-anulata-din-cauza-unor-abateri-grave\/\">tabletele promise \u00eenc\u0103 din aprilie de fostul primar, Daniel Florea<\/a>. Distribu\u021bia a \u00eenceput \u00een 19 noiembrie,<a href=\"https:\/\/buletin.de\/bucuresti\/10-milioane-de-euro-pe-tablete-unei-firme-fara-angajati-si-9-luni-de-existenta-afacerea-pentru-care-daniel-florea-este-audiat-de-dna\/\"> \u00een aceea\u0219i zi cu perchizi\u021bia Direc\u021biei Na\u021bionale Anticorup\u021bie (DNA)<\/a>.<\/strong> <strong>Directorii \u0219colilor urmeaz\u0103 s\u0103 \u00eencheie un contract de comodat cu to\u021bi elevii<\/strong>, <strong>iar abia apoi tabletele vor putea fi folosite. <\/strong><\/p>\n\n\n\n<p>&nbsp;<\/p>\n\n\n\n<blockquote class=\"wp-block-quote is-layout-flow wp-block-quote-is-layout-flow\"><p>Da, tabletele au ajuns \u00een toate \u0219colile din Sectorul 5, urmeaz\u0103 s\u0103 fie livrate \u0219i gr\u0103dini\u021belor zilele urm\u0103toare. Livrarea a \u00eenceput \u00een 19 noiembrie, concomitent cu perchizi\u021bia DNA. S-au livrat toate \u00een mai pu\u021bin de o s\u0103pt\u0103m\u00e2n\u0103. Procedura a fost simpl\u0103, Economat S.R.L. pe baz\u0103 de proces verbal a dat \u0219colilor tabletele, iar directorii urmeaz\u0103 s\u0103 fac\u0103 contract de comodat cu fiecare elev. S-a f\u0103cut inventar \u0219i to\u021bi elevii \u00eenscri\u0219i la unit\u0103\u021bile de \u00eenv\u0103\u021b\u0103m\u00e2nt din Sectorul 5 vor primi tablete.<\/p><cite> Cristian Popescu Piedone, primarul Sectorului 5 <\/cite><\/blockquote>\n\n\n\n<p>Prim\u0103ria Sectorului 5 a modificat, \u00een 9 noiembrie, procedura prin care sunt livrate tabletele \u00een \u0219coli, oblig\u00e2nd <em>Direc\u021bia de \u00cenv\u0103\u021b\u0103m\u00e2nt, Tineret \u0219i Sport Sector 5 s\u0103 ofere <\/em>sprijin logistic Economatului.<\/p>\n\n\n\n<p>Modificarea s-a f\u0103cut \u00een \u0219edin\u021ba din 9 noiembrie, \u00een urma c\u0103reia s-a dat o <a href=\"http:\/\/www.sector5.ro\/media\/129914\/hcl-189-09112020.pdf\">hot\u0103r\u00e2re<\/a> care a modificat care programul <em>\u201eStart spre o educa\u021bie digitalizat\u0103\u201d<\/em><\/p>\n\n\n\n<figure class=\"wp-block-gallery columns-2 is-cropped wp-block-gallery-1 is-layout-flex wp-block-gallery-is-layout-flex\"><ul class=\"blocks-gallery-grid\"><li class=\"blocks-gallery-item\"><figure><a href=\"https:\/\/buletin.de\/bucuresti\/wp-content\/uploads\/h1.png\"><img fetchpriority=\"high\" decoding=\"async\" width=\"527\" height=\"619\" src=\"data:image\/gif;base64,R0lGODlhAQABAAAAACH5BAEKAAEALAAAAAABAAEAAAICTAEAOw==\" data-src=\"https:\/\/buletin.de\/bucuresti\/wp-content\/uploads\/h1.png\" alt=\"\" data-id=\"15797\" data-full-url=\"https:\/\/buletin.de\/bucuresti\/wp-content\/uploads\/h1.png\" data-link=\"https:\/\/buletin.de\/bucuresti\/?attachment_id=15797\" class=\"wp-image-15797 lazyload\" data-sizes=\"auto\" data-srcset=\"https:\/\/buletin.de\/bucuresti\/wp-content\/uploads\/h1.png 527w, https:\/\/buletin.de\/bucuresti\/wp-content\/uploads\/h1-255x300.png 255w, https:\/\/buletin.de\/bucuresti\/wp-content\/uploads\/h1-426x500.png 426w\" sizes=\"(max-width: 527px) 100vw, 527px\" \/><\/a><\/figure><\/li><li class=\"blocks-gallery-item\"><figure><a href=\"https:\/\/buletin.de\/bucuresti\/wp-content\/uploads\/h2.png\"><img decoding=\"async\" width=\"521\" height=\"594\" src=\"data:image\/gif;base64,R0lGODlhAQABAAAAACH5BAEKAAEALAAAAAABAAEAAAICTAEAOw==\" data-src=\"https:\/\/buletin.de\/bucuresti\/wp-content\/uploads\/h2.png\" alt=\"\" data-id=\"15796\" data-full-url=\"https:\/\/buletin.de\/bucuresti\/wp-content\/uploads\/h2.png\" data-link=\"https:\/\/buletin.de\/bucuresti\/?attachment_id=15796\" class=\"wp-image-15796 lazyload\" data-sizes=\"auto\" data-srcset=\"https:\/\/buletin.de\/bucuresti\/wp-content\/uploads\/h2.png 521w, https:\/\/buletin.de\/bucuresti\/wp-content\/uploads\/h2-263x300.png 263w, https:\/\/buletin.de\/bucuresti\/wp-content\/uploads\/h2-439x500.png 439w\" sizes=\"(max-width: 521px) 100vw, 521px\" \/><\/a><\/figure><\/li><\/ul><figcaption class=\"blocks-gallery-caption\">Sursa: Sector5.ro<\/figcaption><\/figure>\n\n\n\n<p>De\u0219i trecuser\u0103 deja nou\u0103 zile de la emiterea hot\u0103r\u00e2rii, Prim\u0103ria Sector 5 a semnalat pe pagina oficial\u0103 de facebook c\u0103, \u00een 18 noiembrie, tabletele se aflau \u00eenc\u0103 \u00een depozitele Economat, cel care a fost responsabil at\u00e2t cu achizi\u021bionarea, c\u00e2t \u0219i cu livrarea acestora c\u0103tre \u0219coli.<\/p>\n\n\n\n<div id=\"fb-root\"><\/div>\n<script async defer crossorigin=\"anonymous\" src=\"https:\/\/connect.facebook.net\/en_GB\/sdk.js#xfbml=1&#038;version=v9.0\" nonce=\"MxH5J3CT\"><\/script>\n\n<div class=\"fb-post\" data-href=\"https:\/\/www.facebook.com\/PrimariaSectorului5Bucuresti\/posts\/125131849394113\" data-show-text=\"true\" data-width=\"\"><blockquote cite=\"https:\/\/www.facebook.com\/PrimariaSectorului5Bucuresti\/posts\/125131849394113\" class=\"fb-xfbml-parse-ignore\"><p>DIRECTORUL GENERAL ECONOMAT SRL REFUZ\u0102 S\u0102 DISTRIBUIE TABLETELE C\u0102TRE ELEVII DIN SECTORUL 5\n\n\u00cen urma inform\u0103rii&#8230;<\/p>Posted by <a href=\"https:\/\/www.facebook.com\/PrimariaSectorului5Bucuresti\/\">Primaria Sectorului 5<\/a> on&nbsp;<a href=\"https:\/\/www.facebook.com\/PrimariaSectorului5Bucuresti\/posts\/125131849394113\">Wednesday, 18 November 2020<\/a><\/blockquote><\/div>\n\n\n\n<p>Iustin Ro\u0219ca, consilier USR-PLUS \u00een Sectorului 5, a declarat, pentru Buletin de Bucure\u0219ti, c\u0103 cele 95% tablete care au ajuns \u00een \u0219coli sunt acum \u00een proces de instalare a programelor de securitate.<\/p>\n\n\n\n<blockquote class=\"wp-block-quote is-layout-flow wp-block-quote-is-layout-flow\"><p>Sus\u021binem distribu\u021bia tabletelor \u0219i ma bucur sa va anun\u021b ca peste 95% din acestea sunt livrate in unit\u0103\u021bile de \u00eenv\u0103\u021b\u0103m\u00e2nt din sector. \u00cen acest moment, tabletele sunt \u00een etapa de instalare a programelor de protec\u021bie (aplica\u021bia MDM), care se \u00eent\u00e2mpl\u0103 cu ajutorul furnizorului \u0219i a personalului calificat din \u0219coli. M\u00e2ine se finalizeaz\u0103 distribu\u021bia odat\u0103 cu livrarea pentru grupele mari de la gr\u0103dini\u021be, dar \u0219i pentru profesorii de op\u021bionale din cadrul acestora. De s\u0103pt\u0103m\u00e2na viitoare, treptat, elevii vor beneficia de tablete iar cursurile online vor fi mai facile.<br>Totodata, noi, am ini\u021biat un proiect de HCL prin care vom aloca resurse pentru dezvoltarea aptitudinilor cadrelor didactice, cu ajutorul profesioni\u0219tilor, privind sus\u021binerea lec\u021biilor online.<\/p><cite>Iustin Ro\u0219ca, consilier USR-PLUS \u00een Sector 5<\/cite><\/blockquote>\n\n\n\n<p>Pentru a ne asigura c\u0103, \u00eentr-adev\u0103r, tabletele au ajuns \u00een \u0219coli am contactat telefonic directorii sau directorii adjunc\u021bi de la Liceul Teoretic \u201eIon Barbu\u201d, Colegiul Na\u021bional \u201eGheorghe Laz\u0103r\u201d \u0219i Colegiul Economic \u201eViilor\u201d, \u00eens\u0103 c\u00e2nd au auzit subiectul discu\u021biei ace\u0219tia au refuzat s\u0103 discute cu reporterii Buletin de Bucure\u0219ti.<\/p>\n\n\n\n<p>Cu toate acestea, am reu\u0219it s\u0103 discut\u0103m cu Adriana Leahu, directoarea Liceului Tehnologic \u201eDimitrie Gusti\u201d, care ne-a confirmat c\u0103 tabletele au ajuns \u00een \u0219coal\u0103, dar a refuzat s\u0103 ne comunice perioada \u00een care au fost livrate.<\/p>\n\n\n\n<figure class=\"wp-block-pullquote is-style-default\"><blockquote><p><strong>Reporter:<\/strong> V-am sunat pentru a discuta despre tabletele promise de Prim\u0103ria Sector 5. Pute\u021bi s\u0103-mi cnfirma\u021bi dac\u0103 au ajuns \u00een \u0219coala dumneavoatr\u0103? <br><br><strong>Adriana Leahu:<\/strong> Astea sunt informa\u021bii care ne privesc doar pe noi, nu? <br><br><strong>R:<\/strong> Tabletele au fost cump\u0103rate din bani publici \u0219i vrem s\u0103 infom\u0103m cititorii cu stadiul \u00een care se afl\u0103. <br><br><strong>A.L.: <\/strong>Da, eu nu \u0219tiu cine sunte\u021bi dumneavoastr\u0103. A\u0219a prin telefon poatte suna oricine. Adic\u0103, dac\u0103 veni\u021bi m\u00e2ine la \u0219coal\u0103, ave\u021bi o legitima\u021bie, v\u0103 dau ce informa\u021bii dori\u021bi, \u00een m\u0103sura \u00een care sunt publice. Aceasta este o informa\u021bie public\u0103, desigur, nu e o problem\u0103. Vreau s\u0103 \u0219tiu \u0219i eu cui o dau. <br><br><strong>R:<\/strong> V-am spus, pute\u021bi s\u0103 m\u0103 c\u0103uta\u021bi. Florin R\u00e2\u0219teiu de la Buletin de Bucure\u0219ti. Avem toate informa\u021biile pe site. Suntem publica\u021bie local\u0103 independent\u0103. <br><br><strong>A.L.:<\/strong> Da, nu \u0219tiu ce s\u0103 v\u0103 spun acum. N-am timp c\u0103 sunt \u00een timpul orei, n-am cum s\u0103 v\u0103 caut s\u0103 v\u0103d.<br><br><strong>R:<\/strong> Am \u00een\u021beles.<br><br><strong>A.L.:<\/strong> V\u0103 a\u0219tept la \u0219coal\u0103, nu-i problem\u0103. Cu drag v\u0103 a\u0219tept la \u0219coal\u0103. <br><br><strong>R:<\/strong> Atunci o s\u0103 facem a\u0219a. Vin m\u00e2ine la \u0219coal\u0103 \u0219i discut\u0103m. <br><br><strong>A.L.:<\/strong> Da, da, dar dac\u0103 \u00eentrebarea este simpl\u0103, doar dac\u0103 au ajuns tabletele \u00een \u0219coal\u0103. <br><br><strong>R: <\/strong>Da, asta este \u00eentrebarea. <br><br><strong>A.L.:<\/strong> Cele de la Prim\u0103ria Sectorului 5, da, au ajuns \u00een \u0219coal\u0103. <br><br><strong>R:<\/strong> Da? Aproximativ \u00een ce perioad\u0103 au ajuns? <br><br><strong>A.L.:<\/strong> Acum nu mai detaliem ,v\u0103 rog, c\u0103 sunt \u00een timpul orei. M-a\u021bi \u00eentrebat c\u0103 au ajuns \u00een \u0219coal\u0103, v-am r\u0103spuns. <\/p><\/blockquote><\/figure>\n\n\n\n<p>Surs\u0103 Foto: Facebook\/Prim\u0103ria Sector 5<\/p>\n","protected":false},"excerpt":{"rendered":"<p>Economat Sectorul 5 a livrat abia \u00een aceast\u0103 s\u0103pt\u0103m\u00e2n\u0103 \u00een licee \u0219i \u00een \u0219colile generale tabletele promise \u00eenc\u0103 din aprilie de fostul primar, Daniel Florea. Distribu\u021bia a \u00eenceput \u00een 19 noiembrie, \u00een aceea\u0219i zi cu perchizi\u021bia Direc\u021biei Na\u021bionale Anticorup\u021bie (DNA). Directorii \u0219colilor urmeaz\u0103 s\u0103 \u00eencheie un contract de comodat cu to\u021bi elevii, iar abia apoi [&hellip;]<\/p>\n","protected":false},"author":17,"featured_media":15802,"comment_status":"closed","ping_status":"open","sticky":false,"template":"","format":"standard","meta":{"_acf_changed":false,"inline_featured_image":false,"ngg_post_thumbnail":0,"footnotes":""},"categories":[1],"tags":[720,1905,188,1573],"ppma_author":[22576],"class_list":["post-15782","post","type-post","status-publish","format-standard","has-post-thumbnail","hentry","category-diverse","tag-achizitii-in-pandemie","tag-cristian-popescu-piedone","tag-sector-5","tag-tablete"],"acf":[],"yoast_head":"<!-- This site is optimized with the Yoast SEO Premium plugin v25.3 (Yoast SEO v27.4) - https:\/\/yoast.com\/product\/yoast-seo-premium-wordpress\/ -->\n<title>Elevii din Sectorul 5 nu au primit nici acum tabletele promise de Daniel Florea \u00een aprilie - Buletin de Bucure\u0219ti<\/title>\n<meta name=\"robots\" content=\"index, follow, max-snippet:-1, max-image-preview:large, max-video-preview:-1\" \/>\n<link rel=\"canonical\" href=\"https:\/\/buletin.de\/bucuresti\/elevii-din-sectorul-5-nu-au-primit-nici-acum-tabletele-promise-de-daniel-florea-in-aprilie\/\" \/>\n<meta property=\"og:locale\" content=\"en_GB\" \/>\n<meta property=\"og:type\" content=\"article\" \/>\n<meta property=\"og:title\" content=\"Elevii din Sectorul 5 nu au primit nici acum tabletele promise de Daniel Florea \u00een aprilie\" \/>\n<meta property=\"og:description\" content=\"Economat Sectorul 5 a livrat abia \u00een aceast\u0103 s\u0103pt\u0103m\u00e2n\u0103 \u00een licee \u0219i \u00een \u0219colile generale tabletele promise \u00eenc\u0103 din aprilie de fostul primar, Daniel Florea. Distribu\u021bia a \u00eenceput \u00een 19 noiembrie, \u00een aceea\u0219i zi cu perchizi\u021bia Direc\u021biei Na\u021bionale Anticorup\u021bie (DNA). Directorii \u0219colilor urmeaz\u0103 s\u0103 \u00eencheie un contract de comodat cu to\u021bi elevii, iar abia apoi [&hellip;]\" \/>\n<meta property=\"og:url\" content=\"https:\/\/buletin.de\/bucuresti\/elevii-din-sectorul-5-nu-au-primit-nici-acum-tabletele-promise-de-daniel-florea-in-aprilie\/\" \/>\n<meta property=\"og:site_name\" content=\"Buletin de Bucure\u0219ti\" \/>\n<meta property=\"article:publisher\" content=\"https:\/\/www.facebook.com\/buletin.de.buc\" \/>\n<meta property=\"article:published_time\" content=\"2020-11-26T05:58:39+00:00\" \/>\n<meta property=\"article:modified_time\" content=\"2020-11-26T08:27:56+00:00\" \/>\n<meta property=\"og:image\" content=\"https:\/\/buletin.de\/bucuresti\/wp-content\/uploads\/125949993_125131752727456_4668056622553266206_o-1.jpg\" \/>\n\t<meta property=\"og:image:width\" content=\"1600\" \/>\n\t<meta property=\"og:image:height\" content=\"738\" \/>\n\t<meta property=\"og:image:type\" content=\"image\/jpeg\" \/>\n<meta name=\"author\" content=\"Florin R\u00e2\u0219teiu\" \/>\n<meta name=\"twitter:card\" content=\"summary_large_image\" \/>\n<meta name=\"twitter:label1\" content=\"Written by\" \/>\n\t<meta name=\"twitter:data1\" content=\"Florin R\u00e2\u0219teiu\" \/>\n\t<meta name=\"twitter:label2\" content=\"Estimated reading time\" \/>\n\t<meta name=\"twitter:data2\" content=\"4 minutes\" \/>\n<script type=\"application\/ld+json\" class=\"yoast-schema-graph\">{\"@context\":\"https:\\\/\\\/schema.org\",\"@graph\":[{\"@type\":\"Article\",\"@id\":\"https:\\\/\\\/buletin.de\\\/bucuresti\\\/elevii-din-sectorul-5-nu-au-primit-nici-acum-tabletele-promise-de-daniel-florea-in-aprilie\\\/#article\",\"isPartOf\":{\"@id\":\"https:\\\/\\\/buletin.de\\\/bucuresti\\\/elevii-din-sectorul-5-nu-au-primit-nici-acum-tabletele-promise-de-daniel-florea-in-aprilie\\\/\"},\"author\":{\"name\":\"Florin R\u00e2\u0219teiu\",\"@id\":\"https:\\\/\\\/buletin.de\\\/bucuresti\\\/#\\\/schema\\\/person\\\/b0686d7a8b666c6afc78239777fd8a89\"},\"headline\":\"Elevii din Sectorul 5 nu au primit nici acum tabletele promise de Daniel Florea \u00een aprilie\",\"datePublished\":\"2020-11-26T05:58:39+00:00\",\"dateModified\":\"2020-11-26T08:27:56+00:00\",\"mainEntityOfPage\":{\"@id\":\"https:\\\/\\\/buletin.de\\\/bucuresti\\\/elevii-din-sectorul-5-nu-au-primit-nici-acum-tabletele-promise-de-daniel-florea-in-aprilie\\\/\"},\"wordCount\":871,\"publisher\":{\"@id\":\"https:\\\/\\\/buletin.de\\\/bucuresti\\\/#organization\"},\"image\":{\"@id\":\"https:\\\/\\\/buletin.de\\\/bucuresti\\\/elevii-din-sectorul-5-nu-au-primit-nici-acum-tabletele-promise-de-daniel-florea-in-aprilie\\\/#primaryimage\"},\"thumbnailUrl\":\"https:\\\/\\\/buletin.de\\\/bucuresti\\\/wp-content\\\/uploads\\\/125949993_125131752727456_4668056622553266206_o-1.jpg\",\"keywords\":[\"achizitii in pandemie\",\"Cristian Popescu Piedone\",\"Sector 5\",\"tablete\"],\"articleSection\":[\"Diverse\"],\"inLanguage\":\"en-GB\",\"copyrightYear\":\"2020\",\"copyrightHolder\":{\"@id\":\"https:\\\/\\\/buletin.de\\\/bucuresti\\\/#organization\"}},{\"@type\":\"WebPage\",\"@id\":\"https:\\\/\\\/buletin.de\\\/bucuresti\\\/elevii-din-sectorul-5-nu-au-primit-nici-acum-tabletele-promise-de-daniel-florea-in-aprilie\\\/\",\"url\":\"https:\\\/\\\/buletin.de\\\/bucuresti\\\/elevii-din-sectorul-5-nu-au-primit-nici-acum-tabletele-promise-de-daniel-florea-in-aprilie\\\/\",\"name\":\"Elevii din Sectorul 5 nu au primit nici acum tabletele promise de Daniel Florea \u00een aprilie - Buletin de Bucure\u0219ti\",\"isPartOf\":{\"@id\":\"https:\\\/\\\/buletin.de\\\/bucuresti\\\/#website\"},\"primaryImageOfPage\":{\"@id\":\"https:\\\/\\\/buletin.de\\\/bucuresti\\\/elevii-din-sectorul-5-nu-au-primit-nici-acum-tabletele-promise-de-daniel-florea-in-aprilie\\\/#primaryimage\"},\"image\":{\"@id\":\"https:\\\/\\\/buletin.de\\\/bucuresti\\\/elevii-din-sectorul-5-nu-au-primit-nici-acum-tabletele-promise-de-daniel-florea-in-aprilie\\\/#primaryimage\"},\"thumbnailUrl\":\"https:\\\/\\\/buletin.de\\\/bucuresti\\\/wp-content\\\/uploads\\\/125949993_125131752727456_4668056622553266206_o-1.jpg\",\"datePublished\":\"2020-11-26T05:58:39+00:00\",\"dateModified\":\"2020-11-26T08:27:56+00:00\",\"breadcrumb\":{\"@id\":\"https:\\\/\\\/buletin.de\\\/bucuresti\\\/elevii-din-sectorul-5-nu-au-primit-nici-acum-tabletele-promise-de-daniel-florea-in-aprilie\\\/#breadcrumb\"},\"inLanguage\":\"en-GB\",\"potentialAction\":[{\"@type\":\"ReadAction\",\"target\":[\"https:\\\/\\\/buletin.de\\\/bucuresti\\\/elevii-din-sectorul-5-nu-au-primit-nici-acum-tabletele-promise-de-daniel-florea-in-aprilie\\\/\"]}]},{\"@type\":\"ImageObject\",\"inLanguage\":\"en-GB\",\"@id\":\"https:\\\/\\\/buletin.de\\\/bucuresti\\\/elevii-din-sectorul-5-nu-au-primit-nici-acum-tabletele-promise-de-daniel-florea-in-aprilie\\\/#primaryimage\",\"url\":\"https:\\\/\\\/buletin.de\\\/bucuresti\\\/wp-content\\\/uploads\\\/125949993_125131752727456_4668056622553266206_o-1.jpg\",\"contentUrl\":\"https:\\\/\\\/buletin.de\\\/bucuresti\\\/wp-content\\\/uploads\\\/125949993_125131752727456_4668056622553266206_o-1.jpg\",\"width\":1600,\"height\":738},{\"@type\":\"BreadcrumbList\",\"@id\":\"https:\\\/\\\/buletin.de\\\/bucuresti\\\/elevii-din-sectorul-5-nu-au-primit-nici-acum-tabletele-promise-de-daniel-florea-in-aprilie\\\/#breadcrumb\",\"itemListElement\":[{\"@type\":\"ListItem\",\"position\":1,\"name\":\"Acas\u0103\",\"item\":\"https:\\\/\\\/buletin.de\\\/bucuresti\\\/\"},{\"@type\":\"ListItem\",\"position\":2,\"name\":\"Elevii din Sectorul 5 nu au primit nici acum tabletele promise de Daniel Florea \u00een aprilie\"}]},{\"@type\":\"WebSite\",\"@id\":\"https:\\\/\\\/buletin.de\\\/bucuresti\\\/#website\",\"url\":\"https:\\\/\\\/buletin.de\\\/bucuresti\\\/\",\"name\":\"Buletin de Bucure\u0219ti\",\"description\":\"\u0218tiri \u0219i investiga\u021bii esen\u021biale din capital\u0103\",\"publisher\":{\"@id\":\"https:\\\/\\\/buletin.de\\\/bucuresti\\\/#organization\"},\"potentialAction\":[{\"@type\":\"SearchAction\",\"target\":{\"@type\":\"EntryPoint\",\"urlTemplate\":\"https:\\\/\\\/buletin.de\\\/bucuresti\\\/?s={search_term_string}\"},\"query-input\":{\"@type\":\"PropertyValueSpecification\",\"valueRequired\":true,\"valueName\":\"search_term_string\"}}],\"inLanguage\":\"en-GB\"},{\"@type\":\"Organization\",\"@id\":\"https:\\\/\\\/buletin.de\\\/bucuresti\\\/#organization\",\"name\":\"Buletin de Bucure\u0219ti\",\"url\":\"https:\\\/\\\/buletin.de\\\/bucuresti\\\/\",\"logo\":{\"@type\":\"ImageObject\",\"inLanguage\":\"en-GB\",\"@id\":\"https:\\\/\\\/buletin.de\\\/bucuresti\\\/#\\\/schema\\\/logo\\\/image\\\/\",\"url\":\"https:\\\/\\\/buletin.de\\\/bucuresti\\\/wp-content\\\/uploads\\\/logo-bdb-full-wide-vernil-transparent.png\",\"contentUrl\":\"https:\\\/\\\/buletin.de\\\/bucuresti\\\/wp-content\\\/uploads\\\/logo-bdb-full-wide-vernil-transparent.png\",\"width\":1782,\"height\":626,\"caption\":\"Buletin de Bucure\u0219ti\"},\"image\":{\"@id\":\"https:\\\/\\\/buletin.de\\\/bucuresti\\\/#\\\/schema\\\/logo\\\/image\\\/\"},\"sameAs\":[\"https:\\\/\\\/www.facebook.com\\\/buletin.de.buc\",\"https:\\\/\\\/www.instagram.com\\\/buletinde.bucuresti\\\/\"]},{\"@type\":\"Person\",\"@id\":\"https:\\\/\\\/buletin.de\\\/bucuresti\\\/#\\\/schema\\\/person\\\/b0686d7a8b666c6afc78239777fd8a89\",\"name\":\"Florin R\u00e2\u0219teiu\",\"image\":{\"@type\":\"ImageObject\",\"inLanguage\":\"en-GB\",\"@id\":\"https:\\\/\\\/buletin.de\\\/bucuresti\\\/wp-content\\\/uploads\\\/Florin-Rasteiu-96x96.jpgf0a6fe28453aa12f0a60e4d0a2e3a78c\",\"url\":\"https:\\\/\\\/buletin.de\\\/bucuresti\\\/wp-content\\\/uploads\\\/Florin-Rasteiu-96x96.jpg\",\"contentUrl\":\"https:\\\/\\\/buletin.de\\\/bucuresti\\\/wp-content\\\/uploads\\\/Florin-Rasteiu-96x96.jpg\",\"caption\":\"Florin R\u00e2\u0219teiu\"},\"description\":\"Jurnalist de investiga\u021bie. Lucreaz\u0103 de aproape 6 ani la Buletin de Bucure\u0219ti, unde a publicat articole care scot la suprafa\u021b\u0103 corup\u021bia din Capital\u0103. Analizeaz\u0103 baze de date zilnic \u0219i scoate pove\u0219ti din exceluri pline de cifre. Pune reflectorul pe adev\u0103r cu fiecare ocazie. A c\u00e2\u0219tigat premiul I la categoria Pres\u0103 Local\u0103 \u00een 2025 \u0219i locul al II-lea la aceea\u0219i categorie \u00een 2024 \u00een cadrul Premiilor Superscrieri pentru jurnalism independent.\",\"url\":\"https:\\\/\\\/buletin.de\\\/bucuresti\\\/author\\\/florinrasteiu\\\/\"}]}<\/script>\n<!-- \/ Yoast SEO Premium plugin. -->","yoast_head_json":{"title":"Elevii din Sectorul 5 nu au primit nici acum tabletele promise de Daniel Florea \u00een aprilie - Buletin de Bucure\u0219ti","robots":{"index":"index","follow":"follow","max-snippet":"max-snippet:-1","max-image-preview":"max-image-preview:large","max-video-preview":"max-video-preview:-1"},"canonical":"https:\/\/buletin.de\/bucuresti\/elevii-din-sectorul-5-nu-au-primit-nici-acum-tabletele-promise-de-daniel-florea-in-aprilie\/","og_locale":"en_GB","og_type":"article","og_title":"Elevii din Sectorul 5 nu au primit nici acum tabletele promise de Daniel Florea \u00een aprilie","og_description":"Economat Sectorul 5 a livrat abia \u00een aceast\u0103 s\u0103pt\u0103m\u00e2n\u0103 \u00een licee \u0219i \u00een \u0219colile generale tabletele promise \u00eenc\u0103 din aprilie de fostul primar, Daniel Florea. Distribu\u021bia a \u00eenceput \u00een 19 noiembrie, \u00een aceea\u0219i zi cu perchizi\u021bia Direc\u021biei Na\u021bionale Anticorup\u021bie (DNA). Directorii \u0219colilor urmeaz\u0103 s\u0103 \u00eencheie un contract de comodat cu to\u021bi elevii, iar abia apoi [&hellip;]","og_url":"https:\/\/buletin.de\/bucuresti\/elevii-din-sectorul-5-nu-au-primit-nici-acum-tabletele-promise-de-daniel-florea-in-aprilie\/","og_site_name":"Buletin de Bucure\u0219ti","article_publisher":"https:\/\/www.facebook.com\/buletin.de.buc","article_published_time":"2020-11-26T05:58:39+00:00","article_modified_time":"2020-11-26T08:27:56+00:00","og_image":[{"width":1600,"height":738,"url":"https:\/\/buletin.de\/bucuresti\/wp-content\/uploads\/125949993_125131752727456_4668056622553266206_o-1.jpg","type":"image\/jpeg"}],"author":"Florin R\u00e2\u0219teiu","twitter_card":"summary_large_image","twitter_misc":{"Written by":"Florin R\u00e2\u0219teiu","Estimated reading time":"4 minutes"},"schema":{"@context":"https:\/\/schema.org","@graph":[{"@type":"Article","@id":"https:\/\/buletin.de\/bucuresti\/elevii-din-sectorul-5-nu-au-primit-nici-acum-tabletele-promise-de-daniel-florea-in-aprilie\/#article","isPartOf":{"@id":"https:\/\/buletin.de\/bucuresti\/elevii-din-sectorul-5-nu-au-primit-nici-acum-tabletele-promise-de-daniel-florea-in-aprilie\/"},"author":{"name":"Florin R\u00e2\u0219teiu","@id":"https:\/\/buletin.de\/bucuresti\/#\/schema\/person\/b0686d7a8b666c6afc78239777fd8a89"},"headline":"Elevii din Sectorul 5 nu au primit nici acum tabletele promise de Daniel Florea \u00een aprilie","datePublished":"2020-11-26T05:58:39+00:00","dateModified":"2020-11-26T08:27:56+00:00","mainEntityOfPage":{"@id":"https:\/\/buletin.de\/bucuresti\/elevii-din-sectorul-5-nu-au-primit-nici-acum-tabletele-promise-de-daniel-florea-in-aprilie\/"},"wordCount":871,"publisher":{"@id":"https:\/\/buletin.de\/bucuresti\/#organization"},"image":{"@id":"https:\/\/buletin.de\/bucuresti\/elevii-din-sectorul-5-nu-au-primit-nici-acum-tabletele-promise-de-daniel-florea-in-aprilie\/#primaryimage"},"thumbnailUrl":"https:\/\/buletin.de\/bucuresti\/wp-content\/uploads\/125949993_125131752727456_4668056622553266206_o-1.jpg","keywords":["achizitii in pandemie","Cristian Popescu Piedone","Sector 5","tablete"],"articleSection":["Diverse"],"inLanguage":"en-GB","copyrightYear":"2020","copyrightHolder":{"@id":"https:\/\/buletin.de\/bucuresti\/#organization"}},{"@type":"WebPage","@id":"https:\/\/buletin.de\/bucuresti\/elevii-din-sectorul-5-nu-au-primit-nici-acum-tabletele-promise-de-daniel-florea-in-aprilie\/","url":"https:\/\/buletin.de\/bucuresti\/elevii-din-sectorul-5-nu-au-primit-nici-acum-tabletele-promise-de-daniel-florea-in-aprilie\/","name":"Elevii din Sectorul 5 nu au primit nici acum tabletele promise de Daniel Florea \u00een aprilie - Buletin de Bucure\u0219ti","isPartOf":{"@id":"https:\/\/buletin.de\/bucuresti\/#website"},"primaryImageOfPage":{"@id":"https:\/\/buletin.de\/bucuresti\/elevii-din-sectorul-5-nu-au-primit-nici-acum-tabletele-promise-de-daniel-florea-in-aprilie\/#primaryimage"},"image":{"@id":"https:\/\/buletin.de\/bucuresti\/elevii-din-sectorul-5-nu-au-primit-nici-acum-tabletele-promise-de-daniel-florea-in-aprilie\/#primaryimage"},"thumbnailUrl":"https:\/\/buletin.de\/bucuresti\/wp-content\/uploads\/125949993_125131752727456_4668056622553266206_o-1.jpg","datePublished":"2020-11-26T05:58:39+00:00","dateModified":"2020-11-26T08:27:56+00:00","breadcrumb":{"@id":"https:\/\/buletin.de\/bucuresti\/elevii-din-sectorul-5-nu-au-primit-nici-acum-tabletele-promise-de-daniel-florea-in-aprilie\/#breadcrumb"},"inLanguage":"en-GB","potentialAction":[{"@type":"ReadAction","target":["https:\/\/buletin.de\/bucuresti\/elevii-din-sectorul-5-nu-au-primit-nici-acum-tabletele-promise-de-daniel-florea-in-aprilie\/"]}]},{"@type":"ImageObject","inLanguage":"en-GB","@id":"https:\/\/buletin.de\/bucuresti\/elevii-din-sectorul-5-nu-au-primit-nici-acum-tabletele-promise-de-daniel-florea-in-aprilie\/#primaryimage","url":"https:\/\/buletin.de\/bucuresti\/wp-content\/uploads\/125949993_125131752727456_4668056622553266206_o-1.jpg","contentUrl":"https:\/\/buletin.de\/bucuresti\/wp-content\/uploads\/125949993_125131752727456_4668056622553266206_o-1.jpg","width":1600,"height":738},{"@type":"BreadcrumbList","@id":"https:\/\/buletin.de\/bucuresti\/elevii-din-sectorul-5-nu-au-primit-nici-acum-tabletele-promise-de-daniel-florea-in-aprilie\/#breadcrumb","itemListElement":[{"@type":"ListItem","position":1,"name":"Acas\u0103","item":"https:\/\/buletin.de\/bucuresti\/"},{"@type":"ListItem","position":2,"name":"Elevii din Sectorul 5 nu au primit nici acum tabletele promise de Daniel Florea \u00een aprilie"}]},{"@type":"WebSite","@id":"https:\/\/buletin.de\/bucuresti\/#website","url":"https:\/\/buletin.de\/bucuresti\/","name":"Buletin de Bucure\u0219ti","description":"\u0218tiri \u0219i investiga\u021bii esen\u021biale din capital\u0103","publisher":{"@id":"https:\/\/buletin.de\/bucuresti\/#organization"},"potentialAction":[{"@type":"SearchAction","target":{"@type":"EntryPoint","urlTemplate":"https:\/\/buletin.de\/bucuresti\/?s={search_term_string}"},"query-input":{"@type":"PropertyValueSpecification","valueRequired":true,"valueName":"search_term_string"}}],"inLanguage":"en-GB"},{"@type":"Organization","@id":"https:\/\/buletin.de\/bucuresti\/#organization","name":"Buletin de Bucure\u0219ti","url":"https:\/\/buletin.de\/bucuresti\/","logo":{"@type":"ImageObject","inLanguage":"en-GB","@id":"https:\/\/buletin.de\/bucuresti\/#\/schema\/logo\/image\/","url":"https:\/\/buletin.de\/bucuresti\/wp-content\/uploads\/logo-bdb-full-wide-vernil-transparent.png","contentUrl":"https:\/\/buletin.de\/bucuresti\/wp-content\/uploads\/logo-bdb-full-wide-vernil-transparent.png","width":1782,"height":626,"caption":"Buletin de Bucure\u0219ti"},"image":{"@id":"https:\/\/buletin.de\/bucuresti\/#\/schema\/logo\/image\/"},"sameAs":["https:\/\/www.facebook.com\/buletin.de.buc","https:\/\/www.instagram.com\/buletinde.bucuresti\/"]},{"@type":"Person","@id":"https:\/\/buletin.de\/bucuresti\/#\/schema\/person\/b0686d7a8b666c6afc78239777fd8a89","name":"Florin R\u00e2\u0219teiu","image":{"@type":"ImageObject","inLanguage":"en-GB","@id":"https:\/\/buletin.de\/bucuresti\/wp-content\/uploads\/Florin-Rasteiu-96x96.jpgf0a6fe28453aa12f0a60e4d0a2e3a78c","url":"https:\/\/buletin.de\/bucuresti\/wp-content\/uploads\/Florin-Rasteiu-96x96.jpg","contentUrl":"https:\/\/buletin.de\/bucuresti\/wp-content\/uploads\/Florin-Rasteiu-96x96.jpg","caption":"Florin R\u00e2\u0219teiu"},"description":"Jurnalist de investiga\u021bie. Lucreaz\u0103 de aproape 6 ani la Buletin de Bucure\u0219ti, unde a publicat articole care scot la suprafa\u021b\u0103 corup\u021bia din Capital\u0103. Analizeaz\u0103 baze de date zilnic \u0219i scoate pove\u0219ti din exceluri pline de cifre. Pune reflectorul pe adev\u0103r cu fiecare ocazie. A c\u00e2\u0219tigat premiul I la categoria Pres\u0103 Local\u0103 \u00een 2025 \u0219i locul al II-lea la aceea\u0219i categorie \u00een 2024 \u00een cadrul Premiilor Superscrieri pentru jurnalism independent.","url":"https:\/\/buletin.de\/bucuresti\/author\/florinrasteiu\/"}]}},"authors":[{"term_id":22576,"user_id":17,"is_guest":0,"slug":"florinrasteiu","display_name":"Florin R\u00e2\u0219teiu","avatar_url":"https:\/\/buletin.de\/bucuresti\/wp-content\/uploads\/Florin-Rasteiu-96x96.jpg","0":null,"1":"","2":"","3":"","4":"","5":"","6":"","7":"","8":""}],"_links":{"self":[{"href":"https:\/\/buletin.de\/bucuresti\/wp-json\/wp\/v2\/posts\/15782","targetHints":{"allow":["GET"]}}],"collection":[{"href":"https:\/\/buletin.de\/bucuresti\/wp-json\/wp\/v2\/posts"}],"about":[{"href":"https:\/\/buletin.de\/bucuresti\/wp-json\/wp\/v2\/types\/post"}],"author":[{"embeddable":true,"href":"https:\/\/buletin.de\/bucuresti\/wp-json\/wp\/v2\/users\/17"}],"replies":[{"embeddable":true,"href":"https:\/\/buletin.de\/bucuresti\/wp-json\/wp\/v2\/comments?post=15782"}],"version-history":[{"count":6,"href":"https:\/\/buletin.de\/bucuresti\/wp-json\/wp\/v2\/posts\/15782\/revisions"}],"predecessor-version":[{"id":15831,"href":"https:\/\/buletin.de\/bucuresti\/wp-json\/wp\/v2\/posts\/15782\/revisions\/15831"}],"wp:featuredmedia":[{"embeddable":true,"href":"https:\/\/buletin.de\/bucuresti\/wp-json\/wp\/v2\/media\/15802"}],"wp:attachment":[{"href":"https:\/\/buletin.de\/bucuresti\/wp-json\/wp\/v2\/media?parent=15782"}],"wp:term":[{"taxonomy":"category","embeddable":true,"href":"https:\/\/buletin.de\/bucuresti\/wp-json\/wp\/v2\/categories?post=15782"},{"taxonomy":"post_tag","embeddable":true,"href":"https:\/\/buletin.de\/bucuresti\/wp-json\/wp\/v2\/tags?post=15782"},{"taxonomy":"author","embeddable":true,"href":"https:\/\/buletin.de\/bucuresti\/wp-json\/wp\/v2\/ppma_author?post=15782"}],"curies":[{"name":"wp","href":"https:\/\/api.w.org\/{rel}","templated":true}]}}