{"id":157557,"date":"2025-11-13T18:17:27","date_gmt":"2025-11-13T15:17:27","guid":{"rendered":"https:\/\/buletin.de\/bucuresti\/?p=157557"},"modified":"2025-11-13T18:51:40","modified_gmt":"2025-11-13T15:51:40","slug":"progres-pe-autostrada-a0-nord-toate-cele-12-grinzi-si-104-predale-montate-in-doua-nopti","status":"publish","type":"post","link":"https:\/\/buletin.de\/bucuresti\/progres-pe-autostrada-a0-nord-toate-cele-12-grinzi-si-104-predale-montate-in-doua-nopti\/","title":{"rendered":"Progres pe autostrada A0 Nord: toate cele 12 grinzi \u0219i 104 predale, montate \u00een dou\u0103 nop\u021bi"},"content":{"rendered":"\n<p><strong>\u00cen doar dou\u0103 nop\u021bi, au fost montate toate cele 12 grinzi \u0219i 104 predale la pasajul peste DN1A, parte din lotul 1 Nord de pe Autostrada A0. Anun\u021bul a fost f\u0103cut de constructorul Retter joi. <\/strong><\/p>\n\n\n\n<p>Pentru a nu afecta traficul din timpul zilei, s-a lucrat \u00eencontinuu p\u00e2n\u0103 \u00een zori \u0219i au fost montate predale direct vopsite, dup\u0103 cum au anun\u021bat reprezentan\u021bii constructorului. Din acest motiv, nu mai este nevoie de o oprire a traficului \u00een urm\u0103toarea perioad\u0103. <\/p>\n\n\n\n<h2 class=\"wp-block-heading\" id=\"h-autostrada-a0-toate-cele-12-grinzi-\u0219i-104-predale-au-fost-montate\">Autostrada A0: toate cele 12 grinzi \u0219i 104 predale au fost montate <\/h2>\n\n\n\n<p><em>\u201e\u0218tim c\u00e2t de important este acest lot de autostrad\u0103 pentru economia \u00eentregii regiuni \u0219i suntem focusa\u021bi \u00een \u0219antier pentru a da \u00een trafic segmentul dintre DN1A (Mogo\u0219oaia \u2013 Buftea) \u0219i DN1 (Corbeanca) \u00een mai 2026, a\u0219a cum ne-am asumat, cu aproape un an mai devreme fa\u021b\u0103 de termenul din contract &#8211; aprilie 202<\/em>7.\u201d, au mai precizat reprezentan\u021bii <a href=\"https:\/\/www.facebook.com\/watch\/?v=1946238202620235\" target=\"_blank\" rel=\"noreferrer noopener\">Retter<\/a>. <\/p>\n\n\n\n<p>\u00cen luna septembrie, Asocia\u021bia Pro Infrastructur\u0103 (API) estima c\u0103 la finalul prim\u0103verii 2026 se va putea circula pe Autostrada A0 Nord \u00eentre nodurile cu DN1A (Mogo\u0219oaia &#8211; Buftea) \u0219i DN1 (Corbeanca), \u00een cel mai optimist scenariu, scrie <a href=\"https:\/\/www.economica.net\/autostrada-bucurestiului-a0-retter_888000.html?fbclid=IwY2xjawOCs9hleHRuA2FlbQIxMQBzcnRjBmFwcF9pZBAyMjIwMzkxNzg4MjAwODkyAAEeFsFTqIRJp6Y65nx_H_0lyv39HH07UpjhJM1J-YSVq-vMLSR6w27CMmnPK-E_aem_ZAHuaEXn-8OO12TGHkRxKQ\" target=\"_blank\" rel=\"noreferrer noopener\">Economica.net<\/a>. <\/p>\n\n\n<p><iframe style=\"border: none; overflow: hidden;\" src=\"https:\/\/www.facebook.com\/plugins\/video.php?height=316&amp;href=https%3A%2F%2Fwww.facebook.com%2Freel%2F1946238202620235%2F&amp;show_text=false&amp;width=560&amp;t=0\" width=\"560\" height=\"316\" frameborder=\"0\" scrolling=\"no\" allowfullscreen=\"allowfullscreen\"><\/iframe><\/p>\n\n\n<p>Pe cealalt\u0103 bucat\u0103, spre A1, lucreaz\u0103 constructorul italian Pizzarotti pe partea de drum. Cu toate acestea, structur\u0103rile sunt realizate tot de Retter, care \u00een prezent se concentreaz\u0103 pe segmentul Mogo\u0219oaia &#8211; Corbeanca \u0219i la pasajele mari peste DN7 \u0219i calea ferat\u0103. <\/p>\n\n\n\n<h2 class=\"wp-block-heading\" id=\"h-cand-se-va-putea-circula-pe-to\u021bi-cei-100-km-ai-a0\">C\u00e2nd se va putea circula pe to\u021bi cei 100 km ai A0<\/h2>\n\n\n\n<p><em>\u201eTragem n\u0103dejde c\u0103 \u00een noiembrie 2026 vom circula complet \u00eentre A1 \u0219i DN1 \u0219i, implicit, pe to\u021bi cei 100 de kilometri ai Autostr\u0103zii A0.\u201d,<\/em> au spus reprezentan\u021bii Asocia\u021biei Pro Infrastructur\u0103. <\/p>\n\n\n\n<p>Pe 20 septembrie 2023, a fost semnat contractul pe cei 17,5 kilometri ai lotului 1 al A0 Nord \u00eentre B\u00e2cu (DJ601A) \u0219i Corbeanca (DN1), cu ordin de \u00eencepere din 16 octombrie 2023. <\/p>\n\n\n\n<p>Contractul prevede 12 luni de proiectare \u0219i 22 de execu\u021bie. Autoriza\u021bia de construire a venit pe 23 ianuarie 2024, astfel c\u0103 termenul de finalizare este noiembrie 2026, au mai spus cei de la API.<\/p>\n\n\n\n<p><strong>CITE\u0218TE \u0218I: <a href=\"https:\/\/buletin.de\/bucuresti\/prefectul-capitalei-il-cheama-pe-robert-negoita-sa-dea-explicatii-cu-privire-la-drumurile-construite-peste-conducte-de-gaz\/\">Prefectul Capitalei \u00eel cheam\u0103 pe Robert Negoi\u021b\u0103 s\u0103 dea explica\u021bii cu privire la drumurile construite peste conducte de gaz<\/a><\/strong><\/p>\n","protected":false},"excerpt":{"rendered":"<p>\u00cen doar dou\u0103 nop\u021bi, au fost montate toate cele 12 grinzi \u0219i 104 predale la pasajul peste DN1A, parte din lotul 1 Nord de pe Autostrada A0. Anun\u021bul a fost f\u0103cut de constructorul Retter joi. Pentru a nu afecta traficul din timpul zilei, s-a lucrat \u00eencontinuu p\u00e2n\u0103 \u00een zori \u0219i au fost montate predale direct [&hellip;]<\/p>\n","protected":false},"author":65,"featured_media":157580,"comment_status":"closed","ping_status":"open","sticky":false,"template":"","format":"standard","meta":{"_acf_changed":false,"inline_featured_image":false,"ngg_post_thumbnail":0,"footnotes":""},"categories":[6994,5762,650],"tags":[1465,2620,8016],"ppma_author":[23912],"class_list":["post-157557","post","type-post","status-publish","format-standard","has-post-thumbnail","hentry","category-stiri-2","category-main","category-transport","tag-a0","tag-autostrada-a0","tag-dn1a"],"acf":[],"yoast_head":"<!-- This site is optimized with the Yoast SEO Premium plugin v25.3 (Yoast SEO v27.5) - https:\/\/yoast.com\/product\/yoast-seo-premium-wordpress\/ -->\n<title>Progres pe autostrada A0 Nord: toate cele 12 grinzi \u0219i 104 predale, montate \u00een dou\u0103 nop\u021bi - Buletin de Bucure\u0219ti<\/title>\n<meta name=\"description\" content=\"\u00cen doar dou\u0103 nop\u021bi, au fost montate toate cele 12 grinzi \u0219i 104 predale la pasajul peste DN1A, parte din lotul 1 Nord de pe Autostrada A0.\" \/>\n<meta name=\"robots\" content=\"index, follow, max-snippet:-1, max-image-preview:large, max-video-preview:-1\" \/>\n<link rel=\"canonical\" href=\"https:\/\/buletin.de\/bucuresti\/progres-pe-autostrada-a0-nord-toate-cele-12-grinzi-si-104-predale-montate-in-doua-nopti\/\" \/>\n<meta property=\"og:locale\" content=\"en_GB\" \/>\n<meta property=\"og:type\" content=\"article\" \/>\n<meta property=\"og:title\" content=\"Progres pe autostrada A0 Nord: toate cele 12 grinzi \u0219i 104 predale, montate \u00een dou\u0103 nop\u021bi\" \/>\n<meta property=\"og:description\" content=\"\u00cen doar dou\u0103 nop\u021bi, au fost montate toate cele 12 grinzi \u0219i 104 predale la pasajul peste DN1A, parte din lotul 1 Nord de pe Autostrada A0.\" \/>\n<meta property=\"og:url\" content=\"https:\/\/buletin.de\/bucuresti\/progres-pe-autostrada-a0-nord-toate-cele-12-grinzi-si-104-predale-montate-in-doua-nopti\/\" \/>\n<meta property=\"og:site_name\" content=\"Buletin de Bucure\u0219ti\" \/>\n<meta property=\"article:publisher\" content=\"https:\/\/www.facebook.com\/buletin.de.buc\" \/>\n<meta property=\"article:published_time\" content=\"2025-11-13T15:17:27+00:00\" \/>\n<meta property=\"article:modified_time\" content=\"2025-11-13T15:51:40+00:00\" \/>\n<meta property=\"og:image\" content=\"https:\/\/buletin.de\/bucuresti\/wp-content\/uploads\/2025\/11\/Autostrada-A0-progres.jpg\" \/>\n\t<meta property=\"og:image:width\" content=\"1920\" \/>\n\t<meta property=\"og:image:height\" content=\"1080\" \/>\n\t<meta property=\"og:image:type\" content=\"image\/jpeg\" \/>\n<meta name=\"author\" content=\"Andreea St\u0103n\u0103r\u00eeng\u0103\" \/>\n<meta name=\"twitter:card\" content=\"summary_large_image\" \/>\n<meta name=\"twitter:label1\" content=\"Written by\" \/>\n\t<meta name=\"twitter:data1\" content=\"Andreea St\u0103n\u0103r\u00eeng\u0103\" \/>\n\t<meta name=\"twitter:label2\" content=\"Estimated reading time\" \/>\n\t<meta name=\"twitter:data2\" content=\"2 minutes\" \/>\n<script type=\"application\/ld+json\" class=\"yoast-schema-graph\">{\"@context\":\"https:\\\/\\\/schema.org\",\"@graph\":[{\"@type\":\"Article\",\"@id\":\"https:\\\/\\\/buletin.de\\\/bucuresti\\\/progres-pe-autostrada-a0-nord-toate-cele-12-grinzi-si-104-predale-montate-in-doua-nopti\\\/#article\",\"isPartOf\":{\"@id\":\"https:\\\/\\\/buletin.de\\\/bucuresti\\\/progres-pe-autostrada-a0-nord-toate-cele-12-grinzi-si-104-predale-montate-in-doua-nopti\\\/\"},\"author\":{\"name\":\"Andreea St\u0103n\u0103r\u00eeng\u0103\",\"@id\":\"https:\\\/\\\/buletin.de\\\/bucuresti\\\/#\\\/schema\\\/person\\\/81421a46fb84a0887cfd2238f5202586\"},\"headline\":\"Progres pe autostrada A0 Nord: toate cele 12 grinzi \u0219i 104 predale, montate \u00een dou\u0103 nop\u021bi\",\"datePublished\":\"2025-11-13T15:17:27+00:00\",\"dateModified\":\"2025-11-13T15:51:40+00:00\",\"mainEntityOfPage\":{\"@id\":\"https:\\\/\\\/buletin.de\\\/bucuresti\\\/progres-pe-autostrada-a0-nord-toate-cele-12-grinzi-si-104-predale-montate-in-doua-nopti\\\/\"},\"wordCount\":381,\"publisher\":{\"@id\":\"https:\\\/\\\/buletin.de\\\/bucuresti\\\/#organization\"},\"image\":{\"@id\":\"https:\\\/\\\/buletin.de\\\/bucuresti\\\/progres-pe-autostrada-a0-nord-toate-cele-12-grinzi-si-104-predale-montate-in-doua-nopti\\\/#primaryimage\"},\"thumbnailUrl\":\"https:\\\/\\\/buletin.de\\\/bucuresti\\\/wp-content\\\/uploads\\\/2025\\\/11\\\/Autostrada-A0-progres.jpg\",\"keywords\":[\"A0\",\"autostrada a0\",\"DN1A\"],\"articleSection\":[\"Articole\",\"Main\",\"Transport\"],\"inLanguage\":\"en-GB\",\"copyrightYear\":\"2025\",\"copyrightHolder\":{\"@id\":\"https:\\\/\\\/buletin.de\\\/bucuresti\\\/#organization\"}},{\"@type\":\"WebPage\",\"@id\":\"https:\\\/\\\/buletin.de\\\/bucuresti\\\/progres-pe-autostrada-a0-nord-toate-cele-12-grinzi-si-104-predale-montate-in-doua-nopti\\\/\",\"url\":\"https:\\\/\\\/buletin.de\\\/bucuresti\\\/progres-pe-autostrada-a0-nord-toate-cele-12-grinzi-si-104-predale-montate-in-doua-nopti\\\/\",\"name\":\"Progres pe autostrada A0 Nord: toate cele 12 grinzi \u0219i 104 predale, montate \u00een dou\u0103 nop\u021bi - Buletin de Bucure\u0219ti\",\"isPartOf\":{\"@id\":\"https:\\\/\\\/buletin.de\\\/bucuresti\\\/#website\"},\"primaryImageOfPage\":{\"@id\":\"https:\\\/\\\/buletin.de\\\/bucuresti\\\/progres-pe-autostrada-a0-nord-toate-cele-12-grinzi-si-104-predale-montate-in-doua-nopti\\\/#primaryimage\"},\"image\":{\"@id\":\"https:\\\/\\\/buletin.de\\\/bucuresti\\\/progres-pe-autostrada-a0-nord-toate-cele-12-grinzi-si-104-predale-montate-in-doua-nopti\\\/#primaryimage\"},\"thumbnailUrl\":\"https:\\\/\\\/buletin.de\\\/bucuresti\\\/wp-content\\\/uploads\\\/2025\\\/11\\\/Autostrada-A0-progres.jpg\",\"datePublished\":\"2025-11-13T15:17:27+00:00\",\"dateModified\":\"2025-11-13T15:51:40+00:00\",\"description\":\"\u00cen doar dou\u0103 nop\u021bi, au fost montate toate cele 12 grinzi \u0219i 104 predale la pasajul peste DN1A, parte din lotul 1 Nord de pe Autostrada A0.\",\"breadcrumb\":{\"@id\":\"https:\\\/\\\/buletin.de\\\/bucuresti\\\/progres-pe-autostrada-a0-nord-toate-cele-12-grinzi-si-104-predale-montate-in-doua-nopti\\\/#breadcrumb\"},\"inLanguage\":\"en-GB\",\"potentialAction\":[{\"@type\":\"ReadAction\",\"target\":[\"https:\\\/\\\/buletin.de\\\/bucuresti\\\/progres-pe-autostrada-a0-nord-toate-cele-12-grinzi-si-104-predale-montate-in-doua-nopti\\\/\"]}]},{\"@type\":\"ImageObject\",\"inLanguage\":\"en-GB\",\"@id\":\"https:\\\/\\\/buletin.de\\\/bucuresti\\\/progres-pe-autostrada-a0-nord-toate-cele-12-grinzi-si-104-predale-montate-in-doua-nopti\\\/#primaryimage\",\"url\":\"https:\\\/\\\/buletin.de\\\/bucuresti\\\/wp-content\\\/uploads\\\/2025\\\/11\\\/Autostrada-A0-progres.jpg\",\"contentUrl\":\"https:\\\/\\\/buletin.de\\\/bucuresti\\\/wp-content\\\/uploads\\\/2025\\\/11\\\/Autostrada-A0-progres.jpg\",\"width\":1920,\"height\":1080,\"caption\":\"Progres pe Autostrada A0 Nord. Foto: Capturi video Infrastructura Romania\"},{\"@type\":\"BreadcrumbList\",\"@id\":\"https:\\\/\\\/buletin.de\\\/bucuresti\\\/progres-pe-autostrada-a0-nord-toate-cele-12-grinzi-si-104-predale-montate-in-doua-nopti\\\/#breadcrumb\",\"itemListElement\":[{\"@type\":\"ListItem\",\"position\":1,\"name\":\"Acas\u0103\",\"item\":\"https:\\\/\\\/buletin.de\\\/bucuresti\\\/\"},{\"@type\":\"ListItem\",\"position\":2,\"name\":\"Progres pe autostrada A0 Nord: toate cele 12 grinzi \u0219i 104 predale, montate \u00een dou\u0103 nop\u021bi\"}]},{\"@type\":\"WebSite\",\"@id\":\"https:\\\/\\\/buletin.de\\\/bucuresti\\\/#website\",\"url\":\"https:\\\/\\\/buletin.de\\\/bucuresti\\\/\",\"name\":\"Buletin de Bucure\u0219ti\",\"description\":\"\u0218tiri \u0219i investiga\u021bii esen\u021biale din capital\u0103\",\"publisher\":{\"@id\":\"https:\\\/\\\/buletin.de\\\/bucuresti\\\/#organization\"},\"potentialAction\":[{\"@type\":\"SearchAction\",\"target\":{\"@type\":\"EntryPoint\",\"urlTemplate\":\"https:\\\/\\\/buletin.de\\\/bucuresti\\\/?s={search_term_string}\"},\"query-input\":{\"@type\":\"PropertyValueSpecification\",\"valueRequired\":true,\"valueName\":\"search_term_string\"}}],\"inLanguage\":\"en-GB\"},{\"@type\":\"Organization\",\"@id\":\"https:\\\/\\\/buletin.de\\\/bucuresti\\\/#organization\",\"name\":\"Buletin de Bucure\u0219ti\",\"url\":\"https:\\\/\\\/buletin.de\\\/bucuresti\\\/\",\"logo\":{\"@type\":\"ImageObject\",\"inLanguage\":\"en-GB\",\"@id\":\"https:\\\/\\\/buletin.de\\\/bucuresti\\\/#\\\/schema\\\/logo\\\/image\\\/\",\"url\":\"https:\\\/\\\/buletin.de\\\/bucuresti\\\/wp-content\\\/uploads\\\/logo-bdb-full-wide-vernil-transparent.png\",\"contentUrl\":\"https:\\\/\\\/buletin.de\\\/bucuresti\\\/wp-content\\\/uploads\\\/logo-bdb-full-wide-vernil-transparent.png\",\"width\":1782,\"height\":626,\"caption\":\"Buletin de Bucure\u0219ti\"},\"image\":{\"@id\":\"https:\\\/\\\/buletin.de\\\/bucuresti\\\/#\\\/schema\\\/logo\\\/image\\\/\"},\"sameAs\":[\"https:\\\/\\\/www.facebook.com\\\/buletin.de.buc\",\"https:\\\/\\\/www.instagram.com\\\/buletinde.bucuresti\\\/\"]},{\"@type\":\"Person\",\"@id\":\"https:\\\/\\\/buletin.de\\\/bucuresti\\\/#\\\/schema\\\/person\\\/81421a46fb84a0887cfd2238f5202586\",\"name\":\"Andreea St\u0103n\u0103r\u00eeng\u0103\",\"image\":{\"@type\":\"ImageObject\",\"inLanguage\":\"en-GB\",\"@id\":\"https:\\\/\\\/secure.gravatar.com\\\/avatar\\\/dfa8d227a4388fad0f0bb03add04b5b176f4da34397dbb2eadc563b3d7162ce0?s=96&d=monsterid&r=g72784372b39ffe5a98a45288fe0d0e8a\",\"url\":\"https:\\\/\\\/secure.gravatar.com\\\/avatar\\\/dfa8d227a4388fad0f0bb03add04b5b176f4da34397dbb2eadc563b3d7162ce0?s=96&d=monsterid&r=g\",\"contentUrl\":\"https:\\\/\\\/secure.gravatar.com\\\/avatar\\\/dfa8d227a4388fad0f0bb03add04b5b176f4da34397dbb2eadc563b3d7162ce0?s=96&d=monsterid&r=g\",\"caption\":\"Andreea St\u0103n\u0103r\u00eeng\u0103\"},\"description\":\"Cu o experien\u021b\u0103 de peste 5 ani \u00een pres\u0103, face parte din echipa Buletin de Bucure\u0219ti din septembrie 2025. A colaborat cu c\u00e2teva publica\u021bii, printre care \u0219i Fanatik.ro, unde s-a ocupat de \u0219tiri de lifestyle \u0219i de actualitate. A f\u0103cut un pas c\u0103tre presa local\u0103 pentru a explora Bucure\u0219tiul \u0219i pove\u0219tile care merit\u0103 spuse.\",\"url\":\"https:\\\/\\\/buletin.de\\\/bucuresti\\\/author\\\/andreea-stanaranga\\\/\"}]}<\/script>\n<!-- \/ Yoast SEO Premium plugin. -->","yoast_head_json":{"title":"Progres pe autostrada A0 Nord: toate cele 12 grinzi \u0219i 104 predale, montate \u00een dou\u0103 nop\u021bi - Buletin de Bucure\u0219ti","description":"\u00cen doar dou\u0103 nop\u021bi, au fost montate toate cele 12 grinzi \u0219i 104 predale la pasajul peste DN1A, parte din lotul 1 Nord de pe Autostrada A0.","robots":{"index":"index","follow":"follow","max-snippet":"max-snippet:-1","max-image-preview":"max-image-preview:large","max-video-preview":"max-video-preview:-1"},"canonical":"https:\/\/buletin.de\/bucuresti\/progres-pe-autostrada-a0-nord-toate-cele-12-grinzi-si-104-predale-montate-in-doua-nopti\/","og_locale":"en_GB","og_type":"article","og_title":"Progres pe autostrada A0 Nord: toate cele 12 grinzi \u0219i 104 predale, montate \u00een dou\u0103 nop\u021bi","og_description":"\u00cen doar dou\u0103 nop\u021bi, au fost montate toate cele 12 grinzi \u0219i 104 predale la pasajul peste DN1A, parte din lotul 1 Nord de pe Autostrada A0.","og_url":"https:\/\/buletin.de\/bucuresti\/progres-pe-autostrada-a0-nord-toate-cele-12-grinzi-si-104-predale-montate-in-doua-nopti\/","og_site_name":"Buletin de Bucure\u0219ti","article_publisher":"https:\/\/www.facebook.com\/buletin.de.buc","article_published_time":"2025-11-13T15:17:27+00:00","article_modified_time":"2025-11-13T15:51:40+00:00","og_image":[{"width":1920,"height":1080,"url":"https:\/\/buletin.de\/bucuresti\/wp-content\/uploads\/2025\/11\/Autostrada-A0-progres.jpg","type":"image\/jpeg"}],"author":"Andreea St\u0103n\u0103r\u00eeng\u0103","twitter_card":"summary_large_image","twitter_misc":{"Written by":"Andreea St\u0103n\u0103r\u00eeng\u0103","Estimated reading time":"2 minutes"},"schema":{"@context":"https:\/\/schema.org","@graph":[{"@type":"Article","@id":"https:\/\/buletin.de\/bucuresti\/progres-pe-autostrada-a0-nord-toate-cele-12-grinzi-si-104-predale-montate-in-doua-nopti\/#article","isPartOf":{"@id":"https:\/\/buletin.de\/bucuresti\/progres-pe-autostrada-a0-nord-toate-cele-12-grinzi-si-104-predale-montate-in-doua-nopti\/"},"author":{"name":"Andreea St\u0103n\u0103r\u00eeng\u0103","@id":"https:\/\/buletin.de\/bucuresti\/#\/schema\/person\/81421a46fb84a0887cfd2238f5202586"},"headline":"Progres pe autostrada A0 Nord: toate cele 12 grinzi \u0219i 104 predale, montate \u00een dou\u0103 nop\u021bi","datePublished":"2025-11-13T15:17:27+00:00","dateModified":"2025-11-13T15:51:40+00:00","mainEntityOfPage":{"@id":"https:\/\/buletin.de\/bucuresti\/progres-pe-autostrada-a0-nord-toate-cele-12-grinzi-si-104-predale-montate-in-doua-nopti\/"},"wordCount":381,"publisher":{"@id":"https:\/\/buletin.de\/bucuresti\/#organization"},"image":{"@id":"https:\/\/buletin.de\/bucuresti\/progres-pe-autostrada-a0-nord-toate-cele-12-grinzi-si-104-predale-montate-in-doua-nopti\/#primaryimage"},"thumbnailUrl":"https:\/\/buletin.de\/bucuresti\/wp-content\/uploads\/2025\/11\/Autostrada-A0-progres.jpg","keywords":["A0","autostrada a0","DN1A"],"articleSection":["Articole","Main","Transport"],"inLanguage":"en-GB","copyrightYear":"2025","copyrightHolder":{"@id":"https:\/\/buletin.de\/bucuresti\/#organization"}},{"@type":"WebPage","@id":"https:\/\/buletin.de\/bucuresti\/progres-pe-autostrada-a0-nord-toate-cele-12-grinzi-si-104-predale-montate-in-doua-nopti\/","url":"https:\/\/buletin.de\/bucuresti\/progres-pe-autostrada-a0-nord-toate-cele-12-grinzi-si-104-predale-montate-in-doua-nopti\/","name":"Progres pe autostrada A0 Nord: toate cele 12 grinzi \u0219i 104 predale, montate \u00een dou\u0103 nop\u021bi - Buletin de Bucure\u0219ti","isPartOf":{"@id":"https:\/\/buletin.de\/bucuresti\/#website"},"primaryImageOfPage":{"@id":"https:\/\/buletin.de\/bucuresti\/progres-pe-autostrada-a0-nord-toate-cele-12-grinzi-si-104-predale-montate-in-doua-nopti\/#primaryimage"},"image":{"@id":"https:\/\/buletin.de\/bucuresti\/progres-pe-autostrada-a0-nord-toate-cele-12-grinzi-si-104-predale-montate-in-doua-nopti\/#primaryimage"},"thumbnailUrl":"https:\/\/buletin.de\/bucuresti\/wp-content\/uploads\/2025\/11\/Autostrada-A0-progres.jpg","datePublished":"2025-11-13T15:17:27+00:00","dateModified":"2025-11-13T15:51:40+00:00","description":"\u00cen doar dou\u0103 nop\u021bi, au fost montate toate cele 12 grinzi \u0219i 104 predale la pasajul peste DN1A, parte din lotul 1 Nord de pe Autostrada A0.","breadcrumb":{"@id":"https:\/\/buletin.de\/bucuresti\/progres-pe-autostrada-a0-nord-toate-cele-12-grinzi-si-104-predale-montate-in-doua-nopti\/#breadcrumb"},"inLanguage":"en-GB","potentialAction":[{"@type":"ReadAction","target":["https:\/\/buletin.de\/bucuresti\/progres-pe-autostrada-a0-nord-toate-cele-12-grinzi-si-104-predale-montate-in-doua-nopti\/"]}]},{"@type":"ImageObject","inLanguage":"en-GB","@id":"https:\/\/buletin.de\/bucuresti\/progres-pe-autostrada-a0-nord-toate-cele-12-grinzi-si-104-predale-montate-in-doua-nopti\/#primaryimage","url":"https:\/\/buletin.de\/bucuresti\/wp-content\/uploads\/2025\/11\/Autostrada-A0-progres.jpg","contentUrl":"https:\/\/buletin.de\/bucuresti\/wp-content\/uploads\/2025\/11\/Autostrada-A0-progres.jpg","width":1920,"height":1080,"caption":"Progres pe Autostrada A0 Nord. Foto: Capturi video Infrastructura Romania"},{"@type":"BreadcrumbList","@id":"https:\/\/buletin.de\/bucuresti\/progres-pe-autostrada-a0-nord-toate-cele-12-grinzi-si-104-predale-montate-in-doua-nopti\/#breadcrumb","itemListElement":[{"@type":"ListItem","position":1,"name":"Acas\u0103","item":"https:\/\/buletin.de\/bucuresti\/"},{"@type":"ListItem","position":2,"name":"Progres pe autostrada A0 Nord: toate cele 12 grinzi \u0219i 104 predale, montate \u00een dou\u0103 nop\u021bi"}]},{"@type":"WebSite","@id":"https:\/\/buletin.de\/bucuresti\/#website","url":"https:\/\/buletin.de\/bucuresti\/","name":"Buletin de Bucure\u0219ti","description":"\u0218tiri \u0219i investiga\u021bii esen\u021biale din capital\u0103","publisher":{"@id":"https:\/\/buletin.de\/bucuresti\/#organization"},"potentialAction":[{"@type":"SearchAction","target":{"@type":"EntryPoint","urlTemplate":"https:\/\/buletin.de\/bucuresti\/?s={search_term_string}"},"query-input":{"@type":"PropertyValueSpecification","valueRequired":true,"valueName":"search_term_string"}}],"inLanguage":"en-GB"},{"@type":"Organization","@id":"https:\/\/buletin.de\/bucuresti\/#organization","name":"Buletin de Bucure\u0219ti","url":"https:\/\/buletin.de\/bucuresti\/","logo":{"@type":"ImageObject","inLanguage":"en-GB","@id":"https:\/\/buletin.de\/bucuresti\/#\/schema\/logo\/image\/","url":"https:\/\/buletin.de\/bucuresti\/wp-content\/uploads\/logo-bdb-full-wide-vernil-transparent.png","contentUrl":"https:\/\/buletin.de\/bucuresti\/wp-content\/uploads\/logo-bdb-full-wide-vernil-transparent.png","width":1782,"height":626,"caption":"Buletin de Bucure\u0219ti"},"image":{"@id":"https:\/\/buletin.de\/bucuresti\/#\/schema\/logo\/image\/"},"sameAs":["https:\/\/www.facebook.com\/buletin.de.buc","https:\/\/www.instagram.com\/buletinde.bucuresti\/"]},{"@type":"Person","@id":"https:\/\/buletin.de\/bucuresti\/#\/schema\/person\/81421a46fb84a0887cfd2238f5202586","name":"Andreea St\u0103n\u0103r\u00eeng\u0103","image":{"@type":"ImageObject","inLanguage":"en-GB","@id":"https:\/\/secure.gravatar.com\/avatar\/dfa8d227a4388fad0f0bb03add04b5b176f4da34397dbb2eadc563b3d7162ce0?s=96&d=monsterid&r=g72784372b39ffe5a98a45288fe0d0e8a","url":"https:\/\/secure.gravatar.com\/avatar\/dfa8d227a4388fad0f0bb03add04b5b176f4da34397dbb2eadc563b3d7162ce0?s=96&d=monsterid&r=g","contentUrl":"https:\/\/secure.gravatar.com\/avatar\/dfa8d227a4388fad0f0bb03add04b5b176f4da34397dbb2eadc563b3d7162ce0?s=96&d=monsterid&r=g","caption":"Andreea St\u0103n\u0103r\u00eeng\u0103"},"description":"Cu o experien\u021b\u0103 de peste 5 ani \u00een pres\u0103, face parte din echipa Buletin de Bucure\u0219ti din septembrie 2025. A colaborat cu c\u00e2teva publica\u021bii, printre care \u0219i Fanatik.ro, unde s-a ocupat de \u0219tiri de lifestyle \u0219i de actualitate. A f\u0103cut un pas c\u0103tre presa local\u0103 pentru a explora Bucure\u0219tiul \u0219i pove\u0219tile care merit\u0103 spuse.","url":"https:\/\/buletin.de\/bucuresti\/author\/andreea-stanaranga\/"}]}},"authors":[{"term_id":23912,"user_id":65,"is_guest":0,"slug":"andreea-stanaranga","display_name":"Andreea St\u0103n\u0103r\u00eeng\u0103","avatar_url":"https:\/\/secure.gravatar.com\/avatar\/dfa8d227a4388fad0f0bb03add04b5b176f4da34397dbb2eadc563b3d7162ce0?s=96&d=monsterid&r=g","0":null,"1":"","2":"","3":"","4":"","5":"","6":"","7":"","8":""}],"_links":{"self":[{"href":"https:\/\/buletin.de\/bucuresti\/wp-json\/wp\/v2\/posts\/157557","targetHints":{"allow":["GET"]}}],"collection":[{"href":"https:\/\/buletin.de\/bucuresti\/wp-json\/wp\/v2\/posts"}],"about":[{"href":"https:\/\/buletin.de\/bucuresti\/wp-json\/wp\/v2\/types\/post"}],"author":[{"embeddable":true,"href":"https:\/\/buletin.de\/bucuresti\/wp-json\/wp\/v2\/users\/65"}],"replies":[{"embeddable":true,"href":"https:\/\/buletin.de\/bucuresti\/wp-json\/wp\/v2\/comments?post=157557"}],"version-history":[{"count":4,"href":"https:\/\/buletin.de\/bucuresti\/wp-json\/wp\/v2\/posts\/157557\/revisions"}],"predecessor-version":[{"id":157602,"href":"https:\/\/buletin.de\/bucuresti\/wp-json\/wp\/v2\/posts\/157557\/revisions\/157602"}],"wp:featuredmedia":[{"embeddable":true,"href":"https:\/\/buletin.de\/bucuresti\/wp-json\/wp\/v2\/media\/157580"}],"wp:attachment":[{"href":"https:\/\/buletin.de\/bucuresti\/wp-json\/wp\/v2\/media?parent=157557"}],"wp:term":[{"taxonomy":"category","embeddable":true,"href":"https:\/\/buletin.de\/bucuresti\/wp-json\/wp\/v2\/categories?post=157557"},{"taxonomy":"post_tag","embeddable":true,"href":"https:\/\/buletin.de\/bucuresti\/wp-json\/wp\/v2\/tags?post=157557"},{"taxonomy":"author","embeddable":true,"href":"https:\/\/buletin.de\/bucuresti\/wp-json\/wp\/v2\/ppma_author?post=157557"}],"curies":[{"name":"wp","href":"https:\/\/api.w.org\/{rel}","templated":true}]}}