{"id":157342,"date":"2025-11-12T13:51:20","date_gmt":"2025-11-12T10:51:20","guid":{"rendered":"https:\/\/buletin.de\/bucuresti\/?p=157342"},"modified":"2025-11-12T15:36:56","modified_gmt":"2025-11-12T12:36:56","slug":"metrorex-anunta-stadiul-lucrarilor-la-magistrala-6-progrese-semnificative-pe-tronsonul-1-mai-tokyo","status":"publish","type":"post","link":"https:\/\/buletin.de\/bucuresti\/metrorex-anunta-stadiul-lucrarilor-la-magistrala-6-progrese-semnificative-pe-tronsonul-1-mai-tokyo\/","title":{"rendered":"Metrorex anun\u021b\u0103 stadiul lucr\u0103rilor la Magistrala 6: progrese semnificative pe tronsonul 1 Mai &#8211; Tokyo"},"content":{"rendered":"\n<p class=\"wp-block-paragraph\"><strong><a href=\"https:\/\/www.metrorex.ro\/\" target=\"_blank\" rel=\"noreferrer noopener\">Metrorex <\/a>a prezentat stadiul lucr\u0103rilor la Magistrala 6, cea care va lega zona 1 Mai de Aeroportul \u201eHenri Coand\u0103\u201d Otopeni. Noua magistral\u0103 are dou\u0103 sec\u021biuni, cea de sud (tronsonul 1 Mai &#8211; Tokyo) \u0219i cea de nord (tronsonul Tokyo &#8211; Aeroport Otopeni).<\/strong><\/p>\n\n\n\n<p class=\"wp-block-paragraph\">Datele din jurnalul de \u0219antier de la finalul lunii octombrie arat\u0103 c\u0103 structura de rezisten\u021b\u0103 a sec\u021biunii sudice a ajuns la un nivel de execu\u021bie <strong>52%<\/strong>, \u00een timp ce progresul \u00eenregistrat pe tronsonul nordic este de <strong>34%<\/strong>. <\/p>\n\n\n\n<p class=\"wp-block-paragraph\">Lungimea traseului va fi de 14,2 kilometri \u0219i vor fi 12 sta\u021bii \u00een total. Lucr\u0103rile au \u00eenceput \u00een decembrie 2023 \u0219i <a href=\"https:\/\/buletin.de\/bucuresti\/cand-vor-fi-gata-magistrala-6-spre-otopeni-si-prelungirea-magistralei-5-pana-la-piata-univeristatii\/\" target=\"_blank\" rel=\"noreferrer noopener\">vor fi gata, \u00een cel mai optimist scenariu, \u00een 2028<\/a>. <\/p>\n\n\n\n<h2 class=\"wp-block-heading\" id=\"h-stadiul-lucrarilor-la-magistrala-6-pentru-tronsonul-1-mai-tokyo\">Stadiul lucr\u0103rilor la Magistrala 6, pentru tronsonul 1 Mai &#8211; Tokyo <\/h2>\n\n\n\n<p class=\"wp-block-paragraph\"><strong>\u00cen luna octombrie, pe sec\u021biunea sudic\u0103 a magistralei 6 (1 Mai &#8211; Tokyo), lucr\u0103rile au \u00eenregistrat progrese semnificative la toate sta\u021biile \u0219i intersta\u021biile \u00een execu\u021bie.<\/strong> La viitoarea sta\u021bie de metrou <strong>Tokyo<\/strong>, s-au excavat 43.200 de metri cubi \u0219i s-au turnat 7.828 metri cubi de beton. Structura de rezisten\u021b\u0103 a ajuns la un grad de realizare de <strong>60%<\/strong>. <\/p>\n\n\n\n<p class=\"wp-block-paragraph\">La intersta\u021bia <strong>Tokyo &#8211; Aeroport B\u0103neasa<\/strong>, s-au excavat 1.939 metri cubi \u0219i s-au betonat 202 metri cubi, cu un procent de realizare a structurii de rezisten\u021b\u0103 de <strong>61%<\/strong>. <\/p>\n\n\n\n<p class=\"wp-block-paragraph\">Pentru viitoarea sta\u021bie <strong>Aeroport B\u0103neasa<\/strong>, structura de rezisten\u021b\u0103 a ajuns deja la un procent de execu\u021bie de <strong>79%<\/strong>, fiind realiza\u021bi 127 de pilo\u021bi pentru Accesul A. S-au betonat 8.600 de metri cubi. <\/p>\n\n\n\n<p class=\"wp-block-paragraph\">Totodat\u0103, la viitoarea sta\u021bie de metrou <strong>Gara B\u0103neasa<\/strong>, procentul de realizare a structurii de rezisten\u021b\u0103 este de <strong>67%<\/strong>. S-au realizat deja 98 de pilo\u021bi pentru Accesul A, s-au excavat 50.200 de metri cubi \u0219i s-au betonat 5.770 de metri cubi. <\/p>\n\n\n\n<p class=\"wp-block-paragraph\">\u00centre timp, la intersta\u021bia<strong> Gara B\u0103neasa &#8211; Pia\u021ba Montreal<\/strong>, au fost excava\u021bi 3.300 de metri cubi \u0219i s-au betonat 209 metri cubi, iar procentul de realizare a structurii de rezisten\u021b\u0103 este de <strong>60%<\/strong>. <\/p>\n\n\n\n<p class=\"wp-block-paragraph\">Pentru viitoarea sta\u021bie <strong>Pia\u021ba Montreal<\/strong>, s-au excavat 15.500 metri cubi \u0219i s-au betonat 2.570 metri cubi, iar structura de rezisten\u021b\u0103 a fost realizat\u0103 \u00een procent de 66%.<\/p>\n\n\n\n<h2 class=\"wp-block-heading\" id=\"h-care-este-progresul-in-cazul-celorlalte-sta\u021bii\">Care este progresul \u00een cazul celorlalte sta\u021bii <\/h2>\n\n\n\n<p class=\"wp-block-paragraph\">La viitoarea sta\u021bie <strong>Expozi\u021biei<\/strong>, au fost executa\u021bi to\u021bi cei 222 de pilo\u021bi pentru Accesul A, 608 pilo\u021bi plastici, s-au excavat cca 44.000 metri cubi \u0219i s-au betonat cca 7.900 metri cubi. Procentul de realizare a structurii de rezisten\u021b\u0103 este de <strong>68%<\/strong>. <\/p>\n\n\n\n<p class=\"wp-block-paragraph\">Pentru viitoarea intersta\u021bie <strong>Expozi\u021biei &#8211; Pajura,<\/strong> s-au turnat 376 metri cubi de beton, iar structura de rezisten\u021b\u0103 a fost realizat\u0103 \u00een procent de <strong>57%<\/strong>, a precizat <a href=\"https:\/\/www.facebook.com\/metrorexoficial.ro\/posts\/1231125995717256?ref=embed_post\" target=\"_blank\" rel=\"noreferrer noopener\">Metrorex<\/a>. <\/p>\n\n\n\n<p class=\"wp-block-paragraph\">De asemenea, pentru viitoarea sta\u021bie de metrou <strong>Pajura<\/strong>, s-au executat 78 de panouri de pere\u021bi mula\u021bi, 26 de barete, 97 de pilo\u021bi pentru Accesul B, 3 pere\u021bi mula\u021bi plastici. Tot aici, s-au excavat 2.970 metri cubi \u0219i s-au betonat 54 de metri cubi. Structura de rezisten\u021b\u0103 a ajuns la un procent de realizare de <strong>52%<\/strong>. <\/p>\n\n\n\n<p class=\"wp-block-paragraph\">La viitoarea intersta\u021bie<strong> Pajura &#8211; 1 Mai<\/strong>, au fost excava\u021bi 714 metri cubi, cu structura de rezisten\u021b\u0103 realizat\u0103 \u00een propor\u021bie de <strong>56%<\/strong>. <\/p>\n\n\n\n<p class=\"wp-block-paragraph\">\u00cen cazul sta\u021biei de metrou <strong>1 Mai<\/strong> (existent\u0103), au fost relocate utilit\u0103\u021bile prev\u0103zute \u0219i se execut\u0103 relocarea celor neprev\u0103zute, dar \u0219i elementele necesare jonc\u021biunii cu Magistrala 4. Structura de rezisten\u021b\u0103 a fost realizat\u0103 \u00een propor\u021bie de <strong>17%<\/strong>. <\/p>\n\n\n\n<figure class=\"wp-block-embed is-type-video is-provider-youtube wp-block-embed-youtube wp-embed-aspect-16-9 wp-has-aspect-ratio\"><div class=\"wp-block-embed__wrapper\">\n<div class=\"jlvid_container\"><iframe title=\"Jurnal de \u0219antier M6, octombrie 2025\" width=\"1200\" height=\"675\" src=\"https:\/\/www.youtube.com\/embed\/rwRLk6rm9p0?feature=oembed\" frameborder=\"0\" allow=\"accelerometer; autoplay; clipboard-write; encrypted-media; gyroscope; picture-in-picture; web-share\" referrerpolicy=\"strict-origin-when-cross-origin\" allowfullscreen><\/iframe><\/div>\n<\/div><\/figure>\n\n\n\n<h2 class=\"wp-block-heading\" id=\"h-care-este-stadiul-lucrarilor-pe-tronsonul-tokyo-aeroport-otopeni\">Care este stadiul lucr\u0103rilor pe tronsonul Tokyo &#8211; Aeroport Otopeni <\/h2>\n\n\n\n<p class=\"wp-block-paragraph\"><strong>La sec\u021biunea nord, tronsonul Tokyo &#8211; Aeroport Otopeni, lucr\u0103rile se afl\u0103 \u00eentr-o etap\u0103 mai pu\u021bin avansat\u0103 dec\u00e2t \u00een sec\u021biunea sud, cu structura de rezisten\u021b\u0103 realizat\u0103 \u00een propor\u021bie de 34%.<\/strong> La viitoarea sta\u021bie de metrou <strong>Washington<\/strong>, s-a executat panoul PMA 2 p\u00e2n\u0103 la ad\u00e2ncimea de 180 m.<\/p>\n\n\n\n<p class=\"wp-block-paragraph\">Pentru viitoarea sta\u021bie <strong>Paris<\/strong>, s-au realizat, p\u00e2n\u0103 acum: s\u0103p\u0103tura general\u0103 a corpului sta\u021biei \u00eentre axele 1\u201317 \/ A\u2013C, \u00eensum\u00e2nd aproximativ 2.200 m\u00b3, s\u0103p\u0103tura pentru grind\u0103 de ghidaj, aproximativ 135 ml, armarea \u0219i turnarea grinzii de ghidaj \u00eentre axele 12\u201317 \/ B, pe o lungime de 38 ml. Structura de rezisten\u021b\u0103 a fost realizat\u0103 \u00een propor\u021bie de <strong>41%<\/strong>.<\/p>\n\n\n\n<p class=\"wp-block-paragraph\">La viitoarea sta\u021bie <strong>Bruxelles<\/strong>, au fost derulate lucr\u0103ri preg\u0103titoare pentru fazele de excava\u021bie \u0219i sprijinire, inclusiv mobilizarea echipamentelor \u0219i verificarea topografic\u0103 a amplasamentului.<\/p>\n\n\n\n<p class=\"wp-block-paragraph\">\u00cen cazul sta\u021biei <strong>Otopeni<\/strong>, stadiul lucr\u0103rilor este urm\u0103torul: execu\u021bie grind\u0103 de ghidaj \u2013 75%; execu\u021bie sprijinire berlinez\u0103 \u2013 100%; s\u0103p\u0103tur\u0103 deschis\u0103 p\u00e2n\u0103 la cota platformei de lucru \u2013 95%; execu\u021bie pere\u021bi mula\u021bi (panourile P1, P2, P75) \u2013 3,7%. Structura de rezisten\u021b\u0103 a fost realizat\u0103 \u00een propor\u021bie de <strong>52%<\/strong>. <\/p>\n\n\n\n<p class=\"wp-block-paragraph\">La sta\u021bia <strong>Ion I.C. Br\u0103tianu<\/strong>, s-a finalizat excava\u021bia pentru radier. P\u00e2n\u0103 acum, s-au executat urm\u0103toarele: betonul de egalizare aferent plotului 2, pe o suprafa\u021b\u0103 de 600 mp, totaliz\u00e2nd 2.000 mp realiza\u021bi p\u00e2n\u0103 \u00een prezent, hidroizola\u021bia radierului, suplimentar pe 500 mp, total 1.500 mp, turnarea plotului 4, \u00een cantitate de 550 mc de beton. Procentul de realizare a structurii de rezisten\u021b\u0103 este de <strong>68%<\/strong>. <\/p>\n\n\n\n<p class=\"wp-block-paragraph\">Pentru viitoarea sta\u021bie <strong>Aeroport Otopeni<\/strong>, s-au finalizat armarea \u0219i betonarea plan\u0219eului subset \u0219i vestibul, \u00eentre axele 5\u201341 (Plot 9 \u2013 100%), iar nivelul general de execu\u021bie al pl\u0103cii vestibulului, f\u0103r\u0103 galerie, este de 30%. Structura de rezisten\u021b\u0103 a fost realizat\u0103 \u00een procent de <strong>54%<\/strong>. <\/p>\n\n\n\n<p class=\"wp-block-paragraph\"><strong>CITE\u0218TE \u0218I <a href=\"https:\/\/buletin.de\/bucuresti\/fiecare-femeie-ucisa-este-dovada-unui-sistem-care-a-esuat-protest-in-piata-victoriei-dupa-al-51-lea-femicid-din-2025\/\" target=\"_blank\" rel=\"noreferrer noopener\"><\/a><a href=\"https:\/\/buletin.de\/bucuresti\/proiectul-pentru-extinderea-tramvaiului-41-de-pe-prelungirea-ghencea-avanseaza-pmb-cere-terenul-de-la-stat-pentru-lucrare\/\" target=\"_blank\" rel=\"noreferrer noopener\">Proiectul pentru extinderea tramvaiului 41 pe Prelungirea Ghencea avanseaz\u0103. PMB cere terenul de la stat pentru lucrare<\/a><\/strong><\/p>\n\n\n\n<p class=\"wp-block-paragraph\"><\/p>\n","protected":false},"excerpt":{"rendered":"<p>Metrorex a prezentat stadiul lucr\u0103rilor la Magistrala 6, cea care va lega zona 1 Mai de Aeroportul \u201eHenri Coand\u0103\u201d Otopeni. Noua magistral\u0103 are dou\u0103 sec\u021biuni, cea de sud (tronsonul 1 Mai &#8211; Tokyo) \u0219i cea de nord (tronsonul Tokyo &#8211; Aeroport Otopeni). Datele din jurnalul de \u0219antier de la finalul lunii octombrie arat\u0103 c\u0103 structura [&hellip;]<\/p>\n","protected":false},"author":65,"featured_media":157349,"comment_status":"closed","ping_status":"open","sticky":false,"template":"","format":"standard","meta":{"_acf_changed":false,"inline_featured_image":false,"ngg_post_thumbnail":0,"footnotes":""},"categories":[6994,62,650],"tags":[8541,6880,2172,8551],"ppma_author":[23912],"class_list":["post-157342","post","type-post","status-publish","format-standard","has-post-thumbnail","hentry","category-stiri-2","category-stiri","category-transport","tag-lucrari-metrou","tag-magistrala-6","tag-metrou-otopeni","tag-stadiul-lucrarilor"],"acf":[],"a3_pvc":{"activated":false,"total_views":0,"today_views":0},"yoast_head":"<!-- This site is optimized with the Yoast SEO Premium plugin v28.0 (Yoast SEO v28.3) - https:\/\/yoast.com\/product\/yoast-seo-premium-wordpress\/ -->\n<title>Metrorex anun\u021b\u0103 stadiul lucr\u0103rilor la Magistrala 6: progrese semnificative pe tronsonul 1 Mai - Tokyo - Buletin de Bucure\u0219ti<\/title>\n<meta name=\"description\" content=\"Metrorex a prezentat stadiul lucr\u0103rilor la Magistrala 6, cea care va lega zona 1 Mai de Aeroportul \u201eHenri Coand\u0103\u201d Otopeni.\" \/>\n<meta name=\"robots\" content=\"index, follow, max-snippet:-1, max-image-preview:large, max-video-preview:-1\" \/>\n<link rel=\"canonical\" href=\"https:\/\/buletin.de\/bucuresti\/metrorex-anunta-stadiul-lucrarilor-la-magistrala-6-progrese-semnificative-pe-tronsonul-1-mai-tokyo\/\" \/>\n<meta property=\"og:locale\" content=\"en_GB\" \/>\n<meta property=\"og:type\" content=\"article\" \/>\n<meta property=\"og:title\" content=\"Metrorex anun\u021b\u0103 stadiul lucr\u0103rilor la Magistrala 6: progrese semnificative pe tronsonul 1 Mai - Tokyo\" \/>\n<meta property=\"og:description\" content=\"Metrorex a prezentat stadiul lucr\u0103rilor la Magistrala 6, cea care va lega zona 1 Mai de Aeroportul \u201eHenri Coand\u0103\u201d Otopeni.\" \/>\n<meta property=\"og:url\" content=\"https:\/\/buletin.de\/bucuresti\/metrorex-anunta-stadiul-lucrarilor-la-magistrala-6-progrese-semnificative-pe-tronsonul-1-mai-tokyo\/\" \/>\n<meta property=\"og:site_name\" content=\"Buletin de Bucure\u0219ti\" \/>\n<meta property=\"article:publisher\" content=\"https:\/\/www.facebook.com\/buletin.de.buc\" \/>\n<meta property=\"article:published_time\" content=\"2025-11-12T10:51:20+00:00\" \/>\n<meta property=\"article:modified_time\" content=\"2025-11-12T12:36:56+00:00\" \/>\n<meta property=\"og:image\" content=\"https:\/\/buletin.de\/bucuresti\/wp-content\/uploads\/2025\/11\/Stadiul-lucrarilor-la-Magistrala-6.jpg\" \/>\n\t<meta property=\"og:image:width\" content=\"1920\" \/>\n\t<meta property=\"og:image:height\" content=\"1080\" \/>\n\t<meta property=\"og:image:type\" content=\"image\/jpeg\" \/>\n<meta name=\"author\" content=\"Andreea St\u0103n\u0103r\u00eeng\u0103\" \/>\n<meta name=\"twitter:card\" content=\"summary_large_image\" \/>\n<meta name=\"twitter:label1\" content=\"Written by\" \/>\n\t<meta name=\"twitter:data1\" content=\"Andreea St\u0103n\u0103r\u00eeng\u0103\" \/>\n\t<meta name=\"twitter:label2\" content=\"Estimated reading time\" \/>\n\t<meta name=\"twitter:data2\" content=\"4 minutes\" \/>\n<script type=\"application\/ld+json\" class=\"yoast-schema-graph\">{\"@context\":\"https:\\\/\\\/schema.org\",\"@graph\":[{\"@type\":\"Article\",\"@id\":\"https:\\\/\\\/buletin.de\\\/bucuresti\\\/metrorex-anunta-stadiul-lucrarilor-la-magistrala-6-progrese-semnificative-pe-tronsonul-1-mai-tokyo\\\/#article\",\"isPartOf\":{\"@id\":\"https:\\\/\\\/buletin.de\\\/bucuresti\\\/metrorex-anunta-stadiul-lucrarilor-la-magistrala-6-progrese-semnificative-pe-tronsonul-1-mai-tokyo\\\/\"},\"author\":{\"name\":\"Andreea St\u0103n\u0103r\u00eeng\u0103\",\"@id\":\"https:\\\/\\\/buletin.de\\\/bucuresti\\\/#\\\/schema\\\/person\\\/81421a46fb84a0887cfd2238f5202586\"},\"headline\":\"Metrorex anun\u021b\u0103 stadiul lucr\u0103rilor la Magistrala 6: progrese semnificative pe tronsonul 1 Mai &#8211; Tokyo\",\"datePublished\":\"2025-11-12T10:51:20+00:00\",\"dateModified\":\"2025-11-12T12:36:56+00:00\",\"mainEntityOfPage\":{\"@id\":\"https:\\\/\\\/buletin.de\\\/bucuresti\\\/metrorex-anunta-stadiul-lucrarilor-la-magistrala-6-progrese-semnificative-pe-tronsonul-1-mai-tokyo\\\/\"},\"wordCount\":878,\"publisher\":{\"@id\":\"https:\\\/\\\/buletin.de\\\/bucuresti\\\/#organization\"},\"image\":{\"@id\":\"https:\\\/\\\/buletin.de\\\/bucuresti\\\/metrorex-anunta-stadiul-lucrarilor-la-magistrala-6-progrese-semnificative-pe-tronsonul-1-mai-tokyo\\\/#primaryimage\"},\"thumbnailUrl\":\"https:\\\/\\\/buletin.de\\\/bucuresti\\\/wp-content\\\/uploads\\\/2025\\\/11\\\/Stadiul-lucrarilor-la-Magistrala-6.jpg\",\"keywords\":[\"lucrari metrou\",\"magistrala 6\",\"metrou otopeni\",\"stadiul lucrarilor\"],\"articleSection\":[\"Articole\",\"\u0218tiri\",\"Transport\"],\"inLanguage\":\"en-GB\",\"copyrightYear\":\"2025\",\"copyrightHolder\":{\"@id\":\"https:\\\/\\\/buletin.de\\\/bucuresti\\\/#organization\"}},{\"@type\":\"WebPage\",\"@id\":\"https:\\\/\\\/buletin.de\\\/bucuresti\\\/metrorex-anunta-stadiul-lucrarilor-la-magistrala-6-progrese-semnificative-pe-tronsonul-1-mai-tokyo\\\/\",\"url\":\"https:\\\/\\\/buletin.de\\\/bucuresti\\\/metrorex-anunta-stadiul-lucrarilor-la-magistrala-6-progrese-semnificative-pe-tronsonul-1-mai-tokyo\\\/\",\"name\":\"Metrorex anun\u021b\u0103 stadiul lucr\u0103rilor la Magistrala 6: progrese semnificative pe tronsonul 1 Mai - Tokyo - Buletin de Bucure\u0219ti\",\"isPartOf\":{\"@id\":\"https:\\\/\\\/buletin.de\\\/bucuresti\\\/#website\"},\"primaryImageOfPage\":{\"@id\":\"https:\\\/\\\/buletin.de\\\/bucuresti\\\/metrorex-anunta-stadiul-lucrarilor-la-magistrala-6-progrese-semnificative-pe-tronsonul-1-mai-tokyo\\\/#primaryimage\"},\"image\":{\"@id\":\"https:\\\/\\\/buletin.de\\\/bucuresti\\\/metrorex-anunta-stadiul-lucrarilor-la-magistrala-6-progrese-semnificative-pe-tronsonul-1-mai-tokyo\\\/#primaryimage\"},\"thumbnailUrl\":\"https:\\\/\\\/buletin.de\\\/bucuresti\\\/wp-content\\\/uploads\\\/2025\\\/11\\\/Stadiul-lucrarilor-la-Magistrala-6.jpg\",\"datePublished\":\"2025-11-12T10:51:20+00:00\",\"dateModified\":\"2025-11-12T12:36:56+00:00\",\"description\":\"Metrorex a prezentat stadiul lucr\u0103rilor la Magistrala 6, cea care va lega zona 1 Mai de Aeroportul \u201eHenri Coand\u0103\u201d Otopeni.\",\"breadcrumb\":{\"@id\":\"https:\\\/\\\/buletin.de\\\/bucuresti\\\/metrorex-anunta-stadiul-lucrarilor-la-magistrala-6-progrese-semnificative-pe-tronsonul-1-mai-tokyo\\\/#breadcrumb\"},\"inLanguage\":\"en-GB\",\"potentialAction\":[{\"@type\":\"ReadAction\",\"target\":[\"https:\\\/\\\/buletin.de\\\/bucuresti\\\/metrorex-anunta-stadiul-lucrarilor-la-magistrala-6-progrese-semnificative-pe-tronsonul-1-mai-tokyo\\\/\"]}]},{\"@type\":\"ImageObject\",\"inLanguage\":\"en-GB\",\"@id\":\"https:\\\/\\\/buletin.de\\\/bucuresti\\\/metrorex-anunta-stadiul-lucrarilor-la-magistrala-6-progrese-semnificative-pe-tronsonul-1-mai-tokyo\\\/#primaryimage\",\"url\":\"https:\\\/\\\/buletin.de\\\/bucuresti\\\/wp-content\\\/uploads\\\/2025\\\/11\\\/Stadiul-lucrarilor-la-Magistrala-6.jpg\",\"contentUrl\":\"https:\\\/\\\/buletin.de\\\/bucuresti\\\/wp-content\\\/uploads\\\/2025\\\/11\\\/Stadiul-lucrarilor-la-Magistrala-6.jpg\",\"width\":1920,\"height\":1080,\"caption\":\"Stadiul lucr\u0103rilor la Magistrala 6 de metrou. Foto: Capturi YouTube Magistrala 6\"},{\"@type\":\"BreadcrumbList\",\"@id\":\"https:\\\/\\\/buletin.de\\\/bucuresti\\\/metrorex-anunta-stadiul-lucrarilor-la-magistrala-6-progrese-semnificative-pe-tronsonul-1-mai-tokyo\\\/#breadcrumb\",\"itemListElement\":[{\"@type\":\"ListItem\",\"position\":1,\"name\":\"Acas\u0103\",\"item\":\"https:\\\/\\\/buletin.de\\\/bucuresti\\\/\"},{\"@type\":\"ListItem\",\"position\":2,\"name\":\"Metrorex anun\u021b\u0103 stadiul lucr\u0103rilor la Magistrala 6: progrese semnificative pe tronsonul 1 Mai &#8211; Tokyo\"}]},{\"@type\":\"WebSite\",\"@id\":\"https:\\\/\\\/buletin.de\\\/bucuresti\\\/#website\",\"url\":\"https:\\\/\\\/buletin.de\\\/bucuresti\\\/\",\"name\":\"Buletin de Bucure\u0219ti\",\"description\":\"\u0218tiri \u0219i investiga\u021bii esen\u021biale din capital\u0103\",\"publisher\":{\"@id\":\"https:\\\/\\\/buletin.de\\\/bucuresti\\\/#organization\"},\"potentialAction\":[{\"@type\":\"SearchAction\",\"target\":{\"@type\":\"EntryPoint\",\"urlTemplate\":\"https:\\\/\\\/buletin.de\\\/bucuresti\\\/?s={search_term_string}\"},\"query-input\":{\"@type\":\"PropertyValueSpecification\",\"valueRequired\":true,\"valueName\":\"search_term_string\"}}],\"inLanguage\":\"en-GB\"},{\"@type\":\"Organization\",\"@id\":\"https:\\\/\\\/buletin.de\\\/bucuresti\\\/#organization\",\"name\":\"Buletin de Bucure\u0219ti\",\"url\":\"https:\\\/\\\/buletin.de\\\/bucuresti\\\/\",\"logo\":{\"@type\":\"ImageObject\",\"inLanguage\":\"en-GB\",\"@id\":\"https:\\\/\\\/buletin.de\\\/bucuresti\\\/#\\\/schema\\\/logo\\\/image\\\/\",\"url\":\"https:\\\/\\\/buletin.de\\\/bucuresti\\\/wp-content\\\/uploads\\\/logo-bdb-full-wide-vernil-transparent.png\",\"contentUrl\":\"https:\\\/\\\/buletin.de\\\/bucuresti\\\/wp-content\\\/uploads\\\/logo-bdb-full-wide-vernil-transparent.png\",\"width\":1782,\"height\":626,\"caption\":\"Buletin de Bucure\u0219ti\"},\"image\":{\"@id\":\"https:\\\/\\\/buletin.de\\\/bucuresti\\\/#\\\/schema\\\/logo\\\/image\\\/\"},\"sameAs\":[\"https:\\\/\\\/www.facebook.com\\\/buletin.de.buc\",\"https:\\\/\\\/www.instagram.com\\\/buletinde.bucuresti\\\/\"]},{\"@type\":\"Person\",\"@id\":\"https:\\\/\\\/buletin.de\\\/bucuresti\\\/#\\\/schema\\\/person\\\/81421a46fb84a0887cfd2238f5202586\",\"name\":\"Andreea St\u0103n\u0103r\u00eeng\u0103\",\"image\":{\"@type\":\"ImageObject\",\"inLanguage\":\"en-GB\",\"@id\":\"https:\\\/\\\/buletin.de\\\/bucuresti\\\/wp-content\\\/uploads\\\/2026\\\/06\\\/BDB_Andreea_S-1-96x96.jpgb79b6b91f9c59ea2bdedd1d8c093f6b4\",\"url\":\"https:\\\/\\\/buletin.de\\\/bucuresti\\\/wp-content\\\/uploads\\\/2026\\\/06\\\/BDB_Andreea_S-1-96x96.jpg\",\"contentUrl\":\"https:\\\/\\\/buletin.de\\\/bucuresti\\\/wp-content\\\/uploads\\\/2026\\\/06\\\/BDB_Andreea_S-1-96x96.jpg\",\"caption\":\"Andreea St\u0103n\u0103r\u00eeng\u0103\"},\"description\":\"Face parte din echipa Buletin de Bucure\u0219ti din 2025. A colaborat cu c\u00e2teva publica\u021bii, printre care \u0219i Fanatik.ro, unde s-a ocupat de \u0219tiri de lifestyle \u0219i de actualitate. A f\u0103cut un pas c\u0103tre presa local\u0103 pentru a explora Bucure\u0219tiul \u0219i pove\u0219tile care merit\u0103 spuse.\",\"url\":\"https:\\\/\\\/buletin.de\\\/bucuresti\\\/author\\\/andreea-stanaranga\\\/\"}]}<\/script>\n<!-- \/ Yoast SEO Premium plugin. -->","yoast_head_json":{"title":"Metrorex anun\u021b\u0103 stadiul lucr\u0103rilor la Magistrala 6: progrese semnificative pe tronsonul 1 Mai - Tokyo - Buletin de Bucure\u0219ti","description":"Metrorex a prezentat stadiul lucr\u0103rilor la Magistrala 6, cea care va lega zona 1 Mai de Aeroportul \u201eHenri Coand\u0103\u201d Otopeni.","robots":{"index":"index","follow":"follow","max-snippet":"max-snippet:-1","max-image-preview":"max-image-preview:large","max-video-preview":"max-video-preview:-1"},"canonical":"https:\/\/buletin.de\/bucuresti\/metrorex-anunta-stadiul-lucrarilor-la-magistrala-6-progrese-semnificative-pe-tronsonul-1-mai-tokyo\/","og_locale":"en_GB","og_type":"article","og_title":"Metrorex anun\u021b\u0103 stadiul lucr\u0103rilor la Magistrala 6: progrese semnificative pe tronsonul 1 Mai - Tokyo","og_description":"Metrorex a prezentat stadiul lucr\u0103rilor la Magistrala 6, cea care va lega zona 1 Mai de Aeroportul \u201eHenri Coand\u0103\u201d Otopeni.","og_url":"https:\/\/buletin.de\/bucuresti\/metrorex-anunta-stadiul-lucrarilor-la-magistrala-6-progrese-semnificative-pe-tronsonul-1-mai-tokyo\/","og_site_name":"Buletin de Bucure\u0219ti","article_publisher":"https:\/\/www.facebook.com\/buletin.de.buc","article_published_time":"2025-11-12T10:51:20+00:00","article_modified_time":"2025-11-12T12:36:56+00:00","og_image":[{"width":1920,"height":1080,"url":"https:\/\/buletin.de\/bucuresti\/wp-content\/uploads\/2025\/11\/Stadiul-lucrarilor-la-Magistrala-6.jpg","type":"image\/jpeg"}],"author":"Andreea St\u0103n\u0103r\u00eeng\u0103","twitter_card":"summary_large_image","twitter_misc":{"Written by":"Andreea St\u0103n\u0103r\u00eeng\u0103","Estimated reading time":"4 minutes"},"schema":{"@context":"https:\/\/schema.org","@graph":[{"@type":"Article","@id":"https:\/\/buletin.de\/bucuresti\/metrorex-anunta-stadiul-lucrarilor-la-magistrala-6-progrese-semnificative-pe-tronsonul-1-mai-tokyo\/#article","isPartOf":{"@id":"https:\/\/buletin.de\/bucuresti\/metrorex-anunta-stadiul-lucrarilor-la-magistrala-6-progrese-semnificative-pe-tronsonul-1-mai-tokyo\/"},"author":{"name":"Andreea St\u0103n\u0103r\u00eeng\u0103","@id":"https:\/\/buletin.de\/bucuresti\/#\/schema\/person\/81421a46fb84a0887cfd2238f5202586"},"headline":"Metrorex anun\u021b\u0103 stadiul lucr\u0103rilor la Magistrala 6: progrese semnificative pe tronsonul 1 Mai &#8211; Tokyo","datePublished":"2025-11-12T10:51:20+00:00","dateModified":"2025-11-12T12:36:56+00:00","mainEntityOfPage":{"@id":"https:\/\/buletin.de\/bucuresti\/metrorex-anunta-stadiul-lucrarilor-la-magistrala-6-progrese-semnificative-pe-tronsonul-1-mai-tokyo\/"},"wordCount":878,"publisher":{"@id":"https:\/\/buletin.de\/bucuresti\/#organization"},"image":{"@id":"https:\/\/buletin.de\/bucuresti\/metrorex-anunta-stadiul-lucrarilor-la-magistrala-6-progrese-semnificative-pe-tronsonul-1-mai-tokyo\/#primaryimage"},"thumbnailUrl":"https:\/\/buletin.de\/bucuresti\/wp-content\/uploads\/2025\/11\/Stadiul-lucrarilor-la-Magistrala-6.jpg","keywords":["lucrari metrou","magistrala 6","metrou otopeni","stadiul lucrarilor"],"articleSection":["Articole","\u0218tiri","Transport"],"inLanguage":"en-GB","copyrightYear":"2025","copyrightHolder":{"@id":"https:\/\/buletin.de\/bucuresti\/#organization"}},{"@type":"WebPage","@id":"https:\/\/buletin.de\/bucuresti\/metrorex-anunta-stadiul-lucrarilor-la-magistrala-6-progrese-semnificative-pe-tronsonul-1-mai-tokyo\/","url":"https:\/\/buletin.de\/bucuresti\/metrorex-anunta-stadiul-lucrarilor-la-magistrala-6-progrese-semnificative-pe-tronsonul-1-mai-tokyo\/","name":"Metrorex anun\u021b\u0103 stadiul lucr\u0103rilor la Magistrala 6: progrese semnificative pe tronsonul 1 Mai - Tokyo - Buletin de Bucure\u0219ti","isPartOf":{"@id":"https:\/\/buletin.de\/bucuresti\/#website"},"primaryImageOfPage":{"@id":"https:\/\/buletin.de\/bucuresti\/metrorex-anunta-stadiul-lucrarilor-la-magistrala-6-progrese-semnificative-pe-tronsonul-1-mai-tokyo\/#primaryimage"},"image":{"@id":"https:\/\/buletin.de\/bucuresti\/metrorex-anunta-stadiul-lucrarilor-la-magistrala-6-progrese-semnificative-pe-tronsonul-1-mai-tokyo\/#primaryimage"},"thumbnailUrl":"https:\/\/buletin.de\/bucuresti\/wp-content\/uploads\/2025\/11\/Stadiul-lucrarilor-la-Magistrala-6.jpg","datePublished":"2025-11-12T10:51:20+00:00","dateModified":"2025-11-12T12:36:56+00:00","description":"Metrorex a prezentat stadiul lucr\u0103rilor la Magistrala 6, cea care va lega zona 1 Mai de Aeroportul \u201eHenri Coand\u0103\u201d Otopeni.","breadcrumb":{"@id":"https:\/\/buletin.de\/bucuresti\/metrorex-anunta-stadiul-lucrarilor-la-magistrala-6-progrese-semnificative-pe-tronsonul-1-mai-tokyo\/#breadcrumb"},"inLanguage":"en-GB","potentialAction":[{"@type":"ReadAction","target":["https:\/\/buletin.de\/bucuresti\/metrorex-anunta-stadiul-lucrarilor-la-magistrala-6-progrese-semnificative-pe-tronsonul-1-mai-tokyo\/"]}]},{"@type":"ImageObject","inLanguage":"en-GB","@id":"https:\/\/buletin.de\/bucuresti\/metrorex-anunta-stadiul-lucrarilor-la-magistrala-6-progrese-semnificative-pe-tronsonul-1-mai-tokyo\/#primaryimage","url":"https:\/\/buletin.de\/bucuresti\/wp-content\/uploads\/2025\/11\/Stadiul-lucrarilor-la-Magistrala-6.jpg","contentUrl":"https:\/\/buletin.de\/bucuresti\/wp-content\/uploads\/2025\/11\/Stadiul-lucrarilor-la-Magistrala-6.jpg","width":1920,"height":1080,"caption":"Stadiul lucr\u0103rilor la Magistrala 6 de metrou. Foto: Capturi YouTube Magistrala 6"},{"@type":"BreadcrumbList","@id":"https:\/\/buletin.de\/bucuresti\/metrorex-anunta-stadiul-lucrarilor-la-magistrala-6-progrese-semnificative-pe-tronsonul-1-mai-tokyo\/#breadcrumb","itemListElement":[{"@type":"ListItem","position":1,"name":"Acas\u0103","item":"https:\/\/buletin.de\/bucuresti\/"},{"@type":"ListItem","position":2,"name":"Metrorex anun\u021b\u0103 stadiul lucr\u0103rilor la Magistrala 6: progrese semnificative pe tronsonul 1 Mai &#8211; Tokyo"}]},{"@type":"WebSite","@id":"https:\/\/buletin.de\/bucuresti\/#website","url":"https:\/\/buletin.de\/bucuresti\/","name":"Buletin de Bucure\u0219ti","description":"\u0218tiri \u0219i investiga\u021bii esen\u021biale din capital\u0103","publisher":{"@id":"https:\/\/buletin.de\/bucuresti\/#organization"},"potentialAction":[{"@type":"SearchAction","target":{"@type":"EntryPoint","urlTemplate":"https:\/\/buletin.de\/bucuresti\/?s={search_term_string}"},"query-input":{"@type":"PropertyValueSpecification","valueRequired":true,"valueName":"search_term_string"}}],"inLanguage":"en-GB"},{"@type":"Organization","@id":"https:\/\/buletin.de\/bucuresti\/#organization","name":"Buletin de Bucure\u0219ti","url":"https:\/\/buletin.de\/bucuresti\/","logo":{"@type":"ImageObject","inLanguage":"en-GB","@id":"https:\/\/buletin.de\/bucuresti\/#\/schema\/logo\/image\/","url":"https:\/\/buletin.de\/bucuresti\/wp-content\/uploads\/logo-bdb-full-wide-vernil-transparent.png","contentUrl":"https:\/\/buletin.de\/bucuresti\/wp-content\/uploads\/logo-bdb-full-wide-vernil-transparent.png","width":1782,"height":626,"caption":"Buletin de Bucure\u0219ti"},"image":{"@id":"https:\/\/buletin.de\/bucuresti\/#\/schema\/logo\/image\/"},"sameAs":["https:\/\/www.facebook.com\/buletin.de.buc","https:\/\/www.instagram.com\/buletinde.bucuresti\/"]},{"@type":"Person","@id":"https:\/\/buletin.de\/bucuresti\/#\/schema\/person\/81421a46fb84a0887cfd2238f5202586","name":"Andreea St\u0103n\u0103r\u00eeng\u0103","image":{"@type":"ImageObject","inLanguage":"en-GB","@id":"https:\/\/buletin.de\/bucuresti\/wp-content\/uploads\/2026\/06\/BDB_Andreea_S-1-96x96.jpgb79b6b91f9c59ea2bdedd1d8c093f6b4","url":"https:\/\/buletin.de\/bucuresti\/wp-content\/uploads\/2026\/06\/BDB_Andreea_S-1-96x96.jpg","contentUrl":"https:\/\/buletin.de\/bucuresti\/wp-content\/uploads\/2026\/06\/BDB_Andreea_S-1-96x96.jpg","caption":"Andreea St\u0103n\u0103r\u00eeng\u0103"},"description":"Face parte din echipa Buletin de Bucure\u0219ti din 2025. A colaborat cu c\u00e2teva publica\u021bii, printre care \u0219i Fanatik.ro, unde s-a ocupat de \u0219tiri de lifestyle \u0219i de actualitate. A f\u0103cut un pas c\u0103tre presa local\u0103 pentru a explora Bucure\u0219tiul \u0219i pove\u0219tile care merit\u0103 spuse.","url":"https:\/\/buletin.de\/bucuresti\/author\/andreea-stanaranga\/"}]}},"authors":[{"term_id":23912,"user_id":65,"is_guest":0,"slug":"andreea-stanaranga","display_name":"Andreea St\u0103n\u0103r\u00eeng\u0103","avatar_url":"https:\/\/buletin.de\/bucuresti\/wp-content\/uploads\/2026\/06\/BDB_Andreea_S-1-96x96.jpg","author_category":"1","first_name":"Andreea","last_name":"St\u0103n\u0103r\u00eeng\u0103","user_url":"","job_title":"","description":"Face parte din echipa Buletin de Bucure\u0219ti din 2025. A colaborat cu c\u00e2teva publica\u021bii, printre care \u0219i Fanatik.ro, unde s-a ocupat de \u0219tiri de lifestyle \u0219i de actualitate. A f\u0103cut un pas c\u0103tre presa local\u0103 pentru a explora Bucure\u0219tiul \u0219i pove\u0219tile care merit\u0103 spuse."}],"_links":{"self":[{"href":"https:\/\/buletin.de\/bucuresti\/wp-json\/wp\/v2\/posts\/157342","targetHints":{"allow":["GET"]}}],"collection":[{"href":"https:\/\/buletin.de\/bucuresti\/wp-json\/wp\/v2\/posts"}],"about":[{"href":"https:\/\/buletin.de\/bucuresti\/wp-json\/wp\/v2\/types\/post"}],"author":[{"embeddable":true,"href":"https:\/\/buletin.de\/bucuresti\/wp-json\/wp\/v2\/users\/65"}],"replies":[{"embeddable":true,"href":"https:\/\/buletin.de\/bucuresti\/wp-json\/wp\/v2\/comments?post=157342"}],"version-history":[{"count":6,"href":"https:\/\/buletin.de\/bucuresti\/wp-json\/wp\/v2\/posts\/157342\/revisions"}],"predecessor-version":[{"id":157367,"href":"https:\/\/buletin.de\/bucuresti\/wp-json\/wp\/v2\/posts\/157342\/revisions\/157367"}],"wp:featuredmedia":[{"embeddable":true,"href":"https:\/\/buletin.de\/bucuresti\/wp-json\/wp\/v2\/media\/157349"}],"wp:attachment":[{"href":"https:\/\/buletin.de\/bucuresti\/wp-json\/wp\/v2\/media?parent=157342"}],"wp:term":[{"taxonomy":"category","embeddable":true,"href":"https:\/\/buletin.de\/bucuresti\/wp-json\/wp\/v2\/categories?post=157342"},{"taxonomy":"post_tag","embeddable":true,"href":"https:\/\/buletin.de\/bucuresti\/wp-json\/wp\/v2\/tags?post=157342"},{"taxonomy":"author","embeddable":true,"href":"https:\/\/buletin.de\/bucuresti\/wp-json\/wp\/v2\/ppma_author?post=157342"}],"curies":[{"name":"wp","href":"https:\/\/api.w.org\/{rel}","templated":true}]}}