{"id":157169,"date":"2025-11-11T14:50:14","date_gmt":"2025-11-11T11:50:14","guid":{"rendered":"https:\/\/buletin.de\/bucuresti\/?p=157169"},"modified":"2025-11-11T15:28:24","modified_gmt":"2025-11-11T12:28:24","slug":"fiecare-femeie-ucisa-este-dovada-unui-sistem-care-a-esuat-protest-in-piata-victoriei-dupa-al-51-lea-femicid-din-2025","status":"publish","type":"post","link":"https:\/\/buletin.de\/bucuresti\/fiecare-femeie-ucisa-este-dovada-unui-sistem-care-a-esuat-protest-in-piata-victoriei-dupa-al-51-lea-femicid-din-2025\/","title":{"rendered":"\u201eFiecare femeie ucis\u0103 este dovada unui sistem care a e\u0219uat\u201d. Protest \u00een Pia\u021ba Victoriei, dup\u0103 al 51-lea femicid din 2025"},"content":{"rendered":"\n<p><strong>Un nou protest \u00eempotriva violen\u021bei asupra fetelor \u0219i femeilor va avea loc \u00een Pia\u021ba Victoriei, mar\u021bi, 11 noiembrie, \u00eencep\u00e2nd cu ora 18:00. Manifesta\u021bia este organizat\u0103 dup\u0103 ce o femeie a fost ucis\u0103 de fostul so\u021b cu 15 lovituri de cu\u021bit, \u00een timp ce \u00ee\u0219i \u021binea copilul de doar doi ani \u00een bra\u021be. Este al 51-lea caz de femicid din ultimele luni.<\/strong> <\/p>\n\n\n\n<p>Printre revendic\u0103ri se num\u0103r\u0103 adoptarea proiectului de lege pentru prevenirea femicidelor \u0219i violen\u021belor care \u00eel preced \u0219i introducerea educa\u021biei pentru egalitate de gen \u00een \u0219coli, transmite Centrul FILIA pe <a href=\"https:\/\/www.facebook.com\/events\/812097271735031\/?acontext=%7B&quot;event_action_history&quot;%3A[%7B&quot;surface&quot;%3A&quot;search&quot;%7D%2C%7B&quot;mechanism&quot;%3A&quot;attachment&quot;%2C&quot;surface&quot;%3A&quot;newsfeed&quot;%7D]%2C&quot;ref_notif_type&quot;%3Anull%7D\">re\u021belele de socializare<\/a>.<\/p>\n\n\n\n<blockquote class=\"wp-block-quote is-layout-flow wp-block-quote-is-layout-flow\">\n<p>Niciuna nu e liber\u0103 p\u00e2n\u0103 nu suntem toate \u00een siguran\u021b\u0103. Cerem autorit\u0103\u021bilor statului s\u0103 le protejeze pe toate femeile \u0219i fetele \u00een fa\u021ba violen\u021bei.<\/p>\n<cite>Centrul FILIA, Facebook<\/cite><\/blockquote>\n\n\n\n<p><a href=\"https:\/\/anes.gov.ro\/call-center\/\" target=\"_blank\" rel=\"noreferrer noopener\"><strong>Linie telefonic\u0103 gratuit\u0103 pentru victimele violen\u021bei domestice: 0800.500.333<\/strong><\/a><\/p>\n\n\n\n<h2 class=\"wp-block-heading\" id=\"h-un-nou-protest-dupa-ce-inca-o-femeie-a-fost-ucisa\">Un nou protest dup\u0103 ce \u00eenc\u0103 o femeie a fost ucis\u0103<\/h2>\n\n\n\n<p><strong>Protestul \u201eNiciuna \u00eenfr\u00e2nt\u0103. Niciuna uitat\u0103. Niciuna mai pu\u021bin\u201d este organizat la scurt timp dup\u0103 ce o femeie de 25 ani a fost ucis\u0103 de fostul so\u0163, pe strad\u0103, sub privirile propriului copil. Femicidul din Teleorman este doar sf\u00e2r\u015fitul unui lung \u015fir de violen\u0163e \u015fi abuzuri, de-a lungul c\u0103ruia victima a cerut \u00een nenum\u0103rate r\u00e2nduri ajutorul autorit\u0103\u021bilor.<\/strong><\/p>\n\n\n\n<p>T\u00e2n\u0103ra ucis\u0103 avea dou\u0103 ordine de protec\u021bie, ini\u021bial unul provizoriu \u0219i ulterior, unul pe \u0219ase luni ob\u021binut \u00een fa\u021ba judec\u0103torului. Totu\u0219i, fostul so\u021b a continuat s\u0103 \u00eencalce ordinul de protec\u021bie \u0219i a h\u0103r\u021buit-o, sechestrat-o \u0219i violat-o. De\u0219i victima a depus pl\u00e2ngere, autorit\u0103\u021bile nu au dispus arestul preventiv.<\/p>\n\n\n\n<p>Organizatorii semnaleaz\u0103 lipsa unor m\u0103suri eficiente de preven\u021bie \u0219i protec\u021bie a victimelor violen\u021bei de gen, inclusiv \u00een cazurile \u00een care autorit\u0103\u0163ile sunt con\u015ftiente de existen\u0163a unui istoric de agresiune \u015fi abuz. <\/p>\n\n\n\n<blockquote class=\"wp-block-quote is-layout-flow wp-block-quote-is-layout-flow\">\n<p>Fiecare femeie ucis\u0103 este dovada unui sistem care a e\u0219uat. Iar acest e\u0219ec este criminal.<\/p>\n<cite>Centrul FILIA, Facebook<\/cite><\/blockquote>\n\n\n\n<p><strong>Printre revendic\u0103rile manifestan\u021bilor se num\u0103r\u0103 recunoa\u0219terea femicidului \u00een legisla\u021bia rom\u00e2neasc\u0103, formarea continu\u0103 a personalului care lucreaz\u0103 cu victimele \u0219i evaluarea corect\u0103 a riscului \u00een toate cazurile de violen\u021b\u0103 domestic\u0103. <\/strong><\/p>\n\n\n\n<p>\u201ePe 25 octombrie a fost depus un proiect de lege la nivelul Parlamentului privind prevenirea femicidelor \u0219i a violen\u021belor care le preced.<\/p>\n\n\n\n<ul class=\"wp-block-list\">\n<li>Cerem Parlamentului ca acest proiect s\u0103 fie adoptat de urgen\u021b\u0103 \u0219i \u00een spiritul \u00een care a fost elaborat pentru c\u0103 include m\u0103suri de prevenire, instrumente de evaluare obligatorie a riscului, educa\u021bie pentru egalitate de gen, c\u00e2t \u0219i recunoa\u0219terea gravit\u0103\u021bii violen\u021bei \u00een legisla\u021bia penal\u0103.<\/li>\n\n\n\n<li>Cerem ca legile s\u0103 fie aplicate, indiferent de forma pe care o ia violen\u021ba.<\/li>\n\n\n\n<li>Cerem ca evaluarea riscului s\u0103 devin\u0103 obligatorie \u00een toate cazurile de violen\u021b\u0103 domestic\u0103, at\u00e2t la nivelul parchetelor, c\u00e2t \u0219i al instan\u021belor.<\/li>\n\n\n\n<li>Cerem finan\u021barea real\u0103 \u0219i adecvat\u0103 a serviciilor pentru victime \u0219i agresori. Cerem Guvernului s\u0103 aloce fonduri suficiente de la bugetul de stat \u00een domeniul prevenirii \u0219i combaterii violen\u021bei \u00eempotriva femeilor.<\/li>\n\n\n\n<li>Cerem formarea continu\u0103 \u0219i obligatorie a poli\u021bi\u0219tilor, procurorilor, judec\u0103torilor, profesioni\u0219tilor din s\u0103n\u0103tate \u0219i a asisten\u021bilor sociali \u00een domeniul violen\u021bei de gen.<\/li>\n\n\n\n<li>Cerem date centralizate \u0219i transparente despre femicide \u0219i toate formele de violen\u021b\u0103 de gen.<\/li>\n\n\n\n<li>Cerem asigurarea investig\u0103rii \u0219i solu\u021bion\u0103rii cauzelor privind violen\u021ba de gen \u00eentr-un termen rezonabil.<\/li>\n\n\n\n<li>Cerem mecanisme reale de preven\u021bie, prin educa\u021bie \u0219i sensibilizare: no\u021biunile privind consim\u021b\u0103m\u00e2ntul, rela\u021biile s\u0103n\u0103toase \u0219i egalitatea de gen trebuie predate \u00een \u0219coli.<\/li>\n\n\n\n<li>Cerem consultarea \u0219i includerea sistematic\u0103 a organiza\u021biilor feministe \u0219i a exper\u021bilor independen\u021bi \u00een toate politicile legate de violen\u021ba de gen.\u201d, a transmis <a href=\"https:\/\/www.facebook.com\/events\/812097271735031\/?acontext=%7B&quot;event_action_history&quot;%3A[%7B&quot;surface&quot;%3A&quot;search&quot;%7D%2C%7B&quot;mechanism&quot;%3A&quot;attachment&quot;%2C&quot;surface&quot;%3A&quot;newsfeed&quot;%7D]%2C&quot;ref_notif_type&quot;%3Anull%7D\">Centrul FILIA pe Facebook<\/a>.<\/li>\n<\/ul>\n\n\n\n<p><strong>Peste 34.000 cet\u0103\u021beni solicit\u0103 incriminarea femicidului, protec\u021bia real\u0103 a victimelor \u0219i pedepse mai aspre pentru criminali, printr-<a href=\"https:\/\/campaniamea.declic.ro\/petitions\/femicidul-exista-legea-lipseste\">o peti\u021bie adresat\u0103 Ministerului Justi\u021biei Radu Marinescu (PSD), Parlamentului \u0219i Guvernului Rom\u00e2niei.<\/a><\/strong><\/p>\n\n\n\n<p><strong>CITE\u0218TE \u0218I: <a href=\"https:\/\/buletin.de\/bucuresti\/legea-pentru-incriminarea-femicidului-ar-putea-fi-depusa-in-parlament-saptamana-viitoare-48-de-femei-au-fost-ucise-in-romania-anul-acesta-sase-in-bucuresti-si-ilfov\">Legea pentru incriminarea femicidului ar putea fi depus\u0103 \u00een Parlament s\u0103pt\u0103m\u00e2na viitoare. 48 de femei au fost ucise \u00een Rom\u00e2nia anul acesta. \u0218ase \u00een Bucure\u0219ti \u0219i Ilfov<\/a><\/strong><\/p>\n","protected":false},"excerpt":{"rendered":"<p>Un nou protest \u00eempotriva violen\u021bei asupra fetelor \u0219i femeilor va avea loc \u00een Pia\u021ba Victoriei, mar\u021bi, 11 noiembrie, \u00eencep\u00e2nd cu ora 18:00. Manifesta\u021bia este organizat\u0103 dup\u0103 ce o femeie a fost ucis\u0103 de fostul so\u021b cu 15 lovituri de cu\u021bit, \u00een timp ce \u00ee\u0219i \u021binea copilul de doar doi ani \u00een bra\u021be. Este al 51-lea [&hellip;]<\/p>\n","protected":false},"author":55,"featured_media":157200,"comment_status":"closed","ping_status":"open","sticky":false,"template":"","format":"standard","meta":{"_acf_changed":false,"inline_featured_image":false,"ngg_post_thumbnail":0,"footnotes":""},"categories":[6994,9026,5762],"tags":[6386,21794,1045,5934,21814,1302,24648],"ppma_author":[22573],"class_list":["post-157169","post","type-post","status-publish","format-standard","has-post-thumbnail","hentry","category-stiri-2","category-eveniment","category-main","tag-centrul-filia","tag-femicid","tag-protest-piata-victoriei","tag-victima","tag-violenta-de-gen","tag-violenta-domestica","tag-violenta-impotriva-femeilor"],"acf":[],"yoast_head":"<!-- This site is optimized with the Yoast SEO Premium plugin v25.3 (Yoast SEO v27.4) - https:\/\/yoast.com\/product\/yoast-seo-premium-wordpress\/ -->\n<title>\u201eFiecare femeie ucis\u0103 este dovada unui sistem care a e\u0219uat\u201d. Protest \u00een Pia\u021ba Victoriei, dup\u0103 al 51-lea femicid din 2025 - Buletin de Bucure\u0219ti<\/title>\n<meta name=\"description\" content=\"Manifesta\u021bia este organizat\u0103 dup\u0103 ce o femeie a fost ucis\u0103 de fostul so\u021b cu 15 lovituri de cu\u021bit. Ea \u00ee\u0219i \u021binea copilul de doi ani \u00een bra\u021be.\" \/>\n<meta name=\"robots\" content=\"index, follow, max-snippet:-1, max-image-preview:large, max-video-preview:-1\" \/>\n<link rel=\"canonical\" href=\"https:\/\/buletin.de\/bucuresti\/fiecare-femeie-ucisa-este-dovada-unui-sistem-care-a-esuat-protest-in-piata-victoriei-dupa-al-51-lea-femicid-din-2025\/\" \/>\n<meta property=\"og:locale\" content=\"en_GB\" \/>\n<meta property=\"og:type\" content=\"article\" \/>\n<meta property=\"og:title\" content=\"\u201eFiecare femeie ucis\u0103 este dovada unui sistem care a e\u0219uat\u201d. Protest \u00een Pia\u021ba Victoriei, dup\u0103 al 51-lea femicid din 2025\" \/>\n<meta property=\"og:description\" content=\"Manifesta\u021bia este organizat\u0103 dup\u0103 ce o femeie a fost ucis\u0103 de fostul so\u021b cu 15 lovituri de cu\u021bit. Ea \u00ee\u0219i \u021binea copilul de doi ani \u00een bra\u021be.\" \/>\n<meta property=\"og:url\" content=\"https:\/\/buletin.de\/bucuresti\/fiecare-femeie-ucisa-este-dovada-unui-sistem-care-a-esuat-protest-in-piata-victoriei-dupa-al-51-lea-femicid-din-2025\/\" \/>\n<meta property=\"og:site_name\" content=\"Buletin de Bucure\u0219ti\" \/>\n<meta property=\"article:publisher\" content=\"https:\/\/www.facebook.com\/buletin.de.buc\" \/>\n<meta property=\"article:published_time\" content=\"2025-11-11T11:50:14+00:00\" \/>\n<meta property=\"article:modified_time\" content=\"2025-11-11T12:28:24+00:00\" \/>\n<meta property=\"og:image\" content=\"https:\/\/buletin.de\/bucuresti\/wp-content\/uploads\/2025\/11\/ID322414_INQUAM_Photos_Pana_Tudor-2048x1365-1.jpg\" \/>\n\t<meta property=\"og:image:width\" content=\"2048\" \/>\n\t<meta property=\"og:image:height\" content=\"1365\" \/>\n\t<meta property=\"og:image:type\" content=\"image\/jpeg\" \/>\n<meta name=\"author\" content=\"Andreea Tudor\" \/>\n<meta name=\"twitter:card\" content=\"summary_large_image\" \/>\n<meta name=\"twitter:label1\" content=\"Written by\" \/>\n\t<meta name=\"twitter:data1\" content=\"Andreea Tudor\" \/>\n\t<meta name=\"twitter:label2\" content=\"Estimated reading time\" \/>\n\t<meta name=\"twitter:data2\" content=\"3 minutes\" \/>\n<script type=\"application\/ld+json\" class=\"yoast-schema-graph\">{\"@context\":\"https:\\\/\\\/schema.org\",\"@graph\":[{\"@type\":\"Article\",\"@id\":\"https:\\\/\\\/buletin.de\\\/bucuresti\\\/fiecare-femeie-ucisa-este-dovada-unui-sistem-care-a-esuat-protest-in-piata-victoriei-dupa-al-51-lea-femicid-din-2025\\\/#article\",\"isPartOf\":{\"@id\":\"https:\\\/\\\/buletin.de\\\/bucuresti\\\/fiecare-femeie-ucisa-este-dovada-unui-sistem-care-a-esuat-protest-in-piata-victoriei-dupa-al-51-lea-femicid-din-2025\\\/\"},\"author\":{\"name\":\"Andreea Tudor\",\"@id\":\"https:\\\/\\\/buletin.de\\\/bucuresti\\\/#\\\/schema\\\/person\\\/150590659efde715459d159da012f501\"},\"headline\":\"\u201eFiecare femeie ucis\u0103 este dovada unui sistem care a e\u0219uat\u201d. Protest \u00een Pia\u021ba Victoriei, dup\u0103 al 51-lea femicid din 2025\",\"datePublished\":\"2025-11-11T11:50:14+00:00\",\"dateModified\":\"2025-11-11T12:28:24+00:00\",\"mainEntityOfPage\":{\"@id\":\"https:\\\/\\\/buletin.de\\\/bucuresti\\\/fiecare-femeie-ucisa-este-dovada-unui-sistem-care-a-esuat-protest-in-piata-victoriei-dupa-al-51-lea-femicid-din-2025\\\/\"},\"wordCount\":720,\"publisher\":{\"@id\":\"https:\\\/\\\/buletin.de\\\/bucuresti\\\/#organization\"},\"image\":{\"@id\":\"https:\\\/\\\/buletin.de\\\/bucuresti\\\/fiecare-femeie-ucisa-este-dovada-unui-sistem-care-a-esuat-protest-in-piata-victoriei-dupa-al-51-lea-femicid-din-2025\\\/#primaryimage\"},\"thumbnailUrl\":\"https:\\\/\\\/buletin.de\\\/bucuresti\\\/wp-content\\\/uploads\\\/2025\\\/11\\\/ID322414_INQUAM_Photos_Pana_Tudor-2048x1365-1.jpg\",\"keywords\":[\"centrul filia\",\"femicid\",\"protest piata victoriei\",\"victima\",\"violenta de gen\",\"violenta domestica\",\"violenta impotriva femeilor\"],\"articleSection\":[\"Articole\",\"Eveniment\",\"Main\"],\"inLanguage\":\"en-GB\",\"copyrightYear\":\"2025\",\"copyrightHolder\":{\"@id\":\"https:\\\/\\\/buletin.de\\\/bucuresti\\\/#organization\"}},{\"@type\":\"WebPage\",\"@id\":\"https:\\\/\\\/buletin.de\\\/bucuresti\\\/fiecare-femeie-ucisa-este-dovada-unui-sistem-care-a-esuat-protest-in-piata-victoriei-dupa-al-51-lea-femicid-din-2025\\\/\",\"url\":\"https:\\\/\\\/buletin.de\\\/bucuresti\\\/fiecare-femeie-ucisa-este-dovada-unui-sistem-care-a-esuat-protest-in-piata-victoriei-dupa-al-51-lea-femicid-din-2025\\\/\",\"name\":\"\u201eFiecare femeie ucis\u0103 este dovada unui sistem care a e\u0219uat\u201d. Protest \u00een Pia\u021ba Victoriei, dup\u0103 al 51-lea femicid din 2025 - Buletin de Bucure\u0219ti\",\"isPartOf\":{\"@id\":\"https:\\\/\\\/buletin.de\\\/bucuresti\\\/#website\"},\"primaryImageOfPage\":{\"@id\":\"https:\\\/\\\/buletin.de\\\/bucuresti\\\/fiecare-femeie-ucisa-este-dovada-unui-sistem-care-a-esuat-protest-in-piata-victoriei-dupa-al-51-lea-femicid-din-2025\\\/#primaryimage\"},\"image\":{\"@id\":\"https:\\\/\\\/buletin.de\\\/bucuresti\\\/fiecare-femeie-ucisa-este-dovada-unui-sistem-care-a-esuat-protest-in-piata-victoriei-dupa-al-51-lea-femicid-din-2025\\\/#primaryimage\"},\"thumbnailUrl\":\"https:\\\/\\\/buletin.de\\\/bucuresti\\\/wp-content\\\/uploads\\\/2025\\\/11\\\/ID322414_INQUAM_Photos_Pana_Tudor-2048x1365-1.jpg\",\"datePublished\":\"2025-11-11T11:50:14+00:00\",\"dateModified\":\"2025-11-11T12:28:24+00:00\",\"description\":\"Manifesta\u021bia este organizat\u0103 dup\u0103 ce o femeie a fost ucis\u0103 de fostul so\u021b cu 15 lovituri de cu\u021bit. Ea \u00ee\u0219i \u021binea copilul de doi ani \u00een bra\u021be.\",\"breadcrumb\":{\"@id\":\"https:\\\/\\\/buletin.de\\\/bucuresti\\\/fiecare-femeie-ucisa-este-dovada-unui-sistem-care-a-esuat-protest-in-piata-victoriei-dupa-al-51-lea-femicid-din-2025\\\/#breadcrumb\"},\"inLanguage\":\"en-GB\",\"potentialAction\":[{\"@type\":\"ReadAction\",\"target\":[\"https:\\\/\\\/buletin.de\\\/bucuresti\\\/fiecare-femeie-ucisa-este-dovada-unui-sistem-care-a-esuat-protest-in-piata-victoriei-dupa-al-51-lea-femicid-din-2025\\\/\"]}]},{\"@type\":\"ImageObject\",\"inLanguage\":\"en-GB\",\"@id\":\"https:\\\/\\\/buletin.de\\\/bucuresti\\\/fiecare-femeie-ucisa-este-dovada-unui-sistem-care-a-esuat-protest-in-piata-victoriei-dupa-al-51-lea-femicid-din-2025\\\/#primaryimage\",\"url\":\"https:\\\/\\\/buletin.de\\\/bucuresti\\\/wp-content\\\/uploads\\\/2025\\\/11\\\/ID322414_INQUAM_Photos_Pana_Tudor-2048x1365-1.jpg\",\"contentUrl\":\"https:\\\/\\\/buletin.de\\\/bucuresti\\\/wp-content\\\/uploads\\\/2025\\\/11\\\/ID322414_INQUAM_Photos_Pana_Tudor-2048x1365-1.jpg\",\"width\":2048,\"height\":1365,\"caption\":\"\u201eFiecare femeie ucis\u0103 este dovada unui sistem care a e\u0219uat\u201d. Protest \u00een Pia\u021ba Victoriei, dup\u0103 al 51-lea femicid din 2025. Foto: Inquam Photos \\\/ Tudor Pan\u0103\"},{\"@type\":\"BreadcrumbList\",\"@id\":\"https:\\\/\\\/buletin.de\\\/bucuresti\\\/fiecare-femeie-ucisa-este-dovada-unui-sistem-care-a-esuat-protest-in-piata-victoriei-dupa-al-51-lea-femicid-din-2025\\\/#breadcrumb\",\"itemListElement\":[{\"@type\":\"ListItem\",\"position\":1,\"name\":\"Acas\u0103\",\"item\":\"https:\\\/\\\/buletin.de\\\/bucuresti\\\/\"},{\"@type\":\"ListItem\",\"position\":2,\"name\":\"\u201eFiecare femeie ucis\u0103 este dovada unui sistem care a e\u0219uat\u201d. Protest \u00een Pia\u021ba Victoriei, dup\u0103 al 51-lea femicid din 2025\"}]},{\"@type\":\"WebSite\",\"@id\":\"https:\\\/\\\/buletin.de\\\/bucuresti\\\/#website\",\"url\":\"https:\\\/\\\/buletin.de\\\/bucuresti\\\/\",\"name\":\"Buletin de Bucure\u0219ti\",\"description\":\"\u0218tiri \u0219i investiga\u021bii esen\u021biale din capital\u0103\",\"publisher\":{\"@id\":\"https:\\\/\\\/buletin.de\\\/bucuresti\\\/#organization\"},\"potentialAction\":[{\"@type\":\"SearchAction\",\"target\":{\"@type\":\"EntryPoint\",\"urlTemplate\":\"https:\\\/\\\/buletin.de\\\/bucuresti\\\/?s={search_term_string}\"},\"query-input\":{\"@type\":\"PropertyValueSpecification\",\"valueRequired\":true,\"valueName\":\"search_term_string\"}}],\"inLanguage\":\"en-GB\"},{\"@type\":\"Organization\",\"@id\":\"https:\\\/\\\/buletin.de\\\/bucuresti\\\/#organization\",\"name\":\"Buletin de Bucure\u0219ti\",\"url\":\"https:\\\/\\\/buletin.de\\\/bucuresti\\\/\",\"logo\":{\"@type\":\"ImageObject\",\"inLanguage\":\"en-GB\",\"@id\":\"https:\\\/\\\/buletin.de\\\/bucuresti\\\/#\\\/schema\\\/logo\\\/image\\\/\",\"url\":\"https:\\\/\\\/buletin.de\\\/bucuresti\\\/wp-content\\\/uploads\\\/logo-bdb-full-wide-vernil-transparent.png\",\"contentUrl\":\"https:\\\/\\\/buletin.de\\\/bucuresti\\\/wp-content\\\/uploads\\\/logo-bdb-full-wide-vernil-transparent.png\",\"width\":1782,\"height\":626,\"caption\":\"Buletin de Bucure\u0219ti\"},\"image\":{\"@id\":\"https:\\\/\\\/buletin.de\\\/bucuresti\\\/#\\\/schema\\\/logo\\\/image\\\/\"},\"sameAs\":[\"https:\\\/\\\/www.facebook.com\\\/buletin.de.buc\",\"https:\\\/\\\/www.instagram.com\\\/buletinde.bucuresti\\\/\"]},{\"@type\":\"Person\",\"@id\":\"https:\\\/\\\/buletin.de\\\/bucuresti\\\/#\\\/schema\\\/person\\\/150590659efde715459d159da012f501\",\"name\":\"Andreea Tudor\",\"image\":{\"@type\":\"ImageObject\",\"inLanguage\":\"en-GB\",\"@id\":\"https:\\\/\\\/secure.gravatar.com\\\/avatar\\\/a88705a186ab0b67f3349bcbced506c09e37256fbaad0e7f3bd1a79b4599f589?s=96&d=monsterid&r=g79290610aa1a65c2b86eebc2ca5aee8f\",\"url\":\"https:\\\/\\\/secure.gravatar.com\\\/avatar\\\/a88705a186ab0b67f3349bcbced506c09e37256fbaad0e7f3bd1a79b4599f589?s=96&d=monsterid&r=g\",\"contentUrl\":\"https:\\\/\\\/secure.gravatar.com\\\/avatar\\\/a88705a186ab0b67f3349bcbced506c09e37256fbaad0e7f3bd1a79b4599f589?s=96&d=monsterid&r=g\",\"caption\":\"Andreea Tudor\"},\"description\":\"N\u0103scut\u0103 \u0219i crescut\u0103 \u00een Bucure\u0219ti, sus\u021bin\u0103toare a presei independente. A\u0219a am ajuns redactor la Buletin de Bucure\u0219ti. Fiind eu, \u00eens\u0103mi, parte a sistemului de \u00eenv\u0103\u021b\u0103m\u00e2nt rom\u00e2nesc \u0219i pasionat\u0103 de domeniul social, pun sub lup\u0103 tot ceea ce se \u00eent\u00e2mpl\u0103 \u00een sfera educa\u021biei. Cred cu t\u0103rie c\u0103 presa \u201epentru cet\u0103\u021beni\u201d este presa independent\u0103. Oamenii au nevoie de o informare corect\u0103 pentru a \u00een\u021belege pe deplin ce se \u00eent\u00e2mpl\u0103 \u00een jurul lor \u0219i pentru a lua ac\u021biune \u00eempotriva nedrept\u0103\u021bilor.\",\"url\":\"https:\\\/\\\/buletin.de\\\/bucuresti\\\/author\\\/andreeatudor\\\/\"}]}<\/script>\n<!-- \/ Yoast SEO Premium plugin. -->","yoast_head_json":{"title":"\u201eFiecare femeie ucis\u0103 este dovada unui sistem care a e\u0219uat\u201d. Protest \u00een Pia\u021ba Victoriei, dup\u0103 al 51-lea femicid din 2025 - Buletin de Bucure\u0219ti","description":"Manifesta\u021bia este organizat\u0103 dup\u0103 ce o femeie a fost ucis\u0103 de fostul so\u021b cu 15 lovituri de cu\u021bit. Ea \u00ee\u0219i \u021binea copilul de doi ani \u00een bra\u021be.","robots":{"index":"index","follow":"follow","max-snippet":"max-snippet:-1","max-image-preview":"max-image-preview:large","max-video-preview":"max-video-preview:-1"},"canonical":"https:\/\/buletin.de\/bucuresti\/fiecare-femeie-ucisa-este-dovada-unui-sistem-care-a-esuat-protest-in-piata-victoriei-dupa-al-51-lea-femicid-din-2025\/","og_locale":"en_GB","og_type":"article","og_title":"\u201eFiecare femeie ucis\u0103 este dovada unui sistem care a e\u0219uat\u201d. Protest \u00een Pia\u021ba Victoriei, dup\u0103 al 51-lea femicid din 2025","og_description":"Manifesta\u021bia este organizat\u0103 dup\u0103 ce o femeie a fost ucis\u0103 de fostul so\u021b cu 15 lovituri de cu\u021bit. Ea \u00ee\u0219i \u021binea copilul de doi ani \u00een bra\u021be.","og_url":"https:\/\/buletin.de\/bucuresti\/fiecare-femeie-ucisa-este-dovada-unui-sistem-care-a-esuat-protest-in-piata-victoriei-dupa-al-51-lea-femicid-din-2025\/","og_site_name":"Buletin de Bucure\u0219ti","article_publisher":"https:\/\/www.facebook.com\/buletin.de.buc","article_published_time":"2025-11-11T11:50:14+00:00","article_modified_time":"2025-11-11T12:28:24+00:00","og_image":[{"width":2048,"height":1365,"url":"https:\/\/buletin.de\/bucuresti\/wp-content\/uploads\/2025\/11\/ID322414_INQUAM_Photos_Pana_Tudor-2048x1365-1.jpg","type":"image\/jpeg"}],"author":"Andreea Tudor","twitter_card":"summary_large_image","twitter_misc":{"Written by":"Andreea Tudor","Estimated reading time":"3 minutes"},"schema":{"@context":"https:\/\/schema.org","@graph":[{"@type":"Article","@id":"https:\/\/buletin.de\/bucuresti\/fiecare-femeie-ucisa-este-dovada-unui-sistem-care-a-esuat-protest-in-piata-victoriei-dupa-al-51-lea-femicid-din-2025\/#article","isPartOf":{"@id":"https:\/\/buletin.de\/bucuresti\/fiecare-femeie-ucisa-este-dovada-unui-sistem-care-a-esuat-protest-in-piata-victoriei-dupa-al-51-lea-femicid-din-2025\/"},"author":{"name":"Andreea Tudor","@id":"https:\/\/buletin.de\/bucuresti\/#\/schema\/person\/150590659efde715459d159da012f501"},"headline":"\u201eFiecare femeie ucis\u0103 este dovada unui sistem care a e\u0219uat\u201d. Protest \u00een Pia\u021ba Victoriei, dup\u0103 al 51-lea femicid din 2025","datePublished":"2025-11-11T11:50:14+00:00","dateModified":"2025-11-11T12:28:24+00:00","mainEntityOfPage":{"@id":"https:\/\/buletin.de\/bucuresti\/fiecare-femeie-ucisa-este-dovada-unui-sistem-care-a-esuat-protest-in-piata-victoriei-dupa-al-51-lea-femicid-din-2025\/"},"wordCount":720,"publisher":{"@id":"https:\/\/buletin.de\/bucuresti\/#organization"},"image":{"@id":"https:\/\/buletin.de\/bucuresti\/fiecare-femeie-ucisa-este-dovada-unui-sistem-care-a-esuat-protest-in-piata-victoriei-dupa-al-51-lea-femicid-din-2025\/#primaryimage"},"thumbnailUrl":"https:\/\/buletin.de\/bucuresti\/wp-content\/uploads\/2025\/11\/ID322414_INQUAM_Photos_Pana_Tudor-2048x1365-1.jpg","keywords":["centrul filia","femicid","protest piata victoriei","victima","violenta de gen","violenta domestica","violenta impotriva femeilor"],"articleSection":["Articole","Eveniment","Main"],"inLanguage":"en-GB","copyrightYear":"2025","copyrightHolder":{"@id":"https:\/\/buletin.de\/bucuresti\/#organization"}},{"@type":"WebPage","@id":"https:\/\/buletin.de\/bucuresti\/fiecare-femeie-ucisa-este-dovada-unui-sistem-care-a-esuat-protest-in-piata-victoriei-dupa-al-51-lea-femicid-din-2025\/","url":"https:\/\/buletin.de\/bucuresti\/fiecare-femeie-ucisa-este-dovada-unui-sistem-care-a-esuat-protest-in-piata-victoriei-dupa-al-51-lea-femicid-din-2025\/","name":"\u201eFiecare femeie ucis\u0103 este dovada unui sistem care a e\u0219uat\u201d. Protest \u00een Pia\u021ba Victoriei, dup\u0103 al 51-lea femicid din 2025 - Buletin de Bucure\u0219ti","isPartOf":{"@id":"https:\/\/buletin.de\/bucuresti\/#website"},"primaryImageOfPage":{"@id":"https:\/\/buletin.de\/bucuresti\/fiecare-femeie-ucisa-este-dovada-unui-sistem-care-a-esuat-protest-in-piata-victoriei-dupa-al-51-lea-femicid-din-2025\/#primaryimage"},"image":{"@id":"https:\/\/buletin.de\/bucuresti\/fiecare-femeie-ucisa-este-dovada-unui-sistem-care-a-esuat-protest-in-piata-victoriei-dupa-al-51-lea-femicid-din-2025\/#primaryimage"},"thumbnailUrl":"https:\/\/buletin.de\/bucuresti\/wp-content\/uploads\/2025\/11\/ID322414_INQUAM_Photos_Pana_Tudor-2048x1365-1.jpg","datePublished":"2025-11-11T11:50:14+00:00","dateModified":"2025-11-11T12:28:24+00:00","description":"Manifesta\u021bia este organizat\u0103 dup\u0103 ce o femeie a fost ucis\u0103 de fostul so\u021b cu 15 lovituri de cu\u021bit. Ea \u00ee\u0219i \u021binea copilul de doi ani \u00een bra\u021be.","breadcrumb":{"@id":"https:\/\/buletin.de\/bucuresti\/fiecare-femeie-ucisa-este-dovada-unui-sistem-care-a-esuat-protest-in-piata-victoriei-dupa-al-51-lea-femicid-din-2025\/#breadcrumb"},"inLanguage":"en-GB","potentialAction":[{"@type":"ReadAction","target":["https:\/\/buletin.de\/bucuresti\/fiecare-femeie-ucisa-este-dovada-unui-sistem-care-a-esuat-protest-in-piata-victoriei-dupa-al-51-lea-femicid-din-2025\/"]}]},{"@type":"ImageObject","inLanguage":"en-GB","@id":"https:\/\/buletin.de\/bucuresti\/fiecare-femeie-ucisa-este-dovada-unui-sistem-care-a-esuat-protest-in-piata-victoriei-dupa-al-51-lea-femicid-din-2025\/#primaryimage","url":"https:\/\/buletin.de\/bucuresti\/wp-content\/uploads\/2025\/11\/ID322414_INQUAM_Photos_Pana_Tudor-2048x1365-1.jpg","contentUrl":"https:\/\/buletin.de\/bucuresti\/wp-content\/uploads\/2025\/11\/ID322414_INQUAM_Photos_Pana_Tudor-2048x1365-1.jpg","width":2048,"height":1365,"caption":"\u201eFiecare femeie ucis\u0103 este dovada unui sistem care a e\u0219uat\u201d. Protest \u00een Pia\u021ba Victoriei, dup\u0103 al 51-lea femicid din 2025. Foto: Inquam Photos \/ Tudor Pan\u0103"},{"@type":"BreadcrumbList","@id":"https:\/\/buletin.de\/bucuresti\/fiecare-femeie-ucisa-este-dovada-unui-sistem-care-a-esuat-protest-in-piata-victoriei-dupa-al-51-lea-femicid-din-2025\/#breadcrumb","itemListElement":[{"@type":"ListItem","position":1,"name":"Acas\u0103","item":"https:\/\/buletin.de\/bucuresti\/"},{"@type":"ListItem","position":2,"name":"\u201eFiecare femeie ucis\u0103 este dovada unui sistem care a e\u0219uat\u201d. Protest \u00een Pia\u021ba Victoriei, dup\u0103 al 51-lea femicid din 2025"}]},{"@type":"WebSite","@id":"https:\/\/buletin.de\/bucuresti\/#website","url":"https:\/\/buletin.de\/bucuresti\/","name":"Buletin de Bucure\u0219ti","description":"\u0218tiri \u0219i investiga\u021bii esen\u021biale din capital\u0103","publisher":{"@id":"https:\/\/buletin.de\/bucuresti\/#organization"},"potentialAction":[{"@type":"SearchAction","target":{"@type":"EntryPoint","urlTemplate":"https:\/\/buletin.de\/bucuresti\/?s={search_term_string}"},"query-input":{"@type":"PropertyValueSpecification","valueRequired":true,"valueName":"search_term_string"}}],"inLanguage":"en-GB"},{"@type":"Organization","@id":"https:\/\/buletin.de\/bucuresti\/#organization","name":"Buletin de Bucure\u0219ti","url":"https:\/\/buletin.de\/bucuresti\/","logo":{"@type":"ImageObject","inLanguage":"en-GB","@id":"https:\/\/buletin.de\/bucuresti\/#\/schema\/logo\/image\/","url":"https:\/\/buletin.de\/bucuresti\/wp-content\/uploads\/logo-bdb-full-wide-vernil-transparent.png","contentUrl":"https:\/\/buletin.de\/bucuresti\/wp-content\/uploads\/logo-bdb-full-wide-vernil-transparent.png","width":1782,"height":626,"caption":"Buletin de Bucure\u0219ti"},"image":{"@id":"https:\/\/buletin.de\/bucuresti\/#\/schema\/logo\/image\/"},"sameAs":["https:\/\/www.facebook.com\/buletin.de.buc","https:\/\/www.instagram.com\/buletinde.bucuresti\/"]},{"@type":"Person","@id":"https:\/\/buletin.de\/bucuresti\/#\/schema\/person\/150590659efde715459d159da012f501","name":"Andreea Tudor","image":{"@type":"ImageObject","inLanguage":"en-GB","@id":"https:\/\/secure.gravatar.com\/avatar\/a88705a186ab0b67f3349bcbced506c09e37256fbaad0e7f3bd1a79b4599f589?s=96&d=monsterid&r=g79290610aa1a65c2b86eebc2ca5aee8f","url":"https:\/\/secure.gravatar.com\/avatar\/a88705a186ab0b67f3349bcbced506c09e37256fbaad0e7f3bd1a79b4599f589?s=96&d=monsterid&r=g","contentUrl":"https:\/\/secure.gravatar.com\/avatar\/a88705a186ab0b67f3349bcbced506c09e37256fbaad0e7f3bd1a79b4599f589?s=96&d=monsterid&r=g","caption":"Andreea Tudor"},"description":"N\u0103scut\u0103 \u0219i crescut\u0103 \u00een Bucure\u0219ti, sus\u021bin\u0103toare a presei independente. A\u0219a am ajuns redactor la Buletin de Bucure\u0219ti. Fiind eu, \u00eens\u0103mi, parte a sistemului de \u00eenv\u0103\u021b\u0103m\u00e2nt rom\u00e2nesc \u0219i pasionat\u0103 de domeniul social, pun sub lup\u0103 tot ceea ce se \u00eent\u00e2mpl\u0103 \u00een sfera educa\u021biei. Cred cu t\u0103rie c\u0103 presa \u201epentru cet\u0103\u021beni\u201d este presa independent\u0103. Oamenii au nevoie de o informare corect\u0103 pentru a \u00een\u021belege pe deplin ce se \u00eent\u00e2mpl\u0103 \u00een jurul lor \u0219i pentru a lua ac\u021biune \u00eempotriva nedrept\u0103\u021bilor.","url":"https:\/\/buletin.de\/bucuresti\/author\/andreeatudor\/"}]}},"authors":[{"term_id":22573,"user_id":55,"is_guest":0,"slug":"andreeatudor","display_name":"Andreea Tudor","avatar_url":"https:\/\/secure.gravatar.com\/avatar\/a88705a186ab0b67f3349bcbced506c09e37256fbaad0e7f3bd1a79b4599f589?s=96&d=monsterid&r=g","0":null,"1":"","2":"","3":"","4":"","5":"","6":"","7":"","8":""}],"_links":{"self":[{"href":"https:\/\/buletin.de\/bucuresti\/wp-json\/wp\/v2\/posts\/157169","targetHints":{"allow":["GET"]}}],"collection":[{"href":"https:\/\/buletin.de\/bucuresti\/wp-json\/wp\/v2\/posts"}],"about":[{"href":"https:\/\/buletin.de\/bucuresti\/wp-json\/wp\/v2\/types\/post"}],"author":[{"embeddable":true,"href":"https:\/\/buletin.de\/bucuresti\/wp-json\/wp\/v2\/users\/55"}],"replies":[{"embeddable":true,"href":"https:\/\/buletin.de\/bucuresti\/wp-json\/wp\/v2\/comments?post=157169"}],"version-history":[{"count":4,"href":"https:\/\/buletin.de\/bucuresti\/wp-json\/wp\/v2\/posts\/157169\/revisions"}],"predecessor-version":[{"id":157215,"href":"https:\/\/buletin.de\/bucuresti\/wp-json\/wp\/v2\/posts\/157169\/revisions\/157215"}],"wp:featuredmedia":[{"embeddable":true,"href":"https:\/\/buletin.de\/bucuresti\/wp-json\/wp\/v2\/media\/157200"}],"wp:attachment":[{"href":"https:\/\/buletin.de\/bucuresti\/wp-json\/wp\/v2\/media?parent=157169"}],"wp:term":[{"taxonomy":"category","embeddable":true,"href":"https:\/\/buletin.de\/bucuresti\/wp-json\/wp\/v2\/categories?post=157169"},{"taxonomy":"post_tag","embeddable":true,"href":"https:\/\/buletin.de\/bucuresti\/wp-json\/wp\/v2\/tags?post=157169"},{"taxonomy":"author","embeddable":true,"href":"https:\/\/buletin.de\/bucuresti\/wp-json\/wp\/v2\/ppma_author?post=157169"}],"curies":[{"name":"wp","href":"https:\/\/api.w.org\/{rel}","templated":true}]}}