{"id":156726,"date":"2025-11-07T17:21:22","date_gmt":"2025-11-07T14:21:22","guid":{"rendered":"https:\/\/buletin.de\/bucuresti\/?p=156726"},"modified":"2025-11-07T21:02:20","modified_gmt":"2025-11-07T18:02:20","slug":"ilfov-masina-lovita-de-tren-in-comuna-vidra-patru-oameni-au-murit","status":"publish","type":"post","link":"https:\/\/buletin.de\/bucuresti\/ilfov-masina-lovita-de-tren-in-comuna-vidra-patru-oameni-au-murit\/","title":{"rendered":"Ilfov | Ma\u0219in\u0103 lovit\u0103 de tren \u00een comuna Vidra. Patru oameni au murit"},"content":{"rendered":"\n<p><strong>O ma\u0219in\u0103 a fost lovit\u0103 de tren \u00een comuna Vidra, din Ilfov. \u00cen urma impactului, care a avut loc \u00een satul Cre\u021be\u0219ti, patru persoane au murit, iar o alta a fost r\u0103nit\u0103.<\/strong><\/p>\n\n\n\n<h2 class=\"wp-block-heading\" id=\"h-update-18-32-circula\u021bia-pe-calea-ferata-a-fost-reluata\"><strong>UPDATE 18.32: Circula\u021bia pe calea ferat\u0103 a fost reluat\u0103<\/strong><\/h2>\n\n\n\n<p>Compania Na\u021bional\u0103 de C\u0103i Ferate \u201eCFR\u201d S.A. informeaz\u0103 c\u0103, \u00eencep\u00e2nd cu ora 18:00, ca urmare a finaliz\u0103rii cercet\u0103rilor desf\u0103\u0219urate de organele abilitate la trecerea la nivel situat\u0103 \u00eentre halta de mi\u0219care Vidra \u0219i sta\u021bia Jilava (km 15+980), circula\u021bia trenurilor a fost reluat\u0103 \u00een condi\u021bii de siguran\u021b\u0103.<\/p>\n\n\n\n<p><strong>Trenuri afectate:<\/strong><\/p>\n\n\n\n<ul class=\"wp-block-list\">\n<li> \u2060Trenul R 9708, \u0219i-a continuat deplasarea cu o \u00eent\u00e2rziere de 174 de minute.<\/li>\n\n\n\n<li>\u2060Trenul R 9709 a sta\u021bionat \u00een sta\u021bia CF Jilava pe durata desf\u0103\u0219ur\u0103rii cercet\u0103rilor \u0219i \u0219i-a reluat circula\u021bia cu o \u00eent\u00e2rziere de 180 de minute.<\/li>\n<\/ul>\n\n\n\n<hr class=\"wp-block-separator has-alpha-channel-opacity\"\/>\n\n\n\n<p><a href=\"https:\/\/isubif.igsu.ro\/\">Echipele ISU <\/a>au intervenit, \u00een comuna Vidra, cu patru ambulante SMURD, o autospecial\u0103 de stingere, dou\u0103 autospeciale pentru descarcerare \u0219i Deta\u0219amentul Special de Salvatori.<\/p>\n\n\n\n<p>\u201e\u00cen jurul orei 15:00, pe raza de activitate a Sucursalei Regionale de C\u0103i Ferate Bucure\u0219ti, trenul R 9708, apar\u021bin\u00e2nd Societ\u0103\u021bii Na\u021bionale de Transport Feroviar de C\u0103l\u0103tori \u201eCFR C\u0103l\u0103tori\u201d S.A., a surprins un autovehicul la o trecere la nivel semnalizat\u0103 cu indicatoare rutiere (IR), situat\u0103 \u00eentre halta de mi\u0219care Vidra \u0219i sta\u021bia Jilava, km. feroviar 15+980.<\/p>\n\n\n\n<p>Din primele informa\u021bii, \u00een urma impactului au fost \u00eenregistrate patru victime decedate.<\/p>\n\n\n\n<p>Au fost avizate organele de cercetare, Inspectoratul pentru Situa\u021bii de Urgen\u021b\u0103 \u0219i echipele operative ale CFR S.A., care intervin la fa\u021ba locului pentru investigarea cauzelor \u0219i stabilirea \u00eemprejur\u0103rilor producerii accidentului.<\/p>\n\n\n\n<p>P\u00e2n\u0103 la finalizarea cercet\u0103rilor efectuate de organele abilitate, trenul R 9708 va sta\u021biona la locul evenimentului\u201d, arat\u0103 \u0219i un comunicat al Compania Na\u021bional\u0103 de C\u0103i Ferate \u201eCFR\u201d S.A..<\/p>\n\n\n\n<p>A fost deschis\u0103 o anchet\u0103 privind circumstan\u021bele prin care o ma\u0219in\u0103 lovit\u0103 de tren.<\/p>\n\n\n\n<p><strong><em>\u0218TIRE \u00ceN CURS DE ACTUALIZARE<\/em><\/strong><\/p>\n\n\n\n<p><strong>CITE\u0218TE \u0218I: <a href=\"https:\/\/buletin.de\/bucuresti\/ilfov-stefanestii-de-jos-da-peste-50-000-de-euro-pentru-doua-statii-de-autobuz\/\" target=\"_blank\" rel=\"noreferrer noopener\">ILFOV | \u0218tef\u0103ne\u0219tii de Jos, 50.000 de euro pentru dou\u0103 sta\u021bii de autobuz<\/a><\/strong><\/p>\n\n\n\n<p><\/p>\n\n\n\n<p><br> <\/p>\n","protected":false},"excerpt":{"rendered":"<p>O ma\u0219in\u0103 a fost lovit\u0103 de tren \u00een comuna Vidra, din Ilfov. \u00cen urma impactului, care a avut loc \u00een satul Cre\u021be\u0219ti, patru persoane au murit, iar o alta a fost r\u0103nit\u0103. UPDATE 18.32: Circula\u021bia pe calea ferat\u0103 a fost reluat\u0103 Compania Na\u021bional\u0103 de C\u0103i Ferate \u201eCFR\u201d S.A. informeaz\u0103 c\u0103, \u00eencep\u00e2nd cu ora 18:00, ca [&hellip;]<\/p>\n","protected":false},"author":1,"featured_media":156750,"comment_status":"closed","ping_status":"open","sticky":false,"template":"","format":"standard","meta":{"_acf_changed":false,"inline_featured_image":false,"ngg_post_thumbnail":0,"footnotes":""},"categories":[6994,1432,5762],"tags":[9153,820,840],"ppma_author":[22583],"class_list":["post-156726","post","type-post","status-publish","format-standard","has-post-thumbnail","hentry","category-stiri-2","category-buletin-de-ilfov","category-main","tag-comuna-vidra","tag-ilfov","tag-isu"],"acf":[],"yoast_head":"<!-- This site is optimized with the Yoast SEO Premium plugin v25.3 (Yoast SEO v27.4) - https:\/\/yoast.com\/product\/yoast-seo-premium-wordpress\/ -->\n<title>Ilfov | Ma\u0219in\u0103 lovit\u0103 de tren \u00een comuna Vidra. Patru oameni au murit - Buletin de Bucure\u0219ti<\/title>\n<meta name=\"description\" content=\"O ma\u0219in\u0103 a fost lovit\u0103 de tren \u00een comuna Vidra, din Ilfov. \u00cen urma impactului, care a avut loc \u00een satul Cre\u021be\u0219ti, patru persoane au murit.\" \/>\n<meta name=\"robots\" content=\"index, follow, max-snippet:-1, max-image-preview:large, max-video-preview:-1\" \/>\n<link rel=\"canonical\" href=\"https:\/\/buletin.de\/bucuresti\/ilfov-masina-lovita-de-tren-in-comuna-vidra-patru-oameni-au-murit\/\" \/>\n<meta property=\"og:locale\" content=\"en_GB\" \/>\n<meta property=\"og:type\" content=\"article\" \/>\n<meta property=\"og:title\" content=\"Ilfov | Ma\u0219in\u0103 lovit\u0103 de tren \u00een comuna Vidra. Patru oameni au murit\" \/>\n<meta property=\"og:description\" content=\"O ma\u0219in\u0103 a fost lovit\u0103 de tren \u00een comuna Vidra, din Ilfov. \u00cen urma impactului, care a avut loc \u00een satul Cre\u021be\u0219ti, patru persoane au murit.\" \/>\n<meta property=\"og:url\" content=\"https:\/\/buletin.de\/bucuresti\/ilfov-masina-lovita-de-tren-in-comuna-vidra-patru-oameni-au-murit\/\" \/>\n<meta property=\"og:site_name\" content=\"Buletin de Bucure\u0219ti\" \/>\n<meta property=\"article:publisher\" content=\"https:\/\/www.facebook.com\/buletin.de.buc\" \/>\n<meta property=\"article:published_time\" content=\"2025-11-07T14:21:22+00:00\" \/>\n<meta property=\"article:modified_time\" content=\"2025-11-07T18:02:20+00:00\" \/>\n<meta property=\"og:image\" content=\"https:\/\/buletin.de\/bucuresti\/wp-content\/uploads\/2025\/11\/accidenttrenvidra-e1762531889717.jpeg\" \/>\n\t<meta property=\"og:image:width\" content=\"768\" \/>\n\t<meta property=\"og:image:height\" content=\"584\" \/>\n\t<meta property=\"og:image:type\" content=\"image\/jpeg\" \/>\n<meta name=\"author\" content=\"Redac\u021bia Buletin de Bucure\u0219ti\" \/>\n<meta name=\"twitter:card\" content=\"summary_large_image\" \/>\n<meta name=\"twitter:label1\" content=\"Written by\" \/>\n\t<meta name=\"twitter:data1\" content=\"Redac\u021bia Buletin de Bucure\u0219ti\" \/>\n\t<meta name=\"twitter:label2\" content=\"Estimated reading time\" \/>\n\t<meta name=\"twitter:data2\" content=\"2 minutes\" \/>\n<script type=\"application\/ld+json\" class=\"yoast-schema-graph\">{\"@context\":\"https:\\\/\\\/schema.org\",\"@graph\":[{\"@type\":\"Article\",\"@id\":\"https:\\\/\\\/buletin.de\\\/bucuresti\\\/ilfov-masina-lovita-de-tren-in-comuna-vidra-patru-oameni-au-murit\\\/#article\",\"isPartOf\":{\"@id\":\"https:\\\/\\\/buletin.de\\\/bucuresti\\\/ilfov-masina-lovita-de-tren-in-comuna-vidra-patru-oameni-au-murit\\\/\"},\"author\":{\"name\":\"Redac\u021bia Buletin de Bucure\u0219ti\",\"@id\":\"https:\\\/\\\/buletin.de\\\/bucuresti\\\/#\\\/schema\\\/person\\\/2bbcf854e5f2419a13804af574d06ab1\"},\"headline\":\"Ilfov | Ma\u0219in\u0103 lovit\u0103 de tren \u00een comuna Vidra. Patru oameni au murit\",\"datePublished\":\"2025-11-07T14:21:22+00:00\",\"dateModified\":\"2025-11-07T18:02:20+00:00\",\"mainEntityOfPage\":{\"@id\":\"https:\\\/\\\/buletin.de\\\/bucuresti\\\/ilfov-masina-lovita-de-tren-in-comuna-vidra-patru-oameni-au-murit\\\/\"},\"wordCount\":364,\"publisher\":{\"@id\":\"https:\\\/\\\/buletin.de\\\/bucuresti\\\/#organization\"},\"image\":{\"@id\":\"https:\\\/\\\/buletin.de\\\/bucuresti\\\/ilfov-masina-lovita-de-tren-in-comuna-vidra-patru-oameni-au-murit\\\/#primaryimage\"},\"thumbnailUrl\":\"https:\\\/\\\/buletin.de\\\/bucuresti\\\/wp-content\\\/uploads\\\/2025\\\/11\\\/accidenttrenvidra-e1762531889717.jpeg\",\"keywords\":[\"comuna vidra\",\"Ilfov\",\"isu\"],\"articleSection\":[\"Articole\",\"Buletin de Ilfov\",\"Main\"],\"inLanguage\":\"en-GB\",\"copyrightYear\":\"2025\",\"copyrightHolder\":{\"@id\":\"https:\\\/\\\/buletin.de\\\/bucuresti\\\/#organization\"}},{\"@type\":\"WebPage\",\"@id\":\"https:\\\/\\\/buletin.de\\\/bucuresti\\\/ilfov-masina-lovita-de-tren-in-comuna-vidra-patru-oameni-au-murit\\\/\",\"url\":\"https:\\\/\\\/buletin.de\\\/bucuresti\\\/ilfov-masina-lovita-de-tren-in-comuna-vidra-patru-oameni-au-murit\\\/\",\"name\":\"Ilfov | Ma\u0219in\u0103 lovit\u0103 de tren \u00een comuna Vidra. Patru oameni au murit - Buletin de Bucure\u0219ti\",\"isPartOf\":{\"@id\":\"https:\\\/\\\/buletin.de\\\/bucuresti\\\/#website\"},\"primaryImageOfPage\":{\"@id\":\"https:\\\/\\\/buletin.de\\\/bucuresti\\\/ilfov-masina-lovita-de-tren-in-comuna-vidra-patru-oameni-au-murit\\\/#primaryimage\"},\"image\":{\"@id\":\"https:\\\/\\\/buletin.de\\\/bucuresti\\\/ilfov-masina-lovita-de-tren-in-comuna-vidra-patru-oameni-au-murit\\\/#primaryimage\"},\"thumbnailUrl\":\"https:\\\/\\\/buletin.de\\\/bucuresti\\\/wp-content\\\/uploads\\\/2025\\\/11\\\/accidenttrenvidra-e1762531889717.jpeg\",\"datePublished\":\"2025-11-07T14:21:22+00:00\",\"dateModified\":\"2025-11-07T18:02:20+00:00\",\"description\":\"O ma\u0219in\u0103 a fost lovit\u0103 de tren \u00een comuna Vidra, din Ilfov. \u00cen urma impactului, care a avut loc \u00een satul Cre\u021be\u0219ti, patru persoane au murit.\",\"breadcrumb\":{\"@id\":\"https:\\\/\\\/buletin.de\\\/bucuresti\\\/ilfov-masina-lovita-de-tren-in-comuna-vidra-patru-oameni-au-murit\\\/#breadcrumb\"},\"inLanguage\":\"en-GB\",\"potentialAction\":[{\"@type\":\"ReadAction\",\"target\":[\"https:\\\/\\\/buletin.de\\\/bucuresti\\\/ilfov-masina-lovita-de-tren-in-comuna-vidra-patru-oameni-au-murit\\\/\"]}]},{\"@type\":\"ImageObject\",\"inLanguage\":\"en-GB\",\"@id\":\"https:\\\/\\\/buletin.de\\\/bucuresti\\\/ilfov-masina-lovita-de-tren-in-comuna-vidra-patru-oameni-au-murit\\\/#primaryimage\",\"url\":\"https:\\\/\\\/buletin.de\\\/bucuresti\\\/wp-content\\\/uploads\\\/2025\\\/11\\\/accidenttrenvidra-e1762531889717.jpeg\",\"contentUrl\":\"https:\\\/\\\/buletin.de\\\/bucuresti\\\/wp-content\\\/uploads\\\/2025\\\/11\\\/accidenttrenvidra-e1762531889717.jpeg\",\"width\":768,\"height\":584,\"caption\":\"Ma\u0219ina lovit\u0103 de tren. Foto ISU BIF\"},{\"@type\":\"BreadcrumbList\",\"@id\":\"https:\\\/\\\/buletin.de\\\/bucuresti\\\/ilfov-masina-lovita-de-tren-in-comuna-vidra-patru-oameni-au-murit\\\/#breadcrumb\",\"itemListElement\":[{\"@type\":\"ListItem\",\"position\":1,\"name\":\"Acas\u0103\",\"item\":\"https:\\\/\\\/buletin.de\\\/bucuresti\\\/\"},{\"@type\":\"ListItem\",\"position\":2,\"name\":\"Ilfov | Ma\u0219in\u0103 lovit\u0103 de tren \u00een comuna Vidra. Patru oameni au murit\"}]},{\"@type\":\"WebSite\",\"@id\":\"https:\\\/\\\/buletin.de\\\/bucuresti\\\/#website\",\"url\":\"https:\\\/\\\/buletin.de\\\/bucuresti\\\/\",\"name\":\"Buletin de Bucure\u0219ti\",\"description\":\"\u0218tiri \u0219i investiga\u021bii esen\u021biale din capital\u0103\",\"publisher\":{\"@id\":\"https:\\\/\\\/buletin.de\\\/bucuresti\\\/#organization\"},\"potentialAction\":[{\"@type\":\"SearchAction\",\"target\":{\"@type\":\"EntryPoint\",\"urlTemplate\":\"https:\\\/\\\/buletin.de\\\/bucuresti\\\/?s={search_term_string}\"},\"query-input\":{\"@type\":\"PropertyValueSpecification\",\"valueRequired\":true,\"valueName\":\"search_term_string\"}}],\"inLanguage\":\"en-GB\"},{\"@type\":\"Organization\",\"@id\":\"https:\\\/\\\/buletin.de\\\/bucuresti\\\/#organization\",\"name\":\"Buletin de Bucure\u0219ti\",\"url\":\"https:\\\/\\\/buletin.de\\\/bucuresti\\\/\",\"logo\":{\"@type\":\"ImageObject\",\"inLanguage\":\"en-GB\",\"@id\":\"https:\\\/\\\/buletin.de\\\/bucuresti\\\/#\\\/schema\\\/logo\\\/image\\\/\",\"url\":\"https:\\\/\\\/buletin.de\\\/bucuresti\\\/wp-content\\\/uploads\\\/logo-bdb-full-wide-vernil-transparent.png\",\"contentUrl\":\"https:\\\/\\\/buletin.de\\\/bucuresti\\\/wp-content\\\/uploads\\\/logo-bdb-full-wide-vernil-transparent.png\",\"width\":1782,\"height\":626,\"caption\":\"Buletin de Bucure\u0219ti\"},\"image\":{\"@id\":\"https:\\\/\\\/buletin.de\\\/bucuresti\\\/#\\\/schema\\\/logo\\\/image\\\/\"},\"sameAs\":[\"https:\\\/\\\/www.facebook.com\\\/buletin.de.buc\",\"https:\\\/\\\/www.instagram.com\\\/buletinde.bucuresti\\\/\"]},{\"@type\":\"Person\",\"@id\":\"https:\\\/\\\/buletin.de\\\/bucuresti\\\/#\\\/schema\\\/person\\\/2bbcf854e5f2419a13804af574d06ab1\",\"name\":\"Redac\u021bia Buletin de Bucure\u0219ti\",\"image\":{\"@type\":\"ImageObject\",\"inLanguage\":\"en-GB\",\"@id\":\"https:\\\/\\\/secure.gravatar.com\\\/avatar\\\/18c5342381ed1a08620e6280424e3e5efc958618f5d67c522c9e44c1bc6f9226?s=96&d=monsterid&r=g60c7cd0ad92c68c049fcd4bb3504d609\",\"url\":\"https:\\\/\\\/secure.gravatar.com\\\/avatar\\\/18c5342381ed1a08620e6280424e3e5efc958618f5d67c522c9e44c1bc6f9226?s=96&d=monsterid&r=g\",\"contentUrl\":\"https:\\\/\\\/secure.gravatar.com\\\/avatar\\\/18c5342381ed1a08620e6280424e3e5efc958618f5d67c522c9e44c1bc6f9226?s=96&d=monsterid&r=g\",\"caption\":\"Redac\u021bia Buletin de Bucure\u0219ti\"},\"description\":\"Buletin de Bucure\u0219ti exist\u0103 din vara anului 2019.\",\"url\":\"https:\\\/\\\/buletin.de\\\/bucuresti\\\/author\\\/adminbuletin\\\/\"}]}<\/script>\n<!-- \/ Yoast SEO Premium plugin. -->","yoast_head_json":{"title":"Ilfov | Ma\u0219in\u0103 lovit\u0103 de tren \u00een comuna Vidra. Patru oameni au murit - Buletin de Bucure\u0219ti","description":"O ma\u0219in\u0103 a fost lovit\u0103 de tren \u00een comuna Vidra, din Ilfov. \u00cen urma impactului, care a avut loc \u00een satul Cre\u021be\u0219ti, patru persoane au murit.","robots":{"index":"index","follow":"follow","max-snippet":"max-snippet:-1","max-image-preview":"max-image-preview:large","max-video-preview":"max-video-preview:-1"},"canonical":"https:\/\/buletin.de\/bucuresti\/ilfov-masina-lovita-de-tren-in-comuna-vidra-patru-oameni-au-murit\/","og_locale":"en_GB","og_type":"article","og_title":"Ilfov | Ma\u0219in\u0103 lovit\u0103 de tren \u00een comuna Vidra. Patru oameni au murit","og_description":"O ma\u0219in\u0103 a fost lovit\u0103 de tren \u00een comuna Vidra, din Ilfov. \u00cen urma impactului, care a avut loc \u00een satul Cre\u021be\u0219ti, patru persoane au murit.","og_url":"https:\/\/buletin.de\/bucuresti\/ilfov-masina-lovita-de-tren-in-comuna-vidra-patru-oameni-au-murit\/","og_site_name":"Buletin de Bucure\u0219ti","article_publisher":"https:\/\/www.facebook.com\/buletin.de.buc","article_published_time":"2025-11-07T14:21:22+00:00","article_modified_time":"2025-11-07T18:02:20+00:00","og_image":[{"width":768,"height":584,"url":"https:\/\/buletin.de\/bucuresti\/wp-content\/uploads\/2025\/11\/accidenttrenvidra-e1762531889717.jpeg","type":"image\/jpeg"}],"author":"Redac\u021bia Buletin de Bucure\u0219ti","twitter_card":"summary_large_image","twitter_misc":{"Written by":"Redac\u021bia Buletin de Bucure\u0219ti","Estimated reading time":"2 minutes"},"schema":{"@context":"https:\/\/schema.org","@graph":[{"@type":"Article","@id":"https:\/\/buletin.de\/bucuresti\/ilfov-masina-lovita-de-tren-in-comuna-vidra-patru-oameni-au-murit\/#article","isPartOf":{"@id":"https:\/\/buletin.de\/bucuresti\/ilfov-masina-lovita-de-tren-in-comuna-vidra-patru-oameni-au-murit\/"},"author":{"name":"Redac\u021bia Buletin de Bucure\u0219ti","@id":"https:\/\/buletin.de\/bucuresti\/#\/schema\/person\/2bbcf854e5f2419a13804af574d06ab1"},"headline":"Ilfov | Ma\u0219in\u0103 lovit\u0103 de tren \u00een comuna Vidra. Patru oameni au murit","datePublished":"2025-11-07T14:21:22+00:00","dateModified":"2025-11-07T18:02:20+00:00","mainEntityOfPage":{"@id":"https:\/\/buletin.de\/bucuresti\/ilfov-masina-lovita-de-tren-in-comuna-vidra-patru-oameni-au-murit\/"},"wordCount":364,"publisher":{"@id":"https:\/\/buletin.de\/bucuresti\/#organization"},"image":{"@id":"https:\/\/buletin.de\/bucuresti\/ilfov-masina-lovita-de-tren-in-comuna-vidra-patru-oameni-au-murit\/#primaryimage"},"thumbnailUrl":"https:\/\/buletin.de\/bucuresti\/wp-content\/uploads\/2025\/11\/accidenttrenvidra-e1762531889717.jpeg","keywords":["comuna vidra","Ilfov","isu"],"articleSection":["Articole","Buletin de Ilfov","Main"],"inLanguage":"en-GB","copyrightYear":"2025","copyrightHolder":{"@id":"https:\/\/buletin.de\/bucuresti\/#organization"}},{"@type":"WebPage","@id":"https:\/\/buletin.de\/bucuresti\/ilfov-masina-lovita-de-tren-in-comuna-vidra-patru-oameni-au-murit\/","url":"https:\/\/buletin.de\/bucuresti\/ilfov-masina-lovita-de-tren-in-comuna-vidra-patru-oameni-au-murit\/","name":"Ilfov | Ma\u0219in\u0103 lovit\u0103 de tren \u00een comuna Vidra. Patru oameni au murit - Buletin de Bucure\u0219ti","isPartOf":{"@id":"https:\/\/buletin.de\/bucuresti\/#website"},"primaryImageOfPage":{"@id":"https:\/\/buletin.de\/bucuresti\/ilfov-masina-lovita-de-tren-in-comuna-vidra-patru-oameni-au-murit\/#primaryimage"},"image":{"@id":"https:\/\/buletin.de\/bucuresti\/ilfov-masina-lovita-de-tren-in-comuna-vidra-patru-oameni-au-murit\/#primaryimage"},"thumbnailUrl":"https:\/\/buletin.de\/bucuresti\/wp-content\/uploads\/2025\/11\/accidenttrenvidra-e1762531889717.jpeg","datePublished":"2025-11-07T14:21:22+00:00","dateModified":"2025-11-07T18:02:20+00:00","description":"O ma\u0219in\u0103 a fost lovit\u0103 de tren \u00een comuna Vidra, din Ilfov. \u00cen urma impactului, care a avut loc \u00een satul Cre\u021be\u0219ti, patru persoane au murit.","breadcrumb":{"@id":"https:\/\/buletin.de\/bucuresti\/ilfov-masina-lovita-de-tren-in-comuna-vidra-patru-oameni-au-murit\/#breadcrumb"},"inLanguage":"en-GB","potentialAction":[{"@type":"ReadAction","target":["https:\/\/buletin.de\/bucuresti\/ilfov-masina-lovita-de-tren-in-comuna-vidra-patru-oameni-au-murit\/"]}]},{"@type":"ImageObject","inLanguage":"en-GB","@id":"https:\/\/buletin.de\/bucuresti\/ilfov-masina-lovita-de-tren-in-comuna-vidra-patru-oameni-au-murit\/#primaryimage","url":"https:\/\/buletin.de\/bucuresti\/wp-content\/uploads\/2025\/11\/accidenttrenvidra-e1762531889717.jpeg","contentUrl":"https:\/\/buletin.de\/bucuresti\/wp-content\/uploads\/2025\/11\/accidenttrenvidra-e1762531889717.jpeg","width":768,"height":584,"caption":"Ma\u0219ina lovit\u0103 de tren. Foto ISU BIF"},{"@type":"BreadcrumbList","@id":"https:\/\/buletin.de\/bucuresti\/ilfov-masina-lovita-de-tren-in-comuna-vidra-patru-oameni-au-murit\/#breadcrumb","itemListElement":[{"@type":"ListItem","position":1,"name":"Acas\u0103","item":"https:\/\/buletin.de\/bucuresti\/"},{"@type":"ListItem","position":2,"name":"Ilfov | Ma\u0219in\u0103 lovit\u0103 de tren \u00een comuna Vidra. Patru oameni au murit"}]},{"@type":"WebSite","@id":"https:\/\/buletin.de\/bucuresti\/#website","url":"https:\/\/buletin.de\/bucuresti\/","name":"Buletin de Bucure\u0219ti","description":"\u0218tiri \u0219i investiga\u021bii esen\u021biale din capital\u0103","publisher":{"@id":"https:\/\/buletin.de\/bucuresti\/#organization"},"potentialAction":[{"@type":"SearchAction","target":{"@type":"EntryPoint","urlTemplate":"https:\/\/buletin.de\/bucuresti\/?s={search_term_string}"},"query-input":{"@type":"PropertyValueSpecification","valueRequired":true,"valueName":"search_term_string"}}],"inLanguage":"en-GB"},{"@type":"Organization","@id":"https:\/\/buletin.de\/bucuresti\/#organization","name":"Buletin de Bucure\u0219ti","url":"https:\/\/buletin.de\/bucuresti\/","logo":{"@type":"ImageObject","inLanguage":"en-GB","@id":"https:\/\/buletin.de\/bucuresti\/#\/schema\/logo\/image\/","url":"https:\/\/buletin.de\/bucuresti\/wp-content\/uploads\/logo-bdb-full-wide-vernil-transparent.png","contentUrl":"https:\/\/buletin.de\/bucuresti\/wp-content\/uploads\/logo-bdb-full-wide-vernil-transparent.png","width":1782,"height":626,"caption":"Buletin de Bucure\u0219ti"},"image":{"@id":"https:\/\/buletin.de\/bucuresti\/#\/schema\/logo\/image\/"},"sameAs":["https:\/\/www.facebook.com\/buletin.de.buc","https:\/\/www.instagram.com\/buletinde.bucuresti\/"]},{"@type":"Person","@id":"https:\/\/buletin.de\/bucuresti\/#\/schema\/person\/2bbcf854e5f2419a13804af574d06ab1","name":"Redac\u021bia Buletin de Bucure\u0219ti","image":{"@type":"ImageObject","inLanguage":"en-GB","@id":"https:\/\/secure.gravatar.com\/avatar\/18c5342381ed1a08620e6280424e3e5efc958618f5d67c522c9e44c1bc6f9226?s=96&d=monsterid&r=g60c7cd0ad92c68c049fcd4bb3504d609","url":"https:\/\/secure.gravatar.com\/avatar\/18c5342381ed1a08620e6280424e3e5efc958618f5d67c522c9e44c1bc6f9226?s=96&d=monsterid&r=g","contentUrl":"https:\/\/secure.gravatar.com\/avatar\/18c5342381ed1a08620e6280424e3e5efc958618f5d67c522c9e44c1bc6f9226?s=96&d=monsterid&r=g","caption":"Redac\u021bia Buletin de Bucure\u0219ti"},"description":"Buletin de Bucure\u0219ti exist\u0103 din vara anului 2019.","url":"https:\/\/buletin.de\/bucuresti\/author\/adminbuletin\/"}]}},"authors":[{"term_id":22583,"user_id":1,"is_guest":0,"slug":"adminbuletin","display_name":"Redac\u021bia Buletin de Bucure\u0219ti","avatar_url":"https:\/\/secure.gravatar.com\/avatar\/18c5342381ed1a08620e6280424e3e5efc958618f5d67c522c9e44c1bc6f9226?s=96&d=monsterid&r=g","0":null,"1":"","2":"","3":"","4":"","5":"","6":"","7":"","8":""}],"_links":{"self":[{"href":"https:\/\/buletin.de\/bucuresti\/wp-json\/wp\/v2\/posts\/156726","targetHints":{"allow":["GET"]}}],"collection":[{"href":"https:\/\/buletin.de\/bucuresti\/wp-json\/wp\/v2\/posts"}],"about":[{"href":"https:\/\/buletin.de\/bucuresti\/wp-json\/wp\/v2\/types\/post"}],"author":[{"embeddable":true,"href":"https:\/\/buletin.de\/bucuresti\/wp-json\/wp\/v2\/users\/1"}],"replies":[{"embeddable":true,"href":"https:\/\/buletin.de\/bucuresti\/wp-json\/wp\/v2\/comments?post=156726"}],"version-history":[{"count":7,"href":"https:\/\/buletin.de\/bucuresti\/wp-json\/wp\/v2\/posts\/156726\/revisions"}],"predecessor-version":[{"id":156770,"href":"https:\/\/buletin.de\/bucuresti\/wp-json\/wp\/v2\/posts\/156726\/revisions\/156770"}],"wp:featuredmedia":[{"embeddable":true,"href":"https:\/\/buletin.de\/bucuresti\/wp-json\/wp\/v2\/media\/156750"}],"wp:attachment":[{"href":"https:\/\/buletin.de\/bucuresti\/wp-json\/wp\/v2\/media?parent=156726"}],"wp:term":[{"taxonomy":"category","embeddable":true,"href":"https:\/\/buletin.de\/bucuresti\/wp-json\/wp\/v2\/categories?post=156726"},{"taxonomy":"post_tag","embeddable":true,"href":"https:\/\/buletin.de\/bucuresti\/wp-json\/wp\/v2\/tags?post=156726"},{"taxonomy":"author","embeddable":true,"href":"https:\/\/buletin.de\/bucuresti\/wp-json\/wp\/v2\/ppma_author?post=156726"}],"curies":[{"name":"wp","href":"https:\/\/api.w.org\/{rel}","templated":true}]}}