{"id":15646,"date":"2020-11-24T11:58:40","date_gmt":"2020-11-24T08:58:40","guid":{"rendered":"https:\/\/buletin.de\/bucuresti\/?p=15646"},"modified":"2020-11-24T11:58:41","modified_gmt":"2020-11-24T08:58:41","slug":"poza-cu-iohannis-l-a-costat-functia-aurelian-badulescu-demisie-din-conducerea-psd-sector-3","status":"publish","type":"post","link":"https:\/\/buletin.de\/bucuresti\/poza-cu-iohannis-l-a-costat-functia-aurelian-badulescu-demisie-din-conducerea-psd-sector-3\/","title":{"rendered":"Poza cu Iohannis l-a costat func\u021bia | Aurelian B\u0103dulescu, demisie din conducerea PSD Sector 3"},"content":{"rendered":"\n<h2 class=\"wp-block-heading\">&#8220;Am ac\u021bionat impulsiv \u0219i m\u00e2nat de furia pentru modul \u00een care ace\u0219ti oameni au \u00een\u021beles s\u0103 conduc\u0103 aceast\u0103 \u021bar\u0103. (&#8230;)Dar asta nu justific\u0103 nicicum acea poz\u0103 pe care am postat-o pe re\u021belele sociale. Regret profund aceast\u0103 postare impulsiv\u0103 \u0219i \u00eemi cer scuze tuturor celor pe care i-am lezat prin acest gest, de\u0219i nu am inten\u021bionat nicio clip\u0103 acest lucru.&#8221; <\/h2>\n\n\n\n<p>Aurelian B\u0103dulescu<\/p>\n\n\n\n<p>Fostul viceprimar al Capitalei, Aurelian B\u0103dulescu, a anun\u021bat asear\u0103, pe pagina sa personal\u0103 de Facebook c\u0103 va demisiona din func\u021bia de pre\u0219edinte al Organiza\u021biei PSD Sector 3. <\/p>\n\n\n\n<figure class=\"wp-block-embed\"><div class=\"wp-block-embed__wrapper\">\nhttps:\/\/www.facebook.com\/108888080694252\/posts\/193936095522783\/?d=n\n<\/div><\/figure>\n\n\n\n<p>Gestul s\u0103u vine dup\u0103 ce, s\u0103pt\u0103m\u00e2na trecut\u0103, Aurelian B\u0103dulescu a postat tot pe Facebook, o fotografie trucat\u0103 care \u00eel \u00eenf\u0103\u021bisa pe Iohannis, \u00een postura lui Adolf Hitler.<\/p>\n\n\n\n<p><\/p>\n\n\n\n<figure class=\"wp-block-image size-large\"><img fetchpriority=\"high\" decoding=\"async\" width=\"506\" height=\"900\" src=\"data:image\/gif;base64,R0lGODlhAQABAAAAACH5BAEKAAEALAAAAAABAAEAAAICTAEAOw==\" data-src=\"https:\/\/buletin.de\/bucuresti\/wp-content\/uploads\/121962b6-520f-40b7-b7d3-51c67dcba9d0-506x900.jpg\" alt=\"\" class=\"wp-image-15647 lazyload\" data-sizes=\"auto\" data-srcset=\"https:\/\/buletin.de\/bucuresti\/wp-content\/uploads\/121962b6-520f-40b7-b7d3-51c67dcba9d0-506x900.jpg 506w, https:\/\/buletin.de\/bucuresti\/wp-content\/uploads\/121962b6-520f-40b7-b7d3-51c67dcba9d0-169x300.jpg 169w, https:\/\/buletin.de\/bucuresti\/wp-content\/uploads\/121962b6-520f-40b7-b7d3-51c67dcba9d0-768x1365.jpg 768w, https:\/\/buletin.de\/bucuresti\/wp-content\/uploads\/121962b6-520f-40b7-b7d3-51c67dcba9d0-864x1536.jpg 864w, https:\/\/buletin.de\/bucuresti\/wp-content\/uploads\/121962b6-520f-40b7-b7d3-51c67dcba9d0-550x978.jpg 550w, https:\/\/buletin.de\/bucuresti\/wp-content\/uploads\/121962b6-520f-40b7-b7d3-51c67dcba9d0-281x500.jpg 281w, https:\/\/buletin.de\/bucuresti\/wp-content\/uploads\/121962b6-520f-40b7-b7d3-51c67dcba9d0-608x1080.jpg 608w, https:\/\/buletin.de\/bucuresti\/wp-content\/uploads\/121962b6-520f-40b7-b7d3-51c67dcba9d0-600x1067.jpg 600w, https:\/\/buletin.de\/bucuresti\/wp-content\/uploads\/121962b6-520f-40b7-b7d3-51c67dcba9d0.jpg 900w\" sizes=\"(max-width: 506px) 100vw, 506px\" \/><figcaption>Sursa Facebook Aurelian Badulescu<\/figcaption><\/figure>\n\n\n\n<p>Postarea sa a st\u00e2rnit o avalan\u0219\u0103 de reac\u021bii, at\u00e2t din partea PNL c\u00e2t \u0219i a societ\u0103\u021bii civile. <\/p>\n\n\n\n<p>\u00cen postarea sa, Aurelian B\u0103dulescu recunoa\u0219te c\u0103 a gre\u0219it, c\u0103 a ac\u021bionat la m\u00e2nie, \u0219i c\u0103 postarea nu implic\u0103 \u00een niciun fel partidul din care face parte.<\/p>\n\n\n\n<p><br><em>&#8220;Sub nicio form\u0103, ac\u021biunea mea nu a implicat partidul din care fac parte. \u00cemi asum gre\u0219eala \u0219i demisionez din func\u021bia de pre\u0219edinte interimar al Organiza\u021biei PSD Sector 3.<\/em>&#8220;, a scris B\u0103dulescu.<\/p>\n\n\n\n<p>Consiliul Na\u021bional pentru Combaterea Discrimin\u0103rii s-a autosesizat \u00een acest caz, \u0219i a deschis o anchet\u0103.<\/p>\n\n\n\n<p>Aurelian B\u0103dulescu este un apropiat al Gabrielei Firea. A fost viceprimarul Capitalei \u0219i a candidat, f\u0103r\u0103 succes, la prim\u0103ria Sector 3.<\/p>\n\n\n\n<p>Surs\u0103 Foto Aurelian B\u0103dulescu <\/p>\n\n\n\n<p><\/p>\n","protected":false},"excerpt":{"rendered":"<p>&#8220;Am ac\u021bionat impulsiv \u0219i m\u00e2nat de furia pentru modul \u00een care ace\u0219ti oameni au \u00een\u021beles s\u0103 conduc\u0103 aceast\u0103 \u021bar\u0103. (&#8230;)Dar asta nu justific\u0103 nicicum acea poz\u0103 pe care am postat-o pe re\u021belele sociale. Regret profund aceast\u0103 postare impulsiv\u0103 \u0219i \u00eemi cer scuze tuturor celor pe care i-am lezat prin acest gest, de\u0219i nu am inten\u021bionat [&hellip;]<\/p>\n","protected":false},"author":18,"featured_media":15651,"comment_status":"closed","ping_status":"open","sticky":false,"template":"","format":"standard","meta":{"_acf_changed":false,"inline_featured_image":false,"ngg_post_thumbnail":0,"footnotes":""},"categories":[1],"tags":[],"ppma_author":[22579],"class_list":["post-15646","post","type-post","status-publish","format-standard","has-post-thumbnail","hentry","category-diverse"],"acf":[],"yoast_head":"<!-- This site is optimized with the Yoast SEO Premium plugin v25.3 (Yoast SEO v27.4) - https:\/\/yoast.com\/product\/yoast-seo-premium-wordpress\/ -->\n<title>Poza cu Iohannis l-a costat func\u021bia | Aurelian B\u0103dulescu, demisie din conducerea PSD Sector 3 - Buletin de Bucure\u0219ti<\/title>\n<meta name=\"robots\" content=\"index, follow, max-snippet:-1, max-image-preview:large, max-video-preview:-1\" \/>\n<link rel=\"canonical\" href=\"https:\/\/buletin.de\/bucuresti\/poza-cu-iohannis-l-a-costat-functia-aurelian-badulescu-demisie-din-conducerea-psd-sector-3\/\" \/>\n<meta property=\"og:locale\" content=\"en_GB\" \/>\n<meta property=\"og:type\" content=\"article\" \/>\n<meta property=\"og:title\" content=\"Poza cu Iohannis l-a costat func\u021bia | Aurelian B\u0103dulescu, demisie din conducerea PSD Sector 3\" \/>\n<meta property=\"og:description\" content=\"&#8220;Am ac\u021bionat impulsiv \u0219i m\u00e2nat de furia pentru modul \u00een care ace\u0219ti oameni au \u00een\u021beles s\u0103 conduc\u0103 aceast\u0103 \u021bar\u0103. (&#8230;)Dar asta nu justific\u0103 nicicum acea poz\u0103 pe care am postat-o pe re\u021belele sociale. Regret profund aceast\u0103 postare impulsiv\u0103 \u0219i \u00eemi cer scuze tuturor celor pe care i-am lezat prin acest gest, de\u0219i nu am inten\u021bionat [&hellip;]\" \/>\n<meta property=\"og:url\" content=\"https:\/\/buletin.de\/bucuresti\/poza-cu-iohannis-l-a-costat-functia-aurelian-badulescu-demisie-din-conducerea-psd-sector-3\/\" \/>\n<meta property=\"og:site_name\" content=\"Buletin de Bucure\u0219ti\" \/>\n<meta property=\"article:publisher\" content=\"https:\/\/www.facebook.com\/buletin.de.buc\" \/>\n<meta property=\"article:published_time\" content=\"2020-11-24T08:58:40+00:00\" \/>\n<meta property=\"article:modified_time\" content=\"2020-11-24T08:58:41+00:00\" \/>\n<meta property=\"og:image\" content=\"https:\/\/buletin.de\/bucuresti\/wp-content\/uploads\/c8703f12-f734-48cb-b9da-74cf67f04fcd.jpg\" \/>\n\t<meta property=\"og:image:width\" content=\"495\" \/>\n\t<meta property=\"og:image:height\" content=\"495\" \/>\n\t<meta property=\"og:image:type\" content=\"image\/jpeg\" \/>\n<meta name=\"author\" content=\"Teodora Stroe\" \/>\n<meta name=\"twitter:card\" content=\"summary_large_image\" \/>\n<meta name=\"twitter:label1\" content=\"Written by\" \/>\n\t<meta name=\"twitter:data1\" content=\"Teodora Stroe\" \/>\n\t<meta name=\"twitter:label2\" content=\"Estimated reading time\" \/>\n\t<meta name=\"twitter:data2\" content=\"1 minute\" \/>\n<script type=\"application\/ld+json\" class=\"yoast-schema-graph\">{\"@context\":\"https:\\\/\\\/schema.org\",\"@graph\":[{\"@type\":\"Article\",\"@id\":\"https:\\\/\\\/buletin.de\\\/bucuresti\\\/poza-cu-iohannis-l-a-costat-functia-aurelian-badulescu-demisie-din-conducerea-psd-sector-3\\\/#article\",\"isPartOf\":{\"@id\":\"https:\\\/\\\/buletin.de\\\/bucuresti\\\/poza-cu-iohannis-l-a-costat-functia-aurelian-badulescu-demisie-din-conducerea-psd-sector-3\\\/\"},\"author\":{\"name\":\"Teodora Stroe\",\"@id\":\"https:\\\/\\\/buletin.de\\\/bucuresti\\\/#\\\/schema\\\/person\\\/d369d7ddc775abece205795e0b804614\"},\"headline\":\"Poza cu Iohannis l-a costat func\u021bia | Aurelian B\u0103dulescu, demisie din conducerea PSD Sector 3\",\"datePublished\":\"2020-11-24T08:58:40+00:00\",\"dateModified\":\"2020-11-24T08:58:41+00:00\",\"mainEntityOfPage\":{\"@id\":\"https:\\\/\\\/buletin.de\\\/bucuresti\\\/poza-cu-iohannis-l-a-costat-functia-aurelian-badulescu-demisie-din-conducerea-psd-sector-3\\\/\"},\"wordCount\":294,\"publisher\":{\"@id\":\"https:\\\/\\\/buletin.de\\\/bucuresti\\\/#organization\"},\"image\":{\"@id\":\"https:\\\/\\\/buletin.de\\\/bucuresti\\\/poza-cu-iohannis-l-a-costat-functia-aurelian-badulescu-demisie-din-conducerea-psd-sector-3\\\/#primaryimage\"},\"thumbnailUrl\":\"https:\\\/\\\/buletin.de\\\/bucuresti\\\/wp-content\\\/uploads\\\/c8703f12-f734-48cb-b9da-74cf67f04fcd.jpg\",\"articleSection\":[\"Diverse\"],\"inLanguage\":\"en-GB\",\"copyrightYear\":\"2020\",\"copyrightHolder\":{\"@id\":\"https:\\\/\\\/buletin.de\\\/bucuresti\\\/#organization\"}},{\"@type\":\"WebPage\",\"@id\":\"https:\\\/\\\/buletin.de\\\/bucuresti\\\/poza-cu-iohannis-l-a-costat-functia-aurelian-badulescu-demisie-din-conducerea-psd-sector-3\\\/\",\"url\":\"https:\\\/\\\/buletin.de\\\/bucuresti\\\/poza-cu-iohannis-l-a-costat-functia-aurelian-badulescu-demisie-din-conducerea-psd-sector-3\\\/\",\"name\":\"Poza cu Iohannis l-a costat func\u021bia | Aurelian B\u0103dulescu, demisie din conducerea PSD Sector 3 - Buletin de Bucure\u0219ti\",\"isPartOf\":{\"@id\":\"https:\\\/\\\/buletin.de\\\/bucuresti\\\/#website\"},\"primaryImageOfPage\":{\"@id\":\"https:\\\/\\\/buletin.de\\\/bucuresti\\\/poza-cu-iohannis-l-a-costat-functia-aurelian-badulescu-demisie-din-conducerea-psd-sector-3\\\/#primaryimage\"},\"image\":{\"@id\":\"https:\\\/\\\/buletin.de\\\/bucuresti\\\/poza-cu-iohannis-l-a-costat-functia-aurelian-badulescu-demisie-din-conducerea-psd-sector-3\\\/#primaryimage\"},\"thumbnailUrl\":\"https:\\\/\\\/buletin.de\\\/bucuresti\\\/wp-content\\\/uploads\\\/c8703f12-f734-48cb-b9da-74cf67f04fcd.jpg\",\"datePublished\":\"2020-11-24T08:58:40+00:00\",\"dateModified\":\"2020-11-24T08:58:41+00:00\",\"breadcrumb\":{\"@id\":\"https:\\\/\\\/buletin.de\\\/bucuresti\\\/poza-cu-iohannis-l-a-costat-functia-aurelian-badulescu-demisie-din-conducerea-psd-sector-3\\\/#breadcrumb\"},\"inLanguage\":\"en-GB\",\"potentialAction\":[{\"@type\":\"ReadAction\",\"target\":[\"https:\\\/\\\/buletin.de\\\/bucuresti\\\/poza-cu-iohannis-l-a-costat-functia-aurelian-badulescu-demisie-din-conducerea-psd-sector-3\\\/\"]}]},{\"@type\":\"ImageObject\",\"inLanguage\":\"en-GB\",\"@id\":\"https:\\\/\\\/buletin.de\\\/bucuresti\\\/poza-cu-iohannis-l-a-costat-functia-aurelian-badulescu-demisie-din-conducerea-psd-sector-3\\\/#primaryimage\",\"url\":\"https:\\\/\\\/buletin.de\\\/bucuresti\\\/wp-content\\\/uploads\\\/c8703f12-f734-48cb-b9da-74cf67f04fcd.jpg\",\"contentUrl\":\"https:\\\/\\\/buletin.de\\\/bucuresti\\\/wp-content\\\/uploads\\\/c8703f12-f734-48cb-b9da-74cf67f04fcd.jpg\",\"width\":495,\"height\":495},{\"@type\":\"BreadcrumbList\",\"@id\":\"https:\\\/\\\/buletin.de\\\/bucuresti\\\/poza-cu-iohannis-l-a-costat-functia-aurelian-badulescu-demisie-din-conducerea-psd-sector-3\\\/#breadcrumb\",\"itemListElement\":[{\"@type\":\"ListItem\",\"position\":1,\"name\":\"Acas\u0103\",\"item\":\"https:\\\/\\\/buletin.de\\\/bucuresti\\\/\"},{\"@type\":\"ListItem\",\"position\":2,\"name\":\"Poza cu Iohannis l-a costat func\u021bia | Aurelian B\u0103dulescu, demisie din conducerea PSD Sector 3\"}]},{\"@type\":\"WebSite\",\"@id\":\"https:\\\/\\\/buletin.de\\\/bucuresti\\\/#website\",\"url\":\"https:\\\/\\\/buletin.de\\\/bucuresti\\\/\",\"name\":\"Buletin de Bucure\u0219ti\",\"description\":\"\u0218tiri \u0219i investiga\u021bii esen\u021biale din capital\u0103\",\"publisher\":{\"@id\":\"https:\\\/\\\/buletin.de\\\/bucuresti\\\/#organization\"},\"potentialAction\":[{\"@type\":\"SearchAction\",\"target\":{\"@type\":\"EntryPoint\",\"urlTemplate\":\"https:\\\/\\\/buletin.de\\\/bucuresti\\\/?s={search_term_string}\"},\"query-input\":{\"@type\":\"PropertyValueSpecification\",\"valueRequired\":true,\"valueName\":\"search_term_string\"}}],\"inLanguage\":\"en-GB\"},{\"@type\":\"Organization\",\"@id\":\"https:\\\/\\\/buletin.de\\\/bucuresti\\\/#organization\",\"name\":\"Buletin de Bucure\u0219ti\",\"url\":\"https:\\\/\\\/buletin.de\\\/bucuresti\\\/\",\"logo\":{\"@type\":\"ImageObject\",\"inLanguage\":\"en-GB\",\"@id\":\"https:\\\/\\\/buletin.de\\\/bucuresti\\\/#\\\/schema\\\/logo\\\/image\\\/\",\"url\":\"https:\\\/\\\/buletin.de\\\/bucuresti\\\/wp-content\\\/uploads\\\/logo-bdb-full-wide-vernil-transparent.png\",\"contentUrl\":\"https:\\\/\\\/buletin.de\\\/bucuresti\\\/wp-content\\\/uploads\\\/logo-bdb-full-wide-vernil-transparent.png\",\"width\":1782,\"height\":626,\"caption\":\"Buletin de Bucure\u0219ti\"},\"image\":{\"@id\":\"https:\\\/\\\/buletin.de\\\/bucuresti\\\/#\\\/schema\\\/logo\\\/image\\\/\"},\"sameAs\":[\"https:\\\/\\\/www.facebook.com\\\/buletin.de.buc\",\"https:\\\/\\\/www.instagram.com\\\/buletinde.bucuresti\\\/\"]},{\"@type\":\"Person\",\"@id\":\"https:\\\/\\\/buletin.de\\\/bucuresti\\\/#\\\/schema\\\/person\\\/d369d7ddc775abece205795e0b804614\",\"name\":\"Teodora Stroe\",\"image\":{\"@type\":\"ImageObject\",\"inLanguage\":\"en-GB\",\"@id\":\"https:\\\/\\\/secure.gravatar.com\\\/avatar\\\/2560b4cd9f5f1bc100b123158e657d75584bd1c3e1d9c69285720b9457c1b78d?s=96&d=monsterid&r=gc104800242ba5f2d78dd5d7dc4df08b6\",\"url\":\"https:\\\/\\\/secure.gravatar.com\\\/avatar\\\/2560b4cd9f5f1bc100b123158e657d75584bd1c3e1d9c69285720b9457c1b78d?s=96&d=monsterid&r=g\",\"contentUrl\":\"https:\\\/\\\/secure.gravatar.com\\\/avatar\\\/2560b4cd9f5f1bc100b123158e657d75584bd1c3e1d9c69285720b9457c1b78d?s=96&d=monsterid&r=g\",\"caption\":\"Teodora Stroe\"},\"url\":\"https:\\\/\\\/buletin.de\\\/bucuresti\\\/author\\\/simonacarlugea\\\/\"}]}<\/script>\n<!-- \/ Yoast SEO Premium plugin. -->","yoast_head_json":{"title":"Poza cu Iohannis l-a costat func\u021bia | Aurelian B\u0103dulescu, demisie din conducerea PSD Sector 3 - Buletin de Bucure\u0219ti","robots":{"index":"index","follow":"follow","max-snippet":"max-snippet:-1","max-image-preview":"max-image-preview:large","max-video-preview":"max-video-preview:-1"},"canonical":"https:\/\/buletin.de\/bucuresti\/poza-cu-iohannis-l-a-costat-functia-aurelian-badulescu-demisie-din-conducerea-psd-sector-3\/","og_locale":"en_GB","og_type":"article","og_title":"Poza cu Iohannis l-a costat func\u021bia | Aurelian B\u0103dulescu, demisie din conducerea PSD Sector 3","og_description":"&#8220;Am ac\u021bionat impulsiv \u0219i m\u00e2nat de furia pentru modul \u00een care ace\u0219ti oameni au \u00een\u021beles s\u0103 conduc\u0103 aceast\u0103 \u021bar\u0103. (&#8230;)Dar asta nu justific\u0103 nicicum acea poz\u0103 pe care am postat-o pe re\u021belele sociale. Regret profund aceast\u0103 postare impulsiv\u0103 \u0219i \u00eemi cer scuze tuturor celor pe care i-am lezat prin acest gest, de\u0219i nu am inten\u021bionat [&hellip;]","og_url":"https:\/\/buletin.de\/bucuresti\/poza-cu-iohannis-l-a-costat-functia-aurelian-badulescu-demisie-din-conducerea-psd-sector-3\/","og_site_name":"Buletin de Bucure\u0219ti","article_publisher":"https:\/\/www.facebook.com\/buletin.de.buc","article_published_time":"2020-11-24T08:58:40+00:00","article_modified_time":"2020-11-24T08:58:41+00:00","og_image":[{"width":495,"height":495,"url":"https:\/\/buletin.de\/bucuresti\/wp-content\/uploads\/c8703f12-f734-48cb-b9da-74cf67f04fcd.jpg","type":"image\/jpeg"}],"author":"Teodora Stroe","twitter_card":"summary_large_image","twitter_misc":{"Written by":"Teodora Stroe","Estimated reading time":"1 minute"},"schema":{"@context":"https:\/\/schema.org","@graph":[{"@type":"Article","@id":"https:\/\/buletin.de\/bucuresti\/poza-cu-iohannis-l-a-costat-functia-aurelian-badulescu-demisie-din-conducerea-psd-sector-3\/#article","isPartOf":{"@id":"https:\/\/buletin.de\/bucuresti\/poza-cu-iohannis-l-a-costat-functia-aurelian-badulescu-demisie-din-conducerea-psd-sector-3\/"},"author":{"name":"Teodora Stroe","@id":"https:\/\/buletin.de\/bucuresti\/#\/schema\/person\/d369d7ddc775abece205795e0b804614"},"headline":"Poza cu Iohannis l-a costat func\u021bia | Aurelian B\u0103dulescu, demisie din conducerea PSD Sector 3","datePublished":"2020-11-24T08:58:40+00:00","dateModified":"2020-11-24T08:58:41+00:00","mainEntityOfPage":{"@id":"https:\/\/buletin.de\/bucuresti\/poza-cu-iohannis-l-a-costat-functia-aurelian-badulescu-demisie-din-conducerea-psd-sector-3\/"},"wordCount":294,"publisher":{"@id":"https:\/\/buletin.de\/bucuresti\/#organization"},"image":{"@id":"https:\/\/buletin.de\/bucuresti\/poza-cu-iohannis-l-a-costat-functia-aurelian-badulescu-demisie-din-conducerea-psd-sector-3\/#primaryimage"},"thumbnailUrl":"https:\/\/buletin.de\/bucuresti\/wp-content\/uploads\/c8703f12-f734-48cb-b9da-74cf67f04fcd.jpg","articleSection":["Diverse"],"inLanguage":"en-GB","copyrightYear":"2020","copyrightHolder":{"@id":"https:\/\/buletin.de\/bucuresti\/#organization"}},{"@type":"WebPage","@id":"https:\/\/buletin.de\/bucuresti\/poza-cu-iohannis-l-a-costat-functia-aurelian-badulescu-demisie-din-conducerea-psd-sector-3\/","url":"https:\/\/buletin.de\/bucuresti\/poza-cu-iohannis-l-a-costat-functia-aurelian-badulescu-demisie-din-conducerea-psd-sector-3\/","name":"Poza cu Iohannis l-a costat func\u021bia | Aurelian B\u0103dulescu, demisie din conducerea PSD Sector 3 - Buletin de Bucure\u0219ti","isPartOf":{"@id":"https:\/\/buletin.de\/bucuresti\/#website"},"primaryImageOfPage":{"@id":"https:\/\/buletin.de\/bucuresti\/poza-cu-iohannis-l-a-costat-functia-aurelian-badulescu-demisie-din-conducerea-psd-sector-3\/#primaryimage"},"image":{"@id":"https:\/\/buletin.de\/bucuresti\/poza-cu-iohannis-l-a-costat-functia-aurelian-badulescu-demisie-din-conducerea-psd-sector-3\/#primaryimage"},"thumbnailUrl":"https:\/\/buletin.de\/bucuresti\/wp-content\/uploads\/c8703f12-f734-48cb-b9da-74cf67f04fcd.jpg","datePublished":"2020-11-24T08:58:40+00:00","dateModified":"2020-11-24T08:58:41+00:00","breadcrumb":{"@id":"https:\/\/buletin.de\/bucuresti\/poza-cu-iohannis-l-a-costat-functia-aurelian-badulescu-demisie-din-conducerea-psd-sector-3\/#breadcrumb"},"inLanguage":"en-GB","potentialAction":[{"@type":"ReadAction","target":["https:\/\/buletin.de\/bucuresti\/poza-cu-iohannis-l-a-costat-functia-aurelian-badulescu-demisie-din-conducerea-psd-sector-3\/"]}]},{"@type":"ImageObject","inLanguage":"en-GB","@id":"https:\/\/buletin.de\/bucuresti\/poza-cu-iohannis-l-a-costat-functia-aurelian-badulescu-demisie-din-conducerea-psd-sector-3\/#primaryimage","url":"https:\/\/buletin.de\/bucuresti\/wp-content\/uploads\/c8703f12-f734-48cb-b9da-74cf67f04fcd.jpg","contentUrl":"https:\/\/buletin.de\/bucuresti\/wp-content\/uploads\/c8703f12-f734-48cb-b9da-74cf67f04fcd.jpg","width":495,"height":495},{"@type":"BreadcrumbList","@id":"https:\/\/buletin.de\/bucuresti\/poza-cu-iohannis-l-a-costat-functia-aurelian-badulescu-demisie-din-conducerea-psd-sector-3\/#breadcrumb","itemListElement":[{"@type":"ListItem","position":1,"name":"Acas\u0103","item":"https:\/\/buletin.de\/bucuresti\/"},{"@type":"ListItem","position":2,"name":"Poza cu Iohannis l-a costat func\u021bia | Aurelian B\u0103dulescu, demisie din conducerea PSD Sector 3"}]},{"@type":"WebSite","@id":"https:\/\/buletin.de\/bucuresti\/#website","url":"https:\/\/buletin.de\/bucuresti\/","name":"Buletin de Bucure\u0219ti","description":"\u0218tiri \u0219i investiga\u021bii esen\u021biale din capital\u0103","publisher":{"@id":"https:\/\/buletin.de\/bucuresti\/#organization"},"potentialAction":[{"@type":"SearchAction","target":{"@type":"EntryPoint","urlTemplate":"https:\/\/buletin.de\/bucuresti\/?s={search_term_string}"},"query-input":{"@type":"PropertyValueSpecification","valueRequired":true,"valueName":"search_term_string"}}],"inLanguage":"en-GB"},{"@type":"Organization","@id":"https:\/\/buletin.de\/bucuresti\/#organization","name":"Buletin de Bucure\u0219ti","url":"https:\/\/buletin.de\/bucuresti\/","logo":{"@type":"ImageObject","inLanguage":"en-GB","@id":"https:\/\/buletin.de\/bucuresti\/#\/schema\/logo\/image\/","url":"https:\/\/buletin.de\/bucuresti\/wp-content\/uploads\/logo-bdb-full-wide-vernil-transparent.png","contentUrl":"https:\/\/buletin.de\/bucuresti\/wp-content\/uploads\/logo-bdb-full-wide-vernil-transparent.png","width":1782,"height":626,"caption":"Buletin de Bucure\u0219ti"},"image":{"@id":"https:\/\/buletin.de\/bucuresti\/#\/schema\/logo\/image\/"},"sameAs":["https:\/\/www.facebook.com\/buletin.de.buc","https:\/\/www.instagram.com\/buletinde.bucuresti\/"]},{"@type":"Person","@id":"https:\/\/buletin.de\/bucuresti\/#\/schema\/person\/d369d7ddc775abece205795e0b804614","name":"Teodora Stroe","image":{"@type":"ImageObject","inLanguage":"en-GB","@id":"https:\/\/secure.gravatar.com\/avatar\/2560b4cd9f5f1bc100b123158e657d75584bd1c3e1d9c69285720b9457c1b78d?s=96&d=monsterid&r=gc104800242ba5f2d78dd5d7dc4df08b6","url":"https:\/\/secure.gravatar.com\/avatar\/2560b4cd9f5f1bc100b123158e657d75584bd1c3e1d9c69285720b9457c1b78d?s=96&d=monsterid&r=g","contentUrl":"https:\/\/secure.gravatar.com\/avatar\/2560b4cd9f5f1bc100b123158e657d75584bd1c3e1d9c69285720b9457c1b78d?s=96&d=monsterid&r=g","caption":"Teodora Stroe"},"url":"https:\/\/buletin.de\/bucuresti\/author\/simonacarlugea\/"}]}},"authors":[{"term_id":22579,"user_id":18,"is_guest":0,"slug":"simonacarlugea","display_name":"Teodora Stroe","avatar_url":"https:\/\/secure.gravatar.com\/avatar\/2560b4cd9f5f1bc100b123158e657d75584bd1c3e1d9c69285720b9457c1b78d?s=96&d=monsterid&r=g","0":null,"1":"","2":"","3":"","4":"","5":"","6":"","7":"","8":""}],"_links":{"self":[{"href":"https:\/\/buletin.de\/bucuresti\/wp-json\/wp\/v2\/posts\/15646","targetHints":{"allow":["GET"]}}],"collection":[{"href":"https:\/\/buletin.de\/bucuresti\/wp-json\/wp\/v2\/posts"}],"about":[{"href":"https:\/\/buletin.de\/bucuresti\/wp-json\/wp\/v2\/types\/post"}],"author":[{"embeddable":true,"href":"https:\/\/buletin.de\/bucuresti\/wp-json\/wp\/v2\/users\/18"}],"replies":[{"embeddable":true,"href":"https:\/\/buletin.de\/bucuresti\/wp-json\/wp\/v2\/comments?post=15646"}],"version-history":[{"count":2,"href":"https:\/\/buletin.de\/bucuresti\/wp-json\/wp\/v2\/posts\/15646\/revisions"}],"predecessor-version":[{"id":15650,"href":"https:\/\/buletin.de\/bucuresti\/wp-json\/wp\/v2\/posts\/15646\/revisions\/15650"}],"wp:featuredmedia":[{"embeddable":true,"href":"https:\/\/buletin.de\/bucuresti\/wp-json\/wp\/v2\/media\/15651"}],"wp:attachment":[{"href":"https:\/\/buletin.de\/bucuresti\/wp-json\/wp\/v2\/media?parent=15646"}],"wp:term":[{"taxonomy":"category","embeddable":true,"href":"https:\/\/buletin.de\/bucuresti\/wp-json\/wp\/v2\/categories?post=15646"},{"taxonomy":"post_tag","embeddable":true,"href":"https:\/\/buletin.de\/bucuresti\/wp-json\/wp\/v2\/tags?post=15646"},{"taxonomy":"author","embeddable":true,"href":"https:\/\/buletin.de\/bucuresti\/wp-json\/wp\/v2\/ppma_author?post=15646"}],"curies":[{"name":"wp","href":"https:\/\/api.w.org\/{rel}","templated":true}]}}