{"id":15634,"date":"2020-11-23T20:33:28","date_gmt":"2020-11-23T17:33:28","guid":{"rendered":"https:\/\/buletin.de\/bucuresti\/?p=15634"},"modified":"2020-11-23T22:57:39","modified_gmt":"2020-11-23T19:57:39","slug":"bucurestiumilit-ro-nefunctional-dupa-ce-nicusor-dan-l-a-promovat-cu-peste-18-mii-de-lei-pe-facebook-in-campania-electorala","status":"publish","type":"post","link":"https:\/\/buletin.de\/bucuresti\/bucurestiumilit-ro-nefunctional-dupa-ce-nicusor-dan-l-a-promovat-cu-peste-18-mii-de-lei-pe-facebook-in-campania-electorala\/","title":{"rendered":"Bucurestiumilit.ro, nefunc\u021bional, dup\u0103 ce Nicu\u0219or Dan l-a promovat cu peste 18 mii de lei pe Facebook \u00een campania electoral\u0103"},"content":{"rendered":"\n<p>UPDATE: Site-ul a redevenit func\u021bional la c\u00e2teva ore dup\u0103 ce problema a devenit public\u0103. <\/p>\n\n\n\n<blockquote class=\"wp-block-quote is-layout-flow wp-block-quote-is-layout-flow\"><p>\u201eInvit\u0103m bucure\u0219tenii s\u0103 contribuie la acest site [n.r. bucurestiumilit.ro]. A\u0219a cum am spus, el are dou\u0103 scopuri, s\u0103 inform\u0103m bucure\u0219tenii asupra realit\u0103\u021bii acestui ora\u0219 \u0219i, doi, chiar s\u0103 rezolv\u0103m aceste probleme c\u00e2nd o s\u0103 ajungem la prim\u0103rie.\u201d<\/p><\/blockquote>\n\n\n\n<p>Asta declara Nicu\u0219or Dan, pe atunci candidat la Prim\u0103ria Bucure\u0219ti, la \u00eenceputul lunii septembrie, c\u00e2nd a lansat site-ul bucurestiumilit.ro. \u00centre timp, Nicu\u0219or Dan a c\u00e2\u0219tigat func\u021bia de primar al Capitalei, iar bucurestiumilit.ro nu mai func\u021bioneaz\u0103.<\/p>\n\n\n\n<p>Bucurestiumilit.ro reprezint\u0103 o platform\u0103 unde bucure\u0219tenii puteau semnala probleme ora\u0219ului direct pe hart\u0103. Ultima oar\u0103 c\u00e2nd a fost func\u021bional, pe site erau \u00eenregistrate peste 26 de mii de solicit\u0103ri.<\/p>\n\n\n\n<figure class=\"wp-block-image size-large is-resized\"><img fetchpriority=\"high\" decoding=\"async\" src=\"data:image\/gif;base64,R0lGODlhAQABAAAAACH5BAEKAAEALAAAAAABAAEAAAICTAEAOw==\" data-src=\"https:\/\/buletin.de\/bucuresti\/wp-content\/uploads\/image-310-900x557.png\" alt=\"\" class=\"wp-image-15636 lazyload\" width=\"900\" height=\"557\" data-sizes=\"auto\" data-srcset=\"https:\/\/buletin.de\/bucuresti\/wp-content\/uploads\/image-310-900x557.png 900w, https:\/\/buletin.de\/bucuresti\/wp-content\/uploads\/image-310-300x186.png 300w, https:\/\/buletin.de\/bucuresti\/wp-content\/uploads\/image-310-768x475.png 768w, https:\/\/buletin.de\/bucuresti\/wp-content\/uploads\/image-310-1060x656.png 1060w, https:\/\/buletin.de\/bucuresti\/wp-content\/uploads\/image-310-550x340.png 550w, https:\/\/buletin.de\/bucuresti\/wp-content\/uploads\/image-310-808x500.png 808w, https:\/\/buletin.de\/bucuresti\/wp-content\/uploads\/image-310-600x371.png 600w, https:\/\/buletin.de\/bucuresti\/wp-content\/uploads\/image-310.png 1324w\" sizes=\"(max-width: 900px) 100vw, 900px\" \/><\/figure>\n\n\n\n<p>De la lansarea site-ului \u0219i p\u00e2n\u0103 la finalul campaniei electorale, pe 26 septembrie, Dan a investit aproximativ 18 mii de lei \u00een reclame pe Facebook despre aceast\u0103 ini\u021biativ\u0103. Partidele PNL, USR \u0219i PLUS au mai contribuit cu \u00eenc\u0103 5 mii de lei.<\/p>\n\n\n\n<figure class=\"wp-block-image size-large is-resized\"><img decoding=\"async\" src=\"data:image\/gif;base64,R0lGODlhAQABAAAAACH5BAEKAAEALAAAAAABAAEAAAICTAEAOw==\" data-src=\"https:\/\/buletin.de\/bucuresti\/wp-content\/uploads\/image-311-900x348.png\" alt=\"\" class=\"wp-image-15637 lazyload\" width=\"900\" height=\"348\" data-sizes=\"auto\" data-srcset=\"https:\/\/buletin.de\/bucuresti\/wp-content\/uploads\/image-311-900x348.png 900w, https:\/\/buletin.de\/bucuresti\/wp-content\/uploads\/image-311-300x116.png 300w, https:\/\/buletin.de\/bucuresti\/wp-content\/uploads\/image-311-768x297.png 768w, https:\/\/buletin.de\/bucuresti\/wp-content\/uploads\/image-311-1536x594.png 1536w, https:\/\/buletin.de\/bucuresti\/wp-content\/uploads\/image-311-1060x410.png 1060w, https:\/\/buletin.de\/bucuresti\/wp-content\/uploads\/image-311-550x213.png 550w, https:\/\/buletin.de\/bucuresti\/wp-content\/uploads\/image-311-1293x500.png 1293w, https:\/\/buletin.de\/bucuresti\/wp-content\/uploads\/image-311-600x232.png 600w, https:\/\/buletin.de\/bucuresti\/wp-content\/uploads\/image-311.png 1593w\" sizes=\"(max-width: 900px) 100vw, 900px\" \/><\/figure>\n\n\n\n<figure class=\"wp-block-image size-large is-resized\"><img decoding=\"async\" src=\"data:image\/gif;base64,R0lGODlhAQABAAAAACH5BAEKAAEALAAAAAABAAEAAAICTAEAOw==\" data-src=\"https:\/\/buletin.de\/bucuresti\/wp-content\/uploads\/image-312-900x470.png\" alt=\"\" class=\"wp-image-15638 lazyload\" width=\"900\" height=\"470\" data-sizes=\"auto\" data-srcset=\"https:\/\/buletin.de\/bucuresti\/wp-content\/uploads\/image-312-900x470.png 900w, https:\/\/buletin.de\/bucuresti\/wp-content\/uploads\/image-312-300x157.png 300w, https:\/\/buletin.de\/bucuresti\/wp-content\/uploads\/image-312-768x401.png 768w, https:\/\/buletin.de\/bucuresti\/wp-content\/uploads\/image-312-1060x553.png 1060w, https:\/\/buletin.de\/bucuresti\/wp-content\/uploads\/image-312-550x287.png 550w, https:\/\/buletin.de\/bucuresti\/wp-content\/uploads\/image-312-958x500.png 958w, https:\/\/buletin.de\/bucuresti\/wp-content\/uploads\/image-312-600x313.png 600w, https:\/\/buletin.de\/bucuresti\/wp-content\/uploads\/image-312.png 1496w\" sizes=\"(max-width: 900px) 100vw, 900px\" \/><figcaption>Surs\u0103: Biblioteca de reclame Facebook<\/figcaption><\/figure>\n\n\n\n<p>Aceste reclame ar putea fi decontate de Autoritatea Electoral\u0103 Permanent\u0103, dac\u0103 au fost declarate de mandatarul financiar \u00een cel mult trei zile lucr\u0103toare de la data angaj\u0103rii cheltuielii.<\/p>\n\n\n\n<p>Nicu\u0219or Dan nu a r\u0103spuns apelului nostru \u0219i nici la mesajele de pe Whatsapp. C\u00e2nd vom avea un punct de vedere de la el, vom actualiza acest articol.<\/p>\n\n\n\n<p><\/p>\n\n\n\n<p><em>*Toate sumele prezentate \u00een acest articol sunt aproximative deoarece Facebook ofer\u0103 informa\u021bii doar despre suma total\u0103&nbsp;<strong>estimat\u0103&nbsp;<\/strong>cheltuit\u0103 cu o reclam\u0103 \u00een perioada de rulare a acesteia (exemplu: \u00eentre 1 K RON \u2013 1,5 K RON), f\u0103r\u0103 a men\u021biona exact valoarea lor. Prin urmare, sumele de mai sus reprezint\u0103 valoarea maxim\u0103 care ar fi putut fi pl\u0103tit\u0103 pentru reclame.<\/em><\/p>\n","protected":false},"excerpt":{"rendered":"<p>UPDATE: Site-ul a redevenit func\u021bional la c\u00e2teva ore dup\u0103 ce problema a devenit public\u0103. \u201eInvit\u0103m bucure\u0219tenii s\u0103 contribuie la acest site [n.r. bucurestiumilit.ro]. A\u0219a cum am spus, el are dou\u0103 scopuri, s\u0103 inform\u0103m bucure\u0219tenii asupra realit\u0103\u021bii acestui ora\u0219 \u0219i, doi, chiar s\u0103 rezolv\u0103m aceste probleme c\u00e2nd o s\u0103 ajungem la prim\u0103rie.\u201d Asta declara Nicu\u0219or Dan, [&hellip;]<\/p>\n","protected":false},"author":6,"featured_media":15640,"comment_status":"closed","ping_status":"open","sticky":false,"template":"","format":"standard","meta":{"_acf_changed":false,"inline_featured_image":false,"ngg_post_thumbnail":0,"footnotes":""},"categories":[1,24,62],"tags":[1895,223],"ppma_author":[22588],"class_list":["post-15634","post","type-post","status-publish","format-standard","has-post-thumbnail","hentry","category-diverse","category-primarie","category-stiri","tag-bucurestiumilit","tag-nicusor-dan"],"acf":[],"yoast_head":"<!-- This site is optimized with the Yoast SEO Premium plugin v25.3 (Yoast SEO v27.4) - https:\/\/yoast.com\/product\/yoast-seo-premium-wordpress\/ -->\n<title>Bucurestiumilit.ro, nefunc\u021bional, dup\u0103 ce Nicu\u0219or Dan l-a promovat cu peste 18 mii de lei pe Facebook \u00een campania electoral\u0103 - Buletin de Bucure\u0219ti<\/title>\n<meta name=\"robots\" content=\"index, follow, max-snippet:-1, max-image-preview:large, max-video-preview:-1\" \/>\n<link rel=\"canonical\" href=\"https:\/\/buletin.de\/bucuresti\/bucurestiumilit-ro-nefunctional-dupa-ce-nicusor-dan-l-a-promovat-cu-peste-18-mii-de-lei-pe-facebook-in-campania-electorala\/\" \/>\n<meta property=\"og:locale\" content=\"en_GB\" \/>\n<meta property=\"og:type\" content=\"article\" \/>\n<meta property=\"og:title\" content=\"Bucurestiumilit.ro, nefunc\u021bional, dup\u0103 ce Nicu\u0219or Dan l-a promovat cu peste 18 mii de lei pe Facebook \u00een campania electoral\u0103\" \/>\n<meta property=\"og:description\" content=\"UPDATE: Site-ul a redevenit func\u021bional la c\u00e2teva ore dup\u0103 ce problema a devenit public\u0103. \u201eInvit\u0103m bucure\u0219tenii s\u0103 contribuie la acest site [n.r. bucurestiumilit.ro]. A\u0219a cum am spus, el are dou\u0103 scopuri, s\u0103 inform\u0103m bucure\u0219tenii asupra realit\u0103\u021bii acestui ora\u0219 \u0219i, doi, chiar s\u0103 rezolv\u0103m aceste probleme c\u00e2nd o s\u0103 ajungem la prim\u0103rie.\u201d Asta declara Nicu\u0219or Dan, [&hellip;]\" \/>\n<meta property=\"og:url\" content=\"https:\/\/buletin.de\/bucuresti\/bucurestiumilit-ro-nefunctional-dupa-ce-nicusor-dan-l-a-promovat-cu-peste-18-mii-de-lei-pe-facebook-in-campania-electorala\/\" \/>\n<meta property=\"og:site_name\" content=\"Buletin de Bucure\u0219ti\" \/>\n<meta property=\"article:publisher\" content=\"https:\/\/www.facebook.com\/buletin.de.buc\" \/>\n<meta property=\"article:published_time\" content=\"2020-11-23T17:33:28+00:00\" \/>\n<meta property=\"article:modified_time\" content=\"2020-11-23T19:57:39+00:00\" \/>\n<meta property=\"og:image\" content=\"https:\/\/buletin.de\/bucuresti\/wp-content\/uploads\/Untitled-design-3.png\" \/>\n\t<meta property=\"og:image:width\" content=\"1920\" \/>\n\t<meta property=\"og:image:height\" content=\"1080\" \/>\n\t<meta property=\"og:image:type\" content=\"image\/png\" \/>\n<meta name=\"author\" content=\"Bianca Albu\" \/>\n<meta name=\"twitter:card\" content=\"summary_large_image\" \/>\n<meta name=\"twitter:label1\" content=\"Written by\" \/>\n\t<meta name=\"twitter:data1\" content=\"Bianca Albu\" \/>\n\t<meta name=\"twitter:label2\" content=\"Estimated reading time\" \/>\n\t<meta name=\"twitter:data2\" content=\"2 minutes\" \/>\n<script type=\"application\/ld+json\" class=\"yoast-schema-graph\">{\"@context\":\"https:\\\/\\\/schema.org\",\"@graph\":[{\"@type\":\"Article\",\"@id\":\"https:\\\/\\\/buletin.de\\\/bucuresti\\\/bucurestiumilit-ro-nefunctional-dupa-ce-nicusor-dan-l-a-promovat-cu-peste-18-mii-de-lei-pe-facebook-in-campania-electorala\\\/#article\",\"isPartOf\":{\"@id\":\"https:\\\/\\\/buletin.de\\\/bucuresti\\\/bucurestiumilit-ro-nefunctional-dupa-ce-nicusor-dan-l-a-promovat-cu-peste-18-mii-de-lei-pe-facebook-in-campania-electorala\\\/\"},\"author\":{\"name\":\"Bianca Albu\",\"@id\":\"https:\\\/\\\/buletin.de\\\/bucuresti\\\/#\\\/schema\\\/person\\\/295dc2228d2dc79294d636619468dc7f\"},\"headline\":\"Bucurestiumilit.ro, nefunc\u021bional, dup\u0103 ce Nicu\u0219or Dan l-a promovat cu peste 18 mii de lei pe Facebook \u00een campania electoral\u0103\",\"datePublished\":\"2020-11-23T17:33:28+00:00\",\"dateModified\":\"2020-11-23T19:57:39+00:00\",\"mainEntityOfPage\":{\"@id\":\"https:\\\/\\\/buletin.de\\\/bucuresti\\\/bucurestiumilit-ro-nefunctional-dupa-ce-nicusor-dan-l-a-promovat-cu-peste-18-mii-de-lei-pe-facebook-in-campania-electorala\\\/\"},\"wordCount\":333,\"publisher\":{\"@id\":\"https:\\\/\\\/buletin.de\\\/bucuresti\\\/#organization\"},\"image\":{\"@id\":\"https:\\\/\\\/buletin.de\\\/bucuresti\\\/bucurestiumilit-ro-nefunctional-dupa-ce-nicusor-dan-l-a-promovat-cu-peste-18-mii-de-lei-pe-facebook-in-campania-electorala\\\/#primaryimage\"},\"thumbnailUrl\":\"https:\\\/\\\/buletin.de\\\/bucuresti\\\/wp-content\\\/uploads\\\/Untitled-design-3.png\",\"keywords\":[\"bucurestiumilit\",\"nicusor dan\"],\"articleSection\":[\"Diverse\",\"Prim\u0103rie\",\"\u0218tiri\"],\"inLanguage\":\"en-GB\",\"copyrightYear\":\"2020\",\"copyrightHolder\":{\"@id\":\"https:\\\/\\\/buletin.de\\\/bucuresti\\\/#organization\"}},{\"@type\":\"WebPage\",\"@id\":\"https:\\\/\\\/buletin.de\\\/bucuresti\\\/bucurestiumilit-ro-nefunctional-dupa-ce-nicusor-dan-l-a-promovat-cu-peste-18-mii-de-lei-pe-facebook-in-campania-electorala\\\/\",\"url\":\"https:\\\/\\\/buletin.de\\\/bucuresti\\\/bucurestiumilit-ro-nefunctional-dupa-ce-nicusor-dan-l-a-promovat-cu-peste-18-mii-de-lei-pe-facebook-in-campania-electorala\\\/\",\"name\":\"Bucurestiumilit.ro, nefunc\u021bional, dup\u0103 ce Nicu\u0219or Dan l-a promovat cu peste 18 mii de lei pe Facebook \u00een campania electoral\u0103 - Buletin de Bucure\u0219ti\",\"isPartOf\":{\"@id\":\"https:\\\/\\\/buletin.de\\\/bucuresti\\\/#website\"},\"primaryImageOfPage\":{\"@id\":\"https:\\\/\\\/buletin.de\\\/bucuresti\\\/bucurestiumilit-ro-nefunctional-dupa-ce-nicusor-dan-l-a-promovat-cu-peste-18-mii-de-lei-pe-facebook-in-campania-electorala\\\/#primaryimage\"},\"image\":{\"@id\":\"https:\\\/\\\/buletin.de\\\/bucuresti\\\/bucurestiumilit-ro-nefunctional-dupa-ce-nicusor-dan-l-a-promovat-cu-peste-18-mii-de-lei-pe-facebook-in-campania-electorala\\\/#primaryimage\"},\"thumbnailUrl\":\"https:\\\/\\\/buletin.de\\\/bucuresti\\\/wp-content\\\/uploads\\\/Untitled-design-3.png\",\"datePublished\":\"2020-11-23T17:33:28+00:00\",\"dateModified\":\"2020-11-23T19:57:39+00:00\",\"breadcrumb\":{\"@id\":\"https:\\\/\\\/buletin.de\\\/bucuresti\\\/bucurestiumilit-ro-nefunctional-dupa-ce-nicusor-dan-l-a-promovat-cu-peste-18-mii-de-lei-pe-facebook-in-campania-electorala\\\/#breadcrumb\"},\"inLanguage\":\"en-GB\",\"potentialAction\":[{\"@type\":\"ReadAction\",\"target\":[\"https:\\\/\\\/buletin.de\\\/bucuresti\\\/bucurestiumilit-ro-nefunctional-dupa-ce-nicusor-dan-l-a-promovat-cu-peste-18-mii-de-lei-pe-facebook-in-campania-electorala\\\/\"]}]},{\"@type\":\"ImageObject\",\"inLanguage\":\"en-GB\",\"@id\":\"https:\\\/\\\/buletin.de\\\/bucuresti\\\/bucurestiumilit-ro-nefunctional-dupa-ce-nicusor-dan-l-a-promovat-cu-peste-18-mii-de-lei-pe-facebook-in-campania-electorala\\\/#primaryimage\",\"url\":\"https:\\\/\\\/buletin.de\\\/bucuresti\\\/wp-content\\\/uploads\\\/Untitled-design-3.png\",\"contentUrl\":\"https:\\\/\\\/buletin.de\\\/bucuresti\\\/wp-content\\\/uploads\\\/Untitled-design-3.png\",\"width\":1920,\"height\":1080},{\"@type\":\"BreadcrumbList\",\"@id\":\"https:\\\/\\\/buletin.de\\\/bucuresti\\\/bucurestiumilit-ro-nefunctional-dupa-ce-nicusor-dan-l-a-promovat-cu-peste-18-mii-de-lei-pe-facebook-in-campania-electorala\\\/#breadcrumb\",\"itemListElement\":[{\"@type\":\"ListItem\",\"position\":1,\"name\":\"Acas\u0103\",\"item\":\"https:\\\/\\\/buletin.de\\\/bucuresti\\\/\"},{\"@type\":\"ListItem\",\"position\":2,\"name\":\"Bucurestiumilit.ro, nefunc\u021bional, dup\u0103 ce Nicu\u0219or Dan l-a promovat cu peste 18 mii de lei pe Facebook \u00een campania electoral\u0103\"}]},{\"@type\":\"WebSite\",\"@id\":\"https:\\\/\\\/buletin.de\\\/bucuresti\\\/#website\",\"url\":\"https:\\\/\\\/buletin.de\\\/bucuresti\\\/\",\"name\":\"Buletin de Bucure\u0219ti\",\"description\":\"\u0218tiri \u0219i investiga\u021bii esen\u021biale din capital\u0103\",\"publisher\":{\"@id\":\"https:\\\/\\\/buletin.de\\\/bucuresti\\\/#organization\"},\"potentialAction\":[{\"@type\":\"SearchAction\",\"target\":{\"@type\":\"EntryPoint\",\"urlTemplate\":\"https:\\\/\\\/buletin.de\\\/bucuresti\\\/?s={search_term_string}\"},\"query-input\":{\"@type\":\"PropertyValueSpecification\",\"valueRequired\":true,\"valueName\":\"search_term_string\"}}],\"inLanguage\":\"en-GB\"},{\"@type\":\"Organization\",\"@id\":\"https:\\\/\\\/buletin.de\\\/bucuresti\\\/#organization\",\"name\":\"Buletin de Bucure\u0219ti\",\"url\":\"https:\\\/\\\/buletin.de\\\/bucuresti\\\/\",\"logo\":{\"@type\":\"ImageObject\",\"inLanguage\":\"en-GB\",\"@id\":\"https:\\\/\\\/buletin.de\\\/bucuresti\\\/#\\\/schema\\\/logo\\\/image\\\/\",\"url\":\"https:\\\/\\\/buletin.de\\\/bucuresti\\\/wp-content\\\/uploads\\\/logo-bdb-full-wide-vernil-transparent.png\",\"contentUrl\":\"https:\\\/\\\/buletin.de\\\/bucuresti\\\/wp-content\\\/uploads\\\/logo-bdb-full-wide-vernil-transparent.png\",\"width\":1782,\"height\":626,\"caption\":\"Buletin de Bucure\u0219ti\"},\"image\":{\"@id\":\"https:\\\/\\\/buletin.de\\\/bucuresti\\\/#\\\/schema\\\/logo\\\/image\\\/\"},\"sameAs\":[\"https:\\\/\\\/www.facebook.com\\\/buletin.de.buc\",\"https:\\\/\\\/www.instagram.com\\\/buletinde.bucuresti\\\/\"]},{\"@type\":\"Person\",\"@id\":\"https:\\\/\\\/buletin.de\\\/bucuresti\\\/#\\\/schema\\\/person\\\/295dc2228d2dc79294d636619468dc7f\",\"name\":\"Bianca Albu\",\"image\":{\"@type\":\"ImageObject\",\"inLanguage\":\"en-GB\",\"@id\":\"https:\\\/\\\/secure.gravatar.com\\\/avatar\\\/3df2e34e20f529e6fd7be4311ee1f7c4ec4aa886971590baf6fa214b15743516?s=96&d=monsterid&r=gf541c715eeec409ce8101252a3c0d8a7\",\"url\":\"https:\\\/\\\/secure.gravatar.com\\\/avatar\\\/3df2e34e20f529e6fd7be4311ee1f7c4ec4aa886971590baf6fa214b15743516?s=96&d=monsterid&r=g\",\"contentUrl\":\"https:\\\/\\\/secure.gravatar.com\\\/avatar\\\/3df2e34e20f529e6fd7be4311ee1f7c4ec4aa886971590baf6fa214b15743516?s=96&d=monsterid&r=g\",\"caption\":\"Bianca Albu\"},\"description\":\"Reporter\",\"url\":\"https:\\\/\\\/buletin.de\\\/bucuresti\\\/author\\\/biancaalbu\\\/\"}]}<\/script>\n<!-- \/ Yoast SEO Premium plugin. -->","yoast_head_json":{"title":"Bucurestiumilit.ro, nefunc\u021bional, dup\u0103 ce Nicu\u0219or Dan l-a promovat cu peste 18 mii de lei pe Facebook \u00een campania electoral\u0103 - Buletin de Bucure\u0219ti","robots":{"index":"index","follow":"follow","max-snippet":"max-snippet:-1","max-image-preview":"max-image-preview:large","max-video-preview":"max-video-preview:-1"},"canonical":"https:\/\/buletin.de\/bucuresti\/bucurestiumilit-ro-nefunctional-dupa-ce-nicusor-dan-l-a-promovat-cu-peste-18-mii-de-lei-pe-facebook-in-campania-electorala\/","og_locale":"en_GB","og_type":"article","og_title":"Bucurestiumilit.ro, nefunc\u021bional, dup\u0103 ce Nicu\u0219or Dan l-a promovat cu peste 18 mii de lei pe Facebook \u00een campania electoral\u0103","og_description":"UPDATE: Site-ul a redevenit func\u021bional la c\u00e2teva ore dup\u0103 ce problema a devenit public\u0103. \u201eInvit\u0103m bucure\u0219tenii s\u0103 contribuie la acest site [n.r. bucurestiumilit.ro]. A\u0219a cum am spus, el are dou\u0103 scopuri, s\u0103 inform\u0103m bucure\u0219tenii asupra realit\u0103\u021bii acestui ora\u0219 \u0219i, doi, chiar s\u0103 rezolv\u0103m aceste probleme c\u00e2nd o s\u0103 ajungem la prim\u0103rie.\u201d Asta declara Nicu\u0219or Dan, [&hellip;]","og_url":"https:\/\/buletin.de\/bucuresti\/bucurestiumilit-ro-nefunctional-dupa-ce-nicusor-dan-l-a-promovat-cu-peste-18-mii-de-lei-pe-facebook-in-campania-electorala\/","og_site_name":"Buletin de Bucure\u0219ti","article_publisher":"https:\/\/www.facebook.com\/buletin.de.buc","article_published_time":"2020-11-23T17:33:28+00:00","article_modified_time":"2020-11-23T19:57:39+00:00","og_image":[{"width":1920,"height":1080,"url":"https:\/\/buletin.de\/bucuresti\/wp-content\/uploads\/Untitled-design-3.png","type":"image\/png"}],"author":"Bianca Albu","twitter_card":"summary_large_image","twitter_misc":{"Written by":"Bianca Albu","Estimated reading time":"2 minutes"},"schema":{"@context":"https:\/\/schema.org","@graph":[{"@type":"Article","@id":"https:\/\/buletin.de\/bucuresti\/bucurestiumilit-ro-nefunctional-dupa-ce-nicusor-dan-l-a-promovat-cu-peste-18-mii-de-lei-pe-facebook-in-campania-electorala\/#article","isPartOf":{"@id":"https:\/\/buletin.de\/bucuresti\/bucurestiumilit-ro-nefunctional-dupa-ce-nicusor-dan-l-a-promovat-cu-peste-18-mii-de-lei-pe-facebook-in-campania-electorala\/"},"author":{"name":"Bianca Albu","@id":"https:\/\/buletin.de\/bucuresti\/#\/schema\/person\/295dc2228d2dc79294d636619468dc7f"},"headline":"Bucurestiumilit.ro, nefunc\u021bional, dup\u0103 ce Nicu\u0219or Dan l-a promovat cu peste 18 mii de lei pe Facebook \u00een campania electoral\u0103","datePublished":"2020-11-23T17:33:28+00:00","dateModified":"2020-11-23T19:57:39+00:00","mainEntityOfPage":{"@id":"https:\/\/buletin.de\/bucuresti\/bucurestiumilit-ro-nefunctional-dupa-ce-nicusor-dan-l-a-promovat-cu-peste-18-mii-de-lei-pe-facebook-in-campania-electorala\/"},"wordCount":333,"publisher":{"@id":"https:\/\/buletin.de\/bucuresti\/#organization"},"image":{"@id":"https:\/\/buletin.de\/bucuresti\/bucurestiumilit-ro-nefunctional-dupa-ce-nicusor-dan-l-a-promovat-cu-peste-18-mii-de-lei-pe-facebook-in-campania-electorala\/#primaryimage"},"thumbnailUrl":"https:\/\/buletin.de\/bucuresti\/wp-content\/uploads\/Untitled-design-3.png","keywords":["bucurestiumilit","nicusor dan"],"articleSection":["Diverse","Prim\u0103rie","\u0218tiri"],"inLanguage":"en-GB","copyrightYear":"2020","copyrightHolder":{"@id":"https:\/\/buletin.de\/bucuresti\/#organization"}},{"@type":"WebPage","@id":"https:\/\/buletin.de\/bucuresti\/bucurestiumilit-ro-nefunctional-dupa-ce-nicusor-dan-l-a-promovat-cu-peste-18-mii-de-lei-pe-facebook-in-campania-electorala\/","url":"https:\/\/buletin.de\/bucuresti\/bucurestiumilit-ro-nefunctional-dupa-ce-nicusor-dan-l-a-promovat-cu-peste-18-mii-de-lei-pe-facebook-in-campania-electorala\/","name":"Bucurestiumilit.ro, nefunc\u021bional, dup\u0103 ce Nicu\u0219or Dan l-a promovat cu peste 18 mii de lei pe Facebook \u00een campania electoral\u0103 - Buletin de Bucure\u0219ti","isPartOf":{"@id":"https:\/\/buletin.de\/bucuresti\/#website"},"primaryImageOfPage":{"@id":"https:\/\/buletin.de\/bucuresti\/bucurestiumilit-ro-nefunctional-dupa-ce-nicusor-dan-l-a-promovat-cu-peste-18-mii-de-lei-pe-facebook-in-campania-electorala\/#primaryimage"},"image":{"@id":"https:\/\/buletin.de\/bucuresti\/bucurestiumilit-ro-nefunctional-dupa-ce-nicusor-dan-l-a-promovat-cu-peste-18-mii-de-lei-pe-facebook-in-campania-electorala\/#primaryimage"},"thumbnailUrl":"https:\/\/buletin.de\/bucuresti\/wp-content\/uploads\/Untitled-design-3.png","datePublished":"2020-11-23T17:33:28+00:00","dateModified":"2020-11-23T19:57:39+00:00","breadcrumb":{"@id":"https:\/\/buletin.de\/bucuresti\/bucurestiumilit-ro-nefunctional-dupa-ce-nicusor-dan-l-a-promovat-cu-peste-18-mii-de-lei-pe-facebook-in-campania-electorala\/#breadcrumb"},"inLanguage":"en-GB","potentialAction":[{"@type":"ReadAction","target":["https:\/\/buletin.de\/bucuresti\/bucurestiumilit-ro-nefunctional-dupa-ce-nicusor-dan-l-a-promovat-cu-peste-18-mii-de-lei-pe-facebook-in-campania-electorala\/"]}]},{"@type":"ImageObject","inLanguage":"en-GB","@id":"https:\/\/buletin.de\/bucuresti\/bucurestiumilit-ro-nefunctional-dupa-ce-nicusor-dan-l-a-promovat-cu-peste-18-mii-de-lei-pe-facebook-in-campania-electorala\/#primaryimage","url":"https:\/\/buletin.de\/bucuresti\/wp-content\/uploads\/Untitled-design-3.png","contentUrl":"https:\/\/buletin.de\/bucuresti\/wp-content\/uploads\/Untitled-design-3.png","width":1920,"height":1080},{"@type":"BreadcrumbList","@id":"https:\/\/buletin.de\/bucuresti\/bucurestiumilit-ro-nefunctional-dupa-ce-nicusor-dan-l-a-promovat-cu-peste-18-mii-de-lei-pe-facebook-in-campania-electorala\/#breadcrumb","itemListElement":[{"@type":"ListItem","position":1,"name":"Acas\u0103","item":"https:\/\/buletin.de\/bucuresti\/"},{"@type":"ListItem","position":2,"name":"Bucurestiumilit.ro, nefunc\u021bional, dup\u0103 ce Nicu\u0219or Dan l-a promovat cu peste 18 mii de lei pe Facebook \u00een campania electoral\u0103"}]},{"@type":"WebSite","@id":"https:\/\/buletin.de\/bucuresti\/#website","url":"https:\/\/buletin.de\/bucuresti\/","name":"Buletin de Bucure\u0219ti","description":"\u0218tiri \u0219i investiga\u021bii esen\u021biale din capital\u0103","publisher":{"@id":"https:\/\/buletin.de\/bucuresti\/#organization"},"potentialAction":[{"@type":"SearchAction","target":{"@type":"EntryPoint","urlTemplate":"https:\/\/buletin.de\/bucuresti\/?s={search_term_string}"},"query-input":{"@type":"PropertyValueSpecification","valueRequired":true,"valueName":"search_term_string"}}],"inLanguage":"en-GB"},{"@type":"Organization","@id":"https:\/\/buletin.de\/bucuresti\/#organization","name":"Buletin de Bucure\u0219ti","url":"https:\/\/buletin.de\/bucuresti\/","logo":{"@type":"ImageObject","inLanguage":"en-GB","@id":"https:\/\/buletin.de\/bucuresti\/#\/schema\/logo\/image\/","url":"https:\/\/buletin.de\/bucuresti\/wp-content\/uploads\/logo-bdb-full-wide-vernil-transparent.png","contentUrl":"https:\/\/buletin.de\/bucuresti\/wp-content\/uploads\/logo-bdb-full-wide-vernil-transparent.png","width":1782,"height":626,"caption":"Buletin de Bucure\u0219ti"},"image":{"@id":"https:\/\/buletin.de\/bucuresti\/#\/schema\/logo\/image\/"},"sameAs":["https:\/\/www.facebook.com\/buletin.de.buc","https:\/\/www.instagram.com\/buletinde.bucuresti\/"]},{"@type":"Person","@id":"https:\/\/buletin.de\/bucuresti\/#\/schema\/person\/295dc2228d2dc79294d636619468dc7f","name":"Bianca Albu","image":{"@type":"ImageObject","inLanguage":"en-GB","@id":"https:\/\/secure.gravatar.com\/avatar\/3df2e34e20f529e6fd7be4311ee1f7c4ec4aa886971590baf6fa214b15743516?s=96&d=monsterid&r=gf541c715eeec409ce8101252a3c0d8a7","url":"https:\/\/secure.gravatar.com\/avatar\/3df2e34e20f529e6fd7be4311ee1f7c4ec4aa886971590baf6fa214b15743516?s=96&d=monsterid&r=g","contentUrl":"https:\/\/secure.gravatar.com\/avatar\/3df2e34e20f529e6fd7be4311ee1f7c4ec4aa886971590baf6fa214b15743516?s=96&d=monsterid&r=g","caption":"Bianca Albu"},"description":"Reporter","url":"https:\/\/buletin.de\/bucuresti\/author\/biancaalbu\/"}]}},"authors":[{"term_id":22588,"user_id":6,"is_guest":0,"slug":"biancaalbu","display_name":"Bianca Albu","avatar_url":"https:\/\/secure.gravatar.com\/avatar\/3df2e34e20f529e6fd7be4311ee1f7c4ec4aa886971590baf6fa214b15743516?s=96&d=monsterid&r=g","0":null,"1":"","2":"","3":"","4":"","5":"","6":"","7":"","8":""}],"_links":{"self":[{"href":"https:\/\/buletin.de\/bucuresti\/wp-json\/wp\/v2\/posts\/15634","targetHints":{"allow":["GET"]}}],"collection":[{"href":"https:\/\/buletin.de\/bucuresti\/wp-json\/wp\/v2\/posts"}],"about":[{"href":"https:\/\/buletin.de\/bucuresti\/wp-json\/wp\/v2\/types\/post"}],"author":[{"embeddable":true,"href":"https:\/\/buletin.de\/bucuresti\/wp-json\/wp\/v2\/users\/6"}],"replies":[{"embeddable":true,"href":"https:\/\/buletin.de\/bucuresti\/wp-json\/wp\/v2\/comments?post=15634"}],"version-history":[{"count":4,"href":"https:\/\/buletin.de\/bucuresti\/wp-json\/wp\/v2\/posts\/15634\/revisions"}],"predecessor-version":[{"id":15644,"href":"https:\/\/buletin.de\/bucuresti\/wp-json\/wp\/v2\/posts\/15634\/revisions\/15644"}],"wp:featuredmedia":[{"embeddable":true,"href":"https:\/\/buletin.de\/bucuresti\/wp-json\/wp\/v2\/media\/15640"}],"wp:attachment":[{"href":"https:\/\/buletin.de\/bucuresti\/wp-json\/wp\/v2\/media?parent=15634"}],"wp:term":[{"taxonomy":"category","embeddable":true,"href":"https:\/\/buletin.de\/bucuresti\/wp-json\/wp\/v2\/categories?post=15634"},{"taxonomy":"post_tag","embeddable":true,"href":"https:\/\/buletin.de\/bucuresti\/wp-json\/wp\/v2\/tags?post=15634"},{"taxonomy":"author","embeddable":true,"href":"https:\/\/buletin.de\/bucuresti\/wp-json\/wp\/v2\/ppma_author?post=15634"}],"curies":[{"name":"wp","href":"https:\/\/api.w.org\/{rel}","templated":true}]}}