{"id":15627,"date":"2020-11-23T20:04:54","date_gmt":"2020-11-23T17:04:54","guid":{"rendered":"https:\/\/buletin.de\/bucuresti\/?p=15627"},"modified":"2020-11-23T20:22:45","modified_gmt":"2020-11-23T17:22:45","slug":"10-spitale-din-bucuresti-vor-primi-aparatura-necesara","status":"publish","type":"post","link":"https:\/\/buletin.de\/bucuresti\/10-spitale-din-bucuresti-vor-primi-aparatura-necesara\/","title":{"rendered":"10 spitale din Bucure\u0219ti vor primi aparatura necesar\u0103"},"content":{"rendered":"\n<p>\u00cen cadrul conferin\u021bei de pres\u0103 de ast\u0103zi, primarul general al Municipiului Bucure\u0219ti \u00eempreun\u0103 cu premierul Rom\u00e2niei au anun\u021bat semnarea contractelor de finan\u021bare pentru 10 spitale bucure\u0219tene, urm\u00e2nd c\u0103 un total de 22 de institu\u021bii sanitare s\u0103 primeasc\u0103 finan\u021bare \u00een valoare de 100 de milioane de euro.<\/p>\n\n\n\n<p>\u201ePentru Bucure\u015fti, ast\u0103zi, se semneaz\u0103 contractele de finan\u0163are pentru 10 spitale. \u00cen total contractele de finan\u0163are pentru Bucure\u015fti vor fi destinate c\u0103tre 22 de spitale, iar suma alocat\u0103 pentru dotarea spitalelor cu aparatur\u0103, echipamente \u015fi alte investi\u0163ii necesare va fi de peste 100 milioane euro\u201d a declarat Ludovic Orban.<\/p>\n\n\n\n<p><strong>Conform site-ului Prim\u0103riei Municipiului Bucure\u0219ti, fondurile vor fi alocate dup\u0103 cum urmeaz\u0103: <\/strong><\/p>\n\n\n\n<p>Spitalul Colentina &#8211; 27 de milioane de lei <\/p>\n\n\n\n<p>Spitalul Universitar Militar Carol Davila &#8211; 41,4 milioane de lei <\/p>\n\n\n\n<p>Institutul Marius Nasta &#8211; 22,4 milioane lei <\/p>\n\n\n\n<p>Institutul de gerontologie Ana Aslan &#8211; 44,2 milioane lei <\/p>\n\n\n\n<p>Spitalul Clinic de urgen\u0163\u0103 Bucure\u015fti &#8211; 42,6 milioane lei <\/p>\n\n\n\n<p>Institutul de endocrinologie C.I. Parhon &#8211; 11,4 milioane lei <\/p>\n\n\n\n<p>Spitalul dr. Th. Burghele &#8211; 12,8 milioane lei <\/p>\n\n\n\n<p>Spitalul Universitar &#8211; 48,3 milioane lei <\/p>\n\n\n\n<p>Institutul de boli cardiovasculare CC Iliescu &#8211; 48,3 milioane lei<\/p>\n\n\n\n<p>Spitalul de boli infec\u0163ioase Victor Babe\u015f &#8211; 34,7 milioane lei <\/p>\n\n\n\n<p>Cu aceste fonduri se vor achita echipamente destinate sec\u0163iilor de terapie intensiv\u0103 \u015fi activit\u0103\u0163ilor de imagistic\u0103: este vorba despre 126 de aparate de ventila\u0163ie, 342 de sta\u0163ii de monitorizare, 101 aparate pentru investigare respiratorie \u015fi digestiv\u0103, 99 de ecografe \u015fi 205 electrocardiografe \u015fi defibrilatoare.<\/p>\n\n\n\n<p>Mai mult, prim-ministrul sus\u021bine c\u0103 guvernul sau a \u00eentreprins ac\u021biuni de negociere cu Comisia European\u0103 \u00een vederea atragerii a aproape 7.5 miliarde de euro \u00een urm\u0103torii 7 ani, pentru sistemul de s\u0103n\u0103tate din Rom\u00e2nia.<\/p>\n\n\n\n<p>\u201eAm reu\u015fit s\u0103 ob\u0163inem o finan\u0163are de 1,27 miliarde, bani destina\u0163i \u00eenzestr\u0103rii spitalelor cu aparate, echipamente \u015fi orice alte investi\u0163ii necesare. Aceast\u0103 alocare de 1,27 miliarde este urmat\u0103 de alocarea unei sume f\u0103r\u0103 precedent pentru modernizarea sistemului de s\u0103n\u0103tate. Este vorba de 6,1 miliarde euro care vor fi aloca\u0163i sistemului de s\u0103n\u0103tate \u00een urm\u0103torii 7 ani. 1,9 miliarde euro prin Programul Na\u0163ional de Recuperare \u015fi Rezilien\u0163\u0103 \u015fi 4,9 miliarde euro urmeaz\u0103 s\u0103 fie aloca\u0163i \u00een cadrul bugetului UE 2021-2027 din fondurile de coeziune. E vorba \u00een total de o investi\u0163ie de aproape 7,5 miliarde euro, investi\u0163ie care vine s\u0103 suplineasc\u0103 absen\u0163a unor finan\u0163\u0103ri serioase pentru modernizarea sistemului de s\u0103n\u0103tate, pentru cre\u015fterea calit\u0103\u0163ii serviciilor medicale \u00een s\u0103n\u0103tate\u201d<\/p>\n\n\n\n<figure class=\"wp-block-image size-large\"><img fetchpriority=\"high\" decoding=\"async\" width=\"900\" height=\"600\" src=\"data:image\/gif;base64,R0lGODlhAQABAAAAACH5BAEKAAEALAAAAAABAAEAAAICTAEAOw==\" data-src=\"https:\/\/buletin.de\/bucuresti\/wp-content\/uploads\/127150337_3506057229471865_3804782098705945256_o-900x600.jpg\" alt=\"\" class=\"wp-image-15630 lazyload\" data-sizes=\"auto\" data-srcset=\"https:\/\/buletin.de\/bucuresti\/wp-content\/uploads\/127150337_3506057229471865_3804782098705945256_o-900x600.jpg 900w, https:\/\/buletin.de\/bucuresti\/wp-content\/uploads\/127150337_3506057229471865_3804782098705945256_o-300x200.jpg 300w, https:\/\/buletin.de\/bucuresti\/wp-content\/uploads\/127150337_3506057229471865_3804782098705945256_o-768x512.jpg 768w, https:\/\/buletin.de\/bucuresti\/wp-content\/uploads\/127150337_3506057229471865_3804782098705945256_o-1060x707.jpg 1060w, https:\/\/buletin.de\/bucuresti\/wp-content\/uploads\/127150337_3506057229471865_3804782098705945256_o-550x367.jpg 550w, https:\/\/buletin.de\/bucuresti\/wp-content\/uploads\/127150337_3506057229471865_3804782098705945256_o-750x500.jpg 750w, https:\/\/buletin.de\/bucuresti\/wp-content\/uploads\/127150337_3506057229471865_3804782098705945256_o-600x400.jpg 600w, https:\/\/buletin.de\/bucuresti\/wp-content\/uploads\/127150337_3506057229471865_3804782098705945256_o.jpg 1200w\" sizes=\"(max-width: 900px) 100vw, 900px\" \/><\/figure>\n\n\n\n<p>Primarul general Nicu\u0219or Dan a salutat aceast\u0103 colaborare \u0219i asigura bucure\u0219tenii de colaborarea dintre prim\u0103rie \u0219i Guvern pe probleme de s\u0103n\u0103tate public\u0103.<\/p>\n\n\n\n<p>\u201cTr\u0103im o criz\u0103 sanitar\u0103 f\u0103r\u0103 precedent \u015fi e nevoie de un r\u0103spuns rapid. Sunt fericit c\u0103 Guvernul \u015fi Ministerul Fondurilor au reu\u015fit s\u0103 aib\u0103 acest r\u0103spuns rapid. E vorba de 10 spitale, care \u0163in \u015fi de re\u0163eaua Administra\u0163iei Spitalelor &#8211; care \u0163ine de Prim\u0103ria Municipiului Bucure\u015fti &#8211; \u015fi de Ministerul S\u0103n\u0103t\u0103\u0163ii, care primesc azi o finan\u0163are pentru coronavirus. Vreau s\u0103 v\u0103 asigur de colaborarea noastr\u0103, evident, cu spitalele din subordinea noastr\u0103, dar \u015fi cu celelalte structuri de s\u0103n\u0103tate na\u0163ionale.\u201d.<\/p>\n","protected":false},"excerpt":{"rendered":"<p>\u00cen cadrul conferin\u021bei de pres\u0103 de ast\u0103zi, primarul general al Municipiului Bucure\u0219ti \u00eempreun\u0103 cu premierul Rom\u00e2niei au anun\u021bat semnarea contractelor de finan\u021bare pentru 10 spitale bucure\u0219tene, urm\u00e2nd c\u0103 un total de 22 de institu\u021bii sanitare s\u0103 primeasc\u0103 finan\u021bare \u00een valoare de 100 de milioane de euro. \u201ePentru Bucure\u015fti, ast\u0103zi, se semneaz\u0103 contractele de finan\u0163are pentru [&hellip;]<\/p>\n","protected":false},"author":19,"featured_media":15628,"comment_status":"closed","ping_status":"open","sticky":false,"template":"","format":"standard","meta":{"_acf_changed":false,"inline_featured_image":false,"ngg_post_thumbnail":0,"footnotes":""},"categories":[1,62],"tags":[9,853,11],"ppma_author":[22594],"class_list":["post-15627","post","type-post","status-publish","format-standard","has-post-thumbnail","hentry","category-diverse","category-stiri","tag-bucuresti","tag-bucuresti-coronavirus","tag-spitale"],"acf":[],"yoast_head":"<!-- This site is optimized with the Yoast SEO Premium plugin v25.3 (Yoast SEO v27.4) - https:\/\/yoast.com\/product\/yoast-seo-premium-wordpress\/ -->\n<title>10 spitale din Bucure\u0219ti vor primi aparatura necesar\u0103 - Buletin de Bucure\u0219ti<\/title>\n<meta name=\"robots\" content=\"index, follow, max-snippet:-1, max-image-preview:large, max-video-preview:-1\" \/>\n<link rel=\"canonical\" href=\"https:\/\/buletin.de\/bucuresti\/10-spitale-din-bucuresti-vor-primi-aparatura-necesara\/\" \/>\n<meta property=\"og:locale\" content=\"en_GB\" \/>\n<meta property=\"og:type\" content=\"article\" \/>\n<meta property=\"og:title\" content=\"10 spitale din Bucure\u0219ti vor primi aparatura necesar\u0103\" \/>\n<meta property=\"og:description\" content=\"\u00cen cadrul conferin\u021bei de pres\u0103 de ast\u0103zi, primarul general al Municipiului Bucure\u0219ti \u00eempreun\u0103 cu premierul Rom\u00e2niei au anun\u021bat semnarea contractelor de finan\u021bare pentru 10 spitale bucure\u0219tene, urm\u00e2nd c\u0103 un total de 22 de institu\u021bii sanitare s\u0103 primeasc\u0103 finan\u021bare \u00een valoare de 100 de milioane de euro. \u201ePentru Bucure\u015fti, ast\u0103zi, se semneaz\u0103 contractele de finan\u0163are pentru [&hellip;]\" \/>\n<meta property=\"og:url\" content=\"https:\/\/buletin.de\/bucuresti\/10-spitale-din-bucuresti-vor-primi-aparatura-necesara\/\" \/>\n<meta property=\"og:site_name\" content=\"Buletin de Bucure\u0219ti\" \/>\n<meta property=\"article:publisher\" content=\"https:\/\/www.facebook.com\/buletin.de.buc\" \/>\n<meta property=\"article:published_time\" content=\"2020-11-23T17:04:54+00:00\" \/>\n<meta property=\"article:modified_time\" content=\"2020-11-23T17:22:45+00:00\" \/>\n<meta property=\"og:image\" content=\"https:\/\/buletin.de\/bucuresti\/wp-content\/uploads\/127159783_3506057206138534_9173642165446966246_o.jpg\" \/>\n\t<meta property=\"og:image:width\" content=\"1200\" \/>\n\t<meta property=\"og:image:height\" content=\"800\" \/>\n\t<meta property=\"og:image:type\" content=\"image\/jpeg\" \/>\n<meta name=\"author\" content=\"\u0218tefan G\u00e2lm\u0103\" \/>\n<meta name=\"twitter:card\" content=\"summary_large_image\" \/>\n<meta name=\"twitter:label1\" content=\"Written by\" \/>\n\t<meta name=\"twitter:data1\" content=\"\u0218tefan G\u00e2lm\u0103\" \/>\n\t<meta name=\"twitter:label2\" content=\"Estimated reading time\" \/>\n\t<meta name=\"twitter:data2\" content=\"3 minutes\" \/>\n<script type=\"application\/ld+json\" class=\"yoast-schema-graph\">{\"@context\":\"https:\\\/\\\/schema.org\",\"@graph\":[{\"@type\":\"Article\",\"@id\":\"https:\\\/\\\/buletin.de\\\/bucuresti\\\/10-spitale-din-bucuresti-vor-primi-aparatura-necesara\\\/#article\",\"isPartOf\":{\"@id\":\"https:\\\/\\\/buletin.de\\\/bucuresti\\\/10-spitale-din-bucuresti-vor-primi-aparatura-necesara\\\/\"},\"author\":{\"name\":\"\u0218tefan G\u00e2lm\u0103\",\"@id\":\"https:\\\/\\\/buletin.de\\\/bucuresti\\\/#\\\/schema\\\/person\\\/71c51bf4ee1ece1fa65269bae3f4f8f4\"},\"headline\":\"10 spitale din Bucure\u0219ti vor primi aparatura necesar\u0103\",\"datePublished\":\"2020-11-23T17:04:54+00:00\",\"dateModified\":\"2020-11-23T17:22:45+00:00\",\"mainEntityOfPage\":{\"@id\":\"https:\\\/\\\/buletin.de\\\/bucuresti\\\/10-spitale-din-bucuresti-vor-primi-aparatura-necesara\\\/\"},\"wordCount\":543,\"publisher\":{\"@id\":\"https:\\\/\\\/buletin.de\\\/bucuresti\\\/#organization\"},\"image\":{\"@id\":\"https:\\\/\\\/buletin.de\\\/bucuresti\\\/10-spitale-din-bucuresti-vor-primi-aparatura-necesara\\\/#primaryimage\"},\"thumbnailUrl\":\"https:\\\/\\\/buletin.de\\\/bucuresti\\\/wp-content\\\/uploads\\\/127159783_3506057206138534_9173642165446966246_o.jpg\",\"keywords\":[\"bucuresti\",\"bucuresti coronavirus\",\"spitale\"],\"articleSection\":[\"Diverse\",\"\u0218tiri\"],\"inLanguage\":\"en-GB\",\"copyrightYear\":\"2020\",\"copyrightHolder\":{\"@id\":\"https:\\\/\\\/buletin.de\\\/bucuresti\\\/#organization\"}},{\"@type\":\"WebPage\",\"@id\":\"https:\\\/\\\/buletin.de\\\/bucuresti\\\/10-spitale-din-bucuresti-vor-primi-aparatura-necesara\\\/\",\"url\":\"https:\\\/\\\/buletin.de\\\/bucuresti\\\/10-spitale-din-bucuresti-vor-primi-aparatura-necesara\\\/\",\"name\":\"10 spitale din Bucure\u0219ti vor primi aparatura necesar\u0103 - Buletin de Bucure\u0219ti\",\"isPartOf\":{\"@id\":\"https:\\\/\\\/buletin.de\\\/bucuresti\\\/#website\"},\"primaryImageOfPage\":{\"@id\":\"https:\\\/\\\/buletin.de\\\/bucuresti\\\/10-spitale-din-bucuresti-vor-primi-aparatura-necesara\\\/#primaryimage\"},\"image\":{\"@id\":\"https:\\\/\\\/buletin.de\\\/bucuresti\\\/10-spitale-din-bucuresti-vor-primi-aparatura-necesara\\\/#primaryimage\"},\"thumbnailUrl\":\"https:\\\/\\\/buletin.de\\\/bucuresti\\\/wp-content\\\/uploads\\\/127159783_3506057206138534_9173642165446966246_o.jpg\",\"datePublished\":\"2020-11-23T17:04:54+00:00\",\"dateModified\":\"2020-11-23T17:22:45+00:00\",\"breadcrumb\":{\"@id\":\"https:\\\/\\\/buletin.de\\\/bucuresti\\\/10-spitale-din-bucuresti-vor-primi-aparatura-necesara\\\/#breadcrumb\"},\"inLanguage\":\"en-GB\",\"potentialAction\":[{\"@type\":\"ReadAction\",\"target\":[\"https:\\\/\\\/buletin.de\\\/bucuresti\\\/10-spitale-din-bucuresti-vor-primi-aparatura-necesara\\\/\"]}]},{\"@type\":\"ImageObject\",\"inLanguage\":\"en-GB\",\"@id\":\"https:\\\/\\\/buletin.de\\\/bucuresti\\\/10-spitale-din-bucuresti-vor-primi-aparatura-necesara\\\/#primaryimage\",\"url\":\"https:\\\/\\\/buletin.de\\\/bucuresti\\\/wp-content\\\/uploads\\\/127159783_3506057206138534_9173642165446966246_o.jpg\",\"contentUrl\":\"https:\\\/\\\/buletin.de\\\/bucuresti\\\/wp-content\\\/uploads\\\/127159783_3506057206138534_9173642165446966246_o.jpg\",\"width\":1200,\"height\":800},{\"@type\":\"BreadcrumbList\",\"@id\":\"https:\\\/\\\/buletin.de\\\/bucuresti\\\/10-spitale-din-bucuresti-vor-primi-aparatura-necesara\\\/#breadcrumb\",\"itemListElement\":[{\"@type\":\"ListItem\",\"position\":1,\"name\":\"Acas\u0103\",\"item\":\"https:\\\/\\\/buletin.de\\\/bucuresti\\\/\"},{\"@type\":\"ListItem\",\"position\":2,\"name\":\"10 spitale din Bucure\u0219ti vor primi aparatura necesar\u0103\"}]},{\"@type\":\"WebSite\",\"@id\":\"https:\\\/\\\/buletin.de\\\/bucuresti\\\/#website\",\"url\":\"https:\\\/\\\/buletin.de\\\/bucuresti\\\/\",\"name\":\"Buletin de Bucure\u0219ti\",\"description\":\"\u0218tiri \u0219i investiga\u021bii esen\u021biale din capital\u0103\",\"publisher\":{\"@id\":\"https:\\\/\\\/buletin.de\\\/bucuresti\\\/#organization\"},\"potentialAction\":[{\"@type\":\"SearchAction\",\"target\":{\"@type\":\"EntryPoint\",\"urlTemplate\":\"https:\\\/\\\/buletin.de\\\/bucuresti\\\/?s={search_term_string}\"},\"query-input\":{\"@type\":\"PropertyValueSpecification\",\"valueRequired\":true,\"valueName\":\"search_term_string\"}}],\"inLanguage\":\"en-GB\"},{\"@type\":\"Organization\",\"@id\":\"https:\\\/\\\/buletin.de\\\/bucuresti\\\/#organization\",\"name\":\"Buletin de Bucure\u0219ti\",\"url\":\"https:\\\/\\\/buletin.de\\\/bucuresti\\\/\",\"logo\":{\"@type\":\"ImageObject\",\"inLanguage\":\"en-GB\",\"@id\":\"https:\\\/\\\/buletin.de\\\/bucuresti\\\/#\\\/schema\\\/logo\\\/image\\\/\",\"url\":\"https:\\\/\\\/buletin.de\\\/bucuresti\\\/wp-content\\\/uploads\\\/logo-bdb-full-wide-vernil-transparent.png\",\"contentUrl\":\"https:\\\/\\\/buletin.de\\\/bucuresti\\\/wp-content\\\/uploads\\\/logo-bdb-full-wide-vernil-transparent.png\",\"width\":1782,\"height\":626,\"caption\":\"Buletin de Bucure\u0219ti\"},\"image\":{\"@id\":\"https:\\\/\\\/buletin.de\\\/bucuresti\\\/#\\\/schema\\\/logo\\\/image\\\/\"},\"sameAs\":[\"https:\\\/\\\/www.facebook.com\\\/buletin.de.buc\",\"https:\\\/\\\/www.instagram.com\\\/buletinde.bucuresti\\\/\"]},{\"@type\":\"Person\",\"@id\":\"https:\\\/\\\/buletin.de\\\/bucuresti\\\/#\\\/schema\\\/person\\\/71c51bf4ee1ece1fa65269bae3f4f8f4\",\"name\":\"\u0218tefan G\u00e2lm\u0103\",\"image\":{\"@type\":\"ImageObject\",\"inLanguage\":\"en-GB\",\"@id\":\"https:\\\/\\\/secure.gravatar.com\\\/avatar\\\/11f1bdea02a87156d29bb53783b2d53d69f420dd8ca49066372461207e4346c0?s=96&d=monsterid&r=g90ad9f49605f2e593aa4953efc791f4c\",\"url\":\"https:\\\/\\\/secure.gravatar.com\\\/avatar\\\/11f1bdea02a87156d29bb53783b2d53d69f420dd8ca49066372461207e4346c0?s=96&d=monsterid&r=g\",\"contentUrl\":\"https:\\\/\\\/secure.gravatar.com\\\/avatar\\\/11f1bdea02a87156d29bb53783b2d53d69f420dd8ca49066372461207e4346c0?s=96&d=monsterid&r=g\",\"caption\":\"\u0218tefan G\u00e2lm\u0103\"},\"url\":\"https:\\\/\\\/buletin.de\\\/bucuresti\\\/author\\\/stefangalma\\\/\"}]}<\/script>\n<!-- \/ Yoast SEO Premium plugin. -->","yoast_head_json":{"title":"10 spitale din Bucure\u0219ti vor primi aparatura necesar\u0103 - Buletin de Bucure\u0219ti","robots":{"index":"index","follow":"follow","max-snippet":"max-snippet:-1","max-image-preview":"max-image-preview:large","max-video-preview":"max-video-preview:-1"},"canonical":"https:\/\/buletin.de\/bucuresti\/10-spitale-din-bucuresti-vor-primi-aparatura-necesara\/","og_locale":"en_GB","og_type":"article","og_title":"10 spitale din Bucure\u0219ti vor primi aparatura necesar\u0103","og_description":"\u00cen cadrul conferin\u021bei de pres\u0103 de ast\u0103zi, primarul general al Municipiului Bucure\u0219ti \u00eempreun\u0103 cu premierul Rom\u00e2niei au anun\u021bat semnarea contractelor de finan\u021bare pentru 10 spitale bucure\u0219tene, urm\u00e2nd c\u0103 un total de 22 de institu\u021bii sanitare s\u0103 primeasc\u0103 finan\u021bare \u00een valoare de 100 de milioane de euro. \u201ePentru Bucure\u015fti, ast\u0103zi, se semneaz\u0103 contractele de finan\u0163are pentru [&hellip;]","og_url":"https:\/\/buletin.de\/bucuresti\/10-spitale-din-bucuresti-vor-primi-aparatura-necesara\/","og_site_name":"Buletin de Bucure\u0219ti","article_publisher":"https:\/\/www.facebook.com\/buletin.de.buc","article_published_time":"2020-11-23T17:04:54+00:00","article_modified_time":"2020-11-23T17:22:45+00:00","og_image":[{"width":1200,"height":800,"url":"https:\/\/buletin.de\/bucuresti\/wp-content\/uploads\/127159783_3506057206138534_9173642165446966246_o.jpg","type":"image\/jpeg"}],"author":"\u0218tefan G\u00e2lm\u0103","twitter_card":"summary_large_image","twitter_misc":{"Written by":"\u0218tefan G\u00e2lm\u0103","Estimated reading time":"3 minutes"},"schema":{"@context":"https:\/\/schema.org","@graph":[{"@type":"Article","@id":"https:\/\/buletin.de\/bucuresti\/10-spitale-din-bucuresti-vor-primi-aparatura-necesara\/#article","isPartOf":{"@id":"https:\/\/buletin.de\/bucuresti\/10-spitale-din-bucuresti-vor-primi-aparatura-necesara\/"},"author":{"name":"\u0218tefan G\u00e2lm\u0103","@id":"https:\/\/buletin.de\/bucuresti\/#\/schema\/person\/71c51bf4ee1ece1fa65269bae3f4f8f4"},"headline":"10 spitale din Bucure\u0219ti vor primi aparatura necesar\u0103","datePublished":"2020-11-23T17:04:54+00:00","dateModified":"2020-11-23T17:22:45+00:00","mainEntityOfPage":{"@id":"https:\/\/buletin.de\/bucuresti\/10-spitale-din-bucuresti-vor-primi-aparatura-necesara\/"},"wordCount":543,"publisher":{"@id":"https:\/\/buletin.de\/bucuresti\/#organization"},"image":{"@id":"https:\/\/buletin.de\/bucuresti\/10-spitale-din-bucuresti-vor-primi-aparatura-necesara\/#primaryimage"},"thumbnailUrl":"https:\/\/buletin.de\/bucuresti\/wp-content\/uploads\/127159783_3506057206138534_9173642165446966246_o.jpg","keywords":["bucuresti","bucuresti coronavirus","spitale"],"articleSection":["Diverse","\u0218tiri"],"inLanguage":"en-GB","copyrightYear":"2020","copyrightHolder":{"@id":"https:\/\/buletin.de\/bucuresti\/#organization"}},{"@type":"WebPage","@id":"https:\/\/buletin.de\/bucuresti\/10-spitale-din-bucuresti-vor-primi-aparatura-necesara\/","url":"https:\/\/buletin.de\/bucuresti\/10-spitale-din-bucuresti-vor-primi-aparatura-necesara\/","name":"10 spitale din Bucure\u0219ti vor primi aparatura necesar\u0103 - Buletin de Bucure\u0219ti","isPartOf":{"@id":"https:\/\/buletin.de\/bucuresti\/#website"},"primaryImageOfPage":{"@id":"https:\/\/buletin.de\/bucuresti\/10-spitale-din-bucuresti-vor-primi-aparatura-necesara\/#primaryimage"},"image":{"@id":"https:\/\/buletin.de\/bucuresti\/10-spitale-din-bucuresti-vor-primi-aparatura-necesara\/#primaryimage"},"thumbnailUrl":"https:\/\/buletin.de\/bucuresti\/wp-content\/uploads\/127159783_3506057206138534_9173642165446966246_o.jpg","datePublished":"2020-11-23T17:04:54+00:00","dateModified":"2020-11-23T17:22:45+00:00","breadcrumb":{"@id":"https:\/\/buletin.de\/bucuresti\/10-spitale-din-bucuresti-vor-primi-aparatura-necesara\/#breadcrumb"},"inLanguage":"en-GB","potentialAction":[{"@type":"ReadAction","target":["https:\/\/buletin.de\/bucuresti\/10-spitale-din-bucuresti-vor-primi-aparatura-necesara\/"]}]},{"@type":"ImageObject","inLanguage":"en-GB","@id":"https:\/\/buletin.de\/bucuresti\/10-spitale-din-bucuresti-vor-primi-aparatura-necesara\/#primaryimage","url":"https:\/\/buletin.de\/bucuresti\/wp-content\/uploads\/127159783_3506057206138534_9173642165446966246_o.jpg","contentUrl":"https:\/\/buletin.de\/bucuresti\/wp-content\/uploads\/127159783_3506057206138534_9173642165446966246_o.jpg","width":1200,"height":800},{"@type":"BreadcrumbList","@id":"https:\/\/buletin.de\/bucuresti\/10-spitale-din-bucuresti-vor-primi-aparatura-necesara\/#breadcrumb","itemListElement":[{"@type":"ListItem","position":1,"name":"Acas\u0103","item":"https:\/\/buletin.de\/bucuresti\/"},{"@type":"ListItem","position":2,"name":"10 spitale din Bucure\u0219ti vor primi aparatura necesar\u0103"}]},{"@type":"WebSite","@id":"https:\/\/buletin.de\/bucuresti\/#website","url":"https:\/\/buletin.de\/bucuresti\/","name":"Buletin de Bucure\u0219ti","description":"\u0218tiri \u0219i investiga\u021bii esen\u021biale din capital\u0103","publisher":{"@id":"https:\/\/buletin.de\/bucuresti\/#organization"},"potentialAction":[{"@type":"SearchAction","target":{"@type":"EntryPoint","urlTemplate":"https:\/\/buletin.de\/bucuresti\/?s={search_term_string}"},"query-input":{"@type":"PropertyValueSpecification","valueRequired":true,"valueName":"search_term_string"}}],"inLanguage":"en-GB"},{"@type":"Organization","@id":"https:\/\/buletin.de\/bucuresti\/#organization","name":"Buletin de Bucure\u0219ti","url":"https:\/\/buletin.de\/bucuresti\/","logo":{"@type":"ImageObject","inLanguage":"en-GB","@id":"https:\/\/buletin.de\/bucuresti\/#\/schema\/logo\/image\/","url":"https:\/\/buletin.de\/bucuresti\/wp-content\/uploads\/logo-bdb-full-wide-vernil-transparent.png","contentUrl":"https:\/\/buletin.de\/bucuresti\/wp-content\/uploads\/logo-bdb-full-wide-vernil-transparent.png","width":1782,"height":626,"caption":"Buletin de Bucure\u0219ti"},"image":{"@id":"https:\/\/buletin.de\/bucuresti\/#\/schema\/logo\/image\/"},"sameAs":["https:\/\/www.facebook.com\/buletin.de.buc","https:\/\/www.instagram.com\/buletinde.bucuresti\/"]},{"@type":"Person","@id":"https:\/\/buletin.de\/bucuresti\/#\/schema\/person\/71c51bf4ee1ece1fa65269bae3f4f8f4","name":"\u0218tefan G\u00e2lm\u0103","image":{"@type":"ImageObject","inLanguage":"en-GB","@id":"https:\/\/secure.gravatar.com\/avatar\/11f1bdea02a87156d29bb53783b2d53d69f420dd8ca49066372461207e4346c0?s=96&d=monsterid&r=g90ad9f49605f2e593aa4953efc791f4c","url":"https:\/\/secure.gravatar.com\/avatar\/11f1bdea02a87156d29bb53783b2d53d69f420dd8ca49066372461207e4346c0?s=96&d=monsterid&r=g","contentUrl":"https:\/\/secure.gravatar.com\/avatar\/11f1bdea02a87156d29bb53783b2d53d69f420dd8ca49066372461207e4346c0?s=96&d=monsterid&r=g","caption":"\u0218tefan G\u00e2lm\u0103"},"url":"https:\/\/buletin.de\/bucuresti\/author\/stefangalma\/"}]}},"authors":[{"term_id":22594,"user_id":19,"is_guest":0,"slug":"stefangalma","display_name":"\u0218tefan G\u00e2lm\u0103","avatar_url":"https:\/\/secure.gravatar.com\/avatar\/11f1bdea02a87156d29bb53783b2d53d69f420dd8ca49066372461207e4346c0?s=96&d=monsterid&r=g","0":null,"1":"","2":"","3":"","4":"","5":"","6":"","7":"","8":""}],"_links":{"self":[{"href":"https:\/\/buletin.de\/bucuresti\/wp-json\/wp\/v2\/posts\/15627","targetHints":{"allow":["GET"]}}],"collection":[{"href":"https:\/\/buletin.de\/bucuresti\/wp-json\/wp\/v2\/posts"}],"about":[{"href":"https:\/\/buletin.de\/bucuresti\/wp-json\/wp\/v2\/types\/post"}],"author":[{"embeddable":true,"href":"https:\/\/buletin.de\/bucuresti\/wp-json\/wp\/v2\/users\/19"}],"replies":[{"embeddable":true,"href":"https:\/\/buletin.de\/bucuresti\/wp-json\/wp\/v2\/comments?post=15627"}],"version-history":[{"count":5,"href":"https:\/\/buletin.de\/bucuresti\/wp-json\/wp\/v2\/posts\/15627\/revisions"}],"predecessor-version":[{"id":15639,"href":"https:\/\/buletin.de\/bucuresti\/wp-json\/wp\/v2\/posts\/15627\/revisions\/15639"}],"wp:featuredmedia":[{"embeddable":true,"href":"https:\/\/buletin.de\/bucuresti\/wp-json\/wp\/v2\/media\/15628"}],"wp:attachment":[{"href":"https:\/\/buletin.de\/bucuresti\/wp-json\/wp\/v2\/media?parent=15627"}],"wp:term":[{"taxonomy":"category","embeddable":true,"href":"https:\/\/buletin.de\/bucuresti\/wp-json\/wp\/v2\/categories?post=15627"},{"taxonomy":"post_tag","embeddable":true,"href":"https:\/\/buletin.de\/bucuresti\/wp-json\/wp\/v2\/tags?post=15627"},{"taxonomy":"author","embeddable":true,"href":"https:\/\/buletin.de\/bucuresti\/wp-json\/wp\/v2\/ppma_author?post=15627"}],"curies":[{"name":"wp","href":"https:\/\/api.w.org\/{rel}","templated":true}]}}