{"id":156036,"date":"2025-11-03T20:32:30","date_gmt":"2025-11-03T17:32:30","guid":{"rendered":"https:\/\/buletin.de\/bucuresti\/?p=156036"},"modified":"2025-11-03T20:32:31","modified_gmt":"2025-11-03T17:32:31","slug":"statie-noua-pentru-patru-linii-stb-pe-bulevardul-theodor-pallady","status":"publish","type":"post","link":"https:\/\/buletin.de\/bucuresti\/statie-noua-pentru-patru-linii-stb-pe-bulevardul-theodor-pallady\/","title":{"rendered":"Sta\u021bie nou\u0103 pentru patru linii STB, pe Bulevardul Theodor Pallady"},"content":{"rendered":"\n<p><strong>Din data de 5 noiembrie 2025, autobuzele  liniilor 246, 405, 408 \u0219i 472 vo opri pentru  preluarea c\u0103l\u0103torilor \u0219i \u00een sta\u021bia \u201eCOMPLEX TITAN\u201d. Acesta este situat\u0103 pe Bulevardul Theodor Pallady.<\/strong><\/p>\n\n\n\n<p>Sta\u021bia se afl\u0103 pe Bulevardul Theodor Pallady, pe sensul dinspre rond Anghel Saligny, spre Str. Victor Brauner, comun liniile 619, 627 \u0219i 480.<\/p>\n\n\n\n<p><strong>CITE\u0218TE \u0218I:<\/strong>\u00a0<a href=\"https:\/\/buletin.de\/bucuresti\/metroul-catre-mogosoaia-a-trecut-de-cgmb-85-de-milioane-de-euro-pentru-un-kilometru-de-linie-metrou\/\" target=\"_blank\" rel=\"noreferrer noopener\">Metroul c\u0103tre Mogo\u0219oaia, aprobat de Consiliul General. 85 de milioane de euro pentru un kilometru de linie metrou<\/a><\/p>\n\n\n\n<h2 class=\"wp-block-heading\" id=\"h-stb-modifica-temporar-liniile-106-434-\u0219i-483-in-perioada-3-5-noiembrie-2025\">STB modific\u0103 temporar liniile 106, 434 \u0219i 483, \u00een perioada 3 \u2013 5 noiembrie 2025<\/h2>\n\n\n\n<p><strong>liniile 106, 434 \u0219i 483 vor fi deviate. \u00cen perioada 3 noiembrie, ora 08:00 \u2013 5 noiembrie, 23:00, autobuzele vor circula pe trasee modificate.<\/strong><\/p>\n\n\n\n<p>Schimbarea vine \u00een contextul execut\u0103rii unor lucr\u0103ri la re\u021beaua public\u0103 de canalizare \u00een zona intersec\u021biei Bd. Iuliu Maniu\/ Str. Dezrobirii, \u00een Sectorul 6, a anun\u021bat Asocia\u021bia de Dezvoltare Intercomunitar\u0103 pentru Transport Public Bucure\u0219ti \u2013 Ilfov (<a href=\"https:\/\/tpbi.ro\/liniile-106-434-si-483-deviate-in-primele-trei-zile-ale-saptamanii-viitoare-pentru-lucrari-la-reteaua-de-canalizare\/?fbclid=IwY2xjawNylo9leHRuA2FlbQIxMABicmlkETBkOXZUSXhUOFRSTVQ4a29pAR4sGh5dKMKKUoboq7yeYw3Whn5G6S2amtKHCt0F6buEKWXB3zY2O1q6VdluiA_aem_4Ef-_JSCQ-7eAgU3Y-rKvw\" target=\"_blank\" rel=\"noreferrer noopener\">TPBI<\/a>).<\/p>\n\n\n\n<h2 class=\"wp-block-heading\" id=\"h-liniile-106-434-\u0219i-483-vor-fi-deviate-temporar\">Liniile 106, 434 \u0219i 483 vor fi deviate temporar<\/h2>\n\n\n\n<p>\u00cen perioada men\u021bionat\u0103, cele trei&nbsp;<a href=\"https:\/\/buletin.de\/bucuresti\/stb-modifica-temporar-programul-liniei-425-incepand-cu-29-octombrie-2025-pe-durata-lucrarilor-din-ordoreanu\/\" target=\"_blank\" rel=\"noreferrer noopener\">linii de autobuz<\/a>&nbsp;vor func\u021biona dup\u0103 urm\u0103torul program, dup\u0103 cum a anun\u021bat&nbsp;<a href=\"https:\/\/www.stb.ro\/info?N=2464&amp;fbclid=IwY2xjawNynWpleHRuA2FlbQIxMABicmlkETBkOXZUSXhUOFRSTVQ4a29pAR7iA7sK0Gy1_IRJrWfqUA4EkG4mTWMqgfA7VdZ470hPlAFGyyBDL-cT77SeLw_aem_8bzSgjm9wn_QnDfvC1FP6w\" target=\"_blank\" rel=\"noreferrer noopener\">STB<\/a>:<\/p>\n\n\n\n<h5 class=\"wp-block-heading\" id=\"h-linia-106\">Linia 106<\/h5>\n\n\n\n<p>Linia 106 va circula pe traseul de baz\u0103 \u00eentre terminalul \u201eM Lujerului\u201d \u0219i intersec\u021bia Bd. Iuliu Maniu\/Str. Drept\u0103\u021bii, apoi pe un traseu modificat pe sensul spre \u201eCartier Ro\u0219u\u201d, pe Str. Drept\u0103\u021bii, Bd. Uverturii, apoi traseul de baz\u0103, astfel:<\/p>\n\n\n\n<ul class=\"wp-block-list\">\n<li><strong>Traseu dus (nu se modific\u0103)<\/strong>: \u201eCartier Ro\u0219u\u201d, Str. Piscul Crasani, Str. P\u0103r\u0103lu\u021belor, Str. M\u0103rgelelor, Str. Ghirlandei, Str. Apusului, Bd. Uverturii, \u0218os. Virtu\u021bii, Bd. Iuliu Maniu, \u201eM Lujerului\u201d;<\/li>\n\n\n\n<li><strong>Traseu \u00eentors<\/strong>: \u201eM Lujerului\u201d, Bd. Iuliu Maniu, Str. Drept\u0103\u021bii, Bd. Uverturii, Str. Apusului, Str. Ghirlandei, Str. M\u0103rgelelor, Str. P\u0103r\u0103lu\u021belor, Str. Tuf\u0103nelelor, Str. Piscul Crasani, \u201eCartier Ro\u0219u\u201d.<\/li>\n<\/ul>\n\n\n\n<h5 class=\"wp-block-heading\" id=\"h-linia-434\">Linia 434<\/h5>\n\n\n\n<p>Linia 434 va circula pe traseul de baz\u0103 \u00eentre terminalul \u201eM Lujerului\u201d \u0219i intersec\u021bia Bd.&nbsp;Iuliu Maniu\/ Str. Drept\u0103\u021bii, apoi pe un traseu modificat pe sensul spre \u201eChiajna-Stelelor\u201d, pe Str.&nbsp;Drept\u0103\u021bii, Bd. Uverturii, apoi traseul de baz\u0103, dup\u0103 cum urmeaz\u0103:<\/p>\n\n\n\n<ul class=\"wp-block-list\">\n<li><strong>Traseu dus (nu se modific\u0103)<\/strong>: \u201eChiajna \u2013 Stelelor\u201d, Str. Stelelor, Str. Apeductului, Intrarea Eroului, Str. Vlad \u021aepes, Str. Eroului, Str. Ion Luca Caragiale, Bd. Alexandru Ioan Cuza, Bd. 1 Decembrie 1918. Str. 1864, Str. Emil Giurgea, Bd. Uverturii, \u0218os. Virtu\u021bii, Bd. Iuliu Maniu, \u201eM Lujerului\u201d;<\/li>\n\n\n\n<li><strong>Traseu \u00eentors<\/strong>: \u201eM Lujerului\u201d, Bd. Iuliu Maniu, Str. Drept\u0103\u021bii, Bd. Uverturii, Bd. 1 Decembrie 1918, Str. 1 Decembrie 1918, Str. Mihai Eminescu, Bd. Alexandru Ioan Cuza, Str. Ion Luca Caragiale, Str. Eroului, Intrarea Doamna Chiajna, Str. Doamna Chiajna , Drumul Ciorog\u00e2rla, \u201eChiajna \u2013 Stelelor\u201d.<\/li>\n<\/ul>\n\n\n\n<h5 class=\"wp-block-heading\" id=\"h-linia-483\">Linia 483<\/h5>\n\n\n\n<p>Linia 483 va circula pe traseul de baz\u0103 \u00eentre terminalul \u201eM Lujerului\u201d \u0219i intersec\u021bia Bd.&nbsp;Iuliu Maniu\/ Str. Drept\u0103\u021bii, apoi pe un traseu modificat pe sens \u201eChiajna-Stelelor\u201d, pe Str.&nbsp;Drept\u0103\u021bii, Bd. Uverturii, apoi traseul de baz\u0103, astfel:<\/p>\n\n\n\n<ul class=\"wp-block-list\">\n<li><strong>Traseu dus (nu se modific\u0103)<\/strong>: \u201eChiajna \u2013 Stelelor\u201d, Str. Stelelor, Drumul Ciorog\u00e2rla, Str. Rezervelor, Str. Apeductului, Str. Crinului, Bd. Alexandru Ioan Cuza, Bd. 1 Decembrie 1918, Str. 1864, Str. Emil Giurgea, Bd. Uverturii, \u0218os. Virtu\u021bii, Bd. Iuliu Maniu, \u201eM Lujerului\u201d;<\/li>\n\n\n\n<li><strong>Traseu \u00eentors<\/strong>: \u201eM Lujerului\u201d, Bd. Iuliu Maniu, Str. Drept\u0103\u021bii, Bd. Uverturii, Bd. 1 Decembrie 1918, Str. 1 Decembrie 1918, Str. Mihai Eminescu, Bd. Alexandru Ioan Cuza, Str. Rezervelor, Str. Apeductului, Str. Stelelor, \u201eChiajna \u2013 Stelelor\u201d.<\/li>\n<\/ul>\n\n\n\n<figure class=\"wp-block-image\"><img fetchpriority=\"high\" decoding=\"async\" width=\"1000\" height=\"623\" src=\"data:image\/gif;base64,R0lGODlhAQABAAAAACH5BAEKAAEALAAAAAABAAEAAAICTAEAOw==\" data-src=\"https:\/\/buletin.de\/bucuresti\/wp-content\/uploads\/2025\/11\/STB-linii-de-autobuz-modificate-1000x623.jpg\" alt=\"\" class=\"wp-image-155730 lazyload\" data-sizes=\"auto\" data-srcset=\"https:\/\/buletin.de\/bucuresti\/wp-content\/uploads\/2025\/11\/STB-linii-de-autobuz-modificate-1000x623.jpg 1000w, https:\/\/buletin.de\/bucuresti\/wp-content\/uploads\/2025\/11\/STB-linii-de-autobuz-modificate-300x187.jpg 300w, https:\/\/buletin.de\/bucuresti\/wp-content\/uploads\/2025\/11\/STB-linii-de-autobuz-modificate-768x478.jpg 768w, https:\/\/buletin.de\/bucuresti\/wp-content\/uploads\/2025\/11\/STB-linii-de-autobuz-modificate-1100x685.jpg 1100w, https:\/\/buletin.de\/bucuresti\/wp-content\/uploads\/2025\/11\/STB-linii-de-autobuz-modificate-600x374.jpg 600w, https:\/\/buletin.de\/bucuresti\/wp-content\/uploads\/2025\/11\/STB-linii-de-autobuz-modificate-20x12.jpg 20w, https:\/\/buletin.de\/bucuresti\/wp-content\/uploads\/2025\/11\/STB-linii-de-autobuz-modificate.jpg 1200w\" sizes=\"(max-width: 1000px) 100vw, 1000px\" \/><figcaption class=\"wp-element-caption\">Traseele modificate ale celor trei linii. Foto: TPBI<\/figcaption><\/figure>\n\n\n\n<h2 class=\"wp-block-heading\" id=\"h-unde-pot-fi-accesate-informa\u021bii-despre-transportul-public\">Unde pot fi accesate informa\u021bii despre transportul public<\/h2>\n\n\n\n<p>Societatea de Transport Bucure\u0219ti (STB) le reaminte\u0219te c\u0103l\u0103torilor c\u0103 exist\u0103 mai multe posibilit\u0103\u021bi de informare \u00een timp real cu privire la circula\u021bia mijloacelor de transport public de pe toate liniile.<\/p>\n\n\n\n<p>Pentru informa\u021bii \u00een leg\u0103tur\u0103 cu programele de func\u021bionare, schimb\u0103rile de trasee sau m\u0103surile puse \u00een aplicare pentru optimizarea serviciului de transport public, c\u0103l\u0103torii pot accesa aplica\u021bia&nbsp;<strong>InfoTB<\/strong>, site-ul&nbsp;<a href=\"https:\/\/www.stb.ro\/\" target=\"_blank\" rel=\"noreferrer noopener\">STB&nbsp;<\/a>\u0219i paginile oficiale de pe re\u021belele de socializare.<\/p>\n\n\n\n<p><strong>CITE\u0218TE \u0218I:<\/strong> <a href=\"https:\/\/buletin.de\/bucuresti\/ilfov-tratamente-stomatologice-gratuite-pentru-copii-tineri-si-varstnici-cine-poate-beneficia-de-acest-sprijin\/\">ILFOV | Tratamente stomatologice gratuite pentru copii, tineri \u0219i v\u00e2rstnici. Cine poate beneficia de acest sprijin<\/a><\/p>\n\n\n\n<p><\/p>\n","protected":false},"excerpt":{"rendered":"<p>Din data de 5 noiembrie 2025, autobuzele liniilor 246, 405, 408 \u0219i 472 vo opri pentru preluarea c\u0103l\u0103torilor \u0219i \u00een sta\u021bia \u201eCOMPLEX TITAN\u201d. Acesta este situat\u0103 pe Bulevardul Theodor Pallady. Sta\u021bia se afl\u0103 pe Bulevardul Theodor Pallady, pe sensul dinspre rond Anghel Saligny, spre Str. Victor Brauner, comun liniile 619, 627 \u0219i 480. CITE\u0218TE \u0218I:\u00a0Metroul [&hellip;]<\/p>\n","protected":false},"author":49,"featured_media":156040,"comment_status":"closed","ping_status":"open","sticky":false,"template":"","format":"standard","meta":{"_acf_changed":false,"inline_featured_image":false,"ngg_post_thumbnail":0,"footnotes":""},"categories":[6994,62,650],"tags":[21592,16072,12377,24535,24536],"ppma_author":[22574],"class_list":["post-156036","post","type-post","status-publish","format-standard","has-post-thumbnail","hentry","category-stiri-2","category-stiri","category-transport","tag-bulevardul-theodor-pallady","tag-linia-246","tag-linia-405","tag-linia-408","tag-linia-472"],"acf":[],"yoast_head":"<!-- This site is optimized with the Yoast SEO Premium plugin v25.3 (Yoast SEO v27.5) - https:\/\/yoast.com\/product\/yoast-seo-premium-wordpress\/ -->\n<title>Sta\u021bie nou\u0103 pentru patru linii STB, pe Bulevardul Theodor Pallady - Buletin de Bucure\u0219ti<\/title>\n<meta name=\"description\" content=\"Din data de 5 noiembrie 2025, autobuzele liniilor 246, 405, 408 \u0219i 472 vor opri \u0219i pe Bulevardul Theodor Pallady.\" \/>\n<meta name=\"robots\" content=\"index, follow, max-snippet:-1, max-image-preview:large, max-video-preview:-1\" \/>\n<link rel=\"canonical\" href=\"https:\/\/buletin.de\/bucuresti\/statie-noua-pentru-patru-linii-stb-pe-bulevardul-theodor-pallady\/\" \/>\n<meta property=\"og:locale\" content=\"en_GB\" \/>\n<meta property=\"og:type\" content=\"article\" \/>\n<meta property=\"og:title\" content=\"Sta\u021bie nou\u0103 pentru patru linii STB, pe Bulevardul Theodor Pallady\" \/>\n<meta property=\"og:description\" content=\"Din data de 5 noiembrie 2025, autobuzele liniilor 246, 405, 408 \u0219i 472 vor opri \u0219i pe Bulevardul Theodor Pallady.\" \/>\n<meta property=\"og:url\" content=\"https:\/\/buletin.de\/bucuresti\/statie-noua-pentru-patru-linii-stb-pe-bulevardul-theodor-pallady\/\" \/>\n<meta property=\"og:site_name\" content=\"Buletin de Bucure\u0219ti\" \/>\n<meta property=\"article:publisher\" content=\"https:\/\/www.facebook.com\/buletin.de.buc\" \/>\n<meta property=\"article:published_time\" content=\"2025-11-03T17:32:30+00:00\" \/>\n<meta property=\"article:modified_time\" content=\"2025-11-03T17:32:31+00:00\" \/>\n<meta property=\"og:image\" content=\"https:\/\/buletin.de\/bucuresti\/wp-content\/uploads\/2025\/11\/Schimbare-majora-anuntata-de-STB.-Linia-de-autobuz-246-va-avea-traseul-modificat-pana-in-aprilie-2023-c-1260x709-1.webp\" \/>\n\t<meta property=\"og:image:width\" content=\"1260\" \/>\n\t<meta property=\"og:image:height\" content=\"709\" \/>\n\t<meta property=\"og:image:type\" content=\"image\/webp\" \/>\n<meta name=\"author\" content=\"Diana Matei\" \/>\n<meta name=\"twitter:card\" content=\"summary_large_image\" \/>\n<meta name=\"twitter:label1\" content=\"Written by\" \/>\n\t<meta name=\"twitter:data1\" content=\"Diana Matei\" \/>\n\t<meta name=\"twitter:label2\" content=\"Estimated reading time\" \/>\n\t<meta name=\"twitter:data2\" content=\"4 minutes\" \/>\n<script type=\"application\/ld+json\" class=\"yoast-schema-graph\">{\"@context\":\"https:\\\/\\\/schema.org\",\"@graph\":[{\"@type\":\"Article\",\"@id\":\"https:\\\/\\\/buletin.de\\\/bucuresti\\\/statie-noua-pentru-patru-linii-stb-pe-bulevardul-theodor-pallady\\\/#article\",\"isPartOf\":{\"@id\":\"https:\\\/\\\/buletin.de\\\/bucuresti\\\/statie-noua-pentru-patru-linii-stb-pe-bulevardul-theodor-pallady\\\/\"},\"author\":{\"name\":\"Diana Matei\",\"@id\":\"https:\\\/\\\/buletin.de\\\/bucuresti\\\/#\\\/schema\\\/person\\\/7e46040573290777280a0835d81ea4ea\"},\"headline\":\"Sta\u021bie nou\u0103 pentru patru linii STB, pe Bulevardul Theodor Pallady\",\"datePublished\":\"2025-11-03T17:32:30+00:00\",\"dateModified\":\"2025-11-03T17:32:31+00:00\",\"mainEntityOfPage\":{\"@id\":\"https:\\\/\\\/buletin.de\\\/bucuresti\\\/statie-noua-pentru-patru-linii-stb-pe-bulevardul-theodor-pallady\\\/\"},\"wordCount\":645,\"publisher\":{\"@id\":\"https:\\\/\\\/buletin.de\\\/bucuresti\\\/#organization\"},\"image\":{\"@id\":\"https:\\\/\\\/buletin.de\\\/bucuresti\\\/statie-noua-pentru-patru-linii-stb-pe-bulevardul-theodor-pallady\\\/#primaryimage\"},\"thumbnailUrl\":\"https:\\\/\\\/buletin.de\\\/bucuresti\\\/wp-content\\\/uploads\\\/2025\\\/11\\\/Schimbare-majora-anuntata-de-STB.-Linia-de-autobuz-246-va-avea-traseul-modificat-pana-in-aprilie-2023-c-1260x709-1.webp\",\"keywords\":[\"Bulevardul Theodor Pallady\",\"Linia 246\",\"linia 405\",\"linia 408\",\"linia 472\"],\"articleSection\":[\"Articole\",\"\u0218tiri\",\"Transport\"],\"inLanguage\":\"en-GB\",\"copyrightYear\":\"2025\",\"copyrightHolder\":{\"@id\":\"https:\\\/\\\/buletin.de\\\/bucuresti\\\/#organization\"}},{\"@type\":\"WebPage\",\"@id\":\"https:\\\/\\\/buletin.de\\\/bucuresti\\\/statie-noua-pentru-patru-linii-stb-pe-bulevardul-theodor-pallady\\\/\",\"url\":\"https:\\\/\\\/buletin.de\\\/bucuresti\\\/statie-noua-pentru-patru-linii-stb-pe-bulevardul-theodor-pallady\\\/\",\"name\":\"Sta\u021bie nou\u0103 pentru patru linii STB, pe Bulevardul Theodor Pallady - Buletin de Bucure\u0219ti\",\"isPartOf\":{\"@id\":\"https:\\\/\\\/buletin.de\\\/bucuresti\\\/#website\"},\"primaryImageOfPage\":{\"@id\":\"https:\\\/\\\/buletin.de\\\/bucuresti\\\/statie-noua-pentru-patru-linii-stb-pe-bulevardul-theodor-pallady\\\/#primaryimage\"},\"image\":{\"@id\":\"https:\\\/\\\/buletin.de\\\/bucuresti\\\/statie-noua-pentru-patru-linii-stb-pe-bulevardul-theodor-pallady\\\/#primaryimage\"},\"thumbnailUrl\":\"https:\\\/\\\/buletin.de\\\/bucuresti\\\/wp-content\\\/uploads\\\/2025\\\/11\\\/Schimbare-majora-anuntata-de-STB.-Linia-de-autobuz-246-va-avea-traseul-modificat-pana-in-aprilie-2023-c-1260x709-1.webp\",\"datePublished\":\"2025-11-03T17:32:30+00:00\",\"dateModified\":\"2025-11-03T17:32:31+00:00\",\"description\":\"Din data de 5 noiembrie 2025, autobuzele liniilor 246, 405, 408 \u0219i 472 vor opri \u0219i pe Bulevardul Theodor Pallady.\",\"breadcrumb\":{\"@id\":\"https:\\\/\\\/buletin.de\\\/bucuresti\\\/statie-noua-pentru-patru-linii-stb-pe-bulevardul-theodor-pallady\\\/#breadcrumb\"},\"inLanguage\":\"en-GB\",\"potentialAction\":[{\"@type\":\"ReadAction\",\"target\":[\"https:\\\/\\\/buletin.de\\\/bucuresti\\\/statie-noua-pentru-patru-linii-stb-pe-bulevardul-theodor-pallady\\\/\"]}]},{\"@type\":\"ImageObject\",\"inLanguage\":\"en-GB\",\"@id\":\"https:\\\/\\\/buletin.de\\\/bucuresti\\\/statie-noua-pentru-patru-linii-stb-pe-bulevardul-theodor-pallady\\\/#primaryimage\",\"url\":\"https:\\\/\\\/buletin.de\\\/bucuresti\\\/wp-content\\\/uploads\\\/2025\\\/11\\\/Schimbare-majora-anuntata-de-STB.-Linia-de-autobuz-246-va-avea-traseul-modificat-pana-in-aprilie-2023-c-1260x709-1.webp\",\"contentUrl\":\"https:\\\/\\\/buletin.de\\\/bucuresti\\\/wp-content\\\/uploads\\\/2025\\\/11\\\/Schimbare-majora-anuntata-de-STB.-Linia-de-autobuz-246-va-avea-traseul-modificat-pana-in-aprilie-2023-c-1260x709-1.webp\",\"width\":1260,\"height\":709,\"caption\":\"Sta\u021bie nou\u0103 pentru patru linii STB, pe Bulevardul Theodor Pallady. FOTO: TPBI\"},{\"@type\":\"BreadcrumbList\",\"@id\":\"https:\\\/\\\/buletin.de\\\/bucuresti\\\/statie-noua-pentru-patru-linii-stb-pe-bulevardul-theodor-pallady\\\/#breadcrumb\",\"itemListElement\":[{\"@type\":\"ListItem\",\"position\":1,\"name\":\"Acas\u0103\",\"item\":\"https:\\\/\\\/buletin.de\\\/bucuresti\\\/\"},{\"@type\":\"ListItem\",\"position\":2,\"name\":\"Sta\u021bie nou\u0103 pentru patru linii STB, pe Bulevardul Theodor Pallady\"}]},{\"@type\":\"WebSite\",\"@id\":\"https:\\\/\\\/buletin.de\\\/bucuresti\\\/#website\",\"url\":\"https:\\\/\\\/buletin.de\\\/bucuresti\\\/\",\"name\":\"Buletin de Bucure\u0219ti\",\"description\":\"\u0218tiri \u0219i investiga\u021bii esen\u021biale din capital\u0103\",\"publisher\":{\"@id\":\"https:\\\/\\\/buletin.de\\\/bucuresti\\\/#organization\"},\"potentialAction\":[{\"@type\":\"SearchAction\",\"target\":{\"@type\":\"EntryPoint\",\"urlTemplate\":\"https:\\\/\\\/buletin.de\\\/bucuresti\\\/?s={search_term_string}\"},\"query-input\":{\"@type\":\"PropertyValueSpecification\",\"valueRequired\":true,\"valueName\":\"search_term_string\"}}],\"inLanguage\":\"en-GB\"},{\"@type\":\"Organization\",\"@id\":\"https:\\\/\\\/buletin.de\\\/bucuresti\\\/#organization\",\"name\":\"Buletin de Bucure\u0219ti\",\"url\":\"https:\\\/\\\/buletin.de\\\/bucuresti\\\/\",\"logo\":{\"@type\":\"ImageObject\",\"inLanguage\":\"en-GB\",\"@id\":\"https:\\\/\\\/buletin.de\\\/bucuresti\\\/#\\\/schema\\\/logo\\\/image\\\/\",\"url\":\"https:\\\/\\\/buletin.de\\\/bucuresti\\\/wp-content\\\/uploads\\\/logo-bdb-full-wide-vernil-transparent.png\",\"contentUrl\":\"https:\\\/\\\/buletin.de\\\/bucuresti\\\/wp-content\\\/uploads\\\/logo-bdb-full-wide-vernil-transparent.png\",\"width\":1782,\"height\":626,\"caption\":\"Buletin de Bucure\u0219ti\"},\"image\":{\"@id\":\"https:\\\/\\\/buletin.de\\\/bucuresti\\\/#\\\/schema\\\/logo\\\/image\\\/\"},\"sameAs\":[\"https:\\\/\\\/www.facebook.com\\\/buletin.de.buc\",\"https:\\\/\\\/www.instagram.com\\\/buletinde.bucuresti\\\/\"]},{\"@type\":\"Person\",\"@id\":\"https:\\\/\\\/buletin.de\\\/bucuresti\\\/#\\\/schema\\\/person\\\/7e46040573290777280a0835d81ea4ea\",\"name\":\"Diana Matei\",\"image\":{\"@type\":\"ImageObject\",\"inLanguage\":\"en-GB\",\"@id\":\"https:\\\/\\\/buletin.de\\\/bucuresti\\\/wp-content\\\/uploads\\\/9-2-96x96.jpg1e8590b30871d70e62ebcdaf2eff570c\",\"url\":\"https:\\\/\\\/buletin.de\\\/bucuresti\\\/wp-content\\\/uploads\\\/9-2-96x96.jpg\",\"contentUrl\":\"https:\\\/\\\/buletin.de\\\/bucuresti\\\/wp-content\\\/uploads\\\/9-2-96x96.jpg\",\"caption\":\"Diana Matei\"},\"url\":\"https:\\\/\\\/buletin.de\\\/bucuresti\\\/author\\\/dianamatei\\\/\"}]}<\/script>\n<!-- \/ Yoast SEO Premium plugin. -->","yoast_head_json":{"title":"Sta\u021bie nou\u0103 pentru patru linii STB, pe Bulevardul Theodor Pallady - Buletin de Bucure\u0219ti","description":"Din data de 5 noiembrie 2025, autobuzele liniilor 246, 405, 408 \u0219i 472 vor opri \u0219i pe Bulevardul Theodor Pallady.","robots":{"index":"index","follow":"follow","max-snippet":"max-snippet:-1","max-image-preview":"max-image-preview:large","max-video-preview":"max-video-preview:-1"},"canonical":"https:\/\/buletin.de\/bucuresti\/statie-noua-pentru-patru-linii-stb-pe-bulevardul-theodor-pallady\/","og_locale":"en_GB","og_type":"article","og_title":"Sta\u021bie nou\u0103 pentru patru linii STB, pe Bulevardul Theodor Pallady","og_description":"Din data de 5 noiembrie 2025, autobuzele liniilor 246, 405, 408 \u0219i 472 vor opri \u0219i pe Bulevardul Theodor Pallady.","og_url":"https:\/\/buletin.de\/bucuresti\/statie-noua-pentru-patru-linii-stb-pe-bulevardul-theodor-pallady\/","og_site_name":"Buletin de Bucure\u0219ti","article_publisher":"https:\/\/www.facebook.com\/buletin.de.buc","article_published_time":"2025-11-03T17:32:30+00:00","article_modified_time":"2025-11-03T17:32:31+00:00","og_image":[{"width":1260,"height":709,"url":"https:\/\/buletin.de\/bucuresti\/wp-content\/uploads\/2025\/11\/Schimbare-majora-anuntata-de-STB.-Linia-de-autobuz-246-va-avea-traseul-modificat-pana-in-aprilie-2023-c-1260x709-1.webp","type":"image\/webp"}],"author":"Diana Matei","twitter_card":"summary_large_image","twitter_misc":{"Written by":"Diana Matei","Estimated reading time":"4 minutes"},"schema":{"@context":"https:\/\/schema.org","@graph":[{"@type":"Article","@id":"https:\/\/buletin.de\/bucuresti\/statie-noua-pentru-patru-linii-stb-pe-bulevardul-theodor-pallady\/#article","isPartOf":{"@id":"https:\/\/buletin.de\/bucuresti\/statie-noua-pentru-patru-linii-stb-pe-bulevardul-theodor-pallady\/"},"author":{"name":"Diana Matei","@id":"https:\/\/buletin.de\/bucuresti\/#\/schema\/person\/7e46040573290777280a0835d81ea4ea"},"headline":"Sta\u021bie nou\u0103 pentru patru linii STB, pe Bulevardul Theodor Pallady","datePublished":"2025-11-03T17:32:30+00:00","dateModified":"2025-11-03T17:32:31+00:00","mainEntityOfPage":{"@id":"https:\/\/buletin.de\/bucuresti\/statie-noua-pentru-patru-linii-stb-pe-bulevardul-theodor-pallady\/"},"wordCount":645,"publisher":{"@id":"https:\/\/buletin.de\/bucuresti\/#organization"},"image":{"@id":"https:\/\/buletin.de\/bucuresti\/statie-noua-pentru-patru-linii-stb-pe-bulevardul-theodor-pallady\/#primaryimage"},"thumbnailUrl":"https:\/\/buletin.de\/bucuresti\/wp-content\/uploads\/2025\/11\/Schimbare-majora-anuntata-de-STB.-Linia-de-autobuz-246-va-avea-traseul-modificat-pana-in-aprilie-2023-c-1260x709-1.webp","keywords":["Bulevardul Theodor Pallady","Linia 246","linia 405","linia 408","linia 472"],"articleSection":["Articole","\u0218tiri","Transport"],"inLanguage":"en-GB","copyrightYear":"2025","copyrightHolder":{"@id":"https:\/\/buletin.de\/bucuresti\/#organization"}},{"@type":"WebPage","@id":"https:\/\/buletin.de\/bucuresti\/statie-noua-pentru-patru-linii-stb-pe-bulevardul-theodor-pallady\/","url":"https:\/\/buletin.de\/bucuresti\/statie-noua-pentru-patru-linii-stb-pe-bulevardul-theodor-pallady\/","name":"Sta\u021bie nou\u0103 pentru patru linii STB, pe Bulevardul Theodor Pallady - Buletin de Bucure\u0219ti","isPartOf":{"@id":"https:\/\/buletin.de\/bucuresti\/#website"},"primaryImageOfPage":{"@id":"https:\/\/buletin.de\/bucuresti\/statie-noua-pentru-patru-linii-stb-pe-bulevardul-theodor-pallady\/#primaryimage"},"image":{"@id":"https:\/\/buletin.de\/bucuresti\/statie-noua-pentru-patru-linii-stb-pe-bulevardul-theodor-pallady\/#primaryimage"},"thumbnailUrl":"https:\/\/buletin.de\/bucuresti\/wp-content\/uploads\/2025\/11\/Schimbare-majora-anuntata-de-STB.-Linia-de-autobuz-246-va-avea-traseul-modificat-pana-in-aprilie-2023-c-1260x709-1.webp","datePublished":"2025-11-03T17:32:30+00:00","dateModified":"2025-11-03T17:32:31+00:00","description":"Din data de 5 noiembrie 2025, autobuzele liniilor 246, 405, 408 \u0219i 472 vor opri \u0219i pe Bulevardul Theodor Pallady.","breadcrumb":{"@id":"https:\/\/buletin.de\/bucuresti\/statie-noua-pentru-patru-linii-stb-pe-bulevardul-theodor-pallady\/#breadcrumb"},"inLanguage":"en-GB","potentialAction":[{"@type":"ReadAction","target":["https:\/\/buletin.de\/bucuresti\/statie-noua-pentru-patru-linii-stb-pe-bulevardul-theodor-pallady\/"]}]},{"@type":"ImageObject","inLanguage":"en-GB","@id":"https:\/\/buletin.de\/bucuresti\/statie-noua-pentru-patru-linii-stb-pe-bulevardul-theodor-pallady\/#primaryimage","url":"https:\/\/buletin.de\/bucuresti\/wp-content\/uploads\/2025\/11\/Schimbare-majora-anuntata-de-STB.-Linia-de-autobuz-246-va-avea-traseul-modificat-pana-in-aprilie-2023-c-1260x709-1.webp","contentUrl":"https:\/\/buletin.de\/bucuresti\/wp-content\/uploads\/2025\/11\/Schimbare-majora-anuntata-de-STB.-Linia-de-autobuz-246-va-avea-traseul-modificat-pana-in-aprilie-2023-c-1260x709-1.webp","width":1260,"height":709,"caption":"Sta\u021bie nou\u0103 pentru patru linii STB, pe Bulevardul Theodor Pallady. FOTO: TPBI"},{"@type":"BreadcrumbList","@id":"https:\/\/buletin.de\/bucuresti\/statie-noua-pentru-patru-linii-stb-pe-bulevardul-theodor-pallady\/#breadcrumb","itemListElement":[{"@type":"ListItem","position":1,"name":"Acas\u0103","item":"https:\/\/buletin.de\/bucuresti\/"},{"@type":"ListItem","position":2,"name":"Sta\u021bie nou\u0103 pentru patru linii STB, pe Bulevardul Theodor Pallady"}]},{"@type":"WebSite","@id":"https:\/\/buletin.de\/bucuresti\/#website","url":"https:\/\/buletin.de\/bucuresti\/","name":"Buletin de Bucure\u0219ti","description":"\u0218tiri \u0219i investiga\u021bii esen\u021biale din capital\u0103","publisher":{"@id":"https:\/\/buletin.de\/bucuresti\/#organization"},"potentialAction":[{"@type":"SearchAction","target":{"@type":"EntryPoint","urlTemplate":"https:\/\/buletin.de\/bucuresti\/?s={search_term_string}"},"query-input":{"@type":"PropertyValueSpecification","valueRequired":true,"valueName":"search_term_string"}}],"inLanguage":"en-GB"},{"@type":"Organization","@id":"https:\/\/buletin.de\/bucuresti\/#organization","name":"Buletin de Bucure\u0219ti","url":"https:\/\/buletin.de\/bucuresti\/","logo":{"@type":"ImageObject","inLanguage":"en-GB","@id":"https:\/\/buletin.de\/bucuresti\/#\/schema\/logo\/image\/","url":"https:\/\/buletin.de\/bucuresti\/wp-content\/uploads\/logo-bdb-full-wide-vernil-transparent.png","contentUrl":"https:\/\/buletin.de\/bucuresti\/wp-content\/uploads\/logo-bdb-full-wide-vernil-transparent.png","width":1782,"height":626,"caption":"Buletin de Bucure\u0219ti"},"image":{"@id":"https:\/\/buletin.de\/bucuresti\/#\/schema\/logo\/image\/"},"sameAs":["https:\/\/www.facebook.com\/buletin.de.buc","https:\/\/www.instagram.com\/buletinde.bucuresti\/"]},{"@type":"Person","@id":"https:\/\/buletin.de\/bucuresti\/#\/schema\/person\/7e46040573290777280a0835d81ea4ea","name":"Diana Matei","image":{"@type":"ImageObject","inLanguage":"en-GB","@id":"https:\/\/buletin.de\/bucuresti\/wp-content\/uploads\/9-2-96x96.jpg1e8590b30871d70e62ebcdaf2eff570c","url":"https:\/\/buletin.de\/bucuresti\/wp-content\/uploads\/9-2-96x96.jpg","contentUrl":"https:\/\/buletin.de\/bucuresti\/wp-content\/uploads\/9-2-96x96.jpg","caption":"Diana Matei"},"url":"https:\/\/buletin.de\/bucuresti\/author\/dianamatei\/"}]}},"authors":[{"term_id":22574,"user_id":49,"is_guest":0,"slug":"dianamatei","display_name":"Diana Matei","avatar_url":"https:\/\/buletin.de\/bucuresti\/wp-content\/uploads\/9-2-96x96.jpg","0":null,"1":"","2":"","3":"","4":"","5":"","6":"","7":"","8":""}],"_links":{"self":[{"href":"https:\/\/buletin.de\/bucuresti\/wp-json\/wp\/v2\/posts\/156036","targetHints":{"allow":["GET"]}}],"collection":[{"href":"https:\/\/buletin.de\/bucuresti\/wp-json\/wp\/v2\/posts"}],"about":[{"href":"https:\/\/buletin.de\/bucuresti\/wp-json\/wp\/v2\/types\/post"}],"author":[{"embeddable":true,"href":"https:\/\/buletin.de\/bucuresti\/wp-json\/wp\/v2\/users\/49"}],"replies":[{"embeddable":true,"href":"https:\/\/buletin.de\/bucuresti\/wp-json\/wp\/v2\/comments?post=156036"}],"version-history":[{"count":1,"href":"https:\/\/buletin.de\/bucuresti\/wp-json\/wp\/v2\/posts\/156036\/revisions"}],"predecessor-version":[{"id":156041,"href":"https:\/\/buletin.de\/bucuresti\/wp-json\/wp\/v2\/posts\/156036\/revisions\/156041"}],"wp:featuredmedia":[{"embeddable":true,"href":"https:\/\/buletin.de\/bucuresti\/wp-json\/wp\/v2\/media\/156040"}],"wp:attachment":[{"href":"https:\/\/buletin.de\/bucuresti\/wp-json\/wp\/v2\/media?parent=156036"}],"wp:term":[{"taxonomy":"category","embeddable":true,"href":"https:\/\/buletin.de\/bucuresti\/wp-json\/wp\/v2\/categories?post=156036"},{"taxonomy":"post_tag","embeddable":true,"href":"https:\/\/buletin.de\/bucuresti\/wp-json\/wp\/v2\/tags?post=156036"},{"taxonomy":"author","embeddable":true,"href":"https:\/\/buletin.de\/bucuresti\/wp-json\/wp\/v2\/ppma_author?post=156036"}],"curies":[{"name":"wp","href":"https:\/\/api.w.org\/{rel}","templated":true}]}}