{"id":155937,"date":"2025-11-02T20:50:49","date_gmt":"2025-11-02T17:50:49","guid":{"rendered":"https:\/\/buletin.de\/bucuresti\/?p=155937"},"modified":"2025-11-02T20:50:50","modified_gmt":"2025-11-02T17:50:50","slug":"livrator-strain-agresat-pe-o-strada-din-popesti-leordeni-politia-a-deschis-dosar-penal","status":"publish","type":"post","link":"https:\/\/buletin.de\/bucuresti\/livrator-strain-agresat-pe-o-strada-din-popesti-leordeni-politia-a-deschis-dosar-penal\/","title":{"rendered":"Livrator str\u0103in, agresat pe o strad\u0103 din Pope\u0219ti-Leordeni. Poli\u021bia a deschis dosar penal"},"content":{"rendered":"\n<p><strong>Un livrator str\u0103in a fost agresat pe o strad\u0103 din Pope\u0219ti-Leordeni de un cuplu, \u00een trafic. Incidentul a avut loc s\u00e2mb\u0103t\u0103, 1 noiembrie. Este vorba despre un t\u00e2n\u0103r \u00een v\u00e2rst\u0103 de 24 de ani, originar din Sri Lanka, a transmis poli\u021bia din Ilfov. <\/strong><\/p>\n\n\n\n<p>\u00cen imaginile ap\u0103rute pe re\u021belele sociale, se poate vedea cum o t\u00e2n\u0103r\u0103 \u00eel love\u0219te pe livrator cu un fir de \u00eenc\u0103rc\u0103tor \u0219i \u00eei adreseaz\u0103 injurii.<\/p>\n\n\n\n<p>Informa\u021bia privind agresiunea de s\u00e2mb\u0103t\u0103 a ap\u0103rut la <a href=\"https:\/\/www.stirilekanald.ro\/nu-nu-te-rog-sun-la-politie-inca-un-livrator-strain-agresat-de-un-cuplu-in-popesti-leordeni-tanara-l-a-agresat-pe-cetateanul-srilankez-in-plina-strada-si-daca-suni-la-politie-ce-te-bat-20504550\" target=\"_blank\" rel=\"noreferrer noopener\">\u0218tirile Kanal D<\/a>. Livratorul a fost cel care a sunat la 112 pentru a depune o pl\u00e2ngere \u00eempotriva cuplului. <\/p>\n\n\n\n<h2 class=\"wp-block-heading\" id=\"h-reac\u021bia-ipj-ilfov-dupa-ce-un-livrator-strain-a-fost-agresat-in-pope\u0219ti-leordeni\">Reac\u021bia IPJ Ilfov dup\u0103 ce un livrator str\u0103in a fost agresat \u00een Pope\u0219ti-Leordeni <\/h2>\n\n\n\n<p>Verific\u0103rile autorit\u0103\u021bilor au ar\u0103tat c\u0103 incidentul a avut loc s\u00e2mb\u0103t\u0103, \u00een timp ce livratorul conducea un motociclu.<\/p>\n\n\n\n<p><em>\u201e\u00cen data de 02 noiembrie a.c., \u00een jurul orei 12:45, poli\u0163i\u015fti din cadrul Poli\u0163iei Ora\u015fului Pope\u015fti-Leordeni au fost sesiza\u0163i de c\u0103tre o persoan\u0103 24 de ani de cet\u0103\u0163enie str\u0103in\u0103, cu privire la faptul c\u0103, \u00een timp ce conducea un motociclu, pe o strad\u0103 din Popesti-Leordeni, \u00een urma unei \u015fican\u0103ri \u00een trafic cu un autoturism, dou\u0103 persoane ar fi cobor\u00e2t \u015fi l-ar fi agresat fizic, ulterior adres\u00e2ndu-i injurii persoanei \u00een cauz\u0103.<\/em><\/p>\n\n\n\n<p><em>\u00cen jurul orei 15:45, \u00een urma unei \u015fican\u0103ri \u00een trafic \u00eentre t\u00e2n\u0103rul de 24 de ani \u015fi dou\u0103 persoane, ar fi avut loc un conflict verbal, cele dou\u0103 persoane adres\u00e2ndu-i expresii jignitoare, ulterior agres\u00e2ndu-l fizic cu un obiect \u00een zona pieptului.\u201d<\/em>, se precizeaz\u0103 \u00eentr-un comunicat al <a href=\"https:\/\/if.politiaromana.ro\/\" target=\"_blank\" rel=\"noreferrer noopener\">IPJ Ilfov<\/a>. <\/p>\n\n\n\n<p>\u00cen urma incidentului, Poli\u021bia a deschis dosar penal pentru infrac\u021biunea de lovire sau alte violen\u021be, iar cercet\u0103rile \u00een acest caz vor fi continuate. <\/p>\n\n\n\n<p>\u00centre timp, au fost identificate \u0219i duse la audieri cele dou\u0103 persoane care l-au agresat pe livrator. Este vorba despre o t\u00e2n\u0103r\u0103 de 23 de ani \u0219i de un adolescent \u00een v\u00e2rst\u0103 de 17 ani. <\/p>\n\n\n\n<p><strong>CITE\u0218TE \u0218I <a href=\"https:\/\/buletin.de\/bucuresti\/un-nou-caz-de-rasism-in-bucuresti-o-soferita-de-ride-sharing-a-refuzat-sa-transporte-o-studenta-cameruneza\/\" target=\"_blank\" rel=\"noreferrer noopener\">Un nou caz de rasism \u00een Bucure\u0219ti. O \u0219oferi\u021b\u0103 de ride-sharing a refuzat s\u0103 transporte o student\u0103 camerunez\u0103<\/a><\/strong><\/p>\n\n\n\n<p><\/p>\n\n\n\n<p><\/p>\n\n\n\n<p><\/p>\n\n\n\n<p><\/p>\n\n\n\n<p><\/p>\n\n\n\n<p><\/p>\n\n\n\n<p><\/p>\n","protected":false},"excerpt":{"rendered":"<p>Un livrator str\u0103in a fost agresat pe o strad\u0103 din Pope\u0219ti-Leordeni de un cuplu, \u00een trafic. Incidentul a avut loc s\u00e2mb\u0103t\u0103, 1 noiembrie. Este vorba despre un t\u00e2n\u0103r \u00een v\u00e2rst\u0103 de 24 de ani, originar din Sri Lanka, a transmis poli\u021bia din Ilfov. \u00cen imaginile ap\u0103rute pe re\u021belele sociale, se poate vedea cum o t\u00e2n\u0103r\u0103 [&hellip;]<\/p>\n","protected":false},"author":65,"featured_media":155939,"comment_status":"closed","ping_status":"open","sticky":false,"template":"","format":"standard","meta":{"_acf_changed":false,"inline_featured_image":false,"ngg_post_thumbnail":0,"footnotes":""},"categories":[6994,1432,62],"tags":[2063,2054,820,24529,1802],"ppma_author":[23912],"class_list":["post-155937","post","type-post","status-publish","format-standard","has-post-thumbnail","hentry","category-stiri-2","category-buletin-de-ilfov","category-stiri","tag-bucuresti-2","tag-capitala","tag-ilfov","tag-livrator-agresat","tag-popesti-leordeni"],"acf":[],"yoast_head":"<!-- This site is optimized with the Yoast SEO Premium plugin v25.3 (Yoast SEO v27.4) - https:\/\/yoast.com\/product\/yoast-seo-premium-wordpress\/ -->\n<title>Livrator str\u0103in, agresat pe o strad\u0103 din Pope\u0219ti-Leordeni. Poli\u021bia a deschis dosar penal - Buletin de Bucure\u0219ti<\/title>\n<meta name=\"description\" content=\"Un livrator str\u0103in a fost agresat pe o strad\u0103 din Pope\u0219ti-Leordeni de un cuplu, \u00een trafic. Incidentul a avut loc s\u00e2mb\u0103t\u0103, 1 noiembrie.\" \/>\n<meta name=\"robots\" content=\"index, follow, max-snippet:-1, max-image-preview:large, max-video-preview:-1\" \/>\n<link rel=\"canonical\" href=\"https:\/\/buletin.de\/bucuresti\/livrator-strain-agresat-pe-o-strada-din-popesti-leordeni-politia-a-deschis-dosar-penal\/\" \/>\n<meta property=\"og:locale\" content=\"en_GB\" \/>\n<meta property=\"og:type\" content=\"article\" \/>\n<meta property=\"og:title\" content=\"Livrator str\u0103in, agresat pe o strad\u0103 din Pope\u0219ti-Leordeni. Poli\u021bia a deschis dosar penal\" \/>\n<meta property=\"og:description\" content=\"Un livrator str\u0103in a fost agresat pe o strad\u0103 din Pope\u0219ti-Leordeni de un cuplu, \u00een trafic. Incidentul a avut loc s\u00e2mb\u0103t\u0103, 1 noiembrie.\" \/>\n<meta property=\"og:url\" content=\"https:\/\/buletin.de\/bucuresti\/livrator-strain-agresat-pe-o-strada-din-popesti-leordeni-politia-a-deschis-dosar-penal\/\" \/>\n<meta property=\"og:site_name\" content=\"Buletin de Bucure\u0219ti\" \/>\n<meta property=\"article:publisher\" content=\"https:\/\/www.facebook.com\/buletin.de.buc\" \/>\n<meta property=\"article:published_time\" content=\"2025-11-02T17:50:49+00:00\" \/>\n<meta property=\"article:modified_time\" content=\"2025-11-02T17:50:50+00:00\" \/>\n<meta property=\"og:image\" content=\"https:\/\/buletin.de\/bucuresti\/wp-content\/uploads\/2025\/11\/ID211756_INQUAM_Photos_George_Calin-scaled-e1762105505311.jpg\" \/>\n\t<meta property=\"og:image:width\" content=\"1975\" \/>\n\t<meta property=\"og:image:height\" content=\"1135\" \/>\n\t<meta property=\"og:image:type\" content=\"image\/jpeg\" \/>\n<meta name=\"author\" content=\"Andreea St\u0103n\u0103r\u00eeng\u0103\" \/>\n<meta name=\"twitter:card\" content=\"summary_large_image\" \/>\n<meta name=\"twitter:label1\" content=\"Written by\" \/>\n\t<meta name=\"twitter:data1\" content=\"Andreea St\u0103n\u0103r\u00eeng\u0103\" \/>\n\t<meta name=\"twitter:label2\" content=\"Estimated reading time\" \/>\n\t<meta name=\"twitter:data2\" content=\"2 minutes\" \/>\n<script type=\"application\/ld+json\" class=\"yoast-schema-graph\">{\"@context\":\"https:\\\/\\\/schema.org\",\"@graph\":[{\"@type\":\"Article\",\"@id\":\"https:\\\/\\\/buletin.de\\\/bucuresti\\\/livrator-strain-agresat-pe-o-strada-din-popesti-leordeni-politia-a-deschis-dosar-penal\\\/#article\",\"isPartOf\":{\"@id\":\"https:\\\/\\\/buletin.de\\\/bucuresti\\\/livrator-strain-agresat-pe-o-strada-din-popesti-leordeni-politia-a-deschis-dosar-penal\\\/\"},\"author\":{\"name\":\"Andreea St\u0103n\u0103r\u00eeng\u0103\",\"@id\":\"https:\\\/\\\/buletin.de\\\/bucuresti\\\/#\\\/schema\\\/person\\\/81421a46fb84a0887cfd2238f5202586\"},\"headline\":\"Livrator str\u0103in, agresat pe o strad\u0103 din Pope\u0219ti-Leordeni. Poli\u021bia a deschis dosar penal\",\"datePublished\":\"2025-11-02T17:50:49+00:00\",\"dateModified\":\"2025-11-02T17:50:50+00:00\",\"mainEntityOfPage\":{\"@id\":\"https:\\\/\\\/buletin.de\\\/bucuresti\\\/livrator-strain-agresat-pe-o-strada-din-popesti-leordeni-politia-a-deschis-dosar-penal\\\/\"},\"wordCount\":382,\"publisher\":{\"@id\":\"https:\\\/\\\/buletin.de\\\/bucuresti\\\/#organization\"},\"image\":{\"@id\":\"https:\\\/\\\/buletin.de\\\/bucuresti\\\/livrator-strain-agresat-pe-o-strada-din-popesti-leordeni-politia-a-deschis-dosar-penal\\\/#primaryimage\"},\"thumbnailUrl\":\"https:\\\/\\\/buletin.de\\\/bucuresti\\\/wp-content\\\/uploads\\\/2025\\\/11\\\/ID211756_INQUAM_Photos_George_Calin-scaled-e1762105505311.jpg\",\"keywords\":[\"Bucure\u0219ti\",\"Capitala\",\"Ilfov\",\"livrator agresat\",\"popesti leordeni\"],\"articleSection\":[\"Articole\",\"Buletin de Ilfov\",\"\u0218tiri\"],\"inLanguage\":\"en-GB\",\"copyrightYear\":\"2025\",\"copyrightHolder\":{\"@id\":\"https:\\\/\\\/buletin.de\\\/bucuresti\\\/#organization\"}},{\"@type\":\"WebPage\",\"@id\":\"https:\\\/\\\/buletin.de\\\/bucuresti\\\/livrator-strain-agresat-pe-o-strada-din-popesti-leordeni-politia-a-deschis-dosar-penal\\\/\",\"url\":\"https:\\\/\\\/buletin.de\\\/bucuresti\\\/livrator-strain-agresat-pe-o-strada-din-popesti-leordeni-politia-a-deschis-dosar-penal\\\/\",\"name\":\"Livrator str\u0103in, agresat pe o strad\u0103 din Pope\u0219ti-Leordeni. Poli\u021bia a deschis dosar penal - Buletin de Bucure\u0219ti\",\"isPartOf\":{\"@id\":\"https:\\\/\\\/buletin.de\\\/bucuresti\\\/#website\"},\"primaryImageOfPage\":{\"@id\":\"https:\\\/\\\/buletin.de\\\/bucuresti\\\/livrator-strain-agresat-pe-o-strada-din-popesti-leordeni-politia-a-deschis-dosar-penal\\\/#primaryimage\"},\"image\":{\"@id\":\"https:\\\/\\\/buletin.de\\\/bucuresti\\\/livrator-strain-agresat-pe-o-strada-din-popesti-leordeni-politia-a-deschis-dosar-penal\\\/#primaryimage\"},\"thumbnailUrl\":\"https:\\\/\\\/buletin.de\\\/bucuresti\\\/wp-content\\\/uploads\\\/2025\\\/11\\\/ID211756_INQUAM_Photos_George_Calin-scaled-e1762105505311.jpg\",\"datePublished\":\"2025-11-02T17:50:49+00:00\",\"dateModified\":\"2025-11-02T17:50:50+00:00\",\"description\":\"Un livrator str\u0103in a fost agresat pe o strad\u0103 din Pope\u0219ti-Leordeni de un cuplu, \u00een trafic. Incidentul a avut loc s\u00e2mb\u0103t\u0103, 1 noiembrie.\",\"breadcrumb\":{\"@id\":\"https:\\\/\\\/buletin.de\\\/bucuresti\\\/livrator-strain-agresat-pe-o-strada-din-popesti-leordeni-politia-a-deschis-dosar-penal\\\/#breadcrumb\"},\"inLanguage\":\"en-GB\",\"potentialAction\":[{\"@type\":\"ReadAction\",\"target\":[\"https:\\\/\\\/buletin.de\\\/bucuresti\\\/livrator-strain-agresat-pe-o-strada-din-popesti-leordeni-politia-a-deschis-dosar-penal\\\/\"]}]},{\"@type\":\"ImageObject\",\"inLanguage\":\"en-GB\",\"@id\":\"https:\\\/\\\/buletin.de\\\/bucuresti\\\/livrator-strain-agresat-pe-o-strada-din-popesti-leordeni-politia-a-deschis-dosar-penal\\\/#primaryimage\",\"url\":\"https:\\\/\\\/buletin.de\\\/bucuresti\\\/wp-content\\\/uploads\\\/2025\\\/11\\\/ID211756_INQUAM_Photos_George_Calin-scaled-e1762105505311.jpg\",\"contentUrl\":\"https:\\\/\\\/buletin.de\\\/bucuresti\\\/wp-content\\\/uploads\\\/2025\\\/11\\\/ID211756_INQUAM_Photos_George_Calin-scaled-e1762105505311.jpg\",\"width\":1975,\"height\":1135,\"caption\":\"Un livrator str\u0103in a fost agresat \u00een Pope\u0219ti-Leordeni. Foto: Inquam Photos \\\/ George C\u0103lin\"},{\"@type\":\"BreadcrumbList\",\"@id\":\"https:\\\/\\\/buletin.de\\\/bucuresti\\\/livrator-strain-agresat-pe-o-strada-din-popesti-leordeni-politia-a-deschis-dosar-penal\\\/#breadcrumb\",\"itemListElement\":[{\"@type\":\"ListItem\",\"position\":1,\"name\":\"Acas\u0103\",\"item\":\"https:\\\/\\\/buletin.de\\\/bucuresti\\\/\"},{\"@type\":\"ListItem\",\"position\":2,\"name\":\"Livrator str\u0103in, agresat pe o strad\u0103 din Pope\u0219ti-Leordeni. Poli\u021bia a deschis dosar penal\"}]},{\"@type\":\"WebSite\",\"@id\":\"https:\\\/\\\/buletin.de\\\/bucuresti\\\/#website\",\"url\":\"https:\\\/\\\/buletin.de\\\/bucuresti\\\/\",\"name\":\"Buletin de Bucure\u0219ti\",\"description\":\"\u0218tiri \u0219i investiga\u021bii esen\u021biale din capital\u0103\",\"publisher\":{\"@id\":\"https:\\\/\\\/buletin.de\\\/bucuresti\\\/#organization\"},\"potentialAction\":[{\"@type\":\"SearchAction\",\"target\":{\"@type\":\"EntryPoint\",\"urlTemplate\":\"https:\\\/\\\/buletin.de\\\/bucuresti\\\/?s={search_term_string}\"},\"query-input\":{\"@type\":\"PropertyValueSpecification\",\"valueRequired\":true,\"valueName\":\"search_term_string\"}}],\"inLanguage\":\"en-GB\"},{\"@type\":\"Organization\",\"@id\":\"https:\\\/\\\/buletin.de\\\/bucuresti\\\/#organization\",\"name\":\"Buletin de Bucure\u0219ti\",\"url\":\"https:\\\/\\\/buletin.de\\\/bucuresti\\\/\",\"logo\":{\"@type\":\"ImageObject\",\"inLanguage\":\"en-GB\",\"@id\":\"https:\\\/\\\/buletin.de\\\/bucuresti\\\/#\\\/schema\\\/logo\\\/image\\\/\",\"url\":\"https:\\\/\\\/buletin.de\\\/bucuresti\\\/wp-content\\\/uploads\\\/logo-bdb-full-wide-vernil-transparent.png\",\"contentUrl\":\"https:\\\/\\\/buletin.de\\\/bucuresti\\\/wp-content\\\/uploads\\\/logo-bdb-full-wide-vernil-transparent.png\",\"width\":1782,\"height\":626,\"caption\":\"Buletin de Bucure\u0219ti\"},\"image\":{\"@id\":\"https:\\\/\\\/buletin.de\\\/bucuresti\\\/#\\\/schema\\\/logo\\\/image\\\/\"},\"sameAs\":[\"https:\\\/\\\/www.facebook.com\\\/buletin.de.buc\",\"https:\\\/\\\/www.instagram.com\\\/buletinde.bucuresti\\\/\"]},{\"@type\":\"Person\",\"@id\":\"https:\\\/\\\/buletin.de\\\/bucuresti\\\/#\\\/schema\\\/person\\\/81421a46fb84a0887cfd2238f5202586\",\"name\":\"Andreea St\u0103n\u0103r\u00eeng\u0103\",\"image\":{\"@type\":\"ImageObject\",\"inLanguage\":\"en-GB\",\"@id\":\"https:\\\/\\\/secure.gravatar.com\\\/avatar\\\/dfa8d227a4388fad0f0bb03add04b5b176f4da34397dbb2eadc563b3d7162ce0?s=96&d=monsterid&r=g72784372b39ffe5a98a45288fe0d0e8a\",\"url\":\"https:\\\/\\\/secure.gravatar.com\\\/avatar\\\/dfa8d227a4388fad0f0bb03add04b5b176f4da34397dbb2eadc563b3d7162ce0?s=96&d=monsterid&r=g\",\"contentUrl\":\"https:\\\/\\\/secure.gravatar.com\\\/avatar\\\/dfa8d227a4388fad0f0bb03add04b5b176f4da34397dbb2eadc563b3d7162ce0?s=96&d=monsterid&r=g\",\"caption\":\"Andreea St\u0103n\u0103r\u00eeng\u0103\"},\"description\":\"Cu o experien\u021b\u0103 de peste 5 ani \u00een pres\u0103, face parte din echipa Buletin de Bucure\u0219ti din septembrie 2025. A colaborat cu c\u00e2teva publica\u021bii, printre care \u0219i Fanatik.ro, unde s-a ocupat de \u0219tiri de lifestyle \u0219i de actualitate. A f\u0103cut un pas c\u0103tre presa local\u0103 pentru a explora Bucure\u0219tiul \u0219i pove\u0219tile care merit\u0103 spuse.\",\"url\":\"https:\\\/\\\/buletin.de\\\/bucuresti\\\/author\\\/andreea-stanaranga\\\/\"}]}<\/script>\n<!-- \/ Yoast SEO Premium plugin. -->","yoast_head_json":{"title":"Livrator str\u0103in, agresat pe o strad\u0103 din Pope\u0219ti-Leordeni. Poli\u021bia a deschis dosar penal - Buletin de Bucure\u0219ti","description":"Un livrator str\u0103in a fost agresat pe o strad\u0103 din Pope\u0219ti-Leordeni de un cuplu, \u00een trafic. Incidentul a avut loc s\u00e2mb\u0103t\u0103, 1 noiembrie.","robots":{"index":"index","follow":"follow","max-snippet":"max-snippet:-1","max-image-preview":"max-image-preview:large","max-video-preview":"max-video-preview:-1"},"canonical":"https:\/\/buletin.de\/bucuresti\/livrator-strain-agresat-pe-o-strada-din-popesti-leordeni-politia-a-deschis-dosar-penal\/","og_locale":"en_GB","og_type":"article","og_title":"Livrator str\u0103in, agresat pe o strad\u0103 din Pope\u0219ti-Leordeni. Poli\u021bia a deschis dosar penal","og_description":"Un livrator str\u0103in a fost agresat pe o strad\u0103 din Pope\u0219ti-Leordeni de un cuplu, \u00een trafic. Incidentul a avut loc s\u00e2mb\u0103t\u0103, 1 noiembrie.","og_url":"https:\/\/buletin.de\/bucuresti\/livrator-strain-agresat-pe-o-strada-din-popesti-leordeni-politia-a-deschis-dosar-penal\/","og_site_name":"Buletin de Bucure\u0219ti","article_publisher":"https:\/\/www.facebook.com\/buletin.de.buc","article_published_time":"2025-11-02T17:50:49+00:00","article_modified_time":"2025-11-02T17:50:50+00:00","og_image":[{"width":1975,"height":1135,"url":"https:\/\/buletin.de\/bucuresti\/wp-content\/uploads\/2025\/11\/ID211756_INQUAM_Photos_George_Calin-scaled-e1762105505311.jpg","type":"image\/jpeg"}],"author":"Andreea St\u0103n\u0103r\u00eeng\u0103","twitter_card":"summary_large_image","twitter_misc":{"Written by":"Andreea St\u0103n\u0103r\u00eeng\u0103","Estimated reading time":"2 minutes"},"schema":{"@context":"https:\/\/schema.org","@graph":[{"@type":"Article","@id":"https:\/\/buletin.de\/bucuresti\/livrator-strain-agresat-pe-o-strada-din-popesti-leordeni-politia-a-deschis-dosar-penal\/#article","isPartOf":{"@id":"https:\/\/buletin.de\/bucuresti\/livrator-strain-agresat-pe-o-strada-din-popesti-leordeni-politia-a-deschis-dosar-penal\/"},"author":{"name":"Andreea St\u0103n\u0103r\u00eeng\u0103","@id":"https:\/\/buletin.de\/bucuresti\/#\/schema\/person\/81421a46fb84a0887cfd2238f5202586"},"headline":"Livrator str\u0103in, agresat pe o strad\u0103 din Pope\u0219ti-Leordeni. Poli\u021bia a deschis dosar penal","datePublished":"2025-11-02T17:50:49+00:00","dateModified":"2025-11-02T17:50:50+00:00","mainEntityOfPage":{"@id":"https:\/\/buletin.de\/bucuresti\/livrator-strain-agresat-pe-o-strada-din-popesti-leordeni-politia-a-deschis-dosar-penal\/"},"wordCount":382,"publisher":{"@id":"https:\/\/buletin.de\/bucuresti\/#organization"},"image":{"@id":"https:\/\/buletin.de\/bucuresti\/livrator-strain-agresat-pe-o-strada-din-popesti-leordeni-politia-a-deschis-dosar-penal\/#primaryimage"},"thumbnailUrl":"https:\/\/buletin.de\/bucuresti\/wp-content\/uploads\/2025\/11\/ID211756_INQUAM_Photos_George_Calin-scaled-e1762105505311.jpg","keywords":["Bucure\u0219ti","Capitala","Ilfov","livrator agresat","popesti leordeni"],"articleSection":["Articole","Buletin de Ilfov","\u0218tiri"],"inLanguage":"en-GB","copyrightYear":"2025","copyrightHolder":{"@id":"https:\/\/buletin.de\/bucuresti\/#organization"}},{"@type":"WebPage","@id":"https:\/\/buletin.de\/bucuresti\/livrator-strain-agresat-pe-o-strada-din-popesti-leordeni-politia-a-deschis-dosar-penal\/","url":"https:\/\/buletin.de\/bucuresti\/livrator-strain-agresat-pe-o-strada-din-popesti-leordeni-politia-a-deschis-dosar-penal\/","name":"Livrator str\u0103in, agresat pe o strad\u0103 din Pope\u0219ti-Leordeni. Poli\u021bia a deschis dosar penal - Buletin de Bucure\u0219ti","isPartOf":{"@id":"https:\/\/buletin.de\/bucuresti\/#website"},"primaryImageOfPage":{"@id":"https:\/\/buletin.de\/bucuresti\/livrator-strain-agresat-pe-o-strada-din-popesti-leordeni-politia-a-deschis-dosar-penal\/#primaryimage"},"image":{"@id":"https:\/\/buletin.de\/bucuresti\/livrator-strain-agresat-pe-o-strada-din-popesti-leordeni-politia-a-deschis-dosar-penal\/#primaryimage"},"thumbnailUrl":"https:\/\/buletin.de\/bucuresti\/wp-content\/uploads\/2025\/11\/ID211756_INQUAM_Photos_George_Calin-scaled-e1762105505311.jpg","datePublished":"2025-11-02T17:50:49+00:00","dateModified":"2025-11-02T17:50:50+00:00","description":"Un livrator str\u0103in a fost agresat pe o strad\u0103 din Pope\u0219ti-Leordeni de un cuplu, \u00een trafic. Incidentul a avut loc s\u00e2mb\u0103t\u0103, 1 noiembrie.","breadcrumb":{"@id":"https:\/\/buletin.de\/bucuresti\/livrator-strain-agresat-pe-o-strada-din-popesti-leordeni-politia-a-deschis-dosar-penal\/#breadcrumb"},"inLanguage":"en-GB","potentialAction":[{"@type":"ReadAction","target":["https:\/\/buletin.de\/bucuresti\/livrator-strain-agresat-pe-o-strada-din-popesti-leordeni-politia-a-deschis-dosar-penal\/"]}]},{"@type":"ImageObject","inLanguage":"en-GB","@id":"https:\/\/buletin.de\/bucuresti\/livrator-strain-agresat-pe-o-strada-din-popesti-leordeni-politia-a-deschis-dosar-penal\/#primaryimage","url":"https:\/\/buletin.de\/bucuresti\/wp-content\/uploads\/2025\/11\/ID211756_INQUAM_Photos_George_Calin-scaled-e1762105505311.jpg","contentUrl":"https:\/\/buletin.de\/bucuresti\/wp-content\/uploads\/2025\/11\/ID211756_INQUAM_Photos_George_Calin-scaled-e1762105505311.jpg","width":1975,"height":1135,"caption":"Un livrator str\u0103in a fost agresat \u00een Pope\u0219ti-Leordeni. Foto: Inquam Photos \/ George C\u0103lin"},{"@type":"BreadcrumbList","@id":"https:\/\/buletin.de\/bucuresti\/livrator-strain-agresat-pe-o-strada-din-popesti-leordeni-politia-a-deschis-dosar-penal\/#breadcrumb","itemListElement":[{"@type":"ListItem","position":1,"name":"Acas\u0103","item":"https:\/\/buletin.de\/bucuresti\/"},{"@type":"ListItem","position":2,"name":"Livrator str\u0103in, agresat pe o strad\u0103 din Pope\u0219ti-Leordeni. Poli\u021bia a deschis dosar penal"}]},{"@type":"WebSite","@id":"https:\/\/buletin.de\/bucuresti\/#website","url":"https:\/\/buletin.de\/bucuresti\/","name":"Buletin de Bucure\u0219ti","description":"\u0218tiri \u0219i investiga\u021bii esen\u021biale din capital\u0103","publisher":{"@id":"https:\/\/buletin.de\/bucuresti\/#organization"},"potentialAction":[{"@type":"SearchAction","target":{"@type":"EntryPoint","urlTemplate":"https:\/\/buletin.de\/bucuresti\/?s={search_term_string}"},"query-input":{"@type":"PropertyValueSpecification","valueRequired":true,"valueName":"search_term_string"}}],"inLanguage":"en-GB"},{"@type":"Organization","@id":"https:\/\/buletin.de\/bucuresti\/#organization","name":"Buletin de Bucure\u0219ti","url":"https:\/\/buletin.de\/bucuresti\/","logo":{"@type":"ImageObject","inLanguage":"en-GB","@id":"https:\/\/buletin.de\/bucuresti\/#\/schema\/logo\/image\/","url":"https:\/\/buletin.de\/bucuresti\/wp-content\/uploads\/logo-bdb-full-wide-vernil-transparent.png","contentUrl":"https:\/\/buletin.de\/bucuresti\/wp-content\/uploads\/logo-bdb-full-wide-vernil-transparent.png","width":1782,"height":626,"caption":"Buletin de Bucure\u0219ti"},"image":{"@id":"https:\/\/buletin.de\/bucuresti\/#\/schema\/logo\/image\/"},"sameAs":["https:\/\/www.facebook.com\/buletin.de.buc","https:\/\/www.instagram.com\/buletinde.bucuresti\/"]},{"@type":"Person","@id":"https:\/\/buletin.de\/bucuresti\/#\/schema\/person\/81421a46fb84a0887cfd2238f5202586","name":"Andreea St\u0103n\u0103r\u00eeng\u0103","image":{"@type":"ImageObject","inLanguage":"en-GB","@id":"https:\/\/secure.gravatar.com\/avatar\/dfa8d227a4388fad0f0bb03add04b5b176f4da34397dbb2eadc563b3d7162ce0?s=96&d=monsterid&r=g72784372b39ffe5a98a45288fe0d0e8a","url":"https:\/\/secure.gravatar.com\/avatar\/dfa8d227a4388fad0f0bb03add04b5b176f4da34397dbb2eadc563b3d7162ce0?s=96&d=monsterid&r=g","contentUrl":"https:\/\/secure.gravatar.com\/avatar\/dfa8d227a4388fad0f0bb03add04b5b176f4da34397dbb2eadc563b3d7162ce0?s=96&d=monsterid&r=g","caption":"Andreea St\u0103n\u0103r\u00eeng\u0103"},"description":"Cu o experien\u021b\u0103 de peste 5 ani \u00een pres\u0103, face parte din echipa Buletin de Bucure\u0219ti din septembrie 2025. A colaborat cu c\u00e2teva publica\u021bii, printre care \u0219i Fanatik.ro, unde s-a ocupat de \u0219tiri de lifestyle \u0219i de actualitate. A f\u0103cut un pas c\u0103tre presa local\u0103 pentru a explora Bucure\u0219tiul \u0219i pove\u0219tile care merit\u0103 spuse.","url":"https:\/\/buletin.de\/bucuresti\/author\/andreea-stanaranga\/"}]}},"authors":[{"term_id":23912,"user_id":65,"is_guest":0,"slug":"andreea-stanaranga","display_name":"Andreea St\u0103n\u0103r\u00eeng\u0103","avatar_url":"https:\/\/secure.gravatar.com\/avatar\/dfa8d227a4388fad0f0bb03add04b5b176f4da34397dbb2eadc563b3d7162ce0?s=96&d=monsterid&r=g","0":null,"1":"","2":"","3":"","4":"","5":"","6":"","7":"","8":""}],"_links":{"self":[{"href":"https:\/\/buletin.de\/bucuresti\/wp-json\/wp\/v2\/posts\/155937","targetHints":{"allow":["GET"]}}],"collection":[{"href":"https:\/\/buletin.de\/bucuresti\/wp-json\/wp\/v2\/posts"}],"about":[{"href":"https:\/\/buletin.de\/bucuresti\/wp-json\/wp\/v2\/types\/post"}],"author":[{"embeddable":true,"href":"https:\/\/buletin.de\/bucuresti\/wp-json\/wp\/v2\/users\/65"}],"replies":[{"embeddable":true,"href":"https:\/\/buletin.de\/bucuresti\/wp-json\/wp\/v2\/comments?post=155937"}],"version-history":[{"count":2,"href":"https:\/\/buletin.de\/bucuresti\/wp-json\/wp\/v2\/posts\/155937\/revisions"}],"predecessor-version":[{"id":155942,"href":"https:\/\/buletin.de\/bucuresti\/wp-json\/wp\/v2\/posts\/155937\/revisions\/155942"}],"wp:featuredmedia":[{"embeddable":true,"href":"https:\/\/buletin.de\/bucuresti\/wp-json\/wp\/v2\/media\/155939"}],"wp:attachment":[{"href":"https:\/\/buletin.de\/bucuresti\/wp-json\/wp\/v2\/media?parent=155937"}],"wp:term":[{"taxonomy":"category","embeddable":true,"href":"https:\/\/buletin.de\/bucuresti\/wp-json\/wp\/v2\/categories?post=155937"},{"taxonomy":"post_tag","embeddable":true,"href":"https:\/\/buletin.de\/bucuresti\/wp-json\/wp\/v2\/tags?post=155937"},{"taxonomy":"author","embeddable":true,"href":"https:\/\/buletin.de\/bucuresti\/wp-json\/wp\/v2\/ppma_author?post=155937"}],"curies":[{"name":"wp","href":"https:\/\/api.w.org\/{rel}","templated":true}]}}