{"id":15584,"date":"2020-11-23T15:51:18","date_gmt":"2020-11-23T12:51:18","guid":{"rendered":"https:\/\/buletin.de\/bucuresti\/?p=15584"},"modified":"2020-11-23T15:52:43","modified_gmt":"2020-11-23T12:52:43","slug":"depasiri-de-pana-la-trei-ori-la-limitele-pentru-hidrogen-sulfurat-in-nord-vestul-capitalei-laboratorul-pmb-a-facut-masuratori-in-apropierea-gropii-de-gunoi-de-la-chiajna","status":"publish","type":"post","link":"https:\/\/buletin.de\/bucuresti\/depasiri-de-pana-la-trei-ori-la-limitele-pentru-hidrogen-sulfurat-in-nord-vestul-capitalei-laboratorul-pmb-a-facut-masuratori-in-apropierea-gropii-de-gunoi-de-la-chiajna\/","title":{"rendered":"Dep\u0103\u0219iri de p\u00e2n\u0103 la trei ori la limitele pentru hidrogen sulfurat \u00een Nord-Vestul Capitalei. Laboratorul PMB a f\u0103cut m\u0103sur\u0103tori \u00een apropierea gropii de gunoi de la Chiajna"},"content":{"rendered":"\n<p><strong>\u00cen ultimele dou\u0103 luni, autolaboratorul Prim\u0103riei Generale de m\u0103surare a calit\u0103\u021bii aerului a f\u0103cut analize de poluare \u00een Sudul \u0219i \u00een Nord-Estul localit\u0103\u021bii Chiajna, \u00een zona Militari Residence, pe strada Drumul Osiei, respectiv \u00een cartierul Bucure\u0219tii Noi, la depoul STB.<\/strong><\/p>\n\n\n\n<p>Dac\u0103 \u00een cazul PM 10, PM 2,5, a dioxidului de azot, dioxidului de sulf \u0219i a monoxidului de carbon s-au \u00eenregistrat valori p\u00e2n\u0103 \u00een limitele maxime admise, la indicativul hidrogen sulfurat dep\u0103\u0219irile au fost constante, mai ales pe timpul nop\u021bii.<\/p>\n\n\n\n<p>Mai precis, \u00eencep\u00e2nd cu 24 octombrie \u0219i p\u00e2n\u0103 \u00een ultima zi \u00een care laboratorul a sta\u021bionat \u00een zona, pe 8 noiembrie, au fost \u00eenregistrate dep\u0103\u0219iri \u00een sa\u0219e zile diferite.<\/p>\n\n\n\n<p><a href=\"http:\/\/www.anpm.ro\/documents\/14011\/34547034\/STAS+12574.pdf\/edc7ed15-e971-4604-8c57-a25ade67c3d3\">Standardul pentru aerul din zone protejate pentru poluantul hidrogen sulfurat<\/a> prevede o concentra\u0163ie admisibil\u0103, pe un interval maxim de 30 de minute, de 15 \u00b5g\/m\u00b3.&nbsp; Tot ce dep\u0103\u0219e\u0219te aceast\u0103 valoare este nociv pentru s\u0103n\u0103tatea uman\u0103.<\/p>\n\n\n\n<p>Ac\u021biunea toxic\u0103 a acestui gaz este complex\u0103 pentru c\u0103 afecteaz\u0103 simultan mai multe func\u021bii ale organismului. Cea mai important\u0103 este asupra s\u00e2ngelui acolo unde reac\u021bioneaz\u0103 cu fierul \u0219i blocheaz\u0103 astfel transportul oxigenului.<\/p>\n\n\n\n<p>C\u00e2t a sta\u021bionat \u00een zona Militari Residence, laboratorul PMB a determinat dep\u0103\u0219iri de p\u00e2n\u0103 la 2,6 ori fa\u021b\u0103 de limit\u0103 maxim\u0103 admis\u0103, \u00eencep\u00e2nd cu 24 octombrie c\u00e2nd s-au \u00eenregistrat, la ora 01:00, 39,6 \u00b5g\/m\u00b3.<\/p>\n\n\n\n<figure class=\"wp-block-image size-large\"><img fetchpriority=\"high\" decoding=\"async\" width=\"900\" height=\"355\" src=\"data:image\/gif;base64,R0lGODlhAQABAAAAACH5BAEKAAEALAAAAAABAAEAAAICTAEAOw==\" data-src=\"https:\/\/buletin.de\/bucuresti\/wp-content\/uploads\/captura-tabel-noapte-900x355.jpg\" alt=\"\" class=\"wp-image-15588 lazyload\" data-sizes=\"auto\" data-srcset=\"https:\/\/buletin.de\/bucuresti\/wp-content\/uploads\/captura-tabel-noapte-900x355.jpg 900w, https:\/\/buletin.de\/bucuresti\/wp-content\/uploads\/captura-tabel-noapte-300x118.jpg 300w, https:\/\/buletin.de\/bucuresti\/wp-content\/uploads\/captura-tabel-noapte-768x303.jpg 768w, https:\/\/buletin.de\/bucuresti\/wp-content\/uploads\/captura-tabel-noapte-550x217.jpg 550w, https:\/\/buletin.de\/bucuresti\/wp-content\/uploads\/captura-tabel-noapte-600x236.jpg 600w, https:\/\/buletin.de\/bucuresti\/wp-content\/uploads\/captura-tabel-noapte.jpg 1043w\" sizes=\"(max-width: 900px) 100vw, 900px\" \/><\/figure>\n\n\n\n<p>Pe 27 \u0219i 31 octombrie s-au \u00eenregistrat din nou cre\u0219teri care au continuat \u0219i \u00een zilele de 3, 4 \u0219i 8 noiembrie. Cu excep\u021bia a dou\u0103 zile, respectiv 1 \u0219i 2 noiembrie, concentra\u021bia a fost aproape de limita maxim\u0103 \u0219i a oscilat \u00eentre 13,7 \u0219i 14,2 \u00b5g de hidrogen sulfurat la un metru cub de aer.<\/p>\n\n\n\n<p>Rapoartele autolaboratorului PMB pot fi consultate <a href=\"https:\/\/doc.pmb.ro\/institutii\/primaria\/directii\/directia_mediu\/locatii_valori_mediu\/docs\/depou_stb_bucurestii_noi_08_28oct_2020.pdf\">aici<\/a> \u0219i <a href=\"https:\/\/doc.pmb.ro\/institutii\/primaria\/directii\/directia_mediu\/locatii_valori_mediu\/docs\/depou_stb_bucurestii_noi_08_28oct_2020.pdf\">ai<\/a><a href=\"https:\/\/doc.pmb.ro\/institutii\/primaria\/directii\/directia_mediu\/locatii_valori_mediu\/docs\/osiei_31oct_08noiemb2020.pdf\">c<\/a><a href=\"https:\/\/doc.pmb.ro\/institutii\/primaria\/directii\/directia_mediu\/locatii_valori_mediu\/docs\/depou_stb_bucurestii_noi_08_28oct_2020.pdf\">i<\/a>.<\/p>\n\n\n\n<h2 class=\"wp-block-heading\"><strong>Un secret \u0219tiut de toat\u0103 lumea<\/strong><\/h2>\n\n\n\n<p>M\u0103sur\u0103torile Prim\u0103riei Generale au avut loc la 3,5, respectiv 5 kilometri distan\u021b\u0103 de depozitul de de\u0219euri din Chiajna. \u00cen trecut, <a href=\"https:\/\/stirileprotv.ro\/stiri\/social\/mirosul-insuportabil-din-capitala-ar-putea-proveni-de-la-depozitul-de-deseuri-din-chiajna-ce-au-filmat-comisarii-de-mediu.html\">comisarii G\u0103rzii de Mediu au constatat \u0219i filmat erup\u021bii ale gazului din p\u0103m\u00e2ntul cu care fuseser\u0103 acoperit\u0103 o celul\u0103 de depozitare.<\/a><\/p>\n\n\n\n<p>Problematica emisiilor de hidrogen sulfurat a ajuns \u0219i \u00een instan\u021b\u0103 ca parte a procesului \u00een urma c\u0103ruia <a href=\"https:\/\/buletin.de\/bucuresti\/groapa-de-gunoi-din-chiaja-ilegala-autorizatia-de-mediu-pentru-pentru-ultimele-celule-de-depozitare-a-fost-suspendata-de-instanta\/\">Tribunalul Bucure\u0219ti a dispus \u00een luna august anularea autoriza\u021biei integrate de mediu,<\/a> pentru ultimele dou\u0103 compartimente func\u021bionale ale gropii de gunoi de la Chiajna-Rudeni.<\/p>\n\n\n\n<p>\u201e<em>C\u00e2t prive\u0219te problematica hidrogenului sulfurat vorbim despre ni\u0219te tuburi foarte ad\u00e2nci care sunt \u00een masa gunoiului \u0219i care str\u00e2ng a\u0219a-numitul gaz de depozit. Acesta are diverse componente precum metanul, amoniacul sau hidrogenul sulfurat. Tehnologia este una \u00eenvechit\u0103, tipic\u0103 anilor \u201990, \u0219i presupune ca acest gaz s\u0103 fie str\u00e2ns cu ajutorul acelor tuburi \u0219i ulterior ars pentru a nu distruge atmosfera. Instala\u021bia de ardere este foarte costisitoare<\/em>\u201d, explic\u0103, pentru Buletin de Bucure\u0219ti, avocatul Dumitru Dobrev, cel care a reprezentat \u00een instan\u021b\u0103 dou\u0103 ONG-uri de protec\u021bie a mediului \u0219i Prim\u0103ria Sectorului 1.<\/p>\n\n\n\n<p>Dosarul, care are aproape 40 de volume, a con\u021binut \u0219i o expertiz\u0103 \u00een acest sens.<\/p>\n\n\n\n<p>&nbsp;\u201e<em>Noi \u00een cadrul procesului am administrat o prob\u0103 cu expertiz\u0103 tehnic\u0103 de mediu pentru a vedea instan\u021ba dac\u0103 \u00eentr-adev\u0103r sunt dep\u0103\u0219iri la gazele care sunt trecute \u00een autoriza\u021bia integrat\u0103 de mediu. Expertul a recurs la serviciile unui laborator acreditat \u0219i a f\u0103cut determin\u0103ri acolo. \u00cen timpul s\u0103pt\u0103m\u00e2nilor c\u00e2t s-a f\u0103cut expertiza tehnic\u0103, din p\u0103cate, nu au rezultat dep\u0103\u0219iri la hidrogenul sulfurat. A fost un joc de-a \u0219oarecele \u0219i pisica<\/em>\u201d, conchide avocatul.<\/p>\n\n\n\n<p>Compartimentele C6 \u0219i C7, \u00een privin\u021ba c\u0103rora instan\u021ba a dispus anularea autoriza\u021biei de mediu,&nbsp; ocup\u0103 o suprafa\u021ba total\u0103 de 78.343 mp \u0219i erau ultimele active de la groapa de gunoi din Chiajna, celulele 1-5 fiind \u00eenchise la jum\u0103tatea anilor 2010.<\/p>\n\n\n\n<p>Decizia nu este definitiv\u0103 \u0219i poate fi atacat\u0103 cu recurs la Curtea de Apel Bucure\u0219ti.<\/p>\n\n\n\n<p>FOTO: Inquam Photos<\/p>\n","protected":false},"excerpt":{"rendered":"<p>\u00cen ultimele dou\u0103 luni, autolaboratorul Prim\u0103riei Generale de m\u0103surare a calit\u0103\u021bii aerului a f\u0103cut analize de poluare \u00een Sudul \u0219i \u00een Nord-Estul localit\u0103\u021bii Chiajna, \u00een zona Militari Residence, pe strada Drumul Osiei, respectiv \u00een cartierul Bucure\u0219tii Noi, la depoul STB. Dac\u0103 \u00een cazul PM 10, PM 2,5, a dioxidului de azot, dioxidului de sulf \u0219i [&hellip;]<\/p>\n","protected":false},"author":10,"featured_media":15589,"comment_status":"closed","ping_status":"open","sticky":false,"template":"","format":"standard","meta":{"_acf_changed":false,"inline_featured_image":false,"ngg_post_thumbnail":0,"footnotes":""},"categories":[109],"tags":[230,1891,1424,1892,104],"ppma_author":[22575],"class_list":["post-15584","post","type-post","status-publish","format-standard","has-post-thumbnail","hentry","category-mediu","tag-gunoi","tag-hidrogen-sulfurat","tag-laborator-mobil","tag-masuratori","tag-pmb"],"acf":[],"yoast_head":"<!-- This site is optimized with the Yoast SEO Premium plugin v25.3 (Yoast SEO v27.5) - https:\/\/yoast.com\/product\/yoast-seo-premium-wordpress\/ -->\n<title>Dep\u0103\u0219iri de p\u00e2n\u0103 la trei ori la limitele pentru hidrogen sulfurat \u00een Nord-Vestul Capitalei. Laboratorul PMB a f\u0103cut m\u0103sur\u0103tori \u00een apropierea gropii de gunoi de la Chiajna - Buletin de Bucure\u0219ti<\/title>\n<meta name=\"robots\" content=\"index, follow, max-snippet:-1, max-image-preview:large, max-video-preview:-1\" \/>\n<link rel=\"canonical\" href=\"https:\/\/buletin.de\/bucuresti\/depasiri-de-pana-la-trei-ori-la-limitele-pentru-hidrogen-sulfurat-in-nord-vestul-capitalei-laboratorul-pmb-a-facut-masuratori-in-apropierea-gropii-de-gunoi-de-la-chiajna\/\" \/>\n<meta property=\"og:locale\" content=\"en_GB\" \/>\n<meta property=\"og:type\" content=\"article\" \/>\n<meta property=\"og:title\" content=\"Dep\u0103\u0219iri de p\u00e2n\u0103 la trei ori la limitele pentru hidrogen sulfurat \u00een Nord-Vestul Capitalei. Laboratorul PMB a f\u0103cut m\u0103sur\u0103tori \u00een apropierea gropii de gunoi de la Chiajna\" \/>\n<meta property=\"og:description\" content=\"\u00cen ultimele dou\u0103 luni, autolaboratorul Prim\u0103riei Generale de m\u0103surare a calit\u0103\u021bii aerului a f\u0103cut analize de poluare \u00een Sudul \u0219i \u00een Nord-Estul localit\u0103\u021bii Chiajna, \u00een zona Militari Residence, pe strada Drumul Osiei, respectiv \u00een cartierul Bucure\u0219tii Noi, la depoul STB. Dac\u0103 \u00een cazul PM 10, PM 2,5, a dioxidului de azot, dioxidului de sulf \u0219i [&hellip;]\" \/>\n<meta property=\"og:url\" content=\"https:\/\/buletin.de\/bucuresti\/depasiri-de-pana-la-trei-ori-la-limitele-pentru-hidrogen-sulfurat-in-nord-vestul-capitalei-laboratorul-pmb-a-facut-masuratori-in-apropierea-gropii-de-gunoi-de-la-chiajna\/\" \/>\n<meta property=\"og:site_name\" content=\"Buletin de Bucure\u0219ti\" \/>\n<meta property=\"article:publisher\" content=\"https:\/\/www.facebook.com\/buletin.de.buc\" \/>\n<meta property=\"article:published_time\" content=\"2020-11-23T12:51:18+00:00\" \/>\n<meta property=\"article:modified_time\" content=\"2020-11-23T12:52:43+00:00\" \/>\n<meta property=\"og:image\" content=\"https:\/\/buletin.de\/bucuresti\/wp-content\/uploads\/ID94458_INQUAM_Photos_Octav_Ganea-scaled.jpg\" \/>\n\t<meta property=\"og:image:width\" content=\"2560\" \/>\n\t<meta property=\"og:image:height\" content=\"1707\" \/>\n\t<meta property=\"og:image:type\" content=\"image\/jpeg\" \/>\n<meta name=\"author\" content=\"C\u0103t\u0103lin Dosca\u0219\" \/>\n<meta name=\"twitter:card\" content=\"summary_large_image\" \/>\n<meta name=\"twitter:label1\" content=\"Written by\" \/>\n\t<meta name=\"twitter:data1\" content=\"C\u0103t\u0103lin Dosca\u0219\" \/>\n\t<meta name=\"twitter:label2\" content=\"Estimated reading time\" \/>\n\t<meta name=\"twitter:data2\" content=\"3 minutes\" \/>\n<script type=\"application\/ld+json\" class=\"yoast-schema-graph\">{\"@context\":\"https:\\\/\\\/schema.org\",\"@graph\":[{\"@type\":\"Article\",\"@id\":\"https:\\\/\\\/buletin.de\\\/bucuresti\\\/depasiri-de-pana-la-trei-ori-la-limitele-pentru-hidrogen-sulfurat-in-nord-vestul-capitalei-laboratorul-pmb-a-facut-masuratori-in-apropierea-gropii-de-gunoi-de-la-chiajna\\\/#article\",\"isPartOf\":{\"@id\":\"https:\\\/\\\/buletin.de\\\/bucuresti\\\/depasiri-de-pana-la-trei-ori-la-limitele-pentru-hidrogen-sulfurat-in-nord-vestul-capitalei-laboratorul-pmb-a-facut-masuratori-in-apropierea-gropii-de-gunoi-de-la-chiajna\\\/\"},\"author\":{\"name\":\"C\u0103t\u0103lin Dosca\u0219\",\"@id\":\"https:\\\/\\\/buletin.de\\\/bucuresti\\\/#\\\/schema\\\/person\\\/31117187ed4d0bdb0a4c7d6acc79d0f8\"},\"headline\":\"Dep\u0103\u0219iri de p\u00e2n\u0103 la trei ori la limitele pentru hidrogen sulfurat \u00een Nord-Vestul Capitalei. Laboratorul PMB a f\u0103cut m\u0103sur\u0103tori \u00een apropierea gropii de gunoi de la Chiajna\",\"datePublished\":\"2020-11-23T12:51:18+00:00\",\"dateModified\":\"2020-11-23T12:52:43+00:00\",\"mainEntityOfPage\":{\"@id\":\"https:\\\/\\\/buletin.de\\\/bucuresti\\\/depasiri-de-pana-la-trei-ori-la-limitele-pentru-hidrogen-sulfurat-in-nord-vestul-capitalei-laboratorul-pmb-a-facut-masuratori-in-apropierea-gropii-de-gunoi-de-la-chiajna\\\/\"},\"wordCount\":686,\"publisher\":{\"@id\":\"https:\\\/\\\/buletin.de\\\/bucuresti\\\/#organization\"},\"image\":{\"@id\":\"https:\\\/\\\/buletin.de\\\/bucuresti\\\/depasiri-de-pana-la-trei-ori-la-limitele-pentru-hidrogen-sulfurat-in-nord-vestul-capitalei-laboratorul-pmb-a-facut-masuratori-in-apropierea-gropii-de-gunoi-de-la-chiajna\\\/#primaryimage\"},\"thumbnailUrl\":\"https:\\\/\\\/buletin.de\\\/bucuresti\\\/wp-content\\\/uploads\\\/ID94458_INQUAM_Photos_Octav_Ganea-scaled.jpg\",\"keywords\":[\"gunoi\",\"hidrogen sulfurat\",\"laborator mobil\",\"masuratori\",\"pmb\"],\"articleSection\":[\"Mediu\"],\"inLanguage\":\"en-GB\",\"copyrightYear\":\"2020\",\"copyrightHolder\":{\"@id\":\"https:\\\/\\\/buletin.de\\\/bucuresti\\\/#organization\"}},{\"@type\":\"WebPage\",\"@id\":\"https:\\\/\\\/buletin.de\\\/bucuresti\\\/depasiri-de-pana-la-trei-ori-la-limitele-pentru-hidrogen-sulfurat-in-nord-vestul-capitalei-laboratorul-pmb-a-facut-masuratori-in-apropierea-gropii-de-gunoi-de-la-chiajna\\\/\",\"url\":\"https:\\\/\\\/buletin.de\\\/bucuresti\\\/depasiri-de-pana-la-trei-ori-la-limitele-pentru-hidrogen-sulfurat-in-nord-vestul-capitalei-laboratorul-pmb-a-facut-masuratori-in-apropierea-gropii-de-gunoi-de-la-chiajna\\\/\",\"name\":\"Dep\u0103\u0219iri de p\u00e2n\u0103 la trei ori la limitele pentru hidrogen sulfurat \u00een Nord-Vestul Capitalei. Laboratorul PMB a f\u0103cut m\u0103sur\u0103tori \u00een apropierea gropii de gunoi de la Chiajna - Buletin de Bucure\u0219ti\",\"isPartOf\":{\"@id\":\"https:\\\/\\\/buletin.de\\\/bucuresti\\\/#website\"},\"primaryImageOfPage\":{\"@id\":\"https:\\\/\\\/buletin.de\\\/bucuresti\\\/depasiri-de-pana-la-trei-ori-la-limitele-pentru-hidrogen-sulfurat-in-nord-vestul-capitalei-laboratorul-pmb-a-facut-masuratori-in-apropierea-gropii-de-gunoi-de-la-chiajna\\\/#primaryimage\"},\"image\":{\"@id\":\"https:\\\/\\\/buletin.de\\\/bucuresti\\\/depasiri-de-pana-la-trei-ori-la-limitele-pentru-hidrogen-sulfurat-in-nord-vestul-capitalei-laboratorul-pmb-a-facut-masuratori-in-apropierea-gropii-de-gunoi-de-la-chiajna\\\/#primaryimage\"},\"thumbnailUrl\":\"https:\\\/\\\/buletin.de\\\/bucuresti\\\/wp-content\\\/uploads\\\/ID94458_INQUAM_Photos_Octav_Ganea-scaled.jpg\",\"datePublished\":\"2020-11-23T12:51:18+00:00\",\"dateModified\":\"2020-11-23T12:52:43+00:00\",\"breadcrumb\":{\"@id\":\"https:\\\/\\\/buletin.de\\\/bucuresti\\\/depasiri-de-pana-la-trei-ori-la-limitele-pentru-hidrogen-sulfurat-in-nord-vestul-capitalei-laboratorul-pmb-a-facut-masuratori-in-apropierea-gropii-de-gunoi-de-la-chiajna\\\/#breadcrumb\"},\"inLanguage\":\"en-GB\",\"potentialAction\":[{\"@type\":\"ReadAction\",\"target\":[\"https:\\\/\\\/buletin.de\\\/bucuresti\\\/depasiri-de-pana-la-trei-ori-la-limitele-pentru-hidrogen-sulfurat-in-nord-vestul-capitalei-laboratorul-pmb-a-facut-masuratori-in-apropierea-gropii-de-gunoi-de-la-chiajna\\\/\"]}]},{\"@type\":\"ImageObject\",\"inLanguage\":\"en-GB\",\"@id\":\"https:\\\/\\\/buletin.de\\\/bucuresti\\\/depasiri-de-pana-la-trei-ori-la-limitele-pentru-hidrogen-sulfurat-in-nord-vestul-capitalei-laboratorul-pmb-a-facut-masuratori-in-apropierea-gropii-de-gunoi-de-la-chiajna\\\/#primaryimage\",\"url\":\"https:\\\/\\\/buletin.de\\\/bucuresti\\\/wp-content\\\/uploads\\\/ID94458_INQUAM_Photos_Octav_Ganea-scaled.jpg\",\"contentUrl\":\"https:\\\/\\\/buletin.de\\\/bucuresti\\\/wp-content\\\/uploads\\\/ID94458_INQUAM_Photos_Octav_Ganea-scaled.jpg\",\"width\":2560,\"height\":1707},{\"@type\":\"BreadcrumbList\",\"@id\":\"https:\\\/\\\/buletin.de\\\/bucuresti\\\/depasiri-de-pana-la-trei-ori-la-limitele-pentru-hidrogen-sulfurat-in-nord-vestul-capitalei-laboratorul-pmb-a-facut-masuratori-in-apropierea-gropii-de-gunoi-de-la-chiajna\\\/#breadcrumb\",\"itemListElement\":[{\"@type\":\"ListItem\",\"position\":1,\"name\":\"Acas\u0103\",\"item\":\"https:\\\/\\\/buletin.de\\\/bucuresti\\\/\"},{\"@type\":\"ListItem\",\"position\":2,\"name\":\"Dep\u0103\u0219iri de p\u00e2n\u0103 la trei ori la limitele pentru hidrogen sulfurat \u00een Nord-Vestul Capitalei. Laboratorul PMB a f\u0103cut m\u0103sur\u0103tori \u00een apropierea gropii de gunoi de la Chiajna\"}]},{\"@type\":\"WebSite\",\"@id\":\"https:\\\/\\\/buletin.de\\\/bucuresti\\\/#website\",\"url\":\"https:\\\/\\\/buletin.de\\\/bucuresti\\\/\",\"name\":\"Buletin de Bucure\u0219ti\",\"description\":\"\u0218tiri \u0219i investiga\u021bii esen\u021biale din capital\u0103\",\"publisher\":{\"@id\":\"https:\\\/\\\/buletin.de\\\/bucuresti\\\/#organization\"},\"potentialAction\":[{\"@type\":\"SearchAction\",\"target\":{\"@type\":\"EntryPoint\",\"urlTemplate\":\"https:\\\/\\\/buletin.de\\\/bucuresti\\\/?s={search_term_string}\"},\"query-input\":{\"@type\":\"PropertyValueSpecification\",\"valueRequired\":true,\"valueName\":\"search_term_string\"}}],\"inLanguage\":\"en-GB\"},{\"@type\":\"Organization\",\"@id\":\"https:\\\/\\\/buletin.de\\\/bucuresti\\\/#organization\",\"name\":\"Buletin de Bucure\u0219ti\",\"url\":\"https:\\\/\\\/buletin.de\\\/bucuresti\\\/\",\"logo\":{\"@type\":\"ImageObject\",\"inLanguage\":\"en-GB\",\"@id\":\"https:\\\/\\\/buletin.de\\\/bucuresti\\\/#\\\/schema\\\/logo\\\/image\\\/\",\"url\":\"https:\\\/\\\/buletin.de\\\/bucuresti\\\/wp-content\\\/uploads\\\/logo-bdb-full-wide-vernil-transparent.png\",\"contentUrl\":\"https:\\\/\\\/buletin.de\\\/bucuresti\\\/wp-content\\\/uploads\\\/logo-bdb-full-wide-vernil-transparent.png\",\"width\":1782,\"height\":626,\"caption\":\"Buletin de Bucure\u0219ti\"},\"image\":{\"@id\":\"https:\\\/\\\/buletin.de\\\/bucuresti\\\/#\\\/schema\\\/logo\\\/image\\\/\"},\"sameAs\":[\"https:\\\/\\\/www.facebook.com\\\/buletin.de.buc\",\"https:\\\/\\\/www.instagram.com\\\/buletinde.bucuresti\\\/\"]},{\"@type\":\"Person\",\"@id\":\"https:\\\/\\\/buletin.de\\\/bucuresti\\\/#\\\/schema\\\/person\\\/31117187ed4d0bdb0a4c7d6acc79d0f8\",\"name\":\"C\u0103t\u0103lin Dosca\u0219\",\"image\":{\"@type\":\"ImageObject\",\"inLanguage\":\"en-GB\",\"@id\":\"https:\\\/\\\/buletin.de\\\/bucuresti\\\/wp-content\\\/uploads\\\/Catalin-Doscas-e1732731064764-96x96.jpga93e2943bb3b1c1f9ead823df6e6317a\",\"url\":\"https:\\\/\\\/buletin.de\\\/bucuresti\\\/wp-content\\\/uploads\\\/Catalin-Doscas-e1732731064764-96x96.jpg\",\"contentUrl\":\"https:\\\/\\\/buletin.de\\\/bucuresti\\\/wp-content\\\/uploads\\\/Catalin-Doscas-e1732731064764-96x96.jpg\",\"caption\":\"C\u0103t\u0103lin Dosca\u0219\"},\"description\":\"Reporter \u0219i redactor-\u0219ef Buletin de Bucure\u0219ti. Lucreaz\u0103 \u00een mass-media de la v\u00e2rsta de 15 ani, c\u00e2nd a publicat primele articole \u00een presa local\u0103 din Tecuci. \u00cen Bucure\u0219ti a lucrat \u00een redac\u021bii radio ca reporter, redactor \u0219i prezentator (StudentFM, Na\u021bionalFM, Radio Total, Smart FM), unde a acoperit domeniile politic, economic, social \u0219i externe. Ulterior, a fost editor-coordonator al postului Realitatea FM. Experien\u021ba \u00een jurnalismul online a dob\u00e2ndit-o la portalul B365.ro, unde a fost editor. \u00cen 2012 s-a angajat \u00een televiziune. La Realitatea TV a fost, pe r\u00e2nd, reporter la sec\u021bia Social, reporter special la emisiunea de reportaje \u0219i anchete \u201eReporterii Realit\u0103\u021bii\u201d, dar \u0219i editor al jurnalelor de \u0219tiri. Ulterior, a f\u0103cut parte din sec\u021bia de Investiga\u021bii de la Digi24 \u0219i a lucrat la campania \u201eRom\u00e2nia furat\u0103\u201d. A revenit \u00een presa scris\u0103 \u00een 2017, ca reporter special, \u00een cadrul unui proiect de repozi\u021bionare a tabloidului Libertatea \u00een cotidian generalist. Este jurnalist Buletin de Bucure\u0219ti din 2019.\",\"url\":\"https:\\\/\\\/buletin.de\\\/bucuresti\\\/author\\\/catalin\\\/\"}]}<\/script>\n<!-- \/ Yoast SEO Premium plugin. -->","yoast_head_json":{"title":"Dep\u0103\u0219iri de p\u00e2n\u0103 la trei ori la limitele pentru hidrogen sulfurat \u00een Nord-Vestul Capitalei. Laboratorul PMB a f\u0103cut m\u0103sur\u0103tori \u00een apropierea gropii de gunoi de la Chiajna - Buletin de Bucure\u0219ti","robots":{"index":"index","follow":"follow","max-snippet":"max-snippet:-1","max-image-preview":"max-image-preview:large","max-video-preview":"max-video-preview:-1"},"canonical":"https:\/\/buletin.de\/bucuresti\/depasiri-de-pana-la-trei-ori-la-limitele-pentru-hidrogen-sulfurat-in-nord-vestul-capitalei-laboratorul-pmb-a-facut-masuratori-in-apropierea-gropii-de-gunoi-de-la-chiajna\/","og_locale":"en_GB","og_type":"article","og_title":"Dep\u0103\u0219iri de p\u00e2n\u0103 la trei ori la limitele pentru hidrogen sulfurat \u00een Nord-Vestul Capitalei. Laboratorul PMB a f\u0103cut m\u0103sur\u0103tori \u00een apropierea gropii de gunoi de la Chiajna","og_description":"\u00cen ultimele dou\u0103 luni, autolaboratorul Prim\u0103riei Generale de m\u0103surare a calit\u0103\u021bii aerului a f\u0103cut analize de poluare \u00een Sudul \u0219i \u00een Nord-Estul localit\u0103\u021bii Chiajna, \u00een zona Militari Residence, pe strada Drumul Osiei, respectiv \u00een cartierul Bucure\u0219tii Noi, la depoul STB. Dac\u0103 \u00een cazul PM 10, PM 2,5, a dioxidului de azot, dioxidului de sulf \u0219i [&hellip;]","og_url":"https:\/\/buletin.de\/bucuresti\/depasiri-de-pana-la-trei-ori-la-limitele-pentru-hidrogen-sulfurat-in-nord-vestul-capitalei-laboratorul-pmb-a-facut-masuratori-in-apropierea-gropii-de-gunoi-de-la-chiajna\/","og_site_name":"Buletin de Bucure\u0219ti","article_publisher":"https:\/\/www.facebook.com\/buletin.de.buc","article_published_time":"2020-11-23T12:51:18+00:00","article_modified_time":"2020-11-23T12:52:43+00:00","og_image":[{"width":2560,"height":1707,"url":"https:\/\/buletin.de\/bucuresti\/wp-content\/uploads\/ID94458_INQUAM_Photos_Octav_Ganea-scaled.jpg","type":"image\/jpeg"}],"author":"C\u0103t\u0103lin Dosca\u0219","twitter_card":"summary_large_image","twitter_misc":{"Written by":"C\u0103t\u0103lin Dosca\u0219","Estimated reading time":"3 minutes"},"schema":{"@context":"https:\/\/schema.org","@graph":[{"@type":"Article","@id":"https:\/\/buletin.de\/bucuresti\/depasiri-de-pana-la-trei-ori-la-limitele-pentru-hidrogen-sulfurat-in-nord-vestul-capitalei-laboratorul-pmb-a-facut-masuratori-in-apropierea-gropii-de-gunoi-de-la-chiajna\/#article","isPartOf":{"@id":"https:\/\/buletin.de\/bucuresti\/depasiri-de-pana-la-trei-ori-la-limitele-pentru-hidrogen-sulfurat-in-nord-vestul-capitalei-laboratorul-pmb-a-facut-masuratori-in-apropierea-gropii-de-gunoi-de-la-chiajna\/"},"author":{"name":"C\u0103t\u0103lin Dosca\u0219","@id":"https:\/\/buletin.de\/bucuresti\/#\/schema\/person\/31117187ed4d0bdb0a4c7d6acc79d0f8"},"headline":"Dep\u0103\u0219iri de p\u00e2n\u0103 la trei ori la limitele pentru hidrogen sulfurat \u00een Nord-Vestul Capitalei. Laboratorul PMB a f\u0103cut m\u0103sur\u0103tori \u00een apropierea gropii de gunoi de la Chiajna","datePublished":"2020-11-23T12:51:18+00:00","dateModified":"2020-11-23T12:52:43+00:00","mainEntityOfPage":{"@id":"https:\/\/buletin.de\/bucuresti\/depasiri-de-pana-la-trei-ori-la-limitele-pentru-hidrogen-sulfurat-in-nord-vestul-capitalei-laboratorul-pmb-a-facut-masuratori-in-apropierea-gropii-de-gunoi-de-la-chiajna\/"},"wordCount":686,"publisher":{"@id":"https:\/\/buletin.de\/bucuresti\/#organization"},"image":{"@id":"https:\/\/buletin.de\/bucuresti\/depasiri-de-pana-la-trei-ori-la-limitele-pentru-hidrogen-sulfurat-in-nord-vestul-capitalei-laboratorul-pmb-a-facut-masuratori-in-apropierea-gropii-de-gunoi-de-la-chiajna\/#primaryimage"},"thumbnailUrl":"https:\/\/buletin.de\/bucuresti\/wp-content\/uploads\/ID94458_INQUAM_Photos_Octav_Ganea-scaled.jpg","keywords":["gunoi","hidrogen sulfurat","laborator mobil","masuratori","pmb"],"articleSection":["Mediu"],"inLanguage":"en-GB","copyrightYear":"2020","copyrightHolder":{"@id":"https:\/\/buletin.de\/bucuresti\/#organization"}},{"@type":"WebPage","@id":"https:\/\/buletin.de\/bucuresti\/depasiri-de-pana-la-trei-ori-la-limitele-pentru-hidrogen-sulfurat-in-nord-vestul-capitalei-laboratorul-pmb-a-facut-masuratori-in-apropierea-gropii-de-gunoi-de-la-chiajna\/","url":"https:\/\/buletin.de\/bucuresti\/depasiri-de-pana-la-trei-ori-la-limitele-pentru-hidrogen-sulfurat-in-nord-vestul-capitalei-laboratorul-pmb-a-facut-masuratori-in-apropierea-gropii-de-gunoi-de-la-chiajna\/","name":"Dep\u0103\u0219iri de p\u00e2n\u0103 la trei ori la limitele pentru hidrogen sulfurat \u00een Nord-Vestul Capitalei. Laboratorul PMB a f\u0103cut m\u0103sur\u0103tori \u00een apropierea gropii de gunoi de la Chiajna - Buletin de Bucure\u0219ti","isPartOf":{"@id":"https:\/\/buletin.de\/bucuresti\/#website"},"primaryImageOfPage":{"@id":"https:\/\/buletin.de\/bucuresti\/depasiri-de-pana-la-trei-ori-la-limitele-pentru-hidrogen-sulfurat-in-nord-vestul-capitalei-laboratorul-pmb-a-facut-masuratori-in-apropierea-gropii-de-gunoi-de-la-chiajna\/#primaryimage"},"image":{"@id":"https:\/\/buletin.de\/bucuresti\/depasiri-de-pana-la-trei-ori-la-limitele-pentru-hidrogen-sulfurat-in-nord-vestul-capitalei-laboratorul-pmb-a-facut-masuratori-in-apropierea-gropii-de-gunoi-de-la-chiajna\/#primaryimage"},"thumbnailUrl":"https:\/\/buletin.de\/bucuresti\/wp-content\/uploads\/ID94458_INQUAM_Photos_Octav_Ganea-scaled.jpg","datePublished":"2020-11-23T12:51:18+00:00","dateModified":"2020-11-23T12:52:43+00:00","breadcrumb":{"@id":"https:\/\/buletin.de\/bucuresti\/depasiri-de-pana-la-trei-ori-la-limitele-pentru-hidrogen-sulfurat-in-nord-vestul-capitalei-laboratorul-pmb-a-facut-masuratori-in-apropierea-gropii-de-gunoi-de-la-chiajna\/#breadcrumb"},"inLanguage":"en-GB","potentialAction":[{"@type":"ReadAction","target":["https:\/\/buletin.de\/bucuresti\/depasiri-de-pana-la-trei-ori-la-limitele-pentru-hidrogen-sulfurat-in-nord-vestul-capitalei-laboratorul-pmb-a-facut-masuratori-in-apropierea-gropii-de-gunoi-de-la-chiajna\/"]}]},{"@type":"ImageObject","inLanguage":"en-GB","@id":"https:\/\/buletin.de\/bucuresti\/depasiri-de-pana-la-trei-ori-la-limitele-pentru-hidrogen-sulfurat-in-nord-vestul-capitalei-laboratorul-pmb-a-facut-masuratori-in-apropierea-gropii-de-gunoi-de-la-chiajna\/#primaryimage","url":"https:\/\/buletin.de\/bucuresti\/wp-content\/uploads\/ID94458_INQUAM_Photos_Octav_Ganea-scaled.jpg","contentUrl":"https:\/\/buletin.de\/bucuresti\/wp-content\/uploads\/ID94458_INQUAM_Photos_Octav_Ganea-scaled.jpg","width":2560,"height":1707},{"@type":"BreadcrumbList","@id":"https:\/\/buletin.de\/bucuresti\/depasiri-de-pana-la-trei-ori-la-limitele-pentru-hidrogen-sulfurat-in-nord-vestul-capitalei-laboratorul-pmb-a-facut-masuratori-in-apropierea-gropii-de-gunoi-de-la-chiajna\/#breadcrumb","itemListElement":[{"@type":"ListItem","position":1,"name":"Acas\u0103","item":"https:\/\/buletin.de\/bucuresti\/"},{"@type":"ListItem","position":2,"name":"Dep\u0103\u0219iri de p\u00e2n\u0103 la trei ori la limitele pentru hidrogen sulfurat \u00een Nord-Vestul Capitalei. Laboratorul PMB a f\u0103cut m\u0103sur\u0103tori \u00een apropierea gropii de gunoi de la Chiajna"}]},{"@type":"WebSite","@id":"https:\/\/buletin.de\/bucuresti\/#website","url":"https:\/\/buletin.de\/bucuresti\/","name":"Buletin de Bucure\u0219ti","description":"\u0218tiri \u0219i investiga\u021bii esen\u021biale din capital\u0103","publisher":{"@id":"https:\/\/buletin.de\/bucuresti\/#organization"},"potentialAction":[{"@type":"SearchAction","target":{"@type":"EntryPoint","urlTemplate":"https:\/\/buletin.de\/bucuresti\/?s={search_term_string}"},"query-input":{"@type":"PropertyValueSpecification","valueRequired":true,"valueName":"search_term_string"}}],"inLanguage":"en-GB"},{"@type":"Organization","@id":"https:\/\/buletin.de\/bucuresti\/#organization","name":"Buletin de Bucure\u0219ti","url":"https:\/\/buletin.de\/bucuresti\/","logo":{"@type":"ImageObject","inLanguage":"en-GB","@id":"https:\/\/buletin.de\/bucuresti\/#\/schema\/logo\/image\/","url":"https:\/\/buletin.de\/bucuresti\/wp-content\/uploads\/logo-bdb-full-wide-vernil-transparent.png","contentUrl":"https:\/\/buletin.de\/bucuresti\/wp-content\/uploads\/logo-bdb-full-wide-vernil-transparent.png","width":1782,"height":626,"caption":"Buletin de Bucure\u0219ti"},"image":{"@id":"https:\/\/buletin.de\/bucuresti\/#\/schema\/logo\/image\/"},"sameAs":["https:\/\/www.facebook.com\/buletin.de.buc","https:\/\/www.instagram.com\/buletinde.bucuresti\/"]},{"@type":"Person","@id":"https:\/\/buletin.de\/bucuresti\/#\/schema\/person\/31117187ed4d0bdb0a4c7d6acc79d0f8","name":"C\u0103t\u0103lin Dosca\u0219","image":{"@type":"ImageObject","inLanguage":"en-GB","@id":"https:\/\/buletin.de\/bucuresti\/wp-content\/uploads\/Catalin-Doscas-e1732731064764-96x96.jpga93e2943bb3b1c1f9ead823df6e6317a","url":"https:\/\/buletin.de\/bucuresti\/wp-content\/uploads\/Catalin-Doscas-e1732731064764-96x96.jpg","contentUrl":"https:\/\/buletin.de\/bucuresti\/wp-content\/uploads\/Catalin-Doscas-e1732731064764-96x96.jpg","caption":"C\u0103t\u0103lin Dosca\u0219"},"description":"Reporter \u0219i redactor-\u0219ef Buletin de Bucure\u0219ti. Lucreaz\u0103 \u00een mass-media de la v\u00e2rsta de 15 ani, c\u00e2nd a publicat primele articole \u00een presa local\u0103 din Tecuci. \u00cen Bucure\u0219ti a lucrat \u00een redac\u021bii radio ca reporter, redactor \u0219i prezentator (StudentFM, Na\u021bionalFM, Radio Total, Smart FM), unde a acoperit domeniile politic, economic, social \u0219i externe. Ulterior, a fost editor-coordonator al postului Realitatea FM. Experien\u021ba \u00een jurnalismul online a dob\u00e2ndit-o la portalul B365.ro, unde a fost editor. \u00cen 2012 s-a angajat \u00een televiziune. La Realitatea TV a fost, pe r\u00e2nd, reporter la sec\u021bia Social, reporter special la emisiunea de reportaje \u0219i anchete \u201eReporterii Realit\u0103\u021bii\u201d, dar \u0219i editor al jurnalelor de \u0219tiri. Ulterior, a f\u0103cut parte din sec\u021bia de Investiga\u021bii de la Digi24 \u0219i a lucrat la campania \u201eRom\u00e2nia furat\u0103\u201d. A revenit \u00een presa scris\u0103 \u00een 2017, ca reporter special, \u00een cadrul unui proiect de repozi\u021bionare a tabloidului Libertatea \u00een cotidian generalist. Este jurnalist Buletin de Bucure\u0219ti din 2019.","url":"https:\/\/buletin.de\/bucuresti\/author\/catalin\/"}]}},"authors":[{"term_id":22575,"user_id":10,"is_guest":0,"slug":"catalin","display_name":"C\u0103t\u0103lin Dosca\u0219","avatar_url":"https:\/\/buletin.de\/bucuresti\/wp-content\/uploads\/Catalin-Doscas-e1732731064764-96x96.jpg","0":null,"1":"","2":"","3":"","4":"","5":"","6":"","7":"","8":""}],"_links":{"self":[{"href":"https:\/\/buletin.de\/bucuresti\/wp-json\/wp\/v2\/posts\/15584","targetHints":{"allow":["GET"]}}],"collection":[{"href":"https:\/\/buletin.de\/bucuresti\/wp-json\/wp\/v2\/posts"}],"about":[{"href":"https:\/\/buletin.de\/bucuresti\/wp-json\/wp\/v2\/types\/post"}],"author":[{"embeddable":true,"href":"https:\/\/buletin.de\/bucuresti\/wp-json\/wp\/v2\/users\/10"}],"replies":[{"embeddable":true,"href":"https:\/\/buletin.de\/bucuresti\/wp-json\/wp\/v2\/comments?post=15584"}],"version-history":[{"count":4,"href":"https:\/\/buletin.de\/bucuresti\/wp-json\/wp\/v2\/posts\/15584\/revisions"}],"predecessor-version":[{"id":15598,"href":"https:\/\/buletin.de\/bucuresti\/wp-json\/wp\/v2\/posts\/15584\/revisions\/15598"}],"wp:featuredmedia":[{"embeddable":true,"href":"https:\/\/buletin.de\/bucuresti\/wp-json\/wp\/v2\/media\/15589"}],"wp:attachment":[{"href":"https:\/\/buletin.de\/bucuresti\/wp-json\/wp\/v2\/media?parent=15584"}],"wp:term":[{"taxonomy":"category","embeddable":true,"href":"https:\/\/buletin.de\/bucuresti\/wp-json\/wp\/v2\/categories?post=15584"},{"taxonomy":"post_tag","embeddable":true,"href":"https:\/\/buletin.de\/bucuresti\/wp-json\/wp\/v2\/tags?post=15584"},{"taxonomy":"author","embeddable":true,"href":"https:\/\/buletin.de\/bucuresti\/wp-json\/wp\/v2\/ppma_author?post=15584"}],"curies":[{"name":"wp","href":"https:\/\/api.w.org\/{rel}","templated":true}]}}