{"id":155795,"date":"2025-11-01T18:02:45","date_gmt":"2025-11-01T15:02:45","guid":{"rendered":"https:\/\/buletin.de\/bucuresti\/?p=155795"},"modified":"2025-11-02T13:08:56","modified_gmt":"2025-11-02T10:08:56","slug":"filmul-cravata-galbenaare-premiera-in-aceasta-seara-la-sala-palatului-filmul-spune-povestea-lui-sergiu-celibidache","status":"publish","type":"post","link":"https:\/\/buletin.de\/bucuresti\/filmul-cravata-galbenaare-premiera-in-aceasta-seara-la-sala-palatului-filmul-spune-povestea-lui-sergiu-celibidache\/","title":{"rendered":"Premiera \u201eCravata galben\u0103\u201d la Sala Palatului. Filmul spune povestea lui Sergiu Celibidache"},"content":{"rendered":"\n<p><strong>Premiera \u201e<a href=\"https:\/\/cravatagalbena.ro\/\" target=\"_blank\" rel=\"noreferrer noopener\">Cravata galben\u0103<\/a>\u201d a avut loc s\u00e2mb\u0103t\u0103, 1 noiembrie, la Sala Palatului. Pelicul\u0103 care are \u00een centru figura renumitului dirijor Sergiu Celibidache. <\/strong><\/p>\n\n\n\n<p>La premier\u0103 vor fi prezen\u021bi, \u00een afar\u0103 de regizorul peliculei, Serge Ioan Celebidachi, fiul marelui dirijor, actorii din distribu\u021bia filmului, respectiv John Malkovich, Sean Bean \u0219i Ben Schnetzer.<\/p>\n\n\n\n<p>De asemenea, vor fi prezen\u021bi mini\u0219tri, ambasadori, reprezentan\u021bi ai mediului de afaceri, dar \u0219i nume cunoscute din lumea sportului, actori, regizori de teatru \u0219i film. <\/p>\n\n\n\n<h2 class=\"wp-block-heading\" id=\"h-premiera-cravata-galbena-dupa-\u0219apte-ani-de-filmari\">Premiera \u201eCravata galben\u0103\u201d, dup\u0103 \u0219apte ani de film\u0103ri<\/h2>\n\n\n\n<p>Va exista \u0219i un invitat surpriz\u0103 la premiera filmului. Este vorba despre un regizor celebru, cunoscut la nivel interna\u021bional. <\/p>\n\n\n\n<p>Premiera are loc \u00eencep\u00e2nd cu ora 18:00. Nu va fi un covor ro\u0219u pentru actori, ci unul galben.<\/p>\n\n\n\n<p>\u201eCravata galben\u0103\u201d este unul dintre cele mai a\u0219teptate filme rom\u00e2ne\u0219ti din 2025 \u0219i spune povestea despre via\u021ba \u0219i cariera celebrului dirijor Sergiu Celibidache. <\/p>\n\n\n\n<p>Pelicula este regizat\u0103 de fiul marelui artist, Serge Ioan Celebidachi, care a semnat \u0219i scenariul \u00eempreun\u0103 cu James Olivier. Produc\u0103torul filmului este Adela Vr\u00eenceanu Celebidachi.<\/p>\n\n\n\n<figure class=\"wp-block-embed is-type-video is-provider-youtube wp-block-embed-youtube wp-embed-aspect-16-9 wp-has-aspect-ratio\"><div class=\"wp-block-embed__wrapper\">\n<div class=\"jlvid_container\"><iframe title=\"Teaser oficial \u2013 Cravata Galben\u0103 (The Yellow Tie) | Sergiu Celibidache Biopic\" width=\"1200\" height=\"675\" src=\"https:\/\/www.youtube.com\/embed\/i5dFtIL885U?feature=oembed\" frameborder=\"0\" allow=\"accelerometer; autoplay; clipboard-write; encrypted-media; gyroscope; picture-in-picture; web-share\" referrerpolicy=\"strict-origin-when-cross-origin\" allowfullscreen><\/iframe><\/div>\n<\/div><\/figure>\n\n\n\n<h2 class=\"wp-block-heading\" id=\"h-cand-va-aparea-filmul-la-cinema\">C\u00e2nd va ap\u0103rea filmul la cinema<\/h2>\n\n\n\n<p><strong>\u00cencep\u00e2nd cu 14 noiembrie, filmul \u201eCravata galben\u0103\u201d <a href=\"https:\/\/buletin.de\/bucuresti\/bucurestiul-anilor-50-decor-pentru-super-productia-cravata-galbena-pelicula-are-premiera-pe-14-noiembrie\/\" target=\"_blank\" rel=\"noreferrer noopener\">va fi difuzat \u0219i \u00een cinematografele din Rom\u00e2nia<\/a>. <\/strong><\/p>\n\n\n\n<p>Film\u0103rile au avut loc integral \u00een Rom\u00e2nia, iar rolul marelui dirijor rom\u00e2n, \u00een perioada de maturitate a vie\u021bii, a fost interpretat de iar actorul John Malkovich, nominalizat de dou\u0103 ori la Oscar. Filmul retraseaz\u0103 \u0219apte decenii din via\u021ba lui Sergiu Celibidache, \u00eencep\u00e2nd cu anii copil\u0103riei \u0219i p\u00e2n\u0103 la cei ai senectu\u021bii. <\/p>\n\n\n\n<p>\u201eCravata galben\u0103\u201d se concentreaz\u0103 \u0219i pe rela\u021bia dintre marele dirijor \u0219i tat\u0103l s\u0103u, dar \u0219i pe modul \u00een care aceasta l-a influen\u021bat emo\u021bionat pe parcursul vie\u021bii. <\/p>\n\n\n\n<p>Pentru a putea reproduce faimoasele concerte dirijate de Sergiu Celibidache, produc\u0103torii filmului au avut sprijinul a cinci orchestre na\u021bionale. <\/p>\n\n\n\n<p>CITE\u0218TE \u0218I <a href=\"https:\/\/buletin.de\/bucuresti\/cafeneaua-bdb-57-de-locatii-in-48-de-zile-cum-a-transformat-echipa-cravata-galbena-bucurestiul-in-11-tari-si-7-decenii\/\" target=\"_blank\" rel=\"noreferrer noopener\">Cafeneaua BdB | 57 de locuri \u00een 48 de zile: cum a transformat echipa \u201eCravata Galben\u0103\u201d Bucure\u0219tiul \u00een 11 \u021b\u0103ri \u0219i 7 decenii<\/a><\/p>\n\n\n\n<p><\/p>\n","protected":false},"excerpt":{"rendered":"<p>Premiera \u201eCravata galben\u0103\u201d a avut loc s\u00e2mb\u0103t\u0103, 1 noiembrie, la Sala Palatului. Pelicul\u0103 care are \u00een centru figura renumitului dirijor Sergiu Celibidache. La premier\u0103 vor fi prezen\u021bi, \u00een afar\u0103 de regizorul peliculei, Serge Ioan Celebidachi, fiul marelui dirijor, actorii din distribu\u021bia filmului, respectiv John Malkovich, Sean Bean \u0219i Ben Schnetzer. De asemenea, vor fi prezen\u021bi [&hellip;]<\/p>\n","protected":false},"author":1,"featured_media":155802,"comment_status":"closed","ping_status":"open","sticky":false,"template":"","format":"standard","meta":{"_acf_changed":false,"inline_featured_image":false,"ngg_post_thumbnail":0,"footnotes":""},"categories":[6994],"tags":[23842,7683,23844,7414],"ppma_author":[22583],"class_list":["post-155795","post","type-post","status-publish","format-standard","has-post-thumbnail","hentry","category-stiri-2","tag-cravata-galbena","tag-film","tag-premiera-2","tag-sala-palatului"],"acf":[],"yoast_head":"<!-- This site is optimized with the Yoast SEO Premium plugin v25.3 (Yoast SEO v27.4) - https:\/\/yoast.com\/product\/yoast-seo-premium-wordpress\/ -->\n<title>Premiera \u201eCravata galben\u0103\u201d la Sala Palatului. Filmul spune povestea lui Sergiu Celibidache - Buletin de Bucure\u0219ti<\/title>\n<meta name=\"description\" content=\"Premiera \u201eCravata galben\u0103\u201d a avut loc s\u00e2mb\u0103t\u0103, 1 noiembrie, la Sala Palatului. Pelicul\u0103 este despre renumitul dirijor Sergiu Celibidache.\" \/>\n<meta name=\"robots\" content=\"index, follow, max-snippet:-1, max-image-preview:large, max-video-preview:-1\" \/>\n<link rel=\"canonical\" href=\"https:\/\/buletin.de\/bucuresti\/filmul-cravata-galbenaare-premiera-in-aceasta-seara-la-sala-palatului-filmul-spune-povestea-lui-sergiu-celibidache\/\" \/>\n<meta property=\"og:locale\" content=\"en_GB\" \/>\n<meta property=\"og:type\" content=\"article\" \/>\n<meta property=\"og:title\" content=\"Premiera \u201eCravata galben\u0103\u201d la Sala Palatului. Filmul spune povestea lui Sergiu Celibidache\" \/>\n<meta property=\"og:description\" content=\"Premiera \u201eCravata galben\u0103\u201d a avut loc s\u00e2mb\u0103t\u0103, 1 noiembrie, la Sala Palatului. Pelicul\u0103 este despre renumitul dirijor Sergiu Celibidache.\" \/>\n<meta property=\"og:url\" content=\"https:\/\/buletin.de\/bucuresti\/filmul-cravata-galbenaare-premiera-in-aceasta-seara-la-sala-palatului-filmul-spune-povestea-lui-sergiu-celibidache\/\" \/>\n<meta property=\"og:site_name\" content=\"Buletin de Bucure\u0219ti\" \/>\n<meta property=\"article:publisher\" content=\"https:\/\/www.facebook.com\/buletin.de.buc\" \/>\n<meta property=\"article:published_time\" content=\"2025-11-01T15:02:45+00:00\" \/>\n<meta property=\"article:modified_time\" content=\"2025-11-02T10:08:56+00:00\" \/>\n<meta property=\"og:image\" content=\"https:\/\/buletin.de\/bucuresti\/wp-content\/uploads\/2025\/11\/Filmul-Cravata-galbena.jpg\" \/>\n\t<meta property=\"og:image:width\" content=\"1200\" \/>\n\t<meta property=\"og:image:height\" content=\"773\" \/>\n\t<meta property=\"og:image:type\" content=\"image\/jpeg\" \/>\n<meta name=\"author\" content=\"Redac\u021bia Buletin de Bucure\u0219ti\" \/>\n<meta name=\"twitter:card\" content=\"summary_large_image\" \/>\n<meta name=\"twitter:label1\" content=\"Written by\" \/>\n\t<meta name=\"twitter:data1\" content=\"Redac\u021bia Buletin de Bucure\u0219ti\" \/>\n\t<meta name=\"twitter:label2\" content=\"Estimated reading time\" \/>\n\t<meta name=\"twitter:data2\" content=\"2 minutes\" \/>\n<script type=\"application\/ld+json\" class=\"yoast-schema-graph\">{\"@context\":\"https:\\\/\\\/schema.org\",\"@graph\":[{\"@type\":\"Article\",\"@id\":\"https:\\\/\\\/buletin.de\\\/bucuresti\\\/filmul-cravata-galbenaare-premiera-in-aceasta-seara-la-sala-palatului-filmul-spune-povestea-lui-sergiu-celibidache\\\/#article\",\"isPartOf\":{\"@id\":\"https:\\\/\\\/buletin.de\\\/bucuresti\\\/filmul-cravata-galbenaare-premiera-in-aceasta-seara-la-sala-palatului-filmul-spune-povestea-lui-sergiu-celibidache\\\/\"},\"author\":{\"name\":\"Redac\u021bia Buletin de Bucure\u0219ti\",\"@id\":\"https:\\\/\\\/buletin.de\\\/bucuresti\\\/#\\\/schema\\\/person\\\/2bbcf854e5f2419a13804af574d06ab1\"},\"headline\":\"Premiera \u201eCravata galben\u0103\u201d la Sala Palatului. Filmul spune povestea lui Sergiu Celibidache\",\"datePublished\":\"2025-11-01T15:02:45+00:00\",\"dateModified\":\"2025-11-02T10:08:56+00:00\",\"mainEntityOfPage\":{\"@id\":\"https:\\\/\\\/buletin.de\\\/bucuresti\\\/filmul-cravata-galbenaare-premiera-in-aceasta-seara-la-sala-palatului-filmul-spune-povestea-lui-sergiu-celibidache\\\/\"},\"wordCount\":362,\"publisher\":{\"@id\":\"https:\\\/\\\/buletin.de\\\/bucuresti\\\/#organization\"},\"image\":{\"@id\":\"https:\\\/\\\/buletin.de\\\/bucuresti\\\/filmul-cravata-galbenaare-premiera-in-aceasta-seara-la-sala-palatului-filmul-spune-povestea-lui-sergiu-celibidache\\\/#primaryimage\"},\"thumbnailUrl\":\"https:\\\/\\\/buletin.de\\\/bucuresti\\\/wp-content\\\/uploads\\\/2025\\\/11\\\/Filmul-Cravata-galbena.jpg\",\"keywords\":[\"cravata galbena\",\"film\",\"premiera\",\"Sala Palatului\"],\"articleSection\":[\"Articole\"],\"inLanguage\":\"en-GB\",\"copyrightYear\":\"2025\",\"copyrightHolder\":{\"@id\":\"https:\\\/\\\/buletin.de\\\/bucuresti\\\/#organization\"}},{\"@type\":\"WebPage\",\"@id\":\"https:\\\/\\\/buletin.de\\\/bucuresti\\\/filmul-cravata-galbenaare-premiera-in-aceasta-seara-la-sala-palatului-filmul-spune-povestea-lui-sergiu-celibidache\\\/\",\"url\":\"https:\\\/\\\/buletin.de\\\/bucuresti\\\/filmul-cravata-galbenaare-premiera-in-aceasta-seara-la-sala-palatului-filmul-spune-povestea-lui-sergiu-celibidache\\\/\",\"name\":\"Premiera \u201eCravata galben\u0103\u201d la Sala Palatului. Filmul spune povestea lui Sergiu Celibidache - Buletin de Bucure\u0219ti\",\"isPartOf\":{\"@id\":\"https:\\\/\\\/buletin.de\\\/bucuresti\\\/#website\"},\"primaryImageOfPage\":{\"@id\":\"https:\\\/\\\/buletin.de\\\/bucuresti\\\/filmul-cravata-galbenaare-premiera-in-aceasta-seara-la-sala-palatului-filmul-spune-povestea-lui-sergiu-celibidache\\\/#primaryimage\"},\"image\":{\"@id\":\"https:\\\/\\\/buletin.de\\\/bucuresti\\\/filmul-cravata-galbenaare-premiera-in-aceasta-seara-la-sala-palatului-filmul-spune-povestea-lui-sergiu-celibidache\\\/#primaryimage\"},\"thumbnailUrl\":\"https:\\\/\\\/buletin.de\\\/bucuresti\\\/wp-content\\\/uploads\\\/2025\\\/11\\\/Filmul-Cravata-galbena.jpg\",\"datePublished\":\"2025-11-01T15:02:45+00:00\",\"dateModified\":\"2025-11-02T10:08:56+00:00\",\"description\":\"Premiera \u201eCravata galben\u0103\u201d a avut loc s\u00e2mb\u0103t\u0103, 1 noiembrie, la Sala Palatului. Pelicul\u0103 este despre renumitul dirijor Sergiu Celibidache.\",\"breadcrumb\":{\"@id\":\"https:\\\/\\\/buletin.de\\\/bucuresti\\\/filmul-cravata-galbenaare-premiera-in-aceasta-seara-la-sala-palatului-filmul-spune-povestea-lui-sergiu-celibidache\\\/#breadcrumb\"},\"inLanguage\":\"en-GB\",\"potentialAction\":[{\"@type\":\"ReadAction\",\"target\":[\"https:\\\/\\\/buletin.de\\\/bucuresti\\\/filmul-cravata-galbenaare-premiera-in-aceasta-seara-la-sala-palatului-filmul-spune-povestea-lui-sergiu-celibidache\\\/\"]}]},{\"@type\":\"ImageObject\",\"inLanguage\":\"en-GB\",\"@id\":\"https:\\\/\\\/buletin.de\\\/bucuresti\\\/filmul-cravata-galbenaare-premiera-in-aceasta-seara-la-sala-palatului-filmul-spune-povestea-lui-sergiu-celibidache\\\/#primaryimage\",\"url\":\"https:\\\/\\\/buletin.de\\\/bucuresti\\\/wp-content\\\/uploads\\\/2025\\\/11\\\/Filmul-Cravata-galbena.jpg\",\"contentUrl\":\"https:\\\/\\\/buletin.de\\\/bucuresti\\\/wp-content\\\/uploads\\\/2025\\\/11\\\/Filmul-Cravata-galbena.jpg\",\"width\":1200,\"height\":773,\"caption\":\"Filmul \u201eCravata galben\u0103\u201d are premiera la Sala Palatului. Foto: Cinemagia\"},{\"@type\":\"BreadcrumbList\",\"@id\":\"https:\\\/\\\/buletin.de\\\/bucuresti\\\/filmul-cravata-galbenaare-premiera-in-aceasta-seara-la-sala-palatului-filmul-spune-povestea-lui-sergiu-celibidache\\\/#breadcrumb\",\"itemListElement\":[{\"@type\":\"ListItem\",\"position\":1,\"name\":\"Acas\u0103\",\"item\":\"https:\\\/\\\/buletin.de\\\/bucuresti\\\/\"},{\"@type\":\"ListItem\",\"position\":2,\"name\":\"Premiera \u201eCravata galben\u0103\u201d la Sala Palatului. Filmul spune povestea lui Sergiu Celibidache\"}]},{\"@type\":\"WebSite\",\"@id\":\"https:\\\/\\\/buletin.de\\\/bucuresti\\\/#website\",\"url\":\"https:\\\/\\\/buletin.de\\\/bucuresti\\\/\",\"name\":\"Buletin de Bucure\u0219ti\",\"description\":\"\u0218tiri \u0219i investiga\u021bii esen\u021biale din capital\u0103\",\"publisher\":{\"@id\":\"https:\\\/\\\/buletin.de\\\/bucuresti\\\/#organization\"},\"potentialAction\":[{\"@type\":\"SearchAction\",\"target\":{\"@type\":\"EntryPoint\",\"urlTemplate\":\"https:\\\/\\\/buletin.de\\\/bucuresti\\\/?s={search_term_string}\"},\"query-input\":{\"@type\":\"PropertyValueSpecification\",\"valueRequired\":true,\"valueName\":\"search_term_string\"}}],\"inLanguage\":\"en-GB\"},{\"@type\":\"Organization\",\"@id\":\"https:\\\/\\\/buletin.de\\\/bucuresti\\\/#organization\",\"name\":\"Buletin de Bucure\u0219ti\",\"url\":\"https:\\\/\\\/buletin.de\\\/bucuresti\\\/\",\"logo\":{\"@type\":\"ImageObject\",\"inLanguage\":\"en-GB\",\"@id\":\"https:\\\/\\\/buletin.de\\\/bucuresti\\\/#\\\/schema\\\/logo\\\/image\\\/\",\"url\":\"https:\\\/\\\/buletin.de\\\/bucuresti\\\/wp-content\\\/uploads\\\/logo-bdb-full-wide-vernil-transparent.png\",\"contentUrl\":\"https:\\\/\\\/buletin.de\\\/bucuresti\\\/wp-content\\\/uploads\\\/logo-bdb-full-wide-vernil-transparent.png\",\"width\":1782,\"height\":626,\"caption\":\"Buletin de Bucure\u0219ti\"},\"image\":{\"@id\":\"https:\\\/\\\/buletin.de\\\/bucuresti\\\/#\\\/schema\\\/logo\\\/image\\\/\"},\"sameAs\":[\"https:\\\/\\\/www.facebook.com\\\/buletin.de.buc\",\"https:\\\/\\\/www.instagram.com\\\/buletinde.bucuresti\\\/\"]},{\"@type\":\"Person\",\"@id\":\"https:\\\/\\\/buletin.de\\\/bucuresti\\\/#\\\/schema\\\/person\\\/2bbcf854e5f2419a13804af574d06ab1\",\"name\":\"Redac\u021bia Buletin de Bucure\u0219ti\",\"image\":{\"@type\":\"ImageObject\",\"inLanguage\":\"en-GB\",\"@id\":\"https:\\\/\\\/secure.gravatar.com\\\/avatar\\\/18c5342381ed1a08620e6280424e3e5efc958618f5d67c522c9e44c1bc6f9226?s=96&d=monsterid&r=g60c7cd0ad92c68c049fcd4bb3504d609\",\"url\":\"https:\\\/\\\/secure.gravatar.com\\\/avatar\\\/18c5342381ed1a08620e6280424e3e5efc958618f5d67c522c9e44c1bc6f9226?s=96&d=monsterid&r=g\",\"contentUrl\":\"https:\\\/\\\/secure.gravatar.com\\\/avatar\\\/18c5342381ed1a08620e6280424e3e5efc958618f5d67c522c9e44c1bc6f9226?s=96&d=monsterid&r=g\",\"caption\":\"Redac\u021bia Buletin de Bucure\u0219ti\"},\"description\":\"Buletin de Bucure\u0219ti exist\u0103 din vara anului 2019.\",\"url\":\"https:\\\/\\\/buletin.de\\\/bucuresti\\\/author\\\/adminbuletin\\\/\"}]}<\/script>\n<!-- \/ Yoast SEO Premium plugin. -->","yoast_head_json":{"title":"Premiera \u201eCravata galben\u0103\u201d la Sala Palatului. Filmul spune povestea lui Sergiu Celibidache - Buletin de Bucure\u0219ti","description":"Premiera \u201eCravata galben\u0103\u201d a avut loc s\u00e2mb\u0103t\u0103, 1 noiembrie, la Sala Palatului. Pelicul\u0103 este despre renumitul dirijor Sergiu Celibidache.","robots":{"index":"index","follow":"follow","max-snippet":"max-snippet:-1","max-image-preview":"max-image-preview:large","max-video-preview":"max-video-preview:-1"},"canonical":"https:\/\/buletin.de\/bucuresti\/filmul-cravata-galbenaare-premiera-in-aceasta-seara-la-sala-palatului-filmul-spune-povestea-lui-sergiu-celibidache\/","og_locale":"en_GB","og_type":"article","og_title":"Premiera \u201eCravata galben\u0103\u201d la Sala Palatului. Filmul spune povestea lui Sergiu Celibidache","og_description":"Premiera \u201eCravata galben\u0103\u201d a avut loc s\u00e2mb\u0103t\u0103, 1 noiembrie, la Sala Palatului. Pelicul\u0103 este despre renumitul dirijor Sergiu Celibidache.","og_url":"https:\/\/buletin.de\/bucuresti\/filmul-cravata-galbenaare-premiera-in-aceasta-seara-la-sala-palatului-filmul-spune-povestea-lui-sergiu-celibidache\/","og_site_name":"Buletin de Bucure\u0219ti","article_publisher":"https:\/\/www.facebook.com\/buletin.de.buc","article_published_time":"2025-11-01T15:02:45+00:00","article_modified_time":"2025-11-02T10:08:56+00:00","og_image":[{"width":1200,"height":773,"url":"https:\/\/buletin.de\/bucuresti\/wp-content\/uploads\/2025\/11\/Filmul-Cravata-galbena.jpg","type":"image\/jpeg"}],"author":"Redac\u021bia Buletin de Bucure\u0219ti","twitter_card":"summary_large_image","twitter_misc":{"Written by":"Redac\u021bia Buletin de Bucure\u0219ti","Estimated reading time":"2 minutes"},"schema":{"@context":"https:\/\/schema.org","@graph":[{"@type":"Article","@id":"https:\/\/buletin.de\/bucuresti\/filmul-cravata-galbenaare-premiera-in-aceasta-seara-la-sala-palatului-filmul-spune-povestea-lui-sergiu-celibidache\/#article","isPartOf":{"@id":"https:\/\/buletin.de\/bucuresti\/filmul-cravata-galbenaare-premiera-in-aceasta-seara-la-sala-palatului-filmul-spune-povestea-lui-sergiu-celibidache\/"},"author":{"name":"Redac\u021bia Buletin de Bucure\u0219ti","@id":"https:\/\/buletin.de\/bucuresti\/#\/schema\/person\/2bbcf854e5f2419a13804af574d06ab1"},"headline":"Premiera \u201eCravata galben\u0103\u201d la Sala Palatului. Filmul spune povestea lui Sergiu Celibidache","datePublished":"2025-11-01T15:02:45+00:00","dateModified":"2025-11-02T10:08:56+00:00","mainEntityOfPage":{"@id":"https:\/\/buletin.de\/bucuresti\/filmul-cravata-galbenaare-premiera-in-aceasta-seara-la-sala-palatului-filmul-spune-povestea-lui-sergiu-celibidache\/"},"wordCount":362,"publisher":{"@id":"https:\/\/buletin.de\/bucuresti\/#organization"},"image":{"@id":"https:\/\/buletin.de\/bucuresti\/filmul-cravata-galbenaare-premiera-in-aceasta-seara-la-sala-palatului-filmul-spune-povestea-lui-sergiu-celibidache\/#primaryimage"},"thumbnailUrl":"https:\/\/buletin.de\/bucuresti\/wp-content\/uploads\/2025\/11\/Filmul-Cravata-galbena.jpg","keywords":["cravata galbena","film","premiera","Sala Palatului"],"articleSection":["Articole"],"inLanguage":"en-GB","copyrightYear":"2025","copyrightHolder":{"@id":"https:\/\/buletin.de\/bucuresti\/#organization"}},{"@type":"WebPage","@id":"https:\/\/buletin.de\/bucuresti\/filmul-cravata-galbenaare-premiera-in-aceasta-seara-la-sala-palatului-filmul-spune-povestea-lui-sergiu-celibidache\/","url":"https:\/\/buletin.de\/bucuresti\/filmul-cravata-galbenaare-premiera-in-aceasta-seara-la-sala-palatului-filmul-spune-povestea-lui-sergiu-celibidache\/","name":"Premiera \u201eCravata galben\u0103\u201d la Sala Palatului. Filmul spune povestea lui Sergiu Celibidache - Buletin de Bucure\u0219ti","isPartOf":{"@id":"https:\/\/buletin.de\/bucuresti\/#website"},"primaryImageOfPage":{"@id":"https:\/\/buletin.de\/bucuresti\/filmul-cravata-galbenaare-premiera-in-aceasta-seara-la-sala-palatului-filmul-spune-povestea-lui-sergiu-celibidache\/#primaryimage"},"image":{"@id":"https:\/\/buletin.de\/bucuresti\/filmul-cravata-galbenaare-premiera-in-aceasta-seara-la-sala-palatului-filmul-spune-povestea-lui-sergiu-celibidache\/#primaryimage"},"thumbnailUrl":"https:\/\/buletin.de\/bucuresti\/wp-content\/uploads\/2025\/11\/Filmul-Cravata-galbena.jpg","datePublished":"2025-11-01T15:02:45+00:00","dateModified":"2025-11-02T10:08:56+00:00","description":"Premiera \u201eCravata galben\u0103\u201d a avut loc s\u00e2mb\u0103t\u0103, 1 noiembrie, la Sala Palatului. Pelicul\u0103 este despre renumitul dirijor Sergiu Celibidache.","breadcrumb":{"@id":"https:\/\/buletin.de\/bucuresti\/filmul-cravata-galbenaare-premiera-in-aceasta-seara-la-sala-palatului-filmul-spune-povestea-lui-sergiu-celibidache\/#breadcrumb"},"inLanguage":"en-GB","potentialAction":[{"@type":"ReadAction","target":["https:\/\/buletin.de\/bucuresti\/filmul-cravata-galbenaare-premiera-in-aceasta-seara-la-sala-palatului-filmul-spune-povestea-lui-sergiu-celibidache\/"]}]},{"@type":"ImageObject","inLanguage":"en-GB","@id":"https:\/\/buletin.de\/bucuresti\/filmul-cravata-galbenaare-premiera-in-aceasta-seara-la-sala-palatului-filmul-spune-povestea-lui-sergiu-celibidache\/#primaryimage","url":"https:\/\/buletin.de\/bucuresti\/wp-content\/uploads\/2025\/11\/Filmul-Cravata-galbena.jpg","contentUrl":"https:\/\/buletin.de\/bucuresti\/wp-content\/uploads\/2025\/11\/Filmul-Cravata-galbena.jpg","width":1200,"height":773,"caption":"Filmul \u201eCravata galben\u0103\u201d are premiera la Sala Palatului. Foto: Cinemagia"},{"@type":"BreadcrumbList","@id":"https:\/\/buletin.de\/bucuresti\/filmul-cravata-galbenaare-premiera-in-aceasta-seara-la-sala-palatului-filmul-spune-povestea-lui-sergiu-celibidache\/#breadcrumb","itemListElement":[{"@type":"ListItem","position":1,"name":"Acas\u0103","item":"https:\/\/buletin.de\/bucuresti\/"},{"@type":"ListItem","position":2,"name":"Premiera \u201eCravata galben\u0103\u201d la Sala Palatului. Filmul spune povestea lui Sergiu Celibidache"}]},{"@type":"WebSite","@id":"https:\/\/buletin.de\/bucuresti\/#website","url":"https:\/\/buletin.de\/bucuresti\/","name":"Buletin de Bucure\u0219ti","description":"\u0218tiri \u0219i investiga\u021bii esen\u021biale din capital\u0103","publisher":{"@id":"https:\/\/buletin.de\/bucuresti\/#organization"},"potentialAction":[{"@type":"SearchAction","target":{"@type":"EntryPoint","urlTemplate":"https:\/\/buletin.de\/bucuresti\/?s={search_term_string}"},"query-input":{"@type":"PropertyValueSpecification","valueRequired":true,"valueName":"search_term_string"}}],"inLanguage":"en-GB"},{"@type":"Organization","@id":"https:\/\/buletin.de\/bucuresti\/#organization","name":"Buletin de Bucure\u0219ti","url":"https:\/\/buletin.de\/bucuresti\/","logo":{"@type":"ImageObject","inLanguage":"en-GB","@id":"https:\/\/buletin.de\/bucuresti\/#\/schema\/logo\/image\/","url":"https:\/\/buletin.de\/bucuresti\/wp-content\/uploads\/logo-bdb-full-wide-vernil-transparent.png","contentUrl":"https:\/\/buletin.de\/bucuresti\/wp-content\/uploads\/logo-bdb-full-wide-vernil-transparent.png","width":1782,"height":626,"caption":"Buletin de Bucure\u0219ti"},"image":{"@id":"https:\/\/buletin.de\/bucuresti\/#\/schema\/logo\/image\/"},"sameAs":["https:\/\/www.facebook.com\/buletin.de.buc","https:\/\/www.instagram.com\/buletinde.bucuresti\/"]},{"@type":"Person","@id":"https:\/\/buletin.de\/bucuresti\/#\/schema\/person\/2bbcf854e5f2419a13804af574d06ab1","name":"Redac\u021bia Buletin de Bucure\u0219ti","image":{"@type":"ImageObject","inLanguage":"en-GB","@id":"https:\/\/secure.gravatar.com\/avatar\/18c5342381ed1a08620e6280424e3e5efc958618f5d67c522c9e44c1bc6f9226?s=96&d=monsterid&r=g60c7cd0ad92c68c049fcd4bb3504d609","url":"https:\/\/secure.gravatar.com\/avatar\/18c5342381ed1a08620e6280424e3e5efc958618f5d67c522c9e44c1bc6f9226?s=96&d=monsterid&r=g","contentUrl":"https:\/\/secure.gravatar.com\/avatar\/18c5342381ed1a08620e6280424e3e5efc958618f5d67c522c9e44c1bc6f9226?s=96&d=monsterid&r=g","caption":"Redac\u021bia Buletin de Bucure\u0219ti"},"description":"Buletin de Bucure\u0219ti exist\u0103 din vara anului 2019.","url":"https:\/\/buletin.de\/bucuresti\/author\/adminbuletin\/"}]}},"authors":[{"term_id":22583,"user_id":1,"is_guest":0,"slug":"adminbuletin","display_name":"Redac\u021bia Buletin de Bucure\u0219ti","avatar_url":"https:\/\/secure.gravatar.com\/avatar\/18c5342381ed1a08620e6280424e3e5efc958618f5d67c522c9e44c1bc6f9226?s=96&d=monsterid&r=g","0":null,"1":"","2":"","3":"","4":"","5":"","6":"","7":"","8":""}],"_links":{"self":[{"href":"https:\/\/buletin.de\/bucuresti\/wp-json\/wp\/v2\/posts\/155795","targetHints":{"allow":["GET"]}}],"collection":[{"href":"https:\/\/buletin.de\/bucuresti\/wp-json\/wp\/v2\/posts"}],"about":[{"href":"https:\/\/buletin.de\/bucuresti\/wp-json\/wp\/v2\/types\/post"}],"author":[{"embeddable":true,"href":"https:\/\/buletin.de\/bucuresti\/wp-json\/wp\/v2\/users\/1"}],"replies":[{"embeddable":true,"href":"https:\/\/buletin.de\/bucuresti\/wp-json\/wp\/v2\/comments?post=155795"}],"version-history":[{"count":10,"href":"https:\/\/buletin.de\/bucuresti\/wp-json\/wp\/v2\/posts\/155795\/revisions"}],"predecessor-version":[{"id":155871,"href":"https:\/\/buletin.de\/bucuresti\/wp-json\/wp\/v2\/posts\/155795\/revisions\/155871"}],"wp:featuredmedia":[{"embeddable":true,"href":"https:\/\/buletin.de\/bucuresti\/wp-json\/wp\/v2\/media\/155802"}],"wp:attachment":[{"href":"https:\/\/buletin.de\/bucuresti\/wp-json\/wp\/v2\/media?parent=155795"}],"wp:term":[{"taxonomy":"category","embeddable":true,"href":"https:\/\/buletin.de\/bucuresti\/wp-json\/wp\/v2\/categories?post=155795"},{"taxonomy":"post_tag","embeddable":true,"href":"https:\/\/buletin.de\/bucuresti\/wp-json\/wp\/v2\/tags?post=155795"},{"taxonomy":"author","embeddable":true,"href":"https:\/\/buletin.de\/bucuresti\/wp-json\/wp\/v2\/ppma_author?post=155795"}],"curies":[{"name":"wp","href":"https:\/\/api.w.org\/{rel}","templated":true}]}}