{"id":15480,"date":"2020-11-19T20:45:32","date_gmt":"2020-11-19T17:45:32","guid":{"rendered":"https:\/\/buletin.de\/bucuresti\/?p=15480"},"modified":"2020-11-19T20:45:33","modified_gmt":"2020-11-19T17:45:33","slug":"10-milioane-de-euro-pe-tablete-unei-firme-fara-angajati-si-9-luni-de-existenta-afacerea-pentru-care-daniel-florea-este-audiat-de-dna","status":"publish","type":"post","link":"https:\/\/buletin.de\/bucuresti\/10-milioane-de-euro-pe-tablete-unei-firme-fara-angajati-si-9-luni-de-existenta-afacerea-pentru-care-daniel-florea-este-audiat-de-dna\/","title":{"rendered":"10 milioane de euro pe tablete unei firme f\u0103r\u0103 angaja\u021bi \u0219i 9 luni de existen\u021b\u0103, afacerea pentru care Daniel Florea este audiat de DNA"},"content":{"rendered":"\n<p><strong><a href=\"https:\/\/buletin.de\/bucuresti\/primaria-sectorului-5-10-milioane-de-euro-pe-tablete-unei-firme-infiintate-de-9-luni\/\">Pe 15 aprilie Prim\u0103ria Sector 5 oferea peste 10 milioane de euro pentru tablete unei firme f\u0103r\u0103 angaja\u021bi \u0219i care avea doar nou\u0103 luni de existen\u021b\u0103<\/a>. Achzi\u021bia a fost \u201eorchestrat\u0103\u201d de Economat Sector 5, frim\u0103 condus\u0103 de un apropiat al lui Marian Vanghelie. Cele 33 mii de tablete urmau s\u0103 ajung\u0103 la elevii Sectorului 5. <\/strong>Daniel Florea, fostul primar al Sectorului 5 \u0219i actual candidat pentru Camera Deputa\u021bilor din partea PSD Bucure\u0219ti, este acum audiat de DNA pentru aceast\u0103 achizi\u021bie despre care \u00een urm\u0103 cu trei luni a scris \u0219i Buletin de Bucure\u0219ti.<\/p>\n\n\n\n<p>Achizi\u021bia \u0219i distribuirea tabeltelor a fost f\u0103cut\u0103 de Economat Sector 5, care este cunoscut mai mult pentru v\u00e2nzarea de alimente, nu de electrnice, motiv pentru care este prima dat\u0103 c\u00e2nd se implic\u0103 \u00een afaceri cu electronice. <\/p>\n\n\n\n<blockquote class=\"wp-block-quote is-layout-flow wp-block-quote-is-layout-flow\"><p>\u201eEconomat Sector 5 promoveaz\u0103 micii produc\u0103tori de carne \u0219i preparate din carne, precum \u0219i de lactate, legume \u0219i fructe, prin punerea \u00een v\u00e2nzare a produselor acestora \u00een re\u021beaua de magazine.\u201d<\/p><cite>Concept Economat conform&nbsp;<a href=\"http:\/\/www.economatsector5.ro\/\">www.economatsector5.ro<\/a><\/cite><\/blockquote>\n\n\n\n<p>Pentru aceast\u0103 achizi\u021bie s-a f\u0103cut invita\u021bie de ofertare, conform c\u0103reia valoarea estimat\u0103 a contractului este de 10 milioane de EURO, iar o tablet\u0103 ajunge la aproximativ 1.700 lei. Procesul nu a fost deloc transparent, achizi\u021bia fiind absent\u0103 de pe platforma de licita\u021bie SICAP sau pe site-ul prim\u0103riei. Mai mult, la momentul respectiv prim\u0103ria nu a vrut s\u0103 discute cu reporterii Bulein de Bucure\u0219ti, iar Doamna Carmen care se ocup\u0103 de achizi\u021bii ne-a \u00eenchis telefonul dup\u0103 ce a aflat c\u0103 suntem reporteri la Buletin de Bucure\u0219ti pe motiv c\u0103 e ocupat\u0103. <\/p>\n\n\n\n<h4 class=\"wp-block-heading\"><strong>\u00cen cele din urm\u0103, Buletin de Bucure\u0219ti a aflat ce firm\u0103 st\u0103 \u00een spatele acestui contract de peste 10 milioane de euro. <\/strong><\/h4>\n\n\n\n<p>DAP Team &amp; Partners,  o firm\u0103  cu sediul \u00eentr-un apartament de pe strada Doamna Ghica din Sectorul2 \u0219i \u00eenfiin\u021bat\u0103 cu doar nou\u0103 luni \u00eenainte de a primi acest contract de la Prim\u0103ria Sector 5, care nu are angaja\u021bi \u0219i tr\u0103ie\u0219te doar din contracte cu statul. Pe h\u00e2rtie firma face consultan\u021b\u0103 \u00een management \u0219i apar\u021bine br\u0103ileanului Petrov Daniel.<\/p>\n\n\n\n<p>\u00cen septembrie l-am sunat pe patronul firmei care a c\u00e2\u0219tigat contractul de 10 milioane de EURO pentru tablete. Nu a dorit s\u0103 discute nimic legat de acest subiect.<\/p>\n\n\n\n<figure class=\"wp-block-pullquote\"><blockquote><p>Reporter:&nbsp;<em>V-am sunat s\u0103 discut\u0103m despre o achizi\u021bie f\u0103cut\u0103 de firma dumneavoastr\u0103, DAP Team &amp; Partners, cu Prim\u0103ria Sectorului 5, pentru tablete.<\/em><br><br>Daniel Petrov:&nbsp;<em>Ok.<\/em><br><br>R:<em>&nbsp;Cum a\u021bi aflat de aceast\u0103 licita\u021bie? Pentru c\u0103 nu este public\u0103.<\/em><br><br>D.P.:&nbsp;<em>Nu vreau s\u0103 fac niciun comentariu.<\/em><br><br>R:&nbsp;<em>Ok. Deci nu \u0219ti\u021bi cum a\u021bi aflat?<\/em><br><br>D.P:&nbsp;<em>\u0218tiu cum am aflat, dar nu vreau s\u0103 comentez nimic.<\/em><\/p><\/blockquote><\/figure>\n\n\n\n<p>Investiga\u021bia Buletin de Bucure\u0219ti din Septembrie a fost scris\u0103 de Bianca Albu cu contribu\u021bia lui Florin R\u00e2\u0219teiu<\/p>\n\n\n\n<p>Sursa Foto: Facebook\/Daniel Florea <\/p>\n","protected":false},"excerpt":{"rendered":"<p>Pe 15 aprilie Prim\u0103ria Sector 5 oferea peste 10 milioane de euro pentru tablete unei firme f\u0103r\u0103 angaja\u021bi \u0219i care avea doar nou\u0103 luni de existen\u021b\u0103. Achzi\u021bia a fost \u201eorchestrat\u0103\u201d de Economat Sector 5, frim\u0103 condus\u0103 de un apropiat al lui Marian Vanghelie. Cele 33 mii de tablete urmau s\u0103 ajung\u0103 la elevii Sectorului 5. [&hellip;]<\/p>\n","protected":false},"author":17,"featured_media":15485,"comment_status":"closed","ping_status":"open","sticky":false,"template":"","format":"standard","meta":{"_acf_changed":false,"inline_featured_image":false,"ngg_post_thumbnail":0,"footnotes":""},"categories":[1585],"tags":[221,875,1573],"ppma_author":[22576],"class_list":["post-15480","post","type-post","status-publish","format-standard","has-post-thumbnail","hentry","category-buletin-de-bucuresti-in-pandemie","tag-daniel-florea","tag-dna","tag-tablete"],"acf":[],"yoast_head":"<!-- This site is optimized with the Yoast SEO Premium plugin v25.3 (Yoast SEO v27.4) - https:\/\/yoast.com\/product\/yoast-seo-premium-wordpress\/ -->\n<title>10 milioane de euro pe tablete unei firme f\u0103r\u0103 angaja\u021bi \u0219i 9 luni de existen\u021b\u0103, afacerea pentru care Daniel Florea este audiat de DNA - Buletin de Bucure\u0219ti<\/title>\n<meta name=\"robots\" content=\"index, follow, max-snippet:-1, max-image-preview:large, max-video-preview:-1\" \/>\n<link rel=\"canonical\" href=\"https:\/\/buletin.de\/bucuresti\/10-milioane-de-euro-pe-tablete-unei-firme-fara-angajati-si-9-luni-de-existenta-afacerea-pentru-care-daniel-florea-este-audiat-de-dna\/\" \/>\n<meta property=\"og:locale\" content=\"en_GB\" \/>\n<meta property=\"og:type\" content=\"article\" \/>\n<meta property=\"og:title\" content=\"10 milioane de euro pe tablete unei firme f\u0103r\u0103 angaja\u021bi \u0219i 9 luni de existen\u021b\u0103, afacerea pentru care Daniel Florea este audiat de DNA\" \/>\n<meta property=\"og:description\" content=\"Pe 15 aprilie Prim\u0103ria Sector 5 oferea peste 10 milioane de euro pentru tablete unei firme f\u0103r\u0103 angaja\u021bi \u0219i care avea doar nou\u0103 luni de existen\u021b\u0103. Achzi\u021bia a fost \u201eorchestrat\u0103\u201d de Economat Sector 5, frim\u0103 condus\u0103 de un apropiat al lui Marian Vanghelie. Cele 33 mii de tablete urmau s\u0103 ajung\u0103 la elevii Sectorului 5. [&hellip;]\" \/>\n<meta property=\"og:url\" content=\"https:\/\/buletin.de\/bucuresti\/10-milioane-de-euro-pe-tablete-unei-firme-fara-angajati-si-9-luni-de-existenta-afacerea-pentru-care-daniel-florea-este-audiat-de-dna\/\" \/>\n<meta property=\"og:site_name\" content=\"Buletin de Bucure\u0219ti\" \/>\n<meta property=\"article:publisher\" content=\"https:\/\/www.facebook.com\/buletin.de.buc\" \/>\n<meta property=\"article:published_time\" content=\"2020-11-19T17:45:32+00:00\" \/>\n<meta property=\"article:modified_time\" content=\"2020-11-19T17:45:33+00:00\" \/>\n<meta property=\"og:image\" content=\"https:\/\/buletin.de\/bucuresti\/wp-content\/uploads\/87775473_2515081822099275_5686464780676628480_o-2.jpg\" \/>\n\t<meta property=\"og:image:width\" content=\"1600\" \/>\n\t<meta property=\"og:image:height\" content=\"1066\" \/>\n\t<meta property=\"og:image:type\" content=\"image\/jpeg\" \/>\n<meta name=\"author\" content=\"Florin R\u00e2\u0219teiu\" \/>\n<meta name=\"twitter:card\" content=\"summary_large_image\" \/>\n<meta name=\"twitter:label1\" content=\"Written by\" \/>\n\t<meta name=\"twitter:data1\" content=\"Florin R\u00e2\u0219teiu\" \/>\n\t<meta name=\"twitter:label2\" content=\"Estimated reading time\" \/>\n\t<meta name=\"twitter:data2\" content=\"2 minutes\" \/>\n<script type=\"application\/ld+json\" class=\"yoast-schema-graph\">{\"@context\":\"https:\\\/\\\/schema.org\",\"@graph\":[{\"@type\":\"Article\",\"@id\":\"https:\\\/\\\/buletin.de\\\/bucuresti\\\/10-milioane-de-euro-pe-tablete-unei-firme-fara-angajati-si-9-luni-de-existenta-afacerea-pentru-care-daniel-florea-este-audiat-de-dna\\\/#article\",\"isPartOf\":{\"@id\":\"https:\\\/\\\/buletin.de\\\/bucuresti\\\/10-milioane-de-euro-pe-tablete-unei-firme-fara-angajati-si-9-luni-de-existenta-afacerea-pentru-care-daniel-florea-este-audiat-de-dna\\\/\"},\"author\":{\"name\":\"Florin R\u00e2\u0219teiu\",\"@id\":\"https:\\\/\\\/buletin.de\\\/bucuresti\\\/#\\\/schema\\\/person\\\/b0686d7a8b666c6afc78239777fd8a89\"},\"headline\":\"10 milioane de euro pe tablete unei firme f\u0103r\u0103 angaja\u021bi \u0219i 9 luni de existen\u021b\u0103, afacerea pentru care Daniel Florea este audiat de DNA\",\"datePublished\":\"2020-11-19T17:45:32+00:00\",\"dateModified\":\"2020-11-19T17:45:33+00:00\",\"mainEntityOfPage\":{\"@id\":\"https:\\\/\\\/buletin.de\\\/bucuresti\\\/10-milioane-de-euro-pe-tablete-unei-firme-fara-angajati-si-9-luni-de-existenta-afacerea-pentru-care-daniel-florea-este-audiat-de-dna\\\/\"},\"wordCount\":513,\"publisher\":{\"@id\":\"https:\\\/\\\/buletin.de\\\/bucuresti\\\/#organization\"},\"image\":{\"@id\":\"https:\\\/\\\/buletin.de\\\/bucuresti\\\/10-milioane-de-euro-pe-tablete-unei-firme-fara-angajati-si-9-luni-de-existenta-afacerea-pentru-care-daniel-florea-este-audiat-de-dna\\\/#primaryimage\"},\"thumbnailUrl\":\"https:\\\/\\\/buletin.de\\\/bucuresti\\\/wp-content\\\/uploads\\\/87775473_2515081822099275_5686464780676628480_o-2.jpg\",\"keywords\":[\"daniel florea\",\"dna\",\"tablete\"],\"articleSection\":[\"Buletin de Bucure\u0219ti \u00een pandemie\"],\"inLanguage\":\"en-GB\",\"copyrightYear\":\"2020\",\"copyrightHolder\":{\"@id\":\"https:\\\/\\\/buletin.de\\\/bucuresti\\\/#organization\"}},{\"@type\":\"WebPage\",\"@id\":\"https:\\\/\\\/buletin.de\\\/bucuresti\\\/10-milioane-de-euro-pe-tablete-unei-firme-fara-angajati-si-9-luni-de-existenta-afacerea-pentru-care-daniel-florea-este-audiat-de-dna\\\/\",\"url\":\"https:\\\/\\\/buletin.de\\\/bucuresti\\\/10-milioane-de-euro-pe-tablete-unei-firme-fara-angajati-si-9-luni-de-existenta-afacerea-pentru-care-daniel-florea-este-audiat-de-dna\\\/\",\"name\":\"10 milioane de euro pe tablete unei firme f\u0103r\u0103 angaja\u021bi \u0219i 9 luni de existen\u021b\u0103, afacerea pentru care Daniel Florea este audiat de DNA - Buletin de Bucure\u0219ti\",\"isPartOf\":{\"@id\":\"https:\\\/\\\/buletin.de\\\/bucuresti\\\/#website\"},\"primaryImageOfPage\":{\"@id\":\"https:\\\/\\\/buletin.de\\\/bucuresti\\\/10-milioane-de-euro-pe-tablete-unei-firme-fara-angajati-si-9-luni-de-existenta-afacerea-pentru-care-daniel-florea-este-audiat-de-dna\\\/#primaryimage\"},\"image\":{\"@id\":\"https:\\\/\\\/buletin.de\\\/bucuresti\\\/10-milioane-de-euro-pe-tablete-unei-firme-fara-angajati-si-9-luni-de-existenta-afacerea-pentru-care-daniel-florea-este-audiat-de-dna\\\/#primaryimage\"},\"thumbnailUrl\":\"https:\\\/\\\/buletin.de\\\/bucuresti\\\/wp-content\\\/uploads\\\/87775473_2515081822099275_5686464780676628480_o-2.jpg\",\"datePublished\":\"2020-11-19T17:45:32+00:00\",\"dateModified\":\"2020-11-19T17:45:33+00:00\",\"breadcrumb\":{\"@id\":\"https:\\\/\\\/buletin.de\\\/bucuresti\\\/10-milioane-de-euro-pe-tablete-unei-firme-fara-angajati-si-9-luni-de-existenta-afacerea-pentru-care-daniel-florea-este-audiat-de-dna\\\/#breadcrumb\"},\"inLanguage\":\"en-GB\",\"potentialAction\":[{\"@type\":\"ReadAction\",\"target\":[\"https:\\\/\\\/buletin.de\\\/bucuresti\\\/10-milioane-de-euro-pe-tablete-unei-firme-fara-angajati-si-9-luni-de-existenta-afacerea-pentru-care-daniel-florea-este-audiat-de-dna\\\/\"]}]},{\"@type\":\"ImageObject\",\"inLanguage\":\"en-GB\",\"@id\":\"https:\\\/\\\/buletin.de\\\/bucuresti\\\/10-milioane-de-euro-pe-tablete-unei-firme-fara-angajati-si-9-luni-de-existenta-afacerea-pentru-care-daniel-florea-este-audiat-de-dna\\\/#primaryimage\",\"url\":\"https:\\\/\\\/buletin.de\\\/bucuresti\\\/wp-content\\\/uploads\\\/87775473_2515081822099275_5686464780676628480_o-2.jpg\",\"contentUrl\":\"https:\\\/\\\/buletin.de\\\/bucuresti\\\/wp-content\\\/uploads\\\/87775473_2515081822099275_5686464780676628480_o-2.jpg\",\"width\":1600,\"height\":1066},{\"@type\":\"BreadcrumbList\",\"@id\":\"https:\\\/\\\/buletin.de\\\/bucuresti\\\/10-milioane-de-euro-pe-tablete-unei-firme-fara-angajati-si-9-luni-de-existenta-afacerea-pentru-care-daniel-florea-este-audiat-de-dna\\\/#breadcrumb\",\"itemListElement\":[{\"@type\":\"ListItem\",\"position\":1,\"name\":\"Acas\u0103\",\"item\":\"https:\\\/\\\/buletin.de\\\/bucuresti\\\/\"},{\"@type\":\"ListItem\",\"position\":2,\"name\":\"10 milioane de euro pe tablete unei firme f\u0103r\u0103 angaja\u021bi \u0219i 9 luni de existen\u021b\u0103, afacerea pentru care Daniel Florea este audiat de DNA\"}]},{\"@type\":\"WebSite\",\"@id\":\"https:\\\/\\\/buletin.de\\\/bucuresti\\\/#website\",\"url\":\"https:\\\/\\\/buletin.de\\\/bucuresti\\\/\",\"name\":\"Buletin de Bucure\u0219ti\",\"description\":\"\u0218tiri \u0219i investiga\u021bii esen\u021biale din capital\u0103\",\"publisher\":{\"@id\":\"https:\\\/\\\/buletin.de\\\/bucuresti\\\/#organization\"},\"potentialAction\":[{\"@type\":\"SearchAction\",\"target\":{\"@type\":\"EntryPoint\",\"urlTemplate\":\"https:\\\/\\\/buletin.de\\\/bucuresti\\\/?s={search_term_string}\"},\"query-input\":{\"@type\":\"PropertyValueSpecification\",\"valueRequired\":true,\"valueName\":\"search_term_string\"}}],\"inLanguage\":\"en-GB\"},{\"@type\":\"Organization\",\"@id\":\"https:\\\/\\\/buletin.de\\\/bucuresti\\\/#organization\",\"name\":\"Buletin de Bucure\u0219ti\",\"url\":\"https:\\\/\\\/buletin.de\\\/bucuresti\\\/\",\"logo\":{\"@type\":\"ImageObject\",\"inLanguage\":\"en-GB\",\"@id\":\"https:\\\/\\\/buletin.de\\\/bucuresti\\\/#\\\/schema\\\/logo\\\/image\\\/\",\"url\":\"https:\\\/\\\/buletin.de\\\/bucuresti\\\/wp-content\\\/uploads\\\/logo-bdb-full-wide-vernil-transparent.png\",\"contentUrl\":\"https:\\\/\\\/buletin.de\\\/bucuresti\\\/wp-content\\\/uploads\\\/logo-bdb-full-wide-vernil-transparent.png\",\"width\":1782,\"height\":626,\"caption\":\"Buletin de Bucure\u0219ti\"},\"image\":{\"@id\":\"https:\\\/\\\/buletin.de\\\/bucuresti\\\/#\\\/schema\\\/logo\\\/image\\\/\"},\"sameAs\":[\"https:\\\/\\\/www.facebook.com\\\/buletin.de.buc\",\"https:\\\/\\\/www.instagram.com\\\/buletinde.bucuresti\\\/\"]},{\"@type\":\"Person\",\"@id\":\"https:\\\/\\\/buletin.de\\\/bucuresti\\\/#\\\/schema\\\/person\\\/b0686d7a8b666c6afc78239777fd8a89\",\"name\":\"Florin R\u00e2\u0219teiu\",\"image\":{\"@type\":\"ImageObject\",\"inLanguage\":\"en-GB\",\"@id\":\"https:\\\/\\\/buletin.de\\\/bucuresti\\\/wp-content\\\/uploads\\\/Florin-Rasteiu-96x96.jpgf0a6fe28453aa12f0a60e4d0a2e3a78c\",\"url\":\"https:\\\/\\\/buletin.de\\\/bucuresti\\\/wp-content\\\/uploads\\\/Florin-Rasteiu-96x96.jpg\",\"contentUrl\":\"https:\\\/\\\/buletin.de\\\/bucuresti\\\/wp-content\\\/uploads\\\/Florin-Rasteiu-96x96.jpg\",\"caption\":\"Florin R\u00e2\u0219teiu\"},\"description\":\"Jurnalist de investiga\u021bie. Lucreaz\u0103 de aproape 6 ani la Buletin de Bucure\u0219ti, unde a publicat articole care scot la suprafa\u021b\u0103 corup\u021bia din Capital\u0103. Analizeaz\u0103 baze de date zilnic \u0219i scoate pove\u0219ti din exceluri pline de cifre. Pune reflectorul pe adev\u0103r cu fiecare ocazie. A c\u00e2\u0219tigat premiul I la categoria Pres\u0103 Local\u0103 \u00een 2025 \u0219i locul al II-lea la aceea\u0219i categorie \u00een 2024 \u00een cadrul Premiilor Superscrieri pentru jurnalism independent.\",\"url\":\"https:\\\/\\\/buletin.de\\\/bucuresti\\\/author\\\/florinrasteiu\\\/\"}]}<\/script>\n<!-- \/ Yoast SEO Premium plugin. -->","yoast_head_json":{"title":"10 milioane de euro pe tablete unei firme f\u0103r\u0103 angaja\u021bi \u0219i 9 luni de existen\u021b\u0103, afacerea pentru care Daniel Florea este audiat de DNA - Buletin de Bucure\u0219ti","robots":{"index":"index","follow":"follow","max-snippet":"max-snippet:-1","max-image-preview":"max-image-preview:large","max-video-preview":"max-video-preview:-1"},"canonical":"https:\/\/buletin.de\/bucuresti\/10-milioane-de-euro-pe-tablete-unei-firme-fara-angajati-si-9-luni-de-existenta-afacerea-pentru-care-daniel-florea-este-audiat-de-dna\/","og_locale":"en_GB","og_type":"article","og_title":"10 milioane de euro pe tablete unei firme f\u0103r\u0103 angaja\u021bi \u0219i 9 luni de existen\u021b\u0103, afacerea pentru care Daniel Florea este audiat de DNA","og_description":"Pe 15 aprilie Prim\u0103ria Sector 5 oferea peste 10 milioane de euro pentru tablete unei firme f\u0103r\u0103 angaja\u021bi \u0219i care avea doar nou\u0103 luni de existen\u021b\u0103. Achzi\u021bia a fost \u201eorchestrat\u0103\u201d de Economat Sector 5, frim\u0103 condus\u0103 de un apropiat al lui Marian Vanghelie. Cele 33 mii de tablete urmau s\u0103 ajung\u0103 la elevii Sectorului 5. [&hellip;]","og_url":"https:\/\/buletin.de\/bucuresti\/10-milioane-de-euro-pe-tablete-unei-firme-fara-angajati-si-9-luni-de-existenta-afacerea-pentru-care-daniel-florea-este-audiat-de-dna\/","og_site_name":"Buletin de Bucure\u0219ti","article_publisher":"https:\/\/www.facebook.com\/buletin.de.buc","article_published_time":"2020-11-19T17:45:32+00:00","article_modified_time":"2020-11-19T17:45:33+00:00","og_image":[{"width":1600,"height":1066,"url":"https:\/\/buletin.de\/bucuresti\/wp-content\/uploads\/87775473_2515081822099275_5686464780676628480_o-2.jpg","type":"image\/jpeg"}],"author":"Florin R\u00e2\u0219teiu","twitter_card":"summary_large_image","twitter_misc":{"Written by":"Florin R\u00e2\u0219teiu","Estimated reading time":"2 minutes"},"schema":{"@context":"https:\/\/schema.org","@graph":[{"@type":"Article","@id":"https:\/\/buletin.de\/bucuresti\/10-milioane-de-euro-pe-tablete-unei-firme-fara-angajati-si-9-luni-de-existenta-afacerea-pentru-care-daniel-florea-este-audiat-de-dna\/#article","isPartOf":{"@id":"https:\/\/buletin.de\/bucuresti\/10-milioane-de-euro-pe-tablete-unei-firme-fara-angajati-si-9-luni-de-existenta-afacerea-pentru-care-daniel-florea-este-audiat-de-dna\/"},"author":{"name":"Florin R\u00e2\u0219teiu","@id":"https:\/\/buletin.de\/bucuresti\/#\/schema\/person\/b0686d7a8b666c6afc78239777fd8a89"},"headline":"10 milioane de euro pe tablete unei firme f\u0103r\u0103 angaja\u021bi \u0219i 9 luni de existen\u021b\u0103, afacerea pentru care Daniel Florea este audiat de DNA","datePublished":"2020-11-19T17:45:32+00:00","dateModified":"2020-11-19T17:45:33+00:00","mainEntityOfPage":{"@id":"https:\/\/buletin.de\/bucuresti\/10-milioane-de-euro-pe-tablete-unei-firme-fara-angajati-si-9-luni-de-existenta-afacerea-pentru-care-daniel-florea-este-audiat-de-dna\/"},"wordCount":513,"publisher":{"@id":"https:\/\/buletin.de\/bucuresti\/#organization"},"image":{"@id":"https:\/\/buletin.de\/bucuresti\/10-milioane-de-euro-pe-tablete-unei-firme-fara-angajati-si-9-luni-de-existenta-afacerea-pentru-care-daniel-florea-este-audiat-de-dna\/#primaryimage"},"thumbnailUrl":"https:\/\/buletin.de\/bucuresti\/wp-content\/uploads\/87775473_2515081822099275_5686464780676628480_o-2.jpg","keywords":["daniel florea","dna","tablete"],"articleSection":["Buletin de Bucure\u0219ti \u00een pandemie"],"inLanguage":"en-GB","copyrightYear":"2020","copyrightHolder":{"@id":"https:\/\/buletin.de\/bucuresti\/#organization"}},{"@type":"WebPage","@id":"https:\/\/buletin.de\/bucuresti\/10-milioane-de-euro-pe-tablete-unei-firme-fara-angajati-si-9-luni-de-existenta-afacerea-pentru-care-daniel-florea-este-audiat-de-dna\/","url":"https:\/\/buletin.de\/bucuresti\/10-milioane-de-euro-pe-tablete-unei-firme-fara-angajati-si-9-luni-de-existenta-afacerea-pentru-care-daniel-florea-este-audiat-de-dna\/","name":"10 milioane de euro pe tablete unei firme f\u0103r\u0103 angaja\u021bi \u0219i 9 luni de existen\u021b\u0103, afacerea pentru care Daniel Florea este audiat de DNA - Buletin de Bucure\u0219ti","isPartOf":{"@id":"https:\/\/buletin.de\/bucuresti\/#website"},"primaryImageOfPage":{"@id":"https:\/\/buletin.de\/bucuresti\/10-milioane-de-euro-pe-tablete-unei-firme-fara-angajati-si-9-luni-de-existenta-afacerea-pentru-care-daniel-florea-este-audiat-de-dna\/#primaryimage"},"image":{"@id":"https:\/\/buletin.de\/bucuresti\/10-milioane-de-euro-pe-tablete-unei-firme-fara-angajati-si-9-luni-de-existenta-afacerea-pentru-care-daniel-florea-este-audiat-de-dna\/#primaryimage"},"thumbnailUrl":"https:\/\/buletin.de\/bucuresti\/wp-content\/uploads\/87775473_2515081822099275_5686464780676628480_o-2.jpg","datePublished":"2020-11-19T17:45:32+00:00","dateModified":"2020-11-19T17:45:33+00:00","breadcrumb":{"@id":"https:\/\/buletin.de\/bucuresti\/10-milioane-de-euro-pe-tablete-unei-firme-fara-angajati-si-9-luni-de-existenta-afacerea-pentru-care-daniel-florea-este-audiat-de-dna\/#breadcrumb"},"inLanguage":"en-GB","potentialAction":[{"@type":"ReadAction","target":["https:\/\/buletin.de\/bucuresti\/10-milioane-de-euro-pe-tablete-unei-firme-fara-angajati-si-9-luni-de-existenta-afacerea-pentru-care-daniel-florea-este-audiat-de-dna\/"]}]},{"@type":"ImageObject","inLanguage":"en-GB","@id":"https:\/\/buletin.de\/bucuresti\/10-milioane-de-euro-pe-tablete-unei-firme-fara-angajati-si-9-luni-de-existenta-afacerea-pentru-care-daniel-florea-este-audiat-de-dna\/#primaryimage","url":"https:\/\/buletin.de\/bucuresti\/wp-content\/uploads\/87775473_2515081822099275_5686464780676628480_o-2.jpg","contentUrl":"https:\/\/buletin.de\/bucuresti\/wp-content\/uploads\/87775473_2515081822099275_5686464780676628480_o-2.jpg","width":1600,"height":1066},{"@type":"BreadcrumbList","@id":"https:\/\/buletin.de\/bucuresti\/10-milioane-de-euro-pe-tablete-unei-firme-fara-angajati-si-9-luni-de-existenta-afacerea-pentru-care-daniel-florea-este-audiat-de-dna\/#breadcrumb","itemListElement":[{"@type":"ListItem","position":1,"name":"Acas\u0103","item":"https:\/\/buletin.de\/bucuresti\/"},{"@type":"ListItem","position":2,"name":"10 milioane de euro pe tablete unei firme f\u0103r\u0103 angaja\u021bi \u0219i 9 luni de existen\u021b\u0103, afacerea pentru care Daniel Florea este audiat de DNA"}]},{"@type":"WebSite","@id":"https:\/\/buletin.de\/bucuresti\/#website","url":"https:\/\/buletin.de\/bucuresti\/","name":"Buletin de Bucure\u0219ti","description":"\u0218tiri \u0219i investiga\u021bii esen\u021biale din capital\u0103","publisher":{"@id":"https:\/\/buletin.de\/bucuresti\/#organization"},"potentialAction":[{"@type":"SearchAction","target":{"@type":"EntryPoint","urlTemplate":"https:\/\/buletin.de\/bucuresti\/?s={search_term_string}"},"query-input":{"@type":"PropertyValueSpecification","valueRequired":true,"valueName":"search_term_string"}}],"inLanguage":"en-GB"},{"@type":"Organization","@id":"https:\/\/buletin.de\/bucuresti\/#organization","name":"Buletin de Bucure\u0219ti","url":"https:\/\/buletin.de\/bucuresti\/","logo":{"@type":"ImageObject","inLanguage":"en-GB","@id":"https:\/\/buletin.de\/bucuresti\/#\/schema\/logo\/image\/","url":"https:\/\/buletin.de\/bucuresti\/wp-content\/uploads\/logo-bdb-full-wide-vernil-transparent.png","contentUrl":"https:\/\/buletin.de\/bucuresti\/wp-content\/uploads\/logo-bdb-full-wide-vernil-transparent.png","width":1782,"height":626,"caption":"Buletin de Bucure\u0219ti"},"image":{"@id":"https:\/\/buletin.de\/bucuresti\/#\/schema\/logo\/image\/"},"sameAs":["https:\/\/www.facebook.com\/buletin.de.buc","https:\/\/www.instagram.com\/buletinde.bucuresti\/"]},{"@type":"Person","@id":"https:\/\/buletin.de\/bucuresti\/#\/schema\/person\/b0686d7a8b666c6afc78239777fd8a89","name":"Florin R\u00e2\u0219teiu","image":{"@type":"ImageObject","inLanguage":"en-GB","@id":"https:\/\/buletin.de\/bucuresti\/wp-content\/uploads\/Florin-Rasteiu-96x96.jpgf0a6fe28453aa12f0a60e4d0a2e3a78c","url":"https:\/\/buletin.de\/bucuresti\/wp-content\/uploads\/Florin-Rasteiu-96x96.jpg","contentUrl":"https:\/\/buletin.de\/bucuresti\/wp-content\/uploads\/Florin-Rasteiu-96x96.jpg","caption":"Florin R\u00e2\u0219teiu"},"description":"Jurnalist de investiga\u021bie. Lucreaz\u0103 de aproape 6 ani la Buletin de Bucure\u0219ti, unde a publicat articole care scot la suprafa\u021b\u0103 corup\u021bia din Capital\u0103. Analizeaz\u0103 baze de date zilnic \u0219i scoate pove\u0219ti din exceluri pline de cifre. Pune reflectorul pe adev\u0103r cu fiecare ocazie. A c\u00e2\u0219tigat premiul I la categoria Pres\u0103 Local\u0103 \u00een 2025 \u0219i locul al II-lea la aceea\u0219i categorie \u00een 2024 \u00een cadrul Premiilor Superscrieri pentru jurnalism independent.","url":"https:\/\/buletin.de\/bucuresti\/author\/florinrasteiu\/"}]}},"authors":[{"term_id":22576,"user_id":17,"is_guest":0,"slug":"florinrasteiu","display_name":"Florin R\u00e2\u0219teiu","avatar_url":"https:\/\/buletin.de\/bucuresti\/wp-content\/uploads\/Florin-Rasteiu-96x96.jpg","0":null,"1":"","2":"","3":"","4":"","5":"","6":"","7":"","8":""}],"_links":{"self":[{"href":"https:\/\/buletin.de\/bucuresti\/wp-json\/wp\/v2\/posts\/15480","targetHints":{"allow":["GET"]}}],"collection":[{"href":"https:\/\/buletin.de\/bucuresti\/wp-json\/wp\/v2\/posts"}],"about":[{"href":"https:\/\/buletin.de\/bucuresti\/wp-json\/wp\/v2\/types\/post"}],"author":[{"embeddable":true,"href":"https:\/\/buletin.de\/bucuresti\/wp-json\/wp\/v2\/users\/17"}],"replies":[{"embeddable":true,"href":"https:\/\/buletin.de\/bucuresti\/wp-json\/wp\/v2\/comments?post=15480"}],"version-history":[{"count":3,"href":"https:\/\/buletin.de\/bucuresti\/wp-json\/wp\/v2\/posts\/15480\/revisions"}],"predecessor-version":[{"id":15487,"href":"https:\/\/buletin.de\/bucuresti\/wp-json\/wp\/v2\/posts\/15480\/revisions\/15487"}],"wp:featuredmedia":[{"embeddable":true,"href":"https:\/\/buletin.de\/bucuresti\/wp-json\/wp\/v2\/media\/15485"}],"wp:attachment":[{"href":"https:\/\/buletin.de\/bucuresti\/wp-json\/wp\/v2\/media?parent=15480"}],"wp:term":[{"taxonomy":"category","embeddable":true,"href":"https:\/\/buletin.de\/bucuresti\/wp-json\/wp\/v2\/categories?post=15480"},{"taxonomy":"post_tag","embeddable":true,"href":"https:\/\/buletin.de\/bucuresti\/wp-json\/wp\/v2\/tags?post=15480"},{"taxonomy":"author","embeddable":true,"href":"https:\/\/buletin.de\/bucuresti\/wp-json\/wp\/v2\/ppma_author?post=15480"}],"curies":[{"name":"wp","href":"https:\/\/api.w.org\/{rel}","templated":true}]}}